{"id":517,"count":6,"description":"\u00bfBusca ideas sobre d\u00f3nde ir de vacaciones? Eche un vistazo a nuestras selecciones mes a mes en nuestro blog de viajes, que le ayudar\u00e1n a planificar sus pr\u00f3ximas vacaciones.","link":"https:\/\/decouvrirensemble.com\/es\/donde-viajar","name":"\u00bfD\u00f3nde viajar?","slug":"donde-viajar","taxonomy":"category","parent":0,"meta":[],"acf":[],"yoast_head":"<!-- This site is optimized with the Yoast SEO plugin v27.4 - https:\/\/yoast.com\/product\/yoast-seo-wordpress\/ -->\n<title>\u00bfA d\u00f3nde ir de vacaciones? Ideas mes a mes - blog de viajes<\/title>\n<meta name=\"description\" content=\"\u00bfBuscas ideas sobre d\u00f3nde ir de vacaciones? \u00a1Echa un vistazo a nuestras selecciones mes a mes en nuestro blog para organizar tus pr\u00f3ximos viajes!\" \/>\n<meta name=\"robots\" content=\"index, follow, max-snippet:-1, max-image-preview:large, max-video-preview:-1\" \/>\n<link rel=\"canonical\" href=\"https:\/\/decouvrirensemble.com\/es\/donde-viajar\" \/>\n<meta property=\"og:locale\" content=\"es_ES\" \/>\n<meta property=\"og:type\" content=\"article\" \/>\n<meta property=\"og:title\" content=\"\u00bfA d\u00f3nde ir de vacaciones? Ideas mes a mes - blog de viajes\" \/>\n<meta property=\"og:description\" content=\"\u00bfBuscas ideas sobre d\u00f3nde ir de vacaciones? \u00a1Echa un vistazo a nuestras selecciones mes a mes en nuestro blog para organizar tus pr\u00f3ximos viajes!\" \/>\n<meta property=\"og:url\" content=\"https:\/\/decouvrirensemble.com\/es\/donde-viajar\" \/>\n<meta property=\"og:site_name\" content=\"Blog Voyage - D\u00e9couvrir Ensemble\" \/>\n<meta name=\"twitter:card\" content=\"summary_large_image\" \/>\n<meta name=\"twitter:site\" content=\"@dcouvrirensmble\" \/>\n<script type=\"application\/ld+json\" class=\"yoast-schema-graph\">{\"@context\":\"https:\\\/\\\/schema.org\",\"@graph\":[{\"@type\":\"CollectionPage\",\"@id\":\"https:\\\/\\\/decouvrirensemble.com\\\/es\\\/donde-viajar\",\"url\":\"https:\\\/\\\/decouvrirensemble.com\\\/es\\\/donde-viajar\",\"name\":\"\u00bfA d\u00f3nde ir de vacaciones? Ideas mes a mes - blog de viajes\",\"isPartOf\":{\"@id\":\"https:\\\/\\\/decouvrirensemble.com\\\/es#website\"},\"description\":\"\u00bfBuscas ideas sobre d\u00f3nde ir de vacaciones? \u00a1Echa un vistazo a nuestras selecciones mes a mes en nuestro blog para organizar tus pr\u00f3ximos viajes!\",\"breadcrumb\":{\"@id\":\"https:\\\/\\\/decouvrirensemble.com\\\/es\\\/donde-viajar#breadcrumb\"},\"inLanguage\":\"es\"},{\"@type\":\"BreadcrumbList\",\"@id\":\"https:\\\/\\\/decouvrirensemble.com\\\/es\\\/donde-viajar#breadcrumb\",\"itemListElement\":[{\"@type\":\"ListItem\",\"position\":1,\"name\":\"Accueil\",\"item\":\"https:\\\/\\\/decouvrirensemble.com\\\/es\"},{\"@type\":\"ListItem\",\"position\":2,\"name\":\"\u00bfD\u00f3nde viajar?\"}]},{\"@type\":\"WebSite\",\"@id\":\"https:\\\/\\\/decouvrirensemble.com\\\/es#website\",\"url\":\"https:\\\/\\\/decouvrirensemble.com\\\/es\",\"name\":\"Blog Voyage - D\u00e9couvrir Ensemble\",\"description\":\"Le Blog Voyage de Clem et Alex\",\"publisher\":{\"@id\":\"https:\\\/\\\/decouvrirensemble.com\\\/es#\\\/schema\\\/person\\\/a53efd44d02eb7f9ab90f96e84a9d2ba\"},\"potentialAction\":[{\"@type\":\"SearchAction\",\"target\":{\"@type\":\"EntryPoint\",\"urlTemplate\":\"https:\\\/\\\/decouvrirensemble.com\\\/es?s={search_term_string}\"},\"query-input\":{\"@type\":\"PropertyValueSpecification\",\"valueRequired\":true,\"valueName\":\"search_term_string\"}}],\"inLanguage\":\"es\"},{\"@type\":[\"Person\",\"Organization\"],\"@id\":\"https:\\\/\\\/decouvrirensemble.com\\\/es#\\\/schema\\\/person\\\/a53efd44d02eb7f9ab90f96e84a9d2ba\",\"name\":\"Cl\u00e9mence &amp; Alexandre\",\"image\":{\"@type\":\"ImageObject\",\"inLanguage\":\"es\",\"@id\":\"https:\\\/\\\/decouvrirensemble.com\\\/wp-content\\\/uploads\\\/2024\\\/04\\\/logo-decouvrir-ensemble-blog-voyage.jpg\",\"url\":\"https:\\\/\\\/decouvrirensemble.com\\\/wp-content\\\/uploads\\\/2024\\\/04\\\/logo-decouvrir-ensemble-blog-voyage.jpg\",\"contentUrl\":\"https:\\\/\\\/decouvrirensemble.com\\\/wp-content\\\/uploads\\\/2024\\\/04\\\/logo-decouvrir-ensemble-blog-voyage.jpg\",\"width\":1563,\"height\":529,\"caption\":\"Cl\u00e9mence &amp; Alexandre\"},\"logo\":{\"@id\":\"https:\\\/\\\/decouvrirensemble.com\\\/wp-content\\\/uploads\\\/2024\\\/04\\\/logo-decouvrir-ensemble-blog-voyage.jpg\"},\"sameAs\":[\"https:\\\/\\\/decouvrirensemble.com\\\/\"]}]}<\/script>\n<!-- \/ Yoast SEO plugin. -->","yoast_head_json":{"title":"\u00bfA d\u00f3nde ir de vacaciones? Ideas mes a mes - blog de viajes","description":"\u00bfBuscas ideas sobre d\u00f3nde ir de vacaciones? \u00a1Echa un vistazo a nuestras selecciones mes a mes en nuestro blog para organizar tus pr\u00f3ximos viajes!","robots":{"index":"index","follow":"follow","max-snippet":"max-snippet:-1","max-image-preview":"max-image-preview:large","max-video-preview":"max-video-preview:-1"},"canonical":"https:\/\/decouvrirensemble.com\/es\/donde-viajar","og_locale":"es_ES","og_type":"article","og_title":"\u00bfA d\u00f3nde ir de vacaciones? Ideas mes a mes - blog de viajes","og_description":"\u00bfBuscas ideas sobre d\u00f3nde ir de vacaciones? \u00a1Echa un vistazo a nuestras selecciones mes a mes en nuestro blog para organizar tus pr\u00f3ximos viajes!","og_url":"https:\/\/decouvrirensemble.com\/es\/donde-viajar","og_site_name":"Blog Voyage - D\u00e9couvrir Ensemble","twitter_card":"summary_large_image","twitter_site":"@dcouvrirensmble","schema":{"@context":"https:\/\/schema.org","@graph":[{"@type":"CollectionPage","@id":"https:\/\/decouvrirensemble.com\/es\/donde-viajar","url":"https:\/\/decouvrirensemble.com\/es\/donde-viajar","name":"\u00bfA d\u00f3nde ir de vacaciones? Ideas mes a mes - blog de viajes","isPartOf":{"@id":"https:\/\/decouvrirensemble.com\/es#website"},"description":"\u00bfBuscas ideas sobre d\u00f3nde ir de vacaciones? \u00a1Echa un vistazo a nuestras selecciones mes a mes en nuestro blog para organizar tus pr\u00f3ximos viajes!","breadcrumb":{"@id":"https:\/\/decouvrirensemble.com\/es\/donde-viajar#breadcrumb"},"inLanguage":"es"},{"@type":"BreadcrumbList","@id":"https:\/\/decouvrirensemble.com\/es\/donde-viajar#breadcrumb","itemListElement":[{"@type":"ListItem","position":1,"name":"Accueil","item":"https:\/\/decouvrirensemble.com\/es"},{"@type":"ListItem","position":2,"name":"\u00bfD\u00f3nde viajar?"}]},{"@type":"WebSite","@id":"https:\/\/decouvrirensemble.com\/es#website","url":"https:\/\/decouvrirensemble.com\/es","name":"Blog Voyage - D\u00e9couvrir Ensemble","description":"Le Blog Voyage de Clem et Alex","publisher":{"@id":"https:\/\/decouvrirensemble.com\/es#\/schema\/person\/a53efd44d02eb7f9ab90f96e84a9d2ba"},"potentialAction":[{"@type":"SearchAction","target":{"@type":"EntryPoint","urlTemplate":"https:\/\/decouvrirensemble.com\/es?s={search_term_string}"},"query-input":{"@type":"PropertyValueSpecification","valueRequired":true,"valueName":"search_term_string"}}],"inLanguage":"es"},{"@type":["Person","Organization"],"@id":"https:\/\/decouvrirensemble.com\/es#\/schema\/person\/a53efd44d02eb7f9ab90f96e84a9d2ba","name":"Cl\u00e9mence &amp; Alexandre","image":{"@type":"ImageObject","inLanguage":"es","@id":"https:\/\/decouvrirensemble.com\/wp-content\/uploads\/2024\/04\/logo-decouvrir-ensemble-blog-voyage.jpg","url":"https:\/\/decouvrirensemble.com\/wp-content\/uploads\/2024\/04\/logo-decouvrir-ensemble-blog-voyage.jpg","contentUrl":"https:\/\/decouvrirensemble.com\/wp-content\/uploads\/2024\/04\/logo-decouvrir-ensemble-blog-voyage.jpg","width":1563,"height":529,"caption":"Cl\u00e9mence &amp; Alexandre"},"logo":{"@id":"https:\/\/decouvrirensemble.com\/wp-content\/uploads\/2024\/04\/logo-decouvrir-ensemble-blog-voyage.jpg"},"sameAs":["https:\/\/decouvrirensemble.com\/"]}]}},"_links":{"self":[{"href":"https:\/\/decouvrirensemble.com\/es\/wp-json\/wp\/v2\/categories\/517","targetHints":{"allow":["GET"]}}],"collection":[{"href":"https:\/\/decouvrirensemble.com\/es\/wp-json\/wp\/v2\/categories"}],"about":[{"href":"https:\/\/decouvrirensemble.com\/es\/wp-json\/wp\/v2\/taxonomies\/category"}],"wp:post_type":[{"href":"https:\/\/decouvrirensemble.com\/es\/wp-json\/wp\/v2\/posts?categories=517"}],"curies":[{"name":"wp","href":"https:\/\/api.w.org\/{rel}","templated":true}]}}