{"id":43801,"date":"2020-10-13T23:13:55","date_gmt":"2020-10-13T21:13:55","guid":{"rendered":"https:\/\/decouvrirensemble.com\/?p=43801"},"modified":"2026-01-06T16:07:40","modified_gmt":"2026-01-06T15:07:40","slug":"gargantas-del-verdon","status":"publish","type":"post","link":"https:\/\/decouvrirensemble.com\/es\/gargantas-del-verdon","title":{"rendered":"Gargantas del Verdon: \u00bfqu\u00e9 ver, qu\u00e9 hacer?"},"content":{"rendered":"<p>En nuestro <strong>blog de viajes<\/strong>, hemos elaborado una lista de nuestros <strong>imprescindibles<\/strong> para su visita <strong>al Parque Natural Regional del Verdon<\/strong>. \u00bfCu\u00e1les son los miradores, pueblos y excursiones imprescindibles? Compartimos con usted nuestro <strong>itinerario completo<\/strong> por las Gargantas en este art\u00edculo.<\/p>\n<h2 id=\"itinerario\"><span class=\"ez-toc-section\" id=\"Nuestro_itinerario_para_descubrir_las_Gargantas_del_Verdon\"><\/span>Nuestro itinerario para descubrir las Gargantas del Verdon<span class=\"ez-toc-section-end\"><\/span><\/h2>\n<p>Estuvimos 3 d\u00edas en las Gargantas del Verdon, y como la zona es bastante extensa, intentamos optimizar al m\u00e1ximo nuestro programa para poder descubrir la mayor parte posible del paisaje.<\/p>\n<p>Alternamos bonitos paseos en coche hasta los miradores y sus incre\u00edbles vistas, peque\u00f1as caminatas y actividades. \u00a1Siga nuestro <strong>itinerario por las Gargantas del Verdon<\/strong>!<\/p>\n<img decoding=\"async\" class=\"alignnone wp-image-14191 size-full\" src=\"https:\/\/decouvrirensemble.com\/wp-content\/uploads\/2020\/10\/carte_gorges-du-verdon.jpg\" alt=\"les gorges du verdon itin\u00e9raire\" width=\"1800\" height=\"1200\" srcset=\"https:\/\/decouvrirensemble.com\/wp-content\/uploads\/2020\/10\/carte_gorges-du-verdon.jpg 1800w, https:\/\/decouvrirensemble.com\/wp-content\/uploads\/2020\/10\/carte_gorges-du-verdon-300x200.jpg 300w, https:\/\/decouvrirensemble.com\/wp-content\/uploads\/2020\/10\/carte_gorges-du-verdon-1024x683.jpg 1024w, https:\/\/decouvrirensemble.com\/wp-content\/uploads\/2020\/10\/carte_gorges-du-verdon-768x512.jpg 768w, https:\/\/decouvrirensemble.com\/wp-content\/uploads\/2020\/10\/carte_gorges-du-verdon-1536x1024.jpg 1536w\" sizes=\"(max-width: 1800px) 100vw, 1800px\" \/>\n<h2 id=\"ver\"><span class=\"ez-toc-section\" id=\"%C2%BFQue_ver_en_las_Gargantas_del_Verdon_Imprescindibles_en_nuestro_blog_de_viajes\"><\/span>\u00bfQu\u00e9 ver en las Gargantas del Verdon? Imprescindibles en nuestro blog de viajes<span class=\"ez-toc-section-end\"><\/span><\/h2>\n<h3><span class=\"ez-toc-section\" id=\"1_Los_miradores_mas_bellos_de_las_Gargantas_del_Verdon\"><\/span>1. Los miradores m\u00e1s bellos de las Gargantas del Verdon<span class=\"ez-toc-section-end\"><\/span><\/h3>\n<p>Lo mejor de las Gargantas del Verdon es que para llegar a los miradores m\u00e1s hermosos basta con tomar las carreteras y detenerse en las zonas se\u00f1alizadas. As\u00ed podr\u00e1 llegar a los magn\u00edficos miradores en cuesti\u00f3n de instantes. Se trata de un itinerario sencillo para descubrir los miradores m\u00e1s hermosos en coche.<\/p>\n<img decoding=\"async\" class=\"size-full wp-image-14113 alignnone\" src=\"https:\/\/decouvrirensemble.com\/wp-content\/uploads\/2020\/09\/itineraire-gorges-du-verdon-quoi-faire.jpg\" alt=\"itineraire gorges du verdon\" width=\"1800\" height=\"1200\" srcset=\"https:\/\/decouvrirensemble.com\/wp-content\/uploads\/2020\/09\/itineraire-gorges-du-verdon-quoi-faire.jpg 1800w, https:\/\/decouvrirensemble.com\/wp-content\/uploads\/2020\/09\/itineraire-gorges-du-verdon-quoi-faire-300x200.jpg 300w, https:\/\/decouvrirensemble.com\/wp-content\/uploads\/2020\/09\/itineraire-gorges-du-verdon-quoi-faire-1024x683.jpg 1024w, https:\/\/decouvrirensemble.com\/wp-content\/uploads\/2020\/09\/itineraire-gorges-du-verdon-quoi-faire-768x512.jpg 768w, https:\/\/decouvrirensemble.com\/wp-content\/uploads\/2020\/09\/itineraire-gorges-du-verdon-quoi-faire-1536x1024.jpg 1536w\" sizes=\"(max-width: 1800px) 100vw, 1800px\" \/>\n<h4><span class=\"ez-toc-section\" id=\"La_orilla_derecha_de_las_Gargantas_del_Verdon\"><\/span>La orilla derecha de las Gargantas del Verdon<span class=\"ez-toc-section-end\"><\/span><\/h4>\n<p>La Route des Cr\u00e8tes (D23) es legendaria y sin duda la m\u00e1s conocida. Forma un bucle de 24 kil\u00f3metros y permite admirar el Verdon desde 14 incre\u00edbles miradores, entre ellos algunos de nuestros favoritos:<\/p>\n<ul>\n<li><a href=\"https:\/\/maps.app.goo.gl\/C4B1QiKuedmW6SE89\" rel=\"noopener\">Le belv\u00e9d\u00e8re de Tresca\u00efre<\/a>: uno de los m\u00e1s impresionantes, para los que tienen miedo a las alturas, el acantilado se eleva 400 metros sobre el Verdon.<\/li>\n<li><a href=\"https:\/\/maps.app.goo.gl\/PLR6xH45QYmcMgAR8\" rel=\"noopener\">Le belv\u00e9d\u00e8re de la Carelle<\/a>: es un mirador muy conocido por los aficionados a la escalada, una actividad \u00fanica en las Gargantas del Verdon.<\/li>\n<li><a href=\"https:\/\/maps.app.goo.gl\/dSQA8JH716WBUPin8\" rel=\"noopener\">El mirador de la Dent d&#8217;Aire<\/a>: especialmente conocido por sus buitres. Tuvimos la suerte de ver uno en pleno vuelo, y merece la pena&#8230;<\/li>\n<\/ul>\n<p>T\u00f3mese entre una hora y media y dos horas para completar todo el recorrido (paradas y fotos incluidas). La ruta de las Cr\u00e8tes (D23) parte de la D925. Si desea hacer el bucle completo, aseg\u00farese de tomar la carretera en el sentido de las agujas del reloj. Parte de la ruta es de sentido \u00fanico.<\/p>\n<img decoding=\"async\" class=\"size-full wp-image-14106 alignnone\" src=\"https:\/\/decouvrirensemble.com\/wp-content\/uploads\/2020\/09\/gorges-du-verdon-belvederes-points-de-vues.jpg\" alt=\"\" width=\"1800\" height=\"1200\" srcset=\"https:\/\/decouvrirensemble.com\/wp-content\/uploads\/2020\/09\/gorges-du-verdon-belvederes-points-de-vues.jpg 1800w, https:\/\/decouvrirensemble.com\/wp-content\/uploads\/2020\/09\/gorges-du-verdon-belvederes-points-de-vues-300x200.jpg 300w, https:\/\/decouvrirensemble.com\/wp-content\/uploads\/2020\/09\/gorges-du-verdon-belvederes-points-de-vues-1024x683.jpg 1024w, https:\/\/decouvrirensemble.com\/wp-content\/uploads\/2020\/09\/gorges-du-verdon-belvederes-points-de-vues-768x512.jpg 768w, https:\/\/decouvrirensemble.com\/wp-content\/uploads\/2020\/09\/gorges-du-verdon-belvederes-points-de-vues-1536x1024.jpg 1536w\" sizes=\"(max-width: 1800px) 100vw, 1800px\" \/>\n<h4><span class=\"ez-toc-section\" id=\"La_orilla_izquierda_de_las_Gargantas_del_Verdon_D71\"><\/span>La orilla izquierda de las Gargantas del Verdon (D71)<span class=\"ez-toc-section-end\"><\/span><\/h4>\n<p>Igual de agradable que la orilla derecha, la izquierda tambi\u00e9n ofrece panoramas impresionantes. Salga por Aiguines, pasando por el Col d&#8217;Illoire hasta el Pont de l&#8217;Artuby. No hay nada m\u00e1s que hacer que admirar el paisaje y aparcar en las zonas habilitadas para ello. Disfr\u00fatelo.<\/p>\n<img decoding=\"async\" class=\"size-full wp-image-14109 alignnone\" src=\"https:\/\/decouvrirensemble.com\/wp-content\/uploads\/2020\/09\/gorges-du-verdon-sejour-itineraire-lac-sainte-croix.jpg\" alt=\"routes lac sainte croix\" width=\"1800\" height=\"1200\" srcset=\"https:\/\/decouvrirensemble.com\/wp-content\/uploads\/2020\/09\/gorges-du-verdon-sejour-itineraire-lac-sainte-croix.jpg 1800w, https:\/\/decouvrirensemble.com\/wp-content\/uploads\/2020\/09\/gorges-du-verdon-sejour-itineraire-lac-sainte-croix-300x200.jpg 300w, https:\/\/decouvrirensemble.com\/wp-content\/uploads\/2020\/09\/gorges-du-verdon-sejour-itineraire-lac-sainte-croix-1024x683.jpg 1024w, https:\/\/decouvrirensemble.com\/wp-content\/uploads\/2020\/09\/gorges-du-verdon-sejour-itineraire-lac-sainte-croix-768x512.jpg 768w, https:\/\/decouvrirensemble.com\/wp-content\/uploads\/2020\/09\/gorges-du-verdon-sejour-itineraire-lac-sainte-croix-1536x1024.jpg 1536w\" sizes=\"(max-width: 1800px) 100vw, 1800px\" \/>\n<img decoding=\"async\" class=\"size-full wp-image-14124 alignnone\" src=\"https:\/\/decouvrirensemble.com\/wp-content\/uploads\/2020\/09\/route-des-cretes-belvederes-gorges-du-verdon.jpg\" alt=\"route des cretes\" width=\"1800\" height=\"1200\" srcset=\"https:\/\/decouvrirensemble.com\/wp-content\/uploads\/2020\/09\/route-des-cretes-belvederes-gorges-du-verdon.jpg 1800w, https:\/\/decouvrirensemble.com\/wp-content\/uploads\/2020\/09\/route-des-cretes-belvederes-gorges-du-verdon-300x200.jpg 300w, https:\/\/decouvrirensemble.com\/wp-content\/uploads\/2020\/09\/route-des-cretes-belvederes-gorges-du-verdon-1024x683.jpg 1024w, https:\/\/decouvrirensemble.com\/wp-content\/uploads\/2020\/09\/route-des-cretes-belvederes-gorges-du-verdon-768x512.jpg 768w, https:\/\/decouvrirensemble.com\/wp-content\/uploads\/2020\/09\/route-des-cretes-belvederes-gorges-du-verdon-1536x1024.jpg 1536w\" sizes=\"(max-width: 1800px) 100vw, 1800px\" \/>\n<p>&nbsp;<\/p>\n<ul>\n<li><a href=\"https:\/\/maps.app.goo.gl\/PzwSBCCrhYNMsU8k9\" rel=\"noopener\">El Col d&#8217;Illoire<\/a> es uno de los miradores que no debe perderse. Recientemente renovado, se extiende en el vac\u00edo. El lugar perfecto para inmortalizar en fotos su viaje a las Gargantas del Verdon. Y decimos esto, no decimos nada, pero fue en este mismo lugar donde vimos alzar el vuelo a un buitre&#8230; Un momento m\u00e1gico grabado en nuestra memoria.<\/li>\n<\/ul>\n<div id=\"attachment_14103\" style=\"width: 1810px\" class=\"wp-caption alignnone\"><img decoding=\"async\" aria-describedby=\"caption-attachment-14103\" class=\"wp-image-14103 size-full\" src=\"https:\/\/decouvrirensemble.com\/wp-content\/uploads\/2020\/09\/belvederes-gorges-du-verdon-col-dilloire.jpg\" alt=\"col d'illoire\" width=\"1800\" height=\"1200\" srcset=\"https:\/\/decouvrirensemble.com\/wp-content\/uploads\/2020\/09\/belvederes-gorges-du-verdon-col-dilloire.jpg 1800w, https:\/\/decouvrirensemble.com\/wp-content\/uploads\/2020\/09\/belvederes-gorges-du-verdon-col-dilloire-300x200.jpg 300w, https:\/\/decouvrirensemble.com\/wp-content\/uploads\/2020\/09\/belvederes-gorges-du-verdon-col-dilloire-1024x683.jpg 1024w, https:\/\/decouvrirensemble.com\/wp-content\/uploads\/2020\/09\/belvederes-gorges-du-verdon-col-dilloire-768x512.jpg 768w, https:\/\/decouvrirensemble.com\/wp-content\/uploads\/2020\/09\/belvederes-gorges-du-verdon-col-dilloire-1536x1024.jpg 1536w\" sizes=\"(max-width: 1800px) 100vw, 1800px\" \/><p id=\"caption-attachment-14103\" class=\"wp-caption-text\">El Col d&#8217;Illoire<\/p><\/div>\n<p>&nbsp;<\/p>\n<ul>\n<li><a href=\"https:\/\/maps.app.goo.gl\/SdhDufcwk91gD4xP8\" rel=\"noopener\">La corniche sublime<\/a>: es una de las carreteras estrechas que atraviesan las Gargantas y permite recorrer 20 km para admirar los ca\u00f1ones, las extensiones de agua y la vegetaci\u00f3n. Esta carretera es muy frecuentada por los turistas en verano, por lo que puede que tarde m\u00e1s en recorrerla que nosotros.<\/li>\n<li><a href=\"https:\/\/maps.app.goo.gl\/ZUxaGWFMTUaaXRQH6\" rel=\"noopener\">El Pont de l&#8217;Artuby<\/a>: situado a 182 metros del suelo, merece una visita y se puede cruzar a pie o en coche. Al parecer, tambi\u00e9n es un lugar para hacer puenting, pero nosotros pasamos&#8230;<\/li>\n<\/ul>\n<img decoding=\"async\" class=\"size-full wp-image-14117\" src=\"https:\/\/decouvrirensemble.com\/wp-content\/uploads\/2020\/09\/pont-de-lartuby-gorges-du-verdon-itineraire.jpg\" alt=\"pont de l'artuby\" width=\"1800\" height=\"1200\" srcset=\"https:\/\/decouvrirensemble.com\/wp-content\/uploads\/2020\/09\/pont-de-lartuby-gorges-du-verdon-itineraire.jpg 1800w, https:\/\/decouvrirensemble.com\/wp-content\/uploads\/2020\/09\/pont-de-lartuby-gorges-du-verdon-itineraire-300x200.jpg 300w, https:\/\/decouvrirensemble.com\/wp-content\/uploads\/2020\/09\/pont-de-lartuby-gorges-du-verdon-itineraire-1024x683.jpg 1024w, https:\/\/decouvrirensemble.com\/wp-content\/uploads\/2020\/09\/pont-de-lartuby-gorges-du-verdon-itineraire-768x512.jpg 768w, https:\/\/decouvrirensemble.com\/wp-content\/uploads\/2020\/09\/pont-de-lartuby-gorges-du-verdon-itineraire-1536x1024.jpg 1536w\" sizes=\"(max-width: 1800px) 100vw, 1800px\" \/>\n<h3><span class=\"ez-toc-section\" id=\"2_Los_pueblos_mas_bonitos_que_ver_en_las_Gargantas_del_Verdon\"><\/span>2. Los pueblos m\u00e1s bonitos que ver en las Gargantas del Verdon<span class=\"ez-toc-section-end\"><\/span><\/h3>\n<h4><span class=\"ez-toc-section\" id=\"Moustiers-Sainte-Marie\"><\/span>Moustiers-Sainte-Marie<span class=\"ez-toc-section-end\"><\/span><\/h4>\n<p>El pueblo de Moustiers-Sainte-Marie es tan encantador que no puede faltar en su visita a las Gargantas del Verdon. Se llega f\u00e1cilmente en coche y se puede comer o cenar en uno de sus peque\u00f1os restaurantes.<\/p>\n<p>Se la conoce como la ciudad de la loza, y est\u00e1 catalogada como uno de <a href=\"https:\/\/decouvrirensemble.com\/es\/pueblos-mas-bonitos-de-francia\" rel=\"noopener\">los pueblos m\u00e1s bonitos de Francia<\/a>. En sus callejuelas encontrar\u00e1 artesanos, terrazas de caf\u00e9s, el Museo de la Fa\u00efence, helader\u00edas&#8230; Moustiers-Sainte-Marie es una de las visitas obligadas de las gargantas del Verdon.<\/p>\n<img decoding=\"async\" class=\"size-full wp-image-14116 alignnone\" src=\"https:\/\/decouvrirensemble.com\/wp-content\/uploads\/2020\/09\/moustiers-sainte-marie-village-verdon.jpg\" alt=\"moustiers sainte marie\" width=\"1800\" height=\"1200\" srcset=\"https:\/\/decouvrirensemble.com\/wp-content\/uploads\/2020\/09\/moustiers-sainte-marie-village-verdon.jpg 1800w, https:\/\/decouvrirensemble.com\/wp-content\/uploads\/2020\/09\/moustiers-sainte-marie-village-verdon-300x200.jpg 300w, https:\/\/decouvrirensemble.com\/wp-content\/uploads\/2020\/09\/moustiers-sainte-marie-village-verdon-1024x683.jpg 1024w, https:\/\/decouvrirensemble.com\/wp-content\/uploads\/2020\/09\/moustiers-sainte-marie-village-verdon-768x512.jpg 768w, https:\/\/decouvrirensemble.com\/wp-content\/uploads\/2020\/09\/moustiers-sainte-marie-village-verdon-1536x1024.jpg 1536w\" sizes=\"(max-width: 1800px) 100vw, 1800px\" \/>\n<img decoding=\"async\" class=\"size-full wp-image-14115 alignnone\" src=\"https:\/\/decouvrirensemble.com\/wp-content\/uploads\/2020\/09\/moustiers-sainte-marie-village-gorges-du-verdon.jpg\" alt=\"village moustiers sainte marie\" width=\"1800\" height=\"1200\" srcset=\"https:\/\/decouvrirensemble.com\/wp-content\/uploads\/2020\/09\/moustiers-sainte-marie-village-gorges-du-verdon.jpg 1800w, https:\/\/decouvrirensemble.com\/wp-content\/uploads\/2020\/09\/moustiers-sainte-marie-village-gorges-du-verdon-300x200.jpg 300w, https:\/\/decouvrirensemble.com\/wp-content\/uploads\/2020\/09\/moustiers-sainte-marie-village-gorges-du-verdon-1024x683.jpg 1024w, https:\/\/decouvrirensemble.com\/wp-content\/uploads\/2020\/09\/moustiers-sainte-marie-village-gorges-du-verdon-768x512.jpg 768w, https:\/\/decouvrirensemble.com\/wp-content\/uploads\/2020\/09\/moustiers-sainte-marie-village-gorges-du-verdon-1536x1024.jpg 1536w\" sizes=\"(max-width: 1800px) 100vw, 1800px\" \/>\n<h4><span class=\"ez-toc-section\" id=\"Aiguines\"><\/span>Aiguines<span class=\"ez-toc-section-end\"><\/span><\/h4>\n<p>Este peque\u00f1o pueblo se encuentra entre el lago de Sainte-Croix y las gargantas del Verdon. Merece la pena desviarse de la ruta por sus magn\u00edficas vistas, a m\u00e1s de 800 metros de altitud. Aqu\u00ed puedes hacer una parada para pasear por sus callejuelas y disfrutar de alguna de sus peque\u00f1as terrazas.<\/p>\n<img decoding=\"async\" class=\"size-full wp-image-14125 alignnone\" src=\"https:\/\/decouvrirensemble.com\/wp-content\/uploads\/2020\/09\/routes-itineraires-gorges-du-verdon.jpg\" alt=\"itineraire gorges du verdon\" width=\"1800\" height=\"1200\" srcset=\"https:\/\/decouvrirensemble.com\/wp-content\/uploads\/2020\/09\/routes-itineraires-gorges-du-verdon.jpg 1800w, https:\/\/decouvrirensemble.com\/wp-content\/uploads\/2020\/09\/routes-itineraires-gorges-du-verdon-300x200.jpg 300w, https:\/\/decouvrirensemble.com\/wp-content\/uploads\/2020\/09\/routes-itineraires-gorges-du-verdon-1024x683.jpg 1024w, https:\/\/decouvrirensemble.com\/wp-content\/uploads\/2020\/09\/routes-itineraires-gorges-du-verdon-768x512.jpg 768w, https:\/\/decouvrirensemble.com\/wp-content\/uploads\/2020\/09\/routes-itineraires-gorges-du-verdon-1536x1024.jpg 1536w\" sizes=\"(max-width: 1800px) 100vw, 1800px\" \/>\n<p>&nbsp;<\/p>\n<h3><span class=\"ez-toc-section\" id=\"3_Los_mejores_paseos_por_las_Gargantas_del_Verdon\"><\/span>3. Los mejores paseos por las Gargantas del Verdon<span class=\"ez-toc-section-end\"><\/span><\/h3>\n<h4><span class=\"ez-toc-section\" id=\"Senderismo_en_la_zona_de_Saint_Maurin\"><\/span>Senderismo en la zona de Saint Maurin<span class=\"ez-toc-section-end\"><\/span><\/h4>\n<p>Tuvimos la suerte de pasar toda una ma\u00f1ana con Julien, un gu\u00eda de monta\u00f1a de nivel medio, que nos llev\u00f3 de excursi\u00f3n durante unas horas. En la orilla derecha del Verdon, la excursi\u00f3n al Domaine de Saint Maurin es ideal porque apenas hay turistas.<\/p>\n<img decoding=\"async\" class=\"size-full wp-image-14120 alignnone\" src=\"https:\/\/decouvrirensemble.com\/wp-content\/uploads\/2020\/09\/randonnee-gorges-du-verdon-saint-maurin.jpg\" alt=\"randonn\u00e9e itineraire\" width=\"1800\" height=\"1200\" srcset=\"https:\/\/decouvrirensemble.com\/wp-content\/uploads\/2020\/09\/randonnee-gorges-du-verdon-saint-maurin.jpg 1800w, https:\/\/decouvrirensemble.com\/wp-content\/uploads\/2020\/09\/randonnee-gorges-du-verdon-saint-maurin-300x200.jpg 300w, https:\/\/decouvrirensemble.com\/wp-content\/uploads\/2020\/09\/randonnee-gorges-du-verdon-saint-maurin-1024x683.jpg 1024w, https:\/\/decouvrirensemble.com\/wp-content\/uploads\/2020\/09\/randonnee-gorges-du-verdon-saint-maurin-768x512.jpg 768w, https:\/\/decouvrirensemble.com\/wp-content\/uploads\/2020\/09\/randonnee-gorges-du-verdon-saint-maurin-1536x1024.jpg 1536w\" sizes=\"(max-width: 1800px) 100vw, 1800px\" \/>\n<p>Sin embargo, le recomendamos que vaya acompa\u00f1ado de un gu\u00eda, para que el paseo y la regi\u00f3n tengan un verdadero sentido del lugar. Le llevar\u00e1 por los senderos adecuados, descubrir\u00e1 una cascada escondida, observar\u00e1 el vuelo de los buitres&#8230; Y le contar\u00e1 todo sobre la historia de la regi\u00f3n y el entorno natural de las Gargantas del Verdon.<\/p>\n<p>Tuvimos la suerte de avistar un rebeco y algunos buitres, una vez m\u00e1s, momentos m\u00e1gicos&#8230; Recomendamos encarecidamente a nuestro gu\u00eda Julien, de <a href=\"https:\/\/www.facebook.com\/ReliefsAeM\">Reliefs Guiding<\/a>, con el que puedes ponerte en contacto en su p\u00e1gina de Facebook para planificar tu excursi\u00f3n.<\/p>\n<img decoding=\"async\" class=\"size-full wp-image-14121 alignnone\" src=\"https:\/\/decouvrirensemble.com\/wp-content\/uploads\/2020\/09\/randonnee-guidee-gorges-du-verdon-itineraire.jpg\" alt=\"randonn\u00e9e gorges du verdon\" width=\"1800\" height=\"1200\" srcset=\"https:\/\/decouvrirensemble.com\/wp-content\/uploads\/2020\/09\/randonnee-guidee-gorges-du-verdon-itineraire.jpg 1800w, https:\/\/decouvrirensemble.com\/wp-content\/uploads\/2020\/09\/randonnee-guidee-gorges-du-verdon-itineraire-300x200.jpg 300w, https:\/\/decouvrirensemble.com\/wp-content\/uploads\/2020\/09\/randonnee-guidee-gorges-du-verdon-itineraire-1024x683.jpg 1024w, https:\/\/decouvrirensemble.com\/wp-content\/uploads\/2020\/09\/randonnee-guidee-gorges-du-verdon-itineraire-768x512.jpg 768w, https:\/\/decouvrirensemble.com\/wp-content\/uploads\/2020\/09\/randonnee-guidee-gorges-du-verdon-itineraire-1536x1024.jpg 1536w\" sizes=\"(max-width: 1800px) 100vw, 1800px\" \/>\n<img decoding=\"async\" class=\"size-full wp-image-14104 alignnone\" src=\"https:\/\/decouvrirensemble.com\/wp-content\/uploads\/2020\/09\/domaine-saint-maurin-randonnee-gorges-du-verdon.jpg\" alt=\"randonn\u00e9e saint maurin\" width=\"1800\" height=\"1200\" srcset=\"https:\/\/decouvrirensemble.com\/wp-content\/uploads\/2020\/09\/domaine-saint-maurin-randonnee-gorges-du-verdon.jpg 1800w, https:\/\/decouvrirensemble.com\/wp-content\/uploads\/2020\/09\/domaine-saint-maurin-randonnee-gorges-du-verdon-300x200.jpg 300w, https:\/\/decouvrirensemble.com\/wp-content\/uploads\/2020\/09\/domaine-saint-maurin-randonnee-gorges-du-verdon-1024x683.jpg 1024w, https:\/\/decouvrirensemble.com\/wp-content\/uploads\/2020\/09\/domaine-saint-maurin-randonnee-gorges-du-verdon-768x512.jpg 768w, https:\/\/decouvrirensemble.com\/wp-content\/uploads\/2020\/09\/domaine-saint-maurin-randonnee-gorges-du-verdon-1536x1024.jpg 1536w\" sizes=\"(max-width: 1800px) 100vw, 1800px\" \/>\n<h4><span class=\"ez-toc-section\" id=\"Las_rutas_mas_conocidas_de_las_Gargantas_del_Verdon\"><\/span>Las rutas m\u00e1s conocidas de las Gargantas del Verdon<span class=\"ez-toc-section-end\"><\/span><\/h4>\n<p>No hemos tenido tiempo de recorrerlas todas, pero aqu\u00ed est\u00e1 nuestra lista de las excursiones que no pueden faltar en nuestro pr\u00f3ximo viaje a las Gargantas.<\/p>\n<ul>\n<li><a href=\"https:\/\/maps.app.goo.gl\/pDWachDbdtkSzBC4A\" rel=\"noopener\">Sentier Blanc Martel<\/a>: la excursi\u00f3n m\u00e1s conocida de las Gargantas del Verdon. Vaya con los ojos cerrados (bueno, con los ojos abiertos&#8230;). Calcule 6h30 para recorrer los 14 km entre el Couloir Samson y el Chalet de la Maline. Tenga en cuenta que el sendero no forma un bucle. Le aconsejamos que prevea volver a su coche haciendo autostop o que se informe sobre los autobuses lanzadera antes de salir.<\/li>\n<li><a href=\"https:\/\/maps.app.goo.gl\/WwYWZhzj5LDxhBen8\" rel=\"noopener\">Sentier de l&#8217;Imbut<\/a>: un sendero de 10 kil\u00f3metros, uno de los m\u00e1s dif\u00edciles de las Gargantas, pero tambi\u00e9n uno de los m\u00e1s bellos. 5 horas ida y vuelta.<\/li>\n<li><a href=\"https:\/\/maps.app.goo.gl\/X8YsgfX1J8agb9s86\" rel=\"noopener\">Sentier du Grand Marg\u00e8s (Sendero del Gran<\/a> Marges): Un circuito muy bonito con una subida ligeramente dif\u00edcil al principio, que le llevar\u00e1 hasta la cima del Marges a m\u00e1s de 1.500 m. 6 horas ida y vuelta.<\/li>\n<li><a href=\"https:\/\/maps.app.goo.gl\/CTq5dP42UjJuouf86\" rel=\"noopener\">Sentier du Bastidon<\/a>: desde La Palud-sur-Verdon, prever 4 horas y media ida y vuelta.<\/li>\n<\/ul>\n<img decoding=\"async\" class=\"wp-image-14112 size-full alignnone\" src=\"https:\/\/decouvrirensemble.com\/wp-content\/uploads\/2020\/09\/itineraire-gorges-du-verdon-nature-randonnee.jpg\" alt=\"gorges du verdon\" width=\"1800\" height=\"1200\" srcset=\"https:\/\/decouvrirensemble.com\/wp-content\/uploads\/2020\/09\/itineraire-gorges-du-verdon-nature-randonnee.jpg 1800w, https:\/\/decouvrirensemble.com\/wp-content\/uploads\/2020\/09\/itineraire-gorges-du-verdon-nature-randonnee-300x200.jpg 300w, https:\/\/decouvrirensemble.com\/wp-content\/uploads\/2020\/09\/itineraire-gorges-du-verdon-nature-randonnee-1024x683.jpg 1024w, https:\/\/decouvrirensemble.com\/wp-content\/uploads\/2020\/09\/itineraire-gorges-du-verdon-nature-randonnee-768x512.jpg 768w, https:\/\/decouvrirensemble.com\/wp-content\/uploads\/2020\/09\/itineraire-gorges-du-verdon-nature-randonnee-1536x1024.jpg 1536w\" sizes=\"(max-width: 1800px) 100vw, 1800px\" \/>\n<h3><span class=\"ez-toc-section\" id=\"4_Los_abrevaderos_imprescindibles_de_las_Gargantas_del_Verdon\"><\/span>4. Los abrevaderos imprescindibles de las Gargantas del Verdon<span class=\"ez-toc-section-end\"><\/span><\/h3>\n<h4><span class=\"ez-toc-section\" id=\"Lago_Sainte-Croix\"><\/span>Lago Sainte-Croix<span class=\"ez-toc-section-end\"><\/span><\/h4>\n<p>El lago Sainte-Croix fue creado por el hombre en los a\u00f1os 70 para distribuir agua por toda la regi\u00f3n. Es el cuarto mayor embalse de Francia, con 767 millones de metros c\u00fabicos de agua&#8230; Y eso es s\u00f3lo el principio.<\/p>\n<p>Esta inmensa extensi\u00f3n de agua cristalina es tambi\u00e9n el lugar perfecto para practicar deportes acu\u00e1ticos. Nosotros optamos por una excursi\u00f3n en catamar\u00e1n, alquilado en el Centre Nautique de Bauduen. Nos acompa\u00f1\u00f3 Alex, un joven competidor n\u00e1utico de alto nivel. Se pueden alquilar remos, canoas\/kayaks, catamaranes o tablas de windsurf.<\/p>\n<p>Le recomendamos que venga aqu\u00ed a practicar deportes n\u00e1uticos, ya que est\u00e1 mucho menos masificado que la zona de Pont du Galetas. Tambi\u00e9n puede pasar por la bonita ciudad de Bauduen.<\/p>\n<img decoding=\"async\" class=\"size-full wp-image-14114 alignnone\" src=\"https:\/\/decouvrirensemble.com\/wp-content\/uploads\/2020\/09\/lac-saint-croix-gorges-du-verdon-catamaran-canoe.jpg\" alt=\"lac sainte croix\" width=\"1800\" height=\"1200\" srcset=\"https:\/\/decouvrirensemble.com\/wp-content\/uploads\/2020\/09\/lac-saint-croix-gorges-du-verdon-catamaran-canoe.jpg 1800w, https:\/\/decouvrirensemble.com\/wp-content\/uploads\/2020\/09\/lac-saint-croix-gorges-du-verdon-catamaran-canoe-300x200.jpg 300w, https:\/\/decouvrirensemble.com\/wp-content\/uploads\/2020\/09\/lac-saint-croix-gorges-du-verdon-catamaran-canoe-1024x683.jpg 1024w, https:\/\/decouvrirensemble.com\/wp-content\/uploads\/2020\/09\/lac-saint-croix-gorges-du-verdon-catamaran-canoe-768x512.jpg 768w, https:\/\/decouvrirensemble.com\/wp-content\/uploads\/2020\/09\/lac-saint-croix-gorges-du-verdon-catamaran-canoe-1536x1024.jpg 1536w\" sizes=\"(max-width: 1800px) 100vw, 1800px\" \/>\n<h4><span class=\"ez-toc-section\" id=\"Puente_de_las_Galetas\"><\/span>Puente de las Galetas<span class=\"ez-toc-section-end\"><\/span><\/h4>\n<p>El Pont du Galetas es EL lugar que se ve por todas partes en Instagram, as\u00ed que es donde encontrar\u00e1s m\u00e1s turistas. Pero es cierto que desde aqu\u00ed tendr\u00e1s una hermosa vista de las Gargantas, el agua azul turquesa y el punto de partida de las canoas. Merece la pena acercarse para hacer una foto.<\/p>\n<img decoding=\"async\" class=\"size-full wp-image-14126 alignnone\" src=\"https:\/\/decouvrirensemble.com\/wp-content\/uploads\/2020\/09\/Gorges-du-Verdon-pont-du-galetas.jpg\" alt=\"pont du galetas\" width=\"1800\" height=\"1200\" srcset=\"https:\/\/decouvrirensemble.com\/wp-content\/uploads\/2020\/09\/Gorges-du-Verdon-pont-du-galetas.jpg 1800w, https:\/\/decouvrirensemble.com\/wp-content\/uploads\/2020\/09\/Gorges-du-Verdon-pont-du-galetas-300x200.jpg 300w, https:\/\/decouvrirensemble.com\/wp-content\/uploads\/2020\/09\/Gorges-du-Verdon-pont-du-galetas-1024x683.jpg 1024w, https:\/\/decouvrirensemble.com\/wp-content\/uploads\/2020\/09\/Gorges-du-Verdon-pont-du-galetas-768x512.jpg 768w, https:\/\/decouvrirensemble.com\/wp-content\/uploads\/2020\/09\/Gorges-du-Verdon-pont-du-galetas-1536x1024.jpg 1536w\" sizes=\"(max-width: 1800px) 100vw, 1800px\" \/>\n<p>Tambi\u00e9n se pueden alquilar canoas y kayaks para practicar actividades acu\u00e1ticas. Estuvimos all\u00ed en agosto y fue una locura en las empresas de alquiler&#8230; Enormes colas al sol para poder alquilar por fin un barco. En el agua, no puede ser mucho m\u00e1s feliz.<\/p>\n<p>Si le apasiona esta actividad, le aconsejamos que acuda en cuanto abra para ser de los primeros en llegar al agua. Fuera de temporada, estar\u00e1 m\u00e1s tranquilo.<\/p>\n<img decoding=\"async\" class=\"size-full wp-image-14118 alignnone\" src=\"https:\/\/decouvrirensemble.com\/wp-content\/uploads\/2020\/09\/pont-du-galetas-gorges-du-verdon-location-canoe.jpg\" alt=\"gorges du verdon pont\" width=\"1800\" height=\"1200\" srcset=\"https:\/\/decouvrirensemble.com\/wp-content\/uploads\/2020\/09\/pont-du-galetas-gorges-du-verdon-location-canoe.jpg 1800w, https:\/\/decouvrirensemble.com\/wp-content\/uploads\/2020\/09\/pont-du-galetas-gorges-du-verdon-location-canoe-300x200.jpg 300w, https:\/\/decouvrirensemble.com\/wp-content\/uploads\/2020\/09\/pont-du-galetas-gorges-du-verdon-location-canoe-1024x683.jpg 1024w, https:\/\/decouvrirensemble.com\/wp-content\/uploads\/2020\/09\/pont-du-galetas-gorges-du-verdon-location-canoe-768x512.jpg 768w, https:\/\/decouvrirensemble.com\/wp-content\/uploads\/2020\/09\/pont-du-galetas-gorges-du-verdon-location-canoe-1536x1024.jpg 1536w\" sizes=\"(max-width: 1800px) 100vw, 1800px\" \/>\n<h2 id=\"dormir\"><span class=\"ez-toc-section\" id=\"%C2%BFDonde_alojarse_para_visitar_las_Gargantas_del_Verdon\"><\/span>\u00bfD\u00f3nde alojarse para visitar las Gargantas del Verdon?<span class=\"ez-toc-section-end\"><\/span><\/h2>\n<h3><span class=\"ez-toc-section\" id=\"Hotel_Les_Cavalets\"><\/span>Hotel Les Cavalets<span class=\"ez-toc-section-end\"><\/span><\/h3>\n<p>Durante nuestra estancia en las Gargantas del Verdon, nos alojamos en el H\u00f4tel Les Cavalets. El hotel goza de una ubicaci\u00f3n ideal, con vistas al lago Sainte-Croix. Las habitaciones con peque\u00f1os balcones son perfectas para una estancia de varios d\u00edas en las Gargantas del Verdon. El hotel es bastante b\u00e1sico, pero encontrar\u00e1 todo lo necesario para pasar unos d\u00edas, incluido el desayuno servido in situ. Tambi\u00e9n hay una gran piscina, ideal para refrescarse durante las vacaciones.<\/p>\n    <div class=\"niceButton\"><a href=\"https:\/\/www.booking.com\/hotel\/fr\/les-cavalets.fr.html?aid=1286053\" target=\"_blank\" class=\"emojiLink\">\n                    <span class=\"emojiLink__emoji\">\u2764\ufe0f<\/span>\n                <span class=\"emojiLink__title title title--big\">Ver disponibilidad<\/span>\n    <\/a><\/div>\n\n    \n<img decoding=\"async\" class=\"size-full wp-image-14110 alignnone\" src=\"https:\/\/decouvrirensemble.com\/wp-content\/uploads\/2020\/09\/hotel-gorges-du-verdon-ou-dormir.jpg\" alt=\"hotel les cavalets\" width=\"1800\" height=\"1200\" srcset=\"https:\/\/decouvrirensemble.com\/wp-content\/uploads\/2020\/09\/hotel-gorges-du-verdon-ou-dormir.jpg 1800w, https:\/\/decouvrirensemble.com\/wp-content\/uploads\/2020\/09\/hotel-gorges-du-verdon-ou-dormir-300x200.jpg 300w, https:\/\/decouvrirensemble.com\/wp-content\/uploads\/2020\/09\/hotel-gorges-du-verdon-ou-dormir-1024x683.jpg 1024w, https:\/\/decouvrirensemble.com\/wp-content\/uploads\/2020\/09\/hotel-gorges-du-verdon-ou-dormir-768x512.jpg 768w, https:\/\/decouvrirensemble.com\/wp-content\/uploads\/2020\/09\/hotel-gorges-du-verdon-ou-dormir-1536x1024.jpg 1536w\" sizes=\"(max-width: 1800px) 100vw, 1800px\" \/>\n<h2 id=\"comer\"><span class=\"ez-toc-section\" id=\"%C2%BFDonde_comer_en_las_Gargantas_del_Verdon_Nuestras_mejores_direcciones\"><\/span>\u00bfD\u00f3nde comer en las Gargantas del Verdon? Nuestras mejores direcciones<span class=\"ez-toc-section-end\"><\/span><\/h2>\n<ul>\n<li><a href=\"https:\/\/maps.app.goo.gl\/mx6ttzobFu6vwb2k8\" rel=\"noopener\">Le Relai des Balcons<\/a>: nuestra direcci\u00f3n preferida para comer en las Gargantas del Verdon. Este restaurante nos conquist\u00f3 por su ubicaci\u00f3n privilegiada. Se puede comer en la terraza o en el interior, frente a la inmensidad de las Gargantas, justo al lado del puente de Artuby. Encontramos este restaurante por casualidad, \u00a1y qu\u00e9 sorpresa! La comida es deliciosa y casera, con productos locales cuidadosamente seleccionados. El servicio es muy agradable. Tambi\u00e9n encontrar\u00e1 un peque\u00f1o puesto de venta de productos artesanales para llevarse a casa como recuerdo. Le aconsejamos reservar con antelaci\u00f3n o venir muy temprano para garantizarse una de las mejores mesas.<\/li>\n<\/ul>\n<p><img decoding=\"async\" class=\"size-full wp-image-14123 alignnone\" src=\"https:\/\/decouvrirensemble.com\/wp-content\/uploads\/2020\/09\/restaurant-gorges-du-verdon-ou-manger.jpg\" alt=\"restaurant gorges du verdon\" width=\"1800\" height=\"1200\" srcset=\"https:\/\/decouvrirensemble.com\/wp-content\/uploads\/2020\/09\/restaurant-gorges-du-verdon-ou-manger.jpg 1800w, https:\/\/decouvrirensemble.com\/wp-content\/uploads\/2020\/09\/restaurant-gorges-du-verdon-ou-manger-300x200.jpg 300w, https:\/\/decouvrirensemble.com\/wp-content\/uploads\/2020\/09\/restaurant-gorges-du-verdon-ou-manger-1024x683.jpg 1024w, https:\/\/decouvrirensemble.com\/wp-content\/uploads\/2020\/09\/restaurant-gorges-du-verdon-ou-manger-768x512.jpg 768w, https:\/\/decouvrirensemble.com\/wp-content\/uploads\/2020\/09\/restaurant-gorges-du-verdon-ou-manger-1536x1024.jpg 1536w\" sizes=\"(max-width: 1800px) 100vw, 1800px\" \/><br \/>\n&nbsp;<\/p>\n<ul>\n<li><a href=\"https:\/\/maps.app.goo.gl\/o1CVpreDPFGowLz69\" rel=\"noopener\">Le Styx<\/a>: gran brasserie francesa y mediterr\u00e1nea en La Palud-sur-Verdon. Comimos all\u00ed en la terraza y nos encant\u00f3. Un muy buen restaurante en las Gargantas del Verdon, para hacer al principio o al final de su recorrido de la Route des Cr\u00eates.<\/li>\n<\/ul>\n<img decoding=\"async\" class=\"size-full wp-image-14203 alignnone\" src=\"https:\/\/decouvrirensemble.com\/wp-content\/uploads\/2020\/10\/restaurant-gorges-du-verdon-ou-manger-styx.jpg\" alt=\"Restaurant gorges du verdon\" width=\"1800\" height=\"1200\" srcset=\"https:\/\/decouvrirensemble.com\/wp-content\/uploads\/2020\/10\/restaurant-gorges-du-verdon-ou-manger-styx.jpg 1800w, https:\/\/decouvrirensemble.com\/wp-content\/uploads\/2020\/10\/restaurant-gorges-du-verdon-ou-manger-styx-300x200.jpg 300w, https:\/\/decouvrirensemble.com\/wp-content\/uploads\/2020\/10\/restaurant-gorges-du-verdon-ou-manger-styx-1024x683.jpg 1024w, https:\/\/decouvrirensemble.com\/wp-content\/uploads\/2020\/10\/restaurant-gorges-du-verdon-ou-manger-styx-768x512.jpg 768w, https:\/\/decouvrirensemble.com\/wp-content\/uploads\/2020\/10\/restaurant-gorges-du-verdon-ou-manger-styx-1536x1024.jpg 1536w\" sizes=\"(max-width: 1800px) 100vw, 1800px\" \/>\n<p>[gracias]<\/p>\n\n\n<div class=\"kk-star-ratings kksr-auto kksr-align-left kksr-valign-bottom\"\n    data-payload='{&quot;align&quot;:&quot;left&quot;,&quot;id&quot;:&quot;43801&quot;,&quot;slug&quot;:&quot;default&quot;,&quot;valign&quot;:&quot;bottom&quot;,&quot;ignore&quot;:&quot;&quot;,&quot;reference&quot;:&quot;auto&quot;,&quot;class&quot;:&quot;&quot;,&quot;count&quot;:&quot;2&quot;,&quot;legendonly&quot;:&quot;&quot;,&quot;readonly&quot;:&quot;&quot;,&quot;score&quot;:&quot;5&quot;,&quot;starsonly&quot;:&quot;&quot;,&quot;best&quot;:&quot;5&quot;,&quot;gap&quot;:&quot;4&quot;,&quot;greet&quot;:&quot;Sea el primero en valorar esta entrada de blog.&quot;,&quot;legend&quot;:&quot;5\\\/5 - (2 votos)&quot;,&quot;size&quot;:&quot;21&quot;,&quot;title&quot;:&quot;Gargantas del Verdon: \u00bfqu\u00e9 ver, qu\u00e9 hacer?&quot;,&quot;width&quot;:&quot;123&quot;,&quot;_legend&quot;:&quot;{score}\\\/{best} - ({count} {votes})&quot;,&quot;font_factor&quot;:&quot;1.25&quot;}'>\n            \n<div class=\"kksr-stars\">\n    \n<div class=\"kksr-stars-inactive\">\n            <div class=\"kksr-star\" data-star=\"1\" style=\"padding-right: 4px\">\n            \n\n<div class=\"kksr-icon\" style=\"width: 21px; height: 21px;\"><\/div>\n        <\/div>\n            <div class=\"kksr-star\" data-star=\"2\" style=\"padding-right: 4px\">\n            \n\n<div class=\"kksr-icon\" style=\"width: 21px; height: 21px;\"><\/div>\n        <\/div>\n            <div class=\"kksr-star\" data-star=\"3\" style=\"padding-right: 4px\">\n            \n\n<div class=\"kksr-icon\" style=\"width: 21px; height: 21px;\"><\/div>\n        <\/div>\n            <div class=\"kksr-star\" data-star=\"4\" style=\"padding-right: 4px\">\n            \n\n<div class=\"kksr-icon\" style=\"width: 21px; height: 21px;\"><\/div>\n        <\/div>\n            <div class=\"kksr-star\" data-star=\"5\" style=\"padding-right: 4px\">\n            \n\n<div class=\"kksr-icon\" style=\"width: 21px; height: 21px;\"><\/div>\n        <\/div>\n    <\/div>\n    \n<div class=\"kksr-stars-active\" style=\"width: 123px;\">\n            <div class=\"kksr-star\" style=\"padding-right: 4px\">\n            \n\n<div class=\"kksr-icon\" style=\"width: 21px; height: 21px;\"><\/div>\n        <\/div>\n            <div class=\"kksr-star\" style=\"padding-right: 4px\">\n            \n\n<div class=\"kksr-icon\" style=\"width: 21px; height: 21px;\"><\/div>\n        <\/div>\n            <div class=\"kksr-star\" style=\"padding-right: 4px\">\n            \n\n<div class=\"kksr-icon\" style=\"width: 21px; height: 21px;\"><\/div>\n        <\/div>\n            <div class=\"kksr-star\" style=\"padding-right: 4px\">\n            \n\n<div class=\"kksr-icon\" style=\"width: 21px; height: 21px;\"><\/div>\n        <\/div>\n            <div class=\"kksr-star\" style=\"padding-right: 4px\">\n            \n\n<div class=\"kksr-icon\" style=\"width: 21px; height: 21px;\"><\/div>\n        <\/div>\n    <\/div>\n<\/div>\n                \n\n<div class=\"kksr-legend\" style=\"font-size: 16.8px;\">\n            5\/5 - (2 votos)    <\/div>\n    <\/div>\n","protected":false},"excerpt":{"rendered":"<p>Las Gargantas del Verdon&#8230; \u00a1Un lugar m\u00e1gico que hay que visitar al menos una vez (o incluso varias) en la vida! Sue\u00f1as con grandes espacios, naturaleza, aventura y paisajes impresionantes?<\/p>\n","protected":false},"author":1,"featured_media":47986,"comment_status":"open","ping_status":"closed","sticky":false,"template":"","format":"standard","meta":{"_acf_changed":false,"_lmt_disableupdate":"no","_lmt_disable":"no","footnotes":""},"categories":[502,462],"tags":[],"class_list":["post-43801","post","type-post","status-publish","format-standard","has-post-thumbnail","hentry","category-francia","category-guias-de-viajes"],"acf":[],"yoast_head":"<!-- This site is optimized with the Yoast SEO plugin v27.4 - https:\/\/yoast.com\/product\/yoast-seo-wordpress\/ -->\n<title>Gargantas del Verdon: \u00bfqu\u00e9 ver, qu\u00e9 hacer?<\/title>\n<meta name=\"description\" content=\"\u00bfPasar el fin de semana en las Gargantas del Verdon? \u00bfQu\u00e9 ver y hacer? Consulte nuestro itinerario para visitar las Gargantas del Verdon.\" \/>\n<meta name=\"robots\" content=\"index, follow, max-snippet:-1, max-image-preview:large, max-video-preview:-1\" \/>\n<link rel=\"canonical\" href=\"https:\/\/decouvrirensemble.com\/es\/gargantas-del-verdon\" \/>\n<meta property=\"og:locale\" content=\"es_ES\" \/>\n<meta property=\"og:type\" content=\"article\" \/>\n<meta property=\"og:title\" content=\"Gargantas del Verdon: \u00bfqu\u00e9 ver, qu\u00e9 hacer?\" \/>\n<meta property=\"og:description\" content=\"\u00bfPasar el fin de semana en las Gargantas del Verdon? \u00bfQu\u00e9 ver y hacer? Consulte nuestro itinerario para visitar las Gargantas del Verdon.\" \/>\n<meta property=\"og:url\" content=\"https:\/\/decouvrirensemble.com\/es\/gargantas-del-verdon\" \/>\n<meta property=\"og:site_name\" content=\"Blog Voyage - D\u00e9couvrir Ensemble\" \/>\n<meta property=\"article:published_time\" content=\"2020-10-13T21:13:55+00:00\" \/>\n<meta property=\"article:modified_time\" content=\"2026-01-06T15:07:40+00:00\" \/>\n<meta property=\"og:image\" content=\"https:\/\/decouvrirensemble.com\/wp-content\/uploads\/2020\/10\/Les-Gorges-du-Verdon-blog-voyage.jpg\" \/>\n\t<meta property=\"og:image:width\" content=\"1800\" \/>\n\t<meta property=\"og:image:height\" content=\"1350\" \/>\n\t<meta property=\"og:image:type\" content=\"image\/jpeg\" \/>\n<meta name=\"author\" content=\"Cl\u00e9mence &amp; Alexandre\" \/>\n<meta name=\"twitter:card\" content=\"summary_large_image\" \/>\n<meta name=\"twitter:creator\" content=\"@dcouvrirensmble\" \/>\n<meta name=\"twitter:site\" content=\"@dcouvrirensmble\" \/>\n<meta name=\"twitter:label1\" content=\"Escrito por\" \/>\n\t<meta name=\"twitter:data1\" content=\"Cl\u00e9mence &amp; Alexandre\" \/>\n\t<meta name=\"twitter:label2\" content=\"Tiempo de lectura\" \/>\n\t<meta name=\"twitter:data2\" content=\"13 minutos\" \/>\n<script type=\"application\/ld+json\" class=\"yoast-schema-graph\">{\"@context\":\"https:\\\/\\\/schema.org\",\"@graph\":[{\"@type\":\"Article\",\"@id\":\"https:\\\/\\\/decouvrirensemble.com\\\/es\\\/gargantas-del-verdon#article\",\"isPartOf\":{\"@id\":\"https:\\\/\\\/decouvrirensemble.com\\\/es\\\/gargantas-del-verdon\"},\"author\":{\"name\":\"Cl\u00e9mence &amp; Alexandre\",\"@id\":\"https:\\\/\\\/decouvrirensemble.com\\\/es#\\\/schema\\\/person\\\/a53efd44d02eb7f9ab90f96e84a9d2ba\"},\"headline\":\"Gargantas del Verdon: \u00bfqu\u00e9 ver, qu\u00e9 hacer?\",\"datePublished\":\"2020-10-13T21:13:55+00:00\",\"dateModified\":\"2026-01-06T15:07:40+00:00\",\"mainEntityOfPage\":{\"@id\":\"https:\\\/\\\/decouvrirensemble.com\\\/es\\\/gargantas-del-verdon\"},\"wordCount\":1673,\"commentCount\":0,\"publisher\":{\"@id\":\"https:\\\/\\\/decouvrirensemble.com\\\/es#\\\/schema\\\/person\\\/a53efd44d02eb7f9ab90f96e84a9d2ba\"},\"image\":{\"@id\":\"https:\\\/\\\/decouvrirensemble.com\\\/es\\\/gargantas-del-verdon#primaryimage\"},\"thumbnailUrl\":\"https:\\\/\\\/decouvrirensemble.com\\\/wp-content\\\/uploads\\\/2020\\\/10\\\/Les-Gorges-du-Verdon-blog-voyage.jpg\",\"articleSection\":[\"Francia\",\"Gu\u00edas de viajes\"],\"inLanguage\":\"es\",\"potentialAction\":[{\"@type\":\"CommentAction\",\"name\":\"Comment\",\"target\":[\"https:\\\/\\\/decouvrirensemble.com\\\/es\\\/gargantas-del-verdon#respond\"]}]},{\"@type\":\"WebPage\",\"@id\":\"https:\\\/\\\/decouvrirensemble.com\\\/es\\\/gargantas-del-verdon\",\"url\":\"https:\\\/\\\/decouvrirensemble.com\\\/es\\\/gargantas-del-verdon\",\"name\":\"Gargantas del Verdon: \u00bfqu\u00e9 ver, qu\u00e9 hacer?\",\"isPartOf\":{\"@id\":\"https:\\\/\\\/decouvrirensemble.com\\\/es#website\"},\"primaryImageOfPage\":{\"@id\":\"https:\\\/\\\/decouvrirensemble.com\\\/es\\\/gargantas-del-verdon#primaryimage\"},\"image\":{\"@id\":\"https:\\\/\\\/decouvrirensemble.com\\\/es\\\/gargantas-del-verdon#primaryimage\"},\"thumbnailUrl\":\"https:\\\/\\\/decouvrirensemble.com\\\/wp-content\\\/uploads\\\/2020\\\/10\\\/Les-Gorges-du-Verdon-blog-voyage.jpg\",\"datePublished\":\"2020-10-13T21:13:55+00:00\",\"dateModified\":\"2026-01-06T15:07:40+00:00\",\"description\":\"\u00bfPasar el fin de semana en las Gargantas del Verdon? \u00bfQu\u00e9 ver y hacer? Consulte nuestro itinerario para visitar las Gargantas del Verdon.\",\"breadcrumb\":{\"@id\":\"https:\\\/\\\/decouvrirensemble.com\\\/es\\\/gargantas-del-verdon#breadcrumb\"},\"inLanguage\":\"es\",\"potentialAction\":[{\"@type\":\"ReadAction\",\"target\":[\"https:\\\/\\\/decouvrirensemble.com\\\/es\\\/gargantas-del-verdon\"]}]},{\"@type\":\"ImageObject\",\"inLanguage\":\"es\",\"@id\":\"https:\\\/\\\/decouvrirensemble.com\\\/es\\\/gargantas-del-verdon#primaryimage\",\"url\":\"https:\\\/\\\/decouvrirensemble.com\\\/wp-content\\\/uploads\\\/2020\\\/10\\\/Les-Gorges-du-Verdon-blog-voyage.jpg\",\"contentUrl\":\"https:\\\/\\\/decouvrirensemble.com\\\/wp-content\\\/uploads\\\/2020\\\/10\\\/Les-Gorges-du-Verdon-blog-voyage.jpg\",\"width\":1800,\"height\":1350,\"caption\":\"Les Gorges du Verdon\"},{\"@type\":\"BreadcrumbList\",\"@id\":\"https:\\\/\\\/decouvrirensemble.com\\\/es\\\/gargantas-del-verdon#breadcrumb\",\"itemListElement\":[{\"@type\":\"ListItem\",\"position\":1,\"name\":\"Accueil\",\"item\":\"https:\\\/\\\/decouvrirensemble.com\\\/es\"},{\"@type\":\"ListItem\",\"position\":2,\"name\":\"Destinos\",\"item\":\"https:\\\/\\\/decouvrirensemble.com\\\/es\\\/destinos\"},{\"@type\":\"ListItem\",\"position\":3,\"name\":\"Francia\",\"item\":\"https:\\\/\\\/decouvrirensemble.com\\\/es\\\/destinos\\\/francia\"},{\"@type\":\"ListItem\",\"position\":4,\"name\":\"Gargantas del Verdon: \u00bfqu\u00e9 ver, qu\u00e9 hacer?\"}]},{\"@type\":\"WebSite\",\"@id\":\"https:\\\/\\\/decouvrirensemble.com\\\/es#website\",\"url\":\"https:\\\/\\\/decouvrirensemble.com\\\/es\",\"name\":\"Blog Voyage - D\u00e9couvrir Ensemble\",\"description\":\"Le Blog Voyage de Clem et Alex\",\"publisher\":{\"@id\":\"https:\\\/\\\/decouvrirensemble.com\\\/es#\\\/schema\\\/person\\\/a53efd44d02eb7f9ab90f96e84a9d2ba\"},\"potentialAction\":[{\"@type\":\"SearchAction\",\"target\":{\"@type\":\"EntryPoint\",\"urlTemplate\":\"https:\\\/\\\/decouvrirensemble.com\\\/es?s={search_term_string}\"},\"query-input\":{\"@type\":\"PropertyValueSpecification\",\"valueRequired\":true,\"valueName\":\"search_term_string\"}}],\"inLanguage\":\"es\"},{\"@type\":[\"Person\",\"Organization\"],\"@id\":\"https:\\\/\\\/decouvrirensemble.com\\\/es#\\\/schema\\\/person\\\/a53efd44d02eb7f9ab90f96e84a9d2ba\",\"name\":\"Cl\u00e9mence &amp; Alexandre\",\"image\":{\"@type\":\"ImageObject\",\"inLanguage\":\"es\",\"@id\":\"https:\\\/\\\/decouvrirensemble.com\\\/wp-content\\\/uploads\\\/2024\\\/04\\\/logo-decouvrir-ensemble-blog-voyage.jpg\",\"url\":\"https:\\\/\\\/decouvrirensemble.com\\\/wp-content\\\/uploads\\\/2024\\\/04\\\/logo-decouvrir-ensemble-blog-voyage.jpg\",\"contentUrl\":\"https:\\\/\\\/decouvrirensemble.com\\\/wp-content\\\/uploads\\\/2024\\\/04\\\/logo-decouvrir-ensemble-blog-voyage.jpg\",\"width\":1563,\"height\":529,\"caption\":\"Cl\u00e9mence &amp; Alexandre\"},\"logo\":{\"@id\":\"https:\\\/\\\/decouvrirensemble.com\\\/wp-content\\\/uploads\\\/2024\\\/04\\\/logo-decouvrir-ensemble-blog-voyage.jpg\"},\"sameAs\":[\"https:\\\/\\\/decouvrirensemble.com\\\/\"]}]}<\/script>\n<!-- \/ Yoast SEO plugin. -->","yoast_head_json":{"title":"Gargantas del Verdon: \u00bfqu\u00e9 ver, qu\u00e9 hacer?","description":"\u00bfPasar el fin de semana en las Gargantas del Verdon? \u00bfQu\u00e9 ver y hacer? Consulte nuestro itinerario para visitar las Gargantas del Verdon.","robots":{"index":"index","follow":"follow","max-snippet":"max-snippet:-1","max-image-preview":"max-image-preview:large","max-video-preview":"max-video-preview:-1"},"canonical":"https:\/\/decouvrirensemble.com\/es\/gargantas-del-verdon","og_locale":"es_ES","og_type":"article","og_title":"Gargantas del Verdon: \u00bfqu\u00e9 ver, qu\u00e9 hacer?","og_description":"\u00bfPasar el fin de semana en las Gargantas del Verdon? \u00bfQu\u00e9 ver y hacer? Consulte nuestro itinerario para visitar las Gargantas del Verdon.","og_url":"https:\/\/decouvrirensemble.com\/es\/gargantas-del-verdon","og_site_name":"Blog Voyage - D\u00e9couvrir Ensemble","article_published_time":"2020-10-13T21:13:55+00:00","article_modified_time":"2026-01-06T15:07:40+00:00","og_image":[{"width":1800,"height":1350,"url":"https:\/\/decouvrirensemble.com\/wp-content\/uploads\/2020\/10\/Les-Gorges-du-Verdon-blog-voyage.jpg","type":"image\/jpeg"}],"author":"Cl\u00e9mence &amp; Alexandre","twitter_card":"summary_large_image","twitter_creator":"@dcouvrirensmble","twitter_site":"@dcouvrirensmble","twitter_misc":{"Escrito por":"Cl\u00e9mence &amp; Alexandre","Tiempo de lectura":"13 minutos"},"schema":{"@context":"https:\/\/schema.org","@graph":[{"@type":"Article","@id":"https:\/\/decouvrirensemble.com\/es\/gargantas-del-verdon#article","isPartOf":{"@id":"https:\/\/decouvrirensemble.com\/es\/gargantas-del-verdon"},"author":{"name":"Cl\u00e9mence &amp; Alexandre","@id":"https:\/\/decouvrirensemble.com\/es#\/schema\/person\/a53efd44d02eb7f9ab90f96e84a9d2ba"},"headline":"Gargantas del Verdon: \u00bfqu\u00e9 ver, qu\u00e9 hacer?","datePublished":"2020-10-13T21:13:55+00:00","dateModified":"2026-01-06T15:07:40+00:00","mainEntityOfPage":{"@id":"https:\/\/decouvrirensemble.com\/es\/gargantas-del-verdon"},"wordCount":1673,"commentCount":0,"publisher":{"@id":"https:\/\/decouvrirensemble.com\/es#\/schema\/person\/a53efd44d02eb7f9ab90f96e84a9d2ba"},"image":{"@id":"https:\/\/decouvrirensemble.com\/es\/gargantas-del-verdon#primaryimage"},"thumbnailUrl":"https:\/\/decouvrirensemble.com\/wp-content\/uploads\/2020\/10\/Les-Gorges-du-Verdon-blog-voyage.jpg","articleSection":["Francia","Gu\u00edas de viajes"],"inLanguage":"es","potentialAction":[{"@type":"CommentAction","name":"Comment","target":["https:\/\/decouvrirensemble.com\/es\/gargantas-del-verdon#respond"]}]},{"@type":"WebPage","@id":"https:\/\/decouvrirensemble.com\/es\/gargantas-del-verdon","url":"https:\/\/decouvrirensemble.com\/es\/gargantas-del-verdon","name":"Gargantas del Verdon: \u00bfqu\u00e9 ver, qu\u00e9 hacer?","isPartOf":{"@id":"https:\/\/decouvrirensemble.com\/es#website"},"primaryImageOfPage":{"@id":"https:\/\/decouvrirensemble.com\/es\/gargantas-del-verdon#primaryimage"},"image":{"@id":"https:\/\/decouvrirensemble.com\/es\/gargantas-del-verdon#primaryimage"},"thumbnailUrl":"https:\/\/decouvrirensemble.com\/wp-content\/uploads\/2020\/10\/Les-Gorges-du-Verdon-blog-voyage.jpg","datePublished":"2020-10-13T21:13:55+00:00","dateModified":"2026-01-06T15:07:40+00:00","description":"\u00bfPasar el fin de semana en las Gargantas del Verdon? \u00bfQu\u00e9 ver y hacer? Consulte nuestro itinerario para visitar las Gargantas del Verdon.","breadcrumb":{"@id":"https:\/\/decouvrirensemble.com\/es\/gargantas-del-verdon#breadcrumb"},"inLanguage":"es","potentialAction":[{"@type":"ReadAction","target":["https:\/\/decouvrirensemble.com\/es\/gargantas-del-verdon"]}]},{"@type":"ImageObject","inLanguage":"es","@id":"https:\/\/decouvrirensemble.com\/es\/gargantas-del-verdon#primaryimage","url":"https:\/\/decouvrirensemble.com\/wp-content\/uploads\/2020\/10\/Les-Gorges-du-Verdon-blog-voyage.jpg","contentUrl":"https:\/\/decouvrirensemble.com\/wp-content\/uploads\/2020\/10\/Les-Gorges-du-Verdon-blog-voyage.jpg","width":1800,"height":1350,"caption":"Les Gorges du Verdon"},{"@type":"BreadcrumbList","@id":"https:\/\/decouvrirensemble.com\/es\/gargantas-del-verdon#breadcrumb","itemListElement":[{"@type":"ListItem","position":1,"name":"Accueil","item":"https:\/\/decouvrirensemble.com\/es"},{"@type":"ListItem","position":2,"name":"Destinos","item":"https:\/\/decouvrirensemble.com\/es\/destinos"},{"@type":"ListItem","position":3,"name":"Francia","item":"https:\/\/decouvrirensemble.com\/es\/destinos\/francia"},{"@type":"ListItem","position":4,"name":"Gargantas del Verdon: \u00bfqu\u00e9 ver, qu\u00e9 hacer?"}]},{"@type":"WebSite","@id":"https:\/\/decouvrirensemble.com\/es#website","url":"https:\/\/decouvrirensemble.com\/es","name":"Blog Voyage - D\u00e9couvrir Ensemble","description":"Le Blog Voyage de Clem et Alex","publisher":{"@id":"https:\/\/decouvrirensemble.com\/es#\/schema\/person\/a53efd44d02eb7f9ab90f96e84a9d2ba"},"potentialAction":[{"@type":"SearchAction","target":{"@type":"EntryPoint","urlTemplate":"https:\/\/decouvrirensemble.com\/es?s={search_term_string}"},"query-input":{"@type":"PropertyValueSpecification","valueRequired":true,"valueName":"search_term_string"}}],"inLanguage":"es"},{"@type":["Person","Organization"],"@id":"https:\/\/decouvrirensemble.com\/es#\/schema\/person\/a53efd44d02eb7f9ab90f96e84a9d2ba","name":"Cl\u00e9mence &amp; Alexandre","image":{"@type":"ImageObject","inLanguage":"es","@id":"https:\/\/decouvrirensemble.com\/wp-content\/uploads\/2024\/04\/logo-decouvrir-ensemble-blog-voyage.jpg","url":"https:\/\/decouvrirensemble.com\/wp-content\/uploads\/2024\/04\/logo-decouvrir-ensemble-blog-voyage.jpg","contentUrl":"https:\/\/decouvrirensemble.com\/wp-content\/uploads\/2024\/04\/logo-decouvrir-ensemble-blog-voyage.jpg","width":1563,"height":529,"caption":"Cl\u00e9mence &amp; Alexandre"},"logo":{"@id":"https:\/\/decouvrirensemble.com\/wp-content\/uploads\/2024\/04\/logo-decouvrir-ensemble-blog-voyage.jpg"},"sameAs":["https:\/\/decouvrirensemble.com\/"]}]}},"modified_by":"Cl\u00e9mence &amp; Alexandre","_links":{"self":[{"href":"https:\/\/decouvrirensemble.com\/es\/wp-json\/wp\/v2\/posts\/43801","targetHints":{"allow":["GET"]}}],"collection":[{"href":"https:\/\/decouvrirensemble.com\/es\/wp-json\/wp\/v2\/posts"}],"about":[{"href":"https:\/\/decouvrirensemble.com\/es\/wp-json\/wp\/v2\/types\/post"}],"author":[{"embeddable":true,"href":"https:\/\/decouvrirensemble.com\/es\/wp-json\/wp\/v2\/users\/1"}],"replies":[{"embeddable":true,"href":"https:\/\/decouvrirensemble.com\/es\/wp-json\/wp\/v2\/comments?post=43801"}],"version-history":[{"count":1,"href":"https:\/\/decouvrirensemble.com\/es\/wp-json\/wp\/v2\/posts\/43801\/revisions"}],"predecessor-version":[{"id":63596,"href":"https:\/\/decouvrirensemble.com\/es\/wp-json\/wp\/v2\/posts\/43801\/revisions\/63596"}],"wp:featuredmedia":[{"embeddable":true,"href":"https:\/\/decouvrirensemble.com\/es\/wp-json\/wp\/v2\/media\/47986"}],"wp:attachment":[{"href":"https:\/\/decouvrirensemble.com\/es\/wp-json\/wp\/v2\/media?parent=43801"}],"wp:term":[{"taxonomy":"category","embeddable":true,"href":"https:\/\/decouvrirensemble.com\/es\/wp-json\/wp\/v2\/categories?post=43801"},{"taxonomy":"post_tag","embeddable":true,"href":"https:\/\/decouvrirensemble.com\/es\/wp-json\/wp\/v2\/tags?post=43801"}],"curies":[{"name":"wp","href":"https:\/\/api.w.org\/{rel}","templated":true}]}}