{"id":43833,"date":"2022-12-02T17:32:11","date_gmt":"2022-12-02T16:32:11","guid":{"rendered":"https:\/\/decouvrirensemble.com\/?p=43833"},"modified":"2026-04-13T15:03:47","modified_gmt":"2026-04-13T13:03:47","slug":"donde-viajar-en-febrero","status":"publish","type":"post","link":"https:\/\/decouvrirensemble.com\/es\/donde-viajar-en-febrero","title":{"rendered":"\u00bfD\u00f3nde viajar en febrero? Las mejores ideas para sus vacaciones"},"content":{"rendered":"<p>Por eso hemos decidido escribir esta entrada del blog en la que encontrar\u00e1 una lista de ideas de destinos. Est\u00e1n ordenados del m\u00e1s cercano al m\u00e1s lejano para ayudarle a encontrar el destino de sus vacaciones de febrero. En nuestra opini\u00f3n, estos destinos son perfectos para descubrir en esta \u00e9poca del a\u00f1o.<\/p>\n<p>De hecho, no dude en completar este art\u00edculo comentando cu\u00e1les son los mejores destinos para visitar en esta \u00e9poca del a\u00f1o. Esperamos que despu\u00e9s de leer este art\u00edculo sepas <strong>d\u00f3nde ir de vacaciones en febrero<\/strong>. Venga, coge la crema solar, el ba\u00f1ador y \u00a1manos a la obra para tus vacaciones de febrero de 2024!<\/p>\n<h2><span class=\"ez-toc-section\" id=\"1_Donde_ir_en_febrero_al_sol_Pon_rumbo_a_Andalucia_el_destino_menos_remoto_de_esta_seleccion\"><\/span>1. D\u00f3nde ir en febrero al sol? Pon rumbo a Andaluc\u00eda, el destino menos remoto de esta selecci\u00f3n<span class=\"ez-toc-section-end\"><\/span><\/h2>\n<p>Empezamos nuestra selecci\u00f3n para ayudarte a saber d\u00f3nde ir en febrero al sol con un destino que nos encanta. Qu\u00e9 tal poner rumbo a Andaluc\u00eda, en <a href=\"https:\/\/decouvrirensemble.com\/es\/destinos\/espana\" target=\"_blank\" rel=\"noopener\">Espa\u00f1a<\/a>? Esta regi\u00f3n, conocida por ser una de las m\u00e1s calurosas del pa\u00eds ib\u00e9rico, es de visita obligada. Si a\u00fan no conoce <a href=\"https:\/\/decouvrirensemble.com\/es\/que-ver-en-sevilla\" target=\"_blank\" rel=\"noopener\">Sevilla<\/a>, <a href=\"https:\/\/decouvrirensemble.com\/es\/que-ver-en-granada\" target=\"_blank\" rel=\"noopener\">Granada<\/a>, <a href=\"https:\/\/decouvrirensemble.com\/es\/que-ver-en-cordoba\" target=\"_blank\" rel=\"noopener\">Cordoba<\/a> o los <a href=\"https:\/\/decouvrirensemble.com\/es\/ruta-de-los-pueblos-blancos\" target=\"_blank\" rel=\"noopener\">pueblos blancos de Andaluc\u00eda<\/a>, \u00a1h\u00e1galo, no se arrepentir\u00e1! Para nosotros, febrero es la \u00e9poca del a\u00f1o ideal si quiere disfrutar de sus vacaciones en Andaluc\u00eda sin el calor del verano (\u00a1hasta 40\u00b0C a la sombra en algunos lugares!). Tambi\u00e9n es la \u00e9poca ideal si viaja en familia. En nuestra opini\u00f3n, Andaluc\u00eda es una de las mejores opciones si quiere pasar un mes de febrero al sol sin tener que desplazarse demasiado y sin romper su hucha. Adem\u00e1s, debes saber que este destino tambi\u00e9n es ideal si buscas <a href=\"https:\/\/decouvrirensemble.com\/es\/donde-viajar-en-abril\" target=\"_blank\" rel=\"noopener\">d\u00f3nde ir en abril<\/a>.<\/p>\n<p>[andalousie]<\/p>\n<img decoding=\"async\" class=\"alignnone size-full wp-image-19190\" src=\"https:\/\/decouvrirensemble.com\/wp-content\/uploads\/2022\/11\/ou-partir-en-fevrier-andalousie-espagne.jpg\" alt=\"d\u00f3nde ir en febrero\" width=\"1800\" height=\"1200\" srcset=\"https:\/\/decouvrirensemble.com\/wp-content\/uploads\/2022\/11\/ou-partir-en-fevrier-andalousie-espagne.jpg 1800w, https:\/\/decouvrirensemble.com\/wp-content\/uploads\/2022\/11\/ou-partir-en-fevrier-andalousie-espagne-300x200.jpg 300w, https:\/\/decouvrirensemble.com\/wp-content\/uploads\/2022\/11\/ou-partir-en-fevrier-andalousie-espagne-1024x683.jpg 1024w, https:\/\/decouvrirensemble.com\/wp-content\/uploads\/2022\/11\/ou-partir-en-fevrier-andalousie-espagne-768x512.jpg 768w, https:\/\/decouvrirensemble.com\/wp-content\/uploads\/2022\/11\/ou-partir-en-fevrier-andalousie-espagne-1536x1024.jpg 1536w\" sizes=\"(max-width: 1800px) 100vw, 1800px\" \/>\n<h2><span class=\"ez-toc-section\" id=\"2_Tenerife_Islas_Canarias\"><\/span>2. Tenerife, Islas Canarias<span class=\"ez-toc-section-end\"><\/span><\/h2>\n<p>Seguimos con Espa\u00f1a pero esta vez nos vamos a las Islas Canarias con la m\u00e1s grande de todas, Tenerife. Si est\u00e1s buscando un lugar al que ir en febrero y quieres descubrir una isla polifac\u00e9tica, <a href=\"https:\/\/decouvrirensemble.com\/es\/que-ver-en-tenerife-en-una-semana\" target=\"_blank\" rel=\"noopener\">Tenerife<\/a> es una excelente opci\u00f3n. Nos encant\u00f3 descubrir esta isla, entre sus much\u00edsimas calas, sus pueblecitos y su volc\u00e1n inactivo, el Teide. De hecho, es la monta\u00f1a m\u00e1s alta de Espa\u00f1a. Tenerife tambi\u00e9n cuenta con numerosas playas de arena blanca y negra. As\u00ed podr\u00e1 disfrutar al m\u00e1ximo de sus vacaciones de febrero al sol. Se tardan menos de 4 horas en volar de Par\u00eds a la isla. Si ha elegido Tenerife para sus vacaciones de febrero, le recomendamos que lea nuestra gu\u00eda completa de Tenerife. Le ayudar\u00e1 a saber qu\u00e9 hacer en Tenerife, y est\u00e1 disponible m\u00e1s abajo.<\/p>\n<p>[relance]<\/p>\n<img decoding=\"async\" class=\"alignnone wp-image-19197 size-full\" src=\"https:\/\/decouvrirensemble.com\/wp-content\/uploads\/2022\/11\/ou-partir-en-fevrier-tenerife.jpg\" alt=\"Tenerife en febrero\" width=\"1800\" height=\"1200\" srcset=\"https:\/\/decouvrirensemble.com\/wp-content\/uploads\/2022\/11\/ou-partir-en-fevrier-tenerife.jpg 1800w, https:\/\/decouvrirensemble.com\/wp-content\/uploads\/2022\/11\/ou-partir-en-fevrier-tenerife-300x200.jpg 300w, https:\/\/decouvrirensemble.com\/wp-content\/uploads\/2022\/11\/ou-partir-en-fevrier-tenerife-1024x683.jpg 1024w, https:\/\/decouvrirensemble.com\/wp-content\/uploads\/2022\/11\/ou-partir-en-fevrier-tenerife-768x512.jpg 768w, https:\/\/decouvrirensemble.com\/wp-content\/uploads\/2022\/11\/ou-partir-en-fevrier-tenerife-1536x1024.jpg 1536w\" sizes=\"(max-width: 1800px) 100vw, 1800px\" \/>\n<h2><span class=\"ez-toc-section\" id=\"3_Lanzarote_Islas_Canarias\"><\/span>3. Lanzarote, Islas Canarias<span class=\"ez-toc-section-end\"><\/span><\/h2>\n<p>Es imposible recomendar Tenerife sin mencionar otra isla canaria, <a href=\"https:\/\/decouvrirensemble.com\/es\/que-ver-en-lanzarote-en-4-dias\" target=\"_blank\" rel=\"noopener\">Lanzarote<\/a>. Lanzarote est\u00e1 a s\u00f3lo 1 hora de vuelo de Tenerife y es nuestra favorita de las Islas Canarias. Si buscas un cambio de aires en febrero, Lanzarote es el lugar ideal. Adem\u00e1s de tener un clima estupendo todo el a\u00f1o y de permitirnos disfrutarlo por completo en invierno, Lanzarote tiene un paisaje lunar impresionante. Como blogueros, tenemos la oportunidad de viajar con regularidad, y los paisajes de Lanzarote no nos han dejado indiferentes. Si dispone de dos semanas de vacaciones en febrero, le recomendamos que visite Lanzarote y Tenerife al mismo tiempo. Al igual que con Tenerife, si te interesa Lanzarote, te sugerimos que consultes nuestro itinerario y consejos en el siguiente art\u00edculo.<\/p>\n<p>[relance2]<\/p>\n<img decoding=\"async\" class=\"alignnone size-full wp-image-19194\" src=\"https:\/\/decouvrirensemble.com\/wp-content\/uploads\/2022\/11\/ou-partir-en-fevrier-lanzarote.jpg\" alt=\"Lanzarote en febrero\" width=\"1800\" height=\"1200\" srcset=\"https:\/\/decouvrirensemble.com\/wp-content\/uploads\/2022\/11\/ou-partir-en-fevrier-lanzarote.jpg 1800w, https:\/\/decouvrirensemble.com\/wp-content\/uploads\/2022\/11\/ou-partir-en-fevrier-lanzarote-300x200.jpg 300w, https:\/\/decouvrirensemble.com\/wp-content\/uploads\/2022\/11\/ou-partir-en-fevrier-lanzarote-1024x683.jpg 1024w, https:\/\/decouvrirensemble.com\/wp-content\/uploads\/2022\/11\/ou-partir-en-fevrier-lanzarote-768x512.jpg 768w, https:\/\/decouvrirensemble.com\/wp-content\/uploads\/2022\/11\/ou-partir-en-fevrier-lanzarote-1536x1024.jpg 1536w\" sizes=\"(max-width: 1800px) 100vw, 1800px\" \/>\n<h2><span class=\"ez-toc-section\" id=\"4_Egipto\"><\/span>4. Egipto<span class=\"ez-toc-section-end\"><\/span><\/h2>\n<p>Continuamos esta selecci\u00f3n con un destino muy debatido por los viajeros en materia de seguridad, Egipto. Desde hace alg\u00fan tiempo, no hacemos m\u00e1s que o\u00edr cosas buenas de los compa\u00f1eros de viaje que se dirigen a Egipto para descubrir este magn\u00edfico pa\u00eds, y nosotros tenemos previsto llegar pronto. As\u00ed que le dejamos a usted la decisi\u00f3n de si se siente lo suficientemente c\u00f3modo como para partir a descubrir este pa\u00eds. Egipto est\u00e1 a 4,5 horas de Par\u00eds, lo que permite acceder a las famosas Pir\u00e1mides, una de las <a href=\"https:\/\/decouvrirensemble.com\/es\/7-maravillas-del-mundo\" target=\"_blank\" rel=\"noopener\">7 maravillas del mundo<\/a>. La mejor \u00e9poca para ir a descubrir Egipto es entre noviembre y marzo. Si busca un lugar al que ir en febrero bajo el sol, Egipto es una gran elecci\u00f3n.<\/p>\n    <div class=\"niceButton\"><a href=\"https:\/\/www.booking.com\/searchresults.fr.html?ss=Luxor&#038;aid=1286053\" target=\"_blank\" class=\"emojiLink\">\n                    <span class=\"emojiLink__emoji\">\ud83c\uddea\ud83c\uddec<\/span>\n                <span class=\"emojiLink__title title title--big\">Encuentra el mejor alojamiento en Egipto<\/span>\n    <\/a><\/div>\n\n    \n<img decoding=\"async\" class=\"alignnone size-full wp-image-19193\" src=\"https:\/\/decouvrirensemble.com\/wp-content\/uploads\/2022\/11\/ou-partir-en-fevrier-egypte.jpg\" alt=\"Viajar por Egipto\" width=\"1800\" height=\"1200\" srcset=\"https:\/\/decouvrirensemble.com\/wp-content\/uploads\/2022\/11\/ou-partir-en-fevrier-egypte.jpg 1800w, https:\/\/decouvrirensemble.com\/wp-content\/uploads\/2022\/11\/ou-partir-en-fevrier-egypte-300x200.jpg 300w, https:\/\/decouvrirensemble.com\/wp-content\/uploads\/2022\/11\/ou-partir-en-fevrier-egypte-1024x683.jpg 1024w, https:\/\/decouvrirensemble.com\/wp-content\/uploads\/2022\/11\/ou-partir-en-fevrier-egypte-768x512.jpg 768w, https:\/\/decouvrirensemble.com\/wp-content\/uploads\/2022\/11\/ou-partir-en-fevrier-egypte-1536x1024.jpg 1536w\" sizes=\"(max-width: 1800px) 100vw, 1800px\" \/>\n<h2><span class=\"ez-toc-section\" id=\"5_%C2%BFDonde_ir_en_febrero_bajo_el_sol_Rumbo_a_Oman_quinto_destino_de_esta_seleccion\"><\/span>5. \u00bfD\u00f3nde ir en febrero bajo el sol? Rumbo a Om\u00e1n quinto destino de esta selecci\u00f3n<span class=\"ez-toc-section-end\"><\/span><\/h2>\n<p>\u00a1Ya hemos llegado a la mitad de nuestra gu\u00eda sobre d\u00f3nde ir en febrero con sol! Ahora pasamos a los destinos m\u00e1s remotos. En nuestra opini\u00f3n, se necesita un m\u00ednimo de 10 d\u00edas para descubrir estos destinos. Si s\u00f3lo dispone de una semana, le aconsejamos que se concentre en nuestras 4 primeras ideas de viajes para hacer en febrero. A s\u00f3lo 7 horas de vuelo de Par\u00eds, el Sultanato de Om\u00e1n es perfecto para descubrirlo en esta \u00e9poca del a\u00f1o, cuando las temperaturas son m\u00e1s soportables que en verano. El pa\u00eds ofrece paisajes impresionantes (monta\u00f1as, desiertos y ca\u00f1ones) y un ambiente aut\u00e9ntico. Los comentarios de los viajeros suelen ser un\u00e1nimes y muy positivos sobre este destino, por lo que no podemos dejar de recomendarlo, especialmente para unas vacaciones al sol en febrero.<\/p>\n    <div class=\"niceButton\"><a href=\"https:\/\/www.booking.com\/searchresults.fr.html?ss=Oman&#038;aid=1286053\" target=\"_blank\" class=\"emojiLink\">\n                    <span class=\"emojiLink__emoji\">\ud83c\uddea\ud83c\uddec<\/span>\n                <span class=\"emojiLink__title title title--big\">Encuentra el mejor alojamiento en Om\u00e1n<\/span>\n    <\/a><\/div>\n\n    \n<img decoding=\"async\" class=\"alignnone size-full wp-image-19196\" src=\"https:\/\/decouvrirensemble.com\/wp-content\/uploads\/2022\/11\/ou-partir-en-fevrier-oman.jpg\" alt=\"visita Om\u00e1n\" width=\"1800\" height=\"1200\" srcset=\"https:\/\/decouvrirensemble.com\/wp-content\/uploads\/2022\/11\/ou-partir-en-fevrier-oman.jpg 1800w, https:\/\/decouvrirensemble.com\/wp-content\/uploads\/2022\/11\/ou-partir-en-fevrier-oman-300x200.jpg 300w, https:\/\/decouvrirensemble.com\/wp-content\/uploads\/2022\/11\/ou-partir-en-fevrier-oman-1024x683.jpg 1024w, https:\/\/decouvrirensemble.com\/wp-content\/uploads\/2022\/11\/ou-partir-en-fevrier-oman-768x512.jpg 768w, https:\/\/decouvrirensemble.com\/wp-content\/uploads\/2022\/11\/ou-partir-en-fevrier-oman-1536x1024.jpg 1536w\" sizes=\"(max-width: 1800px) 100vw, 1800px\" \/>\n<h2><span class=\"ez-toc-section\" id=\"6_Martinica\"><\/span>6. Martinica<span class=\"ez-toc-section-end\"><\/span><\/h2>\n<p>Seguimos d\u00e1ndote ideas de d\u00f3nde ir en febrero con un destino que nos encant\u00f3 descubrir el a\u00f1o pasado por estas fechas, la <a href=\"https:\/\/decouvrirensemble.com\/es\/isla-martinica\" target=\"_blank\" rel=\"noopener\">Martinica<\/a>. Nos enamoramos de este destino franc\u00e9s. Durante nuestro viaje, no par\u00e1bamos de repetirnos lo afortunados que \u00e9ramos de estar en Martinica en esta \u00e9poca del a\u00f1o. El sol brilla, el agua est\u00e1 templada y el ambiente es relajado: \u00a1bienvenidos a Martinica! Si quiere saber m\u00e1s sobre este bello destino, le recomendamos nuestro art\u00edculo dedicado a nuestros 10 d\u00edas en Martinica.<\/p>\n<p>[relance3]<\/p>\n<img decoding=\"async\" class=\"alignnone size-full wp-image-19192\" src=\"https:\/\/decouvrirensemble.com\/wp-content\/uploads\/2022\/11\/ou-partir-en-fevrier-au-soleil-martinique.jpg\" alt=\"d\u00f3nde ir en febrero al sol\" width=\"1800\" height=\"1200\" srcset=\"https:\/\/decouvrirensemble.com\/wp-content\/uploads\/2022\/11\/ou-partir-en-fevrier-au-soleil-martinique.jpg 1800w, https:\/\/decouvrirensemble.com\/wp-content\/uploads\/2022\/11\/ou-partir-en-fevrier-au-soleil-martinique-300x200.jpg 300w, https:\/\/decouvrirensemble.com\/wp-content\/uploads\/2022\/11\/ou-partir-en-fevrier-au-soleil-martinique-1024x683.jpg 1024w, https:\/\/decouvrirensemble.com\/wp-content\/uploads\/2022\/11\/ou-partir-en-fevrier-au-soleil-martinique-768x512.jpg 768w, https:\/\/decouvrirensemble.com\/wp-content\/uploads\/2022\/11\/ou-partir-en-fevrier-au-soleil-martinique-1536x1024.jpg 1536w\" sizes=\"(max-width: 1800px) 100vw, 1800px\" \/>\n<h2><span class=\"ez-toc-section\" id=\"7_Guadalupe\"><\/span>7. Guadalupe<span class=\"ez-toc-section-end\"><\/span><\/h2>\n<p>\u00a1Imposible no hablarte de <a href=\"https:\/\/decouvrirensemble.com\/es\/que-ver-en-isla-guadalupe\" target=\"_blank\" rel=\"noopener\">Guadalupe<\/a> en esta gu\u00eda de d\u00f3nde ir en febrero! Tras un exitoso viaje el a\u00f1o pasado a Martinica, este a\u00f1o decidimos descubrir Guadalupe en febrero. Volveremos aqu\u00ed muy pronto para ampliar esta secci\u00f3n una vez finalizado nuestro viaje. Pero una cosa es segura: \u00a1ser\u00e1 un gran viaje! Al igual que Martinica, Guadalupe tiene un clima perfecto en esta \u00e9poca del a\u00f1o, tambi\u00e9n conocida como estaci\u00f3n seca. Guadalupe tiene fama de ser un poco m\u00e1s salvaje que Martinica, as\u00ed que estamos impacientes por llegar. Te mantendremos informado, \u00a1y quiz\u00e1 t\u00fa tambi\u00e9n!<\/p>\n<p>[relance4]<\/p>\n<img decoding=\"async\" class=\"alignnone size-full wp-image-19191\" src=\"https:\/\/decouvrirensemble.com\/wp-content\/uploads\/2022\/11\/ou-partir-en-fevrier-au-soleil-guadeloupe.jpg\" alt=\"ou partir en f\u00e9vrier au soleil\" width=\"1800\" height=\"1200\" srcset=\"https:\/\/decouvrirensemble.com\/wp-content\/uploads\/2022\/11\/ou-partir-en-fevrier-au-soleil-guadeloupe.jpg 1800w, https:\/\/decouvrirensemble.com\/wp-content\/uploads\/2022\/11\/ou-partir-en-fevrier-au-soleil-guadeloupe-300x200.jpg 300w, https:\/\/decouvrirensemble.com\/wp-content\/uploads\/2022\/11\/ou-partir-en-fevrier-au-soleil-guadeloupe-1024x683.jpg 1024w, https:\/\/decouvrirensemble.com\/wp-content\/uploads\/2022\/11\/ou-partir-en-fevrier-au-soleil-guadeloupe-768x512.jpg 768w, https:\/\/decouvrirensemble.com\/wp-content\/uploads\/2022\/11\/ou-partir-en-fevrier-au-soleil-guadeloupe-1536x1024.jpg 1536w\" sizes=\"(max-width: 1800px) 100vw, 1800px\" \/>\n<h2><span class=\"ez-toc-section\" id=\"8_Florida\"><\/span>8. Florida<span class=\"ez-toc-section-end\"><\/span><\/h2>\n<p>Buscas d\u00f3nde ir en febrero y Estados Unidos es un pa\u00eds que te tienta? Aprovecha para visitar uno de los estados norteamericanos m\u00e1s agradables en esta \u00e9poca del a\u00f1o, Florida, en la costa este del pa\u00eds. La \u00e9poca ideal para descubrir Florida es de diciembre a marzo. Si busca ideas para febrero, le encantar\u00e1 la temperatura media de 26 grados. Tambi\u00e9n es la \u00e9poca del a\u00f1o en la que es menos probable toparse con un cicl\u00f3n tropical. Como recordatorio, la temporada de huracanes y tormentas tropicales en Florida va de junio a noviembre, por lo que conviene evitar este periodo en la medida de lo posible.<\/p>\n<p>Cuando uno piensa en Florida, inmediatamente piensa en Miami y sus paradis\u00edacas playas. Pero una vez all\u00ed, ver\u00e1 que Florida tiene a\u00fan m\u00e1s que ofrecer. En nuestra opini\u00f3n, Florida, apodado el Estado del Sol, es una muy buena elecci\u00f3n de destino para descubrir en familia.<\/p>\n    <div class=\"niceButton\"><a href=\"https:\/\/www.booking.com\/searchresults.fr.html?ss=Florida&#038;aid=1286053\" target=\"_blank\" class=\"emojiLink\">\n                    <span class=\"emojiLink__emoji\">\ud83c\uddfa\ud83c\uddf8<\/span>\n                <span class=\"emojiLink__title title title--big\">Encuentra el mejor alojamiento en Florida<\/span>\n    <\/a><\/div>\n\n    \n<img decoding=\"async\" class=\"alignnone size-full wp-image-19199\" src=\"https:\/\/decouvrirensemble.com\/wp-content\/uploads\/2022\/11\/ou-partir-en-fevrier-vacances-floride.jpg\" alt=\"visita Florida\" width=\"1800\" height=\"1200\" srcset=\"https:\/\/decouvrirensemble.com\/wp-content\/uploads\/2022\/11\/ou-partir-en-fevrier-vacances-floride.jpg 1800w, https:\/\/decouvrirensemble.com\/wp-content\/uploads\/2022\/11\/ou-partir-en-fevrier-vacances-floride-300x200.jpg 300w, https:\/\/decouvrirensemble.com\/wp-content\/uploads\/2022\/11\/ou-partir-en-fevrier-vacances-floride-1024x683.jpg 1024w, https:\/\/decouvrirensemble.com\/wp-content\/uploads\/2022\/11\/ou-partir-en-fevrier-vacances-floride-768x512.jpg 768w, https:\/\/decouvrirensemble.com\/wp-content\/uploads\/2022\/11\/ou-partir-en-fevrier-vacances-floride-1536x1024.jpg 1536w\" sizes=\"(max-width: 1800px) 100vw, 1800px\" \/>\n<h2><span class=\"ez-toc-section\" id=\"9_Mexico\"><\/span>9. M\u00e9xico<span class=\"ez-toc-section-end\"><\/span><\/h2>\n<p>Si hay un momento para descubrir M\u00e9xico, \u00a1es febrero! Este destino est\u00e1 cada vez m\u00e1s de moda, y es f\u00e1cil ver por qu\u00e9. M\u00e9xico es cuatro veces m\u00e1s grande que Francia. As\u00ed que tendr\u00e1 que disponer de tiempo suficiente para aprovecharlo al m\u00e1ximo. La regi\u00f3n m\u00e1s tur\u00edstica del pa\u00eds es Yucat\u00e1n, por lo que es probable que su primer viaje comience por aqu\u00ed. Tendr\u00e1 la oportunidad de descubrir de primera mano el magn\u00edfico templo maya de Chich\u00e9n Itz\u00e1. Para los amantes del submarinismo, no se pierda el mayor museo submarino del mundo en Canc\u00f9n, no muy lejos de Yucat\u00e0n. Naturaleza exuberante, templos mayas, cenotes&#8230; \u00a1M\u00e9xico tiene mucho que ofrecer!<\/p>\n    <div class=\"niceButton\"><a href=\"https:\/\/www.booking.com\/searchresults.fr.html?ss=Mexique&#038;aid=1286053\" target=\"_blank\" class=\"emojiLink\">\n                    <span class=\"emojiLink__emoji\">\ud83c\uddf2\ud83c\uddfd<\/span>\n                <span class=\"emojiLink__title title title--big\">Encuentra el mejor alojamiento en M\u00e9xico<\/span>\n    <\/a><\/div>\n\n    \n<p>[relance5]<\/p>\n<img decoding=\"async\" class=\"alignnone size-full wp-image-19195\" src=\"https:\/\/decouvrirensemble.com\/wp-content\/uploads\/2022\/11\/ou-partir-en-fevrier-mexique.jpg\" alt=\"viaje a mexico\" width=\"1800\" height=\"1200\" srcset=\"https:\/\/decouvrirensemble.com\/wp-content\/uploads\/2022\/11\/ou-partir-en-fevrier-mexique.jpg 1800w, https:\/\/decouvrirensemble.com\/wp-content\/uploads\/2022\/11\/ou-partir-en-fevrier-mexique-300x200.jpg 300w, https:\/\/decouvrirensemble.com\/wp-content\/uploads\/2022\/11\/ou-partir-en-fevrier-mexique-1024x683.jpg 1024w, https:\/\/decouvrirensemble.com\/wp-content\/uploads\/2022\/11\/ou-partir-en-fevrier-mexique-768x512.jpg 768w, https:\/\/decouvrirensemble.com\/wp-content\/uploads\/2022\/11\/ou-partir-en-fevrier-mexique-1536x1024.jpg 1536w\" sizes=\"(max-width: 1800px) 100vw, 1800px\" \/>\n<h2><span class=\"ez-toc-section\" id=\"10_Donde_ir_en_febrero_bajo_el_sol_Pon_rumbo_a_Tailandia_la_ultima_idea_para_tus_vacaciones\"><\/span>10. D\u00f3nde ir en febrero bajo el sol? Pon rumbo a Tailandia, la \u00faltima idea para tus vacaciones<span class=\"ez-toc-section-end\"><\/span><\/h2>\n<p>Es hora de terminar esta selecci\u00f3n con el destino m\u00e1s lejano de este top, Tailandia. Tailandia tambi\u00e9n es un destino ideal si buscas d\u00f3nde ir en febrero con sol. La estaci\u00f3n seca va de diciembre a febrero, y las temperaturas alcanzan una media de 33\u00b0. Si quiere ir a Tailandia con sol, evite el periodo de monzones, entre mayo y octubre.<\/p>\n<p>Tailandia es un pa\u00eds magn\u00edfico con varias islas paradis\u00edacas, templos y una cocina tailandesa excelente y asequible. A\u00fan no hemos descubierto esta parte del mundo, pero todos nuestros conocidos nos animan a hacerlo a principios de a\u00f1o. No dudes en avisarnos si tienes pensado visitar Tailandia pr\u00f3ximamente.<\/p>\n    <div class=\"niceButton\"><a href=\"https:\/\/www.booking.com\/searchresults.fr.html?ss=Tha%C3%AFlande&#038;aid=1286053\" target=\"_blank\" class=\"emojiLink\">\n                    <span class=\"emojiLink__emoji\">\ud83c\uddf9\ud83c\udded<\/span>\n                <span class=\"emojiLink__title title title--big\">Encuentra el mejor alojamiento en Tailandia<\/span>\n    <\/a><\/div>\n\n    \n<img decoding=\"async\" class=\"alignnone size-full wp-image-19198\" src=\"https:\/\/decouvrirensemble.com\/wp-content\/uploads\/2022\/11\/ou-partir-en-fevrier-thailande.jpg\" alt=\"d\u00f3nde ir en febrero\" width=\"1800\" height=\"1200\" srcset=\"https:\/\/decouvrirensemble.com\/wp-content\/uploads\/2022\/11\/ou-partir-en-fevrier-thailande.jpg 1800w, https:\/\/decouvrirensemble.com\/wp-content\/uploads\/2022\/11\/ou-partir-en-fevrier-thailande-300x200.jpg 300w, https:\/\/decouvrirensemble.com\/wp-content\/uploads\/2022\/11\/ou-partir-en-fevrier-thailande-1024x683.jpg 1024w, https:\/\/decouvrirensemble.com\/wp-content\/uploads\/2022\/11\/ou-partir-en-fevrier-thailande-768x512.jpg 768w, https:\/\/decouvrirensemble.com\/wp-content\/uploads\/2022\/11\/ou-partir-en-fevrier-thailande-1536x1024.jpg 1536w\" sizes=\"(max-width: 1800px) 100vw, 1800px\" \/>\n<h2><span class=\"ez-toc-section\" id=\"Donde_ir_en_febrero_como_organizar_bien_tu_viaje\"><\/span>D\u00f3nde ir en febrero, c\u00f3mo organizar bien tu viaje<span class=\"ez-toc-section-end\"><\/span><\/h2>\n<h3><span class=\"ez-toc-section\" id=\"Como_llegar_al_destino_elegido\"><\/span>C\u00f3mo llegar al destino elegido<span class=\"ez-toc-section-end\"><\/span><\/h3>\n<p>Para encontrar el mejor medio de transporte para llegar a tu destino, te aconsejamos que consultes siempre el comparador OMIO. Esto le dar\u00e1 una visi\u00f3n general de todos los modos de transporte disponibles, por lo que puede comparar precios muy f\u00e1cilmente.<\/p>\n    <div class=\"niceButton\"><a href=\"https:\/\/www.omio.es\/?cjdata=MXxZfDB8WXww&#038;utm_source=affiliate_CJ&#038;utm_medium=cpc&#038;utm_term=100603082_13394886&#038;cjevent=2e0f2ea8184c11ef83bb011d0a18b8fc&#038;CID=1550979&#038;TYPE=426669&#038;utm_campaign=affiliate_PRSP_FR_WEB_S_General_CPO\" target=\"_blank\" class=\"emojiLink\">\n                    <span class=\"emojiLink__emoji\">\ud83d\ude80<\/span>\n                <span class=\"emojiLink__title title title--big\">M\u00e1s informaci\u00f3n<\/span>\n    <\/a><\/div>\n\n    \n<h3><span class=\"ez-toc-section\" id=\"Como_alquilar_un_coche_al_mejor_precio\"><\/span>C\u00f3mo alquilar un coche al mejor precio<span class=\"ez-toc-section-end\"><\/span><\/h3>\n<p>Si quieres alquilar un coche en tu viaje, te recomendamos que busques en la web RentalCars. Te ayudar\u00e1 a encontrar los mejores precios y condiciones para tu alquiler.<\/p>\n    <div class=\"niceButton\"><a href=\"https:\/\/www.rentalcars.com\/es\/?adplat=100603082&#038;adcamp=&#038;adco=13881394&#038;affiliateCode=cjemea&#038;click_id=1bf2b216b08611ed804090d20a18b8fa\" target=\"_blank\" class=\"emojiLink\">\n                    <span class=\"emojiLink__emoji\">\ud83d\ude97<\/span>\n                <span class=\"emojiLink__title title title--big\">M\u00e1s informaci\u00f3n<\/span>\n    <\/a><\/div>\n\n    \n<img decoding=\"async\" class=\"alignnone wp-image-16403 size-full\" src=\"https:\/\/decouvrirensemble.com\/wp-content\/uploads\/2022\/03\/Loueur_voiture_Ibiza_centauro.jpg\" alt=\"\" width=\"1800\" height=\"1200\" srcset=\"https:\/\/decouvrirensemble.com\/wp-content\/uploads\/2022\/03\/Loueur_voiture_Ibiza_centauro.jpg 1800w, https:\/\/decouvrirensemble.com\/wp-content\/uploads\/2022\/03\/Loueur_voiture_Ibiza_centauro-300x200.jpg 300w, https:\/\/decouvrirensemble.com\/wp-content\/uploads\/2022\/03\/Loueur_voiture_Ibiza_centauro-1024x683.jpg 1024w, https:\/\/decouvrirensemble.com\/wp-content\/uploads\/2022\/03\/Loueur_voiture_Ibiza_centauro-768x512.jpg 768w, https:\/\/decouvrirensemble.com\/wp-content\/uploads\/2022\/03\/Loueur_voiture_Ibiza_centauro-1536x1024.jpg 1536w\" sizes=\"(max-width: 1800px) 100vw, 1800px\" \/>\n<h3><span class=\"ez-toc-section\" id=\"Como_encontrar_los_mejores_hoteles\"><\/span>C\u00f3mo encontrar los mejores hoteles<span class=\"ez-toc-section-end\"><\/span><\/h3>\n<p>Para encontrar los mejores hoteles y beneficiarnos de las mejores condiciones (seguridad, cancelaci\u00f3n&#8230;) utilizamos casi exclusivamente Booking.com para nuestros viajes. Te recomendamos que eches un vistazo a los hoteles disponibles antes de salir. Puedes filtrarlos seg\u00fan sus valoraciones. Hay un mont\u00f3n de opiniones recientes de clientes, \u00a1lo que significa que no te llevar\u00e1s sorpresas desagradables cuando est\u00e9s de viaje!<\/p>\n    <div class=\"niceButton\"><a href=\"https:\/\/www.booking.com\/index.html?aid=1286053\" target=\"_blank\" class=\"emojiLink\">\n                    <span class=\"emojiLink__emoji\">\ud83d\ude34<\/span>\n                <span class=\"emojiLink__title title title--big\">M\u00e1s informaci\u00f3n<\/span>\n    <\/a><\/div>\n\n    \n<img decoding=\"async\" class=\"alignnone wp-image-17016 size-full\" src=\"https:\/\/decouvrirensemble.com\/wp-content\/uploads\/2022\/04\/Meilleurs-hotels-a-ibiza-petunia.jpg\" alt=\"\" width=\"1800\" height=\"1200\" srcset=\"https:\/\/decouvrirensemble.com\/wp-content\/uploads\/2022\/04\/Meilleurs-hotels-a-ibiza-petunia.jpg 1800w, https:\/\/decouvrirensemble.com\/wp-content\/uploads\/2022\/04\/Meilleurs-hotels-a-ibiza-petunia-300x200.jpg 300w, https:\/\/decouvrirensemble.com\/wp-content\/uploads\/2022\/04\/Meilleurs-hotels-a-ibiza-petunia-1024x683.jpg 1024w, https:\/\/decouvrirensemble.com\/wp-content\/uploads\/2022\/04\/Meilleurs-hotels-a-ibiza-petunia-768x512.jpg 768w, https:\/\/decouvrirensemble.com\/wp-content\/uploads\/2022\/04\/Meilleurs-hotels-a-ibiza-petunia-1536x1024.jpg 1536w\" sizes=\"(max-width: 1800px) 100vw, 1800px\" \/>\n<h3><span class=\"ez-toc-section\" id=\"Como_encontrar_ideas_de_actividades_para_hacer_en_tus_vacaciones_de_febrero\"><\/span>C\u00f3mo encontrar ideas de actividades para hacer en tus vacaciones de febrero<span class=\"ez-toc-section-end\"><\/span><\/h3>\n<p>Si quiere obtener ideas de actividades para hacer durante sus vacaciones y quiere reservar con antelaci\u00f3n, tambi\u00e9n le recomendamos que consulte el sitio GetYourGuide. De este modo, tendr\u00e1s una visi\u00f3n general de las actividades que se ofrecen en tu destino y no tendr\u00e1s que esperar a llegar para reservar tus plazas.<\/p>\n    <div class=\"niceButton\"><a href=\"https:\/\/www.getyourguide.es?partner_id=QTAK8D9&#038;utm_medium=online_publisher&#038;placement=%22other%22\" target=\"_blank\" class=\"emojiLink\">\n                    <span class=\"emojiLink__emoji\">\ud83e\udd73<\/span>\n                <span class=\"emojiLink__title title title--big\">M\u00e1s informaci\u00f3n<\/span>\n    <\/a><\/div>\n\n    \n<img decoding=\"async\" class=\"alignnone size-full wp-image-20845\" src=\"https:\/\/decouvrirensemble.com\/wp-content\/uploads\/2023\/03\/ou-partir-en-vacances-en-aout.jpg\" alt=\"d\u00f3nde ir de vacaciones en agosto\" width=\"1800\" height=\"1200\" srcset=\"https:\/\/decouvrirensemble.com\/wp-content\/uploads\/2023\/03\/ou-partir-en-vacances-en-aout.jpg 1800w, https:\/\/decouvrirensemble.com\/wp-content\/uploads\/2023\/03\/ou-partir-en-vacances-en-aout-300x200.jpg 300w, https:\/\/decouvrirensemble.com\/wp-content\/uploads\/2023\/03\/ou-partir-en-vacances-en-aout-1024x683.jpg 1024w, https:\/\/decouvrirensemble.com\/wp-content\/uploads\/2023\/03\/ou-partir-en-vacances-en-aout-768x512.jpg 768w, https:\/\/decouvrirensemble.com\/wp-content\/uploads\/2023\/03\/ou-partir-en-vacances-en-aout-1536x1024.jpg 1536w\" sizes=\"(max-width: 1800px) 100vw, 1800px\" \/>\n<p>[gracias]<\/p>\n\n\n<div class=\"kk-star-ratings kksr-auto kksr-align-left kksr-valign-bottom\"\n    data-payload='{&quot;align&quot;:&quot;left&quot;,&quot;id&quot;:&quot;43833&quot;,&quot;slug&quot;:&quot;default&quot;,&quot;valign&quot;:&quot;bottom&quot;,&quot;ignore&quot;:&quot;&quot;,&quot;reference&quot;:&quot;auto&quot;,&quot;class&quot;:&quot;&quot;,&quot;count&quot;:&quot;15&quot;,&quot;legendonly&quot;:&quot;&quot;,&quot;readonly&quot;:&quot;&quot;,&quot;score&quot;:&quot;5&quot;,&quot;starsonly&quot;:&quot;&quot;,&quot;best&quot;:&quot;5&quot;,&quot;gap&quot;:&quot;4&quot;,&quot;greet&quot;:&quot;Sea el primero en valorar esta entrada de blog.&quot;,&quot;legend&quot;:&quot;5\\\/5 - (15 votos)&quot;,&quot;size&quot;:&quot;21&quot;,&quot;title&quot;:&quot;\u00bfD\u00f3nde viajar en febrero? Las mejores ideas para sus vacaciones&quot;,&quot;width&quot;:&quot;123&quot;,&quot;_legend&quot;:&quot;{score}\\\/{best} - ({count} {votes})&quot;,&quot;font_factor&quot;:&quot;1.25&quot;}'>\n            \n<div class=\"kksr-stars\">\n    \n<div class=\"kksr-stars-inactive\">\n            <div class=\"kksr-star\" data-star=\"1\" style=\"padding-right: 4px\">\n            \n\n<div class=\"kksr-icon\" style=\"width: 21px; height: 21px;\"><\/div>\n        <\/div>\n            <div class=\"kksr-star\" data-star=\"2\" style=\"padding-right: 4px\">\n            \n\n<div class=\"kksr-icon\" style=\"width: 21px; height: 21px;\"><\/div>\n        <\/div>\n            <div class=\"kksr-star\" data-star=\"3\" style=\"padding-right: 4px\">\n            \n\n<div class=\"kksr-icon\" style=\"width: 21px; height: 21px;\"><\/div>\n        <\/div>\n            <div class=\"kksr-star\" data-star=\"4\" style=\"padding-right: 4px\">\n            \n\n<div class=\"kksr-icon\" style=\"width: 21px; height: 21px;\"><\/div>\n        <\/div>\n            <div class=\"kksr-star\" data-star=\"5\" style=\"padding-right: 4px\">\n            \n\n<div class=\"kksr-icon\" style=\"width: 21px; height: 21px;\"><\/div>\n        <\/div>\n    <\/div>\n    \n<div class=\"kksr-stars-active\" style=\"width: 123px;\">\n            <div class=\"kksr-star\" style=\"padding-right: 4px\">\n            \n\n<div class=\"kksr-icon\" style=\"width: 21px; height: 21px;\"><\/div>\n        <\/div>\n            <div class=\"kksr-star\" style=\"padding-right: 4px\">\n            \n\n<div class=\"kksr-icon\" style=\"width: 21px; height: 21px;\"><\/div>\n        <\/div>\n            <div class=\"kksr-star\" style=\"padding-right: 4px\">\n            \n\n<div class=\"kksr-icon\" style=\"width: 21px; height: 21px;\"><\/div>\n        <\/div>\n            <div class=\"kksr-star\" style=\"padding-right: 4px\">\n            \n\n<div class=\"kksr-icon\" style=\"width: 21px; height: 21px;\"><\/div>\n        <\/div>\n            <div class=\"kksr-star\" style=\"padding-right: 4px\">\n            \n\n<div class=\"kksr-icon\" style=\"width: 21px; height: 21px;\"><\/div>\n        <\/div>\n    <\/div>\n<\/div>\n                \n\n<div class=\"kksr-legend\" style=\"font-size: 16.8px;\">\n            5\/5 - (15 votos)    <\/div>\n    <\/div>\n","protected":false},"excerpt":{"rendered":"<p>\u00bfSe pregunta d\u00f3nde ir en febrero al sol? \u00bfLe apetece tomarse unas vacaciones y alejarse del fr\u00edo de principios de a\u00f1o? Somos muchos los que buscamos lugares a los que ir en febrero para disfrutar del sol durante las vacaciones.<\/p>\n","protected":false},"author":1,"featured_media":47577,"comment_status":"open","ping_status":"closed","sticky":false,"template":"","format":"standard","meta":{"_acf_changed":false,"_lmt_disableupdate":"no","_lmt_disable":"no","footnotes":""},"categories":[517],"tags":[],"class_list":["post-43833","post","type-post","status-publish","format-standard","has-post-thumbnail","hentry","category-donde-viajar"],"acf":[],"yoast_head":"<!-- This site is optimized with the Yoast SEO plugin v27.4 - https:\/\/yoast.com\/product\/yoast-seo-wordpress\/ -->\n<title>\u00bfD\u00f3nde viajar en febrero? Las mejores ideas para sus vacaciones<\/title>\n<meta name=\"description\" content=\"\u00bfBusca d\u00f3nde viajar en febrero? \u00a1Desc\u00fabralo en nuestro blog de viajes con nuestra selecci\u00f3n de destinos de vacaciones!d\u00f3nde viajar en febrero\" \/>\n<meta name=\"robots\" content=\"index, follow, max-snippet:-1, max-image-preview:large, max-video-preview:-1\" \/>\n<link rel=\"canonical\" href=\"https:\/\/decouvrirensemble.com\/es\/donde-viajar-en-febrero\" \/>\n<meta property=\"og:locale\" content=\"es_ES\" \/>\n<meta property=\"og:type\" content=\"article\" \/>\n<meta property=\"og:title\" content=\"\u00bfD\u00f3nde viajar en febrero? Las mejores ideas para sus vacaciones\" \/>\n<meta property=\"og:description\" content=\"\u00bfBusca d\u00f3nde viajar en febrero? \u00a1Desc\u00fabralo en nuestro blog de viajes con nuestra selecci\u00f3n de destinos de vacaciones!d\u00f3nde viajar en febrero\" \/>\n<meta property=\"og:url\" content=\"https:\/\/decouvrirensemble.com\/es\/donde-viajar-en-febrero\" \/>\n<meta property=\"og:site_name\" content=\"Blog Voyage - D\u00e9couvrir Ensemble\" \/>\n<meta property=\"article:published_time\" content=\"2022-12-02T16:32:11+00:00\" \/>\n<meta property=\"article:modified_time\" content=\"2026-04-13T13:03:47+00:00\" \/>\n<meta property=\"og:image\" content=\"https:\/\/decouvrirensemble.com\/wp-content\/uploads\/2022\/12\/ou-partir-en-fevrier-au-soleil-blog-voyage.jpg\" \/>\n\t<meta property=\"og:image:width\" content=\"1800\" \/>\n\t<meta property=\"og:image:height\" content=\"1350\" \/>\n\t<meta property=\"og:image:type\" content=\"image\/jpeg\" \/>\n<meta name=\"author\" content=\"Cl\u00e9mence &amp; Alexandre\" \/>\n<meta name=\"twitter:card\" content=\"summary_large_image\" \/>\n<meta name=\"twitter:creator\" content=\"@dcouvrirensmble\" \/>\n<meta name=\"twitter:site\" content=\"@dcouvrirensmble\" \/>\n<meta name=\"twitter:label1\" content=\"Escrito por\" \/>\n\t<meta name=\"twitter:data1\" content=\"Cl\u00e9mence &amp; Alexandre\" \/>\n\t<meta name=\"twitter:label2\" content=\"Tiempo de lectura\" \/>\n\t<meta name=\"twitter:data2\" content=\"12 minutos\" \/>\n<script type=\"application\/ld+json\" class=\"yoast-schema-graph\">{\"@context\":\"https:\\\/\\\/schema.org\",\"@graph\":[{\"@type\":\"Article\",\"@id\":\"https:\\\/\\\/decouvrirensemble.com\\\/es\\\/donde-viajar-en-febrero#article\",\"isPartOf\":{\"@id\":\"https:\\\/\\\/decouvrirensemble.com\\\/es\\\/donde-viajar-en-febrero\"},\"author\":{\"name\":\"Cl\u00e9mence &amp; Alexandre\",\"@id\":\"https:\\\/\\\/decouvrirensemble.com\\\/es#\\\/schema\\\/person\\\/a53efd44d02eb7f9ab90f96e84a9d2ba\"},\"headline\":\"\u00bfD\u00f3nde viajar en febrero? Las mejores ideas para sus vacaciones\",\"datePublished\":\"2022-12-02T16:32:11+00:00\",\"dateModified\":\"2026-04-13T13:03:47+00:00\",\"mainEntityOfPage\":{\"@id\":\"https:\\\/\\\/decouvrirensemble.com\\\/es\\\/donde-viajar-en-febrero\"},\"wordCount\":1997,\"commentCount\":0,\"publisher\":{\"@id\":\"https:\\\/\\\/decouvrirensemble.com\\\/es#\\\/schema\\\/person\\\/a53efd44d02eb7f9ab90f96e84a9d2ba\"},\"image\":{\"@id\":\"https:\\\/\\\/decouvrirensemble.com\\\/es\\\/donde-viajar-en-febrero#primaryimage\"},\"thumbnailUrl\":\"https:\\\/\\\/decouvrirensemble.com\\\/wp-content\\\/uploads\\\/2022\\\/12\\\/ou-partir-en-fevrier-au-soleil-blog-voyage.jpg\",\"articleSection\":[\"\u00bfD\u00f3nde viajar?\"],\"inLanguage\":\"es\",\"potentialAction\":[{\"@type\":\"CommentAction\",\"name\":\"Comment\",\"target\":[\"https:\\\/\\\/decouvrirensemble.com\\\/es\\\/donde-viajar-en-febrero#respond\"]}]},{\"@type\":\"WebPage\",\"@id\":\"https:\\\/\\\/decouvrirensemble.com\\\/es\\\/donde-viajar-en-febrero\",\"url\":\"https:\\\/\\\/decouvrirensemble.com\\\/es\\\/donde-viajar-en-febrero\",\"name\":\"\u00bfD\u00f3nde viajar en febrero? Las mejores ideas para sus vacaciones\",\"isPartOf\":{\"@id\":\"https:\\\/\\\/decouvrirensemble.com\\\/es#website\"},\"primaryImageOfPage\":{\"@id\":\"https:\\\/\\\/decouvrirensemble.com\\\/es\\\/donde-viajar-en-febrero#primaryimage\"},\"image\":{\"@id\":\"https:\\\/\\\/decouvrirensemble.com\\\/es\\\/donde-viajar-en-febrero#primaryimage\"},\"thumbnailUrl\":\"https:\\\/\\\/decouvrirensemble.com\\\/wp-content\\\/uploads\\\/2022\\\/12\\\/ou-partir-en-fevrier-au-soleil-blog-voyage.jpg\",\"datePublished\":\"2022-12-02T16:32:11+00:00\",\"dateModified\":\"2026-04-13T13:03:47+00:00\",\"description\":\"\u00bfBusca d\u00f3nde viajar en febrero? \u00a1Desc\u00fabralo en nuestro blog de viajes con nuestra selecci\u00f3n de destinos de vacaciones!d\u00f3nde viajar en febrero\",\"breadcrumb\":{\"@id\":\"https:\\\/\\\/decouvrirensemble.com\\\/es\\\/donde-viajar-en-febrero#breadcrumb\"},\"inLanguage\":\"es\",\"potentialAction\":[{\"@type\":\"ReadAction\",\"target\":[\"https:\\\/\\\/decouvrirensemble.com\\\/es\\\/donde-viajar-en-febrero\"]}]},{\"@type\":\"ImageObject\",\"inLanguage\":\"es\",\"@id\":\"https:\\\/\\\/decouvrirensemble.com\\\/es\\\/donde-viajar-en-febrero#primaryimage\",\"url\":\"https:\\\/\\\/decouvrirensemble.com\\\/wp-content\\\/uploads\\\/2022\\\/12\\\/ou-partir-en-fevrier-au-soleil-blog-voyage.jpg\",\"contentUrl\":\"https:\\\/\\\/decouvrirensemble.com\\\/wp-content\\\/uploads\\\/2022\\\/12\\\/ou-partir-en-fevrier-au-soleil-blog-voyage.jpg\",\"width\":1800,\"height\":1350,\"caption\":\"O\u00f9 partir en F\u00e9vrier au soleil\"},{\"@type\":\"BreadcrumbList\",\"@id\":\"https:\\\/\\\/decouvrirensemble.com\\\/es\\\/donde-viajar-en-febrero#breadcrumb\",\"itemListElement\":[{\"@type\":\"ListItem\",\"position\":1,\"name\":\"Accueil\",\"item\":\"https:\\\/\\\/decouvrirensemble.com\\\/es\"},{\"@type\":\"ListItem\",\"position\":2,\"name\":\"\u00bfD\u00f3nde viajar?\",\"item\":\"https:\\\/\\\/decouvrirensemble.com\\\/es\\\/donde-viajar\"},{\"@type\":\"ListItem\",\"position\":3,\"name\":\"\u00bfD\u00f3nde viajar en febrero? Las mejores ideas para sus vacaciones\"}]},{\"@type\":\"WebSite\",\"@id\":\"https:\\\/\\\/decouvrirensemble.com\\\/es#website\",\"url\":\"https:\\\/\\\/decouvrirensemble.com\\\/es\",\"name\":\"Blog Voyage - D\u00e9couvrir Ensemble\",\"description\":\"Le Blog Voyage de Clem et Alex\",\"publisher\":{\"@id\":\"https:\\\/\\\/decouvrirensemble.com\\\/es#\\\/schema\\\/person\\\/a53efd44d02eb7f9ab90f96e84a9d2ba\"},\"potentialAction\":[{\"@type\":\"SearchAction\",\"target\":{\"@type\":\"EntryPoint\",\"urlTemplate\":\"https:\\\/\\\/decouvrirensemble.com\\\/es?s={search_term_string}\"},\"query-input\":{\"@type\":\"PropertyValueSpecification\",\"valueRequired\":true,\"valueName\":\"search_term_string\"}}],\"inLanguage\":\"es\"},{\"@type\":[\"Person\",\"Organization\"],\"@id\":\"https:\\\/\\\/decouvrirensemble.com\\\/es#\\\/schema\\\/person\\\/a53efd44d02eb7f9ab90f96e84a9d2ba\",\"name\":\"Cl\u00e9mence &amp; Alexandre\",\"image\":{\"@type\":\"ImageObject\",\"inLanguage\":\"es\",\"@id\":\"https:\\\/\\\/decouvrirensemble.com\\\/wp-content\\\/uploads\\\/2024\\\/04\\\/logo-decouvrir-ensemble-blog-voyage.jpg\",\"url\":\"https:\\\/\\\/decouvrirensemble.com\\\/wp-content\\\/uploads\\\/2024\\\/04\\\/logo-decouvrir-ensemble-blog-voyage.jpg\",\"contentUrl\":\"https:\\\/\\\/decouvrirensemble.com\\\/wp-content\\\/uploads\\\/2024\\\/04\\\/logo-decouvrir-ensemble-blog-voyage.jpg\",\"width\":1563,\"height\":529,\"caption\":\"Cl\u00e9mence &amp; Alexandre\"},\"logo\":{\"@id\":\"https:\\\/\\\/decouvrirensemble.com\\\/wp-content\\\/uploads\\\/2024\\\/04\\\/logo-decouvrir-ensemble-blog-voyage.jpg\"},\"sameAs\":[\"https:\\\/\\\/decouvrirensemble.com\\\/\"]}]}<\/script>\n<!-- \/ Yoast SEO plugin. -->","yoast_head_json":{"title":"\u00bfD\u00f3nde viajar en febrero? Las mejores ideas para sus vacaciones","description":"\u00bfBusca d\u00f3nde viajar en febrero? \u00a1Desc\u00fabralo en nuestro blog de viajes con nuestra selecci\u00f3n de destinos de vacaciones!d\u00f3nde viajar en febrero","robots":{"index":"index","follow":"follow","max-snippet":"max-snippet:-1","max-image-preview":"max-image-preview:large","max-video-preview":"max-video-preview:-1"},"canonical":"https:\/\/decouvrirensemble.com\/es\/donde-viajar-en-febrero","og_locale":"es_ES","og_type":"article","og_title":"\u00bfD\u00f3nde viajar en febrero? Las mejores ideas para sus vacaciones","og_description":"\u00bfBusca d\u00f3nde viajar en febrero? \u00a1Desc\u00fabralo en nuestro blog de viajes con nuestra selecci\u00f3n de destinos de vacaciones!d\u00f3nde viajar en febrero","og_url":"https:\/\/decouvrirensemble.com\/es\/donde-viajar-en-febrero","og_site_name":"Blog Voyage - D\u00e9couvrir Ensemble","article_published_time":"2022-12-02T16:32:11+00:00","article_modified_time":"2026-04-13T13:03:47+00:00","og_image":[{"width":1800,"height":1350,"url":"https:\/\/decouvrirensemble.com\/wp-content\/uploads\/2022\/12\/ou-partir-en-fevrier-au-soleil-blog-voyage.jpg","type":"image\/jpeg"}],"author":"Cl\u00e9mence &amp; Alexandre","twitter_card":"summary_large_image","twitter_creator":"@dcouvrirensmble","twitter_site":"@dcouvrirensmble","twitter_misc":{"Escrito por":"Cl\u00e9mence &amp; Alexandre","Tiempo de lectura":"12 minutos"},"schema":{"@context":"https:\/\/schema.org","@graph":[{"@type":"Article","@id":"https:\/\/decouvrirensemble.com\/es\/donde-viajar-en-febrero#article","isPartOf":{"@id":"https:\/\/decouvrirensemble.com\/es\/donde-viajar-en-febrero"},"author":{"name":"Cl\u00e9mence &amp; Alexandre","@id":"https:\/\/decouvrirensemble.com\/es#\/schema\/person\/a53efd44d02eb7f9ab90f96e84a9d2ba"},"headline":"\u00bfD\u00f3nde viajar en febrero? Las mejores ideas para sus vacaciones","datePublished":"2022-12-02T16:32:11+00:00","dateModified":"2026-04-13T13:03:47+00:00","mainEntityOfPage":{"@id":"https:\/\/decouvrirensemble.com\/es\/donde-viajar-en-febrero"},"wordCount":1997,"commentCount":0,"publisher":{"@id":"https:\/\/decouvrirensemble.com\/es#\/schema\/person\/a53efd44d02eb7f9ab90f96e84a9d2ba"},"image":{"@id":"https:\/\/decouvrirensemble.com\/es\/donde-viajar-en-febrero#primaryimage"},"thumbnailUrl":"https:\/\/decouvrirensemble.com\/wp-content\/uploads\/2022\/12\/ou-partir-en-fevrier-au-soleil-blog-voyage.jpg","articleSection":["\u00bfD\u00f3nde viajar?"],"inLanguage":"es","potentialAction":[{"@type":"CommentAction","name":"Comment","target":["https:\/\/decouvrirensemble.com\/es\/donde-viajar-en-febrero#respond"]}]},{"@type":"WebPage","@id":"https:\/\/decouvrirensemble.com\/es\/donde-viajar-en-febrero","url":"https:\/\/decouvrirensemble.com\/es\/donde-viajar-en-febrero","name":"\u00bfD\u00f3nde viajar en febrero? Las mejores ideas para sus vacaciones","isPartOf":{"@id":"https:\/\/decouvrirensemble.com\/es#website"},"primaryImageOfPage":{"@id":"https:\/\/decouvrirensemble.com\/es\/donde-viajar-en-febrero#primaryimage"},"image":{"@id":"https:\/\/decouvrirensemble.com\/es\/donde-viajar-en-febrero#primaryimage"},"thumbnailUrl":"https:\/\/decouvrirensemble.com\/wp-content\/uploads\/2022\/12\/ou-partir-en-fevrier-au-soleil-blog-voyage.jpg","datePublished":"2022-12-02T16:32:11+00:00","dateModified":"2026-04-13T13:03:47+00:00","description":"\u00bfBusca d\u00f3nde viajar en febrero? \u00a1Desc\u00fabralo en nuestro blog de viajes con nuestra selecci\u00f3n de destinos de vacaciones!d\u00f3nde viajar en febrero","breadcrumb":{"@id":"https:\/\/decouvrirensemble.com\/es\/donde-viajar-en-febrero#breadcrumb"},"inLanguage":"es","potentialAction":[{"@type":"ReadAction","target":["https:\/\/decouvrirensemble.com\/es\/donde-viajar-en-febrero"]}]},{"@type":"ImageObject","inLanguage":"es","@id":"https:\/\/decouvrirensemble.com\/es\/donde-viajar-en-febrero#primaryimage","url":"https:\/\/decouvrirensemble.com\/wp-content\/uploads\/2022\/12\/ou-partir-en-fevrier-au-soleil-blog-voyage.jpg","contentUrl":"https:\/\/decouvrirensemble.com\/wp-content\/uploads\/2022\/12\/ou-partir-en-fevrier-au-soleil-blog-voyage.jpg","width":1800,"height":1350,"caption":"O\u00f9 partir en F\u00e9vrier au soleil"},{"@type":"BreadcrumbList","@id":"https:\/\/decouvrirensemble.com\/es\/donde-viajar-en-febrero#breadcrumb","itemListElement":[{"@type":"ListItem","position":1,"name":"Accueil","item":"https:\/\/decouvrirensemble.com\/es"},{"@type":"ListItem","position":2,"name":"\u00bfD\u00f3nde viajar?","item":"https:\/\/decouvrirensemble.com\/es\/donde-viajar"},{"@type":"ListItem","position":3,"name":"\u00bfD\u00f3nde viajar en febrero? Las mejores ideas para sus vacaciones"}]},{"@type":"WebSite","@id":"https:\/\/decouvrirensemble.com\/es#website","url":"https:\/\/decouvrirensemble.com\/es","name":"Blog Voyage - D\u00e9couvrir Ensemble","description":"Le Blog Voyage de Clem et Alex","publisher":{"@id":"https:\/\/decouvrirensemble.com\/es#\/schema\/person\/a53efd44d02eb7f9ab90f96e84a9d2ba"},"potentialAction":[{"@type":"SearchAction","target":{"@type":"EntryPoint","urlTemplate":"https:\/\/decouvrirensemble.com\/es?s={search_term_string}"},"query-input":{"@type":"PropertyValueSpecification","valueRequired":true,"valueName":"search_term_string"}}],"inLanguage":"es"},{"@type":["Person","Organization"],"@id":"https:\/\/decouvrirensemble.com\/es#\/schema\/person\/a53efd44d02eb7f9ab90f96e84a9d2ba","name":"Cl\u00e9mence &amp; Alexandre","image":{"@type":"ImageObject","inLanguage":"es","@id":"https:\/\/decouvrirensemble.com\/wp-content\/uploads\/2024\/04\/logo-decouvrir-ensemble-blog-voyage.jpg","url":"https:\/\/decouvrirensemble.com\/wp-content\/uploads\/2024\/04\/logo-decouvrir-ensemble-blog-voyage.jpg","contentUrl":"https:\/\/decouvrirensemble.com\/wp-content\/uploads\/2024\/04\/logo-decouvrir-ensemble-blog-voyage.jpg","width":1563,"height":529,"caption":"Cl\u00e9mence &amp; Alexandre"},"logo":{"@id":"https:\/\/decouvrirensemble.com\/wp-content\/uploads\/2024\/04\/logo-decouvrir-ensemble-blog-voyage.jpg"},"sameAs":["https:\/\/decouvrirensemble.com\/"]}]}},"modified_by":"Cl\u00e9mence &amp; Alexandre","_links":{"self":[{"href":"https:\/\/decouvrirensemble.com\/es\/wp-json\/wp\/v2\/posts\/43833","targetHints":{"allow":["GET"]}}],"collection":[{"href":"https:\/\/decouvrirensemble.com\/es\/wp-json\/wp\/v2\/posts"}],"about":[{"href":"https:\/\/decouvrirensemble.com\/es\/wp-json\/wp\/v2\/types\/post"}],"author":[{"embeddable":true,"href":"https:\/\/decouvrirensemble.com\/es\/wp-json\/wp\/v2\/users\/1"}],"replies":[{"embeddable":true,"href":"https:\/\/decouvrirensemble.com\/es\/wp-json\/wp\/v2\/comments?post=43833"}],"version-history":[{"count":3,"href":"https:\/\/decouvrirensemble.com\/es\/wp-json\/wp\/v2\/posts\/43833\/revisions"}],"predecessor-version":[{"id":65694,"href":"https:\/\/decouvrirensemble.com\/es\/wp-json\/wp\/v2\/posts\/43833\/revisions\/65694"}],"wp:featuredmedia":[{"embeddable":true,"href":"https:\/\/decouvrirensemble.com\/es\/wp-json\/wp\/v2\/media\/47577"}],"wp:attachment":[{"href":"https:\/\/decouvrirensemble.com\/es\/wp-json\/wp\/v2\/media?parent=43833"}],"wp:term":[{"taxonomy":"category","embeddable":true,"href":"https:\/\/decouvrirensemble.com\/es\/wp-json\/wp\/v2\/categories?post=43833"},{"taxonomy":"post_tag","embeddable":true,"href":"https:\/\/decouvrirensemble.com\/es\/wp-json\/wp\/v2\/tags?post=43833"}],"curies":[{"name":"wp","href":"https:\/\/api.w.org\/{rel}","templated":true}]}}