{"id":43836,"date":"2023-01-14T23:14:14","date_gmt":"2023-01-14T22:14:14","guid":{"rendered":"https:\/\/decouvrirensemble.com\/?p=43836"},"modified":"2026-04-13T15:02:35","modified_gmt":"2026-04-13T13:02:35","slug":"donde-viajar-en-marzo","status":"publish","type":"post","link":"https:\/\/decouvrirensemble.com\/es\/donde-viajar-en-marzo","title":{"rendered":"\u00bfD\u00f3nde viajar en marzo? Las mejores ideas para sus vacaciones"},"content":{"rendered":"<p>No olvide que los destinos de nuestra selecci\u00f3n de febrero tambi\u00e9n son v\u00e1lidos para marzo. As\u00ed que si despu\u00e9s de leer esta entrada del blog a\u00fan necesita algo de inspiraci\u00f3n, no dude en echar un vistazo a nuestras ideas sobre d\u00f3nde ir en febrero al sol. En marzo hace fr\u00edo y est\u00e1 gris en Europa, \u00a1pero hay lugares donde todav\u00eda brilla el sol! Si lo que le apetece es luz y calor, \u00bfpor qu\u00e9 no se va de vacaciones a un destino donde todav\u00eda brille el sol, con selvas tropicales, playas de arena y palmeras? En este art\u00edculo encontrar\u00e1 diez ideas de destinos que le ayudar\u00e1n a encontrar el lugar perfecto para su pr\u00f3ximo viaje al sol. Estas ideas se basan en nuestra propia lista de deseos, pero son, por supuesto, subjetivas. No dude en compartir sus destinos favoritos para esta \u00e9poca del a\u00f1o en los comentarios. Esperamos que este art\u00edculo le ayude a encontrar el destino perfecto para sus pr\u00f3ximas vacaciones en marzo. \u00a1Buen viaje!<\/p>\n<h2><span class=\"ez-toc-section\" id=\"1_%C2%BFDonde_ir_en_marzo_al_sol_Pon_rumbo_a_la_Costa_del_Sol_en_Espana\"><\/span>1. \u00bfD\u00f3nde ir en marzo al sol? Pon rumbo a la Costa del Sol en Espa\u00f1a<span class=\"ez-toc-section-end\"><\/span><\/h2>\n<p>Comenzamos nuestra selecci\u00f3n de destinos para d\u00f3nde ir en marzo con sol con la Costa del Sol. La Costa del Sol es una regi\u00f3n costera del sur de Espa\u00f1a, en la provincia de M\u00e1laga. Situada al sur de <a href=\"https:\/\/decouvrirensemble.com\/es\/que-ver-en-andalucia\" target=\"_blank\" rel=\"noopener\">Andaluc\u00eda<\/a>, este destino es, como su nombre indica, conocido por sus playas de arena fina y su agradable clima durante todo el a\u00f1o. Con temperaturas medias de entre 20 y 25\u00b0C, la Costa del Sol es un popular destino tur\u00edstico, perfecto para cualquiera que busque el sol. Tambi\u00e9n es conocida por sus animados centros tur\u00edsticos costeros, como Marbella y Fuengirola. Y por sus encantadores pueblos pesqueros, como Estepona y Nerja. La Costa del Sol tambi\u00e9n cuenta con algunas de las playas m\u00e1s bonitas de Espa\u00f1a, as\u00ed que es el lugar perfecto si busca un sitio al que ir en marzo a tomar el sol sin alejarse demasiado de Francia.<\/p>\n    <div class=\"niceButton\"><a href=\"https:\/\/www.booking.com\/searchresults.fr.html?aid=1286053&#038;ss=malaga&#038;nflt=review_score%3D90\" target=\"_blank\" class=\"emojiLink\">\n                    <span class=\"emojiLink__emoji\">\u2764\ufe0f<\/span>\n                <span class=\"emojiLink__title title title--big\">Encuentra el mejor alojamiento en la Costa del Sol<\/span>\n    <\/a><\/div>\n\n    \n<img decoding=\"async\" class=\"alignnone size-full wp-image-19499\" src=\"https:\/\/decouvrirensemble.com\/wp-content\/uploads\/2023\/01\/ou-partir-en-mars-au-soleil-costa-del-sol.jpg\" alt=\"D\u00f3nde ir en marzo al sol\" width=\"1800\" height=\"1200\" srcset=\"https:\/\/decouvrirensemble.com\/wp-content\/uploads\/2023\/01\/ou-partir-en-mars-au-soleil-costa-del-sol.jpg 1800w, https:\/\/decouvrirensemble.com\/wp-content\/uploads\/2023\/01\/ou-partir-en-mars-au-soleil-costa-del-sol-300x200.jpg 300w, https:\/\/decouvrirensemble.com\/wp-content\/uploads\/2023\/01\/ou-partir-en-mars-au-soleil-costa-del-sol-1024x683.jpg 1024w, https:\/\/decouvrirensemble.com\/wp-content\/uploads\/2023\/01\/ou-partir-en-mars-au-soleil-costa-del-sol-768x512.jpg 768w, https:\/\/decouvrirensemble.com\/wp-content\/uploads\/2023\/01\/ou-partir-en-mars-au-soleil-costa-del-sol-1536x1024.jpg 1536w\" sizes=\"(max-width: 1800px) 100vw, 1800px\" \/>\n<h2><span class=\"ez-toc-section\" id=\"2_%C2%BFDonde_ir_en_marzo_al_sol_Dirijase_a_Cerdena_en_Italia\"><\/span>2. \u00bfD\u00f3nde ir en marzo al sol? Dir\u00edjase a Cerde\u00f1a, en Italia<span class=\"ez-toc-section-end\"><\/span><\/h2>\n<p>Cerde\u00f1a es una isla italiana situada en el mar Mediterr\u00e1neo. Es la segunda isla m\u00e1s grande del Mediterr\u00e1neo, despu\u00e9s de Sicilia, que veremos a continuaci\u00f3n. Cerde\u00f1a es famosa por sus playas de arena fina y aguas cristalinas. Tambi\u00e9n es conocida por su cultura y tradiciones, con numerosos festivales y eventos que se celebran a lo largo del a\u00f1o. Aunque puede que a\u00fan sea un poco pronto para ir a nadar, marzo marca el regreso de un clima bastante suave en toda la isla.<\/p>\n<p>Las temperaturas suelen oscilar entre los 15 y los 20 grados, y el sol sale casi todos los d\u00edas. Sin embargo, si tiene que ba\u00f1arse en Cerde\u00f1a, le recomendamos que espere hasta mayo. Si viene a Cerde\u00f1a en marzo, puede estar seguro de no encontrarse con demasiados turistas y de disfrutar de temperaturas suaves durante su viaje.<\/p>\n    <div class=\"niceButton\"><a href=\"https:\/\/www.booking.com\/searchresults.fr.html?aid=1286053&#038;ss=sardinia&#038;nflt=review_score%3D90\" target=\"_blank\" class=\"emojiLink\">\n                    <span class=\"emojiLink__emoji\">\u2764\ufe0f<\/span>\n                <span class=\"emojiLink__title title title--big\">Encuentra el mejor alojamiento en Cerde\u00f1a<\/span>\n    <\/a><\/div>\n\n    \n<img decoding=\"async\" class=\"alignnone size-full wp-image-19500\" src=\"https:\/\/decouvrirensemble.com\/wp-content\/uploads\/2023\/01\/ou-partir-en-mars-sardaigne-italie.jpg\" alt=\"d\u00f3nde ir en marzo\" width=\"1800\" height=\"1200\" srcset=\"https:\/\/decouvrirensemble.com\/wp-content\/uploads\/2023\/01\/ou-partir-en-mars-sardaigne-italie.jpg 1800w, https:\/\/decouvrirensemble.com\/wp-content\/uploads\/2023\/01\/ou-partir-en-mars-sardaigne-italie-300x200.jpg 300w, https:\/\/decouvrirensemble.com\/wp-content\/uploads\/2023\/01\/ou-partir-en-mars-sardaigne-italie-1024x683.jpg 1024w, https:\/\/decouvrirensemble.com\/wp-content\/uploads\/2023\/01\/ou-partir-en-mars-sardaigne-italie-768x512.jpg 768w, https:\/\/decouvrirensemble.com\/wp-content\/uploads\/2023\/01\/ou-partir-en-mars-sardaigne-italie-1536x1024.jpg 1536w\" sizes=\"(max-width: 1800px) 100vw, 1800px\" \/>\n<h2><span class=\"ez-toc-section\" id=\"3_Sicilia\"><\/span>3. Sicilia<span class=\"ez-toc-section-end\"><\/span><\/h2>\n<p>Sicilia es la isla m\u00e1s grande del Mediterr\u00e1neo, situada justo al sur de Italia. Es famosa en todo el mundo por la diversidad de sus paisajes, as\u00ed como por sus numerosos yacimientos hist\u00f3ricos y arqueol\u00f3gicos. Si es un amante de la historia, Sicilia es el destino ideal para usted. Podr\u00e1 explorar antiguas ruinas y lugares hist\u00f3ricos en Taormina, Agrigento y Siracusa. No hay que perderse el Valle de los Templos en Agrigento y el Teatro Greco de Taormina, un antiguo teatro griego que a\u00fan se utiliza para representaciones. El tiempo en Sicilia en marzo es favorable, con mucho sol y temperaturas que suelen rondar los 18\u00b0C. Al igual que en Cerde\u00f1a, visitar Sicilia en marzo es una oportunidad para descubrir el destino sin las hordas de turistas, lo que puede resultar muy agradable.<\/p>\n    <div class=\"niceButton\"><a href=\"https:\/\/www.booking.com\/searchresults.fr.html?aid=1286053&#038;ss=sicilia&#038;nflt=review_score%3D90\" target=\"_blank\" class=\"emojiLink\">\n                    <span class=\"emojiLink__emoji\">\u2764\ufe0f<\/span>\n                <span class=\"emojiLink__title title title--big\">Encuentra el mejor alojamiento en Sicilia<\/span>\n    <\/a><\/div>\n\n    \n<img decoding=\"async\" class=\"alignnone size-full wp-image-19501\" src=\"https:\/\/decouvrirensemble.com\/wp-content\/uploads\/2023\/01\/ou-partir-en-mars-au-soleil-sardaigne.jpg\" alt=\"D\u00f3nde ir en marzo al sol\" width=\"1800\" height=\"1200\" srcset=\"https:\/\/decouvrirensemble.com\/wp-content\/uploads\/2023\/01\/ou-partir-en-mars-au-soleil-sardaigne.jpg 1800w, https:\/\/decouvrirensemble.com\/wp-content\/uploads\/2023\/01\/ou-partir-en-mars-au-soleil-sardaigne-300x200.jpg 300w, https:\/\/decouvrirensemble.com\/wp-content\/uploads\/2023\/01\/ou-partir-en-mars-au-soleil-sardaigne-1024x683.jpg 1024w, https:\/\/decouvrirensemble.com\/wp-content\/uploads\/2023\/01\/ou-partir-en-mars-au-soleil-sardaigne-768x512.jpg 768w, https:\/\/decouvrirensemble.com\/wp-content\/uploads\/2023\/01\/ou-partir-en-mars-au-soleil-sardaigne-1536x1024.jpg 1536w\" sizes=\"(max-width: 1800px) 100vw, 1800px\" \/>\n<h2><span class=\"ez-toc-section\" id=\"4_Malta\"><\/span>4. Malta<span class=\"ez-toc-section-end\"><\/span><\/h2>\n<p>Cuando se busca d\u00f3nde ir en marzo con sol, es imposible no pensar en Malta. Este destino presume de tener m\u00e1s de 300 d\u00edas de sol al a\u00f1o, \u00a1nada menos! La isla cuenta con playas y lugares para ba\u00f1arse que cortan la respiraci\u00f3n, lo que es una aut\u00e9ntica ventaja cuando se busca llenarse de vitamina D en pleno mes de marzo. Para nosotros, Malta es un destino ideal para descubrir de marzo a junio. Despu\u00e9s de junio, las temperaturas suelen ser bastante altas y hay demasiados turistas en la isla. Para nosotros, marzo es un excelente compromiso para visitar Malta aprovech\u00e1ndola al m\u00e1ximo.<\/p>\n    <div class=\"niceButton\"><a href=\"https:\/\/www.booking.com\/searchresults.fr.html?aid=1286053&#038;auth_success=1&#038;ss=Malta&#038;nflt=review_score%3D90\" target=\"_blank\" class=\"emojiLink\">\n                    <span class=\"emojiLink__emoji\">\u2764\ufe0f<\/span>\n                <span class=\"emojiLink__title title title--big\">Encuentra el mejor alojamiento en Malta<\/span>\n    <\/a><\/div>\n\n    \n<img decoding=\"async\" class=\"alignnone size-full wp-image-19502\" src=\"https:\/\/decouvrirensemble.com\/wp-content\/uploads\/2023\/01\/ou-partir-au-soleil-en-mars-malte.jpg\" alt=\"d\u00f3nde ir al sol en marzo\" width=\"1800\" height=\"1200\" srcset=\"https:\/\/decouvrirensemble.com\/wp-content\/uploads\/2023\/01\/ou-partir-au-soleil-en-mars-malte.jpg 1800w, https:\/\/decouvrirensemble.com\/wp-content\/uploads\/2023\/01\/ou-partir-au-soleil-en-mars-malte-300x200.jpg 300w, https:\/\/decouvrirensemble.com\/wp-content\/uploads\/2023\/01\/ou-partir-au-soleil-en-mars-malte-1024x683.jpg 1024w, https:\/\/decouvrirensemble.com\/wp-content\/uploads\/2023\/01\/ou-partir-au-soleil-en-mars-malte-768x512.jpg 768w, https:\/\/decouvrirensemble.com\/wp-content\/uploads\/2023\/01\/ou-partir-au-soleil-en-mars-malte-1536x1024.jpg 1536w\" sizes=\"(max-width: 1800px) 100vw, 1800px\" \/>\n<h2><span class=\"ez-toc-section\" id=\"5_Donde_ir_en_marzo_al_sol_Marruecos\"><\/span>5. D\u00f3nde ir en marzo al sol? Marruecos<span class=\"ez-toc-section-end\"><\/span><\/h2>\n<p>Marzo es una excelente opci\u00f3n para venir a descubrir el destino tan diverso que es Marruecos. Las temperaturas en marzo son suaves en todo el pa\u00eds, con medias de entre 20\u00b0 y 25\u00b0. Es la \u00e9poca ideal para descubrir los m\u00faltiples paisajes de Marruecos, del mar a la monta\u00f1a, pasando por el desierto y el Atlas. Marruecos da la impresi\u00f3n de recorrer varios pa\u00edses en un solo viaje y, en nuestra opini\u00f3n, \u00e9se es el mayor punto fuerte de este destino. Entre todos estos paisajes, los del sur de Marruecos son especialmente bellos. Si busca una estaci\u00f3n balnearia para su escapada de marzo, le recomendamos Taghazout, a s\u00f3lo 30 kil\u00f3metros de Agadir.<\/p>\n    <div class=\"niceButton\"><a href=\"https:\/\/www.booking.com\/searchresults.fr.html?aid=1286053&#038;auth_success=1&#038;ss=Taghazout&#038;nflt=review_score%3D90\" target=\"_blank\" class=\"emojiLink\">\n                    <span class=\"emojiLink__emoji\">\u2764\ufe0f<\/span>\n                <span class=\"emojiLink__title title title--big\">Encuentra el mejor alojamiento en Taghazout<\/span>\n    <\/a><\/div>\n\n    \n<img decoding=\"async\" class=\"alignnone size-full wp-image-19503\" src=\"https:\/\/decouvrirensemble.com\/wp-content\/uploads\/2023\/01\/ou-partir-en-mars-maroc.jpg\" alt=\"Viajar por Marruecos\" width=\"1800\" height=\"1200\" srcset=\"https:\/\/decouvrirensemble.com\/wp-content\/uploads\/2023\/01\/ou-partir-en-mars-maroc.jpg 1800w, https:\/\/decouvrirensemble.com\/wp-content\/uploads\/2023\/01\/ou-partir-en-mars-maroc-300x200.jpg 300w, https:\/\/decouvrirensemble.com\/wp-content\/uploads\/2023\/01\/ou-partir-en-mars-maroc-1024x683.jpg 1024w, https:\/\/decouvrirensemble.com\/wp-content\/uploads\/2023\/01\/ou-partir-en-mars-maroc-768x512.jpg 768w, https:\/\/decouvrirensemble.com\/wp-content\/uploads\/2023\/01\/ou-partir-en-mars-maroc-1536x1024.jpg 1536w\" sizes=\"(max-width: 1800px) 100vw, 1800px\" \/>\n<h2><span class=\"ez-toc-section\" id=\"6_Donde_ir_en_marzo_bajo_el_sol_Namibia\"><\/span>6. D\u00f3nde ir en marzo bajo el sol? Namibia<span class=\"ez-toc-section-end\"><\/span><\/h2>\n<p>Namibia es muy a menudo un viaje coup de coeur. Marzo marca el final de la temporada de lluvias, lo que es perfecto para descubrir este destino. Kaokoland es una regi\u00f3n f\u00e1cil de visitar en marzo, con sus paisajes des\u00e9rticos y sus pueblos himbas. En el desierto del Namib, el clima es m\u00e1s agradable y los animales que hab\u00edan emigrado empiezan a regresar hacia el Sur. En Etosha, se pueden ver familias de jirafas, leones y rinocerontes en safari. Namibia es famosa por su riqueza en fauna salvaje, y marzo es un buen momento para aprovecharla al m\u00e1ximo. La temperatura media en Namibia en marzo es de 28\u00b0.<\/p>\n<p>[relance]<\/p>\n    <div class=\"niceButton\"><a href=\"https:\/\/www.booking.com\/searchresults.fr.html?aid=1286053&#038;auth_success=1&#038;ss=Namibia&#038;nflt=review_score%3D90\" target=\"_blank\" class=\"emojiLink\">\n                    <span class=\"emojiLink__emoji\">\u2764\ufe0f<\/span>\n                <span class=\"emojiLink__title title title--big\">Encuentra el mejor alojamiento en Namibia<\/span>\n    <\/a><\/div>\n\n    \n<img decoding=\"async\" class=\"alignnone size-full wp-image-19504\" src=\"https:\/\/decouvrirensemble.com\/wp-content\/uploads\/2023\/01\/ou-partir-au-soleil-en-mars-namibie.jpg\" alt=\"Viajando por Namibia\" width=\"1800\" height=\"1200\" srcset=\"https:\/\/decouvrirensemble.com\/wp-content\/uploads\/2023\/01\/ou-partir-au-soleil-en-mars-namibie.jpg 1800w, https:\/\/decouvrirensemble.com\/wp-content\/uploads\/2023\/01\/ou-partir-au-soleil-en-mars-namibie-300x200.jpg 300w, https:\/\/decouvrirensemble.com\/wp-content\/uploads\/2023\/01\/ou-partir-au-soleil-en-mars-namibie-1024x683.jpg 1024w, https:\/\/decouvrirensemble.com\/wp-content\/uploads\/2023\/01\/ou-partir-au-soleil-en-mars-namibie-768x512.jpg 768w, https:\/\/decouvrirensemble.com\/wp-content\/uploads\/2023\/01\/ou-partir-au-soleil-en-mars-namibie-1536x1024.jpg 1536w\" sizes=\"(max-width: 1800px) 100vw, 1800px\" \/>\n<h2><span class=\"ez-toc-section\" id=\"7_Cabo_Verde\"><\/span>7. Cabo Verde<span class=\"ez-toc-section-end\"><\/span><\/h2>\n<p>Cabo Verde es un archipi\u00e9lago de diez islas volc\u00e1nicas situado frente a la costa occidental de \u00c1frica. Es un pa\u00eds independiente desde 1975, con lengua y cultura propias. La lengua oficial es el portugu\u00e9s, aunque la mayor\u00eda de los habitantes hablan criollo caboverdiano. Las islas de Santo Ant\u00e3o y S\u00e3o Vicente son especialmente conocidas por sus espectaculares paisajes. Son las dos islas con las rutas de senderismo m\u00e1s bellas del archipi\u00e9lago. La fauna y la flora de Cabo Verde son tambi\u00e9n muy ricas, con la presencia de muchas especies raras, como el colibr\u00ed caboverdiano, el geco caboverdiano y la mariposa caboverdiana. Marzo es la mejor \u00e9poca para visitar Cabo Verde, con temperaturas medias de 27\u00b0C. Si busca un lugar ex\u00f3tico para aprovechar el mes de marzo, Cabo Verde es una excelente opci\u00f3n.<\/p>\n    <div class=\"niceButton\"><a href=\"https:\/\/www.booking.com\/searchresults.fr.html?aid=1286053&#038;ss=Capvert&#038;nflt=review_score%3D90\" target=\"_blank\" class=\"emojiLink\">\n                    <span class=\"emojiLink__emoji\">\u2764\ufe0f<\/span>\n                <span class=\"emojiLink__title title title--big\">Encuentra el mejor alojamiento en Cabo Verde<\/span>\n    <\/a><\/div>\n\n    \n<img decoding=\"async\" class=\"alignnone size-full wp-image-19505\" src=\"https:\/\/decouvrirensemble.com\/wp-content\/uploads\/2023\/01\/ou-partir-au-soleil-en-mars-cap-vert.jpg\" alt=\"Vacaciones en Cabo Verde\" width=\"1800\" height=\"1200\" srcset=\"https:\/\/decouvrirensemble.com\/wp-content\/uploads\/2023\/01\/ou-partir-au-soleil-en-mars-cap-vert.jpg 1800w, https:\/\/decouvrirensemble.com\/wp-content\/uploads\/2023\/01\/ou-partir-au-soleil-en-mars-cap-vert-300x200.jpg 300w, https:\/\/decouvrirensemble.com\/wp-content\/uploads\/2023\/01\/ou-partir-au-soleil-en-mars-cap-vert-1024x683.jpg 1024w, https:\/\/decouvrirensemble.com\/wp-content\/uploads\/2023\/01\/ou-partir-au-soleil-en-mars-cap-vert-768x512.jpg 768w, https:\/\/decouvrirensemble.com\/wp-content\/uploads\/2023\/01\/ou-partir-au-soleil-en-mars-cap-vert-1536x1024.jpg 1536w\" sizes=\"(max-width: 1800px) 100vw, 1800px\" \/>\n<h2><span class=\"ez-toc-section\" id=\"8_Chipre\"><\/span>8. Chipre<span class=\"ez-toc-section-end\"><\/span><\/h2>\n<p>Eres rom\u00e1ntico por naturaleza? Qu\u00e9 mejor que ir a la isla del amor para tus vacaciones de marzo? Como sin duda te contar\u00e1n los chipriotas durante tu estancia en Chipre, se dice que su isla es el hogar de la diosa griega del amor, Afrodita. Algo a tener en cuenta si viajas en pareja \ud83d\ude09 La isla no es muy grande, lo que para nosotros es una ventaja. As\u00ed que tendr\u00e1s tiempo de sobra para explorar toda la isla en una semana. A pesar de su peque\u00f1o tama\u00f1o, la naturaleza y los paisajes de Chipre son muy variados y ofrecen una gran diversidad.<\/p>\n<p>Con su soleada costa y sus bulliciosas ciudades, la isla del amor es ideal para relajarse y disfrutar de la vida. Las monta\u00f1as salvajes y los incre\u00edbles yacimientos arqueol\u00f3gicos son tambi\u00e9n una visita obligada para los amantes de la historia y la cultura. Adem\u00e1s, el clima es suave en esta \u00e9poca del a\u00f1o. Por eso Chipre encabeza esta lista de destinos por descubrir si quiere saber d\u00f3nde ir en marzo bajo el sol.<\/p>\n    <div class=\"niceButton\"><a href=\"https:\/\/www.booking.com\/searchresults.fr.html?aid=1286053&#038;ss=chypre&#038;nflt=review_score%3D90\" target=\"_blank\" class=\"emojiLink\">\n                    <span class=\"emojiLink__emoji\">\u2764\ufe0f<\/span>\n                <span class=\"emojiLink__title title title--big\">Encuentra el mejor alojamiento en Chipre<\/span>\n    <\/a><\/div>\n\n    \n<img decoding=\"async\" class=\"alignnone size-full wp-image-19506\" src=\"https:\/\/decouvrirensemble.com\/wp-content\/uploads\/2023\/01\/ou-partir-au-soleil-en-mars-chypre.jpg\" alt=\"D\u00f3nde ir al sol en marzo\" width=\"1800\" height=\"1200\" srcset=\"https:\/\/decouvrirensemble.com\/wp-content\/uploads\/2023\/01\/ou-partir-au-soleil-en-mars-chypre.jpg 1800w, https:\/\/decouvrirensemble.com\/wp-content\/uploads\/2023\/01\/ou-partir-au-soleil-en-mars-chypre-300x200.jpg 300w, https:\/\/decouvrirensemble.com\/wp-content\/uploads\/2023\/01\/ou-partir-au-soleil-en-mars-chypre-1024x683.jpg 1024w, https:\/\/decouvrirensemble.com\/wp-content\/uploads\/2023\/01\/ou-partir-au-soleil-en-mars-chypre-768x512.jpg 768w, https:\/\/decouvrirensemble.com\/wp-content\/uploads\/2023\/01\/ou-partir-au-soleil-en-mars-chypre-1536x1024.jpg 1536w\" sizes=\"(max-width: 1800px) 100vw, 1800px\" \/>\n<h2><span class=\"ez-toc-section\" id=\"9_Costa_Rica\"><\/span>9. Costa Rica<span class=\"ez-toc-section-end\"><\/span><\/h2>\n<p>Cuando piensas en alg\u00fan lugar ex\u00f3tico con una naturaleza exuberante, el destino que te viene directamente a la cabeza es Costa Rica. Nosotros nunca hemos estado, \u00a1pero Costa Rica nos atrae cada vez m\u00e1s! Costa Rica es un pa\u00eds centroamericano situado entre Nicaragua y Panam\u00e1. Es un pa\u00eds conocido por su excepcional biodiversidad y sus playas tropicales. Costa Rica tambi\u00e9n es famosa por sus esfuerzos por promover el desarrollo sostenible y proteger el medio ambiente. Gran parte de su territorio est\u00e1 protegido por parques nacionales y reservas naturales.<\/p>\n<p>Este destino es ideal para una estancia de dos semanas en marzo. De hecho, es la \u00e9poca ideal para descubrir Costa Rica, ya que la estaci\u00f3n seca se extiende de diciembre a abril. Con una temperatura media de 27\u00b0C en marzo, \u00a1es f\u00e1cil no pasar fr\u00edo en Costa Rica! Si est\u00e1 planeando un viaje por carretera a Costa Rica, le recomendamos que visite la p\u00e1gina web de la oficina de turismo para obtener toda la informaci\u00f3n que necesita para no perderse este incre\u00edble destino.<\/p>\n    <div class=\"niceButton\"><a href=\"https:\/\/www.booking.com\/searchresults.fr.html?aid=1286053&#038;ss=costarica&#038;nflt=review_score%3D90\" target=\"_blank\" class=\"emojiLink\">\n                    <span class=\"emojiLink__emoji\">\u2764\ufe0f<\/span>\n                <span class=\"emojiLink__title title title--big\">Encuentra el mejor alojamiento en Costa Rica<\/span>\n    <\/a><\/div>\n\n    \n<img decoding=\"async\" class=\"alignnone size-full wp-image-19507\" src=\"https:\/\/decouvrirensemble.com\/wp-content\/uploads\/2023\/01\/ou-partir-au-soleil-en-mars-costa-rica.jpg\" alt=\"D\u00f3nde ir al sol en marzo \" width=\"1800\" height=\"1200\" srcset=\"https:\/\/decouvrirensemble.com\/wp-content\/uploads\/2023\/01\/ou-partir-au-soleil-en-mars-costa-rica.jpg 1800w, https:\/\/decouvrirensemble.com\/wp-content\/uploads\/2023\/01\/ou-partir-au-soleil-en-mars-costa-rica-300x200.jpg 300w, https:\/\/decouvrirensemble.com\/wp-content\/uploads\/2023\/01\/ou-partir-au-soleil-en-mars-costa-rica-1024x683.jpg 1024w, https:\/\/decouvrirensemble.com\/wp-content\/uploads\/2023\/01\/ou-partir-au-soleil-en-mars-costa-rica-768x512.jpg 768w, https:\/\/decouvrirensemble.com\/wp-content\/uploads\/2023\/01\/ou-partir-au-soleil-en-mars-costa-rica-1536x1024.jpg 1536w\" sizes=\"(max-width: 1800px) 100vw, 1800px\" \/>\n<h2><span class=\"ez-toc-section\" id=\"10_Belice\"><\/span>10. Belice<span class=\"ez-toc-section-end\"><\/span><\/h2>\n<p>Terminamos esta selecci\u00f3n de destinos para descubrir d\u00f3nde ir en marzo al sol con un destino casi desconocido para los viajeros europeos, Belice. Belice es un peque\u00f1o pa\u00eds centroamericano, situado al sur de la pen\u00ednsula mexicana de Yucat\u00e1n. Ofrece una gran variedad de paisajes, \u00a1incluido el segundo arrecife de coral m\u00e1s grande del mundo! Si le gusta bucear, \u00e9ste es su destino. Belice posee una biodiversidad excepcional. Alrededor de un tercio del territorio est\u00e1 cubierto por parques protegidos, bosques tropicales e incluso templos mayas. Marzo es el mes ideal para visitar Belice, ya que cae justo en medio de la estaci\u00f3n seca, que va de febrero a abril. La temperatura media del aire en marzo es de 30\u00b0. El agua tambi\u00e9n puede alcanzar los 27\u00b0C, as\u00ed que tendr\u00e1 mucho que disfrutar.<\/p>\n    <div class=\"niceButton\"><a href=\"https:\/\/www.booking.com\/searchresults.fr.html?aid=1286053&#038;ss=belize&#038;nflt=review_score%3D90\" target=\"_blank\" class=\"emojiLink\">\n                    <span class=\"emojiLink__emoji\">\u2764\ufe0f<\/span>\n                <span class=\"emojiLink__title title title--big\">Encuentra el mejor alojamiento en Belice<\/span>\n    <\/a><\/div>\n\n    \n<img decoding=\"async\" class=\"alignnone size-full wp-image-19508\" src=\"https:\/\/decouvrirensemble.com\/wp-content\/uploads\/2023\/01\/ou-partir-au-soleil-en-mars-belize.jpg\" alt=\"Belice\" width=\"1800\" height=\"1200\" srcset=\"https:\/\/decouvrirensemble.com\/wp-content\/uploads\/2023\/01\/ou-partir-au-soleil-en-mars-belize.jpg 1800w, https:\/\/decouvrirensemble.com\/wp-content\/uploads\/2023\/01\/ou-partir-au-soleil-en-mars-belize-300x200.jpg 300w, https:\/\/decouvrirensemble.com\/wp-content\/uploads\/2023\/01\/ou-partir-au-soleil-en-mars-belize-1024x683.jpg 1024w, https:\/\/decouvrirensemble.com\/wp-content\/uploads\/2023\/01\/ou-partir-au-soleil-en-mars-belize-768x512.jpg 768w, https:\/\/decouvrirensemble.com\/wp-content\/uploads\/2023\/01\/ou-partir-au-soleil-en-mars-belize-1536x1024.jpg 1536w\" sizes=\"(max-width: 1800px) 100vw, 1800px\" \/>\n<h2><span class=\"ez-toc-section\" id=\"Donde_ir_en_marzo_como_organizar_bien_tu_viaje\"><\/span>D\u00f3nde ir en marzo, c\u00f3mo organizar bien tu viaje<span class=\"ez-toc-section-end\"><\/span><\/h2>\n<h3><span class=\"ez-toc-section\" id=\"Como_llegar_al_destino_elegido\"><\/span>C\u00f3mo llegar al destino elegido<span class=\"ez-toc-section-end\"><\/span><\/h3>\n<p>Para encontrar el mejor medio de transporte para llegar a tu destino, te aconsejamos que consultes siempre el comparador OMIO. Este le dar\u00e1 una visi\u00f3n general de todos los modos de transporte disponibles. As\u00ed podr\u00e1s comparar precios muy f\u00e1cilmente.<\/p>\n    <div class=\"niceButton\"><a href=\"https:\/\/www.omio.es\/?cjdata=MXxZfDB8WXww&#038;utm_source=affiliate_CJ&#038;utm_medium=cpc&#038;utm_term=100603082_13394886&#038;cjevent=845004af184e11ef81eb01100a18ba73&#038;CID=1550979&#038;TYPE=426669&#038;utm_campaign=affiliate_PRSP_FR_WEB_S_General_CPO\" target=\"_blank\" class=\"emojiLink\">\n                    <span class=\"emojiLink__emoji\">\ud83d\ude80<\/span>\n                <span class=\"emojiLink__title title title--big\">M\u00e1s informaci\u00f3n<\/span>\n    <\/a><\/div>\n\n    \n<h3><span class=\"ez-toc-section\" id=\"Como_alquilar_un_coche_al_mejor_precio\"><\/span>C\u00f3mo alquilar un coche al mejor precio<span class=\"ez-toc-section-end\"><\/span><\/h3>\n<p>Si quieres alquilar un coche en tu viaje, te recomendamos que busques en la web RentalCars. Te ayudar\u00e1 a encontrar los mejores precios y condiciones para tu alquiler.<\/p>\n    <div class=\"niceButton\"><a href=\"https:\/\/www.rentalcars.com\/es\/?adplat=100603082&#038;adcamp=&#038;adco=13881394&#038;affiliateCode=cjemea&#038;click_id=1bf2b216b08611ed804090d20a18b8fa\" target=\"_blank\" class=\"emojiLink\">\n                    <span class=\"emojiLink__emoji\">\ud83d\ude97<\/span>\n                <span class=\"emojiLink__title title title--big\">M\u00e1s informaci\u00f3n<\/span>\n    <\/a><\/div>\n\n    \n<img decoding=\"async\" class=\"alignnone wp-image-16403 size-full\" src=\"https:\/\/decouvrirensemble.com\/wp-content\/uploads\/2022\/03\/Loueur_voiture_Ibiza_centauro.jpg\" alt=\"\" width=\"1800\" height=\"1200\" srcset=\"https:\/\/decouvrirensemble.com\/wp-content\/uploads\/2022\/03\/Loueur_voiture_Ibiza_centauro.jpg 1800w, https:\/\/decouvrirensemble.com\/wp-content\/uploads\/2022\/03\/Loueur_voiture_Ibiza_centauro-300x200.jpg 300w, https:\/\/decouvrirensemble.com\/wp-content\/uploads\/2022\/03\/Loueur_voiture_Ibiza_centauro-1024x683.jpg 1024w, https:\/\/decouvrirensemble.com\/wp-content\/uploads\/2022\/03\/Loueur_voiture_Ibiza_centauro-768x512.jpg 768w, https:\/\/decouvrirensemble.com\/wp-content\/uploads\/2022\/03\/Loueur_voiture_Ibiza_centauro-1536x1024.jpg 1536w\" sizes=\"(max-width: 1800px) 100vw, 1800px\" \/>\n<h3><span class=\"ez-toc-section\" id=\"Como_encontrar_los_mejores_hoteles\"><\/span>C\u00f3mo encontrar los mejores hoteles<span class=\"ez-toc-section-end\"><\/span><\/h3>\n<p>Para encontrar los mejores hoteles y beneficiarnos de las mejores condiciones (seguridad, cancelaci\u00f3n&#8230;) utilizamos casi exclusivamente Booking.com para nuestros viajes. Te recomendamos que eches un vistazo a los hoteles disponibles antes de salir. Puedes filtrarlos seg\u00fan sus valoraciones. Hay un mont\u00f3n de opiniones recientes de clientes, \u00a1lo que significa que no te llevar\u00e1s sorpresas desagradables cuando est\u00e9s de viaje!<\/p>\n    <div class=\"niceButton\"><a href=\"https:\/\/www.booking.com\/index.html?aid=1286053\" target=\"_blank\" class=\"emojiLink\">\n                    <span class=\"emojiLink__emoji\">\ud83d\ude34<\/span>\n                <span class=\"emojiLink__title title title--big\">M\u00e1s informaci\u00f3n<\/span>\n    <\/a><\/div>\n\n    \n<img decoding=\"async\" class=\"alignnone wp-image-17016 size-full\" src=\"https:\/\/decouvrirensemble.com\/wp-content\/uploads\/2022\/04\/Meilleurs-hotels-a-ibiza-petunia.jpg\" alt=\"\" width=\"1800\" height=\"1200\" srcset=\"https:\/\/decouvrirensemble.com\/wp-content\/uploads\/2022\/04\/Meilleurs-hotels-a-ibiza-petunia.jpg 1800w, https:\/\/decouvrirensemble.com\/wp-content\/uploads\/2022\/04\/Meilleurs-hotels-a-ibiza-petunia-300x200.jpg 300w, https:\/\/decouvrirensemble.com\/wp-content\/uploads\/2022\/04\/Meilleurs-hotels-a-ibiza-petunia-1024x683.jpg 1024w, https:\/\/decouvrirensemble.com\/wp-content\/uploads\/2022\/04\/Meilleurs-hotels-a-ibiza-petunia-768x512.jpg 768w, https:\/\/decouvrirensemble.com\/wp-content\/uploads\/2022\/04\/Meilleurs-hotels-a-ibiza-petunia-1536x1024.jpg 1536w\" sizes=\"(max-width: 1800px) 100vw, 1800px\" \/>\n<h3><span class=\"ez-toc-section\" id=\"Como_encontrar_ideas_de_cosas_que_hacer_en_tus_vacaciones_de_marzo\"><\/span>C\u00f3mo encontrar ideas de cosas que hacer en tus vacaciones de marzo<span class=\"ez-toc-section-end\"><\/span><\/h3>\n<p>Si quiere obtener ideas sobre qu\u00e9 hacer en sus vacaciones y quiere reservar con antelaci\u00f3n, tambi\u00e9n le recomendamos que eche un vistazo a la p\u00e1gina GetYourGuide. Te da una visi\u00f3n general de las actividades que se ofrecen en tu destino y te evita tener que esperar hasta llegar all\u00ed para reservar tus plazas.<\/p>\n    <div class=\"niceButton\"><a href=\"https:\/\/www.getyourguide.es?partner_id=QTAK8D9&#038;utm_medium=online_publisher&#038;placement=%22other%22\" target=\"_blank\" class=\"emojiLink\">\n                    <span class=\"emojiLink__emoji\">\ud83e\udd73<\/span>\n                <span class=\"emojiLink__title title title--big\">M\u00e1s informaci\u00f3n<\/span>\n    <\/a><\/div>\n\n    \n<img decoding=\"async\" class=\"alignnone size-full wp-image-20845\" src=\"https:\/\/decouvrirensemble.com\/wp-content\/uploads\/2023\/03\/ou-partir-en-vacances-en-aout.jpg\" alt=\"d\u00f3nde ir de vacaciones en agosto\" width=\"1800\" height=\"1200\" srcset=\"https:\/\/decouvrirensemble.com\/wp-content\/uploads\/2023\/03\/ou-partir-en-vacances-en-aout.jpg 1800w, https:\/\/decouvrirensemble.com\/wp-content\/uploads\/2023\/03\/ou-partir-en-vacances-en-aout-300x200.jpg 300w, https:\/\/decouvrirensemble.com\/wp-content\/uploads\/2023\/03\/ou-partir-en-vacances-en-aout-1024x683.jpg 1024w, https:\/\/decouvrirensemble.com\/wp-content\/uploads\/2023\/03\/ou-partir-en-vacances-en-aout-768x512.jpg 768w, https:\/\/decouvrirensemble.com\/wp-content\/uploads\/2023\/03\/ou-partir-en-vacances-en-aout-1536x1024.jpg 1536w\" sizes=\"(max-width: 1800px) 100vw, 1800px\" \/>\n<p>[gracias]<\/p>\n\n\n<div class=\"kk-star-ratings kksr-auto kksr-align-left kksr-valign-bottom\"\n    data-payload='{&quot;align&quot;:&quot;left&quot;,&quot;id&quot;:&quot;43836&quot;,&quot;slug&quot;:&quot;default&quot;,&quot;valign&quot;:&quot;bottom&quot;,&quot;ignore&quot;:&quot;&quot;,&quot;reference&quot;:&quot;auto&quot;,&quot;class&quot;:&quot;&quot;,&quot;count&quot;:&quot;12&quot;,&quot;legendonly&quot;:&quot;&quot;,&quot;readonly&quot;:&quot;&quot;,&quot;score&quot;:&quot;5&quot;,&quot;starsonly&quot;:&quot;&quot;,&quot;best&quot;:&quot;5&quot;,&quot;gap&quot;:&quot;4&quot;,&quot;greet&quot;:&quot;Sea el primero en valorar esta entrada de blog.&quot;,&quot;legend&quot;:&quot;5\\\/5 - (12 votos)&quot;,&quot;size&quot;:&quot;21&quot;,&quot;title&quot;:&quot;\u00bfD\u00f3nde viajar en marzo? Las mejores ideas para sus vacaciones&quot;,&quot;width&quot;:&quot;123&quot;,&quot;_legend&quot;:&quot;{score}\\\/{best} - ({count} {votes})&quot;,&quot;font_factor&quot;:&quot;1.25&quot;}'>\n            \n<div class=\"kksr-stars\">\n    \n<div class=\"kksr-stars-inactive\">\n            <div class=\"kksr-star\" data-star=\"1\" style=\"padding-right: 4px\">\n            \n\n<div class=\"kksr-icon\" style=\"width: 21px; height: 21px;\"><\/div>\n        <\/div>\n            <div class=\"kksr-star\" data-star=\"2\" style=\"padding-right: 4px\">\n            \n\n<div class=\"kksr-icon\" style=\"width: 21px; height: 21px;\"><\/div>\n        <\/div>\n            <div class=\"kksr-star\" data-star=\"3\" style=\"padding-right: 4px\">\n            \n\n<div class=\"kksr-icon\" style=\"width: 21px; height: 21px;\"><\/div>\n        <\/div>\n            <div class=\"kksr-star\" data-star=\"4\" style=\"padding-right: 4px\">\n            \n\n<div class=\"kksr-icon\" style=\"width: 21px; height: 21px;\"><\/div>\n        <\/div>\n            <div class=\"kksr-star\" data-star=\"5\" style=\"padding-right: 4px\">\n            \n\n<div class=\"kksr-icon\" style=\"width: 21px; height: 21px;\"><\/div>\n        <\/div>\n    <\/div>\n    \n<div class=\"kksr-stars-active\" style=\"width: 123px;\">\n            <div class=\"kksr-star\" style=\"padding-right: 4px\">\n            \n\n<div class=\"kksr-icon\" style=\"width: 21px; height: 21px;\"><\/div>\n        <\/div>\n            <div class=\"kksr-star\" style=\"padding-right: 4px\">\n            \n\n<div class=\"kksr-icon\" style=\"width: 21px; height: 21px;\"><\/div>\n        <\/div>\n            <div class=\"kksr-star\" style=\"padding-right: 4px\">\n            \n\n<div class=\"kksr-icon\" style=\"width: 21px; height: 21px;\"><\/div>\n        <\/div>\n            <div class=\"kksr-star\" style=\"padding-right: 4px\">\n            \n\n<div class=\"kksr-icon\" style=\"width: 21px; height: 21px;\"><\/div>\n        <\/div>\n            <div class=\"kksr-star\" style=\"padding-right: 4px\">\n            \n\n<div class=\"kksr-icon\" style=\"width: 21px; height: 21px;\"><\/div>\n        <\/div>\n    <\/div>\n<\/div>\n                \n\n<div class=\"kksr-legend\" style=\"font-size: 16.8px;\">\n            5\/5 - (12 votos)    <\/div>\n    <\/div>\n","protected":false},"excerpt":{"rendered":"<p>\u00bfD\u00f3nde ir en marzo al sol? Es la pregunta que surge con m\u00e1s frecuencia cuando se piensa en vacaciones y aqu\u00ed en Francia hace fr\u00edo. Despu\u00e9s de compartir nuestra selecci\u00f3n para febrero, hoy volvemos con diez ideas para marzo. <\/p>\n","protected":false},"author":1,"featured_media":47534,"comment_status":"open","ping_status":"closed","sticky":false,"template":"","format":"standard","meta":{"_acf_changed":false,"_lmt_disableupdate":"no","_lmt_disable":"no","footnotes":""},"categories":[517],"tags":[],"class_list":["post-43836","post","type-post","status-publish","format-standard","has-post-thumbnail","hentry","category-donde-viajar"],"acf":[],"yoast_head":"<!-- This site is optimized with the Yoast SEO plugin v27.4 - https:\/\/yoast.com\/product\/yoast-seo-wordpress\/ -->\n<title>\u00bfD\u00f3nde viajar en marzo? Las mejores ideas para sus vacaciones<\/title>\n<meta name=\"description\" content=\"\u00bfD\u00f3nde viajar en marzo bajo el sol? Desc\u00fabralo en nuestro blog de viajes con nuestra selecci\u00f3n de destinos para sus pr\u00f3ximas vacaciones.\" \/>\n<meta name=\"robots\" content=\"index, follow, max-snippet:-1, max-image-preview:large, max-video-preview:-1\" \/>\n<link rel=\"canonical\" href=\"https:\/\/decouvrirensemble.com\/es\/donde-viajar-en-marzo\" \/>\n<meta property=\"og:locale\" content=\"es_ES\" \/>\n<meta property=\"og:type\" content=\"article\" \/>\n<meta property=\"og:title\" content=\"\u00bfD\u00f3nde viajar en marzo? Las mejores ideas para sus vacaciones\" \/>\n<meta property=\"og:description\" content=\"\u00bfD\u00f3nde viajar en marzo bajo el sol? Desc\u00fabralo en nuestro blog de viajes con nuestra selecci\u00f3n de destinos para sus pr\u00f3ximas vacaciones.\" \/>\n<meta property=\"og:url\" content=\"https:\/\/decouvrirensemble.com\/es\/donde-viajar-en-marzo\" \/>\n<meta property=\"og:site_name\" content=\"Blog Voyage - D\u00e9couvrir Ensemble\" \/>\n<meta property=\"article:published_time\" content=\"2023-01-14T22:14:14+00:00\" \/>\n<meta property=\"article:modified_time\" content=\"2026-04-13T13:02:35+00:00\" \/>\n<meta property=\"og:image\" content=\"https:\/\/decouvrirensemble.com\/wp-content\/uploads\/2023\/01\/ou-partir-en-mars-au-soleil-blog-voyage.jpg\" \/>\n\t<meta property=\"og:image:width\" content=\"1800\" \/>\n\t<meta property=\"og:image:height\" content=\"1350\" \/>\n\t<meta property=\"og:image:type\" content=\"image\/jpeg\" \/>\n<meta name=\"author\" content=\"Cl\u00e9mence &amp; Alexandre\" \/>\n<meta name=\"twitter:card\" content=\"summary_large_image\" \/>\n<meta name=\"twitter:creator\" content=\"@dcouvrirensmble\" \/>\n<meta name=\"twitter:site\" content=\"@dcouvrirensmble\" \/>\n<meta name=\"twitter:label1\" content=\"Escrito por\" \/>\n\t<meta name=\"twitter:data1\" content=\"Cl\u00e9mence &amp; Alexandre\" \/>\n\t<meta name=\"twitter:label2\" content=\"Tiempo de lectura\" \/>\n\t<meta name=\"twitter:data2\" content=\"13 minutos\" \/>\n<script type=\"application\/ld+json\" class=\"yoast-schema-graph\">{\"@context\":\"https:\\\/\\\/schema.org\",\"@graph\":[{\"@type\":\"Article\",\"@id\":\"https:\\\/\\\/decouvrirensemble.com\\\/es\\\/donde-viajar-en-marzo#article\",\"isPartOf\":{\"@id\":\"https:\\\/\\\/decouvrirensemble.com\\\/es\\\/donde-viajar-en-marzo\"},\"author\":{\"name\":\"Cl\u00e9mence &amp; Alexandre\",\"@id\":\"https:\\\/\\\/decouvrirensemble.com\\\/es#\\\/schema\\\/person\\\/a53efd44d02eb7f9ab90f96e84a9d2ba\"},\"headline\":\"\u00bfD\u00f3nde viajar en marzo? Las mejores ideas para sus vacaciones\",\"datePublished\":\"2023-01-14T22:14:14+00:00\",\"dateModified\":\"2026-04-13T13:02:35+00:00\",\"mainEntityOfPage\":{\"@id\":\"https:\\\/\\\/decouvrirensemble.com\\\/es\\\/donde-viajar-en-marzo\"},\"wordCount\":2344,\"commentCount\":0,\"publisher\":{\"@id\":\"https:\\\/\\\/decouvrirensemble.com\\\/es#\\\/schema\\\/person\\\/a53efd44d02eb7f9ab90f96e84a9d2ba\"},\"image\":{\"@id\":\"https:\\\/\\\/decouvrirensemble.com\\\/es\\\/donde-viajar-en-marzo#primaryimage\"},\"thumbnailUrl\":\"https:\\\/\\\/decouvrirensemble.com\\\/wp-content\\\/uploads\\\/2023\\\/01\\\/ou-partir-en-mars-au-soleil-blog-voyage.jpg\",\"articleSection\":[\"\u00bfD\u00f3nde viajar?\"],\"inLanguage\":\"es\",\"potentialAction\":[{\"@type\":\"CommentAction\",\"name\":\"Comment\",\"target\":[\"https:\\\/\\\/decouvrirensemble.com\\\/es\\\/donde-viajar-en-marzo#respond\"]}]},{\"@type\":\"WebPage\",\"@id\":\"https:\\\/\\\/decouvrirensemble.com\\\/es\\\/donde-viajar-en-marzo\",\"url\":\"https:\\\/\\\/decouvrirensemble.com\\\/es\\\/donde-viajar-en-marzo\",\"name\":\"\u00bfD\u00f3nde viajar en marzo? Las mejores ideas para sus vacaciones\",\"isPartOf\":{\"@id\":\"https:\\\/\\\/decouvrirensemble.com\\\/es#website\"},\"primaryImageOfPage\":{\"@id\":\"https:\\\/\\\/decouvrirensemble.com\\\/es\\\/donde-viajar-en-marzo#primaryimage\"},\"image\":{\"@id\":\"https:\\\/\\\/decouvrirensemble.com\\\/es\\\/donde-viajar-en-marzo#primaryimage\"},\"thumbnailUrl\":\"https:\\\/\\\/decouvrirensemble.com\\\/wp-content\\\/uploads\\\/2023\\\/01\\\/ou-partir-en-mars-au-soleil-blog-voyage.jpg\",\"datePublished\":\"2023-01-14T22:14:14+00:00\",\"dateModified\":\"2026-04-13T13:02:35+00:00\",\"description\":\"\u00bfD\u00f3nde viajar en marzo bajo el sol? Desc\u00fabralo en nuestro blog de viajes con nuestra selecci\u00f3n de destinos para sus pr\u00f3ximas vacaciones.\",\"breadcrumb\":{\"@id\":\"https:\\\/\\\/decouvrirensemble.com\\\/es\\\/donde-viajar-en-marzo#breadcrumb\"},\"inLanguage\":\"es\",\"potentialAction\":[{\"@type\":\"ReadAction\",\"target\":[\"https:\\\/\\\/decouvrirensemble.com\\\/es\\\/donde-viajar-en-marzo\"]}]},{\"@type\":\"ImageObject\",\"inLanguage\":\"es\",\"@id\":\"https:\\\/\\\/decouvrirensemble.com\\\/es\\\/donde-viajar-en-marzo#primaryimage\",\"url\":\"https:\\\/\\\/decouvrirensemble.com\\\/wp-content\\\/uploads\\\/2023\\\/01\\\/ou-partir-en-mars-au-soleil-blog-voyage.jpg\",\"contentUrl\":\"https:\\\/\\\/decouvrirensemble.com\\\/wp-content\\\/uploads\\\/2023\\\/01\\\/ou-partir-en-mars-au-soleil-blog-voyage.jpg\",\"width\":1800,\"height\":1350,\"caption\":\"O\u00f9 partir en mars au soleil\"},{\"@type\":\"BreadcrumbList\",\"@id\":\"https:\\\/\\\/decouvrirensemble.com\\\/es\\\/donde-viajar-en-marzo#breadcrumb\",\"itemListElement\":[{\"@type\":\"ListItem\",\"position\":1,\"name\":\"Accueil\",\"item\":\"https:\\\/\\\/decouvrirensemble.com\\\/es\"},{\"@type\":\"ListItem\",\"position\":2,\"name\":\"\u00bfD\u00f3nde viajar?\",\"item\":\"https:\\\/\\\/decouvrirensemble.com\\\/es\\\/donde-viajar\"},{\"@type\":\"ListItem\",\"position\":3,\"name\":\"\u00bfD\u00f3nde viajar en marzo? Las mejores ideas para sus vacaciones\"}]},{\"@type\":\"WebSite\",\"@id\":\"https:\\\/\\\/decouvrirensemble.com\\\/es#website\",\"url\":\"https:\\\/\\\/decouvrirensemble.com\\\/es\",\"name\":\"Blog Voyage - D\u00e9couvrir Ensemble\",\"description\":\"Le Blog Voyage de Clem et Alex\",\"publisher\":{\"@id\":\"https:\\\/\\\/decouvrirensemble.com\\\/es#\\\/schema\\\/person\\\/a53efd44d02eb7f9ab90f96e84a9d2ba\"},\"potentialAction\":[{\"@type\":\"SearchAction\",\"target\":{\"@type\":\"EntryPoint\",\"urlTemplate\":\"https:\\\/\\\/decouvrirensemble.com\\\/es?s={search_term_string}\"},\"query-input\":{\"@type\":\"PropertyValueSpecification\",\"valueRequired\":true,\"valueName\":\"search_term_string\"}}],\"inLanguage\":\"es\"},{\"@type\":[\"Person\",\"Organization\"],\"@id\":\"https:\\\/\\\/decouvrirensemble.com\\\/es#\\\/schema\\\/person\\\/a53efd44d02eb7f9ab90f96e84a9d2ba\",\"name\":\"Cl\u00e9mence &amp; Alexandre\",\"image\":{\"@type\":\"ImageObject\",\"inLanguage\":\"es\",\"@id\":\"https:\\\/\\\/decouvrirensemble.com\\\/wp-content\\\/uploads\\\/2024\\\/04\\\/logo-decouvrir-ensemble-blog-voyage.jpg\",\"url\":\"https:\\\/\\\/decouvrirensemble.com\\\/wp-content\\\/uploads\\\/2024\\\/04\\\/logo-decouvrir-ensemble-blog-voyage.jpg\",\"contentUrl\":\"https:\\\/\\\/decouvrirensemble.com\\\/wp-content\\\/uploads\\\/2024\\\/04\\\/logo-decouvrir-ensemble-blog-voyage.jpg\",\"width\":1563,\"height\":529,\"caption\":\"Cl\u00e9mence &amp; Alexandre\"},\"logo\":{\"@id\":\"https:\\\/\\\/decouvrirensemble.com\\\/wp-content\\\/uploads\\\/2024\\\/04\\\/logo-decouvrir-ensemble-blog-voyage.jpg\"},\"sameAs\":[\"https:\\\/\\\/decouvrirensemble.com\\\/\"]}]}<\/script>\n<!-- \/ Yoast SEO plugin. -->","yoast_head_json":{"title":"\u00bfD\u00f3nde viajar en marzo? Las mejores ideas para sus vacaciones","description":"\u00bfD\u00f3nde viajar en marzo bajo el sol? Desc\u00fabralo en nuestro blog de viajes con nuestra selecci\u00f3n de destinos para sus pr\u00f3ximas vacaciones.","robots":{"index":"index","follow":"follow","max-snippet":"max-snippet:-1","max-image-preview":"max-image-preview:large","max-video-preview":"max-video-preview:-1"},"canonical":"https:\/\/decouvrirensemble.com\/es\/donde-viajar-en-marzo","og_locale":"es_ES","og_type":"article","og_title":"\u00bfD\u00f3nde viajar en marzo? Las mejores ideas para sus vacaciones","og_description":"\u00bfD\u00f3nde viajar en marzo bajo el sol? Desc\u00fabralo en nuestro blog de viajes con nuestra selecci\u00f3n de destinos para sus pr\u00f3ximas vacaciones.","og_url":"https:\/\/decouvrirensemble.com\/es\/donde-viajar-en-marzo","og_site_name":"Blog Voyage - D\u00e9couvrir Ensemble","article_published_time":"2023-01-14T22:14:14+00:00","article_modified_time":"2026-04-13T13:02:35+00:00","og_image":[{"width":1800,"height":1350,"url":"https:\/\/decouvrirensemble.com\/wp-content\/uploads\/2023\/01\/ou-partir-en-mars-au-soleil-blog-voyage.jpg","type":"image\/jpeg"}],"author":"Cl\u00e9mence &amp; Alexandre","twitter_card":"summary_large_image","twitter_creator":"@dcouvrirensmble","twitter_site":"@dcouvrirensmble","twitter_misc":{"Escrito por":"Cl\u00e9mence &amp; Alexandre","Tiempo de lectura":"13 minutos"},"schema":{"@context":"https:\/\/schema.org","@graph":[{"@type":"Article","@id":"https:\/\/decouvrirensemble.com\/es\/donde-viajar-en-marzo#article","isPartOf":{"@id":"https:\/\/decouvrirensemble.com\/es\/donde-viajar-en-marzo"},"author":{"name":"Cl\u00e9mence &amp; Alexandre","@id":"https:\/\/decouvrirensemble.com\/es#\/schema\/person\/a53efd44d02eb7f9ab90f96e84a9d2ba"},"headline":"\u00bfD\u00f3nde viajar en marzo? Las mejores ideas para sus vacaciones","datePublished":"2023-01-14T22:14:14+00:00","dateModified":"2026-04-13T13:02:35+00:00","mainEntityOfPage":{"@id":"https:\/\/decouvrirensemble.com\/es\/donde-viajar-en-marzo"},"wordCount":2344,"commentCount":0,"publisher":{"@id":"https:\/\/decouvrirensemble.com\/es#\/schema\/person\/a53efd44d02eb7f9ab90f96e84a9d2ba"},"image":{"@id":"https:\/\/decouvrirensemble.com\/es\/donde-viajar-en-marzo#primaryimage"},"thumbnailUrl":"https:\/\/decouvrirensemble.com\/wp-content\/uploads\/2023\/01\/ou-partir-en-mars-au-soleil-blog-voyage.jpg","articleSection":["\u00bfD\u00f3nde viajar?"],"inLanguage":"es","potentialAction":[{"@type":"CommentAction","name":"Comment","target":["https:\/\/decouvrirensemble.com\/es\/donde-viajar-en-marzo#respond"]}]},{"@type":"WebPage","@id":"https:\/\/decouvrirensemble.com\/es\/donde-viajar-en-marzo","url":"https:\/\/decouvrirensemble.com\/es\/donde-viajar-en-marzo","name":"\u00bfD\u00f3nde viajar en marzo? Las mejores ideas para sus vacaciones","isPartOf":{"@id":"https:\/\/decouvrirensemble.com\/es#website"},"primaryImageOfPage":{"@id":"https:\/\/decouvrirensemble.com\/es\/donde-viajar-en-marzo#primaryimage"},"image":{"@id":"https:\/\/decouvrirensemble.com\/es\/donde-viajar-en-marzo#primaryimage"},"thumbnailUrl":"https:\/\/decouvrirensemble.com\/wp-content\/uploads\/2023\/01\/ou-partir-en-mars-au-soleil-blog-voyage.jpg","datePublished":"2023-01-14T22:14:14+00:00","dateModified":"2026-04-13T13:02:35+00:00","description":"\u00bfD\u00f3nde viajar en marzo bajo el sol? Desc\u00fabralo en nuestro blog de viajes con nuestra selecci\u00f3n de destinos para sus pr\u00f3ximas vacaciones.","breadcrumb":{"@id":"https:\/\/decouvrirensemble.com\/es\/donde-viajar-en-marzo#breadcrumb"},"inLanguage":"es","potentialAction":[{"@type":"ReadAction","target":["https:\/\/decouvrirensemble.com\/es\/donde-viajar-en-marzo"]}]},{"@type":"ImageObject","inLanguage":"es","@id":"https:\/\/decouvrirensemble.com\/es\/donde-viajar-en-marzo#primaryimage","url":"https:\/\/decouvrirensemble.com\/wp-content\/uploads\/2023\/01\/ou-partir-en-mars-au-soleil-blog-voyage.jpg","contentUrl":"https:\/\/decouvrirensemble.com\/wp-content\/uploads\/2023\/01\/ou-partir-en-mars-au-soleil-blog-voyage.jpg","width":1800,"height":1350,"caption":"O\u00f9 partir en mars au soleil"},{"@type":"BreadcrumbList","@id":"https:\/\/decouvrirensemble.com\/es\/donde-viajar-en-marzo#breadcrumb","itemListElement":[{"@type":"ListItem","position":1,"name":"Accueil","item":"https:\/\/decouvrirensemble.com\/es"},{"@type":"ListItem","position":2,"name":"\u00bfD\u00f3nde viajar?","item":"https:\/\/decouvrirensemble.com\/es\/donde-viajar"},{"@type":"ListItem","position":3,"name":"\u00bfD\u00f3nde viajar en marzo? Las mejores ideas para sus vacaciones"}]},{"@type":"WebSite","@id":"https:\/\/decouvrirensemble.com\/es#website","url":"https:\/\/decouvrirensemble.com\/es","name":"Blog Voyage - D\u00e9couvrir Ensemble","description":"Le Blog Voyage de Clem et Alex","publisher":{"@id":"https:\/\/decouvrirensemble.com\/es#\/schema\/person\/a53efd44d02eb7f9ab90f96e84a9d2ba"},"potentialAction":[{"@type":"SearchAction","target":{"@type":"EntryPoint","urlTemplate":"https:\/\/decouvrirensemble.com\/es?s={search_term_string}"},"query-input":{"@type":"PropertyValueSpecification","valueRequired":true,"valueName":"search_term_string"}}],"inLanguage":"es"},{"@type":["Person","Organization"],"@id":"https:\/\/decouvrirensemble.com\/es#\/schema\/person\/a53efd44d02eb7f9ab90f96e84a9d2ba","name":"Cl\u00e9mence &amp; Alexandre","image":{"@type":"ImageObject","inLanguage":"es","@id":"https:\/\/decouvrirensemble.com\/wp-content\/uploads\/2024\/04\/logo-decouvrir-ensemble-blog-voyage.jpg","url":"https:\/\/decouvrirensemble.com\/wp-content\/uploads\/2024\/04\/logo-decouvrir-ensemble-blog-voyage.jpg","contentUrl":"https:\/\/decouvrirensemble.com\/wp-content\/uploads\/2024\/04\/logo-decouvrir-ensemble-blog-voyage.jpg","width":1563,"height":529,"caption":"Cl\u00e9mence &amp; Alexandre"},"logo":{"@id":"https:\/\/decouvrirensemble.com\/wp-content\/uploads\/2024\/04\/logo-decouvrir-ensemble-blog-voyage.jpg"},"sameAs":["https:\/\/decouvrirensemble.com\/"]}]}},"modified_by":"Cl\u00e9mence &amp; Alexandre","_links":{"self":[{"href":"https:\/\/decouvrirensemble.com\/es\/wp-json\/wp\/v2\/posts\/43836","targetHints":{"allow":["GET"]}}],"collection":[{"href":"https:\/\/decouvrirensemble.com\/es\/wp-json\/wp\/v2\/posts"}],"about":[{"href":"https:\/\/decouvrirensemble.com\/es\/wp-json\/wp\/v2\/types\/post"}],"author":[{"embeddable":true,"href":"https:\/\/decouvrirensemble.com\/es\/wp-json\/wp\/v2\/users\/1"}],"replies":[{"embeddable":true,"href":"https:\/\/decouvrirensemble.com\/es\/wp-json\/wp\/v2\/comments?post=43836"}],"version-history":[{"count":2,"href":"https:\/\/decouvrirensemble.com\/es\/wp-json\/wp\/v2\/posts\/43836\/revisions"}],"predecessor-version":[{"id":65692,"href":"https:\/\/decouvrirensemble.com\/es\/wp-json\/wp\/v2\/posts\/43836\/revisions\/65692"}],"wp:featuredmedia":[{"embeddable":true,"href":"https:\/\/decouvrirensemble.com\/es\/wp-json\/wp\/v2\/media\/47534"}],"wp:attachment":[{"href":"https:\/\/decouvrirensemble.com\/es\/wp-json\/wp\/v2\/media?parent=43836"}],"wp:term":[{"taxonomy":"category","embeddable":true,"href":"https:\/\/decouvrirensemble.com\/es\/wp-json\/wp\/v2\/categories?post=43836"},{"taxonomy":"post_tag","embeddable":true,"href":"https:\/\/decouvrirensemble.com\/es\/wp-json\/wp\/v2\/tags?post=43836"}],"curies":[{"name":"wp","href":"https:\/\/api.w.org\/{rel}","templated":true}]}}