{"id":43863,"date":"2022-12-09T19:23:13","date_gmt":"2022-12-09T18:23:13","guid":{"rendered":"https:\/\/decouvrirensemble.com\/?p=43863"},"modified":"2026-04-13T15:03:13","modified_gmt":"2026-04-13T13:03:13","slug":"donde-viajar-en-abril","status":"publish","type":"post","link":"https:\/\/decouvrirensemble.com\/es\/donde-viajar-en-abril","title":{"rendered":"\u00bfD\u00f3nde viajar en abril? Las mejores ideas para sus vacaciones"},"content":{"rendered":"<p>Despu\u00e9s de compartir algunas ideas de destinos en nuestro blog de viajes para saber <a href=\"https:\/\/decouvrirensemble.com\/es\/donde-viajar-en-febrero\" target=\"_blank\" rel=\"noopener\">d\u00f3nde ir en febrero<\/a>, volvemos esta vez con una selecci\u00f3n de destinos para descubrir a partir de abril. Es la \u00e9poca del a\u00f1o en la que el sol empieza a volver a Europa, por eso hemos concentrado esta selecci\u00f3n en destinos cercanos. El objetivo es inspirarle con destinos cercanos a Francia muy agradables en esta \u00e9poca del a\u00f1o. De hecho, se beneficiar\u00e1 de precios m\u00e1s atractivos y podr\u00e1 compartir estos destinos sin aglomeraciones, la mejor manera de disfrutar de sus viajes.<\/p>\n<p>El objetivo de esta selecci\u00f3n de ideas es ayudarle a saber d\u00f3nde ir en abril al sol para sus vacaciones, pero debe saber que esta selecci\u00f3n funcionar\u00e1 igual de bien para mayo y junio. Esta selecci\u00f3n se basa en nuestros comentarios y es, por supuesto, totalmente subjetiva. No dude en compartir con nosotros sus destinos favoritos para abril comentando este art\u00edculo. Esperamos que le ayude a elegir sus pr\u00f3ximas vacaciones en abril. \u00a1Manos a la obra!<\/p>\n<h2><span class=\"ez-toc-section\" id=\"1_Donde_ir_en_abril_al_sol_Dirigete_al_sur_de_Francia\"><\/span>1. D\u00f3nde ir en abril al sol? Dir\u00edgete al sur de Francia<span class=\"ez-toc-section-end\"><\/span><\/h2>\n<p>Nos quedamos en Francia para empezar esta selecci\u00f3n y ayudarte a responder a la pregunta de d\u00f3nde ir en abril con sol. Esta regi\u00f3n es muy agradable en esta \u00e9poca del a\u00f1o, \u00a1y con raz\u00f3n! Podr\u00e1 disfrutar de mucho sol sin tener que lidiar con las hordas de turistas que vienen a descubrir el Sur de Francia durante las vacaciones de verano. Esta es una de las razones por las que nos encanta descubrir esta regi\u00f3n en esta \u00e9poca del a\u00f1o. Como mencionamos en nuestra introducci\u00f3n, lo mismo ocurre en mayo y junio. Entre el suroeste y el sureste, tendr\u00e1 mucho donde elegir. Le invitamos a consultar los \u00faltimos art\u00edculos sobre nuestros <a href=\"https:\/\/decouvrirensemble.com\/es\/destinos\/francia\" target=\"_blank\" rel=\"noopener\">viajes por Francia<\/a> para encontrar la mejor inspiraci\u00f3n.<\/p>\n<img decoding=\"async\" class=\"alignnone size-full wp-image-19231\" src=\"https:\/\/decouvrirensemble.com\/wp-content\/uploads\/2022\/11\/ou-partir-en-avril-sud-france.jpg\" alt=\"d\u00f3nde ir en abril\" width=\"1800\" height=\"1200\" srcset=\"https:\/\/decouvrirensemble.com\/wp-content\/uploads\/2022\/11\/ou-partir-en-avril-sud-france.jpg 1800w, https:\/\/decouvrirensemble.com\/wp-content\/uploads\/2022\/11\/ou-partir-en-avril-sud-france-300x200.jpg 300w, https:\/\/decouvrirensemble.com\/wp-content\/uploads\/2022\/11\/ou-partir-en-avril-sud-france-1024x683.jpg 1024w, https:\/\/decouvrirensemble.com\/wp-content\/uploads\/2022\/11\/ou-partir-en-avril-sud-france-768x512.jpg 768w, https:\/\/decouvrirensemble.com\/wp-content\/uploads\/2022\/11\/ou-partir-en-avril-sud-france-1536x1024.jpg 1536w\" sizes=\"(max-width: 1800px) 100vw, 1800px\" \/>\n<h2><span class=\"ez-toc-section\" id=\"2_Donde_ir_en_abril_al_sol_Corcega\"><\/span>2. D\u00f3nde ir en abril al sol? C\u00f3rcega<span class=\"ez-toc-section-end\"><\/span><\/h2>\n<p>Al igual que el sur de Francia, C\u00f3rcega es sin duda una de las regiones francesas que hay que descubrir en esta \u00e9poca del a\u00f1o. Disfrutar\u00e1 del sol y de la libertad de explorar la Isla de la Belleza sin demasiados turistas, lo que puede perjudicar al destino durante el periodo estival. Al igual que en el sur, C\u00f3rcega est\u00e1 repleta de rincones suntuosos, as\u00ed que tendr\u00e1 mucho donde elegir. Una cosa es segura: nuestro pa\u00eds tiene muchas pepitas por descubrir. Nosotros a\u00fan no conocemos C\u00f3rcega a fondo, as\u00ed que s\u00f3lo podemos recomendarle Calvi, una ciudad que disfrutamos descubriendo durante el Festival de Calvi y las Rocas.<\/p>\n<p>[relance2]<\/p>\n<img decoding=\"async\" class=\"alignnone size-full wp-image-19229\" src=\"https:\/\/decouvrirensemble.com\/wp-content\/uploads\/2022\/11\/ou-partir-en-avril-corse.jpg\" alt=\"d\u00f3nde ir en abril\" width=\"1800\" height=\"1200\" srcset=\"https:\/\/decouvrirensemble.com\/wp-content\/uploads\/2022\/11\/ou-partir-en-avril-corse.jpg 1800w, https:\/\/decouvrirensemble.com\/wp-content\/uploads\/2022\/11\/ou-partir-en-avril-corse-300x200.jpg 300w, https:\/\/decouvrirensemble.com\/wp-content\/uploads\/2022\/11\/ou-partir-en-avril-corse-1024x683.jpg 1024w, https:\/\/decouvrirensemble.com\/wp-content\/uploads\/2022\/11\/ou-partir-en-avril-corse-768x512.jpg 768w, https:\/\/decouvrirensemble.com\/wp-content\/uploads\/2022\/11\/ou-partir-en-avril-corse-1536x1024.jpg 1536w\" sizes=\"(max-width: 1800px) 100vw, 1800px\" \/>\n<h2><span class=\"ez-toc-section\" id=\"3_El_Algarve_en_Portugal\"><\/span>3. El Algarve en Portugal<span class=\"ez-toc-section-end\"><\/span><\/h2>\n<p>D\u00f3nde ir en abril bajo el sol? Qu\u00e9 tal si te diriges al sur de Portugal? Esta regi\u00f3n es simplemente sublime y un aut\u00e9ntico placer descubrirla en esta \u00e9poca del a\u00f1o. La \u00faltima vez que estuvimos en el Algarve, nos enamoramos de la cultura portuguesa, los suntuosos paisajes y la buena comida. Para nosotros, es uno de los lugares m\u00e1s bellos de Europa, con playas impresionantes. Como todos los destinos punteros, tambi\u00e9n es la mejor \u00e9poca para descubrir esta pepita de Europa sin demasiados turistas. Si quiere saber m\u00e1s, le invitamos a descubrir nuestra gu\u00eda completa del Algarve, que recorre nuestro viaje por carretera a una de las regiones m\u00e1s bellas de Portugal.<\/p>\n<p>[relance3]<\/p>\n<img decoding=\"async\" class=\"alignnone size-full wp-image-19222\" src=\"https:\/\/decouvrirensemble.com\/wp-content\/uploads\/2022\/11\/ou-partir-en-avril-algarve-portugal.jpg\" alt=\"Algarve Portugal\" width=\"1800\" height=\"1200\" srcset=\"https:\/\/decouvrirensemble.com\/wp-content\/uploads\/2022\/11\/ou-partir-en-avril-algarve-portugal.jpg 1800w, https:\/\/decouvrirensemble.com\/wp-content\/uploads\/2022\/11\/ou-partir-en-avril-algarve-portugal-300x200.jpg 300w, https:\/\/decouvrirensemble.com\/wp-content\/uploads\/2022\/11\/ou-partir-en-avril-algarve-portugal-1024x683.jpg 1024w, https:\/\/decouvrirensemble.com\/wp-content\/uploads\/2022\/11\/ou-partir-en-avril-algarve-portugal-768x512.jpg 768w, https:\/\/decouvrirensemble.com\/wp-content\/uploads\/2022\/11\/ou-partir-en-avril-algarve-portugal-1536x1024.jpg 1536w\" sizes=\"(max-width: 1800px) 100vw, 1800px\" \/>\n<h2><span class=\"ez-toc-section\" id=\"4_Lisboa\"><\/span>4. Lisboa<span class=\"ez-toc-section-end\"><\/span><\/h2>\n<p>Nos quedamos un tiempo m\u00e1s en Portugal con una ciudad que adoramos igualmente, Lisboa. La capital portuguesa es una ciudad hermosa y generosa que ofrece multitud de posibilidades. Si le gustan las ciudades que son buenos lugares para vivir, Lisboa le encantar\u00e1, puede confiar en nuestra palabra. Mientras est\u00e9s all\u00ed, y si tienes tiempo, te recomendamos que cojas el tren o tu coche para explorar <a href=\"https:\/\/decouvrirensemble.com\/es\/que-ver-en-oporto\" target=\"_blank\" rel=\"noopener\">Porto<\/a> y <a href=\"https:\/\/decouvrirensemble.com\/es\/que-ver-en-aveiro\" target=\"_blank\" rel=\"noopener\">Aveiro<\/a>. Estas dos ciudades portuguesas tambi\u00e9n merecen una visita, y combinan muy bien para unas vacaciones de diez d\u00edas. Si busca un lugar donde tomar el sol en abril, \u00a1seguro que Portugal le encantar\u00e1!<\/p>\n<p>[relance4]<\/p>\n<img decoding=\"async\" class=\"alignnone size-full wp-image-19230\" src=\"https:\/\/decouvrirensemble.com\/wp-content\/uploads\/2022\/11\/ou-partir-en-avril-lisbonne-portugal.jpg\" alt=\"Lisboa Portugal\" width=\"1800\" height=\"1200\" srcset=\"https:\/\/decouvrirensemble.com\/wp-content\/uploads\/2022\/11\/ou-partir-en-avril-lisbonne-portugal.jpg 1800w, https:\/\/decouvrirensemble.com\/wp-content\/uploads\/2022\/11\/ou-partir-en-avril-lisbonne-portugal-300x200.jpg 300w, https:\/\/decouvrirensemble.com\/wp-content\/uploads\/2022\/11\/ou-partir-en-avril-lisbonne-portugal-1024x683.jpg 1024w, https:\/\/decouvrirensemble.com\/wp-content\/uploads\/2022\/11\/ou-partir-en-avril-lisbonne-portugal-768x512.jpg 768w, https:\/\/decouvrirensemble.com\/wp-content\/uploads\/2022\/11\/ou-partir-en-avril-lisbonne-portugal-1536x1024.jpg 1536w\" sizes=\"(max-width: 1800px) 100vw, 1800px\" \/>\n<h2><span class=\"ez-toc-section\" id=\"5_%C2%BFDonde_ir_en_abril_bajo_el_sol_Ponga_rumbo_a_las_Islas_Baleares_con_Ibiza_Mallorca_y_Menorca\"><\/span>5. \u00bfD\u00f3nde ir en abril bajo el sol? Ponga rumbo a las Islas Baleares, con Ibiza, Mallorca y Menorca<span class=\"ez-toc-section-end\"><\/span><\/h2>\n<p>Si hay un destino que nos ha encantado descubrir en abril de este a\u00f1o, ese es la isla de Ibiza. Si solo conoc\u00edas Ibiza por su imagen fiestera, \u00a1pi\u00e9nsalo otra vez! Este destino es excepcionalmente rico en belleza natural. Hay tanto que hacer en la isla, hay tantos rincones incre\u00edbles por descubrir. Si a\u00fan eres esc\u00e9ptico, te recomendamos encarecidamente que leas nuestra gu\u00eda completa de <a href=\"https:\/\/decouvrirensemble.com\/es\/que-ver-en-ibiza\" target=\"_blank\" rel=\"noopener\">Ibiza<\/a>. Seguro que cambiar\u00e1 su imagen de esta <a href=\"https:\/\/decouvrirensemble.com\/es\/las-islas-baleares\" target=\"_blank\" rel=\"noopener\">isla balear<\/a>. Tambi\u00e9n nos encantaron las islas vecinas de <a href=\"https:\/\/decouvrirensemble.com\/es\/que-ver-en-mallorca\" target=\"_blank\" rel=\"noopener\">Mallorca<\/a> y <a href=\"https:\/\/decouvrirensemble.com\/es\/que-ver-en-menorca\" target=\"_blank\" rel=\"noopener\">Menorca<\/a>, que tambi\u00e9n te recomendamos.<\/p>\n<p>[relance5]<\/p>\n<img decoding=\"async\" class=\"alignnone size-full wp-image-19224\" src=\"https:\/\/decouvrirensemble.com\/wp-content\/uploads\/2022\/11\/ou-partir-en-avril-au-soleil-ibiza.jpg\" alt=\"d\u00f3nde ir en abril al sol\" width=\"1800\" height=\"1200\" srcset=\"https:\/\/decouvrirensemble.com\/wp-content\/uploads\/2022\/11\/ou-partir-en-avril-au-soleil-ibiza.jpg 1800w, https:\/\/decouvrirensemble.com\/wp-content\/uploads\/2022\/11\/ou-partir-en-avril-au-soleil-ibiza-300x200.jpg 300w, https:\/\/decouvrirensemble.com\/wp-content\/uploads\/2022\/11\/ou-partir-en-avril-au-soleil-ibiza-1024x683.jpg 1024w, https:\/\/decouvrirensemble.com\/wp-content\/uploads\/2022\/11\/ou-partir-en-avril-au-soleil-ibiza-768x512.jpg 768w, https:\/\/decouvrirensemble.com\/wp-content\/uploads\/2022\/11\/ou-partir-en-avril-au-soleil-ibiza-1536x1024.jpg 1536w\" sizes=\"(max-width: 1800px) 100vw, 1800px\" \/>\n<h2><span class=\"ez-toc-section\" id=\"6_Donde_ir_en_abril_con_sol_Valencia_en_Espana\"><\/span>6. D\u00f3nde ir en abril con sol? Valencia en Espa\u00f1a<span class=\"ez-toc-section-end\"><\/span><\/h2>\n<p>Amantes de la arquitectura y la historia, este destino espa\u00f1ol est\u00e1 hecho para vosotros. L\u00e1nzate a descubrir Valencia en Espa\u00f1a, una ciudad ba\u00f1ada por el sol casi todo el a\u00f1o. Con su centro urbano, su futurista Ciudad de las Artes y las Ciencias y su Castillo de X\u00e1tiva, te sentir\u00e1s como en casa. \u00bfQuiere m\u00e1s? Dir\u00edjase a uno de nuestros lugares favoritos de Espa\u00f1a, la <a href=\"https:\/\/decouvrirensemble.com\/es\/muralla-roja-ricardo-bofill-calp\" target=\"_blank\" rel=\"noopener\">Muralla Roja de Calp<\/a>. Situado a s\u00f3lo 1 hora en coche de Valencia, este edificio dise\u00f1ado por Ricardo Bofill fue uno de nuestros mejores hallazgos arquitect\u00f3nicos en Europa. Nos alojamos en este colorido edificio durante una semana y nos sentimos fuera del tiempo. Es una experiencia que recomendamos encarecidamente.<\/p>\n<p>[relance6]<\/p>\n<img decoding=\"async\" class=\"alignnone size-full wp-image-19227\" src=\"https:\/\/decouvrirensemble.com\/wp-content\/uploads\/2022\/11\/ou-partir-en-avril-au-soleil-valence-espagne.jpg\" alt=\"d\u00f3nde ir en abril bajo el sol\" width=\"1800\" height=\"1200\" srcset=\"https:\/\/decouvrirensemble.com\/wp-content\/uploads\/2022\/11\/ou-partir-en-avril-au-soleil-valence-espagne.jpg 1800w, https:\/\/decouvrirensemble.com\/wp-content\/uploads\/2022\/11\/ou-partir-en-avril-au-soleil-valence-espagne-300x200.jpg 300w, https:\/\/decouvrirensemble.com\/wp-content\/uploads\/2022\/11\/ou-partir-en-avril-au-soleil-valence-espagne-1024x683.jpg 1024w, https:\/\/decouvrirensemble.com\/wp-content\/uploads\/2022\/11\/ou-partir-en-avril-au-soleil-valence-espagne-768x512.jpg 768w, https:\/\/decouvrirensemble.com\/wp-content\/uploads\/2022\/11\/ou-partir-en-avril-au-soleil-valence-espagne-1536x1024.jpg 1536w\" sizes=\"(max-width: 1800px) 100vw, 1800px\" \/>\n<h2><span class=\"ez-toc-section\" id=\"7_Apulia_en_Italia\"><\/span>7. Apulia, en Italia<span class=\"ez-toc-section-end\"><\/span><\/h2>\n<p>\u00a1Es dif\u00edcil no mencionar Italia en esta entrada del blog sobre d\u00f3nde ir en abril bajo el sol! Hoy te invitamos a descubrir una de las regiones m\u00e1s bonitas de Italia, Apulia. Si le gusta la combinaci\u00f3n de pueblos t\u00edpicos y magn\u00edficas calas de aguas turquesas, \u00a1est\u00e1 en el lugar adecuado! Para quienes tambi\u00e9n disfrutan deleit\u00e1ndose con la gastronom\u00eda local, Italia es perfecta. Una cosa es segura: \u00a1en Apulia no se aburrir\u00e1!<\/p>\n    <div class=\"niceButton\"><a href=\"https:\/\/www.booking.com\/searchresults.fr.html?ss=LesPouilles&#038;aid=1286053\" target=\"_blank\" class=\"emojiLink\">\n                    <span class=\"emojiLink__emoji\">\ud83c\uddee\ud83c\uddf9<\/span>\n                <span class=\"emojiLink__title title title--big\">Encuentra el mejor alojamiento en Apulia<\/span>\n    <\/a><\/div>\n\n    \n<img decoding=\"async\" class=\"alignnone size-full wp-image-19226\" src=\"https:\/\/decouvrirensemble.com\/wp-content\/uploads\/2022\/11\/ou-partir-en-avril-au-soleil-pouilles-italie.jpg\" alt=\"Puglia Italia\" width=\"1800\" height=\"1200\" srcset=\"https:\/\/decouvrirensemble.com\/wp-content\/uploads\/2022\/11\/ou-partir-en-avril-au-soleil-pouilles-italie.jpg 1800w, https:\/\/decouvrirensemble.com\/wp-content\/uploads\/2022\/11\/ou-partir-en-avril-au-soleil-pouilles-italie-300x200.jpg 300w, https:\/\/decouvrirensemble.com\/wp-content\/uploads\/2022\/11\/ou-partir-en-avril-au-soleil-pouilles-italie-1024x683.jpg 1024w, https:\/\/decouvrirensemble.com\/wp-content\/uploads\/2022\/11\/ou-partir-en-avril-au-soleil-pouilles-italie-768x512.jpg 768w, https:\/\/decouvrirensemble.com\/wp-content\/uploads\/2022\/11\/ou-partir-en-avril-au-soleil-pouilles-italie-1536x1024.jpg 1536w\" sizes=\"(max-width: 1800px) 100vw, 1800px\" \/>\n<h2><span class=\"ez-toc-section\" id=\"8_Marrakech\"><\/span>8. Marrakech<span class=\"ez-toc-section-end\"><\/span><\/h2>\n<p>Cuando se piensa en destinos de sol no muy lejos de casa, Marrakech viene r\u00e1pidamente a la mente. Abril es el mes perfecto para descubrir la ciudad de Marrakech. Descubra los magn\u00edficos paisajes de Marruecos, su medina y sus espectaculares riads. Prep\u00e1rese una taza de t\u00e9 a la menta y t\u00f3mese su tiempo para descubrir este destino que suele ser uno de los favoritos de los viajeros.<\/p>\n<p>[relance9]<\/p>\n<img decoding=\"async\" class=\"alignnone size-full wp-image-19225\" src=\"https:\/\/decouvrirensemble.com\/wp-content\/uploads\/2022\/11\/ou-partir-en-avril-au-soleil-marrakech.jpg\" alt=\"d\u00f3nde ir en abril bajo el sol\" width=\"1800\" height=\"1200\" srcset=\"https:\/\/decouvrirensemble.com\/wp-content\/uploads\/2022\/11\/ou-partir-en-avril-au-soleil-marrakech.jpg 1800w, https:\/\/decouvrirensemble.com\/wp-content\/uploads\/2022\/11\/ou-partir-en-avril-au-soleil-marrakech-300x200.jpg 300w, https:\/\/decouvrirensemble.com\/wp-content\/uploads\/2022\/11\/ou-partir-en-avril-au-soleil-marrakech-1024x683.jpg 1024w, https:\/\/decouvrirensemble.com\/wp-content\/uploads\/2022\/11\/ou-partir-en-avril-au-soleil-marrakech-768x512.jpg 768w, https:\/\/decouvrirensemble.com\/wp-content\/uploads\/2022\/11\/ou-partir-en-avril-au-soleil-marrakech-1536x1024.jpg 1536w\" sizes=\"(max-width: 1800px) 100vw, 1800px\" \/>\n<h2><span class=\"ez-toc-section\" id=\"9_Las_islas_Jonicas_con_Zante_y_Cefalonia\"><\/span>9. Las islas J\u00f3nicas, con Zante y Cefalonia<span class=\"ez-toc-section-end\"><\/span><\/h2>\n<p>Paso obligado por Grecia y dos islas a las que tenemos especial cari\u00f1o, Zante alias Zakynthos y Cefalonia alias Kefalonia. Estas dos <a href=\"https:\/\/decouvrirensemble.com\/es\/islas-griegas-mas-bonitas\" target=\"_blank\" rel=\"noopener\">islas griegas<\/a> situadas en el mar J\u00f3nico fueron un aut\u00e9ntico flechazo para nosotros. Menos conocidas que <a href=\"https:\/\/decouvrirensemble.com\/es\/las-islas-cicladas-mas-bonitas\" target=\"_blank\" rel=\"noopener\">las C\u00edcladas<\/a>, estas dos islas tienen much\u00edsimo que ofrecer, que enumeramos en nuestra gu\u00eda completa disponible m\u00e1s abajo.<\/p>\n<p>[relance7]<\/p>\n<img decoding=\"async\" class=\"alignnone size-full wp-image-19228\" src=\"https:\/\/decouvrirensemble.com\/wp-content\/uploads\/2022\/11\/ou-partir-en-avril-au-soleil-zante.jpg\" alt=\"Zante\" width=\"1800\" height=\"1200\" srcset=\"https:\/\/decouvrirensemble.com\/wp-content\/uploads\/2022\/11\/ou-partir-en-avril-au-soleil-zante.jpg 1800w, https:\/\/decouvrirensemble.com\/wp-content\/uploads\/2022\/11\/ou-partir-en-avril-au-soleil-zante-300x200.jpg 300w, https:\/\/decouvrirensemble.com\/wp-content\/uploads\/2022\/11\/ou-partir-en-avril-au-soleil-zante-1024x683.jpg 1024w, https:\/\/decouvrirensemble.com\/wp-content\/uploads\/2022\/11\/ou-partir-en-avril-au-soleil-zante-768x512.jpg 768w, https:\/\/decouvrirensemble.com\/wp-content\/uploads\/2022\/11\/ou-partir-en-avril-au-soleil-zante-1536x1024.jpg 1536w\" sizes=\"(max-width: 1800px) 100vw, 1800px\" \/>\n<h2><span class=\"ez-toc-section\" id=\"10_Las_Cicladas_con_Mykonos_y_Santorini\"><\/span>10. Las C\u00edcladas, con Mykonos y Santorini<span class=\"ez-toc-section-end\"><\/span><\/h2>\n<p>Terminamos esta selecci\u00f3n de destinos para descubrir d\u00f3nde ir en abril al sol con las famosas islas C\u00edcladas de Mykonos y Santorini. Creemos que no hay mejor momento del a\u00f1o para descubrirlas que fuera de temporada. Si quiere ir de vacaciones en un entorno de postal y vivir las puestas de sol m\u00e1s bonitas de su vida, descubrir Mykonos y Santorini puede ser una excelente idea.<\/p>\n<p>[relance8]<\/p>\n<img decoding=\"async\" class=\"alignnone size-full wp-image-19223\" src=\"https:\/\/decouvrirensemble.com\/wp-content\/uploads\/2022\/11\/ou-partir-en-avril-au-soleil-cyclades.jpg\" alt=\"d\u00f3nde ir en abril bajo el sol\" width=\"1800\" height=\"1200\" srcset=\"https:\/\/decouvrirensemble.com\/wp-content\/uploads\/2022\/11\/ou-partir-en-avril-au-soleil-cyclades.jpg 1800w, https:\/\/decouvrirensemble.com\/wp-content\/uploads\/2022\/11\/ou-partir-en-avril-au-soleil-cyclades-300x200.jpg 300w, https:\/\/decouvrirensemble.com\/wp-content\/uploads\/2022\/11\/ou-partir-en-avril-au-soleil-cyclades-1024x683.jpg 1024w, https:\/\/decouvrirensemble.com\/wp-content\/uploads\/2022\/11\/ou-partir-en-avril-au-soleil-cyclades-768x512.jpg 768w, https:\/\/decouvrirensemble.com\/wp-content\/uploads\/2022\/11\/ou-partir-en-avril-au-soleil-cyclades-1536x1024.jpg 1536w\" sizes=\"(max-width: 1800px) 100vw, 1800px\" \/>\n<h2><span class=\"ez-toc-section\" id=\"Donde_ir_en_abril_como_organizar_bien_tu_viaje\"><\/span>D\u00f3nde ir en abril, c\u00f3mo organizar bien tu viaje<span class=\"ez-toc-section-end\"><\/span><\/h2>\n<h3><span class=\"ez-toc-section\" id=\"Como_llegar_al_destino_elegido\"><\/span>C\u00f3mo llegar al destino elegido<span class=\"ez-toc-section-end\"><\/span><\/h3>\n<p>Para encontrar el mejor medio de transporte para llegar a tu destino, te aconsejamos que consultes siempre el comparador OMIO. De este modo, tendr\u00e1 una visi\u00f3n general de todos los medios de transporte disponibles. As\u00ed podr\u00e1s comparar precios muy f\u00e1cilmente.<\/p>\n    <div class=\"niceButton\"><a href=\"https:\/\/www.omio.es\/?cjdata=MXxZfDB8WXww&#038;utm_source=affiliate_CJ&#038;utm_medium=cpc&#038;utm_term=100603082_13394886&#038;cjevent=1c5a73cc191e11ef813d00700a18b8f8&#038;CID=1550979&#038;TYPE=426669&#038;utm_campaign=affiliate_PRSP_FR_WEB_S_General_CPO\" target=\"_blank\" class=\"emojiLink\">\n                    <span class=\"emojiLink__emoji\">\ud83d\ude80<\/span>\n                <span class=\"emojiLink__title title title--big\">M\u00e1s informaci\u00f3n<\/span>\n    <\/a><\/div>\n\n    \n<h3><span class=\"ez-toc-section\" id=\"Como_alquilar_un_coche_al_mejor_precio\"><\/span>C\u00f3mo alquilar un coche al mejor precio<span class=\"ez-toc-section-end\"><\/span><\/h3>\n<p>Si quieres alquilar un coche en tu viaje, te recomendamos que busques en la web RentalCars. Te ayudar\u00e1 a encontrar los mejores precios y condiciones para tu alquiler.<\/p>\n    <div class=\"niceButton\"><a href=\"https:\/\/www.rentalcars.com\/es\/?adplat=100603082&#038;adcamp=&#038;adco=13881394&#038;affiliateCode=cjemea&#038;click_id=1bf2b216b08611ed804090d20a18b8fa\" target=\"_blank\" class=\"emojiLink\">\n                    <span class=\"emojiLink__emoji\">\ud83d\ude97<\/span>\n                <span class=\"emojiLink__title title title--big\">M\u00e1s informaci\u00f3n<\/span>\n    <\/a><\/div>\n\n    \n<img decoding=\"async\" class=\"alignnone wp-image-16403 size-full\" src=\"https:\/\/decouvrirensemble.com\/wp-content\/uploads\/2022\/03\/Loueur_voiture_Ibiza_centauro.jpg\" alt=\"\" width=\"1800\" height=\"1200\" srcset=\"https:\/\/decouvrirensemble.com\/wp-content\/uploads\/2022\/03\/Loueur_voiture_Ibiza_centauro.jpg 1800w, https:\/\/decouvrirensemble.com\/wp-content\/uploads\/2022\/03\/Loueur_voiture_Ibiza_centauro-300x200.jpg 300w, https:\/\/decouvrirensemble.com\/wp-content\/uploads\/2022\/03\/Loueur_voiture_Ibiza_centauro-1024x683.jpg 1024w, https:\/\/decouvrirensemble.com\/wp-content\/uploads\/2022\/03\/Loueur_voiture_Ibiza_centauro-768x512.jpg 768w, https:\/\/decouvrirensemble.com\/wp-content\/uploads\/2022\/03\/Loueur_voiture_Ibiza_centauro-1536x1024.jpg 1536w\" sizes=\"(max-width: 1800px) 100vw, 1800px\" \/>\n<h3><span class=\"ez-toc-section\" id=\"Como_encontrar_los_mejores_hoteles\"><\/span>C\u00f3mo encontrar los mejores hoteles<span class=\"ez-toc-section-end\"><\/span><\/h3>\n<p>Para encontrar los mejores hoteles y beneficiarnos de las mejores condiciones (seguridad, cancelaci\u00f3n&#8230;) utilizamos casi exclusivamente Booking.com para nuestros viajes. Te recomendamos que eches un vistazo a los hoteles disponibles antes de salir. Puedes filtrarlos seg\u00fan sus valoraciones. Hay un mont\u00f3n de opiniones recientes de clientes, \u00a1lo que significa que no te llevar\u00e1s sorpresas desagradables cuando est\u00e9s de viaje!<\/p>\n    <div class=\"niceButton\"><a href=\"https:\/\/www.booking.com\/index.html?aid=1286053\" target=\"_blank\" class=\"emojiLink\">\n                    <span class=\"emojiLink__emoji\">\ud83d\ude34<\/span>\n                <span class=\"emojiLink__title title title--big\">M\u00e1s informaci\u00f3n<\/span>\n    <\/a><\/div>\n\n    \n<img decoding=\"async\" class=\"alignnone wp-image-17016 size-full\" src=\"https:\/\/decouvrirensemble.com\/wp-content\/uploads\/2022\/04\/Meilleurs-hotels-a-ibiza-petunia.jpg\" alt=\"\" width=\"1800\" height=\"1200\" srcset=\"https:\/\/decouvrirensemble.com\/wp-content\/uploads\/2022\/04\/Meilleurs-hotels-a-ibiza-petunia.jpg 1800w, https:\/\/decouvrirensemble.com\/wp-content\/uploads\/2022\/04\/Meilleurs-hotels-a-ibiza-petunia-300x200.jpg 300w, https:\/\/decouvrirensemble.com\/wp-content\/uploads\/2022\/04\/Meilleurs-hotels-a-ibiza-petunia-1024x683.jpg 1024w, https:\/\/decouvrirensemble.com\/wp-content\/uploads\/2022\/04\/Meilleurs-hotels-a-ibiza-petunia-768x512.jpg 768w, https:\/\/decouvrirensemble.com\/wp-content\/uploads\/2022\/04\/Meilleurs-hotels-a-ibiza-petunia-1536x1024.jpg 1536w\" sizes=\"(max-width: 1800px) 100vw, 1800px\" \/>\n<h3><span class=\"ez-toc-section\" id=\"Como_encontrar_ideas_de_cosas_que_hacer_en_tus_vacaciones_de_abril\"><\/span>C\u00f3mo encontrar ideas de cosas que hacer en tus vacaciones de abril<span class=\"ez-toc-section-end\"><\/span><\/h3>\n<p>Si quiere obtener ideas de actividades para hacer durante sus vacaciones y quiere reservar con antelaci\u00f3n, tambi\u00e9n le aconsejamos que eche un vistazo al sitio GetYourGuide. Te ofrece una visi\u00f3n general de las actividades que se ofrecen en tu destino y te evita tener que esperar a llegar para reservar tus plazas.<\/p>\n    <div class=\"niceButton\"><a href=\"https:\/\/www.getyourguide.es?partner_id=QTAK8D9&#038;utm_medium=online_publisher&#038;placement=%22other%22\" target=\"_blank\" class=\"emojiLink\">\n                    <span class=\"emojiLink__emoji\">\ud83e\udd73<\/span>\n                <span class=\"emojiLink__title title title--big\">M\u00e1s informaci\u00f3n<\/span>\n    <\/a><\/div>\n\n    \n<img decoding=\"async\" class=\"alignnone size-full wp-image-20845\" src=\"https:\/\/decouvrirensemble.com\/wp-content\/uploads\/2023\/03\/ou-partir-en-vacances-en-aout.jpg\" alt=\"d\u00f3nde ir de vacaciones en agosto\" width=\"1800\" height=\"1200\" srcset=\"https:\/\/decouvrirensemble.com\/wp-content\/uploads\/2023\/03\/ou-partir-en-vacances-en-aout.jpg 1800w, https:\/\/decouvrirensemble.com\/wp-content\/uploads\/2023\/03\/ou-partir-en-vacances-en-aout-300x200.jpg 300w, https:\/\/decouvrirensemble.com\/wp-content\/uploads\/2023\/03\/ou-partir-en-vacances-en-aout-1024x683.jpg 1024w, https:\/\/decouvrirensemble.com\/wp-content\/uploads\/2023\/03\/ou-partir-en-vacances-en-aout-768x512.jpg 768w, https:\/\/decouvrirensemble.com\/wp-content\/uploads\/2023\/03\/ou-partir-en-vacances-en-aout-1536x1024.jpg 1536w\" sizes=\"(max-width: 1800px) 100vw, 1800px\" \/>\n<p>[gracias]<\/p>\n\n\n<div class=\"kk-star-ratings kksr-auto kksr-align-left kksr-valign-bottom\"\n    data-payload='{&quot;align&quot;:&quot;left&quot;,&quot;id&quot;:&quot;43863&quot;,&quot;slug&quot;:&quot;default&quot;,&quot;valign&quot;:&quot;bottom&quot;,&quot;ignore&quot;:&quot;&quot;,&quot;reference&quot;:&quot;auto&quot;,&quot;class&quot;:&quot;&quot;,&quot;count&quot;:&quot;28&quot;,&quot;legendonly&quot;:&quot;&quot;,&quot;readonly&quot;:&quot;&quot;,&quot;score&quot;:&quot;4.8&quot;,&quot;starsonly&quot;:&quot;&quot;,&quot;best&quot;:&quot;5&quot;,&quot;gap&quot;:&quot;4&quot;,&quot;greet&quot;:&quot;Sea el primero en valorar esta entrada de blog.&quot;,&quot;legend&quot;:&quot;4.8\\\/5 - (28 votos)&quot;,&quot;size&quot;:&quot;21&quot;,&quot;title&quot;:&quot;\u00bfD\u00f3nde viajar en abril? Las mejores ideas para sus vacaciones&quot;,&quot;width&quot;:&quot;118&quot;,&quot;_legend&quot;:&quot;{score}\\\/{best} - ({count} {votes})&quot;,&quot;font_factor&quot;:&quot;1.25&quot;}'>\n            \n<div class=\"kksr-stars\">\n    \n<div class=\"kksr-stars-inactive\">\n            <div class=\"kksr-star\" data-star=\"1\" style=\"padding-right: 4px\">\n            \n\n<div class=\"kksr-icon\" style=\"width: 21px; height: 21px;\"><\/div>\n        <\/div>\n            <div class=\"kksr-star\" data-star=\"2\" style=\"padding-right: 4px\">\n            \n\n<div class=\"kksr-icon\" style=\"width: 21px; height: 21px;\"><\/div>\n        <\/div>\n            <div class=\"kksr-star\" data-star=\"3\" style=\"padding-right: 4px\">\n            \n\n<div class=\"kksr-icon\" style=\"width: 21px; height: 21px;\"><\/div>\n        <\/div>\n            <div class=\"kksr-star\" data-star=\"4\" style=\"padding-right: 4px\">\n            \n\n<div class=\"kksr-icon\" style=\"width: 21px; height: 21px;\"><\/div>\n        <\/div>\n            <div class=\"kksr-star\" data-star=\"5\" style=\"padding-right: 4px\">\n            \n\n<div class=\"kksr-icon\" style=\"width: 21px; height: 21px;\"><\/div>\n        <\/div>\n    <\/div>\n    \n<div class=\"kksr-stars-active\" style=\"width: 118px;\">\n            <div class=\"kksr-star\" style=\"padding-right: 4px\">\n            \n\n<div class=\"kksr-icon\" style=\"width: 21px; height: 21px;\"><\/div>\n        <\/div>\n            <div class=\"kksr-star\" style=\"padding-right: 4px\">\n            \n\n<div class=\"kksr-icon\" style=\"width: 21px; height: 21px;\"><\/div>\n        <\/div>\n            <div class=\"kksr-star\" style=\"padding-right: 4px\">\n            \n\n<div class=\"kksr-icon\" style=\"width: 21px; height: 21px;\"><\/div>\n        <\/div>\n            <div class=\"kksr-star\" style=\"padding-right: 4px\">\n            \n\n<div class=\"kksr-icon\" style=\"width: 21px; height: 21px;\"><\/div>\n        <\/div>\n            <div class=\"kksr-star\" style=\"padding-right: 4px\">\n            \n\n<div class=\"kksr-icon\" style=\"width: 21px; height: 21px;\"><\/div>\n        <\/div>\n    <\/div>\n<\/div>\n                \n\n<div class=\"kksr-legend\" style=\"font-size: 16.8px;\">\n            4.8\/5 - (28 votos)    <\/div>\n    <\/div>\n","protected":false},"excerpt":{"rendered":"<p>Se acercan sus pr\u00f3ximas vacaciones y se pregunta d\u00f3nde ir en abril bajo el sol para aprovecharlas al m\u00e1ximo. Ha llegado al lugar adecuado.<\/p>\n","protected":false},"author":1,"featured_media":47567,"comment_status":"open","ping_status":"closed","sticky":false,"template":"","format":"standard","meta":{"_acf_changed":false,"_lmt_disableupdate":"no","_lmt_disable":"no","footnotes":""},"categories":[517],"tags":[],"class_list":["post-43863","post","type-post","status-publish","format-standard","has-post-thumbnail","hentry","category-donde-viajar"],"acf":[],"yoast_head":"<!-- This site is optimized with the Yoast SEO plugin v27.4 - https:\/\/yoast.com\/product\/yoast-seo-wordpress\/ -->\n<title>\u00bfD\u00f3nde viajar en abril? Las mejores ideas para sus vacaciones<\/title>\n<meta name=\"description\" content=\"\u00bfD\u00f3nde viajar en abril bajo? Desc\u00fabralo en nuestro blog de viajes con nuestra selecci\u00f3n de destinos para sus pr\u00f3ximas vacaciones.\" \/>\n<meta name=\"robots\" content=\"index, follow, max-snippet:-1, max-image-preview:large, max-video-preview:-1\" \/>\n<link rel=\"canonical\" href=\"https:\/\/decouvrirensemble.com\/es\/donde-viajar-en-abril\" \/>\n<meta property=\"og:locale\" content=\"es_ES\" \/>\n<meta property=\"og:type\" content=\"article\" \/>\n<meta property=\"og:title\" content=\"\u00bfD\u00f3nde viajar en abril? Las mejores ideas para sus vacaciones\" \/>\n<meta property=\"og:description\" content=\"\u00bfD\u00f3nde viajar en abril bajo? Desc\u00fabralo en nuestro blog de viajes con nuestra selecci\u00f3n de destinos para sus pr\u00f3ximas vacaciones.\" \/>\n<meta property=\"og:url\" content=\"https:\/\/decouvrirensemble.com\/es\/donde-viajar-en-abril\" \/>\n<meta property=\"og:site_name\" content=\"Blog Voyage - D\u00e9couvrir Ensemble\" \/>\n<meta property=\"article:published_time\" content=\"2022-12-09T18:23:13+00:00\" \/>\n<meta property=\"article:modified_time\" content=\"2026-04-13T13:03:13+00:00\" \/>\n<meta property=\"og:image\" content=\"https:\/\/decouvrirensemble.com\/wp-content\/uploads\/2022\/12\/ou-partir-en-avril-au-soleil-blog-voyage.jpg\" \/>\n\t<meta property=\"og:image:width\" content=\"1800\" \/>\n\t<meta property=\"og:image:height\" content=\"1350\" \/>\n\t<meta property=\"og:image:type\" content=\"image\/jpeg\" \/>\n<meta name=\"author\" content=\"Cl\u00e9mence &amp; Alexandre\" \/>\n<meta name=\"twitter:card\" content=\"summary_large_image\" \/>\n<meta name=\"twitter:creator\" content=\"@dcouvrirensmble\" \/>\n<meta name=\"twitter:site\" content=\"@dcouvrirensmble\" \/>\n<meta name=\"twitter:label1\" content=\"Escrito por\" \/>\n\t<meta name=\"twitter:data1\" content=\"Cl\u00e9mence &amp; Alexandre\" \/>\n\t<meta name=\"twitter:label2\" content=\"Tiempo de lectura\" \/>\n\t<meta name=\"twitter:data2\" content=\"11 minutos\" \/>\n<script type=\"application\/ld+json\" class=\"yoast-schema-graph\">{\"@context\":\"https:\\\/\\\/schema.org\",\"@graph\":[{\"@type\":\"Article\",\"@id\":\"https:\\\/\\\/decouvrirensemble.com\\\/es\\\/donde-viajar-en-abril#article\",\"isPartOf\":{\"@id\":\"https:\\\/\\\/decouvrirensemble.com\\\/es\\\/donde-viajar-en-abril\"},\"author\":{\"name\":\"Cl\u00e9mence &amp; Alexandre\",\"@id\":\"https:\\\/\\\/decouvrirensemble.com\\\/es#\\\/schema\\\/person\\\/a53efd44d02eb7f9ab90f96e84a9d2ba\"},\"headline\":\"\u00bfD\u00f3nde viajar en abril? Las mejores ideas para sus vacaciones\",\"datePublished\":\"2022-12-09T18:23:13+00:00\",\"dateModified\":\"2026-04-13T13:03:13+00:00\",\"mainEntityOfPage\":{\"@id\":\"https:\\\/\\\/decouvrirensemble.com\\\/es\\\/donde-viajar-en-abril\"},\"wordCount\":1645,\"commentCount\":0,\"publisher\":{\"@id\":\"https:\\\/\\\/decouvrirensemble.com\\\/es#\\\/schema\\\/person\\\/a53efd44d02eb7f9ab90f96e84a9d2ba\"},\"image\":{\"@id\":\"https:\\\/\\\/decouvrirensemble.com\\\/es\\\/donde-viajar-en-abril#primaryimage\"},\"thumbnailUrl\":\"https:\\\/\\\/decouvrirensemble.com\\\/wp-content\\\/uploads\\\/2022\\\/12\\\/ou-partir-en-avril-au-soleil-blog-voyage.jpg\",\"articleSection\":[\"\u00bfD\u00f3nde viajar?\"],\"inLanguage\":\"es\",\"potentialAction\":[{\"@type\":\"CommentAction\",\"name\":\"Comment\",\"target\":[\"https:\\\/\\\/decouvrirensemble.com\\\/es\\\/donde-viajar-en-abril#respond\"]}]},{\"@type\":\"WebPage\",\"@id\":\"https:\\\/\\\/decouvrirensemble.com\\\/es\\\/donde-viajar-en-abril\",\"url\":\"https:\\\/\\\/decouvrirensemble.com\\\/es\\\/donde-viajar-en-abril\",\"name\":\"\u00bfD\u00f3nde viajar en abril? Las mejores ideas para sus vacaciones\",\"isPartOf\":{\"@id\":\"https:\\\/\\\/decouvrirensemble.com\\\/es#website\"},\"primaryImageOfPage\":{\"@id\":\"https:\\\/\\\/decouvrirensemble.com\\\/es\\\/donde-viajar-en-abril#primaryimage\"},\"image\":{\"@id\":\"https:\\\/\\\/decouvrirensemble.com\\\/es\\\/donde-viajar-en-abril#primaryimage\"},\"thumbnailUrl\":\"https:\\\/\\\/decouvrirensemble.com\\\/wp-content\\\/uploads\\\/2022\\\/12\\\/ou-partir-en-avril-au-soleil-blog-voyage.jpg\",\"datePublished\":\"2022-12-09T18:23:13+00:00\",\"dateModified\":\"2026-04-13T13:03:13+00:00\",\"description\":\"\u00bfD\u00f3nde viajar en abril bajo? Desc\u00fabralo en nuestro blog de viajes con nuestra selecci\u00f3n de destinos para sus pr\u00f3ximas vacaciones.\",\"breadcrumb\":{\"@id\":\"https:\\\/\\\/decouvrirensemble.com\\\/es\\\/donde-viajar-en-abril#breadcrumb\"},\"inLanguage\":\"es\",\"potentialAction\":[{\"@type\":\"ReadAction\",\"target\":[\"https:\\\/\\\/decouvrirensemble.com\\\/es\\\/donde-viajar-en-abril\"]}]},{\"@type\":\"ImageObject\",\"inLanguage\":\"es\",\"@id\":\"https:\\\/\\\/decouvrirensemble.com\\\/es\\\/donde-viajar-en-abril#primaryimage\",\"url\":\"https:\\\/\\\/decouvrirensemble.com\\\/wp-content\\\/uploads\\\/2022\\\/12\\\/ou-partir-en-avril-au-soleil-blog-voyage.jpg\",\"contentUrl\":\"https:\\\/\\\/decouvrirensemble.com\\\/wp-content\\\/uploads\\\/2022\\\/12\\\/ou-partir-en-avril-au-soleil-blog-voyage.jpg\",\"width\":1800,\"height\":1350,\"caption\":\"O\u00f9 partir en Avril au soleil\"},{\"@type\":\"BreadcrumbList\",\"@id\":\"https:\\\/\\\/decouvrirensemble.com\\\/es\\\/donde-viajar-en-abril#breadcrumb\",\"itemListElement\":[{\"@type\":\"ListItem\",\"position\":1,\"name\":\"Accueil\",\"item\":\"https:\\\/\\\/decouvrirensemble.com\\\/es\"},{\"@type\":\"ListItem\",\"position\":2,\"name\":\"\u00bfD\u00f3nde viajar?\",\"item\":\"https:\\\/\\\/decouvrirensemble.com\\\/es\\\/donde-viajar\"},{\"@type\":\"ListItem\",\"position\":3,\"name\":\"\u00bfD\u00f3nde viajar en abril? Las mejores ideas para sus vacaciones\"}]},{\"@type\":\"WebSite\",\"@id\":\"https:\\\/\\\/decouvrirensemble.com\\\/es#website\",\"url\":\"https:\\\/\\\/decouvrirensemble.com\\\/es\",\"name\":\"Blog Voyage - D\u00e9couvrir Ensemble\",\"description\":\"Le Blog Voyage de Clem et Alex\",\"publisher\":{\"@id\":\"https:\\\/\\\/decouvrirensemble.com\\\/es#\\\/schema\\\/person\\\/a53efd44d02eb7f9ab90f96e84a9d2ba\"},\"potentialAction\":[{\"@type\":\"SearchAction\",\"target\":{\"@type\":\"EntryPoint\",\"urlTemplate\":\"https:\\\/\\\/decouvrirensemble.com\\\/es?s={search_term_string}\"},\"query-input\":{\"@type\":\"PropertyValueSpecification\",\"valueRequired\":true,\"valueName\":\"search_term_string\"}}],\"inLanguage\":\"es\"},{\"@type\":[\"Person\",\"Organization\"],\"@id\":\"https:\\\/\\\/decouvrirensemble.com\\\/es#\\\/schema\\\/person\\\/a53efd44d02eb7f9ab90f96e84a9d2ba\",\"name\":\"Cl\u00e9mence &amp; Alexandre\",\"image\":{\"@type\":\"ImageObject\",\"inLanguage\":\"es\",\"@id\":\"https:\\\/\\\/decouvrirensemble.com\\\/wp-content\\\/uploads\\\/2024\\\/04\\\/logo-decouvrir-ensemble-blog-voyage.jpg\",\"url\":\"https:\\\/\\\/decouvrirensemble.com\\\/wp-content\\\/uploads\\\/2024\\\/04\\\/logo-decouvrir-ensemble-blog-voyage.jpg\",\"contentUrl\":\"https:\\\/\\\/decouvrirensemble.com\\\/wp-content\\\/uploads\\\/2024\\\/04\\\/logo-decouvrir-ensemble-blog-voyage.jpg\",\"width\":1563,\"height\":529,\"caption\":\"Cl\u00e9mence &amp; Alexandre\"},\"logo\":{\"@id\":\"https:\\\/\\\/decouvrirensemble.com\\\/wp-content\\\/uploads\\\/2024\\\/04\\\/logo-decouvrir-ensemble-blog-voyage.jpg\"},\"sameAs\":[\"https:\\\/\\\/decouvrirensemble.com\\\/\"]}]}<\/script>\n<!-- \/ Yoast SEO plugin. -->","yoast_head_json":{"title":"\u00bfD\u00f3nde viajar en abril? Las mejores ideas para sus vacaciones","description":"\u00bfD\u00f3nde viajar en abril bajo? Desc\u00fabralo en nuestro blog de viajes con nuestra selecci\u00f3n de destinos para sus pr\u00f3ximas vacaciones.","robots":{"index":"index","follow":"follow","max-snippet":"max-snippet:-1","max-image-preview":"max-image-preview:large","max-video-preview":"max-video-preview:-1"},"canonical":"https:\/\/decouvrirensemble.com\/es\/donde-viajar-en-abril","og_locale":"es_ES","og_type":"article","og_title":"\u00bfD\u00f3nde viajar en abril? Las mejores ideas para sus vacaciones","og_description":"\u00bfD\u00f3nde viajar en abril bajo? Desc\u00fabralo en nuestro blog de viajes con nuestra selecci\u00f3n de destinos para sus pr\u00f3ximas vacaciones.","og_url":"https:\/\/decouvrirensemble.com\/es\/donde-viajar-en-abril","og_site_name":"Blog Voyage - D\u00e9couvrir Ensemble","article_published_time":"2022-12-09T18:23:13+00:00","article_modified_time":"2026-04-13T13:03:13+00:00","og_image":[{"width":1800,"height":1350,"url":"https:\/\/decouvrirensemble.com\/wp-content\/uploads\/2022\/12\/ou-partir-en-avril-au-soleil-blog-voyage.jpg","type":"image\/jpeg"}],"author":"Cl\u00e9mence &amp; Alexandre","twitter_card":"summary_large_image","twitter_creator":"@dcouvrirensmble","twitter_site":"@dcouvrirensmble","twitter_misc":{"Escrito por":"Cl\u00e9mence &amp; Alexandre","Tiempo de lectura":"11 minutos"},"schema":{"@context":"https:\/\/schema.org","@graph":[{"@type":"Article","@id":"https:\/\/decouvrirensemble.com\/es\/donde-viajar-en-abril#article","isPartOf":{"@id":"https:\/\/decouvrirensemble.com\/es\/donde-viajar-en-abril"},"author":{"name":"Cl\u00e9mence &amp; Alexandre","@id":"https:\/\/decouvrirensemble.com\/es#\/schema\/person\/a53efd44d02eb7f9ab90f96e84a9d2ba"},"headline":"\u00bfD\u00f3nde viajar en abril? Las mejores ideas para sus vacaciones","datePublished":"2022-12-09T18:23:13+00:00","dateModified":"2026-04-13T13:03:13+00:00","mainEntityOfPage":{"@id":"https:\/\/decouvrirensemble.com\/es\/donde-viajar-en-abril"},"wordCount":1645,"commentCount":0,"publisher":{"@id":"https:\/\/decouvrirensemble.com\/es#\/schema\/person\/a53efd44d02eb7f9ab90f96e84a9d2ba"},"image":{"@id":"https:\/\/decouvrirensemble.com\/es\/donde-viajar-en-abril#primaryimage"},"thumbnailUrl":"https:\/\/decouvrirensemble.com\/wp-content\/uploads\/2022\/12\/ou-partir-en-avril-au-soleil-blog-voyage.jpg","articleSection":["\u00bfD\u00f3nde viajar?"],"inLanguage":"es","potentialAction":[{"@type":"CommentAction","name":"Comment","target":["https:\/\/decouvrirensemble.com\/es\/donde-viajar-en-abril#respond"]}]},{"@type":"WebPage","@id":"https:\/\/decouvrirensemble.com\/es\/donde-viajar-en-abril","url":"https:\/\/decouvrirensemble.com\/es\/donde-viajar-en-abril","name":"\u00bfD\u00f3nde viajar en abril? Las mejores ideas para sus vacaciones","isPartOf":{"@id":"https:\/\/decouvrirensemble.com\/es#website"},"primaryImageOfPage":{"@id":"https:\/\/decouvrirensemble.com\/es\/donde-viajar-en-abril#primaryimage"},"image":{"@id":"https:\/\/decouvrirensemble.com\/es\/donde-viajar-en-abril#primaryimage"},"thumbnailUrl":"https:\/\/decouvrirensemble.com\/wp-content\/uploads\/2022\/12\/ou-partir-en-avril-au-soleil-blog-voyage.jpg","datePublished":"2022-12-09T18:23:13+00:00","dateModified":"2026-04-13T13:03:13+00:00","description":"\u00bfD\u00f3nde viajar en abril bajo? Desc\u00fabralo en nuestro blog de viajes con nuestra selecci\u00f3n de destinos para sus pr\u00f3ximas vacaciones.","breadcrumb":{"@id":"https:\/\/decouvrirensemble.com\/es\/donde-viajar-en-abril#breadcrumb"},"inLanguage":"es","potentialAction":[{"@type":"ReadAction","target":["https:\/\/decouvrirensemble.com\/es\/donde-viajar-en-abril"]}]},{"@type":"ImageObject","inLanguage":"es","@id":"https:\/\/decouvrirensemble.com\/es\/donde-viajar-en-abril#primaryimage","url":"https:\/\/decouvrirensemble.com\/wp-content\/uploads\/2022\/12\/ou-partir-en-avril-au-soleil-blog-voyage.jpg","contentUrl":"https:\/\/decouvrirensemble.com\/wp-content\/uploads\/2022\/12\/ou-partir-en-avril-au-soleil-blog-voyage.jpg","width":1800,"height":1350,"caption":"O\u00f9 partir en Avril au soleil"},{"@type":"BreadcrumbList","@id":"https:\/\/decouvrirensemble.com\/es\/donde-viajar-en-abril#breadcrumb","itemListElement":[{"@type":"ListItem","position":1,"name":"Accueil","item":"https:\/\/decouvrirensemble.com\/es"},{"@type":"ListItem","position":2,"name":"\u00bfD\u00f3nde viajar?","item":"https:\/\/decouvrirensemble.com\/es\/donde-viajar"},{"@type":"ListItem","position":3,"name":"\u00bfD\u00f3nde viajar en abril? Las mejores ideas para sus vacaciones"}]},{"@type":"WebSite","@id":"https:\/\/decouvrirensemble.com\/es#website","url":"https:\/\/decouvrirensemble.com\/es","name":"Blog Voyage - D\u00e9couvrir Ensemble","description":"Le Blog Voyage de Clem et Alex","publisher":{"@id":"https:\/\/decouvrirensemble.com\/es#\/schema\/person\/a53efd44d02eb7f9ab90f96e84a9d2ba"},"potentialAction":[{"@type":"SearchAction","target":{"@type":"EntryPoint","urlTemplate":"https:\/\/decouvrirensemble.com\/es?s={search_term_string}"},"query-input":{"@type":"PropertyValueSpecification","valueRequired":true,"valueName":"search_term_string"}}],"inLanguage":"es"},{"@type":["Person","Organization"],"@id":"https:\/\/decouvrirensemble.com\/es#\/schema\/person\/a53efd44d02eb7f9ab90f96e84a9d2ba","name":"Cl\u00e9mence &amp; Alexandre","image":{"@type":"ImageObject","inLanguage":"es","@id":"https:\/\/decouvrirensemble.com\/wp-content\/uploads\/2024\/04\/logo-decouvrir-ensemble-blog-voyage.jpg","url":"https:\/\/decouvrirensemble.com\/wp-content\/uploads\/2024\/04\/logo-decouvrir-ensemble-blog-voyage.jpg","contentUrl":"https:\/\/decouvrirensemble.com\/wp-content\/uploads\/2024\/04\/logo-decouvrir-ensemble-blog-voyage.jpg","width":1563,"height":529,"caption":"Cl\u00e9mence &amp; Alexandre"},"logo":{"@id":"https:\/\/decouvrirensemble.com\/wp-content\/uploads\/2024\/04\/logo-decouvrir-ensemble-blog-voyage.jpg"},"sameAs":["https:\/\/decouvrirensemble.com\/"]}]}},"modified_by":"Cl\u00e9mence &amp; Alexandre","_links":{"self":[{"href":"https:\/\/decouvrirensemble.com\/es\/wp-json\/wp\/v2\/posts\/43863","targetHints":{"allow":["GET"]}}],"collection":[{"href":"https:\/\/decouvrirensemble.com\/es\/wp-json\/wp\/v2\/posts"}],"about":[{"href":"https:\/\/decouvrirensemble.com\/es\/wp-json\/wp\/v2\/types\/post"}],"author":[{"embeddable":true,"href":"https:\/\/decouvrirensemble.com\/es\/wp-json\/wp\/v2\/users\/1"}],"replies":[{"embeddable":true,"href":"https:\/\/decouvrirensemble.com\/es\/wp-json\/wp\/v2\/comments?post=43863"}],"version-history":[{"count":2,"href":"https:\/\/decouvrirensemble.com\/es\/wp-json\/wp\/v2\/posts\/43863\/revisions"}],"predecessor-version":[{"id":65693,"href":"https:\/\/decouvrirensemble.com\/es\/wp-json\/wp\/v2\/posts\/43863\/revisions\/65693"}],"wp:featuredmedia":[{"embeddable":true,"href":"https:\/\/decouvrirensemble.com\/es\/wp-json\/wp\/v2\/media\/47567"}],"wp:attachment":[{"href":"https:\/\/decouvrirensemble.com\/es\/wp-json\/wp\/v2\/media?parent=43863"}],"wp:term":[{"taxonomy":"category","embeddable":true,"href":"https:\/\/decouvrirensemble.com\/es\/wp-json\/wp\/v2\/categories?post=43863"},{"taxonomy":"post_tag","embeddable":true,"href":"https:\/\/decouvrirensemble.com\/es\/wp-json\/wp\/v2\/tags?post=43863"}],"curies":[{"name":"wp","href":"https:\/\/api.w.org\/{rel}","templated":true}]}}