{"id":43891,"date":"2023-03-24T11:14:15","date_gmt":"2023-03-24T10:14:15","guid":{"rendered":"https:\/\/decouvrirensemble.com\/?p=43891"},"modified":"2026-04-13T15:00:35","modified_gmt":"2026-04-13T13:00:35","slug":"donde-viajar-en-agosto","status":"publish","type":"post","link":"https:\/\/decouvrirensemble.com\/es\/donde-viajar-en-agosto","title":{"rendered":"\u00bfD\u00f3nde viajar en agosto? Las mejores ideas para sus vacaciones"},"content":{"rendered":"<p>Es una \u00e9poca complicada para viajar, ya que la mayor\u00eda de los destinos son muy populares entre los turistas, todo el mundo quiere irse de viaje en esta \u00e9poca del a\u00f1o, y los precios son m\u00e1s caros&#8230; As\u00ed que hay que planificar las vacaciones de agosto con mucha antelaci\u00f3n para aprovecharlas al m\u00e1ximo y encontrar precios asequibles.<\/p>\n<p>En nuestro art\u00edculo del blog, le proponemos varios destinos para este verano: de Austria a las Azores, pasando por Francia, hay para todos los gustos. Haz las maletas y dir\u00edgete a uno de estos bonitos destinos para pasar agosto al sol y volver a casa con la cabeza llena de recuerdos.<\/p>\n<h2><span class=\"ez-toc-section\" id=\"1_%C2%BFDonde_ir_en_agosto_al_sol_Rumbo_a_Francia_pero_fuera_de_los_caminos_trillados\"><\/span>1. \u00bfD\u00f3nde ir en agosto al sol? Rumbo a Francia pero fuera de los caminos trillados<span class=\"ez-toc-section-end\"><\/span><\/h2>\n<p>Cuando nos preguntamos d\u00f3nde ir en agosto al sol, a menudo pensamos en irnos lejos para cambiar de aires y huir de las multitudes de turistas en Francia. Pero \u00bfsab\u00eda que hay muchas regiones soleadas y sin demasiada gente esper\u00e1ndole durante este periodo? Pensamos sobre todo en el <a href=\"https:\/\/decouvrirensemble.com\/que-faire-dans-le-jura\" target=\"_blank\" rel=\"noopener\">Jura<\/a>, los Pirineos o el <a href=\"https:\/\/decouvrirensemble.com\/visiter-le-tarn-et-garonne\" target=\"_blank\" rel=\"noopener\">Tarn et Garonne<\/a>. Tuvimos la oportunidad de descubrir la regi\u00f3n de <a href=\"https:\/\/decouvrirensemble.com\/visiter-le-tarn-et-garonne\" target=\"_blank\" rel=\"noopener\">Tarn et Garonne<\/a> en esta \u00e9poca del a\u00f1o y nos lo tomamos con calma. Por ejemplo, se puede practicar pirag\u00fcismo en las gargantas del Aveyron antes de ir al mercado de Saint-Antonin-Noble-Val. Nos enamoramos mucho de la regi\u00f3n, hab\u00eda muy pocos turistas y pudimos disfrutar del verdor y el aire puro. Lo recomendamos.<\/p>\n    <div class=\"niceButton\"><a href=\"https:\/\/decouvrirensemble.com\/es\/destinos\/francia\" target=\"_blank\" class=\"emojiLink\">\n                    <span class=\"emojiLink__emoji\">\ud83c\uddeb\ud83c\uddf7<\/span>\n                <span class=\"emojiLink__title title title--big\">Ideas para viajar por Francia<\/span>\n    <\/a><\/div>\n\n    \n<img decoding=\"async\" class=\"alignnone size-full wp-image-20839\" src=\"https:\/\/decouvrirensemble.com\/wp-content\/uploads\/2023\/03\/ou-partir-en-aout-au-soleil-france.jpg\" alt=\"D\u00f3nde ir en agosto al sol\" width=\"1800\" height=\"1200\" srcset=\"https:\/\/decouvrirensemble.com\/wp-content\/uploads\/2023\/03\/ou-partir-en-aout-au-soleil-france.jpg 1800w, https:\/\/decouvrirensemble.com\/wp-content\/uploads\/2023\/03\/ou-partir-en-aout-au-soleil-france-300x200.jpg 300w, https:\/\/decouvrirensemble.com\/wp-content\/uploads\/2023\/03\/ou-partir-en-aout-au-soleil-france-1024x683.jpg 1024w, https:\/\/decouvrirensemble.com\/wp-content\/uploads\/2023\/03\/ou-partir-en-aout-au-soleil-france-768x512.jpg 768w, https:\/\/decouvrirensemble.com\/wp-content\/uploads\/2023\/03\/ou-partir-en-aout-au-soleil-france-1536x1024.jpg 1536w\" sizes=\"(max-width: 1800px) 100vw, 1800px\" \/>\n<h2><span class=\"ez-toc-section\" id=\"2_Donde_ir_en_agosto_al_sol_Montenegro\"><\/span>2. D\u00f3nde ir en agosto al sol? Montenegro<span class=\"ez-toc-section-end\"><\/span><\/h2>\n<p>Has pensado alguna vez en descubrir Montenegro? Este pa\u00eds, todav\u00eda relativamente poco tur\u00edstico, guarda muchas sorpresas; nosotros lo visitamos durante el verano de 2022 y nos conquist\u00f3. Este destino bien podr\u00eda ser la respuesta a su pregunta \u00ab\u00bfd\u00f3nde ir en agosto?\u00bb, \u00a1sin demasiados turistas! El pa\u00eds no es enorme, pero ofrece una gran diversidad de sur a norte.<\/p>\n<p>En el sur de Montenegro, puede visitar la <a href=\"https:\/\/decouvrirensemble.com\/es\/bahia-de-kotor\" target=\"_blank\" rel=\"noopener\">Bah\u00eda de Kotor<\/a>, que ofrece bonitos pueblos fortificados junto al mar, multitud de terrazas de caf\u00e9s y bares donde instalarse a tomar un spritz en honor a las vacaciones. En el norte de Montenegro, ser\u00e1 un poco m\u00e1s confidencial, con una regi\u00f3n monta\u00f1osa, el <a href=\"https:\/\/decouvrirensemble.com\/es\/durmitor-montenegro\" target=\"_blank\" rel=\"noopener\">Durmitor<\/a> y algunas excursiones preciosas. El clima es suave y hay pocos turistas, \u00a1lo que nos parece estupendo! Visite nuestra <a href=\"https:\/\/decouvrirensemble.com\/es\/que-ver-en-montenegro\" target=\"_blank\" rel=\"noopener\">gu\u00eda completa de Montenegro<\/a> para obtener toda la informaci\u00f3n.<\/p>\n<p>[relance]<\/p>\n<img decoding=\"async\" class=\"alignnone size-full wp-image-20841\" src=\"https:\/\/decouvrirensemble.com\/wp-content\/uploads\/2023\/03\/ou-partir-en-aout-montenegro.jpg\" alt=\"D\u00f3nde ir en agosto\" width=\"1800\" height=\"1200\" srcset=\"https:\/\/decouvrirensemble.com\/wp-content\/uploads\/2023\/03\/ou-partir-en-aout-montenegro.jpg 1800w, https:\/\/decouvrirensemble.com\/wp-content\/uploads\/2023\/03\/ou-partir-en-aout-montenegro-300x200.jpg 300w, https:\/\/decouvrirensemble.com\/wp-content\/uploads\/2023\/03\/ou-partir-en-aout-montenegro-1024x683.jpg 1024w, https:\/\/decouvrirensemble.com\/wp-content\/uploads\/2023\/03\/ou-partir-en-aout-montenegro-768x512.jpg 768w, https:\/\/decouvrirensemble.com\/wp-content\/uploads\/2023\/03\/ou-partir-en-aout-montenegro-1536x1024.jpg 1536w\" sizes=\"(max-width: 1800px) 100vw, 1800px\" \/>\n<h2><span class=\"ez-toc-section\" id=\"3_Albania\"><\/span>3. Albania<span class=\"ez-toc-section-end\"><\/span><\/h2>\n<p>Albania es un pa\u00eds que a\u00fan conocemos poco, ya que s\u00f3lo visitamos la regi\u00f3n de Theth durante nuestro viaje a Montenegro. Durante nuestra breve estancia en Albania, la gente nos pareci\u00f3 adorable y el pa\u00eds incre\u00edble. El clima es suave, entre 20 y 30 grados seg\u00fan las regiones. Encontrar\u00e1s playas incre\u00edbles, como Tirana, Vlora y Ksamil. Si se pregunta d\u00f3nde ir en agosto a tomar el sol sin demasiados turistas, Albania parece un destino perfecto. \u00bfLe apetece darse un ba\u00f1o en la costa adri\u00e1tica?<\/p>\n    <div class=\"niceButton\"><a href=\"https:\/\/www.booking.com\/searchresults.fr.html?aid=1286053&#038;ss=albania&#038;nflt=review_score%3D90\" target=\"_blank\" class=\"emojiLink\">\n                    <span class=\"emojiLink__emoji\">\ud83c\udde6\ud83c\uddf1<\/span>\n                <span class=\"emojiLink__title title title--big\">Encuentra los mejores hoteles en Albania<\/span>\n    <\/a><\/div>\n\n    \n<img decoding=\"async\" class=\"alignnone size-full wp-image-20836\" src=\"https:\/\/decouvrirensemble.com\/wp-content\/uploads\/2023\/03\/ou-partir-en-aout-au-soleil-albanie.jpg\" alt=\"D\u00f3nde ir en agosto al sol\" width=\"1800\" height=\"1200\" srcset=\"https:\/\/decouvrirensemble.com\/wp-content\/uploads\/2023\/03\/ou-partir-en-aout-au-soleil-albanie.jpg 1800w, https:\/\/decouvrirensemble.com\/wp-content\/uploads\/2023\/03\/ou-partir-en-aout-au-soleil-albanie-300x200.jpg 300w, https:\/\/decouvrirensemble.com\/wp-content\/uploads\/2023\/03\/ou-partir-en-aout-au-soleil-albanie-1024x683.jpg 1024w, https:\/\/decouvrirensemble.com\/wp-content\/uploads\/2023\/03\/ou-partir-en-aout-au-soleil-albanie-768x512.jpg 768w, https:\/\/decouvrirensemble.com\/wp-content\/uploads\/2023\/03\/ou-partir-en-aout-au-soleil-albanie-1536x1024.jpg 1536w\" sizes=\"(max-width: 1800px) 100vw, 1800px\" \/>\n<h2><span class=\"ez-toc-section\" id=\"4_Suiza\"><\/span>4. Suiza<span class=\"ez-toc-section-end\"><\/span><\/h2>\n<p>\u00a1Deja paso a un destino que te dejar\u00e1 boquiabierto paisaj\u00edsticamente hablando! Visitar Suiza en agosto es garant\u00eda de descubrir el pa\u00eds en las mejores condiciones climatol\u00f3gicas, entre 25 y 30 grados. Es un destino perfecto si le gustan las vacaciones activas, con senderismo y actividades deportivas. Las monta\u00f1as y los lagos suizos est\u00e1n llenos de sorpresas. Algunas ideas para sus vacaciones de agosto en Suiza: Lago de Lugano, Gandria, Laax, Arosa&#8230; Entre monta\u00f1as, lagos y bonitas ciudades, \u00a1tendr\u00e1 mucho donde elegir! De hecho, <a href=\"https:\/\/decouvrirensemble.com\/es\/que-ver-en-basilea-suiza\" target=\"_blank\" rel=\"noopener\">visitamos Basilea<\/a>&nbsp;en verano y nos encant\u00f3 el ambiente y la idea de ba\u00f1arnos en el Rin. As\u00ed que para responder a tu pregunta sobre d\u00f3nde ir en agosto con sol, \u00a1sin duda ir\u00edamos a Suiza!<\/p>\n    <div class=\"niceButton\"><a href=\"https:\/\/decouvrirensemble.com\/es\/destinos\/suiza\" target=\"_blank\" class=\"emojiLink\">\n                    <span class=\"emojiLink__emoji\">\ud83c\udde8\ud83c\udded<\/span>\n                <span class=\"emojiLink__title title title--big\">Ideas para viajar a Suiza<\/span>\n    <\/a><\/div>\n\n    \n<img decoding=\"async\" class=\"alignnone size-full wp-image-20857\" src=\"https:\/\/decouvrirensemble.com\/wp-content\/uploads\/2023\/03\/ou-partir-en-aout-au-soleil-suisse.jpg\" alt=\"D\u00f3nde ir en agosto\" width=\"1800\" height=\"1200\" srcset=\"https:\/\/decouvrirensemble.com\/wp-content\/uploads\/2023\/03\/ou-partir-en-aout-au-soleil-suisse.jpg 1800w, https:\/\/decouvrirensemble.com\/wp-content\/uploads\/2023\/03\/ou-partir-en-aout-au-soleil-suisse-300x200.jpg 300w, https:\/\/decouvrirensemble.com\/wp-content\/uploads\/2023\/03\/ou-partir-en-aout-au-soleil-suisse-1024x683.jpg 1024w, https:\/\/decouvrirensemble.com\/wp-content\/uploads\/2023\/03\/ou-partir-en-aout-au-soleil-suisse-768x512.jpg 768w, https:\/\/decouvrirensemble.com\/wp-content\/uploads\/2023\/03\/ou-partir-en-aout-au-soleil-suisse-1536x1024.jpg 1536w\" sizes=\"(max-width: 1800px) 100vw, 1800px\" \/>\n<h2><span class=\"ez-toc-section\" id=\"5_Donde_ir_en_agosto_al_sol_Austria\"><\/span>5. D\u00f3nde ir en agosto al sol? Austria<span class=\"ez-toc-section-end\"><\/span><\/h2>\n<p>Qu\u00e9 te parece visitar Austria en agosto? Aunque es la mejor \u00e9poca para descubrir este destino climatol\u00f3gicamente hablando, todav\u00eda hay que esperar alg\u00fan que otro chubasco ligero. Todav\u00eda no conocemos este pa\u00eds, \u00a1pero estamos deseando visitarlo! He aqu\u00ed algunas ideas de lugares que visitar en Austria en agosto: la capital, Viena, tiene una pinta incre\u00edble, la regi\u00f3n del Tirol es un aut\u00e9ntico reclamo, el adorable pueblo de Hallstatt, Salzburgo, la ciudad barroca de Mozart, o el lago Wolfgang&#8230; Es dif\u00edcil decidir por d\u00f3nde empezar. En cualquier caso, una cosa es segura: visitar Austria en agosto parece una apuesta segura.<\/p>\n    <div class=\"niceButton\"><a href=\"https:\/\/www.booking.com\/searchresults.fr.html?aid=1286053&#038;ss=autriche&#038;nflt=review_score%3D90\" target=\"_blank\" class=\"emojiLink\">\n                    <span class=\"emojiLink__emoji\">\ud83c\udde6\ud83c\uddf9<\/span>\n                <span class=\"emojiLink__title title title--big\">Encuentra los mejores hoteles de Austria<\/span>\n    <\/a><\/div>\n\n    \n<img decoding=\"async\" class=\"alignnone size-full wp-image-20837\" src=\"https:\/\/decouvrirensemble.com\/wp-content\/uploads\/2023\/03\/ou-partir-en-aout-au-soleil-autriche.jpg\" alt=\"d\u00f3nde ir en agosto\" width=\"1800\" height=\"1200\" srcset=\"https:\/\/decouvrirensemble.com\/wp-content\/uploads\/2023\/03\/ou-partir-en-aout-au-soleil-autriche.jpg 1800w, https:\/\/decouvrirensemble.com\/wp-content\/uploads\/2023\/03\/ou-partir-en-aout-au-soleil-autriche-300x200.jpg 300w, https:\/\/decouvrirensemble.com\/wp-content\/uploads\/2023\/03\/ou-partir-en-aout-au-soleil-autriche-1024x683.jpg 1024w, https:\/\/decouvrirensemble.com\/wp-content\/uploads\/2023\/03\/ou-partir-en-aout-au-soleil-autriche-768x512.jpg 768w, https:\/\/decouvrirensemble.com\/wp-content\/uploads\/2023\/03\/ou-partir-en-aout-au-soleil-autriche-1536x1024.jpg 1536w\" sizes=\"(max-width: 1800px) 100vw, 1800px\" \/>\n<h2><span class=\"ez-toc-section\" id=\"6_Donde_ir_en_agosto_al_sol_Eslovenia\"><\/span>6. D\u00f3nde ir en agosto al sol? Eslovenia<span class=\"ez-toc-section-end\"><\/span><\/h2>\n<p>\u00a1Pon rumbo a Eslovenia para tus vacaciones de agosto! Este mes es uno de los mejores para descubrir este bonito pa\u00eds, ya que el tiempo ser\u00e1 clemente, lo que te permitir\u00e1 tener bonitas luces para tus descubrimientos. A\u00fan no conocemos Eslovenia, pero nos atraen mucho las ciudades de Liubliana y Bled, el lago Bohinj y el Parque Nacional de Triglav, por ejemplo. Es un lugar estupendo para alejarse de todo, con sus amplios espacios abiertos y sus lugares alejados del turismo y las aglomeraciones. Merece la pena probarlo.<\/p>\n    <div class=\"niceButton\"><a href=\"https:\/\/www.booking.com\/searchresults.fr.html?aid=1286053&#038;ss=slovenie&#038;nflt=review_score%3D90\" target=\"_blank\" class=\"emojiLink\">\n                    <span class=\"emojiLink__emoji\">\ud83c\uddf8\ud83c\uddee<\/span>\n                <span class=\"emojiLink__title title title--big\">Encuentra los mejores hoteles de Eslovenia<\/span>\n    <\/a><\/div>\n\n    \n<img decoding=\"async\" class=\"alignnone size-full wp-image-20842\" src=\"https:\/\/decouvrirensemble.com\/wp-content\/uploads\/2023\/03\/ou-partir-en-aout-slovenie.jpg\" alt=\"D\u00f3nde ir en agosto\" width=\"1800\" height=\"1200\" srcset=\"https:\/\/decouvrirensemble.com\/wp-content\/uploads\/2023\/03\/ou-partir-en-aout-slovenie.jpg 1800w, https:\/\/decouvrirensemble.com\/wp-content\/uploads\/2023\/03\/ou-partir-en-aout-slovenie-300x200.jpg 300w, https:\/\/decouvrirensemble.com\/wp-content\/uploads\/2023\/03\/ou-partir-en-aout-slovenie-1024x683.jpg 1024w, https:\/\/decouvrirensemble.com\/wp-content\/uploads\/2023\/03\/ou-partir-en-aout-slovenie-768x512.jpg 768w, https:\/\/decouvrirensemble.com\/wp-content\/uploads\/2023\/03\/ou-partir-en-aout-slovenie-1536x1024.jpg 1536w\" sizes=\"(max-width: 1800px) 100vw, 1800px\" \/>\n<h2><span class=\"ez-toc-section\" id=\"7_Estocolmo_Suecia\"><\/span>7. Estocolmo, Suecia<span class=\"ez-toc-section-end\"><\/span><\/h2>\n<p>Estamos so\u00f1ando con descubrir la preciosa ciudad de Estocolmo y estamos pensando que para responder a tu pregunta de \u00abd\u00f3nde ir en agosto\u00bb, esta puede ser una gran idea, sobre todo si no tienes mucho tiempo para tus vacaciones. La ciudad de Estocolmo, en Suecia, puede visitarse en pocos d\u00edas y le proporcionar\u00e1 un cambio de aires total. En esta \u00e9poca del a\u00f1o la temperatura ronda los 20\/25 grados, por lo que no es demasiado calurosa para quienes no gusten de las altas temperaturas. Para visitar Estocolmo, empieza por el casco antiguo, Gamla Stan, y si te apetece un soplo de aire fresco, dir\u00edgete a la isla de Skeppsholmen.<\/p>\n    <div class=\"niceButton\"><a href=\"https:\/\/www.booking.com\/searchresults.fr.html?aid=1286053&#038;ss=stockholm&#038;nflt=review_score%3D90\" target=\"_blank\" class=\"emojiLink\">\n                    <span class=\"emojiLink__emoji\">\ud83c\uddf8\ud83c\uddea<\/span>\n                <span class=\"emojiLink__title title title--big\">Encuentra los mejores hoteles de Estocolmo<\/span>\n    <\/a><\/div>\n\n    \n<img decoding=\"async\" class=\"alignnone size-full wp-image-20843\" src=\"https:\/\/decouvrirensemble.com\/wp-content\/uploads\/2023\/03\/ou-partir-en-aout-stockholm.jpg\" alt=\"D\u00f3nde ir en agosto\" width=\"1800\" height=\"1200\" srcset=\"https:\/\/decouvrirensemble.com\/wp-content\/uploads\/2023\/03\/ou-partir-en-aout-stockholm.jpg 1800w, https:\/\/decouvrirensemble.com\/wp-content\/uploads\/2023\/03\/ou-partir-en-aout-stockholm-300x200.jpg 300w, https:\/\/decouvrirensemble.com\/wp-content\/uploads\/2023\/03\/ou-partir-en-aout-stockholm-1024x683.jpg 1024w, https:\/\/decouvrirensemble.com\/wp-content\/uploads\/2023\/03\/ou-partir-en-aout-stockholm-768x512.jpg 768w, https:\/\/decouvrirensemble.com\/wp-content\/uploads\/2023\/03\/ou-partir-en-aout-stockholm-1536x1024.jpg 1536w\" sizes=\"(max-width: 1800px) 100vw, 1800px\" \/>\n<h2><span class=\"ez-toc-section\" id=\"8_Las_Azores\"><\/span>8. Las Azores<span class=\"ez-toc-section-end\"><\/span><\/h2>\n<p>\u00a1Ir a las Azores en agosto puede resultar una excelente idea! Un r\u00e1pido apunte meteorol\u00f3gico, es una buena \u00e9poca para ir all\u00ed con alrededor de 20\/23 grados. Aunque el clima de este archipi\u00e9lago es templado durante todo el a\u00f1o, es probable que en agosto llueva menos. \u00bfCu\u00e1l de las 9 islas de este archipi\u00e9lago en el coraz\u00f3n del Atl\u00e1ntico elegir\u00e1? \u00bfEmpezar\u00e1 por la m\u00e1s conocida, Sao Miguel? \u00bfO una m\u00e1s confidencial como Corvo? Es el destino perfecto si le apasiona la naturaleza verde y exuberante. Cada una de las islas tiene sus propias ventajas, desde las flores hasta los volcanes, \u00a1y seguro que te impresionar\u00e1n!<\/p>\n    <div class=\"niceButton\"><a href=\"https:\/\/www.booking.com\/searchresults.fr.html?aid=1286053&#038;ss=acores&#038;nflt=review_score%3D90\" target=\"_blank\" class=\"emojiLink\">\n                    <span class=\"emojiLink__emoji\">\ud83c\uddf5\ud83c\uddf9<\/span>\n                <span class=\"emojiLink__title title title--big\">Encuentra los mejores hoteles de las Azores<\/span>\n    <\/a><\/div>\n\n    \n<img decoding=\"async\" class=\"alignnone size-full wp-image-20835\" src=\"https:\/\/decouvrirensemble.com\/wp-content\/uploads\/2023\/03\/ou-partir-en-aout-au-soleil-acores.jpg\" alt=\"D\u00f3nde ir en agosto al sol\" width=\"1800\" height=\"1200\" srcset=\"https:\/\/decouvrirensemble.com\/wp-content\/uploads\/2023\/03\/ou-partir-en-aout-au-soleil-acores.jpg 1800w, https:\/\/decouvrirensemble.com\/wp-content\/uploads\/2023\/03\/ou-partir-en-aout-au-soleil-acores-300x200.jpg 300w, https:\/\/decouvrirensemble.com\/wp-content\/uploads\/2023\/03\/ou-partir-en-aout-au-soleil-acores-1024x683.jpg 1024w, https:\/\/decouvrirensemble.com\/wp-content\/uploads\/2023\/03\/ou-partir-en-aout-au-soleil-acores-768x512.jpg 768w, https:\/\/decouvrirensemble.com\/wp-content\/uploads\/2023\/03\/ou-partir-en-aout-au-soleil-acores-1536x1024.jpg 1536w\" sizes=\"(max-width: 1800px) 100vw, 1800px\" \/>\n<h2><span class=\"ez-toc-section\" id=\"9_Madeira\"><\/span>9. Madeira<span class=\"ez-toc-section-end\"><\/span><\/h2>\n<p>El periodo que va de mayo a agosto es el ideal para descubrir las maravillas de la isla de Madeira. Con temperaturas medias agradables que rondan los 25\u00b0C y un tiempo generalmente soleado, con muy poca lluvia, esta \u00e9poca del a\u00f1o es perfecta para pasear por los jardines bot\u00e1nicos, explorar las monta\u00f1as y levadas, o simplemente relajarse en las playas de arena negra. Si busca un destino soleado y alejado de las aglomeraciones tur\u00edsticas, Madeira es una excelente opci\u00f3n para disfrutar de la isla en condiciones \u00f3ptimas.<\/p>\n    <div class=\"niceButton\"><a href=\"https:\/\/www.booking.com\/searchresults.fr.html?aid=1286053&#038;ss=madere&#038;nflt=review_score%3D90\" target=\"_blank\" class=\"emojiLink\">\n                    <span class=\"emojiLink__emoji\">\ud83c\uddf5\ud83c\uddf9<\/span>\n                <span class=\"emojiLink__title title title--big\">Encuentra los mejores hoteles de Madeira<\/span>\n    <\/a><\/div>\n\n    \n<img decoding=\"async\" class=\"alignnone size-full wp-image-20840\" src=\"https:\/\/decouvrirensemble.com\/wp-content\/uploads\/2023\/03\/ou-partir-en-aout-au-soleil-madere.jpg\" alt=\"madeira portugal\" width=\"1800\" height=\"1200\" srcset=\"https:\/\/decouvrirensemble.com\/wp-content\/uploads\/2023\/03\/ou-partir-en-aout-au-soleil-madere.jpg 1800w, https:\/\/decouvrirensemble.com\/wp-content\/uploads\/2023\/03\/ou-partir-en-aout-au-soleil-madere-300x200.jpg 300w, https:\/\/decouvrirensemble.com\/wp-content\/uploads\/2023\/03\/ou-partir-en-aout-au-soleil-madere-1024x683.jpg 1024w, https:\/\/decouvrirensemble.com\/wp-content\/uploads\/2023\/03\/ou-partir-en-aout-au-soleil-madere-768x512.jpg 768w, https:\/\/decouvrirensemble.com\/wp-content\/uploads\/2023\/03\/ou-partir-en-aout-au-soleil-madere-1536x1024.jpg 1536w\" sizes=\"(max-width: 1800px) 100vw, 1800px\" \/>\n<h2><span class=\"ez-toc-section\" id=\"10_Donde_ir_en_agosto_al_sol_Bali\"><\/span>10. D\u00f3nde ir en agosto al sol? Bali<span class=\"ez-toc-section-end\"><\/span><\/h2>\n<p>\u00a1Bali es uno de esos destinos a los que nos morimos por ir desde hace mucho tiempo! Ir a Bali en agosto es la temporada ideal de sol y poca lluvia. Este destino tan popular merece al menos 2 \u00f3 3 semanas de viaje para tener tiempo de descubrirlo por completo. En el programa: magn\u00edficas playas, paisajes de ensue\u00f1o, hoteles paradis\u00edacos y peque\u00f1os tesoros escondidos. Bali es un destino perfecto para probar actividades un poco diferentes, como bucear para descubrir los incre\u00edbles arrecifes de coral. \u00bfSe va a Indonesia en agosto?<\/p>\n<p>[relance2]<\/p>\n<img decoding=\"async\" class=\"alignnone size-full wp-image-20838\" src=\"https:\/\/decouvrirensemble.com\/wp-content\/uploads\/2023\/03\/ou-partir-en-aout-au-soleil-bali.jpg\" alt=\"D\u00f3nde ir en agosto al sol\" width=\"1800\" height=\"1200\" srcset=\"https:\/\/decouvrirensemble.com\/wp-content\/uploads\/2023\/03\/ou-partir-en-aout-au-soleil-bali.jpg 1800w, https:\/\/decouvrirensemble.com\/wp-content\/uploads\/2023\/03\/ou-partir-en-aout-au-soleil-bali-300x200.jpg 300w, https:\/\/decouvrirensemble.com\/wp-content\/uploads\/2023\/03\/ou-partir-en-aout-au-soleil-bali-1024x683.jpg 1024w, https:\/\/decouvrirensemble.com\/wp-content\/uploads\/2023\/03\/ou-partir-en-aout-au-soleil-bali-768x512.jpg 768w, https:\/\/decouvrirensemble.com\/wp-content\/uploads\/2023\/03\/ou-partir-en-aout-au-soleil-bali-1536x1024.jpg 1536w\" sizes=\"(max-width: 1800px) 100vw, 1800px\" \/>\n<h2><span class=\"ez-toc-section\" id=\"Donde_ir_en_agosto_como_organizar_bien_tu_viaje\"><\/span>D\u00f3nde ir en agosto, c\u00f3mo organizar bien tu viaje<span class=\"ez-toc-section-end\"><\/span><\/h2>\n<h3><span class=\"ez-toc-section\" id=\"Como_llegar_al_destino_elegido\"><\/span>C\u00f3mo llegar al destino elegido<span class=\"ez-toc-section-end\"><\/span><\/h3>\n<p>Para encontrar el mejor medio de transporte para llegar a tu destino, te aconsejamos que consultes siempre el comparador OMIO. De este modo, tendr\u00e1 una visi\u00f3n general de todos los medios de transporte disponibles. As\u00ed podr\u00e1s comparar precios muy f\u00e1cilmente.<\/p>\n    <div class=\"niceButton\"><a href=\"https:\/\/www.jdoqocy.com\/click-100603082-13394886\" target=\"_blank\" class=\"emojiLink\">\n                    <span class=\"emojiLink__emoji\">\ud83d\ude80<\/span>\n                <span class=\"emojiLink__title title title--big\">M\u00e1s informaci\u00f3n<\/span>\n    <\/a><\/div>\n\n    \n<h3><span class=\"ez-toc-section\" id=\"Como_alquilar_un_coche_al_mejor_precio\"><\/span>C\u00f3mo alquilar un coche al mejor precio<span class=\"ez-toc-section-end\"><\/span><\/h3>\n<p>Si quieres alquilar un coche en tu viaje, te recomendamos que busques en la web RentalCars. Te ayudar\u00e1 a encontrar los mejores precios y condiciones para tu alquiler.<\/p>\n    <div class=\"niceButton\"><a href=\"https:\/\/www.rentalcars.com\/es\/?adplat=100603082&#038;adcamp=&#038;adco=13881394&#038;affiliateCode=cjemea&#038;click_id=1bf2b216b08611ed804090d20a18b8fa\" target=\"_blank\" class=\"emojiLink\">\n                    <span class=\"emojiLink__emoji\">\ud83d\ude97<\/span>\n                <span class=\"emojiLink__title title title--big\">M\u00e1s informaci\u00f3n<\/span>\n    <\/a><\/div>\n\n    \n<img decoding=\"async\" class=\"alignnone wp-image-16403 size-full\" src=\"https:\/\/decouvrirensemble.com\/wp-content\/uploads\/2022\/03\/Loueur_voiture_Ibiza_centauro.jpg\" alt=\"\" width=\"1800\" height=\"1200\" srcset=\"https:\/\/decouvrirensemble.com\/wp-content\/uploads\/2022\/03\/Loueur_voiture_Ibiza_centauro.jpg 1800w, https:\/\/decouvrirensemble.com\/wp-content\/uploads\/2022\/03\/Loueur_voiture_Ibiza_centauro-300x200.jpg 300w, https:\/\/decouvrirensemble.com\/wp-content\/uploads\/2022\/03\/Loueur_voiture_Ibiza_centauro-1024x683.jpg 1024w, https:\/\/decouvrirensemble.com\/wp-content\/uploads\/2022\/03\/Loueur_voiture_Ibiza_centauro-768x512.jpg 768w, https:\/\/decouvrirensemble.com\/wp-content\/uploads\/2022\/03\/Loueur_voiture_Ibiza_centauro-1536x1024.jpg 1536w\" sizes=\"(max-width: 1800px) 100vw, 1800px\" \/>\n<h3><span class=\"ez-toc-section\" id=\"Como_encontrar_los_mejores_hoteles\"><\/span>C\u00f3mo encontrar los mejores hoteles<span class=\"ez-toc-section-end\"><\/span><\/h3>\n<p>Para encontrar los mejores hoteles y beneficiarnos de las mejores condiciones (seguridad, cancelaci\u00f3n&#8230;) utilizamos casi exclusivamente Booking.com para nuestros viajes. Te recomendamos que eches un vistazo a los hoteles disponibles antes de salir. Puedes filtrarlos seg\u00fan sus valoraciones. Hay un mont\u00f3n de opiniones recientes de clientes, \u00a1lo que significa que no te llevar\u00e1s sorpresas desagradables cuando est\u00e9s de viaje!<\/p>\n    <div class=\"niceButton\"><a href=\"https:\/\/www.booking.com\/index.html?aid=1286053\" target=\"_blank\" class=\"emojiLink\">\n                    <span class=\"emojiLink__emoji\">\ud83d\ude34<\/span>\n                <span class=\"emojiLink__title title title--big\">M\u00e1s informaci\u00f3n<\/span>\n    <\/a><\/div>\n\n    \n<h3><span class=\"ez-toc-section\" id=\"Como_encontrar_ideas_de_cosas_que_hacer_en_tus_vacaciones_de_agosto\"><\/span>C\u00f3mo encontrar ideas de cosas que hacer en tus vacaciones de agosto<span class=\"ez-toc-section-end\"><\/span><\/h3>\n<p>Si quieres obtener ideas de cosas que hacer en tus vacaciones y quieres reservar con antelaci\u00f3n, tambi\u00e9n te recomendar\u00edamos echar un vistazo a la web GetYourGuide. Te dar\u00e1 una visi\u00f3n general de las actividades que se ofrecen en tu destino y no tendr\u00e1s que esperar a llegar para reservar tus plazas.<\/p>\n    <div class=\"niceButton\"><a href=\"https:\/\/www.getyourguide.fr?partner_id=QTAK8D9&#038;utm_medium=online_publisher&#038;placement=%22other%22\" target=\"_blank\" class=\"emojiLink\">\n                    <span class=\"emojiLink__emoji\">\ud83e\udd73<\/span>\n                <span class=\"emojiLink__title title title--big\">M\u00e1s informaci\u00f3n<\/span>\n    <\/a><\/div>\n\n    \n<img decoding=\"async\" class=\"alignnone size-full wp-image-20845\" src=\"https:\/\/decouvrirensemble.com\/wp-content\/uploads\/2023\/03\/ou-partir-en-vacances-en-aout.jpg\" alt=\"d\u00f3nde ir de vacaciones en agosto\" width=\"1800\" height=\"1200\" srcset=\"https:\/\/decouvrirensemble.com\/wp-content\/uploads\/2023\/03\/ou-partir-en-vacances-en-aout.jpg 1800w, https:\/\/decouvrirensemble.com\/wp-content\/uploads\/2023\/03\/ou-partir-en-vacances-en-aout-300x200.jpg 300w, https:\/\/decouvrirensemble.com\/wp-content\/uploads\/2023\/03\/ou-partir-en-vacances-en-aout-1024x683.jpg 1024w, https:\/\/decouvrirensemble.com\/wp-content\/uploads\/2023\/03\/ou-partir-en-vacances-en-aout-768x512.jpg 768w, https:\/\/decouvrirensemble.com\/wp-content\/uploads\/2023\/03\/ou-partir-en-vacances-en-aout-1536x1024.jpg 1536w\" sizes=\"(max-width: 1800px) 100vw, 1800px\" \/>\n<p>[gracias]<\/p>\n\n\n<div class=\"kk-star-ratings kksr-auto kksr-align-left kksr-valign-bottom\"\n    data-payload='{&quot;align&quot;:&quot;left&quot;,&quot;id&quot;:&quot;43891&quot;,&quot;slug&quot;:&quot;default&quot;,&quot;valign&quot;:&quot;bottom&quot;,&quot;ignore&quot;:&quot;&quot;,&quot;reference&quot;:&quot;auto&quot;,&quot;class&quot;:&quot;&quot;,&quot;count&quot;:&quot;3&quot;,&quot;legendonly&quot;:&quot;&quot;,&quot;readonly&quot;:&quot;&quot;,&quot;score&quot;:&quot;5&quot;,&quot;starsonly&quot;:&quot;&quot;,&quot;best&quot;:&quot;5&quot;,&quot;gap&quot;:&quot;4&quot;,&quot;greet&quot;:&quot;Sea el primero en valorar esta entrada de blog.&quot;,&quot;legend&quot;:&quot;5\\\/5 - (3 votos)&quot;,&quot;size&quot;:&quot;21&quot;,&quot;title&quot;:&quot;\u00bfD\u00f3nde viajar en agosto? Las mejores ideas para sus vacaciones&quot;,&quot;width&quot;:&quot;123&quot;,&quot;_legend&quot;:&quot;{score}\\\/{best} - ({count} {votes})&quot;,&quot;font_factor&quot;:&quot;1.25&quot;}'>\n            \n<div class=\"kksr-stars\">\n    \n<div class=\"kksr-stars-inactive\">\n            <div class=\"kksr-star\" data-star=\"1\" style=\"padding-right: 4px\">\n            \n\n<div class=\"kksr-icon\" style=\"width: 21px; height: 21px;\"><\/div>\n        <\/div>\n            <div class=\"kksr-star\" data-star=\"2\" style=\"padding-right: 4px\">\n            \n\n<div class=\"kksr-icon\" style=\"width: 21px; height: 21px;\"><\/div>\n        <\/div>\n            <div class=\"kksr-star\" data-star=\"3\" style=\"padding-right: 4px\">\n            \n\n<div class=\"kksr-icon\" style=\"width: 21px; height: 21px;\"><\/div>\n        <\/div>\n            <div class=\"kksr-star\" data-star=\"4\" style=\"padding-right: 4px\">\n            \n\n<div class=\"kksr-icon\" style=\"width: 21px; height: 21px;\"><\/div>\n        <\/div>\n            <div class=\"kksr-star\" data-star=\"5\" style=\"padding-right: 4px\">\n            \n\n<div class=\"kksr-icon\" style=\"width: 21px; height: 21px;\"><\/div>\n        <\/div>\n    <\/div>\n    \n<div class=\"kksr-stars-active\" style=\"width: 123px;\">\n            <div class=\"kksr-star\" style=\"padding-right: 4px\">\n            \n\n<div class=\"kksr-icon\" style=\"width: 21px; height: 21px;\"><\/div>\n        <\/div>\n            <div class=\"kksr-star\" style=\"padding-right: 4px\">\n            \n\n<div class=\"kksr-icon\" style=\"width: 21px; height: 21px;\"><\/div>\n        <\/div>\n            <div class=\"kksr-star\" style=\"padding-right: 4px\">\n            \n\n<div class=\"kksr-icon\" style=\"width: 21px; height: 21px;\"><\/div>\n        <\/div>\n            <div class=\"kksr-star\" style=\"padding-right: 4px\">\n            \n\n<div class=\"kksr-icon\" style=\"width: 21px; height: 21px;\"><\/div>\n        <\/div>\n            <div class=\"kksr-star\" style=\"padding-right: 4px\">\n            \n\n<div class=\"kksr-icon\" style=\"width: 21px; height: 21px;\"><\/div>\n        <\/div>\n    <\/div>\n<\/div>\n                \n\n<div class=\"kksr-legend\" style=\"font-size: 16.8px;\">\n            5\/5 - (3 votos)    <\/div>\n    <\/div>\n","protected":false},"excerpt":{"rendered":"<p>\u00bfEst\u00e1 pensando d\u00f3nde ir en agosto? Esta pregunta surge todos los a\u00f1os y siempre buscamos el mejor destino, sobre todo cuando nos preguntamos d\u00f3nde ir en agosto para evitar las aglomeraciones.<\/p>\n","protected":false},"author":1,"featured_media":47454,"comment_status":"open","ping_status":"closed","sticky":false,"template":"","format":"standard","meta":{"_acf_changed":false,"_lmt_disableupdate":"no","_lmt_disable":"no","footnotes":""},"categories":[517],"tags":[],"class_list":["post-43891","post","type-post","status-publish","format-standard","has-post-thumbnail","hentry","category-donde-viajar"],"acf":[],"yoast_head":"<!-- This site is optimized with the Yoast SEO plugin v27.4 - https:\/\/yoast.com\/product\/yoast-seo-wordpress\/ -->\n<title>O\u00f9 partir en ao\u00fbt au soleil ? Les meilleures id\u00e9es<\/title>\n<meta name=\"description\" content=\"\u00bfD\u00f3nde viajar en agosto? \u00a1Desc\u00fabralo en nuestro blog de viajes con nuestra selecci\u00f3n de destinos de vacaciones!\" \/>\n<meta name=\"robots\" content=\"index, follow, max-snippet:-1, max-image-preview:large, max-video-preview:-1\" \/>\n<link rel=\"canonical\" href=\"https:\/\/decouvrirensemble.com\/es\/donde-viajar-en-agosto\" \/>\n<meta property=\"og:locale\" content=\"es_ES\" \/>\n<meta property=\"og:type\" content=\"article\" \/>\n<meta property=\"og:title\" content=\"O\u00f9 partir en ao\u00fbt au soleil ? Les meilleures id\u00e9es\" \/>\n<meta property=\"og:description\" content=\"\u00bfD\u00f3nde viajar en agosto? \u00a1Desc\u00fabralo en nuestro blog de viajes con nuestra selecci\u00f3n de destinos de vacaciones!\" \/>\n<meta property=\"og:url\" content=\"https:\/\/decouvrirensemble.com\/es\/donde-viajar-en-agosto\" \/>\n<meta property=\"og:site_name\" content=\"Blog Voyage - D\u00e9couvrir Ensemble\" \/>\n<meta property=\"article:published_time\" content=\"2023-03-24T10:14:15+00:00\" \/>\n<meta property=\"article:modified_time\" content=\"2026-04-13T13:00:35+00:00\" \/>\n<meta property=\"og:image\" content=\"https:\/\/decouvrirensemble.com\/wp-content\/uploads\/2023\/03\/ou-partir-en-aout-au-soleil-selection.jpg\" \/>\n\t<meta property=\"og:image:width\" content=\"1800\" \/>\n\t<meta property=\"og:image:height\" content=\"1350\" \/>\n\t<meta property=\"og:image:type\" content=\"image\/jpeg\" \/>\n<meta name=\"author\" content=\"Cl\u00e9mence &amp; Alexandre\" \/>\n<meta name=\"twitter:card\" content=\"summary_large_image\" \/>\n<meta name=\"twitter:creator\" content=\"@dcouvrirensmble\" \/>\n<meta name=\"twitter:site\" content=\"@dcouvrirensmble\" \/>\n<meta name=\"twitter:label1\" content=\"Escrito por\" \/>\n\t<meta name=\"twitter:data1\" content=\"Cl\u00e9mence &amp; Alexandre\" \/>\n\t<meta name=\"twitter:label2\" content=\"Tiempo de lectura\" \/>\n\t<meta name=\"twitter:data2\" content=\"11 minutos\" \/>\n<script type=\"application\/ld+json\" class=\"yoast-schema-graph\">{\"@context\":\"https:\\\/\\\/schema.org\",\"@graph\":[{\"@type\":\"Article\",\"@id\":\"https:\\\/\\\/decouvrirensemble.com\\\/es\\\/donde-viajar-en-agosto#article\",\"isPartOf\":{\"@id\":\"https:\\\/\\\/decouvrirensemble.com\\\/es\\\/donde-viajar-en-agosto\"},\"author\":{\"name\":\"Cl\u00e9mence &amp; Alexandre\",\"@id\":\"https:\\\/\\\/decouvrirensemble.com\\\/es#\\\/schema\\\/person\\\/a53efd44d02eb7f9ab90f96e84a9d2ba\"},\"headline\":\"\u00bfD\u00f3nde viajar en agosto? Las mejores ideas para sus vacaciones\",\"datePublished\":\"2023-03-24T10:14:15+00:00\",\"dateModified\":\"2026-04-13T13:00:35+00:00\",\"mainEntityOfPage\":{\"@id\":\"https:\\\/\\\/decouvrirensemble.com\\\/es\\\/donde-viajar-en-agosto\"},\"wordCount\":1813,\"commentCount\":0,\"publisher\":{\"@id\":\"https:\\\/\\\/decouvrirensemble.com\\\/es#\\\/schema\\\/person\\\/a53efd44d02eb7f9ab90f96e84a9d2ba\"},\"image\":{\"@id\":\"https:\\\/\\\/decouvrirensemble.com\\\/es\\\/donde-viajar-en-agosto#primaryimage\"},\"thumbnailUrl\":\"https:\\\/\\\/decouvrirensemble.com\\\/wp-content\\\/uploads\\\/2023\\\/03\\\/ou-partir-en-aout-au-soleil-selection.jpg\",\"articleSection\":[\"\u00bfD\u00f3nde viajar?\"],\"inLanguage\":\"es\",\"potentialAction\":[{\"@type\":\"CommentAction\",\"name\":\"Comment\",\"target\":[\"https:\\\/\\\/decouvrirensemble.com\\\/es\\\/donde-viajar-en-agosto#respond\"]}]},{\"@type\":\"WebPage\",\"@id\":\"https:\\\/\\\/decouvrirensemble.com\\\/es\\\/donde-viajar-en-agosto\",\"url\":\"https:\\\/\\\/decouvrirensemble.com\\\/es\\\/donde-viajar-en-agosto\",\"name\":\"O\u00f9 partir en ao\u00fbt au soleil ? Les meilleures id\u00e9es\",\"isPartOf\":{\"@id\":\"https:\\\/\\\/decouvrirensemble.com\\\/es#website\"},\"primaryImageOfPage\":{\"@id\":\"https:\\\/\\\/decouvrirensemble.com\\\/es\\\/donde-viajar-en-agosto#primaryimage\"},\"image\":{\"@id\":\"https:\\\/\\\/decouvrirensemble.com\\\/es\\\/donde-viajar-en-agosto#primaryimage\"},\"thumbnailUrl\":\"https:\\\/\\\/decouvrirensemble.com\\\/wp-content\\\/uploads\\\/2023\\\/03\\\/ou-partir-en-aout-au-soleil-selection.jpg\",\"datePublished\":\"2023-03-24T10:14:15+00:00\",\"dateModified\":\"2026-04-13T13:00:35+00:00\",\"description\":\"\u00bfD\u00f3nde viajar en agosto? \u00a1Desc\u00fabralo en nuestro blog de viajes con nuestra selecci\u00f3n de destinos de vacaciones!\",\"breadcrumb\":{\"@id\":\"https:\\\/\\\/decouvrirensemble.com\\\/es\\\/donde-viajar-en-agosto#breadcrumb\"},\"inLanguage\":\"es\",\"potentialAction\":[{\"@type\":\"ReadAction\",\"target\":[\"https:\\\/\\\/decouvrirensemble.com\\\/es\\\/donde-viajar-en-agosto\"]}]},{\"@type\":\"ImageObject\",\"inLanguage\":\"es\",\"@id\":\"https:\\\/\\\/decouvrirensemble.com\\\/es\\\/donde-viajar-en-agosto#primaryimage\",\"url\":\"https:\\\/\\\/decouvrirensemble.com\\\/wp-content\\\/uploads\\\/2023\\\/03\\\/ou-partir-en-aout-au-soleil-selection.jpg\",\"contentUrl\":\"https:\\\/\\\/decouvrirensemble.com\\\/wp-content\\\/uploads\\\/2023\\\/03\\\/ou-partir-en-aout-au-soleil-selection.jpg\",\"width\":1800,\"height\":1350,\"caption\":\"O\u00f9 partir en ao\u00fbt\"},{\"@type\":\"BreadcrumbList\",\"@id\":\"https:\\\/\\\/decouvrirensemble.com\\\/es\\\/donde-viajar-en-agosto#breadcrumb\",\"itemListElement\":[{\"@type\":\"ListItem\",\"position\":1,\"name\":\"Accueil\",\"item\":\"https:\\\/\\\/decouvrirensemble.com\\\/es\"},{\"@type\":\"ListItem\",\"position\":2,\"name\":\"\u00bfD\u00f3nde viajar?\",\"item\":\"https:\\\/\\\/decouvrirensemble.com\\\/es\\\/donde-viajar\"},{\"@type\":\"ListItem\",\"position\":3,\"name\":\"\u00bfD\u00f3nde viajar en agosto? Las mejores ideas para sus vacaciones\"}]},{\"@type\":\"WebSite\",\"@id\":\"https:\\\/\\\/decouvrirensemble.com\\\/es#website\",\"url\":\"https:\\\/\\\/decouvrirensemble.com\\\/es\",\"name\":\"Blog Voyage - D\u00e9couvrir Ensemble\",\"description\":\"Le Blog Voyage de Clem et Alex\",\"publisher\":{\"@id\":\"https:\\\/\\\/decouvrirensemble.com\\\/es#\\\/schema\\\/person\\\/a53efd44d02eb7f9ab90f96e84a9d2ba\"},\"potentialAction\":[{\"@type\":\"SearchAction\",\"target\":{\"@type\":\"EntryPoint\",\"urlTemplate\":\"https:\\\/\\\/decouvrirensemble.com\\\/es?s={search_term_string}\"},\"query-input\":{\"@type\":\"PropertyValueSpecification\",\"valueRequired\":true,\"valueName\":\"search_term_string\"}}],\"inLanguage\":\"es\"},{\"@type\":[\"Person\",\"Organization\"],\"@id\":\"https:\\\/\\\/decouvrirensemble.com\\\/es#\\\/schema\\\/person\\\/a53efd44d02eb7f9ab90f96e84a9d2ba\",\"name\":\"Cl\u00e9mence &amp; Alexandre\",\"image\":{\"@type\":\"ImageObject\",\"inLanguage\":\"es\",\"@id\":\"https:\\\/\\\/decouvrirensemble.com\\\/wp-content\\\/uploads\\\/2024\\\/04\\\/logo-decouvrir-ensemble-blog-voyage.jpg\",\"url\":\"https:\\\/\\\/decouvrirensemble.com\\\/wp-content\\\/uploads\\\/2024\\\/04\\\/logo-decouvrir-ensemble-blog-voyage.jpg\",\"contentUrl\":\"https:\\\/\\\/decouvrirensemble.com\\\/wp-content\\\/uploads\\\/2024\\\/04\\\/logo-decouvrir-ensemble-blog-voyage.jpg\",\"width\":1563,\"height\":529,\"caption\":\"Cl\u00e9mence &amp; Alexandre\"},\"logo\":{\"@id\":\"https:\\\/\\\/decouvrirensemble.com\\\/wp-content\\\/uploads\\\/2024\\\/04\\\/logo-decouvrir-ensemble-blog-voyage.jpg\"},\"sameAs\":[\"https:\\\/\\\/decouvrirensemble.com\\\/\"]}]}<\/script>\n<!-- \/ Yoast SEO plugin. -->","yoast_head_json":{"title":"O\u00f9 partir en ao\u00fbt au soleil ? Les meilleures id\u00e9es","description":"\u00bfD\u00f3nde viajar en agosto? \u00a1Desc\u00fabralo en nuestro blog de viajes con nuestra selecci\u00f3n de destinos de vacaciones!","robots":{"index":"index","follow":"follow","max-snippet":"max-snippet:-1","max-image-preview":"max-image-preview:large","max-video-preview":"max-video-preview:-1"},"canonical":"https:\/\/decouvrirensemble.com\/es\/donde-viajar-en-agosto","og_locale":"es_ES","og_type":"article","og_title":"O\u00f9 partir en ao\u00fbt au soleil ? Les meilleures id\u00e9es","og_description":"\u00bfD\u00f3nde viajar en agosto? \u00a1Desc\u00fabralo en nuestro blog de viajes con nuestra selecci\u00f3n de destinos de vacaciones!","og_url":"https:\/\/decouvrirensemble.com\/es\/donde-viajar-en-agosto","og_site_name":"Blog Voyage - D\u00e9couvrir Ensemble","article_published_time":"2023-03-24T10:14:15+00:00","article_modified_time":"2026-04-13T13:00:35+00:00","og_image":[{"width":1800,"height":1350,"url":"https:\/\/decouvrirensemble.com\/wp-content\/uploads\/2023\/03\/ou-partir-en-aout-au-soleil-selection.jpg","type":"image\/jpeg"}],"author":"Cl\u00e9mence &amp; Alexandre","twitter_card":"summary_large_image","twitter_creator":"@dcouvrirensmble","twitter_site":"@dcouvrirensmble","twitter_misc":{"Escrito por":"Cl\u00e9mence &amp; Alexandre","Tiempo de lectura":"11 minutos"},"schema":{"@context":"https:\/\/schema.org","@graph":[{"@type":"Article","@id":"https:\/\/decouvrirensemble.com\/es\/donde-viajar-en-agosto#article","isPartOf":{"@id":"https:\/\/decouvrirensemble.com\/es\/donde-viajar-en-agosto"},"author":{"name":"Cl\u00e9mence &amp; Alexandre","@id":"https:\/\/decouvrirensemble.com\/es#\/schema\/person\/a53efd44d02eb7f9ab90f96e84a9d2ba"},"headline":"\u00bfD\u00f3nde viajar en agosto? Las mejores ideas para sus vacaciones","datePublished":"2023-03-24T10:14:15+00:00","dateModified":"2026-04-13T13:00:35+00:00","mainEntityOfPage":{"@id":"https:\/\/decouvrirensemble.com\/es\/donde-viajar-en-agosto"},"wordCount":1813,"commentCount":0,"publisher":{"@id":"https:\/\/decouvrirensemble.com\/es#\/schema\/person\/a53efd44d02eb7f9ab90f96e84a9d2ba"},"image":{"@id":"https:\/\/decouvrirensemble.com\/es\/donde-viajar-en-agosto#primaryimage"},"thumbnailUrl":"https:\/\/decouvrirensemble.com\/wp-content\/uploads\/2023\/03\/ou-partir-en-aout-au-soleil-selection.jpg","articleSection":["\u00bfD\u00f3nde viajar?"],"inLanguage":"es","potentialAction":[{"@type":"CommentAction","name":"Comment","target":["https:\/\/decouvrirensemble.com\/es\/donde-viajar-en-agosto#respond"]}]},{"@type":"WebPage","@id":"https:\/\/decouvrirensemble.com\/es\/donde-viajar-en-agosto","url":"https:\/\/decouvrirensemble.com\/es\/donde-viajar-en-agosto","name":"O\u00f9 partir en ao\u00fbt au soleil ? Les meilleures id\u00e9es","isPartOf":{"@id":"https:\/\/decouvrirensemble.com\/es#website"},"primaryImageOfPage":{"@id":"https:\/\/decouvrirensemble.com\/es\/donde-viajar-en-agosto#primaryimage"},"image":{"@id":"https:\/\/decouvrirensemble.com\/es\/donde-viajar-en-agosto#primaryimage"},"thumbnailUrl":"https:\/\/decouvrirensemble.com\/wp-content\/uploads\/2023\/03\/ou-partir-en-aout-au-soleil-selection.jpg","datePublished":"2023-03-24T10:14:15+00:00","dateModified":"2026-04-13T13:00:35+00:00","description":"\u00bfD\u00f3nde viajar en agosto? \u00a1Desc\u00fabralo en nuestro blog de viajes con nuestra selecci\u00f3n de destinos de vacaciones!","breadcrumb":{"@id":"https:\/\/decouvrirensemble.com\/es\/donde-viajar-en-agosto#breadcrumb"},"inLanguage":"es","potentialAction":[{"@type":"ReadAction","target":["https:\/\/decouvrirensemble.com\/es\/donde-viajar-en-agosto"]}]},{"@type":"ImageObject","inLanguage":"es","@id":"https:\/\/decouvrirensemble.com\/es\/donde-viajar-en-agosto#primaryimage","url":"https:\/\/decouvrirensemble.com\/wp-content\/uploads\/2023\/03\/ou-partir-en-aout-au-soleil-selection.jpg","contentUrl":"https:\/\/decouvrirensemble.com\/wp-content\/uploads\/2023\/03\/ou-partir-en-aout-au-soleil-selection.jpg","width":1800,"height":1350,"caption":"O\u00f9 partir en ao\u00fbt"},{"@type":"BreadcrumbList","@id":"https:\/\/decouvrirensemble.com\/es\/donde-viajar-en-agosto#breadcrumb","itemListElement":[{"@type":"ListItem","position":1,"name":"Accueil","item":"https:\/\/decouvrirensemble.com\/es"},{"@type":"ListItem","position":2,"name":"\u00bfD\u00f3nde viajar?","item":"https:\/\/decouvrirensemble.com\/es\/donde-viajar"},{"@type":"ListItem","position":3,"name":"\u00bfD\u00f3nde viajar en agosto? Las mejores ideas para sus vacaciones"}]},{"@type":"WebSite","@id":"https:\/\/decouvrirensemble.com\/es#website","url":"https:\/\/decouvrirensemble.com\/es","name":"Blog Voyage - D\u00e9couvrir Ensemble","description":"Le Blog Voyage de Clem et Alex","publisher":{"@id":"https:\/\/decouvrirensemble.com\/es#\/schema\/person\/a53efd44d02eb7f9ab90f96e84a9d2ba"},"potentialAction":[{"@type":"SearchAction","target":{"@type":"EntryPoint","urlTemplate":"https:\/\/decouvrirensemble.com\/es?s={search_term_string}"},"query-input":{"@type":"PropertyValueSpecification","valueRequired":true,"valueName":"search_term_string"}}],"inLanguage":"es"},{"@type":["Person","Organization"],"@id":"https:\/\/decouvrirensemble.com\/es#\/schema\/person\/a53efd44d02eb7f9ab90f96e84a9d2ba","name":"Cl\u00e9mence &amp; Alexandre","image":{"@type":"ImageObject","inLanguage":"es","@id":"https:\/\/decouvrirensemble.com\/wp-content\/uploads\/2024\/04\/logo-decouvrir-ensemble-blog-voyage.jpg","url":"https:\/\/decouvrirensemble.com\/wp-content\/uploads\/2024\/04\/logo-decouvrir-ensemble-blog-voyage.jpg","contentUrl":"https:\/\/decouvrirensemble.com\/wp-content\/uploads\/2024\/04\/logo-decouvrir-ensemble-blog-voyage.jpg","width":1563,"height":529,"caption":"Cl\u00e9mence &amp; Alexandre"},"logo":{"@id":"https:\/\/decouvrirensemble.com\/wp-content\/uploads\/2024\/04\/logo-decouvrir-ensemble-blog-voyage.jpg"},"sameAs":["https:\/\/decouvrirensemble.com\/"]}]}},"modified_by":"Cl\u00e9mence &amp; Alexandre","_links":{"self":[{"href":"https:\/\/decouvrirensemble.com\/es\/wp-json\/wp\/v2\/posts\/43891","targetHints":{"allow":["GET"]}}],"collection":[{"href":"https:\/\/decouvrirensemble.com\/es\/wp-json\/wp\/v2\/posts"}],"about":[{"href":"https:\/\/decouvrirensemble.com\/es\/wp-json\/wp\/v2\/types\/post"}],"author":[{"embeddable":true,"href":"https:\/\/decouvrirensemble.com\/es\/wp-json\/wp\/v2\/users\/1"}],"replies":[{"embeddable":true,"href":"https:\/\/decouvrirensemble.com\/es\/wp-json\/wp\/v2\/comments?post=43891"}],"version-history":[{"count":3,"href":"https:\/\/decouvrirensemble.com\/es\/wp-json\/wp\/v2\/posts\/43891\/revisions"}],"predecessor-version":[{"id":65688,"href":"https:\/\/decouvrirensemble.com\/es\/wp-json\/wp\/v2\/posts\/43891\/revisions\/65688"}],"wp:featuredmedia":[{"embeddable":true,"href":"https:\/\/decouvrirensemble.com\/es\/wp-json\/wp\/v2\/media\/47454"}],"wp:attachment":[{"href":"https:\/\/decouvrirensemble.com\/es\/wp-json\/wp\/v2\/media?parent=43891"}],"wp:term":[{"taxonomy":"category","embeddable":true,"href":"https:\/\/decouvrirensemble.com\/es\/wp-json\/wp\/v2\/categories?post=43891"},{"taxonomy":"post_tag","embeddable":true,"href":"https:\/\/decouvrirensemble.com\/es\/wp-json\/wp\/v2\/tags?post=43891"}],"curies":[{"name":"wp","href":"https:\/\/api.w.org\/{rel}","templated":true}]}}