{"id":44644,"date":"2022-10-24T17:37:51","date_gmt":"2022-10-24T15:37:51","guid":{"rendered":"https:\/\/decouvrirensemble.com\/?p=44644"},"modified":"2026-01-06T15:48:29","modified_gmt":"2026-01-06T14:48:29","slug":"parque-nacional-de-krka-en-croacia","status":"publish","type":"post","link":"https:\/\/decouvrirensemble.com\/es\/parque-nacional-de-krka-en-croacia","title":{"rendered":"Visite el Parque Nacional de Krka en Croacia"},"content":{"rendered":"<p>Si le gustan la naturaleza y las cascadas, en <strong>Krka<\/strong> ha llegado al lugar adecuado. Tambi\u00e9n es un lugar perfecto para practicar senderismo o actividades de ocio como ciclismo el\u00e9ctrico. Antes era posible ba\u00f1arse en el <strong>r\u00edo Krka<\/strong> y sus cascadas, pero ahora est\u00e1 prohibido, \u00a1una pena! Aun as\u00ed, es el segundo parque m\u00e1s visitado de Croacia, y pronto ver\u00e1 por qu\u00e9 se lo recomendamos en <strong>nuestro blog de viajes<\/strong>.<\/p>\n<p>En este art\u00edculo, te damos todos nuestros consejos sobre c\u00f3mo llegar al parque, qu\u00e9 entrada elegir, qu\u00e9 ruta a pie hacer primero, <strong>los precios de las entradas<\/strong> y nuestros imprescindibles en <strong>el Parque Nacional de Krka<\/strong>.<\/p>\n<h2 id=\"info\"><span class=\"ez-toc-section\" id=\"Informacion_practica_para_visitar_Krka_en_Croacia\"><\/span>Informaci\u00f3n pr\u00e1ctica para visitar Krka en Croacia<span class=\"ez-toc-section-end\"><\/span><\/h2>\n<h3><span class=\"ez-toc-section\" id=\"%C2%BFCuanto_cuesta_visitar_Krka_en_2025\"><\/span>\u00bfCu\u00e1nto cuesta visitar Krka en 2025?<span class=\"ez-toc-section-end\"><\/span><\/h3>\n<p>Debe saber que el <strong>precio del Parque Krka<\/strong> var\u00eda mucho en funci\u00f3n de varios par\u00e1metros: la temporada y la hora de llegada. Por ejemplo, nosotros visitamos el parque en temporada baja y despu\u00e9s de las 16.00 y pagamos 15 euros por persona. Si vas en plena temporada alta, puedes pagar casi <strong>200 kunas o 27 euros por persona<\/strong>.<\/p>\n<p>Aqu\u00ed tienes una estimaci\u00f3n de los precios que hemos visto, pero no olvides consultar <a href=\"https:\/\/www.npkrka.hr\/en_US\/posjeti\/radno-vrijeme\/\" rel=\"noopener\">la web oficial<\/a> del parque antes de tu visita.<\/p>\n<ul>\n<li>Temporada alta (junio &#8211; septiembre): <strong>27 euros por adulto y 16 euros por ni\u00f1o<\/strong><\/li>\n<li>Temporada media (abril \/ mayo \/ octubre): <strong>15 euros por adulto y 11 euros por ni\u00f1o<\/strong><\/li>\n<li>Temporada baja (noviembre &#8211; marzo): <strong>4 euros por adulto y 3 euros por ni\u00f1o<\/strong><\/li>\n<\/ul>\n<p>Le recomendamos que disponga de al menos un d\u00eda entero para disfrutar al m\u00e1ximo del parque. Si quiere evitar las aglomeraciones (sobre todo en verano), venga por la ma\u00f1ana temprano para entrar en el parque en cuanto abra.<br \/>\n[getyourguide]<\/p>\n<img decoding=\"async\" class=\"alignnone wp-image-18789 size-full\" src=\"https:\/\/decouvrirensemble.com\/wp-content\/uploads\/2022\/10\/visiter-le-krka-parc-croatie.jpg\" alt=\"parc national de krka\" width=\"1800\" height=\"1200\" srcset=\"https:\/\/decouvrirensemble.com\/wp-content\/uploads\/2022\/10\/visiter-le-krka-parc-croatie.jpg 1800w, https:\/\/decouvrirensemble.com\/wp-content\/uploads\/2022\/10\/visiter-le-krka-parc-croatie-300x200.jpg 300w, https:\/\/decouvrirensemble.com\/wp-content\/uploads\/2022\/10\/visiter-le-krka-parc-croatie-1024x683.jpg 1024w, https:\/\/decouvrirensemble.com\/wp-content\/uploads\/2022\/10\/visiter-le-krka-parc-croatie-768x512.jpg 768w, https:\/\/decouvrirensemble.com\/wp-content\/uploads\/2022\/10\/visiter-le-krka-parc-croatie-1536x1024.jpg 1536w\" sizes=\"(max-width: 1800px) 100vw, 1800px\" \/>\n<h3><span class=\"ez-toc-section\" id=\"%C2%BFComo_llegar_al_Parque_Nacional_de_Krka\"><\/span>\u00bfC\u00f3mo llegar al Parque Nacional de Krka?<span class=\"ez-toc-section-end\"><\/span><\/h3>\n<h4><span class=\"ez-toc-section\" id=\"Visitar_Krka_en_coche\"><\/span>Visitar Krka en coche<span class=\"ez-toc-section-end\"><\/span><\/h4>\n<p>Elegimos ir en coche al <strong>Parque Nacional de Krka<\/strong> y acceder a \u00e9l por la entrada de Lozovac. Aparcamos en el aparcamiento gratuito donde se pueden comprar las entradas y subir a un autob\u00fas para explorar el parque.<\/p>\n<p>Los servicios internos de autob\u00fas est\u00e1n incluidos en el precio de las entradas y te dejan en las distintas paradas que hay, incluida la de la cascada de Skradinski Buk. Si no dispone de mucho tiempo para explorar Krka, le recomendamos este itinerario.<\/p>\n<img decoding=\"async\" class=\"alignnone wp-image-18786 size-full\" src=\"https:\/\/decouvrirensemble.com\/wp-content\/uploads\/2022\/10\/parc-national-krka-croatie.jpg\" alt=\"parc national de krka\" width=\"1800\" height=\"1200\" srcset=\"https:\/\/decouvrirensemble.com\/wp-content\/uploads\/2022\/10\/parc-national-krka-croatie.jpg 1800w, https:\/\/decouvrirensemble.com\/wp-content\/uploads\/2022\/10\/parc-national-krka-croatie-300x200.jpg 300w, https:\/\/decouvrirensemble.com\/wp-content\/uploads\/2022\/10\/parc-national-krka-croatie-1024x683.jpg 1024w, https:\/\/decouvrirensemble.com\/wp-content\/uploads\/2022\/10\/parc-national-krka-croatie-768x512.jpg 768w, https:\/\/decouvrirensemble.com\/wp-content\/uploads\/2022\/10\/parc-national-krka-croatie-1536x1024.jpg 1536w\" sizes=\"(max-width: 1800px) 100vw, 1800px\" \/>\n<h4><span class=\"ez-toc-section\" id=\"Visitar_Krka_en_autobus\"><\/span>Visitar Krka en autob\u00fas<span class=\"ez-toc-section-end\"><\/span><\/h4>\n<p>Es perfectamente posible llegar al Parque Nacional de Krka en autob\u00fas. Es la soluci\u00f3n m\u00e1s econ\u00f3mica si no dispone de coche propio. Hay varias rutas diarias, dependiendo de la ciudad de salida. Desde \u0160ibenik, el trayecto dura 30 minutos y cuesta 3 euros; desde Split, tarda 1 hora y 20 minutos y cuesta 10 euros.<\/p>\n<h4><span class=\"ez-toc-section\" id=\"Visitar_Krka_en_barco\"><\/span>Visitar Krka en barco<span class=\"ez-toc-section-end\"><\/span><\/h4>\n<p>Hay excursiones en barco que le llevar\u00e1n directamente a las famosas cataratas conocidas como Skradinski Buk. Hay varias salidas desde \u0160ibenik, Split y Dubrovnik. Una gran opci\u00f3n si no tiene coche y\/o no quiere coger el autob\u00fas.<\/p>\n<div id=\"attachment_18666\" style=\"width: 1810px\" class=\"wp-caption alignnone\"><img decoding=\"async\" aria-describedby=\"caption-attachment-18666\" class=\"wp-image-18666 size-full\" src=\"https:\/\/decouvrirensemble.com\/wp-content\/uploads\/2022\/10\/skradinski-buk.jpg\" alt=\"Skradinski Buk\" width=\"1800\" height=\"1200\" srcset=\"https:\/\/decouvrirensemble.com\/wp-content\/uploads\/2022\/10\/skradinski-buk.jpg 1800w, https:\/\/decouvrirensemble.com\/wp-content\/uploads\/2022\/10\/skradinski-buk-300x200.jpg 300w, https:\/\/decouvrirensemble.com\/wp-content\/uploads\/2022\/10\/skradinski-buk-1024x683.jpg 1024w, https:\/\/decouvrirensemble.com\/wp-content\/uploads\/2022\/10\/skradinski-buk-768x512.jpg 768w, https:\/\/decouvrirensemble.com\/wp-content\/uploads\/2022\/10\/skradinski-buk-1536x1024.jpg 1536w\" sizes=\"(max-width: 1800px) 100vw, 1800px\" \/><p id=\"caption-attachment-18666\" class=\"wp-caption-text\">Parque Nacional de Krka<\/p><\/div>\n<h2 id=\"ver\"><span class=\"ez-toc-section\" id=\"%C2%BFQue_ver_en_Krka\"><\/span>\u00bfQu\u00e9 ver en Krka?<span class=\"ez-toc-section-end\"><\/span><\/h2>\n<h3><span class=\"ez-toc-section\" id=\"1_El_paseo_por_las_cascadas_de_Skradinski_Buk\"><\/span>1. El paseo por las cascadas de Skradinski Buk<span class=\"ez-toc-section-end\"><\/span><\/h3>\n<p>Una vez que haya bajado del autob\u00fas oficial del parque, puede comenzar el paseo hasta las famosas cascadas. El paseo dura entre una hora y hora y media y pasa por peque\u00f1os pontones de madera e impresionantes miradores. Disfrutamos mucho de este paseo, que termina en el famoso mirador de <a href=\"https:\/\/maps.app.goo.gl\/AmFxrKe2BWWmqhhM6\" rel=\"noopener\">Skradinski Buk<\/a>. Estas cascadas son a\u00fan m\u00e1s impresionantes en persona que en las fotos. Al fin y al cabo, hay 17 cascadas en una ca\u00edda de 85 metros.<\/p>\n<p>Por el camino, encontrar\u00e1 una central hidroel\u00e9ctrica que en 1895 dio luz el\u00e9ctrica a la ciudad de \u0160ibenik, un invento muy innovador que permiti\u00f3 a \u0160ibenik tener luz antes que grandes ciudades europeas como Roma y Londres. Tambi\u00e9n encontrar\u00e1s un molino de grano y una tienda de souvenirs, que est\u00e1 muy bien si tienes ni\u00f1os, pero sinceramente, \u00a1lo m\u00e1s interesante son las cascadas y el paseo!<\/p>\n<div id=\"attachment_18785\" style=\"width: 1810px\" class=\"wp-caption alignnone\"><img decoding=\"async\" aria-describedby=\"caption-attachment-18785\" class=\"wp-image-18785 size-full\" src=\"https:\/\/decouvrirensemble.com\/wp-content\/uploads\/2022\/10\/chutes-eau-skradinski-buk-croatie.jpg\" alt=\"Skradinski Buk\" width=\"1800\" height=\"1200\" srcset=\"https:\/\/decouvrirensemble.com\/wp-content\/uploads\/2022\/10\/chutes-eau-skradinski-buk-croatie.jpg 1800w, https:\/\/decouvrirensemble.com\/wp-content\/uploads\/2022\/10\/chutes-eau-skradinski-buk-croatie-300x200.jpg 300w, https:\/\/decouvrirensemble.com\/wp-content\/uploads\/2022\/10\/chutes-eau-skradinski-buk-croatie-1024x683.jpg 1024w, https:\/\/decouvrirensemble.com\/wp-content\/uploads\/2022\/10\/chutes-eau-skradinski-buk-croatie-768x512.jpg 768w, https:\/\/decouvrirensemble.com\/wp-content\/uploads\/2022\/10\/chutes-eau-skradinski-buk-croatie-1536x1024.jpg 1536w\" sizes=\"(max-width: 1800px) 100vw, 1800px\" \/><p id=\"caption-attachment-18785\" class=\"wp-caption-text\">Skradinski Buk<\/p><\/div>\n<img decoding=\"async\" class=\"alignnone wp-image-18788 size-full\" src=\"https:\/\/decouvrirensemble.com\/wp-content\/uploads\/2022\/10\/skradinski-buk-krka-park-croatie.jpg\" alt=\"parc national de krka\" width=\"1800\" height=\"1200\" srcset=\"https:\/\/decouvrirensemble.com\/wp-content\/uploads\/2022\/10\/skradinski-buk-krka-park-croatie.jpg 1800w, https:\/\/decouvrirensemble.com\/wp-content\/uploads\/2022\/10\/skradinski-buk-krka-park-croatie-300x200.jpg 300w, https:\/\/decouvrirensemble.com\/wp-content\/uploads\/2022\/10\/skradinski-buk-krka-park-croatie-1024x683.jpg 1024w, https:\/\/decouvrirensemble.com\/wp-content\/uploads\/2022\/10\/skradinski-buk-krka-park-croatie-768x512.jpg 768w, https:\/\/decouvrirensemble.com\/wp-content\/uploads\/2022\/10\/skradinski-buk-krka-park-croatie-1536x1024.jpg 1536w\" sizes=\"(max-width: 1800px) 100vw, 1800px\" \/>\n<h4><span class=\"ez-toc-section\" id=\"2_La_isla_de_Visovac\"><\/span>2. La isla de Visovac<span class=\"ez-toc-section-end\"><\/span><\/h4>\n<p>Este lugar nos recuerda a los islotes de la <a href=\"https:\/\/decouvrirensemble.com\/es\/bahia-de-kotor\">bah\u00eda de Kotor<\/a>, en Montenegro. Justo en el coraz\u00f3n del r\u00edo Krka, esta peque\u00f1a isla ha sido tomada por un monasterio. Para verla m\u00e1s de cerca, se puede dar la vuelta a la isla en barco. \u00a1Tomaremos nota para nuestra pr\u00f3xima visita a Croacia!<\/p>\n<blockquote class=\"instagram-media\" style=\"background: #FFF; border: 0; border-radius: 3px; box-shadow: 0 0 1px 0 rgba(0,0,0,0.5),0 1px 10px 0 rgba(0,0,0,0.15); margin: 1px; max-width: 540px; min-width: 326px; padding: 0; width: calc(100% - 2px);\" data-instgrm-version=\"14\" data-instgrm-permalink=\"https:\/\/www.instagram.com\/p\/CJndb3ZgGla\/?utm_source=ig_embed&amp;utm_campaign=loading\">\n<div style=\"padding: 16px;\">\n<p>&nbsp;<\/p>\n<div style=\"display: flex; flex-direction: row; align-items: center;\">\n<div style=\"background-color: #f4f4f4; border-radius: 50%; flex-grow: 0; height: 40px; margin-right: 14px; width: 40px;\">&nbsp;<\/div>\n<div style=\"display: flex; flex-direction: column; flex-grow: 1; justify-content: center;\">\n<div style=\"background-color: #f4f4f4; border-radius: 4px; flex-grow: 0; height: 14px; margin-bottom: 6px; width: 100px;\">&nbsp;<\/div>\n<div style=\"background-color: #f4f4f4; border-radius: 4px; flex-grow: 0; height: 14px; width: 60px;\">&nbsp;<\/div>\n<\/div>\n<\/div>\n<div style=\"padding: 19% 0;\">&nbsp;<\/div>\n<div style=\"display: block; height: 50px; margin: 0 auto 12px; width: 50px;\">&nbsp;<\/div>\n<div style=\"padding-top: 8px;\">\n<div style=\"color: #3897f0; font-family: Arial,sans-serif; font-size: 14px; font-style: normal; font-weight: 550; line-height: 18px;\">Ver esta publicaci\u00f3n en Instagram<\/div>\n<\/div>\n<div style=\"padding: 12.5% 0;\">&nbsp;<\/div>\n<div style=\"display: flex; flex-direction: row; margin-bottom: 14px; align-items: center;\">\n<div>\n<div style=\"background-color: #f4f4f4; border-radius: 50%; height: 12.5px; width: 12.5px; transform: translateX(0px) translateY(7px);\">&nbsp;<\/div>\n<div style=\"background-color: #f4f4f4; height: 12.5px; transform: rotate(-45deg) translateX(3px) translateY(1px); width: 12.5px; flex-grow: 0; margin-right: 14px; margin-left: 2px;\">&nbsp;<\/div>\n<div style=\"background-color: #f4f4f4; border-radius: 50%; height: 12.5px; width: 12.5px; transform: translateX(9px) translateY(-18px);\">&nbsp;<\/div>\n<\/div>\n<div style=\"margin-left: 8px;\">\n<div style=\"background-color: #f4f4f4; border-radius: 50%; flex-grow: 0; height: 20px; width: 20px;\">&nbsp;<\/div>\n<div style=\"width: 0; height: 0; border-top: 2px solid transparent; border-left: 6px solid #f4f4f4; border-bottom: 2px solid transparent; transform: translateX(16px) translateY(-4px) rotate(30deg);\">&nbsp;<\/div>\n<\/div>\n<div style=\"margin-left: auto;\">\n<div style=\"width: 0px; border-top: 8px solid #F4F4F4; border-right: 8px solid transparent; transform: translateY(16px);\">&nbsp;<\/div>\n<div style=\"background-color: #f4f4f4; flex-grow: 0; height: 12px; width: 16px; transform: translateY(-4px);\">&nbsp;<\/div>\n<div style=\"width: 0; height: 0; border-top: 8px solid #F4F4F4; border-left: 8px solid transparent; transform: translateY(-4px) translateX(8px);\">&nbsp;<\/div>\n<\/div>\n<\/div>\n<div style=\"display: flex; flex-direction: column; flex-grow: 1; justify-content: center; margin-bottom: 24px;\">\n<div style=\"background-color: #f4f4f4; border-radius: 4px; flex-grow: 0; height: 14px; margin-bottom: 6px; width: 224px;\">&nbsp;<\/div>\n<div style=\"background-color: #f4f4f4; border-radius: 4px; flex-grow: 0; height: 14px; width: 144px;\">&nbsp;<\/div>\n<\/div>\n<p>&nbsp;<\/p>\n<p style=\"color: #c9c8cd; font-family: Arial,sans-serif; font-size: 14px; line-height: 17px; margin-bottom: 0; margin-top: 8px; overflow: hidden; padding: 8px 0 7px; text-align: center; text-overflow: ellipsis; white-space: nowrap;\"><a style=\"color: #c9c8cd; font-family: Arial,sans-serif; font-size: 14px; font-style: normal; font-weight: normal; line-height: 17px; text-decoration: none;\" href=\"https:\/\/www.instagram.com\/p\/CJndb3ZgGla\/?utm_source=ig_embed&amp;utm_campaign=loading\" rel=\"noopener\">Una publicaci\u00f3n compartida por Croatia Full Of life (@croatiafulloflife)<\/a><\/p>\n<\/div>\n<\/blockquote>\n<p><script src=\"\/\/www.instagram.com\/embed.js\" async=\"\"><\/script><\/p>\n<h4><span class=\"ez-toc-section\" id=\"3_Cascada_Manojlovac_Slap\"><\/span>3. Cascada Manojlovac Slap<span class=\"ez-toc-section-end\"><\/span><\/h4>\n<p><a href=\"https:\/\/maps.app.goo.gl\/nkPXmv63hSA8CTvx7\" rel=\"noopener\">Esta cascada<\/a> es una visita obligada cuando se viene al Parque Nacional de Krka. No tuvimos la oportunidad, \u00a1pero volveremos! Es la cascada m\u00e1s alta del parque con una ca\u00edda de 60 metros, \u00a1nada menos!<\/p>\n<blockquote class=\"instagram-media\" style=\"background: #FFF; border: 0; border-radius: 3px; box-shadow: 0 0 1px 0 rgba(0,0,0,0.5),0 1px 10px 0 rgba(0,0,0,0.15); margin: 1px; max-width: 540px; min-width: 326px; padding: 0; width: calc(100% - 2px);\" data-instgrm-version=\"14\" data-instgrm-permalink=\"https:\/\/www.instagram.com\/p\/CAu9sHJJmBu\/?utm_source=ig_embed&amp;utm_campaign=loading\">\n<div style=\"padding: 16px;\">\n<p>&nbsp;<\/p>\n<div style=\"display: flex; flex-direction: row; align-items: center;\">\n<div style=\"background-color: #f4f4f4; border-radius: 50%; flex-grow: 0; height: 40px; margin-right: 14px; width: 40px;\">&nbsp;<\/div>\n<div style=\"display: flex; flex-direction: column; flex-grow: 1; justify-content: center;\">\n<div style=\"background-color: #f4f4f4; border-radius: 4px; flex-grow: 0; height: 14px; margin-bottom: 6px; width: 100px;\">&nbsp;<\/div>\n<div style=\"background-color: #f4f4f4; border-radius: 4px; flex-grow: 0; height: 14px; width: 60px;\">&nbsp;<\/div>\n<\/div>\n<\/div>\n<div style=\"padding: 19% 0;\">&nbsp;<\/div>\n<div style=\"display: block; height: 50px; margin: 0 auto 12px; width: 50px;\">&nbsp;<\/div>\n<div style=\"padding-top: 8px;\">\n<div style=\"color: #3897f0; font-family: Arial,sans-serif; font-size: 14px; font-style: normal; font-weight: 550; line-height: 18px;\">Ver esta publicaci\u00f3n en Instagram<\/div>\n<\/div>\n<div style=\"padding: 12.5% 0;\">&nbsp;<\/div>\n<div style=\"display: flex; flex-direction: row; margin-bottom: 14px; align-items: center;\">\n<div>\n<div style=\"background-color: #f4f4f4; border-radius: 50%; height: 12.5px; width: 12.5px; transform: translateX(0px) translateY(7px);\">&nbsp;<\/div>\n<div style=\"background-color: #f4f4f4; height: 12.5px; transform: rotate(-45deg) translateX(3px) translateY(1px); width: 12.5px; flex-grow: 0; margin-right: 14px; margin-left: 2px;\">&nbsp;<\/div>\n<div style=\"background-color: #f4f4f4; border-radius: 50%; height: 12.5px; width: 12.5px; transform: translateX(9px) translateY(-18px);\">&nbsp;<\/div>\n<\/div>\n<div style=\"margin-left: 8px;\">\n<div style=\"background-color: #f4f4f4; border-radius: 50%; flex-grow: 0; height: 20px; width: 20px;\">&nbsp;<\/div>\n<div style=\"width: 0; height: 0; border-top: 2px solid transparent; border-left: 6px solid #f4f4f4; border-bottom: 2px solid transparent; transform: translateX(16px) translateY(-4px) rotate(30deg);\">&nbsp;<\/div>\n<\/div>\n<div style=\"margin-left: auto;\">\n<div style=\"width: 0px; border-top: 8px solid #F4F4F4; border-right: 8px solid transparent; transform: translateY(16px);\">&nbsp;<\/div>\n<div style=\"background-color: #f4f4f4; flex-grow: 0; height: 12px; width: 16px; transform: translateY(-4px);\">&nbsp;<\/div>\n<div style=\"width: 0; height: 0; border-top: 8px solid #F4F4F4; border-left: 8px solid transparent; transform: translateY(-4px) translateX(8px);\">&nbsp;<\/div>\n<\/div>\n<\/div>\n<div style=\"display: flex; flex-direction: column; flex-grow: 1; justify-content: center; margin-bottom: 24px;\">\n<div style=\"background-color: #f4f4f4; border-radius: 4px; flex-grow: 0; height: 14px; margin-bottom: 6px; width: 224px;\">&nbsp;<\/div>\n<div style=\"background-color: #f4f4f4; border-radius: 4px; flex-grow: 0; height: 14px; width: 144px;\">&nbsp;<\/div>\n<\/div>\n<p>&nbsp;<\/p>\n<p style=\"color: #c9c8cd; font-family: Arial,sans-serif; font-size: 14px; line-height: 17px; margin-bottom: 0; margin-top: 8px; overflow: hidden; padding: 8px 0 7px; text-align: center; text-overflow: ellipsis; white-space: nowrap;\"><a style=\"color: #c9c8cd; font-family: Arial,sans-serif; font-size: 14px; font-style: normal; font-weight: normal; line-height: 17px; text-decoration: none;\" href=\"https:\/\/www.instagram.com\/p\/CAu9sHJJmBu\/?utm_source=ig_embed&amp;utm_campaign=loading\" rel=\"noopener\">Una publicaci\u00f3n compartida por Josip Marku\u0161i\u0107 (@josipmarkusic)<\/a><\/p>\n<\/div>\n<\/blockquote>\n<p><script src=\"\/\/www.instagram.com\/embed.js\" async=\"\"><\/script><\/p>\n<h3><span class=\"ez-toc-section\" id=\"4_Visitar_el_Parque_Nacional_de_Krka_en_bicicleta\"><\/span>4. Visitar el Parque Nacional de Krka en bicicleta<span class=\"ez-toc-section-end\"><\/span><\/h3>\n<p>Tuvimos la oportunidad de probar las excursiones guiadas en bicicleta el\u00e9ctrica de Dean en Sibenik, pero sabemos que tambi\u00e9n ofrece una excursi\u00f3n por el <strong>Parque Nacional de Krka<\/strong>. Una forma estupenda de descubrir este parque excepcional. Para m\u00e1s informaci\u00f3n, visite la p\u00e1gina <a href=\"https:\/\/maps.app.goo.gl\/cbc4K8H1XWdKdGLLA\" rel=\"noopener\">BlueGreen \/ Excursiones y alquiler de bicicletas<\/a>.<\/p>\n<img decoding=\"async\" class=\"alignnone size-full wp-image-18671\" src=\"https:\/\/decouvrirensemble.com\/wp-content\/uploads\/2022\/10\/location-velo-sibenik.jpg\" alt=\"location velo sibenik\" width=\"1800\" height=\"1200\" srcset=\"https:\/\/decouvrirensemble.com\/wp-content\/uploads\/2022\/10\/location-velo-sibenik.jpg 1800w, https:\/\/decouvrirensemble.com\/wp-content\/uploads\/2022\/10\/location-velo-sibenik-300x200.jpg 300w, https:\/\/decouvrirensemble.com\/wp-content\/uploads\/2022\/10\/location-velo-sibenik-1024x683.jpg 1024w, https:\/\/decouvrirensemble.com\/wp-content\/uploads\/2022\/10\/location-velo-sibenik-768x512.jpg 768w, https:\/\/decouvrirensemble.com\/wp-content\/uploads\/2022\/10\/location-velo-sibenik-1536x1024.jpg 1536w\" sizes=\"(max-width: 1800px) 100vw, 1800px\" \/>\n<img decoding=\"async\" class=\"alignnone size-full wp-image-18664\" src=\"https:\/\/decouvrirensemble.com\/wp-content\/uploads\/2022\/10\/krka.jpg\" alt=\"Krka\" width=\"1800\" height=\"1200\" srcset=\"https:\/\/decouvrirensemble.com\/wp-content\/uploads\/2022\/10\/krka.jpg 1800w, https:\/\/decouvrirensemble.com\/wp-content\/uploads\/2022\/10\/krka-300x200.jpg 300w, https:\/\/decouvrirensemble.com\/wp-content\/uploads\/2022\/10\/krka-1024x683.jpg 1024w, https:\/\/decouvrirensemble.com\/wp-content\/uploads\/2022\/10\/krka-768x512.jpg 768w, https:\/\/decouvrirensemble.com\/wp-content\/uploads\/2022\/10\/krka-1536x1024.jpg 1536w\" sizes=\"(max-width: 1800px) 100vw, 1800px\" \/>\n<h2 id=\"dormir\"><span class=\"ez-toc-section\" id=\"%C2%BFDonde_alojarse_cuando_visite_Krka\"><\/span>\u00bfD\u00f3nde alojarse cuando visite Krka?<span class=\"ez-toc-section-end\"><\/span><\/h2>\n<h3><span class=\"ez-toc-section\" id=\"La_ciudad_de_Sibenik\"><\/span>La ciudad de Sibenik<span class=\"ez-toc-section-end\"><\/span><\/h3>\n<p>La bonita ciudad croata de Sibenik est\u00e1 a s\u00f3lo 15 minutos en coche del Parque Krka. Le recomendamos encarecidamente que visite la ciudad y pase all\u00ed la noche. Sibenik est\u00e1 llena de encanto y merece la pena visitarla. Hemos elaborado una <a href=\"https:\/\/decouvrirensemble.com\/es\/sibenik-croacia\" rel=\"noopener\">gu\u00eda completa de Sibenik<\/a>, as\u00ed que no dude en echarle un vistazo antes de decidirse.<\/p>\n    <div class=\"niceButton\"><a href=\"https:\/\/www.booking.com\/hotel\/hr\/bellevue-superior-city.fr.html?aid=1286053\" target=\"_blank\" class=\"emojiLink\">\n                    <span class=\"emojiLink__emoji\">\u2764\ufe0f<\/span>\n                <span class=\"emojiLink__title title title--big\">Ver el hotel en Sibenik<\/span>\n    <\/a><\/div>\n\n    \n<img decoding=\"async\" class=\"alignnone size-full wp-image-18659\" src=\"https:\/\/decouvrirensemble.com\/wp-content\/uploads\/2022\/10\/sibenik-croatie-vieille-ville.jpg\" alt=\"sibenik croatie\" width=\"1800\" height=\"1200\" srcset=\"https:\/\/decouvrirensemble.com\/wp-content\/uploads\/2022\/10\/sibenik-croatie-vieille-ville.jpg 1800w, https:\/\/decouvrirensemble.com\/wp-content\/uploads\/2022\/10\/sibenik-croatie-vieille-ville-300x200.jpg 300w, https:\/\/decouvrirensemble.com\/wp-content\/uploads\/2022\/10\/sibenik-croatie-vieille-ville-1024x683.jpg 1024w, https:\/\/decouvrirensemble.com\/wp-content\/uploads\/2022\/10\/sibenik-croatie-vieille-ville-768x512.jpg 768w, https:\/\/decouvrirensemble.com\/wp-content\/uploads\/2022\/10\/sibenik-croatie-vieille-ville-1536x1024.jpg 1536w\" sizes=\"(max-width: 1800px) 100vw, 1800px\" \/>\n<img decoding=\"async\" class=\"alignnone size-full wp-image-18665\" src=\"https:\/\/decouvrirensemble.com\/wp-content\/uploads\/2022\/10\/parc-de-krka.jpg\" alt=\"\" width=\"1800\" height=\"1200\" srcset=\"https:\/\/decouvrirensemble.com\/wp-content\/uploads\/2022\/10\/parc-de-krka.jpg 1800w, https:\/\/decouvrirensemble.com\/wp-content\/uploads\/2022\/10\/parc-de-krka-300x200.jpg 300w, https:\/\/decouvrirensemble.com\/wp-content\/uploads\/2022\/10\/parc-de-krka-1024x683.jpg 1024w, https:\/\/decouvrirensemble.com\/wp-content\/uploads\/2022\/10\/parc-de-krka-768x512.jpg 768w, https:\/\/decouvrirensemble.com\/wp-content\/uploads\/2022\/10\/parc-de-krka-1536x1024.jpg 1536w\" sizes=\"(max-width: 1800px) 100vw, 1800px\" \/>\n<p>[gracias]<\/p>\n\n\n<div class=\"kk-star-ratings kksr-auto kksr-align-left kksr-valign-bottom\"\n    data-payload='{&quot;align&quot;:&quot;left&quot;,&quot;id&quot;:&quot;44644&quot;,&quot;slug&quot;:&quot;default&quot;,&quot;valign&quot;:&quot;bottom&quot;,&quot;ignore&quot;:&quot;&quot;,&quot;reference&quot;:&quot;auto&quot;,&quot;class&quot;:&quot;&quot;,&quot;count&quot;:&quot;0&quot;,&quot;legendonly&quot;:&quot;&quot;,&quot;readonly&quot;:&quot;&quot;,&quot;score&quot;:&quot;0&quot;,&quot;starsonly&quot;:&quot;&quot;,&quot;best&quot;:&quot;5&quot;,&quot;gap&quot;:&quot;4&quot;,&quot;greet&quot;:&quot;Sea el primero en valorar esta entrada de blog.&quot;,&quot;legend&quot;:&quot;0\\\/5 - (0 votos)&quot;,&quot;size&quot;:&quot;21&quot;,&quot;title&quot;:&quot;Visite el Parque Nacional de Krka en Croacia&quot;,&quot;width&quot;:&quot;0&quot;,&quot;_legend&quot;:&quot;{score}\\\/{best} - ({count} {votes})&quot;,&quot;font_factor&quot;:&quot;1.25&quot;}'>\n            \n<div class=\"kksr-stars\">\n    \n<div class=\"kksr-stars-inactive\">\n            <div class=\"kksr-star\" data-star=\"1\" style=\"padding-right: 4px\">\n            \n\n<div class=\"kksr-icon\" style=\"width: 21px; height: 21px;\"><\/div>\n        <\/div>\n            <div class=\"kksr-star\" data-star=\"2\" style=\"padding-right: 4px\">\n            \n\n<div class=\"kksr-icon\" style=\"width: 21px; height: 21px;\"><\/div>\n        <\/div>\n            <div class=\"kksr-star\" data-star=\"3\" style=\"padding-right: 4px\">\n            \n\n<div class=\"kksr-icon\" style=\"width: 21px; height: 21px;\"><\/div>\n        <\/div>\n            <div class=\"kksr-star\" data-star=\"4\" style=\"padding-right: 4px\">\n            \n\n<div class=\"kksr-icon\" style=\"width: 21px; height: 21px;\"><\/div>\n        <\/div>\n            <div class=\"kksr-star\" data-star=\"5\" style=\"padding-right: 4px\">\n            \n\n<div class=\"kksr-icon\" style=\"width: 21px; height: 21px;\"><\/div>\n        <\/div>\n    <\/div>\n    \n<div class=\"kksr-stars-active\" style=\"width: 0px;\">\n            <div class=\"kksr-star\" style=\"padding-right: 4px\">\n            \n\n<div class=\"kksr-icon\" style=\"width: 21px; height: 21px;\"><\/div>\n        <\/div>\n            <div class=\"kksr-star\" style=\"padding-right: 4px\">\n            \n\n<div class=\"kksr-icon\" style=\"width: 21px; height: 21px;\"><\/div>\n        <\/div>\n            <div class=\"kksr-star\" style=\"padding-right: 4px\">\n            \n\n<div class=\"kksr-icon\" style=\"width: 21px; height: 21px;\"><\/div>\n        <\/div>\n            <div class=\"kksr-star\" style=\"padding-right: 4px\">\n            \n\n<div class=\"kksr-icon\" style=\"width: 21px; height: 21px;\"><\/div>\n        <\/div>\n            <div class=\"kksr-star\" style=\"padding-right: 4px\">\n            \n\n<div class=\"kksr-icon\" style=\"width: 21px; height: 21px;\"><\/div>\n        <\/div>\n    <\/div>\n<\/div>\n                \n\n<div class=\"kksr-legend\" style=\"font-size: 16.8px;\">\n            <span class=\"kksr-muted\">Sea el primero en valorar esta entrada de blog.<\/span>\n    <\/div>\n    <\/div>\n","protected":false},"excerpt":{"rendered":"<p>Hoy queremos presentarle una de las joyas de Croacia, el Parque Nacional de Krka. A solo 15 minutos en coche de Sibenik y a 1 hora de Split, podr\u00e1s descubrir esta incre\u00edble zona verde.<\/p>\n","protected":false},"author":1,"featured_media":47612,"comment_status":"open","ping_status":"closed","sticky":false,"template":"","format":"standard","meta":{"_acf_changed":false,"_lmt_disableupdate":"no","_lmt_disable":"no","footnotes":""},"categories":[499,462],"tags":[],"class_list":["post-44644","post","type-post","status-publish","format-standard","has-post-thumbnail","hentry","category-croacia","category-guias-de-viajes"],"acf":[],"yoast_head":"<!-- This site is optimized with the Yoast SEO plugin v27.4 - https:\/\/yoast.com\/product\/yoast-seo-wordpress\/ -->\n<title>Visite el Parque Nacional de Krka en Croacia - Blog de viajes<\/title>\n<meta name=\"description\" content=\"Descubra nuestros consejos e informaci\u00f3n pr\u00e1ctica para visitar el Parque Nacional de Krka en Croacia.\" \/>\n<meta name=\"robots\" content=\"index, follow, max-snippet:-1, max-image-preview:large, max-video-preview:-1\" \/>\n<link rel=\"canonical\" href=\"https:\/\/decouvrirensemble.com\/es\/parque-nacional-de-krka-en-croacia\" \/>\n<meta property=\"og:locale\" content=\"es_ES\" \/>\n<meta property=\"og:type\" content=\"article\" \/>\n<meta property=\"og:title\" content=\"Visite el Parque Nacional de Krka en Croacia - Blog de viajes\" \/>\n<meta property=\"og:description\" content=\"Descubra nuestros consejos e informaci\u00f3n pr\u00e1ctica para visitar el Parque Nacional de Krka en Croacia.\" \/>\n<meta property=\"og:url\" content=\"https:\/\/decouvrirensemble.com\/es\/parque-nacional-de-krka-en-croacia\" \/>\n<meta property=\"og:site_name\" content=\"Blog Voyage - D\u00e9couvrir Ensemble\" \/>\n<meta property=\"article:published_time\" content=\"2022-10-24T15:37:51+00:00\" \/>\n<meta property=\"article:modified_time\" content=\"2026-01-06T14:48:29+00:00\" \/>\n<meta property=\"og:image\" content=\"https:\/\/decouvrirensemble.com\/wp-content\/uploads\/2022\/10\/parc-national-krka-croatie-1.jpg\" \/>\n\t<meta property=\"og:image:width\" content=\"1800\" \/>\n\t<meta property=\"og:image:height\" content=\"1350\" \/>\n\t<meta property=\"og:image:type\" content=\"image\/jpeg\" \/>\n<meta name=\"author\" content=\"Cl\u00e9mence &amp; Alexandre\" \/>\n<meta name=\"twitter:card\" content=\"summary_large_image\" \/>\n<meta name=\"twitter:creator\" content=\"@dcouvrirensmble\" \/>\n<meta name=\"twitter:site\" content=\"@dcouvrirensmble\" \/>\n<meta name=\"twitter:label1\" content=\"Escrito por\" \/>\n\t<meta name=\"twitter:data1\" content=\"Cl\u00e9mence &amp; Alexandre\" \/>\n\t<meta name=\"twitter:label2\" content=\"Tiempo de lectura\" \/>\n\t<meta name=\"twitter:data2\" content=\"7 minutos\" \/>\n<script type=\"application\/ld+json\" class=\"yoast-schema-graph\">{\"@context\":\"https:\\\/\\\/schema.org\",\"@graph\":[{\"@type\":\"Article\",\"@id\":\"https:\\\/\\\/decouvrirensemble.com\\\/es\\\/parque-nacional-de-krka-en-croacia#article\",\"isPartOf\":{\"@id\":\"https:\\\/\\\/decouvrirensemble.com\\\/es\\\/parque-nacional-de-krka-en-croacia\"},\"author\":{\"name\":\"Cl\u00e9mence &amp; Alexandre\",\"@id\":\"https:\\\/\\\/decouvrirensemble.com\\\/es#\\\/schema\\\/person\\\/a53efd44d02eb7f9ab90f96e84a9d2ba\"},\"headline\":\"Visite el Parque Nacional de Krka en Croacia\",\"datePublished\":\"2022-10-24T15:37:51+00:00\",\"dateModified\":\"2026-01-06T14:48:29+00:00\",\"mainEntityOfPage\":{\"@id\":\"https:\\\/\\\/decouvrirensemble.com\\\/es\\\/parque-nacional-de-krka-en-croacia\"},\"wordCount\":1002,\"commentCount\":0,\"publisher\":{\"@id\":\"https:\\\/\\\/decouvrirensemble.com\\\/es#\\\/schema\\\/person\\\/a53efd44d02eb7f9ab90f96e84a9d2ba\"},\"image\":{\"@id\":\"https:\\\/\\\/decouvrirensemble.com\\\/es\\\/parque-nacional-de-krka-en-croacia#primaryimage\"},\"thumbnailUrl\":\"https:\\\/\\\/decouvrirensemble.com\\\/wp-content\\\/uploads\\\/2022\\\/10\\\/parc-national-krka-croatie-1.jpg\",\"articleSection\":[\"Croacia\",\"Gu\u00edas de viajes\"],\"inLanguage\":\"es\",\"potentialAction\":[{\"@type\":\"CommentAction\",\"name\":\"Comment\",\"target\":[\"https:\\\/\\\/decouvrirensemble.com\\\/es\\\/parque-nacional-de-krka-en-croacia#respond\"]}]},{\"@type\":\"WebPage\",\"@id\":\"https:\\\/\\\/decouvrirensemble.com\\\/es\\\/parque-nacional-de-krka-en-croacia\",\"url\":\"https:\\\/\\\/decouvrirensemble.com\\\/es\\\/parque-nacional-de-krka-en-croacia\",\"name\":\"Visite el Parque Nacional de Krka en Croacia - Blog de viajes\",\"isPartOf\":{\"@id\":\"https:\\\/\\\/decouvrirensemble.com\\\/es#website\"},\"primaryImageOfPage\":{\"@id\":\"https:\\\/\\\/decouvrirensemble.com\\\/es\\\/parque-nacional-de-krka-en-croacia#primaryimage\"},\"image\":{\"@id\":\"https:\\\/\\\/decouvrirensemble.com\\\/es\\\/parque-nacional-de-krka-en-croacia#primaryimage\"},\"thumbnailUrl\":\"https:\\\/\\\/decouvrirensemble.com\\\/wp-content\\\/uploads\\\/2022\\\/10\\\/parc-national-krka-croatie-1.jpg\",\"datePublished\":\"2022-10-24T15:37:51+00:00\",\"dateModified\":\"2026-01-06T14:48:29+00:00\",\"description\":\"Descubra nuestros consejos e informaci\u00f3n pr\u00e1ctica para visitar el Parque Nacional de Krka en Croacia.\",\"breadcrumb\":{\"@id\":\"https:\\\/\\\/decouvrirensemble.com\\\/es\\\/parque-nacional-de-krka-en-croacia#breadcrumb\"},\"inLanguage\":\"es\",\"potentialAction\":[{\"@type\":\"ReadAction\",\"target\":[\"https:\\\/\\\/decouvrirensemble.com\\\/es\\\/parque-nacional-de-krka-en-croacia\"]}]},{\"@type\":\"ImageObject\",\"inLanguage\":\"es\",\"@id\":\"https:\\\/\\\/decouvrirensemble.com\\\/es\\\/parque-nacional-de-krka-en-croacia#primaryimage\",\"url\":\"https:\\\/\\\/decouvrirensemble.com\\\/wp-content\\\/uploads\\\/2022\\\/10\\\/parc-national-krka-croatie-1.jpg\",\"contentUrl\":\"https:\\\/\\\/decouvrirensemble.com\\\/wp-content\\\/uploads\\\/2022\\\/10\\\/parc-national-krka-croatie-1.jpg\",\"width\":1800,\"height\":1350,\"caption\":\"parc national krka\"},{\"@type\":\"BreadcrumbList\",\"@id\":\"https:\\\/\\\/decouvrirensemble.com\\\/es\\\/parque-nacional-de-krka-en-croacia#breadcrumb\",\"itemListElement\":[{\"@type\":\"ListItem\",\"position\":1,\"name\":\"Accueil\",\"item\":\"https:\\\/\\\/decouvrirensemble.com\\\/es\"},{\"@type\":\"ListItem\",\"position\":2,\"name\":\"Gu\u00edas de viajes\",\"item\":\"https:\\\/\\\/decouvrirensemble.com\\\/es\\\/guias-de-viajes\"},{\"@type\":\"ListItem\",\"position\":3,\"name\":\"Visite el Parque Nacional de Krka en Croacia\"}]},{\"@type\":\"WebSite\",\"@id\":\"https:\\\/\\\/decouvrirensemble.com\\\/es#website\",\"url\":\"https:\\\/\\\/decouvrirensemble.com\\\/es\",\"name\":\"Blog Voyage - D\u00e9couvrir Ensemble\",\"description\":\"Le Blog Voyage de Clem et Alex\",\"publisher\":{\"@id\":\"https:\\\/\\\/decouvrirensemble.com\\\/es#\\\/schema\\\/person\\\/a53efd44d02eb7f9ab90f96e84a9d2ba\"},\"potentialAction\":[{\"@type\":\"SearchAction\",\"target\":{\"@type\":\"EntryPoint\",\"urlTemplate\":\"https:\\\/\\\/decouvrirensemble.com\\\/es?s={search_term_string}\"},\"query-input\":{\"@type\":\"PropertyValueSpecification\",\"valueRequired\":true,\"valueName\":\"search_term_string\"}}],\"inLanguage\":\"es\"},{\"@type\":[\"Person\",\"Organization\"],\"@id\":\"https:\\\/\\\/decouvrirensemble.com\\\/es#\\\/schema\\\/person\\\/a53efd44d02eb7f9ab90f96e84a9d2ba\",\"name\":\"Cl\u00e9mence &amp; Alexandre\",\"image\":{\"@type\":\"ImageObject\",\"inLanguage\":\"es\",\"@id\":\"https:\\\/\\\/decouvrirensemble.com\\\/wp-content\\\/uploads\\\/2024\\\/04\\\/logo-decouvrir-ensemble-blog-voyage.jpg\",\"url\":\"https:\\\/\\\/decouvrirensemble.com\\\/wp-content\\\/uploads\\\/2024\\\/04\\\/logo-decouvrir-ensemble-blog-voyage.jpg\",\"contentUrl\":\"https:\\\/\\\/decouvrirensemble.com\\\/wp-content\\\/uploads\\\/2024\\\/04\\\/logo-decouvrir-ensemble-blog-voyage.jpg\",\"width\":1563,\"height\":529,\"caption\":\"Cl\u00e9mence &amp; Alexandre\"},\"logo\":{\"@id\":\"https:\\\/\\\/decouvrirensemble.com\\\/wp-content\\\/uploads\\\/2024\\\/04\\\/logo-decouvrir-ensemble-blog-voyage.jpg\"},\"sameAs\":[\"https:\\\/\\\/decouvrirensemble.com\\\/\"]}]}<\/script>\n<!-- \/ Yoast SEO plugin. -->","yoast_head_json":{"title":"Visite el Parque Nacional de Krka en Croacia - Blog de viajes","description":"Descubra nuestros consejos e informaci\u00f3n pr\u00e1ctica para visitar el Parque Nacional de Krka en Croacia.","robots":{"index":"index","follow":"follow","max-snippet":"max-snippet:-1","max-image-preview":"max-image-preview:large","max-video-preview":"max-video-preview:-1"},"canonical":"https:\/\/decouvrirensemble.com\/es\/parque-nacional-de-krka-en-croacia","og_locale":"es_ES","og_type":"article","og_title":"Visite el Parque Nacional de Krka en Croacia - Blog de viajes","og_description":"Descubra nuestros consejos e informaci\u00f3n pr\u00e1ctica para visitar el Parque Nacional de Krka en Croacia.","og_url":"https:\/\/decouvrirensemble.com\/es\/parque-nacional-de-krka-en-croacia","og_site_name":"Blog Voyage - D\u00e9couvrir Ensemble","article_published_time":"2022-10-24T15:37:51+00:00","article_modified_time":"2026-01-06T14:48:29+00:00","og_image":[{"width":1800,"height":1350,"url":"https:\/\/decouvrirensemble.com\/wp-content\/uploads\/2022\/10\/parc-national-krka-croatie-1.jpg","type":"image\/jpeg"}],"author":"Cl\u00e9mence &amp; Alexandre","twitter_card":"summary_large_image","twitter_creator":"@dcouvrirensmble","twitter_site":"@dcouvrirensmble","twitter_misc":{"Escrito por":"Cl\u00e9mence &amp; Alexandre","Tiempo de lectura":"7 minutos"},"schema":{"@context":"https:\/\/schema.org","@graph":[{"@type":"Article","@id":"https:\/\/decouvrirensemble.com\/es\/parque-nacional-de-krka-en-croacia#article","isPartOf":{"@id":"https:\/\/decouvrirensemble.com\/es\/parque-nacional-de-krka-en-croacia"},"author":{"name":"Cl\u00e9mence &amp; Alexandre","@id":"https:\/\/decouvrirensemble.com\/es#\/schema\/person\/a53efd44d02eb7f9ab90f96e84a9d2ba"},"headline":"Visite el Parque Nacional de Krka en Croacia","datePublished":"2022-10-24T15:37:51+00:00","dateModified":"2026-01-06T14:48:29+00:00","mainEntityOfPage":{"@id":"https:\/\/decouvrirensemble.com\/es\/parque-nacional-de-krka-en-croacia"},"wordCount":1002,"commentCount":0,"publisher":{"@id":"https:\/\/decouvrirensemble.com\/es#\/schema\/person\/a53efd44d02eb7f9ab90f96e84a9d2ba"},"image":{"@id":"https:\/\/decouvrirensemble.com\/es\/parque-nacional-de-krka-en-croacia#primaryimage"},"thumbnailUrl":"https:\/\/decouvrirensemble.com\/wp-content\/uploads\/2022\/10\/parc-national-krka-croatie-1.jpg","articleSection":["Croacia","Gu\u00edas de viajes"],"inLanguage":"es","potentialAction":[{"@type":"CommentAction","name":"Comment","target":["https:\/\/decouvrirensemble.com\/es\/parque-nacional-de-krka-en-croacia#respond"]}]},{"@type":"WebPage","@id":"https:\/\/decouvrirensemble.com\/es\/parque-nacional-de-krka-en-croacia","url":"https:\/\/decouvrirensemble.com\/es\/parque-nacional-de-krka-en-croacia","name":"Visite el Parque Nacional de Krka en Croacia - Blog de viajes","isPartOf":{"@id":"https:\/\/decouvrirensemble.com\/es#website"},"primaryImageOfPage":{"@id":"https:\/\/decouvrirensemble.com\/es\/parque-nacional-de-krka-en-croacia#primaryimage"},"image":{"@id":"https:\/\/decouvrirensemble.com\/es\/parque-nacional-de-krka-en-croacia#primaryimage"},"thumbnailUrl":"https:\/\/decouvrirensemble.com\/wp-content\/uploads\/2022\/10\/parc-national-krka-croatie-1.jpg","datePublished":"2022-10-24T15:37:51+00:00","dateModified":"2026-01-06T14:48:29+00:00","description":"Descubra nuestros consejos e informaci\u00f3n pr\u00e1ctica para visitar el Parque Nacional de Krka en Croacia.","breadcrumb":{"@id":"https:\/\/decouvrirensemble.com\/es\/parque-nacional-de-krka-en-croacia#breadcrumb"},"inLanguage":"es","potentialAction":[{"@type":"ReadAction","target":["https:\/\/decouvrirensemble.com\/es\/parque-nacional-de-krka-en-croacia"]}]},{"@type":"ImageObject","inLanguage":"es","@id":"https:\/\/decouvrirensemble.com\/es\/parque-nacional-de-krka-en-croacia#primaryimage","url":"https:\/\/decouvrirensemble.com\/wp-content\/uploads\/2022\/10\/parc-national-krka-croatie-1.jpg","contentUrl":"https:\/\/decouvrirensemble.com\/wp-content\/uploads\/2022\/10\/parc-national-krka-croatie-1.jpg","width":1800,"height":1350,"caption":"parc national krka"},{"@type":"BreadcrumbList","@id":"https:\/\/decouvrirensemble.com\/es\/parque-nacional-de-krka-en-croacia#breadcrumb","itemListElement":[{"@type":"ListItem","position":1,"name":"Accueil","item":"https:\/\/decouvrirensemble.com\/es"},{"@type":"ListItem","position":2,"name":"Gu\u00edas de viajes","item":"https:\/\/decouvrirensemble.com\/es\/guias-de-viajes"},{"@type":"ListItem","position":3,"name":"Visite el Parque Nacional de Krka en Croacia"}]},{"@type":"WebSite","@id":"https:\/\/decouvrirensemble.com\/es#website","url":"https:\/\/decouvrirensemble.com\/es","name":"Blog Voyage - D\u00e9couvrir Ensemble","description":"Le Blog Voyage de Clem et Alex","publisher":{"@id":"https:\/\/decouvrirensemble.com\/es#\/schema\/person\/a53efd44d02eb7f9ab90f96e84a9d2ba"},"potentialAction":[{"@type":"SearchAction","target":{"@type":"EntryPoint","urlTemplate":"https:\/\/decouvrirensemble.com\/es?s={search_term_string}"},"query-input":{"@type":"PropertyValueSpecification","valueRequired":true,"valueName":"search_term_string"}}],"inLanguage":"es"},{"@type":["Person","Organization"],"@id":"https:\/\/decouvrirensemble.com\/es#\/schema\/person\/a53efd44d02eb7f9ab90f96e84a9d2ba","name":"Cl\u00e9mence &amp; Alexandre","image":{"@type":"ImageObject","inLanguage":"es","@id":"https:\/\/decouvrirensemble.com\/wp-content\/uploads\/2024\/04\/logo-decouvrir-ensemble-blog-voyage.jpg","url":"https:\/\/decouvrirensemble.com\/wp-content\/uploads\/2024\/04\/logo-decouvrir-ensemble-blog-voyage.jpg","contentUrl":"https:\/\/decouvrirensemble.com\/wp-content\/uploads\/2024\/04\/logo-decouvrir-ensemble-blog-voyage.jpg","width":1563,"height":529,"caption":"Cl\u00e9mence &amp; Alexandre"},"logo":{"@id":"https:\/\/decouvrirensemble.com\/wp-content\/uploads\/2024\/04\/logo-decouvrir-ensemble-blog-voyage.jpg"},"sameAs":["https:\/\/decouvrirensemble.com\/"]}]}},"modified_by":"Cl\u00e9mence &amp; Alexandre","_links":{"self":[{"href":"https:\/\/decouvrirensemble.com\/es\/wp-json\/wp\/v2\/posts\/44644","targetHints":{"allow":["GET"]}}],"collection":[{"href":"https:\/\/decouvrirensemble.com\/es\/wp-json\/wp\/v2\/posts"}],"about":[{"href":"https:\/\/decouvrirensemble.com\/es\/wp-json\/wp\/v2\/types\/post"}],"author":[{"embeddable":true,"href":"https:\/\/decouvrirensemble.com\/es\/wp-json\/wp\/v2\/users\/1"}],"replies":[{"embeddable":true,"href":"https:\/\/decouvrirensemble.com\/es\/wp-json\/wp\/v2\/comments?post=44644"}],"version-history":[{"count":1,"href":"https:\/\/decouvrirensemble.com\/es\/wp-json\/wp\/v2\/posts\/44644\/revisions"}],"predecessor-version":[{"id":63565,"href":"https:\/\/decouvrirensemble.com\/es\/wp-json\/wp\/v2\/posts\/44644\/revisions\/63565"}],"wp:featuredmedia":[{"embeddable":true,"href":"https:\/\/decouvrirensemble.com\/es\/wp-json\/wp\/v2\/media\/47612"}],"wp:attachment":[{"href":"https:\/\/decouvrirensemble.com\/es\/wp-json\/wp\/v2\/media?parent=44644"}],"wp:term":[{"taxonomy":"category","embeddable":true,"href":"https:\/\/decouvrirensemble.com\/es\/wp-json\/wp\/v2\/categories?post=44644"},{"taxonomy":"post_tag","embeddable":true,"href":"https:\/\/decouvrirensemble.com\/es\/wp-json\/wp\/v2\/tags?post=44644"}],"curies":[{"name":"wp","href":"https:\/\/api.w.org\/{rel}","templated":true}]}}