{"id":45253,"date":"2023-05-22T17:31:38","date_gmt":"2023-05-22T15:31:38","guid":{"rendered":"https:\/\/decouvrirensemble.com\/?p=45253"},"modified":"2026-04-13T14:59:49","modified_gmt":"2026-04-13T12:59:49","slug":"varenna-italia-lago-di-como","status":"publish","type":"post","link":"https:\/\/decouvrirensemble.com\/es\/varenna-italia-lago-di-como","title":{"rendered":"\u00bfQu\u00e9 ver en Varenna en Italia? Lago di Como"},"content":{"rendered":"<p><strong>Varenna<\/strong> fue <strong>nuestro<\/strong> pueblo <strong>favorito<\/strong> <strong>del lago Como<\/strong>, con sus coloridas callejuelas y sus impresionantes vistas sobre el lago. Nos encant\u00f3 <strong>visitar Varenna<\/strong>, que nos record\u00f3 un poco a los pueblos de Cinque Terre que hab\u00edamos descubierto unos a\u00f1os antes.<\/p>\n<p>Visitamos <strong>Varenna<\/strong> por la ma\u00f1ana, lo que result\u00f3 ideal para evitar las aglomeraciones. Probamos varias direcciones para usted, desde restaurantes hasta villas con magn\u00edficos jardines. Le garantizamos que se enamorar\u00e1.<\/p>\n<p>En <strong>esta entrada del blog,<\/strong> descubrir\u00e1 nuestras <strong>visitas obligadas y buenas direcciones<\/strong>. Esperamos que le ayude a descubrir <strong>qu\u00e9 ver en Varenna.<\/strong><\/p>\n<h2 id=\"ver\"><span class=\"ez-toc-section\" id=\"%C2%BFQue_se_puede_hacer_en_Varenna_en_el_Lago_de_Como\"><\/span>\u00bfQu\u00e9 se puede hacer en Varenna, en el Lago de Como?<span class=\"ez-toc-section-end\"><\/span><\/h2>\n<h3><span class=\"ez-toc-section\" id=\"1_El_casco_antiguo_de_Varenna\"><\/span>1. El casco antiguo de Varenna<span class=\"ez-toc-section-end\"><\/span><\/h3>\n<p>Le sugerimos que empiece a explorar el pueblo por su casco antiguo. Le resultar\u00e1 dif\u00edcil no caer rendido a sus encantos. Calles estrechas y coloridas, terrazas con magn\u00edficas vistas al lago&#8230;<\/p>\n<p>Bienvenido a Varenna, una de las perlas del lago de Como. Si viene en ferry, entrar\u00e1 en el pueblo por la magn\u00edfica cornisa colgante \u00abDegli Innamorati di Varenna\u00bb, una aut\u00e9ntica delicia. Durante su visita, le sugerimos que pasee por el coraz\u00f3n del pueblo y luego se dirija a la Villa Monastero di Varenna.<\/p>\n<div id=\"attachment_21380\" style=\"width: 1810px\" class=\"wp-caption alignnone\"><img decoding=\"async\" aria-describedby=\"caption-attachment-21380\" class=\"wp-image-21380 size-full\" src=\"https:\/\/decouvrirensemble.com\/wp-content\/uploads\/2023\/05\/varenna-italie.jpg\" alt=\"Varenna\" width=\"1800\" height=\"1200\" srcset=\"https:\/\/decouvrirensemble.com\/wp-content\/uploads\/2023\/05\/varenna-italie.jpg 1800w, https:\/\/decouvrirensemble.com\/wp-content\/uploads\/2023\/05\/varenna-italie-300x200.jpg 300w, https:\/\/decouvrirensemble.com\/wp-content\/uploads\/2023\/05\/varenna-italie-1024x683.jpg 1024w, https:\/\/decouvrirensemble.com\/wp-content\/uploads\/2023\/05\/varenna-italie-768x512.jpg 768w, https:\/\/decouvrirensemble.com\/wp-content\/uploads\/2023\/05\/varenna-italie-1536x1024.jpg 1536w\" sizes=\"(max-width: 1800px) 100vw, 1800px\" \/><p id=\"caption-attachment-21380\" class=\"wp-caption-text\">Varenna<\/p><\/div>\n<img decoding=\"async\" class=\"alignnone size-full wp-image-21382\" src=\"https:\/\/decouvrirensemble.com\/wp-content\/uploads\/2023\/05\/Varenna-lac-de-come-italie.jpg\" alt=\"Varenna lac de c\u00f4me\" width=\"1800\" height=\"1200\" srcset=\"https:\/\/decouvrirensemble.com\/wp-content\/uploads\/2023\/05\/Varenna-lac-de-come-italie.jpg 1800w, https:\/\/decouvrirensemble.com\/wp-content\/uploads\/2023\/05\/Varenna-lac-de-come-italie-300x200.jpg 300w, https:\/\/decouvrirensemble.com\/wp-content\/uploads\/2023\/05\/Varenna-lac-de-come-italie-1024x683.jpg 1024w, https:\/\/decouvrirensemble.com\/wp-content\/uploads\/2023\/05\/Varenna-lac-de-come-italie-768x512.jpg 768w, https:\/\/decouvrirensemble.com\/wp-content\/uploads\/2023\/05\/Varenna-lac-de-come-italie-1536x1024.jpg 1536w\" sizes=\"(max-width: 1800px) 100vw, 1800px\" \/>\n<h3><span class=\"ez-toc-section\" id=\"2_Villa_Monastero_en_Varenna\"><\/span>2. Villa Monastero en Varenna<span class=\"ez-toc-section-end\"><\/span><\/h3>\n<p><a href=\"https:\/\/maps.app.goo.gl\/qRy8ZbGutpYVS9F99\">La Villa Monastero<\/a> es una de <strong>las visitas obligadas de Varenna<\/strong>, y sin duda ya habr\u00e1s visto fotos o v\u00eddeos de ella, tal es su popularidad en Instagram. Por desgracia, la villa estaba cerrada por reformas cuando la visitamos en mayo de 2023, as\u00ed que nuestra visita se limit\u00f3 a sus jardines. Nos encant\u00f3 pasear entre las palmeras y los \u00e1rboles frutales, con el lago Como de fondo.<\/p>\n<p>Hay muchos bancos, ideales para hacer un picnic o tomarse un descanso para admirar las vistas. Tambi\u00e9n hay un bar para tomar un capuchino. El precio medio de una visita es de 10 euros por persona y una hora de duraci\u00f3n.<\/p>\n<p>Si tuviera que elegir un solo jard\u00edn para visitar en Varenna, le recomendar\u00edamos \u00e9ste. Para nosotros, es una de las <strong>visitas obligadas del Lago de Como<\/strong>.<\/p>\n<img decoding=\"async\" class=\"alignnone size-full wp-image-21384\" src=\"https:\/\/decouvrirensemble.com\/wp-content\/uploads\/2023\/05\/Villa-Monestero-de-Varenna.jpg\" alt=\"Villa Monestero\" width=\"1800\" height=\"1200\" srcset=\"https:\/\/decouvrirensemble.com\/wp-content\/uploads\/2023\/05\/Villa-Monestero-de-Varenna.jpg 1800w, https:\/\/decouvrirensemble.com\/wp-content\/uploads\/2023\/05\/Villa-Monestero-de-Varenna-300x200.jpg 300w, https:\/\/decouvrirensemble.com\/wp-content\/uploads\/2023\/05\/Villa-Monestero-de-Varenna-1024x683.jpg 1024w, https:\/\/decouvrirensemble.com\/wp-content\/uploads\/2023\/05\/Villa-Monestero-de-Varenna-768x512.jpg 768w, https:\/\/decouvrirensemble.com\/wp-content\/uploads\/2023\/05\/Villa-Monestero-de-Varenna-1536x1024.jpg 1536w\" sizes=\"(max-width: 1800px) 100vw, 1800px\" \/>\n<div id=\"attachment_21385\" style=\"width: 1810px\" class=\"wp-caption alignnone\"><img decoding=\"async\" aria-describedby=\"caption-attachment-21385\" class=\"wp-image-21385 size-full\" src=\"https:\/\/decouvrirensemble.com\/wp-content\/uploads\/2023\/05\/Villa-Monestero-Varenna.jpg\" alt=\"Villa Monastero\" width=\"1800\" height=\"1200\" srcset=\"https:\/\/decouvrirensemble.com\/wp-content\/uploads\/2023\/05\/Villa-Monestero-Varenna.jpg 1800w, https:\/\/decouvrirensemble.com\/wp-content\/uploads\/2023\/05\/Villa-Monestero-Varenna-300x200.jpg 300w, https:\/\/decouvrirensemble.com\/wp-content\/uploads\/2023\/05\/Villa-Monestero-Varenna-1024x683.jpg 1024w, https:\/\/decouvrirensemble.com\/wp-content\/uploads\/2023\/05\/Villa-Monestero-Varenna-768x512.jpg 768w, https:\/\/decouvrirensemble.com\/wp-content\/uploads\/2023\/05\/Villa-Monestero-Varenna-1536x1024.jpg 1536w\" sizes=\"(max-width: 1800px) 100vw, 1800px\" \/><p id=\"caption-attachment-21385\" class=\"wp-caption-text\">Villa Monastero<\/p><\/div>\n<h3><span class=\"ez-toc-section\" id=\"3_Villa_Cipressi_en_Varenna\"><\/span>3. Villa Cipressi en Varenna<span class=\"ez-toc-section-end\"><\/span><\/h3>\n<p>A tiro de piedra hay otro jard\u00edn bot\u00e1nico que merece la pena visitar. <a href=\"https:\/\/maps.app.goo.gl\/WDCmRE3Su9UdTuqa8\" rel=\"noopener\">Villa Cipressi<\/a> es ahora un hotel con un hermoso jard\u00edn bot\u00e1nico abierto a los visitantes. Le recomendamos que empiece por Villa Monastero y, si le ha gustado la visita, contin\u00fae la experiencia en los jardines adyacentes a Villa Cipressi.<\/p>\n<p>El precio tambi\u00e9n es de 10 euros de media por una hora de visita. Existen tarifas reducidas para estudiantes y personas mayores.<\/p>\n<img decoding=\"async\" class=\"alignnone size-full wp-image-21383\" src=\"https:\/\/decouvrirensemble.com\/wp-content\/uploads\/2023\/05\/Villa-Cipressi-Varenna.jpg\" alt=\"Villa Cipressi\" width=\"1800\" height=\"1200\" srcset=\"https:\/\/decouvrirensemble.com\/wp-content\/uploads\/2023\/05\/Villa-Cipressi-Varenna.jpg 1800w, https:\/\/decouvrirensemble.com\/wp-content\/uploads\/2023\/05\/Villa-Cipressi-Varenna-300x200.jpg 300w, https:\/\/decouvrirensemble.com\/wp-content\/uploads\/2023\/05\/Villa-Cipressi-Varenna-1024x683.jpg 1024w, https:\/\/decouvrirensemble.com\/wp-content\/uploads\/2023\/05\/Villa-Cipressi-Varenna-768x512.jpg 768w, https:\/\/decouvrirensemble.com\/wp-content\/uploads\/2023\/05\/Villa-Cipressi-Varenna-1536x1024.jpg 1536w\" sizes=\"(max-width: 1800px) 100vw, 1800px\" \/>\n<h3><span class=\"ez-toc-section\" id=\"4_Castillo_de_Vezio\"><\/span>4. Castillo de Vezio<span class=\"ez-toc-section-end\"><\/span><\/h3>\n<p>Durante su <strong>visita a Varenna<\/strong>, tambi\u00e9n tendr\u00e1 la oportunidad de visitar el <a href=\"https:\/\/maps.app.goo.gl\/7meorSDqCiqVihfCA\">Castillo de Vezio<\/a>. El castillo est\u00e1 abierto a los visitantes y ofrece una hermosa vista del pueblo y del <a href=\"https:\/\/decouvrirensemble.com\/es\/que-ver-en-lago-di-como-italia\" rel=\"noopener\">lago de Como<\/a>. Se tarda unos veinte minutos en llegar desde el pueblo.<\/p>\n<p>El camino es bastante empinado. En su lugar, optamos por dar un paseo por el casco antiguo, mientras disfrut\u00e1bamos de un excelente helado de pistacho (vale, lo admitimos).<\/p>\n<blockquote class=\"instagram-media\" style=\"background: #FFF; border: 0; border-radius: 3px; box-shadow: 0 0 1px 0 rgba(0,0,0,0.5),0 1px 10px 0 rgba(0,0,0,0.15); margin: 1px; max-width: 540px; min-width: 326px; padding: 0; width: calc(100% - 2px);\" data-instgrm-version=\"14\" data-instgrm-permalink=\"https:\/\/www.instagram.com\/p\/CsB3nGEMN0g\/?utm_source=ig_embed&amp;utm_campaign=loading\">\n<div style=\"padding: 16px;\">\n<p>&nbsp;<\/p>\n<div style=\"display: flex; flex-direction: row; align-items: center;\">\n<div style=\"background-color: #f4f4f4; border-radius: 50%; flex-grow: 0; height: 40px; margin-right: 14px; width: 40px;\">&nbsp;<\/div>\n<div style=\"display: flex; flex-direction: column; flex-grow: 1; justify-content: center;\">\n<div style=\"background-color: #f4f4f4; border-radius: 4px; flex-grow: 0; height: 14px; margin-bottom: 6px; width: 100px;\">&nbsp;<\/div>\n<div style=\"background-color: #f4f4f4; border-radius: 4px; flex-grow: 0; height: 14px; width: 60px;\">&nbsp;<\/div>\n<\/div>\n<\/div>\n<div style=\"padding: 19% 0;\">&nbsp;<\/div>\n<div style=\"display: block; height: 50px; margin: 0 auto 12px; width: 50px;\">&nbsp;<\/div>\n<div style=\"padding-top: 8px;\">\n<div style=\"color: #3897f0; font-family: Arial,sans-serif; font-size: 14px; font-style: normal; font-weight: 550; line-height: 18px;\">Ver esta publicaci\u00f3n en Instagram<\/div>\n<\/div>\n<div style=\"padding: 12.5% 0;\">&nbsp;<\/div>\n<div style=\"display: flex; flex-direction: row; margin-bottom: 14px; align-items: center;\">\n<div>\n<div style=\"background-color: #f4f4f4; border-radius: 50%; height: 12.5px; width: 12.5px; transform: translateX(0px) translateY(7px);\">&nbsp;<\/div>\n<div style=\"background-color: #f4f4f4; height: 12.5px; transform: rotate(-45deg) translateX(3px) translateY(1px); width: 12.5px; flex-grow: 0; margin-right: 14px; margin-left: 2px;\">&nbsp;<\/div>\n<div style=\"background-color: #f4f4f4; border-radius: 50%; height: 12.5px; width: 12.5px; transform: translateX(9px) translateY(-18px);\">&nbsp;<\/div>\n<\/div>\n<div style=\"margin-left: 8px;\">\n<div style=\"background-color: #f4f4f4; border-radius: 50%; flex-grow: 0; height: 20px; width: 20px;\">&nbsp;<\/div>\n<div style=\"width: 0; height: 0; border-top: 2px solid transparent; border-left: 6px solid #f4f4f4; border-bottom: 2px solid transparent; transform: translateX(16px) translateY(-4px) rotate(30deg);\">&nbsp;<\/div>\n<\/div>\n<div style=\"margin-left: auto;\">\n<div style=\"width: 0px; border-top: 8px solid #F4F4F4; border-right: 8px solid transparent; transform: translateY(16px);\">&nbsp;<\/div>\n<div style=\"background-color: #f4f4f4; flex-grow: 0; height: 12px; width: 16px; transform: translateY(-4px);\">&nbsp;<\/div>\n<div style=\"width: 0; height: 0; border-top: 8px solid #F4F4F4; border-left: 8px solid transparent; transform: translateY(-4px) translateX(8px);\">&nbsp;<\/div>\n<\/div>\n<\/div>\n<div style=\"display: flex; flex-direction: column; flex-grow: 1; justify-content: center; margin-bottom: 24px;\">\n<div style=\"background-color: #f4f4f4; border-radius: 4px; flex-grow: 0; height: 14px; margin-bottom: 6px; width: 224px;\">&nbsp;<\/div>\n<div style=\"background-color: #f4f4f4; border-radius: 4px; flex-grow: 0; height: 14px; width: 144px;\">&nbsp;<\/div>\n<\/div>\n<p>&nbsp;<\/p>\n<p style=\"color: #c9c8cd; font-family: Arial,sans-serif; font-size: 14px; line-height: 17px; margin-bottom: 0; margin-top: 8px; overflow: hidden; padding: 8px 0 7px; text-align: center; text-overflow: ellipsis; white-space: nowrap;\"><a style=\"color: #c9c8cd; font-family: Arial,sans-serif; font-size: 14px; font-style: normal; font-weight: normal; line-height: 17px; text-decoration: none;\" href=\"https:\/\/www.instagram.com\/p\/CsB3nGEMN0g\/?utm_source=ig_embed&amp;utm_campaign=loading\" rel=\"noopener\">Una publicaci\u00f3n compartida por Castello di Vezio (@castellodivezio)<\/a><\/p>\n<\/div>\n<\/blockquote>\n<p><script src=\"\/\/www.instagram.com\/embed.js\" async=\"\"><\/script>&nbsp;<\/p>\n<h2 id=\"dormir\"><span class=\"ez-toc-section\" id=\"%C2%BFDonde_alojarse_en_Varenna_en_el_lago_de_Como\"><\/span>\u00bfD\u00f3nde alojarse en Varenna, en el lago de Como?<span class=\"ez-toc-section-end\"><\/span><\/h2>\n<h3><span class=\"ez-toc-section\" id=\"Albergo_Milano\"><\/span>Albergo Milano<span class=\"ez-toc-section-end\"><\/span><\/h3>\n<p>Si desea alojarse en el coraz\u00f3n de Varenna y disfrutar del ambiente de este emblem\u00e1tico pueblo del lago Como, le recomendamos el Hotel Albergo Milano. El hotel est\u00e1 situado justo en el coraz\u00f3n del pueblo y ofrece unas vistas impresionantes del lago y de Menaggio.<\/p>\n<p><strong>Alojarse en Varenna<\/strong> significa poder explorar el pueblo por la ma\u00f1ana, cuando hay menos turistas, y tambi\u00e9n llegar f\u00e1cilmente a otros pueblos emblem\u00e1ticos del lago, como <a href=\"https:\/\/decouvrirensemble.com\/es\/bellagio-lago-di-como\" rel=\"noopener\">Bellagio<\/a> y Lenno (para visitar la famosa <a href=\"https:\/\/decouvrirensemble.com\/es\/villa-balbianello\" rel=\"noopener\">Villa Balbianello<\/a>), tomando el ferry. \u00a1Nuestra recomendaci\u00f3n!<\/p>\n    <div class=\"niceButton\"><a href=\"https:\/\/www.booking.com\/hotel\/it\/albergo-milano.fr.html?aid=1286053\" target=\"_blank\" class=\"emojiLink\">\n                    <span class=\"emojiLink__emoji\">\u2764\ufe0f<\/span>\n                <span class=\"emojiLink__title title title--big\">Ver disponibilidad<\/span>\n    <\/a><\/div>\n\n    \n<img decoding=\"async\" class=\"alignnone size-full wp-image-21377\" src=\"https:\/\/decouvrirensemble.com\/wp-content\/uploads\/2023\/05\/hotel-varenna-italie.jpg\" alt=\"h\u00f4tel Varenna Italie\" width=\"1800\" height=\"1200\" srcset=\"https:\/\/decouvrirensemble.com\/wp-content\/uploads\/2023\/05\/hotel-varenna-italie.jpg 1800w, https:\/\/decouvrirensemble.com\/wp-content\/uploads\/2023\/05\/hotel-varenna-italie-300x200.jpg 300w, https:\/\/decouvrirensemble.com\/wp-content\/uploads\/2023\/05\/hotel-varenna-italie-1024x683.jpg 1024w, https:\/\/decouvrirensemble.com\/wp-content\/uploads\/2023\/05\/hotel-varenna-italie-768x512.jpg 768w, https:\/\/decouvrirensemble.com\/wp-content\/uploads\/2023\/05\/hotel-varenna-italie-1536x1024.jpg 1536w\" sizes=\"(max-width: 1800px) 100vw, 1800px\" \/>\n<h2 id=\"comer\"><span class=\"ez-toc-section\" id=\"%C2%BFDonde_comer_en_Varenna_en_el_lago_de_Como_Nuestras_buenas_direcciones\"><\/span>\u00bfD\u00f3nde comer en Varenna, en el lago de Como? Nuestras buenas direcciones<span class=\"ez-toc-section-end\"><\/span><\/h2>\n<ul>\n<li><a href=\"https:\/\/maps.app.goo.gl\/4JyhqxBAm3GMoFDc7\" rel=\"noopener\">Restaurante Bar Il Molo<\/a>: un lugar estupendo para comer con vistas a Varenna. Se recomienda llegar lo antes posible, ya que el restaurante suele estar abarrotado. Las vistas desde la terraza son sensacionales.<\/li>\n<li><a href=\"https:\/\/maps.app.goo.gl\/winN9eo3t5qiz62z6\" rel=\"noopener\">Alma Bistrot<\/a>: una buena direcci\u00f3n cerca del Bar Il Molo, donde disfrutamos de un delicioso risotto y burrata con una hermosa vista del lago. Recomendamos esta direcci\u00f3n, aunque los precios son bastante elevados (como en todas partes en el Lago de Como).<\/li>\n<li><a href=\"https:\/\/maps.app.goo.gl\/9n23VS6Fn7S27zPC7\" rel=\"noopener\">La Passerella<\/a>: es el lugar al que hay que ir si se busca una buena helader\u00eda en Varenna. Nos encantaron sus helados de pistacho y almendra.<\/li>\n<\/ul>\n<img decoding=\"async\" class=\"alignnone size-full wp-image-21378\" src=\"https:\/\/decouvrirensemble.com\/wp-content\/uploads\/2023\/05\/Restaurant-Varenna.jpg\" alt=\"Restaurant Varenna\" width=\"1800\" height=\"1200\" srcset=\"https:\/\/decouvrirensemble.com\/wp-content\/uploads\/2023\/05\/Restaurant-Varenna.jpg 1800w, https:\/\/decouvrirensemble.com\/wp-content\/uploads\/2023\/05\/Restaurant-Varenna-300x200.jpg 300w, https:\/\/decouvrirensemble.com\/wp-content\/uploads\/2023\/05\/Restaurant-Varenna-1024x683.jpg 1024w, https:\/\/decouvrirensemble.com\/wp-content\/uploads\/2023\/05\/Restaurant-Varenna-768x512.jpg 768w, https:\/\/decouvrirensemble.com\/wp-content\/uploads\/2023\/05\/Restaurant-Varenna-1536x1024.jpg 1536w\" sizes=\"(max-width: 1800px) 100vw, 1800px\" \/>\n<h2 id=\"organiser\"><span class=\"ez-toc-section\" id=\"Informacion_practica_para_visitar_Varenna\"><\/span>Informaci\u00f3n pr\u00e1ctica para visitar Varenna<span class=\"ez-toc-section-end\"><\/span><\/h2>\n<h3><span class=\"ez-toc-section\" id=\"%C2%BFComo_llegar_a_Varenna_en_el_lago_de_Como\"><\/span>\u00bfC\u00f3mo llegar a Varenna, en el lago de Como?<span class=\"ez-toc-section-end\"><\/span><\/h3>\n<h4><span class=\"ez-toc-section\" id=\"En_coche_desde_Milan\"><\/span>En coche desde Mil\u00e1n<span class=\"ez-toc-section-end\"><\/span><\/h4>\n<p>Se puede llegar a Varenna desde Mil\u00e1n en coche en una hora y media. Si quieres alquilar un coche mientras est\u00e1s en el Lago Como, te recomendamos que eches un vistazo a la p\u00e1gina web de RentalCars. Te ayudar\u00e1 a encontrar los mejores precios y condiciones para tu alquiler.<\/p>\n<p>S\u00f3lo un consejo: si viene a Italia en coche, tenga cuidado con las zonas ZTL y las plazas de aparcamiento naranjas, que son zonas autorizadas s\u00f3lo para residentes. Los mejores lugares para aparcar son los que tienen marcas blancas, pero son muy escasos. Si no, aparca en los espacios de pago con marcas azules.<\/p>\n    <div class=\"niceButton\"><a href=\"https:\/\/www.rentalcars.com\/es\/?adplat=100603082&#038;adcamp=&#038;adco=13881394&#038;affiliateCode=cjemea&#038;click_id=1bf2b216b08611ed804090d20a18b8fa\" target=\"_blank\" class=\"emojiLink\">\n                    <span class=\"emojiLink__emoji\">\ud83d\ude97<\/span>\n                <span class=\"emojiLink__title title title--big\">M\u00e1s informaci\u00f3n<\/span>\n    <\/a><\/div>\n\n    \n<img decoding=\"async\" class=\"alignnone size-full wp-image-21379\" src=\"https:\/\/decouvrirensemble.com\/wp-content\/uploads\/2023\/05\/Varenna-Italie-blog-voyage.jpg\" alt=\"Varenna Italie\" width=\"1800\" height=\"1200\" srcset=\"https:\/\/decouvrirensemble.com\/wp-content\/uploads\/2023\/05\/Varenna-Italie-blog-voyage.jpg 1800w, https:\/\/decouvrirensemble.com\/wp-content\/uploads\/2023\/05\/Varenna-Italie-blog-voyage-300x200.jpg 300w, https:\/\/decouvrirensemble.com\/wp-content\/uploads\/2023\/05\/Varenna-Italie-blog-voyage-1024x683.jpg 1024w, https:\/\/decouvrirensemble.com\/wp-content\/uploads\/2023\/05\/Varenna-Italie-blog-voyage-768x512.jpg 768w, https:\/\/decouvrirensemble.com\/wp-content\/uploads\/2023\/05\/Varenna-Italie-blog-voyage-1536x1024.jpg 1536w\" sizes=\"(max-width: 1800px) 100vw, 1800px\" \/>\n<h4><span class=\"ez-toc-section\" id=\"En_tren_desde_Milan\"><\/span>En tren desde Mil\u00e1n<span class=\"ez-toc-section-end\"><\/span><\/h4>\n<p>A Varenna se llega f\u00e1cilmente en tren desde la estaci\u00f3n central de Mil\u00e1n. El trayecto dura 1 hora de media entre semana. El viaje de ida y vuelta le costar\u00e1 14 euros. Si elige esta opci\u00f3n, le aconsejamos que llegue pronto a Varenna para poder desplazarse en ferry.<\/p>\n<p>S\u00f3lo tiene que tomar el ferry para cruzar. Podr\u00e1 visitar Bellagio y Villa Serbelloni, por ejemplo. La traves\u00eda entre Varenna y Bellagio cuesta 4,50 euros por un trayecto de 20 minutos.<\/p>\n    <div class=\"niceButton\"><a href=\"https:\/\/www.jdoqocy.com\/click-100603082-13394886\" target=\"_blank\" class=\"emojiLink\">\n                    <span class=\"emojiLink__emoji\">\ud83d\ude85<\/span>\n                <span class=\"emojiLink__title title title--big\">M\u00e1s informaci\u00f3n<\/span>\n    <\/a><\/div>\n\n    \n<p><img decoding=\"async\" class=\"alignnone size-full wp-image-21376\" src=\"https:\/\/decouvrirensemble.com\/wp-content\/uploads\/2023\/05\/ferry-varenna.jpg\" alt=\"Ferry Varenna\" width=\"1800\" height=\"1200\" srcset=\"https:\/\/decouvrirensemble.com\/wp-content\/uploads\/2023\/05\/ferry-varenna.jpg 1800w, https:\/\/decouvrirensemble.com\/wp-content\/uploads\/2023\/05\/ferry-varenna-300x200.jpg 300w, https:\/\/decouvrirensemble.com\/wp-content\/uploads\/2023\/05\/ferry-varenna-1024x683.jpg 1024w, https:\/\/decouvrirensemble.com\/wp-content\/uploads\/2023\/05\/ferry-varenna-768x512.jpg 768w, https:\/\/decouvrirensemble.com\/wp-content\/uploads\/2023\/05\/ferry-varenna-1536x1024.jpg 1536w\" sizes=\"(max-width: 1800px) 100vw, 1800px\" \/>&nbsp;<\/p>\n<div data-gyg-tour-ids=\"146676,416478,460882\" data-gyg-partner-id=\"QTAK8D9\" data-gyg-number-of-items=\"3\" data-gyg-widget=\"activities\" data-gyg-locale-code=\"es-ES\" data-gyg-href=\"https:\/\/widget.getyourguide.com\/default\/activities.frame\">[guide-voyage-lac-de-come]<\/div>\n<h4><span class=\"ez-toc-section\" id=\"En_ferry_desde_Como_o_Bellagio\"><\/span>En ferry desde Como o Bellagio<span class=\"ez-toc-section-end\"><\/span><\/h4>\n<p>Si se aloja directamente en uno de los pueblos del Lago de Como durante sus vacaciones, puede llegar f\u00e1cilmente a Varenna en ferry. En nuestra \u00faltima visita al Lago de Como, nos alojamos en Bellagio y viajamos f\u00e1cilmente a Varenna en ferry.<\/p>\n<p>Los billetes y horarios est\u00e1n disponibles en las taquillas de los distintos embarcaderos, y te recomendamos que vayas con antelaci\u00f3n para consultar los horarios del ferry y planificar tu viaje en consecuencia.<\/p>\n<img decoding=\"async\" class=\"alignnone size-full wp-image-21381\" src=\"https:\/\/decouvrirensemble.com\/wp-content\/uploads\/2023\/05\/Varenna-lac-de-come-blog.jpg\" alt=\"Varenna Italie\" width=\"1800\" height=\"1200\" srcset=\"https:\/\/decouvrirensemble.com\/wp-content\/uploads\/2023\/05\/Varenna-lac-de-come-blog.jpg 1800w, https:\/\/decouvrirensemble.com\/wp-content\/uploads\/2023\/05\/Varenna-lac-de-come-blog-300x200.jpg 300w, https:\/\/decouvrirensemble.com\/wp-content\/uploads\/2023\/05\/Varenna-lac-de-come-blog-1024x683.jpg 1024w, https:\/\/decouvrirensemble.com\/wp-content\/uploads\/2023\/05\/Varenna-lac-de-come-blog-768x512.jpg 768w, https:\/\/decouvrirensemble.com\/wp-content\/uploads\/2023\/05\/Varenna-lac-de-come-blog-1536x1024.jpg 1536w\" sizes=\"(max-width: 1800px) 100vw, 1800px\" \/>\n<h3><span class=\"ez-toc-section\" id=\"Descubra_nuestro_itinerario_y_nuestros_imprescindibles_en_el_Lago_de_Como\"><\/span>Descubra nuestro itinerario y nuestros imprescindibles en el Lago de Como<span class=\"ez-toc-section-end\"><\/span><\/h3>\n<p>Si tiene previsto <strong>visitar Varenna<\/strong>, lo m\u00e1s probable es que aproveche para descubrir el Lago de Como con m\u00e1s detalle. Hemos incluido todos nuestros favoritos y buenas direcciones en <a href=\"https:\/\/decouvrirensemble.com\/es\/que-ver-en-lago-di-como-italia\"><strong>nuestra completa gu\u00eda de viaje del Lago de Como<\/strong><\/a>. No dude en echarle un vistazo. \u00a1Disfrute de su viaje al Lago de Como!<\/p>\n<p>[guide-voyage-lac-de-come]<\/p>\n<img decoding=\"async\" class=\"alignnone wp-image-20398 size-full\" src=\"https:\/\/decouvrirensemble.com\/wp-content\/uploads\/2023\/03\/hotels-lac-de-come-italie.jpg\" alt=\"lac de come blog voyage\" width=\"1800\" height=\"1200\" srcset=\"https:\/\/decouvrirensemble.com\/wp-content\/uploads\/2023\/03\/hotels-lac-de-come-italie.jpg 1800w, https:\/\/decouvrirensemble.com\/wp-content\/uploads\/2023\/03\/hotels-lac-de-come-italie-300x200.jpg 300w, https:\/\/decouvrirensemble.com\/wp-content\/uploads\/2023\/03\/hotels-lac-de-come-italie-1024x683.jpg 1024w, https:\/\/decouvrirensemble.com\/wp-content\/uploads\/2023\/03\/hotels-lac-de-come-italie-768x512.jpg 768w, https:\/\/decouvrirensemble.com\/wp-content\/uploads\/2023\/03\/hotels-lac-de-come-italie-1536x1024.jpg 1536w\" sizes=\"(max-width: 1800px) 100vw, 1800px\" \/>\n<p>[gracias]<\/p>\n\n\n<div class=\"kk-star-ratings kksr-auto kksr-align-left kksr-valign-bottom\"\n    data-payload='{&quot;align&quot;:&quot;left&quot;,&quot;id&quot;:&quot;45253&quot;,&quot;slug&quot;:&quot;default&quot;,&quot;valign&quot;:&quot;bottom&quot;,&quot;ignore&quot;:&quot;&quot;,&quot;reference&quot;:&quot;auto&quot;,&quot;class&quot;:&quot;&quot;,&quot;count&quot;:&quot;8&quot;,&quot;legendonly&quot;:&quot;&quot;,&quot;readonly&quot;:&quot;&quot;,&quot;score&quot;:&quot;5&quot;,&quot;starsonly&quot;:&quot;&quot;,&quot;best&quot;:&quot;5&quot;,&quot;gap&quot;:&quot;4&quot;,&quot;greet&quot;:&quot;Sea el primero en valorar esta entrada de blog.&quot;,&quot;legend&quot;:&quot;5\\\/5 - (8 votos)&quot;,&quot;size&quot;:&quot;21&quot;,&quot;title&quot;:&quot;\u00bfQu\u00e9 ver en Varenna en Italia? Lago di Como&quot;,&quot;width&quot;:&quot;123&quot;,&quot;_legend&quot;:&quot;{score}\\\/{best} - ({count} {votes})&quot;,&quot;font_factor&quot;:&quot;1.25&quot;}'>\n            \n<div class=\"kksr-stars\">\n    \n<div class=\"kksr-stars-inactive\">\n            <div class=\"kksr-star\" data-star=\"1\" style=\"padding-right: 4px\">\n            \n\n<div class=\"kksr-icon\" style=\"width: 21px; height: 21px;\"><\/div>\n        <\/div>\n            <div class=\"kksr-star\" data-star=\"2\" style=\"padding-right: 4px\">\n            \n\n<div class=\"kksr-icon\" style=\"width: 21px; height: 21px;\"><\/div>\n        <\/div>\n            <div class=\"kksr-star\" data-star=\"3\" style=\"padding-right: 4px\">\n            \n\n<div class=\"kksr-icon\" style=\"width: 21px; height: 21px;\"><\/div>\n        <\/div>\n            <div class=\"kksr-star\" data-star=\"4\" style=\"padding-right: 4px\">\n            \n\n<div class=\"kksr-icon\" style=\"width: 21px; height: 21px;\"><\/div>\n        <\/div>\n            <div class=\"kksr-star\" data-star=\"5\" style=\"padding-right: 4px\">\n            \n\n<div class=\"kksr-icon\" style=\"width: 21px; height: 21px;\"><\/div>\n        <\/div>\n    <\/div>\n    \n<div class=\"kksr-stars-active\" style=\"width: 123px;\">\n            <div class=\"kksr-star\" style=\"padding-right: 4px\">\n            \n\n<div class=\"kksr-icon\" style=\"width: 21px; height: 21px;\"><\/div>\n        <\/div>\n            <div class=\"kksr-star\" style=\"padding-right: 4px\">\n            \n\n<div class=\"kksr-icon\" style=\"width: 21px; height: 21px;\"><\/div>\n        <\/div>\n            <div class=\"kksr-star\" style=\"padding-right: 4px\">\n            \n\n<div class=\"kksr-icon\" style=\"width: 21px; height: 21px;\"><\/div>\n        <\/div>\n            <div class=\"kksr-star\" style=\"padding-right: 4px\">\n            \n\n<div class=\"kksr-icon\" style=\"width: 21px; height: 21px;\"><\/div>\n        <\/div>\n            <div class=\"kksr-star\" style=\"padding-right: 4px\">\n            \n\n<div class=\"kksr-icon\" style=\"width: 21px; height: 21px;\"><\/div>\n        <\/div>\n    <\/div>\n<\/div>\n                \n\n<div class=\"kksr-legend\" style=\"font-size: 16.8px;\">\n            5\/5 - (8 votos)    <\/div>\n    <\/div>\n","protected":false},"excerpt":{"rendered":"<p>\u00bfEst\u00e1 planeando su pr\u00f3ximo viaje a Italia y busca informaci\u00f3n sobre Varenna, uno de los pueblos m\u00e1s bonitos del lago de Como? Entonces ha llegado al blog de viajes adecuado.<\/p>\n","protected":false},"author":1,"featured_media":47397,"comment_status":"open","ping_status":"closed","sticky":false,"template":"","format":"standard","meta":{"_acf_changed":false,"_lmt_disableupdate":"no","_lmt_disable":"no","footnotes":""},"categories":[462,508],"tags":[],"class_list":["post-45253","post","type-post","status-publish","format-standard","has-post-thumbnail","hentry","category-guias-de-viajes","category-italia"],"acf":[],"yoast_head":"<!-- This site is optimized with the Yoast SEO plugin v27.4 - https:\/\/yoast.com\/product\/yoast-seo-wordpress\/ -->\n<title>\u00bfQu\u00e9 ver en Varenna en Italia? Lago di Como<\/title>\n<meta name=\"description\" content=\"\u00bfBusca qu\u00e9 ver en Varenna en Italia? Descubre los lugares m\u00e1s incre\u00edbles que ver en este blog de viajes.\" \/>\n<meta name=\"robots\" content=\"index, follow, max-snippet:-1, max-image-preview:large, max-video-preview:-1\" \/>\n<link rel=\"canonical\" href=\"https:\/\/decouvrirensemble.com\/es\/varenna-italia-lago-di-como\" \/>\n<meta property=\"og:locale\" content=\"es_ES\" \/>\n<meta property=\"og:type\" content=\"article\" \/>\n<meta property=\"og:title\" content=\"\u00bfQu\u00e9 ver en Varenna en Italia? Lago di Como\" \/>\n<meta property=\"og:description\" content=\"\u00bfBusca qu\u00e9 ver en Varenna en Italia? Descubre los lugares m\u00e1s incre\u00edbles que ver en este blog de viajes.\" \/>\n<meta property=\"og:url\" content=\"https:\/\/decouvrirensemble.com\/es\/varenna-italia-lago-di-como\" \/>\n<meta property=\"og:site_name\" content=\"Blog Voyage - D\u00e9couvrir Ensemble\" \/>\n<meta property=\"article:published_time\" content=\"2023-05-22T15:31:38+00:00\" \/>\n<meta property=\"article:modified_time\" content=\"2026-04-13T12:59:49+00:00\" \/>\n<meta property=\"og:image\" content=\"https:\/\/decouvrirensemble.com\/wp-content\/uploads\/2023\/05\/Varenna-Italie-Lac-de-Come-blog-voyage.jpg\" \/>\n\t<meta property=\"og:image:width\" content=\"1800\" \/>\n\t<meta property=\"og:image:height\" content=\"1350\" \/>\n\t<meta property=\"og:image:type\" content=\"image\/jpeg\" \/>\n<meta name=\"author\" content=\"Cl\u00e9mence &amp; Alexandre\" \/>\n<meta name=\"twitter:card\" content=\"summary_large_image\" \/>\n<meta name=\"twitter:creator\" content=\"@dcouvrirensmble\" \/>\n<meta name=\"twitter:site\" content=\"@dcouvrirensmble\" \/>\n<meta name=\"twitter:label1\" content=\"Escrito por\" \/>\n\t<meta name=\"twitter:data1\" content=\"Cl\u00e9mence &amp; Alexandre\" \/>\n\t<meta name=\"twitter:label2\" content=\"Tiempo de lectura\" \/>\n\t<meta name=\"twitter:data2\" content=\"8 minutos\" \/>\n<script type=\"application\/ld+json\" class=\"yoast-schema-graph\">{\"@context\":\"https:\\\/\\\/schema.org\",\"@graph\":[{\"@type\":\"Article\",\"@id\":\"https:\\\/\\\/decouvrirensemble.com\\\/es\\\/varenna-italia-lago-di-como#article\",\"isPartOf\":{\"@id\":\"https:\\\/\\\/decouvrirensemble.com\\\/es\\\/varenna-italia-lago-di-como\"},\"author\":{\"name\":\"Cl\u00e9mence &amp; Alexandre\",\"@id\":\"https:\\\/\\\/decouvrirensemble.com\\\/es#\\\/schema\\\/person\\\/a53efd44d02eb7f9ab90f96e84a9d2ba\"},\"headline\":\"\u00bfQu\u00e9 ver en Varenna en Italia? Lago di Como\",\"datePublished\":\"2023-05-22T15:31:38+00:00\",\"dateModified\":\"2026-04-13T12:59:49+00:00\",\"mainEntityOfPage\":{\"@id\":\"https:\\\/\\\/decouvrirensemble.com\\\/es\\\/varenna-italia-lago-di-como\"},\"wordCount\":1221,\"commentCount\":0,\"publisher\":{\"@id\":\"https:\\\/\\\/decouvrirensemble.com\\\/es#\\\/schema\\\/person\\\/a53efd44d02eb7f9ab90f96e84a9d2ba\"},\"image\":{\"@id\":\"https:\\\/\\\/decouvrirensemble.com\\\/es\\\/varenna-italia-lago-di-como#primaryimage\"},\"thumbnailUrl\":\"https:\\\/\\\/decouvrirensemble.com\\\/wp-content\\\/uploads\\\/2023\\\/05\\\/Varenna-Italie-Lac-de-Come-blog-voyage.jpg\",\"articleSection\":[\"Gu\u00edas de viajes\",\"Italia\"],\"inLanguage\":\"es\",\"potentialAction\":[{\"@type\":\"CommentAction\",\"name\":\"Comment\",\"target\":[\"https:\\\/\\\/decouvrirensemble.com\\\/es\\\/varenna-italia-lago-di-como#respond\"]}]},{\"@type\":\"WebPage\",\"@id\":\"https:\\\/\\\/decouvrirensemble.com\\\/es\\\/varenna-italia-lago-di-como\",\"url\":\"https:\\\/\\\/decouvrirensemble.com\\\/es\\\/varenna-italia-lago-di-como\",\"name\":\"\u00bfQu\u00e9 ver en Varenna en Italia? Lago di Como\",\"isPartOf\":{\"@id\":\"https:\\\/\\\/decouvrirensemble.com\\\/es#website\"},\"primaryImageOfPage\":{\"@id\":\"https:\\\/\\\/decouvrirensemble.com\\\/es\\\/varenna-italia-lago-di-como#primaryimage\"},\"image\":{\"@id\":\"https:\\\/\\\/decouvrirensemble.com\\\/es\\\/varenna-italia-lago-di-como#primaryimage\"},\"thumbnailUrl\":\"https:\\\/\\\/decouvrirensemble.com\\\/wp-content\\\/uploads\\\/2023\\\/05\\\/Varenna-Italie-Lac-de-Come-blog-voyage.jpg\",\"datePublished\":\"2023-05-22T15:31:38+00:00\",\"dateModified\":\"2026-04-13T12:59:49+00:00\",\"description\":\"\u00bfBusca qu\u00e9 ver en Varenna en Italia? Descubre los lugares m\u00e1s incre\u00edbles que ver en este blog de viajes.\",\"breadcrumb\":{\"@id\":\"https:\\\/\\\/decouvrirensemble.com\\\/es\\\/varenna-italia-lago-di-como#breadcrumb\"},\"inLanguage\":\"es\",\"potentialAction\":[{\"@type\":\"ReadAction\",\"target\":[\"https:\\\/\\\/decouvrirensemble.com\\\/es\\\/varenna-italia-lago-di-como\"]}]},{\"@type\":\"ImageObject\",\"inLanguage\":\"es\",\"@id\":\"https:\\\/\\\/decouvrirensemble.com\\\/es\\\/varenna-italia-lago-di-como#primaryimage\",\"url\":\"https:\\\/\\\/decouvrirensemble.com\\\/wp-content\\\/uploads\\\/2023\\\/05\\\/Varenna-Italie-Lac-de-Come-blog-voyage.jpg\",\"contentUrl\":\"https:\\\/\\\/decouvrirensemble.com\\\/wp-content\\\/uploads\\\/2023\\\/05\\\/Varenna-Italie-Lac-de-Come-blog-voyage.jpg\",\"width\":1800,\"height\":1350,\"caption\":\"Varenna Italie\"},{\"@type\":\"BreadcrumbList\",\"@id\":\"https:\\\/\\\/decouvrirensemble.com\\\/es\\\/varenna-italia-lago-di-como#breadcrumb\",\"itemListElement\":[{\"@type\":\"ListItem\",\"position\":1,\"name\":\"Accueil\",\"item\":\"https:\\\/\\\/decouvrirensemble.com\\\/es\"},{\"@type\":\"ListItem\",\"position\":2,\"name\":\"Gu\u00edas de viajes\",\"item\":\"https:\\\/\\\/decouvrirensemble.com\\\/es\\\/guias-de-viajes\"},{\"@type\":\"ListItem\",\"position\":3,\"name\":\"\u00bfQu\u00e9 ver en Varenna en Italia? Lago di Como\"}]},{\"@type\":\"WebSite\",\"@id\":\"https:\\\/\\\/decouvrirensemble.com\\\/es#website\",\"url\":\"https:\\\/\\\/decouvrirensemble.com\\\/es\",\"name\":\"Blog Voyage - D\u00e9couvrir Ensemble\",\"description\":\"Le Blog Voyage de Clem et Alex\",\"publisher\":{\"@id\":\"https:\\\/\\\/decouvrirensemble.com\\\/es#\\\/schema\\\/person\\\/a53efd44d02eb7f9ab90f96e84a9d2ba\"},\"potentialAction\":[{\"@type\":\"SearchAction\",\"target\":{\"@type\":\"EntryPoint\",\"urlTemplate\":\"https:\\\/\\\/decouvrirensemble.com\\\/es?s={search_term_string}\"},\"query-input\":{\"@type\":\"PropertyValueSpecification\",\"valueRequired\":true,\"valueName\":\"search_term_string\"}}],\"inLanguage\":\"es\"},{\"@type\":[\"Person\",\"Organization\"],\"@id\":\"https:\\\/\\\/decouvrirensemble.com\\\/es#\\\/schema\\\/person\\\/a53efd44d02eb7f9ab90f96e84a9d2ba\",\"name\":\"Cl\u00e9mence &amp; Alexandre\",\"image\":{\"@type\":\"ImageObject\",\"inLanguage\":\"es\",\"@id\":\"https:\\\/\\\/decouvrirensemble.com\\\/wp-content\\\/uploads\\\/2024\\\/04\\\/logo-decouvrir-ensemble-blog-voyage.jpg\",\"url\":\"https:\\\/\\\/decouvrirensemble.com\\\/wp-content\\\/uploads\\\/2024\\\/04\\\/logo-decouvrir-ensemble-blog-voyage.jpg\",\"contentUrl\":\"https:\\\/\\\/decouvrirensemble.com\\\/wp-content\\\/uploads\\\/2024\\\/04\\\/logo-decouvrir-ensemble-blog-voyage.jpg\",\"width\":1563,\"height\":529,\"caption\":\"Cl\u00e9mence &amp; Alexandre\"},\"logo\":{\"@id\":\"https:\\\/\\\/decouvrirensemble.com\\\/wp-content\\\/uploads\\\/2024\\\/04\\\/logo-decouvrir-ensemble-blog-voyage.jpg\"},\"sameAs\":[\"https:\\\/\\\/decouvrirensemble.com\\\/\"]}]}<\/script>\n<!-- \/ Yoast SEO plugin. -->","yoast_head_json":{"title":"\u00bfQu\u00e9 ver en Varenna en Italia? Lago di Como","description":"\u00bfBusca qu\u00e9 ver en Varenna en Italia? Descubre los lugares m\u00e1s incre\u00edbles que ver en este blog de viajes.","robots":{"index":"index","follow":"follow","max-snippet":"max-snippet:-1","max-image-preview":"max-image-preview:large","max-video-preview":"max-video-preview:-1"},"canonical":"https:\/\/decouvrirensemble.com\/es\/varenna-italia-lago-di-como","og_locale":"es_ES","og_type":"article","og_title":"\u00bfQu\u00e9 ver en Varenna en Italia? Lago di Como","og_description":"\u00bfBusca qu\u00e9 ver en Varenna en Italia? Descubre los lugares m\u00e1s incre\u00edbles que ver en este blog de viajes.","og_url":"https:\/\/decouvrirensemble.com\/es\/varenna-italia-lago-di-como","og_site_name":"Blog Voyage - D\u00e9couvrir Ensemble","article_published_time":"2023-05-22T15:31:38+00:00","article_modified_time":"2026-04-13T12:59:49+00:00","og_image":[{"width":1800,"height":1350,"url":"https:\/\/decouvrirensemble.com\/wp-content\/uploads\/2023\/05\/Varenna-Italie-Lac-de-Come-blog-voyage.jpg","type":"image\/jpeg"}],"author":"Cl\u00e9mence &amp; Alexandre","twitter_card":"summary_large_image","twitter_creator":"@dcouvrirensmble","twitter_site":"@dcouvrirensmble","twitter_misc":{"Escrito por":"Cl\u00e9mence &amp; Alexandre","Tiempo de lectura":"8 minutos"},"schema":{"@context":"https:\/\/schema.org","@graph":[{"@type":"Article","@id":"https:\/\/decouvrirensemble.com\/es\/varenna-italia-lago-di-como#article","isPartOf":{"@id":"https:\/\/decouvrirensemble.com\/es\/varenna-italia-lago-di-como"},"author":{"name":"Cl\u00e9mence &amp; Alexandre","@id":"https:\/\/decouvrirensemble.com\/es#\/schema\/person\/a53efd44d02eb7f9ab90f96e84a9d2ba"},"headline":"\u00bfQu\u00e9 ver en Varenna en Italia? Lago di Como","datePublished":"2023-05-22T15:31:38+00:00","dateModified":"2026-04-13T12:59:49+00:00","mainEntityOfPage":{"@id":"https:\/\/decouvrirensemble.com\/es\/varenna-italia-lago-di-como"},"wordCount":1221,"commentCount":0,"publisher":{"@id":"https:\/\/decouvrirensemble.com\/es#\/schema\/person\/a53efd44d02eb7f9ab90f96e84a9d2ba"},"image":{"@id":"https:\/\/decouvrirensemble.com\/es\/varenna-italia-lago-di-como#primaryimage"},"thumbnailUrl":"https:\/\/decouvrirensemble.com\/wp-content\/uploads\/2023\/05\/Varenna-Italie-Lac-de-Come-blog-voyage.jpg","articleSection":["Gu\u00edas de viajes","Italia"],"inLanguage":"es","potentialAction":[{"@type":"CommentAction","name":"Comment","target":["https:\/\/decouvrirensemble.com\/es\/varenna-italia-lago-di-como#respond"]}]},{"@type":"WebPage","@id":"https:\/\/decouvrirensemble.com\/es\/varenna-italia-lago-di-como","url":"https:\/\/decouvrirensemble.com\/es\/varenna-italia-lago-di-como","name":"\u00bfQu\u00e9 ver en Varenna en Italia? Lago di Como","isPartOf":{"@id":"https:\/\/decouvrirensemble.com\/es#website"},"primaryImageOfPage":{"@id":"https:\/\/decouvrirensemble.com\/es\/varenna-italia-lago-di-como#primaryimage"},"image":{"@id":"https:\/\/decouvrirensemble.com\/es\/varenna-italia-lago-di-como#primaryimage"},"thumbnailUrl":"https:\/\/decouvrirensemble.com\/wp-content\/uploads\/2023\/05\/Varenna-Italie-Lac-de-Come-blog-voyage.jpg","datePublished":"2023-05-22T15:31:38+00:00","dateModified":"2026-04-13T12:59:49+00:00","description":"\u00bfBusca qu\u00e9 ver en Varenna en Italia? Descubre los lugares m\u00e1s incre\u00edbles que ver en este blog de viajes.","breadcrumb":{"@id":"https:\/\/decouvrirensemble.com\/es\/varenna-italia-lago-di-como#breadcrumb"},"inLanguage":"es","potentialAction":[{"@type":"ReadAction","target":["https:\/\/decouvrirensemble.com\/es\/varenna-italia-lago-di-como"]}]},{"@type":"ImageObject","inLanguage":"es","@id":"https:\/\/decouvrirensemble.com\/es\/varenna-italia-lago-di-como#primaryimage","url":"https:\/\/decouvrirensemble.com\/wp-content\/uploads\/2023\/05\/Varenna-Italie-Lac-de-Come-blog-voyage.jpg","contentUrl":"https:\/\/decouvrirensemble.com\/wp-content\/uploads\/2023\/05\/Varenna-Italie-Lac-de-Come-blog-voyage.jpg","width":1800,"height":1350,"caption":"Varenna Italie"},{"@type":"BreadcrumbList","@id":"https:\/\/decouvrirensemble.com\/es\/varenna-italia-lago-di-como#breadcrumb","itemListElement":[{"@type":"ListItem","position":1,"name":"Accueil","item":"https:\/\/decouvrirensemble.com\/es"},{"@type":"ListItem","position":2,"name":"Gu\u00edas de viajes","item":"https:\/\/decouvrirensemble.com\/es\/guias-de-viajes"},{"@type":"ListItem","position":3,"name":"\u00bfQu\u00e9 ver en Varenna en Italia? Lago di Como"}]},{"@type":"WebSite","@id":"https:\/\/decouvrirensemble.com\/es#website","url":"https:\/\/decouvrirensemble.com\/es","name":"Blog Voyage - D\u00e9couvrir Ensemble","description":"Le Blog Voyage de Clem et Alex","publisher":{"@id":"https:\/\/decouvrirensemble.com\/es#\/schema\/person\/a53efd44d02eb7f9ab90f96e84a9d2ba"},"potentialAction":[{"@type":"SearchAction","target":{"@type":"EntryPoint","urlTemplate":"https:\/\/decouvrirensemble.com\/es?s={search_term_string}"},"query-input":{"@type":"PropertyValueSpecification","valueRequired":true,"valueName":"search_term_string"}}],"inLanguage":"es"},{"@type":["Person","Organization"],"@id":"https:\/\/decouvrirensemble.com\/es#\/schema\/person\/a53efd44d02eb7f9ab90f96e84a9d2ba","name":"Cl\u00e9mence &amp; Alexandre","image":{"@type":"ImageObject","inLanguage":"es","@id":"https:\/\/decouvrirensemble.com\/wp-content\/uploads\/2024\/04\/logo-decouvrir-ensemble-blog-voyage.jpg","url":"https:\/\/decouvrirensemble.com\/wp-content\/uploads\/2024\/04\/logo-decouvrir-ensemble-blog-voyage.jpg","contentUrl":"https:\/\/decouvrirensemble.com\/wp-content\/uploads\/2024\/04\/logo-decouvrir-ensemble-blog-voyage.jpg","width":1563,"height":529,"caption":"Cl\u00e9mence &amp; Alexandre"},"logo":{"@id":"https:\/\/decouvrirensemble.com\/wp-content\/uploads\/2024\/04\/logo-decouvrir-ensemble-blog-voyage.jpg"},"sameAs":["https:\/\/decouvrirensemble.com\/"]}]}},"modified_by":"Cl\u00e9mence &amp; Alexandre","_links":{"self":[{"href":"https:\/\/decouvrirensemble.com\/es\/wp-json\/wp\/v2\/posts\/45253","targetHints":{"allow":["GET"]}}],"collection":[{"href":"https:\/\/decouvrirensemble.com\/es\/wp-json\/wp\/v2\/posts"}],"about":[{"href":"https:\/\/decouvrirensemble.com\/es\/wp-json\/wp\/v2\/types\/post"}],"author":[{"embeddable":true,"href":"https:\/\/decouvrirensemble.com\/es\/wp-json\/wp\/v2\/users\/1"}],"replies":[{"embeddable":true,"href":"https:\/\/decouvrirensemble.com\/es\/wp-json\/wp\/v2\/comments?post=45253"}],"version-history":[{"count":3,"href":"https:\/\/decouvrirensemble.com\/es\/wp-json\/wp\/v2\/posts\/45253\/revisions"}],"predecessor-version":[{"id":65687,"href":"https:\/\/decouvrirensemble.com\/es\/wp-json\/wp\/v2\/posts\/45253\/revisions\/65687"}],"wp:featuredmedia":[{"embeddable":true,"href":"https:\/\/decouvrirensemble.com\/es\/wp-json\/wp\/v2\/media\/47397"}],"wp:attachment":[{"href":"https:\/\/decouvrirensemble.com\/es\/wp-json\/wp\/v2\/media?parent=45253"}],"wp:term":[{"taxonomy":"category","embeddable":true,"href":"https:\/\/decouvrirensemble.com\/es\/wp-json\/wp\/v2\/categories?post=45253"},{"taxonomy":"post_tag","embeddable":true,"href":"https:\/\/decouvrirensemble.com\/es\/wp-json\/wp\/v2\/tags?post=45253"}],"curies":[{"name":"wp","href":"https:\/\/api.w.org\/{rel}","templated":true}]}}