{"id":45297,"date":"2021-10-08T16:38:33","date_gmt":"2021-10-08T14:38:33","guid":{"rendered":"https:\/\/decouvrirensemble.com\/?p=45297"},"modified":"2026-04-13T15:11:07","modified_gmt":"2026-04-13T13:11:07","slug":"que-ver-en-tenerife-en-una-semana","status":"publish","type":"post","link":"https:\/\/decouvrirensemble.com\/es\/que-ver-en-tenerife-en-una-semana","title":{"rendered":"Qu\u00e9 ver en Tenerife en una semana"},"content":{"rendered":"<p>Para ayudarte a organizar tus vacaciones, compartimos en nuestro <strong>blog de viajes<\/strong> nuestra gu\u00eda completa sobre <strong>qu\u00e9 ver en Tenerife en una semana<\/strong>. Encontrar\u00e1s todos nuestros imprescindibles y buenas direcciones.<\/p>\n<p>Busque nuestros favoritos, como el aut\u00e9ntico pueblo de Masca y la famosa playa de arena negra de Benijo, sin olvidar los Parques Nacionales del Teide y de Anaga. <strong>Tenerife<\/strong> es tambi\u00e9n el lugar perfecto para una semana de vacaciones al sol, con playas de arena blanca y negra y un clima de entre 20 y 25 grados durante todo el a\u00f1o&#8230; En resumen, \u00a1un peque\u00f1o para\u00edso!<\/p>\n<h2 id=\"itineraire\"><span class=\"ez-toc-section\" id=\"Mapa_de_nuestro_itinerario_para_una_semana_en_Tenerife\"><\/span>Mapa de nuestro itinerario para una semana en Tenerife<span class=\"ez-toc-section-end\"><\/span><\/h2>\n<p>Antes de empezar nuestra entrada en el blog, nos gustar\u00eda compartir contigo el mapa de nuestro itinerario. Si est\u00e1s buscando qu\u00e9 ver en Tenerife en una semana, te ser\u00e1 muy \u00fatil. A continuaci\u00f3n, tambi\u00e9n le daremos algunos consejos sobre d\u00f3nde alojarse en la isla, para que aproveche al m\u00e1ximo su visita.<\/p>\n<img decoding=\"async\" class=\"size-full wp-image-15973 alignnone\" src=\"https:\/\/decouvrirensemble.com\/wp-content\/uploads\/2021\/09\/que-faire-a-tenerife-itineraire-blog-voyage.jpg\" alt=\"Que faire \u00e0 Tenerife\" width=\"1800\" height=\"1200\" srcset=\"https:\/\/decouvrirensemble.com\/wp-content\/uploads\/2021\/09\/que-faire-a-tenerife-itineraire-blog-voyage.jpg 1800w, https:\/\/decouvrirensemble.com\/wp-content\/uploads\/2021\/09\/que-faire-a-tenerife-itineraire-blog-voyage-300x200.jpg 300w, https:\/\/decouvrirensemble.com\/wp-content\/uploads\/2021\/09\/que-faire-a-tenerife-itineraire-blog-voyage-1024x683.jpg 1024w, https:\/\/decouvrirensemble.com\/wp-content\/uploads\/2021\/09\/que-faire-a-tenerife-itineraire-blog-voyage-768x512.jpg 768w, https:\/\/decouvrirensemble.com\/wp-content\/uploads\/2021\/09\/que-faire-a-tenerife-itineraire-blog-voyage-1536x1024.jpg 1536w\" sizes=\"(max-width: 1800px) 100vw, 1800px\" \/>\n<h2 id=\"que-ver\"><span class=\"ez-toc-section\" id=\"%C2%BFQue_ver_en_Tenerife_en_una_semana_Visitar_el_sur_de_la_isla\"><\/span>\u00bfQu\u00e9 ver en Tenerife en una semana? Visitar el sur de la isla<span class=\"ez-toc-section-end\"><\/span><\/h2>\n<p>El sur de Tenerife es la parte m\u00e1s urbanizada de la isla, por lo que no suele ser la m\u00e1s encantadora o aut\u00e9ntica. Sin embargo, si evita las grandes ciudades y se concentra en los distintos puntos de inter\u00e9s, \u00a1ser\u00e1 un placer! Nos sorprendi\u00f3 mucho la diversidad de paisajes.<\/p>\n<p>En el programa: zonas des\u00e9rticas, piscinas naturales, inmensos acantilados, tierras volc\u00e1nicas, un peque\u00f1o pueblo escondido en el coraz\u00f3n de las monta\u00f1as, playas de arena negra y el Parque Nacional del Teide. No est\u00e1 mal, \u00bfeh? \ud83d\ude0d \u00a1Sigue la gu\u00eda para pasar unos d\u00edas en el sur de Tenerife!<\/p>\n<h3><span class=\"ez-toc-section\" id=\"1_Los_acantilados_de_Los_Gigantes_y_Santiago_del_Teide\"><\/span>1. Los acantilados de Los Gigantes y Santiago del Teide<span class=\"ez-toc-section-end\"><\/span><\/h3>\n<p><a href=\"https:\/\/maps.app.goo.gl\/gKEXscuLAy3JNsQD9\" rel=\"noopener\">Estos inmensos acantilados<\/a> pertenecen al Parque Rural del Teno y son una visita obligada en Tenerife. Sus paredes son verticales y algunas alcanzan los 600 metros de altura. Adm\u00edrelas desde el sendero de enfrente: \u00a1la vista es realmente incre\u00edble!<\/p>\n<img decoding=\"async\" class=\"size-full wp-image-15887 alignnone\" src=\"https:\/\/decouvrirensemble.com\/wp-content\/uploads\/2021\/09\/los-gigantes-tenerife-plage.jpg\" alt=\"los gigantes\" width=\"1800\" height=\"1200\" srcset=\"https:\/\/decouvrirensemble.com\/wp-content\/uploads\/2021\/09\/los-gigantes-tenerife-plage.jpg 1800w, https:\/\/decouvrirensemble.com\/wp-content\/uploads\/2021\/09\/los-gigantes-tenerife-plage-300x200.jpg 300w, https:\/\/decouvrirensemble.com\/wp-content\/uploads\/2021\/09\/los-gigantes-tenerife-plage-1024x683.jpg 1024w, https:\/\/decouvrirensemble.com\/wp-content\/uploads\/2021\/09\/los-gigantes-tenerife-plage-768x512.jpg 768w, https:\/\/decouvrirensemble.com\/wp-content\/uploads\/2021\/09\/los-gigantes-tenerife-plage-1536x1024.jpg 1536w\" sizes=\"(max-width: 1800px) 100vw, 1800px\" \/>\n<h3><span class=\"ez-toc-section\" id=\"2_Playa_de_La_Arena\"><\/span>2. Playa de La Arena<span class=\"ez-toc-section-end\"><\/span><\/h3>\n<p><a href=\"https:\/\/maps.app.goo.gl\/oKBmkKPLdkHcCAKz6\">La playa de La Arena<\/a> merece una visita por su hermosa arena negra. Est\u00e1 situada justo al lado de los acantilados de Los Gigantes, as\u00ed que aseg\u00farate de pasar por all\u00ed de camino a la playa o planea un rato de relax.<\/p>\n<img decoding=\"async\" class=\"size-full wp-image-15905 alignnone\" src=\"https:\/\/decouvrirensemble.com\/wp-content\/uploads\/2021\/09\/tenerife-playa-de-la-arena.jpg\" alt=\"playa de la arena\" width=\"1800\" height=\"1200\" srcset=\"https:\/\/decouvrirensemble.com\/wp-content\/uploads\/2021\/09\/tenerife-playa-de-la-arena.jpg 1800w, https:\/\/decouvrirensemble.com\/wp-content\/uploads\/2021\/09\/tenerife-playa-de-la-arena-300x200.jpg 300w, https:\/\/decouvrirensemble.com\/wp-content\/uploads\/2021\/09\/tenerife-playa-de-la-arena-1024x683.jpg 1024w, https:\/\/decouvrirensemble.com\/wp-content\/uploads\/2021\/09\/tenerife-playa-de-la-arena-768x512.jpg 768w, https:\/\/decouvrirensemble.com\/wp-content\/uploads\/2021\/09\/tenerife-playa-de-la-arena-1536x1024.jpg 1536w\" sizes=\"(max-width: 1800px) 100vw, 1800px\" \/>\n<h3><span class=\"ez-toc-section\" id=\"3_La_Cueva_del_Tancon\"><\/span>3. La Cueva del Tanc\u00f3n<span class=\"ez-toc-section-end\"><\/span><\/h3>\n<p><a href=\"https:\/\/maps.app.goo.gl\/rRMumu6MpVB5TAU36\" rel=\"noopener\">Este agujero<\/a> excavado por el agua es impresionante desde arriba. Se puede llegar f\u00e1cilmente a trav\u00e9s de las rocas que se elevan sobre los acantilados de Los Gigantes. Para los m\u00e1s aventureros, incluso se puede llegar nadando y acceder a la cueva que hay bajo las rocas, que al parecer es muy bonita.<\/p>\n<img decoding=\"async\" class=\"size-full wp-image-15885 alignnone\" src=\"https:\/\/decouvrirensemble.com\/wp-content\/uploads\/2021\/09\/la-cueva-del-tancon-tenerife-los-gigantes.jpg\" alt=\"la cueva del tancon\" width=\"1800\" height=\"1200\" srcset=\"https:\/\/decouvrirensemble.com\/wp-content\/uploads\/2021\/09\/la-cueva-del-tancon-tenerife-los-gigantes.jpg 1800w, https:\/\/decouvrirensemble.com\/wp-content\/uploads\/2021\/09\/la-cueva-del-tancon-tenerife-los-gigantes-300x200.jpg 300w, https:\/\/decouvrirensemble.com\/wp-content\/uploads\/2021\/09\/la-cueva-del-tancon-tenerife-los-gigantes-1024x683.jpg 1024w, https:\/\/decouvrirensemble.com\/wp-content\/uploads\/2021\/09\/la-cueva-del-tancon-tenerife-los-gigantes-768x512.jpg 768w, https:\/\/decouvrirensemble.com\/wp-content\/uploads\/2021\/09\/la-cueva-del-tancon-tenerife-los-gigantes-1536x1024.jpg 1536w\" sizes=\"(max-width: 1800px) 100vw, 1800px\" \/>\n<h3><span class=\"ez-toc-section\" id=\"4_El_pueblo_de_Masca\"><\/span>4. El pueblo de Masca<span class=\"ez-toc-section-end\"><\/span><\/h3>\n<p>Salga de nuevo a la carretera durante otros 35 minutos para descubrir un peque\u00f1o pueblo enclavado en el coraz\u00f3n de las monta\u00f1as. Uno de nuestros favoritos. Hay que esperar unos buenos 15 minutos de carreteras estrechas y curvas vertiginosas para llegar; no es lo ideal, pero la carretera sigue en buen estado. Al llegar, aparcar en el <a href=\"https:\/\/maps.app.goo.gl\/suQVigoMSCHpmWUT9\" rel=\"noopener\">peque\u00f1o aparcamiento<\/a> y descubrir Masca a pie.<\/p>\n<p>El pueblo es muy peque\u00f1o, as\u00ed que en una hora y media habr\u00e1s cubierto mucho terreno. Tambi\u00e9n se puede caminar alrededor del pueblo para obtener diferentes vistas del mismo y del impresionante paisaje que lo rodea. Nosotros aprovechamos nuestra visita para comer. Encuentra nuestra direcci\u00f3n justo debajo.<\/p>\n<p>[heymondo]<\/p>\n<img decoding=\"async\" class=\"size-full wp-image-15908 alignnone\" src=\"https:\/\/decouvrirensemble.com\/wp-content\/uploads\/2021\/09\/village-de-masca-tenerife-itineraire-vacances.jpg\" alt=\"masca\" width=\"1800\" height=\"1200\" srcset=\"https:\/\/decouvrirensemble.com\/wp-content\/uploads\/2021\/09\/village-de-masca-tenerife-itineraire-vacances.jpg 1800w, https:\/\/decouvrirensemble.com\/wp-content\/uploads\/2021\/09\/village-de-masca-tenerife-itineraire-vacances-300x200.jpg 300w, https:\/\/decouvrirensemble.com\/wp-content\/uploads\/2021\/09\/village-de-masca-tenerife-itineraire-vacances-1024x683.jpg 1024w, https:\/\/decouvrirensemble.com\/wp-content\/uploads\/2021\/09\/village-de-masca-tenerife-itineraire-vacances-768x512.jpg 768w, https:\/\/decouvrirensemble.com\/wp-content\/uploads\/2021\/09\/village-de-masca-tenerife-itineraire-vacances-1536x1024.jpg 1536w\" sizes=\"(max-width: 1800px) 100vw, 1800px\" \/>\n<h4><span class=\"ez-toc-section\" id=\"%C2%BFDonde_comer_en_Masca\"><\/span>\u00bfD\u00f3nde comer en Masca?<span class=\"ez-toc-section-end\"><\/span><\/h4>\n<ul>\n<li><a href=\"https:\/\/maps.app.goo.gl\/CtwETcavMxhrkug3A\" rel=\"noopener\">El Guanche<\/a>: nos recomendaron este excelente restaurante vegetariano justo en el centro de Masca, \u00a1y enseguida nos dimos cuenta de por qu\u00e9! Este peque\u00f1o restaurante dispone de dos terrazas con impresionantes vistas sobre el pueblo de Masca. La acogida es c\u00e1lida y amable, y los platos t\u00edpicos son a cada cual m\u00e1s delicioso. Comimos papas tradicionales (patatas con sal), una tortilla, croquetas, limonada y sangr\u00edas. \u00a1Recomendamos encarecidamente este lugar!<\/li>\n<\/ul>\n<img decoding=\"async\" class=\"size-full wp-image-15889 alignnone\" src=\"https:\/\/decouvrirensemble.com\/wp-content\/uploads\/2021\/09\/masca-tenerife-restaurant-ou-manger-el-guanche.jpg\" alt=\"restaurant masca\" width=\"1800\" height=\"1200\" srcset=\"https:\/\/decouvrirensemble.com\/wp-content\/uploads\/2021\/09\/masca-tenerife-restaurant-ou-manger-el-guanche.jpg 1800w, https:\/\/decouvrirensemble.com\/wp-content\/uploads\/2021\/09\/masca-tenerife-restaurant-ou-manger-el-guanche-300x200.jpg 300w, https:\/\/decouvrirensemble.com\/wp-content\/uploads\/2021\/09\/masca-tenerife-restaurant-ou-manger-el-guanche-1024x683.jpg 1024w, https:\/\/decouvrirensemble.com\/wp-content\/uploads\/2021\/09\/masca-tenerife-restaurant-ou-manger-el-guanche-768x512.jpg 768w, https:\/\/decouvrirensemble.com\/wp-content\/uploads\/2021\/09\/masca-tenerife-restaurant-ou-manger-el-guanche-1536x1024.jpg 1536w\" sizes=\"(max-width: 1800px) 100vw, 1800px\" \/>\n<h3><span class=\"ez-toc-section\" id=\"5_Parque_Nacional_de_la_Corona\"><\/span>5. Parque Nacional de la Corona<span class=\"ez-toc-section-end\"><\/span><\/h3>\n<p>Descubrimos este parque natural por casualidad cuando \u00edbamos en coche a ver el volc\u00e1n Teide. \u00a1Y vaya descubrimiento! Este verde parque nos record\u00f3 mucho al de Yosemite, en <a href=\"https:\/\/decouvrirensemble.com\/es\/costa-oeste-estados-unidos\" rel=\"noopener\">el oeste de EE UU<\/a>. Se puede llegar f\u00e1cilmente en coche a los distintos puntos y miradores. Si le gusta el senderismo, <a href=\"https:\/\/www.alltrails.com\/fr\/parcs\/spain\/lanzarote\/parque-natural-corona-forestal\" rel=\"noopener\">consulte este sitio web<\/a> para ver una lista de rutas imprescindibles.<\/p>\n<p>Las vistas de la isla son incre\u00edbles, e incluso estar\u00e1s por encima de las nubes. Tambi\u00e9n podr\u00e1s admirar el Teide desde lejos. \u00a1100% recomendable!<\/p>\n<img decoding=\"async\" class=\"size-full wp-image-15880 alignnone\" src=\"https:\/\/decouvrirensemble.com\/wp-content\/uploads\/2021\/09\/corona-national-parc-tenerife-road-trip-canaries.jpg\" alt=\"corona parc\" width=\"1800\" height=\"1200\" srcset=\"https:\/\/decouvrirensemble.com\/wp-content\/uploads\/2021\/09\/corona-national-parc-tenerife-road-trip-canaries.jpg 1800w, https:\/\/decouvrirensemble.com\/wp-content\/uploads\/2021\/09\/corona-national-parc-tenerife-road-trip-canaries-300x200.jpg 300w, https:\/\/decouvrirensemble.com\/wp-content\/uploads\/2021\/09\/corona-national-parc-tenerife-road-trip-canaries-1024x683.jpg 1024w, https:\/\/decouvrirensemble.com\/wp-content\/uploads\/2021\/09\/corona-national-parc-tenerife-road-trip-canaries-768x512.jpg 768w, https:\/\/decouvrirensemble.com\/wp-content\/uploads\/2021\/09\/corona-national-parc-tenerife-road-trip-canaries-1536x1024.jpg 1536w\" sizes=\"(max-width: 1800px) 100vw, 1800px\" \/>\n<h3><span class=\"ez-toc-section\" id=\"6_Parque_Nacional_del_Teide\"><\/span>6. Parque Nacional del Teide<span class=\"ez-toc-section-end\"><\/span><\/h3>\n<p>Toda la zona del Parque Nacional del Teide te har\u00e1 sentir como si estuvieras en otro planeta. Nos quedamos alucinados con las diferentes vistas que tuvimos a lo largo del camino, con rocas volc\u00e1nicas por todo el suelo. Es como estar en Marte. Te espera un aut\u00e9ntico espect\u00e1culo. En este parque puedes hacer varias excursiones que te dar\u00e1n diferentes vistas del volc\u00e1n. Tambi\u00e9n puede optar por subir en telef\u00e9rico hasta la cima del volc\u00e1n.<\/p>\n<div id=\"attachment_15884\" style=\"width: 1810px\" class=\"wp-caption alignnone\"><img decoding=\"async\" aria-describedby=\"caption-attachment-15884\" class=\"wp-image-15884 size-full\" src=\"https:\/\/decouvrirensemble.com\/wp-content\/uploads\/2021\/09\/itineraire-tenerife-une-semaine-teide.jpg\" alt=\"itineraire tenerife\" width=\"1800\" height=\"1200\" srcset=\"https:\/\/decouvrirensemble.com\/wp-content\/uploads\/2021\/09\/itineraire-tenerife-une-semaine-teide.jpg 1800w, https:\/\/decouvrirensemble.com\/wp-content\/uploads\/2021\/09\/itineraire-tenerife-une-semaine-teide-300x200.jpg 300w, https:\/\/decouvrirensemble.com\/wp-content\/uploads\/2021\/09\/itineraire-tenerife-une-semaine-teide-1024x683.jpg 1024w, https:\/\/decouvrirensemble.com\/wp-content\/uploads\/2021\/09\/itineraire-tenerife-une-semaine-teide-768x512.jpg 768w, https:\/\/decouvrirensemble.com\/wp-content\/uploads\/2021\/09\/itineraire-tenerife-une-semaine-teide-1536x1024.jpg 1536w\" sizes=\"(max-width: 1800px) 100vw, 1800px\" \/><p id=\"caption-attachment-15884\" class=\"wp-caption-text\">Parque Nacional del Teide<\/p><\/div>\n<h4><span class=\"ez-toc-section\" id=\"Subir_al_Teide_en_teleferico\"><\/span>Subir al Teide en telef\u00e9rico<span class=\"ez-toc-section-end\"><\/span><\/h4>\n<p>El <a href=\"https:\/\/maps.app.goo.gl\/m1GM745VhTmkANEt9\" rel=\"noopener\">telef\u00e9rico<\/a> no te lleva hasta la cima del Teide, pero puedes llegar hasta all\u00ed. Cuesta 33 euros por persona y hay que armarse de paciencia, ya que es un lugar bastante tur\u00edstico. Por nuestra parte, decidimos no cogerlo, prefiriendo en su lugar hacer senderismo para obtener vistas del volc\u00e1n.<\/p>\n<h4><span class=\"ez-toc-section\" id=\"Senderismo_Samara\"><\/span>Senderismo Samara<span class=\"ez-toc-section-end\"><\/span><\/h4>\n<p>Esta caminata de 5 km es f\u00e1cil de hacer, pero supone una peque\u00f1a subida con un desnivel positivo de 300 metros. La caminata parte del <a href=\"https:\/\/maps.app.goo.gl\/7vh66vtpy5fAmKWU8\" rel=\"noopener\">aparcamiento del Mirador de Samara<\/a>.<\/p>\n<h4><span class=\"ez-toc-section\" id=\"Ruta_de_los_Roques_de_Garcia\"><\/span>Ruta de los Roques de Garc\u00eda<span class=\"ez-toc-section-end\"><\/span><\/h4>\n<p>Nos encant\u00f3 la <a href=\"https:\/\/maps.app.goo.gl\/EKNtVfdJ4gRs6pfeA\" rel=\"noopener\">ruta de los Roques de<\/a> Garc\u00eda, que dura aproximadamente 1 hora. Es accesible a todos los niveles, incluso a los ni\u00f1os. Descubrir\u00e1s unos paisajes lunares absolutamente incre\u00edbles. La excursi\u00f3n comienza en el mirador de la Ruleta. En el mirador de la Ruleta, es probable que vea muchos turistas. La gente aparca en el aparcamiento s\u00f3lo para admirar esta gran roca con forma de pulgar. Nosotros fuimos por nuestra cuenta para alejarnos de las multitudes y disfrutar de la caminata \u00a1sin apenas gente!<\/p>\n<p>&nbsp;<\/p>\n<div data-gyg-tour-ids=\"395162,351351,109501\" data-gyg-partner-id=\"QTAK8D9\" data-gyg-number-of-items=\"3\" data-gyg-widget=\"activities\" data-gyg-locale-code=\"es-ES\" data-gyg-href=\"https:\/\/widget.getyourguide.com\/default\/activities.frame\">&nbsp;<\/div>\n<p>&nbsp;<\/p>\n<img decoding=\"async\" class=\"size-full wp-image-15904 alignnone\" src=\"https:\/\/decouvrirensemble.com\/wp-content\/uploads\/2021\/09\/tenerife-parc-national-teide-randonnees.jpg\" alt=\"roques de garcia\" width=\"1800\" height=\"1200\" srcset=\"https:\/\/decouvrirensemble.com\/wp-content\/uploads\/2021\/09\/tenerife-parc-national-teide-randonnees.jpg 1800w, https:\/\/decouvrirensemble.com\/wp-content\/uploads\/2021\/09\/tenerife-parc-national-teide-randonnees-300x200.jpg 300w, https:\/\/decouvrirensemble.com\/wp-content\/uploads\/2021\/09\/tenerife-parc-national-teide-randonnees-1024x683.jpg 1024w, https:\/\/decouvrirensemble.com\/wp-content\/uploads\/2021\/09\/tenerife-parc-national-teide-randonnees-768x512.jpg 768w, https:\/\/decouvrirensemble.com\/wp-content\/uploads\/2021\/09\/tenerife-parc-national-teide-randonnees-1536x1024.jpg 1536w\" sizes=\"(max-width: 1800px) 100vw, 1800px\" \/>\n<h3><span class=\"ez-toc-section\" id=\"7_La_Orotava\"><\/span>7. La Orotava<span class=\"ez-toc-section-end\"><\/span><\/h3>\n<p>La bonita y colorida ciudad de <a href=\"https:\/\/maps.app.goo.gl\/AubywuuutFFRcVhj7\">La Orotava<\/a> tambi\u00e9n merece una visita. Visitamos muy pocos pueblos en Tenerife, ya que est\u00e1n muy urbanizados y no son muy atractivos. Nos recomendaron mucho este pueblo y San Crist\u00f3bal de la Laguna. Prevea 2 horas para la visita a pie y un merecido descanso para comer.<\/p>\n<h4><span class=\"ez-toc-section\" id=\"Donde_comer_en_La_Orotava\"><\/span>D\u00f3nde comer en La Orotava<span class=\"ez-toc-section-end\"><\/span><\/h4>\n<ul>\n<li><a href=\"https:\/\/maps.app.goo.gl\/kmMwwnHgWfkTKXWR7\" rel=\"noopener\">Liceo de Taoro<\/a>: un hermoso edificio con restaurante y espacio para exposiciones. Pasea por su jard\u00edn y si\u00e9ntate en la terraza para degustar tapas tradicionales o excelentes ensaladas mixtas. \u00a1El precio es correcto y el lugar es estupendo!<\/li>\n<\/ul>\n<img decoding=\"async\" class=\"size-full wp-image-15902 alignnone\" src=\"https:\/\/decouvrirensemble.com\/wp-content\/uploads\/2021\/09\/restaurant-orotava-ou-manger-tenerife.jpg\" alt=\"restaurant orotava\" width=\"1800\" height=\"1200\" srcset=\"https:\/\/decouvrirensemble.com\/wp-content\/uploads\/2021\/09\/restaurant-orotava-ou-manger-tenerife.jpg 1800w, https:\/\/decouvrirensemble.com\/wp-content\/uploads\/2021\/09\/restaurant-orotava-ou-manger-tenerife-300x200.jpg 300w, https:\/\/decouvrirensemble.com\/wp-content\/uploads\/2021\/09\/restaurant-orotava-ou-manger-tenerife-1024x683.jpg 1024w, https:\/\/decouvrirensemble.com\/wp-content\/uploads\/2021\/09\/restaurant-orotava-ou-manger-tenerife-768x512.jpg 768w, https:\/\/decouvrirensemble.com\/wp-content\/uploads\/2021\/09\/restaurant-orotava-ou-manger-tenerife-1536x1024.jpg 1536w\" sizes=\"(max-width: 1800px) 100vw, 1800px\" \/>\n<h3><span class=\"ez-toc-section\" id=\"8_Faro_de_Punta_de_Teno\"><\/span>8. Faro de Punta de Teno<span class=\"ez-toc-section-end\"><\/span><\/h3>\n<p><a href=\"https:\/\/maps.app.goo.gl\/eKMKNZSK3aXePSbq6\" rel=\"noopener\">Un bonito faro<\/a> a pocos minutos en coche de Buenavista de la Norte. No tuvimos tiempo de ir pero nos lo recomendaron mucho. Para llegar en coche, cuidado: antes de las 10 de la ma\u00f1ana y despu\u00e9s de las 7 de la tarde. Los autobuses circulan durante todo el d\u00eda.<\/p>\n<blockquote class=\"instagram-media\" style=\"background: #FFF; border: 0; border-radius: 3px; box-shadow: 0 0 1px 0 rgba(0,0,0,0.5),0 1px 10px 0 rgba(0,0,0,0.15); margin: 1px; max-width: 540px; min-width: 326px; padding: 0; width: calc(100% - 2px);\" data-instgrm-version=\"13\" data-instgrm-permalink=\"https:\/\/www.instagram.com\/p\/CTsJsOQo-L8\/?utm_source=ig_embed&amp;utm_campaign=loading\">\n<div style=\"padding: 16px;\">\n<p>&nbsp;<\/p>\n<div style=\"display: flex; flex-direction: row; align-items: center;\">\n<div style=\"background-color: #f4f4f4; border-radius: 50%; flex-grow: 0; height: 40px; margin-right: 14px; width: 40px;\">&nbsp;<\/div>\n<div style=\"display: flex; flex-direction: column; flex-grow: 1; justify-content: center;\">\n<div style=\"background-color: #f4f4f4; border-radius: 4px; flex-grow: 0; height: 14px; margin-bottom: 6px; width: 100px;\">&nbsp;<\/div>\n<div style=\"background-color: #f4f4f4; border-radius: 4px; flex-grow: 0; height: 14px; width: 60px;\">&nbsp;<\/div>\n<\/div>\n<\/div>\n<div style=\"padding: 19% 0;\">&nbsp;<\/div>\n<div style=\"display: block; height: 50px; margin: 0 auto 12px; width: 50px;\">&nbsp;<\/div>\n<div style=\"padding-top: 8px;\">\n<div style=\"color: #3897f0; font-family: Arial,sans-serif; font-size: 14px; font-style: normal; font-weight: 550; line-height: 18px;\">Ver esta publicaci\u00f3n en Instagram<\/div>\n<\/div>\n<div style=\"padding: 12.5% 0;\">&nbsp;<\/div>\n<div style=\"display: flex; flex-direction: row; margin-bottom: 14px; align-items: center;\">\n<div>\n<div style=\"background-color: #f4f4f4; border-radius: 50%; height: 12.5px; width: 12.5px; transform: translateX(0px) translateY(7px);\">&nbsp;<\/div>\n<div style=\"background-color: #f4f4f4; height: 12.5px; transform: rotate(-45deg) translateX(3px) translateY(1px); width: 12.5px; flex-grow: 0; margin-right: 14px; margin-left: 2px;\">&nbsp;<\/div>\n<div style=\"background-color: #f4f4f4; border-radius: 50%; height: 12.5px; width: 12.5px; transform: translateX(9px) translateY(-18px);\">&nbsp;<\/div>\n<\/div>\n<div style=\"margin-left: 8px;\">\n<div style=\"background-color: #f4f4f4; border-radius: 50%; flex-grow: 0; height: 20px; width: 20px;\">&nbsp;<\/div>\n<div style=\"width: 0; height: 0; border-top: 2px solid transparent; border-left: 6px solid #f4f4f4; border-bottom: 2px solid transparent; transform: translateX(16px) translateY(-4px) rotate(30deg);\">&nbsp;<\/div>\n<\/div>\n<div style=\"margin-left: auto;\">\n<div style=\"width: 0px; border-top: 8px solid #F4F4F4; border-right: 8px solid transparent; transform: translateY(16px);\">&nbsp;<\/div>\n<div style=\"background-color: #f4f4f4; flex-grow: 0; height: 12px; width: 16px; transform: translateY(-4px);\">&nbsp;<\/div>\n<div style=\"width: 0; height: 0; border-top: 8px solid #F4F4F4; border-left: 8px solid transparent; transform: translateY(-4px) translateX(8px);\">&nbsp;<\/div>\n<\/div>\n<\/div>\n<div style=\"display: flex; flex-direction: column; flex-grow: 1; justify-content: center; margin-bottom: 24px;\">\n<div style=\"background-color: #f4f4f4; border-radius: 4px; flex-grow: 0; height: 14px; margin-bottom: 6px; width: 224px;\">&nbsp;<\/div>\n<div style=\"background-color: #f4f4f4; border-radius: 4px; flex-grow: 0; height: 14px; width: 144px;\">&nbsp;<\/div>\n<\/div>\n<p>&nbsp;<\/p>\n<p style=\"color: #c9c8cd; font-family: Arial,sans-serif; font-size: 14px; line-height: 17px; margin-bottom: 0; margin-top: 8px; overflow: hidden; padding: 8px 0 7px; text-align: center; text-overflow: ellipsis; white-space: nowrap;\"><a style=\"color: #c9c8cd; font-family: Arial,sans-serif; font-size: 14px; font-style: normal; font-weight: normal; line-height: 17px; text-decoration: none;\" href=\"https:\/\/www.instagram.com\/p\/CTsJsOQo-L8\/?utm_source=ig_embed&amp;utm_campaign=loading\" rel=\"noopener\">Una publicaci\u00f3n compartida por Tenerife life \ud83c\udf34 #tenerifetag (@tenerifetag)<\/a><\/p>\n<\/div>\n<\/blockquote>\n<p><script src=\"\/\/www.instagram.com\/embed.js\" async=\"\"><\/script><\/p>\n<h3><span class=\"ez-toc-section\" id=\"9_Piscina_natural_de_Las_Mujeres\"><\/span>9. Piscina natural de Las Mujeres<span class=\"ez-toc-section-end\"><\/span><\/h3>\n<p>Tenerife es una de <a href=\"https:\/\/decouvrirensemble.com\/es\/islas-canarias\">las Islas Canarias<\/a> m\u00e1s conocidas por sus numerosas piscinas naturales. La de Las Mujeres es enorme, por lo que le aconsejamos que tenga cuidado al acceder a ella y que lleve calzado de agua. \u00c9sta no est\u00e1 vigilada ni protegida, a diferencia de las otras, que recomendamos despu\u00e9s.<\/p>\n<img decoding=\"async\" class=\"size-full wp-image-15894 alignnone\" src=\"https:\/\/decouvrirensemble.com\/wp-content\/uploads\/2021\/09\/playa-de-las-mujeres-tenerife-piscine-naturelle.jpg\" alt=\"playa de la mujeres\" width=\"1800\" height=\"1200\" srcset=\"https:\/\/decouvrirensemble.com\/wp-content\/uploads\/2021\/09\/playa-de-las-mujeres-tenerife-piscine-naturelle.jpg 1800w, https:\/\/decouvrirensemble.com\/wp-content\/uploads\/2021\/09\/playa-de-las-mujeres-tenerife-piscine-naturelle-300x200.jpg 300w, https:\/\/decouvrirensemble.com\/wp-content\/uploads\/2021\/09\/playa-de-las-mujeres-tenerife-piscine-naturelle-1024x683.jpg 1024w, https:\/\/decouvrirensemble.com\/wp-content\/uploads\/2021\/09\/playa-de-las-mujeres-tenerife-piscine-naturelle-768x512.jpg 768w, https:\/\/decouvrirensemble.com\/wp-content\/uploads\/2021\/09\/playa-de-las-mujeres-tenerife-piscine-naturelle-1536x1024.jpg 1536w\" sizes=\"(max-width: 1800px) 100vw, 1800px\" \/>\n<h3><span class=\"ez-toc-section\" id=\"10_Piscina_natural_El_Caleton_de_Garachico\"><\/span>10. Piscina natural El Calet\u00f3n de Garachico<span class=\"ez-toc-section-end\"><\/span><\/h3>\n<p><a href=\"https:\/\/maps.app.goo.gl\/6nXL464VcDD3F7Nn7\" rel=\"noopener\">Esta piscina natural<\/a> es genial porque tiene varias piscinas, todas ellas seguras y vigiladas. Es gratis y puedes usar peque\u00f1as escaleras para bajar al agua, \u00a1es pr\u00e1ctico y divertido!<\/p>\n<img decoding=\"async\" class=\"size-full wp-image-15892 alignnone\" src=\"https:\/\/decouvrirensemble.com\/wp-content\/uploads\/2021\/09\/piscine-naturelle-el-caleton-garachico-tenerife.jpg\" alt=\"el caleton garachico\" width=\"1800\" height=\"1200\" srcset=\"https:\/\/decouvrirensemble.com\/wp-content\/uploads\/2021\/09\/piscine-naturelle-el-caleton-garachico-tenerife.jpg 1800w, https:\/\/decouvrirensemble.com\/wp-content\/uploads\/2021\/09\/piscine-naturelle-el-caleton-garachico-tenerife-300x200.jpg 300w, https:\/\/decouvrirensemble.com\/wp-content\/uploads\/2021\/09\/piscine-naturelle-el-caleton-garachico-tenerife-1024x683.jpg 1024w, https:\/\/decouvrirensemble.com\/wp-content\/uploads\/2021\/09\/piscine-naturelle-el-caleton-garachico-tenerife-768x512.jpg 768w, https:\/\/decouvrirensemble.com\/wp-content\/uploads\/2021\/09\/piscine-naturelle-el-caleton-garachico-tenerife-1536x1024.jpg 1536w\" sizes=\"(max-width: 1800px) 100vw, 1800px\" \/>\n<h3><span class=\"ez-toc-section\" id=\"11_Piscina_natural_del_Charco_de_la_Laja\"><\/span>11. Piscina natural del Charco de la Laja<span class=\"ez-toc-section-end\"><\/span><\/h3>\n<p>Otra piscina natural vigilada que bien merece una visita. <a href=\"https:\/\/maps.app.goo.gl\/GHhcv3cofrM5kSgr7\" rel=\"noopener\">Un lugar incre\u00edble<\/a> que disfrutamos mucho. A decir verdad, \u00e9sta fue nuestra piscina natural favorita. Si tuvieras que ver solo una, \u00a1esta es la que te recomendar\u00edamos!<\/p>\n<img decoding=\"async\" class=\"size-full wp-image-15879 alignnone\" src=\"https:\/\/decouvrirensemble.com\/wp-content\/uploads\/2021\/09\/charco-de-la-laja-tenerife-piscine-naturelle.jpg\" alt=\"charco de la laja\" width=\"1800\" height=\"1200\" srcset=\"https:\/\/decouvrirensemble.com\/wp-content\/uploads\/2021\/09\/charco-de-la-laja-tenerife-piscine-naturelle.jpg 1800w, https:\/\/decouvrirensemble.com\/wp-content\/uploads\/2021\/09\/charco-de-la-laja-tenerife-piscine-naturelle-300x200.jpg 300w, https:\/\/decouvrirensemble.com\/wp-content\/uploads\/2021\/09\/charco-de-la-laja-tenerife-piscine-naturelle-1024x683.jpg 1024w, https:\/\/decouvrirensemble.com\/wp-content\/uploads\/2021\/09\/charco-de-la-laja-tenerife-piscine-naturelle-768x512.jpg 768w, https:\/\/decouvrirensemble.com\/wp-content\/uploads\/2021\/09\/charco-de-la-laja-tenerife-piscine-naturelle-1536x1024.jpg 1536w\" sizes=\"(max-width: 1800px) 100vw, 1800px\" \/>\n<h3><span class=\"ez-toc-section\" id=\"12_Playa_del_Socorro\"><\/span>12. Playa del Socorro<span class=\"ez-toc-section-end\"><\/span><\/h3>\n<p><a href=\"https:\/\/maps.app.goo.gl\/wvRhUKUdfitnz4Bb7\" rel=\"noopener\">Una preciosa playa<\/a> de arena negra, como a nosotros nos gusta&#8230;<\/p>\n<div id=\"attachment_15906\" style=\"width: 1810px\" class=\"wp-caption alignnone\"><img decoding=\"async\" aria-describedby=\"caption-attachment-15906\" class=\"wp-image-15906 size-full\" src=\"https:\/\/decouvrirensemble.com\/wp-content\/uploads\/2021\/09\/vacances-tenerife-itineraire-une-semaine.jpg\" alt=\"itineraire tenerife\" width=\"1800\" height=\"1200\" srcset=\"https:\/\/decouvrirensemble.com\/wp-content\/uploads\/2021\/09\/vacances-tenerife-itineraire-une-semaine.jpg 1800w, https:\/\/decouvrirensemble.com\/wp-content\/uploads\/2021\/09\/vacances-tenerife-itineraire-une-semaine-300x200.jpg 300w, https:\/\/decouvrirensemble.com\/wp-content\/uploads\/2021\/09\/vacances-tenerife-itineraire-une-semaine-1024x683.jpg 1024w, https:\/\/decouvrirensemble.com\/wp-content\/uploads\/2021\/09\/vacances-tenerife-itineraire-une-semaine-768x512.jpg 768w, https:\/\/decouvrirensemble.com\/wp-content\/uploads\/2021\/09\/vacances-tenerife-itineraire-une-semaine-1536x1024.jpg 1536w\" sizes=\"(max-width: 1800px) 100vw, 1800px\" \/><p id=\"caption-attachment-15906\" class=\"wp-caption-text\">A la izquierda Charco de la Laja y a la derecha Plage del Socorro<\/p><\/div>\n<h3><span class=\"ez-toc-section\" id=\"13_La_Gordejuela\"><\/span>13. La Gordejuela<span class=\"ez-toc-section-end\"><\/span><\/h3>\n<p>Este elevador de agua construido en 1903 es intrigante&#8230; Fue la primera estaci\u00f3n de bombeo de agua a vapor de la isla. Ahora se pueden admirar las ruinas de este impresionante edificio. Para admirar el Gordejuela, le recomendamos caminar desde <a href=\"https:\/\/maps.app.goo.gl\/68XfuLwA4SNvXeS16\" rel=\"noopener\">la Salida Rambla Castro<\/a>.<\/p>\n<img decoding=\"async\" class=\"size-full wp-image-15886 alignnone\" src=\"https:\/\/decouvrirensemble.com\/wp-content\/uploads\/2021\/09\/la-gordejuela-tenerife-acces.jpg\" alt=\"la gordejuela\" width=\"1800\" height=\"1200\" srcset=\"https:\/\/decouvrirensemble.com\/wp-content\/uploads\/2021\/09\/la-gordejuela-tenerife-acces.jpg 1800w, https:\/\/decouvrirensemble.com\/wp-content\/uploads\/2021\/09\/la-gordejuela-tenerife-acces-300x200.jpg 300w, https:\/\/decouvrirensemble.com\/wp-content\/uploads\/2021\/09\/la-gordejuela-tenerife-acces-1024x683.jpg 1024w, https:\/\/decouvrirensemble.com\/wp-content\/uploads\/2021\/09\/la-gordejuela-tenerife-acces-768x512.jpg 768w, https:\/\/decouvrirensemble.com\/wp-content\/uploads\/2021\/09\/la-gordejuela-tenerife-acces-1536x1024.jpg 1536w\" sizes=\"(max-width: 1800px) 100vw, 1800px\" \/>\n<h2><span class=\"ez-toc-section\" id=\"%C2%BFQue_ver_en_Tenerife_en_una_semana_Visitar_el_norte_de_la_isla\"><\/span>\u00bfQu\u00e9 ver en Tenerife en una semana? Visitar el norte de la isla<span class=\"ez-toc-section-end\"><\/span><\/h2>\n<p>El norte de Tenerife es sin duda m\u00e1s aut\u00e9ntico que el sur, menos urbanizado y m\u00e1s verde. Por otro lado, el clima es m\u00e1s caprichoso, as\u00ed que hay que abrigarse m\u00e1s. En esta parte de la isla llovi\u00f3 m\u00e1s que hizo sol. Te recomendamos que dispongas de al menos 2 d\u00edas para aprovecharla al m\u00e1ximo, y m\u00e1s si quieres hacer varias excursiones por el Parque de Anaga.<\/p>\n<h3><span class=\"ez-toc-section\" id=\"1_Punta_del_Hidalgo_y_Bajamar\"><\/span>1. Punta del Hidalgo y Bajamar<span class=\"ez-toc-section-end\"><\/span><\/h3>\n<p>Nos alojamos en Punta del Hidalgo, que tiene una costa preciosa. Si te alojas aqu\u00ed, estar\u00e1s bien situado para descubrir San Crist\u00f3bal de la Laguna y el Parque de Anaga. Por otro lado, el pueblo no es excepcional y hay muy pocos restaurantes de calidad. \u00a1Es mejor saberlo de antemano para poder planificarse!<\/p>\n<h3><span class=\"ez-toc-section\" id=\"2_San_Cristobal_de_la_Laguna\"><\/span>2. San Crist\u00f3bal de la Laguna<span class=\"ez-toc-section-end\"><\/span><\/h3>\n<p><a href=\"https:\/\/maps.app.goo.gl\/UZmr9VHu18z9fEcQ8\" rel=\"noopener\">Esta gran ciudad<\/a> es muy agradable, con sus coloridas fachadas y sus numerosas tiendas y restaurantes. Te recomendamos encarecidamente que hagas una parada aqu\u00ed durante tus vacaciones en Tenerife.<\/p>\n<img decoding=\"async\" class=\"size-full wp-image-15909 alignnone\" src=\"https:\/\/decouvrirensemble.com\/wp-content\/uploads\/2021\/09\/visiter-san-cristobal-de-la-laguna-tenerife.jpg\" alt=\"san cristobal de la laguna\" width=\"1800\" height=\"1200\" srcset=\"https:\/\/decouvrirensemble.com\/wp-content\/uploads\/2021\/09\/visiter-san-cristobal-de-la-laguna-tenerife.jpg 1800w, https:\/\/decouvrirensemble.com\/wp-content\/uploads\/2021\/09\/visiter-san-cristobal-de-la-laguna-tenerife-300x200.jpg 300w, https:\/\/decouvrirensemble.com\/wp-content\/uploads\/2021\/09\/visiter-san-cristobal-de-la-laguna-tenerife-1024x683.jpg 1024w, https:\/\/decouvrirensemble.com\/wp-content\/uploads\/2021\/09\/visiter-san-cristobal-de-la-laguna-tenerife-768x512.jpg 768w, https:\/\/decouvrirensemble.com\/wp-content\/uploads\/2021\/09\/visiter-san-cristobal-de-la-laguna-tenerife-1536x1024.jpg 1536w\" sizes=\"(max-width: 1800px) 100vw, 1800px\" \/>\n<h3><span class=\"ez-toc-section\" id=\"3_Bocacangrejo\"><\/span>3. Bocacangrejo<span class=\"ez-toc-section-end\"><\/span><\/h3>\n<p>A s\u00f3lo 20 minutos en coche de San Crist\u00f3bal de la Laguna, le recomendamos una visita a <a href=\"https:\/\/maps.app.goo.gl\/cUyibLhn9yASJ3vd9\" rel=\"noopener\">Bocacangrejo<\/a> para descubrir los coloridos corazones del artista Rafael Marichal. El artista, de 73 a\u00f1os, ha transformado el pueblo en un gigantesco photocall y, al parecer, \u00a1merece la pena divertirse!<\/p>\n<blockquote class=\"instagram-media\" style=\"background: #FFF; border: 0; border-radius: 3px; box-shadow: 0 0 1px 0 rgba(0,0,0,0.5),0 1px 10px 0 rgba(0,0,0,0.15); margin: 1px; max-width: 540px; min-width: 326px; padding: 0; width: calc(100% - 2px);\" data-instgrm-version=\"14\" data-instgrm-permalink=\"https:\/\/www.instagram.com\/reel\/C6Y3XPyt1zI\/?utm_source=ig_embed&amp;utm_campaign=loading\">\n<div style=\"padding: 16px;\">\n<p>&nbsp;<\/p>\n<div style=\"display: flex; flex-direction: row; align-items: center;\">\n<div style=\"background-color: #f4f4f4; border-radius: 50%; flex-grow: 0; height: 40px; margin-right: 14px; width: 40px;\">&nbsp;<\/div>\n<div style=\"display: flex; flex-direction: column; flex-grow: 1; justify-content: center;\">\n<div style=\"background-color: #f4f4f4; border-radius: 4px; flex-grow: 0; height: 14px; margin-bottom: 6px; width: 100px;\">&nbsp;<\/div>\n<div style=\"background-color: #f4f4f4; border-radius: 4px; flex-grow: 0; height: 14px; width: 60px;\">&nbsp;<\/div>\n<\/div>\n<\/div>\n<div style=\"padding: 19% 0;\">&nbsp;<\/div>\n<div style=\"display: block; height: 50px; margin: 0 auto 12px; width: 50px;\">&nbsp;<\/div>\n<div style=\"padding-top: 8px;\">\n<div style=\"color: #3897f0; font-family: Arial,sans-serif; font-size: 14px; font-style: normal; font-weight: 550; line-height: 18px;\">Ver esta publicaci\u00f3n en Instagram<\/div>\n<\/div>\n<div style=\"padding: 12.5% 0;\">&nbsp;<\/div>\n<div style=\"display: flex; flex-direction: row; margin-bottom: 14px; align-items: center;\">\n<div>\n<div style=\"background-color: #f4f4f4; border-radius: 50%; height: 12.5px; width: 12.5px; transform: translateX(0px) translateY(7px);\">&nbsp;<\/div>\n<div style=\"background-color: #f4f4f4; height: 12.5px; transform: rotate(-45deg) translateX(3px) translateY(1px); width: 12.5px; flex-grow: 0; margin-right: 14px; margin-left: 2px;\">&nbsp;<\/div>\n<div style=\"background-color: #f4f4f4; border-radius: 50%; height: 12.5px; width: 12.5px; transform: translateX(9px) translateY(-18px);\">&nbsp;<\/div>\n<\/div>\n<div style=\"margin-left: 8px;\">\n<div style=\"background-color: #f4f4f4; border-radius: 50%; flex-grow: 0; height: 20px; width: 20px;\">&nbsp;<\/div>\n<div style=\"width: 0; height: 0; border-top: 2px solid transparent; border-left: 6px solid #f4f4f4; border-bottom: 2px solid transparent; transform: translateX(16px) translateY(-4px) rotate(30deg);\">&nbsp;<\/div>\n<\/div>\n<div style=\"margin-left: auto;\">\n<div style=\"width: 0px; border-top: 8px solid #F4F4F4; border-right: 8px solid transparent; transform: translateY(16px);\">&nbsp;<\/div>\n<div style=\"background-color: #f4f4f4; flex-grow: 0; height: 12px; width: 16px; transform: translateY(-4px);\">&nbsp;<\/div>\n<div style=\"width: 0; height: 0; border-top: 8px solid #F4F4F4; border-left: 8px solid transparent; transform: translateY(-4px) translateX(8px);\">&nbsp;<\/div>\n<\/div>\n<\/div>\n<div style=\"display: flex; flex-direction: column; flex-grow: 1; justify-content: center; margin-bottom: 24px;\">\n<div style=\"background-color: #f4f4f4; border-radius: 4px; flex-grow: 0; height: 14px; margin-bottom: 6px; width: 224px;\">&nbsp;<\/div>\n<div style=\"background-color: #f4f4f4; border-radius: 4px; flex-grow: 0; height: 14px; width: 144px;\">&nbsp;<\/div>\n<\/div>\n<p>&nbsp;<\/p>\n<p style=\"color: #c9c8cd; font-family: Arial,sans-serif; font-size: 14px; line-height: 17px; margin-bottom: 0; margin-top: 8px; overflow: hidden; padding: 8px 0 7px; text-align: center; text-overflow: ellipsis; white-space: nowrap;\"><a style=\"color: #c9c8cd; font-family: Arial,sans-serif; font-size: 14px; font-style: normal; font-weight: normal; line-height: 17px; text-decoration: none;\" href=\"https:\/\/www.instagram.com\/reel\/C6Y3XPyt1zI\/?utm_source=ig_embed&amp;utm_campaign=loading\" rel=\"noopener\">Una publicaci\u00f3n compartida por CARLO CU\u00d1ADO &#8211; Viajes, aviones &amp; rutas (@carloartspain)<\/a><\/p>\n<\/div>\n<\/blockquote>\n<p><script src=\"\/\/www.instagram.com\/embed.js\" async=\"\"><\/script><\/p>\n<p>&nbsp;<\/p>\n<h3><span class=\"ez-toc-section\" id=\"4_Parque_de_Anaga\"><\/span>4. Parque de Anaga<span class=\"ez-toc-section-end\"><\/span><\/h3>\n<p>Este parque natural tiene fama de ser incre\u00edble. No le daremos muy buenos consejos sobre este parque, ya que en nuestras 2 visitas estaba completamente nublado o llov\u00eda y era casi intransitable&#8230; As\u00ed que tuvimos que seguir adelante. Pero si hace buen tiempo cuando vengas, te recomendamos hacer varias paradas en los miradores y hacer una excursi\u00f3n.<\/p>\n<h4><span class=\"ez-toc-section\" id=\"Lugares_destacados_del_Parque_de_Anaga\"><\/span>Lugares destacados del Parque de Anaga :<span class=\"ez-toc-section-end\"><\/span><\/h4>\n<ul>\n<li><a href=\"https:\/\/maps.app.goo.gl\/XjgrDfPAtJv42cCD6\" rel=\"noopener\">Mirador de Zapata<\/a><\/li>\n<li><a href=\"https:\/\/maps.app.goo.gl\/aVqBfp3WTd4wWATE9\" rel=\"noopener\">Camino Viejo del Ingl\u00e9s<\/a><\/li>\n<li><a href=\"https:\/\/maps.app.goo.gl\/dwAK9bMdjBtFYSGC9\" rel=\"noopener\">Pico de los Ingleses<\/a><\/li>\n<\/ul>\n<h4><span class=\"ez-toc-section\" id=\"Caminata_Cruz_del_Camen\"><\/span>Caminata Cruz del Camen:<span class=\"ez-toc-section-end\"><\/span><\/h4>\n<ul>\n<li>Un bucle f\u00e1cil de 1,3 km<\/li>\n<li>Pendiente positiva y negativa de 85 m<\/li>\n<li>Duraci\u00f3n aprox. 45 minutos<\/li>\n<\/ul>\n<img decoding=\"async\" class=\"size-full wp-image-15891 alignnone\" src=\"https:\/\/decouvrirensemble.com\/wp-content\/uploads\/2021\/09\/parc-naturel-anaga-que-faire-a-tenerife-en-une-semaine.jpg\" alt=\"parc anaga\" width=\"1800\" height=\"1200\" srcset=\"https:\/\/decouvrirensemble.com\/wp-content\/uploads\/2021\/09\/parc-naturel-anaga-que-faire-a-tenerife-en-une-semaine.jpg 1800w, https:\/\/decouvrirensemble.com\/wp-content\/uploads\/2021\/09\/parc-naturel-anaga-que-faire-a-tenerife-en-une-semaine-300x200.jpg 300w, https:\/\/decouvrirensemble.com\/wp-content\/uploads\/2021\/09\/parc-naturel-anaga-que-faire-a-tenerife-en-une-semaine-1024x683.jpg 1024w, https:\/\/decouvrirensemble.com\/wp-content\/uploads\/2021\/09\/parc-naturel-anaga-que-faire-a-tenerife-en-une-semaine-768x512.jpg 768w, https:\/\/decouvrirensemble.com\/wp-content\/uploads\/2021\/09\/parc-naturel-anaga-que-faire-a-tenerife-en-une-semaine-1536x1024.jpg 1536w\" sizes=\"(max-width: 1800px) 100vw, 1800px\" \/>\n<h3><span class=\"ez-toc-section\" id=\"5_Playa_de_Benijo\"><\/span>5. Playa de Benijo<span class=\"ez-toc-section-end\"><\/span><\/h3>\n<p>Si se pregunta qu\u00e9 ver en Tenerife en una semana, \u00a1no puede dejar de visitar <a href=\"https:\/\/maps.app.goo.gl\/upiFXtrV8B1yggHN7\" rel=\"noopener\">la Playa de Benijo<\/a>! Es una de nuestras favoritas de Canarias. Una vasta extensi\u00f3n de arena negra, incre\u00edbles acantilados y rocas arrastradas por el agua: \u00a1un aut\u00e9ntico escenario de Juego de Tronos!<\/p>\n<div id=\"attachment_15970\" style=\"width: 1810px\" class=\"wp-caption alignnone\"><img decoding=\"async\" aria-describedby=\"caption-attachment-15970\" class=\"wp-image-15970 size-full\" src=\"https:\/\/decouvrirensemble.com\/wp-content\/uploads\/2021\/09\/Plage-de-benijo-tenerife.jpg\" alt=\"Plage de benijo\" width=\"1800\" height=\"1200\" srcset=\"https:\/\/decouvrirensemble.com\/wp-content\/uploads\/2021\/09\/Plage-de-benijo-tenerife.jpg 1800w, https:\/\/decouvrirensemble.com\/wp-content\/uploads\/2021\/09\/Plage-de-benijo-tenerife-300x200.jpg 300w, https:\/\/decouvrirensemble.com\/wp-content\/uploads\/2021\/09\/Plage-de-benijo-tenerife-1024x683.jpg 1024w, https:\/\/decouvrirensemble.com\/wp-content\/uploads\/2021\/09\/Plage-de-benijo-tenerife-768x512.jpg 768w, https:\/\/decouvrirensemble.com\/wp-content\/uploads\/2021\/09\/Plage-de-benijo-tenerife-1536x1024.jpg 1536w\" sizes=\"(max-width: 1800px) 100vw, 1800px\" \/><p id=\"caption-attachment-15970\" class=\"wp-caption-text\">Playa de Benijo<\/p><\/div>\n<h4><span class=\"ez-toc-section\" id=\"%C2%BFComo_llego_a_la_Playa_de_Benijo_y_donde_puedo_aparcar\"><\/span>\u00bfC\u00f3mo llego a la Playa de Benijo y d\u00f3nde puedo aparcar?<span class=\"ez-toc-section-end\"><\/span><\/h4>\n<p>Llegar a la Playa de Benijo requiere un poco de paciencia. Tendr\u00e1 que conducir por el centro del Parque de Anaga y luego por las peque\u00f1as carreteras de acceso. Pero no se preocupe, el camino es muy agradable y podr\u00e1 disfrutar de la exuberante naturaleza del norte de Tenerife.<\/p>\n<p>Una vez que llegas a la playa de Benijo, hay un aparcamiento habilitado, pero con muy pocas plazas. Dimos bastantes vueltas hasta que el due\u00f1o del restaurante de al lado abri\u00f3 una <a href=\"https:\/\/maps.app.goo.gl\/NJkPChQmzkFzGvqZA\" rel=\"noopener\">peque\u00f1a parcela privada<\/a> donde se pod\u00eda aparcar el coche por 2 \u20ac al d\u00eda. \u00a1Uf!<\/p>\n<p>A continuaci\u00f3n, baje por las escaleras hasta la Playa de Benijo, en el acantilado. La verdad es que no est\u00e1n en muy buen estado, por lo que la playa es de dif\u00edcil acceso para ni\u00f1os o personas con movilidad reducida. S\u00f3lo la recomendamos para personas en buenas condiciones f\u00edsicas.<\/p>\n<h4><span class=\"ez-toc-section\" id=\"%C2%BFDonde_comer_en_la_Playa_de_Benijo\"><\/span>\u00bfD\u00f3nde comer en la Playa de Benijo?<span class=\"ez-toc-section-end\"><\/span><\/h4>\n<ul>\n<li><a href=\"https:\/\/maps.app.goo.gl\/ViGLiKG87Zs8dkX5A\" rel=\"noopener\">El Mirador<\/a>: comimos en este restaurante por la excepcional ubicaci\u00f3n de su terraza. Sin embargo, la comida no era incre\u00edble y los precios un poco caros. Pero sigue siendo un buen lugar para tomar una copa o un caf\u00e9 con una vista impresionante de la playa de Benijo.<\/li>\n<\/ul>\n<img decoding=\"async\" class=\"size-full wp-image-15893 alignnone\" src=\"https:\/\/decouvrirensemble.com\/wp-content\/uploads\/2021\/09\/playa-de-benijo-tenerife-que-faire-en-une-semaine.jpg\" alt=\"playa de benijo\" width=\"1800\" height=\"1200\" srcset=\"https:\/\/decouvrirensemble.com\/wp-content\/uploads\/2021\/09\/playa-de-benijo-tenerife-que-faire-en-une-semaine.jpg 1800w, https:\/\/decouvrirensemble.com\/wp-content\/uploads\/2021\/09\/playa-de-benijo-tenerife-que-faire-en-une-semaine-300x200.jpg 300w, https:\/\/decouvrirensemble.com\/wp-content\/uploads\/2021\/09\/playa-de-benijo-tenerife-que-faire-en-une-semaine-1024x683.jpg 1024w, https:\/\/decouvrirensemble.com\/wp-content\/uploads\/2021\/09\/playa-de-benijo-tenerife-que-faire-en-une-semaine-768x512.jpg 768w, https:\/\/decouvrirensemble.com\/wp-content\/uploads\/2021\/09\/playa-de-benijo-tenerife-que-faire-en-une-semaine-1536x1024.jpg 1536w\" sizes=\"(max-width: 1800px) 100vw, 1800px\" \/>\n<h3><span class=\"ez-toc-section\" id=\"6_El_mirador_del_Pico_del_Ingles\"><\/span>6. El mirador del Pico del Ingl\u00e9s<span class=\"ez-toc-section-end\"><\/span><\/h3>\n<p>De camino por el Parque de l&#8217;Anaga, det\u00e9ngase en el <a href=\"https:\/\/maps.app.goo.gl\/kpsTqLAg5YpxEhzN9\" rel=\"noopener\">Mirador Pico del<\/a> Ingl\u00e9s para admirar la incre\u00edble vista sobre el valle. \u00a1Un lugar imprescindible para disfrutar de unas vistas impresionantes y sacar una foto r\u00e1pida! \ud83d\udcf8<\/p>\n<img decoding=\"async\" class=\"size-full wp-image-15890 alignnone\" src=\"https:\/\/decouvrirensemble.com\/wp-content\/uploads\/2021\/09\/parc-de-l-anaga-tenerife-itineraire.jpg\" alt=\"anaga tenerife\" width=\"1800\" height=\"1200\" srcset=\"https:\/\/decouvrirensemble.com\/wp-content\/uploads\/2021\/09\/parc-de-l-anaga-tenerife-itineraire.jpg 1800w, https:\/\/decouvrirensemble.com\/wp-content\/uploads\/2021\/09\/parc-de-l-anaga-tenerife-itineraire-300x200.jpg 300w, https:\/\/decouvrirensemble.com\/wp-content\/uploads\/2021\/09\/parc-de-l-anaga-tenerife-itineraire-1024x683.jpg 1024w, https:\/\/decouvrirensemble.com\/wp-content\/uploads\/2021\/09\/parc-de-l-anaga-tenerife-itineraire-768x512.jpg 768w, https:\/\/decouvrirensemble.com\/wp-content\/uploads\/2021\/09\/parc-de-l-anaga-tenerife-itineraire-1536x1024.jpg 1536w\" sizes=\"(max-width: 1800px) 100vw, 1800px\" \/>\n<h2 id=\"dormir\"><span class=\"ez-toc-section\" id=\"%C2%BFDonde_alojarse_una_semana_en_Tenerife\"><\/span>\u00bfD\u00f3nde alojarse una semana en Tenerife?<span class=\"ez-toc-section-end\"><\/span><\/h2>\n<p>Si quiere saber qu\u00e9 ver en Tenerife y descubrir la isla en su conjunto, nuestro consejo es que elija dos tipos de alojamiento, uno en el norte y otro en el sur. Tenerife es una isla grande y sin ella, corres el riesgo de recorrer muchos kil\u00f3metros cada d\u00eda (como nosotros).<\/p>\n<p>El norte tiene fama de ser m\u00e1s aut\u00e9ntico y encantador, mientras que el sur es m\u00e1s soleado y est\u00e1 m\u00e1s cerca de varios puntos de inter\u00e9s. Lo ideal es coger dos tipos de alojamiento, para limitar los largos trayectos diarios y disponer de m\u00e1s tiempo para disfrutar de las regiones. Dicho esto, si lo que busca es sol durante su estancia en la isla, le recomendamos encarecidamente que reserve alojamiento en el sur.<\/p>\n<h3><span class=\"ez-toc-section\" id=\"Dormir_en_el_sur_de_Tenerife\"><\/span>Dormir en el sur de Tenerife<span class=\"ez-toc-section-end\"><\/span><\/h3>\n<h4><span class=\"ez-toc-section\" id=\"El_Ritz_Carlton_Abama\"><\/span>El Ritz Carlton Abama<span class=\"ez-toc-section-end\"><\/span><\/h4>\n<p>Vimos este hotel tan colorido y fotog\u00e9nico, que nos record\u00f3 a la <a href=\"https:\/\/decouvrirensemble.com\/es\/muralla-roja-ricardo-bofill-calp\" rel=\"noopener\">Muralla Roja<\/a>, cerca de <a href=\"https:\/\/decouvrirensemble.com\/es\/que-ver-en-valencia\" rel=\"noopener\">Valencia, en Espa\u00f1a<\/a>. Es muy grande y dispone de varias piscinas y restaurantes. Tambi\u00e9n lo recomendamos por su ubicaci\u00f3n, cerca de los distintos puntos de inter\u00e9s del sur de la isla.<\/p>\n    <div class=\"niceButton\"><a href=\"https:\/\/www.booking.com\/hotel\/es\/abama.en-gb.html?aid=1286053\" target=\"_blank\" class=\"emojiLink\">\n                    <span class=\"emojiLink__emoji\">\u2764\ufe0f<\/span>\n                <span class=\"emojiLink__title title title--big\">Ver disponibilidad<\/span>\n    <\/a><\/div>\n\n    \n<p>&nbsp;<\/p>\n<blockquote class=\"instagram-media\" style=\"background: #FFF; border: 0; border-radius: 3px; box-shadow: 0 0 1px 0 rgba(0,0,0,0.5),0 1px 10px 0 rgba(0,0,0,0.15); margin: 1px; max-width: 540px; min-width: 326px; padding: 0; width: calc(100% - 2px);\" data-instgrm-version=\"13\" data-instgrm-permalink=\"https:\/\/www.instagram.com\/p\/CJJdp_9lUHS\/?utm_source=ig_embed&amp;utm_campaign=loading\">\n<div style=\"padding: 16px;\">\n<p>&nbsp;<\/p>\n<div style=\"display: flex; flex-direction: row; align-items: center;\">\n<div style=\"background-color: #f4f4f4; border-radius: 50%; flex-grow: 0; height: 40px; margin-right: 14px; width: 40px;\">&nbsp;<\/div>\n<div style=\"display: flex; flex-direction: column; flex-grow: 1; justify-content: center;\">\n<div style=\"background-color: #f4f4f4; border-radius: 4px; flex-grow: 0; height: 14px; margin-bottom: 6px; width: 100px;\">&nbsp;<\/div>\n<div style=\"background-color: #f4f4f4; border-radius: 4px; flex-grow: 0; height: 14px; width: 60px;\">&nbsp;<\/div>\n<\/div>\n<\/div>\n<div style=\"padding: 19% 0;\">&nbsp;<\/div>\n<div style=\"display: block; height: 50px; margin: 0 auto 12px; width: 50px;\">&nbsp;<\/div>\n<div style=\"padding-top: 8px;\">\n<div style=\"color: #3897f0; font-family: Arial,sans-serif; font-size: 14px; font-style: normal; font-weight: 550; line-height: 18px;\">Ver esta publicaci\u00f3n en Instagram<\/div>\n<\/div>\n<div style=\"padding: 12.5% 0;\">&nbsp;<\/div>\n<div style=\"display: flex; flex-direction: row; margin-bottom: 14px; align-items: center;\">\n<div>\n<div style=\"background-color: #f4f4f4; border-radius: 50%; height: 12.5px; width: 12.5px; transform: translateX(0px) translateY(7px);\">&nbsp;<\/div>\n<div style=\"background-color: #f4f4f4; height: 12.5px; transform: rotate(-45deg) translateX(3px) translateY(1px); width: 12.5px; flex-grow: 0; margin-right: 14px; margin-left: 2px;\">&nbsp;<\/div>\n<div style=\"background-color: #f4f4f4; border-radius: 50%; height: 12.5px; width: 12.5px; transform: translateX(9px) translateY(-18px);\">&nbsp;<\/div>\n<\/div>\n<div style=\"margin-left: 8px;\">\n<div style=\"background-color: #f4f4f4; border-radius: 50%; flex-grow: 0; height: 20px; width: 20px;\">&nbsp;<\/div>\n<div style=\"width: 0; height: 0; border-top: 2px solid transparent; border-left: 6px solid #f4f4f4; border-bottom: 2px solid transparent; transform: translateX(16px) translateY(-4px) rotate(30deg);\">&nbsp;<\/div>\n<\/div>\n<div style=\"margin-left: auto;\">\n<div style=\"width: 0px; border-top: 8px solid #F4F4F4; border-right: 8px solid transparent; transform: translateY(16px);\">&nbsp;<\/div>\n<div style=\"background-color: #f4f4f4; flex-grow: 0; height: 12px; width: 16px; transform: translateY(-4px);\">&nbsp;<\/div>\n<div style=\"width: 0; height: 0; border-top: 8px solid #F4F4F4; border-left: 8px solid transparent; transform: translateY(-4px) translateX(8px);\">&nbsp;<\/div>\n<\/div>\n<\/div>\n<div style=\"display: flex; flex-direction: column; flex-grow: 1; justify-content: center; margin-bottom: 24px;\">\n<div style=\"background-color: #f4f4f4; border-radius: 4px; flex-grow: 0; height: 14px; margin-bottom: 6px; width: 224px;\">&nbsp;<\/div>\n<div style=\"background-color: #f4f4f4; border-radius: 4px; flex-grow: 0; height: 14px; width: 144px;\">&nbsp;<\/div>\n<\/div>\n<p>&nbsp;<\/p>\n<p style=\"color: #c9c8cd; font-family: Arial,sans-serif; font-size: 14px; line-height: 17px; margin-bottom: 0; margin-top: 8px; overflow: hidden; padding: 8px 0 7px; text-align: center; text-overflow: ellipsis; white-space: nowrap;\"><a style=\"color: #c9c8cd; font-family: Arial,sans-serif; font-size: 14px; font-style: normal; font-weight: normal; line-height: 17px; text-decoration: none;\" href=\"https:\/\/www.instagram.com\/p\/CJJdp_9lUHS\/?utm_source=ig_embed&amp;utm_campaign=loading\" rel=\"noopener\">Una publicaci\u00f3n compartida por The Ritz-Carlton, Abama (@ritzcarltonabama)<\/a><\/p>\n<\/div>\n<\/blockquote>\n<p><script src=\"\/\/www.instagram.com\/embed.js\" async=\"\"><\/script><\/p>\n<h3><span class=\"ez-toc-section\" id=\"Dormir_en_el_norte_de_Tenerife\"><\/span>Dormir en el norte de Tenerife<span class=\"ez-toc-section-end\"><\/span><\/h3>\n<h4><span class=\"ez-toc-section\" id=\"Punta_Paradiso\"><\/span>Punta Paradiso<span class=\"ez-toc-section-end\"><\/span><\/h4>\n<p>Nos gust\u00f3 mucho este hotel de Punta del Hidalgo por su ubicaci\u00f3n frente al mar y su colorida decoraci\u00f3n. Realmente te sientes como en casa en este hotel, ya que s\u00f3lo hay 4 o 5 habitaciones y hay muchos espacios compartidos.<\/p>\n<p>La otra gran ventaja de este lugar son sus excelentes desayunos (incluidos en el precio de la noche). Una delicia para disfrutar con vistas al mar antes de un bonito d\u00eda en Tenerife. Recomendamos habitaciones con espacio exterior.<\/p>\n    <div class=\"niceButton\"><a href=\"https:\/\/www.booking.com\/hotel\/es\/punta-paradiso.en-gb.html?aid=1286053\" target=\"_blank\" class=\"emojiLink\">\n                    <span class=\"emojiLink__emoji\">\u2764\ufe0f<\/span>\n                <span class=\"emojiLink__title title title--big\">Consultar disponibilidad<\/span>\n    <\/a><\/div>\n\n    \n<img decoding=\"async\" class=\"size-full wp-image-15882 alignnone\" src=\"https:\/\/decouvrirensemble.com\/wp-content\/uploads\/2021\/09\/hotel-tenerife-punta-del-hidalgo-ou-dormir.jpg\" alt=\"hotel tenerife\" width=\"1800\" height=\"1200\" srcset=\"https:\/\/decouvrirensemble.com\/wp-content\/uploads\/2021\/09\/hotel-tenerife-punta-del-hidalgo-ou-dormir.jpg 1800w, https:\/\/decouvrirensemble.com\/wp-content\/uploads\/2021\/09\/hotel-tenerife-punta-del-hidalgo-ou-dormir-300x200.jpg 300w, https:\/\/decouvrirensemble.com\/wp-content\/uploads\/2021\/09\/hotel-tenerife-punta-del-hidalgo-ou-dormir-1024x683.jpg 1024w, https:\/\/decouvrirensemble.com\/wp-content\/uploads\/2021\/09\/hotel-tenerife-punta-del-hidalgo-ou-dormir-768x512.jpg 768w, https:\/\/decouvrirensemble.com\/wp-content\/uploads\/2021\/09\/hotel-tenerife-punta-del-hidalgo-ou-dormir-1536x1024.jpg 1536w\" sizes=\"(max-width: 1800px) 100vw, 1800px\" \/>\n<img decoding=\"async\" class=\"size-full wp-image-15895 alignnone\" src=\"https:\/\/decouvrirensemble.com\/wp-content\/uploads\/2021\/09\/punta-del-hidalgo-ou-dormir-hotel-tenerife.jpg\" alt=\"hotel tenerife\" width=\"1800\" height=\"1200\" srcset=\"https:\/\/decouvrirensemble.com\/wp-content\/uploads\/2021\/09\/punta-del-hidalgo-ou-dormir-hotel-tenerife.jpg 1800w, https:\/\/decouvrirensemble.com\/wp-content\/uploads\/2021\/09\/punta-del-hidalgo-ou-dormir-hotel-tenerife-300x200.jpg 300w, https:\/\/decouvrirensemble.com\/wp-content\/uploads\/2021\/09\/punta-del-hidalgo-ou-dormir-hotel-tenerife-1024x683.jpg 1024w, https:\/\/decouvrirensemble.com\/wp-content\/uploads\/2021\/09\/punta-del-hidalgo-ou-dormir-hotel-tenerife-768x512.jpg 768w, https:\/\/decouvrirensemble.com\/wp-content\/uploads\/2021\/09\/punta-del-hidalgo-ou-dormir-hotel-tenerife-1536x1024.jpg 1536w\" sizes=\"(max-width: 1800px) 100vw, 1800px\" \/>\n<p>Si quieres descubrir m\u00e1s buenos lugares donde alojarte, te recomendamos nuestro art\u00edculo dedicado a los <a href=\"https:\/\/decouvrirensemble.com\/es\/mejores-hoteles-en-tenerife\" rel=\"noopener\">mejores hoteles de Tenerife<\/a>.<\/p>\n<p>[relance]<\/p>\n<h2 id=\"organiser\"><span class=\"ez-toc-section\" id=\"Como_organizar_su_viaje_a_Tenerife\"><\/span>C\u00f3mo organizar su viaje a Tenerife<span class=\"ez-toc-section-end\"><\/span><\/h2>\n<h3><span class=\"ez-toc-section\" id=\"%C2%BFComo_puedo_encontrar_los_mejores_billetes_para_descubrir_Tenerife\"><\/span>\u00bfC\u00f3mo puedo encontrar los mejores billetes para descubrir Tenerife?<span class=\"ez-toc-section-end\"><\/span><\/h3>\n<p>Para encontrar el mejor modo de transporte (avi\u00f3n, tren, autob\u00fas) para llegar a su destino, le aconsejamos que busque siempre en el comparador OMIO. As\u00ed tendr\u00e1 una visi\u00f3n general de todos los medios de transporte disponibles para su destino y podr\u00e1 comparar precios f\u00e1cilmente.<\/p>\n    <div class=\"niceButton\"><a href=\"https:\/\/www.jdoqocy.com\/click-100603082-13394886\" target=\"_blank\" class=\"emojiLink\">\n                    <span class=\"emojiLink__emoji\">\ud83d\ude80<\/span>\n                <span class=\"emojiLink__title title title--big\">M\u00e1s informaci\u00f3n<\/span>\n    <\/a><\/div>\n\n    \n<h3><span class=\"ez-toc-section\" id=\"Como_alquilar_un_coche_al_mejor_precio_en_Tenerife\"><\/span>C\u00f3mo alquilar un coche al mejor precio en Tenerife?<span class=\"ez-toc-section-end\"><\/span><\/h3>\n<p>Si quieres alquilar un coche durante tu viaje, te recomendamos que eches un vistazo a la web de RentalCars. Te ayudar\u00e1 a encontrar los mejores precios y condiciones para tu alquiler.<\/p>\n    <div class=\"niceButton\"><a href=\"https:\/\/www.rentalcars.com\/es\/?adplat=100603082&#038;adcamp=&#038;adco=13881394&#038;affiliateCode=cjemea&#038;click_id=1bf2b216b08611ed804090d20a18b8fa\" target=\"_blank\" class=\"emojiLink\">\n                    <span class=\"emojiLink__emoji\">\ud83d\ude97<\/span>\n                <span class=\"emojiLink__title title title--big\">M\u00e1s informaci\u00f3n<\/span>\n    <\/a><\/div>\n\n    \n<img decoding=\"async\" class=\"size-full wp-image-15896 alignnone\" src=\"https:\/\/decouvrirensemble.com\/wp-content\/uploads\/2021\/09\/que-faire-a-tenerife-en-une-semaine-canaries-vacances.jpg\" alt=\"tenerife\" width=\"1800\" height=\"1200\" srcset=\"https:\/\/decouvrirensemble.com\/wp-content\/uploads\/2021\/09\/que-faire-a-tenerife-en-une-semaine-canaries-vacances.jpg 1800w, https:\/\/decouvrirensemble.com\/wp-content\/uploads\/2021\/09\/que-faire-a-tenerife-en-une-semaine-canaries-vacances-300x200.jpg 300w, https:\/\/decouvrirensemble.com\/wp-content\/uploads\/2021\/09\/que-faire-a-tenerife-en-une-semaine-canaries-vacances-1024x683.jpg 1024w, https:\/\/decouvrirensemble.com\/wp-content\/uploads\/2021\/09\/que-faire-a-tenerife-en-une-semaine-canaries-vacances-768x512.jpg 768w, https:\/\/decouvrirensemble.com\/wp-content\/uploads\/2021\/09\/que-faire-a-tenerife-en-une-semaine-canaries-vacances-1536x1024.jpg 1536w\" sizes=\"(max-width: 1800px) 100vw, 1800px\" \/>\n<h3><span class=\"ez-toc-section\" id=\"Como_es_el_clima_en_Tenerife\"><\/span>C\u00f3mo es el clima en Tenerife?<span class=\"ez-toc-section-end\"><\/span><\/h3>\n<p>La isla m\u00e1s grande y conocida del archipi\u00e9lago canario espa\u00f1ol est\u00e1 situada a 1.000 km de la Pen\u00ednsula Ib\u00e9rica, pero a s\u00f3lo 100 km de Marruecos. Por ello, el clima suele ser soleado durante todo el a\u00f1o, con temperaturas que oscilan entre los 20 y los 25 grados.<\/p>\n<p>A pesar de ello, el tiempo suele ser bastante caprichoso en esta isla y puede cambiar muy r\u00e1pidamente. En Tenerife hay mucho viento y microclimas. Pagamos el precio, durmiendo solo en la parte norte de la isla en pleno julio&#8230; Con un tiempo muy nublado, no utilizamos mucho la piscina&#8230;<\/p>\n<img decoding=\"async\" class=\"size-full wp-image-15888 alignnone\" src=\"https:\/\/decouvrirensemble.com\/wp-content\/uploads\/2021\/09\/los-gigantes-tenerife-roadtrip.jpg\" alt=\"los gigantes\" width=\"1800\" height=\"1200\" srcset=\"https:\/\/decouvrirensemble.com\/wp-content\/uploads\/2021\/09\/los-gigantes-tenerife-roadtrip.jpg 1800w, https:\/\/decouvrirensemble.com\/wp-content\/uploads\/2021\/09\/los-gigantes-tenerife-roadtrip-300x200.jpg 300w, https:\/\/decouvrirensemble.com\/wp-content\/uploads\/2021\/09\/los-gigantes-tenerife-roadtrip-1024x683.jpg 1024w, https:\/\/decouvrirensemble.com\/wp-content\/uploads\/2021\/09\/los-gigantes-tenerife-roadtrip-768x512.jpg 768w, https:\/\/decouvrirensemble.com\/wp-content\/uploads\/2021\/09\/los-gigantes-tenerife-roadtrip-1536x1024.jpg 1536w\" sizes=\"(max-width: 1800px) 100vw, 1800px\" \/>\n<h2><span class=\"ez-toc-section\" id=\"Nuestra_opinion_de_Tenerife\"><\/span>Nuestra opini\u00f3n de Tenerife<span class=\"ez-toc-section-end\"><\/span><\/h2>\n<p>Tenerife es la isla m\u00e1s grande del archipi\u00e9lago canario, situada en el oc\u00e9ano Atl\u00e1ntico. Ofrece una incre\u00edble variedad de paisajes, desde paisajes volc\u00e1nicos hasta playas de arena blanca y calas paradis\u00edacas. Como puede ver, Tenerife es una isla que bien merece una visita. Nos sorprendi\u00f3 la enorme diversidad de paisajes, y se nos llenaron los ojos de ellos durante toda la semana. Realmente recomendamos venir al menos 5 d\u00edas para tener tiempo de ver la mayor parte posible de la isla.<\/p>\n<p>Las playas de arena fina de Fuerteventura y las paradis\u00edacas calas de Gomera tambi\u00e9n son accesibles en crucero desde Tenerife. El submarinismo y el surf tambi\u00e9n son actividades populares en las aguas turquesas del oc\u00e9ano Atl\u00e1ntico. El carnaval de Santa Cruz de Tenerife es tambi\u00e9n una cita ineludible para los amantes de la cultura, ya que est\u00e1 considerado el segundo carnaval m\u00e1s popular del mundo despu\u00e9s del de R\u00edo de Janeiro.<\/p>\n<p>A diferencia de <a href=\"https:\/\/decouvrirensemble.com\/es\/que-ver-en-lanzarote-en-4-dias\" rel=\"noopener\">Lanzarote<\/a>, Tenerife no nos enamor\u00f3 en su conjunto. La isla es enorme, las grandes ciudades no tienen mucho encanto y algunas zonas son muy (demasiado) tur\u00edsticas.<\/p>\n<p>Por otro lado, nos encantaron varios lugares para visitar durante tu semana de vacaciones en Tenerife: la playa de Benijo, el Parque Nacional del Teide, el pueblo de Masca, el Parque de la Corona y las piscinas naturales.<\/p>\n<p>[relance2]<\/p>\n<div id=\"attachment_15903\" style=\"width: 1810px\" class=\"wp-caption alignnone\"><img decoding=\"async\" aria-describedby=\"caption-attachment-15903\" class=\"wp-image-15903 size-full\" src=\"https:\/\/decouvrirensemble.com\/wp-content\/uploads\/2021\/09\/road-trip-tenerife-los-gigantes.jpg\" alt=\"los gigantes\" width=\"1800\" height=\"1200\" srcset=\"https:\/\/decouvrirensemble.com\/wp-content\/uploads\/2021\/09\/road-trip-tenerife-los-gigantes.jpg 1800w, https:\/\/decouvrirensemble.com\/wp-content\/uploads\/2021\/09\/road-trip-tenerife-los-gigantes-300x200.jpg 300w, https:\/\/decouvrirensemble.com\/wp-content\/uploads\/2021\/09\/road-trip-tenerife-los-gigantes-1024x683.jpg 1024w, https:\/\/decouvrirensemble.com\/wp-content\/uploads\/2021\/09\/road-trip-tenerife-los-gigantes-768x512.jpg 768w, https:\/\/decouvrirensemble.com\/wp-content\/uploads\/2021\/09\/road-trip-tenerife-los-gigantes-1536x1024.jpg 1536w\" sizes=\"(max-width: 1800px) 100vw, 1800px\" \/><p id=\"caption-attachment-15903\" class=\"wp-caption-text\">\u00a1Disfruta de tu viaje a Lanzarote!<\/p><\/div>\n<p>[gracias]<\/p>\n\n\n<div class=\"kk-star-ratings kksr-auto kksr-align-left kksr-valign-bottom\"\n    data-payload='{&quot;align&quot;:&quot;left&quot;,&quot;id&quot;:&quot;45297&quot;,&quot;slug&quot;:&quot;default&quot;,&quot;valign&quot;:&quot;bottom&quot;,&quot;ignore&quot;:&quot;&quot;,&quot;reference&quot;:&quot;auto&quot;,&quot;class&quot;:&quot;&quot;,&quot;count&quot;:&quot;126&quot;,&quot;legendonly&quot;:&quot;&quot;,&quot;readonly&quot;:&quot;&quot;,&quot;score&quot;:&quot;4.8&quot;,&quot;starsonly&quot;:&quot;&quot;,&quot;best&quot;:&quot;5&quot;,&quot;gap&quot;:&quot;4&quot;,&quot;greet&quot;:&quot;Sea el primero en valorar esta entrada de blog.&quot;,&quot;legend&quot;:&quot;4.8\\\/5 - (126 votos)&quot;,&quot;size&quot;:&quot;21&quot;,&quot;title&quot;:&quot;Qu\u00e9 ver en Tenerife en una semana&quot;,&quot;width&quot;:&quot;118&quot;,&quot;_legend&quot;:&quot;{score}\\\/{best} - ({count} {votes})&quot;,&quot;font_factor&quot;:&quot;1.25&quot;}'>\n            \n<div class=\"kksr-stars\">\n    \n<div class=\"kksr-stars-inactive\">\n            <div class=\"kksr-star\" data-star=\"1\" style=\"padding-right: 4px\">\n            \n\n<div class=\"kksr-icon\" style=\"width: 21px; height: 21px;\"><\/div>\n        <\/div>\n            <div class=\"kksr-star\" data-star=\"2\" style=\"padding-right: 4px\">\n            \n\n<div class=\"kksr-icon\" style=\"width: 21px; height: 21px;\"><\/div>\n        <\/div>\n            <div class=\"kksr-star\" data-star=\"3\" style=\"padding-right: 4px\">\n            \n\n<div class=\"kksr-icon\" style=\"width: 21px; height: 21px;\"><\/div>\n        <\/div>\n            <div class=\"kksr-star\" data-star=\"4\" style=\"padding-right: 4px\">\n            \n\n<div class=\"kksr-icon\" style=\"width: 21px; height: 21px;\"><\/div>\n        <\/div>\n            <div class=\"kksr-star\" data-star=\"5\" style=\"padding-right: 4px\">\n            \n\n<div class=\"kksr-icon\" style=\"width: 21px; height: 21px;\"><\/div>\n        <\/div>\n    <\/div>\n    \n<div class=\"kksr-stars-active\" style=\"width: 118px;\">\n            <div class=\"kksr-star\" style=\"padding-right: 4px\">\n            \n\n<div class=\"kksr-icon\" style=\"width: 21px; height: 21px;\"><\/div>\n        <\/div>\n            <div class=\"kksr-star\" style=\"padding-right: 4px\">\n            \n\n<div class=\"kksr-icon\" style=\"width: 21px; height: 21px;\"><\/div>\n        <\/div>\n            <div class=\"kksr-star\" style=\"padding-right: 4px\">\n            \n\n<div class=\"kksr-icon\" style=\"width: 21px; height: 21px;\"><\/div>\n        <\/div>\n            <div class=\"kksr-star\" style=\"padding-right: 4px\">\n            \n\n<div class=\"kksr-icon\" style=\"width: 21px; height: 21px;\"><\/div>\n        <\/div>\n            <div class=\"kksr-star\" style=\"padding-right: 4px\">\n            \n\n<div class=\"kksr-icon\" style=\"width: 21px; height: 21px;\"><\/div>\n        <\/div>\n    <\/div>\n<\/div>\n                \n\n<div class=\"kksr-legend\" style=\"font-size: 16.8px;\">\n            4.8\/5 - (126 votos)    <\/div>\n    <\/div>\n","protected":false},"excerpt":{"rendered":"<p>Le llevamos a la mayor de las islas del archipi\u00e9lago canario espa\u00f1ol, Tenerife. \u00bfQu\u00e9 se puede ver en Tenerife en una semana? Desc\u00fabralo en nuestro blog de viajes.<\/p>\n","protected":false},"author":1,"featured_media":47851,"comment_status":"open","ping_status":"closed","sticky":false,"template":"","format":"standard","meta":{"_acf_changed":false,"_lmt_disableupdate":"no","_lmt_disable":"no","footnotes":""},"categories":[461,462],"tags":[],"class_list":["post-45297","post","type-post","status-publish","format-standard","has-post-thumbnail","hentry","category-espana","category-guias-de-viajes"],"acf":[],"yoast_head":"<!-- This site is optimized with the Yoast SEO plugin v27.4 - https:\/\/yoast.com\/product\/yoast-seo-wordpress\/ -->\n<title>Qu\u00e9 ver en Tenerife en una semana - blog de viajes<\/title>\n<meta name=\"description\" content=\"Descubra el itinerario de nuestras vacaciones en Tenerife, en Canarias, en nuestro blog. \u00bfQu\u00e9 ver en Tenerife en una semana?\" \/>\n<meta name=\"robots\" content=\"index, follow, max-snippet:-1, max-image-preview:large, max-video-preview:-1\" \/>\n<link rel=\"canonical\" href=\"https:\/\/decouvrirensemble.com\/es\/que-ver-en-tenerife-en-una-semana\" \/>\n<meta property=\"og:locale\" content=\"es_ES\" \/>\n<meta property=\"og:type\" content=\"article\" \/>\n<meta property=\"og:title\" content=\"Qu\u00e9 ver en Tenerife en una semana - blog de viajes\" \/>\n<meta property=\"og:description\" content=\"Descubra el itinerario de nuestras vacaciones en Tenerife, en Canarias, en nuestro blog. \u00bfQu\u00e9 ver en Tenerife en una semana?\" \/>\n<meta property=\"og:url\" content=\"https:\/\/decouvrirensemble.com\/es\/que-ver-en-tenerife-en-una-semana\" \/>\n<meta property=\"og:site_name\" content=\"Blog Voyage - D\u00e9couvrir Ensemble\" \/>\n<meta property=\"article:published_time\" content=\"2021-10-08T14:38:33+00:00\" \/>\n<meta property=\"article:modified_time\" content=\"2026-04-13T13:11:07+00:00\" \/>\n<meta property=\"og:image\" content=\"https:\/\/decouvrirensemble.com\/wp-content\/uploads\/2021\/10\/tenerife-une-semaine-blog-voyage.jpg\" \/>\n\t<meta property=\"og:image:width\" content=\"1800\" \/>\n\t<meta property=\"og:image:height\" content=\"1350\" \/>\n\t<meta property=\"og:image:type\" content=\"image\/jpeg\" \/>\n<meta name=\"author\" content=\"Cl\u00e9mence &amp; Alexandre\" \/>\n<meta name=\"twitter:card\" content=\"summary_large_image\" \/>\n<meta name=\"twitter:creator\" content=\"@dcouvrirensmble\" \/>\n<meta name=\"twitter:site\" content=\"@dcouvrirensmble\" \/>\n<meta name=\"twitter:label1\" content=\"Escrito por\" \/>\n\t<meta name=\"twitter:data1\" content=\"Cl\u00e9mence &amp; Alexandre\" \/>\n\t<meta name=\"twitter:label2\" content=\"Tiempo de lectura\" \/>\n\t<meta name=\"twitter:data2\" content=\"20 minutos\" \/>\n<script type=\"application\/ld+json\" class=\"yoast-schema-graph\">{\"@context\":\"https:\\\/\\\/schema.org\",\"@graph\":[{\"@type\":\"Article\",\"@id\":\"https:\\\/\\\/decouvrirensemble.com\\\/es\\\/que-ver-en-tenerife-en-una-semana#article\",\"isPartOf\":{\"@id\":\"https:\\\/\\\/decouvrirensemble.com\\\/es\\\/que-ver-en-tenerife-en-una-semana\"},\"author\":{\"name\":\"Cl\u00e9mence &amp; Alexandre\",\"@id\":\"https:\\\/\\\/decouvrirensemble.com\\\/es#\\\/schema\\\/person\\\/a53efd44d02eb7f9ab90f96e84a9d2ba\"},\"headline\":\"Qu\u00e9 ver en Tenerife en una semana\",\"datePublished\":\"2021-10-08T14:38:33+00:00\",\"dateModified\":\"2026-04-13T13:11:07+00:00\",\"mainEntityOfPage\":{\"@id\":\"https:\\\/\\\/decouvrirensemble.com\\\/es\\\/que-ver-en-tenerife-en-una-semana\"},\"wordCount\":3055,\"commentCount\":0,\"publisher\":{\"@id\":\"https:\\\/\\\/decouvrirensemble.com\\\/es#\\\/schema\\\/person\\\/a53efd44d02eb7f9ab90f96e84a9d2ba\"},\"image\":{\"@id\":\"https:\\\/\\\/decouvrirensemble.com\\\/es\\\/que-ver-en-tenerife-en-una-semana#primaryimage\"},\"thumbnailUrl\":\"https:\\\/\\\/decouvrirensemble.com\\\/wp-content\\\/uploads\\\/2021\\\/10\\\/tenerife-une-semaine-blog-voyage.jpg\",\"articleSection\":[\"Espa\u00f1a\",\"Gu\u00edas de viajes\"],\"inLanguage\":\"es\",\"potentialAction\":[{\"@type\":\"CommentAction\",\"name\":\"Comment\",\"target\":[\"https:\\\/\\\/decouvrirensemble.com\\\/es\\\/que-ver-en-tenerife-en-una-semana#respond\"]}]},{\"@type\":\"WebPage\",\"@id\":\"https:\\\/\\\/decouvrirensemble.com\\\/es\\\/que-ver-en-tenerife-en-una-semana\",\"url\":\"https:\\\/\\\/decouvrirensemble.com\\\/es\\\/que-ver-en-tenerife-en-una-semana\",\"name\":\"Qu\u00e9 ver en Tenerife en una semana - blog de viajes\",\"isPartOf\":{\"@id\":\"https:\\\/\\\/decouvrirensemble.com\\\/es#website\"},\"primaryImageOfPage\":{\"@id\":\"https:\\\/\\\/decouvrirensemble.com\\\/es\\\/que-ver-en-tenerife-en-una-semana#primaryimage\"},\"image\":{\"@id\":\"https:\\\/\\\/decouvrirensemble.com\\\/es\\\/que-ver-en-tenerife-en-una-semana#primaryimage\"},\"thumbnailUrl\":\"https:\\\/\\\/decouvrirensemble.com\\\/wp-content\\\/uploads\\\/2021\\\/10\\\/tenerife-une-semaine-blog-voyage.jpg\",\"datePublished\":\"2021-10-08T14:38:33+00:00\",\"dateModified\":\"2026-04-13T13:11:07+00:00\",\"description\":\"Descubra el itinerario de nuestras vacaciones en Tenerife, en Canarias, en nuestro blog. \u00bfQu\u00e9 ver en Tenerife en una semana?\",\"breadcrumb\":{\"@id\":\"https:\\\/\\\/decouvrirensemble.com\\\/es\\\/que-ver-en-tenerife-en-una-semana#breadcrumb\"},\"inLanguage\":\"es\",\"potentialAction\":[{\"@type\":\"ReadAction\",\"target\":[\"https:\\\/\\\/decouvrirensemble.com\\\/es\\\/que-ver-en-tenerife-en-una-semana\"]}]},{\"@type\":\"ImageObject\",\"inLanguage\":\"es\",\"@id\":\"https:\\\/\\\/decouvrirensemble.com\\\/es\\\/que-ver-en-tenerife-en-una-semana#primaryimage\",\"url\":\"https:\\\/\\\/decouvrirensemble.com\\\/wp-content\\\/uploads\\\/2021\\\/10\\\/tenerife-une-semaine-blog-voyage.jpg\",\"contentUrl\":\"https:\\\/\\\/decouvrirensemble.com\\\/wp-content\\\/uploads\\\/2021\\\/10\\\/tenerife-une-semaine-blog-voyage.jpg\",\"width\":1800,\"height\":1350,\"caption\":\"tenerife blog voyage\"},{\"@type\":\"BreadcrumbList\",\"@id\":\"https:\\\/\\\/decouvrirensemble.com\\\/es\\\/que-ver-en-tenerife-en-una-semana#breadcrumb\",\"itemListElement\":[{\"@type\":\"ListItem\",\"position\":1,\"name\":\"Accueil\",\"item\":\"https:\\\/\\\/decouvrirensemble.com\\\/es\"},{\"@type\":\"ListItem\",\"position\":2,\"name\":\"Destinos\",\"item\":\"https:\\\/\\\/decouvrirensemble.com\\\/es\\\/destinos\"},{\"@type\":\"ListItem\",\"position\":3,\"name\":\"Espa\u00f1a\",\"item\":\"https:\\\/\\\/decouvrirensemble.com\\\/es\\\/destinos\\\/espana\"},{\"@type\":\"ListItem\",\"position\":4,\"name\":\"Qu\u00e9 ver en Tenerife en una semana\"}]},{\"@type\":\"WebSite\",\"@id\":\"https:\\\/\\\/decouvrirensemble.com\\\/es#website\",\"url\":\"https:\\\/\\\/decouvrirensemble.com\\\/es\",\"name\":\"Blog Voyage - D\u00e9couvrir Ensemble\",\"description\":\"Le Blog Voyage de Clem et Alex\",\"publisher\":{\"@id\":\"https:\\\/\\\/decouvrirensemble.com\\\/es#\\\/schema\\\/person\\\/a53efd44d02eb7f9ab90f96e84a9d2ba\"},\"potentialAction\":[{\"@type\":\"SearchAction\",\"target\":{\"@type\":\"EntryPoint\",\"urlTemplate\":\"https:\\\/\\\/decouvrirensemble.com\\\/es?s={search_term_string}\"},\"query-input\":{\"@type\":\"PropertyValueSpecification\",\"valueRequired\":true,\"valueName\":\"search_term_string\"}}],\"inLanguage\":\"es\"},{\"@type\":[\"Person\",\"Organization\"],\"@id\":\"https:\\\/\\\/decouvrirensemble.com\\\/es#\\\/schema\\\/person\\\/a53efd44d02eb7f9ab90f96e84a9d2ba\",\"name\":\"Cl\u00e9mence &amp; Alexandre\",\"image\":{\"@type\":\"ImageObject\",\"inLanguage\":\"es\",\"@id\":\"https:\\\/\\\/decouvrirensemble.com\\\/wp-content\\\/uploads\\\/2024\\\/04\\\/logo-decouvrir-ensemble-blog-voyage.jpg\",\"url\":\"https:\\\/\\\/decouvrirensemble.com\\\/wp-content\\\/uploads\\\/2024\\\/04\\\/logo-decouvrir-ensemble-blog-voyage.jpg\",\"contentUrl\":\"https:\\\/\\\/decouvrirensemble.com\\\/wp-content\\\/uploads\\\/2024\\\/04\\\/logo-decouvrir-ensemble-blog-voyage.jpg\",\"width\":1563,\"height\":529,\"caption\":\"Cl\u00e9mence &amp; Alexandre\"},\"logo\":{\"@id\":\"https:\\\/\\\/decouvrirensemble.com\\\/wp-content\\\/uploads\\\/2024\\\/04\\\/logo-decouvrir-ensemble-blog-voyage.jpg\"},\"sameAs\":[\"https:\\\/\\\/decouvrirensemble.com\\\/\"]}]}<\/script>\n<!-- \/ Yoast SEO plugin. -->","yoast_head_json":{"title":"Qu\u00e9 ver en Tenerife en una semana - blog de viajes","description":"Descubra el itinerario de nuestras vacaciones en Tenerife, en Canarias, en nuestro blog. \u00bfQu\u00e9 ver en Tenerife en una semana?","robots":{"index":"index","follow":"follow","max-snippet":"max-snippet:-1","max-image-preview":"max-image-preview:large","max-video-preview":"max-video-preview:-1"},"canonical":"https:\/\/decouvrirensemble.com\/es\/que-ver-en-tenerife-en-una-semana","og_locale":"es_ES","og_type":"article","og_title":"Qu\u00e9 ver en Tenerife en una semana - blog de viajes","og_description":"Descubra el itinerario de nuestras vacaciones en Tenerife, en Canarias, en nuestro blog. \u00bfQu\u00e9 ver en Tenerife en una semana?","og_url":"https:\/\/decouvrirensemble.com\/es\/que-ver-en-tenerife-en-una-semana","og_site_name":"Blog Voyage - D\u00e9couvrir Ensemble","article_published_time":"2021-10-08T14:38:33+00:00","article_modified_time":"2026-04-13T13:11:07+00:00","og_image":[{"width":1800,"height":1350,"url":"https:\/\/decouvrirensemble.com\/wp-content\/uploads\/2021\/10\/tenerife-une-semaine-blog-voyage.jpg","type":"image\/jpeg"}],"author":"Cl\u00e9mence &amp; Alexandre","twitter_card":"summary_large_image","twitter_creator":"@dcouvrirensmble","twitter_site":"@dcouvrirensmble","twitter_misc":{"Escrito por":"Cl\u00e9mence &amp; Alexandre","Tiempo de lectura":"20 minutos"},"schema":{"@context":"https:\/\/schema.org","@graph":[{"@type":"Article","@id":"https:\/\/decouvrirensemble.com\/es\/que-ver-en-tenerife-en-una-semana#article","isPartOf":{"@id":"https:\/\/decouvrirensemble.com\/es\/que-ver-en-tenerife-en-una-semana"},"author":{"name":"Cl\u00e9mence &amp; Alexandre","@id":"https:\/\/decouvrirensemble.com\/es#\/schema\/person\/a53efd44d02eb7f9ab90f96e84a9d2ba"},"headline":"Qu\u00e9 ver en Tenerife en una semana","datePublished":"2021-10-08T14:38:33+00:00","dateModified":"2026-04-13T13:11:07+00:00","mainEntityOfPage":{"@id":"https:\/\/decouvrirensemble.com\/es\/que-ver-en-tenerife-en-una-semana"},"wordCount":3055,"commentCount":0,"publisher":{"@id":"https:\/\/decouvrirensemble.com\/es#\/schema\/person\/a53efd44d02eb7f9ab90f96e84a9d2ba"},"image":{"@id":"https:\/\/decouvrirensemble.com\/es\/que-ver-en-tenerife-en-una-semana#primaryimage"},"thumbnailUrl":"https:\/\/decouvrirensemble.com\/wp-content\/uploads\/2021\/10\/tenerife-une-semaine-blog-voyage.jpg","articleSection":["Espa\u00f1a","Gu\u00edas de viajes"],"inLanguage":"es","potentialAction":[{"@type":"CommentAction","name":"Comment","target":["https:\/\/decouvrirensemble.com\/es\/que-ver-en-tenerife-en-una-semana#respond"]}]},{"@type":"WebPage","@id":"https:\/\/decouvrirensemble.com\/es\/que-ver-en-tenerife-en-una-semana","url":"https:\/\/decouvrirensemble.com\/es\/que-ver-en-tenerife-en-una-semana","name":"Qu\u00e9 ver en Tenerife en una semana - blog de viajes","isPartOf":{"@id":"https:\/\/decouvrirensemble.com\/es#website"},"primaryImageOfPage":{"@id":"https:\/\/decouvrirensemble.com\/es\/que-ver-en-tenerife-en-una-semana#primaryimage"},"image":{"@id":"https:\/\/decouvrirensemble.com\/es\/que-ver-en-tenerife-en-una-semana#primaryimage"},"thumbnailUrl":"https:\/\/decouvrirensemble.com\/wp-content\/uploads\/2021\/10\/tenerife-une-semaine-blog-voyage.jpg","datePublished":"2021-10-08T14:38:33+00:00","dateModified":"2026-04-13T13:11:07+00:00","description":"Descubra el itinerario de nuestras vacaciones en Tenerife, en Canarias, en nuestro blog. \u00bfQu\u00e9 ver en Tenerife en una semana?","breadcrumb":{"@id":"https:\/\/decouvrirensemble.com\/es\/que-ver-en-tenerife-en-una-semana#breadcrumb"},"inLanguage":"es","potentialAction":[{"@type":"ReadAction","target":["https:\/\/decouvrirensemble.com\/es\/que-ver-en-tenerife-en-una-semana"]}]},{"@type":"ImageObject","inLanguage":"es","@id":"https:\/\/decouvrirensemble.com\/es\/que-ver-en-tenerife-en-una-semana#primaryimage","url":"https:\/\/decouvrirensemble.com\/wp-content\/uploads\/2021\/10\/tenerife-une-semaine-blog-voyage.jpg","contentUrl":"https:\/\/decouvrirensemble.com\/wp-content\/uploads\/2021\/10\/tenerife-une-semaine-blog-voyage.jpg","width":1800,"height":1350,"caption":"tenerife blog voyage"},{"@type":"BreadcrumbList","@id":"https:\/\/decouvrirensemble.com\/es\/que-ver-en-tenerife-en-una-semana#breadcrumb","itemListElement":[{"@type":"ListItem","position":1,"name":"Accueil","item":"https:\/\/decouvrirensemble.com\/es"},{"@type":"ListItem","position":2,"name":"Destinos","item":"https:\/\/decouvrirensemble.com\/es\/destinos"},{"@type":"ListItem","position":3,"name":"Espa\u00f1a","item":"https:\/\/decouvrirensemble.com\/es\/destinos\/espana"},{"@type":"ListItem","position":4,"name":"Qu\u00e9 ver en Tenerife en una semana"}]},{"@type":"WebSite","@id":"https:\/\/decouvrirensemble.com\/es#website","url":"https:\/\/decouvrirensemble.com\/es","name":"Blog Voyage - D\u00e9couvrir Ensemble","description":"Le Blog Voyage de Clem et Alex","publisher":{"@id":"https:\/\/decouvrirensemble.com\/es#\/schema\/person\/a53efd44d02eb7f9ab90f96e84a9d2ba"},"potentialAction":[{"@type":"SearchAction","target":{"@type":"EntryPoint","urlTemplate":"https:\/\/decouvrirensemble.com\/es?s={search_term_string}"},"query-input":{"@type":"PropertyValueSpecification","valueRequired":true,"valueName":"search_term_string"}}],"inLanguage":"es"},{"@type":["Person","Organization"],"@id":"https:\/\/decouvrirensemble.com\/es#\/schema\/person\/a53efd44d02eb7f9ab90f96e84a9d2ba","name":"Cl\u00e9mence &amp; Alexandre","image":{"@type":"ImageObject","inLanguage":"es","@id":"https:\/\/decouvrirensemble.com\/wp-content\/uploads\/2024\/04\/logo-decouvrir-ensemble-blog-voyage.jpg","url":"https:\/\/decouvrirensemble.com\/wp-content\/uploads\/2024\/04\/logo-decouvrir-ensemble-blog-voyage.jpg","contentUrl":"https:\/\/decouvrirensemble.com\/wp-content\/uploads\/2024\/04\/logo-decouvrir-ensemble-blog-voyage.jpg","width":1563,"height":529,"caption":"Cl\u00e9mence &amp; Alexandre"},"logo":{"@id":"https:\/\/decouvrirensemble.com\/wp-content\/uploads\/2024\/04\/logo-decouvrir-ensemble-blog-voyage.jpg"},"sameAs":["https:\/\/decouvrirensemble.com\/"]}]}},"modified_by":"Cl\u00e9mence &amp; Alexandre","_links":{"self":[{"href":"https:\/\/decouvrirensemble.com\/es\/wp-json\/wp\/v2\/posts\/45297","targetHints":{"allow":["GET"]}}],"collection":[{"href":"https:\/\/decouvrirensemble.com\/es\/wp-json\/wp\/v2\/posts"}],"about":[{"href":"https:\/\/decouvrirensemble.com\/es\/wp-json\/wp\/v2\/types\/post"}],"author":[{"embeddable":true,"href":"https:\/\/decouvrirensemble.com\/es\/wp-json\/wp\/v2\/users\/1"}],"replies":[{"embeddable":true,"href":"https:\/\/decouvrirensemble.com\/es\/wp-json\/wp\/v2\/comments?post=45297"}],"version-history":[{"count":5,"href":"https:\/\/decouvrirensemble.com\/es\/wp-json\/wp\/v2\/posts\/45297\/revisions"}],"predecessor-version":[{"id":65703,"href":"https:\/\/decouvrirensemble.com\/es\/wp-json\/wp\/v2\/posts\/45297\/revisions\/65703"}],"wp:featuredmedia":[{"embeddable":true,"href":"https:\/\/decouvrirensemble.com\/es\/wp-json\/wp\/v2\/media\/47851"}],"wp:attachment":[{"href":"https:\/\/decouvrirensemble.com\/es\/wp-json\/wp\/v2\/media?parent=45297"}],"wp:term":[{"taxonomy":"category","embeddable":true,"href":"https:\/\/decouvrirensemble.com\/es\/wp-json\/wp\/v2\/categories?post=45297"},{"taxonomy":"post_tag","embeddable":true,"href":"https:\/\/decouvrirensemble.com\/es\/wp-json\/wp\/v2\/tags?post=45297"}],"curies":[{"name":"wp","href":"https:\/\/api.w.org\/{rel}","templated":true}]}}