{"id":45486,"date":"2022-03-13T18:03:43","date_gmt":"2022-03-13T17:03:43","guid":{"rendered":"https:\/\/decouvrirensemble.com\/?p=45486"},"modified":"2026-04-13T15:09:12","modified_gmt":"2026-04-13T13:09:12","slug":"que-ver-en-ibiza","status":"publish","type":"post","link":"https:\/\/decouvrirensemble.com\/es\/que-ver-en-ibiza","title":{"rendered":"Qu\u00e9 ver en Ibiza: los lugares imprescindibles"},"content":{"rendered":"<p>\u00bfCree que <strong>en Ibiza<\/strong> s\u00f3lo hay marcha? Te equivocas. Hoy, en <strong>nuestro blog de viajes<\/strong>, compartimos contigo nuestras <strong>mejores direcciones y lugares imprescindibles de Ibiza.<\/strong> Ver\u00e1s que Ibiza es una isla preciosa con mucho que ofrecer. Esperamos que este art\u00edculo le ayude a descubrir <strong>qu\u00e9 ver en Ibiza<\/strong> durante sus vacaciones. \u00a1Disfrute de su descubrimiento!<\/p>\n<h2 id=\"que-ver\"><span class=\"ez-toc-section\" id=\"%C2%BFQue_ver_en_Ibiza_Nuestro_mapa_de_imprescindibles\"><\/span>\u00bfQu\u00e9 ver en Ibiza? Nuestro mapa de imprescindibles<span class=\"ez-toc-section-end\"><\/span><\/h2>\n<p>Para ayudarte a decidir <strong>qu\u00e9 ver en Ibiza<\/strong>, hemos elaborado un mapa con todos nuestros imprescindibles. Esperamos que le ayude a organizar su agenda.<\/p>\n<p>Pueblos tranquilos, calas, aguas turquesas, un ritmo de vida apacible y un arte de vivir \u00fanico con restaurantes de dise\u00f1o y lugares excepcionales: \u00a1hay todo un programa esper\u00e1ndole en esta isla de 571 km\u00b2! Para los dos, este viaje por carretera a Ibiza fue amor a primera vista. Fuimos en octubre y el tiempo era perfecto (entre 22 y 27 grados).<\/p>\n<img decoding=\"async\" class=\"alignnone size-full wp-image-16668\" src=\"https:\/\/decouvrirensemble.com\/wp-content\/uploads\/2022\/03\/que-faire-a-ibiza-vacances-itineraire-carte.jpg\" alt=\"carte ibiza\" width=\"1800\" height=\"1200\" srcset=\"https:\/\/decouvrirensemble.com\/wp-content\/uploads\/2022\/03\/que-faire-a-ibiza-vacances-itineraire-carte.jpg 1800w, https:\/\/decouvrirensemble.com\/wp-content\/uploads\/2022\/03\/que-faire-a-ibiza-vacances-itineraire-carte-300x200.jpg 300w, https:\/\/decouvrirensemble.com\/wp-content\/uploads\/2022\/03\/que-faire-a-ibiza-vacances-itineraire-carte-1024x683.jpg 1024w, https:\/\/decouvrirensemble.com\/wp-content\/uploads\/2022\/03\/que-faire-a-ibiza-vacances-itineraire-carte-768x512.jpg 768w, https:\/\/decouvrirensemble.com\/wp-content\/uploads\/2022\/03\/que-faire-a-ibiza-vacances-itineraire-carte-1536x1024.jpg 1536w\" sizes=\"(max-width: 1800px) 100vw, 1800px\" \/>\n<h2><span class=\"ez-toc-section\" id=\"%C2%BFQue_ver_en_Ibiza_Visitar_el_sur_de_la_isla\"><\/span>\u00bfQu\u00e9 ver en Ibiza? Visitar el sur de la isla<span class=\"ez-toc-section-end\"><\/span><\/h2>\n<p><strong>Qu\u00e9 hacer en Ibiza<\/strong> Siga todos nuestros consejos imprescindibles para visitar el sur de la isla. Esta es nuestra parte favorita de la isla, donde pasamos 3 d\u00edas durante <strong>nuestro viaje por carretera a Ibiza<\/strong>. Nos encantaron sus aguas turquesas y sus bonitas calas.<\/p>\n<h3><span class=\"ez-toc-section\" id=\"1_Cala_Comte_o_Cala_Conta\"><\/span>1. Cala Comte o Cala Conta<span class=\"ez-toc-section-end\"><\/span><\/h3>\n<p><a href=\"https:\/\/maps.app.goo.gl\/Y7deEpxsi79zt5Tp9\" rel=\"noopener\">Esta bonita playa<\/a> de arena fina y aguas turquesas se encuentra en el suroeste de la isla, cerca de la localidad de Sant Josep de sa Talaia. Es una de las playas m\u00e1s conocidas de Ibiza, tiene 600 metros de longitud y se divide en dos calas.<\/p>\n<p>Le aconsejamos que la visite bien a primera hora de la ma\u00f1ana, ya que durante el d\u00eda est\u00e1 muy concurrida, o bien al atardecer. El entorno ofrece un espect\u00e1culo incre\u00edble con los colores de la puesta de sol.<\/p>\n<ul>\n<li>D\u00f3nde comer en Cala Compte: Restaurante <a href=\"https:\/\/maps.app.goo.gl\/PLTWPUu1QcMMYmBb6\" rel=\"noopener\">Sunset Ashram<\/a>, consulte la secci\u00f3n \u00abD\u00f3nde comer en Ibiza\u00bb m\u00e1s abajo para obtener m\u00e1s detalles.<\/li>\n<\/ul>\n<img decoding=\"async\" class=\"alignnone size-full wp-image-16384\" src=\"https:\/\/decouvrirensemble.com\/wp-content\/uploads\/2022\/03\/Que_faire_a_ibiza_cala_comte.jpg\" alt=\"Cala comte Ibiza\" width=\"1800\" height=\"1200\" srcset=\"https:\/\/decouvrirensemble.com\/wp-content\/uploads\/2022\/03\/Que_faire_a_ibiza_cala_comte.jpg 1800w, https:\/\/decouvrirensemble.com\/wp-content\/uploads\/2022\/03\/Que_faire_a_ibiza_cala_comte-300x200.jpg 300w, https:\/\/decouvrirensemble.com\/wp-content\/uploads\/2022\/03\/Que_faire_a_ibiza_cala_comte-1024x683.jpg 1024w, https:\/\/decouvrirensemble.com\/wp-content\/uploads\/2022\/03\/Que_faire_a_ibiza_cala_comte-768x512.jpg 768w, https:\/\/decouvrirensemble.com\/wp-content\/uploads\/2022\/03\/Que_faire_a_ibiza_cala_comte-1536x1024.jpg 1536w\" sizes=\"(max-width: 1800px) 100vw, 1800px\" \/>\n<div id=\"attachment_16383\" style=\"width: 1810px\" class=\"wp-caption alignnone\"><img decoding=\"async\" aria-describedby=\"caption-attachment-16383\" class=\"wp-image-16383 size-full\" src=\"https:\/\/decouvrirensemble.com\/wp-content\/uploads\/2022\/03\/Cala_comte_Ibiza.jpg\" alt=\"Cala comte Ibiza\" width=\"1800\" height=\"1200\" srcset=\"https:\/\/decouvrirensemble.com\/wp-content\/uploads\/2022\/03\/Cala_comte_Ibiza.jpg 1800w, https:\/\/decouvrirensemble.com\/wp-content\/uploads\/2022\/03\/Cala_comte_Ibiza-300x200.jpg 300w, https:\/\/decouvrirensemble.com\/wp-content\/uploads\/2022\/03\/Cala_comte_Ibiza-1024x683.jpg 1024w, https:\/\/decouvrirensemble.com\/wp-content\/uploads\/2022\/03\/Cala_comte_Ibiza-768x512.jpg 768w, https:\/\/decouvrirensemble.com\/wp-content\/uploads\/2022\/03\/Cala_comte_Ibiza-1536x1024.jpg 1536w\" sizes=\"(max-width: 1800px) 100vw, 1800px\" \/><p id=\"caption-attachment-16383\" class=\"wp-caption-text\">Puesta de sol en Cala Comte<\/p><\/div>\n<h3><span class=\"ez-toc-section\" id=\"2_Cala_Tarida\"><\/span>2. Cala Tarida<span class=\"ez-toc-section-end\"><\/span><\/h3>\n<p>La playa de <a href=\"https:\/\/maps.app.goo.gl\/PuDNHmwwRUwqY1Xw8\">Cala Tarida<\/a> es bastante grande (unos 260 metros), con algunas terrazas de restaurantes y hoteles. Parece bastante familiar, pero hay pocos lugares con sombra. Nos encant\u00f3 pasear por las colinas y descubrir las casitas de pescadores, que puedes ver en nuestras fotos justo debajo.<\/p>\n<div id=\"attachment_16387\" style=\"width: 1810px\" class=\"wp-caption alignnone\"><img decoding=\"async\" aria-describedby=\"caption-attachment-16387\" class=\"wp-image-16387 size-full\" src=\"https:\/\/decouvrirensemble.com\/wp-content\/uploads\/2022\/03\/Que_faire_a_ibiza_cala_tarida.jpg\" alt=\"Cala Tarida\" width=\"1800\" height=\"1200\" srcset=\"https:\/\/decouvrirensemble.com\/wp-content\/uploads\/2022\/03\/Que_faire_a_ibiza_cala_tarida.jpg 1800w, https:\/\/decouvrirensemble.com\/wp-content\/uploads\/2022\/03\/Que_faire_a_ibiza_cala_tarida-300x200.jpg 300w, https:\/\/decouvrirensemble.com\/wp-content\/uploads\/2022\/03\/Que_faire_a_ibiza_cala_tarida-1024x683.jpg 1024w, https:\/\/decouvrirensemble.com\/wp-content\/uploads\/2022\/03\/Que_faire_a_ibiza_cala_tarida-768x512.jpg 768w, https:\/\/decouvrirensemble.com\/wp-content\/uploads\/2022\/03\/Que_faire_a_ibiza_cala_tarida-1536x1024.jpg 1536w\" sizes=\"(max-width: 1800px) 100vw, 1800px\" \/><p id=\"caption-attachment-16387\" class=\"wp-caption-text\">Cala Tarida<\/p><\/div>\n<img decoding=\"async\" class=\"alignnone size-full wp-image-16386\" src=\"https:\/\/decouvrirensemble.com\/wp-content\/uploads\/2022\/03\/Cala_tarida_ibiza.jpg\" alt=\"Cala Tarida\" width=\"1800\" height=\"1200\" srcset=\"https:\/\/decouvrirensemble.com\/wp-content\/uploads\/2022\/03\/Cala_tarida_ibiza.jpg 1800w, https:\/\/decouvrirensemble.com\/wp-content\/uploads\/2022\/03\/Cala_tarida_ibiza-300x200.jpg 300w, https:\/\/decouvrirensemble.com\/wp-content\/uploads\/2022\/03\/Cala_tarida_ibiza-1024x683.jpg 1024w, https:\/\/decouvrirensemble.com\/wp-content\/uploads\/2022\/03\/Cala_tarida_ibiza-768x512.jpg 768w, https:\/\/decouvrirensemble.com\/wp-content\/uploads\/2022\/03\/Cala_tarida_ibiza-1536x1024.jpg 1536w\" sizes=\"(max-width: 1800px) 100vw, 1800px\" \/>\n<h3><span class=\"ez-toc-section\" id=\"3_Cala_dHort\"><\/span>3. Cala d&#8217;Hort<span class=\"ez-toc-section-end\"><\/span><\/h3>\n<p>Vinimos a este lugar en particular por la famosa <a href=\"https:\/\/maps.app.goo.gl\/TD5X4MBnSmTXEk456\" rel=\"noopener\">vista de Es Vedr\u00e0<\/a>. Aunque este mirador es bastante tur\u00edstico, en nuestra opini\u00f3n es de visita obligada. Descubra m\u00e1s sobre esta misteriosa roca a continuaci\u00f3n.<\/p>\n<div id=\"attachment_16389\" style=\"width: 1810px\" class=\"wp-caption alignnone\"><img decoding=\"async\" aria-describedby=\"caption-attachment-16389\" class=\"wp-image-16389 size-full\" src=\"https:\/\/decouvrirensemble.com\/wp-content\/uploads\/2022\/03\/Que_faire_a_Ibiza_cala_d_hort.jpg\" alt=\"Ibiza\" width=\"1800\" height=\"1200\" srcset=\"https:\/\/decouvrirensemble.com\/wp-content\/uploads\/2022\/03\/Que_faire_a_Ibiza_cala_d_hort.jpg 1800w, https:\/\/decouvrirensemble.com\/wp-content\/uploads\/2022\/03\/Que_faire_a_Ibiza_cala_d_hort-300x200.jpg 300w, https:\/\/decouvrirensemble.com\/wp-content\/uploads\/2022\/03\/Que_faire_a_Ibiza_cala_d_hort-1024x683.jpg 1024w, https:\/\/decouvrirensemble.com\/wp-content\/uploads\/2022\/03\/Que_faire_a_Ibiza_cala_d_hort-768x512.jpg 768w, https:\/\/decouvrirensemble.com\/wp-content\/uploads\/2022\/03\/Que_faire_a_Ibiza_cala_d_hort-1536x1024.jpg 1536w\" sizes=\"(max-width: 1800px) 100vw, 1800px\" \/><p id=\"caption-attachment-16389\" class=\"wp-caption-text\">Impresionantes vistas de Es Vedr\u00e0<\/p><\/div>\n<img decoding=\"async\" class=\"alignnone size-full wp-image-16388\" src=\"https:\/\/decouvrirensemble.com\/wp-content\/uploads\/2022\/03\/Cala_d_hort_Ibiza.jpg\" alt=\"Cala d'hort\" width=\"1800\" height=\"1200\" srcset=\"https:\/\/decouvrirensemble.com\/wp-content\/uploads\/2022\/03\/Cala_d_hort_Ibiza.jpg 1800w, https:\/\/decouvrirensemble.com\/wp-content\/uploads\/2022\/03\/Cala_d_hort_Ibiza-300x200.jpg 300w, https:\/\/decouvrirensemble.com\/wp-content\/uploads\/2022\/03\/Cala_d_hort_Ibiza-1024x683.jpg 1024w, https:\/\/decouvrirensemble.com\/wp-content\/uploads\/2022\/03\/Cala_d_hort_Ibiza-768x512.jpg 768w, https:\/\/decouvrirensemble.com\/wp-content\/uploads\/2022\/03\/Cala_d_hort_Ibiza-1536x1024.jpg 1536w\" sizes=\"(max-width: 1800px) 100vw, 1800px\" \/>\n<img decoding=\"async\" class=\"alignnone size-full wp-image-17601\" src=\"https:\/\/decouvrirensemble.com\/wp-content\/uploads\/2022\/03\/voyage-ibiza.jpg\" alt=\"Ibiza\" width=\"1800\" height=\"1200\" srcset=\"https:\/\/decouvrirensemble.com\/wp-content\/uploads\/2022\/03\/voyage-ibiza.jpg 1800w, https:\/\/decouvrirensemble.com\/wp-content\/uploads\/2022\/03\/voyage-ibiza-300x200.jpg 300w, https:\/\/decouvrirensemble.com\/wp-content\/uploads\/2022\/03\/voyage-ibiza-1024x683.jpg 1024w, https:\/\/decouvrirensemble.com\/wp-content\/uploads\/2022\/03\/voyage-ibiza-768x512.jpg 768w, https:\/\/decouvrirensemble.com\/wp-content\/uploads\/2022\/03\/voyage-ibiza-1536x1024.jpg 1536w\" sizes=\"(max-width: 1800px) 100vw, 1800px\" \/>\n<h3><span class=\"ez-toc-section\" id=\"4_Es_Vedra\"><\/span>4. Es Vedr\u00e0<span class=\"ez-toc-section-end\"><\/span><\/h3>\n<p><strong>\u00bfQu\u00e9 ver en Ibiza?<\/strong> \u00a1Imposible perderse Es Vedr\u00e0 en su visita! Esta roca, que se puede admirar desde muchos lugares de la isla de Ibiza, es bastante fascinante. Se dice que es el 3\u1d49 punto m\u00e1s magn\u00e9tico del planeta. La leyenda dice que su campo magn\u00e9tico podr\u00eda hacer saltar los relojes o perturbar a sus visitantes. Otros van m\u00e1s all\u00e1 y creen que su fuerte energ\u00eda podr\u00eda atraer a los extraterrestres. Sea como fuere, es un lugar por descubrir.<\/p>\n<p>Le recomendamos que planee ir al atardecer y que se lleve un picnic o un aperitivo. Para llegar al lugar que aparece en nuestras fotos, aparca en el aparcamiento espec\u00edfico y camina unos 15 minutos. No se perder\u00e1 porque estar\u00e1 rodeado de muchos lugare\u00f1os y turistas que vienen aqu\u00ed a ver la puesta de sol al ritmo de la m\u00fasica. Nos gust\u00f3 mucho el ambiente festivo. Para ayudarte, tambi\u00e9n hemos a\u00f1adido las <a href=\"https:\/\/maps.app.goo.gl\/9HJ76ug5zTqCrUeG7\" rel=\"noopener\">coordenadas GPS de nuestro lugar de puesta de sol.<\/a><\/p>\n<img decoding=\"async\" class=\"alignnone size-full wp-image-16394\" src=\"https:\/\/decouvrirensemble.com\/wp-content\/uploads\/2022\/03\/Es_Vedra_que_faire_a_Ibiza.jpg\" alt=\"Es Vedra\" width=\"1800\" height=\"1200\" srcset=\"https:\/\/decouvrirensemble.com\/wp-content\/uploads\/2022\/03\/Es_Vedra_que_faire_a_Ibiza.jpg 1800w, https:\/\/decouvrirensemble.com\/wp-content\/uploads\/2022\/03\/Es_Vedra_que_faire_a_Ibiza-300x200.jpg 300w, https:\/\/decouvrirensemble.com\/wp-content\/uploads\/2022\/03\/Es_Vedra_que_faire_a_Ibiza-1024x683.jpg 1024w, https:\/\/decouvrirensemble.com\/wp-content\/uploads\/2022\/03\/Es_Vedra_que_faire_a_Ibiza-768x512.jpg 768w, https:\/\/decouvrirensemble.com\/wp-content\/uploads\/2022\/03\/Es_Vedra_que_faire_a_Ibiza-1536x1024.jpg 1536w\" sizes=\"(max-width: 1800px) 100vw, 1800px\" \/>\n<div id=\"attachment_17600\" style=\"width: 1810px\" class=\"wp-caption alignnone\"><img decoding=\"async\" aria-describedby=\"caption-attachment-17600\" class=\"wp-image-17600 size-full\" src=\"https:\/\/decouvrirensemble.com\/wp-content\/uploads\/2022\/03\/ibiza-secret.jpg\" alt=\"Ibiza couple\" width=\"1800\" height=\"1200\" srcset=\"https:\/\/decouvrirensemble.com\/wp-content\/uploads\/2022\/03\/ibiza-secret.jpg 1800w, https:\/\/decouvrirensemble.com\/wp-content\/uploads\/2022\/03\/ibiza-secret-300x200.jpg 300w, https:\/\/decouvrirensemble.com\/wp-content\/uploads\/2022\/03\/ibiza-secret-1024x683.jpg 1024w, https:\/\/decouvrirensemble.com\/wp-content\/uploads\/2022\/03\/ibiza-secret-768x512.jpg 768w, https:\/\/decouvrirensemble.com\/wp-content\/uploads\/2022\/03\/ibiza-secret-1536x1024.jpg 1536w\" sizes=\"(max-width: 1800px) 100vw, 1800px\" \/><p id=\"caption-attachment-17600\" class=\"wp-caption-text\">Lugar secreto en Ibiza<\/p><\/div>\n<h3><span class=\"ez-toc-section\" id=\"5_Dalt_Vila_la_parte_alta_de_Ibiza_ciudad\"><\/span>5. Dalt Vila, la parte alta de Ibiza ciudad<span class=\"ez-toc-section-end\"><\/span><\/h3>\n<p><a href=\"https:\/\/maps.app.goo.gl\/UTAPqyxj8vrThAb6A\" rel=\"noopener\">Dalt Vila<\/a> es el nombre que recibe la parte alta de Ibiza. Es Patrimonio de la Humanidad por la UNESCO desde 1999. Nos encant\u00f3 esta peque\u00f1a ciudad de calles empedradas y llenas de flores, fachadas blancas y bonitas terrazas de colores. No olvide llevar calzado plano, ya que las calles pueden ser bastante empinadas. Tardar\u00e1 unas dos horas en completar el recorrido, con una pausa para tomar un caf\u00e9 (\u00bfo sangr\u00eda?) en una de las peque\u00f1as terrazas.<\/p>\n<ul>\n<li>D\u00f3nde tomar algo en Dalt Vila: la m\u00e1s conocida de las terrazas es <a href=\"https:\/\/maps.app.goo.gl\/fCxoAATL3xNnWZWY6\" rel=\"noopener\">S&#8217;Escalinata<\/a>, situada en una escalera especialmente acondicionada.<\/li>\n<\/ul>\n<img decoding=\"async\" class=\"alignnone size-full wp-image-16390\" src=\"https:\/\/decouvrirensemble.com\/wp-content\/uploads\/2022\/03\/Eivissa_Dalt_Vila_ibiza.jpg\" alt=\"Eivissa Dalt Vila\" width=\"1800\" height=\"1200\" srcset=\"https:\/\/decouvrirensemble.com\/wp-content\/uploads\/2022\/03\/Eivissa_Dalt_Vila_ibiza.jpg 1800w, https:\/\/decouvrirensemble.com\/wp-content\/uploads\/2022\/03\/Eivissa_Dalt_Vila_ibiza-300x200.jpg 300w, https:\/\/decouvrirensemble.com\/wp-content\/uploads\/2022\/03\/Eivissa_Dalt_Vila_ibiza-1024x683.jpg 1024w, https:\/\/decouvrirensemble.com\/wp-content\/uploads\/2022\/03\/Eivissa_Dalt_Vila_ibiza-768x512.jpg 768w, https:\/\/decouvrirensemble.com\/wp-content\/uploads\/2022\/03\/Eivissa_Dalt_Vila_ibiza-1536x1024.jpg 1536w\" sizes=\"(max-width: 1800px) 100vw, 1800px\" \/>\n<img decoding=\"async\" class=\"alignnone size-full wp-image-16391\" src=\"https:\/\/decouvrirensemble.com\/wp-content\/uploads\/2022\/03\/Ville_Eivissa_Dalt_Vila_Ibiza.jpg\" alt=\"Eivissa Dalt Vila\" width=\"1800\" height=\"1200\" srcset=\"https:\/\/decouvrirensemble.com\/wp-content\/uploads\/2022\/03\/Ville_Eivissa_Dalt_Vila_Ibiza.jpg 1800w, https:\/\/decouvrirensemble.com\/wp-content\/uploads\/2022\/03\/Ville_Eivissa_Dalt_Vila_Ibiza-300x200.jpg 300w, https:\/\/decouvrirensemble.com\/wp-content\/uploads\/2022\/03\/Ville_Eivissa_Dalt_Vila_Ibiza-1024x683.jpg 1024w, https:\/\/decouvrirensemble.com\/wp-content\/uploads\/2022\/03\/Ville_Eivissa_Dalt_Vila_Ibiza-768x512.jpg 768w, https:\/\/decouvrirensemble.com\/wp-content\/uploads\/2022\/03\/Ville_Eivissa_Dalt_Vila_Ibiza-1536x1024.jpg 1536w\" sizes=\"(max-width: 1800px) 100vw, 1800px\" \/>\n<h3><span class=\"ez-toc-section\" id=\"6_Sa_Caleta_o_Es_Bol_Nou\"><\/span>6. Sa Caleta o Es Bol Nou<span class=\"ez-toc-section-end\"><\/span><\/h3>\n<p><a href=\"https:\/\/maps.app.goo.gl\/V3SmuumGF9tP7ZeJ8\" rel=\"noopener\">Este m\u00e1gico paraje<\/a> est\u00e1 formado por una playa de arena fina, acantilados de piedra anaranjada y rodeado de numerosos pinos. Este lugar nos pareci\u00f3 encantador y el contraste de colores nos sedujo. Puedes sentarte en la playa o explorar los altos acantilados. <a href=\"https:\/\/maps.app.goo.gl\/M1a47dSNAmo3pkbX6\" rel=\"noopener\">Aqu\u00ed<\/a> encontrar\u00e1 un pasadizo que conduce a una cueva subterr\u00e1nea ultra fotog\u00e9nica.<\/p>\n<div id=\"attachment_16392\" style=\"width: 1810px\" class=\"wp-caption alignnone\"><img decoding=\"async\" aria-describedby=\"caption-attachment-16392\" class=\"wp-image-16392 size-full\" src=\"https:\/\/decouvrirensemble.com\/wp-content\/uploads\/2022\/03\/Que_faire_a_Ibiza_Sa_Caleta.jpg\" alt=\"Sa Caleta Ibiza\" width=\"1800\" height=\"1200\" srcset=\"https:\/\/decouvrirensemble.com\/wp-content\/uploads\/2022\/03\/Que_faire_a_Ibiza_Sa_Caleta.jpg 1800w, https:\/\/decouvrirensemble.com\/wp-content\/uploads\/2022\/03\/Que_faire_a_Ibiza_Sa_Caleta-300x200.jpg 300w, https:\/\/decouvrirensemble.com\/wp-content\/uploads\/2022\/03\/Que_faire_a_Ibiza_Sa_Caleta-1024x683.jpg 1024w, https:\/\/decouvrirensemble.com\/wp-content\/uploads\/2022\/03\/Que_faire_a_Ibiza_Sa_Caleta-768x512.jpg 768w, https:\/\/decouvrirensemble.com\/wp-content\/uploads\/2022\/03\/Que_faire_a_Ibiza_Sa_Caleta-1536x1024.jpg 1536w\" sizes=\"(max-width: 1800px) 100vw, 1800px\" \/><p id=\"caption-attachment-16392\" class=\"wp-caption-text\">Sa Caleta<\/p><\/div>\n<img decoding=\"async\" class=\"alignnone size-full wp-image-16393\" src=\"https:\/\/decouvrirensemble.com\/wp-content\/uploads\/2022\/03\/Sa_Caleta_Ibiza.jpg\" alt=\"Sa Caleta Ibiza\" width=\"1800\" height=\"1200\" srcset=\"https:\/\/decouvrirensemble.com\/wp-content\/uploads\/2022\/03\/Sa_Caleta_Ibiza.jpg 1800w, https:\/\/decouvrirensemble.com\/wp-content\/uploads\/2022\/03\/Sa_Caleta_Ibiza-300x200.jpg 300w, https:\/\/decouvrirensemble.com\/wp-content\/uploads\/2022\/03\/Sa_Caleta_Ibiza-1024x683.jpg 1024w, https:\/\/decouvrirensemble.com\/wp-content\/uploads\/2022\/03\/Sa_Caleta_Ibiza-768x512.jpg 768w, https:\/\/decouvrirensemble.com\/wp-content\/uploads\/2022\/03\/Sa_Caleta_Ibiza-1536x1024.jpg 1536w\" sizes=\"(max-width: 1800px) 100vw, 1800px\" \/>\n<h2><span class=\"ez-toc-section\" id=\"%C2%BFQue_ver_en_Ibiza_Visitar_el_norte_de_la_isla\"><\/span>\u00bfQu\u00e9 ver en Ibiza? Visitar el norte de la isla<span class=\"ez-toc-section-end\"><\/span><\/h2>\n<p>Durante sus vacaciones en Ibiza, t\u00f3mese su tiempo para descubrir el norte de la isla, m\u00e1s salvaje que el sur. Descubra la playa de Cala Xarraca y el mercadillo hippy de Las Dalias.<\/p>\n<h3><span class=\"ez-toc-section\" id=\"1_Cala_Xarraca\"><\/span>1. Cala Xarraca<span class=\"ez-toc-section-end\"><\/span><\/h3>\n<p><a href=\"https:\/\/maps.app.goo.gl\/LNNqEBAexAiiTfe29\" rel=\"noopener\">Esta bonita playa<\/a>, m\u00e1s salvaje que las anteriores, bien merece una visita. No es el lugar ideal para ba\u00f1arse o pasar el d\u00eda en la playa, ya que el suelo est\u00e1 formado por algas y piedras. No obstante, nos pareci\u00f3 un lugar magn\u00edfico, por lo que lo recomendar\u00edamos m\u00e1s para dar un peque\u00f1o paseo.<\/p>\n<ul>\n<li>D\u00f3nde comer cerca de Cala Xarraca: nosotros cenamos en el restaurante <a href=\"https:\/\/maps.app.goo.gl\/6FHf7E5a4ou3Zy1v7\" rel=\"noopener\">Los Enamorados<\/a>, que es realmente incre\u00edble y est\u00e1 a menos de 10 minutos en coche de Cala Xarraca. Mira nuestras fotos y explicaciones un poco m\u00e1s abajo en el art\u00edculo.<\/li>\n<\/ul>\n<img decoding=\"async\" class=\"alignnone size-full wp-image-16395\" src=\"https:\/\/decouvrirensemble.com\/wp-content\/uploads\/2022\/03\/Que_faire_ibiza_Cala_Xarraca.jpg\" alt=\"Cala Xarraca\" width=\"1800\" height=\"1200\" srcset=\"https:\/\/decouvrirensemble.com\/wp-content\/uploads\/2022\/03\/Que_faire_ibiza_Cala_Xarraca.jpg 1800w, https:\/\/decouvrirensemble.com\/wp-content\/uploads\/2022\/03\/Que_faire_ibiza_Cala_Xarraca-300x200.jpg 300w, https:\/\/decouvrirensemble.com\/wp-content\/uploads\/2022\/03\/Que_faire_ibiza_Cala_Xarraca-1024x683.jpg 1024w, https:\/\/decouvrirensemble.com\/wp-content\/uploads\/2022\/03\/Que_faire_ibiza_Cala_Xarraca-768x512.jpg 768w, https:\/\/decouvrirensemble.com\/wp-content\/uploads\/2022\/03\/Que_faire_ibiza_Cala_Xarraca-1536x1024.jpg 1536w\" sizes=\"(max-width: 1800px) 100vw, 1800px\" \/>\n<h3><span class=\"ez-toc-section\" id=\"2_Mercado_de_Las_Dalias\"><\/span>2. Mercado de Las Dalias<span class=\"ez-toc-section-end\"><\/span><\/h3>\n<p>El mercadillo hippy de Ibiza ofrece todo tipo de souvenirs para llevarse a casa: ropa, adornos, cestas de mimbre, complementos&#8230; Todo hecho a mano y \u00e9tnico. El ambiente es muy relajado y la visita va acompa\u00f1ada de m\u00fasica. Nos gust\u00f3 mucho el ambiente que se respira aqu\u00ed, y tambi\u00e9n hay varios restaurantes y terrazas.<\/p>\n<p>El mercado abre todos los a\u00f1os del 1 de mayo al 31 de octubre, pero s\u00f3lo los s\u00e1bados. Si viene en coche, <a href=\"https:\/\/maps.app.goo.gl\/qYLoypAXRc1qamim8\">aparque en el parking espec\u00edfico<\/a>, que cuesta 2 euros por veh\u00edculo.<\/p>\n<img decoding=\"async\" class=\"alignnone size-full wp-image-16398\" src=\"https:\/\/decouvrirensemble.com\/wp-content\/uploads\/2022\/03\/Que_faire_a_Ibiza_Las_Dalias.jpg\" alt=\"Las Dalias\" width=\"1800\" height=\"1200\" srcset=\"https:\/\/decouvrirensemble.com\/wp-content\/uploads\/2022\/03\/Que_faire_a_Ibiza_Las_Dalias.jpg 1800w, https:\/\/decouvrirensemble.com\/wp-content\/uploads\/2022\/03\/Que_faire_a_Ibiza_Las_Dalias-300x200.jpg 300w, https:\/\/decouvrirensemble.com\/wp-content\/uploads\/2022\/03\/Que_faire_a_Ibiza_Las_Dalias-1024x683.jpg 1024w, https:\/\/decouvrirensemble.com\/wp-content\/uploads\/2022\/03\/Que_faire_a_Ibiza_Las_Dalias-768x512.jpg 768w, https:\/\/decouvrirensemble.com\/wp-content\/uploads\/2022\/03\/Que_faire_a_Ibiza_Las_Dalias-1536x1024.jpg 1536w\" sizes=\"(max-width: 1800px) 100vw, 1800px\" \/>\n<div id=\"attachment_16397\" style=\"width: 1810px\" class=\"wp-caption alignnone\"><img decoding=\"async\" aria-describedby=\"caption-attachment-16397\" class=\"wp-image-16397 size-full\" src=\"https:\/\/decouvrirensemble.com\/wp-content\/uploads\/2022\/03\/Las_Dalias_Ibiza.jpg\" alt=\"Las Dalias\" width=\"1800\" height=\"1200\" srcset=\"https:\/\/decouvrirensemble.com\/wp-content\/uploads\/2022\/03\/Las_Dalias_Ibiza.jpg 1800w, https:\/\/decouvrirensemble.com\/wp-content\/uploads\/2022\/03\/Las_Dalias_Ibiza-300x200.jpg 300w, https:\/\/decouvrirensemble.com\/wp-content\/uploads\/2022\/03\/Las_Dalias_Ibiza-1024x683.jpg 1024w, https:\/\/decouvrirensemble.com\/wp-content\/uploads\/2022\/03\/Las_Dalias_Ibiza-768x512.jpg 768w, https:\/\/decouvrirensemble.com\/wp-content\/uploads\/2022\/03\/Las_Dalias_Ibiza-1536x1024.jpg 1536w\" sizes=\"(max-width: 1800px) 100vw, 1800px\" \/><p id=\"caption-attachment-16397\" class=\"wp-caption-text\">Las Dalias<\/p><\/div>\n<h2><span class=\"ez-toc-section\" id=\"%C2%BFQue_ver_en_Ibiza_Pasar_un_dia_en_Formentera\"><\/span>\u00bfQu\u00e9 ver en Ibiza? Pasar un d\u00eda en Formentera<span class=\"ez-toc-section-end\"><\/span><\/h2>\n<p>Si tiene tiempo durante su viaje por carretera a Ibiza, coja un ferry y pase un d\u00eda en <a href=\"https:\/\/decouvrirensemble.com\/es\/que-ver-en-formentera-en-un-dia\" rel=\"noopener\">Formentera<\/a>. Esta peque\u00f1a isla junto a Ibiza merece sin duda una visita. Nos encant\u00f3 pasar un d\u00eda aqu\u00ed, con sus playas, calas y paseos en scooter.<\/p>\n<p>Te recomendamos que reserves con antelaci\u00f3n el viaje de vuelta en barco con la compa\u00f1\u00eda de ferrys M\u00e9diterr\u00e1nea Pituita. La traves\u00eda dura entre 30 y 40 minutos.<\/p>\n<p>Elegimos la oferta que te permite alquilar directamente una scooter adem\u00e1s de la traves\u00eda en ferry. Cuesta entre 70 y 80 \u20ac por ambas cosas. Merece la pena disponer de una scooter para pasar el d\u00eda si quieres ver la mayor parte posible de la isla y sus playas m\u00e1s bonitas. Encontrar\u00e1s todos nuestros consejos y direcciones imprescindibles de Formentera en nuestro art\u00edculo dedicado.<\/p>\n    <div class=\"niceButton\"><a href=\"https:\/\/decouvrirensemble.com\/es\/que-ver-en-formentera-en-un-dia\" target=\"_blank\" class=\"emojiLink\">\n                    <span class=\"emojiLink__emoji\">\ud83c\udf1e<\/span>\n                <span class=\"emojiLink__title title title--big\">Art\u00edculo Formentera<\/span>\n    <\/a><\/div>\n\n    \n<img decoding=\"async\" class=\"alignnone size-full wp-image-16649\" src=\"https:\/\/decouvrirensemble.com\/wp-content\/uploads\/2022\/03\/Formentera_Ibiza_guide.jpg\" alt=\"Que faire \u00e0 Formentera\" width=\"1800\" height=\"1200\" srcset=\"https:\/\/decouvrirensemble.com\/wp-content\/uploads\/2022\/03\/Formentera_Ibiza_guide.jpg 1800w, https:\/\/decouvrirensemble.com\/wp-content\/uploads\/2022\/03\/Formentera_Ibiza_guide-300x200.jpg 300w, https:\/\/decouvrirensemble.com\/wp-content\/uploads\/2022\/03\/Formentera_Ibiza_guide-1024x683.jpg 1024w, https:\/\/decouvrirensemble.com\/wp-content\/uploads\/2022\/03\/Formentera_Ibiza_guide-768x512.jpg 768w, https:\/\/decouvrirensemble.com\/wp-content\/uploads\/2022\/03\/Formentera_Ibiza_guide-1536x1024.jpg 1536w\" sizes=\"(max-width: 1800px) 100vw, 1800px\" \/>\n<img decoding=\"async\" class=\"alignnone size-full wp-image-16648\" src=\"https:\/\/decouvrirensemble.com\/wp-content\/uploads\/2022\/03\/Decouvrir-Formentera-blog.jpg\" alt=\"Formentera\" width=\"1800\" height=\"1200\" srcset=\"https:\/\/decouvrirensemble.com\/wp-content\/uploads\/2022\/03\/Decouvrir-Formentera-blog.jpg 1800w, https:\/\/decouvrirensemble.com\/wp-content\/uploads\/2022\/03\/Decouvrir-Formentera-blog-300x200.jpg 300w, https:\/\/decouvrirensemble.com\/wp-content\/uploads\/2022\/03\/Decouvrir-Formentera-blog-1024x683.jpg 1024w, https:\/\/decouvrirensemble.com\/wp-content\/uploads\/2022\/03\/Decouvrir-Formentera-blog-768x512.jpg 768w, https:\/\/decouvrirensemble.com\/wp-content\/uploads\/2022\/03\/Decouvrir-Formentera-blog-1536x1024.jpg 1536w\" sizes=\"(max-width: 1800px) 100vw, 1800px\" \/>\n<h2 id=\"dormir\"><span class=\"ez-toc-section\" id=\"%C2%BFDonde_alojarse_en_Ibiza_Nuestras_mejores_direcciones\"><\/span>\u00bfD\u00f3nde alojarse en Ibiza? Nuestras mejores direcciones<span class=\"ez-toc-section-end\"><\/span><\/h2>\n<p>Si se pregunta d\u00f3nde alojarse en Ibiza para disfrutar al m\u00e1ximo de la isla&#8230; Nuestro consejo: elija 2 hoteles diferentes (uno en el norte y otro en el sur) para descubrir la isla al m\u00e1ximo. Las dos direcciones que hemos probado tienen sus puntos fuertes, y te los contamos a continuaci\u00f3n.<\/p>\n<h3><span class=\"ez-toc-section\" id=\"1_Paradiso_Ibiza_Art_Hotel\"><\/span>1. Paradiso Ibiza Art Hotel<span class=\"ez-toc-section-end\"><\/span><\/h3>\n<p>Un flechazo garantizado para todos los amantes del dise\u00f1o y la decoraci\u00f3n retro, el Paradiso Ibiza Art Hotel es un lugar lleno de color. Te sentir\u00e1s casi como en Palm Springs con los diversos objetos inspirados en la costa oeste de EE UU.<\/p>\n<p>Las habitaciones son grandes y c\u00f3modas, algunas tienen terraza, \u00a1y pasamos una estancia estupenda! La \u00fanica pega es la insonorizaci\u00f3n entre las distintas habitaciones, que no es excepcional dependiendo del nivel de ruido de los vecinos.<\/p>\n<p>Nos encant\u00f3 fotografiarlo desde todos los \u00e1ngulos y disfrutar de su ambiente festivo. De hecho, el d\u00eda est\u00e1 animado al lado de las dos piscinas con un DJ set, y hay una gran terraza donde se puede desayunar, comer o tomar una copa. M\u00e1s informaci\u00f3n sobre el restaurante Paradiso a continuaci\u00f3n.<\/p>\n<p>Le recomendamos que pase 1 o 2 noches en el hotel Paradiso durante sus vacaciones en Ibiza, y luego cambie de hotel para visitar otra parte de la isla.<\/p>\n    <div class=\"niceButton\"><a href=\"https:\/\/www.booking.com\/hotel\/es\/paradiso-ibiza-art.fr.html?aid=1286053\" target=\"_blank\" class=\"emojiLink\">\n                    <span class=\"emojiLink__emoji\">\u2764\ufe0f<\/span>\n                <span class=\"emojiLink__title title title--big\">Ver disponibilidad<\/span>\n    <\/a><\/div>\n\n    \n<img decoding=\"async\" class=\"alignnone size-full wp-image-16375\" src=\"https:\/\/decouvrirensemble.com\/wp-content\/uploads\/2022\/03\/Paradiso_hotel_Ibiza.jpg\" alt=\"Paradiso hotel Ibiza\" width=\"1800\" height=\"1200\" srcset=\"https:\/\/decouvrirensemble.com\/wp-content\/uploads\/2022\/03\/Paradiso_hotel_Ibiza.jpg 1800w, https:\/\/decouvrirensemble.com\/wp-content\/uploads\/2022\/03\/Paradiso_hotel_Ibiza-300x200.jpg 300w, https:\/\/decouvrirensemble.com\/wp-content\/uploads\/2022\/03\/Paradiso_hotel_Ibiza-1024x683.jpg 1024w, https:\/\/decouvrirensemble.com\/wp-content\/uploads\/2022\/03\/Paradiso_hotel_Ibiza-768x512.jpg 768w, https:\/\/decouvrirensemble.com\/wp-content\/uploads\/2022\/03\/Paradiso_hotel_Ibiza-1536x1024.jpg 1536w\" sizes=\"(max-width: 1800px) 100vw, 1800px\" \/>\n<img decoding=\"async\" class=\"alignnone size-full wp-image-16374\" src=\"https:\/\/decouvrirensemble.com\/wp-content\/uploads\/2022\/03\/Paradiso_hotel_Ibiza_ou_dormir.jpg\" alt=\"Paradiso hotel Ibiza\" width=\"1800\" height=\"1200\" srcset=\"https:\/\/decouvrirensemble.com\/wp-content\/uploads\/2022\/03\/Paradiso_hotel_Ibiza_ou_dormir.jpg 1800w, https:\/\/decouvrirensemble.com\/wp-content\/uploads\/2022\/03\/Paradiso_hotel_Ibiza_ou_dormir-300x200.jpg 300w, https:\/\/decouvrirensemble.com\/wp-content\/uploads\/2022\/03\/Paradiso_hotel_Ibiza_ou_dormir-1024x683.jpg 1024w, https:\/\/decouvrirensemble.com\/wp-content\/uploads\/2022\/03\/Paradiso_hotel_Ibiza_ou_dormir-768x512.jpg 768w, https:\/\/decouvrirensemble.com\/wp-content\/uploads\/2022\/03\/Paradiso_hotel_Ibiza_ou_dormir-1536x1024.jpg 1536w\" sizes=\"(max-width: 1800px) 100vw, 1800px\" \/>\n<h3><span class=\"ez-toc-section\" id=\"2_Petunia_Ibiza\"><\/span>2. Petunia Ibiza<span class=\"ez-toc-section-end\"><\/span><\/h3>\n<p>Descubrimos este hotel por casualidad cuando fuimos a comer a su restaurante, Messa Escondida (os hablaremos m\u00e1s de este restaurante al final del art\u00edculo, en la categor\u00eda \u00abrestaurantes en Ibiza\u00bb). \u00a1Y vaya sorpresa! Este hotel boutique, con vistas a la roca de Es Vedr\u00e0 y una decoraci\u00f3n colorista y bohemia, nos cautiv\u00f3.<\/p>\n<p>La inspiraci\u00f3n griega se encuentra en la arquitectura e incluso en la carta del restaurante. El lugar tambi\u00e9n cuenta con un bar con unas vistas excepcionales si lo que desea es tomar una copa en este lugar \u00fanico. Si buscas un hotel de dise\u00f1o con una c\u00e1lida bienvenida, el Petunia Ibiza es el lugar ideal.<\/p>\n    <div class=\"niceButton\"><a href=\"https:\/\/www.booking.com\/hotel\/es\/apartamentos-petunia.fr.html?aid=1286053\" target=\"_blank\" class=\"emojiLink\">\n                    <span class=\"emojiLink__emoji\">\u2764\ufe0f<\/span>\n                <span class=\"emojiLink__title title title--big\">Consultar disponibilidad<\/span>\n    <\/a><\/div>\n\n    \n<img decoding=\"async\" class=\"alignnone size-full wp-image-16379\" src=\"https:\/\/decouvrirensemble.com\/wp-content\/uploads\/2022\/03\/Petunia_Ibiza_ou_dormir.jpg\" alt=\"Petunia Ibiza hotel\" width=\"1800\" height=\"1200\" srcset=\"https:\/\/decouvrirensemble.com\/wp-content\/uploads\/2022\/03\/Petunia_Ibiza_ou_dormir.jpg 1800w, https:\/\/decouvrirensemble.com\/wp-content\/uploads\/2022\/03\/Petunia_Ibiza_ou_dormir-300x200.jpg 300w, https:\/\/decouvrirensemble.com\/wp-content\/uploads\/2022\/03\/Petunia_Ibiza_ou_dormir-1024x683.jpg 1024w, https:\/\/decouvrirensemble.com\/wp-content\/uploads\/2022\/03\/Petunia_Ibiza_ou_dormir-768x512.jpg 768w, https:\/\/decouvrirensemble.com\/wp-content\/uploads\/2022\/03\/Petunia_Ibiza_ou_dormir-1536x1024.jpg 1536w\" sizes=\"(max-width: 1800px) 100vw, 1800px\" \/>\n<h3><span class=\"ez-toc-section\" id=\"3_Sol_Beach_House_Ibiza\"><\/span>3. Sol Beach House Ibiza<span class=\"ez-toc-section-end\"><\/span><\/h3>\n<p>Este hotel est\u00e1 situado m\u00e1s al noreste de Ibiza, lo que facilita la visita a este lado de la isla. Es un gran complejo hotelero, menos encantador que los otros hoteles presentados anteriormente, pero muy c\u00f3modo y asequible. Las habitaciones son grandes y la ropa de cama es de primera.<\/p>\n<p>Gran punto a favor: el desayuno buffet, que es simplemente incre\u00edble, uno de los mejores que hemos tomado nunca. La ubicaci\u00f3n frente al mar es genial y muy relajante.<\/p>\n    <div class=\"niceButton\"><a href=\"https:\/\/www.booking.com\/hotel\/es\/sol-ibiza.fr.html?aid=1286053\" target=\"_blank\" class=\"emojiLink\">\n                    <span class=\"emojiLink__emoji\">\u2764\ufe0f<\/span>\n                <span class=\"emojiLink__title title title--big\">Ver disponibilidad<\/span>\n    <\/a><\/div>\n\n    \n<img decoding=\"async\" class=\"alignnone size-full wp-image-16382\" src=\"https:\/\/decouvrirensemble.com\/wp-content\/uploads\/2022\/03\/Sol_beach_house_Ibiza.jpg\" alt=\"Sol Beach House Ibiza\" width=\"1800\" height=\"1200\" srcset=\"https:\/\/decouvrirensemble.com\/wp-content\/uploads\/2022\/03\/Sol_beach_house_Ibiza.jpg 1800w, https:\/\/decouvrirensemble.com\/wp-content\/uploads\/2022\/03\/Sol_beach_house_Ibiza-300x200.jpg 300w, https:\/\/decouvrirensemble.com\/wp-content\/uploads\/2022\/03\/Sol_beach_house_Ibiza-1024x683.jpg 1024w, https:\/\/decouvrirensemble.com\/wp-content\/uploads\/2022\/03\/Sol_beach_house_Ibiza-768x512.jpg 768w, https:\/\/decouvrirensemble.com\/wp-content\/uploads\/2022\/03\/Sol_beach_house_Ibiza-1536x1024.jpg 1536w\" sizes=\"(max-width: 1800px) 100vw, 1800px\" \/>\n<p>Desde que se escribi\u00f3 este art\u00edculo, hemos elaborado una lista con los <a href=\"https:\/\/decouvrirensemble.com\/es\/mejores-hoteles-de-ibiza\" rel=\"noopener\">mejores hoteles de Ibiza<\/a>, y si todav\u00eda est\u00e1s buscando alojamiento para tus vacaciones en la isla, te recomendamos que le eches un vistazo.<\/p>\n<p>[relance]<\/p>\n<h2 id=\"comer\"><span class=\"ez-toc-section\" id=\"%C2%BFDonde_comer_en_Ibiza_Nuestras_mejores_direcciones\"><\/span>\u00bfD\u00f3nde comer en Ibiza? Nuestras mejores direcciones<span class=\"ez-toc-section-end\"><\/span><\/h2>\n<h3><span class=\"ez-toc-section\" id=\"1_Restaurante_Los_Enamorados\"><\/span>1. Restaurante Los Enamorados<span class=\"ez-toc-section-end\"><\/span><\/h3>\n<p>El nombre de este restaurante significa \u00abEnamorados\u00bb, \u00a1y s\u00f3lo eso ya es suficiente para querer ir all\u00ed! Nos encant\u00f3 <a href=\"https:\/\/maps.app.goo.gl\/8gW56ohYR1zXiSTz8\" rel=\"noopener\">este lugar<\/a> por sus incre\u00edbles vistas al mar y su ambiente relajado. Recomendamos ir a la hora del atardecer para disfrutar de unos colores m\u00e1gicos.<\/p>\n<p>Pedimos vino blanco local y tapas para compartir, todo estaba delicioso y bastante abundante. Como en todos los restaurantes ibicencos, los precios pueden ser altos, pero nos pareci\u00f3 que el equilibrio entre calidad y precio era correcto. \u00a1Sin duda volveremos la pr\u00f3xima vez que estemos en la isla!<\/p>\n<img decoding=\"async\" class=\"alignnone size-full wp-image-16396\" src=\"https:\/\/decouvrirensemble.com\/wp-content\/uploads\/2022\/03\/Restaurant_Ibiza_Los_Enamorados.jpg\" alt=\"Los Enamorados Ibiza\" width=\"1800\" height=\"1200\" srcset=\"https:\/\/decouvrirensemble.com\/wp-content\/uploads\/2022\/03\/Restaurant_Ibiza_Los_Enamorados.jpg 1800w, https:\/\/decouvrirensemble.com\/wp-content\/uploads\/2022\/03\/Restaurant_Ibiza_Los_Enamorados-300x200.jpg 300w, https:\/\/decouvrirensemble.com\/wp-content\/uploads\/2022\/03\/Restaurant_Ibiza_Los_Enamorados-1024x683.jpg 1024w, https:\/\/decouvrirensemble.com\/wp-content\/uploads\/2022\/03\/Restaurant_Ibiza_Los_Enamorados-768x512.jpg 768w, https:\/\/decouvrirensemble.com\/wp-content\/uploads\/2022\/03\/Restaurant_Ibiza_Los_Enamorados-1536x1024.jpg 1536w\" sizes=\"(max-width: 1800px) 100vw, 1800px\" \/>\n<h3><span class=\"ez-toc-section\" id=\"2_El_restaurante_Paradiso_Ibiza\"><\/span>2. El restaurante Paradiso Ibiza<span class=\"ez-toc-section-end\"><\/span><\/h3>\n<p>En el coraz\u00f3n del hotel de dise\u00f1o Paradiso, podr\u00e1 desayunar o comer, tanto si se aloja en el hotel como si no. La cocina es moderna pero asequible, con batidos, hamburguesas, tostadas de aguacate y mucho m\u00e1s en el men\u00fa. Un lugar ideal para disfrutar de un almuerzo musical, con un DJ set de fondo.<\/p>\n<img decoding=\"async\" class=\"alignnone size-full wp-image-16373\" src=\"https:\/\/decouvrirensemble.com\/wp-content\/uploads\/2022\/03\/Ibiza_restaurant_Paradiso_Ibiza.jpg\" alt=\"Paradiso hotel restaurant\" width=\"1800\" height=\"1200\" srcset=\"https:\/\/decouvrirensemble.com\/wp-content\/uploads\/2022\/03\/Ibiza_restaurant_Paradiso_Ibiza.jpg 1800w, https:\/\/decouvrirensemble.com\/wp-content\/uploads\/2022\/03\/Ibiza_restaurant_Paradiso_Ibiza-300x200.jpg 300w, https:\/\/decouvrirensemble.com\/wp-content\/uploads\/2022\/03\/Ibiza_restaurant_Paradiso_Ibiza-1024x683.jpg 1024w, https:\/\/decouvrirensemble.com\/wp-content\/uploads\/2022\/03\/Ibiza_restaurant_Paradiso_Ibiza-768x512.jpg 768w, https:\/\/decouvrirensemble.com\/wp-content\/uploads\/2022\/03\/Ibiza_restaurant_Paradiso_Ibiza-1536x1024.jpg 1536w\" sizes=\"(max-width: 1800px) 100vw, 1800px\" \/>\n<h3><span class=\"ez-toc-section\" id=\"3_El_restaurante_Mesa_dEs_Vedra_en_Ibiza\"><\/span>3. El restaurante Mesa d&#8217;Es Vedr\u00e0 en Ibiza<span class=\"ez-toc-section-end\"><\/span><\/h3>\n<p>Es una de nuestras <a href=\"https:\/\/maps.app.goo.gl\/6fH74vPkYnZcxurGA\" rel=\"noopener\">direcciones favoritas<\/a>. En el coraz\u00f3n de un hotel excepcional, se sentir\u00e1 solo en el mundo durante este refinado almuerzo. Los precios son m\u00e1s elevados que en nuestras otras direcciones, en torno a 80\/90 \u20ac para 2 personas, y por una buena raz\u00f3n: la cocina es refinada, colorida, de temporada y local.<\/p>\n<p>Todos los entrantes y platos principales eran tentadores, pero tuvimos que elegir. Optamos por un gazpacho casero, una ensalada de mel\u00f3n y queso feta, seguida de pasta de calabac\u00edn con salsa de yogur y menta y un plato de pescado.<\/p>\n<p>La otra grandeza de este lugar es su inmejorable vista de la roca de Es Vedra. El personal es adorable, lo que hace que el momento sea a\u00fan m\u00e1s precioso. En resumen, ve a por ello, aunque eso signifique comerte un picnic al d\u00eda siguiente para cuadrar el presupuesto (cosa que hacemos a menudo \ud83d\ude0b).<\/p>\n<img decoding=\"async\" class=\"alignnone size-full wp-image-16378\" src=\"https:\/\/decouvrirensemble.com\/wp-content\/uploads\/2022\/03\/Ibiza_restaurant_Messa_Escondida.jpg\" alt=\"Messa Escondida\" width=\"1800\" height=\"1200\" srcset=\"https:\/\/decouvrirensemble.com\/wp-content\/uploads\/2022\/03\/Ibiza_restaurant_Messa_Escondida.jpg 1800w, https:\/\/decouvrirensemble.com\/wp-content\/uploads\/2022\/03\/Ibiza_restaurant_Messa_Escondida-300x200.jpg 300w, https:\/\/decouvrirensemble.com\/wp-content\/uploads\/2022\/03\/Ibiza_restaurant_Messa_Escondida-1024x683.jpg 1024w, https:\/\/decouvrirensemble.com\/wp-content\/uploads\/2022\/03\/Ibiza_restaurant_Messa_Escondida-768x512.jpg 768w, https:\/\/decouvrirensemble.com\/wp-content\/uploads\/2022\/03\/Ibiza_restaurant_Messa_Escondida-1536x1024.jpg 1536w\" sizes=\"(max-width: 1800px) 100vw, 1800px\" \/>\n<h3><span class=\"ez-toc-section\" id=\"4_El_restaurante_Sunset_Ashram\"><\/span>4. El restaurante Sunset Ashram<span class=\"ez-toc-section-end\"><\/span><\/h3>\n<p><a href=\"https:\/\/maps.app.goo.gl\/PLTWPUu1QcMMYmBb6\" rel=\"noopener\">Esta direcci\u00f3n<\/a> nos la hab\u00edan recomendado muchas veces, as\u00ed que fuimos a probarla, \u00a1al atardecer como debe ser! Sinceramente, nos pareci\u00f3 que los precios eran muy elevados y que el local estaba abarrotado&#8230; Preferimos simplemente tomar una copa de vino local para admirar la puesta de sol. Sin duda es un buen lugar para comer o cenar, dependiendo de tu presupuesto, y la decoraci\u00f3n y ubicaci\u00f3n son inmejorables.<\/p>\n<img decoding=\"async\" class=\"alignnone size-full wp-image-16385\" src=\"https:\/\/decouvrirensemble.com\/wp-content\/uploads\/2022\/03\/Sunset_Ashram_Restaurant_Ibiza.jpg\" alt=\"Sunset Ashram\" width=\"1800\" height=\"1200\" srcset=\"https:\/\/decouvrirensemble.com\/wp-content\/uploads\/2022\/03\/Sunset_Ashram_Restaurant_Ibiza.jpg 1800w, https:\/\/decouvrirensemble.com\/wp-content\/uploads\/2022\/03\/Sunset_Ashram_Restaurant_Ibiza-300x200.jpg 300w, https:\/\/decouvrirensemble.com\/wp-content\/uploads\/2022\/03\/Sunset_Ashram_Restaurant_Ibiza-1024x683.jpg 1024w, https:\/\/decouvrirensemble.com\/wp-content\/uploads\/2022\/03\/Sunset_Ashram_Restaurant_Ibiza-768x512.jpg 768w, https:\/\/decouvrirensemble.com\/wp-content\/uploads\/2022\/03\/Sunset_Ashram_Restaurant_Ibiza-1536x1024.jpg 1536w\" sizes=\"(max-width: 1800px) 100vw, 1800px\" \/>\n<h3><span class=\"ez-toc-section\" id=\"5_Sol_Shack_Chiringuito_el_restaurante_del_hotel_Sol_Beach_House_Ibiza\"><\/span>5. Sol Shack Chiringuito, el restaurante del hotel Sol Beach House Ibiza.<span class=\"ez-toc-section-end\"><\/span><\/h3>\n<p>Si te alojas en este hotel, no dudes en almorzar all\u00ed mismo y elegir entre el men\u00fa de aperitivos, que ofrece wraps frescos, club s\u00e1ndwiches y batidos. Nos pareci\u00f3 delicioso, un buen compromiso para un d\u00eda de relax junto a la piscina.<\/p>\n<img decoding=\"async\" class=\"alignnone size-full wp-image-16380\" src=\"https:\/\/decouvrirensemble.com\/wp-content\/uploads\/2022\/03\/Ibiza_restaurant_Sol_Shack_Chiringuito.jpg\" alt=\"Restaurant Ibiza\" width=\"1800\" height=\"1200\" srcset=\"https:\/\/decouvrirensemble.com\/wp-content\/uploads\/2022\/03\/Ibiza_restaurant_Sol_Shack_Chiringuito.jpg 1800w, https:\/\/decouvrirensemble.com\/wp-content\/uploads\/2022\/03\/Ibiza_restaurant_Sol_Shack_Chiringuito-300x200.jpg 300w, https:\/\/decouvrirensemble.com\/wp-content\/uploads\/2022\/03\/Ibiza_restaurant_Sol_Shack_Chiringuito-1024x683.jpg 1024w, https:\/\/decouvrirensemble.com\/wp-content\/uploads\/2022\/03\/Ibiza_restaurant_Sol_Shack_Chiringuito-768x512.jpg 768w, https:\/\/decouvrirensemble.com\/wp-content\/uploads\/2022\/03\/Ibiza_restaurant_Sol_Shack_Chiringuito-1536x1024.jpg 1536w\" sizes=\"(max-width: 1800px) 100vw, 1800px\" \/>\n<h2 id=\"organiser\"><span class=\"ez-toc-section\" id=\"Como_planificar_su_viaje_a_Ibiza\"><\/span>C\u00f3mo planificar su viaje a Ibiza<span class=\"ez-toc-section-end\"><\/span><\/h2>\n<h3><span class=\"ez-toc-section\" id=\"%C2%BFComo_llegar_a_Ibiza\"><\/span>\u00bfC\u00f3mo llegar a Ibiza?<span class=\"ez-toc-section-end\"><\/span><\/h3>\n<p>Para encontrar el mejor medio de transporte para llegar a su destino, le aconsejamos que consulte siempre el comparador OMIO. Te dar\u00e1 una visi\u00f3n general de todos los medios de transporte disponibles, para que puedas comparar precios muy f\u00e1cilmente.<\/p>\n    <div class=\"niceButton\"><a href=\"https:\/\/www.jdoqocy.com\/click-100603082-13394886\" target=\"_blank\" class=\"emojiLink\">\n                    <span class=\"emojiLink__emoji\">\ud83d\ude80<\/span>\n                <span class=\"emojiLink__title title title--big\">M\u00e1s informaci\u00f3n<\/span>\n    <\/a><\/div>\n\n    \n<img decoding=\"async\" class=\"alignnone size-full wp-image-16402\" src=\"https:\/\/decouvrirensemble.com\/wp-content\/uploads\/2022\/03\/Vols_Vueling_Ibiza.jpg\" alt=\"\" width=\"1800\" height=\"1200\" srcset=\"https:\/\/decouvrirensemble.com\/wp-content\/uploads\/2022\/03\/Vols_Vueling_Ibiza.jpg 1800w, https:\/\/decouvrirensemble.com\/wp-content\/uploads\/2022\/03\/Vols_Vueling_Ibiza-300x200.jpg 300w, https:\/\/decouvrirensemble.com\/wp-content\/uploads\/2022\/03\/Vols_Vueling_Ibiza-1024x683.jpg 1024w, https:\/\/decouvrirensemble.com\/wp-content\/uploads\/2022\/03\/Vols_Vueling_Ibiza-768x512.jpg 768w, https:\/\/decouvrirensemble.com\/wp-content\/uploads\/2022\/03\/Vols_Vueling_Ibiza-1536x1024.jpg 1536w\" sizes=\"(max-width: 1800px) 100vw, 1800px\" \/>\n<p>[heymondo]<\/p>\n<h3><span class=\"ez-toc-section\" id=\"%C2%BFComo_puedo_alquilar_un_coche_en_Ibiza_al_mejor_precio\"><\/span>\u00bfC\u00f3mo puedo alquilar un coche en Ibiza al mejor precio?<span class=\"ez-toc-section-end\"><\/span><\/h3>\n<p>Si quieres alquilar un coche durante tu viaje, te recomendamos que eches un vistazo a la web de RentalCars. As\u00ed podr\u00e1s encontrar los mejores precios y condiciones para tu alquiler.<\/p>\n<p>Alquilamos nuestro coche durante toda nuestra estancia en Centauro. Quedamos muy satisfechos con el servicio y las tarifas ofrecidas, es una buena alternativa a las empresas de alquiler de coches m\u00e1s conocidas pero a menudo m\u00e1s caras.<\/p>\n<p>La empresa de alquiler de coches se encuentra a unos 15 minutos a pie del aeropuerto, pero ofrece un autob\u00fas gratuito que tarda 5 minutos en ir y volver. Te lo recomendamos. No dudes en echar un vistazo a su cuenta de Instagram o a su p\u00e1gina web, suelen poner promociones (entre el 10 y el 25%), \u00a1podr\u00eda merecer la pena reducir un poco el presupuesto de tus vacaciones!<\/p>\n    <div class=\"niceButton\"><a href=\"https:\/\/www.rentalcars.com\/es\/?adplat=100603082&#038;adcamp=&#038;adco=13881394&#038;affiliateCode=cjemea&#038;click_id=1bf2b216b08611ed804090d20a18b8fa\" target=\"_blank\" class=\"emojiLink\">\n                    <span class=\"emojiLink__emoji\">\ud83d\ude97<\/span>\n                <span class=\"emojiLink__title title title--big\">M\u00e1s informaci\u00f3n<\/span>\n    <\/a><\/div>\n\n    \n<img decoding=\"async\" class=\"alignnone size-full wp-image-16403\" src=\"https:\/\/decouvrirensemble.com\/wp-content\/uploads\/2022\/03\/Loueur_voiture_Ibiza_centauro.jpg\" alt=\"\" width=\"1800\" height=\"1200\" srcset=\"https:\/\/decouvrirensemble.com\/wp-content\/uploads\/2022\/03\/Loueur_voiture_Ibiza_centauro.jpg 1800w, https:\/\/decouvrirensemble.com\/wp-content\/uploads\/2022\/03\/Loueur_voiture_Ibiza_centauro-300x200.jpg 300w, https:\/\/decouvrirensemble.com\/wp-content\/uploads\/2022\/03\/Loueur_voiture_Ibiza_centauro-1024x683.jpg 1024w, https:\/\/decouvrirensemble.com\/wp-content\/uploads\/2022\/03\/Loueur_voiture_Ibiza_centauro-768x512.jpg 768w, https:\/\/decouvrirensemble.com\/wp-content\/uploads\/2022\/03\/Loueur_voiture_Ibiza_centauro-1536x1024.jpg 1536w\" sizes=\"(max-width: 1800px) 100vw, 1800px\" \/>\n<h2><span class=\"ez-toc-section\" id=\"Nuestra_opinion_sobre_nuestro_viaje_a_Ibiza\"><\/span>Nuestra opini\u00f3n sobre nuestro viaje a Ibiza<span class=\"ez-toc-section-end\"><\/span><\/h2>\n<p>Como seguro que has deducido de este relato en nuestro blog de viajes, la isla de Ibiza nos encant\u00f3. Nos dieron ganas de visitar otras <a href=\"https:\/\/decouvrirensemble.com\/es\/las-islas-baleares\" rel=\"noopener\">islas Baleares<\/a>, como <a href=\"https:\/\/decouvrirensemble.com\/es\/que-ver-en-menorca\" rel=\"noopener\">Menorca<\/a>, que tambi\u00e9n nos encant\u00f3. El clima es incre\u00edble, y aunque fuimos en octubre pudimos ba\u00f1arnos y disfrutar de unas temperaturas ideales. La isla tiene un lado salvaje que no hab\u00edamos imaginado, y eso nos conquist\u00f3.<\/p>\n<p>Nos gust\u00f3 mucho poder encontrar restaurantes de dise\u00f1o y aut\u00e9nticos, algo que hab\u00edamos echado de menos en nuestros viajes a Canarias, como <a href=\"https:\/\/decouvrirensemble.com\/es\/que-ver-en-tenerife-en-una-semana\" rel=\"noopener\">Tenerife<\/a>, por ejemplo. Sin duda, la isla es mucho m\u00e1s agradable de visitar fuera de temporada, ya que Ibiza tiene fama de ser muy tur\u00edstica en verano. Pero si busca un destino para unas vacaciones de primavera u oto\u00f1o, \u00a1apues apueste por Ibiza!<\/p>\n<div id=\"attachment_16404\" style=\"width: 1810px\" class=\"wp-caption alignnone\"><img decoding=\"async\" aria-describedby=\"caption-attachment-16404\" class=\"wp-image-16404 size-full\" src=\"https:\/\/decouvrirensemble.com\/wp-content\/uploads\/2022\/03\/Que_voir_que_faire_a_Ibiza.jpg\" alt=\"Que faire a Ibiza\" width=\"1800\" height=\"1200\" srcset=\"https:\/\/decouvrirensemble.com\/wp-content\/uploads\/2022\/03\/Que_voir_que_faire_a_Ibiza.jpg 1800w, https:\/\/decouvrirensemble.com\/wp-content\/uploads\/2022\/03\/Que_voir_que_faire_a_Ibiza-300x200.jpg 300w, https:\/\/decouvrirensemble.com\/wp-content\/uploads\/2022\/03\/Que_voir_que_faire_a_Ibiza-1024x683.jpg 1024w, https:\/\/decouvrirensemble.com\/wp-content\/uploads\/2022\/03\/Que_voir_que_faire_a_Ibiza-768x512.jpg 768w, https:\/\/decouvrirensemble.com\/wp-content\/uploads\/2022\/03\/Que_voir_que_faire_a_Ibiza-1536x1024.jpg 1536w\" sizes=\"(max-width: 1800px) 100vw, 1800px\" \/><p id=\"caption-attachment-16404\" class=\"wp-caption-text\">\u00a1Disfrute de su viaje a Ibiza!<\/p><\/div>\n<p>[gracias]<\/p>\n\n\n<div class=\"kk-star-ratings kksr-auto kksr-align-left kksr-valign-bottom\"\n    data-payload='{&quot;align&quot;:&quot;left&quot;,&quot;id&quot;:&quot;45486&quot;,&quot;slug&quot;:&quot;default&quot;,&quot;valign&quot;:&quot;bottom&quot;,&quot;ignore&quot;:&quot;&quot;,&quot;reference&quot;:&quot;auto&quot;,&quot;class&quot;:&quot;&quot;,&quot;count&quot;:&quot;28&quot;,&quot;legendonly&quot;:&quot;&quot;,&quot;readonly&quot;:&quot;&quot;,&quot;score&quot;:&quot;4.9&quot;,&quot;starsonly&quot;:&quot;&quot;,&quot;best&quot;:&quot;5&quot;,&quot;gap&quot;:&quot;4&quot;,&quot;greet&quot;:&quot;Sea el primero en valorar esta entrada de blog.&quot;,&quot;legend&quot;:&quot;4.9\\\/5 - (28 votos)&quot;,&quot;size&quot;:&quot;21&quot;,&quot;title&quot;:&quot;Qu\u00e9 ver en Ibiza: los lugares imprescindibles&quot;,&quot;width&quot;:&quot;120.5&quot;,&quot;_legend&quot;:&quot;{score}\\\/{best} - ({count} {votes})&quot;,&quot;font_factor&quot;:&quot;1.25&quot;}'>\n            \n<div class=\"kksr-stars\">\n    \n<div class=\"kksr-stars-inactive\">\n            <div class=\"kksr-star\" data-star=\"1\" style=\"padding-right: 4px\">\n            \n\n<div class=\"kksr-icon\" style=\"width: 21px; height: 21px;\"><\/div>\n        <\/div>\n            <div class=\"kksr-star\" data-star=\"2\" style=\"padding-right: 4px\">\n            \n\n<div class=\"kksr-icon\" style=\"width: 21px; height: 21px;\"><\/div>\n        <\/div>\n            <div class=\"kksr-star\" data-star=\"3\" style=\"padding-right: 4px\">\n            \n\n<div class=\"kksr-icon\" style=\"width: 21px; height: 21px;\"><\/div>\n        <\/div>\n            <div class=\"kksr-star\" data-star=\"4\" style=\"padding-right: 4px\">\n            \n\n<div class=\"kksr-icon\" style=\"width: 21px; height: 21px;\"><\/div>\n        <\/div>\n            <div class=\"kksr-star\" data-star=\"5\" style=\"padding-right: 4px\">\n            \n\n<div class=\"kksr-icon\" style=\"width: 21px; height: 21px;\"><\/div>\n        <\/div>\n    <\/div>\n    \n<div class=\"kksr-stars-active\" style=\"width: 120.5px;\">\n            <div class=\"kksr-star\" style=\"padding-right: 4px\">\n            \n\n<div class=\"kksr-icon\" style=\"width: 21px; height: 21px;\"><\/div>\n        <\/div>\n            <div class=\"kksr-star\" style=\"padding-right: 4px\">\n            \n\n<div class=\"kksr-icon\" style=\"width: 21px; height: 21px;\"><\/div>\n        <\/div>\n            <div class=\"kksr-star\" style=\"padding-right: 4px\">\n            \n\n<div class=\"kksr-icon\" style=\"width: 21px; height: 21px;\"><\/div>\n        <\/div>\n            <div class=\"kksr-star\" style=\"padding-right: 4px\">\n            \n\n<div class=\"kksr-icon\" style=\"width: 21px; height: 21px;\"><\/div>\n        <\/div>\n            <div class=\"kksr-star\" style=\"padding-right: 4px\">\n            \n\n<div class=\"kksr-icon\" style=\"width: 21px; height: 21px;\"><\/div>\n        <\/div>\n    <\/div>\n<\/div>\n                \n\n<div class=\"kksr-legend\" style=\"font-size: 16.8px;\">\n            4.9\/5 - (28 votos)    <\/div>\n    <\/div>\n","protected":false},"excerpt":{"rendered":"<p>\u00bfVa a viajar pronto a las Baleares y se pregunta qu\u00e9 ver en Ibiza? Ha llegado al blog de viajes adecuado.<\/p>\n","protected":false},"author":1,"featured_media":47807,"comment_status":"open","ping_status":"closed","sticky":false,"template":"","format":"standard","meta":{"_acf_changed":false,"_lmt_disableupdate":"no","_lmt_disable":"no","footnotes":""},"categories":[461,462],"tags":[],"class_list":["post-45486","post","type-post","status-publish","format-standard","has-post-thumbnail","hentry","category-espana","category-guias-de-viajes"],"acf":[],"yoast_head":"<!-- This site is optimized with the Yoast SEO plugin v27.4 - https:\/\/yoast.com\/product\/yoast-seo-wordpress\/ -->\n<title>Qu\u00e9 ver en Ibiza: los lugares imprescindibles - Blog de viajes<\/title>\n<meta name=\"description\" content=\"Qu\u00e9 ver en Ibiza Descubre el itinerario de nuestras vacaciones en Ibiza en nuestro blog. \u00a1Consejos y buenas direcciones!\" \/>\n<meta name=\"robots\" content=\"index, follow, max-snippet:-1, max-image-preview:large, max-video-preview:-1\" \/>\n<link rel=\"canonical\" href=\"https:\/\/decouvrirensemble.com\/es\/que-ver-en-ibiza\" \/>\n<meta property=\"og:locale\" content=\"es_ES\" \/>\n<meta property=\"og:type\" content=\"article\" \/>\n<meta property=\"og:title\" content=\"Qu\u00e9 ver en Ibiza: los lugares imprescindibles - Blog de viajes\" \/>\n<meta property=\"og:description\" content=\"Qu\u00e9 ver en Ibiza Descubre el itinerario de nuestras vacaciones en Ibiza en nuestro blog. \u00a1Consejos y buenas direcciones!\" \/>\n<meta property=\"og:url\" content=\"https:\/\/decouvrirensemble.com\/es\/que-ver-en-ibiza\" \/>\n<meta property=\"og:site_name\" content=\"Blog Voyage - D\u00e9couvrir Ensemble\" \/>\n<meta property=\"article:published_time\" content=\"2022-03-13T17:03:43+00:00\" \/>\n<meta property=\"article:modified_time\" content=\"2026-04-13T13:09:12+00:00\" \/>\n<meta property=\"og:image\" content=\"https:\/\/decouvrirensemble.com\/wp-content\/uploads\/2022\/03\/Que-faire-a-ibiza-blog-voyage.jpg\" \/>\n\t<meta property=\"og:image:width\" content=\"1800\" \/>\n\t<meta property=\"og:image:height\" content=\"1350\" \/>\n\t<meta property=\"og:image:type\" content=\"image\/jpeg\" \/>\n<meta name=\"author\" content=\"Cl\u00e9mence &amp; Alexandre\" \/>\n<meta name=\"twitter:card\" content=\"summary_large_image\" \/>\n<meta name=\"twitter:creator\" content=\"@dcouvrirensmble\" \/>\n<meta name=\"twitter:site\" content=\"@dcouvrirensmble\" \/>\n<meta name=\"twitter:label1\" content=\"Escrito por\" \/>\n\t<meta name=\"twitter:data1\" content=\"Cl\u00e9mence &amp; Alexandre\" \/>\n\t<meta name=\"twitter:label2\" content=\"Tiempo de lectura\" \/>\n\t<meta name=\"twitter:data2\" content=\"19 minutos\" \/>\n<script type=\"application\/ld+json\" class=\"yoast-schema-graph\">{\"@context\":\"https:\\\/\\\/schema.org\",\"@graph\":[{\"@type\":\"Article\",\"@id\":\"https:\\\/\\\/decouvrirensemble.com\\\/es\\\/que-ver-en-ibiza#article\",\"isPartOf\":{\"@id\":\"https:\\\/\\\/decouvrirensemble.com\\\/es\\\/que-ver-en-ibiza\"},\"author\":{\"name\":\"Cl\u00e9mence &amp; Alexandre\",\"@id\":\"https:\\\/\\\/decouvrirensemble.com\\\/es#\\\/schema\\\/person\\\/a53efd44d02eb7f9ab90f96e84a9d2ba\"},\"headline\":\"Qu\u00e9 ver en Ibiza: los lugares imprescindibles\",\"datePublished\":\"2022-03-13T17:03:43+00:00\",\"dateModified\":\"2026-04-13T13:09:12+00:00\",\"mainEntityOfPage\":{\"@id\":\"https:\\\/\\\/decouvrirensemble.com\\\/es\\\/que-ver-en-ibiza\"},\"wordCount\":2643,\"commentCount\":0,\"publisher\":{\"@id\":\"https:\\\/\\\/decouvrirensemble.com\\\/es#\\\/schema\\\/person\\\/a53efd44d02eb7f9ab90f96e84a9d2ba\"},\"image\":{\"@id\":\"https:\\\/\\\/decouvrirensemble.com\\\/es\\\/que-ver-en-ibiza#primaryimage\"},\"thumbnailUrl\":\"https:\\\/\\\/decouvrirensemble.com\\\/wp-content\\\/uploads\\\/2022\\\/03\\\/Que-faire-a-ibiza-blog-voyage.jpg\",\"articleSection\":[\"Espa\u00f1a\",\"Gu\u00edas de viajes\"],\"inLanguage\":\"es\",\"potentialAction\":[{\"@type\":\"CommentAction\",\"name\":\"Comment\",\"target\":[\"https:\\\/\\\/decouvrirensemble.com\\\/es\\\/que-ver-en-ibiza#respond\"]}]},{\"@type\":\"WebPage\",\"@id\":\"https:\\\/\\\/decouvrirensemble.com\\\/es\\\/que-ver-en-ibiza\",\"url\":\"https:\\\/\\\/decouvrirensemble.com\\\/es\\\/que-ver-en-ibiza\",\"name\":\"Qu\u00e9 ver en Ibiza: los lugares imprescindibles - Blog de viajes\",\"isPartOf\":{\"@id\":\"https:\\\/\\\/decouvrirensemble.com\\\/es#website\"},\"primaryImageOfPage\":{\"@id\":\"https:\\\/\\\/decouvrirensemble.com\\\/es\\\/que-ver-en-ibiza#primaryimage\"},\"image\":{\"@id\":\"https:\\\/\\\/decouvrirensemble.com\\\/es\\\/que-ver-en-ibiza#primaryimage\"},\"thumbnailUrl\":\"https:\\\/\\\/decouvrirensemble.com\\\/wp-content\\\/uploads\\\/2022\\\/03\\\/Que-faire-a-ibiza-blog-voyage.jpg\",\"datePublished\":\"2022-03-13T17:03:43+00:00\",\"dateModified\":\"2026-04-13T13:09:12+00:00\",\"description\":\"Qu\u00e9 ver en Ibiza Descubre el itinerario de nuestras vacaciones en Ibiza en nuestro blog. \u00a1Consejos y buenas direcciones!\",\"breadcrumb\":{\"@id\":\"https:\\\/\\\/decouvrirensemble.com\\\/es\\\/que-ver-en-ibiza#breadcrumb\"},\"inLanguage\":\"es\",\"potentialAction\":[{\"@type\":\"ReadAction\",\"target\":[\"https:\\\/\\\/decouvrirensemble.com\\\/es\\\/que-ver-en-ibiza\"]}]},{\"@type\":\"ImageObject\",\"inLanguage\":\"es\",\"@id\":\"https:\\\/\\\/decouvrirensemble.com\\\/es\\\/que-ver-en-ibiza#primaryimage\",\"url\":\"https:\\\/\\\/decouvrirensemble.com\\\/wp-content\\\/uploads\\\/2022\\\/03\\\/Que-faire-a-ibiza-blog-voyage.jpg\",\"contentUrl\":\"https:\\\/\\\/decouvrirensemble.com\\\/wp-content\\\/uploads\\\/2022\\\/03\\\/Que-faire-a-ibiza-blog-voyage.jpg\",\"width\":1800,\"height\":1350,\"caption\":\"Ibiza blog voyage\"},{\"@type\":\"BreadcrumbList\",\"@id\":\"https:\\\/\\\/decouvrirensemble.com\\\/es\\\/que-ver-en-ibiza#breadcrumb\",\"itemListElement\":[{\"@type\":\"ListItem\",\"position\":1,\"name\":\"Accueil\",\"item\":\"https:\\\/\\\/decouvrirensemble.com\\\/es\"},{\"@type\":\"ListItem\",\"position\":2,\"name\":\"Gu\u00edas de viajes\",\"item\":\"https:\\\/\\\/decouvrirensemble.com\\\/es\\\/guias-de-viajes\"},{\"@type\":\"ListItem\",\"position\":3,\"name\":\"Qu\u00e9 ver en Ibiza: los lugares imprescindibles\"}]},{\"@type\":\"WebSite\",\"@id\":\"https:\\\/\\\/decouvrirensemble.com\\\/es#website\",\"url\":\"https:\\\/\\\/decouvrirensemble.com\\\/es\",\"name\":\"Blog Voyage - D\u00e9couvrir Ensemble\",\"description\":\"Le Blog Voyage de Clem et Alex\",\"publisher\":{\"@id\":\"https:\\\/\\\/decouvrirensemble.com\\\/es#\\\/schema\\\/person\\\/a53efd44d02eb7f9ab90f96e84a9d2ba\"},\"potentialAction\":[{\"@type\":\"SearchAction\",\"target\":{\"@type\":\"EntryPoint\",\"urlTemplate\":\"https:\\\/\\\/decouvrirensemble.com\\\/es?s={search_term_string}\"},\"query-input\":{\"@type\":\"PropertyValueSpecification\",\"valueRequired\":true,\"valueName\":\"search_term_string\"}}],\"inLanguage\":\"es\"},{\"@type\":[\"Person\",\"Organization\"],\"@id\":\"https:\\\/\\\/decouvrirensemble.com\\\/es#\\\/schema\\\/person\\\/a53efd44d02eb7f9ab90f96e84a9d2ba\",\"name\":\"Cl\u00e9mence &amp; Alexandre\",\"image\":{\"@type\":\"ImageObject\",\"inLanguage\":\"es\",\"@id\":\"https:\\\/\\\/decouvrirensemble.com\\\/wp-content\\\/uploads\\\/2024\\\/04\\\/logo-decouvrir-ensemble-blog-voyage.jpg\",\"url\":\"https:\\\/\\\/decouvrirensemble.com\\\/wp-content\\\/uploads\\\/2024\\\/04\\\/logo-decouvrir-ensemble-blog-voyage.jpg\",\"contentUrl\":\"https:\\\/\\\/decouvrirensemble.com\\\/wp-content\\\/uploads\\\/2024\\\/04\\\/logo-decouvrir-ensemble-blog-voyage.jpg\",\"width\":1563,\"height\":529,\"caption\":\"Cl\u00e9mence &amp; Alexandre\"},\"logo\":{\"@id\":\"https:\\\/\\\/decouvrirensemble.com\\\/wp-content\\\/uploads\\\/2024\\\/04\\\/logo-decouvrir-ensemble-blog-voyage.jpg\"},\"sameAs\":[\"https:\\\/\\\/decouvrirensemble.com\\\/\"]}]}<\/script>\n<!-- \/ Yoast SEO plugin. -->","yoast_head_json":{"title":"Qu\u00e9 ver en Ibiza: los lugares imprescindibles - Blog de viajes","description":"Qu\u00e9 ver en Ibiza Descubre el itinerario de nuestras vacaciones en Ibiza en nuestro blog. \u00a1Consejos y buenas direcciones!","robots":{"index":"index","follow":"follow","max-snippet":"max-snippet:-1","max-image-preview":"max-image-preview:large","max-video-preview":"max-video-preview:-1"},"canonical":"https:\/\/decouvrirensemble.com\/es\/que-ver-en-ibiza","og_locale":"es_ES","og_type":"article","og_title":"Qu\u00e9 ver en Ibiza: los lugares imprescindibles - Blog de viajes","og_description":"Qu\u00e9 ver en Ibiza Descubre el itinerario de nuestras vacaciones en Ibiza en nuestro blog. \u00a1Consejos y buenas direcciones!","og_url":"https:\/\/decouvrirensemble.com\/es\/que-ver-en-ibiza","og_site_name":"Blog Voyage - D\u00e9couvrir Ensemble","article_published_time":"2022-03-13T17:03:43+00:00","article_modified_time":"2026-04-13T13:09:12+00:00","og_image":[{"width":1800,"height":1350,"url":"https:\/\/decouvrirensemble.com\/wp-content\/uploads\/2022\/03\/Que-faire-a-ibiza-blog-voyage.jpg","type":"image\/jpeg"}],"author":"Cl\u00e9mence &amp; Alexandre","twitter_card":"summary_large_image","twitter_creator":"@dcouvrirensmble","twitter_site":"@dcouvrirensmble","twitter_misc":{"Escrito por":"Cl\u00e9mence &amp; Alexandre","Tiempo de lectura":"19 minutos"},"schema":{"@context":"https:\/\/schema.org","@graph":[{"@type":"Article","@id":"https:\/\/decouvrirensemble.com\/es\/que-ver-en-ibiza#article","isPartOf":{"@id":"https:\/\/decouvrirensemble.com\/es\/que-ver-en-ibiza"},"author":{"name":"Cl\u00e9mence &amp; Alexandre","@id":"https:\/\/decouvrirensemble.com\/es#\/schema\/person\/a53efd44d02eb7f9ab90f96e84a9d2ba"},"headline":"Qu\u00e9 ver en Ibiza: los lugares imprescindibles","datePublished":"2022-03-13T17:03:43+00:00","dateModified":"2026-04-13T13:09:12+00:00","mainEntityOfPage":{"@id":"https:\/\/decouvrirensemble.com\/es\/que-ver-en-ibiza"},"wordCount":2643,"commentCount":0,"publisher":{"@id":"https:\/\/decouvrirensemble.com\/es#\/schema\/person\/a53efd44d02eb7f9ab90f96e84a9d2ba"},"image":{"@id":"https:\/\/decouvrirensemble.com\/es\/que-ver-en-ibiza#primaryimage"},"thumbnailUrl":"https:\/\/decouvrirensemble.com\/wp-content\/uploads\/2022\/03\/Que-faire-a-ibiza-blog-voyage.jpg","articleSection":["Espa\u00f1a","Gu\u00edas de viajes"],"inLanguage":"es","potentialAction":[{"@type":"CommentAction","name":"Comment","target":["https:\/\/decouvrirensemble.com\/es\/que-ver-en-ibiza#respond"]}]},{"@type":"WebPage","@id":"https:\/\/decouvrirensemble.com\/es\/que-ver-en-ibiza","url":"https:\/\/decouvrirensemble.com\/es\/que-ver-en-ibiza","name":"Qu\u00e9 ver en Ibiza: los lugares imprescindibles - Blog de viajes","isPartOf":{"@id":"https:\/\/decouvrirensemble.com\/es#website"},"primaryImageOfPage":{"@id":"https:\/\/decouvrirensemble.com\/es\/que-ver-en-ibiza#primaryimage"},"image":{"@id":"https:\/\/decouvrirensemble.com\/es\/que-ver-en-ibiza#primaryimage"},"thumbnailUrl":"https:\/\/decouvrirensemble.com\/wp-content\/uploads\/2022\/03\/Que-faire-a-ibiza-blog-voyage.jpg","datePublished":"2022-03-13T17:03:43+00:00","dateModified":"2026-04-13T13:09:12+00:00","description":"Qu\u00e9 ver en Ibiza Descubre el itinerario de nuestras vacaciones en Ibiza en nuestro blog. \u00a1Consejos y buenas direcciones!","breadcrumb":{"@id":"https:\/\/decouvrirensemble.com\/es\/que-ver-en-ibiza#breadcrumb"},"inLanguage":"es","potentialAction":[{"@type":"ReadAction","target":["https:\/\/decouvrirensemble.com\/es\/que-ver-en-ibiza"]}]},{"@type":"ImageObject","inLanguage":"es","@id":"https:\/\/decouvrirensemble.com\/es\/que-ver-en-ibiza#primaryimage","url":"https:\/\/decouvrirensemble.com\/wp-content\/uploads\/2022\/03\/Que-faire-a-ibiza-blog-voyage.jpg","contentUrl":"https:\/\/decouvrirensemble.com\/wp-content\/uploads\/2022\/03\/Que-faire-a-ibiza-blog-voyage.jpg","width":1800,"height":1350,"caption":"Ibiza blog voyage"},{"@type":"BreadcrumbList","@id":"https:\/\/decouvrirensemble.com\/es\/que-ver-en-ibiza#breadcrumb","itemListElement":[{"@type":"ListItem","position":1,"name":"Accueil","item":"https:\/\/decouvrirensemble.com\/es"},{"@type":"ListItem","position":2,"name":"Gu\u00edas de viajes","item":"https:\/\/decouvrirensemble.com\/es\/guias-de-viajes"},{"@type":"ListItem","position":3,"name":"Qu\u00e9 ver en Ibiza: los lugares imprescindibles"}]},{"@type":"WebSite","@id":"https:\/\/decouvrirensemble.com\/es#website","url":"https:\/\/decouvrirensemble.com\/es","name":"Blog Voyage - D\u00e9couvrir Ensemble","description":"Le Blog Voyage de Clem et Alex","publisher":{"@id":"https:\/\/decouvrirensemble.com\/es#\/schema\/person\/a53efd44d02eb7f9ab90f96e84a9d2ba"},"potentialAction":[{"@type":"SearchAction","target":{"@type":"EntryPoint","urlTemplate":"https:\/\/decouvrirensemble.com\/es?s={search_term_string}"},"query-input":{"@type":"PropertyValueSpecification","valueRequired":true,"valueName":"search_term_string"}}],"inLanguage":"es"},{"@type":["Person","Organization"],"@id":"https:\/\/decouvrirensemble.com\/es#\/schema\/person\/a53efd44d02eb7f9ab90f96e84a9d2ba","name":"Cl\u00e9mence &amp; Alexandre","image":{"@type":"ImageObject","inLanguage":"es","@id":"https:\/\/decouvrirensemble.com\/wp-content\/uploads\/2024\/04\/logo-decouvrir-ensemble-blog-voyage.jpg","url":"https:\/\/decouvrirensemble.com\/wp-content\/uploads\/2024\/04\/logo-decouvrir-ensemble-blog-voyage.jpg","contentUrl":"https:\/\/decouvrirensemble.com\/wp-content\/uploads\/2024\/04\/logo-decouvrir-ensemble-blog-voyage.jpg","width":1563,"height":529,"caption":"Cl\u00e9mence &amp; Alexandre"},"logo":{"@id":"https:\/\/decouvrirensemble.com\/wp-content\/uploads\/2024\/04\/logo-decouvrir-ensemble-blog-voyage.jpg"},"sameAs":["https:\/\/decouvrirensemble.com\/"]}]}},"modified_by":"Cl\u00e9mence &amp; Alexandre","_links":{"self":[{"href":"https:\/\/decouvrirensemble.com\/es\/wp-json\/wp\/v2\/posts\/45486","targetHints":{"allow":["GET"]}}],"collection":[{"href":"https:\/\/decouvrirensemble.com\/es\/wp-json\/wp\/v2\/posts"}],"about":[{"href":"https:\/\/decouvrirensemble.com\/es\/wp-json\/wp\/v2\/types\/post"}],"author":[{"embeddable":true,"href":"https:\/\/decouvrirensemble.com\/es\/wp-json\/wp\/v2\/users\/1"}],"replies":[{"embeddable":true,"href":"https:\/\/decouvrirensemble.com\/es\/wp-json\/wp\/v2\/comments?post=45486"}],"version-history":[{"count":3,"href":"https:\/\/decouvrirensemble.com\/es\/wp-json\/wp\/v2\/posts\/45486\/revisions"}],"predecessor-version":[{"id":65700,"href":"https:\/\/decouvrirensemble.com\/es\/wp-json\/wp\/v2\/posts\/45486\/revisions\/65700"}],"wp:featuredmedia":[{"embeddable":true,"href":"https:\/\/decouvrirensemble.com\/es\/wp-json\/wp\/v2\/media\/47807"}],"wp:attachment":[{"href":"https:\/\/decouvrirensemble.com\/es\/wp-json\/wp\/v2\/media?parent=45486"}],"wp:term":[{"taxonomy":"category","embeddable":true,"href":"https:\/\/decouvrirensemble.com\/es\/wp-json\/wp\/v2\/categories?post=45486"},{"taxonomy":"post_tag","embeddable":true,"href":"https:\/\/decouvrirensemble.com\/es\/wp-json\/wp\/v2\/tags?post=45486"}],"curies":[{"name":"wp","href":"https:\/\/api.w.org\/{rel}","templated":true}]}}