{"id":45491,"date":"2023-01-27T11:51:37","date_gmt":"2023-01-27T10:51:37","guid":{"rendered":"https:\/\/decouvrirensemble.com\/?p=45491"},"modified":"2026-01-06T15:44:47","modified_gmt":"2026-01-06T14:44:47","slug":"las-islas-baleares","status":"publish","type":"post","link":"https:\/\/decouvrirensemble.com\/es\/las-islas-baleares","title":{"rendered":"Las islas Baleares m\u00e1s bonitas"},"content":{"rendered":"<p>Con un tiempo medio de vuelo de 2 horas y media desde Par\u00eds, las <strong>Islas<\/strong> Baleares son una excelente opci\u00f3n de destino. Entre abril y finales de octubre, tambi\u00e9n se puede llegar a la isla de Mallorca en ferry desde Tol\u00f3n.<\/p>\n<p><strong>El archipi\u00e9lago balear cuenta con 4 islas principales<\/strong>: Ibiza, Formentera, Mallorca y Menorca. Cada una de estas islas tiene sus puntos fuertes, y hoy vamos a hacer todo lo posible <strong>para ayudarle a elegir<\/strong> una o varias de ellas para sus pr\u00f3ximas <a href=\"https:\/\/decouvrirensemble.com\/es\/destinos\/espana\">vacaciones en Espa\u00f1a<\/a>.<\/p>\n<p>Si tienes la oportunidad de pasar 2 semanas de vacaciones en Baleares, ya te adelantamos que es perfectamente posible combinar varias islas en un mismo viaje. \u00a1Vamos!<\/p>\n<h2><span class=\"ez-toc-section\" id=\"1_Mallorca_la_mas_bella_de_las_Baleares\"><\/span>1. Mallorca: la m\u00e1s bella de las Baleares<span class=\"ez-toc-section-end\"><\/span><\/h2>\n<p><a href=\"https:\/\/decouvrirensemble.com\/es\/que-ver-en-mallorca\">Mallorca<\/a> es la mayor de las Baleares y, sin duda, una de nuestras islas favoritas de Europa. Cuenta con muchos atractivos, como calas y playas impresionantes y un paisaje monta\u00f1oso excepcional. El litoral mallorqu\u00edn est\u00e1 salpicado de magn\u00edficas playas y calas, como Cal\u00f3 des Moro y Cala Llombards. Creemos que Mallorca es la isla m\u00e1s completa, y la que recomendamos si nunca ha estado en Baleares.<\/p>\n<p>Adem\u00e1s de ser la mayor de las Baleares, tambi\u00e9n es la m\u00e1s poblada y la que m\u00e1s turistas atrae, con m\u00e1s de 12 millones de visitantes al a\u00f1o. Como ves, aunque la isla es magn\u00edfica, te aconsejamos que evites en la medida de lo posible la temporada alta.<\/p>\n<p>[relance-majorque]<\/p>\n<img decoding=\"async\" class=\"alignnone size-full wp-image-19673\" src=\"https:\/\/decouvrirensemble.com\/wp-content\/uploads\/2023\/01\/iles-baleares-majorque.jpg\" alt=\"les \u00celes Bal\u00e9ares\" width=\"1800\" height=\"1200\" srcset=\"https:\/\/decouvrirensemble.com\/wp-content\/uploads\/2023\/01\/iles-baleares-majorque.jpg 1800w, https:\/\/decouvrirensemble.com\/wp-content\/uploads\/2023\/01\/iles-baleares-majorque-300x200.jpg 300w, https:\/\/decouvrirensemble.com\/wp-content\/uploads\/2023\/01\/iles-baleares-majorque-1024x683.jpg 1024w, https:\/\/decouvrirensemble.com\/wp-content\/uploads\/2023\/01\/iles-baleares-majorque-768x512.jpg 768w, https:\/\/decouvrirensemble.com\/wp-content\/uploads\/2023\/01\/iles-baleares-majorque-1536x1024.jpg 1536w\" sizes=\"(max-width: 1800px) 100vw, 1800px\" \/>\n<img decoding=\"async\" class=\"alignnone size-full wp-image-53973\" src=\"https:\/\/decouvrirensemble.com\/wp-content\/uploads\/2024\/05\/villages-nord-majorque-deia.jpg\" alt=\"villages nord Majorque deia\" width=\"1800\" height=\"1200\" srcset=\"https:\/\/decouvrirensemble.com\/wp-content\/uploads\/2024\/05\/villages-nord-majorque-deia.jpg 1800w, https:\/\/decouvrirensemble.com\/wp-content\/uploads\/2024\/05\/villages-nord-majorque-deia-300x200.jpg 300w, https:\/\/decouvrirensemble.com\/wp-content\/uploads\/2024\/05\/villages-nord-majorque-deia-1024x683.jpg 1024w, https:\/\/decouvrirensemble.com\/wp-content\/uploads\/2024\/05\/villages-nord-majorque-deia-768x512.jpg 768w, https:\/\/decouvrirensemble.com\/wp-content\/uploads\/2024\/05\/villages-nord-majorque-deia-1536x1024.jpg 1536w, https:\/\/decouvrirensemble.com\/wp-content\/uploads\/2024\/05\/villages-nord-majorque-deia-600x400.jpg 600w\" sizes=\"(max-width: 1800px) 100vw, 1800px\" \/>\n<h3><span class=\"ez-toc-section\" id=\"%C2%BFDonde_alojarse_en_Mallorca_Nuestras_mejores_direcciones\"><\/span>\u00bfD\u00f3nde alojarse en Mallorca? Nuestras mejores direcciones<span class=\"ez-toc-section-end\"><\/span><\/h3>\n<p>Mallorca es una isla con un gran n\u00famero de hoteles, por lo que es f\u00e1cil perderse. Durante nuestra investigaci\u00f3n, dimos con estos magn\u00edficos hoteles. Le recomendamos que les eche un vistazo, \u00a1le encantar\u00e1n!<\/p>\n<p>[hotel-majorque]<\/p>\n<img decoding=\"async\" class=\"alignnone size-full wp-image-53931\" src=\"https:\/\/decouvrirensemble.com\/wp-content\/uploads\/2024\/05\/plus-belles-plages-majorque-cala-llombards.jpg\" alt=\"plus belles plages majorque\" width=\"1800\" height=\"1200\" srcset=\"https:\/\/decouvrirensemble.com\/wp-content\/uploads\/2024\/05\/plus-belles-plages-majorque-cala-llombards.jpg 1800w, https:\/\/decouvrirensemble.com\/wp-content\/uploads\/2024\/05\/plus-belles-plages-majorque-cala-llombards-300x200.jpg 300w, https:\/\/decouvrirensemble.com\/wp-content\/uploads\/2024\/05\/plus-belles-plages-majorque-cala-llombards-1024x683.jpg 1024w, https:\/\/decouvrirensemble.com\/wp-content\/uploads\/2024\/05\/plus-belles-plages-majorque-cala-llombards-768x512.jpg 768w, https:\/\/decouvrirensemble.com\/wp-content\/uploads\/2024\/05\/plus-belles-plages-majorque-cala-llombards-1536x1024.jpg 1536w, https:\/\/decouvrirensemble.com\/wp-content\/uploads\/2024\/05\/plus-belles-plages-majorque-cala-llombards-600x400.jpg 600w\" sizes=\"(max-width: 1800px) 100vw, 1800px\" \/>\n<h2><span class=\"ez-toc-section\" id=\"2_Menorca_la_mas_virgen_de_las_Baleares\"><\/span>2. Menorca: la m\u00e1s virgen de las Baleares<span class=\"ez-toc-section-end\"><\/span><\/h2>\n<p>Continuamos este art\u00edculo del blog sobre las Islas Baleares con Menorca, la isla de la tranquilidad. Si busca una isla tranquila y virgen, donde la naturaleza est\u00e9 por todas partes, le encantar\u00e1 Menorca. La isla est\u00e1 tan bien conservada que incluso fue reconocida como Reserva de la Biosfera por la UNESCO en 1993.<\/p>\n<p>Si dispone de dos semanas de vacaciones, le recomendamos que haga como nosotros: una semana en Mallorca y la segunda en Menorca. S\u00f3lo se tarda 1h30 en ferry en cruzar entre las dos islas. Es la forma perfecta de matar dos p\u00e1jaros de un tiro. Si buscas <a href=\"https:\/\/decouvrirensemble.com\/es\/que-ver-en-menorca\">qu\u00e9 hacer en Menorca<\/a> durante tus vacaciones en Espa\u00f1a, te recomendamos que leas nuestro art\u00edculo dedicado.<\/p>\n<p>[relance-minorque]<\/p>\n<img decoding=\"async\" class=\"alignnone size-full wp-image-19674\" src=\"https:\/\/decouvrirensemble.com\/wp-content\/uploads\/2023\/01\/iles-baleares-minorque.jpg\" alt=\"les \u00celes Bal\u00e9ares\" width=\"1800\" height=\"1200\" srcset=\"https:\/\/decouvrirensemble.com\/wp-content\/uploads\/2023\/01\/iles-baleares-minorque.jpg 1800w, https:\/\/decouvrirensemble.com\/wp-content\/uploads\/2023\/01\/iles-baleares-minorque-300x200.jpg 300w, https:\/\/decouvrirensemble.com\/wp-content\/uploads\/2023\/01\/iles-baleares-minorque-1024x683.jpg 1024w, https:\/\/decouvrirensemble.com\/wp-content\/uploads\/2023\/01\/iles-baleares-minorque-768x512.jpg 768w, https:\/\/decouvrirensemble.com\/wp-content\/uploads\/2023\/01\/iles-baleares-minorque-1536x1024.jpg 1536w\" sizes=\"(max-width: 1800px) 100vw, 1800px\" \/>\n<img decoding=\"async\" class=\"alignnone size-full wp-image-21756\" src=\"https:\/\/decouvrirensemble.com\/wp-content\/uploads\/2023\/06\/blog-minorque.jpg\" alt=\"\" width=\"1800\" height=\"1200\" srcset=\"https:\/\/decouvrirensemble.com\/wp-content\/uploads\/2023\/06\/blog-minorque.jpg 1800w, https:\/\/decouvrirensemble.com\/wp-content\/uploads\/2023\/06\/blog-minorque-300x200.jpg 300w, https:\/\/decouvrirensemble.com\/wp-content\/uploads\/2023\/06\/blog-minorque-1024x683.jpg 1024w, https:\/\/decouvrirensemble.com\/wp-content\/uploads\/2023\/06\/blog-minorque-768x512.jpg 768w, https:\/\/decouvrirensemble.com\/wp-content\/uploads\/2023\/06\/blog-minorque-1536x1024.jpg 1536w\" sizes=\"(max-width: 1800px) 100vw, 1800px\" \/>\n<h3><span class=\"ez-toc-section\" id=\"%C2%BFDonde_dormir_en_Menorca_Nuestras_mejores_direcciones\"><\/span>\u00bfD\u00f3nde dormir en Menorca? Nuestras mejores direcciones<span class=\"ez-toc-section-end\"><\/span><\/h3>\n<p>Ciuatedella es sin duda el pueblo m\u00e1s bonito de la isla de Menorca. Aqu\u00ed es donde le recomendamos que se aloje. Si a\u00fan no ha encontrado su hotel para sus vacaciones en Menorca, le sugerimos que eche un vistazo a nuestra selecci\u00f3n de los hoteles m\u00e1s bonitos de la isla.<\/p>\n<p>[hotel-minorque]<\/p>\n<img decoding=\"async\" class=\"alignnone size-full wp-image-21752\" src=\"https:\/\/decouvrirensemble.com\/wp-content\/uploads\/2023\/06\/Es-mercadal-minorque.jpg\" alt=\"es mercadal minorque\" width=\"1800\" height=\"1200\" srcset=\"https:\/\/decouvrirensemble.com\/wp-content\/uploads\/2023\/06\/Es-mercadal-minorque.jpg 1800w, https:\/\/decouvrirensemble.com\/wp-content\/uploads\/2023\/06\/Es-mercadal-minorque-300x200.jpg 300w, https:\/\/decouvrirensemble.com\/wp-content\/uploads\/2023\/06\/Es-mercadal-minorque-1024x683.jpg 1024w, https:\/\/decouvrirensemble.com\/wp-content\/uploads\/2023\/06\/Es-mercadal-minorque-768x512.jpg 768w, https:\/\/decouvrirensemble.com\/wp-content\/uploads\/2023\/06\/Es-mercadal-minorque-1536x1024.jpg 1536w\" sizes=\"(max-width: 1800px) 100vw, 1800px\" \/>\n<h2><span class=\"ez-toc-section\" id=\"3_Ibiza_nuestra_favorita_de_las_Baleares\"><\/span>3. Ibiza: nuestra favorita de las Baleares<span class=\"ez-toc-section-end\"><\/span><\/h2>\n<p>Con demasiada frecuencia, Ibiza es v\u00edctima de t\u00f3picos e ideas preconcebidas, y es importante dec\u00edrselo de entrada: \u00a1NO, Ibiza no es una isla dedicada exclusivamente a los fiesteros! Durante nuestro descubrimiento de Ibiza, descubrimos una isla incre\u00edble con un entorno natural exuberante, donde un ritmo suave y el arte de vivir se combinan para ofrecer la combinaci\u00f3n perfecta.<\/p>\n<p>\u00bfLe gusta admirar paisajes impresionantes? \u00bfLe gustan los restaurantes de dise\u00f1o que sirven refinada cocina mediterr\u00e1nea? \u00a1Cr\u00e9anos!<\/p>\n<p>Durante nuestro descubrimiento de Ibiza, dedicamos una semana entera a descubrir los mejores rincones y direcciones de visita obligada. Estos imprescindibles y nuestro itinerario detallado est\u00e1n disponibles en nuestro blog de viajes. Si quiere saber <a href=\"https:\/\/decouvrirensemble.com\/es\/que-ver-en-ibiza\">qu\u00e9 ver en Ibiza<\/a>, le recomendamos que lo consulte. Al mismo tiempo, puedes saber m\u00e1s sobre esta excepcional isla balear.<\/p>\n<p>[relance-ibiza]<\/p>\n<img decoding=\"async\" class=\"alignnone size-full wp-image-19672\" src=\"https:\/\/decouvrirensemble.com\/wp-content\/uploads\/2023\/01\/iles-baleares-ibiza.jpg\" alt=\"\u00celes Bal\u00e9ares\" width=\"1800\" height=\"1200\" srcset=\"https:\/\/decouvrirensemble.com\/wp-content\/uploads\/2023\/01\/iles-baleares-ibiza.jpg 1800w, https:\/\/decouvrirensemble.com\/wp-content\/uploads\/2023\/01\/iles-baleares-ibiza-300x200.jpg 300w, https:\/\/decouvrirensemble.com\/wp-content\/uploads\/2023\/01\/iles-baleares-ibiza-1024x683.jpg 1024w, https:\/\/decouvrirensemble.com\/wp-content\/uploads\/2023\/01\/iles-baleares-ibiza-768x512.jpg 768w, https:\/\/decouvrirensemble.com\/wp-content\/uploads\/2023\/01\/iles-baleares-ibiza-1536x1024.jpg 1536w\" sizes=\"(max-width: 1800px) 100vw, 1800px\" \/>\n<h3><span class=\"ez-toc-section\" id=\"%C2%BFDonde_dormir_en_Ibiza_Nuestras_mejores_direcciones\"><\/span>\u00bfD\u00f3nde dormir en Ibiza? Nuestras mejores direcciones<span class=\"ez-toc-section-end\"><\/span><\/h3>\n<p>\u00bfPor fin se ha decidido a visitar Ibiza? Aqu\u00ed tiene nuestra selecci\u00f3n de los 5 mejores hoteles de la isla. Si busca un lugar elegante y bien situado para alojarse en Ibiza, \u00e9sta es su selecci\u00f3n. Disfrute de su viaje.<\/p>\n<p>[hotel-ibiza]<\/p>\n<img decoding=\"async\" class=\"alignnone size-full wp-image-19676\" src=\"https:\/\/decouvrirensemble.com\/wp-content\/uploads\/2023\/01\/les-iles-baleares-ibiza.jpg\" alt=\"Ibiza\" width=\"1800\" height=\"1200\" srcset=\"https:\/\/decouvrirensemble.com\/wp-content\/uploads\/2023\/01\/les-iles-baleares-ibiza.jpg 1800w, https:\/\/decouvrirensemble.com\/wp-content\/uploads\/2023\/01\/les-iles-baleares-ibiza-300x200.jpg 300w, https:\/\/decouvrirensemble.com\/wp-content\/uploads\/2023\/01\/les-iles-baleares-ibiza-1024x683.jpg 1024w, https:\/\/decouvrirensemble.com\/wp-content\/uploads\/2023\/01\/les-iles-baleares-ibiza-768x512.jpg 768w, https:\/\/decouvrirensemble.com\/wp-content\/uploads\/2023\/01\/les-iles-baleares-ibiza-1536x1024.jpg 1536w\" sizes=\"(max-width: 1800px) 100vw, 1800px\" \/>\n<h2><span class=\"ez-toc-section\" id=\"4_Formentera_la_mas_confidencial_de_las_Baleares\"><\/span>4. Formentera: la m\u00e1s confidencial de las Baleares<span class=\"ez-toc-section-end\"><\/span><\/h2>\n<p>Salvaje y virgen, la m\u00e1s peque\u00f1a de las Baleares es una isla m\u00e1gica donde el tiempo parece haberse detenido. Imag\u00ednese algunas de las playas de arena blanca m\u00e1s bellas del mundo, peque\u00f1as calas solitarias con impresionantes vistas al mar&#8230;<\/p>\n<p>Bienvenido a <a href=\"https:\/\/decouvrirensemble.com\/es\/que-ver-en-formentera-en-un-dia\">Formentera<\/a>, en las Baleares. Descubrimos Formentera durante nuestro viaje a Ibiza, ya que las dos islas est\u00e1n a s\u00f3lo 30 minutos en ferry. As\u00ed que, si el tiempo lo permite, le recomendamos que combine las dos islas en sus vacaciones en Baleares. Si busca relax, tranquilidad y naturaleza, Formentera le encantar\u00e1.<\/p>\n<p>[relance-formentera]<\/p>\n<img decoding=\"async\" class=\"alignnone size-full wp-image-19671\" src=\"https:\/\/decouvrirensemble.com\/wp-content\/uploads\/2023\/01\/iles-baleares-formentera.jpg\" alt=\"\u00celes Bal\u00e9ares\" width=\"1800\" height=\"1200\" srcset=\"https:\/\/decouvrirensemble.com\/wp-content\/uploads\/2023\/01\/iles-baleares-formentera.jpg 1800w, https:\/\/decouvrirensemble.com\/wp-content\/uploads\/2023\/01\/iles-baleares-formentera-300x200.jpg 300w, https:\/\/decouvrirensemble.com\/wp-content\/uploads\/2023\/01\/iles-baleares-formentera-1024x683.jpg 1024w, https:\/\/decouvrirensemble.com\/wp-content\/uploads\/2023\/01\/iles-baleares-formentera-768x512.jpg 768w, https:\/\/decouvrirensemble.com\/wp-content\/uploads\/2023\/01\/iles-baleares-formentera-1536x1024.jpg 1536w\" sizes=\"(max-width: 1800px) 100vw, 1800px\" \/>\n<h3><span class=\"ez-toc-section\" id=\"%C2%BFDonde_alojarse_en_Formentera_Nuestro_hotel_favorito\"><\/span>\u00bfD\u00f3nde alojarse en Formentera? Nuestro hotel favorito<span class=\"ez-toc-section-end\"><\/span><\/h3>\n<p>Durante nuestro viaje a Ibiza, hab\u00edamos planeado pasar s\u00f3lo un d\u00eda en Formentera. Nos encant\u00f3 tanto esta isla balear que recomendamos una estancia m\u00ednima de dos noches para aprovecharla al m\u00e1ximo. Si quieres alojarte en Formentera, te recomendamos el excelente Hotel Can Aisha.<\/p>\n    <div class=\"niceButton\"><a href=\"https:\/\/www.booking.com\/hotel\/es\/can-aisha.fr.html?aid=1286053\" target=\"_blank\" class=\"emojiLink\">\n                    <span class=\"emojiLink__emoji\">\u2764\ufe0f<\/span>\n                <span class=\"emojiLink__title title title--big\">Ver hotel<\/span>\n    <\/a><\/div>\n\n    \n<img decoding=\"async\" class=\"alignnone size-full wp-image-19675\" src=\"https:\/\/decouvrirensemble.com\/wp-content\/uploads\/2023\/01\/les-iles-baleares-formentera.jpg\" alt=\"Formentera\" width=\"1800\" height=\"1200\" srcset=\"https:\/\/decouvrirensemble.com\/wp-content\/uploads\/2023\/01\/les-iles-baleares-formentera.jpg 1800w, https:\/\/decouvrirensemble.com\/wp-content\/uploads\/2023\/01\/les-iles-baleares-formentera-300x200.jpg 300w, https:\/\/decouvrirensemble.com\/wp-content\/uploads\/2023\/01\/les-iles-baleares-formentera-1024x683.jpg 1024w, https:\/\/decouvrirensemble.com\/wp-content\/uploads\/2023\/01\/les-iles-baleares-formentera-768x512.jpg 768w, https:\/\/decouvrirensemble.com\/wp-content\/uploads\/2023\/01\/les-iles-baleares-formentera-1536x1024.jpg 1536w\" sizes=\"(max-width: 1800px) 100vw, 1800px\" \/>\n<h2><span class=\"ez-toc-section\" id=\"Cuando_visitar_las_Islas_Baleares\"><\/span>Cu\u00e1ndo visitar las Islas Baleares<span class=\"ez-toc-section-end\"><\/span><\/h2>\n<p>La gran baza de las Islas Baleares es su clima mediterr\u00e1neo. Esto significa que puede descubrir el archipi\u00e9lago durante todo el a\u00f1o. Y s\u00ed, en Baleares hace buen tiempo casi todo el a\u00f1o.<\/p>\n<p>Sin embargo, le aconsejamos que elija el periodo de mayo a octubre, evitando julio y agosto. As\u00ed podr\u00e1 disfrutar al m\u00e1ximo de las islas. Todo ello evitando las hordas de turistas. Si puede, elija la primavera o el oto\u00f1o.<\/p>\n<img decoding=\"async\" class=\"alignnone size-full wp-image-16403\" src=\"https:\/\/decouvrirensemble.com\/wp-content\/uploads\/2022\/03\/Loueur_voiture_Ibiza_centauro.jpg\" alt=\"\" width=\"1800\" height=\"1200\" srcset=\"https:\/\/decouvrirensemble.com\/wp-content\/uploads\/2022\/03\/Loueur_voiture_Ibiza_centauro.jpg 1800w, https:\/\/decouvrirensemble.com\/wp-content\/uploads\/2022\/03\/Loueur_voiture_Ibiza_centauro-300x200.jpg 300w, https:\/\/decouvrirensemble.com\/wp-content\/uploads\/2022\/03\/Loueur_voiture_Ibiza_centauro-1024x683.jpg 1024w, https:\/\/decouvrirensemble.com\/wp-content\/uploads\/2022\/03\/Loueur_voiture_Ibiza_centauro-768x512.jpg 768w, https:\/\/decouvrirensemble.com\/wp-content\/uploads\/2022\/03\/Loueur_voiture_Ibiza_centauro-1536x1024.jpg 1536w\" sizes=\"(max-width: 1800px) 100vw, 1800px\" \/>\n<img decoding=\"async\" class=\"alignnone size-full wp-image-19679\" src=\"https:\/\/decouvrirensemble.com\/wp-content\/uploads\/2023\/01\/les-iles-baleares.jpg\" alt=\"les \u00celes Bal\u00e9ares\" width=\"1800\" height=\"1200\" srcset=\"https:\/\/decouvrirensemble.com\/wp-content\/uploads\/2023\/01\/les-iles-baleares.jpg 1800w, https:\/\/decouvrirensemble.com\/wp-content\/uploads\/2023\/01\/les-iles-baleares-300x200.jpg 300w, https:\/\/decouvrirensemble.com\/wp-content\/uploads\/2023\/01\/les-iles-baleares-1024x683.jpg 1024w, https:\/\/decouvrirensemble.com\/wp-content\/uploads\/2023\/01\/les-iles-baleares-768x512.jpg 768w, https:\/\/decouvrirensemble.com\/wp-content\/uploads\/2023\/01\/les-iles-baleares-1536x1024.jpg 1536w\" sizes=\"(max-width: 1800px) 100vw, 1800px\" \/>\n<p>[gracias]<\/p>\n\n\n<div class=\"kk-star-ratings kksr-auto kksr-align-left kksr-valign-bottom\"\n    data-payload='{&quot;align&quot;:&quot;left&quot;,&quot;id&quot;:&quot;45491&quot;,&quot;slug&quot;:&quot;default&quot;,&quot;valign&quot;:&quot;bottom&quot;,&quot;ignore&quot;:&quot;&quot;,&quot;reference&quot;:&quot;auto&quot;,&quot;class&quot;:&quot;&quot;,&quot;count&quot;:&quot;6&quot;,&quot;legendonly&quot;:&quot;&quot;,&quot;readonly&quot;:&quot;&quot;,&quot;score&quot;:&quot;5&quot;,&quot;starsonly&quot;:&quot;&quot;,&quot;best&quot;:&quot;5&quot;,&quot;gap&quot;:&quot;4&quot;,&quot;greet&quot;:&quot;Sea el primero en valorar esta entrada de blog.&quot;,&quot;legend&quot;:&quot;5\\\/5 - (6 votos)&quot;,&quot;size&quot;:&quot;21&quot;,&quot;title&quot;:&quot;Las islas Baleares m\u00e1s bonitas&quot;,&quot;width&quot;:&quot;123&quot;,&quot;_legend&quot;:&quot;{score}\\\/{best} - ({count} {votes})&quot;,&quot;font_factor&quot;:&quot;1.25&quot;}'>\n            \n<div class=\"kksr-stars\">\n    \n<div class=\"kksr-stars-inactive\">\n            <div class=\"kksr-star\" data-star=\"1\" style=\"padding-right: 4px\">\n            \n\n<div class=\"kksr-icon\" style=\"width: 21px; height: 21px;\"><\/div>\n        <\/div>\n            <div class=\"kksr-star\" data-star=\"2\" style=\"padding-right: 4px\">\n            \n\n<div class=\"kksr-icon\" style=\"width: 21px; height: 21px;\"><\/div>\n        <\/div>\n            <div class=\"kksr-star\" data-star=\"3\" style=\"padding-right: 4px\">\n            \n\n<div class=\"kksr-icon\" style=\"width: 21px; height: 21px;\"><\/div>\n        <\/div>\n            <div class=\"kksr-star\" data-star=\"4\" style=\"padding-right: 4px\">\n            \n\n<div class=\"kksr-icon\" style=\"width: 21px; height: 21px;\"><\/div>\n        <\/div>\n            <div class=\"kksr-star\" data-star=\"5\" style=\"padding-right: 4px\">\n            \n\n<div class=\"kksr-icon\" style=\"width: 21px; height: 21px;\"><\/div>\n        <\/div>\n    <\/div>\n    \n<div class=\"kksr-stars-active\" style=\"width: 123px;\">\n            <div class=\"kksr-star\" style=\"padding-right: 4px\">\n            \n\n<div class=\"kksr-icon\" style=\"width: 21px; height: 21px;\"><\/div>\n        <\/div>\n            <div class=\"kksr-star\" style=\"padding-right: 4px\">\n            \n\n<div class=\"kksr-icon\" style=\"width: 21px; height: 21px;\"><\/div>\n        <\/div>\n            <div class=\"kksr-star\" style=\"padding-right: 4px\">\n            \n\n<div class=\"kksr-icon\" style=\"width: 21px; height: 21px;\"><\/div>\n        <\/div>\n            <div class=\"kksr-star\" style=\"padding-right: 4px\">\n            \n\n<div class=\"kksr-icon\" style=\"width: 21px; height: 21px;\"><\/div>\n        <\/div>\n            <div class=\"kksr-star\" style=\"padding-right: 4px\">\n            \n\n<div class=\"kksr-icon\" style=\"width: 21px; height: 21px;\"><\/div>\n        <\/div>\n    <\/div>\n<\/div>\n                \n\n<div class=\"kksr-legend\" style=\"font-size: 16.8px;\">\n            5\/5 - (6 votos)    <\/div>\n    <\/div>\n","protected":false},"excerpt":{"rendered":"<p>Las Islas Baleares, en Espa\u00f1a, son un para\u00edso terrenal. Con sus playas de arena fina, aguas turquesas y clima c\u00e1lido todo el a\u00f1o, las Baleares son el destino ideal para relajarse y recargar pilas no muy lejos de Francia.<\/p>\n","protected":false},"author":1,"featured_media":47514,"comment_status":"open","ping_status":"closed","sticky":false,"template":"","format":"standard","meta":{"_acf_changed":false,"_lmt_disableupdate":"no","_lmt_disable":"no","footnotes":""},"categories":[461,520],"tags":[],"class_list":["post-45491","post","type-post","status-publish","format-standard","has-post-thumbnail","hentry","category-espana","category-tops-es"],"acf":[],"yoast_head":"<!-- This site is optimized with the Yoast SEO plugin v27.4 - https:\/\/yoast.com\/product\/yoast-seo-wordpress\/ -->\n<title>Las islas Baleares m\u00e1s bonitas - Blog de viajes<\/title>\n<meta name=\"description\" content=\"Descubra las islas m\u00e1s bellas de las Baleares, entre Ibiza, Formentera, Mallorca y Menorca.\" \/>\n<meta name=\"robots\" content=\"index, follow, max-snippet:-1, max-image-preview:large, max-video-preview:-1\" \/>\n<link rel=\"canonical\" href=\"https:\/\/decouvrirensemble.com\/es\/las-islas-baleares\" \/>\n<meta property=\"og:locale\" content=\"es_ES\" \/>\n<meta property=\"og:type\" content=\"article\" \/>\n<meta property=\"og:title\" content=\"Las islas Baleares m\u00e1s bonitas - Blog de viajes\" \/>\n<meta property=\"og:description\" content=\"Descubra las islas m\u00e1s bellas de las Baleares, entre Ibiza, Formentera, Mallorca y Menorca.\" \/>\n<meta property=\"og:url\" content=\"https:\/\/decouvrirensemble.com\/es\/las-islas-baleares\" \/>\n<meta property=\"og:site_name\" content=\"Blog Voyage - D\u00e9couvrir Ensemble\" \/>\n<meta property=\"article:published_time\" content=\"2023-01-27T10:51:37+00:00\" \/>\n<meta property=\"article:modified_time\" content=\"2026-01-06T14:44:47+00:00\" \/>\n<meta property=\"og:image\" content=\"https:\/\/decouvrirensemble.com\/wp-content\/uploads\/2023\/01\/iles-baleares-espagnoles-blog-voyage.jpg\" \/>\n\t<meta property=\"og:image:width\" content=\"1800\" \/>\n\t<meta property=\"og:image:height\" content=\"1350\" \/>\n\t<meta property=\"og:image:type\" content=\"image\/jpeg\" \/>\n<meta name=\"author\" content=\"Cl\u00e9mence &amp; Alexandre\" \/>\n<meta name=\"twitter:card\" content=\"summary_large_image\" \/>\n<meta name=\"twitter:creator\" content=\"@dcouvrirensmble\" \/>\n<meta name=\"twitter:site\" content=\"@dcouvrirensmble\" \/>\n<meta name=\"twitter:label1\" content=\"Escrito por\" \/>\n\t<meta name=\"twitter:data1\" content=\"Cl\u00e9mence &amp; Alexandre\" \/>\n\t<meta name=\"twitter:label2\" content=\"Tiempo de lectura\" \/>\n\t<meta name=\"twitter:data2\" content=\"8 minutos\" \/>\n<script type=\"application\/ld+json\" class=\"yoast-schema-graph\">{\"@context\":\"https:\\\/\\\/schema.org\",\"@graph\":[{\"@type\":\"Article\",\"@id\":\"https:\\\/\\\/decouvrirensemble.com\\\/es\\\/las-islas-baleares#article\",\"isPartOf\":{\"@id\":\"https:\\\/\\\/decouvrirensemble.com\\\/es\\\/las-islas-baleares\"},\"author\":{\"name\":\"Cl\u00e9mence &amp; Alexandre\",\"@id\":\"https:\\\/\\\/decouvrirensemble.com\\\/es#\\\/schema\\\/person\\\/a53efd44d02eb7f9ab90f96e84a9d2ba\"},\"headline\":\"Las islas Baleares m\u00e1s bonitas\",\"datePublished\":\"2023-01-27T10:51:37+00:00\",\"dateModified\":\"2026-01-06T14:44:47+00:00\",\"mainEntityOfPage\":{\"@id\":\"https:\\\/\\\/decouvrirensemble.com\\\/es\\\/las-islas-baleares\"},\"wordCount\":958,\"commentCount\":0,\"publisher\":{\"@id\":\"https:\\\/\\\/decouvrirensemble.com\\\/es#\\\/schema\\\/person\\\/a53efd44d02eb7f9ab90f96e84a9d2ba\"},\"image\":{\"@id\":\"https:\\\/\\\/decouvrirensemble.com\\\/es\\\/las-islas-baleares#primaryimage\"},\"thumbnailUrl\":\"https:\\\/\\\/decouvrirensemble.com\\\/wp-content\\\/uploads\\\/2023\\\/01\\\/iles-baleares-espagnoles-blog-voyage.jpg\",\"articleSection\":[\"Espa\u00f1a\",\"Tops\"],\"inLanguage\":\"es\",\"potentialAction\":[{\"@type\":\"CommentAction\",\"name\":\"Comment\",\"target\":[\"https:\\\/\\\/decouvrirensemble.com\\\/es\\\/las-islas-baleares#respond\"]}]},{\"@type\":\"WebPage\",\"@id\":\"https:\\\/\\\/decouvrirensemble.com\\\/es\\\/las-islas-baleares\",\"url\":\"https:\\\/\\\/decouvrirensemble.com\\\/es\\\/las-islas-baleares\",\"name\":\"Las islas Baleares m\u00e1s bonitas - Blog de viajes\",\"isPartOf\":{\"@id\":\"https:\\\/\\\/decouvrirensemble.com\\\/es#website\"},\"primaryImageOfPage\":{\"@id\":\"https:\\\/\\\/decouvrirensemble.com\\\/es\\\/las-islas-baleares#primaryimage\"},\"image\":{\"@id\":\"https:\\\/\\\/decouvrirensemble.com\\\/es\\\/las-islas-baleares#primaryimage\"},\"thumbnailUrl\":\"https:\\\/\\\/decouvrirensemble.com\\\/wp-content\\\/uploads\\\/2023\\\/01\\\/iles-baleares-espagnoles-blog-voyage.jpg\",\"datePublished\":\"2023-01-27T10:51:37+00:00\",\"dateModified\":\"2026-01-06T14:44:47+00:00\",\"description\":\"Descubra las islas m\u00e1s bellas de las Baleares, entre Ibiza, Formentera, Mallorca y Menorca.\",\"breadcrumb\":{\"@id\":\"https:\\\/\\\/decouvrirensemble.com\\\/es\\\/las-islas-baleares#breadcrumb\"},\"inLanguage\":\"es\",\"potentialAction\":[{\"@type\":\"ReadAction\",\"target\":[\"https:\\\/\\\/decouvrirensemble.com\\\/es\\\/las-islas-baleares\"]}]},{\"@type\":\"ImageObject\",\"inLanguage\":\"es\",\"@id\":\"https:\\\/\\\/decouvrirensemble.com\\\/es\\\/las-islas-baleares#primaryimage\",\"url\":\"https:\\\/\\\/decouvrirensemble.com\\\/wp-content\\\/uploads\\\/2023\\\/01\\\/iles-baleares-espagnoles-blog-voyage.jpg\",\"contentUrl\":\"https:\\\/\\\/decouvrirensemble.com\\\/wp-content\\\/uploads\\\/2023\\\/01\\\/iles-baleares-espagnoles-blog-voyage.jpg\",\"width\":1800,\"height\":1350,\"caption\":\"\u00celes Bal\u00e9ares\"},{\"@type\":\"BreadcrumbList\",\"@id\":\"https:\\\/\\\/decouvrirensemble.com\\\/es\\\/las-islas-baleares#breadcrumb\",\"itemListElement\":[{\"@type\":\"ListItem\",\"position\":1,\"name\":\"Accueil\",\"item\":\"https:\\\/\\\/decouvrirensemble.com\\\/es\"},{\"@type\":\"ListItem\",\"position\":2,\"name\":\"Destinos\",\"item\":\"https:\\\/\\\/decouvrirensemble.com\\\/es\\\/destinos\"},{\"@type\":\"ListItem\",\"position\":3,\"name\":\"Espa\u00f1a\",\"item\":\"https:\\\/\\\/decouvrirensemble.com\\\/es\\\/destinos\\\/espana\"},{\"@type\":\"ListItem\",\"position\":4,\"name\":\"Las islas Baleares m\u00e1s bonitas\"}]},{\"@type\":\"WebSite\",\"@id\":\"https:\\\/\\\/decouvrirensemble.com\\\/es#website\",\"url\":\"https:\\\/\\\/decouvrirensemble.com\\\/es\",\"name\":\"Blog Voyage - D\u00e9couvrir Ensemble\",\"description\":\"Le Blog Voyage de Clem et Alex\",\"publisher\":{\"@id\":\"https:\\\/\\\/decouvrirensemble.com\\\/es#\\\/schema\\\/person\\\/a53efd44d02eb7f9ab90f96e84a9d2ba\"},\"potentialAction\":[{\"@type\":\"SearchAction\",\"target\":{\"@type\":\"EntryPoint\",\"urlTemplate\":\"https:\\\/\\\/decouvrirensemble.com\\\/es?s={search_term_string}\"},\"query-input\":{\"@type\":\"PropertyValueSpecification\",\"valueRequired\":true,\"valueName\":\"search_term_string\"}}],\"inLanguage\":\"es\"},{\"@type\":[\"Person\",\"Organization\"],\"@id\":\"https:\\\/\\\/decouvrirensemble.com\\\/es#\\\/schema\\\/person\\\/a53efd44d02eb7f9ab90f96e84a9d2ba\",\"name\":\"Cl\u00e9mence &amp; Alexandre\",\"image\":{\"@type\":\"ImageObject\",\"inLanguage\":\"es\",\"@id\":\"https:\\\/\\\/decouvrirensemble.com\\\/wp-content\\\/uploads\\\/2024\\\/04\\\/logo-decouvrir-ensemble-blog-voyage.jpg\",\"url\":\"https:\\\/\\\/decouvrirensemble.com\\\/wp-content\\\/uploads\\\/2024\\\/04\\\/logo-decouvrir-ensemble-blog-voyage.jpg\",\"contentUrl\":\"https:\\\/\\\/decouvrirensemble.com\\\/wp-content\\\/uploads\\\/2024\\\/04\\\/logo-decouvrir-ensemble-blog-voyage.jpg\",\"width\":1563,\"height\":529,\"caption\":\"Cl\u00e9mence &amp; Alexandre\"},\"logo\":{\"@id\":\"https:\\\/\\\/decouvrirensemble.com\\\/wp-content\\\/uploads\\\/2024\\\/04\\\/logo-decouvrir-ensemble-blog-voyage.jpg\"},\"sameAs\":[\"https:\\\/\\\/decouvrirensemble.com\\\/\"]}]}<\/script>\n<!-- \/ Yoast SEO plugin. -->","yoast_head_json":{"title":"Las islas Baleares m\u00e1s bonitas - Blog de viajes","description":"Descubra las islas m\u00e1s bellas de las Baleares, entre Ibiza, Formentera, Mallorca y Menorca.","robots":{"index":"index","follow":"follow","max-snippet":"max-snippet:-1","max-image-preview":"max-image-preview:large","max-video-preview":"max-video-preview:-1"},"canonical":"https:\/\/decouvrirensemble.com\/es\/las-islas-baleares","og_locale":"es_ES","og_type":"article","og_title":"Las islas Baleares m\u00e1s bonitas - Blog de viajes","og_description":"Descubra las islas m\u00e1s bellas de las Baleares, entre Ibiza, Formentera, Mallorca y Menorca.","og_url":"https:\/\/decouvrirensemble.com\/es\/las-islas-baleares","og_site_name":"Blog Voyage - D\u00e9couvrir Ensemble","article_published_time":"2023-01-27T10:51:37+00:00","article_modified_time":"2026-01-06T14:44:47+00:00","og_image":[{"width":1800,"height":1350,"url":"https:\/\/decouvrirensemble.com\/wp-content\/uploads\/2023\/01\/iles-baleares-espagnoles-blog-voyage.jpg","type":"image\/jpeg"}],"author":"Cl\u00e9mence &amp; Alexandre","twitter_card":"summary_large_image","twitter_creator":"@dcouvrirensmble","twitter_site":"@dcouvrirensmble","twitter_misc":{"Escrito por":"Cl\u00e9mence &amp; Alexandre","Tiempo de lectura":"8 minutos"},"schema":{"@context":"https:\/\/schema.org","@graph":[{"@type":"Article","@id":"https:\/\/decouvrirensemble.com\/es\/las-islas-baleares#article","isPartOf":{"@id":"https:\/\/decouvrirensemble.com\/es\/las-islas-baleares"},"author":{"name":"Cl\u00e9mence &amp; Alexandre","@id":"https:\/\/decouvrirensemble.com\/es#\/schema\/person\/a53efd44d02eb7f9ab90f96e84a9d2ba"},"headline":"Las islas Baleares m\u00e1s bonitas","datePublished":"2023-01-27T10:51:37+00:00","dateModified":"2026-01-06T14:44:47+00:00","mainEntityOfPage":{"@id":"https:\/\/decouvrirensemble.com\/es\/las-islas-baleares"},"wordCount":958,"commentCount":0,"publisher":{"@id":"https:\/\/decouvrirensemble.com\/es#\/schema\/person\/a53efd44d02eb7f9ab90f96e84a9d2ba"},"image":{"@id":"https:\/\/decouvrirensemble.com\/es\/las-islas-baleares#primaryimage"},"thumbnailUrl":"https:\/\/decouvrirensemble.com\/wp-content\/uploads\/2023\/01\/iles-baleares-espagnoles-blog-voyage.jpg","articleSection":["Espa\u00f1a","Tops"],"inLanguage":"es","potentialAction":[{"@type":"CommentAction","name":"Comment","target":["https:\/\/decouvrirensemble.com\/es\/las-islas-baleares#respond"]}]},{"@type":"WebPage","@id":"https:\/\/decouvrirensemble.com\/es\/las-islas-baleares","url":"https:\/\/decouvrirensemble.com\/es\/las-islas-baleares","name":"Las islas Baleares m\u00e1s bonitas - Blog de viajes","isPartOf":{"@id":"https:\/\/decouvrirensemble.com\/es#website"},"primaryImageOfPage":{"@id":"https:\/\/decouvrirensemble.com\/es\/las-islas-baleares#primaryimage"},"image":{"@id":"https:\/\/decouvrirensemble.com\/es\/las-islas-baleares#primaryimage"},"thumbnailUrl":"https:\/\/decouvrirensemble.com\/wp-content\/uploads\/2023\/01\/iles-baleares-espagnoles-blog-voyage.jpg","datePublished":"2023-01-27T10:51:37+00:00","dateModified":"2026-01-06T14:44:47+00:00","description":"Descubra las islas m\u00e1s bellas de las Baleares, entre Ibiza, Formentera, Mallorca y Menorca.","breadcrumb":{"@id":"https:\/\/decouvrirensemble.com\/es\/las-islas-baleares#breadcrumb"},"inLanguage":"es","potentialAction":[{"@type":"ReadAction","target":["https:\/\/decouvrirensemble.com\/es\/las-islas-baleares"]}]},{"@type":"ImageObject","inLanguage":"es","@id":"https:\/\/decouvrirensemble.com\/es\/las-islas-baleares#primaryimage","url":"https:\/\/decouvrirensemble.com\/wp-content\/uploads\/2023\/01\/iles-baleares-espagnoles-blog-voyage.jpg","contentUrl":"https:\/\/decouvrirensemble.com\/wp-content\/uploads\/2023\/01\/iles-baleares-espagnoles-blog-voyage.jpg","width":1800,"height":1350,"caption":"\u00celes Bal\u00e9ares"},{"@type":"BreadcrumbList","@id":"https:\/\/decouvrirensemble.com\/es\/las-islas-baleares#breadcrumb","itemListElement":[{"@type":"ListItem","position":1,"name":"Accueil","item":"https:\/\/decouvrirensemble.com\/es"},{"@type":"ListItem","position":2,"name":"Destinos","item":"https:\/\/decouvrirensemble.com\/es\/destinos"},{"@type":"ListItem","position":3,"name":"Espa\u00f1a","item":"https:\/\/decouvrirensemble.com\/es\/destinos\/espana"},{"@type":"ListItem","position":4,"name":"Las islas Baleares m\u00e1s bonitas"}]},{"@type":"WebSite","@id":"https:\/\/decouvrirensemble.com\/es#website","url":"https:\/\/decouvrirensemble.com\/es","name":"Blog Voyage - D\u00e9couvrir Ensemble","description":"Le Blog Voyage de Clem et Alex","publisher":{"@id":"https:\/\/decouvrirensemble.com\/es#\/schema\/person\/a53efd44d02eb7f9ab90f96e84a9d2ba"},"potentialAction":[{"@type":"SearchAction","target":{"@type":"EntryPoint","urlTemplate":"https:\/\/decouvrirensemble.com\/es?s={search_term_string}"},"query-input":{"@type":"PropertyValueSpecification","valueRequired":true,"valueName":"search_term_string"}}],"inLanguage":"es"},{"@type":["Person","Organization"],"@id":"https:\/\/decouvrirensemble.com\/es#\/schema\/person\/a53efd44d02eb7f9ab90f96e84a9d2ba","name":"Cl\u00e9mence &amp; Alexandre","image":{"@type":"ImageObject","inLanguage":"es","@id":"https:\/\/decouvrirensemble.com\/wp-content\/uploads\/2024\/04\/logo-decouvrir-ensemble-blog-voyage.jpg","url":"https:\/\/decouvrirensemble.com\/wp-content\/uploads\/2024\/04\/logo-decouvrir-ensemble-blog-voyage.jpg","contentUrl":"https:\/\/decouvrirensemble.com\/wp-content\/uploads\/2024\/04\/logo-decouvrir-ensemble-blog-voyage.jpg","width":1563,"height":529,"caption":"Cl\u00e9mence &amp; Alexandre"},"logo":{"@id":"https:\/\/decouvrirensemble.com\/wp-content\/uploads\/2024\/04\/logo-decouvrir-ensemble-blog-voyage.jpg"},"sameAs":["https:\/\/decouvrirensemble.com\/"]}]}},"modified_by":"Cl\u00e9mence &amp; Alexandre","_links":{"self":[{"href":"https:\/\/decouvrirensemble.com\/es\/wp-json\/wp\/v2\/posts\/45491","targetHints":{"allow":["GET"]}}],"collection":[{"href":"https:\/\/decouvrirensemble.com\/es\/wp-json\/wp\/v2\/posts"}],"about":[{"href":"https:\/\/decouvrirensemble.com\/es\/wp-json\/wp\/v2\/types\/post"}],"author":[{"embeddable":true,"href":"https:\/\/decouvrirensemble.com\/es\/wp-json\/wp\/v2\/users\/1"}],"replies":[{"embeddable":true,"href":"https:\/\/decouvrirensemble.com\/es\/wp-json\/wp\/v2\/comments?post=45491"}],"version-history":[{"count":1,"href":"https:\/\/decouvrirensemble.com\/es\/wp-json\/wp\/v2\/posts\/45491\/revisions"}],"predecessor-version":[{"id":63556,"href":"https:\/\/decouvrirensemble.com\/es\/wp-json\/wp\/v2\/posts\/45491\/revisions\/63556"}],"wp:featuredmedia":[{"embeddable":true,"href":"https:\/\/decouvrirensemble.com\/es\/wp-json\/wp\/v2\/media\/47514"}],"wp:attachment":[{"href":"https:\/\/decouvrirensemble.com\/es\/wp-json\/wp\/v2\/media?parent=45491"}],"wp:term":[{"taxonomy":"category","embeddable":true,"href":"https:\/\/decouvrirensemble.com\/es\/wp-json\/wp\/v2\/categories?post=45491"},{"taxonomy":"post_tag","embeddable":true,"href":"https:\/\/decouvrirensemble.com\/es\/wp-json\/wp\/v2\/tags?post=45491"}],"curies":[{"name":"wp","href":"https:\/\/api.w.org\/{rel}","templated":true}]}}