{"id":52528,"date":"2024-03-29T12:21:43","date_gmt":"2024-03-29T11:21:43","guid":{"rendered":"https:\/\/decouvrirensemble.com\/que-faire-grenade-espagne"},"modified":"2026-01-06T15:25:08","modified_gmt":"2026-01-06T14:25:08","slug":"que-ver-en-granada","status":"publish","type":"post","link":"https:\/\/decouvrirensemble.com\/es\/que-ver-en-granada","title":{"rendered":"\u00bfQu\u00e9 ver en Granada? Andaluc\u00eda"},"content":{"rendered":"<p>Nosotros tambi\u00e9n nos hemos preguntado <strong>qu\u00e9 ver en Granada<\/strong>, en Andaluc\u00eda, y en nuestro <strong>blog de viajes<\/strong> hemos elaborado una lista con nuestros <strong>10 imprescindibles de esta bella ciudad<\/strong>. Probablemente est\u00e9 pensando inmediatamente en la Alhambra, pero debe saber que hay varias zonas de Granada que no debe perderse cuando la visite.<\/p>\n<p>En esta entrada del blog, le damos todos nuestros consejos y buenas direcciones para <strong>visitar Granada<\/strong>.<\/p>\n<h2 id=\"ver\"><span class=\"ez-toc-section\" id=\"%C2%BFQue_ver_en_Granada_Lo_que_hay_que_ver_en_nuestro_blog_de_viajes\"><\/span>\u00bfQu\u00e9 ver en Granada? Lo que hay que ver en nuestro blog de viajes<span class=\"ez-toc-section-end\"><\/span><\/h2>\n<h3><span class=\"ez-toc-section\" id=\"1_La_Alhambra_de_Granada\"><\/span>1. La Alhambra de Granada<span class=\"ez-toc-section-end\"><\/span><\/h3>\n<p>La Alhambra <strong>de Granada<\/strong> es en realidad un complejo palaciego formado por tres partes: los Palacios Nazar\u00edes, coraz\u00f3n de la Alhambra, donde viv\u00edan los reyes de Granada, la Alcazaba y los jardines del Generalife, lugar de descanso de los reyes de Granada. La palabra \u00abAlhambra\u00bb significa \u00abfortaleza\u00bb o \u00abcastillo rojo\u00bb, por lo que comprender\u00e1 r\u00e1pidamente su significado al admirar sus monumentos.<\/p>\n<p>Nuestro primer consejo sobre la Alhambra es que reserve sus entradas lo antes posible. Le contaremos m\u00e1s sobre esto un poco m\u00e1s abajo en nuestro art\u00edculo, pero t\u00e9ngalo en cuenta si est\u00e1 planeando visitar este lugar.<\/p>\n<h4><span class=\"ez-toc-section\" id=\"Los_Palacios_Nazaries\"><\/span>Los Palacios Nazar\u00edes<span class=\"ez-toc-section-end\"><\/span><\/h4>\n<p>Los Palacios Nazar\u00edes son un conjunto de tres monumentos, el Palacio de Comares, el Mexuar y el Palacio de los Leones, que sirvieron de residencia durante el reinado de Mohamed V. Como los tres recintos se construyeron en \u00e9pocas distintas, se puede apreciar f\u00e1cilmente que su arquitectura es muy diferente, unos con influencias musulmanas y otros con cristianas.<\/p>\n<p>Generalmente, cuando llegas a la Alhambra, la gente de la entrada te da un ticket con una hora concreta en la que puedes acceder a los Palacios Nazar\u00edes, as\u00ed que no pierdas tu hueco, ya que es \u00fanico. Esto ayuda a regular el n\u00famero de entradas y le permite disfrutar del recinto sin demasiada gente.<\/p>\n<p>Para no perderse ninguna de las partes importantes de los Palacios Nazar\u00edes, le recomendamos que siga un plano del recinto y visite estas diferentes zonas: el Patio de los Arrayanes, el Patio Dorado, el Patio de Machuca, el Patio de los Leones, el Sal\u00f3n de los Reyes y el Mirador. Nos impresion\u00f3 la inmensidad del yacimiento y la precisi\u00f3n de los decorados.<\/p>\n<div id=\"attachment_51487\" style=\"width: 1810px\" class=\"wp-caption alignnone\"><img decoding=\"async\" aria-describedby=\"caption-attachment-51487\" class=\"wp-image-51487 size-full\" src=\"https:\/\/decouvrirensemble.com\/wp-content\/uploads\/2024\/03\/Alhambra-de-Grenade-Palais-Nasrides.jpg\" alt=\"Alhambra Grenade\" width=\"1800\" height=\"1200\" srcset=\"https:\/\/decouvrirensemble.com\/wp-content\/uploads\/2024\/03\/Alhambra-de-Grenade-Palais-Nasrides.jpg 1800w, https:\/\/decouvrirensemble.com\/wp-content\/uploads\/2024\/03\/Alhambra-de-Grenade-Palais-Nasrides-300x200.jpg 300w, https:\/\/decouvrirensemble.com\/wp-content\/uploads\/2024\/03\/Alhambra-de-Grenade-Palais-Nasrides-1024x683.jpg 1024w, https:\/\/decouvrirensemble.com\/wp-content\/uploads\/2024\/03\/Alhambra-de-Grenade-Palais-Nasrides-768x512.jpg 768w, https:\/\/decouvrirensemble.com\/wp-content\/uploads\/2024\/03\/Alhambra-de-Grenade-Palais-Nasrides-1536x1024.jpg 1536w, https:\/\/decouvrirensemble.com\/wp-content\/uploads\/2024\/03\/Alhambra-de-Grenade-Palais-Nasrides-600x400.jpg 600w\" sizes=\"(max-width: 1800px) 100vw, 1800px\" \/><p id=\"caption-attachment-51487\" class=\"wp-caption-text\">Patio de los Mirtos<\/p><\/div>\n<div id=\"attachment_51505\" style=\"width: 1810px\" class=\"wp-caption alignnone\"><img decoding=\"async\" aria-describedby=\"caption-attachment-51505\" class=\"wp-image-51505 size-full\" src=\"https:\/\/decouvrirensemble.com\/wp-content\/uploads\/2024\/03\/Alhambra-Grenade-Palais-Nasrides.jpg\" alt=\"Alhambra Grenade Palais Nasrides\" width=\"1800\" height=\"1200\" srcset=\"https:\/\/decouvrirensemble.com\/wp-content\/uploads\/2024\/03\/Alhambra-Grenade-Palais-Nasrides.jpg 1800w, https:\/\/decouvrirensemble.com\/wp-content\/uploads\/2024\/03\/Alhambra-Grenade-Palais-Nasrides-300x200.jpg 300w, https:\/\/decouvrirensemble.com\/wp-content\/uploads\/2024\/03\/Alhambra-Grenade-Palais-Nasrides-1024x683.jpg 1024w, https:\/\/decouvrirensemble.com\/wp-content\/uploads\/2024\/03\/Alhambra-Grenade-Palais-Nasrides-768x512.jpg 768w, https:\/\/decouvrirensemble.com\/wp-content\/uploads\/2024\/03\/Alhambra-Grenade-Palais-Nasrides-1536x1024.jpg 1536w, https:\/\/decouvrirensemble.com\/wp-content\/uploads\/2024\/03\/Alhambra-Grenade-Palais-Nasrides-600x400.jpg 600w\" sizes=\"(max-width: 1800px) 100vw, 1800px\" \/><p id=\"caption-attachment-51505\" class=\"wp-caption-text\">Patio de los Leones<\/p><\/div>\n<img decoding=\"async\" class=\"alignnone size-full wp-image-51493\" src=\"https:\/\/decouvrirensemble.com\/wp-content\/uploads\/2024\/03\/Alhambra-Grenade-Espagne-Palais-Nasrides.jpg\" alt=\"Alhambra Palais Nasrides\" width=\"1800\" height=\"1200\" srcset=\"https:\/\/decouvrirensemble.com\/wp-content\/uploads\/2024\/03\/Alhambra-Grenade-Espagne-Palais-Nasrides.jpg 1800w, https:\/\/decouvrirensemble.com\/wp-content\/uploads\/2024\/03\/Alhambra-Grenade-Espagne-Palais-Nasrides-300x200.jpg 300w, https:\/\/decouvrirensemble.com\/wp-content\/uploads\/2024\/03\/Alhambra-Grenade-Espagne-Palais-Nasrides-1024x683.jpg 1024w, https:\/\/decouvrirensemble.com\/wp-content\/uploads\/2024\/03\/Alhambra-Grenade-Espagne-Palais-Nasrides-768x512.jpg 768w, https:\/\/decouvrirensemble.com\/wp-content\/uploads\/2024\/03\/Alhambra-Grenade-Espagne-Palais-Nasrides-1536x1024.jpg 1536w, https:\/\/decouvrirensemble.com\/wp-content\/uploads\/2024\/03\/Alhambra-Grenade-Espagne-Palais-Nasrides-600x400.jpg 600w\" sizes=\"(max-width: 1800px) 100vw, 1800px\" \/>\n<h4><span class=\"ez-toc-section\" id=\"Los_jardines_del_Generalife\"><\/span>Los jardines del Generalife<span class=\"ez-toc-section-end\"><\/span><\/h4>\n<p>Estos jardines se crearon como lugar de descanso para los reyes musulmanes, y el nombre Generalife significa \u00abjardines del arquitecto\u00bb.<\/p>\n<p>Esta villa, con sus jardines y \u00e1rboles frutales, ofrece un marco magn\u00edfico. Pronto habr\u00e1 hecho la ronda, pero t\u00f3mese el tiempo de detenerse a admirar la vista de la Alhambra, y pronto comprender\u00e1 por qu\u00e9 este lugar fue concebido para la calma y el descanso. No se pierda los dos patios: el Patio de la Sultana y el Patio de la Acequia.<\/p>\n<img decoding=\"async\" class=\"alignnone size-full wp-image-51502\" src=\"https:\/\/decouvrirensemble.com\/wp-content\/uploads\/2024\/03\/Alhambra-Grenade-jardins-Generalife.jpg\" alt=\"Alhambra Grenade Generalife\" width=\"1800\" height=\"1200\" srcset=\"https:\/\/decouvrirensemble.com\/wp-content\/uploads\/2024\/03\/Alhambra-Grenade-jardins-Generalife.jpg 1800w, https:\/\/decouvrirensemble.com\/wp-content\/uploads\/2024\/03\/Alhambra-Grenade-jardins-Generalife-300x200.jpg 300w, https:\/\/decouvrirensemble.com\/wp-content\/uploads\/2024\/03\/Alhambra-Grenade-jardins-Generalife-1024x683.jpg 1024w, https:\/\/decouvrirensemble.com\/wp-content\/uploads\/2024\/03\/Alhambra-Grenade-jardins-Generalife-768x512.jpg 768w, https:\/\/decouvrirensemble.com\/wp-content\/uploads\/2024\/03\/Alhambra-Grenade-jardins-Generalife-1536x1024.jpg 1536w, https:\/\/decouvrirensemble.com\/wp-content\/uploads\/2024\/03\/Alhambra-Grenade-jardins-Generalife-600x400.jpg 600w\" sizes=\"(max-width: 1800px) 100vw, 1800px\" \/>\n<img decoding=\"async\" class=\"alignnone size-full wp-image-51496\" src=\"https:\/\/decouvrirensemble.com\/wp-content\/uploads\/2024\/03\/Alhambra-Grenade-Generalife.jpg\" alt=\"Alhambra Grenade jardins\" width=\"1800\" height=\"1200\" srcset=\"https:\/\/decouvrirensemble.com\/wp-content\/uploads\/2024\/03\/Alhambra-Grenade-Generalife.jpg 1800w, https:\/\/decouvrirensemble.com\/wp-content\/uploads\/2024\/03\/Alhambra-Grenade-Generalife-300x200.jpg 300w, https:\/\/decouvrirensemble.com\/wp-content\/uploads\/2024\/03\/Alhambra-Grenade-Generalife-1024x683.jpg 1024w, https:\/\/decouvrirensemble.com\/wp-content\/uploads\/2024\/03\/Alhambra-Grenade-Generalife-768x512.jpg 768w, https:\/\/decouvrirensemble.com\/wp-content\/uploads\/2024\/03\/Alhambra-Grenade-Generalife-1536x1024.jpg 1536w, https:\/\/decouvrirensemble.com\/wp-content\/uploads\/2024\/03\/Alhambra-Grenade-Generalife-600x400.jpg 600w\" sizes=\"(max-width: 1800px) 100vw, 1800px\" \/>\n<h4><span class=\"ez-toc-section\" id=\"La_Alcazaba\"><\/span>La Alcazaba<span class=\"ez-toc-section-end\"><\/span><\/h4>\n<p>Esta parte de la Alhambra significa realmente \u00abfortaleza\u00bb, y es la Alcazaba lo primero que ver\u00e1 desde lejos cuando busque la Alhambra en lo alto de su colina.<\/p>\n<p>No es nuestra parte favorita de la Alhambra, pero es la m\u00e1s antigua y merece la pena visitarla. Se puede subir a la impresionante Torre de la Vela para admirar las magn\u00edficas vistas de Granada. Incluso se utiliz\u00f3 como prisi\u00f3n durante un tiempo.<\/p>\n<img decoding=\"async\" class=\"alignnone wp-image-51484 size-full\" src=\"https:\/\/decouvrirensemble.com\/wp-content\/uploads\/2024\/03\/Alhambra-de-Grenade-Alcazaba.jpg\" alt=\"Alcazaba\" width=\"1800\" height=\"1200\" srcset=\"https:\/\/decouvrirensemble.com\/wp-content\/uploads\/2024\/03\/Alhambra-de-Grenade-Alcazaba.jpg 1800w, https:\/\/decouvrirensemble.com\/wp-content\/uploads\/2024\/03\/Alhambra-de-Grenade-Alcazaba-300x200.jpg 300w, https:\/\/decouvrirensemble.com\/wp-content\/uploads\/2024\/03\/Alhambra-de-Grenade-Alcazaba-1024x683.jpg 1024w, https:\/\/decouvrirensemble.com\/wp-content\/uploads\/2024\/03\/Alhambra-de-Grenade-Alcazaba-768x512.jpg 768w, https:\/\/decouvrirensemble.com\/wp-content\/uploads\/2024\/03\/Alhambra-de-Grenade-Alcazaba-1536x1024.jpg 1536w, https:\/\/decouvrirensemble.com\/wp-content\/uploads\/2024\/03\/Alhambra-de-Grenade-Alcazaba-600x400.jpg 600w\" sizes=\"(max-width: 1800px) 100vw, 1800px\" \/>\n<h4><span class=\"ez-toc-section\" id=\"Informacion_practica_para_visitar_la_Alhambra_de_Granada\"><\/span>Informaci\u00f3n pr\u00e1ctica para visitar la Alhambra de Granada<span class=\"ez-toc-section-end\"><\/span><\/h4>\n<p>Como hemos dicho antes en nuestro blog, la Alhambra es un lugar que suele reservarse con semanas o incluso meses de antelaci\u00f3n. Si no quieres perder la oportunidad de visitarla, consigue tus entradas en cuanto tengas las fechas de tu viaje.<\/p>\n<p>Las entradas cuestan unos 45 euros por persona para una visita autoguiada y audiogu\u00eda, y entre 85 y 100 euros para una visita guiada en grupo. Nosotros elegimos la opci\u00f3n autoguiada para poder elegir nuestro propio ritmo de visita. Para llegar a la Alhambra, los m\u00e1s deportistas pueden ir a pie; si no, hay varios aparcamientos en el recinto.<\/p>\n<p>[alhambra]<\/p>\n<img decoding=\"async\" class=\"alignnone size-full wp-image-51490\" src=\"https:\/\/decouvrirensemble.com\/wp-content\/uploads\/2024\/03\/Alhambra-Grenade-Alcazaba.jpg\" alt=\"Que faire \u00e0 Grenade Alhambra\" width=\"1800\" height=\"1200\" srcset=\"https:\/\/decouvrirensemble.com\/wp-content\/uploads\/2024\/03\/Alhambra-Grenade-Alcazaba.jpg 1800w, https:\/\/decouvrirensemble.com\/wp-content\/uploads\/2024\/03\/Alhambra-Grenade-Alcazaba-300x200.jpg 300w, https:\/\/decouvrirensemble.com\/wp-content\/uploads\/2024\/03\/Alhambra-Grenade-Alcazaba-1024x683.jpg 1024w, https:\/\/decouvrirensemble.com\/wp-content\/uploads\/2024\/03\/Alhambra-Grenade-Alcazaba-768x512.jpg 768w, https:\/\/decouvrirensemble.com\/wp-content\/uploads\/2024\/03\/Alhambra-Grenade-Alcazaba-1536x1024.jpg 1536w, https:\/\/decouvrirensemble.com\/wp-content\/uploads\/2024\/03\/Alhambra-Grenade-Alcazaba-600x400.jpg 600w\" sizes=\"(max-width: 1800px) 100vw, 1800px\" \/>\n<h3><span class=\"ez-toc-section\" id=\"2_El_barrio_del_Albaicin\"><\/span>2. El barrio del Albaic\u00edn<span class=\"ez-toc-section-end\"><\/span><\/h3>\n<p>Vamos al barrio encaramado a una de las colinas de Granada. Despu\u00e9s de admirarlo desde la Alhambra, \u00a1s\u00f3lo quer\u00edamos explorarlo! Sin embargo, no cometa el mismo error que nosotros: la zona no es en absoluto accesible en coche, as\u00ed que lo mejor es llegar a pie o en taxi.<\/p>\n<p>Las bonitas casas blancas y sus magn\u00edficos cipreses conforman un entorno ex\u00f3tico, \u00a1incluso nos recordaron a nuestra idea de la Toscana!<\/p>\n<p>Le recomendamos que tome la calle conocida como \u00abCarrera del Darro\u00bb y el mirador del \u00abPaseo de los Tristes\u00bb, que ofrece una magn\u00edfica vista de la Alhambra. Despu\u00e9s, \u00a1d\u00e9jate llevar por las callejuelas del barrio!<\/p>\n<img decoding=\"async\" class=\"alignnone size-full wp-image-51481\" src=\"https:\/\/decouvrirensemble.com\/wp-content\/uploads\/2024\/03\/Albaicin-Grenade-Espagne.jpg\" alt=\"Albaicin Grenade\" width=\"1800\" height=\"1200\" srcset=\"https:\/\/decouvrirensemble.com\/wp-content\/uploads\/2024\/03\/Albaicin-Grenade-Espagne.jpg 1800w, https:\/\/decouvrirensemble.com\/wp-content\/uploads\/2024\/03\/Albaicin-Grenade-Espagne-300x200.jpg 300w, https:\/\/decouvrirensemble.com\/wp-content\/uploads\/2024\/03\/Albaicin-Grenade-Espagne-1024x683.jpg 1024w, https:\/\/decouvrirensemble.com\/wp-content\/uploads\/2024\/03\/Albaicin-Grenade-Espagne-768x512.jpg 768w, https:\/\/decouvrirensemble.com\/wp-content\/uploads\/2024\/03\/Albaicin-Grenade-Espagne-1536x1024.jpg 1536w, https:\/\/decouvrirensemble.com\/wp-content\/uploads\/2024\/03\/Albaicin-Grenade-Espagne-600x400.jpg 600w\" sizes=\"(max-width: 1800px) 100vw, 1800px\" \/>\n<img decoding=\"async\" class=\"alignnone size-full wp-image-51514\" src=\"https:\/\/decouvrirensemble.com\/wp-content\/uploads\/2024\/03\/grenade-promenade-espagne-blog.jpg\" alt=\"grenade promenade\" width=\"1800\" height=\"1200\" srcset=\"https:\/\/decouvrirensemble.com\/wp-content\/uploads\/2024\/03\/grenade-promenade-espagne-blog.jpg 1800w, https:\/\/decouvrirensemble.com\/wp-content\/uploads\/2024\/03\/grenade-promenade-espagne-blog-300x200.jpg 300w, https:\/\/decouvrirensemble.com\/wp-content\/uploads\/2024\/03\/grenade-promenade-espagne-blog-1024x683.jpg 1024w, https:\/\/decouvrirensemble.com\/wp-content\/uploads\/2024\/03\/grenade-promenade-espagne-blog-768x512.jpg 768w, https:\/\/decouvrirensemble.com\/wp-content\/uploads\/2024\/03\/grenade-promenade-espagne-blog-1536x1024.jpg 1536w, https:\/\/decouvrirensemble.com\/wp-content\/uploads\/2024\/03\/grenade-promenade-espagne-blog-600x400.jpg 600w\" sizes=\"(max-width: 1800px) 100vw, 1800px\" \/>\n<h3><span class=\"ez-toc-section\" id=\"3_El_Mirador_San_Nicolas\"><\/span>3. El Mirador San Nicol\u00e1s<span class=\"ez-toc-section-end\"><\/span><\/h3>\n<p><a href=\"https:\/\/maps.app.goo.gl\/dUTgRT5PPBJwh4ZB6\">El Mirador San Nicol\u00e1s<\/a> es una visita obligada en Granada, Andaluc\u00eda. Esta gran terraza ofrece unas vistas incre\u00edbles de la Alhambra. Nosotros fuimos a mediod\u00eda, pero al atardecer la vista debe ser magn\u00edfica.<\/p>\n<img decoding=\"async\" class=\"alignnone size-full wp-image-51526\" src=\"https:\/\/decouvrirensemble.com\/wp-content\/uploads\/2024\/03\/que-faire-grenade-alhambra.jpg\" alt=\"que faire grenade alhambra\" width=\"1800\" height=\"1200\" srcset=\"https:\/\/decouvrirensemble.com\/wp-content\/uploads\/2024\/03\/que-faire-grenade-alhambra.jpg 1800w, https:\/\/decouvrirensemble.com\/wp-content\/uploads\/2024\/03\/que-faire-grenade-alhambra-300x200.jpg 300w, https:\/\/decouvrirensemble.com\/wp-content\/uploads\/2024\/03\/que-faire-grenade-alhambra-1024x683.jpg 1024w, https:\/\/decouvrirensemble.com\/wp-content\/uploads\/2024\/03\/que-faire-grenade-alhambra-768x512.jpg 768w, https:\/\/decouvrirensemble.com\/wp-content\/uploads\/2024\/03\/que-faire-grenade-alhambra-1536x1024.jpg 1536w, https:\/\/decouvrirensemble.com\/wp-content\/uploads\/2024\/03\/que-faire-grenade-alhambra-600x400.jpg 600w\" sizes=\"(max-width: 1800px) 100vw, 1800px\" \/>\n<img decoding=\"async\" class=\"alignnone size-full wp-image-51520\" src=\"https:\/\/decouvrirensemble.com\/wp-content\/uploads\/2024\/03\/que-faire-a-grenade-espagne-Albaicin.jpg\" alt=\"que faire \u00e0 Grenade\" width=\"1800\" height=\"1200\" srcset=\"https:\/\/decouvrirensemble.com\/wp-content\/uploads\/2024\/03\/que-faire-a-grenade-espagne-Albaicin.jpg 1800w, https:\/\/decouvrirensemble.com\/wp-content\/uploads\/2024\/03\/que-faire-a-grenade-espagne-Albaicin-300x200.jpg 300w, https:\/\/decouvrirensemble.com\/wp-content\/uploads\/2024\/03\/que-faire-a-grenade-espagne-Albaicin-1024x683.jpg 1024w, https:\/\/decouvrirensemble.com\/wp-content\/uploads\/2024\/03\/que-faire-a-grenade-espagne-Albaicin-768x512.jpg 768w, https:\/\/decouvrirensemble.com\/wp-content\/uploads\/2024\/03\/que-faire-a-grenade-espagne-Albaicin-1536x1024.jpg 1536w, https:\/\/decouvrirensemble.com\/wp-content\/uploads\/2024\/03\/que-faire-a-grenade-espagne-Albaicin-600x400.jpg 600w\" sizes=\"(max-width: 1800px) 100vw, 1800px\" \/>\n<h3><span class=\"ez-toc-section\" id=\"4_Centro_historico_de_Granada\"><\/span>4. Centro hist\u00f3rico de Granada<span class=\"ez-toc-section-end\"><\/span><\/h3>\n<h4><span class=\"ez-toc-section\" id=\"Catedral_de_Granada\"><\/span>Catedral de Granada<span class=\"ez-toc-section-end\"><\/span><\/h4>\n<p>El centro hist\u00f3rico de Granada es muy animado. Encontrar\u00e1 multitud de caf\u00e9s, restaurantes, tiendas y puestos. Empiece admirando <a href=\"https:\/\/maps.app.goo.gl\/Y3yGwZtjGrf6PzSv7\" rel=\"noopener\">la Catedral de Granada<\/a>, que puede visitar por 6 euros por persona, aunque nosotros nos conformamos con la soberbia fachada.<\/p>\n<p>Esta gran iglesia del siglo XVI fue construida por los cristianos como parte de su reconquista de la ciudad, en el mismo lugar donde antes hab\u00eda una mezquita.<\/p>\n<div id=\"attachment_51529\" style=\"width: 1810px\" class=\"wp-caption alignnone\"><img decoding=\"async\" aria-describedby=\"caption-attachment-51529\" class=\"wp-image-51529 size-full\" src=\"https:\/\/decouvrirensemble.com\/wp-content\/uploads\/2024\/03\/Que-faire-grenade-cathedrale.jpg\" alt=\"que faire grenade\" width=\"1800\" height=\"1200\" srcset=\"https:\/\/decouvrirensemble.com\/wp-content\/uploads\/2024\/03\/Que-faire-grenade-cathedrale.jpg 1800w, https:\/\/decouvrirensemble.com\/wp-content\/uploads\/2024\/03\/Que-faire-grenade-cathedrale-300x200.jpg 300w, https:\/\/decouvrirensemble.com\/wp-content\/uploads\/2024\/03\/Que-faire-grenade-cathedrale-1024x683.jpg 1024w, https:\/\/decouvrirensemble.com\/wp-content\/uploads\/2024\/03\/Que-faire-grenade-cathedrale-768x512.jpg 768w, https:\/\/decouvrirensemble.com\/wp-content\/uploads\/2024\/03\/Que-faire-grenade-cathedrale-1536x1024.jpg 1536w, https:\/\/decouvrirensemble.com\/wp-content\/uploads\/2024\/03\/Que-faire-grenade-cathedrale-600x400.jpg 600w\" sizes=\"(max-width: 1800px) 100vw, 1800px\" \/><p id=\"caption-attachment-51529\" class=\"wp-caption-text\">Catedral de Granada<\/p><\/div>\n<img decoding=\"async\" class=\"alignnone size-full wp-image-51508\" src=\"https:\/\/decouvrirensemble.com\/wp-content\/uploads\/2024\/03\/Cathedrale-de-grenade.jpg\" alt=\"Cath\u00e9drale de Grenade\" width=\"1800\" height=\"1200\" srcset=\"https:\/\/decouvrirensemble.com\/wp-content\/uploads\/2024\/03\/Cathedrale-de-grenade.jpg 1800w, https:\/\/decouvrirensemble.com\/wp-content\/uploads\/2024\/03\/Cathedrale-de-grenade-300x200.jpg 300w, https:\/\/decouvrirensemble.com\/wp-content\/uploads\/2024\/03\/Cathedrale-de-grenade-1024x683.jpg 1024w, https:\/\/decouvrirensemble.com\/wp-content\/uploads\/2024\/03\/Cathedrale-de-grenade-768x512.jpg 768w, https:\/\/decouvrirensemble.com\/wp-content\/uploads\/2024\/03\/Cathedrale-de-grenade-1536x1024.jpg 1536w, https:\/\/decouvrirensemble.com\/wp-content\/uploads\/2024\/03\/Cathedrale-de-grenade-600x400.jpg 600w\" sizes=\"(max-width: 1800px) 100vw, 1800px\" \/>\n<h4><span class=\"ez-toc-section\" id=\"Mercado_de_la_Alcaiceria_de_Granada\"><\/span>Mercado de la Alcaicer\u00eda de Granada<span class=\"ez-toc-section-end\"><\/span><\/h4>\n<p>Esta calle peatonal, situada en pleno centro de Granada, le har\u00e1 cambiar de aires. Nos pareci\u00f3 un poco tur\u00edstica para nuestro gusto, pero merece la pena.<\/p>\n<p>Este gran bazar cubierto fue en su d\u00eda el Mercado de la Seda. Hoy encontrar\u00e1 sobre todo tiendas de recuerdos, pero el ambiente es muy diferente al del resto de la ciudad.<\/p>\n<img decoding=\"async\" class=\"alignnone size-full wp-image-51517\" src=\"https:\/\/decouvrirensemble.com\/wp-content\/uploads\/2024\/03\/Marche-Alcaiceria-de-Grenade.jpg\" alt=\"march\u00e9 Alcaicer\u00eda\" width=\"1800\" height=\"1200\" srcset=\"https:\/\/decouvrirensemble.com\/wp-content\/uploads\/2024\/03\/Marche-Alcaiceria-de-Grenade.jpg 1800w, https:\/\/decouvrirensemble.com\/wp-content\/uploads\/2024\/03\/Marche-Alcaiceria-de-Grenade-300x200.jpg 300w, https:\/\/decouvrirensemble.com\/wp-content\/uploads\/2024\/03\/Marche-Alcaiceria-de-Grenade-1024x683.jpg 1024w, https:\/\/decouvrirensemble.com\/wp-content\/uploads\/2024\/03\/Marche-Alcaiceria-de-Grenade-768x512.jpg 768w, https:\/\/decouvrirensemble.com\/wp-content\/uploads\/2024\/03\/Marche-Alcaiceria-de-Grenade-1536x1024.jpg 1536w, https:\/\/decouvrirensemble.com\/wp-content\/uploads\/2024\/03\/Marche-Alcaiceria-de-Grenade-600x400.jpg 600w\" sizes=\"(max-width: 1800px) 100vw, 1800px\" \/>\n<h2 id=\"comer\"><span class=\"ez-toc-section\" id=\"%C2%BFDonde_comer_en_Granada\"><\/span>\u00bfD\u00f3nde comer en Granada?<span class=\"ez-toc-section-end\"><\/span><\/h2>\n<ul>\n<li><a href=\"https:\/\/maps.app.goo.gl\/F317JTMk2q9jhrqUA\" rel=\"noopener\">La Esquinita Argentina<\/a>: para los amantes de las empanadas, dir\u00edjase a esta direcci\u00f3n ultraaut\u00e9ntica y deliciosa, situada en la colina del barrio del Albaic\u00edn. Hay algunos asientos en la terraza, pero tambi\u00e9n se puede comer para llevar.<\/li>\n<li><a href=\"https:\/\/maps.app.goo.gl\/q6nRyffC5za3zoBZ9\" rel=\"noopener\">Luisitas Empenadas<\/a>: sigamos con las empanadas (\u00bfes tan evidente que nos encantan?), esta vez con direcci\u00f3n s\u00f3lo para llevar, en el barrio de la Catedral. Las empanadas estaban muy buenas y variadas en sabor.<\/li>\n<li><a href=\"https:\/\/maps.app.goo.gl\/bwh2SPwDAFDwDQ4z5\" rel=\"noopener\">La tarta de la madre de Cris<\/a>: \u00a1una direcci\u00f3n para los fans de la tarta de queso! Encontrar\u00e1s varias tartas, cada una tan deliciosa como la siguiente. Nos enamoramos de la original tarta de queso y fue una aut\u00e9ntica delicia.<\/li>\n<li><a href=\"https:\/\/maps.app.goo.gl\/3ZemC1H128cp2AX27\" rel=\"noopener\">Perromedio<\/a>: un restaurante que ofrece deliciosa cocina andaluza y espa\u00f1ola, con un comedor interior y una terraza con vistas a una plaza. \u00a1No olvides reservar!<\/li>\n<li><a href=\"https:\/\/maps.app.goo.gl\/932dmS6P1bMfxV5m7\" rel=\"noopener\">Epicureum Caf\u00e9 &amp; Brunch<\/a>: no hemos tenido la oportunidad de probar este lugar de brunch, \u00a1pero nos ha llamado mucho la atenci\u00f3n! Las cr\u00edticas parecen un\u00e1nimes, as\u00ed que si est\u00e1s buscando un lugar para tomar el brunch en Granada, ve a por \u00e9l.<\/li>\n<\/ul>\n<img decoding=\"async\" class=\"alignnone size-full wp-image-51532\" src=\"https:\/\/decouvrirensemble.com\/wp-content\/uploads\/2024\/03\/restaurants-grenade-ou-manger.jpg\" alt=\"restaurants grenade\" width=\"1800\" height=\"1200\" srcset=\"https:\/\/decouvrirensemble.com\/wp-content\/uploads\/2024\/03\/restaurants-grenade-ou-manger.jpg 1800w, https:\/\/decouvrirensemble.com\/wp-content\/uploads\/2024\/03\/restaurants-grenade-ou-manger-300x200.jpg 300w, https:\/\/decouvrirensemble.com\/wp-content\/uploads\/2024\/03\/restaurants-grenade-ou-manger-1024x683.jpg 1024w, https:\/\/decouvrirensemble.com\/wp-content\/uploads\/2024\/03\/restaurants-grenade-ou-manger-768x512.jpg 768w, https:\/\/decouvrirensemble.com\/wp-content\/uploads\/2024\/03\/restaurants-grenade-ou-manger-1536x1024.jpg 1536w, https:\/\/decouvrirensemble.com\/wp-content\/uploads\/2024\/03\/restaurants-grenade-ou-manger-600x400.jpg 600w\" sizes=\"(max-width: 1800px) 100vw, 1800px\" \/>\n<h2 id=\"dormir\"><span class=\"ez-toc-section\" id=\"%C2%BFDonde_alojarse_cuando_visite_Granada\"><\/span>\u00bfD\u00f3nde alojarse cuando visite Granada?<span class=\"ez-toc-section-end\"><\/span><\/h2>\n<h3><span class=\"ez-toc-section\" id=\"Eco_Centro_Granatensis\"><\/span>Eco Centro Granatensis<span class=\"ez-toc-section-end\"><\/span><\/h3>\n<p>Reservamos este alojamiento en <strong>el coraz\u00f3n de Granada<\/strong> y \u00a1nos encant\u00f3! Est\u00e1 justo enfrente de la Catedral, por lo que se puede visitar todo el centro de la ciudad a pie.<\/p>\n<p>El piso tiene un dormitorio, un c\u00f3modo sal\u00f3n con cocina equipada y sof\u00e1 cama, un ba\u00f1o e incluso una terraza. Ideal para tu <strong>estancia en Granada<\/strong> si sois 2 o 4 personas.<\/p>\n    <div class=\"niceButton\"><a href=\"https:\/\/www.booking.com\/hotel\/es\/eco-center-granatensis-atico-catedral.fr.html?aid=1286053\" target=\"_blank\" class=\"emojiLink\">\n                    <span class=\"emojiLink__emoji\">\u2764\ufe0f<\/span>\n                <span class=\"emojiLink__title title title--big\">Ver disponibilidad<\/span>\n    <\/a><\/div>\n\n    \n<img decoding=\"async\" class=\"alignnone wp-image-51540 size-full\" src=\"https:\/\/decouvrirensemble.com\/wp-content\/uploads\/2024\/03\/ou-dormir-grenade-espagne.jpg\" alt=\"\" width=\"1800\" height=\"1200\" srcset=\"https:\/\/decouvrirensemble.com\/wp-content\/uploads\/2024\/03\/ou-dormir-grenade-espagne.jpg 1800w, https:\/\/decouvrirensemble.com\/wp-content\/uploads\/2024\/03\/ou-dormir-grenade-espagne-300x200.jpg 300w, https:\/\/decouvrirensemble.com\/wp-content\/uploads\/2024\/03\/ou-dormir-grenade-espagne-1024x683.jpg 1024w, https:\/\/decouvrirensemble.com\/wp-content\/uploads\/2024\/03\/ou-dormir-grenade-espagne-768x512.jpg 768w, https:\/\/decouvrirensemble.com\/wp-content\/uploads\/2024\/03\/ou-dormir-grenade-espagne-1536x1024.jpg 1536w, https:\/\/decouvrirensemble.com\/wp-content\/uploads\/2024\/03\/ou-dormir-grenade-espagne-600x400.jpg 600w\" sizes=\"(max-width: 1800px) 100vw, 1800px\" \/>\n<h3><span class=\"ez-toc-section\" id=\"Nuestra_seleccion_de_los_mejores_hoteles_de_Granada\"><\/span>Nuestra selecci\u00f3n de los mejores hoteles de Granada<span class=\"ez-toc-section-end\"><\/span><\/h3>\n<p>Si buscas un <strong>hotel en Granada<\/strong>, te sugerimos que eches un vistazo a nuestra selecci\u00f3n de los mejores lugares para alojarse en la ciudad. Encontrar\u00e1 f\u00e1cilmente lo que busca.<\/p>\n<p>[hoteles]<\/p>\n<h2 id=\"organizar\"><span class=\"ez-toc-section\" id=\"%C2%BFComo_organizar_su_viaje_a_Granada\"><\/span>\u00bfC\u00f3mo organizar su viaje a Granada?<span class=\"ez-toc-section-end\"><\/span><\/h2>\n<h3><span class=\"ez-toc-section\" id=\"%C2%BFCuantos_dias_se_necesitan_para_visitar_Granada_en_Espana\"><\/span>\u00bfCu\u00e1ntos d\u00edas se necesitan para visitar Granada en Espa\u00f1a?<span class=\"ez-toc-section-end\"><\/span><\/h3>\n<p>Granada es una ciudad que merece la pena visitar y sentir su ambiente. Le recomendamos que pase <strong>3 d\u00edas en Granada<\/strong>, 2 como m\u00ednimo. Tenga en cuenta que deber\u00e1 reservar casi un d\u00eda entero para visitar la Alhambra.<\/p>\n<p><strong>Visitar Granada en 3 d\u00edas<\/strong> le dar\u00e1 tiempo de sobra para recorrer todos sus barrios y probar un mont\u00f3n de restaurantes. Tambi\u00e9n le aconsejamos que aparque el coche y se desplace lo m\u00e1ximo posible a pie, en transporte p\u00fablico o en taxi, ya que la ciudad tiene muchas calles de sentido \u00fanico y pocas plazas de aparcamiento.<\/p>\n<img decoding=\"async\" class=\"alignnone size-full wp-image-51543\" src=\"https:\/\/decouvrirensemble.com\/wp-content\/uploads\/2024\/03\/visiter-grenade-espagne-blog-voyage.jpg\" alt=\"visiter grenade espagne\" width=\"1800\" height=\"1200\" srcset=\"https:\/\/decouvrirensemble.com\/wp-content\/uploads\/2024\/03\/visiter-grenade-espagne-blog-voyage.jpg 1800w, https:\/\/decouvrirensemble.com\/wp-content\/uploads\/2024\/03\/visiter-grenade-espagne-blog-voyage-300x200.jpg 300w, https:\/\/decouvrirensemble.com\/wp-content\/uploads\/2024\/03\/visiter-grenade-espagne-blog-voyage-1024x683.jpg 1024w, https:\/\/decouvrirensemble.com\/wp-content\/uploads\/2024\/03\/visiter-grenade-espagne-blog-voyage-768x512.jpg 768w, https:\/\/decouvrirensemble.com\/wp-content\/uploads\/2024\/03\/visiter-grenade-espagne-blog-voyage-1536x1024.jpg 1536w, https:\/\/decouvrirensemble.com\/wp-content\/uploads\/2024\/03\/visiter-grenade-espagne-blog-voyage-600x400.jpg 600w\" sizes=\"(max-width: 1800px) 100vw, 1800px\" \/>\n<h3><span class=\"ez-toc-section\" id=\"%C2%BFComo_organizar_un_viaje_por_carretera_en_Andalucia\"><\/span>\u00bfC\u00f3mo organizar un viaje por carretera en Andaluc\u00eda?<span class=\"ez-toc-section-end\"><\/span><\/h3>\n<p>Si dispone de tiempo, le recomendamos que aproveche su estancia en Granada para descubrir <a href=\"https:\/\/decouvrirensemble.com\/es\/que-ver-en-andalucia\" rel=\"noopener\">Andaluc\u00eda<\/a>. Tendr\u00e1 la oportunidad de descubrir magn\u00edficas ciudades como <a href=\"https:\/\/decouvrirensemble.com\/es\/que-ver-en-sevilla\" rel=\"noopener\">Sevilla<\/a>, <a href=\"https:\/\/decouvrirensemble.com\/es\/que-ver-en-ronda\" rel=\"noopener\">Ronda<\/a>, <a href=\"https:\/\/decouvrirensemble.com\/es\/que-ver-en-cordoba\" rel=\"noopener\">C\u00f3rdoba<\/a> y la ruta de los <a href=\"https:\/\/decouvrirensemble.com\/es\/ruta-de-los-pueblos-blancos\" rel=\"noopener\">pueblos blancos de Andaluc\u00eda<\/a>. Encontrar\u00e1 nuestro itinerario completo en nuestro art\u00edculo dedicado.<\/p>\n<p>[andalousie]<\/p>\n<img decoding=\"async\" class=\"alignnone wp-image-51511 size-full\" src=\"https:\/\/decouvrirensemble.com\/wp-content\/uploads\/2024\/03\/grenade-en-espagne-blog.jpg\" alt=\"Alhambra\" width=\"1800\" height=\"1200\" srcset=\"https:\/\/decouvrirensemble.com\/wp-content\/uploads\/2024\/03\/grenade-en-espagne-blog.jpg 1800w, https:\/\/decouvrirensemble.com\/wp-content\/uploads\/2024\/03\/grenade-en-espagne-blog-300x200.jpg 300w, https:\/\/decouvrirensemble.com\/wp-content\/uploads\/2024\/03\/grenade-en-espagne-blog-1024x683.jpg 1024w, https:\/\/decouvrirensemble.com\/wp-content\/uploads\/2024\/03\/grenade-en-espagne-blog-768x512.jpg 768w, https:\/\/decouvrirensemble.com\/wp-content\/uploads\/2024\/03\/grenade-en-espagne-blog-1536x1024.jpg 1536w, https:\/\/decouvrirensemble.com\/wp-content\/uploads\/2024\/03\/grenade-en-espagne-blog-600x400.jpg 600w\" sizes=\"(max-width: 1800px) 100vw, 1800px\" \/>\n<p>[gracias]<\/p>\n\n\n<div class=\"kk-star-ratings kksr-auto kksr-align-left kksr-valign-bottom\"\n    data-payload='{&quot;align&quot;:&quot;left&quot;,&quot;id&quot;:&quot;52528&quot;,&quot;slug&quot;:&quot;default&quot;,&quot;valign&quot;:&quot;bottom&quot;,&quot;ignore&quot;:&quot;&quot;,&quot;reference&quot;:&quot;auto&quot;,&quot;class&quot;:&quot;&quot;,&quot;count&quot;:&quot;0&quot;,&quot;legendonly&quot;:&quot;&quot;,&quot;readonly&quot;:&quot;&quot;,&quot;score&quot;:&quot;0&quot;,&quot;starsonly&quot;:&quot;&quot;,&quot;best&quot;:&quot;5&quot;,&quot;gap&quot;:&quot;4&quot;,&quot;greet&quot;:&quot;Sea el primero en valorar esta entrada de blog.&quot;,&quot;legend&quot;:&quot;0\\\/5 - (0 votos)&quot;,&quot;size&quot;:&quot;21&quot;,&quot;title&quot;:&quot;\u00bfQu\u00e9 ver en Granada? Andaluc\u00eda&quot;,&quot;width&quot;:&quot;0&quot;,&quot;_legend&quot;:&quot;{score}\\\/{best} - ({count} {votes})&quot;,&quot;font_factor&quot;:&quot;1.25&quot;}'>\n            \n<div class=\"kksr-stars\">\n    \n<div class=\"kksr-stars-inactive\">\n            <div class=\"kksr-star\" data-star=\"1\" style=\"padding-right: 4px\">\n            \n\n<div class=\"kksr-icon\" style=\"width: 21px; height: 21px;\"><\/div>\n        <\/div>\n            <div class=\"kksr-star\" data-star=\"2\" style=\"padding-right: 4px\">\n            \n\n<div class=\"kksr-icon\" style=\"width: 21px; height: 21px;\"><\/div>\n        <\/div>\n            <div class=\"kksr-star\" data-star=\"3\" style=\"padding-right: 4px\">\n            \n\n<div class=\"kksr-icon\" style=\"width: 21px; height: 21px;\"><\/div>\n        <\/div>\n            <div class=\"kksr-star\" data-star=\"4\" style=\"padding-right: 4px\">\n            \n\n<div class=\"kksr-icon\" style=\"width: 21px; height: 21px;\"><\/div>\n        <\/div>\n            <div class=\"kksr-star\" data-star=\"5\" style=\"padding-right: 4px\">\n            \n\n<div class=\"kksr-icon\" style=\"width: 21px; height: 21px;\"><\/div>\n        <\/div>\n    <\/div>\n    \n<div class=\"kksr-stars-active\" style=\"width: 0px;\">\n            <div class=\"kksr-star\" style=\"padding-right: 4px\">\n            \n\n<div class=\"kksr-icon\" style=\"width: 21px; height: 21px;\"><\/div>\n        <\/div>\n            <div class=\"kksr-star\" style=\"padding-right: 4px\">\n            \n\n<div class=\"kksr-icon\" style=\"width: 21px; height: 21px;\"><\/div>\n        <\/div>\n            <div class=\"kksr-star\" style=\"padding-right: 4px\">\n            \n\n<div class=\"kksr-icon\" style=\"width: 21px; height: 21px;\"><\/div>\n        <\/div>\n            <div class=\"kksr-star\" style=\"padding-right: 4px\">\n            \n\n<div class=\"kksr-icon\" style=\"width: 21px; height: 21px;\"><\/div>\n        <\/div>\n            <div class=\"kksr-star\" style=\"padding-right: 4px\">\n            \n\n<div class=\"kksr-icon\" style=\"width: 21px; height: 21px;\"><\/div>\n        <\/div>\n    <\/div>\n<\/div>\n                \n\n<div class=\"kksr-legend\" style=\"font-size: 16.8px;\">\n            <span class=\"kksr-muted\">Sea el primero en valorar esta entrada de blog.<\/span>\n    <\/div>\n    <\/div>\n","protected":false},"excerpt":{"rendered":"<p>\u00bfEst\u00e1s planeando visitar Granada en Espa\u00f1a y buscas informaci\u00f3n y buenas direcciones? Ha llegado al blog de viajes adecuado.<\/p>\n","protected":false},"author":1,"featured_media":51525,"comment_status":"open","ping_status":"closed","sticky":false,"template":"","format":"standard","meta":{"_acf_changed":false,"_lmt_disableupdate":"no","_lmt_disable":"no","footnotes":""},"categories":[461,462],"tags":[],"class_list":["post-52528","post","type-post","status-publish","format-standard","has-post-thumbnail","hentry","category-espana","category-guias-de-viajes"],"acf":[],"yoast_head":"<!-- This site is optimized with the Yoast SEO plugin v27.4 - https:\/\/yoast.com\/product\/yoast-seo-wordpress\/ -->\n<title>\u00bfQu\u00e9 ver en Granada? Andaluc\u00eda - Blog de Viajes<\/title>\n<meta name=\"description\" content=\"\u00bfQuiere saber qu\u00e9 ver en Granada, Espa\u00f1a? En nuestro blog de viajes compartiremos contigo nuestros mejores consejos.\" \/>\n<meta name=\"robots\" content=\"index, follow, max-snippet:-1, max-image-preview:large, max-video-preview:-1\" \/>\n<link rel=\"canonical\" href=\"https:\/\/decouvrirensemble.com\/es\/que-ver-en-granada\" \/>\n<meta property=\"og:locale\" content=\"es_ES\" \/>\n<meta property=\"og:type\" content=\"article\" \/>\n<meta property=\"og:title\" content=\"\u00bfQu\u00e9 ver en Granada? Andaluc\u00eda - Blog de Viajes\" \/>\n<meta property=\"og:description\" content=\"\u00bfQuiere saber qu\u00e9 ver en Granada, Espa\u00f1a? En nuestro blog de viajes compartiremos contigo nuestros mejores consejos.\" \/>\n<meta property=\"og:url\" content=\"https:\/\/decouvrirensemble.com\/es\/que-ver-en-granada\" \/>\n<meta property=\"og:site_name\" content=\"Blog Voyage - D\u00e9couvrir Ensemble\" \/>\n<meta property=\"article:published_time\" content=\"2024-03-29T11:21:43+00:00\" \/>\n<meta property=\"article:modified_time\" content=\"2026-01-06T14:25:08+00:00\" \/>\n<meta property=\"og:image\" content=\"https:\/\/decouvrirensemble.com\/wp-content\/uploads\/2024\/03\/que-faire-a-Grenade-espagne-blog-voyage.jpg\" \/>\n\t<meta property=\"og:image:width\" content=\"1800\" \/>\n\t<meta property=\"og:image:height\" content=\"1200\" \/>\n\t<meta property=\"og:image:type\" content=\"image\/jpeg\" \/>\n<meta name=\"author\" content=\"Cl\u00e9mence &amp; Alexandre\" \/>\n<meta name=\"twitter:card\" content=\"summary_large_image\" \/>\n<meta name=\"twitter:creator\" content=\"@dcouvrirensmble\" \/>\n<meta name=\"twitter:site\" content=\"@dcouvrirensmble\" \/>\n<meta name=\"twitter:label1\" content=\"Escrito por\" \/>\n\t<meta name=\"twitter:data1\" content=\"Cl\u00e9mence &amp; Alexandre\" \/>\n\t<meta name=\"twitter:label2\" content=\"Tiempo de lectura\" \/>\n\t<meta name=\"twitter:data2\" content=\"11 minutos\" \/>\n<script type=\"application\/ld+json\" class=\"yoast-schema-graph\">{\"@context\":\"https:\\\/\\\/schema.org\",\"@graph\":[{\"@type\":\"Article\",\"@id\":\"https:\\\/\\\/decouvrirensemble.com\\\/es\\\/que-ver-en-granada#article\",\"isPartOf\":{\"@id\":\"https:\\\/\\\/decouvrirensemble.com\\\/es\\\/que-ver-en-granada\"},\"author\":{\"name\":\"Cl\u00e9mence &amp; Alexandre\",\"@id\":\"https:\\\/\\\/decouvrirensemble.com\\\/es#\\\/schema\\\/person\\\/a53efd44d02eb7f9ab90f96e84a9d2ba\"},\"headline\":\"\u00bfQu\u00e9 ver en Granada? Andaluc\u00eda\",\"datePublished\":\"2024-03-29T11:21:43+00:00\",\"dateModified\":\"2026-01-06T14:25:08+00:00\",\"mainEntityOfPage\":{\"@id\":\"https:\\\/\\\/decouvrirensemble.com\\\/es\\\/que-ver-en-granada\"},\"wordCount\":1506,\"commentCount\":0,\"publisher\":{\"@id\":\"https:\\\/\\\/decouvrirensemble.com\\\/es#\\\/schema\\\/person\\\/a53efd44d02eb7f9ab90f96e84a9d2ba\"},\"image\":{\"@id\":\"https:\\\/\\\/decouvrirensemble.com\\\/es\\\/que-ver-en-granada#primaryimage\"},\"thumbnailUrl\":\"https:\\\/\\\/decouvrirensemble.com\\\/wp-content\\\/uploads\\\/2024\\\/03\\\/que-faire-a-Grenade-espagne-blog-voyage.jpg\",\"articleSection\":[\"Espa\u00f1a\",\"Gu\u00edas de viajes\"],\"inLanguage\":\"es\",\"potentialAction\":[{\"@type\":\"CommentAction\",\"name\":\"Comment\",\"target\":[\"https:\\\/\\\/decouvrirensemble.com\\\/es\\\/que-ver-en-granada#respond\"]}]},{\"@type\":\"WebPage\",\"@id\":\"https:\\\/\\\/decouvrirensemble.com\\\/es\\\/que-ver-en-granada\",\"url\":\"https:\\\/\\\/decouvrirensemble.com\\\/es\\\/que-ver-en-granada\",\"name\":\"\u00bfQu\u00e9 ver en Granada? Andaluc\u00eda - Blog de Viajes\",\"isPartOf\":{\"@id\":\"https:\\\/\\\/decouvrirensemble.com\\\/es#website\"},\"primaryImageOfPage\":{\"@id\":\"https:\\\/\\\/decouvrirensemble.com\\\/es\\\/que-ver-en-granada#primaryimage\"},\"image\":{\"@id\":\"https:\\\/\\\/decouvrirensemble.com\\\/es\\\/que-ver-en-granada#primaryimage\"},\"thumbnailUrl\":\"https:\\\/\\\/decouvrirensemble.com\\\/wp-content\\\/uploads\\\/2024\\\/03\\\/que-faire-a-Grenade-espagne-blog-voyage.jpg\",\"datePublished\":\"2024-03-29T11:21:43+00:00\",\"dateModified\":\"2026-01-06T14:25:08+00:00\",\"description\":\"\u00bfQuiere saber qu\u00e9 ver en Granada, Espa\u00f1a? En nuestro blog de viajes compartiremos contigo nuestros mejores consejos.\",\"breadcrumb\":{\"@id\":\"https:\\\/\\\/decouvrirensemble.com\\\/es\\\/que-ver-en-granada#breadcrumb\"},\"inLanguage\":\"es\",\"potentialAction\":[{\"@type\":\"ReadAction\",\"target\":[\"https:\\\/\\\/decouvrirensemble.com\\\/es\\\/que-ver-en-granada\"]}]},{\"@type\":\"ImageObject\",\"inLanguage\":\"es\",\"@id\":\"https:\\\/\\\/decouvrirensemble.com\\\/es\\\/que-ver-en-granada#primaryimage\",\"url\":\"https:\\\/\\\/decouvrirensemble.com\\\/wp-content\\\/uploads\\\/2024\\\/03\\\/que-faire-a-Grenade-espagne-blog-voyage.jpg\",\"contentUrl\":\"https:\\\/\\\/decouvrirensemble.com\\\/wp-content\\\/uploads\\\/2024\\\/03\\\/que-faire-a-Grenade-espagne-blog-voyage.jpg\",\"width\":1800,\"height\":1200,\"caption\":\"que faire \u00e0 Grenade\"},{\"@type\":\"BreadcrumbList\",\"@id\":\"https:\\\/\\\/decouvrirensemble.com\\\/es\\\/que-ver-en-granada#breadcrumb\",\"itemListElement\":[{\"@type\":\"ListItem\",\"position\":1,\"name\":\"Accueil\",\"item\":\"https:\\\/\\\/decouvrirensemble.com\\\/es\"},{\"@type\":\"ListItem\",\"position\":2,\"name\":\"Gu\u00edas de viajes\",\"item\":\"https:\\\/\\\/decouvrirensemble.com\\\/es\\\/guias-de-viajes\"},{\"@type\":\"ListItem\",\"position\":3,\"name\":\"\u00bfQu\u00e9 ver en Granada? Andaluc\u00eda\"}]},{\"@type\":\"WebSite\",\"@id\":\"https:\\\/\\\/decouvrirensemble.com\\\/es#website\",\"url\":\"https:\\\/\\\/decouvrirensemble.com\\\/es\",\"name\":\"Blog Voyage - D\u00e9couvrir Ensemble\",\"description\":\"Le Blog Voyage de Clem et Alex\",\"publisher\":{\"@id\":\"https:\\\/\\\/decouvrirensemble.com\\\/es#\\\/schema\\\/person\\\/a53efd44d02eb7f9ab90f96e84a9d2ba\"},\"potentialAction\":[{\"@type\":\"SearchAction\",\"target\":{\"@type\":\"EntryPoint\",\"urlTemplate\":\"https:\\\/\\\/decouvrirensemble.com\\\/es?s={search_term_string}\"},\"query-input\":{\"@type\":\"PropertyValueSpecification\",\"valueRequired\":true,\"valueName\":\"search_term_string\"}}],\"inLanguage\":\"es\"},{\"@type\":[\"Person\",\"Organization\"],\"@id\":\"https:\\\/\\\/decouvrirensemble.com\\\/es#\\\/schema\\\/person\\\/a53efd44d02eb7f9ab90f96e84a9d2ba\",\"name\":\"Cl\u00e9mence &amp; Alexandre\",\"image\":{\"@type\":\"ImageObject\",\"inLanguage\":\"es\",\"@id\":\"https:\\\/\\\/decouvrirensemble.com\\\/wp-content\\\/uploads\\\/2024\\\/04\\\/logo-decouvrir-ensemble-blog-voyage.jpg\",\"url\":\"https:\\\/\\\/decouvrirensemble.com\\\/wp-content\\\/uploads\\\/2024\\\/04\\\/logo-decouvrir-ensemble-blog-voyage.jpg\",\"contentUrl\":\"https:\\\/\\\/decouvrirensemble.com\\\/wp-content\\\/uploads\\\/2024\\\/04\\\/logo-decouvrir-ensemble-blog-voyage.jpg\",\"width\":1563,\"height\":529,\"caption\":\"Cl\u00e9mence &amp; Alexandre\"},\"logo\":{\"@id\":\"https:\\\/\\\/decouvrirensemble.com\\\/wp-content\\\/uploads\\\/2024\\\/04\\\/logo-decouvrir-ensemble-blog-voyage.jpg\"},\"sameAs\":[\"https:\\\/\\\/decouvrirensemble.com\\\/\"]}]}<\/script>\n<!-- \/ Yoast SEO plugin. -->","yoast_head_json":{"title":"\u00bfQu\u00e9 ver en Granada? Andaluc\u00eda - Blog de Viajes","description":"\u00bfQuiere saber qu\u00e9 ver en Granada, Espa\u00f1a? En nuestro blog de viajes compartiremos contigo nuestros mejores consejos.","robots":{"index":"index","follow":"follow","max-snippet":"max-snippet:-1","max-image-preview":"max-image-preview:large","max-video-preview":"max-video-preview:-1"},"canonical":"https:\/\/decouvrirensemble.com\/es\/que-ver-en-granada","og_locale":"es_ES","og_type":"article","og_title":"\u00bfQu\u00e9 ver en Granada? Andaluc\u00eda - Blog de Viajes","og_description":"\u00bfQuiere saber qu\u00e9 ver en Granada, Espa\u00f1a? En nuestro blog de viajes compartiremos contigo nuestros mejores consejos.","og_url":"https:\/\/decouvrirensemble.com\/es\/que-ver-en-granada","og_site_name":"Blog Voyage - D\u00e9couvrir Ensemble","article_published_time":"2024-03-29T11:21:43+00:00","article_modified_time":"2026-01-06T14:25:08+00:00","og_image":[{"width":1800,"height":1200,"url":"https:\/\/decouvrirensemble.com\/wp-content\/uploads\/2024\/03\/que-faire-a-Grenade-espagne-blog-voyage.jpg","type":"image\/jpeg"}],"author":"Cl\u00e9mence &amp; Alexandre","twitter_card":"summary_large_image","twitter_creator":"@dcouvrirensmble","twitter_site":"@dcouvrirensmble","twitter_misc":{"Escrito por":"Cl\u00e9mence &amp; Alexandre","Tiempo de lectura":"11 minutos"},"schema":{"@context":"https:\/\/schema.org","@graph":[{"@type":"Article","@id":"https:\/\/decouvrirensemble.com\/es\/que-ver-en-granada#article","isPartOf":{"@id":"https:\/\/decouvrirensemble.com\/es\/que-ver-en-granada"},"author":{"name":"Cl\u00e9mence &amp; Alexandre","@id":"https:\/\/decouvrirensemble.com\/es#\/schema\/person\/a53efd44d02eb7f9ab90f96e84a9d2ba"},"headline":"\u00bfQu\u00e9 ver en Granada? Andaluc\u00eda","datePublished":"2024-03-29T11:21:43+00:00","dateModified":"2026-01-06T14:25:08+00:00","mainEntityOfPage":{"@id":"https:\/\/decouvrirensemble.com\/es\/que-ver-en-granada"},"wordCount":1506,"commentCount":0,"publisher":{"@id":"https:\/\/decouvrirensemble.com\/es#\/schema\/person\/a53efd44d02eb7f9ab90f96e84a9d2ba"},"image":{"@id":"https:\/\/decouvrirensemble.com\/es\/que-ver-en-granada#primaryimage"},"thumbnailUrl":"https:\/\/decouvrirensemble.com\/wp-content\/uploads\/2024\/03\/que-faire-a-Grenade-espagne-blog-voyage.jpg","articleSection":["Espa\u00f1a","Gu\u00edas de viajes"],"inLanguage":"es","potentialAction":[{"@type":"CommentAction","name":"Comment","target":["https:\/\/decouvrirensemble.com\/es\/que-ver-en-granada#respond"]}]},{"@type":"WebPage","@id":"https:\/\/decouvrirensemble.com\/es\/que-ver-en-granada","url":"https:\/\/decouvrirensemble.com\/es\/que-ver-en-granada","name":"\u00bfQu\u00e9 ver en Granada? Andaluc\u00eda - Blog de Viajes","isPartOf":{"@id":"https:\/\/decouvrirensemble.com\/es#website"},"primaryImageOfPage":{"@id":"https:\/\/decouvrirensemble.com\/es\/que-ver-en-granada#primaryimage"},"image":{"@id":"https:\/\/decouvrirensemble.com\/es\/que-ver-en-granada#primaryimage"},"thumbnailUrl":"https:\/\/decouvrirensemble.com\/wp-content\/uploads\/2024\/03\/que-faire-a-Grenade-espagne-blog-voyage.jpg","datePublished":"2024-03-29T11:21:43+00:00","dateModified":"2026-01-06T14:25:08+00:00","description":"\u00bfQuiere saber qu\u00e9 ver en Granada, Espa\u00f1a? En nuestro blog de viajes compartiremos contigo nuestros mejores consejos.","breadcrumb":{"@id":"https:\/\/decouvrirensemble.com\/es\/que-ver-en-granada#breadcrumb"},"inLanguage":"es","potentialAction":[{"@type":"ReadAction","target":["https:\/\/decouvrirensemble.com\/es\/que-ver-en-granada"]}]},{"@type":"ImageObject","inLanguage":"es","@id":"https:\/\/decouvrirensemble.com\/es\/que-ver-en-granada#primaryimage","url":"https:\/\/decouvrirensemble.com\/wp-content\/uploads\/2024\/03\/que-faire-a-Grenade-espagne-blog-voyage.jpg","contentUrl":"https:\/\/decouvrirensemble.com\/wp-content\/uploads\/2024\/03\/que-faire-a-Grenade-espagne-blog-voyage.jpg","width":1800,"height":1200,"caption":"que faire \u00e0 Grenade"},{"@type":"BreadcrumbList","@id":"https:\/\/decouvrirensemble.com\/es\/que-ver-en-granada#breadcrumb","itemListElement":[{"@type":"ListItem","position":1,"name":"Accueil","item":"https:\/\/decouvrirensemble.com\/es"},{"@type":"ListItem","position":2,"name":"Gu\u00edas de viajes","item":"https:\/\/decouvrirensemble.com\/es\/guias-de-viajes"},{"@type":"ListItem","position":3,"name":"\u00bfQu\u00e9 ver en Granada? Andaluc\u00eda"}]},{"@type":"WebSite","@id":"https:\/\/decouvrirensemble.com\/es#website","url":"https:\/\/decouvrirensemble.com\/es","name":"Blog Voyage - D\u00e9couvrir Ensemble","description":"Le Blog Voyage de Clem et Alex","publisher":{"@id":"https:\/\/decouvrirensemble.com\/es#\/schema\/person\/a53efd44d02eb7f9ab90f96e84a9d2ba"},"potentialAction":[{"@type":"SearchAction","target":{"@type":"EntryPoint","urlTemplate":"https:\/\/decouvrirensemble.com\/es?s={search_term_string}"},"query-input":{"@type":"PropertyValueSpecification","valueRequired":true,"valueName":"search_term_string"}}],"inLanguage":"es"},{"@type":["Person","Organization"],"@id":"https:\/\/decouvrirensemble.com\/es#\/schema\/person\/a53efd44d02eb7f9ab90f96e84a9d2ba","name":"Cl\u00e9mence &amp; Alexandre","image":{"@type":"ImageObject","inLanguage":"es","@id":"https:\/\/decouvrirensemble.com\/wp-content\/uploads\/2024\/04\/logo-decouvrir-ensemble-blog-voyage.jpg","url":"https:\/\/decouvrirensemble.com\/wp-content\/uploads\/2024\/04\/logo-decouvrir-ensemble-blog-voyage.jpg","contentUrl":"https:\/\/decouvrirensemble.com\/wp-content\/uploads\/2024\/04\/logo-decouvrir-ensemble-blog-voyage.jpg","width":1563,"height":529,"caption":"Cl\u00e9mence &amp; Alexandre"},"logo":{"@id":"https:\/\/decouvrirensemble.com\/wp-content\/uploads\/2024\/04\/logo-decouvrir-ensemble-blog-voyage.jpg"},"sameAs":["https:\/\/decouvrirensemble.com\/"]}]}},"modified_by":"Cl\u00e9mence &amp; Alexandre","_links":{"self":[{"href":"https:\/\/decouvrirensemble.com\/es\/wp-json\/wp\/v2\/posts\/52528","targetHints":{"allow":["GET"]}}],"collection":[{"href":"https:\/\/decouvrirensemble.com\/es\/wp-json\/wp\/v2\/posts"}],"about":[{"href":"https:\/\/decouvrirensemble.com\/es\/wp-json\/wp\/v2\/types\/post"}],"author":[{"embeddable":true,"href":"https:\/\/decouvrirensemble.com\/es\/wp-json\/wp\/v2\/users\/1"}],"replies":[{"embeddable":true,"href":"https:\/\/decouvrirensemble.com\/es\/wp-json\/wp\/v2\/comments?post=52528"}],"version-history":[{"count":1,"href":"https:\/\/decouvrirensemble.com\/es\/wp-json\/wp\/v2\/posts\/52528\/revisions"}],"predecessor-version":[{"id":63520,"href":"https:\/\/decouvrirensemble.com\/es\/wp-json\/wp\/v2\/posts\/52528\/revisions\/63520"}],"wp:featuredmedia":[{"embeddable":true,"href":"https:\/\/decouvrirensemble.com\/es\/wp-json\/wp\/v2\/media\/51525"}],"wp:attachment":[{"href":"https:\/\/decouvrirensemble.com\/es\/wp-json\/wp\/v2\/media?parent=52528"}],"wp:term":[{"taxonomy":"category","embeddable":true,"href":"https:\/\/decouvrirensemble.com\/es\/wp-json\/wp\/v2\/categories?post=52528"},{"taxonomy":"post_tag","embeddable":true,"href":"https:\/\/decouvrirensemble.com\/es\/wp-json\/wp\/v2\/tags?post=52528"}],"curies":[{"name":"wp","href":"https:\/\/api.w.org\/{rel}","templated":true}]}}