{"id":53012,"date":"2022-10-25T14:21:07","date_gmt":"2022-10-25T12:21:07","guid":{"rendered":"https:\/\/decouvrirensemble.com\/visiter-berne-que-faire"},"modified":"2026-04-13T15:05:23","modified_gmt":"2026-04-13T13:05:23","slug":"que-ver-en-berna-suiza","status":"publish","type":"post","link":"https:\/\/decouvrirensemble.com\/es\/que-ver-en-berna-suiza","title":{"rendered":"\u00bfQu\u00e9 ver en Berna, Suiza? Los mejores lugares"},"content":{"rendered":"<p>Es la segunda vez que viajamos a Suiza y, a pesar de las inclemencias del tiempo, hemos ca\u00eddo rendidos ante Berna y sus gentes. Como capital de Suiza (\u00a1s\u00ed, lo es!), esta ciudad tiene mucho que ofrecer. El centro hist\u00f3rico de Berna est\u00e1 declarado Patrimonio de la Humanidad por la UNESCO, y es f\u00e1cil entender por qu\u00e9: la arquitectura es preciosa y la ciudad cuenta con seis kil\u00f3metros de soportales. Toda una comodidad para resguardarse de la lluvia en invierno y mantenerse fresco en verano.<\/p>\n<p>Si le gusta la arquitectura, la historia y la gastronom\u00eda, no puede dejar de visitar Berna en sus pr\u00f3ximas vacaciones. Para ayudarte a responder a la pregunta \u00ab\u00bfqu\u00e9 hacer en Berna?\u00bb, en esta entrada del blog te damos nuestros imprescindibles y buenos lugares a los que ir cuando vengas a Berna.<\/p>\n<h2 id=\"dormir\"><span class=\"ez-toc-section\" id=\"Visitar_Berna_%C2%BFdonde_dormir\"><\/span>Visitar Berna, \u00bfd\u00f3nde dormir?<span class=\"ez-toc-section-end\"><\/span><\/h2>\n<h3><span class=\"ez-toc-section\" id=\"Albergue_juvenil_de_Berna\"><\/span>Albergue juvenil de Berna<span class=\"ez-toc-section-end\"><\/span><\/h3>\n<p>Situado en la parte baja de la ciudad, este albergue juvenil te permitir\u00e1 visitar Berna manteniendo una buena relaci\u00f3n calidad-precio. El albergue est\u00e1 a quince minutos a pie de la estaci\u00f3n principal de ferrocarril y cerca de la piscina Marzili y del r\u00edo Aare. El personal es amable y las habitaciones tienen un estilo industrial bastante minimalista. Tendr\u00e1s acceso a un desayuno buf\u00e9 por las ma\u00f1anas, as\u00ed como a taquillas con llave si, como nosotros, quieres visitar Berna sin tener que cargar con tu equipaje una vez devueltas las llaves de la habitaci\u00f3n. Para llegar m\u00e1s r\u00e1pidamente a la parte alta de la ciudad, tambi\u00e9n puede tomar el funicular, incluido en el Swiss Pass.<\/p>\n    <div class=\"niceButton\"><a href=\"https:\/\/www.booking.com\/hotel\/ch\/youthhostel-bern.fr.html?aid=1286053\" target=\"_blank\" class=\"emojiLink\">\n                    <span class=\"emojiLink__emoji\">\u2764\ufe0f<\/span>\n                <span class=\"emojiLink__title title title--big\">Ver disponibilidad<\/span>\n    <\/a><\/div>\n\n    \n<img decoding=\"async\" class=\"alignnone size-full wp-image-18579\" src=\"https:\/\/decouvrirensemble.com\/wp-content\/uploads\/2022\/10\/ou-dormir-berne-bern-youth-hostel.jpg\" alt=\"D\u00f3nde alojarse Berna\" width=\"1800\" height=\"1200\" srcset=\"https:\/\/decouvrirensemble.com\/wp-content\/uploads\/2022\/10\/ou-dormir-berne-bern-youth-hostel.jpg 1800w, https:\/\/decouvrirensemble.com\/wp-content\/uploads\/2022\/10\/ou-dormir-berne-bern-youth-hostel-300x200.jpg 300w, https:\/\/decouvrirensemble.com\/wp-content\/uploads\/2022\/10\/ou-dormir-berne-bern-youth-hostel-1024x683.jpg 1024w, https:\/\/decouvrirensemble.com\/wp-content\/uploads\/2022\/10\/ou-dormir-berne-bern-youth-hostel-768x512.jpg 768w, https:\/\/decouvrirensemble.com\/wp-content\/uploads\/2022\/10\/ou-dormir-berne-bern-youth-hostel-1536x1024.jpg 1536w\" sizes=\"(max-width: 1800px) 100vw, 1800px\" \/>\n<h2 id=\"ver\"><span class=\"ez-toc-section\" id=\"Que_ver_en_Berna_Suiza\"><\/span>Qu\u00e9 ver en Berna, Suiza<span class=\"ez-toc-section-end\"><\/span><\/h2>\n<h3><span class=\"ez-toc-section\" id=\"El_casco_antiguo_de_Berna\"><\/span>El casco antiguo de Berna<span class=\"ez-toc-section-end\"><\/span><\/h3>\n<p>Como mencionamos en nuestra introducci\u00f3n, el centro de Berna es Patrimonio de la Humanidad por la UNESCO. Cuando lo visites, pronto te dar\u00e1s cuenta de la riqueza hist\u00f3rica y arquitect\u00f3nica de la ciudad. Cuando pasee por el centro, le recomendamos encarecidamente que vaya acompa\u00f1ado de un gu\u00eda. De este modo, se sumergir\u00e1 en el pasado de Berna y conocer\u00e1 mejor su historia. As\u00ed lo hicimos nosotros y nos encant\u00f3. Nuestra gu\u00eda, \u00darsula, nos llev\u00f3 con ella por la fascinante historia de la ciudad y fue uno de los momentos que m\u00e1s disfrutamos durante nuestra estancia.<\/p>\n<img decoding=\"async\" class=\"alignnone size-full wp-image-18580\" src=\"https:\/\/decouvrirensemble.com\/wp-content\/uploads\/2022\/10\/vieille-ville-berne-suisse.jpg\" alt=\"Casco antiguo de Berna\" width=\"1800\" height=\"1200\" srcset=\"https:\/\/decouvrirensemble.com\/wp-content\/uploads\/2022\/10\/vieille-ville-berne-suisse.jpg 1800w, https:\/\/decouvrirensemble.com\/wp-content\/uploads\/2022\/10\/vieille-ville-berne-suisse-300x200.jpg 300w, https:\/\/decouvrirensemble.com\/wp-content\/uploads\/2022\/10\/vieille-ville-berne-suisse-1024x683.jpg 1024w, https:\/\/decouvrirensemble.com\/wp-content\/uploads\/2022\/10\/vieille-ville-berne-suisse-768x512.jpg 768w, https:\/\/decouvrirensemble.com\/wp-content\/uploads\/2022\/10\/vieille-ville-berne-suisse-1536x1024.jpg 1536w\" sizes=\"(max-width: 1800px) 100vw, 1800px\" \/>\n<div data-gyg-href=\"https:\/\/widget.getyourguide.com\/default\/activities.frame\" data-gyg-locale-code=\"es-ES\" data-gyg-widget=\"actividades\" data-gyg-number-of-items=\"3\" data-gyg-partner-id=\"QTAK8D9\" data-gyg-q=\"Berna\">&nbsp;<\/div>\n<h4><span class=\"ez-toc-section\" id=\"La_Torre_del_Reloj_o_Zytglogge\"><\/span>La Torre del Reloj o Zytglogge<span class=\"ez-toc-section-end\"><\/span><\/h4>\n<p>En su paseo por las estrechas calles de Berna, det\u00e9ngase ante la Torre del Reloj. Antiguamente era la puerta de la ciudad y ha sufrido muchas transformaciones. Hoy en d\u00eda, ofrece un espect\u00e1culo musical y visual cada hora, \u00a1cinco minutos antes de la hora! Si se pregunta c\u00f3mo es, imag\u00ednese un baile de figuritas (un oso, el emblema de la ciudad, un loco, un gallo y Chronos) al son de la m\u00fasica. Tuvimos la suerte de descubrir el interior de la torre, \u00a1y podemos decirle que es un aut\u00e9ntico viaje en el tiempo! Descubrimos un incre\u00edble mecanismo de relojer\u00eda, una magn\u00edfica vista de la ciudad que bien se merece despu\u00e9s de subir cien escalones.<\/p>\n<img decoding=\"async\" class=\"alignnone wp-image-18581 size-full\" src=\"https:\/\/decouvrirensemble.com\/wp-content\/uploads\/2022\/10\/tour-de-l-horloge-Zytglogge.jpg\" alt=\"Berna\" width=\"1800\" height=\"1200\" srcset=\"https:\/\/decouvrirensemble.com\/wp-content\/uploads\/2022\/10\/tour-de-l-horloge-Zytglogge.jpg 1800w, https:\/\/decouvrirensemble.com\/wp-content\/uploads\/2022\/10\/tour-de-l-horloge-Zytglogge-300x200.jpg 300w, https:\/\/decouvrirensemble.com\/wp-content\/uploads\/2022\/10\/tour-de-l-horloge-Zytglogge-1024x683.jpg 1024w, https:\/\/decouvrirensemble.com\/wp-content\/uploads\/2022\/10\/tour-de-l-horloge-Zytglogge-768x512.jpg 768w, https:\/\/decouvrirensemble.com\/wp-content\/uploads\/2022\/10\/tour-de-l-horloge-Zytglogge-1536x1024.jpg 1536w\" sizes=\"(max-width: 1800px) 100vw, 1800px\" \/>\n<img decoding=\"async\" class=\"alignnone size-full wp-image-18582\" src=\"https:\/\/decouvrirensemble.com\/wp-content\/uploads\/2022\/10\/visiter-berne-Zytglogge.jpg\" alt=\"visita berna\" width=\"1800\" height=\"1200\" srcset=\"https:\/\/decouvrirensemble.com\/wp-content\/uploads\/2022\/10\/visiter-berne-Zytglogge.jpg 1800w, https:\/\/decouvrirensemble.com\/wp-content\/uploads\/2022\/10\/visiter-berne-Zytglogge-300x200.jpg 300w, https:\/\/decouvrirensemble.com\/wp-content\/uploads\/2022\/10\/visiter-berne-Zytglogge-1024x683.jpg 1024w, https:\/\/decouvrirensemble.com\/wp-content\/uploads\/2022\/10\/visiter-berne-Zytglogge-768x512.jpg 768w, https:\/\/decouvrirensemble.com\/wp-content\/uploads\/2022\/10\/visiter-berne-Zytglogge-1536x1024.jpg 1536w\" sizes=\"(max-width: 1800px) 100vw, 1800px\" \/>\n<h4><span class=\"ez-toc-section\" id=\"Las_fuentes_alegoricas_de_Berna\"><\/span>Las fuentes aleg\u00f3ricas de Berna<span class=\"ez-toc-section-end\"><\/span><\/h4>\n<p>\u00bfQu\u00e9 ser\u00eda de Berna sin sus famosas fuentes? Desde la Edad Media, las calles de Berna est\u00e1n flanqueadas por un centenar de fuentes, once de las cuales son aleg\u00f3ricas y merecen una visita. Adem\u00e1s de decorativas y simb\u00f3licas, representan un sistema hidr\u00e1ulico innovador para la \u00e9poca y son un punto de encuentro social ineludible: \u00a1el rinc\u00f3n de las cafeteras de la \u00e9poca al fin y al cabo! \ud83d\ude02\ud83d\ude0d<\/p>\n<img decoding=\"async\" class=\"alignnone size-full wp-image-18583\" src=\"https:\/\/decouvrirensemble.com\/wp-content\/uploads\/2022\/10\/fontaines-allegoriques-berne.jpg\" alt=\"Fuentes aleg\u00f3ricas de Berna\" width=\"1800\" height=\"1200\" srcset=\"https:\/\/decouvrirensemble.com\/wp-content\/uploads\/2022\/10\/fontaines-allegoriques-berne.jpg 1800w, https:\/\/decouvrirensemble.com\/wp-content\/uploads\/2022\/10\/fontaines-allegoriques-berne-300x200.jpg 300w, https:\/\/decouvrirensemble.com\/wp-content\/uploads\/2022\/10\/fontaines-allegoriques-berne-1024x683.jpg 1024w, https:\/\/decouvrirensemble.com\/wp-content\/uploads\/2022\/10\/fontaines-allegoriques-berne-768x512.jpg 768w, https:\/\/decouvrirensemble.com\/wp-content\/uploads\/2022\/10\/fontaines-allegoriques-berne-1536x1024.jpg 1536w\" sizes=\"(max-width: 1800px) 100vw, 1800px\" \/>\n<h4><span class=\"ez-toc-section\" id=\"Las_arcadas_de_Berna\"><\/span>Las arcadas de Berna<span class=\"ez-toc-section-end\"><\/span><\/h4>\n<p>Seis kil\u00f3metros de arcadas, nada menos&#8230; Surgieron tras un gran incendio en la ciudad de Berna en 1405, cuando se quemaron muchas casas de madera. La ciudad se redise\u00f1\u00f3 entonces con gran cantidad de piedra. De ah\u00ed la invenci\u00f3n de los soportales. Hoy en d\u00eda, los soportales son realmente muy agradables, con muchas tiendecitas y terrazas de restaurantes. Nos encant\u00f3 pasear por ellos y descubrimos que dan a la ciudad un estilo visual muy especial.<\/p>\n<img decoding=\"async\" class=\"alignnone size-full wp-image-18590\" src=\"https:\/\/decouvrirensemble.com\/wp-content\/uploads\/2022\/10\/arcanes-berne.jpg\" alt=\"Arcana Bern\" width=\"1800\" height=\"1200\" srcset=\"https:\/\/decouvrirensemble.com\/wp-content\/uploads\/2022\/10\/arcanes-berne.jpg 1800w, https:\/\/decouvrirensemble.com\/wp-content\/uploads\/2022\/10\/arcanes-berne-300x200.jpg 300w, https:\/\/decouvrirensemble.com\/wp-content\/uploads\/2022\/10\/arcanes-berne-1024x683.jpg 1024w, https:\/\/decouvrirensemble.com\/wp-content\/uploads\/2022\/10\/arcanes-berne-768x512.jpg 768w, https:\/\/decouvrirensemble.com\/wp-content\/uploads\/2022\/10\/arcanes-berne-1536x1024.jpg 1536w\" sizes=\"(max-width: 1800px) 100vw, 1800px\" \/>\n<h4><span class=\"ez-toc-section\" id=\"La_Colegiata_de_Berna\"><\/span>La Colegiata de Berna<span class=\"ez-toc-section-end\"><\/span><\/h4>\n<p>Este monumento nos gust\u00f3 mucho s\u00f3lo por fuera, estaba cerrado cuando llegamos as\u00ed que no pudimos visitarlo. Su campanario es el m\u00e1s alto de Suiza, \u00a1nada menos! Puedes entrar a visitarlo e incluso subir m\u00e1s de trescientos escalones para descubrir la incre\u00edble vista desde la Colegiata. Tambi\u00e9n podr\u00e1 admirar sus hermosas vidrieras, estatuas y b\u00f3vedas. \u00a1Un lugar que no debe perderse en su visita a Berna!<\/p>\n<img decoding=\"async\" class=\"alignnone size-full wp-image-18589\" src=\"https:\/\/decouvrirensemble.com\/wp-content\/uploads\/2022\/10\/collegiale-berne.jpg\" alt=\"Colegiata Berna\" width=\"1800\" height=\"1200\" srcset=\"https:\/\/decouvrirensemble.com\/wp-content\/uploads\/2022\/10\/collegiale-berne.jpg 1800w, https:\/\/decouvrirensemble.com\/wp-content\/uploads\/2022\/10\/collegiale-berne-300x200.jpg 300w, https:\/\/decouvrirensemble.com\/wp-content\/uploads\/2022\/10\/collegiale-berne-1024x683.jpg 1024w, https:\/\/decouvrirensemble.com\/wp-content\/uploads\/2022\/10\/collegiale-berne-768x512.jpg 768w, https:\/\/decouvrirensemble.com\/wp-content\/uploads\/2022\/10\/collegiale-berne-1536x1024.jpg 1536w\" sizes=\"(max-width: 1800px) 100vw, 1800px\" \/>\n<p>Casa de Einstein<\/p>\n<p>Sab\u00edas que el famoso Albert Einstein vivi\u00f3 en Berna (Suiza) entre 1902 y 1909? Nosotros no lo sab\u00edamos hasta que vinimos a explorar la ciudad este oto\u00f1o. Puedes visitar su casa en la calle principal, frente a la Torre del Reloj. Nosotros no la visitamos, pero dicen que merece la pena.<\/p>\n<h4><span class=\"ez-toc-section\" id=\"El_Palacio_Federal_o_Bundesterrasse\"><\/span>El Palacio Federal o Bundesterrasse<span class=\"ez-toc-section-end\"><\/span><\/h4>\n<p>El monumento al Parlamento es realmente soberbio y se encuentra entronizado en uno de los balcones de la ciudad, y tendr\u00e1s una preciosa vista de \u00e9l desde la ciudad baja (donde nos aloj\u00e1bamos). Inaugurado en 1902, representa la pol\u00edtica suiza. No lo visitamos cuando estuvimos all\u00ed, pero nos encant\u00f3 admirarlo. Para los m\u00e1s curiosos, hay visitas guiadas que te permitir\u00e1n descubrir el interior del lugar y entender c\u00f3mo funciona el Parlamento.<\/p>\n<blockquote class=\"instagram-media\" style=\"background: #FFF; border: 0; border-radius: 3px; box-shadow: 0 0 1px 0 rgba(0,0,0,0.5),0 1px 10px 0 rgba(0,0,0,0. 15); margin: 1px; max-width: 540px; min-width: 326px; padding: 0; width: calc(100% - 2px);\" data-instgrm-permalink=\"https:\/\/www.instagram.com\/reel\/CjVINmsKFbf\/?utm_source=ig_embed&amp;utm_campaign=loading\" data-instgrm-version=\"14\">\n<div style=\"padding: 16px;\">\n<p>&nbsp;<\/p>\n<div style=\"display: flex; flex-direction: row; align-items: center;\">\n<div style=\"background-color: #f4f4f4; border-radius: 50%; flex-grow: 0; height: 40px; margin-right: 14px; width: 40px;\">&nbsp;<\/div>\n<div style=\"display: flex; flex-direction: column; flex-grow: 1; justify-content: center;\">\n<div style=\"background-color: #f4f4f4; border-radius: 4px; flex-grow: 0; height: 14px; margin-bottom: 6px; width: 100px;\">&nbsp;<\/div>\n<div style=\"background-color: #f4f4f4; border-radius: 4px; flex-grow: 0; height: 14px; width: 60px;\">&nbsp;<\/div>\n<\/div>\n<\/div>\n<div style=\"padding: 19% 0;\">&nbsp;<\/div>\n<div style=\"display: block; height: 50px; margin: 0 auto 12px; width: 50px;\">&nbsp;<\/div>\n<div style=\"padding-top: 8px;\">\n<div style=\"color: #3897f0; font-family: Arial,sans-serif; font-size: 14px; font-style: normal; font-weight: 550; line-height: 18px;\">Ver esta publicaci\u00f3n en Instagram<\/div>\n<\/div>\n<div style=\"padding: 12.5% 0;\">&nbsp;<\/div>\n<div style=\"display: flex; flex-direction: row; margin-bottom: 14px; align-items: center;\">\n<div>\n<div style=\"background-color: #f4f4f4; border-radius: 50%; height: 12.5px; width: 12.5px; transform: translateX(0px) translateY(7px);\">&nbsp;<\/div>\n<div style=\"background-color: #f4f4f4; height: 12.5px; transform: rotate(-45deg) translateX(3px) translateY(1px); width: 12.5px; flex-grow: 0; margin-right: 14px; margin-left: 2px;\">&nbsp;<\/div>\n<div style=\"background-color: #f4f4f4; border-radius: 50%; height: 12.5px; width: 12.5px; transform: translateX(9px) translateY(-18px);\">&nbsp;<\/div>\n<\/div>\n<div style=\"margin-left: 8px;\">\n<div style=\"background-color: #f4f4f4; border-radius: 50%; flex-grow: 0; height: 20px; width: 20px;\">&nbsp;<\/div>\n<div style=\"width: 0; height: 0; border-top: 2px solid transparent; border-left: 6px solid #f4f4f4; border-bottom: 2px solid transparent; transform: translateX(16px) translateY(-4px) rotate(30deg);\">&nbsp;<\/div>\n<\/div>\n<div style=\"margin-left: auto;\">\n<div style=\"width: 0px; border-top: 8px solid #F4F4F4; border-right: 8px solid transparent; transform: translateY(16px);\">&nbsp;<\/div>\n<div style=\"background-color: #f4f4f4; flex-grow: 0; height: 12px; width: 16px; transform: translateY(-4px);\">&nbsp;<\/div>\n<div style=\"width: 0; height: 0; border-top: 8px solid #F4F4F4; border-left: 8px solid transparent; transform: translateY(-4px) translateX(8px);\">&nbsp;<\/div>\n<\/div>\n<\/div>\n<div>\n<div style=\"display: flex; flex-direction: column; flex-grow: 1; justify-content: center; margin-bottom: 24px;\">\n<div style=\"background-color: #f4f4f4; border-radius: 4px; flex-grow: 0; height: 14px; margin-bottom: 6px; width: 224px;\">&nbsp;<\/div>\n<div style=\"background-color: #f4f4f4; border-radius: 4px; flex-grow: 0; height: 14px; width: 144px;\">&nbsp;<\/div>\n<\/div>\n<p>&nbsp;<\/p>\n<p style=\"color: #c9c8cd; font-family: Arial,sans-serif; font-size: 14px; line-height: 17px; margin-bottom: 0; margin-top: 8px; overflow: hidden; padding: 8px 0 7px; text-align: center; text-overflow: ellipsis; white-space: nowrap;\"><a style=\"color: #c9c8cd; font-family: Arial,sans-serif; font-size: 14px; font-style: normal; font-weight: normal; line-height: 17px; text-decoration: none;\" href=\"https:\/\/www.instagram.com\/reel\/CjVINmsKFbf\/?utm_source=ig_embed&amp;utm_campaign=loading\" target=\"_blank\" rel=\"noopener\">Una publicaci\u00f3n compartida por Bern Welcome (@ilove_bern)<\/a><\/p>\n<\/div>\n<\/div>\n<\/blockquote>\n<p><script async=\"\" src=\"\/\/www.instagram.com\/embed.js\"><\/script><\/p>\n<h3><span class=\"ez-toc-section\" id=\"Visita_Berna_paseando_por_el_Aare\"><\/span>Visita Berna paseando por el Aare<span class=\"ez-toc-section-end\"><\/span><\/h3>\n<p>A los amantes de la naturaleza y el senderismo, \u00a1esto es para vosotros! T\u00f3mate tu tiempo para descubrir los si kil\u00f3metros de paseos junto a los \u00e1rboles, a lo largo del agua y d\u00e9jate llevar. \u00a1Disfrutamos mucho de los diferentes miradores!<\/p>\n<img decoding=\"async\" class=\"alignnone size-full wp-image-18592\" src=\"https:\/\/decouvrirensemble.com\/wp-content\/uploads\/2022\/10\/balade-long-aar.jpg\" alt=\"paseo por el aar\" width=\"1800\" height=\"1200\" srcset=\"https:\/\/decouvrirensemble.com\/wp-content\/uploads\/2022\/10\/balade-long-aar.jpg 1800w, https:\/\/decouvrirensemble.com\/wp-content\/uploads\/2022\/10\/balade-long-aar-300x200.jpg 300w, https:\/\/decouvrirensemble.com\/wp-content\/uploads\/2022\/10\/balade-long-aar-1024x683.jpg 1024w, https:\/\/decouvrirensemble.com\/wp-content\/uploads\/2022\/10\/balade-long-aar-768x512.jpg 768w, https:\/\/decouvrirensemble.com\/wp-content\/uploads\/2022\/10\/balade-long-aar-1536x1024.jpg 1536w\" sizes=\"(max-width: 1800px) 100vw, 1800px\" \/>\n<img decoding=\"async\" class=\"alignnone size-full wp-image-18591\" src=\"https:\/\/decouvrirensemble.com\/wp-content\/uploads\/2022\/10\/balade-le-long-de-l-aar.jpg\" alt=\"paseo por el aar\" width=\"1800\" height=\"1200\" srcset=\"https:\/\/decouvrirensemble.com\/wp-content\/uploads\/2022\/10\/balade-le-long-de-l-aar.jpg 1800w, https:\/\/decouvrirensemble.com\/wp-content\/uploads\/2022\/10\/balade-le-long-de-l-aar-300x200.jpg 300w, https:\/\/decouvrirensemble.com\/wp-content\/uploads\/2022\/10\/balade-le-long-de-l-aar-1024x683.jpg 1024w, https:\/\/decouvrirensemble.com\/wp-content\/uploads\/2022\/10\/balade-le-long-de-l-aar-768x512.jpg 768w, https:\/\/decouvrirensemble.com\/wp-content\/uploads\/2022\/10\/balade-le-long-de-l-aar-1536x1024.jpg 1536w\" sizes=\"(max-width: 1800px) 100vw, 1800px\" \/>\n<h3><span class=\"ez-toc-section\" id=\"Vea_Berna_desde_arriba_en_el_Rosengarten_o_Jardin_de_las_Rosas\"><\/span>Vea Berna desde arriba en el Rosengarten, o Jard\u00edn de las Rosas<span class=\"ez-toc-section-end\"><\/span><\/h3>\n<p>\u00a1Nuestro lugar favorito durante nuestra estancia en Berna! El Rosengarten ofrece una vista impresionante de la ciudad de Berna. Cruza el puente y descubre este enorme jard\u00edn y sus numerosas variedades de rosas y flores de todo tipo. Aprovechamos para comer en el restaurante Rosengarten, \u00a1del que te hablaremos un poco m\u00e1s abajo en el art\u00edculo!<\/p>\n<img decoding=\"async\" class=\"alignnone size-full wp-image-18587\" src=\"https:\/\/decouvrirensemble.com\/wp-content\/uploads\/2022\/10\/Rosengarten-Berne.jpg\" alt=\"Rosengarten Bern\" width=\"1800\" height=\"1200\" srcset=\"https:\/\/decouvrirensemble.com\/wp-content\/uploads\/2022\/10\/Rosengarten-Berne.jpg 1800w, https:\/\/decouvrirensemble.com\/wp-content\/uploads\/2022\/10\/Rosengarten-Berne-300x200.jpg 300w, https:\/\/decouvrirensemble.com\/wp-content\/uploads\/2022\/10\/Rosengarten-Berne-1024x683.jpg 1024w, https:\/\/decouvrirensemble.com\/wp-content\/uploads\/2022\/10\/Rosengarten-Berne-768x512.jpg 768w, https:\/\/decouvrirensemble.com\/wp-content\/uploads\/2022\/10\/Rosengarten-Berne-1536x1024.jpg 1536w\" sizes=\"(max-width: 1800px) 100vw, 1800px\" \/>\n<img decoding=\"async\" class=\"alignnone size-full wp-image-18588\" src=\"https:\/\/decouvrirensemble.com\/wp-content\/uploads\/2022\/10\/Restaurant-Rosengarten-Berne.jpg\" alt=\"Restaurante Rosengarten Bern\" width=\"1800\" height=\"1200\" srcset=\"https:\/\/decouvrirensemble.com\/wp-content\/uploads\/2022\/10\/Restaurant-Rosengarten-Berne.jpg 1800w, https:\/\/decouvrirensemble.com\/wp-content\/uploads\/2022\/10\/Restaurant-Rosengarten-Berne-300x200.jpg 300w, https:\/\/decouvrirensemble.com\/wp-content\/uploads\/2022\/10\/Restaurant-Rosengarten-Berne-1024x683.jpg 1024w, https:\/\/decouvrirensemble.com\/wp-content\/uploads\/2022\/10\/Restaurant-Rosengarten-Berne-768x512.jpg 768w, https:\/\/decouvrirensemble.com\/wp-content\/uploads\/2022\/10\/Restaurant-Rosengarten-Berne-1536x1024.jpg 1536w\" sizes=\"(max-width: 1800px) 100vw, 1800px\" \/>\n<h3><span class=\"ez-toc-section\" id=\"El_Zentrum_Paul-Klee\"><\/span>El Zentrum Paul-Klee<span class=\"ez-toc-section-end\"><\/span><\/h3>\n<p>El Zentrum Paul-Klee es un edificio ins\u00f3lito situado a quince minutos en autob\u00fas de la ciudad de Berna. Su arquitectura, obra de un arquitecto italiano, se integra perfectamente en el paisaje y hace que apetezca entrar para descubrir las obras expuestas. El Zentrum est\u00e1 dedicado a la vida de Klee, y ha sabido mantenerse al d\u00eda con una gran cantidad de exposiciones temporales, una zona interactiva para ni\u00f1os y numerosos eventos. Si te gusta el arte y la arquitectura, \u00a1merece la pena conocer este lugar!<\/p>\n<img decoding=\"async\" class=\"alignnone size-full wp-image-18586\" src=\"https:\/\/decouvrirensemble.com\/wp-content\/uploads\/2022\/10\/Paul-Klee-Berne.jpg\" alt=\"Paul Klee\" width=\"1800\" height=\"1200\" srcset=\"https:\/\/decouvrirensemble.com\/wp-content\/uploads\/2022\/10\/Paul-Klee-Berne.jpg 1800w, https:\/\/decouvrirensemble.com\/wp-content\/uploads\/2022\/10\/Paul-Klee-Berne-300x200.jpg 300w, https:\/\/decouvrirensemble.com\/wp-content\/uploads\/2022\/10\/Paul-Klee-Berne-1024x683.jpg 1024w, https:\/\/decouvrirensemble.com\/wp-content\/uploads\/2022\/10\/Paul-Klee-Berne-768x512.jpg 768w, https:\/\/decouvrirensemble.com\/wp-content\/uploads\/2022\/10\/Paul-Klee-Berne-1536x1024.jpg 1536w\" sizes=\"(max-width: 1800px) 100vw, 1800px\" \/>\n<h2 id=\"comer\"><span class=\"ez-toc-section\" id=\"Visitando_Berna_%C2%BFdonde_comer\"><\/span>Visitando Berna, \u00bfd\u00f3nde comer?<span class=\"ez-toc-section-end\"><\/span><\/h2>\n<h3><span class=\"ez-toc-section\" id=\"Restaurante_Rosengarten_en_Berna\"><\/span>Restaurante Rosengarten en Berna<span class=\"ez-toc-section-end\"><\/span><\/h3>\n<p>Dir\u00edjase a la Rosaleda de Berna para comer en una direcci\u00f3n brillante, el <a href=\"https:\/\/maps.app.goo.gl\/fL7r5mxkmJukxmPz6\" target=\"_blank\" rel=\"noopener\">Restaurante Rosengarten<\/a>, que ofrece una cocina refinada en un lugar id\u00edlico con unas vistas de locura. \u00a1Recomendamos esta direcci\u00f3n con los ojos cerrados!<\/p>\n<img decoding=\"async\" class=\"alignnone size-full wp-image-18744\" src=\"https:\/\/decouvrirensemble.com\/wp-content\/uploads\/2022\/10\/Rosengarten-Bern-restaurant.jpg\" alt=\"Rosengarten\" width=\"1800\" height=\"1200\" srcset=\"https:\/\/decouvrirensemble.com\/wp-content\/uploads\/2022\/10\/Rosengarten-Bern-restaurant.jpg 1800w, https:\/\/decouvrirensemble.com\/wp-content\/uploads\/2022\/10\/Rosengarten-Bern-restaurant-300x200.jpg 300w, https:\/\/decouvrirensemble.com\/wp-content\/uploads\/2022\/10\/Rosengarten-Bern-restaurant-1024x683.jpg 1024w, https:\/\/decouvrirensemble.com\/wp-content\/uploads\/2022\/10\/Rosengarten-Bern-restaurant-768x512.jpg 768w, https:\/\/decouvrirensemble.com\/wp-content\/uploads\/2022\/10\/Rosengarten-Bern-restaurant-1536x1024.jpg 1536w\" sizes=\"(max-width: 1800px) 100vw, 1800px\" \/>\n<h3><span class=\"ez-toc-section\" id=\"Restaurante_Dampfzentrale\"><\/span>Restaurante Dampfzentrale<span class=\"ez-toc-section-end\"><\/span><\/h3>\n<p>En la ciudad baja de Berna, descubrimos este restaurante con una ambientaci\u00f3n muy agradable y platos elaborados. Lo pasamos muy bien en <a href=\"https:\/\/maps.app.goo.gl\/M3HG9GyjKzAAVt7E8\" target=\"_blank\" rel=\"noopener\">esta direcci\u00f3n<\/a> que recomendar\u00edamos, para una cena por ejemplo.<\/p>\n<img decoding=\"async\" class=\"alignnone size-full wp-image-18745\" src=\"https:\/\/decouvrirensemble.com\/wp-content\/uploads\/2022\/10\/Dampfzentrale-Bern-restaurant.jpg\" alt=\"Dampfzentrale\" width=\"1800\" height=\"1200\" srcset=\"https:\/\/decouvrirensemble.com\/wp-content\/uploads\/2022\/10\/Dampfzentrale-Bern-restaurant.jpg 1800w, https:\/\/decouvrirensemble.com\/wp-content\/uploads\/2022\/10\/Dampfzentrale-Bern-restaurant-300x200.jpg 300w, https:\/\/decouvrirensemble.com\/wp-content\/uploads\/2022\/10\/Dampfzentrale-Bern-restaurant-1024x683.jpg 1024w, https:\/\/decouvrirensemble.com\/wp-content\/uploads\/2022\/10\/Dampfzentrale-Bern-restaurant-768x512.jpg 768w, https:\/\/decouvrirensemble.com\/wp-content\/uploads\/2022\/10\/Dampfzentrale-Bern-restaurant-1536x1024.jpg 1536w\" sizes=\"(max-width: 1800px) 100vw, 1800px\" \/>\n<h2><span class=\"ez-toc-section\" id=\"Aprovecha_tu_tiempo_en_Berna_para_descubrir_el_Jura_bernes\"><\/span>Aprovecha tu tiempo en Berna para descubrir el Jura bern\u00e9s<span class=\"ez-toc-section-end\"><\/span><\/h2>\n<p>Y si te tomas unos d\u00edas extra para descubrir la regi\u00f3n del Jura bern\u00e9s, situada a tan solo 1h30 de Berna? Un soplo de aire fresco est\u00e1 garantizado, con un programa que incluye excursiones por la campi\u00f1a suiza, una fondue en una granja y una visita a una f\u00e1brica local de chocolate (\u00a1y, por supuesto, una degustaci\u00f3n para los m\u00e1s golosos!). Lea nuestro art\u00edculo sobre el Jura bern\u00e9s para saber m\u00e1s sobre esta encantadora regi\u00f3n.<\/p>\n<img decoding=\"async\" class=\"alignnone size-full wp-image-18584\" src=\"https:\/\/decouvrirensemble.com\/wp-content\/uploads\/2022\/10\/jura-bernois-berne.jpg\" alt=\"Jura de Berna\" width=\"1800\" height=\"1200\" srcset=\"https:\/\/decouvrirensemble.com\/wp-content\/uploads\/2022\/10\/jura-bernois-berne.jpg 1800w, https:\/\/decouvrirensemble.com\/wp-content\/uploads\/2022\/10\/jura-bernois-berne-300x200.jpg 300w, https:\/\/decouvrirensemble.com\/wp-content\/uploads\/2022\/10\/jura-bernois-berne-1024x683.jpg 1024w, https:\/\/decouvrirensemble.com\/wp-content\/uploads\/2022\/10\/jura-bernois-berne-768x512.jpg 768w, https:\/\/decouvrirensemble.com\/wp-content\/uploads\/2022\/10\/jura-bernois-berne-1536x1024.jpg 1536w\" sizes=\"(max-width: 1800px) 100vw, 1800px\" \/>\n<h2 id=\"organizar\"><span class=\"ez-toc-section\" id=\"Visitar_Berna_como_organizar_bien_tu_viaje\"><\/span>Visitar Berna, c\u00f3mo organizar bien tu viaje<span class=\"ez-toc-section-end\"><\/span><\/h2>\n<h3><span class=\"ez-toc-section\" id=\"Como_llegar_a_Berna\"><\/span>C\u00f3mo llegar a Berna<span class=\"ez-toc-section-end\"><\/span><\/h3>\n<p>Para encontrar el mejor medio de transporte para visitar Berna, le aconsejamos que busque siempre en el comparador OMIO. As\u00ed tendr\u00e1s una visi\u00f3n general de todos los medios de transporte disponibles. Podr\u00e1s comparar precios muy f\u00e1cilmente.<\/p>\n    <div class=\"niceButton\"><a href=\"https:\/\/www.omio.es\/?cjdata=MXxZfDB8WXww&#038;utm_source=affiliate_CJ&#038;utm_medium=cpc&#038;utm_term=100603082_13394886&#038;cjevent=57b2e051053c11ef80e9d3480a18ba72&#038;CID=1550979&#038;TYPE=426669&#038;utm_campaign=affiliate_PRSP_FR_WEB_S_General_CPO\" target=\"_blank\" class=\"emojiLink\">\n                    <span class=\"emojiLink__emoji\">\ud83d\ude80<\/span>\n                <span class=\"emojiLink__title title title--big\">M\u00e1s informaci\u00f3n<\/span>\n    <\/a><\/div>\n\n    \n<h3><span class=\"ez-toc-section\" id=\"Como_alquilar_un_coche_al_mejor_precio\"><\/span>C\u00f3mo alquilar un coche al mejor precio<span class=\"ez-toc-section-end\"><\/span><\/h3>\n<p>Si quieres alquilar un coche en tu viaje para explorar los alrededores, te recomendamos que busques en la web de RentalCars. Te ayudar\u00e1 a encontrar los mejores precios y condiciones para tu alquiler.<\/p>\n    <div class=\"niceButton\"><a href=\"https:\/\/www.rentalcars.com\/es\/?adplat=100603082&#038;adcamp=&#038;adco=13881394&#038;affiliateCode=cjemea&#038;click_id=1bf2b216b08611ed804090d20a18b8fa\" target=\"_blank\" class=\"emojiLink\">\n                    <span class=\"emojiLink__emoji\">\ud83d\ude97<\/span>\n                <span class=\"emojiLink__title title title--big\">M\u00e1s informaci\u00f3n<\/span>\n    <\/a><\/div>\n\n    \n<h3><span class=\"ez-toc-section\" id=\"%C2%BFComo_encontrar_los_mejores_hoteles_en_Berna\"><\/span>\u00bfC\u00f3mo encontrar los mejores hoteles en Berna?<span class=\"ez-toc-section-end\"><\/span><\/h3>\n<p>Para encontrar los mejores hoteles y beneficiarnos de las mejores condiciones (seguridad, cancelaci\u00f3n&#8230;) utilizamos casi exclusivamente Booking.com para nuestros viajes. Te recomendamos que eches un vistazo a los hoteles disponibles antes de salir. Puedes filtrarlos seg\u00fan sus valoraciones. Hay un mont\u00f3n de opiniones recientes de clientes, \u00a1lo que significa que no te llevar\u00e1s sorpresas desagradables cuando est\u00e9s de viaje!<\/p>\n    <div class=\"niceButton\"><a href=\"https:\/\/www.booking.com\/index.html?aid=1286053\" target=\"_blank\" class=\"emojiLink\">\n                    <span class=\"emojiLink__emoji\">\ud83d\ude34<\/span>\n                <span class=\"emojiLink__title title title--big\">M\u00e1s informaci\u00f3n<\/span>\n    <\/a><\/div>\n\n    \n<h2><span class=\"ez-toc-section\" id=\"Visitar_Berna_en_Suiza_nuestra_opinion\"><\/span>Visitar Berna en Suiza, nuestra opini\u00f3n<span class=\"ez-toc-section-end\"><\/span><\/h2>\n<p>Nos gust\u00f3 mucho descubrir la ciudad de Berna. La ciudad es muy encantadora, ofrece una gran variedad de tiendas, restaurantes y actividades. Puedes pasar f\u00e1cilmente un fin de semana entero en ella y caer\u00e1s rendido a sus encantos, como nos pas\u00f3 a nosotros. Nos encantar\u00eda volver a descubrirla en primavera, por ejemplo, \u00a1bajo una hermosa luz! La ciudad debe ser igual de encantadora en Navidad. Los lugare\u00f1os son muy agradables y acogedores, y lo pasamos muy bien en Berna.<\/p>\n<img decoding=\"async\" class=\"alignnone size-full wp-image-18585\" src=\"https:\/\/decouvrirensemble.com\/wp-content\/uploads\/2022\/10\/que-faire-berne.jpg\" alt=\"Qu\u00e9 hacer en Berna\" width=\"1800\" height=\"1200\" srcset=\"https:\/\/decouvrirensemble.com\/wp-content\/uploads\/2022\/10\/que-faire-berne.jpg 1800w, https:\/\/decouvrirensemble.com\/wp-content\/uploads\/2022\/10\/que-faire-berne-300x200.jpg 300w, https:\/\/decouvrirensemble.com\/wp-content\/uploads\/2022\/10\/que-faire-berne-1024x683.jpg 1024w, https:\/\/decouvrirensemble.com\/wp-content\/uploads\/2022\/10\/que-faire-berne-768x512.jpg 768w, https:\/\/decouvrirensemble.com\/wp-content\/uploads\/2022\/10\/que-faire-berne-1536x1024.jpg 1536w\" sizes=\"(max-width: 1800px) 100vw, 1800px\" \/>\n<p>[partenariat]<\/p>\n<p>[gracias]<\/p>\n\n\n<div class=\"kk-star-ratings kksr-auto kksr-align-left kksr-valign-bottom\"\n    data-payload='{&quot;align&quot;:&quot;left&quot;,&quot;id&quot;:&quot;53012&quot;,&quot;slug&quot;:&quot;default&quot;,&quot;valign&quot;:&quot;bottom&quot;,&quot;ignore&quot;:&quot;&quot;,&quot;reference&quot;:&quot;auto&quot;,&quot;class&quot;:&quot;&quot;,&quot;count&quot;:&quot;1&quot;,&quot;legendonly&quot;:&quot;&quot;,&quot;readonly&quot;:&quot;&quot;,&quot;score&quot;:&quot;5&quot;,&quot;starsonly&quot;:&quot;&quot;,&quot;best&quot;:&quot;5&quot;,&quot;gap&quot;:&quot;4&quot;,&quot;greet&quot;:&quot;Sea el primero en valorar esta entrada de blog.&quot;,&quot;legend&quot;:&quot;5\\\/5 - (1 voto)&quot;,&quot;size&quot;:&quot;21&quot;,&quot;title&quot;:&quot;\u00bfQu\u00e9 ver en Berna, Suiza? Los mejores lugares&quot;,&quot;width&quot;:&quot;123&quot;,&quot;_legend&quot;:&quot;{score}\\\/{best} - ({count} {votes})&quot;,&quot;font_factor&quot;:&quot;1.25&quot;}'>\n            \n<div class=\"kksr-stars\">\n    \n<div class=\"kksr-stars-inactive\">\n            <div class=\"kksr-star\" data-star=\"1\" style=\"padding-right: 4px\">\n            \n\n<div class=\"kksr-icon\" style=\"width: 21px; height: 21px;\"><\/div>\n        <\/div>\n            <div class=\"kksr-star\" data-star=\"2\" style=\"padding-right: 4px\">\n            \n\n<div class=\"kksr-icon\" style=\"width: 21px; height: 21px;\"><\/div>\n        <\/div>\n            <div class=\"kksr-star\" data-star=\"3\" style=\"padding-right: 4px\">\n            \n\n<div class=\"kksr-icon\" style=\"width: 21px; height: 21px;\"><\/div>\n        <\/div>\n            <div class=\"kksr-star\" data-star=\"4\" style=\"padding-right: 4px\">\n            \n\n<div class=\"kksr-icon\" style=\"width: 21px; height: 21px;\"><\/div>\n        <\/div>\n            <div class=\"kksr-star\" data-star=\"5\" style=\"padding-right: 4px\">\n            \n\n<div class=\"kksr-icon\" style=\"width: 21px; height: 21px;\"><\/div>\n        <\/div>\n    <\/div>\n    \n<div class=\"kksr-stars-active\" style=\"width: 123px;\">\n            <div class=\"kksr-star\" style=\"padding-right: 4px\">\n            \n\n<div class=\"kksr-icon\" style=\"width: 21px; height: 21px;\"><\/div>\n        <\/div>\n            <div class=\"kksr-star\" style=\"padding-right: 4px\">\n            \n\n<div class=\"kksr-icon\" style=\"width: 21px; height: 21px;\"><\/div>\n        <\/div>\n            <div class=\"kksr-star\" style=\"padding-right: 4px\">\n            \n\n<div class=\"kksr-icon\" style=\"width: 21px; height: 21px;\"><\/div>\n        <\/div>\n            <div class=\"kksr-star\" style=\"padding-right: 4px\">\n            \n\n<div class=\"kksr-icon\" style=\"width: 21px; height: 21px;\"><\/div>\n        <\/div>\n            <div class=\"kksr-star\" style=\"padding-right: 4px\">\n            \n\n<div class=\"kksr-icon\" style=\"width: 21px; height: 21px;\"><\/div>\n        <\/div>\n    <\/div>\n<\/div>\n                \n\n<div class=\"kksr-legend\" style=\"font-size: 16.8px;\">\n            5\/5 - (1 voto)    <\/div>\n    <\/div>\n","protected":false},"excerpt":{"rendered":"<p>A finales de septiembre tuvimos la oportunidad de visitar Berna y el Jura bern\u00e9s. Este viaje a Suiza nos vino muy bien.<\/p>\n","protected":false},"author":1,"featured_media":47608,"comment_status":"open","ping_status":"closed","sticky":false,"template":"","format":"standard","meta":{"_acf_changed":false,"_lmt_disableupdate":"no","_lmt_disable":"no","footnotes":""},"categories":[462,511],"tags":[],"class_list":["post-53012","post","type-post","status-publish","format-standard","has-post-thumbnail","hentry","category-guias-de-viajes","category-suiza"],"acf":[],"yoast_head":"<!-- This site is optimized with the Yoast SEO plugin v27.4 - https:\/\/yoast.com\/product\/yoast-seo-wordpress\/ -->\n<title>\u00bfQu\u00e9 ver en Berna, Suiza? Los mejores lugares - blog de viajes<\/title>\n<meta name=\"description\" content=\"\u00bfBusca algo que ver en Berna, Suiza? Descubra nuestros imprescindibles y buenas direcciones en nuestro blog de viajes.\" \/>\n<meta name=\"robots\" content=\"index, follow, max-snippet:-1, max-image-preview:large, max-video-preview:-1\" \/>\n<link rel=\"canonical\" href=\"https:\/\/decouvrirensemble.com\/es\/que-ver-en-berna-suiza\" \/>\n<meta property=\"og:locale\" content=\"es_ES\" \/>\n<meta property=\"og:type\" content=\"article\" \/>\n<meta property=\"og:title\" content=\"\u00bfQu\u00e9 ver en Berna, Suiza? Los mejores lugares - blog de viajes\" \/>\n<meta property=\"og:description\" content=\"\u00bfBusca algo que ver en Berna, Suiza? Descubra nuestros imprescindibles y buenas direcciones en nuestro blog de viajes.\" \/>\n<meta property=\"og:url\" content=\"https:\/\/decouvrirensemble.com\/es\/que-ver-en-berna-suiza\" \/>\n<meta property=\"og:site_name\" content=\"Blog Voyage - D\u00e9couvrir Ensemble\" \/>\n<meta property=\"article:published_time\" content=\"2022-10-25T12:21:07+00:00\" \/>\n<meta property=\"article:modified_time\" content=\"2026-04-13T13:05:23+00:00\" \/>\n<meta property=\"og:image\" content=\"https:\/\/decouvrirensemble.com\/wp-content\/uploads\/2022\/10\/Visiter-Berne-que-faire-blog-voyage.jpg\" \/>\n\t<meta property=\"og:image:width\" content=\"1800\" \/>\n\t<meta property=\"og:image:height\" content=\"1350\" \/>\n\t<meta property=\"og:image:type\" content=\"image\/jpeg\" \/>\n<meta name=\"author\" content=\"Cl\u00e9mence &amp; Alexandre\" \/>\n<meta name=\"twitter:card\" content=\"summary_large_image\" \/>\n<meta name=\"twitter:creator\" content=\"@dcouvrirensmble\" \/>\n<meta name=\"twitter:site\" content=\"@dcouvrirensmble\" \/>\n<meta name=\"twitter:label1\" content=\"Escrito por\" \/>\n\t<meta name=\"twitter:data1\" content=\"Cl\u00e9mence &amp; Alexandre\" \/>\n\t<meta name=\"twitter:label2\" content=\"Tiempo de lectura\" \/>\n\t<meta name=\"twitter:data2\" content=\"11 minutos\" \/>\n<script type=\"application\/ld+json\" class=\"yoast-schema-graph\">{\"@context\":\"https:\\\/\\\/schema.org\",\"@graph\":[{\"@type\":\"Article\",\"@id\":\"https:\\\/\\\/decouvrirensemble.com\\\/es\\\/que-ver-en-berna-suiza#article\",\"isPartOf\":{\"@id\":\"https:\\\/\\\/decouvrirensemble.com\\\/es\\\/que-ver-en-berna-suiza\"},\"author\":{\"name\":\"Cl\u00e9mence &amp; Alexandre\",\"@id\":\"https:\\\/\\\/decouvrirensemble.com\\\/es#\\\/schema\\\/person\\\/a53efd44d02eb7f9ab90f96e84a9d2ba\"},\"headline\":\"\u00bfQu\u00e9 ver en Berna, Suiza? Los mejores lugares\",\"datePublished\":\"2022-10-25T12:21:07+00:00\",\"dateModified\":\"2026-04-13T13:05:23+00:00\",\"mainEntityOfPage\":{\"@id\":\"https:\\\/\\\/decouvrirensemble.com\\\/es\\\/que-ver-en-berna-suiza\"},\"wordCount\":1706,\"commentCount\":0,\"publisher\":{\"@id\":\"https:\\\/\\\/decouvrirensemble.com\\\/es#\\\/schema\\\/person\\\/a53efd44d02eb7f9ab90f96e84a9d2ba\"},\"image\":{\"@id\":\"https:\\\/\\\/decouvrirensemble.com\\\/es\\\/que-ver-en-berna-suiza#primaryimage\"},\"thumbnailUrl\":\"https:\\\/\\\/decouvrirensemble.com\\\/wp-content\\\/uploads\\\/2022\\\/10\\\/Visiter-Berne-que-faire-blog-voyage.jpg\",\"articleSection\":[\"Gu\u00edas de viajes\",\"Suiza\"],\"inLanguage\":\"es\",\"potentialAction\":[{\"@type\":\"CommentAction\",\"name\":\"Comment\",\"target\":[\"https:\\\/\\\/decouvrirensemble.com\\\/es\\\/que-ver-en-berna-suiza#respond\"]}]},{\"@type\":\"WebPage\",\"@id\":\"https:\\\/\\\/decouvrirensemble.com\\\/es\\\/que-ver-en-berna-suiza\",\"url\":\"https:\\\/\\\/decouvrirensemble.com\\\/es\\\/que-ver-en-berna-suiza\",\"name\":\"\u00bfQu\u00e9 ver en Berna, Suiza? Los mejores lugares - blog de viajes\",\"isPartOf\":{\"@id\":\"https:\\\/\\\/decouvrirensemble.com\\\/es#website\"},\"primaryImageOfPage\":{\"@id\":\"https:\\\/\\\/decouvrirensemble.com\\\/es\\\/que-ver-en-berna-suiza#primaryimage\"},\"image\":{\"@id\":\"https:\\\/\\\/decouvrirensemble.com\\\/es\\\/que-ver-en-berna-suiza#primaryimage\"},\"thumbnailUrl\":\"https:\\\/\\\/decouvrirensemble.com\\\/wp-content\\\/uploads\\\/2022\\\/10\\\/Visiter-Berne-que-faire-blog-voyage.jpg\",\"datePublished\":\"2022-10-25T12:21:07+00:00\",\"dateModified\":\"2026-04-13T13:05:23+00:00\",\"description\":\"\u00bfBusca algo que ver en Berna, Suiza? Descubra nuestros imprescindibles y buenas direcciones en nuestro blog de viajes.\",\"breadcrumb\":{\"@id\":\"https:\\\/\\\/decouvrirensemble.com\\\/es\\\/que-ver-en-berna-suiza#breadcrumb\"},\"inLanguage\":\"es\",\"potentialAction\":[{\"@type\":\"ReadAction\",\"target\":[\"https:\\\/\\\/decouvrirensemble.com\\\/es\\\/que-ver-en-berna-suiza\"]}]},{\"@type\":\"ImageObject\",\"inLanguage\":\"es\",\"@id\":\"https:\\\/\\\/decouvrirensemble.com\\\/es\\\/que-ver-en-berna-suiza#primaryimage\",\"url\":\"https:\\\/\\\/decouvrirensemble.com\\\/wp-content\\\/uploads\\\/2022\\\/10\\\/Visiter-Berne-que-faire-blog-voyage.jpg\",\"contentUrl\":\"https:\\\/\\\/decouvrirensemble.com\\\/wp-content\\\/uploads\\\/2022\\\/10\\\/Visiter-Berne-que-faire-blog-voyage.jpg\",\"width\":1800,\"height\":1350,\"caption\":\"Visiter Berne\"},{\"@type\":\"BreadcrumbList\",\"@id\":\"https:\\\/\\\/decouvrirensemble.com\\\/es\\\/que-ver-en-berna-suiza#breadcrumb\",\"itemListElement\":[{\"@type\":\"ListItem\",\"position\":1,\"name\":\"Accueil\",\"item\":\"https:\\\/\\\/decouvrirensemble.com\\\/es\"},{\"@type\":\"ListItem\",\"position\":2,\"name\":\"Destinos\",\"item\":\"https:\\\/\\\/decouvrirensemble.com\\\/es\\\/destinos\"},{\"@type\":\"ListItem\",\"position\":3,\"name\":\"Suiza\",\"item\":\"https:\\\/\\\/decouvrirensemble.com\\\/es\\\/destinos\\\/suiza\"},{\"@type\":\"ListItem\",\"position\":4,\"name\":\"\u00bfQu\u00e9 ver en Berna, Suiza? Los mejores lugares\"}]},{\"@type\":\"WebSite\",\"@id\":\"https:\\\/\\\/decouvrirensemble.com\\\/es#website\",\"url\":\"https:\\\/\\\/decouvrirensemble.com\\\/es\",\"name\":\"Blog Voyage - D\u00e9couvrir Ensemble\",\"description\":\"Le Blog Voyage de Clem et Alex\",\"publisher\":{\"@id\":\"https:\\\/\\\/decouvrirensemble.com\\\/es#\\\/schema\\\/person\\\/a53efd44d02eb7f9ab90f96e84a9d2ba\"},\"potentialAction\":[{\"@type\":\"SearchAction\",\"target\":{\"@type\":\"EntryPoint\",\"urlTemplate\":\"https:\\\/\\\/decouvrirensemble.com\\\/es?s={search_term_string}\"},\"query-input\":{\"@type\":\"PropertyValueSpecification\",\"valueRequired\":true,\"valueName\":\"search_term_string\"}}],\"inLanguage\":\"es\"},{\"@type\":[\"Person\",\"Organization\"],\"@id\":\"https:\\\/\\\/decouvrirensemble.com\\\/es#\\\/schema\\\/person\\\/a53efd44d02eb7f9ab90f96e84a9d2ba\",\"name\":\"Cl\u00e9mence &amp; Alexandre\",\"image\":{\"@type\":\"ImageObject\",\"inLanguage\":\"es\",\"@id\":\"https:\\\/\\\/decouvrirensemble.com\\\/wp-content\\\/uploads\\\/2024\\\/04\\\/logo-decouvrir-ensemble-blog-voyage.jpg\",\"url\":\"https:\\\/\\\/decouvrirensemble.com\\\/wp-content\\\/uploads\\\/2024\\\/04\\\/logo-decouvrir-ensemble-blog-voyage.jpg\",\"contentUrl\":\"https:\\\/\\\/decouvrirensemble.com\\\/wp-content\\\/uploads\\\/2024\\\/04\\\/logo-decouvrir-ensemble-blog-voyage.jpg\",\"width\":1563,\"height\":529,\"caption\":\"Cl\u00e9mence &amp; Alexandre\"},\"logo\":{\"@id\":\"https:\\\/\\\/decouvrirensemble.com\\\/wp-content\\\/uploads\\\/2024\\\/04\\\/logo-decouvrir-ensemble-blog-voyage.jpg\"},\"sameAs\":[\"https:\\\/\\\/decouvrirensemble.com\\\/\"]}]}<\/script>\n<!-- \/ Yoast SEO plugin. -->","yoast_head_json":{"title":"\u00bfQu\u00e9 ver en Berna, Suiza? Los mejores lugares - blog de viajes","description":"\u00bfBusca algo que ver en Berna, Suiza? Descubra nuestros imprescindibles y buenas direcciones en nuestro blog de viajes.","robots":{"index":"index","follow":"follow","max-snippet":"max-snippet:-1","max-image-preview":"max-image-preview:large","max-video-preview":"max-video-preview:-1"},"canonical":"https:\/\/decouvrirensemble.com\/es\/que-ver-en-berna-suiza","og_locale":"es_ES","og_type":"article","og_title":"\u00bfQu\u00e9 ver en Berna, Suiza? Los mejores lugares - blog de viajes","og_description":"\u00bfBusca algo que ver en Berna, Suiza? Descubra nuestros imprescindibles y buenas direcciones en nuestro blog de viajes.","og_url":"https:\/\/decouvrirensemble.com\/es\/que-ver-en-berna-suiza","og_site_name":"Blog Voyage - D\u00e9couvrir Ensemble","article_published_time":"2022-10-25T12:21:07+00:00","article_modified_time":"2026-04-13T13:05:23+00:00","og_image":[{"width":1800,"height":1350,"url":"https:\/\/decouvrirensemble.com\/wp-content\/uploads\/2022\/10\/Visiter-Berne-que-faire-blog-voyage.jpg","type":"image\/jpeg"}],"author":"Cl\u00e9mence &amp; Alexandre","twitter_card":"summary_large_image","twitter_creator":"@dcouvrirensmble","twitter_site":"@dcouvrirensmble","twitter_misc":{"Escrito por":"Cl\u00e9mence &amp; Alexandre","Tiempo de lectura":"11 minutos"},"schema":{"@context":"https:\/\/schema.org","@graph":[{"@type":"Article","@id":"https:\/\/decouvrirensemble.com\/es\/que-ver-en-berna-suiza#article","isPartOf":{"@id":"https:\/\/decouvrirensemble.com\/es\/que-ver-en-berna-suiza"},"author":{"name":"Cl\u00e9mence &amp; Alexandre","@id":"https:\/\/decouvrirensemble.com\/es#\/schema\/person\/a53efd44d02eb7f9ab90f96e84a9d2ba"},"headline":"\u00bfQu\u00e9 ver en Berna, Suiza? Los mejores lugares","datePublished":"2022-10-25T12:21:07+00:00","dateModified":"2026-04-13T13:05:23+00:00","mainEntityOfPage":{"@id":"https:\/\/decouvrirensemble.com\/es\/que-ver-en-berna-suiza"},"wordCount":1706,"commentCount":0,"publisher":{"@id":"https:\/\/decouvrirensemble.com\/es#\/schema\/person\/a53efd44d02eb7f9ab90f96e84a9d2ba"},"image":{"@id":"https:\/\/decouvrirensemble.com\/es\/que-ver-en-berna-suiza#primaryimage"},"thumbnailUrl":"https:\/\/decouvrirensemble.com\/wp-content\/uploads\/2022\/10\/Visiter-Berne-que-faire-blog-voyage.jpg","articleSection":["Gu\u00edas de viajes","Suiza"],"inLanguage":"es","potentialAction":[{"@type":"CommentAction","name":"Comment","target":["https:\/\/decouvrirensemble.com\/es\/que-ver-en-berna-suiza#respond"]}]},{"@type":"WebPage","@id":"https:\/\/decouvrirensemble.com\/es\/que-ver-en-berna-suiza","url":"https:\/\/decouvrirensemble.com\/es\/que-ver-en-berna-suiza","name":"\u00bfQu\u00e9 ver en Berna, Suiza? Los mejores lugares - blog de viajes","isPartOf":{"@id":"https:\/\/decouvrirensemble.com\/es#website"},"primaryImageOfPage":{"@id":"https:\/\/decouvrirensemble.com\/es\/que-ver-en-berna-suiza#primaryimage"},"image":{"@id":"https:\/\/decouvrirensemble.com\/es\/que-ver-en-berna-suiza#primaryimage"},"thumbnailUrl":"https:\/\/decouvrirensemble.com\/wp-content\/uploads\/2022\/10\/Visiter-Berne-que-faire-blog-voyage.jpg","datePublished":"2022-10-25T12:21:07+00:00","dateModified":"2026-04-13T13:05:23+00:00","description":"\u00bfBusca algo que ver en Berna, Suiza? Descubra nuestros imprescindibles y buenas direcciones en nuestro blog de viajes.","breadcrumb":{"@id":"https:\/\/decouvrirensemble.com\/es\/que-ver-en-berna-suiza#breadcrumb"},"inLanguage":"es","potentialAction":[{"@type":"ReadAction","target":["https:\/\/decouvrirensemble.com\/es\/que-ver-en-berna-suiza"]}]},{"@type":"ImageObject","inLanguage":"es","@id":"https:\/\/decouvrirensemble.com\/es\/que-ver-en-berna-suiza#primaryimage","url":"https:\/\/decouvrirensemble.com\/wp-content\/uploads\/2022\/10\/Visiter-Berne-que-faire-blog-voyage.jpg","contentUrl":"https:\/\/decouvrirensemble.com\/wp-content\/uploads\/2022\/10\/Visiter-Berne-que-faire-blog-voyage.jpg","width":1800,"height":1350,"caption":"Visiter Berne"},{"@type":"BreadcrumbList","@id":"https:\/\/decouvrirensemble.com\/es\/que-ver-en-berna-suiza#breadcrumb","itemListElement":[{"@type":"ListItem","position":1,"name":"Accueil","item":"https:\/\/decouvrirensemble.com\/es"},{"@type":"ListItem","position":2,"name":"Destinos","item":"https:\/\/decouvrirensemble.com\/es\/destinos"},{"@type":"ListItem","position":3,"name":"Suiza","item":"https:\/\/decouvrirensemble.com\/es\/destinos\/suiza"},{"@type":"ListItem","position":4,"name":"\u00bfQu\u00e9 ver en Berna, Suiza? Los mejores lugares"}]},{"@type":"WebSite","@id":"https:\/\/decouvrirensemble.com\/es#website","url":"https:\/\/decouvrirensemble.com\/es","name":"Blog Voyage - D\u00e9couvrir Ensemble","description":"Le Blog Voyage de Clem et Alex","publisher":{"@id":"https:\/\/decouvrirensemble.com\/es#\/schema\/person\/a53efd44d02eb7f9ab90f96e84a9d2ba"},"potentialAction":[{"@type":"SearchAction","target":{"@type":"EntryPoint","urlTemplate":"https:\/\/decouvrirensemble.com\/es?s={search_term_string}"},"query-input":{"@type":"PropertyValueSpecification","valueRequired":true,"valueName":"search_term_string"}}],"inLanguage":"es"},{"@type":["Person","Organization"],"@id":"https:\/\/decouvrirensemble.com\/es#\/schema\/person\/a53efd44d02eb7f9ab90f96e84a9d2ba","name":"Cl\u00e9mence &amp; Alexandre","image":{"@type":"ImageObject","inLanguage":"es","@id":"https:\/\/decouvrirensemble.com\/wp-content\/uploads\/2024\/04\/logo-decouvrir-ensemble-blog-voyage.jpg","url":"https:\/\/decouvrirensemble.com\/wp-content\/uploads\/2024\/04\/logo-decouvrir-ensemble-blog-voyage.jpg","contentUrl":"https:\/\/decouvrirensemble.com\/wp-content\/uploads\/2024\/04\/logo-decouvrir-ensemble-blog-voyage.jpg","width":1563,"height":529,"caption":"Cl\u00e9mence &amp; Alexandre"},"logo":{"@id":"https:\/\/decouvrirensemble.com\/wp-content\/uploads\/2024\/04\/logo-decouvrir-ensemble-blog-voyage.jpg"},"sameAs":["https:\/\/decouvrirensemble.com\/"]}]}},"modified_by":"Cl\u00e9mence &amp; Alexandre","_links":{"self":[{"href":"https:\/\/decouvrirensemble.com\/es\/wp-json\/wp\/v2\/posts\/53012","targetHints":{"allow":["GET"]}}],"collection":[{"href":"https:\/\/decouvrirensemble.com\/es\/wp-json\/wp\/v2\/posts"}],"about":[{"href":"https:\/\/decouvrirensemble.com\/es\/wp-json\/wp\/v2\/types\/post"}],"author":[{"embeddable":true,"href":"https:\/\/decouvrirensemble.com\/es\/wp-json\/wp\/v2\/users\/1"}],"replies":[{"embeddable":true,"href":"https:\/\/decouvrirensemble.com\/es\/wp-json\/wp\/v2\/comments?post=53012"}],"version-history":[{"count":2,"href":"https:\/\/decouvrirensemble.com\/es\/wp-json\/wp\/v2\/posts\/53012\/revisions"}],"predecessor-version":[{"id":65695,"href":"https:\/\/decouvrirensemble.com\/es\/wp-json\/wp\/v2\/posts\/53012\/revisions\/65695"}],"wp:featuredmedia":[{"embeddable":true,"href":"https:\/\/decouvrirensemble.com\/es\/wp-json\/wp\/v2\/media\/47608"}],"wp:attachment":[{"href":"https:\/\/decouvrirensemble.com\/es\/wp-json\/wp\/v2\/media?parent=53012"}],"wp:term":[{"taxonomy":"category","embeddable":true,"href":"https:\/\/decouvrirensemble.com\/es\/wp-json\/wp\/v2\/categories?post=53012"},{"taxonomy":"post_tag","embeddable":true,"href":"https:\/\/decouvrirensemble.com\/es\/wp-json\/wp\/v2\/tags?post=53012"}],"curies":[{"name":"wp","href":"https:\/\/api.w.org\/{rel}","templated":true}]}}