{"id":53558,"date":"2022-08-14T18:50:27","date_gmt":"2022-08-14T16:50:27","guid":{"rendered":"https:\/\/decouvrirensemble.com\/durmitor-parc-national"},"modified":"2026-01-06T15:50:04","modified_gmt":"2026-01-06T14:50:04","slug":"durmitor-montenegro","status":"publish","type":"post","link":"https:\/\/decouvrirensemble.com\/es\/durmitor-montenegro","title":{"rendered":"Durmitor, visite el parque nacional de Montenegro"},"content":{"rendered":"<p>El norte del pa\u00eds est\u00e1 lleno de sorpresas, y descubrir\u00e1 paisajes monta\u00f1osos e impresionantes lagos&#8230; Para nosotros, es imposible <a href=\"https:\/\/decouvrirensemble.com\/es\/que-ver-en-montenegro\" target=\"_blank\" rel=\"noopener\">visitar Montenegro<\/a> sin pasar por Durmitor. Aseg\u00farate de ir equipado con botas de monta\u00f1a, ya que en esta regi\u00f3n te esperan magn\u00edficos paseos. En este art\u00edculo, te damos nuestros lugares imprescindibles de Durmitor, as\u00ed como nuestras buenas direcciones de hoteles y restaurantes de la regi\u00f3n. \u00a1Brindo por la aventura!<\/p>\n<h2 id=\"ver\"><span class=\"ez-toc-section\" id=\"Durmitor_los_imprescindibles_de_este_parque_nacional_montenegrino\"><\/span>Durmitor, los imprescindibles de este parque nacional montenegrino<span class=\"ez-toc-section-end\"><\/span><\/h2>\n<p>Nuestro primer consejo para visitar Durmitor es tomar la carretera P14. Durante estas pocas horas de carretera, el paisaje le sorprender\u00e1 y \u00a1probablemente querr\u00e1 parar con regularidad! La principal ciudad de la regi\u00f3n de Durmitor es Zabljak. Zabljak est\u00e1 muy cerca de Durmitor, as\u00ed que puede alojarse aqu\u00ed o simplemente ir de compras.<\/p>\n<p>Todos los parques nacionales cobran una entrada de 3 euros por persona. Por lo general, siempre hay aparcamientos cercanos, a veces de pago (3 euros por veh\u00edculo).<\/p>\n<img decoding=\"async\" class=\"alignnone size-full wp-image-18314\" src=\"https:\/\/decouvrirensemble.com\/wp-content\/uploads\/2022\/08\/parc-national-du-durmitor-montenegro.jpg\" alt=\"durmitor\" width=\"1800\" height=\"1200\" srcset=\"https:\/\/decouvrirensemble.com\/wp-content\/uploads\/2022\/08\/parc-national-du-durmitor-montenegro.jpg 1800w, https:\/\/decouvrirensemble.com\/wp-content\/uploads\/2022\/08\/parc-national-du-durmitor-montenegro-300x200.jpg 300w, https:\/\/decouvrirensemble.com\/wp-content\/uploads\/2022\/08\/parc-national-du-durmitor-montenegro-1024x683.jpg 1024w, https:\/\/decouvrirensemble.com\/wp-content\/uploads\/2022\/08\/parc-national-du-durmitor-montenegro-768x512.jpg 768w, https:\/\/decouvrirensemble.com\/wp-content\/uploads\/2022\/08\/parc-national-du-durmitor-montenegro-1536x1024.jpg 1536w\" sizes=\"(max-width: 1800px) 100vw, 1800px\" \/>\n<h3><span class=\"ez-toc-section\" id=\"1_El_lago_negro_Crno_Jezero\"><\/span>1. El lago negro (Crno Jezero)<span class=\"ez-toc-section-end\"><\/span><\/h3>\n<p>\u00bfTe preguntas qu\u00e9 hacer en Durmitor? Ponga el Lago Negro al principio de su lista. \u00a1Este lago es uno de nuestros lugares favoritos de Montenegro! Este lago tiene aires del lago di Braies, en los Dolomitas italianos, con sus bonitos pontones de madera y las barcas que se pueden alquilar. Llegamos al Lago Negro sobre las 8 de la ma\u00f1ana para descubrirlo antes de que llegaran los turistas y los lugare\u00f1os, y lo conseguimos: apenas hab\u00eda nadie. Se puede dar un corto paseo de 4 km alrededor del lago (alrededor de 1h30 con paradas para hacer fotos), que recomendamos.<\/p>\n<p>Los miradores son excepcionales y permiten descubrir el lago desde distintos \u00e1ngulos. El paseo es bastante f\u00e1cil, salvo un corto tramo en el centro, donde hay que subir un poco. Si no te apetece, puedes darte la vuelta en ese punto y \u00a1el paseo ya ser\u00e1 muy bueno!<\/p>\n<img decoding=\"async\" class=\"alignnone size-full wp-image-18302\" src=\"https:\/\/decouvrirensemble.com\/wp-content\/uploads\/2022\/08\/Crno-Jezero-montenegro.jpg\" alt=\"Crno Jezero\" width=\"1800\" height=\"1200\" srcset=\"https:\/\/decouvrirensemble.com\/wp-content\/uploads\/2022\/08\/Crno-Jezero-montenegro.jpg 1800w, https:\/\/decouvrirensemble.com\/wp-content\/uploads\/2022\/08\/Crno-Jezero-montenegro-300x200.jpg 300w, https:\/\/decouvrirensemble.com\/wp-content\/uploads\/2022\/08\/Crno-Jezero-montenegro-1024x683.jpg 1024w, https:\/\/decouvrirensemble.com\/wp-content\/uploads\/2022\/08\/Crno-Jezero-montenegro-768x512.jpg 768w, https:\/\/decouvrirensemble.com\/wp-content\/uploads\/2022\/08\/Crno-Jezero-montenegro-1536x1024.jpg 1536w\" sizes=\"(max-width: 1800px) 100vw, 1800px\" \/>\n<img decoding=\"async\" class=\"alignnone size-full wp-image-18296\" src=\"https:\/\/decouvrirensemble.com\/wp-content\/uploads\/2022\/08\/black-lake-montenegro-2.jpg\" alt=\"\" width=\"1800\" height=\"1200\" srcset=\"https:\/\/decouvrirensemble.com\/wp-content\/uploads\/2022\/08\/black-lake-montenegro-2.jpg 1800w, https:\/\/decouvrirensemble.com\/wp-content\/uploads\/2022\/08\/black-lake-montenegro-2-300x200.jpg 300w, https:\/\/decouvrirensemble.com\/wp-content\/uploads\/2022\/08\/black-lake-montenegro-2-1024x683.jpg 1024w, https:\/\/decouvrirensemble.com\/wp-content\/uploads\/2022\/08\/black-lake-montenegro-2-768x512.jpg 768w, https:\/\/decouvrirensemble.com\/wp-content\/uploads\/2022\/08\/black-lake-montenegro-2-1536x1024.jpg 1536w\" sizes=\"(max-width: 1800px) 100vw, 1800px\" \/>\n<img decoding=\"async\" class=\"alignnone size-full wp-image-18297\" src=\"https:\/\/decouvrirensemble.com\/wp-content\/uploads\/2022\/08\/black-lake-montenegro.jpg\" alt=\"\" width=\"1800\" height=\"1200\" srcset=\"https:\/\/decouvrirensemble.com\/wp-content\/uploads\/2022\/08\/black-lake-montenegro.jpg 1800w, https:\/\/decouvrirensemble.com\/wp-content\/uploads\/2022\/08\/black-lake-montenegro-300x200.jpg 300w, https:\/\/decouvrirensemble.com\/wp-content\/uploads\/2022\/08\/black-lake-montenegro-1024x683.jpg 1024w, https:\/\/decouvrirensemble.com\/wp-content\/uploads\/2022\/08\/black-lake-montenegro-768x512.jpg 768w, https:\/\/decouvrirensemble.com\/wp-content\/uploads\/2022\/08\/black-lake-montenegro-1536x1024.jpg 1536w\" sizes=\"(max-width: 1800px) 100vw, 1800px\" \/>\n<h4><span class=\"ez-toc-section\" id=\"Donde_comer_en_el_Lago_Negro\"><\/span>D\u00f3nde comer en el Lago Negro<span class=\"ez-toc-section-end\"><\/span><\/h4>\n<ul>\n<li><a href=\"https:\/\/maps.app.goo.gl\/VMWq3gaTc9VVZphEA\" target=\"_blank\" rel=\"noopener\">Restaurante Nacionalni restoran Crno jezero<\/a>: \u00a1este restaurante se encuentra justo enfrente del Lago Negro, que ofrece unas vistas excepcionales! No se deje desanimar por la calificaci\u00f3n de 4 estrellas, el men\u00fa es muy asequible. Nosotros optamos por tomar un desayuno a \u00faltima hora de la ma\u00f1ana por 10 euros por persona y estaba delicioso.<\/li>\n<\/ul>\n<img decoding=\"async\" class=\"alignnone size-full wp-image-18407\" src=\"https:\/\/decouvrirensemble.com\/wp-content\/uploads\/2022\/08\/black-lake-montenegro-Crno-Jezero.jpg\" alt=\"Lago Negro\" width=\"1800\" height=\"1200\" srcset=\"https:\/\/decouvrirensemble.com\/wp-content\/uploads\/2022\/08\/black-lake-montenegro-Crno-Jezero.jpg 1800w, https:\/\/decouvrirensemble.com\/wp-content\/uploads\/2022\/08\/black-lake-montenegro-Crno-Jezero-300x200.jpg 300w, https:\/\/decouvrirensemble.com\/wp-content\/uploads\/2022\/08\/black-lake-montenegro-Crno-Jezero-1024x683.jpg 1024w, https:\/\/decouvrirensemble.com\/wp-content\/uploads\/2022\/08\/black-lake-montenegro-Crno-Jezero-768x512.jpg 768w, https:\/\/decouvrirensemble.com\/wp-content\/uploads\/2022\/08\/black-lake-montenegro-Crno-Jezero-1536x1024.jpg 1536w\" sizes=\"(max-width: 1800px) 100vw, 1800px\" \/>\n<img decoding=\"async\" class=\"alignnone size-full wp-image-18301\" src=\"https:\/\/decouvrirensemble.com\/wp-content\/uploads\/2022\/08\/Crno-Jezero-black-lake-montenegro.jpg\" alt=\"\" width=\"1800\" height=\"1200\" srcset=\"https:\/\/decouvrirensemble.com\/wp-content\/uploads\/2022\/08\/Crno-Jezero-black-lake-montenegro.jpg 1800w, https:\/\/decouvrirensemble.com\/wp-content\/uploads\/2022\/08\/Crno-Jezero-black-lake-montenegro-300x200.jpg 300w, https:\/\/decouvrirensemble.com\/wp-content\/uploads\/2022\/08\/Crno-Jezero-black-lake-montenegro-1024x683.jpg 1024w, https:\/\/decouvrirensemble.com\/wp-content\/uploads\/2022\/08\/Crno-Jezero-black-lake-montenegro-768x512.jpg 768w, https:\/\/decouvrirensemble.com\/wp-content\/uploads\/2022\/08\/Crno-Jezero-black-lake-montenegro-1536x1024.jpg 1536w\" sizes=\"(max-width: 1800px) 100vw, 1800px\" \/>\n<h3><span class=\"ez-toc-section\" id=\"2_Lago_del_Diablo_Vrazje_Jezero\"><\/span>2. Lago del Diablo (Vrazje Jezero)<span class=\"ez-toc-section-end\"><\/span><\/h3>\n<p>Este lago de aguas muy claras es ideal para descubrirlo, por ejemplo, para hacer un picnic. No hay mucho que hacer all\u00ed, pero es un lugar agradable para sentarse y admirar la belleza del paisaje.<\/p>\n<img decoding=\"async\" class=\"alignnone size-full wp-image-18330\" src=\"https:\/\/decouvrirensemble.com\/wp-content\/uploads\/2022\/08\/Vrazje-Lake-Zabljak-Montenegro.jpg\" alt=\"\" width=\"1800\" height=\"1200\" srcset=\"https:\/\/decouvrirensemble.com\/wp-content\/uploads\/2022\/08\/Vrazje-Lake-Zabljak-Montenegro.jpg 1800w, https:\/\/decouvrirensemble.com\/wp-content\/uploads\/2022\/08\/Vrazje-Lake-Zabljak-Montenegro-300x200.jpg 300w, https:\/\/decouvrirensemble.com\/wp-content\/uploads\/2022\/08\/Vrazje-Lake-Zabljak-Montenegro-1024x683.jpg 1024w, https:\/\/decouvrirensemble.com\/wp-content\/uploads\/2022\/08\/Vrazje-Lake-Zabljak-Montenegro-768x512.jpg 768w, https:\/\/decouvrirensemble.com\/wp-content\/uploads\/2022\/08\/Vrazje-Lake-Zabljak-Montenegro-1536x1024.jpg 1536w\" sizes=\"(max-width: 1800px) 100vw, 1800px\" \/>\n<img decoding=\"async\" class=\"alignnone size-full wp-image-18329\" src=\"https:\/\/decouvrirensemble.com\/wp-content\/uploads\/2022\/08\/Vrazje-jezero.jpg\" alt=\"Vrazje Jezero\" width=\"1800\" height=\"1200\" srcset=\"https:\/\/decouvrirensemble.com\/wp-content\/uploads\/2022\/08\/Vrazje-jezero.jpg 1800w, https:\/\/decouvrirensemble.com\/wp-content\/uploads\/2022\/08\/Vrazje-jezero-300x200.jpg 300w, https:\/\/decouvrirensemble.com\/wp-content\/uploads\/2022\/08\/Vrazje-jezero-1024x683.jpg 1024w, https:\/\/decouvrirensemble.com\/wp-content\/uploads\/2022\/08\/Vrazje-jezero-768x512.jpg 768w, https:\/\/decouvrirensemble.com\/wp-content\/uploads\/2022\/08\/Vrazje-jezero-1536x1024.jpg 1536w\" sizes=\"(max-width: 1800px) 100vw, 1800px\" \/>\n<h3><span class=\"ez-toc-section\" id=\"3_Parque_nacional_Biogradska_gora\"><\/span>3. Parque nacional Biogradska gora<span class=\"ez-toc-section-end\"><\/span><\/h3>\n<p>El lago con sus pontones y barcas de remos se parece un poco al Lago Negro, si tienes que elegir entre los dos, seguimos recomendando el Lago Negro que es m\u00e1s impresionante. Si tienes tiempo para hacer las dos cosas, este parque nacional de 54 km2 es estupendo. Se puede hacer una corta caminata de 3,5 km alrededor del lago, al que es muy f\u00e1cil llegar. Si te gusta la vegetaci\u00f3n exuberante, estar\u00e1s en el para\u00edso, incluido un precioso paso sobre un puente donde podr\u00e1s admirar una gran variedad de plantas, flores y p\u00e1jaros.<\/p>\n<img decoding=\"async\" class=\"alignnone size-full wp-image-18415\" src=\"https:\/\/decouvrirensemble.com\/wp-content\/uploads\/2022\/08\/durmitor-Biogradska-gora.jpg\" alt=\"Biogradska gora\" width=\"1800\" height=\"1200\" srcset=\"https:\/\/decouvrirensemble.com\/wp-content\/uploads\/2022\/08\/durmitor-Biogradska-gora.jpg 1800w, https:\/\/decouvrirensemble.com\/wp-content\/uploads\/2022\/08\/durmitor-Biogradska-gora-300x200.jpg 300w, https:\/\/decouvrirensemble.com\/wp-content\/uploads\/2022\/08\/durmitor-Biogradska-gora-1024x683.jpg 1024w, https:\/\/decouvrirensemble.com\/wp-content\/uploads\/2022\/08\/durmitor-Biogradska-gora-768x512.jpg 768w, https:\/\/decouvrirensemble.com\/wp-content\/uploads\/2022\/08\/durmitor-Biogradska-gora-1536x1024.jpg 1536w\" sizes=\"(max-width: 1800px) 100vw, 1800px\" \/>\n<img decoding=\"async\" class=\"alignnone size-full wp-image-18414\" src=\"https:\/\/decouvrirensemble.com\/wp-content\/uploads\/2022\/08\/Biogradska-gora-montenegro.jpg\" alt=\"Biogradska gora\" width=\"1800\" height=\"1200\" srcset=\"https:\/\/decouvrirensemble.com\/wp-content\/uploads\/2022\/08\/Biogradska-gora-montenegro.jpg 1800w, https:\/\/decouvrirensemble.com\/wp-content\/uploads\/2022\/08\/Biogradska-gora-montenegro-300x200.jpg 300w, https:\/\/decouvrirensemble.com\/wp-content\/uploads\/2022\/08\/Biogradska-gora-montenegro-1024x683.jpg 1024w, https:\/\/decouvrirensemble.com\/wp-content\/uploads\/2022\/08\/Biogradska-gora-montenegro-768x512.jpg 768w, https:\/\/decouvrirensemble.com\/wp-content\/uploads\/2022\/08\/Biogradska-gora-montenegro-1536x1024.jpg 1536w\" sizes=\"(max-width: 1800px) 100vw, 1800px\" \/>\n<h3><span class=\"ez-toc-section\" id=\"4_Collado_de_Sedlo\"><\/span>4. Collado de Sedlo<span class=\"ez-toc-section-end\"><\/span><\/h3>\n<p>El collado de Sedlo es el punto de partida de la excursi\u00f3n Bobotov Kuk. Puedes aparcar aqu\u00ed y disfrutar de las vistas, que son excepcionales: en este punto ya estar\u00e1s a 1907 metros sobre el nivel del mar. Nos gust\u00f3 mucho pasar un rato en el Col de Sedlo, \u00a1recomendamos parar aqu\u00ed incluso si despu\u00e9s no vas a hacer la excursi\u00f3n al Bobotuv Kuk!<\/p>\n<img decoding=\"async\" class=\"alignnone size-full wp-image-18321\" src=\"https:\/\/decouvrirensemble.com\/wp-content\/uploads\/2022\/08\/visiter-durmitor-montenegro.jpg\" alt=\"durmitor\" width=\"1800\" height=\"1200\" srcset=\"https:\/\/decouvrirensemble.com\/wp-content\/uploads\/2022\/08\/visiter-durmitor-montenegro.jpg 1800w, https:\/\/decouvrirensemble.com\/wp-content\/uploads\/2022\/08\/visiter-durmitor-montenegro-300x200.jpg 300w, https:\/\/decouvrirensemble.com\/wp-content\/uploads\/2022\/08\/visiter-durmitor-montenegro-1024x683.jpg 1024w, https:\/\/decouvrirensemble.com\/wp-content\/uploads\/2022\/08\/visiter-durmitor-montenegro-768x512.jpg 768w, https:\/\/decouvrirensemble.com\/wp-content\/uploads\/2022\/08\/visiter-durmitor-montenegro-1536x1024.jpg 1536w\" sizes=\"(max-width: 1800px) 100vw, 1800px\" \/>\n<img decoding=\"async\" class=\"alignnone size-full wp-image-18410\" src=\"https:\/\/decouvrirensemble.com\/wp-content\/uploads\/2022\/08\/montenegro-durmitor.jpg\" alt=\"Durmitor\" width=\"1800\" height=\"1200\" srcset=\"https:\/\/decouvrirensemble.com\/wp-content\/uploads\/2022\/08\/montenegro-durmitor.jpg 1800w, https:\/\/decouvrirensemble.com\/wp-content\/uploads\/2022\/08\/montenegro-durmitor-300x200.jpg 300w, https:\/\/decouvrirensemble.com\/wp-content\/uploads\/2022\/08\/montenegro-durmitor-1024x683.jpg 1024w, https:\/\/decouvrirensemble.com\/wp-content\/uploads\/2022\/08\/montenegro-durmitor-768x512.jpg 768w, https:\/\/decouvrirensemble.com\/wp-content\/uploads\/2022\/08\/montenegro-durmitor-1536x1024.jpg 1536w\" sizes=\"(max-width: 1800px) 100vw, 1800px\" \/>\n<h3><span class=\"ez-toc-section\" id=\"5_Bobotov_Kuk\"><\/span>5. Bobotov Kuk<span class=\"ez-toc-section-end\"><\/span><\/h3>\n<p>Esta caminata es quiz\u00e1s la m\u00e1s conocida de Durmitor. Esta te llevar\u00e1 alrededor de un d\u00eda corto de caminata para ir y volver. Aseg\u00farate de llevar ropa t\u00e9cnica para la cumbre de Bobotuv Kuk (a 2.523 metros de altitud), \u00a1ya que puede hacer mucho fr\u00edo r\u00e1pidamente! Al parecer, la ascensi\u00f3n es bastante exigente, por lo que s\u00f3lo se recomienda a excursionistas experimentados. Como no somos uno de ellos (\ud83d\ude02), no pudimos hacer esta preciosa excursi\u00f3n, pero s\u00ed pasamos un buen rato en el punto de partida, en Prevoj Sedlo (accesible en coche), que ya ofrece un panorama incre\u00edble. Para aparcar en coche, nada m\u00e1s f\u00e1cil <a href=\"https:\/\/maps.app.goo.gl\/FakccwGMq53uXiQ48\" target=\"_blank\" rel=\"noopener\">en Prevoj Sedlo hay un aparcamiento<\/a>.<\/p>\n<img decoding=\"async\" class=\"alignnone size-full wp-image-18303\" src=\"https:\/\/decouvrirensemble.com\/wp-content\/uploads\/2022\/08\/durmitor-parc-montenegro.jpg\" alt=\"durmitor montenegro\" width=\"1800\" height=\"1200\" srcset=\"https:\/\/decouvrirensemble.com\/wp-content\/uploads\/2022\/08\/durmitor-parc-montenegro.jpg 1800w, https:\/\/decouvrirensemble.com\/wp-content\/uploads\/2022\/08\/durmitor-parc-montenegro-300x200.jpg 300w, https:\/\/decouvrirensemble.com\/wp-content\/uploads\/2022\/08\/durmitor-parc-montenegro-1024x683.jpg 1024w, https:\/\/decouvrirensemble.com\/wp-content\/uploads\/2022\/08\/durmitor-parc-montenegro-768x512.jpg 768w, https:\/\/decouvrirensemble.com\/wp-content\/uploads\/2022\/08\/durmitor-parc-montenegro-1536x1024.jpg 1536w\" sizes=\"(max-width: 1800px) 100vw, 1800px\" \/>\n<h3><span class=\"ez-toc-section\" id=\"6_Canon_de_Tara\"><\/span>6. Ca\u00f1\u00f3n de Tara<span class=\"ez-toc-section-end\"><\/span><\/h3>\n<p>\u00a1El ca\u00f1\u00f3n de Tara es una visita obligada cuando vengas a Durmitor! Este enorme ca\u00f1\u00f3n de 80 km est\u00e1 atravesado por el r\u00edo Tara. Puedes admirarlo por el camino y comprobar que sus gargantas tienen miles de kil\u00f3metros de profundidad. A nosotros nos pareci\u00f3 impresionante. \u00bfLe gustan las emociones fuertes? Puedes hacer rafting o aventurarte por la tirolina del puente.<\/p>\n<img decoding=\"async\" class=\"alignnone size-full wp-image-18408\" src=\"https:\/\/decouvrirensemble.com\/wp-content\/uploads\/2022\/08\/Djurdjevica-Tara.jpg\" alt=\"Djurdjevica Tara\" width=\"1800\" height=\"1200\" srcset=\"https:\/\/decouvrirensemble.com\/wp-content\/uploads\/2022\/08\/Djurdjevica-Tara.jpg 1800w, https:\/\/decouvrirensemble.com\/wp-content\/uploads\/2022\/08\/Djurdjevica-Tara-300x200.jpg 300w, https:\/\/decouvrirensemble.com\/wp-content\/uploads\/2022\/08\/Djurdjevica-Tara-1024x683.jpg 1024w, https:\/\/decouvrirensemble.com\/wp-content\/uploads\/2022\/08\/Djurdjevica-Tara-768x512.jpg 768w, https:\/\/decouvrirensemble.com\/wp-content\/uploads\/2022\/08\/Djurdjevica-Tara-1536x1024.jpg 1536w\" sizes=\"(max-width: 1800px) 100vw, 1800px\" \/>\n<img decoding=\"async\" class=\"alignnone size-full wp-image-18411\" src=\"https:\/\/decouvrirensemble.com\/wp-content\/uploads\/2022\/08\/tara-canyon-montenegro.jpg\" alt=\"Ca\u00f1\u00f3n de Tara\" width=\"1800\" height=\"1200\" srcset=\"https:\/\/decouvrirensemble.com\/wp-content\/uploads\/2022\/08\/tara-canyon-montenegro.jpg 1800w, https:\/\/decouvrirensemble.com\/wp-content\/uploads\/2022\/08\/tara-canyon-montenegro-300x200.jpg 300w, https:\/\/decouvrirensemble.com\/wp-content\/uploads\/2022\/08\/tara-canyon-montenegro-1024x683.jpg 1024w, https:\/\/decouvrirensemble.com\/wp-content\/uploads\/2022\/08\/tara-canyon-montenegro-768x512.jpg 768w, https:\/\/decouvrirensemble.com\/wp-content\/uploads\/2022\/08\/tara-canyon-montenegro-1536x1024.jpg 1536w\" sizes=\"(max-width: 1800px) 100vw, 1800px\" \/>\n<h2 id=\"accesibilidad\"><span class=\"ez-toc-section\" id=\"%C2%BFSon_accesibles_en_coche_las_carreteras_de_Durmitor_en_Montenegro\"><\/span>\u00bfSon accesibles en coche las carreteras de Durmitor en Montenegro?<span class=\"ez-toc-section-end\"><\/span><\/h2>\n<p>Cuando visite Durmitor, tome la carretera P14. La carretera ofrece unas panor\u00e1micas excepcionales y te dar\u00e1 una gran visi\u00f3n de la regi\u00f3n. Hab\u00edamos le\u00eddo mucho en internet que las carreteras de Durmitor son de dif\u00edcil acceso. Nosotros ten\u00edamos un 4&#215;4 que sin duda facilit\u00f3 la ruta, pero encontramos las carreteras en buen estado y accesibles. Lo \u00fanico que hay que tener en cuenta es que, en general, las carreteras son muy estrechas y es dif\u00edcil que pasen dos veh\u00edculos. Por lo tanto, hay que tener cuidado y prever pararse cuando veamos que se acerca un veh\u00edculo.<\/p>\n<p>En cualquier caso, las carreteras de Durmitor ofrecen un paisaje incre\u00edble. Prevea un poco m\u00e1s de tiempo para el viaje, ya que es probable que haga muchas paradas para sacar fotos.<\/p>\n<p>A tener en cuenta: en Montenegro, las carreteras est\u00e1n limitadas a 80 km\/h.<\/p>\n<img decoding=\"async\" class=\"alignnone size-full wp-image-18409\" src=\"https:\/\/decouvrirensemble.com\/wp-content\/uploads\/2022\/08\/durmitor-route-montenegro.jpg\" alt=\"Ruta Durmitor\" width=\"1800\" height=\"1200\" srcset=\"https:\/\/decouvrirensemble.com\/wp-content\/uploads\/2022\/08\/durmitor-route-montenegro.jpg 1800w, https:\/\/decouvrirensemble.com\/wp-content\/uploads\/2022\/08\/durmitor-route-montenegro-300x200.jpg 300w, https:\/\/decouvrirensemble.com\/wp-content\/uploads\/2022\/08\/durmitor-route-montenegro-1024x683.jpg 1024w, https:\/\/decouvrirensemble.com\/wp-content\/uploads\/2022\/08\/durmitor-route-montenegro-768x512.jpg 768w, https:\/\/decouvrirensemble.com\/wp-content\/uploads\/2022\/08\/durmitor-route-montenegro-1536x1024.jpg 1536w\" sizes=\"(max-width: 1800px) 100vw, 1800px\" \/>\n<img decoding=\"async\" class=\"alignnone size-full wp-image-18298\" src=\"https:\/\/decouvrirensemble.com\/wp-content\/uploads\/2022\/08\/black-lake-visiter-montenegro.jpg\" alt=\"visiter montenegro\" width=\"1800\" height=\"1200\" srcset=\"https:\/\/decouvrirensemble.com\/wp-content\/uploads\/2022\/08\/black-lake-visiter-montenegro.jpg 1800w, https:\/\/decouvrirensemble.com\/wp-content\/uploads\/2022\/08\/black-lake-visiter-montenegro-300x200.jpg 300w, https:\/\/decouvrirensemble.com\/wp-content\/uploads\/2022\/08\/black-lake-visiter-montenegro-1024x683.jpg 1024w, https:\/\/decouvrirensemble.com\/wp-content\/uploads\/2022\/08\/black-lake-visiter-montenegro-768x512.jpg 768w, https:\/\/decouvrirensemble.com\/wp-content\/uploads\/2022\/08\/black-lake-visiter-montenegro-1536x1024.jpg 1536w\" sizes=\"(max-width: 1800px) 100vw, 1800px\" \/>\n<h2 id=\"dormir\"><span class=\"ez-toc-section\" id=\"Durmitorio_%C2%BFdonde_dormir\"><\/span>Durmitorio, \u00bfd\u00f3nde dormir?<span class=\"ez-toc-section-end\"><\/span><\/h2>\n<p>Si alguna vez quieres vivir una experiencia original durante tus vacaciones en Montenegro, \u00a1te aconsejamos dormir en una peque\u00f1a caba\u00f1a tradicional en el coraz\u00f3n de las monta\u00f1as de Durmitor! Te recomendamos el Nevidio Eco Village. Encontrar\u00e1s caba\u00f1as con todas las comodidades (ba\u00f1o y aseo), buena ropa de cama y un balc\u00f3n con vistas a las monta\u00f1as. Tambi\u00e9n puedes comer y cenar all\u00ed mismo, lo que es muy pr\u00e1ctico porque no hay muchos pueblos ni restaurantes en la zona. \u00a1Una gran experiencia en Durmitor!<\/p>\n    <div class=\"niceButton\"><a href=\"https:\/\/www.booking.com\/hotel\/me\/ethno-village-nevidio.fr.html?aid=1286053\" target=\"_blank\" class=\"emojiLink\">\n                    <span class=\"emojiLink__emoji\">\u2764\ufe0f<\/span>\n                <span class=\"emojiLink__title title title--big\">Ver disponibilidad<\/span>\n    <\/a><\/div>\n\n    \n<img decoding=\"async\" class=\"alignnone size-full wp-image-18412\" src=\"https:\/\/decouvrirensemble.com\/wp-content\/uploads\/2022\/08\/ou-dormir-durmitor.jpg\" alt=\"D\u00f3nde dormir Durmitor\" width=\"1800\" height=\"1200\" srcset=\"https:\/\/decouvrirensemble.com\/wp-content\/uploads\/2022\/08\/ou-dormir-durmitor.jpg 1800w, https:\/\/decouvrirensemble.com\/wp-content\/uploads\/2022\/08\/ou-dormir-durmitor-300x200.jpg 300w, https:\/\/decouvrirensemble.com\/wp-content\/uploads\/2022\/08\/ou-dormir-durmitor-1024x683.jpg 1024w, https:\/\/decouvrirensemble.com\/wp-content\/uploads\/2022\/08\/ou-dormir-durmitor-768x512.jpg 768w, https:\/\/decouvrirensemble.com\/wp-content\/uploads\/2022\/08\/ou-dormir-durmitor-1536x1024.jpg 1536w\" sizes=\"(max-width: 1800px) 100vw, 1800px\" \/>\n<h2><span class=\"ez-toc-section\" id=\"Durmitor_algunas_ideas_para_hacer\"><\/span>Durmitor, algunas ideas para hacer<span class=\"ez-toc-section-end\"><\/span><\/h2>\n<div data-gyg-href=\"https:\/\/widget.getyourguide.com\/default\/activities.frame\" data-gyg-locale-code=\"es-ES\" data-gyg-widget=\"actividades\" data-gyg-number-of-items=\"3\" data-gyg-partner-id=\"QTAK8D9\" data-gyg-tour-ids=\"412510,18360,403410\">&nbsp;<\/div>\n<p>&nbsp;<br \/>\n[relance]<\/p>\n<img decoding=\"async\" class=\"alignnone size-full wp-image-18431\" src=\"https:\/\/decouvrirensemble.com\/wp-content\/uploads\/2022\/08\/Visiter-le-durmitor-blog-voyage.jpg\" alt=\"Durmitor blog voyage\" width=\"1800\" height=\"1200\" srcset=\"https:\/\/decouvrirensemble.com\/wp-content\/uploads\/2022\/08\/Visiter-le-durmitor-blog-voyage.jpg 1800w, https:\/\/decouvrirensemble.com\/wp-content\/uploads\/2022\/08\/Visiter-le-durmitor-blog-voyage-300x200.jpg 300w, https:\/\/decouvrirensemble.com\/wp-content\/uploads\/2022\/08\/Visiter-le-durmitor-blog-voyage-1024x683.jpg 1024w, https:\/\/decouvrirensemble.com\/wp-content\/uploads\/2022\/08\/Visiter-le-durmitor-blog-voyage-768x512.jpg 768w, https:\/\/decouvrirensemble.com\/wp-content\/uploads\/2022\/08\/Visiter-le-durmitor-blog-voyage-1536x1024.jpg 1536w\" sizes=\"(max-width: 1800px) 100vw, 1800px\" \/>\n<p>[gracias]<\/p>\n\n\n<div class=\"kk-star-ratings kksr-auto kksr-align-left kksr-valign-bottom\"\n    data-payload='{&quot;align&quot;:&quot;left&quot;,&quot;id&quot;:&quot;53558&quot;,&quot;slug&quot;:&quot;default&quot;,&quot;valign&quot;:&quot;bottom&quot;,&quot;ignore&quot;:&quot;&quot;,&quot;reference&quot;:&quot;auto&quot;,&quot;class&quot;:&quot;&quot;,&quot;count&quot;:&quot;13&quot;,&quot;legendonly&quot;:&quot;&quot;,&quot;readonly&quot;:&quot;&quot;,&quot;score&quot;:&quot;4.7&quot;,&quot;starsonly&quot;:&quot;&quot;,&quot;best&quot;:&quot;5&quot;,&quot;gap&quot;:&quot;4&quot;,&quot;greet&quot;:&quot;Sea el primero en valorar esta entrada de blog.&quot;,&quot;legend&quot;:&quot;4.7\\\/5 - (13 votos)&quot;,&quot;size&quot;:&quot;21&quot;,&quot;title&quot;:&quot;Durmitor, visite el parque nacional de Montenegro&quot;,&quot;width&quot;:&quot;115.5&quot;,&quot;_legend&quot;:&quot;{score}\\\/{best} - ({count} {votes})&quot;,&quot;font_factor&quot;:&quot;1.25&quot;}'>\n            \n<div class=\"kksr-stars\">\n    \n<div class=\"kksr-stars-inactive\">\n            <div class=\"kksr-star\" data-star=\"1\" style=\"padding-right: 4px\">\n            \n\n<div class=\"kksr-icon\" style=\"width: 21px; height: 21px;\"><\/div>\n        <\/div>\n            <div class=\"kksr-star\" data-star=\"2\" style=\"padding-right: 4px\">\n            \n\n<div class=\"kksr-icon\" style=\"width: 21px; height: 21px;\"><\/div>\n        <\/div>\n            <div class=\"kksr-star\" data-star=\"3\" style=\"padding-right: 4px\">\n            \n\n<div class=\"kksr-icon\" style=\"width: 21px; height: 21px;\"><\/div>\n        <\/div>\n            <div class=\"kksr-star\" data-star=\"4\" style=\"padding-right: 4px\">\n            \n\n<div class=\"kksr-icon\" style=\"width: 21px; height: 21px;\"><\/div>\n        <\/div>\n            <div class=\"kksr-star\" data-star=\"5\" style=\"padding-right: 4px\">\n            \n\n<div class=\"kksr-icon\" style=\"width: 21px; height: 21px;\"><\/div>\n        <\/div>\n    <\/div>\n    \n<div class=\"kksr-stars-active\" style=\"width: 115.5px;\">\n            <div class=\"kksr-star\" style=\"padding-right: 4px\">\n            \n\n<div class=\"kksr-icon\" style=\"width: 21px; height: 21px;\"><\/div>\n        <\/div>\n            <div class=\"kksr-star\" style=\"padding-right: 4px\">\n            \n\n<div class=\"kksr-icon\" style=\"width: 21px; height: 21px;\"><\/div>\n        <\/div>\n            <div class=\"kksr-star\" style=\"padding-right: 4px\">\n            \n\n<div class=\"kksr-icon\" style=\"width: 21px; height: 21px;\"><\/div>\n        <\/div>\n            <div class=\"kksr-star\" style=\"padding-right: 4px\">\n            \n\n<div class=\"kksr-icon\" style=\"width: 21px; height: 21px;\"><\/div>\n        <\/div>\n            <div class=\"kksr-star\" style=\"padding-right: 4px\">\n            \n\n<div class=\"kksr-icon\" style=\"width: 21px; height: 21px;\"><\/div>\n        <\/div>\n    <\/div>\n<\/div>\n                \n\n<div class=\"kksr-legend\" style=\"font-size: 16.8px;\">\n            4.7\/5 - (13 votos)    <\/div>\n    <\/div>\n","protected":false},"excerpt":{"rendered":"<p>Si tiene previsto visitar Durmitor en su viaje a Montenegro, \u00a1le espera una aut\u00e9ntica delicia!<\/p>\n","protected":false},"author":1,"featured_media":47651,"comment_status":"open","ping_status":"closed","sticky":false,"template":"","format":"standard","meta":{"_acf_changed":false,"_lmt_disableupdate":"no","_lmt_disable":"no","footnotes":""},"categories":[475],"tags":[],"class_list":["post-53558","post","type-post","status-publish","format-standard","has-post-thumbnail","hentry","category-montenegro"],"acf":[],"yoast_head":"<!-- This site is optimized with the Yoast SEO plugin v27.4 - https:\/\/yoast.com\/product\/yoast-seo-wordpress\/ -->\n<title>Durmitor, visite el parque nacional de Montenegro<\/title>\n<meta name=\"description\" content=\"\u00bfPiensa visitar Durmitor en su viaje a Montenegro? Descubra nuestros consejos y visitas imprescindibles de este parque nacional\" \/>\n<meta name=\"robots\" content=\"index, follow, max-snippet:-1, max-image-preview:large, max-video-preview:-1\" \/>\n<link rel=\"canonical\" href=\"https:\/\/decouvrirensemble.com\/es\/durmitor-montenegro\" \/>\n<meta property=\"og:locale\" content=\"es_ES\" \/>\n<meta property=\"og:type\" content=\"article\" \/>\n<meta property=\"og:title\" content=\"Durmitor, visite el parque nacional de Montenegro\" \/>\n<meta property=\"og:description\" content=\"\u00bfPiensa visitar Durmitor en su viaje a Montenegro? Descubra nuestros consejos y visitas imprescindibles de este parque nacional\" \/>\n<meta property=\"og:url\" content=\"https:\/\/decouvrirensemble.com\/es\/durmitor-montenegro\" \/>\n<meta property=\"og:site_name\" content=\"Blog Voyage - D\u00e9couvrir Ensemble\" \/>\n<meta property=\"article:published_time\" content=\"2022-08-14T16:50:27+00:00\" \/>\n<meta property=\"article:modified_time\" content=\"2026-01-06T14:50:04+00:00\" \/>\n<meta property=\"og:image\" content=\"https:\/\/decouvrirensemble.com\/wp-content\/uploads\/2022\/08\/Durmitor-Montenegro-blog-voyage.jpg\" \/>\n\t<meta property=\"og:image:width\" content=\"1800\" \/>\n\t<meta property=\"og:image:height\" content=\"1350\" \/>\n\t<meta property=\"og:image:type\" content=\"image\/jpeg\" \/>\n<meta name=\"author\" content=\"Cl\u00e9mence &amp; Alexandre\" \/>\n<meta name=\"twitter:card\" content=\"summary_large_image\" \/>\n<meta name=\"twitter:creator\" content=\"@dcouvrirensmble\" \/>\n<meta name=\"twitter:site\" content=\"@dcouvrirensmble\" \/>\n<meta name=\"twitter:label1\" content=\"Escrito por\" \/>\n\t<meta name=\"twitter:data1\" content=\"Cl\u00e9mence &amp; Alexandre\" \/>\n\t<meta name=\"twitter:label2\" content=\"Tiempo de lectura\" \/>\n\t<meta name=\"twitter:data2\" content=\"10 minutos\" \/>\n<script type=\"application\/ld+json\" class=\"yoast-schema-graph\">{\"@context\":\"https:\\\/\\\/schema.org\",\"@graph\":[{\"@type\":\"Article\",\"@id\":\"https:\\\/\\\/decouvrirensemble.com\\\/es\\\/durmitor-montenegro#article\",\"isPartOf\":{\"@id\":\"https:\\\/\\\/decouvrirensemble.com\\\/es\\\/durmitor-montenegro\"},\"author\":{\"name\":\"Cl\u00e9mence &amp; Alexandre\",\"@id\":\"https:\\\/\\\/decouvrirensemble.com\\\/es#\\\/schema\\\/person\\\/a53efd44d02eb7f9ab90f96e84a9d2ba\"},\"headline\":\"Durmitor, visite el parque nacional de Montenegro\",\"datePublished\":\"2022-08-14T16:50:27+00:00\",\"dateModified\":\"2026-01-06T14:50:04+00:00\",\"mainEntityOfPage\":{\"@id\":\"https:\\\/\\\/decouvrirensemble.com\\\/es\\\/durmitor-montenegro\"},\"wordCount\":1077,\"commentCount\":0,\"publisher\":{\"@id\":\"https:\\\/\\\/decouvrirensemble.com\\\/es#\\\/schema\\\/person\\\/a53efd44d02eb7f9ab90f96e84a9d2ba\"},\"image\":{\"@id\":\"https:\\\/\\\/decouvrirensemble.com\\\/es\\\/durmitor-montenegro#primaryimage\"},\"thumbnailUrl\":\"https:\\\/\\\/decouvrirensemble.com\\\/wp-content\\\/uploads\\\/2022\\\/08\\\/Durmitor-Montenegro-blog-voyage.jpg\",\"articleSection\":[\"Montenegro\"],\"inLanguage\":\"es\",\"potentialAction\":[{\"@type\":\"CommentAction\",\"name\":\"Comment\",\"target\":[\"https:\\\/\\\/decouvrirensemble.com\\\/es\\\/durmitor-montenegro#respond\"]}]},{\"@type\":\"WebPage\",\"@id\":\"https:\\\/\\\/decouvrirensemble.com\\\/es\\\/durmitor-montenegro\",\"url\":\"https:\\\/\\\/decouvrirensemble.com\\\/es\\\/durmitor-montenegro\",\"name\":\"Durmitor, visite el parque nacional de Montenegro\",\"isPartOf\":{\"@id\":\"https:\\\/\\\/decouvrirensemble.com\\\/es#website\"},\"primaryImageOfPage\":{\"@id\":\"https:\\\/\\\/decouvrirensemble.com\\\/es\\\/durmitor-montenegro#primaryimage\"},\"image\":{\"@id\":\"https:\\\/\\\/decouvrirensemble.com\\\/es\\\/durmitor-montenegro#primaryimage\"},\"thumbnailUrl\":\"https:\\\/\\\/decouvrirensemble.com\\\/wp-content\\\/uploads\\\/2022\\\/08\\\/Durmitor-Montenegro-blog-voyage.jpg\",\"datePublished\":\"2022-08-14T16:50:27+00:00\",\"dateModified\":\"2026-01-06T14:50:04+00:00\",\"description\":\"\u00bfPiensa visitar Durmitor en su viaje a Montenegro? Descubra nuestros consejos y visitas imprescindibles de este parque nacional\",\"breadcrumb\":{\"@id\":\"https:\\\/\\\/decouvrirensemble.com\\\/es\\\/durmitor-montenegro#breadcrumb\"},\"inLanguage\":\"es\",\"potentialAction\":[{\"@type\":\"ReadAction\",\"target\":[\"https:\\\/\\\/decouvrirensemble.com\\\/es\\\/durmitor-montenegro\"]}]},{\"@type\":\"ImageObject\",\"inLanguage\":\"es\",\"@id\":\"https:\\\/\\\/decouvrirensemble.com\\\/es\\\/durmitor-montenegro#primaryimage\",\"url\":\"https:\\\/\\\/decouvrirensemble.com\\\/wp-content\\\/uploads\\\/2022\\\/08\\\/Durmitor-Montenegro-blog-voyage.jpg\",\"contentUrl\":\"https:\\\/\\\/decouvrirensemble.com\\\/wp-content\\\/uploads\\\/2022\\\/08\\\/Durmitor-Montenegro-blog-voyage.jpg\",\"width\":1800,\"height\":1350,\"caption\":\"Durmitor\"},{\"@type\":\"BreadcrumbList\",\"@id\":\"https:\\\/\\\/decouvrirensemble.com\\\/es\\\/durmitor-montenegro#breadcrumb\",\"itemListElement\":[{\"@type\":\"ListItem\",\"position\":1,\"name\":\"Accueil\",\"item\":\"https:\\\/\\\/decouvrirensemble.com\\\/es\"},{\"@type\":\"ListItem\",\"position\":2,\"name\":\"Destinos\",\"item\":\"https:\\\/\\\/decouvrirensemble.com\\\/es\\\/destinos\"},{\"@type\":\"ListItem\",\"position\":3,\"name\":\"Montenegro\",\"item\":\"https:\\\/\\\/decouvrirensemble.com\\\/es\\\/destinos\\\/montenegro\"},{\"@type\":\"ListItem\",\"position\":4,\"name\":\"Durmitor, visite el parque nacional de Montenegro\"}]},{\"@type\":\"WebSite\",\"@id\":\"https:\\\/\\\/decouvrirensemble.com\\\/es#website\",\"url\":\"https:\\\/\\\/decouvrirensemble.com\\\/es\",\"name\":\"Blog Voyage - D\u00e9couvrir Ensemble\",\"description\":\"Le Blog Voyage de Clem et Alex\",\"publisher\":{\"@id\":\"https:\\\/\\\/decouvrirensemble.com\\\/es#\\\/schema\\\/person\\\/a53efd44d02eb7f9ab90f96e84a9d2ba\"},\"potentialAction\":[{\"@type\":\"SearchAction\",\"target\":{\"@type\":\"EntryPoint\",\"urlTemplate\":\"https:\\\/\\\/decouvrirensemble.com\\\/es?s={search_term_string}\"},\"query-input\":{\"@type\":\"PropertyValueSpecification\",\"valueRequired\":true,\"valueName\":\"search_term_string\"}}],\"inLanguage\":\"es\"},{\"@type\":[\"Person\",\"Organization\"],\"@id\":\"https:\\\/\\\/decouvrirensemble.com\\\/es#\\\/schema\\\/person\\\/a53efd44d02eb7f9ab90f96e84a9d2ba\",\"name\":\"Cl\u00e9mence &amp; Alexandre\",\"image\":{\"@type\":\"ImageObject\",\"inLanguage\":\"es\",\"@id\":\"https:\\\/\\\/decouvrirensemble.com\\\/wp-content\\\/uploads\\\/2024\\\/04\\\/logo-decouvrir-ensemble-blog-voyage.jpg\",\"url\":\"https:\\\/\\\/decouvrirensemble.com\\\/wp-content\\\/uploads\\\/2024\\\/04\\\/logo-decouvrir-ensemble-blog-voyage.jpg\",\"contentUrl\":\"https:\\\/\\\/decouvrirensemble.com\\\/wp-content\\\/uploads\\\/2024\\\/04\\\/logo-decouvrir-ensemble-blog-voyage.jpg\",\"width\":1563,\"height\":529,\"caption\":\"Cl\u00e9mence &amp; Alexandre\"},\"logo\":{\"@id\":\"https:\\\/\\\/decouvrirensemble.com\\\/wp-content\\\/uploads\\\/2024\\\/04\\\/logo-decouvrir-ensemble-blog-voyage.jpg\"},\"sameAs\":[\"https:\\\/\\\/decouvrirensemble.com\\\/\"]}]}<\/script>\n<!-- \/ Yoast SEO plugin. -->","yoast_head_json":{"title":"Durmitor, visite el parque nacional de Montenegro","description":"\u00bfPiensa visitar Durmitor en su viaje a Montenegro? Descubra nuestros consejos y visitas imprescindibles de este parque nacional","robots":{"index":"index","follow":"follow","max-snippet":"max-snippet:-1","max-image-preview":"max-image-preview:large","max-video-preview":"max-video-preview:-1"},"canonical":"https:\/\/decouvrirensemble.com\/es\/durmitor-montenegro","og_locale":"es_ES","og_type":"article","og_title":"Durmitor, visite el parque nacional de Montenegro","og_description":"\u00bfPiensa visitar Durmitor en su viaje a Montenegro? Descubra nuestros consejos y visitas imprescindibles de este parque nacional","og_url":"https:\/\/decouvrirensemble.com\/es\/durmitor-montenegro","og_site_name":"Blog Voyage - D\u00e9couvrir Ensemble","article_published_time":"2022-08-14T16:50:27+00:00","article_modified_time":"2026-01-06T14:50:04+00:00","og_image":[{"width":1800,"height":1350,"url":"https:\/\/decouvrirensemble.com\/wp-content\/uploads\/2022\/08\/Durmitor-Montenegro-blog-voyage.jpg","type":"image\/jpeg"}],"author":"Cl\u00e9mence &amp; Alexandre","twitter_card":"summary_large_image","twitter_creator":"@dcouvrirensmble","twitter_site":"@dcouvrirensmble","twitter_misc":{"Escrito por":"Cl\u00e9mence &amp; Alexandre","Tiempo de lectura":"10 minutos"},"schema":{"@context":"https:\/\/schema.org","@graph":[{"@type":"Article","@id":"https:\/\/decouvrirensemble.com\/es\/durmitor-montenegro#article","isPartOf":{"@id":"https:\/\/decouvrirensemble.com\/es\/durmitor-montenegro"},"author":{"name":"Cl\u00e9mence &amp; Alexandre","@id":"https:\/\/decouvrirensemble.com\/es#\/schema\/person\/a53efd44d02eb7f9ab90f96e84a9d2ba"},"headline":"Durmitor, visite el parque nacional de Montenegro","datePublished":"2022-08-14T16:50:27+00:00","dateModified":"2026-01-06T14:50:04+00:00","mainEntityOfPage":{"@id":"https:\/\/decouvrirensemble.com\/es\/durmitor-montenegro"},"wordCount":1077,"commentCount":0,"publisher":{"@id":"https:\/\/decouvrirensemble.com\/es#\/schema\/person\/a53efd44d02eb7f9ab90f96e84a9d2ba"},"image":{"@id":"https:\/\/decouvrirensemble.com\/es\/durmitor-montenegro#primaryimage"},"thumbnailUrl":"https:\/\/decouvrirensemble.com\/wp-content\/uploads\/2022\/08\/Durmitor-Montenegro-blog-voyage.jpg","articleSection":["Montenegro"],"inLanguage":"es","potentialAction":[{"@type":"CommentAction","name":"Comment","target":["https:\/\/decouvrirensemble.com\/es\/durmitor-montenegro#respond"]}]},{"@type":"WebPage","@id":"https:\/\/decouvrirensemble.com\/es\/durmitor-montenegro","url":"https:\/\/decouvrirensemble.com\/es\/durmitor-montenegro","name":"Durmitor, visite el parque nacional de Montenegro","isPartOf":{"@id":"https:\/\/decouvrirensemble.com\/es#website"},"primaryImageOfPage":{"@id":"https:\/\/decouvrirensemble.com\/es\/durmitor-montenegro#primaryimage"},"image":{"@id":"https:\/\/decouvrirensemble.com\/es\/durmitor-montenegro#primaryimage"},"thumbnailUrl":"https:\/\/decouvrirensemble.com\/wp-content\/uploads\/2022\/08\/Durmitor-Montenegro-blog-voyage.jpg","datePublished":"2022-08-14T16:50:27+00:00","dateModified":"2026-01-06T14:50:04+00:00","description":"\u00bfPiensa visitar Durmitor en su viaje a Montenegro? Descubra nuestros consejos y visitas imprescindibles de este parque nacional","breadcrumb":{"@id":"https:\/\/decouvrirensemble.com\/es\/durmitor-montenegro#breadcrumb"},"inLanguage":"es","potentialAction":[{"@type":"ReadAction","target":["https:\/\/decouvrirensemble.com\/es\/durmitor-montenegro"]}]},{"@type":"ImageObject","inLanguage":"es","@id":"https:\/\/decouvrirensemble.com\/es\/durmitor-montenegro#primaryimage","url":"https:\/\/decouvrirensemble.com\/wp-content\/uploads\/2022\/08\/Durmitor-Montenegro-blog-voyage.jpg","contentUrl":"https:\/\/decouvrirensemble.com\/wp-content\/uploads\/2022\/08\/Durmitor-Montenegro-blog-voyage.jpg","width":1800,"height":1350,"caption":"Durmitor"},{"@type":"BreadcrumbList","@id":"https:\/\/decouvrirensemble.com\/es\/durmitor-montenegro#breadcrumb","itemListElement":[{"@type":"ListItem","position":1,"name":"Accueil","item":"https:\/\/decouvrirensemble.com\/es"},{"@type":"ListItem","position":2,"name":"Destinos","item":"https:\/\/decouvrirensemble.com\/es\/destinos"},{"@type":"ListItem","position":3,"name":"Montenegro","item":"https:\/\/decouvrirensemble.com\/es\/destinos\/montenegro"},{"@type":"ListItem","position":4,"name":"Durmitor, visite el parque nacional de Montenegro"}]},{"@type":"WebSite","@id":"https:\/\/decouvrirensemble.com\/es#website","url":"https:\/\/decouvrirensemble.com\/es","name":"Blog Voyage - D\u00e9couvrir Ensemble","description":"Le Blog Voyage de Clem et Alex","publisher":{"@id":"https:\/\/decouvrirensemble.com\/es#\/schema\/person\/a53efd44d02eb7f9ab90f96e84a9d2ba"},"potentialAction":[{"@type":"SearchAction","target":{"@type":"EntryPoint","urlTemplate":"https:\/\/decouvrirensemble.com\/es?s={search_term_string}"},"query-input":{"@type":"PropertyValueSpecification","valueRequired":true,"valueName":"search_term_string"}}],"inLanguage":"es"},{"@type":["Person","Organization"],"@id":"https:\/\/decouvrirensemble.com\/es#\/schema\/person\/a53efd44d02eb7f9ab90f96e84a9d2ba","name":"Cl\u00e9mence &amp; Alexandre","image":{"@type":"ImageObject","inLanguage":"es","@id":"https:\/\/decouvrirensemble.com\/wp-content\/uploads\/2024\/04\/logo-decouvrir-ensemble-blog-voyage.jpg","url":"https:\/\/decouvrirensemble.com\/wp-content\/uploads\/2024\/04\/logo-decouvrir-ensemble-blog-voyage.jpg","contentUrl":"https:\/\/decouvrirensemble.com\/wp-content\/uploads\/2024\/04\/logo-decouvrir-ensemble-blog-voyage.jpg","width":1563,"height":529,"caption":"Cl\u00e9mence &amp; Alexandre"},"logo":{"@id":"https:\/\/decouvrirensemble.com\/wp-content\/uploads\/2024\/04\/logo-decouvrir-ensemble-blog-voyage.jpg"},"sameAs":["https:\/\/decouvrirensemble.com\/"]}]}},"modified_by":"Cl\u00e9mence &amp; Alexandre","_links":{"self":[{"href":"https:\/\/decouvrirensemble.com\/es\/wp-json\/wp\/v2\/posts\/53558","targetHints":{"allow":["GET"]}}],"collection":[{"href":"https:\/\/decouvrirensemble.com\/es\/wp-json\/wp\/v2\/posts"}],"about":[{"href":"https:\/\/decouvrirensemble.com\/es\/wp-json\/wp\/v2\/types\/post"}],"author":[{"embeddable":true,"href":"https:\/\/decouvrirensemble.com\/es\/wp-json\/wp\/v2\/users\/1"}],"replies":[{"embeddable":true,"href":"https:\/\/decouvrirensemble.com\/es\/wp-json\/wp\/v2\/comments?post=53558"}],"version-history":[{"count":1,"href":"https:\/\/decouvrirensemble.com\/es\/wp-json\/wp\/v2\/posts\/53558\/revisions"}],"predecessor-version":[{"id":63569,"href":"https:\/\/decouvrirensemble.com\/es\/wp-json\/wp\/v2\/posts\/53558\/revisions\/63569"}],"wp:featuredmedia":[{"embeddable":true,"href":"https:\/\/decouvrirensemble.com\/es\/wp-json\/wp\/v2\/media\/47651"}],"wp:attachment":[{"href":"https:\/\/decouvrirensemble.com\/es\/wp-json\/wp\/v2\/media?parent=53558"}],"wp:term":[{"taxonomy":"category","embeddable":true,"href":"https:\/\/decouvrirensemble.com\/es\/wp-json\/wp\/v2\/categories?post=53558"},{"taxonomy":"post_tag","embeddable":true,"href":"https:\/\/decouvrirensemble.com\/es\/wp-json\/wp\/v2\/tags?post=53558"}],"curies":[{"name":"wp","href":"https:\/\/api.w.org\/{rel}","templated":true}]}}