{"id":53579,"date":"2017-09-26T11:49:19","date_gmt":"2017-09-26T09:49:19","guid":{"rendered":"https:\/\/decouvrirensemble.com\/que-faire-a-porto"},"modified":"2026-01-06T16:27:34","modified_gmt":"2026-01-06T15:27:34","slug":"que-ver-en-oporto","status":"publish","type":"post","link":"https:\/\/decouvrirensemble.com\/es\/que-ver-en-oporto","title":{"rendered":"Qu\u00e9 ver en Oporto: Nuestros imprescindibles"},"content":{"rendered":"<p>A s\u00f3lo dos horas de avi\u00f3n de Par\u00eds o Burdeos, es f\u00e1cil descubrir Oporto y Portugal en general. Hoy, en nuestro <strong>blog de viajes<\/strong>, compartimos con usted una gu\u00eda completa de los mejores lugares que visitar en <strong>Oporto<\/strong>. Esperamos que te ayude a saber<strong> qu\u00e9 hacer en Oporto<\/strong>. \u00a1Feliz lectura!<\/p>\n<h2 id=\"que-faire\"><span class=\"ez-toc-section\" id=\"%C2%BFQue_ver_en_Oporto_Nuestra_lista_de_imprescindibles\"><\/span>\u00bfQu\u00e9 ver en Oporto? Nuestra lista de imprescindibles<span class=\"ez-toc-section-end\"><\/span><\/h2>\n<h3><span class=\"ez-toc-section\" id=\"1_La_estacion_de_Sao_Bento_y_sus_Azulejos\"><\/span>1. La estaci\u00f3n de S\u00e3o Bento y sus Azulejos<span class=\"ez-toc-section-end\"><\/span><\/h3>\n<p>Oporto alberga una de las estaciones de ferrocarril m\u00e1s bellas de Europa, gracias a sus paredes decoradas con azulejos. Pero, \u00bfqu\u00e9 son los azulejos? Los azulejos se han convertido en uno de los s\u00edmbolos de Portugal. Los azulejos de la estaci\u00f3n de Oporto son especialmente magn\u00edficos y representan los grandes descubrimientos y conquistas del pueblo portugu\u00e9s. Por su excelente ubicaci\u00f3n y servicio, la estaci\u00f3n suele ser la primera escala para muchos visitantes de Oporto.<\/p>\n<p>Un peque\u00f1o consejo: si pasa varios d\u00edas en Oporto, no dude en tomar el tren a <a href=\"https:\/\/decouvrirensemble.com\/es\/que-ver-en-aveiro\">Aveiro<\/a>. A s\u00f3lo una hora de Oporto, esta ciudad apodada la \u00abPeque\u00f1a Venecia\u00bb es una visita obligada en la regi\u00f3n.<\/p>\n<p>[aveiro]<\/p>\n<img decoding=\"async\" class=\"alignnone size-full wp-image-16415\" src=\"https:\/\/decouvrirensemble.com\/wp-content\/uploads\/2017\/09\/Gare_Sao_Bento_Porto.jpg\" alt=\"Gare Sao Bento\" width=\"1800\" height=\"1200\" srcset=\"https:\/\/decouvrirensemble.com\/wp-content\/uploads\/2017\/09\/Gare_Sao_Bento_Porto.jpg 1800w, https:\/\/decouvrirensemble.com\/wp-content\/uploads\/2017\/09\/Gare_Sao_Bento_Porto-300x200.jpg 300w, https:\/\/decouvrirensemble.com\/wp-content\/uploads\/2017\/09\/Gare_Sao_Bento_Porto-1024x683.jpg 1024w, https:\/\/decouvrirensemble.com\/wp-content\/uploads\/2017\/09\/Gare_Sao_Bento_Porto-768x512.jpg 768w, https:\/\/decouvrirensemble.com\/wp-content\/uploads\/2017\/09\/Gare_Sao_Bento_Porto-1536x1024.jpg 1536w\" sizes=\"(max-width: 1800px) 100vw, 1800px\" \/>\n<div id=\"attachment_16414\" style=\"width: 1810px\" class=\"wp-caption alignnone\"><img decoding=\"async\" aria-describedby=\"caption-attachment-16414\" class=\"wp-image-16414 size-full\" src=\"https:\/\/decouvrirensemble.com\/wp-content\/uploads\/2017\/09\/Gare_Sao_Bento_Porto_Azulejos.jpg\" alt=\"Azulejos Porto\" width=\"1800\" height=\"1200\" srcset=\"https:\/\/decouvrirensemble.com\/wp-content\/uploads\/2017\/09\/Gare_Sao_Bento_Porto_Azulejos.jpg 1800w, https:\/\/decouvrirensemble.com\/wp-content\/uploads\/2017\/09\/Gare_Sao_Bento_Porto_Azulejos-300x200.jpg 300w, https:\/\/decouvrirensemble.com\/wp-content\/uploads\/2017\/09\/Gare_Sao_Bento_Porto_Azulejos-1024x683.jpg 1024w, https:\/\/decouvrirensemble.com\/wp-content\/uploads\/2017\/09\/Gare_Sao_Bento_Porto_Azulejos-768x512.jpg 768w, https:\/\/decouvrirensemble.com\/wp-content\/uploads\/2017\/09\/Gare_Sao_Bento_Porto_Azulejos-1536x1024.jpg 1536w\" sizes=\"(max-width: 1800px) 100vw, 1800px\" \/><p id=\"caption-attachment-16414\" class=\"wp-caption-text\">Los Azulejos de la Estaci\u00f3n de S\u00e3o Bento<\/p><\/div>\n<h3><span class=\"ez-toc-section\" id=\"2_Rua_Santa_Catarina_y_el_Cafe_Majestic\"><\/span>2. Rua Santa Catarina y el Caf\u00e9 Majestic<span class=\"ez-toc-section-end\"><\/span><\/h3>\n<p>A continuaci\u00f3n, dir\u00edjase a la calle principal de Oporto, la Rua <a href=\"https:\/\/maps.app.goo.gl\/W9kipMrP5f7t1gBW7\" rel=\"noopener\">Santa Catarina<\/a>. Aqu\u00ed encontrar\u00e1 un sinf\u00edn de tiendas y caf\u00e9s, entre ellos el m\u00e1s famoso de todos: el Caf\u00e9 Majestic. Emblema de los a\u00f1os 20, este caf\u00e9 es uno de los 10 m\u00e1s bonitos del mundo, \u00a1nada menos! As\u00ed que no dude en pasar a admirar su arquitectura y disfrutar de un dulce. \u00bfEres fan de los past\u00e9is de nata? Entonces ha llegado al lugar adecuado.<\/p>\n<p>Conviene saberlo: Cuidado con los precios, que son (mucho) m\u00e1s altos que la media: por ejemplo, el caf\u00e9 cuesta 3,90 euros, frente a 1 euro en cualquier otro lugar de la ciudad. A pesar de la diferencia de precio, los productos que se ofrecen son muy buenos y el entorno excepcional, \u00a1suficiente para que quieras ir all\u00ed al menos una vez durante tu estancia!<\/p>\n<img decoding=\"async\" class=\"alignnone size-full wp-image-16423\" src=\"https:\/\/decouvrirensemble.com\/wp-content\/uploads\/2017\/09\/Que_faire_a_porto_cafe_majestic.jpg\" alt=\"Cafe Majestic Porto\" width=\"1800\" height=\"1200\" srcset=\"https:\/\/decouvrirensemble.com\/wp-content\/uploads\/2017\/09\/Que_faire_a_porto_cafe_majestic.jpg 1800w, https:\/\/decouvrirensemble.com\/wp-content\/uploads\/2017\/09\/Que_faire_a_porto_cafe_majestic-300x200.jpg 300w, https:\/\/decouvrirensemble.com\/wp-content\/uploads\/2017\/09\/Que_faire_a_porto_cafe_majestic-1024x683.jpg 1024w, https:\/\/decouvrirensemble.com\/wp-content\/uploads\/2017\/09\/Que_faire_a_porto_cafe_majestic-768x512.jpg 768w, https:\/\/decouvrirensemble.com\/wp-content\/uploads\/2017\/09\/Que_faire_a_porto_cafe_majestic-1536x1024.jpg 1536w\" sizes=\"(max-width: 1800px) 100vw, 1800px\" \/>\n<h3><span class=\"ez-toc-section\" id=\"3_El_Mercado_do_Bolhao\"><\/span>3. El Mercado do Bolh\u00e3o<span class=\"ez-toc-section-end\"><\/span><\/h3>\n<p>Para esta parada, dir\u00edjase al mercado do <a href=\"https:\/\/maps.app.goo.gl\/SFDHegGnaxBtgEnq9\" rel=\"noopener\">Bolh\u00e3o<\/a>. Es estupendo pasear por este t\u00edpico mercado portugu\u00e9s al aire libre. Encontrar\u00e1 productos y especialidades locales (frutas, verduras, embutidos, flores, etc.) a precios muy razonables. El mercado abre de lunes a viernes de 07.00 a 17.00 y los s\u00e1bados de 07.00 a 13.00.<\/p>\n<p>Para los amantes de los azulejos: \u00a1no se pierda la <a href=\"https:\/\/maps.app.goo.gl\/Jgy6rHUri3c43cZMA\" rel=\"noopener noreferrer\">Capela Das Almas (Capilla de las Almas <\/a>), a menos de 50 metros del mercado!<\/p>\n<div id=\"attachment_16425\" style=\"width: 1810px\" class=\"wp-caption alignnone\"><img decoding=\"async\" aria-describedby=\"caption-attachment-16425\" class=\"wp-image-16425 size-full\" src=\"https:\/\/decouvrirensemble.com\/wp-content\/uploads\/2017\/09\/Que_faire_a_Porto_Mercado-do-Bolhao.jpg\" alt=\"Visiter Porto en 3 jours\" width=\"1800\" height=\"1200\" srcset=\"https:\/\/decouvrirensemble.com\/wp-content\/uploads\/2017\/09\/Que_faire_a_Porto_Mercado-do-Bolhao.jpg 1800w, https:\/\/decouvrirensemble.com\/wp-content\/uploads\/2017\/09\/Que_faire_a_Porto_Mercado-do-Bolhao-300x200.jpg 300w, https:\/\/decouvrirensemble.com\/wp-content\/uploads\/2017\/09\/Que_faire_a_Porto_Mercado-do-Bolhao-1024x683.jpg 1024w, https:\/\/decouvrirensemble.com\/wp-content\/uploads\/2017\/09\/Que_faire_a_Porto_Mercado-do-Bolhao-768x512.jpg 768w, https:\/\/decouvrirensemble.com\/wp-content\/uploads\/2017\/09\/Que_faire_a_Porto_Mercado-do-Bolhao-1536x1024.jpg 1536w\" sizes=\"(max-width: 1800px) 100vw, 1800px\" \/><p id=\"caption-attachment-16425\" class=\"wp-caption-text\">Mercado do Bolh\u00e3o<\/p><\/div>\n<img decoding=\"async\" class=\"alignnone size-full wp-image-16416\" src=\"https:\/\/decouvrirensemble.com\/wp-content\/uploads\/2017\/09\/Mercado-do-Bolhao-Porto.jpg\" alt=\"Mercado do Bolhao\" width=\"1800\" height=\"1200\" srcset=\"https:\/\/decouvrirensemble.com\/wp-content\/uploads\/2017\/09\/Mercado-do-Bolhao-Porto.jpg 1800w, https:\/\/decouvrirensemble.com\/wp-content\/uploads\/2017\/09\/Mercado-do-Bolhao-Porto-300x200.jpg 300w, https:\/\/decouvrirensemble.com\/wp-content\/uploads\/2017\/09\/Mercado-do-Bolhao-Porto-1024x683.jpg 1024w, https:\/\/decouvrirensemble.com\/wp-content\/uploads\/2017\/09\/Mercado-do-Bolhao-Porto-768x512.jpg 768w, https:\/\/decouvrirensemble.com\/wp-content\/uploads\/2017\/09\/Mercado-do-Bolhao-Porto-1536x1024.jpg 1536w\" sizes=\"(max-width: 1800px) 100vw, 1800px\" \/>\n<h3><span class=\"ez-toc-section\" id=\"4_Livraria_Lello\"><\/span>4. Livraria Lello<span class=\"ez-toc-section-end\"><\/span><\/h3>\n<p>Cambia de ambiente con una visita a la famosa <a href=\"https:\/\/maps.app.goo.gl\/HTuC7WyxqtEXXwtq6\" rel=\"noopener\">Livraria Lello<\/a>. Este lugar est\u00e1 clasificado como la tercera mejor librer\u00eda del mundo por The Guardian y Lonely Planet. Menci\u00f3n especial merece su doble escalera, que nos encant\u00f3: \u00a1es magn\u00edfica! Inaugurado en 1906, atrae a muchos turistas cada d\u00eda, as\u00ed que prep\u00e1rate para hacer cola antes de entrar \ud83d\ude09<\/p>\n<p>Dato curioso: fans de Harry Potter, hab\u00e9is venido al lugar adecuado \ud83d\ude09 S\u00ed, se dice que J.K. Rowling, que vivi\u00f3 en Oporto durante varios a\u00f1os, escribi\u00f3 varias p\u00e1ginas del primer volumen de la serie Harry Potter en el caf\u00e9 del segundo piso. Incluso se dice que el local inspir\u00f3 la librer\u00eda Fleury &amp; Bott de la serie. Si est\u00e1s buscando algo que hacer en Oporto, \u00a1esta podr\u00eda ser una gran idea para una visita inusual!<\/p>\n<blockquote class=\"instagram-media\" style=\"background: #FFF; border: 0; border-radius: 3px; box-shadow: 0 0 1px 0 rgba(0,0,0,0.5),0 1px 10px 0 rgba(0,0,0,0.15); margin: 1px; max-width: 540px; min-width: 326px; padding: 0; width: calc(100% - 2px);\" data-instgrm-version=\"14\" data-instgrm-permalink=\"https:\/\/www.instagram.com\/p\/CZC_GixqjUU\/?utm_source=ig_embed&amp;utm_campaign=loading\">\n<div style=\"padding: 16px;\">\n<p>&nbsp;<\/p>\n<div style=\"display: flex; flex-direction: row; align-items: center;\">\n<div style=\"background-color: #f4f4f4; border-radius: 50%; flex-grow: 0; height: 40px; margin-right: 14px; width: 40px;\">&nbsp;<\/div>\n<div style=\"display: flex; flex-direction: column; flex-grow: 1; justify-content: center;\">\n<div style=\"background-color: #f4f4f4; border-radius: 4px; flex-grow: 0; height: 14px; margin-bottom: 6px; width: 100px;\">&nbsp;<\/div>\n<div style=\"background-color: #f4f4f4; border-radius: 4px; flex-grow: 0; height: 14px; width: 60px;\">&nbsp;<\/div>\n<\/div>\n<\/div>\n<div style=\"padding: 19% 0;\">&nbsp;<\/div>\n<div style=\"display: block; height: 50px; margin: 0 auto 12px; width: 50px;\">&nbsp;<\/div>\n<div style=\"padding-top: 8px;\">\n<div style=\"color: #3897f0; font-family: Arial,sans-serif; font-size: 14px; font-style: normal; font-weight: 550; line-height: 18px;\">Ver esta publicaci\u00f3n en Instagram<\/div>\n<\/div>\n<div style=\"padding: 12.5% 0;\">&nbsp;<\/div>\n<div style=\"display: flex; flex-direction: row; margin-bottom: 14px; align-items: center;\">\n<div>\n<div style=\"background-color: #f4f4f4; border-radius: 50%; height: 12.5px; width: 12.5px; transform: translateX(0px) translateY(7px);\">&nbsp;<\/div>\n<div style=\"background-color: #f4f4f4; height: 12.5px; transform: rotate(-45deg) translateX(3px) translateY(1px); width: 12.5px; flex-grow: 0; margin-right: 14px; margin-left: 2px;\">&nbsp;<\/div>\n<div style=\"background-color: #f4f4f4; border-radius: 50%; height: 12.5px; width: 12.5px; transform: translateX(9px) translateY(-18px);\">&nbsp;<\/div>\n<\/div>\n<div style=\"margin-left: 8px;\">\n<div style=\"background-color: #f4f4f4; border-radius: 50%; flex-grow: 0; height: 20px; width: 20px;\">&nbsp;<\/div>\n<div style=\"width: 0; height: 0; border-top: 2px solid transparent; border-left: 6px solid #f4f4f4; border-bottom: 2px solid transparent; transform: translateX(16px) translateY(-4px) rotate(30deg);\">&nbsp;<\/div>\n<\/div>\n<div style=\"margin-left: auto;\">\n<div style=\"width: 0px; border-top: 8px solid #F4F4F4; border-right: 8px solid transparent; transform: translateY(16px);\">&nbsp;<\/div>\n<div style=\"background-color: #f4f4f4; flex-grow: 0; height: 12px; width: 16px; transform: translateY(-4px);\">&nbsp;<\/div>\n<div style=\"width: 0; height: 0; border-top: 8px solid #F4F4F4; border-left: 8px solid transparent; transform: translateY(-4px) translateX(8px);\">&nbsp;<\/div>\n<\/div>\n<\/div>\n<div style=\"display: flex; flex-direction: column; flex-grow: 1; justify-content: center; margin-bottom: 24px;\">\n<div style=\"background-color: #f4f4f4; border-radius: 4px; flex-grow: 0; height: 14px; margin-bottom: 6px; width: 224px;\">&nbsp;<\/div>\n<div style=\"background-color: #f4f4f4; border-radius: 4px; flex-grow: 0; height: 14px; width: 144px;\">&nbsp;<\/div>\n<\/div>\n<p>&nbsp;<\/p>\n<p style=\"color: #c9c8cd; font-family: Arial,sans-serif; font-size: 14px; line-height: 17px; margin-bottom: 0; margin-top: 8px; overflow: hidden; padding: 8px 0 7px; text-align: center; text-overflow: ellipsis; white-space: nowrap;\"><a style=\"color: #c9c8cd; font-family: Arial,sans-serif; font-size: 14px; font-style: normal; font-weight: normal; line-height: 17px; text-decoration: none;\" href=\"https:\/\/www.instagram.com\/p\/CZC_GixqjUU\/?utm_source=ig_embed&amp;utm_campaign=loading\" rel=\"noopener\">Una publicaci\u00f3n compartida por Visit Porto (@visitporto)<\/a><\/p>\n<\/div>\n<\/blockquote>\n<p><script src=\"\/\/www.instagram.com\/embed.js\" async=\"\"><\/script>&nbsp;<\/p>\n<h3><span class=\"ez-toc-section\" id=\"5_La_Torre_de_los_Clerigos\"><\/span>5. La Torre de los Cl\u00e9rigos<span class=\"ez-toc-section-end\"><\/span><\/h3>\n<p>Una vez que haya salido de la librer\u00eda, contin\u00fae su exploraci\u00f3n de la ciudad con la <a href=\"https:\/\/maps.app.goo.gl\/4jzgN6z5F8vmNxS59\" rel=\"noopener\">Torre de los Cl\u00e9rigos<\/a>. Tras pagar la entrada (4 \u20ac) y subir los (muy) numerosos escalones hasta el campanario, tendr\u00e1 una magn\u00edfica vista de 360\u00b0 de la ciudad.<\/p>\n<p>Consejo pr\u00e1ctico: las escaleras hasta la cima del campanario son muy estrechas. Esto dificulta la subida a las personas con movilidad reducida. Como no hay ascensor, le aconsejamos que evite la visita si est\u00e1 afectado.<\/p>\n<img decoding=\"async\" class=\"alignnone size-full wp-image-16424\" src=\"https:\/\/decouvrirensemble.com\/wp-content\/uploads\/2017\/09\/Que_faire_a_Porto_Clerigos_Tower.jpg\" alt=\"Clerigos Tower\" width=\"1800\" height=\"1200\" srcset=\"https:\/\/decouvrirensemble.com\/wp-content\/uploads\/2017\/09\/Que_faire_a_Porto_Clerigos_Tower.jpg 1800w, https:\/\/decouvrirensemble.com\/wp-content\/uploads\/2017\/09\/Que_faire_a_Porto_Clerigos_Tower-300x200.jpg 300w, https:\/\/decouvrirensemble.com\/wp-content\/uploads\/2017\/09\/Que_faire_a_Porto_Clerigos_Tower-1024x683.jpg 1024w, https:\/\/decouvrirensemble.com\/wp-content\/uploads\/2017\/09\/Que_faire_a_Porto_Clerigos_Tower-768x512.jpg 768w, https:\/\/decouvrirensemble.com\/wp-content\/uploads\/2017\/09\/Que_faire_a_Porto_Clerigos_Tower-1536x1024.jpg 1536w\" sizes=\"(max-width: 1800px) 100vw, 1800px\" \/>\n<h3><span class=\"ez-toc-section\" id=\"6_Rua_das_Flores\"><\/span>6. Rua das Flores<span class=\"ez-toc-section-end\"><\/span><\/h3>\n<p>A continuaci\u00f3n, dir\u00edjase a una de las calles m\u00e1s conocidas de Oporto, <a href=\"https:\/\/maps.app.goo.gl\/jw4MKCFfKP67yq2L9\" rel=\"noopener\">la Rua das Flores<\/a>. Es imposible <strong>visitar Oporto en 3 d\u00edas<\/strong> sin dar un paseo por esta calle. Ignorada durante mucho tiempo, esta calle ha sido completamente restaurada en los \u00faltimos a\u00f1os. Es una calle emblem\u00e1tica tanto para los turistas como para los lugare\u00f1os. Es el lugar al que ir para echar un vistazo a las tiendas de artesan\u00eda y comer algo.<\/p>\n<p>De hecho, es un lugar ideal para encontrar una amplia gama de restaurantes de todos los precios. Adem\u00e1s, la calle est\u00e1 animada tanto de d\u00eda como de noche, con multitud de m\u00fasicos y otros talentosos artistas callejeros.<\/p>\n<p><b>\u00bfD\u00f3nde comer? <\/b> Si le gusta la comida t\u00edpica, asequible y deliciosa, le recomendamos <a href=\"https:\/\/maps.app.goo.gl\/k4nFxZQsGD6Q8Bsc6\" rel=\"noopener\">Picota<\/a>: un restaurante t\u00edpico portugu\u00e9s con una excelente relaci\u00f3n calidad-precio, situado en plena calle. \u00a1Prego no Prato y otros restaurantes Francesinha no deben preocuparse!<\/p>\n<img decoding=\"async\" class=\"wp-image-16428 size-full alignnone\" src=\"https:\/\/decouvrirensemble.com\/wp-content\/uploads\/2017\/09\/Rua_das_Flores_Porto.jpg\" alt=\"Visiter Porto en 3 jours\" width=\"1800\" height=\"1200\" srcset=\"https:\/\/decouvrirensemble.com\/wp-content\/uploads\/2017\/09\/Rua_das_Flores_Porto.jpg 1800w, https:\/\/decouvrirensemble.com\/wp-content\/uploads\/2017\/09\/Rua_das_Flores_Porto-300x200.jpg 300w, https:\/\/decouvrirensemble.com\/wp-content\/uploads\/2017\/09\/Rua_das_Flores_Porto-1024x683.jpg 1024w, https:\/\/decouvrirensemble.com\/wp-content\/uploads\/2017\/09\/Rua_das_Flores_Porto-768x512.jpg 768w, https:\/\/decouvrirensemble.com\/wp-content\/uploads\/2017\/09\/Rua_das_Flores_Porto-1536x1024.jpg 1536w\" sizes=\"(max-width: 1800px) 100vw, 1800px\" \/>\n<img decoding=\"async\" class=\"size-full wp-image-16427 alignnone\" src=\"https:\/\/decouvrirensemble.com\/wp-content\/uploads\/2017\/09\/Que_faire_a_Porto_Rua_das-Flores.jpg\" alt=\"Que faire a Porto\" width=\"1800\" height=\"1200\" srcset=\"https:\/\/decouvrirensemble.com\/wp-content\/uploads\/2017\/09\/Que_faire_a_Porto_Rua_das-Flores.jpg 1800w, https:\/\/decouvrirensemble.com\/wp-content\/uploads\/2017\/09\/Que_faire_a_Porto_Rua_das-Flores-300x200.jpg 300w, https:\/\/decouvrirensemble.com\/wp-content\/uploads\/2017\/09\/Que_faire_a_Porto_Rua_das-Flores-1024x683.jpg 1024w, https:\/\/decouvrirensemble.com\/wp-content\/uploads\/2017\/09\/Que_faire_a_Porto_Rua_das-Flores-768x512.jpg 768w, https:\/\/decouvrirensemble.com\/wp-content\/uploads\/2017\/09\/Que_faire_a_Porto_Rua_das-Flores-1536x1024.jpg 1536w\" sizes=\"(max-width: 1800px) 100vw, 1800px\" \/>\n<h3><span class=\"ez-toc-section\" id=\"7_El_barrio_de_la_Ribeira_el_viejo_Oporto_y_el_puente_Dom-Luis\"><\/span>7. El barrio de la Ribeira, el viejo Oporto y el puente Dom-Lu\u00eds<span class=\"ez-toc-section-end\"><\/span><\/h3>\n<p>Declarado Patrimonio de la Humanidad por la UNESCO en 1995, <a href=\"https:\/\/maps.app.goo.gl\/gd3Jz522yh4pPZgEA\" rel=\"noopener\">el barrio de la Ribeira<\/a> es el coraz\u00f3n tur\u00edstico de la ciudad. \u00bfLo m\u00e1s destacado? Sus fachadas multicolores, sus restaurantes y sus incre\u00edbles vistas sobre el Duero y el puente Dom-Lu\u00eds. El encanto at\u00edpico e incondicional de sus edificios le conquistar\u00e1, \u00a1como a nosotros!<\/p>\n<p>Es tambi\u00e9n el punto de partida de los cruceros en barco por el Duero. A continuaci\u00f3n, contin\u00fae su recorrido por el distrito cruzando a pie el puente Dom-Lu\u00eds. Disfrutar\u00e1 de una vista panor\u00e1mica \u00fanica de todo el barrio.<\/p>\n<p>Consejo: \u00a1Para a tomar un caf\u00e9 en el <a href=\"https:\/\/maps.app.goo.gl\/Hd6gBLDYWzYnA6Dw8\" rel=\"noopener noreferrer\">bar Ponte Bresil<\/a>, a pocos metros del puente Dom-Lu\u00eds, para disfrutar de una vista excepcional! \ud83d\ude42<\/p>\n<div id=\"attachment_16426\" style=\"width: 1810px\" class=\"wp-caption alignnone\"><img decoding=\"async\" aria-describedby=\"caption-attachment-16426\" class=\"wp-image-16426 size-full\" src=\"https:\/\/decouvrirensemble.com\/wp-content\/uploads\/2017\/09\/Que_faire_a_Porto_quartier_de_la_Ribeira.jpg\" alt=\"Que faire \u00e0 Porto\" width=\"1800\" height=\"1200\" srcset=\"https:\/\/decouvrirensemble.com\/wp-content\/uploads\/2017\/09\/Que_faire_a_Porto_quartier_de_la_Ribeira.jpg 1800w, https:\/\/decouvrirensemble.com\/wp-content\/uploads\/2017\/09\/Que_faire_a_Porto_quartier_de_la_Ribeira-300x200.jpg 300w, https:\/\/decouvrirensemble.com\/wp-content\/uploads\/2017\/09\/Que_faire_a_Porto_quartier_de_la_Ribeira-1024x683.jpg 1024w, https:\/\/decouvrirensemble.com\/wp-content\/uploads\/2017\/09\/Que_faire_a_Porto_quartier_de_la_Ribeira-768x512.jpg 768w, https:\/\/decouvrirensemble.com\/wp-content\/uploads\/2017\/09\/Que_faire_a_Porto_quartier_de_la_Ribeira-1536x1024.jpg 1536w\" sizes=\"(max-width: 1800px) 100vw, 1800px\" \/><p id=\"caption-attachment-16426\" class=\"wp-caption-text\">Barrio de Ribeira<\/p><\/div>\n<img decoding=\"async\" class=\"alignnone size-full wp-image-16421\" src=\"https:\/\/decouvrirensemble.com\/wp-content\/uploads\/2017\/09\/Quartier_de_la_Ribeira_Porto.jpg\" alt=\"Quartier de la Ribeira\" width=\"1800\" height=\"1200\" srcset=\"https:\/\/decouvrirensemble.com\/wp-content\/uploads\/2017\/09\/Quartier_de_la_Ribeira_Porto.jpg 1800w, https:\/\/decouvrirensemble.com\/wp-content\/uploads\/2017\/09\/Quartier_de_la_Ribeira_Porto-300x200.jpg 300w, https:\/\/decouvrirensemble.com\/wp-content\/uploads\/2017\/09\/Quartier_de_la_Ribeira_Porto-1024x683.jpg 1024w, https:\/\/decouvrirensemble.com\/wp-content\/uploads\/2017\/09\/Quartier_de_la_Ribeira_Porto-768x512.jpg 768w, https:\/\/decouvrirensemble.com\/wp-content\/uploads\/2017\/09\/Quartier_de_la_Ribeira_Porto-1536x1024.jpg 1536w\" sizes=\"(max-width: 1800px) 100vw, 1800px\" \/>\n<img decoding=\"async\" class=\"alignnone size-full wp-image-16420\" src=\"https:\/\/decouvrirensemble.com\/wp-content\/uploads\/2017\/09\/Porto_Ribeira_Blog_voyage.jpg\" alt=\"Quartier de la Ribeira\" width=\"1800\" height=\"1200\" srcset=\"https:\/\/decouvrirensemble.com\/wp-content\/uploads\/2017\/09\/Porto_Ribeira_Blog_voyage.jpg 1800w, https:\/\/decouvrirensemble.com\/wp-content\/uploads\/2017\/09\/Porto_Ribeira_Blog_voyage-300x200.jpg 300w, https:\/\/decouvrirensemble.com\/wp-content\/uploads\/2017\/09\/Porto_Ribeira_Blog_voyage-1024x683.jpg 1024w, https:\/\/decouvrirensemble.com\/wp-content\/uploads\/2017\/09\/Porto_Ribeira_Blog_voyage-768x512.jpg 768w, https:\/\/decouvrirensemble.com\/wp-content\/uploads\/2017\/09\/Porto_Ribeira_Blog_voyage-1536x1024.jpg 1536w\" sizes=\"(max-width: 1800px) 100vw, 1800px\" \/>\n<h3><span class=\"ez-toc-section\" id=\"8_Bodegas_Taylors_Port\"><\/span>8. Bodegas Taylor&#8217;s Port<span class=\"ez-toc-section-end\"><\/span><\/h3>\n<p>Termine el d\u00eda con una visita a una antigua bodega, <a href=\"https:\/\/maps.app.goo.gl\/h5oCo7Tao3rowHov8\" rel=\"noopener\">Taylor&#8217;s Port Cellars<\/a>. Por 12 euros, podr\u00e1 disfrutar de una audiogu\u00eda de una hora sobre la historia del vino de Oporto. Tambi\u00e9n podr\u00e1 degustar dos oportos en un magn\u00edfico jard\u00edn. En definitiva, una visita muy agradable que no deber\u00eda perderse.<\/p>\n<p>Informaci\u00f3n pr\u00e1ctica: Si termina aqu\u00ed su estancia en Oporto, prevea 30 minutos a pie para llegar a la estaci\u00f3n de S\u00e3o Bento.<\/p>\n<img decoding=\"async\" class=\"alignnone size-full wp-image-16413\" src=\"https:\/\/decouvrirensemble.com\/wp-content\/uploads\/2017\/09\/Cave_Porto_Taylors.jpg\" alt=\"Cava Porto\" width=\"1800\" height=\"1200\" srcset=\"https:\/\/decouvrirensemble.com\/wp-content\/uploads\/2017\/09\/Cave_Porto_Taylors.jpg 1800w, https:\/\/decouvrirensemble.com\/wp-content\/uploads\/2017\/09\/Cave_Porto_Taylors-300x200.jpg 300w, https:\/\/decouvrirensemble.com\/wp-content\/uploads\/2017\/09\/Cave_Porto_Taylors-1024x683.jpg 1024w, https:\/\/decouvrirensemble.com\/wp-content\/uploads\/2017\/09\/Cave_Porto_Taylors-768x512.jpg 768w, https:\/\/decouvrirensemble.com\/wp-content\/uploads\/2017\/09\/Cave_Porto_Taylors-1536x1024.jpg 1536w\" sizes=\"(max-width: 1800px) 100vw, 1800px\" \/>\n<p>[lisboa]<\/p>\n<h2 id=\"dormir\"><span class=\"ez-toc-section\" id=\"%C2%BFDonde_dormir_en_Oporto\"><\/span>\u00bfD\u00f3nde dormir en Oporto?<span class=\"ez-toc-section-end\"><\/span><\/h2>\n<h3><span class=\"ez-toc-section\" id=\"Pisos_Seventyset\"><\/span>Pisos Seventyset<span class=\"ez-toc-section-end\"><\/span><\/h3>\n<p>Este piso hotel en Oporto, cerca del barrio de la Ribeira, nos sedujo sobre todo por su decoraci\u00f3n de dise\u00f1o. Adem\u00e1s de su bonita decoraci\u00f3n, estos aparthoteles son muy funcionales porque en ellos se puede cocinar, \u00a1lo que da la impresi\u00f3n de vivir en Oporto durante unos d\u00edas de vacaciones!<\/p>\n<p>La ubicaci\u00f3n del hotel es una verdadera ventaja, justo enfrente del r\u00edo Duero. Puede conseguir una noche de alojamiento por 80 euros.<\/p>\n    <div class=\"niceButton\"><a href=\"https:\/\/www.booking.com\/hotel\/pt\/seventyset-flats.fr.html?aid=1286053\" target=\"_blank\" class=\"emojiLink\">\n                    <span class=\"emojiLink__emoji\">\u2764\ufe0f<\/span>\n                <span class=\"emojiLink__title title title--big\">Comprobar disponibilidad<\/span>\n    <\/a><\/div>\n\n    \n<img decoding=\"async\" class=\"alignnone size-full wp-image-16418\" src=\"https:\/\/decouvrirensemble.com\/wp-content\/uploads\/2017\/09\/ou-dormir-porto-seventyset-flats.jpg\" alt=\"ou dormir Porto\" width=\"1800\" height=\"1200\" srcset=\"https:\/\/decouvrirensemble.com\/wp-content\/uploads\/2017\/09\/ou-dormir-porto-seventyset-flats.jpg 1800w, https:\/\/decouvrirensemble.com\/wp-content\/uploads\/2017\/09\/ou-dormir-porto-seventyset-flats-300x200.jpg 300w, https:\/\/decouvrirensemble.com\/wp-content\/uploads\/2017\/09\/ou-dormir-porto-seventyset-flats-1024x683.jpg 1024w, https:\/\/decouvrirensemble.com\/wp-content\/uploads\/2017\/09\/ou-dormir-porto-seventyset-flats-768x512.jpg 768w, https:\/\/decouvrirensemble.com\/wp-content\/uploads\/2017\/09\/ou-dormir-porto-seventyset-flats-1536x1024.jpg 1536w\" sizes=\"(max-width: 1800px) 100vw, 1800px\" \/>\n<h3><span class=\"ez-toc-section\" id=\"Apartamentos_Sao_Joao_Novo\"><\/span>Apartamentos Sao Joao Novo<span class=\"ez-toc-section-end\"><\/span><\/h3>\n<p>Este apartahotel de Oporto est\u00e1 muy bien situado y ofrece unas vistas impresionantes de la ciudad y del Duero. Nos pareci\u00f3 s\u00faper acogedor y \u00a1nos encant\u00f3 la terraza! Tiene cocina, lo que es muy pr\u00e1ctico si quieres visitar Oporto durante varios d\u00edas. Puedes alquilar un loft o un estudio por una noche, tambi\u00e9n a unos 80\/100 euros la noche.<\/p>\n    <div class=\"niceButton\"><a href=\"https:\/\/www.booking.com\/hotel\/pt\/rva-sao-joao-novo-apartments.fr.html?aid=1286053\" target=\"_blank\" class=\"emojiLink\">\n                    <span class=\"emojiLink__emoji\">\u2764\ufe0f<\/span>\n                <span class=\"emojiLink__title title title--big\">Ver disponibilidad<\/span>\n    <\/a><\/div>\n\n    \n<p>[hotels-oporto]<\/p>\n<img decoding=\"async\" class=\"alignnone wp-image-16417 size-full\" src=\"https:\/\/decouvrirensemble.com\/wp-content\/uploads\/2017\/09\/ou-dormir-porto-sao-joao-novo-apartements.jpg\" alt=\"ou dormir Porto\" width=\"1800\" height=\"1200\" srcset=\"https:\/\/decouvrirensemble.com\/wp-content\/uploads\/2017\/09\/ou-dormir-porto-sao-joao-novo-apartements.jpg 1800w, https:\/\/decouvrirensemble.com\/wp-content\/uploads\/2017\/09\/ou-dormir-porto-sao-joao-novo-apartements-300x200.jpg 300w, https:\/\/decouvrirensemble.com\/wp-content\/uploads\/2017\/09\/ou-dormir-porto-sao-joao-novo-apartements-1024x683.jpg 1024w, https:\/\/decouvrirensemble.com\/wp-content\/uploads\/2017\/09\/ou-dormir-porto-sao-joao-novo-apartements-768x512.jpg 768w, https:\/\/decouvrirensemble.com\/wp-content\/uploads\/2017\/09\/ou-dormir-porto-sao-joao-novo-apartements-1536x1024.jpg 1536w\" sizes=\"(max-width: 1800px) 100vw, 1800px\" \/>\n<div id=\"attachment_16422\" style=\"width: 1810px\" class=\"wp-caption alignnone\"><img decoding=\"async\" aria-describedby=\"caption-attachment-16422\" class=\"wp-image-16422 size-full\" src=\"https:\/\/decouvrirensemble.com\/wp-content\/uploads\/2017\/09\/Que_faire_a_porto_blog_voyage.jpg\" alt=\"Que faire \u00e0 Porto\" width=\"1800\" height=\"1200\" srcset=\"https:\/\/decouvrirensemble.com\/wp-content\/uploads\/2017\/09\/Que_faire_a_porto_blog_voyage.jpg 1800w, https:\/\/decouvrirensemble.com\/wp-content\/uploads\/2017\/09\/Que_faire_a_porto_blog_voyage-300x200.jpg 300w, https:\/\/decouvrirensemble.com\/wp-content\/uploads\/2017\/09\/Que_faire_a_porto_blog_voyage-1024x683.jpg 1024w, https:\/\/decouvrirensemble.com\/wp-content\/uploads\/2017\/09\/Que_faire_a_porto_blog_voyage-768x512.jpg 768w, https:\/\/decouvrirensemble.com\/wp-content\/uploads\/2017\/09\/Que_faire_a_porto_blog_voyage-1536x1024.jpg 1536w\" sizes=\"(max-width: 1800px) 100vw, 1800px\" \/><p id=\"caption-attachment-16422\" class=\"wp-caption-text\">\u00a1Disfrute de su viaje a Oporto!<\/p><\/div>\n<p>[gracias]<\/p>\n\n\n<div class=\"kk-star-ratings kksr-auto kksr-align-left kksr-valign-bottom\"\n    data-payload='{&quot;align&quot;:&quot;left&quot;,&quot;id&quot;:&quot;53579&quot;,&quot;slug&quot;:&quot;default&quot;,&quot;valign&quot;:&quot;bottom&quot;,&quot;ignore&quot;:&quot;&quot;,&quot;reference&quot;:&quot;auto&quot;,&quot;class&quot;:&quot;&quot;,&quot;count&quot;:&quot;48&quot;,&quot;legendonly&quot;:&quot;&quot;,&quot;readonly&quot;:&quot;&quot;,&quot;score&quot;:&quot;4.7&quot;,&quot;starsonly&quot;:&quot;&quot;,&quot;best&quot;:&quot;5&quot;,&quot;gap&quot;:&quot;4&quot;,&quot;greet&quot;:&quot;Sea el primero en valorar esta entrada de blog.&quot;,&quot;legend&quot;:&quot;4.7\\\/5 - (48 votos)&quot;,&quot;size&quot;:&quot;21&quot;,&quot;title&quot;:&quot;Qu\u00e9 ver en Oporto: Nuestros imprescindibles&quot;,&quot;width&quot;:&quot;115.5&quot;,&quot;_legend&quot;:&quot;{score}\\\/{best} - ({count} {votes})&quot;,&quot;font_factor&quot;:&quot;1.25&quot;}'>\n            \n<div class=\"kksr-stars\">\n    \n<div class=\"kksr-stars-inactive\">\n            <div class=\"kksr-star\" data-star=\"1\" style=\"padding-right: 4px\">\n            \n\n<div class=\"kksr-icon\" style=\"width: 21px; height: 21px;\"><\/div>\n        <\/div>\n            <div class=\"kksr-star\" data-star=\"2\" style=\"padding-right: 4px\">\n            \n\n<div class=\"kksr-icon\" style=\"width: 21px; height: 21px;\"><\/div>\n        <\/div>\n            <div class=\"kksr-star\" data-star=\"3\" style=\"padding-right: 4px\">\n            \n\n<div class=\"kksr-icon\" style=\"width: 21px; height: 21px;\"><\/div>\n        <\/div>\n            <div class=\"kksr-star\" data-star=\"4\" style=\"padding-right: 4px\">\n            \n\n<div class=\"kksr-icon\" style=\"width: 21px; height: 21px;\"><\/div>\n        <\/div>\n            <div class=\"kksr-star\" data-star=\"5\" style=\"padding-right: 4px\">\n            \n\n<div class=\"kksr-icon\" style=\"width: 21px; height: 21px;\"><\/div>\n        <\/div>\n    <\/div>\n    \n<div class=\"kksr-stars-active\" style=\"width: 115.5px;\">\n            <div class=\"kksr-star\" style=\"padding-right: 4px\">\n            \n\n<div class=\"kksr-icon\" style=\"width: 21px; height: 21px;\"><\/div>\n        <\/div>\n            <div class=\"kksr-star\" style=\"padding-right: 4px\">\n            \n\n<div class=\"kksr-icon\" style=\"width: 21px; height: 21px;\"><\/div>\n        <\/div>\n            <div class=\"kksr-star\" style=\"padding-right: 4px\">\n            \n\n<div class=\"kksr-icon\" style=\"width: 21px; height: 21px;\"><\/div>\n        <\/div>\n            <div class=\"kksr-star\" style=\"padding-right: 4px\">\n            \n\n<div class=\"kksr-icon\" style=\"width: 21px; height: 21px;\"><\/div>\n        <\/div>\n            <div class=\"kksr-star\" style=\"padding-right: 4px\">\n            \n\n<div class=\"kksr-icon\" style=\"width: 21px; height: 21px;\"><\/div>\n        <\/div>\n    <\/div>\n<\/div>\n                \n\n<div class=\"kksr-legend\" style=\"font-size: 16.8px;\">\n            4.7\/5 - (48 votos)    <\/div>\n    <\/div>\n","protected":false},"excerpt":{"rendered":"<p>\u00bfEst\u00e1 explorando Portugal y busca qu\u00e9 ver en Oporto? Entonces ha llegado al lugar adecuado. Perfecto para una escapada urbana, Oporto se ha convertido en uno de los destinos de fin de semana m\u00e1s populares de Europa.<\/p>\n","protected":false},"author":1,"featured_media":48052,"comment_status":"open","ping_status":"closed","sticky":false,"template":"","format":"standard","meta":{"_acf_changed":false,"_lmt_disableupdate":"no","_lmt_disable":"no","footnotes":""},"categories":[462,481],"tags":[],"class_list":["post-53579","post","type-post","status-publish","format-standard","has-post-thumbnail","hentry","category-guias-de-viajes","category-portugal"],"acf":[],"yoast_head":"<!-- This site is optimized with the Yoast SEO plugin v27.4 - https:\/\/yoast.com\/product\/yoast-seo-wordpress\/ -->\n<title>Qu\u00e9 ver en Oporto: Nuestros imprescindibles - Blog de viajes<\/title>\n<meta name=\"description\" content=\"\u00bfQu\u00e9 ver en Oporto en 3 d\u00edas para el fin de semana? \u00a1Descubra nuestros imprescindibles y buenas direcciones en nuestro blog de viajes!\" \/>\n<meta name=\"robots\" content=\"index, follow, max-snippet:-1, max-image-preview:large, max-video-preview:-1\" \/>\n<link rel=\"canonical\" href=\"https:\/\/decouvrirensemble.com\/es\/que-ver-en-oporto\" \/>\n<meta property=\"og:locale\" content=\"es_ES\" \/>\n<meta property=\"og:type\" content=\"article\" \/>\n<meta property=\"og:title\" content=\"Qu\u00e9 ver en Oporto: Nuestros imprescindibles - Blog de viajes\" \/>\n<meta property=\"og:description\" content=\"\u00bfQu\u00e9 ver en Oporto en 3 d\u00edas para el fin de semana? \u00a1Descubra nuestros imprescindibles y buenas direcciones en nuestro blog de viajes!\" \/>\n<meta property=\"og:url\" content=\"https:\/\/decouvrirensemble.com\/es\/que-ver-en-oporto\" \/>\n<meta property=\"og:site_name\" content=\"Blog Voyage - D\u00e9couvrir Ensemble\" \/>\n<meta property=\"article:published_time\" content=\"2017-09-26T09:49:19+00:00\" \/>\n<meta property=\"article:modified_time\" content=\"2026-01-06T15:27:34+00:00\" \/>\n<meta property=\"og:image\" content=\"https:\/\/decouvrirensemble.com\/wp-content\/uploads\/2017\/09\/Que-faire-a-porto-blog-voyage.jpg\" \/>\n\t<meta property=\"og:image:width\" content=\"1800\" \/>\n\t<meta property=\"og:image:height\" content=\"1350\" \/>\n\t<meta property=\"og:image:type\" content=\"image\/jpeg\" \/>\n<meta name=\"author\" content=\"Cl\u00e9mence &amp; Alexandre\" \/>\n<meta name=\"twitter:card\" content=\"summary_large_image\" \/>\n<meta name=\"twitter:creator\" content=\"@dcouvrirensmble\" \/>\n<meta name=\"twitter:site\" content=\"@dcouvrirensmble\" \/>\n<meta name=\"twitter:label1\" content=\"Escrito por\" \/>\n\t<meta name=\"twitter:data1\" content=\"Cl\u00e9mence &amp; Alexandre\" \/>\n\t<meta name=\"twitter:label2\" content=\"Tiempo de lectura\" \/>\n\t<meta name=\"twitter:data2\" content=\"10 minutos\" \/>\n<script type=\"application\/ld+json\" class=\"yoast-schema-graph\">{\"@context\":\"https:\\\/\\\/schema.org\",\"@graph\":[{\"@type\":\"Article\",\"@id\":\"https:\\\/\\\/decouvrirensemble.com\\\/es\\\/que-ver-en-oporto#article\",\"isPartOf\":{\"@id\":\"https:\\\/\\\/decouvrirensemble.com\\\/es\\\/que-ver-en-oporto\"},\"author\":{\"name\":\"Cl\u00e9mence &amp; Alexandre\",\"@id\":\"https:\\\/\\\/decouvrirensemble.com\\\/es#\\\/schema\\\/person\\\/a53efd44d02eb7f9ab90f96e84a9d2ba\"},\"headline\":\"Qu\u00e9 ver en Oporto: Nuestros imprescindibles\",\"datePublished\":\"2017-09-26T09:49:19+00:00\",\"dateModified\":\"2026-01-06T15:27:34+00:00\",\"mainEntityOfPage\":{\"@id\":\"https:\\\/\\\/decouvrirensemble.com\\\/es\\\/que-ver-en-oporto\"},\"wordCount\":1330,\"commentCount\":0,\"publisher\":{\"@id\":\"https:\\\/\\\/decouvrirensemble.com\\\/es#\\\/schema\\\/person\\\/a53efd44d02eb7f9ab90f96e84a9d2ba\"},\"image\":{\"@id\":\"https:\\\/\\\/decouvrirensemble.com\\\/es\\\/que-ver-en-oporto#primaryimage\"},\"thumbnailUrl\":\"https:\\\/\\\/decouvrirensemble.com\\\/wp-content\\\/uploads\\\/2017\\\/09\\\/Que-faire-a-porto-blog-voyage.jpg\",\"articleSection\":[\"Gu\u00edas de viajes\",\"Portugal\"],\"inLanguage\":\"es\",\"potentialAction\":[{\"@type\":\"CommentAction\",\"name\":\"Comment\",\"target\":[\"https:\\\/\\\/decouvrirensemble.com\\\/es\\\/que-ver-en-oporto#respond\"]}]},{\"@type\":\"WebPage\",\"@id\":\"https:\\\/\\\/decouvrirensemble.com\\\/es\\\/que-ver-en-oporto\",\"url\":\"https:\\\/\\\/decouvrirensemble.com\\\/es\\\/que-ver-en-oporto\",\"name\":\"Qu\u00e9 ver en Oporto: Nuestros imprescindibles - Blog de viajes\",\"isPartOf\":{\"@id\":\"https:\\\/\\\/decouvrirensemble.com\\\/es#website\"},\"primaryImageOfPage\":{\"@id\":\"https:\\\/\\\/decouvrirensemble.com\\\/es\\\/que-ver-en-oporto#primaryimage\"},\"image\":{\"@id\":\"https:\\\/\\\/decouvrirensemble.com\\\/es\\\/que-ver-en-oporto#primaryimage\"},\"thumbnailUrl\":\"https:\\\/\\\/decouvrirensemble.com\\\/wp-content\\\/uploads\\\/2017\\\/09\\\/Que-faire-a-porto-blog-voyage.jpg\",\"datePublished\":\"2017-09-26T09:49:19+00:00\",\"dateModified\":\"2026-01-06T15:27:34+00:00\",\"description\":\"\u00bfQu\u00e9 ver en Oporto en 3 d\u00edas para el fin de semana? \u00a1Descubra nuestros imprescindibles y buenas direcciones en nuestro blog de viajes!\",\"breadcrumb\":{\"@id\":\"https:\\\/\\\/decouvrirensemble.com\\\/es\\\/que-ver-en-oporto#breadcrumb\"},\"inLanguage\":\"es\",\"potentialAction\":[{\"@type\":\"ReadAction\",\"target\":[\"https:\\\/\\\/decouvrirensemble.com\\\/es\\\/que-ver-en-oporto\"]}]},{\"@type\":\"ImageObject\",\"inLanguage\":\"es\",\"@id\":\"https:\\\/\\\/decouvrirensemble.com\\\/es\\\/que-ver-en-oporto#primaryimage\",\"url\":\"https:\\\/\\\/decouvrirensemble.com\\\/wp-content\\\/uploads\\\/2017\\\/09\\\/Que-faire-a-porto-blog-voyage.jpg\",\"contentUrl\":\"https:\\\/\\\/decouvrirensemble.com\\\/wp-content\\\/uploads\\\/2017\\\/09\\\/Que-faire-a-porto-blog-voyage.jpg\",\"width\":1800,\"height\":1350,\"caption\":\"Que faire \u00e0 Porto\"},{\"@type\":\"BreadcrumbList\",\"@id\":\"https:\\\/\\\/decouvrirensemble.com\\\/es\\\/que-ver-en-oporto#breadcrumb\",\"itemListElement\":[{\"@type\":\"ListItem\",\"position\":1,\"name\":\"Accueil\",\"item\":\"https:\\\/\\\/decouvrirensemble.com\\\/es\"},{\"@type\":\"ListItem\",\"position\":2,\"name\":\"Destinos\",\"item\":\"https:\\\/\\\/decouvrirensemble.com\\\/es\\\/destinos\"},{\"@type\":\"ListItem\",\"position\":3,\"name\":\"Portugal\",\"item\":\"https:\\\/\\\/decouvrirensemble.com\\\/es\\\/destinos\\\/portugal\"},{\"@type\":\"ListItem\",\"position\":4,\"name\":\"Qu\u00e9 ver en Oporto: Nuestros imprescindibles\"}]},{\"@type\":\"WebSite\",\"@id\":\"https:\\\/\\\/decouvrirensemble.com\\\/es#website\",\"url\":\"https:\\\/\\\/decouvrirensemble.com\\\/es\",\"name\":\"Blog Voyage - D\u00e9couvrir Ensemble\",\"description\":\"Le Blog Voyage de Clem et Alex\",\"publisher\":{\"@id\":\"https:\\\/\\\/decouvrirensemble.com\\\/es#\\\/schema\\\/person\\\/a53efd44d02eb7f9ab90f96e84a9d2ba\"},\"potentialAction\":[{\"@type\":\"SearchAction\",\"target\":{\"@type\":\"EntryPoint\",\"urlTemplate\":\"https:\\\/\\\/decouvrirensemble.com\\\/es?s={search_term_string}\"},\"query-input\":{\"@type\":\"PropertyValueSpecification\",\"valueRequired\":true,\"valueName\":\"search_term_string\"}}],\"inLanguage\":\"es\"},{\"@type\":[\"Person\",\"Organization\"],\"@id\":\"https:\\\/\\\/decouvrirensemble.com\\\/es#\\\/schema\\\/person\\\/a53efd44d02eb7f9ab90f96e84a9d2ba\",\"name\":\"Cl\u00e9mence &amp; Alexandre\",\"image\":{\"@type\":\"ImageObject\",\"inLanguage\":\"es\",\"@id\":\"https:\\\/\\\/decouvrirensemble.com\\\/wp-content\\\/uploads\\\/2024\\\/04\\\/logo-decouvrir-ensemble-blog-voyage.jpg\",\"url\":\"https:\\\/\\\/decouvrirensemble.com\\\/wp-content\\\/uploads\\\/2024\\\/04\\\/logo-decouvrir-ensemble-blog-voyage.jpg\",\"contentUrl\":\"https:\\\/\\\/decouvrirensemble.com\\\/wp-content\\\/uploads\\\/2024\\\/04\\\/logo-decouvrir-ensemble-blog-voyage.jpg\",\"width\":1563,\"height\":529,\"caption\":\"Cl\u00e9mence &amp; Alexandre\"},\"logo\":{\"@id\":\"https:\\\/\\\/decouvrirensemble.com\\\/wp-content\\\/uploads\\\/2024\\\/04\\\/logo-decouvrir-ensemble-blog-voyage.jpg\"},\"sameAs\":[\"https:\\\/\\\/decouvrirensemble.com\\\/\"]}]}<\/script>\n<!-- \/ Yoast SEO plugin. -->","yoast_head_json":{"title":"Qu\u00e9 ver en Oporto: Nuestros imprescindibles - Blog de viajes","description":"\u00bfQu\u00e9 ver en Oporto en 3 d\u00edas para el fin de semana? \u00a1Descubra nuestros imprescindibles y buenas direcciones en nuestro blog de viajes!","robots":{"index":"index","follow":"follow","max-snippet":"max-snippet:-1","max-image-preview":"max-image-preview:large","max-video-preview":"max-video-preview:-1"},"canonical":"https:\/\/decouvrirensemble.com\/es\/que-ver-en-oporto","og_locale":"es_ES","og_type":"article","og_title":"Qu\u00e9 ver en Oporto: Nuestros imprescindibles - Blog de viajes","og_description":"\u00bfQu\u00e9 ver en Oporto en 3 d\u00edas para el fin de semana? \u00a1Descubra nuestros imprescindibles y buenas direcciones en nuestro blog de viajes!","og_url":"https:\/\/decouvrirensemble.com\/es\/que-ver-en-oporto","og_site_name":"Blog Voyage - D\u00e9couvrir Ensemble","article_published_time":"2017-09-26T09:49:19+00:00","article_modified_time":"2026-01-06T15:27:34+00:00","og_image":[{"width":1800,"height":1350,"url":"https:\/\/decouvrirensemble.com\/wp-content\/uploads\/2017\/09\/Que-faire-a-porto-blog-voyage.jpg","type":"image\/jpeg"}],"author":"Cl\u00e9mence &amp; Alexandre","twitter_card":"summary_large_image","twitter_creator":"@dcouvrirensmble","twitter_site":"@dcouvrirensmble","twitter_misc":{"Escrito por":"Cl\u00e9mence &amp; Alexandre","Tiempo de lectura":"10 minutos"},"schema":{"@context":"https:\/\/schema.org","@graph":[{"@type":"Article","@id":"https:\/\/decouvrirensemble.com\/es\/que-ver-en-oporto#article","isPartOf":{"@id":"https:\/\/decouvrirensemble.com\/es\/que-ver-en-oporto"},"author":{"name":"Cl\u00e9mence &amp; Alexandre","@id":"https:\/\/decouvrirensemble.com\/es#\/schema\/person\/a53efd44d02eb7f9ab90f96e84a9d2ba"},"headline":"Qu\u00e9 ver en Oporto: Nuestros imprescindibles","datePublished":"2017-09-26T09:49:19+00:00","dateModified":"2026-01-06T15:27:34+00:00","mainEntityOfPage":{"@id":"https:\/\/decouvrirensemble.com\/es\/que-ver-en-oporto"},"wordCount":1330,"commentCount":0,"publisher":{"@id":"https:\/\/decouvrirensemble.com\/es#\/schema\/person\/a53efd44d02eb7f9ab90f96e84a9d2ba"},"image":{"@id":"https:\/\/decouvrirensemble.com\/es\/que-ver-en-oporto#primaryimage"},"thumbnailUrl":"https:\/\/decouvrirensemble.com\/wp-content\/uploads\/2017\/09\/Que-faire-a-porto-blog-voyage.jpg","articleSection":["Gu\u00edas de viajes","Portugal"],"inLanguage":"es","potentialAction":[{"@type":"CommentAction","name":"Comment","target":["https:\/\/decouvrirensemble.com\/es\/que-ver-en-oporto#respond"]}]},{"@type":"WebPage","@id":"https:\/\/decouvrirensemble.com\/es\/que-ver-en-oporto","url":"https:\/\/decouvrirensemble.com\/es\/que-ver-en-oporto","name":"Qu\u00e9 ver en Oporto: Nuestros imprescindibles - Blog de viajes","isPartOf":{"@id":"https:\/\/decouvrirensemble.com\/es#website"},"primaryImageOfPage":{"@id":"https:\/\/decouvrirensemble.com\/es\/que-ver-en-oporto#primaryimage"},"image":{"@id":"https:\/\/decouvrirensemble.com\/es\/que-ver-en-oporto#primaryimage"},"thumbnailUrl":"https:\/\/decouvrirensemble.com\/wp-content\/uploads\/2017\/09\/Que-faire-a-porto-blog-voyage.jpg","datePublished":"2017-09-26T09:49:19+00:00","dateModified":"2026-01-06T15:27:34+00:00","description":"\u00bfQu\u00e9 ver en Oporto en 3 d\u00edas para el fin de semana? \u00a1Descubra nuestros imprescindibles y buenas direcciones en nuestro blog de viajes!","breadcrumb":{"@id":"https:\/\/decouvrirensemble.com\/es\/que-ver-en-oporto#breadcrumb"},"inLanguage":"es","potentialAction":[{"@type":"ReadAction","target":["https:\/\/decouvrirensemble.com\/es\/que-ver-en-oporto"]}]},{"@type":"ImageObject","inLanguage":"es","@id":"https:\/\/decouvrirensemble.com\/es\/que-ver-en-oporto#primaryimage","url":"https:\/\/decouvrirensemble.com\/wp-content\/uploads\/2017\/09\/Que-faire-a-porto-blog-voyage.jpg","contentUrl":"https:\/\/decouvrirensemble.com\/wp-content\/uploads\/2017\/09\/Que-faire-a-porto-blog-voyage.jpg","width":1800,"height":1350,"caption":"Que faire \u00e0 Porto"},{"@type":"BreadcrumbList","@id":"https:\/\/decouvrirensemble.com\/es\/que-ver-en-oporto#breadcrumb","itemListElement":[{"@type":"ListItem","position":1,"name":"Accueil","item":"https:\/\/decouvrirensemble.com\/es"},{"@type":"ListItem","position":2,"name":"Destinos","item":"https:\/\/decouvrirensemble.com\/es\/destinos"},{"@type":"ListItem","position":3,"name":"Portugal","item":"https:\/\/decouvrirensemble.com\/es\/destinos\/portugal"},{"@type":"ListItem","position":4,"name":"Qu\u00e9 ver en Oporto: Nuestros imprescindibles"}]},{"@type":"WebSite","@id":"https:\/\/decouvrirensemble.com\/es#website","url":"https:\/\/decouvrirensemble.com\/es","name":"Blog Voyage - D\u00e9couvrir Ensemble","description":"Le Blog Voyage de Clem et Alex","publisher":{"@id":"https:\/\/decouvrirensemble.com\/es#\/schema\/person\/a53efd44d02eb7f9ab90f96e84a9d2ba"},"potentialAction":[{"@type":"SearchAction","target":{"@type":"EntryPoint","urlTemplate":"https:\/\/decouvrirensemble.com\/es?s={search_term_string}"},"query-input":{"@type":"PropertyValueSpecification","valueRequired":true,"valueName":"search_term_string"}}],"inLanguage":"es"},{"@type":["Person","Organization"],"@id":"https:\/\/decouvrirensemble.com\/es#\/schema\/person\/a53efd44d02eb7f9ab90f96e84a9d2ba","name":"Cl\u00e9mence &amp; Alexandre","image":{"@type":"ImageObject","inLanguage":"es","@id":"https:\/\/decouvrirensemble.com\/wp-content\/uploads\/2024\/04\/logo-decouvrir-ensemble-blog-voyage.jpg","url":"https:\/\/decouvrirensemble.com\/wp-content\/uploads\/2024\/04\/logo-decouvrir-ensemble-blog-voyage.jpg","contentUrl":"https:\/\/decouvrirensemble.com\/wp-content\/uploads\/2024\/04\/logo-decouvrir-ensemble-blog-voyage.jpg","width":1563,"height":529,"caption":"Cl\u00e9mence &amp; Alexandre"},"logo":{"@id":"https:\/\/decouvrirensemble.com\/wp-content\/uploads\/2024\/04\/logo-decouvrir-ensemble-blog-voyage.jpg"},"sameAs":["https:\/\/decouvrirensemble.com\/"]}]}},"modified_by":"Cl\u00e9mence &amp; Alexandre","_links":{"self":[{"href":"https:\/\/decouvrirensemble.com\/es\/wp-json\/wp\/v2\/posts\/53579","targetHints":{"allow":["GET"]}}],"collection":[{"href":"https:\/\/decouvrirensemble.com\/es\/wp-json\/wp\/v2\/posts"}],"about":[{"href":"https:\/\/decouvrirensemble.com\/es\/wp-json\/wp\/v2\/types\/post"}],"author":[{"embeddable":true,"href":"https:\/\/decouvrirensemble.com\/es\/wp-json\/wp\/v2\/users\/1"}],"replies":[{"embeddable":true,"href":"https:\/\/decouvrirensemble.com\/es\/wp-json\/wp\/v2\/comments?post=53579"}],"version-history":[{"count":1,"href":"https:\/\/decouvrirensemble.com\/es\/wp-json\/wp\/v2\/posts\/53579\/revisions"}],"predecessor-version":[{"id":63635,"href":"https:\/\/decouvrirensemble.com\/es\/wp-json\/wp\/v2\/posts\/53579\/revisions\/63635"}],"wp:featuredmedia":[{"embeddable":true,"href":"https:\/\/decouvrirensemble.com\/es\/wp-json\/wp\/v2\/media\/48052"}],"wp:attachment":[{"href":"https:\/\/decouvrirensemble.com\/es\/wp-json\/wp\/v2\/media?parent=53579"}],"wp:term":[{"taxonomy":"category","embeddable":true,"href":"https:\/\/decouvrirensemble.com\/es\/wp-json\/wp\/v2\/categories?post=53579"},{"taxonomy":"post_tag","embeddable":true,"href":"https:\/\/decouvrirensemble.com\/es\/wp-json\/wp\/v2\/tags?post=53579"}],"curies":[{"name":"wp","href":"https:\/\/api.w.org\/{rel}","templated":true}]}}