{"id":53587,"date":"2017-10-24T11:37:23","date_gmt":"2017-10-24T09:37:23","guid":{"rendered":"https:\/\/decouvrirensemble.com\/visiter-aveiro-portugal-city-guide"},"modified":"2026-04-13T15:18:44","modified_gmt":"2026-04-13T13:18:44","slug":"que-ver-en-aveiro","status":"publish","type":"post","link":"https:\/\/decouvrirensemble.com\/es\/que-ver-en-aveiro","title":{"rendered":"\u00bfQu\u00e9 ver en Aveiro, Portugal? Nuestros imprescindibles"},"content":{"rendered":"<p><strong>La ciudad de Aveiro<\/strong>, conocida como la \u00ab<strong>peque\u00f1a Venecia de Portugal<\/strong>\u00bb, cuenta hoy con 80 000 habitantes y sigue manteniendo antiguas tradiciones, como la recolecci\u00f3n manual de sal o la fabricaci\u00f3n de cer\u00e1mica.<\/p>\n<p>Hoy compartimos en nuestro <strong>blog<\/strong> una gu\u00eda completa con <strong>qu\u00e9 hacer y qu\u00e9 ver en Aveiro<\/strong>. Si adem\u00e1s est\u00e1s buscando <strong>d\u00f3nde alojarte<\/strong>, tambi\u00e9n te ofrecemos nuestra selecci\u00f3n de hoteles favoritos.<\/p>\n<p>Esta ciudad de Portugal merece sin duda una visita y esperamos que este art\u00edculo te anime a\u00fan m\u00e1s a descubrirla. \u00a1En marcha!<\/p>\n<h2 id=\"incontournables\"><span class=\"ez-toc-section\" id=\"%C2%BFQue_ver_en_Aveiro_Lo_que_no_te_puedes_perder\"><\/span>\u00bfQu\u00e9 ver en Aveiro? Lo que no te puedes perder<span class=\"ez-toc-section-end\"><\/span><\/h2>\n<h3><span class=\"ez-toc-section\" id=\"1_El_centro_de_Aveiro\"><\/span>1. El centro de Aveiro<span class=\"ez-toc-section-end\"><\/span><\/h3>\n<p>Lo que llama la atenci\u00f3n de inmediato en el <a href=\"https:\/\/maps.app.goo.gl\/TXjJ8dPhfy17zEV47\" target=\"_blank\" rel=\"noopener\">centro de Aveiro<\/a> es su preciosa paleta de colores. Desde las fachadas de las casas, cada una m\u00e1s colorida que la anterior, hasta los vivos colores de las barcas tradicionales que navegan por los canales de la ciudad.<\/p>\n<p>Estas barcas se llaman \u00abmoliceiros\u00bb. S\u00fabete a una para visitar la ciudad; el precio es de 7 euros por un recorrido de 45 minutos con comentarios de gu\u00edas que hablan franc\u00e9s, ingl\u00e9s y portugu\u00e9s.<\/p>\n<div id=\"attachment_5310\" style=\"width: 2010px\" class=\"wp-caption alignnone\"><img decoding=\"async\" aria-describedby=\"caption-attachment-5310\" class=\"wp-image-5310 size-full\" src=\"https:\/\/decouvrirensemble.com\/wp-content\/uploads\/2017\/09\/Aveiro-citybreak-Portugal-blogvoyage-centre-Ruedelagentbailly-.jpg\" alt=\"Aveiro blog\" width=\"2000\" height=\"1500\" srcset=\"https:\/\/decouvrirensemble.com\/wp-content\/uploads\/2017\/09\/Aveiro-citybreak-Portugal-blogvoyage-centre-Ruedelagentbailly-.jpg 2000w, https:\/\/decouvrirensemble.com\/wp-content\/uploads\/2017\/09\/Aveiro-citybreak-Portugal-blogvoyage-centre-Ruedelagentbailly--1536x1152.jpg 1536w, https:\/\/decouvrirensemble.com\/wp-content\/uploads\/2017\/09\/Aveiro-citybreak-Portugal-blogvoyage-centre-Ruedelagentbailly--600x450.jpg 600w, https:\/\/decouvrirensemble.com\/wp-content\/uploads\/2017\/09\/Aveiro-citybreak-Portugal-blogvoyage-centre-Ruedelagentbailly--300x225.jpg 300w, https:\/\/decouvrirensemble.com\/wp-content\/uploads\/2017\/09\/Aveiro-citybreak-Portugal-blogvoyage-centre-Ruedelagentbailly--768x576.jpg 768w, https:\/\/decouvrirensemble.com\/wp-content\/uploads\/2017\/09\/Aveiro-citybreak-Portugal-blogvoyage-centre-Ruedelagentbailly--1024x768.jpg 1024w, https:\/\/decouvrirensemble.com\/wp-content\/uploads\/2017\/09\/Aveiro-citybreak-Portugal-blogvoyage-centre-Ruedelagentbailly--705x529.jpg 705w, https:\/\/decouvrirensemble.com\/wp-content\/uploads\/2017\/09\/Aveiro-citybreak-Portugal-blogvoyage-centre-Ruedelagentbailly--987x740.jpg 987w\" sizes=\"(max-width: 2000px) 100vw, 2000px\" \/><p id=\"caption-attachment-5310\" class=\"wp-caption-text\">centro de Aveiro<\/p><\/div>\n<h4><span class=\"ez-toc-section\" id=\"El_centro_historico_de_Aveiro\"><\/span>El centro hist\u00f3rico de Aveiro<span class=\"ez-toc-section-end\"><\/span><\/h4>\n<p>Una gran parte del <a href=\"https:\/\/maps.app.goo.gl\/E4eqLCyVV4GrXjaY9\" target=\"_blank\" rel=\"noopener\">casco antiguo de Aveiro<\/a> est\u00e1 reservada a los peatones, lo que lo convierte en un lugar din\u00e1mico y animado gracias a las numerosas cafeter\u00edas con terraza y a los comercios de la calle.<\/p>\n<p>En el casco antiguo de Aveiro, te cautivar\u00e1n los numerosos edificios, declarados Patrimonio de la Humanidad por la UNESCO, y las callejuelas t\u00edpicas portuguesas. Otro de los encantos de esta localidad costera es que no est\u00e1 abarrotada de turistas.<\/p>\n<img decoding=\"async\" class=\"wp-image-5311 size-full alignnone\" src=\"https:\/\/decouvrirensemble.com\/wp-content\/uploads\/2017\/09\/Aveiro-citybreak-Portugal-blogvoyage-centre-Ruedelagentbailly-2.jpg\" alt=\"Visiter Aveiro\" width=\"2000\" height=\"1500\" srcset=\"https:\/\/decouvrirensemble.com\/wp-content\/uploads\/2017\/09\/Aveiro-citybreak-Portugal-blogvoyage-centre-Ruedelagentbailly-2.jpg 2000w, https:\/\/decouvrirensemble.com\/wp-content\/uploads\/2017\/09\/Aveiro-citybreak-Portugal-blogvoyage-centre-Ruedelagentbailly-2-1536x1152.jpg 1536w, https:\/\/decouvrirensemble.com\/wp-content\/uploads\/2017\/09\/Aveiro-citybreak-Portugal-blogvoyage-centre-Ruedelagentbailly-2-600x450.jpg 600w, https:\/\/decouvrirensemble.com\/wp-content\/uploads\/2017\/09\/Aveiro-citybreak-Portugal-blogvoyage-centre-Ruedelagentbailly-2-300x225.jpg 300w, https:\/\/decouvrirensemble.com\/wp-content\/uploads\/2017\/09\/Aveiro-citybreak-Portugal-blogvoyage-centre-Ruedelagentbailly-2-768x576.jpg 768w, https:\/\/decouvrirensemble.com\/wp-content\/uploads\/2017\/09\/Aveiro-citybreak-Portugal-blogvoyage-centre-Ruedelagentbailly-2-1024x768.jpg 1024w, https:\/\/decouvrirensemble.com\/wp-content\/uploads\/2017\/09\/Aveiro-citybreak-Portugal-blogvoyage-centre-Ruedelagentbailly-2-705x529.jpg 705w, https:\/\/decouvrirensemble.com\/wp-content\/uploads\/2017\/09\/Aveiro-citybreak-Portugal-blogvoyage-centre-Ruedelagentbailly-2-987x740.jpg 987w\" sizes=\"(max-width: 2000px) 100vw, 2000px\" \/>\n<h4><span class=\"ez-toc-section\" id=\"El_foro_de_Aveiro\"><\/span>El foro de Aveiro<span class=\"ez-toc-section-end\"><\/span><\/h4>\n<p>En pleno centro de la ciudad, no te pierdas el <a href=\"https:\/\/maps.app.goo.gl\/BPKg84WLiNj8gqvK7\" target=\"_blank\" rel=\"noopener\"><strong>Forum Aveiro<\/strong><\/a>. Este centro comercial al aire libre se integra a la perfecci\u00f3n en la arquitectura de la ciudad, con sus canales, sus pasarelas y sus fachadas modernas.<\/p>\n<p>Es un lugar agradable para descansar un rato, tomarse un caf\u00e9, ir de compras o simplemente dar un paseo.<\/p>\n<p>Aunque no seas aficionado a las compras, el Forum Aveiro forma parte de la vida local y merece una visita si das un paseo por el centro de la ciudad.<\/p>\n<blockquote class=\"tiktok-embed\" style=\"max-width: 605px; min-width: 325px;\" cite=\"https:\/\/www.tiktok.com\/@clube.turismo.thainara\/video\/7554026228055854347\" data-video-id=\"7554026228055854347\">\n<section><a title=\"@clube.turismo.thainara\" href=\"https:\/\/www.tiktok.com\/@clube.turismo.thainara?refer=embed\" rel=\"noopener\">@clube.turismo.thainara<\/a> Recomendaci\u00f3n de lugar para visitar &#8211; Foro Aveiro, Aveiro, Portugal \ud83c\uddf5\ud83c\uddf9 . <a title=\"portugal\" href=\"https:\/\/www.tiktok.com\/tag\/portugal?refer=embed\" rel=\"noopener\">#portugal<\/a> <a title=\"aveiro\" href=\"https:\/\/www.tiktok.com\/tag\/aveiro?refer=embed\" rel=\"noopener\">#aveiro<\/a> <a title=\"dicadeviagem\" href=\"https:\/\/www.tiktok.com\/tag\/dicadeviagem?refer=embed\" rel=\"noopener\">#consejodeviaje<\/a> <a title=\"forumaveiro\" href=\"https:\/\/www.tiktok.com\/tag\/forumaveiro?refer=embed\" rel=\"noopener\">#forumaveiro<\/a> <a title=\"europa\" href=\"https:\/\/www.tiktok.com\/tag\/europa?refer=embed\" rel=\"noopener\">#europa<\/a> <a title=\"\u266c son original - Leeeeyla.\" href=\"https:\/\/www.tiktok.com\/music\/son-original-7355224672125946656?refer=embed\" rel=\"noopener\">\u266c son original &#8211; Leeeeyla.<\/a><\/section>\n<\/blockquote>\n<p><script src=\"https:\/\/www.tiktok.com\/embed.js\" async=\"\"><\/script>&nbsp;<\/p>\n<h4><span class=\"ez-toc-section\" id=\"Visitar_el_centro_de_Aveiro_en_bicicleta\"><\/span>Visitar el centro de Aveiro en bicicleta<span class=\"ez-toc-section-end\"><\/span><\/h4>\n<p>Para <strong>visitar Aveiro<\/strong>, la ciudad ofrece bicicletas de uso compartido totalmente gratuitas, las BUGAs.<\/p>\n<p>Para poder utilizarlos, solo tiene que dejar su documento de identidad en los puestos que hay en la plaza del mercado.<\/p>\n<p>&nbsp;<\/p>\n<div data-gyg-href=\"https:\/\/widget.getyourguide.com\/default\/activities.frame\" data-gyg-locale-code=\"es-ES\" data-gyg-widget=\"activities\" data-gyg-number-of-items=\"3\" data-gyg-partner-id=\"QTAK8D9\" data-gyg-tour-ids=\"393116,408791,393499\">&nbsp;<\/div>\n<img decoding=\"async\" class=\"alignnone wp-image-5313 size-full\" src=\"https:\/\/decouvrirensemble.com\/wp-content\/uploads\/2017\/09\/Aveiro-citybreak-Portugal-blogvoyage-centre-Ruedelagentbailly-4.jpg\" alt=\"Que voir aveiro\" width=\"2000\" height=\"1500\" srcset=\"https:\/\/decouvrirensemble.com\/wp-content\/uploads\/2017\/09\/Aveiro-citybreak-Portugal-blogvoyage-centre-Ruedelagentbailly-4.jpg 2000w, https:\/\/decouvrirensemble.com\/wp-content\/uploads\/2017\/09\/Aveiro-citybreak-Portugal-blogvoyage-centre-Ruedelagentbailly-4-1536x1152.jpg 1536w, https:\/\/decouvrirensemble.com\/wp-content\/uploads\/2017\/09\/Aveiro-citybreak-Portugal-blogvoyage-centre-Ruedelagentbailly-4-600x450.jpg 600w, https:\/\/decouvrirensemble.com\/wp-content\/uploads\/2017\/09\/Aveiro-citybreak-Portugal-blogvoyage-centre-Ruedelagentbailly-4-300x225.jpg 300w, https:\/\/decouvrirensemble.com\/wp-content\/uploads\/2017\/09\/Aveiro-citybreak-Portugal-blogvoyage-centre-Ruedelagentbailly-4-768x576.jpg 768w, https:\/\/decouvrirensemble.com\/wp-content\/uploads\/2017\/09\/Aveiro-citybreak-Portugal-blogvoyage-centre-Ruedelagentbailly-4-1024x768.jpg 1024w, https:\/\/decouvrirensemble.com\/wp-content\/uploads\/2017\/09\/Aveiro-citybreak-Portugal-blogvoyage-centre-Ruedelagentbailly-4-705x529.jpg 705w, https:\/\/decouvrirensemble.com\/wp-content\/uploads\/2017\/09\/Aveiro-citybreak-Portugal-blogvoyage-centre-Ruedelagentbailly-4-987x740.jpg 987w\" sizes=\"(max-width: 2000px) 100vw, 2000px\" \/>\n<h3><span class=\"ez-toc-section\" id=\"2_El_barrio_de_Costa_Nova\"><\/span>2. El barrio de Costa Nova<span class=\"ez-toc-section-end\"><\/span><\/h3>\n<p><a href=\"https:\/\/maps.app.goo.gl\/24p4LxNs1cYfaN4y7\" target=\"_blank\" rel=\"noopener\">El barrio de Costa Nova<\/a> es uno de nuestros lugares favoritos de Aveiro. Nos encanta pasear por este antiguo barrio de pescadores. Este barrio ofrece un ambiente tradicional y es especialmente conocido por sus \u00abpalheiros\u00bb, las casas de madera t\u00edpicas de la regi\u00f3n con rayas de colores vivos.<\/p>\n<p>All\u00ed tambi\u00e9n encontrar\u00e1s excelentes restaurantes de marisco. Como habr\u00e1s comprendido, si visitas Aveiro, \u00a1no puedes dejar de ir a Costa Nova! Para terminar el d\u00eda, dir\u00edgete a las dunas de arena de Aveiro y a sus playas, muy famosas en Portugal.<\/p>\n<img decoding=\"async\" class=\"wp-image-5434 size-full alignnone\" src=\"https:\/\/decouvrirensemble.com\/wp-content\/uploads\/2017\/09\/Aveiro-road-trip-Portugal-blog-voyage-costa-nova-Ruedelagentbailly-1.jpg\" alt=\"Costa Nova Aveiro\" width=\"2000\" height=\"1500\" srcset=\"https:\/\/decouvrirensemble.com\/wp-content\/uploads\/2017\/09\/Aveiro-road-trip-Portugal-blog-voyage-costa-nova-Ruedelagentbailly-1.jpg 2000w, https:\/\/decouvrirensemble.com\/wp-content\/uploads\/2017\/09\/Aveiro-road-trip-Portugal-blog-voyage-costa-nova-Ruedelagentbailly-1-1536x1152.jpg 1536w, https:\/\/decouvrirensemble.com\/wp-content\/uploads\/2017\/09\/Aveiro-road-trip-Portugal-blog-voyage-costa-nova-Ruedelagentbailly-1-600x450.jpg 600w, https:\/\/decouvrirensemble.com\/wp-content\/uploads\/2017\/09\/Aveiro-road-trip-Portugal-blog-voyage-costa-nova-Ruedelagentbailly-1-300x225.jpg 300w, https:\/\/decouvrirensemble.com\/wp-content\/uploads\/2017\/09\/Aveiro-road-trip-Portugal-blog-voyage-costa-nova-Ruedelagentbailly-1-768x576.jpg 768w, https:\/\/decouvrirensemble.com\/wp-content\/uploads\/2017\/09\/Aveiro-road-trip-Portugal-blog-voyage-costa-nova-Ruedelagentbailly-1-1024x768.jpg 1024w, https:\/\/decouvrirensemble.com\/wp-content\/uploads\/2017\/09\/Aveiro-road-trip-Portugal-blog-voyage-costa-nova-Ruedelagentbailly-1-705x529.jpg 705w, https:\/\/decouvrirensemble.com\/wp-content\/uploads\/2017\/09\/Aveiro-road-trip-Portugal-blog-voyage-costa-nova-Ruedelagentbailly-1-987x740.jpg 987w\" sizes=\"(max-width: 2000px) 100vw, 2000px\" \/>\n<h3><span class=\"ez-toc-section\" id=\"3_Las_playas_de_Aveiro\"><\/span>3. Las playas de Aveiro<span class=\"ez-toc-section-end\"><\/span><\/h3>\n<h4><span class=\"ez-toc-section\" id=\"La_playa_de_la_Costa_Brava\"><\/span>La playa de la Costa Brava<span class=\"ez-toc-section-end\"><\/span><\/h4>\n<p>Aveiro cuenta con magn\u00edficas playas v\u00edrgenes que se extienden hasta donde alcanza la vista. Separadas de la carretera por inmensas dunas de arena fina, se puede acceder a ellas a trav\u00e9s de numerosas pasarelas de madera.<\/p>\n<p>All\u00ed encontrar\u00e1s peque\u00f1os chiringuitos donde disfrutar de un momento de placer frente al mar. <a href=\"https:\/\/maps.app.goo.gl\/XcxGtgSjFWeCjCBu7\" target=\"_blank\" rel=\"noopener\">La playa de Costa Nova<\/a> es conocida por ser un para\u00edso para los surfistas. Como amantes de las buenas olas, \u00a1nos encant\u00f3!<\/p>\n<div id=\"attachment_5437\" style=\"width: 2010px\" class=\"wp-caption alignnone\"><img decoding=\"async\" aria-describedby=\"caption-attachment-5437\" class=\"wp-image-5437 size-full\" src=\"https:\/\/decouvrirensemble.com\/wp-content\/uploads\/2017\/09\/Aveiro-road-trip-Portugal-blog-voyage-costa-nova-Ruedelagentbailly-3.jpg\" alt=\"Aveiro plages\" width=\"2000\" height=\"1500\" srcset=\"https:\/\/decouvrirensemble.com\/wp-content\/uploads\/2017\/09\/Aveiro-road-trip-Portugal-blog-voyage-costa-nova-Ruedelagentbailly-3.jpg 2000w, https:\/\/decouvrirensemble.com\/wp-content\/uploads\/2017\/09\/Aveiro-road-trip-Portugal-blog-voyage-costa-nova-Ruedelagentbailly-3-1536x1152.jpg 1536w, https:\/\/decouvrirensemble.com\/wp-content\/uploads\/2017\/09\/Aveiro-road-trip-Portugal-blog-voyage-costa-nova-Ruedelagentbailly-3-600x450.jpg 600w, https:\/\/decouvrirensemble.com\/wp-content\/uploads\/2017\/09\/Aveiro-road-trip-Portugal-blog-voyage-costa-nova-Ruedelagentbailly-3-300x225.jpg 300w, https:\/\/decouvrirensemble.com\/wp-content\/uploads\/2017\/09\/Aveiro-road-trip-Portugal-blog-voyage-costa-nova-Ruedelagentbailly-3-768x576.jpg 768w, https:\/\/decouvrirensemble.com\/wp-content\/uploads\/2017\/09\/Aveiro-road-trip-Portugal-blog-voyage-costa-nova-Ruedelagentbailly-3-1024x768.jpg 1024w, https:\/\/decouvrirensemble.com\/wp-content\/uploads\/2017\/09\/Aveiro-road-trip-Portugal-blog-voyage-costa-nova-Ruedelagentbailly-3-705x529.jpg 705w, https:\/\/decouvrirensemble.com\/wp-content\/uploads\/2017\/09\/Aveiro-road-trip-Portugal-blog-voyage-costa-nova-Ruedelagentbailly-3-987x740.jpg 987w\" sizes=\"(max-width: 2000px) 100vw, 2000px\" \/><p id=\"caption-attachment-5437\" class=\"wp-caption-text\">La playa de la Costa Brava<\/p><\/div>\n<h4><span class=\"ez-toc-section\" id=\"Playa_de_Barra\"><\/span>Playa de Barra<span class=\"ez-toc-section-end\"><\/span><\/h4>\n<p>Para las familias con ni\u00f1os, les recomendamos <a href=\"https:\/\/maps.app.goo.gl\/cLA4wPDa5jiGUyaw6\" target=\"_blank\" rel=\"noopener\">la playa de Barra<\/a>. La playa es mucho m\u00e1s tranquila que la de Costa Nova. Para llegar, solo tienen que buscar el faro de Aveiro; la playa de arena fina se encuentra justo debajo.<\/p>\n<p>\u00a1Te enamorar\u00e1s de los acantilados y las calas de esta gran playa! Sus aguas cristalinas casi est\u00e1n a la altura de las playas del <a href=\"https:\/\/decouvrirensemble.com\/es\/que-ver-en-el-algarve\" rel=\"noopener\">Algarve<\/a>.<\/p>\n<a href=\"https:\/\/decouvrirensemble.com\/es\/que-ver-en-el-algarve\"><img decoding=\"async\" class=\"wp-image-5457 size-full alignnone\" src=\"https:\/\/decouvrirensemble.com\/wp-content\/uploads\/2017\/09\/Aveiro-road-trip-Portugal-blog-voyage-costa-nova-Ruedelagentbailly-8.jpg\" alt=\"Visiter Aveiro\" width=\"2000\" height=\"647\" srcset=\"https:\/\/decouvrirensemble.com\/wp-content\/uploads\/2017\/09\/Aveiro-road-trip-Portugal-blog-voyage-costa-nova-Ruedelagentbailly-8.jpg 2000w, https:\/\/decouvrirensemble.com\/wp-content\/uploads\/2017\/09\/Aveiro-road-trip-Portugal-blog-voyage-costa-nova-Ruedelagentbailly-8-1536x497.jpg 1536w, https:\/\/decouvrirensemble.com\/wp-content\/uploads\/2017\/09\/Aveiro-road-trip-Portugal-blog-voyage-costa-nova-Ruedelagentbailly-8-600x194.jpg 600w, https:\/\/decouvrirensemble.com\/wp-content\/uploads\/2017\/09\/Aveiro-road-trip-Portugal-blog-voyage-costa-nova-Ruedelagentbailly-8-300x97.jpg 300w, https:\/\/decouvrirensemble.com\/wp-content\/uploads\/2017\/09\/Aveiro-road-trip-Portugal-blog-voyage-costa-nova-Ruedelagentbailly-8-768x248.jpg 768w, https:\/\/decouvrirensemble.com\/wp-content\/uploads\/2017\/09\/Aveiro-road-trip-Portugal-blog-voyage-costa-nova-Ruedelagentbailly-8-1024x331.jpg 1024w, https:\/\/decouvrirensemble.com\/wp-content\/uploads\/2017\/09\/Aveiro-road-trip-Portugal-blog-voyage-costa-nova-Ruedelagentbailly-8-705x228.jpg 705w\" sizes=\"(max-width: 2000px) 100vw, 2000px\" \/><\/a>\n<img decoding=\"async\" class=\"wp-image-5440 size-full alignnone\" src=\"https:\/\/decouvrirensemble.com\/wp-content\/uploads\/2017\/09\/Aveiro-road-trip-Portugal-blog-voyage-costa-nova-Ruedelagentbailly-5.jpg\" alt=\"Plage Costa Nova\" width=\"2000\" height=\"1500\" srcset=\"https:\/\/decouvrirensemble.com\/wp-content\/uploads\/2017\/09\/Aveiro-road-trip-Portugal-blog-voyage-costa-nova-Ruedelagentbailly-5.jpg 2000w, https:\/\/decouvrirensemble.com\/wp-content\/uploads\/2017\/09\/Aveiro-road-trip-Portugal-blog-voyage-costa-nova-Ruedelagentbailly-5-1536x1152.jpg 1536w, https:\/\/decouvrirensemble.com\/wp-content\/uploads\/2017\/09\/Aveiro-road-trip-Portugal-blog-voyage-costa-nova-Ruedelagentbailly-5-600x450.jpg 600w, https:\/\/decouvrirensemble.com\/wp-content\/uploads\/2017\/09\/Aveiro-road-trip-Portugal-blog-voyage-costa-nova-Ruedelagentbailly-5-300x225.jpg 300w, https:\/\/decouvrirensemble.com\/wp-content\/uploads\/2017\/09\/Aveiro-road-trip-Portugal-blog-voyage-costa-nova-Ruedelagentbailly-5-768x576.jpg 768w, https:\/\/decouvrirensemble.com\/wp-content\/uploads\/2017\/09\/Aveiro-road-trip-Portugal-blog-voyage-costa-nova-Ruedelagentbailly-5-1024x768.jpg 1024w, https:\/\/decouvrirensemble.com\/wp-content\/uploads\/2017\/09\/Aveiro-road-trip-Portugal-blog-voyage-costa-nova-Ruedelagentbailly-5-705x529.jpg 705w, https:\/\/decouvrirensemble.com\/wp-content\/uploads\/2017\/09\/Aveiro-road-trip-Portugal-blog-voyage-costa-nova-Ruedelagentbailly-5-987x740.jpg 987w\" sizes=\"(max-width: 2000px) 100vw, 2000px\" \/>\n<h4><span class=\"ez-toc-section\" id=\"Puesta_de_sol_en_la_Costa_Brava\"><\/span>Puesta de sol en la Costa Brava<span class=\"ez-toc-section-end\"><\/span><\/h4>\n<p>\u00a1No te puedes perder la puesta de sol en la playa! A esa hora, la playa est\u00e1 pr\u00e1cticamente desierta, lo que hace que el momento sea a\u00fan m\u00e1s m\u00e1gico. \u00a1Te dar\u00e1 la sensaci\u00f3n de estar solo en el mundo (o casi)!<\/p>\n<p>No olvides abrigarte bien, porque el viento sopla con fuerza al atardecer, incluso en pleno mes de agosto.<\/p>\n<img decoding=\"async\" class=\"wp-image-5438 size-full alignnone\" src=\"https:\/\/decouvrirensemble.com\/wp-content\/uploads\/2017\/09\/Aveiro-road-trip-Portugal-blog-voyage-costa-nova-Ruedelagentbailly-4.jpg\" alt=\"Visiter Aveiro\" width=\"2000\" height=\"1500\" srcset=\"https:\/\/decouvrirensemble.com\/wp-content\/uploads\/2017\/09\/Aveiro-road-trip-Portugal-blog-voyage-costa-nova-Ruedelagentbailly-4.jpg 2000w, https:\/\/decouvrirensemble.com\/wp-content\/uploads\/2017\/09\/Aveiro-road-trip-Portugal-blog-voyage-costa-nova-Ruedelagentbailly-4-1536x1152.jpg 1536w, https:\/\/decouvrirensemble.com\/wp-content\/uploads\/2017\/09\/Aveiro-road-trip-Portugal-blog-voyage-costa-nova-Ruedelagentbailly-4-600x450.jpg 600w, https:\/\/decouvrirensemble.com\/wp-content\/uploads\/2017\/09\/Aveiro-road-trip-Portugal-blog-voyage-costa-nova-Ruedelagentbailly-4-300x225.jpg 300w, https:\/\/decouvrirensemble.com\/wp-content\/uploads\/2017\/09\/Aveiro-road-trip-Portugal-blog-voyage-costa-nova-Ruedelagentbailly-4-768x576.jpg 768w, https:\/\/decouvrirensemble.com\/wp-content\/uploads\/2017\/09\/Aveiro-road-trip-Portugal-blog-voyage-costa-nova-Ruedelagentbailly-4-1024x768.jpg 1024w, https:\/\/decouvrirensemble.com\/wp-content\/uploads\/2017\/09\/Aveiro-road-trip-Portugal-blog-voyage-costa-nova-Ruedelagentbailly-4-705x529.jpg 705w, https:\/\/decouvrirensemble.com\/wp-content\/uploads\/2017\/09\/Aveiro-road-trip-Portugal-blog-voyage-costa-nova-Ruedelagentbailly-4-987x740.jpg 987w\" sizes=\"(max-width: 2000px) 100vw, 2000px\" \/>\n<h2 id=\"dormir\"><span class=\"ez-toc-section\" id=\"%C2%BFDonde_dormir_en_Aveiro\"><\/span>\u00bfD\u00f3nde dormir en Aveiro?<span class=\"ez-toc-section-end\"><\/span><\/h2>\n<h3><span class=\"ez-toc-section\" id=\"1_Aveiro_Rossio_Bed_Breakfast\"><\/span>1. Aveiro Rossio Bed &amp; Breakfast<span class=\"ez-toc-section-end\"><\/span><\/h3>\n<p>Te recomendamos este hotel porque est\u00e1 muy bien situado, en pleno centro de la ciudad, lo que puede resultar muy pr\u00e1ctico si quieres recorrer el centro a pie. Nos encant\u00f3 la comodidad de las habitaciones y sus abundantes desayunos.<\/p>\n    <div class=\"niceButton\"><a href=\"https:\/\/www.booking.com\/hotel\/pt\/aveiro-rossio-bed-amp-breakfast.fr.html?aid=1286053\" target=\"_blank\" class=\"emojiLink\">\n                    <span class=\"emojiLink__emoji\">\u2764\ufe0f<\/span>\n                <span class=\"emojiLink__title title title--big\">Ver disponibilidad<\/span>\n    <\/a><\/div>\n\n    \n<img decoding=\"async\" class=\"alignnone wp-image-8503 size-full\" src=\"https:\/\/decouvrirensemble.com\/wp-content\/uploads\/2017\/10\/Visiter-Aveiro-hotels-costa-nova.jpg\" alt=\"o\u00f9 dormir Aveiro\" width=\"1830\" height=\"604\" srcset=\"https:\/\/decouvrirensemble.com\/wp-content\/uploads\/2017\/10\/Visiter-Aveiro-hotels-costa-nova.jpg 1830w, https:\/\/decouvrirensemble.com\/wp-content\/uploads\/2017\/10\/Visiter-Aveiro-hotels-costa-nova-300x99.jpg 300w, https:\/\/decouvrirensemble.com\/wp-content\/uploads\/2017\/10\/Visiter-Aveiro-hotels-costa-nova-768x253.jpg 768w, https:\/\/decouvrirensemble.com\/wp-content\/uploads\/2017\/10\/Visiter-Aveiro-hotels-costa-nova-1024x338.jpg 1024w, https:\/\/decouvrirensemble.com\/wp-content\/uploads\/2017\/10\/Visiter-Aveiro-hotels-costa-nova-705x233.jpg 705w\" sizes=\"(max-width: 1830px) 100vw, 1830px\" \/>\n<h3><span class=\"ez-toc-section\" id=\"2_Hotel_Costa_Nova\"><\/span>2. Hotel Costa Nova<span class=\"ez-toc-section-end\"><\/span><\/h3>\n<p>Si quieres pasar tus vacaciones junto a las playas de Aveiro, te recomendamos este peque\u00f1o hotel. El hotel es estupendo y encaja perfectamente con el estilo arquitect\u00f3nico de Costa Nova: \u00a1la inmersi\u00f3n est\u00e1 garantizada!<\/p>\n    <div class=\"niceButton\"><a href=\"https:\/\/www.booking.com\/hotel\/pt\/residencial-azevedo.fr.html?aid=1286053\" target=\"_blank\" class=\"emojiLink\">\n                    <span class=\"emojiLink__emoji\">\u2764\ufe0f<\/span>\n                <span class=\"emojiLink__title title title--big\">Ver disponibilidad<\/span>\n    <\/a><\/div>\n\n    \n<p>[hoteles]<\/p>\n<h2 id=\"manger\"><span class=\"ez-toc-section\" id=\"%C2%BFDonde_comer_Las_especialidades_culinarias_de_Aveiro\"><\/span>\u00bfD\u00f3nde comer? Las especialidades culinarias de Aveiro<span class=\"ez-toc-section-end\"><\/span><\/h2>\n<p>Portugal es conocido en todo el mundo por su buena gastronom\u00eda a precios asequibles. Aveiro no es una excepci\u00f3n, ya que cuenta con excelentes especialidades locales.<\/p>\n<p>\u00a1D\u00e9jate seducir por los famosos bu\u00f1uelos de bacalao y los past\u00e9is de nata portugueses, o atr\u00e9vete con las especialidades de la ciudad!<\/p>\n<p>En el men\u00fa: los \u00abovos moles\u00bb de Aveiro (huevos blandos) o las \u00abtripas\u00bb de Aveiro, una crepe doble con el relleno que elijas.<\/p>\n<img decoding=\"async\" class=\"wp-image-5449 size-full alignnone\" src=\"https:\/\/decouvrirensemble.com\/wp-content\/uploads\/2017\/09\/Aveiro-road-trip-Portugal-blog-voyage-costa-nova-Ruedelagentbailly-7.jpg\" alt=\"Nourriture portugaise\" width=\"2000\" height=\"1500\" srcset=\"https:\/\/decouvrirensemble.com\/wp-content\/uploads\/2017\/09\/Aveiro-road-trip-Portugal-blog-voyage-costa-nova-Ruedelagentbailly-7.jpg 2000w, https:\/\/decouvrirensemble.com\/wp-content\/uploads\/2017\/09\/Aveiro-road-trip-Portugal-blog-voyage-costa-nova-Ruedelagentbailly-7-1536x1152.jpg 1536w, https:\/\/decouvrirensemble.com\/wp-content\/uploads\/2017\/09\/Aveiro-road-trip-Portugal-blog-voyage-costa-nova-Ruedelagentbailly-7-600x450.jpg 600w, https:\/\/decouvrirensemble.com\/wp-content\/uploads\/2017\/09\/Aveiro-road-trip-Portugal-blog-voyage-costa-nova-Ruedelagentbailly-7-300x225.jpg 300w, https:\/\/decouvrirensemble.com\/wp-content\/uploads\/2017\/09\/Aveiro-road-trip-Portugal-blog-voyage-costa-nova-Ruedelagentbailly-7-768x576.jpg 768w, https:\/\/decouvrirensemble.com\/wp-content\/uploads\/2017\/09\/Aveiro-road-trip-Portugal-blog-voyage-costa-nova-Ruedelagentbailly-7-1024x768.jpg 1024w, https:\/\/decouvrirensemble.com\/wp-content\/uploads\/2017\/09\/Aveiro-road-trip-Portugal-blog-voyage-costa-nova-Ruedelagentbailly-7-705x529.jpg 705w, https:\/\/decouvrirensemble.com\/wp-content\/uploads\/2017\/09\/Aveiro-road-trip-Portugal-blog-voyage-costa-nova-Ruedelagentbailly-7-987x740.jpg 987w\" sizes=\"(max-width: 2000px) 100vw, 2000px\" \/>\n<h2><span class=\"ez-toc-section\" id=\"Visitar_Aveiro_y_descubrir_sus_alrededores\"><\/span>Visitar Aveiro y descubrir sus alrededores<span class=\"ez-toc-section-end\"><\/span><\/h2>\n<p>Tras su estancia en Aveiro, y si el tiempo lo permite, le recomendamos que reserve tiempo para hacer una excursi\u00f3n por los alrededores, \u00a1ya que hay mucho que ver! Podr\u00e1 visitar <a href=\"https:\/\/decouvrirensemble.com\/es\/que-ver-en-lisboa-en-4-dias\">Lisboa<\/a> y su Torre de Bel\u00e9m, o incluso la hermosa ciudad de <a href=\"https:\/\/decouvrirensemble.com\/es\/que-ver-en-oporto\" rel=\"noopener\">Oporto<\/a>, a solo unas horas en tren de Aveiro.<\/p>\n<p>[relance]<\/p>\n<img decoding=\"async\" class=\"size-full wp-image-15179 alignnone\" src=\"https:\/\/decouvrirensemble.com\/wp-content\/uploads\/2021\/01\/lisbonne-belvedere-coucher-de-soleil-miradouro-santa-luzia.jpg\" alt=\"miradouro santa luzia lisbonne\" width=\"1800\" height=\"1200\" srcset=\"https:\/\/decouvrirensemble.com\/wp-content\/uploads\/2021\/01\/lisbonne-belvedere-coucher-de-soleil-miradouro-santa-luzia.jpg 1800w, https:\/\/decouvrirensemble.com\/wp-content\/uploads\/2021\/01\/lisbonne-belvedere-coucher-de-soleil-miradouro-santa-luzia-300x200.jpg 300w, https:\/\/decouvrirensemble.com\/wp-content\/uploads\/2021\/01\/lisbonne-belvedere-coucher-de-soleil-miradouro-santa-luzia-1024x683.jpg 1024w, https:\/\/decouvrirensemble.com\/wp-content\/uploads\/2021\/01\/lisbonne-belvedere-coucher-de-soleil-miradouro-santa-luzia-768x512.jpg 768w, https:\/\/decouvrirensemble.com\/wp-content\/uploads\/2021\/01\/lisbonne-belvedere-coucher-de-soleil-miradouro-santa-luzia-1536x1024.jpg 1536w\" sizes=\"(max-width: 1800px) 100vw, 1800px\" \/>\n<h2 id=\"organiser\"><span class=\"ez-toc-section\" id=\"Preguntas_frecuentes_e_informacion_practica_para_visitar_Aveiro\"><\/span>Preguntas frecuentes e informaci\u00f3n pr\u00e1ctica para visitar Aveiro<span class=\"ez-toc-section-end\"><\/span><\/h2>\n<h3><span class=\"ez-toc-section\" id=\"%C2%BFQue_puedo_hacer_en_Aveiro_en_un_dia\"><\/span>\u00bfQu\u00e9 puedo hacer en Aveiro en un d\u00eda?<span class=\"ez-toc-section-end\"><\/span><\/h3>\n<p>Aunque est\u00e1 claro que un d\u00eda no basta para visitar Aveiro como se merece, empieza con un paseo por los canales y un recorrido en <strong>moliceiro<\/strong>, las embarcaciones tradicionales de la ciudad. Despu\u00e9s, t\u00f3mate tu tiempo para pasear por el centro, entre fachadas de estilo Art Nouveau, peque\u00f1as tiendas y cafeter\u00edas.<\/p>\n<p>Por la tarde, te recomendamos que te acerques a las playas cercanas, sobre todo a las de Costa Nova o Barra, antes de terminar el d\u00eda con una buena cena a base de pescado o marisco en el barrio de Costa Nova.<\/p>\n<h3><span class=\"ez-toc-section\" id=\"%C2%BFDonde_estan_las_casas_de_colores_en_Aveiro\"><\/span>\u00bfD\u00f3nde est\u00e1n las casas de colores en Aveiro?<span class=\"ez-toc-section-end\"><\/span><\/h3>\n<p>Las famosas casas de colores se encuentran en <strong>Costa Nova<\/strong>, a unos diez minutos en coche de Aveiro.<\/p>\n<p>Con sus rayas verticales multicolores, estas casas t\u00edpicas se han convertido en uno de los s\u00edmbolos de la regi\u00f3n.<\/p>\n<p>Es una parada obligatoria, tanto para dar un paseo como para hacer fotos.<\/p>\n<img decoding=\"async\" class=\"wp-image-5442 size-full alignnone\" src=\"https:\/\/decouvrirensemble.com\/wp-content\/uploads\/2017\/09\/Aveiro-road-trip-Portugal-blog-voyage-costa-nova-Ruedelagentbailly-6.jpg\" alt=\"Costa Nova\" width=\"2000\" height=\"1500\" srcset=\"https:\/\/decouvrirensemble.com\/wp-content\/uploads\/2017\/09\/Aveiro-road-trip-Portugal-blog-voyage-costa-nova-Ruedelagentbailly-6.jpg 2000w, https:\/\/decouvrirensemble.com\/wp-content\/uploads\/2017\/09\/Aveiro-road-trip-Portugal-blog-voyage-costa-nova-Ruedelagentbailly-6-1536x1152.jpg 1536w, https:\/\/decouvrirensemble.com\/wp-content\/uploads\/2017\/09\/Aveiro-road-trip-Portugal-blog-voyage-costa-nova-Ruedelagentbailly-6-600x450.jpg 600w, https:\/\/decouvrirensemble.com\/wp-content\/uploads\/2017\/09\/Aveiro-road-trip-Portugal-blog-voyage-costa-nova-Ruedelagentbailly-6-300x225.jpg 300w, https:\/\/decouvrirensemble.com\/wp-content\/uploads\/2017\/09\/Aveiro-road-trip-Portugal-blog-voyage-costa-nova-Ruedelagentbailly-6-768x576.jpg 768w, https:\/\/decouvrirensemble.com\/wp-content\/uploads\/2017\/09\/Aveiro-road-trip-Portugal-blog-voyage-costa-nova-Ruedelagentbailly-6-1024x768.jpg 1024w, https:\/\/decouvrirensemble.com\/wp-content\/uploads\/2017\/09\/Aveiro-road-trip-Portugal-blog-voyage-costa-nova-Ruedelagentbailly-6-705x529.jpg 705w, https:\/\/decouvrirensemble.com\/wp-content\/uploads\/2017\/09\/Aveiro-road-trip-Portugal-blog-voyage-costa-nova-Ruedelagentbailly-6-987x740.jpg 987w\" sizes=\"(max-width: 2000px) 100vw, 2000px\" \/>\n<h3><span class=\"ez-toc-section\" id=\"%C2%BFComo_llegar_a_Aveiro\"><\/span>\u00bfC\u00f3mo llegar a Aveiro?<span class=\"ez-toc-section-end\"><\/span><\/h3>\n<p><strong>Aveiro<\/strong> cuenta con muy buenas conexiones y es de f\u00e1cil acceso desde las principales ciudades de Portugal.<\/p>\n<ul>\n<li><strong>Desde Oporto<\/strong>: es la opci\u00f3n m\u00e1s pr\u00e1ctica. El <strong>tren<\/strong> conecta Oporto con Aveiro en <strong>aproximadamente 1 hora<\/strong>, con numerosas conexiones diarias. En <strong>coche<\/strong>, el trayecto dura entre <strong>1 h y 1 h 15 min<\/strong>, dependiendo del tr\u00e1fico.<\/li>\n<li><strong>Desde Lisboa<\/strong>: el <strong>tren<\/strong> tambi\u00e9n es una opci\u00f3n muy buena, con un trayecto de entre <strong>2 y 2 horas y media<\/strong>. En <strong>coche<\/strong>, calcula m\u00e1s bien entre <strong>2 horas y media y 3 horas<\/strong>.<\/li>\n<li><strong>Desde el aeropuerto de Oporto<\/strong>: puede alquilar un coche directamente en el aeropuerto o dirigirse al centro de Oporto y tomar un tren hasta Aveiro.<\/li>\n<\/ul>\n<p>Una vez all\u00ed, el <strong>centro de la ciudad se recorre f\u00e1cilmente a pie<\/strong>, y el coche resulta especialmente \u00fatil si quieres ir a las playas de los alrededores, como <strong>Costa Nova o Barra<\/strong>.<\/p>\n<h2><span class=\"ez-toc-section\" id=\"%C2%BFMerece_la_pena_visitar_Aveiro_en_Portugal\"><\/span>\u00bfMerece la pena visitar Aveiro, en Portugal?<span class=\"ez-toc-section-end\"><\/span><\/h2>\n<p>S\u00ed, claro. Y para nosotros es incluso algo obvio. Aveiro es <strong>la ciudad de los abuelos de Alex<\/strong>, y \u00e9l pas\u00f3 all\u00ed <strong>todos los veranos de su adolescencia<\/strong>, \u00a1as\u00ed que es dif\u00edcil decir lo contrario!<\/p>\n<p>Pero, m\u00e1s all\u00e1 del cari\u00f1o personal que le tengo, Aveiro merece realmente una visita por su <strong>agradable centro urbano<\/strong>, su ambiente tranquilo, sus <strong>magn\u00edficas playas cercanas<\/strong> y su autenticidad. Es un destino perfecto para descubrir un Portugal m\u00e1s aut\u00e9ntico, lejos de las grandes ciudades masificadas por el turismo.<\/p>\n<img decoding=\"async\" class=\"wp-image-5433 size-full alignnone\" src=\"https:\/\/decouvrirensemble.com\/wp-content\/uploads\/2017\/09\/Aveiro-road-trip-Portugal-blog-voyage-costa-nova-Ruedelagentbailly-.jpg\" alt=\"Costa Nova Aveiro\" width=\"2000\" height=\"1500\" srcset=\"https:\/\/decouvrirensemble.com\/wp-content\/uploads\/2017\/09\/Aveiro-road-trip-Portugal-blog-voyage-costa-nova-Ruedelagentbailly-.jpg 2000w, https:\/\/decouvrirensemble.com\/wp-content\/uploads\/2017\/09\/Aveiro-road-trip-Portugal-blog-voyage-costa-nova-Ruedelagentbailly--1536x1152.jpg 1536w, https:\/\/decouvrirensemble.com\/wp-content\/uploads\/2017\/09\/Aveiro-road-trip-Portugal-blog-voyage-costa-nova-Ruedelagentbailly--600x450.jpg 600w, https:\/\/decouvrirensemble.com\/wp-content\/uploads\/2017\/09\/Aveiro-road-trip-Portugal-blog-voyage-costa-nova-Ruedelagentbailly--300x225.jpg 300w, https:\/\/decouvrirensemble.com\/wp-content\/uploads\/2017\/09\/Aveiro-road-trip-Portugal-blog-voyage-costa-nova-Ruedelagentbailly--768x576.jpg 768w, https:\/\/decouvrirensemble.com\/wp-content\/uploads\/2017\/09\/Aveiro-road-trip-Portugal-blog-voyage-costa-nova-Ruedelagentbailly--1024x768.jpg 1024w, https:\/\/decouvrirensemble.com\/wp-content\/uploads\/2017\/09\/Aveiro-road-trip-Portugal-blog-voyage-costa-nova-Ruedelagentbailly--705x529.jpg 705w, https:\/\/decouvrirensemble.com\/wp-content\/uploads\/2017\/09\/Aveiro-road-trip-Portugal-blog-voyage-costa-nova-Ruedelagentbailly--987x740.jpg 987w\" sizes=\"(max-width: 2000px) 100vw, 2000px\" \/>\n<p>[merci]<\/p>\n\n\n<div class=\"kk-star-ratings kksr-auto kksr-align-left kksr-valign-bottom\"\n    data-payload='{&quot;align&quot;:&quot;left&quot;,&quot;id&quot;:&quot;53587&quot;,&quot;slug&quot;:&quot;default&quot;,&quot;valign&quot;:&quot;bottom&quot;,&quot;ignore&quot;:&quot;&quot;,&quot;reference&quot;:&quot;auto&quot;,&quot;class&quot;:&quot;&quot;,&quot;count&quot;:&quot;33&quot;,&quot;legendonly&quot;:&quot;&quot;,&quot;readonly&quot;:&quot;&quot;,&quot;score&quot;:&quot;4.8&quot;,&quot;starsonly&quot;:&quot;&quot;,&quot;best&quot;:&quot;5&quot;,&quot;gap&quot;:&quot;4&quot;,&quot;greet&quot;:&quot;Sea el primero en valorar esta entrada de blog.&quot;,&quot;legend&quot;:&quot;4.8\\\/5 - (33 votos)&quot;,&quot;size&quot;:&quot;21&quot;,&quot;title&quot;:&quot;\u00bfQu\u00e9 ver en Aveiro, Portugal? Nuestros imprescindibles&quot;,&quot;width&quot;:&quot;118&quot;,&quot;_legend&quot;:&quot;{score}\\\/{best} - ({count} {votes})&quot;,&quot;font_factor&quot;:&quot;1.25&quot;}'>\n            \n<div class=\"kksr-stars\">\n    \n<div class=\"kksr-stars-inactive\">\n            <div class=\"kksr-star\" data-star=\"1\" style=\"padding-right: 4px\">\n            \n\n<div class=\"kksr-icon\" style=\"width: 21px; height: 21px;\"><\/div>\n        <\/div>\n            <div class=\"kksr-star\" data-star=\"2\" style=\"padding-right: 4px\">\n            \n\n<div class=\"kksr-icon\" style=\"width: 21px; height: 21px;\"><\/div>\n        <\/div>\n            <div class=\"kksr-star\" data-star=\"3\" style=\"padding-right: 4px\">\n            \n\n<div class=\"kksr-icon\" style=\"width: 21px; height: 21px;\"><\/div>\n        <\/div>\n            <div class=\"kksr-star\" data-star=\"4\" style=\"padding-right: 4px\">\n            \n\n<div class=\"kksr-icon\" style=\"width: 21px; height: 21px;\"><\/div>\n        <\/div>\n            <div class=\"kksr-star\" data-star=\"5\" style=\"padding-right: 4px\">\n            \n\n<div class=\"kksr-icon\" style=\"width: 21px; height: 21px;\"><\/div>\n        <\/div>\n    <\/div>\n    \n<div class=\"kksr-stars-active\" style=\"width: 118px;\">\n            <div class=\"kksr-star\" style=\"padding-right: 4px\">\n            \n\n<div class=\"kksr-icon\" style=\"width: 21px; height: 21px;\"><\/div>\n        <\/div>\n            <div class=\"kksr-star\" style=\"padding-right: 4px\">\n            \n\n<div class=\"kksr-icon\" style=\"width: 21px; height: 21px;\"><\/div>\n        <\/div>\n            <div class=\"kksr-star\" style=\"padding-right: 4px\">\n            \n\n<div class=\"kksr-icon\" style=\"width: 21px; height: 21px;\"><\/div>\n        <\/div>\n            <div class=\"kksr-star\" style=\"padding-right: 4px\">\n            \n\n<div class=\"kksr-icon\" style=\"width: 21px; height: 21px;\"><\/div>\n        <\/div>\n            <div class=\"kksr-star\" style=\"padding-right: 4px\">\n            \n\n<div class=\"kksr-icon\" style=\"width: 21px; height: 21px;\"><\/div>\n        <\/div>\n    <\/div>\n<\/div>\n                \n\n<div class=\"kksr-legend\" style=\"font-size: 16.8px;\">\n            4.8\/5 - (33 votos)    <\/div>\n    <\/div>\n","protected":false},"excerpt":{"rendered":"<p>A todos aquellos que sue\u00f1an con evadirse y disfrutar de un espect\u00e1culo para la vista, les proponemos que vengan a visitar Aveiro, \u00a1un destino lleno de colorido donde se vive de maravilla!<\/p>\n","protected":false},"author":1,"featured_media":48289,"comment_status":"open","ping_status":"closed","sticky":false,"template":"","format":"standard","meta":{"_acf_changed":false,"_lmt_disableupdate":"no","_lmt_disable":"no","footnotes":""},"categories":[462,481],"tags":[],"class_list":["post-53587","post","type-post","status-publish","format-standard","has-post-thumbnail","hentry","category-guias-de-viajes","category-portugal"],"acf":[],"yoast_head":"<!-- This site is optimized with the Yoast SEO plugin v27.4 - https:\/\/yoast.com\/product\/yoast-seo-wordpress\/ -->\n<title>\u00bfQu\u00e9 ver en Aveiro, Portugal? Nuestros imprescindibles<\/title>\n<meta name=\"description\" content=\"\u00bfQu\u00e9 ver en Aveiro, Portugal? En nuestro blog de viajes, \u00a1compartimos con usted lo que no se puede perder!\" \/>\n<meta name=\"robots\" content=\"index, follow, max-snippet:-1, max-image-preview:large, max-video-preview:-1\" \/>\n<link rel=\"canonical\" href=\"https:\/\/decouvrirensemble.com\/es\/que-ver-en-aveiro\" \/>\n<meta property=\"og:locale\" content=\"es_ES\" \/>\n<meta property=\"og:type\" content=\"article\" \/>\n<meta property=\"og:title\" content=\"\u00bfQu\u00e9 ver en Aveiro, Portugal? Nuestros imprescindibles\" \/>\n<meta property=\"og:description\" content=\"\u00bfQu\u00e9 ver en Aveiro, Portugal? En nuestro blog de viajes, \u00a1compartimos con usted lo que no se puede perder!\" \/>\n<meta property=\"og:url\" content=\"https:\/\/decouvrirensemble.com\/es\/que-ver-en-aveiro\" \/>\n<meta property=\"og:site_name\" content=\"Blog Voyage - D\u00e9couvrir Ensemble\" \/>\n<meta property=\"article:published_time\" content=\"2017-10-24T09:37:23+00:00\" \/>\n<meta property=\"article:modified_time\" content=\"2026-04-13T13:18:44+00:00\" \/>\n<meta property=\"og:image\" content=\"https:\/\/decouvrirensemble.com\/wp-content\/uploads\/2017\/10\/Aveiro-Portugal-Blog-Voyage.jpg\" \/>\n\t<meta property=\"og:image:width\" content=\"1800\" \/>\n\t<meta property=\"og:image:height\" content=\"1350\" \/>\n\t<meta property=\"og:image:type\" content=\"image\/jpeg\" \/>\n<meta name=\"author\" content=\"Cl\u00e9mence &amp; Alexandre\" \/>\n<meta name=\"twitter:card\" content=\"summary_large_image\" \/>\n<meta name=\"twitter:creator\" content=\"@dcouvrirensmble\" \/>\n<meta name=\"twitter:site\" content=\"@dcouvrirensmble\" \/>\n<meta name=\"twitter:label1\" content=\"Escrito por\" \/>\n\t<meta name=\"twitter:data1\" content=\"Cl\u00e9mence &amp; Alexandre\" \/>\n\t<meta name=\"twitter:label2\" content=\"Tiempo de lectura\" \/>\n\t<meta name=\"twitter:data2\" content=\"10 minutos\" \/>\n<script type=\"application\/ld+json\" class=\"yoast-schema-graph\">{\"@context\":\"https:\\\/\\\/schema.org\",\"@graph\":[{\"@type\":\"Article\",\"@id\":\"https:\\\/\\\/decouvrirensemble.com\\\/es\\\/que-ver-en-aveiro#article\",\"isPartOf\":{\"@id\":\"https:\\\/\\\/decouvrirensemble.com\\\/es\\\/que-ver-en-aveiro\"},\"author\":{\"name\":\"Cl\u00e9mence &amp; Alexandre\",\"@id\":\"https:\\\/\\\/decouvrirensemble.com\\\/es#\\\/schema\\\/person\\\/a53efd44d02eb7f9ab90f96e84a9d2ba\"},\"headline\":\"\u00bfQu\u00e9 ver en Aveiro, Portugal? Nuestros imprescindibles\",\"datePublished\":\"2017-10-24T09:37:23+00:00\",\"dateModified\":\"2026-04-13T13:18:44+00:00\",\"mainEntityOfPage\":{\"@id\":\"https:\\\/\\\/decouvrirensemble.com\\\/es\\\/que-ver-en-aveiro\"},\"wordCount\":1506,\"commentCount\":0,\"publisher\":{\"@id\":\"https:\\\/\\\/decouvrirensemble.com\\\/es#\\\/schema\\\/person\\\/a53efd44d02eb7f9ab90f96e84a9d2ba\"},\"image\":{\"@id\":\"https:\\\/\\\/decouvrirensemble.com\\\/es\\\/que-ver-en-aveiro#primaryimage\"},\"thumbnailUrl\":\"https:\\\/\\\/decouvrirensemble.com\\\/wp-content\\\/uploads\\\/2017\\\/10\\\/Aveiro-Portugal-Blog-Voyage.jpg\",\"articleSection\":[\"Gu\u00edas de viajes\",\"Portugal\"],\"inLanguage\":\"es\",\"potentialAction\":[{\"@type\":\"CommentAction\",\"name\":\"Comment\",\"target\":[\"https:\\\/\\\/decouvrirensemble.com\\\/es\\\/que-ver-en-aveiro#respond\"]}]},{\"@type\":\"WebPage\",\"@id\":\"https:\\\/\\\/decouvrirensemble.com\\\/es\\\/que-ver-en-aveiro\",\"url\":\"https:\\\/\\\/decouvrirensemble.com\\\/es\\\/que-ver-en-aveiro\",\"name\":\"\u00bfQu\u00e9 ver en Aveiro, Portugal? Nuestros imprescindibles\",\"isPartOf\":{\"@id\":\"https:\\\/\\\/decouvrirensemble.com\\\/es#website\"},\"primaryImageOfPage\":{\"@id\":\"https:\\\/\\\/decouvrirensemble.com\\\/es\\\/que-ver-en-aveiro#primaryimage\"},\"image\":{\"@id\":\"https:\\\/\\\/decouvrirensemble.com\\\/es\\\/que-ver-en-aveiro#primaryimage\"},\"thumbnailUrl\":\"https:\\\/\\\/decouvrirensemble.com\\\/wp-content\\\/uploads\\\/2017\\\/10\\\/Aveiro-Portugal-Blog-Voyage.jpg\",\"datePublished\":\"2017-10-24T09:37:23+00:00\",\"dateModified\":\"2026-04-13T13:18:44+00:00\",\"description\":\"\u00bfQu\u00e9 ver en Aveiro, Portugal? En nuestro blog de viajes, \u00a1compartimos con usted lo que no se puede perder!\",\"breadcrumb\":{\"@id\":\"https:\\\/\\\/decouvrirensemble.com\\\/es\\\/que-ver-en-aveiro#breadcrumb\"},\"inLanguage\":\"es\",\"potentialAction\":[{\"@type\":\"ReadAction\",\"target\":[\"https:\\\/\\\/decouvrirensemble.com\\\/es\\\/que-ver-en-aveiro\"]}]},{\"@type\":\"ImageObject\",\"inLanguage\":\"es\",\"@id\":\"https:\\\/\\\/decouvrirensemble.com\\\/es\\\/que-ver-en-aveiro#primaryimage\",\"url\":\"https:\\\/\\\/decouvrirensemble.com\\\/wp-content\\\/uploads\\\/2017\\\/10\\\/Aveiro-Portugal-Blog-Voyage.jpg\",\"contentUrl\":\"https:\\\/\\\/decouvrirensemble.com\\\/wp-content\\\/uploads\\\/2017\\\/10\\\/Aveiro-Portugal-Blog-Voyage.jpg\",\"width\":1800,\"height\":1350,\"caption\":\"Aveiro Portugal\"},{\"@type\":\"BreadcrumbList\",\"@id\":\"https:\\\/\\\/decouvrirensemble.com\\\/es\\\/que-ver-en-aveiro#breadcrumb\",\"itemListElement\":[{\"@type\":\"ListItem\",\"position\":1,\"name\":\"Accueil\",\"item\":\"https:\\\/\\\/decouvrirensemble.com\\\/es\"},{\"@type\":\"ListItem\",\"position\":2,\"name\":\"Destinos\",\"item\":\"https:\\\/\\\/decouvrirensemble.com\\\/es\\\/destinos\"},{\"@type\":\"ListItem\",\"position\":3,\"name\":\"Portugal\",\"item\":\"https:\\\/\\\/decouvrirensemble.com\\\/es\\\/destinos\\\/portugal\"},{\"@type\":\"ListItem\",\"position\":4,\"name\":\"\u00bfQu\u00e9 ver en Aveiro, Portugal? Nuestros imprescindibles\"}]},{\"@type\":\"WebSite\",\"@id\":\"https:\\\/\\\/decouvrirensemble.com\\\/es#website\",\"url\":\"https:\\\/\\\/decouvrirensemble.com\\\/es\",\"name\":\"Blog Voyage - D\u00e9couvrir Ensemble\",\"description\":\"Le Blog Voyage de Clem et Alex\",\"publisher\":{\"@id\":\"https:\\\/\\\/decouvrirensemble.com\\\/es#\\\/schema\\\/person\\\/a53efd44d02eb7f9ab90f96e84a9d2ba\"},\"potentialAction\":[{\"@type\":\"SearchAction\",\"target\":{\"@type\":\"EntryPoint\",\"urlTemplate\":\"https:\\\/\\\/decouvrirensemble.com\\\/es?s={search_term_string}\"},\"query-input\":{\"@type\":\"PropertyValueSpecification\",\"valueRequired\":true,\"valueName\":\"search_term_string\"}}],\"inLanguage\":\"es\"},{\"@type\":[\"Person\",\"Organization\"],\"@id\":\"https:\\\/\\\/decouvrirensemble.com\\\/es#\\\/schema\\\/person\\\/a53efd44d02eb7f9ab90f96e84a9d2ba\",\"name\":\"Cl\u00e9mence &amp; Alexandre\",\"image\":{\"@type\":\"ImageObject\",\"inLanguage\":\"es\",\"@id\":\"https:\\\/\\\/decouvrirensemble.com\\\/wp-content\\\/uploads\\\/2024\\\/04\\\/logo-decouvrir-ensemble-blog-voyage.jpg\",\"url\":\"https:\\\/\\\/decouvrirensemble.com\\\/wp-content\\\/uploads\\\/2024\\\/04\\\/logo-decouvrir-ensemble-blog-voyage.jpg\",\"contentUrl\":\"https:\\\/\\\/decouvrirensemble.com\\\/wp-content\\\/uploads\\\/2024\\\/04\\\/logo-decouvrir-ensemble-blog-voyage.jpg\",\"width\":1563,\"height\":529,\"caption\":\"Cl\u00e9mence &amp; Alexandre\"},\"logo\":{\"@id\":\"https:\\\/\\\/decouvrirensemble.com\\\/wp-content\\\/uploads\\\/2024\\\/04\\\/logo-decouvrir-ensemble-blog-voyage.jpg\"},\"sameAs\":[\"https:\\\/\\\/decouvrirensemble.com\\\/\"]}]}<\/script>\n<!-- \/ Yoast SEO plugin. -->","yoast_head_json":{"title":"\u00bfQu\u00e9 ver en Aveiro, Portugal? Nuestros imprescindibles","description":"\u00bfQu\u00e9 ver en Aveiro, Portugal? En nuestro blog de viajes, \u00a1compartimos con usted lo que no se puede perder!","robots":{"index":"index","follow":"follow","max-snippet":"max-snippet:-1","max-image-preview":"max-image-preview:large","max-video-preview":"max-video-preview:-1"},"canonical":"https:\/\/decouvrirensemble.com\/es\/que-ver-en-aveiro","og_locale":"es_ES","og_type":"article","og_title":"\u00bfQu\u00e9 ver en Aveiro, Portugal? Nuestros imprescindibles","og_description":"\u00bfQu\u00e9 ver en Aveiro, Portugal? En nuestro blog de viajes, \u00a1compartimos con usted lo que no se puede perder!","og_url":"https:\/\/decouvrirensemble.com\/es\/que-ver-en-aveiro","og_site_name":"Blog Voyage - D\u00e9couvrir Ensemble","article_published_time":"2017-10-24T09:37:23+00:00","article_modified_time":"2026-04-13T13:18:44+00:00","og_image":[{"width":1800,"height":1350,"url":"https:\/\/decouvrirensemble.com\/wp-content\/uploads\/2017\/10\/Aveiro-Portugal-Blog-Voyage.jpg","type":"image\/jpeg"}],"author":"Cl\u00e9mence &amp; Alexandre","twitter_card":"summary_large_image","twitter_creator":"@dcouvrirensmble","twitter_site":"@dcouvrirensmble","twitter_misc":{"Escrito por":"Cl\u00e9mence &amp; Alexandre","Tiempo de lectura":"10 minutos"},"schema":{"@context":"https:\/\/schema.org","@graph":[{"@type":"Article","@id":"https:\/\/decouvrirensemble.com\/es\/que-ver-en-aveiro#article","isPartOf":{"@id":"https:\/\/decouvrirensemble.com\/es\/que-ver-en-aveiro"},"author":{"name":"Cl\u00e9mence &amp; Alexandre","@id":"https:\/\/decouvrirensemble.com\/es#\/schema\/person\/a53efd44d02eb7f9ab90f96e84a9d2ba"},"headline":"\u00bfQu\u00e9 ver en Aveiro, Portugal? Nuestros imprescindibles","datePublished":"2017-10-24T09:37:23+00:00","dateModified":"2026-04-13T13:18:44+00:00","mainEntityOfPage":{"@id":"https:\/\/decouvrirensemble.com\/es\/que-ver-en-aveiro"},"wordCount":1506,"commentCount":0,"publisher":{"@id":"https:\/\/decouvrirensemble.com\/es#\/schema\/person\/a53efd44d02eb7f9ab90f96e84a9d2ba"},"image":{"@id":"https:\/\/decouvrirensemble.com\/es\/que-ver-en-aveiro#primaryimage"},"thumbnailUrl":"https:\/\/decouvrirensemble.com\/wp-content\/uploads\/2017\/10\/Aveiro-Portugal-Blog-Voyage.jpg","articleSection":["Gu\u00edas de viajes","Portugal"],"inLanguage":"es","potentialAction":[{"@type":"CommentAction","name":"Comment","target":["https:\/\/decouvrirensemble.com\/es\/que-ver-en-aveiro#respond"]}]},{"@type":"WebPage","@id":"https:\/\/decouvrirensemble.com\/es\/que-ver-en-aveiro","url":"https:\/\/decouvrirensemble.com\/es\/que-ver-en-aveiro","name":"\u00bfQu\u00e9 ver en Aveiro, Portugal? Nuestros imprescindibles","isPartOf":{"@id":"https:\/\/decouvrirensemble.com\/es#website"},"primaryImageOfPage":{"@id":"https:\/\/decouvrirensemble.com\/es\/que-ver-en-aveiro#primaryimage"},"image":{"@id":"https:\/\/decouvrirensemble.com\/es\/que-ver-en-aveiro#primaryimage"},"thumbnailUrl":"https:\/\/decouvrirensemble.com\/wp-content\/uploads\/2017\/10\/Aveiro-Portugal-Blog-Voyage.jpg","datePublished":"2017-10-24T09:37:23+00:00","dateModified":"2026-04-13T13:18:44+00:00","description":"\u00bfQu\u00e9 ver en Aveiro, Portugal? En nuestro blog de viajes, \u00a1compartimos con usted lo que no se puede perder!","breadcrumb":{"@id":"https:\/\/decouvrirensemble.com\/es\/que-ver-en-aveiro#breadcrumb"},"inLanguage":"es","potentialAction":[{"@type":"ReadAction","target":["https:\/\/decouvrirensemble.com\/es\/que-ver-en-aveiro"]}]},{"@type":"ImageObject","inLanguage":"es","@id":"https:\/\/decouvrirensemble.com\/es\/que-ver-en-aveiro#primaryimage","url":"https:\/\/decouvrirensemble.com\/wp-content\/uploads\/2017\/10\/Aveiro-Portugal-Blog-Voyage.jpg","contentUrl":"https:\/\/decouvrirensemble.com\/wp-content\/uploads\/2017\/10\/Aveiro-Portugal-Blog-Voyage.jpg","width":1800,"height":1350,"caption":"Aveiro Portugal"},{"@type":"BreadcrumbList","@id":"https:\/\/decouvrirensemble.com\/es\/que-ver-en-aveiro#breadcrumb","itemListElement":[{"@type":"ListItem","position":1,"name":"Accueil","item":"https:\/\/decouvrirensemble.com\/es"},{"@type":"ListItem","position":2,"name":"Destinos","item":"https:\/\/decouvrirensemble.com\/es\/destinos"},{"@type":"ListItem","position":3,"name":"Portugal","item":"https:\/\/decouvrirensemble.com\/es\/destinos\/portugal"},{"@type":"ListItem","position":4,"name":"\u00bfQu\u00e9 ver en Aveiro, Portugal? Nuestros imprescindibles"}]},{"@type":"WebSite","@id":"https:\/\/decouvrirensemble.com\/es#website","url":"https:\/\/decouvrirensemble.com\/es","name":"Blog Voyage - D\u00e9couvrir Ensemble","description":"Le Blog Voyage de Clem et Alex","publisher":{"@id":"https:\/\/decouvrirensemble.com\/es#\/schema\/person\/a53efd44d02eb7f9ab90f96e84a9d2ba"},"potentialAction":[{"@type":"SearchAction","target":{"@type":"EntryPoint","urlTemplate":"https:\/\/decouvrirensemble.com\/es?s={search_term_string}"},"query-input":{"@type":"PropertyValueSpecification","valueRequired":true,"valueName":"search_term_string"}}],"inLanguage":"es"},{"@type":["Person","Organization"],"@id":"https:\/\/decouvrirensemble.com\/es#\/schema\/person\/a53efd44d02eb7f9ab90f96e84a9d2ba","name":"Cl\u00e9mence &amp; Alexandre","image":{"@type":"ImageObject","inLanguage":"es","@id":"https:\/\/decouvrirensemble.com\/wp-content\/uploads\/2024\/04\/logo-decouvrir-ensemble-blog-voyage.jpg","url":"https:\/\/decouvrirensemble.com\/wp-content\/uploads\/2024\/04\/logo-decouvrir-ensemble-blog-voyage.jpg","contentUrl":"https:\/\/decouvrirensemble.com\/wp-content\/uploads\/2024\/04\/logo-decouvrir-ensemble-blog-voyage.jpg","width":1563,"height":529,"caption":"Cl\u00e9mence &amp; Alexandre"},"logo":{"@id":"https:\/\/decouvrirensemble.com\/wp-content\/uploads\/2024\/04\/logo-decouvrir-ensemble-blog-voyage.jpg"},"sameAs":["https:\/\/decouvrirensemble.com\/"]}]}},"modified_by":"Cl\u00e9mence &amp; Alexandre","_links":{"self":[{"href":"https:\/\/decouvrirensemble.com\/es\/wp-json\/wp\/v2\/posts\/53587","targetHints":{"allow":["GET"]}}],"collection":[{"href":"https:\/\/decouvrirensemble.com\/es\/wp-json\/wp\/v2\/posts"}],"about":[{"href":"https:\/\/decouvrirensemble.com\/es\/wp-json\/wp\/v2\/types\/post"}],"author":[{"embeddable":true,"href":"https:\/\/decouvrirensemble.com\/es\/wp-json\/wp\/v2\/users\/1"}],"replies":[{"embeddable":true,"href":"https:\/\/decouvrirensemble.com\/es\/wp-json\/wp\/v2\/comments?post=53587"}],"version-history":[{"count":7,"href":"https:\/\/decouvrirensemble.com\/es\/wp-json\/wp\/v2\/posts\/53587\/revisions"}],"predecessor-version":[{"id":65712,"href":"https:\/\/decouvrirensemble.com\/es\/wp-json\/wp\/v2\/posts\/53587\/revisions\/65712"}],"wp:featuredmedia":[{"embeddable":true,"href":"https:\/\/decouvrirensemble.com\/es\/wp-json\/wp\/v2\/media\/48289"}],"wp:attachment":[{"href":"https:\/\/decouvrirensemble.com\/es\/wp-json\/wp\/v2\/media?parent=53587"}],"wp:term":[{"taxonomy":"category","embeddable":true,"href":"https:\/\/decouvrirensemble.com\/es\/wp-json\/wp\/v2\/categories?post=53587"},{"taxonomy":"post_tag","embeddable":true,"href":"https:\/\/decouvrirensemble.com\/es\/wp-json\/wp\/v2\/tags?post=53587"}],"curies":[{"name":"wp","href":"https:\/\/api.w.org\/{rel}","templated":true}]}}