{"id":53596,"date":"2021-02-01T14:50:24","date_gmt":"2021-02-01T13:50:24","guid":{"rendered":"https:\/\/decouvrirensemble.com\/visiter-lisbonne-en-4-jours-que-faire-quoi-visiter"},"modified":"2026-01-06T16:06:04","modified_gmt":"2026-01-06T15:06:04","slug":"que-ver-en-lisboa-en-4-dias","status":"publish","type":"post","link":"https:\/\/decouvrirensemble.com\/es\/que-ver-en-lisboa-en-4-dias","title":{"rendered":"Qu\u00e9 ver en Lisboa en 4 d\u00edas: Nuestros imprescindibles"},"content":{"rendered":"<p>Hoy compartimos en nuestro <strong>blog de viajes<\/strong> nuestra gu\u00eda definitiva <strong>para visitar Lisboa en 4 d\u00edas<\/strong>. En ella encontrar\u00e1 los mejores lugares para alojarse en Lisboa, nuestros restaurantes favoritos y las zonas que no debe perderse durante <strong>su estancia en Lisboa<\/strong>. <strong>\u00bfQu\u00e9 hacer en Lisboa en 4 d\u00edas<\/strong>? La respuesta est\u00e1 en nuestro art\u00edculo, \u00a1disfr\u00fatelo!<\/p>\n<h2><span class=\"ez-toc-section\" id=\"%C2%BFQue_ver_en_Lisboa\"><\/span>\u00bfQu\u00e9 ver en Lisboa?<span class=\"ez-toc-section-end\"><\/span><\/h2>\n<p>Hoy le llevamos a una aventura portuguesa para descubrir todos <strong>nuestros imprescindibles en Lisboa<\/strong>. Tendr\u00e1 la oportunidad de descubrir <strong>las mejores direcciones de Lisboa<\/strong>, las bonitas vistas sobre los tejados naranjas, los legendarios tranv\u00edas amarillos, la Torre de Bel\u00e9m&#8230;<\/p>\n<p>E incluso, si tiene tiempo, un d\u00eda en Sintra para descubrir sus incre\u00edbles parques, palacios y castillos. Descubra a continuaci\u00f3n nuestro programa por d\u00edas.<\/p>\n<div id=\"attachment_15197\" style=\"width: 1810px\" class=\"wp-caption alignnone\"><img decoding=\"async\" aria-describedby=\"caption-attachment-15197\" class=\"wp-image-15197 size-full\" src=\"https:\/\/decouvrirensemble.com\/wp-content\/uploads\/2021\/01\/ponto-final-comment-y-aller-almada-lisbonne.jpg\" alt=\"Qu'est-ce qu'il y a \u00e0 faire \u00e0 Lisbonne\" width=\"1800\" height=\"1200\" srcset=\"https:\/\/decouvrirensemble.com\/wp-content\/uploads\/2021\/01\/ponto-final-comment-y-aller-almada-lisbonne.jpg 1800w, https:\/\/decouvrirensemble.com\/wp-content\/uploads\/2021\/01\/ponto-final-comment-y-aller-almada-lisbonne-300x200.jpg 300w, https:\/\/decouvrirensemble.com\/wp-content\/uploads\/2021\/01\/ponto-final-comment-y-aller-almada-lisbonne-1024x683.jpg 1024w, https:\/\/decouvrirensemble.com\/wp-content\/uploads\/2021\/01\/ponto-final-comment-y-aller-almada-lisbonne-768x512.jpg 768w, https:\/\/decouvrirensemble.com\/wp-content\/uploads\/2021\/01\/ponto-final-comment-y-aller-almada-lisbonne-1536x1024.jpg 1536w\" sizes=\"(max-width: 1800px) 100vw, 1800px\" \/><p id=\"caption-attachment-15197\" class=\"wp-caption-text\">Visite Lisboa en 4 d\u00edas o m\u00e1s<\/p><\/div>\n<h2 id=\"que-ver\"><span class=\"ez-toc-section\" id=\"Que_ver_en_Lisboa_en_4_dias_dia_1_el_centro_de_la_ciudad\"><\/span>Qu\u00e9 ver en Lisboa en 4 d\u00edas: d\u00eda 1, el centro de la ciudad<span class=\"ez-toc-section-end\"><\/span><\/h2>\n<h3><span class=\"ez-toc-section\" id=\"1_Los_barrios_de_Chiado_y_Bairro_Alto\"><\/span>1. Los barrios de Chiado y Bairro Alto<span class=\"ez-toc-section-end\"><\/span><\/h3>\n<p>El barrio de Chiado es especialmente animado y concurrido durante el d\u00eda. Un paseo por Chiado es imprescindible para descubrir los bellos monumentos que aqu\u00ed se encuentran: el Jardim de S\u00e3o Pedro de Alc\u00e2ntara, la Pra\u00e7a Lu\u00eds de Cam\u00f5es&#8230; Tambi\u00e9n podr\u00e1 descubrir los numerosos teatros y tiendas del barrio. Es el lugar ideal para ir de compras.<\/p>\n<p>El barrio de Bairro Alto se descubre mejor al anochecer. Es en estas animadas calles donde encontrar\u00e1 los mejores bares y restaurantes para una velada memorable.<\/p>\n<img decoding=\"async\" class=\"alignnone wp-image-15203 size-full\" src=\"https:\/\/decouvrirensemble.com\/wp-content\/uploads\/2021\/01\/visiter-lisbonne-place-du-commercer-arc-de-triomphe.jpg\" alt=\"lisbonne blog\" width=\"1800\" height=\"1200\" srcset=\"https:\/\/decouvrirensemble.com\/wp-content\/uploads\/2021\/01\/visiter-lisbonne-place-du-commercer-arc-de-triomphe.jpg 1800w, https:\/\/decouvrirensemble.com\/wp-content\/uploads\/2021\/01\/visiter-lisbonne-place-du-commercer-arc-de-triomphe-300x200.jpg 300w, https:\/\/decouvrirensemble.com\/wp-content\/uploads\/2021\/01\/visiter-lisbonne-place-du-commercer-arc-de-triomphe-1024x683.jpg 1024w, https:\/\/decouvrirensemble.com\/wp-content\/uploads\/2021\/01\/visiter-lisbonne-place-du-commercer-arc-de-triomphe-768x512.jpg 768w, https:\/\/decouvrirensemble.com\/wp-content\/uploads\/2021\/01\/visiter-lisbonne-place-du-commercer-arc-de-triomphe-1536x1024.jpg 1536w\" sizes=\"(max-width: 1800px) 100vw, 1800px\" \/>\n<p>[info]<\/p>\n<h3><span class=\"ez-toc-section\" id=\"2_Tome_el_emblematico_tranvia_de_Lisboa\"><\/span>2. Tome el emblem\u00e1tico tranv\u00eda de Lisboa<span class=\"ez-toc-section-end\"><\/span><\/h3>\n<h4><span class=\"ez-toc-section\" id=\"Parada_%C2%ABBica%C2%BB_o_%C2%ABGloria\"><\/span>Parada \u00abBica\u00bb o \u00abGloria<span class=\"ez-toc-section-end\"><\/span><\/h4>\n<p>Si usted tambi\u00e9n sue\u00f1a con hacer una foto del ic\u00f3nico tranv\u00eda amarillo de Lisboa, hay dos lugares ideales: la parada \u00ab<a href=\"https:\/\/maps.app.goo.gl\/KXY2C4qV9BpF17JZ6\">Bica<\/a>\u00bb o la parada \u00ab<a href=\"https:\/\/maps.app.goo.gl\/5t5h2JgUBegdw1AJ9\">Gloria<\/a>\u00ab. Ambas tienen una empinada calle peatonal que dar\u00e1 a tu foto una gran perspectiva y \u00a1mostrar\u00e1 el funicular!<\/p>\n<img decoding=\"async\" class=\"alignnone size-full wp-image-15205\" src=\"https:\/\/decouvrirensemble.com\/wp-content\/uploads\/2021\/01\/visiter-lisbonne-tramway-28-visiter-lisbonne-en-4-jours.jpg\" alt=\"visiter lisbonne tramway 28\" width=\"1800\" height=\"1200\" srcset=\"https:\/\/decouvrirensemble.com\/wp-content\/uploads\/2021\/01\/visiter-lisbonne-tramway-28-visiter-lisbonne-en-4-jours.jpg 1800w, https:\/\/decouvrirensemble.com\/wp-content\/uploads\/2021\/01\/visiter-lisbonne-tramway-28-visiter-lisbonne-en-4-jours-300x200.jpg 300w, https:\/\/decouvrirensemble.com\/wp-content\/uploads\/2021\/01\/visiter-lisbonne-tramway-28-visiter-lisbonne-en-4-jours-1024x683.jpg 1024w, https:\/\/decouvrirensemble.com\/wp-content\/uploads\/2021\/01\/visiter-lisbonne-tramway-28-visiter-lisbonne-en-4-jours-768x512.jpg 768w, https:\/\/decouvrirensemble.com\/wp-content\/uploads\/2021\/01\/visiter-lisbonne-tramway-28-visiter-lisbonne-en-4-jours-1536x1024.jpg 1536w\" sizes=\"(max-width: 1800px) 100vw, 1800px\" \/>\n<h3><span class=\"ez-toc-section\" id=\"3_El_ascensor_de_Santa_Justa\"><\/span>3. El ascensor de Santa Justa<span class=\"ez-toc-section-end\"><\/span><\/h3>\n<p>Este monumento de hierro forjado de 45 metros de altura es tambi\u00e9n emblem\u00e1tico de la ciudad de Lisboa. Se encuentra en la confluencia de las calles Santa Justa y \u00c1urea. Puedes subir a la parte superior para experimentar este ascensor, creado en 1902, y obtener una vista de los tejados de la capital portuguesa.<\/p>\n<img decoding=\"async\" class=\"size-full wp-image-15173 alignnone\" src=\"https:\/\/decouvrirensemble.com\/wp-content\/uploads\/2021\/01\/ascenseur-de-santa-justa-lisbonne.jpg\" alt=\"ascenseur de santa justa\" width=\"1800\" height=\"1200\" srcset=\"https:\/\/decouvrirensemble.com\/wp-content\/uploads\/2021\/01\/ascenseur-de-santa-justa-lisbonne.jpg 1800w, https:\/\/decouvrirensemble.com\/wp-content\/uploads\/2021\/01\/ascenseur-de-santa-justa-lisbonne-300x200.jpg 300w, https:\/\/decouvrirensemble.com\/wp-content\/uploads\/2021\/01\/ascenseur-de-santa-justa-lisbonne-1024x683.jpg 1024w, https:\/\/decouvrirensemble.com\/wp-content\/uploads\/2021\/01\/ascenseur-de-santa-justa-lisbonne-768x512.jpg 768w, https:\/\/decouvrirensemble.com\/wp-content\/uploads\/2021\/01\/ascenseur-de-santa-justa-lisbonne-1536x1024.jpg 1536w\" sizes=\"(max-width: 1800px) 100vw, 1800px\" \/>\n<h3><span class=\"ez-toc-section\" id=\"4_Casa_do_Alentejo\"><\/span>4. Casa do Alentejo<span class=\"ez-toc-section-end\"><\/span><\/h3>\n<p>Este restaurante est\u00e1 muy cerca del remonte de Santa Justa. Fuimos all\u00ed, no para comer, sino para hacer una foto del vest\u00edbulo del restaurante, al que se puede acceder sin consumici\u00f3n. \u00a1Su estilo de palacio marroqu\u00ed nos conquist\u00f3!<\/p>\n<img decoding=\"async\" class=\"size-full wp-image-15174 alignnone\" src=\"https:\/\/decouvrirensemble.com\/wp-content\/uploads\/2021\/01\/casa-do-alentejo-lisbonne-visite-photos.jpg\" alt=\"casa doo alentejo lisbonne\" width=\"1800\" height=\"1200\" srcset=\"https:\/\/decouvrirensemble.com\/wp-content\/uploads\/2021\/01\/casa-do-alentejo-lisbonne-visite-photos.jpg 1800w, https:\/\/decouvrirensemble.com\/wp-content\/uploads\/2021\/01\/casa-do-alentejo-lisbonne-visite-photos-300x200.jpg 300w, https:\/\/decouvrirensemble.com\/wp-content\/uploads\/2021\/01\/casa-do-alentejo-lisbonne-visite-photos-1024x683.jpg 1024w, https:\/\/decouvrirensemble.com\/wp-content\/uploads\/2021\/01\/casa-do-alentejo-lisbonne-visite-photos-768x512.jpg 768w, https:\/\/decouvrirensemble.com\/wp-content\/uploads\/2021\/01\/casa-do-alentejo-lisbonne-visite-photos-1536x1024.jpg 1536w\" sizes=\"(max-width: 1800px) 100vw, 1800px\" \/>\n<h3><span class=\"ez-toc-section\" id=\"5_Mercado_Time_Out\"><\/span>5. Mercado Time Out<span class=\"ez-toc-section-end\"><\/span><\/h3>\n<p>Merece la pena desviarse del famoso Time Out Market para descubrir todos los puestos con diferentes cocinas que se pueden degustar en grandes mesas compartidas para disfrutar de un ambiente animado.<\/p>\n<div class=\"block-width-lg mx-auto\"><div class=\"video-container\"><iframe title=\"YouTube video player\" src=\"https:\/\/www.youtube.com\/embed\/soRp9qHOrqU?si=1SZ2iFT-BWcZD4tf\" width=\"560\" height=\"315\" frameborder=\"0\" allowfullscreen=\"allowfullscreen\"><\/iframe><\/div><\/div>\n<h3><span class=\"ez-toc-section\" id=\"6_Calle_Rosa\"><\/span>6. Calle Rosa<span class=\"ez-toc-section-end\"><\/span><\/h3>\n<p>\u00a1Esta bonita calle est\u00e1 en la lista de las fotos Instagrammables de Lisboa! Se llama as\u00ed por el color de su suelo, que est\u00e1 pintado de rosa. Aqu\u00ed encontrar\u00e1s muchos bares, lo que la convierte en una calle muy animada por la noche.<\/p>\n<img decoding=\"async\" class=\"alignnone wp-image-15194 size-full\" src=\"https:\/\/decouvrirensemble.com\/wp-content\/uploads\/2021\/01\/pink-street-lisbonne-nova-do-carvalho.jpg\" alt=\"blog lisbonne\" width=\"1800\" height=\"1200\" srcset=\"https:\/\/decouvrirensemble.com\/wp-content\/uploads\/2021\/01\/pink-street-lisbonne-nova-do-carvalho.jpg 1800w, https:\/\/decouvrirensemble.com\/wp-content\/uploads\/2021\/01\/pink-street-lisbonne-nova-do-carvalho-300x200.jpg 300w, https:\/\/decouvrirensemble.com\/wp-content\/uploads\/2021\/01\/pink-street-lisbonne-nova-do-carvalho-1024x683.jpg 1024w, https:\/\/decouvrirensemble.com\/wp-content\/uploads\/2021\/01\/pink-street-lisbonne-nova-do-carvalho-768x512.jpg 768w, https:\/\/decouvrirensemble.com\/wp-content\/uploads\/2021\/01\/pink-street-lisbonne-nova-do-carvalho-1536x1024.jpg 1536w\" sizes=\"(max-width: 1800px) 100vw, 1800px\" \/>\n<h3><span class=\"ez-toc-section\" id=\"7_Plaza_Comercial_y_Arco_de_Triunfo_de_rua_Augusta\"><\/span>7. Plaza Comercial y Arco de Triunfo de rua Augusta<span class=\"ez-toc-section-end\"><\/span><\/h3>\n<p>Atraviese la animada rua Augusta y pase por debajo del Arco del Triunfo para descubrir la inmensa y famosa plaza de Lisboa. La plaza del Comercio, en el barrio de la Baixa, est\u00e1 rodeada de edificios amarillos, con una estatua del rey Jos\u00e9 I en el centro. Hay muchas terrazas y vistas sobre el Tajo.<\/p>\n<img decoding=\"async\" class=\"size-full wp-image-15195 alignnone\" src=\"https:\/\/decouvrirensemble.com\/wp-content\/uploads\/2021\/01\/place-du-commerce-visiter-lisbonne.jpg\" alt=\"place du commerce lisbonne\" width=\"1800\" height=\"1200\" srcset=\"https:\/\/decouvrirensemble.com\/wp-content\/uploads\/2021\/01\/place-du-commerce-visiter-lisbonne.jpg 1800w, https:\/\/decouvrirensemble.com\/wp-content\/uploads\/2021\/01\/place-du-commerce-visiter-lisbonne-300x200.jpg 300w, https:\/\/decouvrirensemble.com\/wp-content\/uploads\/2021\/01\/place-du-commerce-visiter-lisbonne-1024x683.jpg 1024w, https:\/\/decouvrirensemble.com\/wp-content\/uploads\/2021\/01\/place-du-commerce-visiter-lisbonne-768x512.jpg 768w, https:\/\/decouvrirensemble.com\/wp-content\/uploads\/2021\/01\/place-du-commerce-visiter-lisbonne-1536x1024.jpg 1536w\" sizes=\"(max-width: 1800px) 100vw, 1800px\" \/>\n<h2><span class=\"ez-toc-section\" id=\"Que_ver_en_Lisboa_en_4_dias_dia_2_el_barrio_de_Belem\"><\/span>Qu\u00e9 ver en Lisboa en 4 d\u00edas: d\u00eda 2, el barrio de Belem<span class=\"ez-toc-section-end\"><\/span><\/h2>\n<h3><span class=\"ez-toc-section\" id=\"1_Torre_de_Belem\"><\/span>1. Torre de Bel\u00e9m<span class=\"ez-toc-section-end\"><\/span><\/h3>\n<p>Es imposible visitar <strong>Lisboa en 4 d\u00edas<\/strong> sin visitar este lugar imprescindible. La Torre de Bel\u00e9m, conocida en portugu\u00e9s como Torre de Bel\u00e9m, se construy\u00f3 en el siglo XVI. En aquella \u00e9poca, se utilizaba para controlar la entrada en Lisboa. Situada a orillas del Tajo, la Torre de Bel\u00e9m es una visita obligada. Se puede subir a lo alto de la Torre para disfrutar de una magn\u00edfica vista pagando una entrada de 6 euros por adulto.<\/p>\n<img decoding=\"async\" class=\"size-full wp-image-15204 alignnone\" src=\"https:\/\/decouvrirensemble.com\/wp-content\/uploads\/2021\/01\/visiter-lisbonne-tour-de-belem.jpg\" alt=\"tour de belem lisbonne\" width=\"1800\" height=\"1200\" srcset=\"https:\/\/decouvrirensemble.com\/wp-content\/uploads\/2021\/01\/visiter-lisbonne-tour-de-belem.jpg 1800w, https:\/\/decouvrirensemble.com\/wp-content\/uploads\/2021\/01\/visiter-lisbonne-tour-de-belem-300x200.jpg 300w, https:\/\/decouvrirensemble.com\/wp-content\/uploads\/2021\/01\/visiter-lisbonne-tour-de-belem-1024x683.jpg 1024w, https:\/\/decouvrirensemble.com\/wp-content\/uploads\/2021\/01\/visiter-lisbonne-tour-de-belem-768x512.jpg 768w, https:\/\/decouvrirensemble.com\/wp-content\/uploads\/2021\/01\/visiter-lisbonne-tour-de-belem-1536x1024.jpg 1536w\" sizes=\"(max-width: 1800px) 100vw, 1800px\" \/>\n<h3><span class=\"ez-toc-section\" id=\"2_Padrao_dos_Descobrimentos\"><\/span>2. Padr\u00e3o dos Descobrimentos<span class=\"ez-toc-section-end\"><\/span><\/h3>\n<p>Despu\u00e9s de descubrir la Torre de Bel\u00e9m, d\u00e9 un paseo por la orilla en direcci\u00f3n al Puente 25 de Abril. Si, como nosotros, tienes la suerte de que haga un tiempo excepcional, es un paseo muy agradable. Incluso alquilamos patinetes el\u00e9ctricos en la aplicaci\u00f3n BOLT. De camino, pasamos por el famoso Padr\u00e3o dos Descobrimentos. Este enorme monumento fue creado como homenaje a los navegantes portugueses de los siglos XV y XVI.<\/p>\n<img decoding=\"async\" class=\"size-full wp-image-15225 alignnone\" src=\"https:\/\/decouvrirensemble.com\/wp-content\/uploads\/2021\/01\/tour-belem-berges-trotinettes.jpg\" alt=\"tour belem berges\" width=\"1800\" height=\"1200\" srcset=\"https:\/\/decouvrirensemble.com\/wp-content\/uploads\/2021\/01\/tour-belem-berges-trotinettes.jpg 1800w, https:\/\/decouvrirensemble.com\/wp-content\/uploads\/2021\/01\/tour-belem-berges-trotinettes-300x200.jpg 300w, https:\/\/decouvrirensemble.com\/wp-content\/uploads\/2021\/01\/tour-belem-berges-trotinettes-1024x683.jpg 1024w, https:\/\/decouvrirensemble.com\/wp-content\/uploads\/2021\/01\/tour-belem-berges-trotinettes-768x512.jpg 768w, https:\/\/decouvrirensemble.com\/wp-content\/uploads\/2021\/01\/tour-belem-berges-trotinettes-1536x1024.jpg 1536w\" sizes=\"(max-width: 1800px) 100vw, 1800px\" \/>\n<h3><span class=\"ez-toc-section\" id=\"3_Monasterio_de_los_Jeronimos\"><\/span>3. Monasterio de los Jer\u00f3nimos<span class=\"ez-toc-section-end\"><\/span><\/h3>\n<p>Este enorme monasterio, construido en el siglo XVI, fue declarado Patrimonio de la Humanidad por la UNESCO en 1983. Se puede visitar por 10 euros por persona. Nosotros nos limitamos a admirar su fachada antes de ir a tomar un Pastel de Bel\u00e9m&#8230; Uy \ud83d\ude48<\/p>\n<h3><span class=\"ez-toc-section\" id=\"4_Una_pausa_dulce_en_los_famosos_%C2%ABPasteis_de_Belem\"><\/span>4. Una pausa dulce en los famosos \u00abPasteis de Bel\u00e9m<span class=\"ez-toc-section-end\"><\/span><\/h3>\n<p>Nos gust\u00f3 mucho la adorable rue de Bel\u00e9m, y en particular es el lugar perfecto para probar uno de los mejores pasteis de Bel\u00e9m, el pastel emblem\u00e1tico de la ciudad.<\/p>\n<img decoding=\"async\" class=\"size-full wp-image-15214 alignnone\" src=\"https:\/\/decouvrirensemble.com\/wp-content\/uploads\/2021\/01\/pasteis-de-belem-lisbonne-ou-manger.jpg\" alt=\"lisbonne blog\" width=\"1800\" height=\"1200\" srcset=\"https:\/\/decouvrirensemble.com\/wp-content\/uploads\/2021\/01\/pasteis-de-belem-lisbonne-ou-manger.jpg 1800w, https:\/\/decouvrirensemble.com\/wp-content\/uploads\/2021\/01\/pasteis-de-belem-lisbonne-ou-manger-300x200.jpg 300w, https:\/\/decouvrirensemble.com\/wp-content\/uploads\/2021\/01\/pasteis-de-belem-lisbonne-ou-manger-1024x683.jpg 1024w, https:\/\/decouvrirensemble.com\/wp-content\/uploads\/2021\/01\/pasteis-de-belem-lisbonne-ou-manger-768x512.jpg 768w, https:\/\/decouvrirensemble.com\/wp-content\/uploads\/2021\/01\/pasteis-de-belem-lisbonne-ou-manger-1536x1024.jpg 1536w\" sizes=\"(max-width: 1800px) 100vw, 1800px\" \/>\n<h3><span class=\"ez-toc-section\" id=\"5_Fabrica_LX\"><\/span>5. F\u00e1brica LX<span class=\"ez-toc-section-end\"><\/span><\/h3>\n<p>Este pol\u00edgono industrial es una antigua f\u00e1brica de tejidos portuguesa que ha sido reformada. Hoy, este incre\u00edble lugar cuenta con 50 bares y restaurantes, boutiques de dise\u00f1o, concept stores y mucho m\u00e1s.<\/p>\n<p>Tambi\u00e9n es el lugar perfecto para admirar el arte callejero y empaparse del ambiente altamente creativo. Nos encant\u00f3 este lugar, y hemos vuelto dos veces. Casi nos sentimos como si estuvi\u00e9ramos en Estados Unidos o en Londres. Como ves, \u00a1para nosotros es imposible <strong>visitar Lisboa<\/strong> sin hacer una parada!<\/p>\n<img decoding=\"async\" class=\"size-full wp-image-15185 alignnone\" src=\"https:\/\/decouvrirensemble.com\/wp-content\/uploads\/2021\/01\/lx-factory-lisbonne-biliotheque-ler-devagar.jpg\" alt=\"lx factory lisbonne\" width=\"1800\" height=\"1200\" srcset=\"https:\/\/decouvrirensemble.com\/wp-content\/uploads\/2021\/01\/lx-factory-lisbonne-biliotheque-ler-devagar.jpg 1800w, https:\/\/decouvrirensemble.com\/wp-content\/uploads\/2021\/01\/lx-factory-lisbonne-biliotheque-ler-devagar-300x200.jpg 300w, https:\/\/decouvrirensemble.com\/wp-content\/uploads\/2021\/01\/lx-factory-lisbonne-biliotheque-ler-devagar-1024x683.jpg 1024w, https:\/\/decouvrirensemble.com\/wp-content\/uploads\/2021\/01\/lx-factory-lisbonne-biliotheque-ler-devagar-768x512.jpg 768w, https:\/\/decouvrirensemble.com\/wp-content\/uploads\/2021\/01\/lx-factory-lisbonne-biliotheque-ler-devagar-1536x1024.jpg 1536w\" sizes=\"(max-width: 1800px) 100vw, 1800px\" \/>\n<img decoding=\"async\" class=\"size-full wp-image-15206 alignnone\" src=\"https:\/\/decouvrirensemble.com\/wp-content\/uploads\/2021\/01\/visiter-lx-factory-lisbonne-concept-store.jpg\" alt=\"lx factory lisbonne\" width=\"1800\" height=\"1200\" srcset=\"https:\/\/decouvrirensemble.com\/wp-content\/uploads\/2021\/01\/visiter-lx-factory-lisbonne-concept-store.jpg 1800w, https:\/\/decouvrirensemble.com\/wp-content\/uploads\/2021\/01\/visiter-lx-factory-lisbonne-concept-store-300x200.jpg 300w, https:\/\/decouvrirensemble.com\/wp-content\/uploads\/2021\/01\/visiter-lx-factory-lisbonne-concept-store-1024x683.jpg 1024w, https:\/\/decouvrirensemble.com\/wp-content\/uploads\/2021\/01\/visiter-lx-factory-lisbonne-concept-store-768x512.jpg 768w, https:\/\/decouvrirensemble.com\/wp-content\/uploads\/2021\/01\/visiter-lx-factory-lisbonne-concept-store-1536x1024.jpg 1536w\" sizes=\"(max-width: 1800px) 100vw, 1800px\" \/>\n<h3><span class=\"ez-toc-section\" id=\"6_Puente_25_de_Abril\"><\/span>6. Puente 25 de Abril<span class=\"ez-toc-section-end\"><\/span><\/h3>\n<p>Este inmenso puente, parecido al Golden Gate de San Francisco, se inaugur\u00f3 en 1966. Tiene 3 km de largo y cruza el Tajo. Se puede llegar en coche o en ferry. Cruzamos el puente en direcci\u00f3n a Almada para admirar la vista de Lisboa y el puente.<\/p>\n<img decoding=\"async\" class=\"size-full wp-image-15196 alignnone\" src=\"https:\/\/decouvrirensemble.com\/wp-content\/uploads\/2021\/01\/pont-du-25-avril-lisbonne-longueur.jpg\" alt=\"blog lisbonne\" width=\"1800\" height=\"1200\" srcset=\"https:\/\/decouvrirensemble.com\/wp-content\/uploads\/2021\/01\/pont-du-25-avril-lisbonne-longueur.jpg 1800w, https:\/\/decouvrirensemble.com\/wp-content\/uploads\/2021\/01\/pont-du-25-avril-lisbonne-longueur-300x200.jpg 300w, https:\/\/decouvrirensemble.com\/wp-content\/uploads\/2021\/01\/pont-du-25-avril-lisbonne-longueur-1024x683.jpg 1024w, https:\/\/decouvrirensemble.com\/wp-content\/uploads\/2021\/01\/pont-du-25-avril-lisbonne-longueur-768x512.jpg 768w, https:\/\/decouvrirensemble.com\/wp-content\/uploads\/2021\/01\/pont-du-25-avril-lisbonne-longueur-1536x1024.jpg 1536w\" sizes=\"(max-width: 1800px) 100vw, 1800px\" \/>\n<h3><span class=\"ez-toc-section\" id=\"7_Cristo_Rei\"><\/span>7. Cristo Rei<span class=\"ez-toc-section-end\"><\/span><\/h3>\n<p>En Almada, podr\u00e1 admirar de cerca la inmensa silueta del Cristo Rey, de 110 metros de altura. Es visible desde toda Lisboa desde 1959. Con un toque carioca, Lisboa es sin duda una ciudad cosmopolita.<\/p>\n<img decoding=\"async\" class=\"size-full wp-image-15177 alignnone\" src=\"https:\/\/decouvrirensemble.com\/wp-content\/uploads\/2021\/01\/cristo-rei-comment-y-aller-hauteur-lisbonne.jpg\" alt=\"cristo rei lisbonne\" width=\"1800\" height=\"1200\" srcset=\"https:\/\/decouvrirensemble.com\/wp-content\/uploads\/2021\/01\/cristo-rei-comment-y-aller-hauteur-lisbonne.jpg 1800w, https:\/\/decouvrirensemble.com\/wp-content\/uploads\/2021\/01\/cristo-rei-comment-y-aller-hauteur-lisbonne-300x200.jpg 300w, https:\/\/decouvrirensemble.com\/wp-content\/uploads\/2021\/01\/cristo-rei-comment-y-aller-hauteur-lisbonne-1024x683.jpg 1024w, https:\/\/decouvrirensemble.com\/wp-content\/uploads\/2021\/01\/cristo-rei-comment-y-aller-hauteur-lisbonne-768x512.jpg 768w, https:\/\/decouvrirensemble.com\/wp-content\/uploads\/2021\/01\/cristo-rei-comment-y-aller-hauteur-lisbonne-1536x1024.jpg 1536w\" sizes=\"(max-width: 1800px) 100vw, 1800px\" \/>\n<h2><span class=\"ez-toc-section\" id=\"Que_ver_en_Lisboa_en_4_dias_dia_3_el_casco_historico\"><\/span>Qu\u00e9 ver en Lisboa en 4 d\u00edas: d\u00eda 3, el casco hist\u00f3rico<span class=\"ez-toc-section-end\"><\/span><\/h2>\n<h3><span class=\"ez-toc-section\" id=\"1_Alfama\"><\/span>1. Alfama<span class=\"ez-toc-section-end\"><\/span><\/h3>\n<p>El barrio de Alfama es el m\u00e1s t\u00edpico de Lisboa, con sus calles empedradas, su tranv\u00eda 28E, las coladas en las ventanas&#8230; Disfrutamos mucho perdi\u00e9ndonos por sus callejuelas y admirando las vistas desde los miradores. \u00a1Una visita obligada durante tu estancia en Lisboa!<\/p>\n<img decoding=\"async\" class=\"size-full wp-image-15180 alignnone\" src=\"https:\/\/decouvrirensemble.com\/wp-content\/uploads\/2021\/01\/lisbonne-castello-de-san-jorge-quartier-alfama.jpg\" alt=\"quartier alfama lisbonne\" width=\"1800\" height=\"1200\" srcset=\"https:\/\/decouvrirensemble.com\/wp-content\/uploads\/2021\/01\/lisbonne-castello-de-san-jorge-quartier-alfama.jpg 1800w, https:\/\/decouvrirensemble.com\/wp-content\/uploads\/2021\/01\/lisbonne-castello-de-san-jorge-quartier-alfama-300x200.jpg 300w, https:\/\/decouvrirensemble.com\/wp-content\/uploads\/2021\/01\/lisbonne-castello-de-san-jorge-quartier-alfama-1024x683.jpg 1024w, https:\/\/decouvrirensemble.com\/wp-content\/uploads\/2021\/01\/lisbonne-castello-de-san-jorge-quartier-alfama-768x512.jpg 768w, https:\/\/decouvrirensemble.com\/wp-content\/uploads\/2021\/01\/lisbonne-castello-de-san-jorge-quartier-alfama-1536x1024.jpg 1536w\" sizes=\"(max-width: 1800px) 100vw, 1800px\" \/>\n<h3><span class=\"ez-toc-section\" id=\"2_Castillo_de_San_Jorge_Castelo_de_San_Jorge\"><\/span>2. Castillo de San Jorge (Castelo de San Jorge)<span class=\"ez-toc-section-end\"><\/span><\/h3>\n<p>El Castelo de S\u00e3o Jorge es uno de los monumentos m\u00e1s altos de Lisboa. Si quiere visitarlo, le aconsejamos que vaya por la ma\u00f1ana temprano. La visita dura entre 1 y 2 horas y cuesta 10 euros por persona.<\/p>\n<img decoding=\"async\" class=\"size-full wp-image-15201 alignnone\" src=\"https:\/\/decouvrirensemble.com\/wp-content\/uploads\/2021\/01\/visiter-le-chateau-saint-george-castelo-de-san-jorge.jpg\" alt=\"chateau saint george lisbonne\" width=\"1800\" height=\"1200\" srcset=\"https:\/\/decouvrirensemble.com\/wp-content\/uploads\/2021\/01\/visiter-le-chateau-saint-george-castelo-de-san-jorge.jpg 1800w, https:\/\/decouvrirensemble.com\/wp-content\/uploads\/2021\/01\/visiter-le-chateau-saint-george-castelo-de-san-jorge-300x200.jpg 300w, https:\/\/decouvrirensemble.com\/wp-content\/uploads\/2021\/01\/visiter-le-chateau-saint-george-castelo-de-san-jorge-1024x683.jpg 1024w, https:\/\/decouvrirensemble.com\/wp-content\/uploads\/2021\/01\/visiter-le-chateau-saint-george-castelo-de-san-jorge-768x512.jpg 768w, https:\/\/decouvrirensemble.com\/wp-content\/uploads\/2021\/01\/visiter-le-chateau-saint-george-castelo-de-san-jorge-1536x1024.jpg 1536w\" sizes=\"(max-width: 1800px) 100vw, 1800px\" \/>\n<h3><span class=\"ez-toc-section\" id=\"3_Miradouro_de_Santa_Luzia\"><\/span>3. Miradouro de Santa Luzia<span class=\"ez-toc-section-end\"><\/span><\/h3>\n<p>Este mirador es uno de los m\u00e1s bellos de Lisboa para admirar la puesta de sol. El entorno es magn\u00edfico, con sus buganvillas y su carism\u00e1tica arquitectura. Es imposible visitar Lisboa sin admirar aqu\u00ed una puesta de sol. \ud83d\ude0d<\/p>\n<img decoding=\"async\" class=\"wp-image-15182 size-full alignnone\" src=\"https:\/\/decouvrirensemble.com\/wp-content\/uploads\/2021\/01\/lisbonne-miradouro-de-santa-luzia-spot-coucher-de-soleil.jpg\" alt=\"miradouro de santa luzia\" width=\"1800\" height=\"1200\" srcset=\"https:\/\/decouvrirensemble.com\/wp-content\/uploads\/2021\/01\/lisbonne-miradouro-de-santa-luzia-spot-coucher-de-soleil.jpg 1800w, https:\/\/decouvrirensemble.com\/wp-content\/uploads\/2021\/01\/lisbonne-miradouro-de-santa-luzia-spot-coucher-de-soleil-300x200.jpg 300w, https:\/\/decouvrirensemble.com\/wp-content\/uploads\/2021\/01\/lisbonne-miradouro-de-santa-luzia-spot-coucher-de-soleil-1024x683.jpg 1024w, https:\/\/decouvrirensemble.com\/wp-content\/uploads\/2021\/01\/lisbonne-miradouro-de-santa-luzia-spot-coucher-de-soleil-768x512.jpg 768w, https:\/\/decouvrirensemble.com\/wp-content\/uploads\/2021\/01\/lisbonne-miradouro-de-santa-luzia-spot-coucher-de-soleil-1536x1024.jpg 1536w\" sizes=\"(max-width: 1800px) 100vw, 1800px\" \/>\n<img decoding=\"async\" class=\"alignnone wp-image-15179 size-full\" src=\"https:\/\/decouvrirensemble.com\/wp-content\/uploads\/2021\/01\/lisbonne-belvedere-coucher-de-soleil-miradouro-santa-luzia.jpg\" alt=\"blog voyage lisbonne\" width=\"1800\" height=\"1200\" srcset=\"https:\/\/decouvrirensemble.com\/wp-content\/uploads\/2021\/01\/lisbonne-belvedere-coucher-de-soleil-miradouro-santa-luzia.jpg 1800w, https:\/\/decouvrirensemble.com\/wp-content\/uploads\/2021\/01\/lisbonne-belvedere-coucher-de-soleil-miradouro-santa-luzia-300x200.jpg 300w, https:\/\/decouvrirensemble.com\/wp-content\/uploads\/2021\/01\/lisbonne-belvedere-coucher-de-soleil-miradouro-santa-luzia-1024x683.jpg 1024w, https:\/\/decouvrirensemble.com\/wp-content\/uploads\/2021\/01\/lisbonne-belvedere-coucher-de-soleil-miradouro-santa-luzia-768x512.jpg 768w, https:\/\/decouvrirensemble.com\/wp-content\/uploads\/2021\/01\/lisbonne-belvedere-coucher-de-soleil-miradouro-santa-luzia-1536x1024.jpg 1536w\" sizes=\"(max-width: 1800px) 100vw, 1800px\" \/>\n<h2><span class=\"ez-toc-section\" id=\"Que_ver_en_Lisboa_en_4_dias_dia_4_Sintra\"><\/span>Qu\u00e9 ver en Lisboa en 4 d\u00edas: d\u00eda 4, Sintra<span class=\"ez-toc-section-end\"><\/span><\/h2>\n<p>Decidimos hacer una excursi\u00f3n a Sintra, una ciudad situada a 1 hora en tren de Lisboa o a 30 minutos en coche. Sintra es famosa por sus hermosos parques y sus numerosos castillos y palacios.<\/p>\n<img decoding=\"async\" class=\"size-full wp-image-15190 alignnone\" src=\"https:\/\/decouvrirensemble.com\/wp-content\/uploads\/2021\/01\/palais-de-pena-sintra-lisbonne-visite.jpg\" alt=\"palais de pena sintra\" width=\"1800\" height=\"1200\" srcset=\"https:\/\/decouvrirensemble.com\/wp-content\/uploads\/2021\/01\/palais-de-pena-sintra-lisbonne-visite.jpg 1800w, https:\/\/decouvrirensemble.com\/wp-content\/uploads\/2021\/01\/palais-de-pena-sintra-lisbonne-visite-300x200.jpg 300w, https:\/\/decouvrirensemble.com\/wp-content\/uploads\/2021\/01\/palais-de-pena-sintra-lisbonne-visite-1024x683.jpg 1024w, https:\/\/decouvrirensemble.com\/wp-content\/uploads\/2021\/01\/palais-de-pena-sintra-lisbonne-visite-768x512.jpg 768w, https:\/\/decouvrirensemble.com\/wp-content\/uploads\/2021\/01\/palais-de-pena-sintra-lisbonne-visite-1536x1024.jpg 1536w\" sizes=\"(max-width: 1800px) 100vw, 1800px\" \/>\n<p>&nbsp;<\/p>\n<div data-gyg-q=\"lisbonne\" data-gyg-placement=\"content-end\" data-gyg-partner-id=\"QTAK8D9\" data-gyg-number-of-items=\"3\" data-gyg-widget=\"activities\" data-gyg-locale-code=\"fr-FR\" data-gyg-href=\"https:\/\/widget.getyourguide.com\/default\/activities.frame\">&nbsp;<\/div>\n<h3><span class=\"ez-toc-section\" id=\"1_Palacio_de_la_Pena\"><\/span>1. Palacio de la Pe\u00f1a<span class=\"ez-toc-section-end\"><\/span><\/h3>\n<p>Este palacio es el m\u00e1s alto de la ciudad de Sintra. Su aspecto m\u00e1gico le har\u00e1 sentirse como en Disneylandia. Nos encant\u00f3 este palacio por su arquitectura rom\u00e1ntica t\u00edpica del siglo XIX y sus vivos colores. Tuvimos la suerte de descubrirlo sin turistas (durante el periodo Covid-19), pero parece estar muy concurrido en \u00e9pocas normales.<\/p>\n<p>Por lo tanto, le aconsejamos que vaya muy temprano por la ma\u00f1ana para disfrutar de la tranquilidad. Nosotros optamos por coger la entrada \u00abParque y exterior\u00bb porque quer\u00edamos descubrir las zonas exteriores y las numerosas callejuelas del Parque sin visitar el interior del Palacio.<\/p>\n<img decoding=\"async\" class=\"size-full wp-image-15199 alignnone\" src=\"https:\/\/decouvrirensemble.com\/wp-content\/uploads\/2021\/01\/sintra-palais-de-pena-lisbonne-portugal-visite.jpg\" alt=\"palais de pena lisbonne\" width=\"1800\" height=\"1200\" srcset=\"https:\/\/decouvrirensemble.com\/wp-content\/uploads\/2021\/01\/sintra-palais-de-pena-lisbonne-portugal-visite.jpg 1800w, https:\/\/decouvrirensemble.com\/wp-content\/uploads\/2021\/01\/sintra-palais-de-pena-lisbonne-portugal-visite-300x200.jpg 300w, https:\/\/decouvrirensemble.com\/wp-content\/uploads\/2021\/01\/sintra-palais-de-pena-lisbonne-portugal-visite-1024x683.jpg 1024w, https:\/\/decouvrirensemble.com\/wp-content\/uploads\/2021\/01\/sintra-palais-de-pena-lisbonne-portugal-visite-768x512.jpg 768w, https:\/\/decouvrirensemble.com\/wp-content\/uploads\/2021\/01\/sintra-palais-de-pena-lisbonne-portugal-visite-1536x1024.jpg 1536w\" sizes=\"(max-width: 1800px) 100vw, 1800px\" \/>\n<img decoding=\"async\" class=\"size-full wp-image-15191 alignnone\" src=\"https:\/\/decouvrirensemble.com\/wp-content\/uploads\/2021\/01\/palais-de-pena-sintra-portugal-lisbonne-distance-visite.jpg\" alt=\"palais de pena sintra portugal\" width=\"1800\" height=\"1200\" srcset=\"https:\/\/decouvrirensemble.com\/wp-content\/uploads\/2021\/01\/palais-de-pena-sintra-portugal-lisbonne-distance-visite.jpg 1800w, https:\/\/decouvrirensemble.com\/wp-content\/uploads\/2021\/01\/palais-de-pena-sintra-portugal-lisbonne-distance-visite-300x200.jpg 300w, https:\/\/decouvrirensemble.com\/wp-content\/uploads\/2021\/01\/palais-de-pena-sintra-portugal-lisbonne-distance-visite-1024x683.jpg 1024w, https:\/\/decouvrirensemble.com\/wp-content\/uploads\/2021\/01\/palais-de-pena-sintra-portugal-lisbonne-distance-visite-768x512.jpg 768w, https:\/\/decouvrirensemble.com\/wp-content\/uploads\/2021\/01\/palais-de-pena-sintra-portugal-lisbonne-distance-visite-1536x1024.jpg 1536w\" sizes=\"(max-width: 1800px) 100vw, 1800px\" \/>\n<h3><span class=\"ez-toc-section\" id=\"2_Parque_Pena\"><\/span>2. Parque Pe\u00f1a<span class=\"ez-toc-section-end\"><\/span><\/h3>\n<p>El Parque de la Pe\u00f1a es incre\u00edble. Nos impresion\u00f3 el tama\u00f1o de este verde parque, por el que se puede pasear durante horas o incluso un d\u00eda entero. Se puede caminar hasta la Cruz Alta, una cruz en lo alto de la monta\u00f1a, a 540 metros de altura. Desde esta cruz, tendr\u00e1s una gran vista del Palacio de la Pe\u00f1a.<\/p>\n<img decoding=\"async\" class=\"size-full wp-image-15192 alignnone\" src=\"https:\/\/decouvrirensemble.com\/wp-content\/uploads\/2021\/01\/parc-de-pena-sintra-lisbonne.jpg\" alt=\"parc de pena sintra\" width=\"1800\" height=\"1200\" srcset=\"https:\/\/decouvrirensemble.com\/wp-content\/uploads\/2021\/01\/parc-de-pena-sintra-lisbonne.jpg 1800w, https:\/\/decouvrirensemble.com\/wp-content\/uploads\/2021\/01\/parc-de-pena-sintra-lisbonne-300x200.jpg 300w, https:\/\/decouvrirensemble.com\/wp-content\/uploads\/2021\/01\/parc-de-pena-sintra-lisbonne-1024x683.jpg 1024w, https:\/\/decouvrirensemble.com\/wp-content\/uploads\/2021\/01\/parc-de-pena-sintra-lisbonne-768x512.jpg 768w, https:\/\/decouvrirensemble.com\/wp-content\/uploads\/2021\/01\/parc-de-pena-sintra-lisbonne-1536x1024.jpg 1536w\" sizes=\"(max-width: 1800px) 100vw, 1800px\" \/>\n<img decoding=\"async\" class=\"size-full wp-image-15193 alignnone\" src=\"https:\/\/decouvrirensemble.com\/wp-content\/uploads\/2021\/01\/parc-de-pena-sintra-visite.jpg\" alt=\"parc de pena sintra\" width=\"1800\" height=\"1200\" srcset=\"https:\/\/decouvrirensemble.com\/wp-content\/uploads\/2021\/01\/parc-de-pena-sintra-visite.jpg 1800w, https:\/\/decouvrirensemble.com\/wp-content\/uploads\/2021\/01\/parc-de-pena-sintra-visite-300x200.jpg 300w, https:\/\/decouvrirensemble.com\/wp-content\/uploads\/2021\/01\/parc-de-pena-sintra-visite-1024x683.jpg 1024w, https:\/\/decouvrirensemble.com\/wp-content\/uploads\/2021\/01\/parc-de-pena-sintra-visite-768x512.jpg 768w, https:\/\/decouvrirensemble.com\/wp-content\/uploads\/2021\/01\/parc-de-pena-sintra-visite-1536x1024.jpg 1536w\" sizes=\"(max-width: 1800px) 100vw, 1800px\" \/>\n<h3><span class=\"ez-toc-section\" id=\"3_Quintra_da_Regaleira\"><\/span>3. Quintra da Regaleira<span class=\"ez-toc-section-end\"><\/span><\/h3>\n<p>La Quinta da Regaleira, un conjunto arquitect\u00f3nico que forma un gran parque, se visita en pocas horas y merece la pena, sobre todo por sus cuevas ocultas y su enorme y fotog\u00e9nico pozo. Hab\u00edamos o\u00eddo hablar mucho de este lugar, pero no nos enamor\u00f3. Tal vez porque ya est\u00e1bamos hartos del Parque de la Pe\u00f1a.<\/p>\n<img decoding=\"async\" class=\"size-full wp-image-15198 alignnone\" src=\"https:\/\/decouvrirensemble.com\/wp-content\/uploads\/2021\/01\/sintra-lisbonne-distance-chateaux.jpg\" alt=\"sintra chateaux\" width=\"1800\" height=\"1200\" srcset=\"https:\/\/decouvrirensemble.com\/wp-content\/uploads\/2021\/01\/sintra-lisbonne-distance-chateaux.jpg 1800w, https:\/\/decouvrirensemble.com\/wp-content\/uploads\/2021\/01\/sintra-lisbonne-distance-chateaux-300x200.jpg 300w, https:\/\/decouvrirensemble.com\/wp-content\/uploads\/2021\/01\/sintra-lisbonne-distance-chateaux-1024x683.jpg 1024w, https:\/\/decouvrirensemble.com\/wp-content\/uploads\/2021\/01\/sintra-lisbonne-distance-chateaux-768x512.jpg 768w, https:\/\/decouvrirensemble.com\/wp-content\/uploads\/2021\/01\/sintra-lisbonne-distance-chateaux-1536x1024.jpg 1536w\" sizes=\"(max-width: 1800px) 100vw, 1800px\" \/>\n<h2 id=\"comer\"><span class=\"ez-toc-section\" id=\"%C2%BFDonde_comer_en_Lisboa_Nuestras_mejores_direcciones\"><\/span>\u00bfD\u00f3nde comer en Lisboa? Nuestras mejores direcciones<span class=\"ez-toc-section-end\"><\/span><\/h2>\n<p>Si est\u00e1 buscando buenos sitios para comer en Lisboa, le recomendamos que eche un vistazo a nuestro art\u00edculo dedicado. Contiene nuestras mejores direcciones para <a href=\"https:\/\/decouvrirensemble.com\/es\/donde-comer-en-lisboa\">comer en Lisboa<\/a>.<\/p>\n<p>[restaurantes-lisboa]<\/p>\n<img decoding=\"async\" class=\"alignnone wp-image-15216 size-full\" src=\"https:\/\/decouvrirensemble.com\/wp-content\/uploads\/2021\/01\/restaurant-lisbonne-terraco-editorial.jpg\" alt=\"bar lisbonne\" width=\"1800\" height=\"1200\" srcset=\"https:\/\/decouvrirensemble.com\/wp-content\/uploads\/2021\/01\/restaurant-lisbonne-terraco-editorial.jpg 1800w, https:\/\/decouvrirensemble.com\/wp-content\/uploads\/2021\/01\/restaurant-lisbonne-terraco-editorial-300x200.jpg 300w, https:\/\/decouvrirensemble.com\/wp-content\/uploads\/2021\/01\/restaurant-lisbonne-terraco-editorial-1024x683.jpg 1024w, https:\/\/decouvrirensemble.com\/wp-content\/uploads\/2021\/01\/restaurant-lisbonne-terraco-editorial-768x512.jpg 768w, https:\/\/decouvrirensemble.com\/wp-content\/uploads\/2021\/01\/restaurant-lisbonne-terraco-editorial-1536x1024.jpg 1536w\" sizes=\"(max-width: 1800px) 100vw, 1800px\" \/>\n<img decoding=\"async\" class=\"wp-image-15176 size-full alignnone\" src=\"https:\/\/decouvrirensemble.com\/wp-content\/uploads\/2021\/01\/comment-aller-a-ponto-final-lisbonne-restaurant-vue.jpg\" alt=\"ponto final\" width=\"1800\" height=\"1200\" srcset=\"https:\/\/decouvrirensemble.com\/wp-content\/uploads\/2021\/01\/comment-aller-a-ponto-final-lisbonne-restaurant-vue.jpg 1800w, https:\/\/decouvrirensemble.com\/wp-content\/uploads\/2021\/01\/comment-aller-a-ponto-final-lisbonne-restaurant-vue-300x200.jpg 300w, https:\/\/decouvrirensemble.com\/wp-content\/uploads\/2021\/01\/comment-aller-a-ponto-final-lisbonne-restaurant-vue-1024x683.jpg 1024w, https:\/\/decouvrirensemble.com\/wp-content\/uploads\/2021\/01\/comment-aller-a-ponto-final-lisbonne-restaurant-vue-768x512.jpg 768w, https:\/\/decouvrirensemble.com\/wp-content\/uploads\/2021\/01\/comment-aller-a-ponto-final-lisbonne-restaurant-vue-1536x1024.jpg 1536w\" sizes=\"(max-width: 1800px) 100vw, 1800px\" \/>\n<h2 id=\"dormir\"><span class=\"ez-toc-section\" id=\"%C2%BFDonde_alojarse_para_visitar_Lisboa_en_4_dias\"><\/span>\u00bfD\u00f3nde alojarse para visitar Lisboa en 4 d\u00edas?<span class=\"ez-toc-section-end\"><\/span><\/h2>\n<h3><span class=\"ez-toc-section\" id=\"Lumiares_Hotel_Spa\"><\/span>Lumiares Hotel &amp; Spa<span class=\"ez-toc-section-end\"><\/span><\/h3>\n<p>Para <strong>visitar Lisboa en 4 d\u00edas<\/strong>, elegimos The Lumiares Hotel &amp; Spa. Situado en pleno centro de la ciudad, en el animado barrio de Bairro Alto, estar\u00e1 cerca de los mejores bares y restaurantes de la ciudad.<\/p>\n<p>De dise\u00f1o y decorado con gusto, todo el hotel es muy confortable y acogedor. El atento personal le har\u00e1 sentirse como en casa desde el primer momento. Nos alojamos en la Suite Gloria, que cuenta con dormitorio, cocina y un peque\u00f1o sal\u00f3n: todo lo necesario para una estancia agradable. Bonus: una vista del m\u00edtico tranv\u00eda amarillo de Lisboa. \ud83d\ude0d<\/p>\n<p>Tambi\u00e9n nos encant\u00f3 el desayuno, servido en la 5\u00aa planta, en el Lumi Rooftop. De lo dulce a lo salado, de las especialidades locales a las modernas tostadas con aguacate, todo es excelente. Tambi\u00e9n puede almorzar, cenar o tomar una copa. En resumen, \u00a1es una direcci\u00f3n estupenda para su pr\u00f3xima estancia en Lisboa!<\/p>\n    <div class=\"niceButton\"><a href=\"https:\/\/www.booking.com\/hotel\/pt\/the-lumiares.fr.html?aid=1286053\" target=\"_blank\" class=\"emojiLink\">\n                    <span class=\"emojiLink__emoji\">\u2764\ufe0f<\/span>\n                <span class=\"emojiLink__title title title--big\">Ver disponibilidad<\/span>\n    <\/a><\/div>\n\n    \n<img decoding=\"async\" class=\"size-full wp-image-15223 alignnone\" src=\"https:\/\/decouvrirensemble.com\/wp-content\/uploads\/2021\/01\/hotel-the-lumiares-portugal.jpg\" alt=\"hotel the lumiares\" width=\"1800\" height=\"1200\" srcset=\"https:\/\/decouvrirensemble.com\/wp-content\/uploads\/2021\/01\/hotel-the-lumiares-portugal.jpg 1800w, https:\/\/decouvrirensemble.com\/wp-content\/uploads\/2021\/01\/hotel-the-lumiares-portugal-300x200.jpg 300w, https:\/\/decouvrirensemble.com\/wp-content\/uploads\/2021\/01\/hotel-the-lumiares-portugal-1024x683.jpg 1024w, https:\/\/decouvrirensemble.com\/wp-content\/uploads\/2021\/01\/hotel-the-lumiares-portugal-768x512.jpg 768w, https:\/\/decouvrirensemble.com\/wp-content\/uploads\/2021\/01\/hotel-the-lumiares-portugal-1536x1024.jpg 1536w\" sizes=\"(max-width: 1800px) 100vw, 1800px\" \/>\n<img decoding=\"async\" class=\"size-full wp-image-15189 alignnone\" src=\"https:\/\/decouvrirensemble.com\/wp-content\/uploads\/2021\/01\/ou-dormir-lisbonne-hotel-the-lumiares.jpg\" alt=\"ou dormir lisbonne\" width=\"1800\" height=\"1200\" srcset=\"https:\/\/decouvrirensemble.com\/wp-content\/uploads\/2021\/01\/ou-dormir-lisbonne-hotel-the-lumiares.jpg 1800w, https:\/\/decouvrirensemble.com\/wp-content\/uploads\/2021\/01\/ou-dormir-lisbonne-hotel-the-lumiares-300x200.jpg 300w, https:\/\/decouvrirensemble.com\/wp-content\/uploads\/2021\/01\/ou-dormir-lisbonne-hotel-the-lumiares-1024x683.jpg 1024w, https:\/\/decouvrirensemble.com\/wp-content\/uploads\/2021\/01\/ou-dormir-lisbonne-hotel-the-lumiares-768x512.jpg 768w, https:\/\/decouvrirensemble.com\/wp-content\/uploads\/2021\/01\/ou-dormir-lisbonne-hotel-the-lumiares-1536x1024.jpg 1536w\" sizes=\"(max-width: 1800px) 100vw, 1800px\" \/>\n<p>Si quieres descubrir m\u00e1s buenos lugares donde alojarte, te recomendamos que eches un vistazo a nuestro art\u00edculo dedicado a los <a href=\"https:\/\/decouvrirensemble.com\/es\/hoteles-en-lisboa\" rel=\"noopener\">mejores hoteles de Lisboa<\/a>.<\/p>\n<p>[relance]<\/p>\n<h2 id=\"organizar\"><span class=\"ez-toc-section\" id=\"Informacion_practica_para_visitar_Lisboa_en_4_dias\"><\/span>Informaci\u00f3n pr\u00e1ctica para visitar Lisboa en 4 d\u00edas<span class=\"ez-toc-section-end\"><\/span><\/h2>\n<h3><span class=\"ez-toc-section\" id=\"%C2%BFCuando_es_el_mejor_momento_para_visitar_Lisboa\"><\/span>\u00bfCu\u00e1ndo es el mejor momento para visitar Lisboa?<\/span><\/span><span class=\"ez-toc-section-end\"><\/span><\/h3>\n<p>Lisboa es un destino muy interesante, sobre todo para los turistas franceses, ya que es muy asequible y f\u00e1cil de llegar (2 horas de avi\u00f3n desde Par\u00eds). Como siempre, le aconsejamos visitar Lisboa fuera de temporada, para evitar la gran afluencia de turistas. <strong>La ciudad es especialmente agradable en mayo, junio o septiembre y octubre.<\/strong><\/p>\n<p>Por nuestra parte, fuimos a celebrar la Nochevieja y a explorar la ciudad en la primera semana de enero. Aunque el tiempo era un poco fresco, pudimos disfrutar de buenas condiciones, con un sol muy agradable durante toda nuestra estancia. En nuestra opini\u00f3n, Lisboa es uno de los pocos destinos agradables para visitar durante todo el a\u00f1o.<\/p>\n<img decoding=\"async\" class=\"size-full wp-image-15207 alignnone\" src=\"https:\/\/decouvrirensemble.com\/wp-content\/uploads\/2021\/01\/vue-lisbonne-pont-du-25-avril.jpg\" alt=\"lisbonne blog\" width=\"1800\" height=\"1200\" srcset=\"https:\/\/decouvrirensemble.com\/wp-content\/uploads\/2021\/01\/vue-lisbonne-pont-du-25-avril.jpg 1800w, https:\/\/decouvrirensemble.com\/wp-content\/uploads\/2021\/01\/vue-lisbonne-pont-du-25-avril-300x200.jpg 300w, https:\/\/decouvrirensemble.com\/wp-content\/uploads\/2021\/01\/vue-lisbonne-pont-du-25-avril-1024x683.jpg 1024w, https:\/\/decouvrirensemble.com\/wp-content\/uploads\/2021\/01\/vue-lisbonne-pont-du-25-avril-768x512.jpg 768w, https:\/\/decouvrirensemble.com\/wp-content\/uploads\/2021\/01\/vue-lisbonne-pont-du-25-avril-1536x1024.jpg 1536w\" sizes=\"(max-width: 1800px) 100vw, 1800px\" \/>\n<h3><span class=\"ez-toc-section\" id=\"%C2%BFComo_moverse_por_Lisboa\"><\/span>\u00bfC\u00f3mo moverse por Lisboa?<span class=\"ez-toc-section-end\"><\/span><\/h3>\n<p>Cuando llegamos a Lisboa, compramos una tarjeta de metro ilimitada por 6 euros para 24 horas. El metro es muy suave y est\u00e1 en buenas condiciones. Pero entonces empezamos a mirar precios de VTC en aplicaciones como Uber y Bolt y nos dimos cuenta de que los precios eran muy bajos. Puedes esperar pagar entre 2,50 y 4 euros por un trayecto de 15 minutos&#8230; Utilizamos este medio de transporte durante el resto de nuestra estancia en Lisboa. Es el medio ideal para ir de un sitio a otro, hasta la Torre de Belem, por ejemplo.<\/p>\n<p>Adem\u00e1s, la ciudad es muy accidentada. Tomar un VTC para un trayecto corto pero muy accidentado es, por tanto, una soluci\u00f3n perfecta para ahorrar tiempo y energ\u00eda durante su estancia en Lisboa.<\/p>\n<img decoding=\"async\" class=\"size-full wp-image-15183 alignnone\" src=\"https:\/\/decouvrirensemble.com\/wp-content\/uploads\/2021\/01\/lisbonne-ou-dormir-logement-airbnb.jpg\" alt=\"visiter lisbonne\" width=\"1800\" height=\"1200\" srcset=\"https:\/\/decouvrirensemble.com\/wp-content\/uploads\/2021\/01\/lisbonne-ou-dormir-logement-airbnb.jpg 1800w, https:\/\/decouvrirensemble.com\/wp-content\/uploads\/2021\/01\/lisbonne-ou-dormir-logement-airbnb-300x200.jpg 300w, https:\/\/decouvrirensemble.com\/wp-content\/uploads\/2021\/01\/lisbonne-ou-dormir-logement-airbnb-1024x683.jpg 1024w, https:\/\/decouvrirensemble.com\/wp-content\/uploads\/2021\/01\/lisbonne-ou-dormir-logement-airbnb-768x512.jpg 768w, https:\/\/decouvrirensemble.com\/wp-content\/uploads\/2021\/01\/lisbonne-ou-dormir-logement-airbnb-1536x1024.jpg 1536w\" sizes=\"(max-width: 1800px) 100vw, 1800px\" \/>\n<h3><span class=\"ez-toc-section\" id=\"%C2%BFEs_Lisboa_una_ciudad_bonita\"><\/span>\u00bfEs Lisboa una ciudad bonita?<span class=\"ez-toc-section-end\"><\/span><\/h3>\n<p>Como habr\u00e1 deducido de esta entrada del blog, Lisboa es una ciudad que nos encanta redescubrir con el paso de los a\u00f1os. Es una de nuestras ciudades europeas favoritas y nos parece realmente encantadora. Si a\u00fan no se ha decidido a visitar Lisboa, \u00a1vaya con los ojos cerrados!<\/p>\n<img decoding=\"async\" class=\"alignnone wp-image-15188 size-full\" src=\"https:\/\/decouvrirensemble.com\/wp-content\/uploads\/2021\/01\/miradouro-de-santa-luzia-lisbonne-que-faire.jpg\" alt=\"blog voyage Lisbonne\" width=\"1800\" height=\"1200\" srcset=\"https:\/\/decouvrirensemble.com\/wp-content\/uploads\/2021\/01\/miradouro-de-santa-luzia-lisbonne-que-faire.jpg 1800w, https:\/\/decouvrirensemble.com\/wp-content\/uploads\/2021\/01\/miradouro-de-santa-luzia-lisbonne-que-faire-300x200.jpg 300w, https:\/\/decouvrirensemble.com\/wp-content\/uploads\/2021\/01\/miradouro-de-santa-luzia-lisbonne-que-faire-1024x683.jpg 1024w, https:\/\/decouvrirensemble.com\/wp-content\/uploads\/2021\/01\/miradouro-de-santa-luzia-lisbonne-que-faire-768x512.jpg 768w, https:\/\/decouvrirensemble.com\/wp-content\/uploads\/2021\/01\/miradouro-de-santa-luzia-lisbonne-que-faire-1536x1024.jpg 1536w\" sizes=\"(max-width: 1800px) 100vw, 1800px\" \/>\n<p>[gracias]<\/p>\n\n\n<div class=\"kk-star-ratings kksr-auto kksr-align-left kksr-valign-bottom\"\n    data-payload='{&quot;align&quot;:&quot;left&quot;,&quot;id&quot;:&quot;53596&quot;,&quot;slug&quot;:&quot;default&quot;,&quot;valign&quot;:&quot;bottom&quot;,&quot;ignore&quot;:&quot;&quot;,&quot;reference&quot;:&quot;auto&quot;,&quot;class&quot;:&quot;&quot;,&quot;count&quot;:&quot;116&quot;,&quot;legendonly&quot;:&quot;&quot;,&quot;readonly&quot;:&quot;&quot;,&quot;score&quot;:&quot;4.7&quot;,&quot;starsonly&quot;:&quot;&quot;,&quot;best&quot;:&quot;5&quot;,&quot;gap&quot;:&quot;4&quot;,&quot;greet&quot;:&quot;Sea el primero en valorar esta entrada de blog.&quot;,&quot;legend&quot;:&quot;4.7\\\/5 - (116 votos)&quot;,&quot;size&quot;:&quot;21&quot;,&quot;title&quot;:&quot;Qu\u00e9 ver en Lisboa en 4 d\u00edas: Nuestros imprescindibles&quot;,&quot;width&quot;:&quot;115.5&quot;,&quot;_legend&quot;:&quot;{score}\\\/{best} - ({count} {votes})&quot;,&quot;font_factor&quot;:&quot;1.25&quot;}'>\n            \n<div class=\"kksr-stars\">\n    \n<div class=\"kksr-stars-inactive\">\n            <div class=\"kksr-star\" data-star=\"1\" style=\"padding-right: 4px\">\n            \n\n<div class=\"kksr-icon\" style=\"width: 21px; height: 21px;\"><\/div>\n        <\/div>\n            <div class=\"kksr-star\" data-star=\"2\" style=\"padding-right: 4px\">\n            \n\n<div class=\"kksr-icon\" style=\"width: 21px; height: 21px;\"><\/div>\n        <\/div>\n            <div class=\"kksr-star\" data-star=\"3\" style=\"padding-right: 4px\">\n            \n\n<div class=\"kksr-icon\" style=\"width: 21px; height: 21px;\"><\/div>\n        <\/div>\n            <div class=\"kksr-star\" data-star=\"4\" style=\"padding-right: 4px\">\n            \n\n<div class=\"kksr-icon\" style=\"width: 21px; height: 21px;\"><\/div>\n        <\/div>\n            <div class=\"kksr-star\" data-star=\"5\" style=\"padding-right: 4px\">\n            \n\n<div class=\"kksr-icon\" style=\"width: 21px; height: 21px;\"><\/div>\n        <\/div>\n    <\/div>\n    \n<div class=\"kksr-stars-active\" style=\"width: 115.5px;\">\n            <div class=\"kksr-star\" style=\"padding-right: 4px\">\n            \n\n<div class=\"kksr-icon\" style=\"width: 21px; height: 21px;\"><\/div>\n        <\/div>\n            <div class=\"kksr-star\" style=\"padding-right: 4px\">\n            \n\n<div class=\"kksr-icon\" style=\"width: 21px; height: 21px;\"><\/div>\n        <\/div>\n            <div class=\"kksr-star\" style=\"padding-right: 4px\">\n            \n\n<div class=\"kksr-icon\" style=\"width: 21px; height: 21px;\"><\/div>\n        <\/div>\n            <div class=\"kksr-star\" style=\"padding-right: 4px\">\n            \n\n<div class=\"kksr-icon\" style=\"width: 21px; height: 21px;\"><\/div>\n        <\/div>\n            <div class=\"kksr-star\" style=\"padding-right: 4px\">\n            \n\n<div class=\"kksr-icon\" style=\"width: 21px; height: 21px;\"><\/div>\n        <\/div>\n    <\/div>\n<\/div>\n                \n\n<div class=\"kksr-legend\" style=\"font-size: 16.8px;\">\n            4.7\/5 - (116 votos)    <\/div>\n    <\/div>\n","protected":false},"excerpt":{"rendered":"<p>Visitamos Lisboa en 4 d\u00edas y descubrimos todos sus maravillosos barrios. Es un lugar estupendo para pasar unos d\u00edas en Europa, al sol. Te lo contamos todo en nuestro blog de viajes.<\/p>\n","protected":false},"author":1,"featured_media":47960,"comment_status":"open","ping_status":"closed","sticky":false,"template":"","format":"standard","meta":{"_acf_changed":false,"_lmt_disableupdate":"no","_lmt_disable":"no","footnotes":""},"categories":[462,481],"tags":[],"class_list":["post-53596","post","type-post","status-publish","format-standard","has-post-thumbnail","hentry","category-guias-de-viajes","category-portugal"],"acf":[],"yoast_head":"<!-- This site is optimized with the Yoast SEO plugin v27.4 - https:\/\/yoast.com\/product\/yoast-seo-wordpress\/ -->\n<title>Qu\u00e9 ver en Lisboa en 4 d\u00edas: Nuestros imprescindibles<\/title>\n<meta name=\"description\" content=\"Desc\u00fabralo todo en nuestro blog de viajes: qu\u00e9 ver en Lisboa en 4 d\u00edas. Compartiremos contigo nuestras mejores direcciones.\" \/>\n<meta name=\"robots\" content=\"index, follow, max-snippet:-1, max-image-preview:large, max-video-preview:-1\" \/>\n<link rel=\"canonical\" href=\"https:\/\/decouvrirensemble.com\/es\/que-ver-en-lisboa-en-4-dias\" \/>\n<meta property=\"og:locale\" content=\"es_ES\" \/>\n<meta property=\"og:type\" content=\"article\" \/>\n<meta property=\"og:title\" content=\"Qu\u00e9 ver en Lisboa en 4 d\u00edas: Nuestros imprescindibles\" \/>\n<meta property=\"og:description\" content=\"Desc\u00fabralo todo en nuestro blog de viajes: qu\u00e9 ver en Lisboa en 4 d\u00edas. Compartiremos contigo nuestras mejores direcciones.\" \/>\n<meta property=\"og:url\" content=\"https:\/\/decouvrirensemble.com\/es\/que-ver-en-lisboa-en-4-dias\" \/>\n<meta property=\"og:site_name\" content=\"Blog Voyage - D\u00e9couvrir Ensemble\" \/>\n<meta property=\"article:published_time\" content=\"2021-02-01T13:50:24+00:00\" \/>\n<meta property=\"article:modified_time\" content=\"2026-01-06T15:06:04+00:00\" \/>\n<meta property=\"og:image\" content=\"https:\/\/decouvrirensemble.com\/wp-content\/uploads\/2021\/02\/visiter-lisbonne-en-4-jours-blog-voyage-1.jpg\" \/>\n\t<meta property=\"og:image:width\" content=\"1800\" \/>\n\t<meta property=\"og:image:height\" content=\"1350\" \/>\n\t<meta property=\"og:image:type\" content=\"image\/jpeg\" \/>\n<meta name=\"author\" content=\"Cl\u00e9mence &amp; Alexandre\" \/>\n<meta name=\"twitter:card\" content=\"summary_large_image\" \/>\n<meta name=\"twitter:creator\" content=\"@dcouvrirensmble\" \/>\n<meta name=\"twitter:site\" content=\"@dcouvrirensmble\" \/>\n<meta name=\"twitter:label1\" content=\"Escrito por\" \/>\n\t<meta name=\"twitter:data1\" content=\"Cl\u00e9mence &amp; Alexandre\" \/>\n\t<meta name=\"twitter:label2\" content=\"Tiempo de lectura\" \/>\n\t<meta name=\"twitter:data2\" content=\"17 minutos\" \/>\n<script type=\"application\/ld+json\" class=\"yoast-schema-graph\">{\"@context\":\"https:\\\/\\\/schema.org\",\"@graph\":[{\"@type\":\"Article\",\"@id\":\"https:\\\/\\\/decouvrirensemble.com\\\/es\\\/que-ver-en-lisboa-en-4-dias#article\",\"isPartOf\":{\"@id\":\"https:\\\/\\\/decouvrirensemble.com\\\/es\\\/que-ver-en-lisboa-en-4-dias\"},\"author\":{\"name\":\"Cl\u00e9mence &amp; Alexandre\",\"@id\":\"https:\\\/\\\/decouvrirensemble.com\\\/es#\\\/schema\\\/person\\\/a53efd44d02eb7f9ab90f96e84a9d2ba\"},\"headline\":\"Qu\u00e9 ver en Lisboa en 4 d\u00edas: Nuestros imprescindibles\",\"datePublished\":\"2021-02-01T13:50:24+00:00\",\"dateModified\":\"2026-01-06T15:06:04+00:00\",\"mainEntityOfPage\":{\"@id\":\"https:\\\/\\\/decouvrirensemble.com\\\/es\\\/que-ver-en-lisboa-en-4-dias\"},\"wordCount\":2030,\"commentCount\":0,\"publisher\":{\"@id\":\"https:\\\/\\\/decouvrirensemble.com\\\/es#\\\/schema\\\/person\\\/a53efd44d02eb7f9ab90f96e84a9d2ba\"},\"image\":{\"@id\":\"https:\\\/\\\/decouvrirensemble.com\\\/es\\\/que-ver-en-lisboa-en-4-dias#primaryimage\"},\"thumbnailUrl\":\"https:\\\/\\\/decouvrirensemble.com\\\/wp-content\\\/uploads\\\/2021\\\/02\\\/visiter-lisbonne-en-4-jours-blog-voyage-1.jpg\",\"articleSection\":[\"Gu\u00edas de viajes\",\"Portugal\"],\"inLanguage\":\"es\",\"potentialAction\":[{\"@type\":\"CommentAction\",\"name\":\"Comment\",\"target\":[\"https:\\\/\\\/decouvrirensemble.com\\\/es\\\/que-ver-en-lisboa-en-4-dias#respond\"]}]},{\"@type\":\"WebPage\",\"@id\":\"https:\\\/\\\/decouvrirensemble.com\\\/es\\\/que-ver-en-lisboa-en-4-dias\",\"url\":\"https:\\\/\\\/decouvrirensemble.com\\\/es\\\/que-ver-en-lisboa-en-4-dias\",\"name\":\"Qu\u00e9 ver en Lisboa en 4 d\u00edas: Nuestros imprescindibles\",\"isPartOf\":{\"@id\":\"https:\\\/\\\/decouvrirensemble.com\\\/es#website\"},\"primaryImageOfPage\":{\"@id\":\"https:\\\/\\\/decouvrirensemble.com\\\/es\\\/que-ver-en-lisboa-en-4-dias#primaryimage\"},\"image\":{\"@id\":\"https:\\\/\\\/decouvrirensemble.com\\\/es\\\/que-ver-en-lisboa-en-4-dias#primaryimage\"},\"thumbnailUrl\":\"https:\\\/\\\/decouvrirensemble.com\\\/wp-content\\\/uploads\\\/2021\\\/02\\\/visiter-lisbonne-en-4-jours-blog-voyage-1.jpg\",\"datePublished\":\"2021-02-01T13:50:24+00:00\",\"dateModified\":\"2026-01-06T15:06:04+00:00\",\"description\":\"Desc\u00fabralo todo en nuestro blog de viajes: qu\u00e9 ver en Lisboa en 4 d\u00edas. Compartiremos contigo nuestras mejores direcciones.\",\"breadcrumb\":{\"@id\":\"https:\\\/\\\/decouvrirensemble.com\\\/es\\\/que-ver-en-lisboa-en-4-dias#breadcrumb\"},\"inLanguage\":\"es\",\"potentialAction\":[{\"@type\":\"ReadAction\",\"target\":[\"https:\\\/\\\/decouvrirensemble.com\\\/es\\\/que-ver-en-lisboa-en-4-dias\"]}]},{\"@type\":\"ImageObject\",\"inLanguage\":\"es\",\"@id\":\"https:\\\/\\\/decouvrirensemble.com\\\/es\\\/que-ver-en-lisboa-en-4-dias#primaryimage\",\"url\":\"https:\\\/\\\/decouvrirensemble.com\\\/wp-content\\\/uploads\\\/2021\\\/02\\\/visiter-lisbonne-en-4-jours-blog-voyage-1.jpg\",\"contentUrl\":\"https:\\\/\\\/decouvrirensemble.com\\\/wp-content\\\/uploads\\\/2021\\\/02\\\/visiter-lisbonne-en-4-jours-blog-voyage-1.jpg\",\"width\":1800,\"height\":1350,\"caption\":\"visiter lisbonne en 4 jours\"},{\"@type\":\"BreadcrumbList\",\"@id\":\"https:\\\/\\\/decouvrirensemble.com\\\/es\\\/que-ver-en-lisboa-en-4-dias#breadcrumb\",\"itemListElement\":[{\"@type\":\"ListItem\",\"position\":1,\"name\":\"Accueil\",\"item\":\"https:\\\/\\\/decouvrirensemble.com\\\/es\"},{\"@type\":\"ListItem\",\"position\":2,\"name\":\"Destinos\",\"item\":\"https:\\\/\\\/decouvrirensemble.com\\\/es\\\/destinos\"},{\"@type\":\"ListItem\",\"position\":3,\"name\":\"Portugal\",\"item\":\"https:\\\/\\\/decouvrirensemble.com\\\/es\\\/destinos\\\/portugal\"},{\"@type\":\"ListItem\",\"position\":4,\"name\":\"Qu\u00e9 ver en Lisboa en 4 d\u00edas: Nuestros imprescindibles\"}]},{\"@type\":\"WebSite\",\"@id\":\"https:\\\/\\\/decouvrirensemble.com\\\/es#website\",\"url\":\"https:\\\/\\\/decouvrirensemble.com\\\/es\",\"name\":\"Blog Voyage - D\u00e9couvrir Ensemble\",\"description\":\"Le Blog Voyage de Clem et Alex\",\"publisher\":{\"@id\":\"https:\\\/\\\/decouvrirensemble.com\\\/es#\\\/schema\\\/person\\\/a53efd44d02eb7f9ab90f96e84a9d2ba\"},\"potentialAction\":[{\"@type\":\"SearchAction\",\"target\":{\"@type\":\"EntryPoint\",\"urlTemplate\":\"https:\\\/\\\/decouvrirensemble.com\\\/es?s={search_term_string}\"},\"query-input\":{\"@type\":\"PropertyValueSpecification\",\"valueRequired\":true,\"valueName\":\"search_term_string\"}}],\"inLanguage\":\"es\"},{\"@type\":[\"Person\",\"Organization\"],\"@id\":\"https:\\\/\\\/decouvrirensemble.com\\\/es#\\\/schema\\\/person\\\/a53efd44d02eb7f9ab90f96e84a9d2ba\",\"name\":\"Cl\u00e9mence &amp; Alexandre\",\"image\":{\"@type\":\"ImageObject\",\"inLanguage\":\"es\",\"@id\":\"https:\\\/\\\/decouvrirensemble.com\\\/wp-content\\\/uploads\\\/2024\\\/04\\\/logo-decouvrir-ensemble-blog-voyage.jpg\",\"url\":\"https:\\\/\\\/decouvrirensemble.com\\\/wp-content\\\/uploads\\\/2024\\\/04\\\/logo-decouvrir-ensemble-blog-voyage.jpg\",\"contentUrl\":\"https:\\\/\\\/decouvrirensemble.com\\\/wp-content\\\/uploads\\\/2024\\\/04\\\/logo-decouvrir-ensemble-blog-voyage.jpg\",\"width\":1563,\"height\":529,\"caption\":\"Cl\u00e9mence &amp; Alexandre\"},\"logo\":{\"@id\":\"https:\\\/\\\/decouvrirensemble.com\\\/wp-content\\\/uploads\\\/2024\\\/04\\\/logo-decouvrir-ensemble-blog-voyage.jpg\"},\"sameAs\":[\"https:\\\/\\\/decouvrirensemble.com\\\/\"]}]}<\/script>\n<!-- \/ Yoast SEO plugin. -->","yoast_head_json":{"title":"Qu\u00e9 ver en Lisboa en 4 d\u00edas: Nuestros imprescindibles","description":"Desc\u00fabralo todo en nuestro blog de viajes: qu\u00e9 ver en Lisboa en 4 d\u00edas. Compartiremos contigo nuestras mejores direcciones.","robots":{"index":"index","follow":"follow","max-snippet":"max-snippet:-1","max-image-preview":"max-image-preview:large","max-video-preview":"max-video-preview:-1"},"canonical":"https:\/\/decouvrirensemble.com\/es\/que-ver-en-lisboa-en-4-dias","og_locale":"es_ES","og_type":"article","og_title":"Qu\u00e9 ver en Lisboa en 4 d\u00edas: Nuestros imprescindibles","og_description":"Desc\u00fabralo todo en nuestro blog de viajes: qu\u00e9 ver en Lisboa en 4 d\u00edas. Compartiremos contigo nuestras mejores direcciones.","og_url":"https:\/\/decouvrirensemble.com\/es\/que-ver-en-lisboa-en-4-dias","og_site_name":"Blog Voyage - D\u00e9couvrir Ensemble","article_published_time":"2021-02-01T13:50:24+00:00","article_modified_time":"2026-01-06T15:06:04+00:00","og_image":[{"width":1800,"height":1350,"url":"https:\/\/decouvrirensemble.com\/wp-content\/uploads\/2021\/02\/visiter-lisbonne-en-4-jours-blog-voyage-1.jpg","type":"image\/jpeg"}],"author":"Cl\u00e9mence &amp; Alexandre","twitter_card":"summary_large_image","twitter_creator":"@dcouvrirensmble","twitter_site":"@dcouvrirensmble","twitter_misc":{"Escrito por":"Cl\u00e9mence &amp; Alexandre","Tiempo de lectura":"17 minutos"},"schema":{"@context":"https:\/\/schema.org","@graph":[{"@type":"Article","@id":"https:\/\/decouvrirensemble.com\/es\/que-ver-en-lisboa-en-4-dias#article","isPartOf":{"@id":"https:\/\/decouvrirensemble.com\/es\/que-ver-en-lisboa-en-4-dias"},"author":{"name":"Cl\u00e9mence &amp; Alexandre","@id":"https:\/\/decouvrirensemble.com\/es#\/schema\/person\/a53efd44d02eb7f9ab90f96e84a9d2ba"},"headline":"Qu\u00e9 ver en Lisboa en 4 d\u00edas: Nuestros imprescindibles","datePublished":"2021-02-01T13:50:24+00:00","dateModified":"2026-01-06T15:06:04+00:00","mainEntityOfPage":{"@id":"https:\/\/decouvrirensemble.com\/es\/que-ver-en-lisboa-en-4-dias"},"wordCount":2030,"commentCount":0,"publisher":{"@id":"https:\/\/decouvrirensemble.com\/es#\/schema\/person\/a53efd44d02eb7f9ab90f96e84a9d2ba"},"image":{"@id":"https:\/\/decouvrirensemble.com\/es\/que-ver-en-lisboa-en-4-dias#primaryimage"},"thumbnailUrl":"https:\/\/decouvrirensemble.com\/wp-content\/uploads\/2021\/02\/visiter-lisbonne-en-4-jours-blog-voyage-1.jpg","articleSection":["Gu\u00edas de viajes","Portugal"],"inLanguage":"es","potentialAction":[{"@type":"CommentAction","name":"Comment","target":["https:\/\/decouvrirensemble.com\/es\/que-ver-en-lisboa-en-4-dias#respond"]}]},{"@type":"WebPage","@id":"https:\/\/decouvrirensemble.com\/es\/que-ver-en-lisboa-en-4-dias","url":"https:\/\/decouvrirensemble.com\/es\/que-ver-en-lisboa-en-4-dias","name":"Qu\u00e9 ver en Lisboa en 4 d\u00edas: Nuestros imprescindibles","isPartOf":{"@id":"https:\/\/decouvrirensemble.com\/es#website"},"primaryImageOfPage":{"@id":"https:\/\/decouvrirensemble.com\/es\/que-ver-en-lisboa-en-4-dias#primaryimage"},"image":{"@id":"https:\/\/decouvrirensemble.com\/es\/que-ver-en-lisboa-en-4-dias#primaryimage"},"thumbnailUrl":"https:\/\/decouvrirensemble.com\/wp-content\/uploads\/2021\/02\/visiter-lisbonne-en-4-jours-blog-voyage-1.jpg","datePublished":"2021-02-01T13:50:24+00:00","dateModified":"2026-01-06T15:06:04+00:00","description":"Desc\u00fabralo todo en nuestro blog de viajes: qu\u00e9 ver en Lisboa en 4 d\u00edas. Compartiremos contigo nuestras mejores direcciones.","breadcrumb":{"@id":"https:\/\/decouvrirensemble.com\/es\/que-ver-en-lisboa-en-4-dias#breadcrumb"},"inLanguage":"es","potentialAction":[{"@type":"ReadAction","target":["https:\/\/decouvrirensemble.com\/es\/que-ver-en-lisboa-en-4-dias"]}]},{"@type":"ImageObject","inLanguage":"es","@id":"https:\/\/decouvrirensemble.com\/es\/que-ver-en-lisboa-en-4-dias#primaryimage","url":"https:\/\/decouvrirensemble.com\/wp-content\/uploads\/2021\/02\/visiter-lisbonne-en-4-jours-blog-voyage-1.jpg","contentUrl":"https:\/\/decouvrirensemble.com\/wp-content\/uploads\/2021\/02\/visiter-lisbonne-en-4-jours-blog-voyage-1.jpg","width":1800,"height":1350,"caption":"visiter lisbonne en 4 jours"},{"@type":"BreadcrumbList","@id":"https:\/\/decouvrirensemble.com\/es\/que-ver-en-lisboa-en-4-dias#breadcrumb","itemListElement":[{"@type":"ListItem","position":1,"name":"Accueil","item":"https:\/\/decouvrirensemble.com\/es"},{"@type":"ListItem","position":2,"name":"Destinos","item":"https:\/\/decouvrirensemble.com\/es\/destinos"},{"@type":"ListItem","position":3,"name":"Portugal","item":"https:\/\/decouvrirensemble.com\/es\/destinos\/portugal"},{"@type":"ListItem","position":4,"name":"Qu\u00e9 ver en Lisboa en 4 d\u00edas: Nuestros imprescindibles"}]},{"@type":"WebSite","@id":"https:\/\/decouvrirensemble.com\/es#website","url":"https:\/\/decouvrirensemble.com\/es","name":"Blog Voyage - D\u00e9couvrir Ensemble","description":"Le Blog Voyage de Clem et Alex","publisher":{"@id":"https:\/\/decouvrirensemble.com\/es#\/schema\/person\/a53efd44d02eb7f9ab90f96e84a9d2ba"},"potentialAction":[{"@type":"SearchAction","target":{"@type":"EntryPoint","urlTemplate":"https:\/\/decouvrirensemble.com\/es?s={search_term_string}"},"query-input":{"@type":"PropertyValueSpecification","valueRequired":true,"valueName":"search_term_string"}}],"inLanguage":"es"},{"@type":["Person","Organization"],"@id":"https:\/\/decouvrirensemble.com\/es#\/schema\/person\/a53efd44d02eb7f9ab90f96e84a9d2ba","name":"Cl\u00e9mence &amp; Alexandre","image":{"@type":"ImageObject","inLanguage":"es","@id":"https:\/\/decouvrirensemble.com\/wp-content\/uploads\/2024\/04\/logo-decouvrir-ensemble-blog-voyage.jpg","url":"https:\/\/decouvrirensemble.com\/wp-content\/uploads\/2024\/04\/logo-decouvrir-ensemble-blog-voyage.jpg","contentUrl":"https:\/\/decouvrirensemble.com\/wp-content\/uploads\/2024\/04\/logo-decouvrir-ensemble-blog-voyage.jpg","width":1563,"height":529,"caption":"Cl\u00e9mence &amp; Alexandre"},"logo":{"@id":"https:\/\/decouvrirensemble.com\/wp-content\/uploads\/2024\/04\/logo-decouvrir-ensemble-blog-voyage.jpg"},"sameAs":["https:\/\/decouvrirensemble.com\/"]}]}},"modified_by":"Cl\u00e9mence &amp; Alexandre","_links":{"self":[{"href":"https:\/\/decouvrirensemble.com\/es\/wp-json\/wp\/v2\/posts\/53596","targetHints":{"allow":["GET"]}}],"collection":[{"href":"https:\/\/decouvrirensemble.com\/es\/wp-json\/wp\/v2\/posts"}],"about":[{"href":"https:\/\/decouvrirensemble.com\/es\/wp-json\/wp\/v2\/types\/post"}],"author":[{"embeddable":true,"href":"https:\/\/decouvrirensemble.com\/es\/wp-json\/wp\/v2\/users\/1"}],"replies":[{"embeddable":true,"href":"https:\/\/decouvrirensemble.com\/es\/wp-json\/wp\/v2\/comments?post=53596"}],"version-history":[{"count":1,"href":"https:\/\/decouvrirensemble.com\/es\/wp-json\/wp\/v2\/posts\/53596\/revisions"}],"predecessor-version":[{"id":63593,"href":"https:\/\/decouvrirensemble.com\/es\/wp-json\/wp\/v2\/posts\/53596\/revisions\/63593"}],"wp:featuredmedia":[{"embeddable":true,"href":"https:\/\/decouvrirensemble.com\/es\/wp-json\/wp\/v2\/media\/47960"}],"wp:attachment":[{"href":"https:\/\/decouvrirensemble.com\/es\/wp-json\/wp\/v2\/media?parent=53596"}],"wp:term":[{"taxonomy":"category","embeddable":true,"href":"https:\/\/decouvrirensemble.com\/es\/wp-json\/wp\/v2\/categories?post=53596"},{"taxonomy":"post_tag","embeddable":true,"href":"https:\/\/decouvrirensemble.com\/es\/wp-json\/wp\/v2\/tags?post=53596"}],"curies":[{"name":"wp","href":"https:\/\/api.w.org\/{rel}","templated":true}]}}