{"id":54052,"date":"2024-05-22T12:43:23","date_gmt":"2024-05-22T10:43:23","guid":{"rendered":"https:\/\/decouvrirensemble.com\/que-faire-a-majorque-blog"},"modified":"2026-01-06T15:19:07","modified_gmt":"2026-01-06T14:19:07","slug":"que-ver-en-mallorca","status":"publish","type":"post","link":"https:\/\/decouvrirensemble.com\/es\/que-ver-en-mallorca","title":{"rendered":"\u00bfQu\u00e9 ver en Mallorca? Los lugares m\u00e1s bonitos"},"content":{"rendered":"<p><strong>Qu\u00e9 hacer en Mallorca<\/strong> Hoy compartimos contigo en nuestro <strong>blog de viajes<\/strong> <strong>nuestro itinerario completo<\/strong> y todos <strong>nuestros consejos<\/strong>. Estamos totalmente enamorados de las <a href=\"https:\/\/decouvrirensemble.com\/es\/las-islas-baleares\" rel=\"noopener\">Baleares<\/a> y despu\u00e9s de visitar las 4 islas de este archipi\u00e9lago espa\u00f1ol, podemos deciros que Mallorca nos encant\u00f3. En nuestra opini\u00f3n, la isla es muy completa y sin duda se adapta a todos los gustos. Nos fuimos a descubrir <strong>Mallorca durante una semana<\/strong> en mayo y a continuaci\u00f3n hemos enumerado nuestros imprescindibles y lugares que visitar a lo largo de sus vacaciones.<\/p>\n<p>No dude en consultar nuestros <a href=\"https:\/\/www.instagram.com\/stories\/highlights\/18306209536195977\/\" rel=\"noopener\">mejores reportajes<\/a> sobre Mallorca si desea a\u00fan m\u00e1s inspiraci\u00f3n sobre este soleado destino. \u00a1Feliz lectura y felices vacaciones en Mallorca!<\/p>\n<h2><span class=\"ez-toc-section\" id=\"Nuestro_mapa_de_los_imprescindibles_de_Mallorca\"><\/span>Nuestro mapa de los imprescindibles de Mallorca<span class=\"ez-toc-section-end\"><\/span><\/h2>\n<p>Si quieres saber <strong>qu\u00e9 hacer en Mallorca<\/strong> durante una semana o m\u00e1s, a continuaci\u00f3n incluimos un mapa de nuestro itinerario. Lo hicimos en una semana en mayo de 2024. Esto te permitir\u00e1 ver las m\u00faltiples facetas de la isla en una semana. Si prefiere relajarse durante sus vacaciones en Mallorca, tenga en cuenta que las playas m\u00e1s hermosas suelen encontrarse al sur y los pueblos y paisajes monta\u00f1osos, al norte.<\/p>\n<img decoding=\"async\" class=\"alignnone size-full wp-image-54003\" src=\"https:\/\/decouvrirensemble.com\/wp-content\/uploads\/2024\/05\/majorque-carte.jpg\" alt=\"Majorque carte\" width=\"1800\" height=\"1200\" srcset=\"https:\/\/decouvrirensemble.com\/wp-content\/uploads\/2024\/05\/majorque-carte.jpg 1800w, https:\/\/decouvrirensemble.com\/wp-content\/uploads\/2024\/05\/majorque-carte-300x200.jpg 300w, https:\/\/decouvrirensemble.com\/wp-content\/uploads\/2024\/05\/majorque-carte-1024x683.jpg 1024w, https:\/\/decouvrirensemble.com\/wp-content\/uploads\/2024\/05\/majorque-carte-768x512.jpg 768w, https:\/\/decouvrirensemble.com\/wp-content\/uploads\/2024\/05\/majorque-carte-1536x1024.jpg 1536w, https:\/\/decouvrirensemble.com\/wp-content\/uploads\/2024\/05\/majorque-carte-600x400.jpg 600w\" sizes=\"(max-width: 1800px) 100vw, 1800px\" \/>\n<h2 id=\"hacer\"><span class=\"ez-toc-section\" id=\"%C2%BFQue_ver_en_Mallorca_Visitar_el_sur_de_la_isla\"><\/span>\u00bfQu\u00e9 ver en Mallorca? Visitar el sur de la isla<span class=\"ez-toc-section-end\"><\/span><\/h2>\n<h3><span class=\"ez-toc-section\" id=\"1_Calo_des_Moro\"><\/span>1. Cal\u00f3 des Moro<span class=\"ez-toc-section-end\"><\/span><\/h3>\n<p>Si te preguntas <strong>qu\u00e9 hacer en Mallorca<\/strong> y buscas en la web <strong>las playas m\u00e1s bonitas de la isla<\/strong>, es f\u00e1cil que te topes con Cal\u00f3 des Moro. Para nosotros, es una de las calas m\u00e1s bonitas de Mallorca y merece la pena visitarla. El camino hasta la cala es realmente magn\u00edfico y de visita obligada. Sin embargo, tenga cuidado, ya que el acceso a la playa es bastante dif\u00edcil. Lleva buen calzado y agua.<\/p>\n<p>\ud83d\udca1 Atenci\u00f3n: a menudo v\u00edctima de su propio \u00e9xito, la playa se satura muy r\u00e1pidamente en verano. Recomendamos llegar temprano y evitar los fines de semana en la medida de lo posible. Nosotros fuimos un lunes a las 9 de la ma\u00f1ana en pleno mes de mayo y casi no hab\u00eda gente. Para llegar, puedes aparcar en <a href=\"https:\/\/maps.app.goo.gl\/PnoyGYPJG6M61qXa8\" rel=\"noopener\">este parking<\/a> o <a href=\"https:\/\/maps.app.goo.gl\/Gm1pM5zppsqWXW549\" rel=\"noopener\">aqu\u00ed<\/a> si tienes la suerte de viajar como nosotros fuera de temporada.<\/p>\n<div id=\"attachment_53880\" style=\"width: 1810px\" class=\"wp-caption alignnone\"><img decoding=\"async\" aria-describedby=\"caption-attachment-53880\" class=\"wp-image-53880 size-full\" src=\"https:\/\/decouvrirensemble.com\/wp-content\/uploads\/2024\/05\/crique-majorque.jpg\" alt=\"crique majorque blog voyage\" width=\"1800\" height=\"1200\" srcset=\"https:\/\/decouvrirensemble.com\/wp-content\/uploads\/2024\/05\/crique-majorque.jpg 1800w, https:\/\/decouvrirensemble.com\/wp-content\/uploads\/2024\/05\/crique-majorque-300x200.jpg 300w, https:\/\/decouvrirensemble.com\/wp-content\/uploads\/2024\/05\/crique-majorque-1024x683.jpg 1024w, https:\/\/decouvrirensemble.com\/wp-content\/uploads\/2024\/05\/crique-majorque-768x512.jpg 768w, https:\/\/decouvrirensemble.com\/wp-content\/uploads\/2024\/05\/crique-majorque-1536x1024.jpg 1536w, https:\/\/decouvrirensemble.com\/wp-content\/uploads\/2024\/05\/crique-majorque-600x400.jpg 600w\" sizes=\"(max-width: 1800px) 100vw, 1800px\" \/><p id=\"caption-attachment-53880\" class=\"wp-caption-text\">Cal\u00f3 des Moro<\/p><\/div>\n<img decoding=\"async\" class=\"alignnone size-full wp-image-53877\" src=\"https:\/\/decouvrirensemble.com\/wp-content\/uploads\/2024\/05\/calo-des-moro.jpg\" alt=\"calo des moro\" width=\"1800\" height=\"1200\" srcset=\"https:\/\/decouvrirensemble.com\/wp-content\/uploads\/2024\/05\/calo-des-moro.jpg 1800w, https:\/\/decouvrirensemble.com\/wp-content\/uploads\/2024\/05\/calo-des-moro-300x200.jpg 300w, https:\/\/decouvrirensemble.com\/wp-content\/uploads\/2024\/05\/calo-des-moro-1024x683.jpg 1024w, https:\/\/decouvrirensemble.com\/wp-content\/uploads\/2024\/05\/calo-des-moro-768x512.jpg 768w, https:\/\/decouvrirensemble.com\/wp-content\/uploads\/2024\/05\/calo-des-moro-1536x1024.jpg 1536w, https:\/\/decouvrirensemble.com\/wp-content\/uploads\/2024\/05\/calo-des-moro-600x400.jpg 600w\" sizes=\"(max-width: 1800px) 100vw, 1800px\" \/>\n<h3><span class=\"ez-toc-section\" id=\"2_Cala_sAlmunia\"><\/span>2. Cala s&#8217;Almunia<span class=\"ez-toc-section-end\"><\/span><\/h3>\n<p>Vecina de Cal\u00f3 des Moro, Cala s&#8217;Almunia tambi\u00e9n es muy bonita. Las dos calas est\u00e1n bien comunicadas por un camino se\u00f1alizado, por lo que te recomendamos que eches un vistazo si est\u00e1s por la zona. La cala es peque\u00f1a pero realmente t\u00edpica de las Baleares, con sus peque\u00f1as casetas de pescadores.<\/p>\n<div id=\"attachment_53874\" style=\"width: 1810px\" class=\"wp-caption alignnone\"><img decoding=\"async\" aria-describedby=\"caption-attachment-53874\" class=\"wp-image-53874 size-full\" src=\"https:\/\/decouvrirensemble.com\/wp-content\/uploads\/2024\/05\/cala-s-almunia.jpg\" alt=\"cala s'alumnia\" width=\"1800\" height=\"1200\" srcset=\"https:\/\/decouvrirensemble.com\/wp-content\/uploads\/2024\/05\/cala-s-almunia.jpg 1800w, https:\/\/decouvrirensemble.com\/wp-content\/uploads\/2024\/05\/cala-s-almunia-300x200.jpg 300w, https:\/\/decouvrirensemble.com\/wp-content\/uploads\/2024\/05\/cala-s-almunia-1024x683.jpg 1024w, https:\/\/decouvrirensemble.com\/wp-content\/uploads\/2024\/05\/cala-s-almunia-768x512.jpg 768w, https:\/\/decouvrirensemble.com\/wp-content\/uploads\/2024\/05\/cala-s-almunia-1536x1024.jpg 1536w, https:\/\/decouvrirensemble.com\/wp-content\/uploads\/2024\/05\/cala-s-almunia-600x400.jpg 600w\" sizes=\"(max-width: 1800px) 100vw, 1800px\" \/><p id=\"caption-attachment-53874\" class=\"wp-caption-text\">Cala S&#8217;Almunia<\/p><\/div>\n<img decoding=\"async\" class=\"alignnone size-full wp-image-53883\" src=\"https:\/\/decouvrirensemble.com\/wp-content\/uploads\/2024\/05\/criques-majorque.jpg\" alt=\"criques majorque\" width=\"1800\" height=\"1200\" srcset=\"https:\/\/decouvrirensemble.com\/wp-content\/uploads\/2024\/05\/criques-majorque.jpg 1800w, https:\/\/decouvrirensemble.com\/wp-content\/uploads\/2024\/05\/criques-majorque-300x200.jpg 300w, https:\/\/decouvrirensemble.com\/wp-content\/uploads\/2024\/05\/criques-majorque-1024x683.jpg 1024w, https:\/\/decouvrirensemble.com\/wp-content\/uploads\/2024\/05\/criques-majorque-768x512.jpg 768w, https:\/\/decouvrirensemble.com\/wp-content\/uploads\/2024\/05\/criques-majorque-1536x1024.jpg 1536w, https:\/\/decouvrirensemble.com\/wp-content\/uploads\/2024\/05\/criques-majorque-600x400.jpg 600w\" sizes=\"(max-width: 1800px) 100vw, 1800px\" \/>\n<h3><span class=\"ez-toc-section\" id=\"3_Cala_Llombards\"><\/span>3. Cala Llombards<span class=\"ez-toc-section-end\"><\/span><\/h3>\n<p>En nuestra opini\u00f3n, es <strong>una de las playas m\u00e1s bonitas de Mallorca<\/strong> y, sobre todo, \u00a1una de las m\u00e1s accesibles! Hay un <a href=\"https:\/\/maps.app.goo.gl\/mkvpqwzRuEAsEv8M6\" rel=\"noopener\">gran aparcamiento<\/a> junto a la playa y un restaurante. No lo probamos, pero debe ser agradable comer all\u00ed con los pies en la arena. Nosotros optamos por la opci\u00f3n de picnic con vistas a la cala y nos encant\u00f3. Hay que tener en cuenta que la playa est\u00e1 vigilada, lo que es una verdadera ventaja si se viaja con ni\u00f1os.<\/p>\n<p>El agua aqu\u00ed es cristalina, como en casi todas las calas de Mallorca. Si se pregunta <strong>qu\u00e9 hacer en Mallorca<\/strong>, \u00a1\u00e9ste es el lugar indicado! No se pierda el punto fotogr\u00e1fico con la escalera a la izquierda de la playa, que ofrece una vista realmente fant\u00e1stica.<\/p>\n<div id=\"attachment_53931\" style=\"width: 1810px\" class=\"wp-caption alignnone\"><img decoding=\"async\" aria-describedby=\"caption-attachment-53931\" class=\"wp-image-53931 size-full\" src=\"https:\/\/decouvrirensemble.com\/wp-content\/uploads\/2024\/05\/plus-belles-plages-majorque-cala-llombards.jpg\" alt=\"plus belles plages majorque\" width=\"1800\" height=\"1200\" srcset=\"https:\/\/decouvrirensemble.com\/wp-content\/uploads\/2024\/05\/plus-belles-plages-majorque-cala-llombards.jpg 1800w, https:\/\/decouvrirensemble.com\/wp-content\/uploads\/2024\/05\/plus-belles-plages-majorque-cala-llombards-300x200.jpg 300w, https:\/\/decouvrirensemble.com\/wp-content\/uploads\/2024\/05\/plus-belles-plages-majorque-cala-llombards-1024x683.jpg 1024w, https:\/\/decouvrirensemble.com\/wp-content\/uploads\/2024\/05\/plus-belles-plages-majorque-cala-llombards-768x512.jpg 768w, https:\/\/decouvrirensemble.com\/wp-content\/uploads\/2024\/05\/plus-belles-plages-majorque-cala-llombards-1536x1024.jpg 1536w, https:\/\/decouvrirensemble.com\/wp-content\/uploads\/2024\/05\/plus-belles-plages-majorque-cala-llombards-600x400.jpg 600w\" sizes=\"(max-width: 1800px) 100vw, 1800px\" \/><p id=\"caption-attachment-53931\" class=\"wp-caption-text\">Cala Llombards<\/p><\/div>\n<img decoding=\"async\" class=\"alignnone size-full wp-image-53868\" src=\"https:\/\/decouvrirensemble.com\/wp-content\/uploads\/2024\/05\/cala-llombards.jpg\" alt=\"cala llombards\" width=\"1800\" height=\"1200\" srcset=\"https:\/\/decouvrirensemble.com\/wp-content\/uploads\/2024\/05\/cala-llombards.jpg 1800w, https:\/\/decouvrirensemble.com\/wp-content\/uploads\/2024\/05\/cala-llombards-300x200.jpg 300w, https:\/\/decouvrirensemble.com\/wp-content\/uploads\/2024\/05\/cala-llombards-1024x683.jpg 1024w, https:\/\/decouvrirensemble.com\/wp-content\/uploads\/2024\/05\/cala-llombards-768x512.jpg 768w, https:\/\/decouvrirensemble.com\/wp-content\/uploads\/2024\/05\/cala-llombards-1536x1024.jpg 1536w, https:\/\/decouvrirensemble.com\/wp-content\/uploads\/2024\/05\/cala-llombards-600x400.jpg 600w\" sizes=\"(max-width: 1800px) 100vw, 1800px\" \/>\n<h3><span class=\"ez-toc-section\" id=\"4_Santanyi\"><\/span>4. Santanyi<span class=\"ez-toc-section-end\"><\/span><\/h3>\n<p>Se trata de un pueblo t\u00edpico que no debe perderse en el sur de Mallorca, muy cerca de las playas mencionadas anteriormente. \u00bfQu\u00e9 hacer en Mallorca? \u00bfQu\u00e9 tal una visita al mercado de Santany\u00ed? Nos encant\u00f3 el ambiente del pueblo y sus calles empedradas, donde encontrar\u00e1s un mont\u00f3n de tiendas y peque\u00f1os restaurantes y caf\u00e9s. Nos pareci\u00f3 que merec\u00eda la pena visitar el mercado, con una amplia gama de ropa de verano, bolsos y sombreros, puestos de comida y artesan\u00eda local. Para los que les gusta pasear al aire libre, hay para todos los gustos. Por otra parte, el mercado es bastante conocido, e incluso para el mes de mayo hab\u00eda bastante gente.<\/p>\n<p>\ud83d\udca1 Atenci\u00f3n: el mercado se celebra en el centro del pueblo todos los mi\u00e9rcoles y s\u00e1bados de 9 a 14 horas.<\/p>\n<img decoding=\"async\" class=\"alignnone size-full wp-image-53958\" src=\"https:\/\/decouvrirensemble.com\/wp-content\/uploads\/2024\/05\/santanyi-marche-majorque.jpg\" alt=\"Santanyi march\u00e9\" width=\"1800\" height=\"1200\" srcset=\"https:\/\/decouvrirensemble.com\/wp-content\/uploads\/2024\/05\/santanyi-marche-majorque.jpg 1800w, https:\/\/decouvrirensemble.com\/wp-content\/uploads\/2024\/05\/santanyi-marche-majorque-300x200.jpg 300w, https:\/\/decouvrirensemble.com\/wp-content\/uploads\/2024\/05\/santanyi-marche-majorque-1024x683.jpg 1024w, https:\/\/decouvrirensemble.com\/wp-content\/uploads\/2024\/05\/santanyi-marche-majorque-768x512.jpg 768w, https:\/\/decouvrirensemble.com\/wp-content\/uploads\/2024\/05\/santanyi-marche-majorque-1536x1024.jpg 1536w, https:\/\/decouvrirensemble.com\/wp-content\/uploads\/2024\/05\/santanyi-marche-majorque-600x400.jpg 600w\" sizes=\"(max-width: 1800px) 100vw, 1800px\" \/>\n<h3><span class=\"ez-toc-section\" id=\"5_Cala_Figuera\"><\/span>5. Cala Figuera<span class=\"ez-toc-section-end\"><\/span><\/h3>\n<p>Cala Figuera fue uno de nuestros paseos favoritos en Mallorca. Aqu\u00ed no podr\u00e1 ba\u00f1arse necesariamente <a href=\"https:\/\/maps.app.goo.gl\/DGgsxnVQdu8iGYzV8\" rel=\"noopener\">(Cala Santany\u00ed<\/a> est\u00e1 a s\u00f3lo 5 minutos en coche), pero podr\u00e1 pasear por el paseo mar\u00edtimo, que es realmente precioso.<\/p>\n<p>T\u00f3mese su tiempo para pasear y admirar el paisaje, que es realmente magn\u00edfico. Mientras estuvimos all\u00ed, tuvimos la oportunidad de tomar un caf\u00e9 con leche en la <a href=\"https:\/\/maps.app.goo.gl\/DVMz62mQv3rrMD8w5\" rel=\"noopener\">cafeter\u00eda Bon Bar<\/a> y las vistas eran impresionantes. Nuestro hotel estaba a s\u00f3lo 5 minutos a pie de Cala Figuera y muy bien situado para visitar todas las calas del sur de Mallorca. Te contamos m\u00e1s sobre \u00e9l en nuestra secci\u00f3n sobre d\u00f3nde alojarse en Mallorca.<\/p>\n<p>[hotel1]<\/p>\n<img decoding=\"async\" class=\"alignnone size-full wp-image-53865\" src=\"https:\/\/decouvrirensemble.com\/wp-content\/uploads\/2024\/05\/cala-figuera.jpg\" alt=\"cala figuera\" width=\"1800\" height=\"1200\" srcset=\"https:\/\/decouvrirensemble.com\/wp-content\/uploads\/2024\/05\/cala-figuera.jpg 1800w, https:\/\/decouvrirensemble.com\/wp-content\/uploads\/2024\/05\/cala-figuera-300x200.jpg 300w, https:\/\/decouvrirensemble.com\/wp-content\/uploads\/2024\/05\/cala-figuera-1024x683.jpg 1024w, https:\/\/decouvrirensemble.com\/wp-content\/uploads\/2024\/05\/cala-figuera-768x512.jpg 768w, https:\/\/decouvrirensemble.com\/wp-content\/uploads\/2024\/05\/cala-figuera-1536x1024.jpg 1536w, https:\/\/decouvrirensemble.com\/wp-content\/uploads\/2024\/05\/cala-figuera-600x400.jpg 600w\" sizes=\"(max-width: 1800px) 100vw, 1800px\" \/>\n<img decoding=\"async\" class=\"alignnone size-full wp-image-53862\" src=\"https:\/\/decouvrirensemble.com\/wp-content\/uploads\/2024\/05\/cala-figuera-majorque.jpg\" alt=\"cala figuera majorque\" width=\"1800\" height=\"1200\" srcset=\"https:\/\/decouvrirensemble.com\/wp-content\/uploads\/2024\/05\/cala-figuera-majorque.jpg 1800w, https:\/\/decouvrirensemble.com\/wp-content\/uploads\/2024\/05\/cala-figuera-majorque-300x200.jpg 300w, https:\/\/decouvrirensemble.com\/wp-content\/uploads\/2024\/05\/cala-figuera-majorque-1024x683.jpg 1024w, https:\/\/decouvrirensemble.com\/wp-content\/uploads\/2024\/05\/cala-figuera-majorque-768x512.jpg 768w, https:\/\/decouvrirensemble.com\/wp-content\/uploads\/2024\/05\/cala-figuera-majorque-1536x1024.jpg 1536w, https:\/\/decouvrirensemble.com\/wp-content\/uploads\/2024\/05\/cala-figuera-majorque-600x400.jpg 600w\" sizes=\"(max-width: 1800px) 100vw, 1800px\" \/>\n<h3><span class=\"ez-toc-section\" id=\"6_Ses_Salines\"><\/span>6. Ses Salines<span class=\"ez-toc-section-end\"><\/span><\/h3>\n<p>Es un pueblecito muy bonito con muchas tiendas y restaurantes. Fuimos all\u00ed al final del d\u00eda para probar una direcci\u00f3n que hab\u00eda visto Cl\u00e9mence, el <a href=\"https:\/\/maps.app.goo.gl\/CyB7FAuLBSTSgNGY9\" rel=\"noopener\">Cassai Gran Caf\u00e9 &amp; Restaurant<\/a>. Este restaurante de dise\u00f1o sirve comida y c\u00f3cteles realmente deliciosos. Si buscas un lugar para comer en la zona, te lo recomendamos, pero recuerda reservar con antelaci\u00f3n. El pueblo de Ses Salines es el lugar perfecto para una noche en Mallorca, \u00a1en nuestra opini\u00f3n!<\/p>\n<img decoding=\"async\" class=\"alignnone size-full wp-image-53961\" src=\"https:\/\/decouvrirensemble.com\/wp-content\/uploads\/2024\/05\/ses-salines.jpg\" alt=\"Ses Salines\" width=\"1800\" height=\"1200\" srcset=\"https:\/\/decouvrirensemble.com\/wp-content\/uploads\/2024\/05\/ses-salines.jpg 1800w, https:\/\/decouvrirensemble.com\/wp-content\/uploads\/2024\/05\/ses-salines-300x200.jpg 300w, https:\/\/decouvrirensemble.com\/wp-content\/uploads\/2024\/05\/ses-salines-1024x683.jpg 1024w, https:\/\/decouvrirensemble.com\/wp-content\/uploads\/2024\/05\/ses-salines-768x512.jpg 768w, https:\/\/decouvrirensemble.com\/wp-content\/uploads\/2024\/05\/ses-salines-1536x1024.jpg 1536w, https:\/\/decouvrirensemble.com\/wp-content\/uploads\/2024\/05\/ses-salines-600x400.jpg 600w\" sizes=\"(max-width: 1800px) 100vw, 1800px\" \/>\n<h3><span class=\"ez-toc-section\" id=\"7_Palma\"><\/span>7. Palma<span class=\"ez-toc-section-end\"><\/span><\/h3>\n<p>Durante nuestro viaje a Mallorca, decidimos pasar un d\u00eda entero en Palma, la capital de la isla. En nuestra opini\u00f3n, un d\u00eda es m\u00e1s que suficiente para ver los imprescindibles de la ciudad. Para ayudarte a descubrir la ciudad, compartimos contigo <a href=\"https:\/\/maps.app.goo.gl\/jhq4tnd2JbCZ62fb9\">nuestro itinerario a pie por Palma<\/a>. En nuestro d\u00eda de paseo, dejamos el coche en el <a href=\"https:\/\/maps.app.goo.gl\/6NApqgVafx96ekQW7\" rel=\"noopener\">aparcamiento subterr\u00e1neo Passeig de Mallorca<\/a> (que nos pareci\u00f3 bastante asequible), almorzamos en el <a href=\"https:\/\/maps.app.goo.gl\/6oVMH4YkxWKAmejs9\" rel=\"noopener\">restaurante italiano Rikito<\/a> y disfrutamos de una copa al final del d\u00eda en la <a href=\"https:\/\/maps.app.goo.gl\/mhNp8ZaHjHYy5JPt7\" rel=\"noopener\">azotea<\/a> del <a href=\"https:\/\/maps.app.goo.gl\/mhNp8ZaHjHYy5JPt7\" rel=\"noopener\">Singular<\/a>, donde encontrar\u00e1s el ambiente y el bullicio de las grandes ciudades espa\u00f1olas, con multitud de tiendas y terrazas.<\/p>\n<p>[hotel2]<\/p>\n<div id=\"attachment_53940\" style=\"width: 1810px\" class=\"wp-caption alignnone\"><img decoding=\"async\" aria-describedby=\"caption-attachment-53940\" class=\"wp-image-53940 size-full\" src=\"https:\/\/decouvrirensemble.com\/wp-content\/uploads\/2024\/05\/que-faire-majorque-une-semaine-palma.jpg\" alt=\"que faire Majorque une semaine\" width=\"1800\" height=\"1200\" srcset=\"https:\/\/decouvrirensemble.com\/wp-content\/uploads\/2024\/05\/que-faire-majorque-une-semaine-palma.jpg 1800w, https:\/\/decouvrirensemble.com\/wp-content\/uploads\/2024\/05\/que-faire-majorque-une-semaine-palma-300x200.jpg 300w, https:\/\/decouvrirensemble.com\/wp-content\/uploads\/2024\/05\/que-faire-majorque-une-semaine-palma-1024x683.jpg 1024w, https:\/\/decouvrirensemble.com\/wp-content\/uploads\/2024\/05\/que-faire-majorque-une-semaine-palma-768x512.jpg 768w, https:\/\/decouvrirensemble.com\/wp-content\/uploads\/2024\/05\/que-faire-majorque-une-semaine-palma-1536x1024.jpg 1536w, https:\/\/decouvrirensemble.com\/wp-content\/uploads\/2024\/05\/que-faire-majorque-une-semaine-palma-600x400.jpg 600w\" sizes=\"(max-width: 1800px) 100vw, 1800px\" \/><p id=\"caption-attachment-53940\" class=\"wp-caption-text\">Palma de Mallorca<\/p><\/div>\n<img decoding=\"async\" class=\"alignnone size-full wp-image-53925\" src=\"https:\/\/decouvrirensemble.com\/wp-content\/uploads\/2024\/05\/palma-de-majorque-blog.jpg\" alt=\"palma de majorque blog\" width=\"1800\" height=\"1200\" srcset=\"https:\/\/decouvrirensemble.com\/wp-content\/uploads\/2024\/05\/palma-de-majorque-blog.jpg 1800w, https:\/\/decouvrirensemble.com\/wp-content\/uploads\/2024\/05\/palma-de-majorque-blog-300x200.jpg 300w, https:\/\/decouvrirensemble.com\/wp-content\/uploads\/2024\/05\/palma-de-majorque-blog-1024x683.jpg 1024w, https:\/\/decouvrirensemble.com\/wp-content\/uploads\/2024\/05\/palma-de-majorque-blog-768x512.jpg 768w, https:\/\/decouvrirensemble.com\/wp-content\/uploads\/2024\/05\/palma-de-majorque-blog-1536x1024.jpg 1536w, https:\/\/decouvrirensemble.com\/wp-content\/uploads\/2024\/05\/palma-de-majorque-blog-600x400.jpg 600w\" sizes=\"(max-width: 1800px) 100vw, 1800px\" \/>\n<img decoding=\"async\" class=\"alignnone size-full wp-image-53928\" src=\"https:\/\/decouvrirensemble.com\/wp-content\/uploads\/2024\/05\/palma-de-majorque.jpg\" alt=\"palma de majorque\" width=\"1800\" height=\"1200\" srcset=\"https:\/\/decouvrirensemble.com\/wp-content\/uploads\/2024\/05\/palma-de-majorque.jpg 1800w, https:\/\/decouvrirensemble.com\/wp-content\/uploads\/2024\/05\/palma-de-majorque-300x200.jpg 300w, https:\/\/decouvrirensemble.com\/wp-content\/uploads\/2024\/05\/palma-de-majorque-1024x683.jpg 1024w, https:\/\/decouvrirensemble.com\/wp-content\/uploads\/2024\/05\/palma-de-majorque-768x512.jpg 768w, https:\/\/decouvrirensemble.com\/wp-content\/uploads\/2024\/05\/palma-de-majorque-1536x1024.jpg 1536w, https:\/\/decouvrirensemble.com\/wp-content\/uploads\/2024\/05\/palma-de-majorque-600x400.jpg 600w\" sizes=\"(max-width: 1800px) 100vw, 1800px\" \/>\n<h3><span class=\"ez-toc-section\" id=\"8_Cala_Mitjana\"><\/span>8. Cala Mitjana<span class=\"ez-toc-section-end\"><\/span><\/h3>\n<p>Cala Mitjana es una cala muy bonita, pero de dif\u00edcil acceso, ya que no hay aparcamiento cerca. Hay que caminar unos treinta minutos por la carretera para llegar.<\/p>\n<p>Si (como nosotros) eres un poco perezoso, te recomendamos que te dirijas a Cala sa Nau, justo al lado. Esta Cala confidencial es igual de bonita y tiene <a href=\"https:\/\/maps.app.goo.gl\/kAGqnRTdX3eaFDGx8\" rel=\"noopener\">aparcamiento<\/a>. La playa tambi\u00e9n est\u00e1 vigilada y tiene un restaurante de playa. Nos gust\u00f3 mucho pasar la tarde aqu\u00ed y lo recomendamos.<\/p>\n<div id=\"attachment_53871\" style=\"width: 1810px\" class=\"wp-caption alignnone\"><img decoding=\"async\" aria-describedby=\"caption-attachment-53871\" class=\"size-full wp-image-53871\" src=\"https:\/\/decouvrirensemble.com\/wp-content\/uploads\/2024\/05\/cala-mitjana-majorque.jpg\" alt=\"Cala mitjana\" width=\"1800\" height=\"1200\" srcset=\"https:\/\/decouvrirensemble.com\/wp-content\/uploads\/2024\/05\/cala-mitjana-majorque.jpg 1800w, https:\/\/decouvrirensemble.com\/wp-content\/uploads\/2024\/05\/cala-mitjana-majorque-300x200.jpg 300w, https:\/\/decouvrirensemble.com\/wp-content\/uploads\/2024\/05\/cala-mitjana-majorque-1024x683.jpg 1024w, https:\/\/decouvrirensemble.com\/wp-content\/uploads\/2024\/05\/cala-mitjana-majorque-768x512.jpg 768w, https:\/\/decouvrirensemble.com\/wp-content\/uploads\/2024\/05\/cala-mitjana-majorque-1536x1024.jpg 1536w, https:\/\/decouvrirensemble.com\/wp-content\/uploads\/2024\/05\/cala-mitjana-majorque-600x400.jpg 600w\" sizes=\"(max-width: 1800px) 100vw, 1800px\" \/><p id=\"caption-attachment-53871\" class=\"wp-caption-text\">cala mitjana<\/p><\/div>\n<div id=\"attachment_53853\" style=\"width: 1810px\" class=\"wp-caption alignnone\"><img decoding=\"async\" aria-describedby=\"caption-attachment-53853\" class=\"size-full wp-image-53853\" src=\"https:\/\/decouvrirensemble.com\/wp-content\/uploads\/2024\/05\/cala-cala-majorque.jpg\" alt=\"Cala sa Nau\" width=\"1800\" height=\"1200\" srcset=\"https:\/\/decouvrirensemble.com\/wp-content\/uploads\/2024\/05\/cala-cala-majorque.jpg 1800w, https:\/\/decouvrirensemble.com\/wp-content\/uploads\/2024\/05\/cala-cala-majorque-300x200.jpg 300w, https:\/\/decouvrirensemble.com\/wp-content\/uploads\/2024\/05\/cala-cala-majorque-1024x683.jpg 1024w, https:\/\/decouvrirensemble.com\/wp-content\/uploads\/2024\/05\/cala-cala-majorque-768x512.jpg 768w, https:\/\/decouvrirensemble.com\/wp-content\/uploads\/2024\/05\/cala-cala-majorque-1536x1024.jpg 1536w, https:\/\/decouvrirensemble.com\/wp-content\/uploads\/2024\/05\/cala-cala-majorque-600x400.jpg 600w\" sizes=\"(max-width: 1800px) 100vw, 1800px\" \/><p id=\"caption-attachment-53853\" class=\"wp-caption-text\">Cala sa Nau<\/p><\/div>\n<h3><span class=\"ez-toc-section\" id=\"9_Cala_Agulla\"><\/span>9. Cala Agulla<span class=\"ez-toc-section-end\"><\/span><\/h3>\n<p>Situada en el extremo sureste de la isla, <a href=\"https:\/\/maps.app.goo.gl\/AshGm5Pb8yT3YNzf7\" rel=\"noopener\">Cala Ag<\/a> ulla est\u00e1 considerada como una de las playas m\u00e1s bonitas de Mallorca. No hemos tenido tiempo de explorar esta parte de la isla en absoluto, pero muchos de vosotros nos la hab\u00e9is recomendado en Instagram.<\/p>\n<p>Hemos visto algunas fotos y v\u00eddeos de Cala Agulla y parece realmente preciosa. Si est\u00e1s por la zona, no dudes en pasarte.<\/p>\n<h2><span class=\"ez-toc-section\" id=\"%C2%BFQue_ver_en_Mallorca_Visitar_el_norte_de_la_isla\"><\/span>\u00bfQu\u00e9 ver en Mallorca? Visitar el norte de la isla<span class=\"ez-toc-section-end\"><\/span><\/h2>\n<h3><span class=\"ez-toc-section\" id=\"1_Valldemossa\"><\/span>1. Valldemossa<span class=\"ez-toc-section-end\"><\/span><\/h3>\n<p>Situado en el coraz\u00f3n de la Serra de Tramuntan, el pueblo de Valldemossa fue un verdadero \u00abcoup de coeur\u00bb para nosotros. Si te gusta pasear por encantadoras calles empedradas con un helado en la mano, Valldemossa es una visita obligada.<\/p>\n<p>Nos encant\u00f3 descubrir este pueblo y lo recomendamos encarecidamente. Si quieres probar un delicioso helado durante tu visita, te recomendamos la helader\u00eda artesanal <a href=\"https:\/\/maps.app.goo.gl\/ARrBL3oHYBg9yKYTA\" rel=\"noopener\">Gelati Mossa<\/a>. \u00a1Menci\u00f3n especial para la bola de lim\u00f3n mallorqu\u00edn!<\/p>\n<p>\ud83d\udca1 Digno de menci\u00f3n: Durante tu paseo, no te pierdas <a href=\"https:\/\/maps.app.goo.gl\/qmqjhLqpEiGGr8z4A\" rel=\"noopener\">el carrer Rectoria<\/a>, que es sin duda la calle m\u00e1s bonita del pueblo de Valldemossa.<\/p>\n<div id=\"attachment_53949\" style=\"width: 1810px\" class=\"wp-caption alignnone\"><img decoding=\"async\" aria-describedby=\"caption-attachment-53949\" class=\"wp-image-53949 size-full\" src=\"https:\/\/decouvrirensemble.com\/wp-content\/uploads\/2024\/05\/que-faire-majorque-Valldemossa.jpg\" alt=\"que faire majorque\" width=\"1800\" height=\"1200\" srcset=\"https:\/\/decouvrirensemble.com\/wp-content\/uploads\/2024\/05\/que-faire-majorque-Valldemossa.jpg 1800w, https:\/\/decouvrirensemble.com\/wp-content\/uploads\/2024\/05\/que-faire-majorque-Valldemossa-300x200.jpg 300w, https:\/\/decouvrirensemble.com\/wp-content\/uploads\/2024\/05\/que-faire-majorque-Valldemossa-1024x683.jpg 1024w, https:\/\/decouvrirensemble.com\/wp-content\/uploads\/2024\/05\/que-faire-majorque-Valldemossa-768x512.jpg 768w, https:\/\/decouvrirensemble.com\/wp-content\/uploads\/2024\/05\/que-faire-majorque-Valldemossa-1536x1024.jpg 1536w, https:\/\/decouvrirensemble.com\/wp-content\/uploads\/2024\/05\/que-faire-majorque-Valldemossa-600x400.jpg 600w\" sizes=\"(max-width: 1800px) 100vw, 1800px\" \/><p id=\"caption-attachment-53949\" class=\"wp-caption-text\">Valldemossa<\/p><\/div>\n<img decoding=\"async\" class=\"alignnone wp-image-53970 size-full\" src=\"https:\/\/decouvrirensemble.com\/wp-content\/uploads\/2024\/05\/Valldemossa-majorque.jpg\" alt=\"Valldemossa Majorque\" width=\"1800\" height=\"1200\" srcset=\"https:\/\/decouvrirensemble.com\/wp-content\/uploads\/2024\/05\/Valldemossa-majorque.jpg 1800w, https:\/\/decouvrirensemble.com\/wp-content\/uploads\/2024\/05\/Valldemossa-majorque-300x200.jpg 300w, https:\/\/decouvrirensemble.com\/wp-content\/uploads\/2024\/05\/Valldemossa-majorque-1024x683.jpg 1024w, https:\/\/decouvrirensemble.com\/wp-content\/uploads\/2024\/05\/Valldemossa-majorque-768x512.jpg 768w, https:\/\/decouvrirensemble.com\/wp-content\/uploads\/2024\/05\/Valldemossa-majorque-1536x1024.jpg 1536w, https:\/\/decouvrirensemble.com\/wp-content\/uploads\/2024\/05\/Valldemossa-majorque-600x400.jpg 600w\" sizes=\"(max-width: 1800px) 100vw, 1800px\" \/>\n<h3><span class=\"ez-toc-section\" id=\"2_Deia\"><\/span>2. Dei\u00e0<span class=\"ez-toc-section-end\"><\/span><\/h3>\n<p>A s\u00f3lo 15 minutos en coche de Valldemossa, Dei\u00e0 es un pueblo situado en lo alto de una colina que es una visita obligada en el norte de Mallorca. El trayecto en coche desde Valldemossa es magn\u00edfico, y las vistas desde el pueblo, impresionantes. Calcula entre 1 y 2 horas para recorrerlo.<\/p>\n<p>Digno de menci\u00f3n: Cuando descubras Dei\u00e0, no te pierdas el restaurante <a href=\"https:\/\/maps.app.goo.gl\/uFa44Xt5hU92eKSV6\" rel=\"noopener\">Patro March de Ca<\/a>. Es un lugar muy agradable, as\u00ed que reserva con antelaci\u00f3n para asegurarte un sitio. \u00a1Podr\u00e1s disfrutar del entorno paradis\u00edaco de la playa de Dei\u00e0!<\/p>\n<img decoding=\"async\" class=\"alignnone size-full wp-image-53889\" src=\"https:\/\/decouvrirensemble.com\/wp-content\/uploads\/2024\/05\/deia-majorque.jpg\" alt=\"deia majorque\" width=\"1800\" height=\"1200\" srcset=\"https:\/\/decouvrirensemble.com\/wp-content\/uploads\/2024\/05\/deia-majorque.jpg 1800w, https:\/\/decouvrirensemble.com\/wp-content\/uploads\/2024\/05\/deia-majorque-300x200.jpg 300w, https:\/\/decouvrirensemble.com\/wp-content\/uploads\/2024\/05\/deia-majorque-1024x683.jpg 1024w, https:\/\/decouvrirensemble.com\/wp-content\/uploads\/2024\/05\/deia-majorque-768x512.jpg 768w, https:\/\/decouvrirensemble.com\/wp-content\/uploads\/2024\/05\/deia-majorque-1536x1024.jpg 1536w, https:\/\/decouvrirensemble.com\/wp-content\/uploads\/2024\/05\/deia-majorque-600x400.jpg 600w\" sizes=\"(max-width: 1800px) 100vw, 1800px\" \/>\n<img decoding=\"async\" class=\"alignnone size-full wp-image-53973\" src=\"https:\/\/decouvrirensemble.com\/wp-content\/uploads\/2024\/05\/villages-nord-majorque-deia.jpg\" alt=\"villages nord Majorque deia\" width=\"1800\" height=\"1200\" srcset=\"https:\/\/decouvrirensemble.com\/wp-content\/uploads\/2024\/05\/villages-nord-majorque-deia.jpg 1800w, https:\/\/decouvrirensemble.com\/wp-content\/uploads\/2024\/05\/villages-nord-majorque-deia-300x200.jpg 300w, https:\/\/decouvrirensemble.com\/wp-content\/uploads\/2024\/05\/villages-nord-majorque-deia-1024x683.jpg 1024w, https:\/\/decouvrirensemble.com\/wp-content\/uploads\/2024\/05\/villages-nord-majorque-deia-768x512.jpg 768w, https:\/\/decouvrirensemble.com\/wp-content\/uploads\/2024\/05\/villages-nord-majorque-deia-1536x1024.jpg 1536w, https:\/\/decouvrirensemble.com\/wp-content\/uploads\/2024\/05\/villages-nord-majorque-deia-600x400.jpg 600w\" sizes=\"(max-width: 1800px) 100vw, 1800px\" \/>\n<img decoding=\"async\" class=\"alignnone size-full wp-image-53886\" src=\"https:\/\/decouvrirensemble.com\/wp-content\/uploads\/2024\/05\/deia-majorque-baleares.jpg\" alt=\"Deia Majorque\" width=\"1800\" height=\"1200\" srcset=\"https:\/\/decouvrirensemble.com\/wp-content\/uploads\/2024\/05\/deia-majorque-baleares.jpg 1800w, https:\/\/decouvrirensemble.com\/wp-content\/uploads\/2024\/05\/deia-majorque-baleares-300x200.jpg 300w, https:\/\/decouvrirensemble.com\/wp-content\/uploads\/2024\/05\/deia-majorque-baleares-1024x683.jpg 1024w, https:\/\/decouvrirensemble.com\/wp-content\/uploads\/2024\/05\/deia-majorque-baleares-768x512.jpg 768w, https:\/\/decouvrirensemble.com\/wp-content\/uploads\/2024\/05\/deia-majorque-baleares-1536x1024.jpg 1536w, https:\/\/decouvrirensemble.com\/wp-content\/uploads\/2024\/05\/deia-majorque-baleares-600x400.jpg 600w\" sizes=\"(max-width: 1800px) 100vw, 1800px\" \/>\n<h3><span class=\"ez-toc-section\" id=\"3_Cala_Deia\"><\/span>3. Cala Deia<span class=\"ez-toc-section-end\"><\/span><\/h3>\n<p>Otro rinc\u00f3n paradis\u00edaco de Mallorca&#8230; Cala Dei\u00e0, de la que habl\u00e1bamos m\u00e1s arriba, es una cala de aguas transl\u00facidas que te har\u00e1 cambiar de aires. Su punto fuerte son sus dos restaurantes, que dan directamente a la cala.<\/p>\n<p>Sin embargo, Cala Dei\u00e0 es una cala de cantos rodados, por lo que tendr\u00e1s que armarte de paciencia a la hora de aparcar.<\/p>\n<img decoding=\"async\" class=\"alignnone size-full wp-image-53856\" src=\"https:\/\/decouvrirensemble.com\/wp-content\/uploads\/2024\/05\/cala-deia-majorque.jpg\" alt=\"cala deia majorque\" width=\"1800\" height=\"1200\" srcset=\"https:\/\/decouvrirensemble.com\/wp-content\/uploads\/2024\/05\/cala-deia-majorque.jpg 1800w, https:\/\/decouvrirensemble.com\/wp-content\/uploads\/2024\/05\/cala-deia-majorque-300x200.jpg 300w, https:\/\/decouvrirensemble.com\/wp-content\/uploads\/2024\/05\/cala-deia-majorque-1024x683.jpg 1024w, https:\/\/decouvrirensemble.com\/wp-content\/uploads\/2024\/05\/cala-deia-majorque-768x512.jpg 768w, https:\/\/decouvrirensemble.com\/wp-content\/uploads\/2024\/05\/cala-deia-majorque-1536x1024.jpg 1536w, https:\/\/decouvrirensemble.com\/wp-content\/uploads\/2024\/05\/cala-deia-majorque-600x400.jpg 600w\" sizes=\"(max-width: 1800px) 100vw, 1800px\" \/>\n<img decoding=\"async\" class=\"alignnone size-full wp-image-53859\" src=\"https:\/\/decouvrirensemble.com\/wp-content\/uploads\/2024\/05\/cala-deia.jpg\" alt=\"cala deia\" width=\"1800\" height=\"1200\" srcset=\"https:\/\/decouvrirensemble.com\/wp-content\/uploads\/2024\/05\/cala-deia.jpg 1800w, https:\/\/decouvrirensemble.com\/wp-content\/uploads\/2024\/05\/cala-deia-300x200.jpg 300w, https:\/\/decouvrirensemble.com\/wp-content\/uploads\/2024\/05\/cala-deia-1024x683.jpg 1024w, https:\/\/decouvrirensemble.com\/wp-content\/uploads\/2024\/05\/cala-deia-768x512.jpg 768w, https:\/\/decouvrirensemble.com\/wp-content\/uploads\/2024\/05\/cala-deia-1536x1024.jpg 1536w, https:\/\/decouvrirensemble.com\/wp-content\/uploads\/2024\/05\/cala-deia-600x400.jpg 600w\" sizes=\"(max-width: 1800px) 100vw, 1800px\" \/>\n<h3><span class=\"ez-toc-section\" id=\"4_Soller\"><\/span>4. S\u00f3ller<span class=\"ez-toc-section-end\"><\/span><\/h3>\n<p>S\u00f3ller es sin duda uno de los pueblos m\u00e1s populares del norte de Mallorca. A s\u00f3lo 20 minutos en coche de Dei\u00e0, el pueblo es conocido por su catedral, su tranv\u00eda de madera (el Ferrocarril de S\u00f3ller) y su puerto.<\/p>\n<p>El Ferrocarril de S\u00f3ller es una de las atracciones tur\u00edsticas m\u00e1s conocidas de la isla, y si te preguntas <strong>qu\u00e9 hacer en Mallorca<\/strong>, coger este tren deber\u00eda ser una buena idea. Cuesta 14 euros ida y vuelta y le llevar\u00e1 por S\u00f3ller y su puerto.<\/p>\n<div id=\"attachment_53943\" style=\"width: 1810px\" class=\"wp-caption alignnone\"><img decoding=\"async\" aria-describedby=\"caption-attachment-53943\" class=\"wp-image-53943 size-full\" src=\"https:\/\/decouvrirensemble.com\/wp-content\/uploads\/2024\/05\/que-faire-majorque-une-semaine-soller.jpg\" alt=\"que faire majorque une semaine\" width=\"1800\" height=\"1200\" srcset=\"https:\/\/decouvrirensemble.com\/wp-content\/uploads\/2024\/05\/que-faire-majorque-une-semaine-soller.jpg 1800w, https:\/\/decouvrirensemble.com\/wp-content\/uploads\/2024\/05\/que-faire-majorque-une-semaine-soller-300x200.jpg 300w, https:\/\/decouvrirensemble.com\/wp-content\/uploads\/2024\/05\/que-faire-majorque-une-semaine-soller-1024x683.jpg 1024w, https:\/\/decouvrirensemble.com\/wp-content\/uploads\/2024\/05\/que-faire-majorque-une-semaine-soller-768x512.jpg 768w, https:\/\/decouvrirensemble.com\/wp-content\/uploads\/2024\/05\/que-faire-majorque-une-semaine-soller-1536x1024.jpg 1536w, https:\/\/decouvrirensemble.com\/wp-content\/uploads\/2024\/05\/que-faire-majorque-une-semaine-soller-600x400.jpg 600w\" sizes=\"(max-width: 1800px) 100vw, 1800px\" \/><p id=\"caption-attachment-53943\" class=\"wp-caption-text\">S\u00f3ller<\/p><\/div>\n<img decoding=\"async\" class=\"alignnone size-full wp-image-53964\" src=\"https:\/\/decouvrirensemble.com\/wp-content\/uploads\/2024\/05\/soller-majorque.jpg\" alt=\"Soller Majorque\" width=\"1800\" height=\"1200\" srcset=\"https:\/\/decouvrirensemble.com\/wp-content\/uploads\/2024\/05\/soller-majorque.jpg 1800w, https:\/\/decouvrirensemble.com\/wp-content\/uploads\/2024\/05\/soller-majorque-300x200.jpg 300w, https:\/\/decouvrirensemble.com\/wp-content\/uploads\/2024\/05\/soller-majorque-1024x683.jpg 1024w, https:\/\/decouvrirensemble.com\/wp-content\/uploads\/2024\/05\/soller-majorque-768x512.jpg 768w, https:\/\/decouvrirensemble.com\/wp-content\/uploads\/2024\/05\/soller-majorque-1536x1024.jpg 1536w, https:\/\/decouvrirensemble.com\/wp-content\/uploads\/2024\/05\/soller-majorque-600x400.jpg 600w\" sizes=\"(max-width: 1800px) 100vw, 1800px\" \/>\n<p>Si quieres llegar a So Calobra desde el mar, tambi\u00e9n hay barcos que ofrecen excursiones desde el puerto de S\u00f3ller.<\/p>\n<p>&nbsp;<\/p>\n<div data-gyg-tour-ids=\"451657,404400,467117\" data-gyg-partner-id=\"QTAK8D9\" data-gyg-number-of-items=\"3\" data-gyg-widget=\"activities\" data-gyg-locale-code=\"es-ES\" data-gyg-href=\"https:\/\/widget.getyourguide.com\/default\/activities.frame\">Desarrollado por <a href=\"https:\/\/www.getyourguide.com\/majorque-l47\/\" rel=\"noopener sponsored\">GetYourGuide<\/a><\/div>\n<h3><span class=\"ez-toc-section\" id=\"5_Fornalutx\"><\/span>5. Fornalutx<span class=\"ez-toc-section-end\"><\/span><\/h3>\n<p>Cerca de S\u00f3ller se encuentra el peque\u00f1o pueblo de Fornalutx. Es uno de los pueblos m\u00e1s bonitos de Espa\u00f1a, \u00a1y es f\u00e1cil ver por qu\u00e9! El pueblo es muy bonito, aunque bastante peque\u00f1o. Seguramente lo recorrer\u00e1s en poco tiempo. Nos gust\u00f3 mucho la plaza de Espa\u00f1a, la plaza principal del pueblo. Tiene un ambiente muy agradable, con muchos restaurantes.<\/p>\n<p>Mientras estuvimos all\u00ed, almorzamos en la pasteler\u00eda <a href=\"https:\/\/maps.app.goo.gl\/aDUNkEYw2taa48TM9\" rel=\"noopener\">Forn de Bari<\/a>, \u00a1y los bocadillos y los postres estaban para morirse! Recomendamos esta direcci\u00f3n si quieres un almuerzo r\u00e1pido.<\/p>\n<img decoding=\"async\" class=\"alignnone size-full wp-image-53898\" src=\"https:\/\/decouvrirensemble.com\/wp-content\/uploads\/2024\/05\/Fornalutx.jpg\" alt=\"Fornalutx\" width=\"1800\" height=\"1200\" srcset=\"https:\/\/decouvrirensemble.com\/wp-content\/uploads\/2024\/05\/Fornalutx.jpg 1800w, https:\/\/decouvrirensemble.com\/wp-content\/uploads\/2024\/05\/Fornalutx-300x200.jpg 300w, https:\/\/decouvrirensemble.com\/wp-content\/uploads\/2024\/05\/Fornalutx-1024x683.jpg 1024w, https:\/\/decouvrirensemble.com\/wp-content\/uploads\/2024\/05\/Fornalutx-768x512.jpg 768w, https:\/\/decouvrirensemble.com\/wp-content\/uploads\/2024\/05\/Fornalutx-1536x1024.jpg 1536w, https:\/\/decouvrirensemble.com\/wp-content\/uploads\/2024\/05\/Fornalutx-600x400.jpg 600w\" sizes=\"(max-width: 1800px) 100vw, 1800px\" \/>\n<img decoding=\"async\" class=\"alignnone size-full wp-image-53895\" src=\"https:\/\/decouvrirensemble.com\/wp-content\/uploads\/2024\/05\/Fornalutx-majorque.jpg\" alt=\"Fornalutx Majorque\" width=\"1800\" height=\"1200\" srcset=\"https:\/\/decouvrirensemble.com\/wp-content\/uploads\/2024\/05\/Fornalutx-majorque.jpg 1800w, https:\/\/decouvrirensemble.com\/wp-content\/uploads\/2024\/05\/Fornalutx-majorque-300x200.jpg 300w, https:\/\/decouvrirensemble.com\/wp-content\/uploads\/2024\/05\/Fornalutx-majorque-1024x683.jpg 1024w, https:\/\/decouvrirensemble.com\/wp-content\/uploads\/2024\/05\/Fornalutx-majorque-768x512.jpg 768w, https:\/\/decouvrirensemble.com\/wp-content\/uploads\/2024\/05\/Fornalutx-majorque-1536x1024.jpg 1536w, https:\/\/decouvrirensemble.com\/wp-content\/uploads\/2024\/05\/Fornalutx-majorque-600x400.jpg 600w\" sizes=\"(max-width: 1800px) 100vw, 1800px\" \/>\n<h3><span class=\"ez-toc-section\" id=\"6_Sa_Calobra_y_Torrent_de_Pareis\"><\/span>6. Sa Calobra y Torrent de Pareis<span class=\"ez-toc-section-end\"><\/span><\/h3>\n<p>Despu\u00e9s condujimos durante m\u00e1s de una hora hacia Sa Calobra, una de las carreteras m\u00e1s espectaculares del mundo. Esta sinuosa carretera ofrece muchas vistas impresionantes de las monta\u00f1as. Se cruzar\u00e1 con muchas bicicletas y algunos autobuses, \u00a1as\u00ed que tenga cuidado!<\/p>\n<p>La carretera termina en dos peque\u00f1as playas de guijarros, una de las cuales se encuentra en el coraz\u00f3n de un ca\u00f1\u00f3n. Se accede a pie a trav\u00e9s de dos t\u00faneles excavados en la roca. Es un lugar magn\u00edfico, \u00fanico en Mallorca, muy recomendable.<\/p>\n<div id=\"attachment_53952\" style=\"width: 1810px\" class=\"wp-caption alignnone\"><img decoding=\"async\" aria-describedby=\"caption-attachment-53952\" class=\"wp-image-53952 size-full\" src=\"https:\/\/decouvrirensemble.com\/wp-content\/uploads\/2024\/05\/sa-calobra-majorque.jpg\" alt=\"Sa Calobra\" width=\"1800\" height=\"1200\" srcset=\"https:\/\/decouvrirensemble.com\/wp-content\/uploads\/2024\/05\/sa-calobra-majorque.jpg 1800w, https:\/\/decouvrirensemble.com\/wp-content\/uploads\/2024\/05\/sa-calobra-majorque-300x200.jpg 300w, https:\/\/decouvrirensemble.com\/wp-content\/uploads\/2024\/05\/sa-calobra-majorque-1024x683.jpg 1024w, https:\/\/decouvrirensemble.com\/wp-content\/uploads\/2024\/05\/sa-calobra-majorque-768x512.jpg 768w, https:\/\/decouvrirensemble.com\/wp-content\/uploads\/2024\/05\/sa-calobra-majorque-1536x1024.jpg 1536w, https:\/\/decouvrirensemble.com\/wp-content\/uploads\/2024\/05\/sa-calobra-majorque-600x400.jpg 600w\" sizes=\"(max-width: 1800px) 100vw, 1800px\" \/><p id=\"caption-attachment-53952\" class=\"wp-caption-text\">Sa Calobra<\/p><\/div>\n<img decoding=\"async\" class=\"alignnone size-full wp-image-53955\" src=\"https:\/\/decouvrirensemble.com\/wp-content\/uploads\/2024\/05\/sa-calobra.jpg\" alt=\"Sa Calobra\" width=\"1800\" height=\"1200\" srcset=\"https:\/\/decouvrirensemble.com\/wp-content\/uploads\/2024\/05\/sa-calobra.jpg 1800w, https:\/\/decouvrirensemble.com\/wp-content\/uploads\/2024\/05\/sa-calobra-300x200.jpg 300w, https:\/\/decouvrirensemble.com\/wp-content\/uploads\/2024\/05\/sa-calobra-1024x683.jpg 1024w, https:\/\/decouvrirensemble.com\/wp-content\/uploads\/2024\/05\/sa-calobra-768x512.jpg 768w, https:\/\/decouvrirensemble.com\/wp-content\/uploads\/2024\/05\/sa-calobra-1536x1024.jpg 1536w, https:\/\/decouvrirensemble.com\/wp-content\/uploads\/2024\/05\/sa-calobra-600x400.jpg 600w\" sizes=\"(max-width: 1800px) 100vw, 1800px\" \/>\n<img decoding=\"async\" class=\"alignnone size-full wp-image-53913\" src=\"https:\/\/decouvrirensemble.com\/wp-content\/uploads\/2024\/05\/majorque-blog-voyage.jpg\" alt=\"majorque blog voyage\" width=\"1800\" height=\"1200\" srcset=\"https:\/\/decouvrirensemble.com\/wp-content\/uploads\/2024\/05\/majorque-blog-voyage.jpg 1800w, https:\/\/decouvrirensemble.com\/wp-content\/uploads\/2024\/05\/majorque-blog-voyage-300x200.jpg 300w, https:\/\/decouvrirensemble.com\/wp-content\/uploads\/2024\/05\/majorque-blog-voyage-1024x683.jpg 1024w, https:\/\/decouvrirensemble.com\/wp-content\/uploads\/2024\/05\/majorque-blog-voyage-768x512.jpg 768w, https:\/\/decouvrirensemble.com\/wp-content\/uploads\/2024\/05\/majorque-blog-voyage-1536x1024.jpg 1536w, https:\/\/decouvrirensemble.com\/wp-content\/uploads\/2024\/05\/majorque-blog-voyage-600x400.jpg 600w\" sizes=\"(max-width: 1800px) 100vw, 1800px\" \/>\n<h3><span class=\"ez-toc-section\" id=\"7_Banyalbufar\"><\/span>7. Banyalbufar<span class=\"ez-toc-section-end\"><\/span><\/h3>\n<p>Situado en las monta\u00f1as, a 40 minutos en coche de Valldemossa, el pueblo de Banyalbufar es m\u00e1s conocido por sus majardes, terrazas en forma de escalera que bajan hasta el mar.<\/p>\n<p>El pueblo nos pareci\u00f3 bonito pero bastante peque\u00f1o, y aunque las carreteras de esta parte de Mallorca son magn\u00edficas, s\u00f3lo lo recomendar\u00edamos si tienes tiempo en tus vacaciones en Mallorca.<\/p>\n<img decoding=\"async\" class=\"alignnone size-full wp-image-53844\" src=\"https:\/\/decouvrirensemble.com\/wp-content\/uploads\/2024\/05\/Banyalbufar.jpg\" alt=\"Banyalbufar\" width=\"1800\" height=\"1200\" srcset=\"https:\/\/decouvrirensemble.com\/wp-content\/uploads\/2024\/05\/Banyalbufar.jpg 1800w, https:\/\/decouvrirensemble.com\/wp-content\/uploads\/2024\/05\/Banyalbufar-300x200.jpg 300w, https:\/\/decouvrirensemble.com\/wp-content\/uploads\/2024\/05\/Banyalbufar-1024x683.jpg 1024w, https:\/\/decouvrirensemble.com\/wp-content\/uploads\/2024\/05\/Banyalbufar-768x512.jpg 768w, https:\/\/decouvrirensemble.com\/wp-content\/uploads\/2024\/05\/Banyalbufar-1536x1024.jpg 1536w, https:\/\/decouvrirensemble.com\/wp-content\/uploads\/2024\/05\/Banyalbufar-600x400.jpg 600w\" sizes=\"(max-width: 1800px) 100vw, 1800px\" \/>\n<h3><span class=\"ez-toc-section\" id=\"8_Alcudia\"><\/span>8. Alcudia<span class=\"ez-toc-section-end\"><\/span><\/h3>\n<p>Al final, no nos dio tiempo a descubrir este rinc\u00f3n de la isla. \u00a1Una buena excusa para volver a Mallorca! La ciudad de Alcudia fue la antigua capital de la isla y es aparentemente muy bonita. El pueblo est\u00e1 justo al lado de una playa de arena muy grande y a 20 minutos en coche del famoso Mirador de El Colomer.<\/p>\n<h3><span class=\"ez-toc-section\" id=\"9_Mirador_Es_Colomer\"><\/span>9. Mirador Es Colomer<span class=\"ez-toc-section-end\"><\/span><\/h3>\n<p>A s\u00f3lo 20 minutos en coche de Alcudia se encuentra el Mirador Es Colomer. Se trata del mirador m\u00e1s famoso de la isla, que ofrece unas vistas impresionantes del mar y las monta\u00f1as.<\/p>\n<p>Te aconsejamos que vengas temprano por la ma\u00f1ana, sobre las 9, para disfrutarlo sin demasiada gente, o para la puesta de sol. Al atardecer, el lugar es m\u00e1gico. Sin embargo, estar\u00e1 mucho m\u00e1s concurrido.<\/p>\n<div id=\"attachment_53922\" style=\"width: 1810px\" class=\"wp-caption alignnone\"><img decoding=\"async\" aria-describedby=\"caption-attachment-53922\" class=\"wp-image-53922 size-full\" src=\"https:\/\/decouvrirensemble.com\/wp-content\/uploads\/2024\/05\/mirador-el-colomer.jpg\" alt=\"mirador el colomer\" width=\"1800\" height=\"1200\" srcset=\"https:\/\/decouvrirensemble.com\/wp-content\/uploads\/2024\/05\/mirador-el-colomer.jpg 1800w, https:\/\/decouvrirensemble.com\/wp-content\/uploads\/2024\/05\/mirador-el-colomer-300x200.jpg 300w, https:\/\/decouvrirensemble.com\/wp-content\/uploads\/2024\/05\/mirador-el-colomer-1024x683.jpg 1024w, https:\/\/decouvrirensemble.com\/wp-content\/uploads\/2024\/05\/mirador-el-colomer-768x512.jpg 768w, https:\/\/decouvrirensemble.com\/wp-content\/uploads\/2024\/05\/mirador-el-colomer-1536x1024.jpg 1536w, https:\/\/decouvrirensemble.com\/wp-content\/uploads\/2024\/05\/mirador-el-colomer-600x400.jpg 600w\" sizes=\"(max-width: 1800px) 100vw, 1800px\" \/><p id=\"caption-attachment-53922\" class=\"wp-caption-text\">Mirador de Es Colomer<\/p><\/div>\n<h2 id=\"dormir\"><span class=\"ez-toc-section\" id=\"%C2%BFDonde_alojarse_en_Mallorca\"><\/span>\u00bfD\u00f3nde alojarse en Mallorca?<span class=\"ez-toc-section-end\"><\/span><\/h2>\n<p>Si quiere explorar toda la isla, le recomendamos que reserve al menos dos hoteles, uno en el sur y otro en el norte. Esto le ahorrar\u00e1 muchos desplazamientos de ida y vuelta en coche. Por nuestra parte, decidimos coger dos hoteles en el sur y uno en el norte, y nos result\u00f3 bastante c\u00f3modo. Los compartimos con vosotros a continuaci\u00f3n.<\/p>\n<h3><span class=\"ez-toc-section\" id=\"Nuestras_buenas_direcciones_en_el_sur_de_Mallorca\"><\/span>Nuestras buenas direcciones en el sur de Mallorca<span class=\"ez-toc-section-end\"><\/span><\/h3>\n<h4><span class=\"ez-toc-section\" id=\"Hotel_Santayi_Port\"><\/span>Hotel Santayi Port<span class=\"ez-toc-section-end\"><\/span><\/h4>\n<p>Un peque\u00f1o hotel reformado a s\u00f3lo 5 minutos a pie de Cala Figuera, que nos gust\u00f3 mucho. Nos pareci\u00f3 que el hotel estaba bien situado para explorar las playas del sur de Mallorca.<\/p>\n<p>El hotel tiene una bonita piscina. Si tiene hambre, le recomendamos el restaurante <a href=\"https:\/\/maps.app.goo.gl\/LpFqUf8f4PoHcwvm6\" rel=\"noopener\">El Cruce<\/a>, a 2 minutos a pie del hotel. La comida es buena y el ambiente relajado. Si te gustan el billar y los dardos, \u00a1te encantar\u00e1 este sitio!<\/p>\n    <div class=\"niceButton\"><a href=\"https:\/\/www.booking.com\/hotel\/es\/hotel-santanyi-port.fr.html?aid=1286053\" target=\"_blank\" class=\"emojiLink\">\n                    <span class=\"emojiLink__emoji\">\u2764\ufe0f<\/span>\n                <span class=\"emojiLink__title title title--big\">Consultar disponibilidad<\/span>\n    <\/a><\/div>\n\n    \n<img decoding=\"async\" class=\"alignnone size-full wp-image-53907\" src=\"https:\/\/decouvrirensemble.com\/wp-content\/uploads\/2024\/05\/hotel-santayi-port.jpg\" alt=\"hotel santayi port\" width=\"1800\" height=\"1200\" srcset=\"https:\/\/decouvrirensemble.com\/wp-content\/uploads\/2024\/05\/hotel-santayi-port.jpg 1800w, https:\/\/decouvrirensemble.com\/wp-content\/uploads\/2024\/05\/hotel-santayi-port-300x200.jpg 300w, https:\/\/decouvrirensemble.com\/wp-content\/uploads\/2024\/05\/hotel-santayi-port-1024x683.jpg 1024w, https:\/\/decouvrirensemble.com\/wp-content\/uploads\/2024\/05\/hotel-santayi-port-768x512.jpg 768w, https:\/\/decouvrirensemble.com\/wp-content\/uploads\/2024\/05\/hotel-santayi-port-1536x1024.jpg 1536w, https:\/\/decouvrirensemble.com\/wp-content\/uploads\/2024\/05\/hotel-santayi-port-600x400.jpg 600w\" sizes=\"(max-width: 1800px) 100vw, 1800px\" \/>\n<h4><span class=\"ez-toc-section\" id=\"Finca_Gomera_%E2%80%93_Hotel_Agroturismo\"><\/span>Finca Gomera &#8211; Hotel Agroturismo<span class=\"ez-toc-section-end\"><\/span><\/h4>\n<p>Si est\u00e1 buscando un hotel en el coraz\u00f3n de los vi\u00f1edos de Mallorca en un entorno confidencial, le recomendamos que eche un vistazo a la Finca Gomera. Nos alojamos aqu\u00ed por dos noches y realmente lo disfrutamos. La ubicaci\u00f3n es preciosa y la zona de la piscina es realmente rejuvenecedora y relajante.<\/p>\n<p>El desayuno con vistas a los vi\u00f1edos tambi\u00e9n es muy agradable. El hotel est\u00e1 a 30 minutos en coche de Palma y a 10 minutos de la playa de Cala Pi.<\/p>\n    <div class=\"niceButton\"><a href=\"https:\/\/www.booking.com\/hotel\/es\/gomera-boutique.fr.html?aid=1286053\" target=\"_blank\" class=\"emojiLink\">\n                    <span class=\"emojiLink__emoji\">\u2764\ufe0f<\/span>\n                <span class=\"emojiLink__title title title--big\">Ver disponibilidad<\/span>\n    <\/a><\/div>\n\n    \n<img decoding=\"async\" class=\"alignnone size-full wp-image-53901\" src=\"https:\/\/decouvrirensemble.com\/wp-content\/uploads\/2024\/05\/hotel-majorque-finca-gomera.jpg\" alt=\"hotel majorque\" width=\"1800\" height=\"1200\" srcset=\"https:\/\/decouvrirensemble.com\/wp-content\/uploads\/2024\/05\/hotel-majorque-finca-gomera.jpg 1800w, https:\/\/decouvrirensemble.com\/wp-content\/uploads\/2024\/05\/hotel-majorque-finca-gomera-300x200.jpg 300w, https:\/\/decouvrirensemble.com\/wp-content\/uploads\/2024\/05\/hotel-majorque-finca-gomera-1024x683.jpg 1024w, https:\/\/decouvrirensemble.com\/wp-content\/uploads\/2024\/05\/hotel-majorque-finca-gomera-768x512.jpg 768w, https:\/\/decouvrirensemble.com\/wp-content\/uploads\/2024\/05\/hotel-majorque-finca-gomera-1536x1024.jpg 1536w, https:\/\/decouvrirensemble.com\/wp-content\/uploads\/2024\/05\/hotel-majorque-finca-gomera-600x400.jpg 600w\" sizes=\"(max-width: 1800px) 100vw, 1800px\" \/>\n<img decoding=\"async\" class=\"alignnone size-full wp-image-53892\" src=\"https:\/\/decouvrirensemble.com\/wp-content\/uploads\/2024\/05\/finca-gomera-majorque.jpg\" alt=\"finca gomera majorque\" width=\"1800\" height=\"1200\" srcset=\"https:\/\/decouvrirensemble.com\/wp-content\/uploads\/2024\/05\/finca-gomera-majorque.jpg 1800w, https:\/\/decouvrirensemble.com\/wp-content\/uploads\/2024\/05\/finca-gomera-majorque-300x200.jpg 300w, https:\/\/decouvrirensemble.com\/wp-content\/uploads\/2024\/05\/finca-gomera-majorque-1024x683.jpg 1024w, https:\/\/decouvrirensemble.com\/wp-content\/uploads\/2024\/05\/finca-gomera-majorque-768x512.jpg 768w, https:\/\/decouvrirensemble.com\/wp-content\/uploads\/2024\/05\/finca-gomera-majorque-1536x1024.jpg 1536w, https:\/\/decouvrirensemble.com\/wp-content\/uploads\/2024\/05\/finca-gomera-majorque-600x400.jpg 600w\" sizes=\"(max-width: 1800px) 100vw, 1800px\" \/>\n<h3><span class=\"ez-toc-section\" id=\"Nuestras_buenas_direcciones_en_el_norte_de_Mallorca\"><\/span>Nuestras buenas direcciones en el norte de Mallorca<span class=\"ez-toc-section-end\"><\/span><\/h3>\n<h4><span class=\"ez-toc-section\" id=\"Bordoy_Continental_Valldemossa\"><\/span>Bordoy Continental Valldemossa<span class=\"ez-toc-section-end\"><\/span><\/h4>\n<p>Si est\u00e1s planeando visitar el norte de Mallorca, te recomendamos que elijas un hotel cerca de Valldemossa o S\u00f3ller. Nos alojamos en el Bordoy Continental en Valldemossa durante 5 noches.<\/p>\n<p>Nuestra habitaci\u00f3n ten\u00eda unas magn\u00edficas vistas al mar y era muy c\u00f3moda. Bonus: si te gustan las cabras, \u00a1tendr\u00e1s la oportunidad de conocer unas cuantas!<\/p>\n    <div class=\"niceButton\"><a href=\"https:\/\/www.booking.com\/hotel\/es\/apartamentos-el-encinar.fr.html?aid=1286053\" target=\"_blank\" class=\"emojiLink\">\n                    <span class=\"emojiLink__emoji\">\u2764\ufe0f<\/span>\n                <span class=\"emojiLink__title title title--big\">Ver disponibilidad<\/span>\n    <\/a><\/div>\n\n    \n<img decoding=\"async\" class=\"alignnone size-full wp-image-53919\" src=\"https:\/\/decouvrirensemble.com\/wp-content\/uploads\/2024\/05\/majorque-nord-hotel.jpg\" alt=\"Hotel nord majorque\" width=\"1800\" height=\"1200\" srcset=\"https:\/\/decouvrirensemble.com\/wp-content\/uploads\/2024\/05\/majorque-nord-hotel.jpg 1800w, https:\/\/decouvrirensemble.com\/wp-content\/uploads\/2024\/05\/majorque-nord-hotel-300x200.jpg 300w, https:\/\/decouvrirensemble.com\/wp-content\/uploads\/2024\/05\/majorque-nord-hotel-1024x683.jpg 1024w, https:\/\/decouvrirensemble.com\/wp-content\/uploads\/2024\/05\/majorque-nord-hotel-768x512.jpg 768w, https:\/\/decouvrirensemble.com\/wp-content\/uploads\/2024\/05\/majorque-nord-hotel-1536x1024.jpg 1536w, https:\/\/decouvrirensemble.com\/wp-content\/uploads\/2024\/05\/majorque-nord-hotel-600x400.jpg 600w\" sizes=\"(max-width: 1800px) 100vw, 1800px\" \/>\n<img decoding=\"async\" class=\"alignnone size-full wp-image-53904\" src=\"https:\/\/decouvrirensemble.com\/wp-content\/uploads\/2024\/05\/hotel-nord-majorque.jpg\" alt=\"hotel nord majorque\" width=\"1800\" height=\"1200\" srcset=\"https:\/\/decouvrirensemble.com\/wp-content\/uploads\/2024\/05\/hotel-nord-majorque.jpg 1800w, https:\/\/decouvrirensemble.com\/wp-content\/uploads\/2024\/05\/hotel-nord-majorque-300x200.jpg 300w, https:\/\/decouvrirensemble.com\/wp-content\/uploads\/2024\/05\/hotel-nord-majorque-1024x683.jpg 1024w, https:\/\/decouvrirensemble.com\/wp-content\/uploads\/2024\/05\/hotel-nord-majorque-768x512.jpg 768w, https:\/\/decouvrirensemble.com\/wp-content\/uploads\/2024\/05\/hotel-nord-majorque-1536x1024.jpg 1536w, https:\/\/decouvrirensemble.com\/wp-content\/uploads\/2024\/05\/hotel-nord-majorque-600x400.jpg 600w\" sizes=\"(max-width: 1800px) 100vw, 1800px\" \/>\n<h4><span class=\"ez-toc-section\" id=\"Los_hoteles_boutique_mas_bonitos_de_Mallorca\"><\/span>Los hoteles boutique m\u00e1s bonitos de Mallorca<span class=\"ez-toc-section-end\"><\/span><\/h4>\n<p>Si desea a\u00fan m\u00e1s inspiraci\u00f3n a la hora de encontrar su hotel en Mallorca, le sugerimos que eche un vistazo a nuestra selecci\u00f3n de los hoteles m\u00e1s bonitos de la isla.<\/p>\n<p>[hoteles-majorca]<\/p>\n<h2 id=\"comer\"><span class=\"ez-toc-section\" id=\"%C2%BFDonde_comer_en_Mallorca\"><\/span>\u00bfD\u00f3nde comer en Mallorca?<span class=\"ez-toc-section-end\"><\/span><\/h2>\n<h3><span class=\"ez-toc-section\" id=\"Nuestras_mejores_direcciones_en_el_sur_de_Mallorca\"><\/span>Nuestras mejores direcciones en el sur de Mallorca<span class=\"ez-toc-section-end\"><\/span><\/h3>\n<ul>\n<li><a href=\"https:\/\/maps.app.goo.gl\/CyB7FAuLBSTSgNGY9\" rel=\"noopener\">Cassai gran Caf\u00e9 &amp; Restaurant<\/a>: \u00a1uno de nuestros restaurantes favoritos de la isla! Si est\u00e1s en el sur de Mallorca y buscas un buen sitio para cenar, tienes que ir a Cassai gran Caf\u00e9. El restaurante est\u00e1 situado en el peque\u00f1o pueblo de Ses Salines y cuenta con una bonita decoraci\u00f3n y una sabrosa carta. Menci\u00f3n especial merecen sus deliciosos c\u00f3cteles.<\/li>\n<li><a href=\"https:\/\/maps.app.goo.gl\/7JsB6PyNMwwodEth8\" rel=\"noopener\">Rikito Palma<\/a>: Un gran restaurante italiano en una tranquila calle del barrio de Santa Catalina de Palma. Lo pasamos muy bien y si buscas un buen restaurante en Palma, te recomendamos esta direcci\u00f3n.<\/li>\n<\/ul>\n<img decoding=\"async\" class=\"alignnone size-full wp-image-53850\" src=\"https:\/\/decouvrirensemble.com\/wp-content\/uploads\/2024\/05\/bonnes-adresses-restaurants-majorque.jpg\" alt=\"bonnes adresses restaurants majorque\" width=\"1800\" height=\"1200\" srcset=\"https:\/\/decouvrirensemble.com\/wp-content\/uploads\/2024\/05\/bonnes-adresses-restaurants-majorque.jpg 1800w, https:\/\/decouvrirensemble.com\/wp-content\/uploads\/2024\/05\/bonnes-adresses-restaurants-majorque-300x200.jpg 300w, https:\/\/decouvrirensemble.com\/wp-content\/uploads\/2024\/05\/bonnes-adresses-restaurants-majorque-1024x683.jpg 1024w, https:\/\/decouvrirensemble.com\/wp-content\/uploads\/2024\/05\/bonnes-adresses-restaurants-majorque-768x512.jpg 768w, https:\/\/decouvrirensemble.com\/wp-content\/uploads\/2024\/05\/bonnes-adresses-restaurants-majorque-1536x1024.jpg 1536w, https:\/\/decouvrirensemble.com\/wp-content\/uploads\/2024\/05\/bonnes-adresses-restaurants-majorque-600x400.jpg 600w\" sizes=\"(max-width: 1800px) 100vw, 1800px\" \/>\n<h3><span class=\"ez-toc-section\" id=\"Nuestras_mejores_direcciones_en_el_norte_de_Mallorca\"><\/span>Nuestras mejores direcciones en el norte de Mallorca<span class=\"ez-toc-section-end\"><\/span><\/h3>\n<ul>\n<li><a href=\"https:\/\/maps.app.goo.gl\/jLz4Ee7N66PxKMFeA\" rel=\"noopener\">Restaurante Ca&#8217;s Patro March<\/a>: \u00a1una de nuestras direcciones favoritas del viaje! Situado en Cala Dei\u00e0, este restaurante ofrece una vista impresionante del mar. Le recomendamos que reserve con antelaci\u00f3n y pida una mesa con vistas.<\/li>\n<li><a href=\"https:\/\/maps.app.goo.gl\/dCr86LyDdn8X9SMp9\" rel=\"noopener\">Restaurante Mir\u00f3<\/a>: uno de los 3 restaurantes del hotel Belmond en Dei\u00e0. Se trata de un lugar muy prestigioso con hermosas vistas de la regi\u00f3n. El hotel es realmente magn\u00edfico y tambi\u00e9n cuenta con los restaurantes <a href=\"https:\/\/maps.app.goo.gl\/MiZovcE6wSD9aZWUA\" rel=\"noopener\">El Olivio<\/a> y <a href=\"https:\/\/maps.app.goo.gl\/G8jdvNw1AxamezVLA\" rel=\"noopener\">Tramuntana Grill<\/a>. Bastante caro, as\u00ed que depende de su presupuesto.<\/li>\n<li><a href=\"https:\/\/maps.app.goo.gl\/hvzsm6kqGJFuV5Y1A\" rel=\"noopener\">Restaurante Illeta<\/a>: un restaurante bastante agradable situado en un peque\u00f1o islote. Hab\u00edamos visto la direcci\u00f3n en Instagram, as\u00ed que fuimos all\u00ed en nuestro \u00faltimo d\u00eda en Mallorca. Es un sitio precioso, pero los precios son bastante altos para la calidad de la comida. Adem\u00e1s, es una zona bastante urbanizada con grandes hoteles con vistas a la cala. En resumen, recomendamos esta direcci\u00f3n s\u00f3lo si te enamora el entorno o ya est\u00e1s en la zona.<\/li>\n<li><a href=\"https:\/\/maps.app.goo.gl\/VV8pGnjmpCvJysF39\" rel=\"noopener\">Club de playa Gran Folies<\/a>: un divertido club de playa para comer algo y pasar la tarde.<\/li>\n<li><a href=\"https:\/\/maps.app.goo.gl\/cXctcQHXLbbi4gJB8\" rel=\"noopener\">Restaurante Es Guix<\/a>: un restaurante de cocina mallorquina situado en un magn\u00edfico entorno. No tuvimos ocasi\u00f3n de probarlo porque no estaba en nuestra ruta, pero muchos de vosotros nos lo recomendasteis.<\/li>\n<\/ul>\n<img decoding=\"async\" class=\"alignnone size-full wp-image-53847\" src=\"https:\/\/decouvrirensemble.com\/wp-content\/uploads\/2024\/05\/bonnes-adresses-majorque.jpg\" alt=\"bonnes adresses majorque\" width=\"1800\" height=\"1200\" srcset=\"https:\/\/decouvrirensemble.com\/wp-content\/uploads\/2024\/05\/bonnes-adresses-majorque.jpg 1800w, https:\/\/decouvrirensemble.com\/wp-content\/uploads\/2024\/05\/bonnes-adresses-majorque-300x200.jpg 300w, https:\/\/decouvrirensemble.com\/wp-content\/uploads\/2024\/05\/bonnes-adresses-majorque-1024x683.jpg 1024w, https:\/\/decouvrirensemble.com\/wp-content\/uploads\/2024\/05\/bonnes-adresses-majorque-768x512.jpg 768w, https:\/\/decouvrirensemble.com\/wp-content\/uploads\/2024\/05\/bonnes-adresses-majorque-1536x1024.jpg 1536w, https:\/\/decouvrirensemble.com\/wp-content\/uploads\/2024\/05\/bonnes-adresses-majorque-600x400.jpg 600w\" sizes=\"(max-width: 1800px) 100vw, 1800px\" \/>\n<h2 id=\"organiser\"><span class=\"ez-toc-section\" id=\"%C2%BFComo_se_planifica_un_viaje_a_Mallorca\"><\/span>\u00bfC\u00f3mo se planifica un viaje a Mallorca?<span class=\"ez-toc-section-end\"><\/span><\/h2>\n<h3><span class=\"ez-toc-section\" id=\"%C2%BFCuando_debo_ir_a_Mallorca\"><\/span>\u00bfCu\u00e1ndo debo ir a Mallorca?<span class=\"ez-toc-section-end\"><\/span><\/h3>\n<p>Dado que Mallorca es un destino tur\u00edstico muy popular, le aconsejamos que evite en la medida de lo posible el periodo estival. Si puede venir fuera de temporada, podr\u00e1 disfrutar de la isla en las mejores condiciones posibles. En nuestra opini\u00f3n, los mejores meses para venir a nadar a Mallorca son mayo, junio, septiembre y octubre.<\/p>\n<img decoding=\"async\" class=\"alignnone size-full wp-image-53934\" src=\"https:\/\/decouvrirensemble.com\/wp-content\/uploads\/2024\/05\/que-faire-majorque-blog-voyage-decouvrir-ensemble.jpg\" alt=\"majorque blog\" width=\"1800\" height=\"1200\" srcset=\"https:\/\/decouvrirensemble.com\/wp-content\/uploads\/2024\/05\/que-faire-majorque-blog-voyage-decouvrir-ensemble.jpg 1800w, https:\/\/decouvrirensemble.com\/wp-content\/uploads\/2024\/05\/que-faire-majorque-blog-voyage-decouvrir-ensemble-300x200.jpg 300w, https:\/\/decouvrirensemble.com\/wp-content\/uploads\/2024\/05\/que-faire-majorque-blog-voyage-decouvrir-ensemble-1024x683.jpg 1024w, https:\/\/decouvrirensemble.com\/wp-content\/uploads\/2024\/05\/que-faire-majorque-blog-voyage-decouvrir-ensemble-768x512.jpg 768w, https:\/\/decouvrirensemble.com\/wp-content\/uploads\/2024\/05\/que-faire-majorque-blog-voyage-decouvrir-ensemble-1536x1024.jpg 1536w, https:\/\/decouvrirensemble.com\/wp-content\/uploads\/2024\/05\/que-faire-majorque-blog-voyage-decouvrir-ensemble-600x400.jpg 600w\" sizes=\"(max-width: 1800px) 100vw, 1800px\" \/>\n<h3><span class=\"ez-toc-section\" id=\"%C2%BFComo_llegar_a_Mallorca\"><\/span>\u00bfC\u00f3mo llegar a Mallorca?<span class=\"ez-toc-section-end\"><\/span><\/h3>\n<p>Para encontrar el mejor medio de transporte que le lleve a su destino, le aconsejamos que consulte siempre el comparador OMIO. Te dar\u00e1 una visi\u00f3n general de todos los medios de transporte disponibles, para que puedas comparar precios muy f\u00e1cilmente.<\/p>\n    <div class=\"niceButton\"><a href=\"https:\/\/www.omio.es\/?cjdata=MXxZfDB8WXww&#038;utm_source=affiliate_CJ&#038;utm_medium=cpc&#038;utm_term=100603082_13394886&#038;cjevent=fd7e50b1182e11ef8190f67e0a18b8f6&#038;CID=1550979&#038;TYPE=426669&#038;utm_campaign=affiliate_PRSP_FR_WEB_S_General_CPO\" target=\"_blank\" class=\"emojiLink\">\n                    <span class=\"emojiLink__emoji\">\ud83d\ude80<\/span>\n                <span class=\"emojiLink__title title title--big\">M\u00e1s informaci\u00f3n<\/span>\n    <\/a><\/div>\n\n    \n<h3><span class=\"ez-toc-section\" id=\"Donde_alquilar_un_coche_al_mejor_precio_para_visitar_Mallorca\"><\/span>D\u00f3nde alquilar un coche al mejor precio para visitar Mallorca?<span class=\"ez-toc-section-end\"><\/span><\/h3>\n<p>Si quieres alquilar un coche durante tu viaje a las Islas Baleares, te recomendamos que eches un vistazo a la web de Discover Cars. Te ayudar\u00e1 a encontrar los mejores precios y condiciones para tu alquiler en Mallorca.<\/p>\n<p>Alquilamos nuestro coche para visitar Mallorca en Centauro. Ya los hab\u00edamos utilizado para nuestro viaje a Ibiza y quedamos muy satisfechos.<\/p>\n<p>Nuestra experiencia en Mallorca tambi\u00e9n fue muy buena, la empresa de alquiler se encuentra a 5 minutos en lanzadera gratuita del aeropuerto y los coches son todos pr\u00e1cticamente nuevos. Un punto a favor de Centauro es que aceptan tarjetas de d\u00e9bito sin problemas.<\/p>\n    <div class=\"niceButton\"><a href=\"https:\/\/www.discovercars.com\/es\/spain-balearic-islands\/menorca\/?a_aid=DecouvrirEnsemble\" target=\"_blank\" class=\"emojiLink\">\n                    <span class=\"emojiLink__emoji\">\ud83d\ude97<\/span>\n                <span class=\"emojiLink__title title title--big\">M\u00e1s informaci\u00f3n<\/span>\n    <\/a><\/div>\n\n    \n<img decoding=\"async\" class=\"alignnone size-full wp-image-16403\" src=\"https:\/\/decouvrirensemble.com\/wp-content\/uploads\/2022\/03\/Loueur_voiture_Ibiza_centauro.jpg\" alt=\"\" width=\"1800\" height=\"1200\" srcset=\"https:\/\/decouvrirensemble.com\/wp-content\/uploads\/2022\/03\/Loueur_voiture_Ibiza_centauro.jpg 1800w, https:\/\/decouvrirensemble.com\/wp-content\/uploads\/2022\/03\/Loueur_voiture_Ibiza_centauro-300x200.jpg 300w, https:\/\/decouvrirensemble.com\/wp-content\/uploads\/2022\/03\/Loueur_voiture_Ibiza_centauro-1024x683.jpg 1024w, https:\/\/decouvrirensemble.com\/wp-content\/uploads\/2022\/03\/Loueur_voiture_Ibiza_centauro-768x512.jpg 768w, https:\/\/decouvrirensemble.com\/wp-content\/uploads\/2022\/03\/Loueur_voiture_Ibiza_centauro-1536x1024.jpg 1536w\" sizes=\"(max-width: 1800px) 100vw, 1800px\" \/>\n<h3><span class=\"ez-toc-section\" id=\"Como_encuentro_los_mejores_hoteles_para_visitar_Mallorca\"><\/span>C\u00f3mo encuentro los mejores hoteles para visitar Mallorca?<span class=\"ez-toc-section-end\"><\/span><\/h3>\n<p>Para encontrar los mejores hoteles en Mallorca y beneficiarte de las mejores condiciones (seguridad, cancelaciones, etc.), utilizamos Booking.com casi exclusivamente para nuestros viajes.<\/p>\n<p>Te recomendamos que eches un vistazo a los hoteles disponibles antes de salir. Puedes filtrarlos seg\u00fan sus valoraciones. Hay un mont\u00f3n de opiniones recientes de clientes, \u00a1para que no te lleves sorpresas desagradables cuando viajes!<\/p>\n    <div class=\"niceButton\"><a href=\"https:\/\/www.booking.com\/index.html?aid=1286053\" target=\"_blank\" class=\"emojiLink\">\n                    <span class=\"emojiLink__emoji\">\ud83d\ude34<\/span>\n                <span class=\"emojiLink__title title title--big\">M\u00e1s informaci\u00f3n<\/span>\n    <\/a><\/div>\n\n    \n<h3><span class=\"ez-toc-section\" id=\"Como_encontrar_ideas_de_cosas_que_hacer_en_tus_vacaciones_en_Mallorca\"><\/span>C\u00f3mo encontrar ideas de cosas que hacer en tus vacaciones en Mallorca?<span class=\"ez-toc-section-end\"><\/span><\/h3>\n<p>Si busca ideas para hacer durante sus vacaciones y quiere reservar con antelaci\u00f3n, le aconsejamos que eche un vistazo al sitio web GetYourGuide. Te dar\u00e1 una visi\u00f3n general de las actividades que se ofrecen en tu destino, para que no tengas que esperar a llegar all\u00ed para reservar tus plazas.<\/p>\n    <div class=\"niceButton\"><a href=\"https:\/\/www.getyourguide.es\/?partner_id=QTAK8D9&#038;utm_medium=online_publisher&#038;placement=%22other%22&#038;recommended_activities=451657%2C104426%2C112329&#038;deeplink_id=b03494c8-c114-51b7-99d4-0bd77613ad97&#038;page_id=fb0ebe45-ee96-548c-b25c-485267fe90ad\" target=\"_blank\" class=\"emojiLink\">\n                    <span class=\"emojiLink__emoji\">\ud83e\udd73<\/span>\n                <span class=\"emojiLink__title title title--big\">M\u00e1s informaci\u00f3n<\/span>\n    <\/a><\/div>\n\n    \n<h3><span class=\"ez-toc-section\" id=\"%C2%BFCuanto_cuesta_una_semana_en_Mallorca\"><\/span>\u00bfCu\u00e1nto cuesta una semana en Mallorca?<span class=\"ez-toc-section-end\"><\/span><\/h3>\n<p>Durante nuestra semana en Mallorca en mayo de 2024, gastamos: 350 \u20ac en 2 billetes de avi\u00f3n de ida y vuelta con Transavia, 300 \u20ac en un coche con Centauro (gasolina incluida), 1.000 \u20ac en hoteles y 100 \u20ac al d\u00eda en comidas y actividades. Todos estos gastos sumaron un total de 2.350 euros para dos personas durante una semana.<\/p>\n<img decoding=\"async\" class=\"alignnone size-full wp-image-53998\" src=\"https:\/\/decouvrirensemble.com\/wp-content\/uploads\/2024\/05\/majorque-en-une-semaine-blog-de-voyage.jpg\" alt=\"majorque une semaine\" width=\"1800\" height=\"1200\" srcset=\"https:\/\/decouvrirensemble.com\/wp-content\/uploads\/2024\/05\/majorque-en-une-semaine-blog-de-voyage.jpg 1800w, https:\/\/decouvrirensemble.com\/wp-content\/uploads\/2024\/05\/majorque-en-une-semaine-blog-de-voyage-300x200.jpg 300w, https:\/\/decouvrirensemble.com\/wp-content\/uploads\/2024\/05\/majorque-en-une-semaine-blog-de-voyage-1024x683.jpg 1024w, https:\/\/decouvrirensemble.com\/wp-content\/uploads\/2024\/05\/majorque-en-une-semaine-blog-de-voyage-768x512.jpg 768w, https:\/\/decouvrirensemble.com\/wp-content\/uploads\/2024\/05\/majorque-en-une-semaine-blog-de-voyage-1536x1024.jpg 1536w, https:\/\/decouvrirensemble.com\/wp-content\/uploads\/2024\/05\/majorque-en-une-semaine-blog-de-voyage-600x400.jpg 600w\" sizes=\"(max-width: 1800px) 100vw, 1800px\" \/>\n<h2><span class=\"ez-toc-section\" id=\"Nuestras_impresiones_sobre_nuestro_viaje_a_Marjorque\"><\/span>Nuestras impresiones sobre nuestro viaje a Marjorque<span class=\"ez-toc-section-end\"><\/span><\/h2>\n<p>Este es el final de nuestra entrada en el blog sobre Mallorca, y como probablemente se puede imaginar, nos encant\u00f3 este destino. Despu\u00e9s de descubrir <a href=\"https:\/\/decouvrirensemble.com\/es\/que-ver-en-ibiza\" rel=\"noopener\">Ibiza<\/a>, <a href=\"https:\/\/decouvrirensemble.com\/es\/que-ver-en-formentera-en-un-dia\" rel=\"noopener\">Formentera<\/a> y <a href=\"https:\/\/decouvrirensemble.com\/es\/que-ver-en-menorca\" rel=\"noopener\">Menorca<\/a> en a\u00f1os anteriores, era una elecci\u00f3n obvia para nosotros venir a descubrir la mayor de las islas Baleares. Ahora que hemos recorrido todo el archipi\u00e9lago, podemos decir que cada una de las islas tiene su propio car\u00e1cter.<\/p>\n<p>Nos ha encantado cada uno de nuestros viajes, por lo que nos va a resultar dif\u00edcil hacer una clasificaci\u00f3n. Mallorca destaca por ser la isla m\u00e1s grande y por sus impresionantes paisajes de monta\u00f1a. Si est\u00e1s dudando entre las 4 islas para tu pr\u00f3ximo viaje a Espa\u00f1a, te recomendamos nuestro art\u00edculo sobre las Islas Baleares. Si te ha gustado este art\u00edculo, \u00a1no dudes en dejarnos un comentario o enviarnos un mensaje en Instagram! Que pas\u00e9is unas buenas vacaciones en Mallorca. \ud83e\udd70<\/p>\n<p>[baleares]<\/p>\n<div id=\"attachment_53910\" style=\"width: 1810px\" class=\"wp-caption alignnone\"><img decoding=\"async\" aria-describedby=\"caption-attachment-53910\" class=\"wp-image-53910 size-full\" src=\"https:\/\/decouvrirensemble.com\/wp-content\/uploads\/2024\/05\/majorque-baleares-blog-voyage.jpg\" alt=\"majorque baleares\" width=\"1800\" height=\"1200\" srcset=\"https:\/\/decouvrirensemble.com\/wp-content\/uploads\/2024\/05\/majorque-baleares-blog-voyage.jpg 1800w, https:\/\/decouvrirensemble.com\/wp-content\/uploads\/2024\/05\/majorque-baleares-blog-voyage-300x200.jpg 300w, https:\/\/decouvrirensemble.com\/wp-content\/uploads\/2024\/05\/majorque-baleares-blog-voyage-1024x683.jpg 1024w, https:\/\/decouvrirensemble.com\/wp-content\/uploads\/2024\/05\/majorque-baleares-blog-voyage-768x512.jpg 768w, https:\/\/decouvrirensemble.com\/wp-content\/uploads\/2024\/05\/majorque-baleares-blog-voyage-1536x1024.jpg 1536w, https:\/\/decouvrirensemble.com\/wp-content\/uploads\/2024\/05\/majorque-baleares-blog-voyage-600x400.jpg 600w\" sizes=\"(max-width: 1800px) 100vw, 1800px\" \/><p id=\"caption-attachment-53910\" class=\"wp-caption-text\">Nuestras mejores direcciones en Mallorca &#8211; Blog voyage D\u00e9couvrir Ensemble<\/p><\/div>\n<p>[gracias]<\/p>\n\n\n<div class=\"kk-star-ratings kksr-auto kksr-align-left kksr-valign-bottom\"\n    data-payload='{&quot;align&quot;:&quot;left&quot;,&quot;id&quot;:&quot;54052&quot;,&quot;slug&quot;:&quot;default&quot;,&quot;valign&quot;:&quot;bottom&quot;,&quot;ignore&quot;:&quot;&quot;,&quot;reference&quot;:&quot;auto&quot;,&quot;class&quot;:&quot;&quot;,&quot;count&quot;:&quot;0&quot;,&quot;legendonly&quot;:&quot;&quot;,&quot;readonly&quot;:&quot;&quot;,&quot;score&quot;:&quot;0&quot;,&quot;starsonly&quot;:&quot;&quot;,&quot;best&quot;:&quot;5&quot;,&quot;gap&quot;:&quot;4&quot;,&quot;greet&quot;:&quot;Sea el primero en valorar esta entrada de blog.&quot;,&quot;legend&quot;:&quot;0\\\/5 - (0 votos)&quot;,&quot;size&quot;:&quot;21&quot;,&quot;title&quot;:&quot;\u00bfQu\u00e9 ver en Mallorca? Los lugares m\u00e1s bonitos&quot;,&quot;width&quot;:&quot;0&quot;,&quot;_legend&quot;:&quot;{score}\\\/{best} - ({count} {votes})&quot;,&quot;font_factor&quot;:&quot;1.25&quot;}'>\n            \n<div class=\"kksr-stars\">\n    \n<div class=\"kksr-stars-inactive\">\n            <div class=\"kksr-star\" data-star=\"1\" style=\"padding-right: 4px\">\n            \n\n<div class=\"kksr-icon\" style=\"width: 21px; height: 21px;\"><\/div>\n        <\/div>\n            <div class=\"kksr-star\" data-star=\"2\" style=\"padding-right: 4px\">\n            \n\n<div class=\"kksr-icon\" style=\"width: 21px; height: 21px;\"><\/div>\n        <\/div>\n            <div class=\"kksr-star\" data-star=\"3\" style=\"padding-right: 4px\">\n            \n\n<div class=\"kksr-icon\" style=\"width: 21px; height: 21px;\"><\/div>\n        <\/div>\n            <div class=\"kksr-star\" data-star=\"4\" style=\"padding-right: 4px\">\n            \n\n<div class=\"kksr-icon\" style=\"width: 21px; height: 21px;\"><\/div>\n        <\/div>\n            <div class=\"kksr-star\" data-star=\"5\" style=\"padding-right: 4px\">\n            \n\n<div class=\"kksr-icon\" style=\"width: 21px; height: 21px;\"><\/div>\n        <\/div>\n    <\/div>\n    \n<div class=\"kksr-stars-active\" style=\"width: 0px;\">\n            <div class=\"kksr-star\" style=\"padding-right: 4px\">\n            \n\n<div class=\"kksr-icon\" style=\"width: 21px; height: 21px;\"><\/div>\n        <\/div>\n            <div class=\"kksr-star\" style=\"padding-right: 4px\">\n            \n\n<div class=\"kksr-icon\" style=\"width: 21px; height: 21px;\"><\/div>\n        <\/div>\n            <div class=\"kksr-star\" style=\"padding-right: 4px\">\n            \n\n<div class=\"kksr-icon\" style=\"width: 21px; height: 21px;\"><\/div>\n        <\/div>\n            <div class=\"kksr-star\" style=\"padding-right: 4px\">\n            \n\n<div class=\"kksr-icon\" style=\"width: 21px; height: 21px;\"><\/div>\n        <\/div>\n            <div class=\"kksr-star\" style=\"padding-right: 4px\">\n            \n\n<div class=\"kksr-icon\" style=\"width: 21px; height: 21px;\"><\/div>\n        <\/div>\n    <\/div>\n<\/div>\n                \n\n<div class=\"kksr-legend\" style=\"font-size: 16.8px;\">\n            <span class=\"kksr-muted\">Sea el primero en valorar esta entrada de blog.<\/span>\n    <\/div>\n    <\/div>\n","protected":false},"excerpt":{"rendered":"<p>\u00bfSe acercan tus vacaciones y te gustar\u00eda visitar Mallorca, en las Islas Baleares? \u00a1Descubre nuestra gu\u00eda completa en nuestro blog de viajes!<\/p>\n","protected":false},"author":1,"featured_media":64857,"comment_status":"open","ping_status":"closed","sticky":false,"template":"","format":"standard","meta":{"_acf_changed":false,"_lmt_disableupdate":"no","_lmt_disable":"no","footnotes":""},"categories":[461,462],"tags":[],"class_list":["post-54052","post","type-post","status-publish","format-standard","has-post-thumbnail","hentry","category-espana","category-guias-de-viajes"],"acf":[],"yoast_head":"<!-- This site is optimized with the Yoast SEO plugin v27.4 - https:\/\/yoast.com\/product\/yoast-seo-wordpress\/ -->\n<title>\u00bfQu\u00e9 ver en Mallorca? Los lugares m\u00e1s bonitos - Blog de viajes<\/title>\n<meta name=\"description\" content=\"Descubra qu\u00e9 ver en Mallorca en nuestro blog de viajes. \u00a1En esta gu\u00eda, compartimos contigo nuestras mejores direcciones para una semana!\" \/>\n<meta name=\"robots\" content=\"index, follow, max-snippet:-1, max-image-preview:large, max-video-preview:-1\" \/>\n<link rel=\"canonical\" href=\"https:\/\/decouvrirensemble.com\/es\/que-ver-en-mallorca\" \/>\n<meta property=\"og:locale\" content=\"es_ES\" \/>\n<meta property=\"og:type\" content=\"article\" \/>\n<meta property=\"og:title\" content=\"\u00bfQu\u00e9 ver en Mallorca? Los lugares m\u00e1s bonitos - Blog de viajes\" \/>\n<meta property=\"og:description\" content=\"Descubra qu\u00e9 ver en Mallorca en nuestro blog de viajes. \u00a1En esta gu\u00eda, compartimos contigo nuestras mejores direcciones para una semana!\" \/>\n<meta property=\"og:url\" content=\"https:\/\/decouvrirensemble.com\/es\/que-ver-en-mallorca\" \/>\n<meta property=\"og:site_name\" content=\"Blog Voyage - D\u00e9couvrir Ensemble\" \/>\n<meta property=\"article:published_time\" content=\"2024-05-22T10:43:23+00:00\" \/>\n<meta property=\"article:modified_time\" content=\"2026-01-06T14:19:07+00:00\" \/>\n<meta property=\"og:image\" content=\"https:\/\/decouvrirensemble.com\/wp-content\/uploads\/2024\/05\/que-faire-majorque-blog-voyage.jpg\" \/>\n\t<meta property=\"og:image:width\" content=\"1800\" \/>\n\t<meta property=\"og:image:height\" content=\"1200\" \/>\n\t<meta property=\"og:image:type\" content=\"image\/jpeg\" \/>\n<meta name=\"author\" content=\"Cl\u00e9mence &amp; Alexandre\" \/>\n<meta name=\"twitter:card\" content=\"summary_large_image\" \/>\n<meta name=\"twitter:creator\" content=\"@dcouvrirensmble\" \/>\n<meta name=\"twitter:site\" content=\"@dcouvrirensmble\" \/>\n<meta name=\"twitter:label1\" content=\"Escrito por\" \/>\n\t<meta name=\"twitter:data1\" content=\"Cl\u00e9mence &amp; Alexandre\" \/>\n\t<meta name=\"twitter:label2\" content=\"Tiempo de lectura\" \/>\n\t<meta name=\"twitter:data2\" content=\"26 minutos\" \/>\n<script type=\"application\/ld+json\" class=\"yoast-schema-graph\">{\"@context\":\"https:\\\/\\\/schema.org\",\"@graph\":[{\"@type\":\"Article\",\"@id\":\"https:\\\/\\\/decouvrirensemble.com\\\/es\\\/que-ver-en-mallorca#article\",\"isPartOf\":{\"@id\":\"https:\\\/\\\/decouvrirensemble.com\\\/es\\\/que-ver-en-mallorca\"},\"author\":{\"name\":\"Cl\u00e9mence &amp; Alexandre\",\"@id\":\"https:\\\/\\\/decouvrirensemble.com\\\/es#\\\/schema\\\/person\\\/a53efd44d02eb7f9ab90f96e84a9d2ba\"},\"headline\":\"\u00bfQu\u00e9 ver en Mallorca? Los lugares m\u00e1s bonitos\",\"datePublished\":\"2024-05-22T10:43:23+00:00\",\"dateModified\":\"2026-01-06T14:19:07+00:00\",\"mainEntityOfPage\":{\"@id\":\"https:\\\/\\\/decouvrirensemble.com\\\/es\\\/que-ver-en-mallorca\"},\"wordCount\":3598,\"commentCount\":0,\"publisher\":{\"@id\":\"https:\\\/\\\/decouvrirensemble.com\\\/es#\\\/schema\\\/person\\\/a53efd44d02eb7f9ab90f96e84a9d2ba\"},\"image\":{\"@id\":\"https:\\\/\\\/decouvrirensemble.com\\\/es\\\/que-ver-en-mallorca#primaryimage\"},\"thumbnailUrl\":\"https:\\\/\\\/decouvrirensemble.com\\\/wp-content\\\/uploads\\\/2024\\\/05\\\/que-faire-majorque-blog.avif\",\"articleSection\":[\"Espa\u00f1a\",\"Gu\u00edas de viajes\"],\"inLanguage\":\"es\",\"potentialAction\":[{\"@type\":\"CommentAction\",\"name\":\"Comment\",\"target\":[\"https:\\\/\\\/decouvrirensemble.com\\\/es\\\/que-ver-en-mallorca#respond\"]}]},{\"@type\":\"WebPage\",\"@id\":\"https:\\\/\\\/decouvrirensemble.com\\\/es\\\/que-ver-en-mallorca\",\"url\":\"https:\\\/\\\/decouvrirensemble.com\\\/es\\\/que-ver-en-mallorca\",\"name\":\"\u00bfQu\u00e9 ver en Mallorca? Los lugares m\u00e1s bonitos - Blog de viajes\",\"isPartOf\":{\"@id\":\"https:\\\/\\\/decouvrirensemble.com\\\/es#website\"},\"primaryImageOfPage\":{\"@id\":\"https:\\\/\\\/decouvrirensemble.com\\\/es\\\/que-ver-en-mallorca#primaryimage\"},\"image\":{\"@id\":\"https:\\\/\\\/decouvrirensemble.com\\\/es\\\/que-ver-en-mallorca#primaryimage\"},\"thumbnailUrl\":\"https:\\\/\\\/decouvrirensemble.com\\\/wp-content\\\/uploads\\\/2024\\\/05\\\/que-faire-majorque-blog.avif\",\"datePublished\":\"2024-05-22T10:43:23+00:00\",\"dateModified\":\"2026-01-06T14:19:07+00:00\",\"description\":\"Descubra qu\u00e9 ver en Mallorca en nuestro blog de viajes. \u00a1En esta gu\u00eda, compartimos contigo nuestras mejores direcciones para una semana!\",\"breadcrumb\":{\"@id\":\"https:\\\/\\\/decouvrirensemble.com\\\/es\\\/que-ver-en-mallorca#breadcrumb\"},\"inLanguage\":\"es\",\"potentialAction\":[{\"@type\":\"ReadAction\",\"target\":[\"https:\\\/\\\/decouvrirensemble.com\\\/es\\\/que-ver-en-mallorca\"]}]},{\"@type\":\"ImageObject\",\"inLanguage\":\"es\",\"@id\":\"https:\\\/\\\/decouvrirensemble.com\\\/es\\\/que-ver-en-mallorca#primaryimage\",\"url\":\"https:\\\/\\\/decouvrirensemble.com\\\/wp-content\\\/uploads\\\/2024\\\/05\\\/que-faire-majorque-blog.avif\",\"contentUrl\":\"https:\\\/\\\/decouvrirensemble.com\\\/wp-content\\\/uploads\\\/2024\\\/05\\\/que-faire-majorque-blog.avif\",\"width\":1800,\"height\":1200,\"caption\":\"Majorque blog\"},{\"@type\":\"BreadcrumbList\",\"@id\":\"https:\\\/\\\/decouvrirensemble.com\\\/es\\\/que-ver-en-mallorca#breadcrumb\",\"itemListElement\":[{\"@type\":\"ListItem\",\"position\":1,\"name\":\"Accueil\",\"item\":\"https:\\\/\\\/decouvrirensemble.com\\\/es\"},{\"@type\":\"ListItem\",\"position\":2,\"name\":\"Gu\u00edas de viajes\",\"item\":\"https:\\\/\\\/decouvrirensemble.com\\\/es\\\/guias-de-viajes\"},{\"@type\":\"ListItem\",\"position\":3,\"name\":\"\u00bfQu\u00e9 ver en Mallorca? Los lugares m\u00e1s bonitos\"}]},{\"@type\":\"WebSite\",\"@id\":\"https:\\\/\\\/decouvrirensemble.com\\\/es#website\",\"url\":\"https:\\\/\\\/decouvrirensemble.com\\\/es\",\"name\":\"Blog Voyage - D\u00e9couvrir Ensemble\",\"description\":\"Le Blog Voyage de Clem et Alex\",\"publisher\":{\"@id\":\"https:\\\/\\\/decouvrirensemble.com\\\/es#\\\/schema\\\/person\\\/a53efd44d02eb7f9ab90f96e84a9d2ba\"},\"potentialAction\":[{\"@type\":\"SearchAction\",\"target\":{\"@type\":\"EntryPoint\",\"urlTemplate\":\"https:\\\/\\\/decouvrirensemble.com\\\/es?s={search_term_string}\"},\"query-input\":{\"@type\":\"PropertyValueSpecification\",\"valueRequired\":true,\"valueName\":\"search_term_string\"}}],\"inLanguage\":\"es\"},{\"@type\":[\"Person\",\"Organization\"],\"@id\":\"https:\\\/\\\/decouvrirensemble.com\\\/es#\\\/schema\\\/person\\\/a53efd44d02eb7f9ab90f96e84a9d2ba\",\"name\":\"Cl\u00e9mence &amp; Alexandre\",\"image\":{\"@type\":\"ImageObject\",\"inLanguage\":\"es\",\"@id\":\"https:\\\/\\\/decouvrirensemble.com\\\/wp-content\\\/uploads\\\/2024\\\/04\\\/logo-decouvrir-ensemble-blog-voyage.jpg\",\"url\":\"https:\\\/\\\/decouvrirensemble.com\\\/wp-content\\\/uploads\\\/2024\\\/04\\\/logo-decouvrir-ensemble-blog-voyage.jpg\",\"contentUrl\":\"https:\\\/\\\/decouvrirensemble.com\\\/wp-content\\\/uploads\\\/2024\\\/04\\\/logo-decouvrir-ensemble-blog-voyage.jpg\",\"width\":1563,\"height\":529,\"caption\":\"Cl\u00e9mence &amp; Alexandre\"},\"logo\":{\"@id\":\"https:\\\/\\\/decouvrirensemble.com\\\/wp-content\\\/uploads\\\/2024\\\/04\\\/logo-decouvrir-ensemble-blog-voyage.jpg\"},\"sameAs\":[\"https:\\\/\\\/decouvrirensemble.com\\\/\"]}]}<\/script>\n<!-- \/ Yoast SEO plugin. -->","yoast_head_json":{"title":"\u00bfQu\u00e9 ver en Mallorca? Los lugares m\u00e1s bonitos - Blog de viajes","description":"Descubra qu\u00e9 ver en Mallorca en nuestro blog de viajes. \u00a1En esta gu\u00eda, compartimos contigo nuestras mejores direcciones para una semana!","robots":{"index":"index","follow":"follow","max-snippet":"max-snippet:-1","max-image-preview":"max-image-preview:large","max-video-preview":"max-video-preview:-1"},"canonical":"https:\/\/decouvrirensemble.com\/es\/que-ver-en-mallorca","og_locale":"es_ES","og_type":"article","og_title":"\u00bfQu\u00e9 ver en Mallorca? Los lugares m\u00e1s bonitos - Blog de viajes","og_description":"Descubra qu\u00e9 ver en Mallorca en nuestro blog de viajes. \u00a1En esta gu\u00eda, compartimos contigo nuestras mejores direcciones para una semana!","og_url":"https:\/\/decouvrirensemble.com\/es\/que-ver-en-mallorca","og_site_name":"Blog Voyage - D\u00e9couvrir Ensemble","article_published_time":"2024-05-22T10:43:23+00:00","article_modified_time":"2026-01-06T14:19:07+00:00","og_image":[{"width":1800,"height":1200,"url":"https:\/\/decouvrirensemble.com\/wp-content\/uploads\/2024\/05\/que-faire-majorque-blog-voyage.jpg","type":"image\/jpeg"}],"author":"Cl\u00e9mence &amp; Alexandre","twitter_card":"summary_large_image","twitter_creator":"@dcouvrirensmble","twitter_site":"@dcouvrirensmble","twitter_misc":{"Escrito por":"Cl\u00e9mence &amp; Alexandre","Tiempo de lectura":"26 minutos"},"schema":{"@context":"https:\/\/schema.org","@graph":[{"@type":"Article","@id":"https:\/\/decouvrirensemble.com\/es\/que-ver-en-mallorca#article","isPartOf":{"@id":"https:\/\/decouvrirensemble.com\/es\/que-ver-en-mallorca"},"author":{"name":"Cl\u00e9mence &amp; Alexandre","@id":"https:\/\/decouvrirensemble.com\/es#\/schema\/person\/a53efd44d02eb7f9ab90f96e84a9d2ba"},"headline":"\u00bfQu\u00e9 ver en Mallorca? Los lugares m\u00e1s bonitos","datePublished":"2024-05-22T10:43:23+00:00","dateModified":"2026-01-06T14:19:07+00:00","mainEntityOfPage":{"@id":"https:\/\/decouvrirensemble.com\/es\/que-ver-en-mallorca"},"wordCount":3598,"commentCount":0,"publisher":{"@id":"https:\/\/decouvrirensemble.com\/es#\/schema\/person\/a53efd44d02eb7f9ab90f96e84a9d2ba"},"image":{"@id":"https:\/\/decouvrirensemble.com\/es\/que-ver-en-mallorca#primaryimage"},"thumbnailUrl":"https:\/\/decouvrirensemble.com\/wp-content\/uploads\/2024\/05\/que-faire-majorque-blog.avif","articleSection":["Espa\u00f1a","Gu\u00edas de viajes"],"inLanguage":"es","potentialAction":[{"@type":"CommentAction","name":"Comment","target":["https:\/\/decouvrirensemble.com\/es\/que-ver-en-mallorca#respond"]}]},{"@type":"WebPage","@id":"https:\/\/decouvrirensemble.com\/es\/que-ver-en-mallorca","url":"https:\/\/decouvrirensemble.com\/es\/que-ver-en-mallorca","name":"\u00bfQu\u00e9 ver en Mallorca? Los lugares m\u00e1s bonitos - Blog de viajes","isPartOf":{"@id":"https:\/\/decouvrirensemble.com\/es#website"},"primaryImageOfPage":{"@id":"https:\/\/decouvrirensemble.com\/es\/que-ver-en-mallorca#primaryimage"},"image":{"@id":"https:\/\/decouvrirensemble.com\/es\/que-ver-en-mallorca#primaryimage"},"thumbnailUrl":"https:\/\/decouvrirensemble.com\/wp-content\/uploads\/2024\/05\/que-faire-majorque-blog.avif","datePublished":"2024-05-22T10:43:23+00:00","dateModified":"2026-01-06T14:19:07+00:00","description":"Descubra qu\u00e9 ver en Mallorca en nuestro blog de viajes. \u00a1En esta gu\u00eda, compartimos contigo nuestras mejores direcciones para una semana!","breadcrumb":{"@id":"https:\/\/decouvrirensemble.com\/es\/que-ver-en-mallorca#breadcrumb"},"inLanguage":"es","potentialAction":[{"@type":"ReadAction","target":["https:\/\/decouvrirensemble.com\/es\/que-ver-en-mallorca"]}]},{"@type":"ImageObject","inLanguage":"es","@id":"https:\/\/decouvrirensemble.com\/es\/que-ver-en-mallorca#primaryimage","url":"https:\/\/decouvrirensemble.com\/wp-content\/uploads\/2024\/05\/que-faire-majorque-blog.avif","contentUrl":"https:\/\/decouvrirensemble.com\/wp-content\/uploads\/2024\/05\/que-faire-majorque-blog.avif","width":1800,"height":1200,"caption":"Majorque blog"},{"@type":"BreadcrumbList","@id":"https:\/\/decouvrirensemble.com\/es\/que-ver-en-mallorca#breadcrumb","itemListElement":[{"@type":"ListItem","position":1,"name":"Accueil","item":"https:\/\/decouvrirensemble.com\/es"},{"@type":"ListItem","position":2,"name":"Gu\u00edas de viajes","item":"https:\/\/decouvrirensemble.com\/es\/guias-de-viajes"},{"@type":"ListItem","position":3,"name":"\u00bfQu\u00e9 ver en Mallorca? Los lugares m\u00e1s bonitos"}]},{"@type":"WebSite","@id":"https:\/\/decouvrirensemble.com\/es#website","url":"https:\/\/decouvrirensemble.com\/es","name":"Blog Voyage - D\u00e9couvrir Ensemble","description":"Le Blog Voyage de Clem et Alex","publisher":{"@id":"https:\/\/decouvrirensemble.com\/es#\/schema\/person\/a53efd44d02eb7f9ab90f96e84a9d2ba"},"potentialAction":[{"@type":"SearchAction","target":{"@type":"EntryPoint","urlTemplate":"https:\/\/decouvrirensemble.com\/es?s={search_term_string}"},"query-input":{"@type":"PropertyValueSpecification","valueRequired":true,"valueName":"search_term_string"}}],"inLanguage":"es"},{"@type":["Person","Organization"],"@id":"https:\/\/decouvrirensemble.com\/es#\/schema\/person\/a53efd44d02eb7f9ab90f96e84a9d2ba","name":"Cl\u00e9mence &amp; Alexandre","image":{"@type":"ImageObject","inLanguage":"es","@id":"https:\/\/decouvrirensemble.com\/wp-content\/uploads\/2024\/04\/logo-decouvrir-ensemble-blog-voyage.jpg","url":"https:\/\/decouvrirensemble.com\/wp-content\/uploads\/2024\/04\/logo-decouvrir-ensemble-blog-voyage.jpg","contentUrl":"https:\/\/decouvrirensemble.com\/wp-content\/uploads\/2024\/04\/logo-decouvrir-ensemble-blog-voyage.jpg","width":1563,"height":529,"caption":"Cl\u00e9mence &amp; Alexandre"},"logo":{"@id":"https:\/\/decouvrirensemble.com\/wp-content\/uploads\/2024\/04\/logo-decouvrir-ensemble-blog-voyage.jpg"},"sameAs":["https:\/\/decouvrirensemble.com\/"]}]}},"modified_by":"Cl\u00e9mence &amp; Alexandre","_links":{"self":[{"href":"https:\/\/decouvrirensemble.com\/es\/wp-json\/wp\/v2\/posts\/54052","targetHints":{"allow":["GET"]}}],"collection":[{"href":"https:\/\/decouvrirensemble.com\/es\/wp-json\/wp\/v2\/posts"}],"about":[{"href":"https:\/\/decouvrirensemble.com\/es\/wp-json\/wp\/v2\/types\/post"}],"author":[{"embeddable":true,"href":"https:\/\/decouvrirensemble.com\/es\/wp-json\/wp\/v2\/users\/1"}],"replies":[{"embeddable":true,"href":"https:\/\/decouvrirensemble.com\/es\/wp-json\/wp\/v2\/comments?post=54052"}],"version-history":[{"count":1,"href":"https:\/\/decouvrirensemble.com\/es\/wp-json\/wp\/v2\/posts\/54052\/revisions"}],"predecessor-version":[{"id":63511,"href":"https:\/\/decouvrirensemble.com\/es\/wp-json\/wp\/v2\/posts\/54052\/revisions\/63511"}],"wp:featuredmedia":[{"embeddable":true,"href":"https:\/\/decouvrirensemble.com\/es\/wp-json\/wp\/v2\/media\/64857"}],"wp:attachment":[{"href":"https:\/\/decouvrirensemble.com\/es\/wp-json\/wp\/v2\/media?parent=54052"}],"wp:term":[{"taxonomy":"category","embeddable":true,"href":"https:\/\/decouvrirensemble.com\/es\/wp-json\/wp\/v2\/categories?post=54052"},{"taxonomy":"post_tag","embeddable":true,"href":"https:\/\/decouvrirensemble.com\/es\/wp-json\/wp\/v2\/tags?post=54052"}],"curies":[{"name":"wp","href":"https:\/\/api.w.org\/{rel}","templated":true}]}}