{"id":54099,"date":"2023-04-29T11:12:51","date_gmt":"2023-04-29T09:12:51","guid":{"rendered":"https:\/\/decouvrirensemble.com\/visiter-madrid-en-3-jours"},"modified":"2026-01-06T15:40:24","modified_gmt":"2026-01-06T14:40:24","slug":"madrid-en-3-dias","status":"publish","type":"post","link":"https:\/\/decouvrirensemble.com\/es\/madrid-en-3-dias","title":{"rendered":"Madrid en 3 d\u00edas, los lugares imprescindibles"},"content":{"rendered":"<p>\u00bfQuiere <strong>visitar Madrid en 3 d\u00edas<\/strong> o m\u00e1s y est\u00e1 buscando los lugares imprescindibles de la ciudad? Echa un vistazo a este art\u00edculo de <strong>nuestro blog de viajes<\/strong>, que incluye nuestros mejores consejos y recomendaciones para que tu visita a Madrid sea un \u00e9xito. Cl\u00e9mence vivi\u00f3 all\u00ed de ni\u00f1a y nosotros la redescubrimos con unos amigos en abril. El tiempo fue perfecto y pudimos probar varios restaurantes, que compartiremos con ustedes en este art\u00edculo.<\/p>\n<p>Incluso aprovechamos nuestro <a href=\"https:\/\/decouvrirensemble.com\/es\/destinos\/espana\" rel=\"noopener\">viaje a Espa\u00f1a<\/a> para hacer algunas fotos de pel\u00edcula. Si te interesa, encontrar\u00e1s una selecci\u00f3n de fotos al final de este art\u00edculo. As\u00ed que si buscas <strong>qu\u00e9 ver en Madrid<\/strong>, sigue nuestra completa gu\u00eda, \u00a1vamos!<\/p>\n<h2 id=\"ver\"><span class=\"ez-toc-section\" id=\"%C2%BFQue_ver_en_Madrid_Los_mejores_lugares\"><\/span>\u00bfQu\u00e9 ver en Madrid? Los mejores lugares<span class=\"ez-toc-section-end\"><\/span><\/h2>\n<h3><span class=\"ez-toc-section\" id=\"1_Gran_Via\"><\/span>1. Gran V\u00eda<span class=\"ez-toc-section-end\"><\/span><\/h3>\n<p>Es la <a href=\"https:\/\/maps.app.goo.gl\/GdvMDi8JCPZWpTqs9\" rel=\"noopener\">avenida principal<\/a> y m\u00e1s famosa de Madrid. As\u00ed que es imposible perd\u00e9rsela si vienes a <strong>visitar Madrid en 3 d\u00edas<\/strong>. As\u00ed que le sugerimos que comience aqu\u00ed su recorrido por la ciudad.<\/p>\n<p>Podr\u00e1s sumergirte en el ambiente de la ciudad y admirar la arquitectura madrile\u00f1a mientras paseas. Tambi\u00e9n encontrar\u00e1s el famoso Edificio Carri\u00f3n con su r\u00f3tulo de Schweppes, que seguro que has visto al menos una vez en una foto en internet.<\/p>\n<img decoding=\"async\" class=\"alignnone size-full wp-image-21109\" src=\"https:\/\/decouvrirensemble.com\/wp-content\/uploads\/2023\/04\/Visiter-Madrid-en-3-jours-grand-via.jpg\" alt=\"Visiter Madrid en 3 jours\" width=\"1800\" height=\"1200\" srcset=\"https:\/\/decouvrirensemble.com\/wp-content\/uploads\/2023\/04\/Visiter-Madrid-en-3-jours-grand-via.jpg 1800w, https:\/\/decouvrirensemble.com\/wp-content\/uploads\/2023\/04\/Visiter-Madrid-en-3-jours-grand-via-300x200.jpg 300w, https:\/\/decouvrirensemble.com\/wp-content\/uploads\/2023\/04\/Visiter-Madrid-en-3-jours-grand-via-1024x683.jpg 1024w, https:\/\/decouvrirensemble.com\/wp-content\/uploads\/2023\/04\/Visiter-Madrid-en-3-jours-grand-via-768x512.jpg 768w, https:\/\/decouvrirensemble.com\/wp-content\/uploads\/2023\/04\/Visiter-Madrid-en-3-jours-grand-via-1536x1024.jpg 1536w\" sizes=\"(max-width: 1800px) 100vw, 1800px\" \/>\n<img decoding=\"async\" class=\"alignnone wp-image-21089 size-full\" src=\"https:\/\/decouvrirensemble.com\/wp-content\/uploads\/2023\/04\/grand-via-Madrid.jpg\" alt=\"Gran Via Madrid\" width=\"1800\" height=\"1200\" srcset=\"https:\/\/decouvrirensemble.com\/wp-content\/uploads\/2023\/04\/grand-via-Madrid.jpg 1800w, https:\/\/decouvrirensemble.com\/wp-content\/uploads\/2023\/04\/grand-via-Madrid-300x200.jpg 300w, https:\/\/decouvrirensemble.com\/wp-content\/uploads\/2023\/04\/grand-via-Madrid-1024x683.jpg 1024w, https:\/\/decouvrirensemble.com\/wp-content\/uploads\/2023\/04\/grand-via-Madrid-768x512.jpg 768w, https:\/\/decouvrirensemble.com\/wp-content\/uploads\/2023\/04\/grand-via-Madrid-1536x1024.jpg 1536w\" sizes=\"(max-width: 1800px) 100vw, 1800px\" \/>\n<h4><span class=\"ez-toc-section\" id=\"Ella_Sky_Bar\"><\/span>Ella Sky Bar<span class=\"ez-toc-section-end\"><\/span><\/h4>\n<p>Si hay algo que nos encanta hacer cuando viajamos, es tomar un aperitivo en una azotea. En Madrid hay una gran variedad de azoteas para disfrutar de las vistas y los sonidos de la ciudad. Tuvimos la oportunidad de probar <a href=\"https:\/\/maps.app.goo.gl\/x8QC1tyRGykphHKi6\" rel=\"noopener\">el Ella Sky Bar<\/a> en Gran V\u00eda y es una direcci\u00f3n que te recomendamos.<\/p>\n<p>Si quieres venir a admirar la puesta de sol aqu\u00ed, te aconsejamos que vengas lo antes posible, ya que el n\u00famero de plazas en la azotea es muy limitado. Tambi\u00e9n hay un restaurante, que no probamos, pero que tambi\u00e9n tiene unas vistas estupendas de los edificios <strong>del centro de Madrid<\/strong>.<\/p>\n<img decoding=\"async\" class=\"alignnone size-full wp-image-21107\" src=\"https:\/\/decouvrirensemble.com\/wp-content\/uploads\/2023\/04\/rooftop-madrid.jpg\" alt=\"rooftop Madrid\" width=\"1800\" height=\"1200\" srcset=\"https:\/\/decouvrirensemble.com\/wp-content\/uploads\/2023\/04\/rooftop-madrid.jpg 1800w, https:\/\/decouvrirensemble.com\/wp-content\/uploads\/2023\/04\/rooftop-madrid-300x200.jpg 300w, https:\/\/decouvrirensemble.com\/wp-content\/uploads\/2023\/04\/rooftop-madrid-1024x683.jpg 1024w, https:\/\/decouvrirensemble.com\/wp-content\/uploads\/2023\/04\/rooftop-madrid-768x512.jpg 768w, https:\/\/decouvrirensemble.com\/wp-content\/uploads\/2023\/04\/rooftop-madrid-1536x1024.jpg 1536w\" sizes=\"(max-width: 1800px) 100vw, 1800px\" \/>\n<h3><span class=\"ez-toc-section\" id=\"2_Plaza_de_Espana\"><\/span>2. Plaza de Espa\u00f1a<span class=\"ez-toc-section-end\"><\/span><\/h3>\n<p>Le sugerimos que contin\u00fae su visita por <a href=\"https:\/\/maps.app.goo.gl\/PpzPWyBa6TXjr4re9\" rel=\"noopener\">la Plaza de Espa\u00f1a<\/a>. Podr\u00e1 admirar los numerosos edificios y su arquitectura mientras disfruta del ambiente familiar de la plaza. De hecho, aqu\u00ed abundan las zonas de juegos infantiles, lo que confiere a la plaza un ambiente muy acogedor. Muy cerca se encuentra la famosa terraza del Hotel Riu de Madrid. Esta \u00faltima se hizo famosa por la serie de televisi\u00f3n \u00c9lite.<\/p>\n<p>Situado en la planta 27\u1d49, al parecer ofrece una vista de 360\u00b0 de la ciudad. Si tienes tiempo y buscas ideas de cosas que hacer cerca, esta puede ser una buena idea.<\/p>\n<img decoding=\"async\" class=\"alignnone wp-image-21103 size-full\" src=\"https:\/\/decouvrirensemble.com\/wp-content\/uploads\/2023\/04\/Plaza-de-Espana.jpg\" alt=\"Visiter Madrid en 3 jours\" width=\"1800\" height=\"1200\" srcset=\"https:\/\/decouvrirensemble.com\/wp-content\/uploads\/2023\/04\/Plaza-de-Espana.jpg 1800w, https:\/\/decouvrirensemble.com\/wp-content\/uploads\/2023\/04\/Plaza-de-Espana-300x200.jpg 300w, https:\/\/decouvrirensemble.com\/wp-content\/uploads\/2023\/04\/Plaza-de-Espana-1024x683.jpg 1024w, https:\/\/decouvrirensemble.com\/wp-content\/uploads\/2023\/04\/Plaza-de-Espana-768x512.jpg 768w, https:\/\/decouvrirensemble.com\/wp-content\/uploads\/2023\/04\/Plaza-de-Espana-1536x1024.jpg 1536w\" sizes=\"(max-width: 1800px) 100vw, 1800px\" \/>\n<h3><span class=\"ez-toc-section\" id=\"3_Palacio_Real\"><\/span>3. Palacio Real<span class=\"ez-toc-section-end\"><\/span><\/h3>\n<p>A pocos minutos a pie de la Plaza de Espa\u00f1a, descubrir\u00e1 el magn\u00edfico <a href=\"https:\/\/maps.app.goo.gl\/t8qZLynWQSX82RRv9\" rel=\"noopener\">Palacio Real<\/a> y sus jardines. Se trata de una de las visitas obligadas de la ciudad, y es imposible <strong>visitar Madrid en 3 d\u00edas<\/strong> sin detenerse aqu\u00ed. Merece la pena visitar el interior del palacio. El precio b\u00e1sico es de 12 euros, y de 6 euros para ni\u00f1os y estudiantes.<\/p>\n<div id=\"attachment_21112\" style=\"width: 1810px\" class=\"wp-caption alignnone\"><img decoding=\"async\" aria-describedby=\"caption-attachment-21112\" class=\"wp-image-21112 size-full\" src=\"https:\/\/decouvrirensemble.com\/wp-content\/uploads\/2023\/04\/Visiter-Madrid-en-3-jours-Palacio-Real.jpg\" alt=\"visiter madrid en 3 jours\" width=\"1800\" height=\"1200\" srcset=\"https:\/\/decouvrirensemble.com\/wp-content\/uploads\/2023\/04\/Visiter-Madrid-en-3-jours-Palacio-Real.jpg 1800w, https:\/\/decouvrirensemble.com\/wp-content\/uploads\/2023\/04\/Visiter-Madrid-en-3-jours-Palacio-Real-300x200.jpg 300w, https:\/\/decouvrirensemble.com\/wp-content\/uploads\/2023\/04\/Visiter-Madrid-en-3-jours-Palacio-Real-1024x683.jpg 1024w, https:\/\/decouvrirensemble.com\/wp-content\/uploads\/2023\/04\/Visiter-Madrid-en-3-jours-Palacio-Real-768x512.jpg 768w, https:\/\/decouvrirensemble.com\/wp-content\/uploads\/2023\/04\/Visiter-Madrid-en-3-jours-Palacio-Real-1536x1024.jpg 1536w\" sizes=\"(max-width: 1800px) 100vw, 1800px\" \/><p id=\"caption-attachment-21112\" class=\"wp-caption-text\">Palacio Real<\/p><\/div>\n<img decoding=\"async\" class=\"alignnone size-full wp-image-21101\" src=\"https:\/\/decouvrirensemble.com\/wp-content\/uploads\/2023\/04\/Palacio-Real-Madrid.jpg\" alt=\"palacio real\" width=\"1800\" height=\"1200\" srcset=\"https:\/\/decouvrirensemble.com\/wp-content\/uploads\/2023\/04\/Palacio-Real-Madrid.jpg 1800w, https:\/\/decouvrirensemble.com\/wp-content\/uploads\/2023\/04\/Palacio-Real-Madrid-300x200.jpg 300w, https:\/\/decouvrirensemble.com\/wp-content\/uploads\/2023\/04\/Palacio-Real-Madrid-1024x683.jpg 1024w, https:\/\/decouvrirensemble.com\/wp-content\/uploads\/2023\/04\/Palacio-Real-Madrid-768x512.jpg 768w, https:\/\/decouvrirensemble.com\/wp-content\/uploads\/2023\/04\/Palacio-Real-Madrid-1536x1024.jpg 1536w\" sizes=\"(max-width: 1800px) 100vw, 1800px\" \/>\n<h3><span class=\"ez-toc-section\" id=\"4_Plaza_Mayor_de_Madrid\"><\/span>4. Plaza Mayor de Madrid<span class=\"ez-toc-section-end\"><\/span><\/h3>\n<p><a href=\"https:\/\/maps.app.goo.gl\/MEW15cXa296gYKkaA\" rel=\"noopener\">La Plaza Mayor de Madrid<\/a> es otra de las visitas obligadas de la ciudad y una de sus plazas m\u00e1s famosas. Situada a menos de 10 minutos del Palacio Real, merece una visita.<\/p>\n<p>En su centro se encuentra la estatua de Felipe III. Los m\u00e1s golosos podr\u00e1n degustar aqu\u00ed los mejores churros con chocolate de Madrid.<\/p>\n<p>[relance2]<\/p>\n<div id=\"attachment_21113\" style=\"width: 1810px\" class=\"wp-caption alignnone\"><img decoding=\"async\" aria-describedby=\"caption-attachment-21113\" class=\"wp-image-21113 size-full\" src=\"https:\/\/decouvrirensemble.com\/wp-content\/uploads\/2023\/04\/Visiter-Madrid-en-3-jours-Placa-Mayor.jpg\" alt=\"Visiter Madrid en 3 jours\" width=\"1800\" height=\"1200\" srcset=\"https:\/\/decouvrirensemble.com\/wp-content\/uploads\/2023\/04\/Visiter-Madrid-en-3-jours-Placa-Mayor.jpg 1800w, https:\/\/decouvrirensemble.com\/wp-content\/uploads\/2023\/04\/Visiter-Madrid-en-3-jours-Placa-Mayor-300x200.jpg 300w, https:\/\/decouvrirensemble.com\/wp-content\/uploads\/2023\/04\/Visiter-Madrid-en-3-jours-Placa-Mayor-1024x683.jpg 1024w, https:\/\/decouvrirensemble.com\/wp-content\/uploads\/2023\/04\/Visiter-Madrid-en-3-jours-Placa-Mayor-768x512.jpg 768w, https:\/\/decouvrirensemble.com\/wp-content\/uploads\/2023\/04\/Visiter-Madrid-en-3-jours-Placa-Mayor-1536x1024.jpg 1536w\" sizes=\"(max-width: 1800px) 100vw, 1800px\" \/><p id=\"caption-attachment-21113\" class=\"wp-caption-text\">Plaza Mayor de Madrid<\/p><\/div>\n<img decoding=\"async\" class=\"alignnone size-full wp-image-21102\" src=\"https:\/\/decouvrirensemble.com\/wp-content\/uploads\/2023\/04\/Placa-Mayor-Madrid.jpg\" alt=\"Placa Mayor\" width=\"1800\" height=\"1200\" srcset=\"https:\/\/decouvrirensemble.com\/wp-content\/uploads\/2023\/04\/Placa-Mayor-Madrid.jpg 1800w, https:\/\/decouvrirensemble.com\/wp-content\/uploads\/2023\/04\/Placa-Mayor-Madrid-300x200.jpg 300w, https:\/\/decouvrirensemble.com\/wp-content\/uploads\/2023\/04\/Placa-Mayor-Madrid-1024x683.jpg 1024w, https:\/\/decouvrirensemble.com\/wp-content\/uploads\/2023\/04\/Placa-Mayor-Madrid-768x512.jpg 768w, https:\/\/decouvrirensemble.com\/wp-content\/uploads\/2023\/04\/Placa-Mayor-Madrid-1536x1024.jpg 1536w\" sizes=\"(max-width: 1800px) 100vw, 1800px\" \/>\n<h3><span class=\"ez-toc-section\" id=\"5_Mercado_de_San_Miguel\"><\/span>5. Mercado de San Miguel<span class=\"ez-toc-section-end\"><\/span><\/h3>\n<p>Si buscas un lugar agradable para comer durante <strong>tus vacaciones en Madrid<\/strong>, el <a href=\"https:\/\/maps.app.goo.gl\/ShKx7gASZuQrFiFu7\" rel=\"noopener\">Mercado de San<\/a> Miguel es el sitio ideal. Hay puestos para todos los gustos.<\/p>\n<p>Nos encant\u00f3 el ambiente de este mercado y los productos que se ofrec\u00edan eran todos excelentes. Eso s\u00ed, cuidado con los precios, que pueden ser un poco elevados en algunos puestos.<\/p>\n<div id=\"attachment_21100\" style=\"width: 1810px\" class=\"wp-caption alignnone\"><img decoding=\"async\" aria-describedby=\"caption-attachment-21100\" class=\"wp-image-21100 size-full\" src=\"https:\/\/decouvrirensemble.com\/wp-content\/uploads\/2023\/04\/Mercado-de-San-Miguel-Madrid.jpg\" alt=\"Mercado de San Miguel\" width=\"1800\" height=\"1200\" srcset=\"https:\/\/decouvrirensemble.com\/wp-content\/uploads\/2023\/04\/Mercado-de-San-Miguel-Madrid.jpg 1800w, https:\/\/decouvrirensemble.com\/wp-content\/uploads\/2023\/04\/Mercado-de-San-Miguel-Madrid-300x200.jpg 300w, https:\/\/decouvrirensemble.com\/wp-content\/uploads\/2023\/04\/Mercado-de-San-Miguel-Madrid-1024x683.jpg 1024w, https:\/\/decouvrirensemble.com\/wp-content\/uploads\/2023\/04\/Mercado-de-San-Miguel-Madrid-768x512.jpg 768w, https:\/\/decouvrirensemble.com\/wp-content\/uploads\/2023\/04\/Mercado-de-San-Miguel-Madrid-1536x1024.jpg 1536w\" sizes=\"(max-width: 1800px) 100vw, 1800px\" \/><p id=\"caption-attachment-21100\" class=\"wp-caption-text\">Mercado de San Miguel<\/p><\/div>\n<h3><span class=\"ez-toc-section\" id=\"6_El_barrio_de_Malasana\"><\/span>6. El barrio de Malasa\u00f1a<span class=\"ez-toc-section-end\"><\/span><\/h3>\n<p>El <a href=\"https:\/\/maps.app.goo.gl\/7zbdsq4JpoeoY1J77\" rel=\"noopener\">barrio de Mal<\/a> asa\u00f1a es sin duda una de nuestras zonas favoritas de Madrid. Aqu\u00ed es donde encontrar\u00e1s algunos de los mejores caf\u00e9s y restaurantes de la ciudad, todo en un ambiente hipster muy agradable.<\/p>\n<p>Aqu\u00ed es donde los estudiantes de la ciudad se re\u00fanen para tomar una copa y unas tapas. Al igual que con el Palacio Real, creemos que es imposible <strong>visitar Madrid en 3 d\u00edas<\/strong> sin parar aqu\u00ed.<\/p>\n<div id=\"attachment_21111\" style=\"width: 1810px\" class=\"wp-caption alignnone\"><img decoding=\"async\" aria-describedby=\"caption-attachment-21111\" class=\"wp-image-21111 size-full\" src=\"https:\/\/decouvrirensemble.com\/wp-content\/uploads\/2023\/04\/Visiter-Madrid-en-3-jours-Malasana.jpg\" alt=\"Visiter Madrid en 3 jours\" width=\"1800\" height=\"1200\" srcset=\"https:\/\/decouvrirensemble.com\/wp-content\/uploads\/2023\/04\/Visiter-Madrid-en-3-jours-Malasana.jpg 1800w, https:\/\/decouvrirensemble.com\/wp-content\/uploads\/2023\/04\/Visiter-Madrid-en-3-jours-Malasana-300x200.jpg 300w, https:\/\/decouvrirensemble.com\/wp-content\/uploads\/2023\/04\/Visiter-Madrid-en-3-jours-Malasana-1024x683.jpg 1024w, https:\/\/decouvrirensemble.com\/wp-content\/uploads\/2023\/04\/Visiter-Madrid-en-3-jours-Malasana-768x512.jpg 768w, https:\/\/decouvrirensemble.com\/wp-content\/uploads\/2023\/04\/Visiter-Madrid-en-3-jours-Malasana-1536x1024.jpg 1536w\" sizes=\"(max-width: 1800px) 100vw, 1800px\" \/><p id=\"caption-attachment-21111\" class=\"wp-caption-text\">Barrio de Malasa\u00f1a<\/p><\/div>\n<img decoding=\"async\" class=\"alignnone size-full wp-image-21099\" src=\"https:\/\/decouvrirensemble.com\/wp-content\/uploads\/2023\/04\/Malasana-Madrid.jpg\" alt=\"Malasana Madrid\" width=\"1800\" height=\"1200\" srcset=\"https:\/\/decouvrirensemble.com\/wp-content\/uploads\/2023\/04\/Malasana-Madrid.jpg 1800w, https:\/\/decouvrirensemble.com\/wp-content\/uploads\/2023\/04\/Malasana-Madrid-300x200.jpg 300w, https:\/\/decouvrirensemble.com\/wp-content\/uploads\/2023\/04\/Malasana-Madrid-1024x683.jpg 1024w, https:\/\/decouvrirensemble.com\/wp-content\/uploads\/2023\/04\/Malasana-Madrid-768x512.jpg 768w, https:\/\/decouvrirensemble.com\/wp-content\/uploads\/2023\/04\/Malasana-Madrid-1536x1024.jpg 1536w\" sizes=\"(max-width: 1800px) 100vw, 1800px\" \/>\n<h4><span class=\"ez-toc-section\" id=\"La_Pecera\"><\/span>La Pecera<span class=\"ez-toc-section-end\"><\/span><\/h4>\n<p>Si pasas por el barrio de Malasa\u00f1a a la hora de la merienda, te recomendamos una parada en <a href=\"https:\/\/maps.app.goo.gl\/Y2ucSNyTV6mWNGqS7\" rel=\"noopener\">La Pecera<\/a>. Encontrar\u00e1s excelentes helados de inspiraci\u00f3n japonesa con cucuruchos de gofre en forma de pez. Una excelente direcci\u00f3n para gourmets, \u00a1para reponer fuerzas y seguir explorando Madrid!<\/p>\n<img decoding=\"async\" class=\"alignnone size-full wp-image-21093\" src=\"https:\/\/decouvrirensemble.com\/wp-content\/uploads\/2023\/04\/La-pecera-madrid.jpg\" alt=\"La pecera\" width=\"1800\" height=\"1200\" srcset=\"https:\/\/decouvrirensemble.com\/wp-content\/uploads\/2023\/04\/La-pecera-madrid.jpg 1800w, https:\/\/decouvrirensemble.com\/wp-content\/uploads\/2023\/04\/La-pecera-madrid-300x200.jpg 300w, https:\/\/decouvrirensemble.com\/wp-content\/uploads\/2023\/04\/La-pecera-madrid-1024x683.jpg 1024w, https:\/\/decouvrirensemble.com\/wp-content\/uploads\/2023\/04\/La-pecera-madrid-768x512.jpg 768w, https:\/\/decouvrirensemble.com\/wp-content\/uploads\/2023\/04\/La-pecera-madrid-1536x1024.jpg 1536w\" sizes=\"(max-width: 1800px) 100vw, 1800px\" \/>\n<h3><span class=\"ez-toc-section\" id=\"7_Estacion_de_Atocha_de_Madrid\"><\/span>7. Estaci\u00f3n de Atocha de Madrid<span class=\"ez-toc-section-end\"><\/span><\/h3>\n<p>\u00bfLe gustan las plantas y el ambiente buc\u00f3lico? Los siguientes <strong>imprescindibles de Madrid<\/strong> que te proponemos en este art\u00edculo te van a encantar. Empezamos por la principal estaci\u00f3n de tren de Madrid, <a href=\"https:\/\/maps.app.goo.gl\/D6DaiQkqenvrU6bo7\" rel=\"noopener\">la estaci\u00f3n de Atocha<\/a>.<\/p>\n<p>Se trata de una direcci\u00f3n poco habitual, ya que alberga un magn\u00edfico jard\u00edn tropical. El jard\u00edn cuenta con m\u00e1s de 400 especies diferentes procedentes de Am\u00e9rica, Asia y Australia, \u00a1un total de m\u00e1s de 7.000 plantas! Un lugar estupendo si buscas <strong>algo que ver en Madrid.<\/strong><\/p>\n<div id=\"attachment_21114\" style=\"width: 1810px\" class=\"wp-caption alignnone\"><img decoding=\"async\" aria-describedby=\"caption-attachment-21114\" class=\"wp-image-21114 size-full\" src=\"https:\/\/decouvrirensemble.com\/wp-content\/uploads\/2023\/04\/visiter-madrid-gare-d-Atocha.jpg\" alt=\"Gare d'Atocha\" width=\"1800\" height=\"1200\" srcset=\"https:\/\/decouvrirensemble.com\/wp-content\/uploads\/2023\/04\/visiter-madrid-gare-d-Atocha.jpg 1800w, https:\/\/decouvrirensemble.com\/wp-content\/uploads\/2023\/04\/visiter-madrid-gare-d-Atocha-300x200.jpg 300w, https:\/\/decouvrirensemble.com\/wp-content\/uploads\/2023\/04\/visiter-madrid-gare-d-Atocha-1024x683.jpg 1024w, https:\/\/decouvrirensemble.com\/wp-content\/uploads\/2023\/04\/visiter-madrid-gare-d-Atocha-768x512.jpg 768w, https:\/\/decouvrirensemble.com\/wp-content\/uploads\/2023\/04\/visiter-madrid-gare-d-Atocha-1536x1024.jpg 1536w\" sizes=\"(max-width: 1800px) 100vw, 1800px\" \/><p id=\"caption-attachment-21114\" class=\"wp-caption-text\">Estaci\u00f3n de Atocha<\/p><\/div>\n<h3><span class=\"ez-toc-section\" id=\"8_Parque_del_Retiro\"><\/span>8. Parque del Retiro<span class=\"ez-toc-section-end\"><\/span><\/h3>\n<p><a href=\"https:\/\/maps.app.goo.gl\/m4xqGYHRDsx7LGr1A\" rel=\"noopener\">El Parque del Retiro<\/a> es el pulm\u00f3n de la ciudad. Aqu\u00ed encontrar\u00e1 un enorme parque con varios puntos de inter\u00e9s notables. Por ejemplo, se pueden alquilar barcas de remo en el estanque del parque, visitar el Palacio de Cristal y pasear por el Paseo de la Argentina.<\/p>\n<p>Pasamos toda una tarde en el parque jugando a las cartas y disfrutando del ambiente relajante. Lo recomendamos encarecidamente si <strong>visitas Madrid durante 3 d\u00edas<\/strong>. El famoso Museo del Prado est\u00e1 justo al lado del parque, que tambi\u00e9n puedes visitar si te interesa.<\/p>\n<div id=\"attachment_21094\" style=\"width: 1810px\" class=\"wp-caption alignnone\"><img decoding=\"async\" aria-describedby=\"caption-attachment-21094\" class=\"wp-image-21094 size-full\" src=\"https:\/\/decouvrirensemble.com\/wp-content\/uploads\/2023\/04\/Le-parc-del-Retiro-Madrid.jpg\" alt=\"parc del retiro\" width=\"1800\" height=\"1200\" srcset=\"https:\/\/decouvrirensemble.com\/wp-content\/uploads\/2023\/04\/Le-parc-del-Retiro-Madrid.jpg 1800w, https:\/\/decouvrirensemble.com\/wp-content\/uploads\/2023\/04\/Le-parc-del-Retiro-Madrid-300x200.jpg 300w, https:\/\/decouvrirensemble.com\/wp-content\/uploads\/2023\/04\/Le-parc-del-Retiro-Madrid-1024x683.jpg 1024w, https:\/\/decouvrirensemble.com\/wp-content\/uploads\/2023\/04\/Le-parc-del-Retiro-Madrid-768x512.jpg 768w, https:\/\/decouvrirensemble.com\/wp-content\/uploads\/2023\/04\/Le-parc-del-Retiro-Madrid-1536x1024.jpg 1536w\" sizes=\"(max-width: 1800px) 100vw, 1800px\" \/><p id=\"caption-attachment-21094\" class=\"wp-caption-text\">Parque del Retiro<\/p><\/div>\n<h3><span class=\"ez-toc-section\" id=\"9_Real_Jardin_Botanico_de_Madrid\"><\/span>9. Real Jard\u00edn Bot\u00e1nico de Madrid<span class=\"ez-toc-section-end\"><\/span><\/h3>\n<p>Terminamos nuestra lista de imprescindibles si <strong>visitas Madrid en 3 d\u00edas<\/strong> con uno de nuestros lugares favoritos de la ciudad. Pasamos una ma\u00f1ana entera explorando el Real <a href=\"https:\/\/maps.app.goo.gl\/hqwKJY7b9AmCmgPh8\">Jard\u00edn Bot\u00e1nico de Madrid<\/a> y nos encant\u00f3.<\/p>\n<p>Hay infinidad de especies diferentes y un magn\u00edfico invernadero que visitamos de arriba abajo. Es como el Parque del Retiro, un remanso de paz que invita a desconectar. La entrada cuesta 4 euros y el jard\u00edn abre a las 10 de la ma\u00f1ana.<\/p>\n<img decoding=\"async\" class=\"alignnone size-full wp-image-21110\" src=\"https:\/\/decouvrirensemble.com\/wp-content\/uploads\/2023\/04\/Visiter-Madrid-en-3-jours-jardin-botanique.jpg\" alt=\"Visiter Madrid en 3 jours\" width=\"1800\" height=\"1200\" srcset=\"https:\/\/decouvrirensemble.com\/wp-content\/uploads\/2023\/04\/Visiter-Madrid-en-3-jours-jardin-botanique.jpg 1800w, https:\/\/decouvrirensemble.com\/wp-content\/uploads\/2023\/04\/Visiter-Madrid-en-3-jours-jardin-botanique-300x200.jpg 300w, https:\/\/decouvrirensemble.com\/wp-content\/uploads\/2023\/04\/Visiter-Madrid-en-3-jours-jardin-botanique-1024x683.jpg 1024w, https:\/\/decouvrirensemble.com\/wp-content\/uploads\/2023\/04\/Visiter-Madrid-en-3-jours-jardin-botanique-768x512.jpg 768w, https:\/\/decouvrirensemble.com\/wp-content\/uploads\/2023\/04\/Visiter-Madrid-en-3-jours-jardin-botanique-1536x1024.jpg 1536w\" sizes=\"(max-width: 1800px) 100vw, 1800px\" \/>\n<img decoding=\"async\" class=\"alignnone wp-image-21092 size-full\" src=\"https:\/\/decouvrirensemble.com\/wp-content\/uploads\/2023\/04\/jardin-botanique-madrid.jpg\" alt=\"Visiter Madrid en 3 jours\" width=\"1800\" height=\"1200\" srcset=\"https:\/\/decouvrirensemble.com\/wp-content\/uploads\/2023\/04\/jardin-botanique-madrid.jpg 1800w, https:\/\/decouvrirensemble.com\/wp-content\/uploads\/2023\/04\/jardin-botanique-madrid-300x200.jpg 300w, https:\/\/decouvrirensemble.com\/wp-content\/uploads\/2023\/04\/jardin-botanique-madrid-1024x683.jpg 1024w, https:\/\/decouvrirensemble.com\/wp-content\/uploads\/2023\/04\/jardin-botanique-madrid-768x512.jpg 768w, https:\/\/decouvrirensemble.com\/wp-content\/uploads\/2023\/04\/jardin-botanique-madrid-1536x1024.jpg 1536w\" sizes=\"(max-width: 1800px) 100vw, 1800px\" \/>\n<img decoding=\"async\" class=\"alignnone size-full wp-image-21097\" src=\"https:\/\/decouvrirensemble.com\/wp-content\/uploads\/2023\/04\/madrid-jardin-botanique.jpg\" alt=\"jardin botanique madrid\" width=\"1800\" height=\"1200\" srcset=\"https:\/\/decouvrirensemble.com\/wp-content\/uploads\/2023\/04\/madrid-jardin-botanique.jpg 1800w, https:\/\/decouvrirensemble.com\/wp-content\/uploads\/2023\/04\/madrid-jardin-botanique-300x200.jpg 300w, https:\/\/decouvrirensemble.com\/wp-content\/uploads\/2023\/04\/madrid-jardin-botanique-1024x683.jpg 1024w, https:\/\/decouvrirensemble.com\/wp-content\/uploads\/2023\/04\/madrid-jardin-botanique-768x512.jpg 768w, https:\/\/decouvrirensemble.com\/wp-content\/uploads\/2023\/04\/madrid-jardin-botanique-1536x1024.jpg 1536w\" sizes=\"(max-width: 1800px) 100vw, 1800px\" \/>\n<h2 id=\"dormir\"><span class=\"ez-toc-section\" id=\"%C2%BFDonde_alojarse_para_visitar_Madrid_en_3_dias\"><\/span>\u00bfD\u00f3nde alojarse para visitar Madrid en 3 d\u00edas?<span class=\"ez-toc-section-end\"><\/span><\/h2>\n<h3><span class=\"ez-toc-section\" id=\"Hotel_7_Islas\"><\/span>Hotel 7 Islas<span class=\"ez-toc-section-end\"><\/span><\/h3>\n<p>Te recomendamos encarecidamente este precioso hotel, situado en pleno centro de la ciudad, a s\u00f3lo 200 metros de la Gran V\u00eda. Si le gustan los hoteles de dise\u00f1o, \u00e9ste es su sitio.<\/p>\n<p>Las habitaciones son elegantes y todas tienen ba\u00f1o de m\u00e1rmol. Algunas habitaciones tambi\u00e9n tienen terraza privada, \u00a1as\u00ed que aseg\u00farese de hacer su elecci\u00f3n al reservar si esto es importante para usted! Este hotel tan c\u00e9ntrico ser\u00e1 perfecto si quieres <strong>visitar Madrid en 3 d\u00edas<\/strong> y aun as\u00ed estar cerca de todas las atracciones principales de la ciudad.<\/p>\n    <div class=\"niceButton\"><a href=\"https:\/\/www.booking.com\/hotel\/es\/sieteislas.fr.html?aid=1286053\" target=\"_blank\" class=\"emojiLink\">\n                    <span class=\"emojiLink__emoji\">\u2764\ufe0f<\/span>\n                <span class=\"emojiLink__title title title--big\">Comprobar disponibilidad<\/span>\n    <\/a><\/div>\n\n    \n<img decoding=\"async\" class=\"alignnone size-full wp-image-21090\" src=\"https:\/\/decouvrirensemble.com\/wp-content\/uploads\/2023\/04\/hotel-madrid-centre-ville.jpg\" alt=\"h\u00f4tel Madrid Centre ville\" width=\"1800\" height=\"1200\" srcset=\"https:\/\/decouvrirensemble.com\/wp-content\/uploads\/2023\/04\/hotel-madrid-centre-ville.jpg 1800w, https:\/\/decouvrirensemble.com\/wp-content\/uploads\/2023\/04\/hotel-madrid-centre-ville-300x200.jpg 300w, https:\/\/decouvrirensemble.com\/wp-content\/uploads\/2023\/04\/hotel-madrid-centre-ville-1024x683.jpg 1024w, https:\/\/decouvrirensemble.com\/wp-content\/uploads\/2023\/04\/hotel-madrid-centre-ville-768x512.jpg 768w, https:\/\/decouvrirensemble.com\/wp-content\/uploads\/2023\/04\/hotel-madrid-centre-ville-1536x1024.jpg 1536w\" sizes=\"(max-width: 1800px) 100vw, 1800px\" \/>\n<img decoding=\"async\" class=\"alignnone size-full wp-image-20994\" src=\"https:\/\/decouvrirensemble.com\/wp-content\/uploads\/2023\/04\/Hotels-madrid-7-islas.jpg\" alt=\"hotels madrid\" width=\"1800\" height=\"1200\" srcset=\"https:\/\/decouvrirensemble.com\/wp-content\/uploads\/2023\/04\/Hotels-madrid-7-islas.jpg 1800w, https:\/\/decouvrirensemble.com\/wp-content\/uploads\/2023\/04\/Hotels-madrid-7-islas-300x200.jpg 300w, https:\/\/decouvrirensemble.com\/wp-content\/uploads\/2023\/04\/Hotels-madrid-7-islas-1024x683.jpg 1024w, https:\/\/decouvrirensemble.com\/wp-content\/uploads\/2023\/04\/Hotels-madrid-7-islas-768x512.jpg 768w, https:\/\/decouvrirensemble.com\/wp-content\/uploads\/2023\/04\/Hotels-madrid-7-islas-1536x1024.jpg 1536w\" sizes=\"(max-width: 1800px) 100vw, 1800px\" \/>\n<p>Si quieres saber m\u00e1s sobre d\u00f3nde alojarte en <a href=\"https:\/\/decouvrirensemble.com\/es\/hoteles-en-madrid-centro\" rel=\"noopener\">el centro de Madrid<\/a>, te recomendamos que eches un vistazo a nuestro art\u00edculo dedicado a los mejores hoteles de la ciudad.<\/p>\n<p class=\"p1\">[relance]<\/p>\n<h2 id=\"comer\"><span class=\"ez-toc-section\" id=\"%C2%BFDonde_comer_en_Madrid_Nuestras_mejores_direcciones\"><\/span>\u00bfD\u00f3nde comer en Madrid? Nuestras mejores direcciones<span class=\"ez-toc-section-end\"><\/span><\/h2>\n<h3><span class=\"ez-toc-section\" id=\"1_Billy_Brunch\"><\/span>1. Billy Brunch<span class=\"ez-toc-section-end\"><\/span><\/h3>\n<p>Continuamos este art\u00edculo con las direcciones de buena comida que tuvimos la oportunidad de probar durante nuestras <strong>vacaciones en Madrid<\/strong>. Si buscas un excelente restaurante de brunch, Billy Brunch es el lugar al que debes ir. La comida es excelente y los precios muy razonables.<\/p>\n<p>Direcci\u00f3n: <a href=\"https:\/\/maps.app.goo.gl\/yLLPo9KVCrzdLtgw9\" rel=\"noopener\">Calle de Fuencarral, 82, 28004 Madrid, Espa\u00f1a<\/a><\/p>\n<img decoding=\"async\" class=\"alignnone size-full wp-image-21087\" src=\"https:\/\/decouvrirensemble.com\/wp-content\/uploads\/2023\/04\/brunch-madrid-billy-brunch.jpg\" alt=\"Brunch Madrid\" width=\"1800\" height=\"1200\" srcset=\"https:\/\/decouvrirensemble.com\/wp-content\/uploads\/2023\/04\/brunch-madrid-billy-brunch.jpg 1800w, https:\/\/decouvrirensemble.com\/wp-content\/uploads\/2023\/04\/brunch-madrid-billy-brunch-300x200.jpg 300w, https:\/\/decouvrirensemble.com\/wp-content\/uploads\/2023\/04\/brunch-madrid-billy-brunch-1024x683.jpg 1024w, https:\/\/decouvrirensemble.com\/wp-content\/uploads\/2023\/04\/brunch-madrid-billy-brunch-768x512.jpg 768w, https:\/\/decouvrirensemble.com\/wp-content\/uploads\/2023\/04\/brunch-madrid-billy-brunch-1536x1024.jpg 1536w\" sizes=\"(max-width: 1800px) 100vw, 1800px\" \/>\n<h3><span class=\"ez-toc-section\" id=\"2_Brunch_IT\"><\/span>2. Brunch IT<span class=\"ez-toc-section-end\"><\/span><\/h3>\n<p>Similar a Billy Brunch, y situado justo al lado de la Gran V\u00eda madrile\u00f1a, Brunch IT es un lugar estupendo para tomar el brunch. Encontrar\u00e1s un men\u00fa variado y un local muy bien decorado.<\/p>\n<p>Direcci\u00f3n: <a href=\"https:\/\/maps.app.goo.gl\/Pno6qAvKhuMQgP1k7\" rel=\"noopener\">Calle del Noviciado, 12, 28015 Madrid, Espa\u00f1a<\/a><\/p>\n<img decoding=\"async\" class=\"alignnone size-full wp-image-21088\" src=\"https:\/\/decouvrirensemble.com\/wp-content\/uploads\/2023\/04\/brunch-madrid-brunch-it.jpg\" alt=\"Brunch Madrid\" width=\"1800\" height=\"1200\" srcset=\"https:\/\/decouvrirensemble.com\/wp-content\/uploads\/2023\/04\/brunch-madrid-brunch-it.jpg 1800w, https:\/\/decouvrirensemble.com\/wp-content\/uploads\/2023\/04\/brunch-madrid-brunch-it-300x200.jpg 300w, https:\/\/decouvrirensemble.com\/wp-content\/uploads\/2023\/04\/brunch-madrid-brunch-it-1024x683.jpg 1024w, https:\/\/decouvrirensemble.com\/wp-content\/uploads\/2023\/04\/brunch-madrid-brunch-it-768x512.jpg 768w, https:\/\/decouvrirensemble.com\/wp-content\/uploads\/2023\/04\/brunch-madrid-brunch-it-1536x1024.jpg 1536w\" sizes=\"(max-width: 1800px) 100vw, 1800px\" \/>\n<h3><span class=\"ez-toc-section\" id=\"3_Habanera\"><\/span>3. Habanera<span class=\"ez-toc-section-end\"><\/span><\/h3>\n<p>Uno de nuestros restaurantes favoritos de Madrid. Una magn\u00edfica ubicaci\u00f3n, un ambiente festivo y una pista de baile con DJ: eso es todo lo que necesit\u00e1bamos para disfrutar de la Habanera durante la mayor parte de la velada.<\/p>\n<p>Si es usted un juerguista, puede incluso terminar la velada en la <a href=\"https:\/\/www.google.com\/maps\/place\/Caro+Club\/@40.4252395,-3.6918199,15z\/data=!4m6!3m5!1s0xd4229912d2504af:0x3c4879653a807d20!8m2!3d40.4252395!4d-3.6918199!16s%2Fg%2F11rj6jthss\" rel=\"noopener\">discoteca Caro<\/a>, situada a dos pasos de la Habanera. As\u00ed lo hicimos nosotros, y el ambiente de la discoteca nos pareci\u00f3 muy agradable.<\/p>\n<p>Direcci\u00f3n: <a href=\"https:\/\/maps.app.goo.gl\/7cn9uXcCYkorNumD6\" rel=\"noopener\">Calle de G\u00e9nova, 28, local Habanera, 28004 Madrid, Espa\u00f1a.<\/a><\/p>\n<img decoding=\"async\" class=\"alignnone size-full wp-image-21105\" src=\"https:\/\/decouvrirensemble.com\/wp-content\/uploads\/2023\/04\/restaurant-madrid-habanera.jpg\" alt=\"restaurant Madrid\" width=\"1800\" height=\"1200\" srcset=\"https:\/\/decouvrirensemble.com\/wp-content\/uploads\/2023\/04\/restaurant-madrid-habanera.jpg 1800w, https:\/\/decouvrirensemble.com\/wp-content\/uploads\/2023\/04\/restaurant-madrid-habanera-300x200.jpg 300w, https:\/\/decouvrirensemble.com\/wp-content\/uploads\/2023\/04\/restaurant-madrid-habanera-1024x683.jpg 1024w, https:\/\/decouvrirensemble.com\/wp-content\/uploads\/2023\/04\/restaurant-madrid-habanera-768x512.jpg 768w, https:\/\/decouvrirensemble.com\/wp-content\/uploads\/2023\/04\/restaurant-madrid-habanera-1536x1024.jpg 1536w\" sizes=\"(max-width: 1800px) 100vw, 1800px\" \/>\n<h3><span class=\"ez-toc-section\" id=\"4_Perrachica\"><\/span>4. Perrachica<span class=\"ez-toc-section-end\"><\/span><\/h3>\n<p>La Perrachica es un restaurante de Madrid que ofrece exactamente el mismo ambiente que el restaurante Habanera. Tiene un ambiente festivo y est\u00e1 decorado con mucho gusto.<\/p>\n<p>No olvide que La Habanera y La Perrachica pertenecen al mismo propietario, \u00a1y el men\u00fa es id\u00e9ntico! Nosotros lo descubrimos una vez all\u00ed, y si no te gusta comer dos veces seguidas lo mismo, te aconsejamos que elijas entre los dos restaurantes durante tu viaje a Madrid.<\/p>\n<p>Direcci\u00f3n: <a href=\"https:\/\/maps.app.goo.gl\/7STPxPdEpoZweenY8\" rel=\"noopener\">C. de Eloy Gonzalo, 10, 28010 Madrid, Espa\u00f1a<\/a><\/p>\n<img decoding=\"async\" class=\"alignnone size-full wp-image-21106\" src=\"https:\/\/decouvrirensemble.com\/wp-content\/uploads\/2023\/04\/restaurant-madrid-perrachica.jpg\" alt=\"restaurant Madrid\" width=\"1800\" height=\"1200\" srcset=\"https:\/\/decouvrirensemble.com\/wp-content\/uploads\/2023\/04\/restaurant-madrid-perrachica.jpg 1800w, https:\/\/decouvrirensemble.com\/wp-content\/uploads\/2023\/04\/restaurant-madrid-perrachica-300x200.jpg 300w, https:\/\/decouvrirensemble.com\/wp-content\/uploads\/2023\/04\/restaurant-madrid-perrachica-1024x683.jpg 1024w, https:\/\/decouvrirensemble.com\/wp-content\/uploads\/2023\/04\/restaurant-madrid-perrachica-768x512.jpg 768w, https:\/\/decouvrirensemble.com\/wp-content\/uploads\/2023\/04\/restaurant-madrid-perrachica-1536x1024.jpg 1536w\" sizes=\"(max-width: 1800px) 100vw, 1800px\" \/>\n<h3><span class=\"ez-toc-section\" id=\"6_Bel_Mondo\"><\/span>6. Bel Mondo<span class=\"ez-toc-section-end\"><\/span><\/h3>\n<p>Completamos nuestra lista de direcciones donde comer bien en Madrid con un restaurante italiano, Bel Mondo. Este restaurante perteneciente al grupo Big Mamma ofrece unos platos muy buenos, todo ello en un local bellamente decorado.<\/p>\n<p>Como en todas las direcciones de nuestro art\u00edculo, \u00a1reserve con antelaci\u00f3n!<\/p>\n<p>Direcci\u00f3n: <a href=\"https:\/\/maps.app.goo.gl\/n8jPwc2K9pgYfX9n7\" rel=\"noopener\">Calle de Vel\u00e1zquez, 39, 28001 Madrid, Espa\u00f1a<\/a><\/p>\n<img decoding=\"async\" class=\"alignnone size-full wp-image-21104\" src=\"https:\/\/decouvrirensemble.com\/wp-content\/uploads\/2023\/04\/restaurant-madrid-bel-mondo.jpg\" alt=\"restaurant Madrid\" width=\"1800\" height=\"1200\" srcset=\"https:\/\/decouvrirensemble.com\/wp-content\/uploads\/2023\/04\/restaurant-madrid-bel-mondo.jpg 1800w, https:\/\/decouvrirensemble.com\/wp-content\/uploads\/2023\/04\/restaurant-madrid-bel-mondo-300x200.jpg 300w, https:\/\/decouvrirensemble.com\/wp-content\/uploads\/2023\/04\/restaurant-madrid-bel-mondo-1024x683.jpg 1024w, https:\/\/decouvrirensemble.com\/wp-content\/uploads\/2023\/04\/restaurant-madrid-bel-mondo-768x512.jpg 768w, https:\/\/decouvrirensemble.com\/wp-content\/uploads\/2023\/04\/restaurant-madrid-bel-mondo-1536x1024.jpg 1536w\" sizes=\"(max-width: 1800px) 100vw, 1800px\" \/>\n<h2><span class=\"ez-toc-section\" id=\"La_conclusion_de_nuestro_viaje_de_3_dias_a_Madrid\"><\/span>La conclusi\u00f3n de nuestro viaje de 3 d\u00edas a Madrid<span class=\"ez-toc-section-end\"><\/span><\/h2>\n<p>Aqu\u00ed llegamos al final de nuestra entrada en el blog sobre los imprescindibles de Madrid. Esperamos que te sirva de ayuda para visitar Madrid en 3 d\u00edas. Te dejamos con una peque\u00f1a selecci\u00f3n de fotos tomadas con carrete en Madrid. \u00a1Buen viaje!<\/p>\n<img decoding=\"async\" class=\"alignnone size-full wp-image-21098\" src=\"https:\/\/decouvrirensemble.com\/wp-content\/uploads\/2023\/04\/madrid-photos-argentique.jpg\" alt=\"Madrid photos argentique\" width=\"1800\" height=\"1200\" srcset=\"https:\/\/decouvrirensemble.com\/wp-content\/uploads\/2023\/04\/madrid-photos-argentique.jpg 1800w, https:\/\/decouvrirensemble.com\/wp-content\/uploads\/2023\/04\/madrid-photos-argentique-300x200.jpg 300w, https:\/\/decouvrirensemble.com\/wp-content\/uploads\/2023\/04\/madrid-photos-argentique-1024x683.jpg 1024w, https:\/\/decouvrirensemble.com\/wp-content\/uploads\/2023\/04\/madrid-photos-argentique-768x512.jpg 768w, https:\/\/decouvrirensemble.com\/wp-content\/uploads\/2023\/04\/madrid-photos-argentique-1536x1024.jpg 1536w\" sizes=\"(max-width: 1800px) 100vw, 1800px\" \/>\n<img decoding=\"async\" class=\"alignnone size-full wp-image-21095\" src=\"https:\/\/decouvrirensemble.com\/wp-content\/uploads\/2023\/04\/madrid-blog-voyage.jpg\" alt=\"Madrid photos argentique\" width=\"1800\" height=\"1200\" srcset=\"https:\/\/decouvrirensemble.com\/wp-content\/uploads\/2023\/04\/madrid-blog-voyage.jpg 1800w, https:\/\/decouvrirensemble.com\/wp-content\/uploads\/2023\/04\/madrid-blog-voyage-300x200.jpg 300w, https:\/\/decouvrirensemble.com\/wp-content\/uploads\/2023\/04\/madrid-blog-voyage-1024x683.jpg 1024w, https:\/\/decouvrirensemble.com\/wp-content\/uploads\/2023\/04\/madrid-blog-voyage-768x512.jpg 768w, https:\/\/decouvrirensemble.com\/wp-content\/uploads\/2023\/04\/madrid-blog-voyage-1536x1024.jpg 1536w\" sizes=\"(max-width: 1800px) 100vw, 1800px\" \/>\n<p>[gracias]<\/p>\n\n\n<div class=\"kk-star-ratings kksr-auto kksr-align-left kksr-valign-bottom\"\n    data-payload='{&quot;align&quot;:&quot;left&quot;,&quot;id&quot;:&quot;54099&quot;,&quot;slug&quot;:&quot;default&quot;,&quot;valign&quot;:&quot;bottom&quot;,&quot;ignore&quot;:&quot;&quot;,&quot;reference&quot;:&quot;auto&quot;,&quot;class&quot;:&quot;&quot;,&quot;count&quot;:&quot;12&quot;,&quot;legendonly&quot;:&quot;&quot;,&quot;readonly&quot;:&quot;&quot;,&quot;score&quot;:&quot;5&quot;,&quot;starsonly&quot;:&quot;&quot;,&quot;best&quot;:&quot;5&quot;,&quot;gap&quot;:&quot;4&quot;,&quot;greet&quot;:&quot;Sea el primero en valorar esta entrada de blog.&quot;,&quot;legend&quot;:&quot;5\\\/5 - (12 votos)&quot;,&quot;size&quot;:&quot;21&quot;,&quot;title&quot;:&quot;Madrid en 3 d\u00edas, los lugares imprescindibles&quot;,&quot;width&quot;:&quot;123&quot;,&quot;_legend&quot;:&quot;{score}\\\/{best} - ({count} {votes})&quot;,&quot;font_factor&quot;:&quot;1.25&quot;}'>\n            \n<div class=\"kksr-stars\">\n    \n<div class=\"kksr-stars-inactive\">\n            <div class=\"kksr-star\" data-star=\"1\" style=\"padding-right: 4px\">\n            \n\n<div class=\"kksr-icon\" style=\"width: 21px; height: 21px;\"><\/div>\n        <\/div>\n            <div class=\"kksr-star\" data-star=\"2\" style=\"padding-right: 4px\">\n            \n\n<div class=\"kksr-icon\" style=\"width: 21px; height: 21px;\"><\/div>\n        <\/div>\n            <div class=\"kksr-star\" data-star=\"3\" style=\"padding-right: 4px\">\n            \n\n<div class=\"kksr-icon\" style=\"width: 21px; height: 21px;\"><\/div>\n        <\/div>\n            <div class=\"kksr-star\" data-star=\"4\" style=\"padding-right: 4px\">\n            \n\n<div class=\"kksr-icon\" style=\"width: 21px; height: 21px;\"><\/div>\n        <\/div>\n            <div class=\"kksr-star\" data-star=\"5\" style=\"padding-right: 4px\">\n            \n\n<div class=\"kksr-icon\" style=\"width: 21px; height: 21px;\"><\/div>\n        <\/div>\n    <\/div>\n    \n<div class=\"kksr-stars-active\" style=\"width: 123px;\">\n            <div class=\"kksr-star\" style=\"padding-right: 4px\">\n            \n\n<div class=\"kksr-icon\" style=\"width: 21px; height: 21px;\"><\/div>\n        <\/div>\n            <div class=\"kksr-star\" style=\"padding-right: 4px\">\n            \n\n<div class=\"kksr-icon\" style=\"width: 21px; height: 21px;\"><\/div>\n        <\/div>\n            <div class=\"kksr-star\" style=\"padding-right: 4px\">\n            \n\n<div class=\"kksr-icon\" style=\"width: 21px; height: 21px;\"><\/div>\n        <\/div>\n            <div class=\"kksr-star\" style=\"padding-right: 4px\">\n            \n\n<div class=\"kksr-icon\" style=\"width: 21px; height: 21px;\"><\/div>\n        <\/div>\n            <div class=\"kksr-star\" style=\"padding-right: 4px\">\n            \n\n<div class=\"kksr-icon\" style=\"width: 21px; height: 21px;\"><\/div>\n        <\/div>\n    <\/div>\n<\/div>\n                \n\n<div class=\"kksr-legend\" style=\"font-size: 16.8px;\">\n            5\/5 - (12 votos)    <\/div>\n    <\/div>\n","protected":false},"excerpt":{"rendered":"<p>\u00bfQuieres visitar Madrid en 3 d\u00edas o m\u00e1s y est\u00e1s buscando los imprescindibles de la ciudad? En esta entrada del blog, le daremos todos los consejos y sugerencias que necesita para que su visita a Madrid sea un \u00e9xito.<\/p>\n","protected":false},"author":1,"featured_media":47402,"comment_status":"open","ping_status":"closed","sticky":false,"template":"","format":"standard","meta":{"_acf_changed":false,"_lmt_disableupdate":"no","_lmt_disable":"no","footnotes":""},"categories":[461,462],"tags":[],"class_list":["post-54099","post","type-post","status-publish","format-standard","has-post-thumbnail","hentry","category-espana","category-guias-de-viajes"],"acf":[],"yoast_head":"<!-- This site is optimized with the Yoast SEO plugin v27.4 - https:\/\/yoast.com\/product\/yoast-seo-wordpress\/ -->\n<title>Madrid en 3 d\u00edas, los lugares imprescindibles - Blog de viajes<\/title>\n<meta name=\"description\" content=\"Qu\u00e9 ver en Madrid en 3 d\u00edas Lee nuestro blog de viajes para saber qu\u00e9 tienes que hacer en Madrid.\" \/>\n<meta name=\"robots\" content=\"index, follow, max-snippet:-1, max-image-preview:large, max-video-preview:-1\" \/>\n<link rel=\"canonical\" href=\"https:\/\/decouvrirensemble.com\/es\/madrid-en-3-dias\" \/>\n<meta property=\"og:locale\" content=\"es_ES\" \/>\n<meta property=\"og:type\" content=\"article\" \/>\n<meta property=\"og:title\" content=\"Madrid en 3 d\u00edas, los lugares imprescindibles - Blog de viajes\" \/>\n<meta property=\"og:description\" content=\"Qu\u00e9 ver en Madrid en 3 d\u00edas Lee nuestro blog de viajes para saber qu\u00e9 tienes que hacer en Madrid.\" \/>\n<meta property=\"og:url\" content=\"https:\/\/decouvrirensemble.com\/es\/madrid-en-3-dias\" \/>\n<meta property=\"og:site_name\" content=\"Blog Voyage - D\u00e9couvrir Ensemble\" \/>\n<meta property=\"article:published_time\" content=\"2023-04-29T09:12:51+00:00\" \/>\n<meta property=\"article:modified_time\" content=\"2026-01-06T14:40:24+00:00\" \/>\n<meta property=\"og:image\" content=\"https:\/\/decouvrirensemble.com\/wp-content\/uploads\/2023\/04\/visiter-madrid-en-3-jours-blog-voyage-1.jpg\" \/>\n\t<meta property=\"og:image:width\" content=\"1800\" \/>\n\t<meta property=\"og:image:height\" content=\"1350\" \/>\n\t<meta property=\"og:image:type\" content=\"image\/jpeg\" \/>\n<meta name=\"author\" content=\"Cl\u00e9mence &amp; Alexandre\" \/>\n<meta name=\"twitter:card\" content=\"summary_large_image\" \/>\n<meta name=\"twitter:creator\" content=\"@dcouvrirensmble\" \/>\n<meta name=\"twitter:site\" content=\"@dcouvrirensmble\" \/>\n<meta name=\"twitter:label1\" content=\"Escrito por\" \/>\n\t<meta name=\"twitter:data1\" content=\"Cl\u00e9mence &amp; Alexandre\" \/>\n\t<meta name=\"twitter:label2\" content=\"Tiempo de lectura\" \/>\n\t<meta name=\"twitter:data2\" content=\"14 minutos\" \/>\n<script type=\"application\/ld+json\" class=\"yoast-schema-graph\">{\"@context\":\"https:\\\/\\\/schema.org\",\"@graph\":[{\"@type\":\"Article\",\"@id\":\"https:\\\/\\\/decouvrirensemble.com\\\/es\\\/madrid-en-3-dias#article\",\"isPartOf\":{\"@id\":\"https:\\\/\\\/decouvrirensemble.com\\\/es\\\/madrid-en-3-dias\"},\"author\":{\"name\":\"Cl\u00e9mence &amp; Alexandre\",\"@id\":\"https:\\\/\\\/decouvrirensemble.com\\\/es#\\\/schema\\\/person\\\/a53efd44d02eb7f9ab90f96e84a9d2ba\"},\"headline\":\"Madrid en 3 d\u00edas, los lugares imprescindibles\",\"datePublished\":\"2023-04-29T09:12:51+00:00\",\"dateModified\":\"2026-01-06T14:40:24+00:00\",\"mainEntityOfPage\":{\"@id\":\"https:\\\/\\\/decouvrirensemble.com\\\/es\\\/madrid-en-3-dias\"},\"wordCount\":1667,\"commentCount\":0,\"publisher\":{\"@id\":\"https:\\\/\\\/decouvrirensemble.com\\\/es#\\\/schema\\\/person\\\/a53efd44d02eb7f9ab90f96e84a9d2ba\"},\"image\":{\"@id\":\"https:\\\/\\\/decouvrirensemble.com\\\/es\\\/madrid-en-3-dias#primaryimage\"},\"thumbnailUrl\":\"https:\\\/\\\/decouvrirensemble.com\\\/wp-content\\\/uploads\\\/2023\\\/04\\\/visiter-madrid-en-3-jours-blog-voyage-1.jpg\",\"articleSection\":[\"Espa\u00f1a\",\"Gu\u00edas de viajes\"],\"inLanguage\":\"es\",\"potentialAction\":[{\"@type\":\"CommentAction\",\"name\":\"Comment\",\"target\":[\"https:\\\/\\\/decouvrirensemble.com\\\/es\\\/madrid-en-3-dias#respond\"]}]},{\"@type\":\"WebPage\",\"@id\":\"https:\\\/\\\/decouvrirensemble.com\\\/es\\\/madrid-en-3-dias\",\"url\":\"https:\\\/\\\/decouvrirensemble.com\\\/es\\\/madrid-en-3-dias\",\"name\":\"Madrid en 3 d\u00edas, los lugares imprescindibles - Blog de viajes\",\"isPartOf\":{\"@id\":\"https:\\\/\\\/decouvrirensemble.com\\\/es#website\"},\"primaryImageOfPage\":{\"@id\":\"https:\\\/\\\/decouvrirensemble.com\\\/es\\\/madrid-en-3-dias#primaryimage\"},\"image\":{\"@id\":\"https:\\\/\\\/decouvrirensemble.com\\\/es\\\/madrid-en-3-dias#primaryimage\"},\"thumbnailUrl\":\"https:\\\/\\\/decouvrirensemble.com\\\/wp-content\\\/uploads\\\/2023\\\/04\\\/visiter-madrid-en-3-jours-blog-voyage-1.jpg\",\"datePublished\":\"2023-04-29T09:12:51+00:00\",\"dateModified\":\"2026-01-06T14:40:24+00:00\",\"description\":\"Qu\u00e9 ver en Madrid en 3 d\u00edas Lee nuestro blog de viajes para saber qu\u00e9 tienes que hacer en Madrid.\",\"breadcrumb\":{\"@id\":\"https:\\\/\\\/decouvrirensemble.com\\\/es\\\/madrid-en-3-dias#breadcrumb\"},\"inLanguage\":\"es\",\"potentialAction\":[{\"@type\":\"ReadAction\",\"target\":[\"https:\\\/\\\/decouvrirensemble.com\\\/es\\\/madrid-en-3-dias\"]}]},{\"@type\":\"ImageObject\",\"inLanguage\":\"es\",\"@id\":\"https:\\\/\\\/decouvrirensemble.com\\\/es\\\/madrid-en-3-dias#primaryimage\",\"url\":\"https:\\\/\\\/decouvrirensemble.com\\\/wp-content\\\/uploads\\\/2023\\\/04\\\/visiter-madrid-en-3-jours-blog-voyage-1.jpg\",\"contentUrl\":\"https:\\\/\\\/decouvrirensemble.com\\\/wp-content\\\/uploads\\\/2023\\\/04\\\/visiter-madrid-en-3-jours-blog-voyage-1.jpg\",\"width\":1800,\"height\":1350,\"caption\":\"visiter Madrid en 3 jours\"},{\"@type\":\"BreadcrumbList\",\"@id\":\"https:\\\/\\\/decouvrirensemble.com\\\/es\\\/madrid-en-3-dias#breadcrumb\",\"itemListElement\":[{\"@type\":\"ListItem\",\"position\":1,\"name\":\"Accueil\",\"item\":\"https:\\\/\\\/decouvrirensemble.com\\\/es\"},{\"@type\":\"ListItem\",\"position\":2,\"name\":\"Destinos\",\"item\":\"https:\\\/\\\/decouvrirensemble.com\\\/es\\\/destinos\"},{\"@type\":\"ListItem\",\"position\":3,\"name\":\"Espa\u00f1a\",\"item\":\"https:\\\/\\\/decouvrirensemble.com\\\/es\\\/destinos\\\/espana\"},{\"@type\":\"ListItem\",\"position\":4,\"name\":\"Madrid en 3 d\u00edas, los lugares imprescindibles\"}]},{\"@type\":\"WebSite\",\"@id\":\"https:\\\/\\\/decouvrirensemble.com\\\/es#website\",\"url\":\"https:\\\/\\\/decouvrirensemble.com\\\/es\",\"name\":\"Blog Voyage - D\u00e9couvrir Ensemble\",\"description\":\"Le Blog Voyage de Clem et Alex\",\"publisher\":{\"@id\":\"https:\\\/\\\/decouvrirensemble.com\\\/es#\\\/schema\\\/person\\\/a53efd44d02eb7f9ab90f96e84a9d2ba\"},\"potentialAction\":[{\"@type\":\"SearchAction\",\"target\":{\"@type\":\"EntryPoint\",\"urlTemplate\":\"https:\\\/\\\/decouvrirensemble.com\\\/es?s={search_term_string}\"},\"query-input\":{\"@type\":\"PropertyValueSpecification\",\"valueRequired\":true,\"valueName\":\"search_term_string\"}}],\"inLanguage\":\"es\"},{\"@type\":[\"Person\",\"Organization\"],\"@id\":\"https:\\\/\\\/decouvrirensemble.com\\\/es#\\\/schema\\\/person\\\/a53efd44d02eb7f9ab90f96e84a9d2ba\",\"name\":\"Cl\u00e9mence &amp; Alexandre\",\"image\":{\"@type\":\"ImageObject\",\"inLanguage\":\"es\",\"@id\":\"https:\\\/\\\/decouvrirensemble.com\\\/wp-content\\\/uploads\\\/2024\\\/04\\\/logo-decouvrir-ensemble-blog-voyage.jpg\",\"url\":\"https:\\\/\\\/decouvrirensemble.com\\\/wp-content\\\/uploads\\\/2024\\\/04\\\/logo-decouvrir-ensemble-blog-voyage.jpg\",\"contentUrl\":\"https:\\\/\\\/decouvrirensemble.com\\\/wp-content\\\/uploads\\\/2024\\\/04\\\/logo-decouvrir-ensemble-blog-voyage.jpg\",\"width\":1563,\"height\":529,\"caption\":\"Cl\u00e9mence &amp; Alexandre\"},\"logo\":{\"@id\":\"https:\\\/\\\/decouvrirensemble.com\\\/wp-content\\\/uploads\\\/2024\\\/04\\\/logo-decouvrir-ensemble-blog-voyage.jpg\"},\"sameAs\":[\"https:\\\/\\\/decouvrirensemble.com\\\/\"]}]}<\/script>\n<!-- \/ Yoast SEO plugin. -->","yoast_head_json":{"title":"Madrid en 3 d\u00edas, los lugares imprescindibles - Blog de viajes","description":"Qu\u00e9 ver en Madrid en 3 d\u00edas Lee nuestro blog de viajes para saber qu\u00e9 tienes que hacer en Madrid.","robots":{"index":"index","follow":"follow","max-snippet":"max-snippet:-1","max-image-preview":"max-image-preview:large","max-video-preview":"max-video-preview:-1"},"canonical":"https:\/\/decouvrirensemble.com\/es\/madrid-en-3-dias","og_locale":"es_ES","og_type":"article","og_title":"Madrid en 3 d\u00edas, los lugares imprescindibles - Blog de viajes","og_description":"Qu\u00e9 ver en Madrid en 3 d\u00edas Lee nuestro blog de viajes para saber qu\u00e9 tienes que hacer en Madrid.","og_url":"https:\/\/decouvrirensemble.com\/es\/madrid-en-3-dias","og_site_name":"Blog Voyage - D\u00e9couvrir Ensemble","article_published_time":"2023-04-29T09:12:51+00:00","article_modified_time":"2026-01-06T14:40:24+00:00","og_image":[{"width":1800,"height":1350,"url":"https:\/\/decouvrirensemble.com\/wp-content\/uploads\/2023\/04\/visiter-madrid-en-3-jours-blog-voyage-1.jpg","type":"image\/jpeg"}],"author":"Cl\u00e9mence &amp; Alexandre","twitter_card":"summary_large_image","twitter_creator":"@dcouvrirensmble","twitter_site":"@dcouvrirensmble","twitter_misc":{"Escrito por":"Cl\u00e9mence &amp; Alexandre","Tiempo de lectura":"14 minutos"},"schema":{"@context":"https:\/\/schema.org","@graph":[{"@type":"Article","@id":"https:\/\/decouvrirensemble.com\/es\/madrid-en-3-dias#article","isPartOf":{"@id":"https:\/\/decouvrirensemble.com\/es\/madrid-en-3-dias"},"author":{"name":"Cl\u00e9mence &amp; Alexandre","@id":"https:\/\/decouvrirensemble.com\/es#\/schema\/person\/a53efd44d02eb7f9ab90f96e84a9d2ba"},"headline":"Madrid en 3 d\u00edas, los lugares imprescindibles","datePublished":"2023-04-29T09:12:51+00:00","dateModified":"2026-01-06T14:40:24+00:00","mainEntityOfPage":{"@id":"https:\/\/decouvrirensemble.com\/es\/madrid-en-3-dias"},"wordCount":1667,"commentCount":0,"publisher":{"@id":"https:\/\/decouvrirensemble.com\/es#\/schema\/person\/a53efd44d02eb7f9ab90f96e84a9d2ba"},"image":{"@id":"https:\/\/decouvrirensemble.com\/es\/madrid-en-3-dias#primaryimage"},"thumbnailUrl":"https:\/\/decouvrirensemble.com\/wp-content\/uploads\/2023\/04\/visiter-madrid-en-3-jours-blog-voyage-1.jpg","articleSection":["Espa\u00f1a","Gu\u00edas de viajes"],"inLanguage":"es","potentialAction":[{"@type":"CommentAction","name":"Comment","target":["https:\/\/decouvrirensemble.com\/es\/madrid-en-3-dias#respond"]}]},{"@type":"WebPage","@id":"https:\/\/decouvrirensemble.com\/es\/madrid-en-3-dias","url":"https:\/\/decouvrirensemble.com\/es\/madrid-en-3-dias","name":"Madrid en 3 d\u00edas, los lugares imprescindibles - Blog de viajes","isPartOf":{"@id":"https:\/\/decouvrirensemble.com\/es#website"},"primaryImageOfPage":{"@id":"https:\/\/decouvrirensemble.com\/es\/madrid-en-3-dias#primaryimage"},"image":{"@id":"https:\/\/decouvrirensemble.com\/es\/madrid-en-3-dias#primaryimage"},"thumbnailUrl":"https:\/\/decouvrirensemble.com\/wp-content\/uploads\/2023\/04\/visiter-madrid-en-3-jours-blog-voyage-1.jpg","datePublished":"2023-04-29T09:12:51+00:00","dateModified":"2026-01-06T14:40:24+00:00","description":"Qu\u00e9 ver en Madrid en 3 d\u00edas Lee nuestro blog de viajes para saber qu\u00e9 tienes que hacer en Madrid.","breadcrumb":{"@id":"https:\/\/decouvrirensemble.com\/es\/madrid-en-3-dias#breadcrumb"},"inLanguage":"es","potentialAction":[{"@type":"ReadAction","target":["https:\/\/decouvrirensemble.com\/es\/madrid-en-3-dias"]}]},{"@type":"ImageObject","inLanguage":"es","@id":"https:\/\/decouvrirensemble.com\/es\/madrid-en-3-dias#primaryimage","url":"https:\/\/decouvrirensemble.com\/wp-content\/uploads\/2023\/04\/visiter-madrid-en-3-jours-blog-voyage-1.jpg","contentUrl":"https:\/\/decouvrirensemble.com\/wp-content\/uploads\/2023\/04\/visiter-madrid-en-3-jours-blog-voyage-1.jpg","width":1800,"height":1350,"caption":"visiter Madrid en 3 jours"},{"@type":"BreadcrumbList","@id":"https:\/\/decouvrirensemble.com\/es\/madrid-en-3-dias#breadcrumb","itemListElement":[{"@type":"ListItem","position":1,"name":"Accueil","item":"https:\/\/decouvrirensemble.com\/es"},{"@type":"ListItem","position":2,"name":"Destinos","item":"https:\/\/decouvrirensemble.com\/es\/destinos"},{"@type":"ListItem","position":3,"name":"Espa\u00f1a","item":"https:\/\/decouvrirensemble.com\/es\/destinos\/espana"},{"@type":"ListItem","position":4,"name":"Madrid en 3 d\u00edas, los lugares imprescindibles"}]},{"@type":"WebSite","@id":"https:\/\/decouvrirensemble.com\/es#website","url":"https:\/\/decouvrirensemble.com\/es","name":"Blog Voyage - D\u00e9couvrir Ensemble","description":"Le Blog Voyage de Clem et Alex","publisher":{"@id":"https:\/\/decouvrirensemble.com\/es#\/schema\/person\/a53efd44d02eb7f9ab90f96e84a9d2ba"},"potentialAction":[{"@type":"SearchAction","target":{"@type":"EntryPoint","urlTemplate":"https:\/\/decouvrirensemble.com\/es?s={search_term_string}"},"query-input":{"@type":"PropertyValueSpecification","valueRequired":true,"valueName":"search_term_string"}}],"inLanguage":"es"},{"@type":["Person","Organization"],"@id":"https:\/\/decouvrirensemble.com\/es#\/schema\/person\/a53efd44d02eb7f9ab90f96e84a9d2ba","name":"Cl\u00e9mence &amp; Alexandre","image":{"@type":"ImageObject","inLanguage":"es","@id":"https:\/\/decouvrirensemble.com\/wp-content\/uploads\/2024\/04\/logo-decouvrir-ensemble-blog-voyage.jpg","url":"https:\/\/decouvrirensemble.com\/wp-content\/uploads\/2024\/04\/logo-decouvrir-ensemble-blog-voyage.jpg","contentUrl":"https:\/\/decouvrirensemble.com\/wp-content\/uploads\/2024\/04\/logo-decouvrir-ensemble-blog-voyage.jpg","width":1563,"height":529,"caption":"Cl\u00e9mence &amp; Alexandre"},"logo":{"@id":"https:\/\/decouvrirensemble.com\/wp-content\/uploads\/2024\/04\/logo-decouvrir-ensemble-blog-voyage.jpg"},"sameAs":["https:\/\/decouvrirensemble.com\/"]}]}},"modified_by":"Cl\u00e9mence &amp; Alexandre","_links":{"self":[{"href":"https:\/\/decouvrirensemble.com\/es\/wp-json\/wp\/v2\/posts\/54099","targetHints":{"allow":["GET"]}}],"collection":[{"href":"https:\/\/decouvrirensemble.com\/es\/wp-json\/wp\/v2\/posts"}],"about":[{"href":"https:\/\/decouvrirensemble.com\/es\/wp-json\/wp\/v2\/types\/post"}],"author":[{"embeddable":true,"href":"https:\/\/decouvrirensemble.com\/es\/wp-json\/wp\/v2\/users\/1"}],"replies":[{"embeddable":true,"href":"https:\/\/decouvrirensemble.com\/es\/wp-json\/wp\/v2\/comments?post=54099"}],"version-history":[{"count":1,"href":"https:\/\/decouvrirensemble.com\/es\/wp-json\/wp\/v2\/posts\/54099\/revisions"}],"predecessor-version":[{"id":63548,"href":"https:\/\/decouvrirensemble.com\/es\/wp-json\/wp\/v2\/posts\/54099\/revisions\/63548"}],"wp:featuredmedia":[{"embeddable":true,"href":"https:\/\/decouvrirensemble.com\/es\/wp-json\/wp\/v2\/media\/47402"}],"wp:attachment":[{"href":"https:\/\/decouvrirensemble.com\/es\/wp-json\/wp\/v2\/media?parent=54099"}],"wp:term":[{"taxonomy":"category","embeddable":true,"href":"https:\/\/decouvrirensemble.com\/es\/wp-json\/wp\/v2\/categories?post=54099"},{"taxonomy":"post_tag","embeddable":true,"href":"https:\/\/decouvrirensemble.com\/es\/wp-json\/wp\/v2\/tags?post=54099"}],"curies":[{"name":"wp","href":"https:\/\/api.w.org\/{rel}","templated":true}]}}