{"id":54116,"date":"2018-09-17T11:12:52","date_gmt":"2018-09-17T09:12:52","guid":{"rendered":"https:\/\/decouvrirensemble.com\/muralla-roja-ricardo-bofill-calp"},"modified":"2026-01-06T16:22:24","modified_gmt":"2026-01-06T15:22:24","slug":"muralla-roja-ricardo-bofill-calp","status":"publish","type":"post","link":"https:\/\/decouvrirensemble.com\/es\/muralla-roja-ricardo-bofill-calp","title":{"rendered":"Descubre la Muralla Roja de Ricardo Bofill en Calp"},"content":{"rendered":"<p>Situada en la localidad de Calp, cerca de Valencia, en Espa\u00f1a, la obra de Ricardo Bofill, un arquitecto espa\u00f1ol, empieza a darse a conocer&#8230;. En nuestro caso, lo descubrimos gracias a fotos encontradas en Instagram o Pinterest. Tambi\u00e9n es escenario de muchas sesiones fotogr\u00e1ficas y v\u00eddeos musicales.<\/p>\n<p>Ya hab\u00edamos planeado visitar la ciudad de <a href=\"https:\/\/decouvrirensemble.com\/es\/que-ver-en-valencia\" target=\"_blank\" rel=\"noopener noreferrer\">Valencia en Espa\u00f1a<\/a> en agosto, as\u00ed que decidimos desviarnos un poco para descubrir la famosa Muralla Roja.&nbsp;\u00a1Nos enamoramos al instante! \u00a1S\u00edguenos mientras te contamos todo sobre nuestra estancia de 3 d\u00edas en este lugar \u00fanico! \ud83d\udcf8<\/p>\n<h2><span class=\"ez-toc-section\" id=\"Un_poco_de_historia_sobre_La_Muralla_Roja\"><\/span>Un poco de historia sobre La Muralla Roja<span class=\"ez-toc-section-end\"><\/span><\/h2>\n<p>La Muralla Roja es un complejo de 50 viviendas, con zonas comunes at\u00edpicas y una piscina en forma de cruz en la azotea. Creado en 1973, es una de las obras m\u00e1s originales de su creador, Ricardo Bofill.<br \/>\nNos enamor\u00f3 su arquitectura, as\u00ed como las vistas al pe\u00f1\u00f3n de Calp, el Pe\u00f1\u00f3n de Ifach y el mar Mediterr\u00e1neo.<\/p>\n<img decoding=\"async\" class=\"alignnone size-full wp-image-47926\" src=\"https:\/\/decouvrirensemble.com\/wp-content\/uploads\/2018\/09\/muralla-roja-calp.jpg\" alt=\"Muralla Roja\" width=\"1800\" height=\"1200\" srcset=\"https:\/\/decouvrirensemble.com\/wp-content\/uploads\/2018\/09\/muralla-roja-calp.jpg 1800w, https:\/\/decouvrirensemble.com\/wp-content\/uploads\/2018\/09\/muralla-roja-calp-300x200.jpg 300w, https:\/\/decouvrirensemble.com\/wp-content\/uploads\/2018\/09\/muralla-roja-calp-1024x683.jpg 1024w, https:\/\/decouvrirensemble.com\/wp-content\/uploads\/2018\/09\/muralla-roja-calp-768x512.jpg 768w, https:\/\/decouvrirensemble.com\/wp-content\/uploads\/2018\/09\/muralla-roja-calp-1536x1024.jpg 1536w\" sizes=\"(max-width: 1800px) 100vw, 1800px\" \/>\n<p>Muralla Roja ha sido muy noticia desde 2017, siendo vista por todo Pinterest e Instagram, en el videoclip de Martin Solveig (Do it right) y en sesiones de fotos para marcas tan prestigiosas como Guerlain.<br \/>\nEsta reciente notoriedad ha preocupado un poco a los habitantes de la Muralla Roja&#8230;. Son muy protectores y han asegurado todas las entradas al lugar para garantizar la tranquilidad de su hogar. \u00a1SO! \ud83d\ude0c Si quieres visitar la Muralla Roja, para asegurarte de que puedes entrar, definitivamente necesitar\u00e1s alquilar una o m\u00e1s noches en un airbnb o reservar dentro.<\/p>\n<p>En nuestra opini\u00f3n, dormir dentro de uno de los 50 pisos de la Muralla Roja es la mejor manera de empaparse del ambiente del lugar. Tambi\u00e9n es una oportunidad para tener tiempo de pasear por los diferentes espacios y hacer tus fotos tranquilamente sin molestar a los lugare\u00f1os.<\/p>\n<img decoding=\"async\" class=\"alignnone size-full wp-image-47911\" src=\"https:\/\/decouvrirensemble.com\/wp-content\/uploads\/2018\/09\/muralla-roja-airbnb.jpg\" alt=\"muralla roja Airbnb\" width=\"1800\" height=\"1200\" srcset=\"https:\/\/decouvrirensemble.com\/wp-content\/uploads\/2018\/09\/muralla-roja-airbnb.jpg 1800w, https:\/\/decouvrirensemble.com\/wp-content\/uploads\/2018\/09\/muralla-roja-airbnb-300x200.jpg 300w, https:\/\/decouvrirensemble.com\/wp-content\/uploads\/2018\/09\/muralla-roja-airbnb-1024x683.jpg 1024w, https:\/\/decouvrirensemble.com\/wp-content\/uploads\/2018\/09\/muralla-roja-airbnb-768x512.jpg 768w, https:\/\/decouvrirensemble.com\/wp-content\/uploads\/2018\/09\/muralla-roja-airbnb-1536x1024.jpg 1536w\" sizes=\"(max-width: 1800px) 100vw, 1800px\" \/>\n<img decoding=\"async\" class=\"alignnone size-full wp-image-47929\" src=\"https:\/\/decouvrirensemble.com\/wp-content\/uploads\/2018\/09\/muralla-roja-espagne-calpe.jpg\" alt=\"Calpe Espagne\" width=\"1800\" height=\"1200\" srcset=\"https:\/\/decouvrirensemble.com\/wp-content\/uploads\/2018\/09\/muralla-roja-espagne-calpe.jpg 1800w, https:\/\/decouvrirensemble.com\/wp-content\/uploads\/2018\/09\/muralla-roja-espagne-calpe-300x200.jpg 300w, https:\/\/decouvrirensemble.com\/wp-content\/uploads\/2018\/09\/muralla-roja-espagne-calpe-1024x683.jpg 1024w, https:\/\/decouvrirensemble.com\/wp-content\/uploads\/2018\/09\/muralla-roja-espagne-calpe-768x512.jpg 768w, https:\/\/decouvrirensemble.com\/wp-content\/uploads\/2018\/09\/muralla-roja-espagne-calpe-1536x1024.jpg 1536w\" sizes=\"(max-width: 1800px) 100vw, 1800px\" \/>\n<h2><span class=\"ez-toc-section\" id=\"Como_llegar_y_dormir_en_la_Muralla_Roja\"><\/span>C\u00f3mo llegar y dormir en la Muralla Roja<span class=\"ez-toc-section-end\"><\/span><\/h2>\n<p>Como hemos explicado antes, es casi imposible venir a visitar la Muralla Roja si no te alojas all\u00ed. Es m\u00e1s, si de verdad quieres sumergirte en el lugar, tener tiempo para hacer fotos y disfrutar de las incre\u00edbles vistas de la piscina y el mar de la azotea, nada mejor que dormir all\u00ed&#8230; Cr\u00e9enos, \u00a1est\u00e1 probado!<\/p>\n    <div class=\"niceButton\"><a href=\"https:\/\/www.booking.com\/hotel\/es\/apartment-muralla-roja-calpe.fr.html?aid=1286053\" target=\"_blank\" class=\"emojiLink\">\n                    <span class=\"emojiLink__emoji\">\u2764\ufe0f<\/span>\n                <span class=\"emojiLink__title title title--big\">Ver disponibilidad<\/span>\n    <\/a><\/div>\n\n    \n<img decoding=\"async\" class=\"alignnone size-full wp-image-47920\" src=\"https:\/\/decouvrirensemble.com\/wp-content\/uploads\/2018\/09\/muralla-roja-calp-espagne.jpg\" alt=\"calp espagne\" width=\"1800\" height=\"1200\" srcset=\"https:\/\/decouvrirensemble.com\/wp-content\/uploads\/2018\/09\/muralla-roja-calp-espagne.jpg 1800w, https:\/\/decouvrirensemble.com\/wp-content\/uploads\/2018\/09\/muralla-roja-calp-espagne-300x200.jpg 300w, https:\/\/decouvrirensemble.com\/wp-content\/uploads\/2018\/09\/muralla-roja-calp-espagne-1024x683.jpg 1024w, https:\/\/decouvrirensemble.com\/wp-content\/uploads\/2018\/09\/muralla-roja-calp-espagne-768x512.jpg 768w, https:\/\/decouvrirensemble.com\/wp-content\/uploads\/2018\/09\/muralla-roja-calp-espagne-1536x1024.jpg 1536w\" sizes=\"(max-width: 1800px) 100vw, 1800px\" \/>\n<img decoding=\"async\" class=\"alignnone size-full wp-image-47917\" src=\"https:\/\/decouvrirensemble.com\/wp-content\/uploads\/2018\/09\/muralla-roja-calp-espagne-blog.jpg\" alt=\"Muralla Roja\" width=\"1800\" height=\"1200\" srcset=\"https:\/\/decouvrirensemble.com\/wp-content\/uploads\/2018\/09\/muralla-roja-calp-espagne-blog.jpg 1800w, https:\/\/decouvrirensemble.com\/wp-content\/uploads\/2018\/09\/muralla-roja-calp-espagne-blog-300x200.jpg 300w, https:\/\/decouvrirensemble.com\/wp-content\/uploads\/2018\/09\/muralla-roja-calp-espagne-blog-1024x683.jpg 1024w, https:\/\/decouvrirensemble.com\/wp-content\/uploads\/2018\/09\/muralla-roja-calp-espagne-blog-768x512.jpg 768w, https:\/\/decouvrirensemble.com\/wp-content\/uploads\/2018\/09\/muralla-roja-calp-espagne-blog-1536x1024.jpg 1536w\" sizes=\"(max-width: 1800px) 100vw, 1800px\" \/>\n<h2><span class=\"ez-toc-section\" id=\"Ricardo_Bofill_un_arquitecto_espanol_atipico\"><\/span>Ricardo Bofill, un arquitecto espa\u00f1ol at\u00edpico<span class=\"ez-toc-section-end\"><\/span><\/h2>\n<p>Descubrimos al arquitecto Ricardo Bofill a trav\u00e9s de la Muralla Roja, \u00a1pero resulta que ya nos hab\u00edamos cruzado con \u00e9l varias veces! De hecho, est\u00e1 especialmente consolidado en su Espa\u00f1a natal, un pa\u00eds que conocemos muy bien. \ud83d\ude0d<\/p>\n<p>Natural de Barcelona, donde naci\u00f3 en 1939, ha realizado numerosos proyectos all\u00ed, como su aeropuerto, el famoso Hotel W o el estadio Camp Nou. De hecho, si tienes pensado visitar la capital catalana, no dudes en consultar nuestro art\u00edculo sobre <a href=\"https:\/\/decouvrirensemble.com\/es\/que-ver-en-barcelona-en-3-dias\" target=\"_blank\" rel=\"noopener noreferrer\">lo que hay que ver en Barcelona<\/a>.<\/p>\n<p>Tiene un gran n\u00famero de otros proyectos por toda Europa, como&nbsp;el barrio de Antigone en Montpellier (aunque no apreciamos necesariamente el estilo por nuestra parte \ud83d\ude1d). Nuestro favorito sigue siendo la Muralla Roja.<\/p>\n<img decoding=\"async\" class=\"alignnone size-full wp-image-47923\" src=\"https:\/\/decouvrirensemble.com\/wp-content\/uploads\/2018\/09\/muralla-roja-calp-piscine.jpg\" alt=\"Piscina de la Muralla Roja\" width=\"1800\" height=\"1200\" srcset=\"https:\/\/decouvrirensemble.com\/wp-content\/uploads\/2018\/09\/muralla-roja-calp-piscine.jpg 1800w, https:\/\/decouvrirensemble.com\/wp-content\/uploads\/2018\/09\/muralla-roja-calp-piscine-300x200.jpg 300w, https:\/\/decouvrirensemble.com\/wp-content\/uploads\/2018\/09\/muralla-roja-calp-piscine-1024x683.jpg 1024w, https:\/\/decouvrirensemble.com\/wp-content\/uploads\/2018\/09\/muralla-roja-calp-piscine-768x512.jpg 768w, https:\/\/decouvrirensemble.com\/wp-content\/uploads\/2018\/09\/muralla-roja-calp-piscine-1536x1024.jpg 1536w\" sizes=\"(max-width: 1800px) 100vw, 1800px\" \/>\n<img decoding=\"async\" class=\"alignnone size-full wp-image-47914\" src=\"https:\/\/decouvrirensemble.com\/wp-content\/uploads\/2018\/09\/muralla-roja-calp-design.jpg\" alt=\"Muralla Roja\" width=\"1800\" height=\"1200\" srcset=\"https:\/\/decouvrirensemble.com\/wp-content\/uploads\/2018\/09\/muralla-roja-calp-design.jpg 1800w, https:\/\/decouvrirensemble.com\/wp-content\/uploads\/2018\/09\/muralla-roja-calp-design-300x200.jpg 300w, https:\/\/decouvrirensemble.com\/wp-content\/uploads\/2018\/09\/muralla-roja-calp-design-1024x683.jpg 1024w, https:\/\/decouvrirensemble.com\/wp-content\/uploads\/2018\/09\/muralla-roja-calp-design-768x512.jpg 768w, https:\/\/decouvrirensemble.com\/wp-content\/uploads\/2018\/09\/muralla-roja-calp-design-1536x1024.jpg 1536w\" sizes=\"(max-width: 1800px) 100vw, 1800px\" \/>\n<h2><span class=\"ez-toc-section\" id=\"Visita_Calp_cerca_de_Valencia\"><\/span>Visita Calp, cerca de Valencia<span class=\"ez-toc-section-end\"><\/span><\/h2>\n<p>La Muralla Roja est\u00e1 frente al mar, muy cerca del centro de Calp. No nos gust\u00f3 especialmente el pueblo, que nos pareci\u00f3 muy tur\u00edstico y poco interesante. Encontrar\u00e1s muchos restaurantes \u00abtur\u00edsticos\u00bb, muy lejos de los peque\u00f1os restaurantes locales a los que estamos acostumbrados en <a href=\"https:\/\/decouvrirensemble.com\/es\/que-hacer-en-sitges\">Sitges<\/a>, cerca de Barcelona. Pero la playa es bastante bonita, la vista del Pe\u00f1\u00f3n de Ifach es incre\u00edble.<\/p>\n<p>Alojarse en Calp merece la pena si buscas unas vacaciones baratas de playa\/piscina, \u00a1o quiz\u00e1s s\u00f3lo para una escapada de fin de semana con un d\u00eda en Valencia!<\/p>\n<img decoding=\"async\" class=\"alignnone size-full wp-image-47932\" src=\"https:\/\/decouvrirensemble.com\/wp-content\/uploads\/2018\/09\/calp-rocher.jpg\" alt=\"Calp rocher\" width=\"1800\" height=\"1200\" srcset=\"https:\/\/decouvrirensemble.com\/wp-content\/uploads\/2018\/09\/calp-rocher.jpg 1800w, https:\/\/decouvrirensemble.com\/wp-content\/uploads\/2018\/09\/calp-rocher-300x200.jpg 300w, https:\/\/decouvrirensemble.com\/wp-content\/uploads\/2018\/09\/calp-rocher-1024x683.jpg 1024w, https:\/\/decouvrirensemble.com\/wp-content\/uploads\/2018\/09\/calp-rocher-768x512.jpg 768w, https:\/\/decouvrirensemble.com\/wp-content\/uploads\/2018\/09\/calp-rocher-1536x1024.jpg 1536w\" sizes=\"(max-width: 1800px) 100vw, 1800px\" \/>\n<img decoding=\"async\" class=\"alignnone size-full wp-image-47935\" src=\"https:\/\/decouvrirensemble.com\/wp-content\/uploads\/2018\/09\/Muralla-Roja-Ricardo-Bofill-1.jpg\" alt=\"Ricardo Bofill\" width=\"1800\" height=\"1200\" srcset=\"https:\/\/decouvrirensemble.com\/wp-content\/uploads\/2018\/09\/Muralla-Roja-Ricardo-Bofill-1.jpg 1800w, https:\/\/decouvrirensemble.com\/wp-content\/uploads\/2018\/09\/Muralla-Roja-Ricardo-Bofill-1-300x200.jpg 300w, https:\/\/decouvrirensemble.com\/wp-content\/uploads\/2018\/09\/Muralla-Roja-Ricardo-Bofill-1-1024x683.jpg 1024w, https:\/\/decouvrirensemble.com\/wp-content\/uploads\/2018\/09\/Muralla-Roja-Ricardo-Bofill-1-768x512.jpg 768w, https:\/\/decouvrirensemble.com\/wp-content\/uploads\/2018\/09\/Muralla-Roja-Ricardo-Bofill-1-1536x1024.jpg 1536w\" sizes=\"(max-width: 1800px) 100vw, 1800px\" \/>\n<p>[gracias]<\/p>\n\n\n<div class=\"kk-star-ratings kksr-auto kksr-align-left kksr-valign-bottom\"\n    data-payload='{&quot;align&quot;:&quot;left&quot;,&quot;id&quot;:&quot;54116&quot;,&quot;slug&quot;:&quot;default&quot;,&quot;valign&quot;:&quot;bottom&quot;,&quot;ignore&quot;:&quot;&quot;,&quot;reference&quot;:&quot;auto&quot;,&quot;class&quot;:&quot;&quot;,&quot;count&quot;:&quot;18&quot;,&quot;legendonly&quot;:&quot;&quot;,&quot;readonly&quot;:&quot;&quot;,&quot;score&quot;:&quot;4.9&quot;,&quot;starsonly&quot;:&quot;&quot;,&quot;best&quot;:&quot;5&quot;,&quot;gap&quot;:&quot;4&quot;,&quot;greet&quot;:&quot;Sea el primero en valorar esta entrada de blog.&quot;,&quot;legend&quot;:&quot;4.9\\\/5 - (18 votos)&quot;,&quot;size&quot;:&quot;21&quot;,&quot;title&quot;:&quot;Descubre la Muralla Roja de Ricardo Bofill en Calp&quot;,&quot;width&quot;:&quot;120.5&quot;,&quot;_legend&quot;:&quot;{score}\\\/{best} - ({count} {votes})&quot;,&quot;font_factor&quot;:&quot;1.25&quot;}'>\n            \n<div class=\"kksr-stars\">\n    \n<div class=\"kksr-stars-inactive\">\n            <div class=\"kksr-star\" data-star=\"1\" style=\"padding-right: 4px\">\n            \n\n<div class=\"kksr-icon\" style=\"width: 21px; height: 21px;\"><\/div>\n        <\/div>\n            <div class=\"kksr-star\" data-star=\"2\" style=\"padding-right: 4px\">\n            \n\n<div class=\"kksr-icon\" style=\"width: 21px; height: 21px;\"><\/div>\n        <\/div>\n            <div class=\"kksr-star\" data-star=\"3\" style=\"padding-right: 4px\">\n            \n\n<div class=\"kksr-icon\" style=\"width: 21px; height: 21px;\"><\/div>\n        <\/div>\n            <div class=\"kksr-star\" data-star=\"4\" style=\"padding-right: 4px\">\n            \n\n<div class=\"kksr-icon\" style=\"width: 21px; height: 21px;\"><\/div>\n        <\/div>\n            <div class=\"kksr-star\" data-star=\"5\" style=\"padding-right: 4px\">\n            \n\n<div class=\"kksr-icon\" style=\"width: 21px; height: 21px;\"><\/div>\n        <\/div>\n    <\/div>\n    \n<div class=\"kksr-stars-active\" style=\"width: 120.5px;\">\n            <div class=\"kksr-star\" style=\"padding-right: 4px\">\n            \n\n<div class=\"kksr-icon\" style=\"width: 21px; height: 21px;\"><\/div>\n        <\/div>\n            <div class=\"kksr-star\" style=\"padding-right: 4px\">\n            \n\n<div class=\"kksr-icon\" style=\"width: 21px; height: 21px;\"><\/div>\n        <\/div>\n            <div class=\"kksr-star\" style=\"padding-right: 4px\">\n            \n\n<div class=\"kksr-icon\" style=\"width: 21px; height: 21px;\"><\/div>\n        <\/div>\n            <div class=\"kksr-star\" style=\"padding-right: 4px\">\n            \n\n<div class=\"kksr-icon\" style=\"width: 21px; height: 21px;\"><\/div>\n        <\/div>\n            <div class=\"kksr-star\" style=\"padding-right: 4px\">\n            \n\n<div class=\"kksr-icon\" style=\"width: 21px; height: 21px;\"><\/div>\n        <\/div>\n    <\/div>\n<\/div>\n                \n\n<div class=\"kksr-legend\" style=\"font-size: 16.8px;\">\n            4.9\/5 - (18 votos)    <\/div>\n    <\/div>\n","protected":false},"excerpt":{"rendered":"<p>\u00bfHas o\u00eddo hablar de Muralla Roja? Un complejo de arquitectura 100% gr\u00e1fica, reconocible por sus rosas y azules pastel. Un sue\u00f1o para los amantes de la arquitectura.<\/p>\n","protected":false},"author":1,"featured_media":47909,"comment_status":"open","ping_status":"closed","sticky":false,"template":"","format":"standard","meta":{"_acf_changed":false,"_lmt_disableupdate":"no","_lmt_disable":"no","footnotes":""},"categories":[461,462],"tags":[],"class_list":["post-54116","post","type-post","status-publish","format-standard","has-post-thumbnail","hentry","category-espana","category-guias-de-viajes"],"acf":[],"yoast_head":"<!-- This site is optimized with the Yoast SEO plugin v27.4 - https:\/\/yoast.com\/product\/yoast-seo-wordpress\/ -->\n<title>Descubre la Muralla Roja de Ricardo Bofill en Calp - Blog de viajes<\/title>\n<meta name=\"description\" content=\"Descubre la Muralla Roja de Ricardo Bofill en Calp, Espa\u00f1a. Te encantar\u00e1n sus tonos rosados y su arquitectura at\u00edpica con vistas al mar.\" \/>\n<meta name=\"robots\" content=\"index, follow, max-snippet:-1, max-image-preview:large, max-video-preview:-1\" \/>\n<link rel=\"canonical\" href=\"https:\/\/decouvrirensemble.com\/es\/muralla-roja-ricardo-bofill-calp\" \/>\n<meta property=\"og:locale\" content=\"es_ES\" \/>\n<meta property=\"og:type\" content=\"article\" \/>\n<meta property=\"og:title\" content=\"Descubre la Muralla Roja de Ricardo Bofill en Calp - Blog de viajes\" \/>\n<meta property=\"og:description\" content=\"Descubre la Muralla Roja de Ricardo Bofill en Calp, Espa\u00f1a. Te encantar\u00e1n sus tonos rosados y su arquitectura at\u00edpica con vistas al mar.\" \/>\n<meta property=\"og:url\" content=\"https:\/\/decouvrirensemble.com\/es\/muralla-roja-ricardo-bofill-calp\" \/>\n<meta property=\"og:site_name\" content=\"Blog Voyage - D\u00e9couvrir Ensemble\" \/>\n<meta property=\"article:published_time\" content=\"2018-09-17T09:12:52+00:00\" \/>\n<meta property=\"article:modified_time\" content=\"2026-01-06T15:22:24+00:00\" \/>\n<meta property=\"og:image\" content=\"https:\/\/decouvrirensemble.com\/wp-content\/uploads\/2018\/09\/Muralla-Roja-Ricardo-Bofill-blog-voyage.jpg\" \/>\n\t<meta property=\"og:image:width\" content=\"1800\" \/>\n\t<meta property=\"og:image:height\" content=\"1350\" \/>\n\t<meta property=\"og:image:type\" content=\"image\/jpeg\" \/>\n<meta name=\"author\" content=\"Cl\u00e9mence &amp; Alexandre\" \/>\n<meta name=\"twitter:card\" content=\"summary_large_image\" \/>\n<meta name=\"twitter:creator\" content=\"@dcouvrirensmble\" \/>\n<meta name=\"twitter:site\" content=\"@dcouvrirensmble\" \/>\n<meta name=\"twitter:label1\" content=\"Escrito por\" \/>\n\t<meta name=\"twitter:data1\" content=\"Cl\u00e9mence &amp; Alexandre\" \/>\n\t<meta name=\"twitter:label2\" content=\"Tiempo de lectura\" \/>\n\t<meta name=\"twitter:data2\" content=\"6 minutos\" \/>\n<script type=\"application\/ld+json\" class=\"yoast-schema-graph\">{\"@context\":\"https:\\\/\\\/schema.org\",\"@graph\":[{\"@type\":\"Article\",\"@id\":\"https:\\\/\\\/decouvrirensemble.com\\\/es\\\/muralla-roja-ricardo-bofill-calp#article\",\"isPartOf\":{\"@id\":\"https:\\\/\\\/decouvrirensemble.com\\\/es\\\/muralla-roja-ricardo-bofill-calp\"},\"author\":{\"name\":\"Cl\u00e9mence &amp; Alexandre\",\"@id\":\"https:\\\/\\\/decouvrirensemble.com\\\/es#\\\/schema\\\/person\\\/a53efd44d02eb7f9ab90f96e84a9d2ba\"},\"headline\":\"Descubre la Muralla Roja de Ricardo Bofill en Calp\",\"datePublished\":\"2018-09-17T09:12:52+00:00\",\"dateModified\":\"2026-01-06T15:22:24+00:00\",\"mainEntityOfPage\":{\"@id\":\"https:\\\/\\\/decouvrirensemble.com\\\/es\\\/muralla-roja-ricardo-bofill-calp\"},\"wordCount\":643,\"commentCount\":0,\"publisher\":{\"@id\":\"https:\\\/\\\/decouvrirensemble.com\\\/es#\\\/schema\\\/person\\\/a53efd44d02eb7f9ab90f96e84a9d2ba\"},\"image\":{\"@id\":\"https:\\\/\\\/decouvrirensemble.com\\\/es\\\/muralla-roja-ricardo-bofill-calp#primaryimage\"},\"thumbnailUrl\":\"https:\\\/\\\/decouvrirensemble.com\\\/wp-content\\\/uploads\\\/2018\\\/09\\\/Muralla-Roja-Ricardo-Bofill-blog-voyage.jpg\",\"articleSection\":[\"Espa\u00f1a\",\"Gu\u00edas de viajes\"],\"inLanguage\":\"es\",\"potentialAction\":[{\"@type\":\"CommentAction\",\"name\":\"Comment\",\"target\":[\"https:\\\/\\\/decouvrirensemble.com\\\/es\\\/muralla-roja-ricardo-bofill-calp#respond\"]}]},{\"@type\":\"WebPage\",\"@id\":\"https:\\\/\\\/decouvrirensemble.com\\\/es\\\/muralla-roja-ricardo-bofill-calp\",\"url\":\"https:\\\/\\\/decouvrirensemble.com\\\/es\\\/muralla-roja-ricardo-bofill-calp\",\"name\":\"Descubre la Muralla Roja de Ricardo Bofill en Calp - Blog de viajes\",\"isPartOf\":{\"@id\":\"https:\\\/\\\/decouvrirensemble.com\\\/es#website\"},\"primaryImageOfPage\":{\"@id\":\"https:\\\/\\\/decouvrirensemble.com\\\/es\\\/muralla-roja-ricardo-bofill-calp#primaryimage\"},\"image\":{\"@id\":\"https:\\\/\\\/decouvrirensemble.com\\\/es\\\/muralla-roja-ricardo-bofill-calp#primaryimage\"},\"thumbnailUrl\":\"https:\\\/\\\/decouvrirensemble.com\\\/wp-content\\\/uploads\\\/2018\\\/09\\\/Muralla-Roja-Ricardo-Bofill-blog-voyage.jpg\",\"datePublished\":\"2018-09-17T09:12:52+00:00\",\"dateModified\":\"2026-01-06T15:22:24+00:00\",\"description\":\"Descubre la Muralla Roja de Ricardo Bofill en Calp, Espa\u00f1a. Te encantar\u00e1n sus tonos rosados y su arquitectura at\u00edpica con vistas al mar.\",\"breadcrumb\":{\"@id\":\"https:\\\/\\\/decouvrirensemble.com\\\/es\\\/muralla-roja-ricardo-bofill-calp#breadcrumb\"},\"inLanguage\":\"es\",\"potentialAction\":[{\"@type\":\"ReadAction\",\"target\":[\"https:\\\/\\\/decouvrirensemble.com\\\/es\\\/muralla-roja-ricardo-bofill-calp\"]}]},{\"@type\":\"ImageObject\",\"inLanguage\":\"es\",\"@id\":\"https:\\\/\\\/decouvrirensemble.com\\\/es\\\/muralla-roja-ricardo-bofill-calp#primaryimage\",\"url\":\"https:\\\/\\\/decouvrirensemble.com\\\/wp-content\\\/uploads\\\/2018\\\/09\\\/Muralla-Roja-Ricardo-Bofill-blog-voyage.jpg\",\"contentUrl\":\"https:\\\/\\\/decouvrirensemble.com\\\/wp-content\\\/uploads\\\/2018\\\/09\\\/Muralla-Roja-Ricardo-Bofill-blog-voyage.jpg\",\"width\":1800,\"height\":1350,\"caption\":\"Muralla Roja\"},{\"@type\":\"BreadcrumbList\",\"@id\":\"https:\\\/\\\/decouvrirensemble.com\\\/es\\\/muralla-roja-ricardo-bofill-calp#breadcrumb\",\"itemListElement\":[{\"@type\":\"ListItem\",\"position\":1,\"name\":\"Accueil\",\"item\":\"https:\\\/\\\/decouvrirensemble.com\\\/es\"},{\"@type\":\"ListItem\",\"position\":2,\"name\":\"Destinos\",\"item\":\"https:\\\/\\\/decouvrirensemble.com\\\/es\\\/destinos\"},{\"@type\":\"ListItem\",\"position\":3,\"name\":\"Espa\u00f1a\",\"item\":\"https:\\\/\\\/decouvrirensemble.com\\\/es\\\/destinos\\\/espana\"},{\"@type\":\"ListItem\",\"position\":4,\"name\":\"Descubre la Muralla Roja de Ricardo Bofill en Calp\"}]},{\"@type\":\"WebSite\",\"@id\":\"https:\\\/\\\/decouvrirensemble.com\\\/es#website\",\"url\":\"https:\\\/\\\/decouvrirensemble.com\\\/es\",\"name\":\"Blog Voyage - D\u00e9couvrir Ensemble\",\"description\":\"Le Blog Voyage de Clem et Alex\",\"publisher\":{\"@id\":\"https:\\\/\\\/decouvrirensemble.com\\\/es#\\\/schema\\\/person\\\/a53efd44d02eb7f9ab90f96e84a9d2ba\"},\"potentialAction\":[{\"@type\":\"SearchAction\",\"target\":{\"@type\":\"EntryPoint\",\"urlTemplate\":\"https:\\\/\\\/decouvrirensemble.com\\\/es?s={search_term_string}\"},\"query-input\":{\"@type\":\"PropertyValueSpecification\",\"valueRequired\":true,\"valueName\":\"search_term_string\"}}],\"inLanguage\":\"es\"},{\"@type\":[\"Person\",\"Organization\"],\"@id\":\"https:\\\/\\\/decouvrirensemble.com\\\/es#\\\/schema\\\/person\\\/a53efd44d02eb7f9ab90f96e84a9d2ba\",\"name\":\"Cl\u00e9mence &amp; Alexandre\",\"image\":{\"@type\":\"ImageObject\",\"inLanguage\":\"es\",\"@id\":\"https:\\\/\\\/decouvrirensemble.com\\\/wp-content\\\/uploads\\\/2024\\\/04\\\/logo-decouvrir-ensemble-blog-voyage.jpg\",\"url\":\"https:\\\/\\\/decouvrirensemble.com\\\/wp-content\\\/uploads\\\/2024\\\/04\\\/logo-decouvrir-ensemble-blog-voyage.jpg\",\"contentUrl\":\"https:\\\/\\\/decouvrirensemble.com\\\/wp-content\\\/uploads\\\/2024\\\/04\\\/logo-decouvrir-ensemble-blog-voyage.jpg\",\"width\":1563,\"height\":529,\"caption\":\"Cl\u00e9mence &amp; Alexandre\"},\"logo\":{\"@id\":\"https:\\\/\\\/decouvrirensemble.com\\\/wp-content\\\/uploads\\\/2024\\\/04\\\/logo-decouvrir-ensemble-blog-voyage.jpg\"},\"sameAs\":[\"https:\\\/\\\/decouvrirensemble.com\\\/\"]}]}<\/script>\n<!-- \/ Yoast SEO plugin. -->","yoast_head_json":{"title":"Descubre la Muralla Roja de Ricardo Bofill en Calp - Blog de viajes","description":"Descubre la Muralla Roja de Ricardo Bofill en Calp, Espa\u00f1a. Te encantar\u00e1n sus tonos rosados y su arquitectura at\u00edpica con vistas al mar.","robots":{"index":"index","follow":"follow","max-snippet":"max-snippet:-1","max-image-preview":"max-image-preview:large","max-video-preview":"max-video-preview:-1"},"canonical":"https:\/\/decouvrirensemble.com\/es\/muralla-roja-ricardo-bofill-calp","og_locale":"es_ES","og_type":"article","og_title":"Descubre la Muralla Roja de Ricardo Bofill en Calp - Blog de viajes","og_description":"Descubre la Muralla Roja de Ricardo Bofill en Calp, Espa\u00f1a. Te encantar\u00e1n sus tonos rosados y su arquitectura at\u00edpica con vistas al mar.","og_url":"https:\/\/decouvrirensemble.com\/es\/muralla-roja-ricardo-bofill-calp","og_site_name":"Blog Voyage - D\u00e9couvrir Ensemble","article_published_time":"2018-09-17T09:12:52+00:00","article_modified_time":"2026-01-06T15:22:24+00:00","og_image":[{"width":1800,"height":1350,"url":"https:\/\/decouvrirensemble.com\/wp-content\/uploads\/2018\/09\/Muralla-Roja-Ricardo-Bofill-blog-voyage.jpg","type":"image\/jpeg"}],"author":"Cl\u00e9mence &amp; Alexandre","twitter_card":"summary_large_image","twitter_creator":"@dcouvrirensmble","twitter_site":"@dcouvrirensmble","twitter_misc":{"Escrito por":"Cl\u00e9mence &amp; Alexandre","Tiempo de lectura":"6 minutos"},"schema":{"@context":"https:\/\/schema.org","@graph":[{"@type":"Article","@id":"https:\/\/decouvrirensemble.com\/es\/muralla-roja-ricardo-bofill-calp#article","isPartOf":{"@id":"https:\/\/decouvrirensemble.com\/es\/muralla-roja-ricardo-bofill-calp"},"author":{"name":"Cl\u00e9mence &amp; Alexandre","@id":"https:\/\/decouvrirensemble.com\/es#\/schema\/person\/a53efd44d02eb7f9ab90f96e84a9d2ba"},"headline":"Descubre la Muralla Roja de Ricardo Bofill en Calp","datePublished":"2018-09-17T09:12:52+00:00","dateModified":"2026-01-06T15:22:24+00:00","mainEntityOfPage":{"@id":"https:\/\/decouvrirensemble.com\/es\/muralla-roja-ricardo-bofill-calp"},"wordCount":643,"commentCount":0,"publisher":{"@id":"https:\/\/decouvrirensemble.com\/es#\/schema\/person\/a53efd44d02eb7f9ab90f96e84a9d2ba"},"image":{"@id":"https:\/\/decouvrirensemble.com\/es\/muralla-roja-ricardo-bofill-calp#primaryimage"},"thumbnailUrl":"https:\/\/decouvrirensemble.com\/wp-content\/uploads\/2018\/09\/Muralla-Roja-Ricardo-Bofill-blog-voyage.jpg","articleSection":["Espa\u00f1a","Gu\u00edas de viajes"],"inLanguage":"es","potentialAction":[{"@type":"CommentAction","name":"Comment","target":["https:\/\/decouvrirensemble.com\/es\/muralla-roja-ricardo-bofill-calp#respond"]}]},{"@type":"WebPage","@id":"https:\/\/decouvrirensemble.com\/es\/muralla-roja-ricardo-bofill-calp","url":"https:\/\/decouvrirensemble.com\/es\/muralla-roja-ricardo-bofill-calp","name":"Descubre la Muralla Roja de Ricardo Bofill en Calp - Blog de viajes","isPartOf":{"@id":"https:\/\/decouvrirensemble.com\/es#website"},"primaryImageOfPage":{"@id":"https:\/\/decouvrirensemble.com\/es\/muralla-roja-ricardo-bofill-calp#primaryimage"},"image":{"@id":"https:\/\/decouvrirensemble.com\/es\/muralla-roja-ricardo-bofill-calp#primaryimage"},"thumbnailUrl":"https:\/\/decouvrirensemble.com\/wp-content\/uploads\/2018\/09\/Muralla-Roja-Ricardo-Bofill-blog-voyage.jpg","datePublished":"2018-09-17T09:12:52+00:00","dateModified":"2026-01-06T15:22:24+00:00","description":"Descubre la Muralla Roja de Ricardo Bofill en Calp, Espa\u00f1a. Te encantar\u00e1n sus tonos rosados y su arquitectura at\u00edpica con vistas al mar.","breadcrumb":{"@id":"https:\/\/decouvrirensemble.com\/es\/muralla-roja-ricardo-bofill-calp#breadcrumb"},"inLanguage":"es","potentialAction":[{"@type":"ReadAction","target":["https:\/\/decouvrirensemble.com\/es\/muralla-roja-ricardo-bofill-calp"]}]},{"@type":"ImageObject","inLanguage":"es","@id":"https:\/\/decouvrirensemble.com\/es\/muralla-roja-ricardo-bofill-calp#primaryimage","url":"https:\/\/decouvrirensemble.com\/wp-content\/uploads\/2018\/09\/Muralla-Roja-Ricardo-Bofill-blog-voyage.jpg","contentUrl":"https:\/\/decouvrirensemble.com\/wp-content\/uploads\/2018\/09\/Muralla-Roja-Ricardo-Bofill-blog-voyage.jpg","width":1800,"height":1350,"caption":"Muralla Roja"},{"@type":"BreadcrumbList","@id":"https:\/\/decouvrirensemble.com\/es\/muralla-roja-ricardo-bofill-calp#breadcrumb","itemListElement":[{"@type":"ListItem","position":1,"name":"Accueil","item":"https:\/\/decouvrirensemble.com\/es"},{"@type":"ListItem","position":2,"name":"Destinos","item":"https:\/\/decouvrirensemble.com\/es\/destinos"},{"@type":"ListItem","position":3,"name":"Espa\u00f1a","item":"https:\/\/decouvrirensemble.com\/es\/destinos\/espana"},{"@type":"ListItem","position":4,"name":"Descubre la Muralla Roja de Ricardo Bofill en Calp"}]},{"@type":"WebSite","@id":"https:\/\/decouvrirensemble.com\/es#website","url":"https:\/\/decouvrirensemble.com\/es","name":"Blog Voyage - D\u00e9couvrir Ensemble","description":"Le Blog Voyage de Clem et Alex","publisher":{"@id":"https:\/\/decouvrirensemble.com\/es#\/schema\/person\/a53efd44d02eb7f9ab90f96e84a9d2ba"},"potentialAction":[{"@type":"SearchAction","target":{"@type":"EntryPoint","urlTemplate":"https:\/\/decouvrirensemble.com\/es?s={search_term_string}"},"query-input":{"@type":"PropertyValueSpecification","valueRequired":true,"valueName":"search_term_string"}}],"inLanguage":"es"},{"@type":["Person","Organization"],"@id":"https:\/\/decouvrirensemble.com\/es#\/schema\/person\/a53efd44d02eb7f9ab90f96e84a9d2ba","name":"Cl\u00e9mence &amp; Alexandre","image":{"@type":"ImageObject","inLanguage":"es","@id":"https:\/\/decouvrirensemble.com\/wp-content\/uploads\/2024\/04\/logo-decouvrir-ensemble-blog-voyage.jpg","url":"https:\/\/decouvrirensemble.com\/wp-content\/uploads\/2024\/04\/logo-decouvrir-ensemble-blog-voyage.jpg","contentUrl":"https:\/\/decouvrirensemble.com\/wp-content\/uploads\/2024\/04\/logo-decouvrir-ensemble-blog-voyage.jpg","width":1563,"height":529,"caption":"Cl\u00e9mence &amp; Alexandre"},"logo":{"@id":"https:\/\/decouvrirensemble.com\/wp-content\/uploads\/2024\/04\/logo-decouvrir-ensemble-blog-voyage.jpg"},"sameAs":["https:\/\/decouvrirensemble.com\/"]}]}},"modified_by":"Cl\u00e9mence &amp; Alexandre","_links":{"self":[{"href":"https:\/\/decouvrirensemble.com\/es\/wp-json\/wp\/v2\/posts\/54116","targetHints":{"allow":["GET"]}}],"collection":[{"href":"https:\/\/decouvrirensemble.com\/es\/wp-json\/wp\/v2\/posts"}],"about":[{"href":"https:\/\/decouvrirensemble.com\/es\/wp-json\/wp\/v2\/types\/post"}],"author":[{"embeddable":true,"href":"https:\/\/decouvrirensemble.com\/es\/wp-json\/wp\/v2\/users\/1"}],"replies":[{"embeddable":true,"href":"https:\/\/decouvrirensemble.com\/es\/wp-json\/wp\/v2\/comments?post=54116"}],"version-history":[{"count":2,"href":"https:\/\/decouvrirensemble.com\/es\/wp-json\/wp\/v2\/posts\/54116\/revisions"}],"predecessor-version":[{"id":63622,"href":"https:\/\/decouvrirensemble.com\/es\/wp-json\/wp\/v2\/posts\/54116\/revisions\/63622"}],"wp:featuredmedia":[{"embeddable":true,"href":"https:\/\/decouvrirensemble.com\/es\/wp-json\/wp\/v2\/media\/47909"}],"wp:attachment":[{"href":"https:\/\/decouvrirensemble.com\/es\/wp-json\/wp\/v2\/media?parent=54116"}],"wp:term":[{"taxonomy":"category","embeddable":true,"href":"https:\/\/decouvrirensemble.com\/es\/wp-json\/wp\/v2\/categories?post=54116"},{"taxonomy":"post_tag","embeddable":true,"href":"https:\/\/decouvrirensemble.com\/es\/wp-json\/wp\/v2\/tags?post=54116"}],"curies":[{"name":"wp","href":"https:\/\/api.w.org\/{rel}","templated":true}]}}