{"id":54125,"date":"2022-07-21T21:50:55","date_gmt":"2022-07-21T19:50:55","guid":{"rendered":"https:\/\/decouvrirensemble.com\/que-faire-a-calvi-corse-du-nord"},"modified":"2026-01-06T15:50:44","modified_gmt":"2026-01-06T14:50:44","slug":"que-ver-calvi-corcega","status":"publish","type":"post","link":"https:\/\/decouvrirensemble.com\/es\/que-ver-calvi-corcega","title":{"rendered":"Lo mejor que ver en Calvi, C\u00f3rcega"},"content":{"rendered":"<p>\u00a1Ya tenemos ganas de volver a <strong>C\u00f3rcega<\/strong> para descubrir m\u00e1s! As\u00ed que si est\u00e1 planeando unas vacaciones en <strong>el norte de C\u00f3rcega<\/strong> y no quiere perderse los lugares imprescindibles, siga nuestra gu\u00eda en nuestro <strong>blog de viajes<\/strong> para saber <strong>qu\u00e9 hacer en Calvi<\/strong>.<\/p>\n<p>Cuarto destino tur\u00edstico de C\u00f3rcega, despu\u00e9s de Ajaccio, Bastia y Figari, Calvi es una ciudad de visita obligada que le recomendamos para descubrir la isla por primera vez. La ciudad tiene mucho que ofrecer, \u00a1y esperamos que nuestra lista de imprescindibles le ayude a saber qu\u00e9 hacer en Calvi y a que sus vacaciones sean un \u00e9xito!<\/p>\n<h2 id=\"que-ver\"><span class=\"ez-toc-section\" id=\"%C2%BFQue_ver_en_Calvi\"><\/span>\u00bfQu\u00e9 ver en Calvi?<span class=\"ez-toc-section-end\"><\/span><\/h2>\n<h3><span class=\"ez-toc-section\" id=\"1_El_casco_antiguo_de_Calvi\"><\/span>1. El casco antiguo de Calvi<span class=\"ez-toc-section-end\"><\/span><\/h3>\n<p>El casco antiguo de Calvi es peque\u00f1o, pero merece la pena visitarlo. Encontrar\u00e1 numerosas tiendas de artesan\u00eda local, restaurantes con terrazas y un mercado cubierto repleto de especialidades corsas&#8230; Aqu\u00ed todo invita a relajarse, y eso nos encanta.<\/p>\n<img decoding=\"async\" class=\"alignnone wp-image-18045 size-full\" src=\"https:\/\/decouvrirensemble.com\/wp-content\/uploads\/2022\/07\/visiter-calvi-incontournable-centre-ville.jpg\" alt=\"calvi blog\" width=\"1800\" height=\"1200\" srcset=\"https:\/\/decouvrirensemble.com\/wp-content\/uploads\/2022\/07\/visiter-calvi-incontournable-centre-ville.jpg 1800w, https:\/\/decouvrirensemble.com\/wp-content\/uploads\/2022\/07\/visiter-calvi-incontournable-centre-ville-300x200.jpg 300w, https:\/\/decouvrirensemble.com\/wp-content\/uploads\/2022\/07\/visiter-calvi-incontournable-centre-ville-1024x683.jpg 1024w, https:\/\/decouvrirensemble.com\/wp-content\/uploads\/2022\/07\/visiter-calvi-incontournable-centre-ville-768x512.jpg 768w, https:\/\/decouvrirensemble.com\/wp-content\/uploads\/2022\/07\/visiter-calvi-incontournable-centre-ville-1536x1024.jpg 1536w\" sizes=\"(max-width: 1800px) 100vw, 1800px\" \/>\n<img decoding=\"async\" class=\"alignnone wp-image-18031 size-full\" src=\"https:\/\/decouvrirensemble.com\/wp-content\/uploads\/2022\/07\/centre-ville-de-calvi-corse.jpg\" alt=\"vieille ville calvi\" width=\"1800\" height=\"1200\" srcset=\"https:\/\/decouvrirensemble.com\/wp-content\/uploads\/2022\/07\/centre-ville-de-calvi-corse.jpg 1800w, https:\/\/decouvrirensemble.com\/wp-content\/uploads\/2022\/07\/centre-ville-de-calvi-corse-300x200.jpg 300w, https:\/\/decouvrirensemble.com\/wp-content\/uploads\/2022\/07\/centre-ville-de-calvi-corse-1024x683.jpg 1024w, https:\/\/decouvrirensemble.com\/wp-content\/uploads\/2022\/07\/centre-ville-de-calvi-corse-768x512.jpg 768w, https:\/\/decouvrirensemble.com\/wp-content\/uploads\/2022\/07\/centre-ville-de-calvi-corse-1536x1024.jpg 1536w\" sizes=\"(max-width: 1800px) 100vw, 1800px\" \/>\n<h3><span class=\"ez-toc-section\" id=\"2_La_Ciudadela_de_Calvi\"><\/span>2. La Ciudadela de Calvi<span class=\"ez-toc-section-end\"><\/span><\/h3>\n<p>Construida entre los siglos XIII y XVI, la <a href=\"https:\/\/maps.app.goo.gl\/HFvqJwPm7M2yWbAN8\" rel=\"noopener\">Ciudadela medieval<\/a> es la atracci\u00f3n imprescindible para descubrir a pie durante tu visita a Calvi. Nos encant\u00f3 pasear por sus callejuelas empedradas, descubrir los diferentes miradores sobre la ciudad y sus playas, y disfrutar de un caf\u00e9 en la terraza. \u00a1La Dolce Vita a la moda corsa!<\/p>\n<p>D\u00e9 un paseo hasta la iglesia Saint-Jean-Baptiste, monumento hist\u00f3rico protegido. Tambi\u00e9n encontramos un encantador restaurante en el coraz\u00f3n de la Citadelle, que recomendamos en la secci\u00f3n \u00abD\u00f3nde comer\u00bb. Lo que m\u00e1s nos gust\u00f3 de la Citadelle fueron las impresionantes vistas; no te decepcionar\u00e1. La Citadelle de Calvi suele ser el primer lugar que viene a la mente cuando se pregunta<strong>\u00abqu\u00e9 ver en Calvi<\/strong>\u00ab.<\/p>\n<img decoding=\"async\" class=\"alignnone wp-image-18047 size-full\" src=\"https:\/\/decouvrirensemble.com\/wp-content\/uploads\/2022\/07\/visiter-la-citadelle-de-calvi-a-pied.jpg\" alt=\"blog calvi\" width=\"1800\" height=\"1200\" srcset=\"https:\/\/decouvrirensemble.com\/wp-content\/uploads\/2022\/07\/visiter-la-citadelle-de-calvi-a-pied.jpg 1800w, https:\/\/decouvrirensemble.com\/wp-content\/uploads\/2022\/07\/visiter-la-citadelle-de-calvi-a-pied-300x200.jpg 300w, https:\/\/decouvrirensemble.com\/wp-content\/uploads\/2022\/07\/visiter-la-citadelle-de-calvi-a-pied-1024x683.jpg 1024w, https:\/\/decouvrirensemble.com\/wp-content\/uploads\/2022\/07\/visiter-la-citadelle-de-calvi-a-pied-768x512.jpg 768w, https:\/\/decouvrirensemble.com\/wp-content\/uploads\/2022\/07\/visiter-la-citadelle-de-calvi-a-pied-1536x1024.jpg 1536w\" sizes=\"(max-width: 1800px) 100vw, 1800px\" \/>\n<img decoding=\"async\" class=\"alignnone wp-image-18046 size-full\" src=\"https:\/\/decouvrirensemble.com\/wp-content\/uploads\/2022\/07\/visiter-citadelle-calvi-corse.jpg\" alt=\"Citadelle de Calvi\" width=\"1800\" height=\"1200\" srcset=\"https:\/\/decouvrirensemble.com\/wp-content\/uploads\/2022\/07\/visiter-citadelle-calvi-corse.jpg 1800w, https:\/\/decouvrirensemble.com\/wp-content\/uploads\/2022\/07\/visiter-citadelle-calvi-corse-300x200.jpg 300w, https:\/\/decouvrirensemble.com\/wp-content\/uploads\/2022\/07\/visiter-citadelle-calvi-corse-1024x683.jpg 1024w, https:\/\/decouvrirensemble.com\/wp-content\/uploads\/2022\/07\/visiter-citadelle-calvi-corse-768x512.jpg 768w, https:\/\/decouvrirensemble.com\/wp-content\/uploads\/2022\/07\/visiter-citadelle-calvi-corse-1536x1024.jpg 1536w\" sizes=\"(max-width: 1800px) 100vw, 1800px\" \/>\n<img decoding=\"async\" class=\"alignnone wp-image-18032 size-full\" src=\"https:\/\/decouvrirensemble.com\/wp-content\/uploads\/2022\/07\/citadelle-medievale-de-calvi.jpg\" alt=\"Citadelle de Calvi\" width=\"1800\" height=\"1200\" srcset=\"https:\/\/decouvrirensemble.com\/wp-content\/uploads\/2022\/07\/citadelle-medievale-de-calvi.jpg 1800w, https:\/\/decouvrirensemble.com\/wp-content\/uploads\/2022\/07\/citadelle-medievale-de-calvi-300x200.jpg 300w, https:\/\/decouvrirensemble.com\/wp-content\/uploads\/2022\/07\/citadelle-medievale-de-calvi-1024x683.jpg 1024w, https:\/\/decouvrirensemble.com\/wp-content\/uploads\/2022\/07\/citadelle-medievale-de-calvi-768x512.jpg 768w, https:\/\/decouvrirensemble.com\/wp-content\/uploads\/2022\/07\/citadelle-medievale-de-calvi-1536x1024.jpg 1536w\" sizes=\"(max-width: 1800px) 100vw, 1800px\" \/>\n<h3><span class=\"ez-toc-section\" id=\"3_La_playa_de_Calvi\"><\/span>3. La playa de Calvi<span class=\"ez-toc-section-end\"><\/span><\/h3>\n<p><a href=\"https:\/\/maps.app.goo.gl\/vyCXykjGyinp6jyK6\" rel=\"noopener\">La larga playa de Calvi<\/a> es la postal corsa que cabr\u00eda esperar: arena fina, aguas turquesas, chiringuitos y tumbonas. Se extiende a lo largo de m\u00e1s de 4 kil\u00f3metros, est\u00e1 rodeada de monta\u00f1as y ofrece una vista impresionante de la ciudadela. Nos encant\u00f3 pasear de un extremo a otro de la playa y parar a ba\u00f1arnos por la tarde.<\/p>\n<p>Para los que pens\u00e9is ir en familia, esta playa es ideal para los ni\u00f1os, ya que el agua es muy poco profunda durante muchos metros. Si, en la pregunta \u00ab\u00bfqu\u00e9 hacer en Calvi?\u00bb, busca un lugar donde tomar el sol con un panorama impresionante, \u00a1\u00e9ste es el lugar indicado!<\/p>\n<div id=\"attachment_18038\" style=\"width: 1810px\" class=\"wp-caption alignnone\"><img decoding=\"async\" aria-describedby=\"caption-attachment-18038\" class=\"wp-image-18038 size-full\" src=\"https:\/\/decouvrirensemble.com\/wp-content\/uploads\/2022\/07\/meilleures-plages-calvi-corse.jpg\" alt=\"Que faire \u00e0 Calvi\" width=\"1800\" height=\"1200\" srcset=\"https:\/\/decouvrirensemble.com\/wp-content\/uploads\/2022\/07\/meilleures-plages-calvi-corse.jpg 1800w, https:\/\/decouvrirensemble.com\/wp-content\/uploads\/2022\/07\/meilleures-plages-calvi-corse-300x200.jpg 300w, https:\/\/decouvrirensemble.com\/wp-content\/uploads\/2022\/07\/meilleures-plages-calvi-corse-1024x683.jpg 1024w, https:\/\/decouvrirensemble.com\/wp-content\/uploads\/2022\/07\/meilleures-plages-calvi-corse-768x512.jpg 768w, https:\/\/decouvrirensemble.com\/wp-content\/uploads\/2022\/07\/meilleures-plages-calvi-corse-1536x1024.jpg 1536w\" sizes=\"(max-width: 1800px) 100vw, 1800px\" \/><p id=\"caption-attachment-18038\" class=\"wp-caption-text\">La playa principal de Calvi<\/p><\/div>\n<h3><span class=\"ez-toc-section\" id=\"4_El_puerto_de_Calvi\"><\/span>4. El puerto de Calvi<span class=\"ez-toc-section-end\"><\/span><\/h3>\n<p>Pasee por el Quai Landry para descubrir <a href=\"https:\/\/maps.app.goo.gl\/U8S7nXSMkvqQC3ws9\" rel=\"noopener\">el puerto de Calvi<\/a>, con sus terracitas de bares y restaurantes y sus numerosos barcos amarrados. Si est\u00e1 planeando una excursi\u00f3n en barco a Calvi, \u00a1los barcos suelen salir desde aqu\u00ed!<\/p>\n<h3><span class=\"ez-toc-section\" id=\"5_Festival_Calvi_on_the_Rocks\"><\/span>5. Festival Calvi on the Rocks<span class=\"ez-toc-section-end\"><\/span><\/h3>\n<p>Este festival de m\u00fasica se celebra cada a\u00f1o a principios de julio en las playas de Calvi. Podr\u00e1 descubrir artistas de electro y rock bajo el sol de C\u00f3rcega. Durante el d\u00eda, el festival se desarrolla en las playas, de forma totalmente gratuita. Basta con acercarse a los chiringuitos In Casa y Octopussy de 15:00 a 19:00 para disfrutar de la m\u00fasica.<\/p>\n<p>Por la noche, puede disfrutar de los escenarios reservando una entrada (unos 70 euros por noche). Descubrimos grandes artistas como Folamour, les 7 salopards, Myd&#8230;<\/p>\n<img decoding=\"async\" class=\"alignnone size-full wp-image-18034\" src=\"https:\/\/decouvrirensemble.com\/wp-content\/uploads\/2022\/07\/festival-calvi-on-the-rocks-corse.jpg\" alt=\"festival calvi corse\" width=\"1800\" height=\"1200\" srcset=\"https:\/\/decouvrirensemble.com\/wp-content\/uploads\/2022\/07\/festival-calvi-on-the-rocks-corse.jpg 1800w, https:\/\/decouvrirensemble.com\/wp-content\/uploads\/2022\/07\/festival-calvi-on-the-rocks-corse-300x200.jpg 300w, https:\/\/decouvrirensemble.com\/wp-content\/uploads\/2022\/07\/festival-calvi-on-the-rocks-corse-1024x683.jpg 1024w, https:\/\/decouvrirensemble.com\/wp-content\/uploads\/2022\/07\/festival-calvi-on-the-rocks-corse-768x512.jpg 768w, https:\/\/decouvrirensemble.com\/wp-content\/uploads\/2022\/07\/festival-calvi-on-the-rocks-corse-1536x1024.jpg 1536w\" sizes=\"(max-width: 1800px) 100vw, 1800px\" \/>\n<img decoding=\"async\" class=\"alignnone size-full wp-image-18036\" src=\"https:\/\/decouvrirensemble.com\/wp-content\/uploads\/2022\/07\/festival-de-musique-calvi-on-the-rocks-corse.jpg\" alt=\"calvi blog\" width=\"1800\" height=\"1200\" srcset=\"https:\/\/decouvrirensemble.com\/wp-content\/uploads\/2022\/07\/festival-de-musique-calvi-on-the-rocks-corse.jpg 1800w, https:\/\/decouvrirensemble.com\/wp-content\/uploads\/2022\/07\/festival-de-musique-calvi-on-the-rocks-corse-300x200.jpg 300w, https:\/\/decouvrirensemble.com\/wp-content\/uploads\/2022\/07\/festival-de-musique-calvi-on-the-rocks-corse-1024x683.jpg 1024w, https:\/\/decouvrirensemble.com\/wp-content\/uploads\/2022\/07\/festival-de-musique-calvi-on-the-rocks-corse-768x512.jpg 768w, https:\/\/decouvrirensemble.com\/wp-content\/uploads\/2022\/07\/festival-de-musique-calvi-on-the-rocks-corse-1536x1024.jpg 1536w\" sizes=\"(max-width: 1800px) 100vw, 1800px\" \/>\n<p>Descubrimos este festival de m\u00fasica gracias a Air France, que participaba por primera vez en el evento. Para la ocasi\u00f3n, propon\u00edan tests de personalidad musical para descubrir listas de reproducci\u00f3n personalizadas. La nuestra fue \u00abGolden Hour\u00bb en Spotify, \u00a1que te dejamos descubrir si necesitas inspiraci\u00f3n musical!<\/p>\n<img decoding=\"async\" class=\"alignnone size-full wp-image-18044\" src=\"https:\/\/decouvrirensemble.com\/wp-content\/uploads\/2022\/07\/visiter-calvi-airfrance-calvi-on-the-rocks.jpg\" alt=\"calvi on the rocks\" width=\"1800\" height=\"1200\" srcset=\"https:\/\/decouvrirensemble.com\/wp-content\/uploads\/2022\/07\/visiter-calvi-airfrance-calvi-on-the-rocks.jpg 1800w, https:\/\/decouvrirensemble.com\/wp-content\/uploads\/2022\/07\/visiter-calvi-airfrance-calvi-on-the-rocks-300x200.jpg 300w, https:\/\/decouvrirensemble.com\/wp-content\/uploads\/2022\/07\/visiter-calvi-airfrance-calvi-on-the-rocks-1024x683.jpg 1024w, https:\/\/decouvrirensemble.com\/wp-content\/uploads\/2022\/07\/visiter-calvi-airfrance-calvi-on-the-rocks-768x512.jpg 768w, https:\/\/decouvrirensemble.com\/wp-content\/uploads\/2022\/07\/visiter-calvi-airfrance-calvi-on-the-rocks-1536x1024.jpg 1536w\" sizes=\"(max-width: 1800px) 100vw, 1800px\" \/>\n<h3><span class=\"ez-toc-section\" id=\"6_Tomar_el_tren_a_Ile_Rousse\"><\/span>6. Tomar el tren a Ile Rousse<span class=\"ez-toc-section-end\"><\/span><\/h3>\n<p>\u00bfLe gustar\u00eda tomar un tren por la playa y a trav\u00e9s del pinar hasta un lugar excepcional? Tome uno de los dos vagones del famoso tren \u00abTrinichellu\u00bb hasta <a href=\"https:\/\/maps.app.goo.gl\/Bte5m4f7jmpSJ5yG7\" rel=\"noopener\">\u00cele-Rousse<\/a> por 12 euros ida y vuelta y unos 40 minutos de trayecto. Una vez en su destino, disfrute del entorno, las playas paradis\u00edacas, el centro urbano y el puerto de \u00cele-Rousse. \u00a1Un lugar realmente agradable para visitar cuando no se sabe qu\u00e9 hacer en Calvi!<\/p>\n<div id=\"attachment_18050\" style=\"width: 1810px\" class=\"wp-caption alignnone\"><img decoding=\"async\" aria-describedby=\"caption-attachment-18050\" class=\"wp-image-18050 size-full\" src=\"https:\/\/decouvrirensemble.com\/wp-content\/uploads\/2022\/07\/train-calvi-ile-rousse.jpg\" alt=\"train ile rousse\" width=\"1800\" height=\"1200\" srcset=\"https:\/\/decouvrirensemble.com\/wp-content\/uploads\/2022\/07\/train-calvi-ile-rousse.jpg 1800w, https:\/\/decouvrirensemble.com\/wp-content\/uploads\/2022\/07\/train-calvi-ile-rousse-300x200.jpg 300w, https:\/\/decouvrirensemble.com\/wp-content\/uploads\/2022\/07\/train-calvi-ile-rousse-1024x683.jpg 1024w, https:\/\/decouvrirensemble.com\/wp-content\/uploads\/2022\/07\/train-calvi-ile-rousse-768x512.jpg 768w, https:\/\/decouvrirensemble.com\/wp-content\/uploads\/2022\/07\/train-calvi-ile-rousse-1536x1024.jpg 1536w\" sizes=\"(max-width: 1800px) 100vw, 1800px\" \/><p id=\"caption-attachment-18050\" class=\"wp-caption-text\">Tren a Ile Rousse<\/p><\/div>\n<h2><span class=\"ez-toc-section\" id=\"Ideas_para_hacer_en_Calvi\"><\/span>Ideas para hacer en Calvi<span class=\"ez-toc-section-end\"><\/span><\/h2>\n<p>&nbsp;<\/p>\n<div data-gyg-tour-ids=\"247167,416451,295860\" data-gyg-partner-id=\"QTAK8D9\" data-gyg-number-of-items=\"3\" data-gyg-widget=\"activities\" data-gyg-locale-code=\"es-ES\" data-gyg-href=\"https:\/\/widget.getyourguide.com\/default\/activities.frame\">&nbsp;<\/div>\n<img decoding=\"async\" class=\"alignnone size-full wp-image-18043\" src=\"https:\/\/decouvrirensemble.com\/wp-content\/uploads\/2022\/07\/vacances-calvi-en-corse.jpg\" alt=\"blog corse\" width=\"1800\" height=\"1200\" srcset=\"https:\/\/decouvrirensemble.com\/wp-content\/uploads\/2022\/07\/vacances-calvi-en-corse.jpg 1800w, https:\/\/decouvrirensemble.com\/wp-content\/uploads\/2022\/07\/vacances-calvi-en-corse-300x200.jpg 300w, https:\/\/decouvrirensemble.com\/wp-content\/uploads\/2022\/07\/vacances-calvi-en-corse-1024x683.jpg 1024w, https:\/\/decouvrirensemble.com\/wp-content\/uploads\/2022\/07\/vacances-calvi-en-corse-768x512.jpg 768w, https:\/\/decouvrirensemble.com\/wp-content\/uploads\/2022\/07\/vacances-calvi-en-corse-1536x1024.jpg 1536w\" sizes=\"(max-width: 1800px) 100vw, 1800px\" \/>\n<h2 id=\"dormir\"><span class=\"ez-toc-section\" id=\"%C2%BFDonde_alojarse_en_Calvi_en_el_norte_de_Corcega\"><\/span>\u00bfD\u00f3nde alojarse en Calvi, en el norte de C\u00f3rcega?<span class=\"ez-toc-section-end\"><\/span><\/h2>\n<h3><span class=\"ez-toc-section\" id=\"El_hotel_Acquale\"><\/span>El hotel Acquale<span class=\"ez-toc-section-end\"><\/span><\/h3>\n<p><strong>Este hotel de 4 estrellas de Calvi<\/strong> goza de una ubicaci\u00f3n inmejorable, justo enfrente de la ciudadela. Las vistas tambi\u00e9n son impresionantes. El hotel est\u00e1 decorado con gusto, y nos encantaron los tonos suaves de los colores, la elecci\u00f3n de los materiales y la c\u00e1lida bienvenida del personal. Las habitaciones son muy c\u00f3modas, la ropa de cama es de primera calidad y todas tienen peque\u00f1os balcones, algo esencial para unas <strong>vacaciones en el norte de C\u00f3rcega<\/strong>.<\/p>\n<p>Tendr\u00e1 acceso a la bonita piscina y a una magn\u00edfica azotea con vistas a las monta\u00f1as de Calvi. El desayuno tambi\u00e9n merece la pena, con una amplia selecci\u00f3n de productos de calidad. En resumen, recomendamos al 100% este hotel para su <strong>estancia en Calvi, en el norte de C\u00f3rcega<\/strong>.<\/p>\n    <div class=\"niceButton\"><a href=\"https:\/\/www.booking.com\/hotel\/fr\/regina-calvi.fr.html?aid=1286053\" target=\"_blank\" class=\"emojiLink\">\n                    <span class=\"emojiLink__emoji\">\u2764\ufe0f<\/span>\n                <span class=\"emojiLink__title title title--big\">Ver disponibilidad<\/span>\n    <\/a><\/div>\n\n    \n<img decoding=\"async\" class=\"alignnone wp-image-18037 size-full\" src=\"https:\/\/decouvrirensemble.com\/wp-content\/uploads\/2022\/07\/hotel-calvi-l-aquale-ou-dormir.jpg\" alt=\"acquale calvi\" width=\"1800\" height=\"1200\" srcset=\"https:\/\/decouvrirensemble.com\/wp-content\/uploads\/2022\/07\/hotel-calvi-l-aquale-ou-dormir.jpg 1800w, https:\/\/decouvrirensemble.com\/wp-content\/uploads\/2022\/07\/hotel-calvi-l-aquale-ou-dormir-300x200.jpg 300w, https:\/\/decouvrirensemble.com\/wp-content\/uploads\/2022\/07\/hotel-calvi-l-aquale-ou-dormir-1024x683.jpg 1024w, https:\/\/decouvrirensemble.com\/wp-content\/uploads\/2022\/07\/hotel-calvi-l-aquale-ou-dormir-768x512.jpg 768w, https:\/\/decouvrirensemble.com\/wp-content\/uploads\/2022\/07\/hotel-calvi-l-aquale-ou-dormir-1536x1024.jpg 1536w\" sizes=\"(max-width: 1800px) 100vw, 1800px\" \/>\n<h2 id=\"comer\"><span class=\"ez-toc-section\" id=\"%C2%BFDonde_comer_en_Calvi_Nuestras_recomendaciones_de_restaurantes\"><\/span>\u00bfD\u00f3nde comer en Calvi? Nuestras recomendaciones de restaurantes<span class=\"ez-toc-section-end\"><\/span><\/h2>\n<h3><span class=\"ez-toc-section\" id=\"1_Restaurante_En_Casa\"><\/span>1. Restaurante En Casa<span class=\"ez-toc-section-end\"><\/span><\/h3>\n<p><a href=\"https:\/\/maps.app.goo.gl\/mGqK8fcbg7t6bsnf7\" rel=\"noopener\">Un restaurante encantador<\/a> en la playa. La decoraci\u00f3n bohemia es impresionante y la ubicaci\u00f3n es perfecta para comer contemplando las aguas turquesas. El men\u00fa es de primera categor\u00eda, con una selecci\u00f3n de platos de carne, pescado o verduras y delicioso sushi. Hemos comido all\u00ed varias veces y lo hemos disfrutado siempre.<\/p>\n<img decoding=\"async\" class=\"alignnone size-full wp-image-18030\" src=\"https:\/\/decouvrirensemble.com\/wp-content\/uploads\/2022\/07\/adresse-restaurant-in-casa-calvi.jpg\" alt=\"restaurant in casa\" width=\"1800\" height=\"1200\" srcset=\"https:\/\/decouvrirensemble.com\/wp-content\/uploads\/2022\/07\/adresse-restaurant-in-casa-calvi.jpg 1800w, https:\/\/decouvrirensemble.com\/wp-content\/uploads\/2022\/07\/adresse-restaurant-in-casa-calvi-300x200.jpg 300w, https:\/\/decouvrirensemble.com\/wp-content\/uploads\/2022\/07\/adresse-restaurant-in-casa-calvi-1024x683.jpg 1024w, https:\/\/decouvrirensemble.com\/wp-content\/uploads\/2022\/07\/adresse-restaurant-in-casa-calvi-768x512.jpg 768w, https:\/\/decouvrirensemble.com\/wp-content\/uploads\/2022\/07\/adresse-restaurant-in-casa-calvi-1536x1024.jpg 1536w\" sizes=\"(max-width: 1800px) 100vw, 1800px\" \/>\n<img decoding=\"async\" class=\"alignnone size-full wp-image-18042\" src=\"https:\/\/decouvrirensemble.com\/wp-content\/uploads\/2022\/07\/restaurant-in-casa-calvi.jpg\" alt=\"in casa\" width=\"1800\" height=\"1200\" srcset=\"https:\/\/decouvrirensemble.com\/wp-content\/uploads\/2022\/07\/restaurant-in-casa-calvi.jpg 1800w, https:\/\/decouvrirensemble.com\/wp-content\/uploads\/2022\/07\/restaurant-in-casa-calvi-300x200.jpg 300w, https:\/\/decouvrirensemble.com\/wp-content\/uploads\/2022\/07\/restaurant-in-casa-calvi-1024x683.jpg 1024w, https:\/\/decouvrirensemble.com\/wp-content\/uploads\/2022\/07\/restaurant-in-casa-calvi-768x512.jpg 768w, https:\/\/decouvrirensemble.com\/wp-content\/uploads\/2022\/07\/restaurant-in-casa-calvi-1536x1024.jpg 1536w\" sizes=\"(max-width: 1800px) 100vw, 1800px\" \/>\n<h3><span class=\"ez-toc-section\" id=\"2_La_azotea_del_Acquale\"><\/span>2. La azotea del Acquale<span class=\"ez-toc-section-end\"><\/span><\/h3>\n<p>La azotea de este bonito hotel de 4 estrellas ofrece c\u00f3cteles y platos, \u00a1para compartir o no! Las vistas sin duda merecen la pena, una de las m\u00e1s bonitas que hemos visto en Calvi.<\/p>\n<img decoding=\"async\" class=\"alignnone size-full wp-image-18040\" src=\"https:\/\/decouvrirensemble.com\/wp-content\/uploads\/2022\/07\/restaurant-calvi-l-aquale.jpg\" alt=\"l'aquale rooftop\" width=\"1800\" height=\"1200\" srcset=\"https:\/\/decouvrirensemble.com\/wp-content\/uploads\/2022\/07\/restaurant-calvi-l-aquale.jpg 1800w, https:\/\/decouvrirensemble.com\/wp-content\/uploads\/2022\/07\/restaurant-calvi-l-aquale-300x200.jpg 300w, https:\/\/decouvrirensemble.com\/wp-content\/uploads\/2022\/07\/restaurant-calvi-l-aquale-1024x683.jpg 1024w, https:\/\/decouvrirensemble.com\/wp-content\/uploads\/2022\/07\/restaurant-calvi-l-aquale-768x512.jpg 768w, https:\/\/decouvrirensemble.com\/wp-content\/uploads\/2022\/07\/restaurant-calvi-l-aquale-1536x1024.jpg 1536w\" sizes=\"(max-width: 1800px) 100vw, 1800px\" \/>\n<h3><span class=\"ez-toc-section\" id=\"3_A_Candella\"><\/span>3. A Candella<span class=\"ez-toc-section-end\"><\/span><\/h3>\n<p>No probamos <a href=\"https:\/\/maps.app.goo.gl\/3JR2iHFBttp4eAiH8\" rel=\"noopener\">este restaurante<\/a>, pero cuando pasamos por delante nos enamoramos de su decoraci\u00f3n y su ubicaci\u00f3n. Imag\u00ednese mesas dispuestas en el coraz\u00f3n de la Ciudadela de Calvi, con vistas al mar turquesa, un ambiente chill y un poco de m\u00fasica corsa. \u00a1Nos encantar\u00eda volver a Calvi s\u00f3lo para probar este lugar!<\/p>\n<img decoding=\"async\" class=\"alignnone size-full wp-image-18039\" src=\"https:\/\/decouvrirensemble.com\/wp-content\/uploads\/2022\/07\/restaurant-a-candella-calvi.jpg\" alt=\"a candella calvi\" width=\"1800\" height=\"1200\" srcset=\"https:\/\/decouvrirensemble.com\/wp-content\/uploads\/2022\/07\/restaurant-a-candella-calvi.jpg 1800w, https:\/\/decouvrirensemble.com\/wp-content\/uploads\/2022\/07\/restaurant-a-candella-calvi-300x200.jpg 300w, https:\/\/decouvrirensemble.com\/wp-content\/uploads\/2022\/07\/restaurant-a-candella-calvi-1024x683.jpg 1024w, https:\/\/decouvrirensemble.com\/wp-content\/uploads\/2022\/07\/restaurant-a-candella-calvi-768x512.jpg 768w, https:\/\/decouvrirensemble.com\/wp-content\/uploads\/2022\/07\/restaurant-a-candella-calvi-1536x1024.jpg 1536w\" sizes=\"(max-width: 1800px) 100vw, 1800px\" \/>\n<h3><span class=\"ez-toc-section\" id=\"4_Villa_Calvi\"><\/span>4. Villa Calvi<span class=\"ez-toc-section-end\"><\/span><\/h3>\n<p><a href=\"https:\/\/maps.app.goo.gl\/zS4RD35TNdC43FxNA\">Villa Calvi<\/a> es un hotel boutique de lujo en las alturas de la ciudad. Como las habitaciones no son muy asequibles, tambi\u00e9n puedes ir all\u00ed a cenar o a tomar una copa. Esta es tu oportunidad para descubrir la incre\u00edble vista y arquitectura del lugar, con los reflejos en la hermosa piscina de la Villa en primer plano.<\/p>\n<blockquote class=\"instagram-media\" style=\"background: #FFF; border: 0; border-radius: 3px; box-shadow: 0 0 1px 0 rgba(0,0,0,0.5),0 1px 10px 0 rgba(0,0,0,0.15); margin: 1px; max-width: 540px; min-width: 326px; padding: 0; width: calc(100% - 2px);\" data-instgrm-version=\"14\" data-instgrm-permalink=\"https:\/\/www.instagram.com\/p\/B2PUZAsoxfh\/?utm_source=ig_embed&amp;utm_campaign=loading\" data-instgrm-captioned=\"\">\n<div style=\"padding: 16px;\">\n<p>&nbsp;<\/p>\n<div style=\"display: flex; flex-direction: row; align-items: center;\">\n<div style=\"background-color: #f4f4f4; border-radius: 50%; flex-grow: 0; height: 40px; margin-right: 14px; width: 40px;\">&nbsp;<\/div>\n<div style=\"display: flex; flex-direction: column; flex-grow: 1; justify-content: center;\">\n<div style=\"background-color: #f4f4f4; border-radius: 4px; flex-grow: 0; height: 14px; margin-bottom: 6px; width: 100px;\">&nbsp;<\/div>\n<div style=\"background-color: #f4f4f4; border-radius: 4px; flex-grow: 0; height: 14px; width: 60px;\">&nbsp;<\/div>\n<\/div>\n<\/div>\n<div style=\"padding: 19% 0;\">&nbsp;<\/div>\n<div style=\"display: block; height: 50px; margin: 0 auto 12px; width: 50px;\">&nbsp;<\/div>\n<div style=\"padding-top: 8px;\">\n<div style=\"color: #3897f0; font-family: Arial,sans-serif; font-size: 14px; font-style: normal; font-weight: 550; line-height: 18px;\">Ver esta publicaci\u00f3n en Instagram<\/div>\n<\/div>\n<div style=\"padding: 12.5% 0;\">&nbsp;<\/div>\n<div style=\"display: flex; flex-direction: row; margin-bottom: 14px; align-items: center;\">\n<div>\n<div style=\"background-color: #f4f4f4; border-radius: 50%; height: 12.5px; width: 12.5px; transform: translateX(0px) translateY(7px);\">&nbsp;<\/div>\n<div style=\"background-color: #f4f4f4; height: 12.5px; transform: rotate(-45deg) translateX(3px) translateY(1px); width: 12.5px; flex-grow: 0; margin-right: 14px; margin-left: 2px;\">&nbsp;<\/div>\n<div style=\"background-color: #f4f4f4; border-radius: 50%; height: 12.5px; width: 12.5px; transform: translateX(9px) translateY(-18px);\">&nbsp;<\/div>\n<\/div>\n<div style=\"margin-left: 8px;\">\n<div style=\"background-color: #f4f4f4; border-radius: 50%; flex-grow: 0; height: 20px; width: 20px;\">&nbsp;<\/div>\n<div style=\"width: 0; height: 0; border-top: 2px solid transparent; border-left: 6px solid #f4f4f4; border-bottom: 2px solid transparent; transform: translateX(16px) translateY(-4px) rotate(30deg);\">&nbsp;<\/div>\n<\/div>\n<div style=\"margin-left: auto;\">\n<div style=\"width: 0px; border-top: 8px solid #F4F4F4; border-right: 8px solid transparent; transform: translateY(16px);\">&nbsp;<\/div>\n<div style=\"background-color: #f4f4f4; flex-grow: 0; height: 12px; width: 16px; transform: translateY(-4px);\">&nbsp;<\/div>\n<div style=\"width: 0; height: 0; border-top: 8px solid #F4F4F4; border-left: 8px solid transparent; transform: translateY(-4px) translateX(8px);\">&nbsp;<\/div>\n<\/div>\n<\/div>\n<div style=\"display: flex; flex-direction: column; flex-grow: 1; justify-content: center; margin-bottom: 24px;\">\n<div style=\"background-color: #f4f4f4; border-radius: 4px; flex-grow: 0; height: 14px; margin-bottom: 6px; width: 224px;\">&nbsp;<\/div>\n<div style=\"background-color: #f4f4f4; border-radius: 4px; flex-grow: 0; height: 14px; width: 144px;\">&nbsp;<\/div>\n<\/div>\n<p>&nbsp;<\/p>\n<p style=\"color: #c9c8cd; font-family: Arial,sans-serif; font-size: 14px; line-height: 17px; margin-bottom: 0; margin-top: 8px; overflow: hidden; padding: 8px 0 7px; text-align: center; text-overflow: ellipsis; white-space: nowrap;\"><a style=\"color: #c9c8cd; font-family: Arial,sans-serif; font-size: 14px; font-style: normal; font-weight: normal; line-height: 17px; text-decoration: none;\" href=\"https:\/\/www.instagram.com\/p\/B2PUZAsoxfh\/?utm_source=ig_embed&amp;utm_campaign=loading\" rel=\"noopener\">Una publicaci\u00f3n compartida por La Villa (@lavillacalvi)<\/a><\/p>\n<\/div>\n<\/blockquote>\n<p><script src=\"\/\/www.instagram.com\/embed.js\" async=\"\"><\/script><\/p>\n<p>[gracias]<\/p>\n\n\n<div class=\"kk-star-ratings kksr-auto kksr-align-left kksr-valign-bottom\"\n    data-payload='{&quot;align&quot;:&quot;left&quot;,&quot;id&quot;:&quot;54125&quot;,&quot;slug&quot;:&quot;default&quot;,&quot;valign&quot;:&quot;bottom&quot;,&quot;ignore&quot;:&quot;&quot;,&quot;reference&quot;:&quot;auto&quot;,&quot;class&quot;:&quot;&quot;,&quot;count&quot;:&quot;30&quot;,&quot;legendonly&quot;:&quot;&quot;,&quot;readonly&quot;:&quot;&quot;,&quot;score&quot;:&quot;4.8&quot;,&quot;starsonly&quot;:&quot;&quot;,&quot;best&quot;:&quot;5&quot;,&quot;gap&quot;:&quot;4&quot;,&quot;greet&quot;:&quot;Sea el primero en valorar esta entrada de blog.&quot;,&quot;legend&quot;:&quot;4.8\\\/5 - (30 votos)&quot;,&quot;size&quot;:&quot;21&quot;,&quot;title&quot;:&quot;Lo mejor que ver en Calvi, C\u00f3rcega&quot;,&quot;width&quot;:&quot;118&quot;,&quot;_legend&quot;:&quot;{score}\\\/{best} - ({count} {votes})&quot;,&quot;font_factor&quot;:&quot;1.25&quot;}'>\n            \n<div class=\"kksr-stars\">\n    \n<div class=\"kksr-stars-inactive\">\n            <div class=\"kksr-star\" data-star=\"1\" style=\"padding-right: 4px\">\n            \n\n<div class=\"kksr-icon\" style=\"width: 21px; height: 21px;\"><\/div>\n        <\/div>\n            <div class=\"kksr-star\" data-star=\"2\" style=\"padding-right: 4px\">\n            \n\n<div class=\"kksr-icon\" style=\"width: 21px; height: 21px;\"><\/div>\n        <\/div>\n            <div class=\"kksr-star\" data-star=\"3\" style=\"padding-right: 4px\">\n            \n\n<div class=\"kksr-icon\" style=\"width: 21px; height: 21px;\"><\/div>\n        <\/div>\n            <div class=\"kksr-star\" data-star=\"4\" style=\"padding-right: 4px\">\n            \n\n<div class=\"kksr-icon\" style=\"width: 21px; height: 21px;\"><\/div>\n        <\/div>\n            <div class=\"kksr-star\" data-star=\"5\" style=\"padding-right: 4px\">\n            \n\n<div class=\"kksr-icon\" style=\"width: 21px; height: 21px;\"><\/div>\n        <\/div>\n    <\/div>\n    \n<div class=\"kksr-stars-active\" style=\"width: 118px;\">\n            <div class=\"kksr-star\" style=\"padding-right: 4px\">\n            \n\n<div class=\"kksr-icon\" style=\"width: 21px; height: 21px;\"><\/div>\n        <\/div>\n            <div class=\"kksr-star\" style=\"padding-right: 4px\">\n            \n\n<div class=\"kksr-icon\" style=\"width: 21px; height: 21px;\"><\/div>\n        <\/div>\n            <div class=\"kksr-star\" style=\"padding-right: 4px\">\n            \n\n<div class=\"kksr-icon\" style=\"width: 21px; height: 21px;\"><\/div>\n        <\/div>\n            <div class=\"kksr-star\" style=\"padding-right: 4px\">\n            \n\n<div class=\"kksr-icon\" style=\"width: 21px; height: 21px;\"><\/div>\n        <\/div>\n            <div class=\"kksr-star\" style=\"padding-right: 4px\">\n            \n\n<div class=\"kksr-icon\" style=\"width: 21px; height: 21px;\"><\/div>\n        <\/div>\n    <\/div>\n<\/div>\n                \n\n<div class=\"kksr-legend\" style=\"font-size: 16.8px;\">\n            4.8\/5 - (30 votos)    <\/div>\n    <\/div>\n","protected":false},"excerpt":{"rendered":"<p>Calvi es una bonita ciudad del noroeste de C\u00f3rcega que merece la pena visitar por sus playas turquesas, sus monta\u00f1as rocosas y su ciudadela medieval fortificada. Fuimos a principios de julio para el festival Calvi on the Rocks y fue una gran introducci\u00f3n a la isla, que no hab\u00edamos visto antes.<\/p>\n","protected":false},"author":1,"featured_media":47675,"comment_status":"open","ping_status":"closed","sticky":false,"template":"","format":"standard","meta":{"_acf_changed":false,"_lmt_disableupdate":"no","_lmt_disable":"no","footnotes":""},"categories":[502,462],"tags":[],"class_list":["post-54125","post","type-post","status-publish","format-standard","has-post-thumbnail","hentry","category-francia","category-guias-de-viajes"],"acf":[],"yoast_head":"<!-- This site is optimized with the Yoast SEO plugin v27.4 - https:\/\/yoast.com\/product\/yoast-seo-wordpress\/ -->\n<title>Lo mejor que ver en Calvi, C\u00f3rcega<\/title>\n<meta name=\"description\" content=\"\u00bfQu\u00e9 ver en Calvi en C\u00f3rcega? Consulte en nuestro blog los lugares imprescindibles para planificar sus pr\u00f3ximas vacaciones en France.\" \/>\n<meta name=\"robots\" content=\"index, follow, max-snippet:-1, max-image-preview:large, max-video-preview:-1\" \/>\n<link rel=\"canonical\" href=\"https:\/\/decouvrirensemble.com\/es\/que-ver-calvi-corcega\" \/>\n<meta property=\"og:locale\" content=\"es_ES\" \/>\n<meta property=\"og:type\" content=\"article\" \/>\n<meta property=\"og:title\" content=\"Lo mejor que ver en Calvi, C\u00f3rcega\" \/>\n<meta property=\"og:description\" content=\"\u00bfQu\u00e9 ver en Calvi en C\u00f3rcega? Consulte en nuestro blog los lugares imprescindibles para planificar sus pr\u00f3ximas vacaciones en France.\" \/>\n<meta property=\"og:url\" content=\"https:\/\/decouvrirensemble.com\/es\/que-ver-calvi-corcega\" \/>\n<meta property=\"og:site_name\" content=\"Blog Voyage - D\u00e9couvrir Ensemble\" \/>\n<meta property=\"article:published_time\" content=\"2022-07-21T19:50:55+00:00\" \/>\n<meta property=\"article:modified_time\" content=\"2026-01-06T14:50:44+00:00\" \/>\n<meta property=\"og:image\" content=\"https:\/\/decouvrirensemble.com\/wp-content\/uploads\/2022\/07\/que-faire-a-calvi-corse-du-nord.jpg\" \/>\n\t<meta property=\"og:image:width\" content=\"1800\" \/>\n\t<meta property=\"og:image:height\" content=\"1350\" \/>\n\t<meta property=\"og:image:type\" content=\"image\/jpeg\" \/>\n<meta name=\"author\" content=\"Cl\u00e9mence &amp; Alexandre\" \/>\n<meta name=\"twitter:card\" content=\"summary_large_image\" \/>\n<meta name=\"twitter:creator\" content=\"@dcouvrirensmble\" \/>\n<meta name=\"twitter:site\" content=\"@dcouvrirensmble\" \/>\n<meta name=\"twitter:label1\" content=\"Escrito por\" \/>\n\t<meta name=\"twitter:data1\" content=\"Cl\u00e9mence &amp; Alexandre\" \/>\n\t<meta name=\"twitter:label2\" content=\"Tiempo de lectura\" \/>\n\t<meta name=\"twitter:data2\" content=\"9 minutos\" \/>\n<script type=\"application\/ld+json\" class=\"yoast-schema-graph\">{\"@context\":\"https:\\\/\\\/schema.org\",\"@graph\":[{\"@type\":\"Article\",\"@id\":\"https:\\\/\\\/decouvrirensemble.com\\\/es\\\/que-ver-calvi-corcega#article\",\"isPartOf\":{\"@id\":\"https:\\\/\\\/decouvrirensemble.com\\\/es\\\/que-ver-calvi-corcega\"},\"author\":{\"name\":\"Cl\u00e9mence &amp; Alexandre\",\"@id\":\"https:\\\/\\\/decouvrirensemble.com\\\/es#\\\/schema\\\/person\\\/a53efd44d02eb7f9ab90f96e84a9d2ba\"},\"headline\":\"Lo mejor que ver en Calvi, C\u00f3rcega\",\"datePublished\":\"2022-07-21T19:50:55+00:00\",\"dateModified\":\"2026-01-06T14:50:44+00:00\",\"mainEntityOfPage\":{\"@id\":\"https:\\\/\\\/decouvrirensemble.com\\\/es\\\/que-ver-calvi-corcega\"},\"wordCount\":1138,\"commentCount\":0,\"publisher\":{\"@id\":\"https:\\\/\\\/decouvrirensemble.com\\\/es#\\\/schema\\\/person\\\/a53efd44d02eb7f9ab90f96e84a9d2ba\"},\"image\":{\"@id\":\"https:\\\/\\\/decouvrirensemble.com\\\/es\\\/que-ver-calvi-corcega#primaryimage\"},\"thumbnailUrl\":\"https:\\\/\\\/decouvrirensemble.com\\\/wp-content\\\/uploads\\\/2022\\\/07\\\/que-faire-a-calvi-corse-du-nord.jpg\",\"articleSection\":[\"Francia\",\"Gu\u00edas de viajes\"],\"inLanguage\":\"es\",\"potentialAction\":[{\"@type\":\"CommentAction\",\"name\":\"Comment\",\"target\":[\"https:\\\/\\\/decouvrirensemble.com\\\/es\\\/que-ver-calvi-corcega#respond\"]}]},{\"@type\":\"WebPage\",\"@id\":\"https:\\\/\\\/decouvrirensemble.com\\\/es\\\/que-ver-calvi-corcega\",\"url\":\"https:\\\/\\\/decouvrirensemble.com\\\/es\\\/que-ver-calvi-corcega\",\"name\":\"Lo mejor que ver en Calvi, C\u00f3rcega\",\"isPartOf\":{\"@id\":\"https:\\\/\\\/decouvrirensemble.com\\\/es#website\"},\"primaryImageOfPage\":{\"@id\":\"https:\\\/\\\/decouvrirensemble.com\\\/es\\\/que-ver-calvi-corcega#primaryimage\"},\"image\":{\"@id\":\"https:\\\/\\\/decouvrirensemble.com\\\/es\\\/que-ver-calvi-corcega#primaryimage\"},\"thumbnailUrl\":\"https:\\\/\\\/decouvrirensemble.com\\\/wp-content\\\/uploads\\\/2022\\\/07\\\/que-faire-a-calvi-corse-du-nord.jpg\",\"datePublished\":\"2022-07-21T19:50:55+00:00\",\"dateModified\":\"2026-01-06T14:50:44+00:00\",\"description\":\"\u00bfQu\u00e9 ver en Calvi en C\u00f3rcega? Consulte en nuestro blog los lugares imprescindibles para planificar sus pr\u00f3ximas vacaciones en France.\",\"breadcrumb\":{\"@id\":\"https:\\\/\\\/decouvrirensemble.com\\\/es\\\/que-ver-calvi-corcega#breadcrumb\"},\"inLanguage\":\"es\",\"potentialAction\":[{\"@type\":\"ReadAction\",\"target\":[\"https:\\\/\\\/decouvrirensemble.com\\\/es\\\/que-ver-calvi-corcega\"]}]},{\"@type\":\"ImageObject\",\"inLanguage\":\"es\",\"@id\":\"https:\\\/\\\/decouvrirensemble.com\\\/es\\\/que-ver-calvi-corcega#primaryimage\",\"url\":\"https:\\\/\\\/decouvrirensemble.com\\\/wp-content\\\/uploads\\\/2022\\\/07\\\/que-faire-a-calvi-corse-du-nord.jpg\",\"contentUrl\":\"https:\\\/\\\/decouvrirensemble.com\\\/wp-content\\\/uploads\\\/2022\\\/07\\\/que-faire-a-calvi-corse-du-nord.jpg\",\"width\":1800,\"height\":1350,\"caption\":\"Que faire \u00e0 Calvi Corse du Nord\"},{\"@type\":\"BreadcrumbList\",\"@id\":\"https:\\\/\\\/decouvrirensemble.com\\\/es\\\/que-ver-calvi-corcega#breadcrumb\",\"itemListElement\":[{\"@type\":\"ListItem\",\"position\":1,\"name\":\"Accueil\",\"item\":\"https:\\\/\\\/decouvrirensemble.com\\\/es\"},{\"@type\":\"ListItem\",\"position\":2,\"name\":\"Gu\u00edas de viajes\",\"item\":\"https:\\\/\\\/decouvrirensemble.com\\\/es\\\/guias-de-viajes\"},{\"@type\":\"ListItem\",\"position\":3,\"name\":\"Lo mejor que ver en Calvi, C\u00f3rcega\"}]},{\"@type\":\"WebSite\",\"@id\":\"https:\\\/\\\/decouvrirensemble.com\\\/es#website\",\"url\":\"https:\\\/\\\/decouvrirensemble.com\\\/es\",\"name\":\"Blog Voyage - D\u00e9couvrir Ensemble\",\"description\":\"Le Blog Voyage de Clem et Alex\",\"publisher\":{\"@id\":\"https:\\\/\\\/decouvrirensemble.com\\\/es#\\\/schema\\\/person\\\/a53efd44d02eb7f9ab90f96e84a9d2ba\"},\"potentialAction\":[{\"@type\":\"SearchAction\",\"target\":{\"@type\":\"EntryPoint\",\"urlTemplate\":\"https:\\\/\\\/decouvrirensemble.com\\\/es?s={search_term_string}\"},\"query-input\":{\"@type\":\"PropertyValueSpecification\",\"valueRequired\":true,\"valueName\":\"search_term_string\"}}],\"inLanguage\":\"es\"},{\"@type\":[\"Person\",\"Organization\"],\"@id\":\"https:\\\/\\\/decouvrirensemble.com\\\/es#\\\/schema\\\/person\\\/a53efd44d02eb7f9ab90f96e84a9d2ba\",\"name\":\"Cl\u00e9mence &amp; Alexandre\",\"image\":{\"@type\":\"ImageObject\",\"inLanguage\":\"es\",\"@id\":\"https:\\\/\\\/decouvrirensemble.com\\\/wp-content\\\/uploads\\\/2024\\\/04\\\/logo-decouvrir-ensemble-blog-voyage.jpg\",\"url\":\"https:\\\/\\\/decouvrirensemble.com\\\/wp-content\\\/uploads\\\/2024\\\/04\\\/logo-decouvrir-ensemble-blog-voyage.jpg\",\"contentUrl\":\"https:\\\/\\\/decouvrirensemble.com\\\/wp-content\\\/uploads\\\/2024\\\/04\\\/logo-decouvrir-ensemble-blog-voyage.jpg\",\"width\":1563,\"height\":529,\"caption\":\"Cl\u00e9mence &amp; Alexandre\"},\"logo\":{\"@id\":\"https:\\\/\\\/decouvrirensemble.com\\\/wp-content\\\/uploads\\\/2024\\\/04\\\/logo-decouvrir-ensemble-blog-voyage.jpg\"},\"sameAs\":[\"https:\\\/\\\/decouvrirensemble.com\\\/\"]}]}<\/script>\n<!-- \/ Yoast SEO plugin. -->","yoast_head_json":{"title":"Lo mejor que ver en Calvi, C\u00f3rcega","description":"\u00bfQu\u00e9 ver en Calvi en C\u00f3rcega? Consulte en nuestro blog los lugares imprescindibles para planificar sus pr\u00f3ximas vacaciones en France.","robots":{"index":"index","follow":"follow","max-snippet":"max-snippet:-1","max-image-preview":"max-image-preview:large","max-video-preview":"max-video-preview:-1"},"canonical":"https:\/\/decouvrirensemble.com\/es\/que-ver-calvi-corcega","og_locale":"es_ES","og_type":"article","og_title":"Lo mejor que ver en Calvi, C\u00f3rcega","og_description":"\u00bfQu\u00e9 ver en Calvi en C\u00f3rcega? Consulte en nuestro blog los lugares imprescindibles para planificar sus pr\u00f3ximas vacaciones en France.","og_url":"https:\/\/decouvrirensemble.com\/es\/que-ver-calvi-corcega","og_site_name":"Blog Voyage - D\u00e9couvrir Ensemble","article_published_time":"2022-07-21T19:50:55+00:00","article_modified_time":"2026-01-06T14:50:44+00:00","og_image":[{"width":1800,"height":1350,"url":"https:\/\/decouvrirensemble.com\/wp-content\/uploads\/2022\/07\/que-faire-a-calvi-corse-du-nord.jpg","type":"image\/jpeg"}],"author":"Cl\u00e9mence &amp; Alexandre","twitter_card":"summary_large_image","twitter_creator":"@dcouvrirensmble","twitter_site":"@dcouvrirensmble","twitter_misc":{"Escrito por":"Cl\u00e9mence &amp; Alexandre","Tiempo de lectura":"9 minutos"},"schema":{"@context":"https:\/\/schema.org","@graph":[{"@type":"Article","@id":"https:\/\/decouvrirensemble.com\/es\/que-ver-calvi-corcega#article","isPartOf":{"@id":"https:\/\/decouvrirensemble.com\/es\/que-ver-calvi-corcega"},"author":{"name":"Cl\u00e9mence &amp; Alexandre","@id":"https:\/\/decouvrirensemble.com\/es#\/schema\/person\/a53efd44d02eb7f9ab90f96e84a9d2ba"},"headline":"Lo mejor que ver en Calvi, C\u00f3rcega","datePublished":"2022-07-21T19:50:55+00:00","dateModified":"2026-01-06T14:50:44+00:00","mainEntityOfPage":{"@id":"https:\/\/decouvrirensemble.com\/es\/que-ver-calvi-corcega"},"wordCount":1138,"commentCount":0,"publisher":{"@id":"https:\/\/decouvrirensemble.com\/es#\/schema\/person\/a53efd44d02eb7f9ab90f96e84a9d2ba"},"image":{"@id":"https:\/\/decouvrirensemble.com\/es\/que-ver-calvi-corcega#primaryimage"},"thumbnailUrl":"https:\/\/decouvrirensemble.com\/wp-content\/uploads\/2022\/07\/que-faire-a-calvi-corse-du-nord.jpg","articleSection":["Francia","Gu\u00edas de viajes"],"inLanguage":"es","potentialAction":[{"@type":"CommentAction","name":"Comment","target":["https:\/\/decouvrirensemble.com\/es\/que-ver-calvi-corcega#respond"]}]},{"@type":"WebPage","@id":"https:\/\/decouvrirensemble.com\/es\/que-ver-calvi-corcega","url":"https:\/\/decouvrirensemble.com\/es\/que-ver-calvi-corcega","name":"Lo mejor que ver en Calvi, C\u00f3rcega","isPartOf":{"@id":"https:\/\/decouvrirensemble.com\/es#website"},"primaryImageOfPage":{"@id":"https:\/\/decouvrirensemble.com\/es\/que-ver-calvi-corcega#primaryimage"},"image":{"@id":"https:\/\/decouvrirensemble.com\/es\/que-ver-calvi-corcega#primaryimage"},"thumbnailUrl":"https:\/\/decouvrirensemble.com\/wp-content\/uploads\/2022\/07\/que-faire-a-calvi-corse-du-nord.jpg","datePublished":"2022-07-21T19:50:55+00:00","dateModified":"2026-01-06T14:50:44+00:00","description":"\u00bfQu\u00e9 ver en Calvi en C\u00f3rcega? Consulte en nuestro blog los lugares imprescindibles para planificar sus pr\u00f3ximas vacaciones en France.","breadcrumb":{"@id":"https:\/\/decouvrirensemble.com\/es\/que-ver-calvi-corcega#breadcrumb"},"inLanguage":"es","potentialAction":[{"@type":"ReadAction","target":["https:\/\/decouvrirensemble.com\/es\/que-ver-calvi-corcega"]}]},{"@type":"ImageObject","inLanguage":"es","@id":"https:\/\/decouvrirensemble.com\/es\/que-ver-calvi-corcega#primaryimage","url":"https:\/\/decouvrirensemble.com\/wp-content\/uploads\/2022\/07\/que-faire-a-calvi-corse-du-nord.jpg","contentUrl":"https:\/\/decouvrirensemble.com\/wp-content\/uploads\/2022\/07\/que-faire-a-calvi-corse-du-nord.jpg","width":1800,"height":1350,"caption":"Que faire \u00e0 Calvi Corse du Nord"},{"@type":"BreadcrumbList","@id":"https:\/\/decouvrirensemble.com\/es\/que-ver-calvi-corcega#breadcrumb","itemListElement":[{"@type":"ListItem","position":1,"name":"Accueil","item":"https:\/\/decouvrirensemble.com\/es"},{"@type":"ListItem","position":2,"name":"Gu\u00edas de viajes","item":"https:\/\/decouvrirensemble.com\/es\/guias-de-viajes"},{"@type":"ListItem","position":3,"name":"Lo mejor que ver en Calvi, C\u00f3rcega"}]},{"@type":"WebSite","@id":"https:\/\/decouvrirensemble.com\/es#website","url":"https:\/\/decouvrirensemble.com\/es","name":"Blog Voyage - D\u00e9couvrir Ensemble","description":"Le Blog Voyage de Clem et Alex","publisher":{"@id":"https:\/\/decouvrirensemble.com\/es#\/schema\/person\/a53efd44d02eb7f9ab90f96e84a9d2ba"},"potentialAction":[{"@type":"SearchAction","target":{"@type":"EntryPoint","urlTemplate":"https:\/\/decouvrirensemble.com\/es?s={search_term_string}"},"query-input":{"@type":"PropertyValueSpecification","valueRequired":true,"valueName":"search_term_string"}}],"inLanguage":"es"},{"@type":["Person","Organization"],"@id":"https:\/\/decouvrirensemble.com\/es#\/schema\/person\/a53efd44d02eb7f9ab90f96e84a9d2ba","name":"Cl\u00e9mence &amp; Alexandre","image":{"@type":"ImageObject","inLanguage":"es","@id":"https:\/\/decouvrirensemble.com\/wp-content\/uploads\/2024\/04\/logo-decouvrir-ensemble-blog-voyage.jpg","url":"https:\/\/decouvrirensemble.com\/wp-content\/uploads\/2024\/04\/logo-decouvrir-ensemble-blog-voyage.jpg","contentUrl":"https:\/\/decouvrirensemble.com\/wp-content\/uploads\/2024\/04\/logo-decouvrir-ensemble-blog-voyage.jpg","width":1563,"height":529,"caption":"Cl\u00e9mence &amp; Alexandre"},"logo":{"@id":"https:\/\/decouvrirensemble.com\/wp-content\/uploads\/2024\/04\/logo-decouvrir-ensemble-blog-voyage.jpg"},"sameAs":["https:\/\/decouvrirensemble.com\/"]}]}},"modified_by":"Cl\u00e9mence &amp; Alexandre","_links":{"self":[{"href":"https:\/\/decouvrirensemble.com\/es\/wp-json\/wp\/v2\/posts\/54125","targetHints":{"allow":["GET"]}}],"collection":[{"href":"https:\/\/decouvrirensemble.com\/es\/wp-json\/wp\/v2\/posts"}],"about":[{"href":"https:\/\/decouvrirensemble.com\/es\/wp-json\/wp\/v2\/types\/post"}],"author":[{"embeddable":true,"href":"https:\/\/decouvrirensemble.com\/es\/wp-json\/wp\/v2\/users\/1"}],"replies":[{"embeddable":true,"href":"https:\/\/decouvrirensemble.com\/es\/wp-json\/wp\/v2\/comments?post=54125"}],"version-history":[{"count":1,"href":"https:\/\/decouvrirensemble.com\/es\/wp-json\/wp\/v2\/posts\/54125\/revisions"}],"predecessor-version":[{"id":63571,"href":"https:\/\/decouvrirensemble.com\/es\/wp-json\/wp\/v2\/posts\/54125\/revisions\/63571"}],"wp:featuredmedia":[{"embeddable":true,"href":"https:\/\/decouvrirensemble.com\/es\/wp-json\/wp\/v2\/media\/47675"}],"wp:attachment":[{"href":"https:\/\/decouvrirensemble.com\/es\/wp-json\/wp\/v2\/media?parent=54125"}],"wp:term":[{"taxonomy":"category","embeddable":true,"href":"https:\/\/decouvrirensemble.com\/es\/wp-json\/wp\/v2\/categories?post=54125"},{"taxonomy":"post_tag","embeddable":true,"href":"https:\/\/decouvrirensemble.com\/es\/wp-json\/wp\/v2\/tags?post=54125"}],"curies":[{"name":"wp","href":"https:\/\/api.w.org\/{rel}","templated":true}]}}