{"id":57455,"date":"2024-07-16T18:47:25","date_gmt":"2024-07-16T16:47:25","guid":{"rendered":"https:\/\/decouvrirensemble.com\/blanes-espagne"},"modified":"2026-01-06T15:18:16","modified_gmt":"2026-01-06T14:18:16","slug":"que-ver-en-blanes","status":"publish","type":"post","link":"https:\/\/decouvrirensemble.com\/es\/que-ver-en-blanes","title":{"rendered":"Qu\u00e9 ver en Blanes: Los mejores lugares"},"content":{"rendered":"<p>\u00bfVa de vacaciones a <strong>la Costa Brava<\/strong> y busca <strong>qu\u00e9 ver en Blanes<\/strong>? Entonces ha llegado al lugar adecuado. Hoy, en nuestro <strong>blog de viajes<\/strong>, compartimos con usted nuestros mejores consejos para descubrir <strong>Blanes, en Espa\u00f1a<\/strong>.<\/p>\n<p>S\u00f3lo nos queda desearte una feliz lectura y unas estupendas vacaciones bajo el sol de Espa\u00f1a.<\/p>\n<h2><span class=\"ez-toc-section\" id=\"%C2%BFQue_ver_en_Blanes\"><\/span>\u00bfQu\u00e9 ver en Blanes?<span class=\"ez-toc-section-end\"><\/span><\/h2>\n<h3><span class=\"ez-toc-section\" id=\"1_El_jardin_botanico_Marimurtra\"><\/span>1. El jard\u00edn bot\u00e1nico Marimurtra<span class=\"ez-toc-section-end\"><\/span><\/h3>\n<p>Si est\u00e1 buscando <strong>ideas para hacer<\/strong> durante sus <strong>vacaciones en Blanes, Espa\u00f1a<\/strong>, le recomendamos que visite el <a href=\"https:\/\/maps.app.goo.gl\/rcxsBsjvrdAhpdLS8\" rel=\"noopener\">Jard\u00edn Bot\u00e1nico Marimurtra<\/a>. Es un lugar muy divertido de visitar y las vistas al mar son realmente impresionantes.<\/p>\n<p>Informaci\u00f3n pr\u00e1ctica para visitar el jard\u00edn de Marimurtra:<\/p>\n<ul>\n<li>Calcule 8 euros por persona para visitar el jard\u00edn<\/li>\n<li>Hay un peque\u00f1o aparcamiento gratuito (10 coches como m\u00e1ximo) y una parada de autob\u00fas.<\/li>\n<li>El recorrido dura una media de 1 hora y 30 minutos.<\/li>\n<li>Hay una cafeter\u00eda disponible en el lugar<\/li>\n<\/ul>\n    <div class=\"niceButton\"><a href=\"https:\/\/www.getyourguide.es\/s?partner_id=QTAK8D9&#038;utm_medium=online_publisher&#038;visitor-id=9KP32V0M7IJ43SVCW7T6454PWUOXZ8NQ&#038;locale_autoredirect_optout=true&#038;et=412981&#038;lc=96850\" target=\"_blank\" class=\"emojiLink\">\n                    <span class=\"emojiLink__emoji\">\ud83c\udf9f\ufe0f<\/span>\n                <span class=\"emojiLink__title title title--big\">Reserve sus plazas<\/span>\n    <\/a><\/div>\n\n    \n<div id=\"attachment_55611\" style=\"width: 1810px\" class=\"wp-caption alignnone\"><img decoding=\"async\" aria-describedby=\"caption-attachment-55611\" class=\"size-full wp-image-55611\" src=\"https:\/\/decouvrirensemble.com\/wp-content\/uploads\/2024\/07\/Jardin-botanique-marimurtra.jpg\" alt=\"jardin botanique marimurtra\" width=\"1800\" height=\"1200\" srcset=\"https:\/\/decouvrirensemble.com\/wp-content\/uploads\/2024\/07\/Jardin-botanique-marimurtra.jpg 1800w, https:\/\/decouvrirensemble.com\/wp-content\/uploads\/2024\/07\/Jardin-botanique-marimurtra-300x200.jpg 300w, https:\/\/decouvrirensemble.com\/wp-content\/uploads\/2024\/07\/Jardin-botanique-marimurtra-1024x683.jpg 1024w, https:\/\/decouvrirensemble.com\/wp-content\/uploads\/2024\/07\/Jardin-botanique-marimurtra-768x512.jpg 768w, https:\/\/decouvrirensemble.com\/wp-content\/uploads\/2024\/07\/Jardin-botanique-marimurtra-1536x1024.jpg 1536w, https:\/\/decouvrirensemble.com\/wp-content\/uploads\/2024\/07\/Jardin-botanique-marimurtra-600x400.jpg 600w\" sizes=\"(max-width: 1800px) 100vw, 1800px\" \/><p id=\"caption-attachment-55611\" class=\"wp-caption-text\">jard\u00edn bot\u00e1nico marimurtra<\/p><\/div>\n<img decoding=\"async\" class=\"alignnone size-full wp-image-55608\" src=\"https:\/\/decouvrirensemble.com\/wp-content\/uploads\/2024\/07\/jardin-botanique-marimurtra-blanes.jpg\" alt=\"jardin botanique blanes\" width=\"1800\" height=\"1200\" srcset=\"https:\/\/decouvrirensemble.com\/wp-content\/uploads\/2024\/07\/jardin-botanique-marimurtra-blanes.jpg 1800w, https:\/\/decouvrirensemble.com\/wp-content\/uploads\/2024\/07\/jardin-botanique-marimurtra-blanes-300x200.jpg 300w, https:\/\/decouvrirensemble.com\/wp-content\/uploads\/2024\/07\/jardin-botanique-marimurtra-blanes-1024x683.jpg 1024w, https:\/\/decouvrirensemble.com\/wp-content\/uploads\/2024\/07\/jardin-botanique-marimurtra-blanes-768x512.jpg 768w, https:\/\/decouvrirensemble.com\/wp-content\/uploads\/2024\/07\/jardin-botanique-marimurtra-blanes-1536x1024.jpg 1536w, https:\/\/decouvrirensemble.com\/wp-content\/uploads\/2024\/07\/jardin-botanique-marimurtra-blanes-600x400.jpg 600w\" sizes=\"(max-width: 1800px) 100vw, 1800px\" \/>\n<img decoding=\"async\" class=\"alignnone size-full wp-image-55614\" src=\"https:\/\/decouvrirensemble.com\/wp-content\/uploads\/2024\/07\/jardin-marimurtra-blanes.jpg\" alt=\"jardin botanique marimurtra\" width=\"1800\" height=\"1200\" srcset=\"https:\/\/decouvrirensemble.com\/wp-content\/uploads\/2024\/07\/jardin-marimurtra-blanes.jpg 1800w, https:\/\/decouvrirensemble.com\/wp-content\/uploads\/2024\/07\/jardin-marimurtra-blanes-300x200.jpg 300w, https:\/\/decouvrirensemble.com\/wp-content\/uploads\/2024\/07\/jardin-marimurtra-blanes-1024x683.jpg 1024w, https:\/\/decouvrirensemble.com\/wp-content\/uploads\/2024\/07\/jardin-marimurtra-blanes-768x512.jpg 768w, https:\/\/decouvrirensemble.com\/wp-content\/uploads\/2024\/07\/jardin-marimurtra-blanes-1536x1024.jpg 1536w, https:\/\/decouvrirensemble.com\/wp-content\/uploads\/2024\/07\/jardin-marimurtra-blanes-600x400.jpg 600w\" sizes=\"(max-width: 1800px) 100vw, 1800px\" \/>\n<h3><span class=\"ez-toc-section\" id=\"2_Las_alturas_de_la_ciudad_y_el_castillo_de_Sant_Joan\"><\/span>2. Las alturas de la ciudad y el castillo de Sant Joan<span class=\"ez-toc-section-end\"><\/span><\/h3>\n<p><a href=\"https:\/\/maps.app.goo.gl\/mt4tcRmvM9p3DwDJA\" rel=\"noopener\">El castillo de Sant<\/a> Joan se encuentra en lo alto de la ciudad. Desde aqu\u00ed obtendr\u00e1 las <strong>mejores vistas de Blanes<\/strong>. Le aconsejamos encarecidamente que vaya hasta all\u00ed. Puede venir a pie, pero tenga en cuenta que hay que subir bastante. En el lugar hay un <a href=\"https:\/\/maps.app.goo.gl\/Kwqy2rSGGyxnFpAB8\" rel=\"noopener\">peque\u00f1o aparcamiento<\/a> gratuito.<\/p>\n<p>La visita tambi\u00e9n es gratuita y r\u00e1pida. Si quiere disfrutar de una magn\u00edfica vista de la ciudad, \u00a1no se lo pierda!<\/p>\n<div id=\"attachment_55590\" style=\"width: 1810px\" class=\"wp-caption alignnone\"><img decoding=\"async\" aria-describedby=\"caption-attachment-55590\" class=\"wp-image-55590 size-full\" src=\"https:\/\/decouvrirensemble.com\/wp-content\/uploads\/2024\/07\/blanes-espagne.jpg\" alt=\"blanes espagne\" width=\"1800\" height=\"1200\" srcset=\"https:\/\/decouvrirensemble.com\/wp-content\/uploads\/2024\/07\/blanes-espagne.jpg 1800w, https:\/\/decouvrirensemble.com\/wp-content\/uploads\/2024\/07\/blanes-espagne-300x200.jpg 300w, https:\/\/decouvrirensemble.com\/wp-content\/uploads\/2024\/07\/blanes-espagne-1024x683.jpg 1024w, https:\/\/decouvrirensemble.com\/wp-content\/uploads\/2024\/07\/blanes-espagne-768x512.jpg 768w, https:\/\/decouvrirensemble.com\/wp-content\/uploads\/2024\/07\/blanes-espagne-1536x1024.jpg 1536w, https:\/\/decouvrirensemble.com\/wp-content\/uploads\/2024\/07\/blanes-espagne-600x400.jpg 600w\" sizes=\"(max-width: 1800px) 100vw, 1800px\" \/><p id=\"caption-attachment-55590\" class=\"wp-caption-text\">Castillo de Sant Joan<\/p><\/div>\n<img decoding=\"async\" class=\"alignnone size-full wp-image-55596\" src=\"https:\/\/decouvrirensemble.com\/wp-content\/uploads\/2024\/07\/Castell-de-Sant-Joan.jpg\" alt=\"Castell de Sant Joan\" width=\"1800\" height=\"1200\" srcset=\"https:\/\/decouvrirensemble.com\/wp-content\/uploads\/2024\/07\/Castell-de-Sant-Joan.jpg 1800w, https:\/\/decouvrirensemble.com\/wp-content\/uploads\/2024\/07\/Castell-de-Sant-Joan-300x200.jpg 300w, https:\/\/decouvrirensemble.com\/wp-content\/uploads\/2024\/07\/Castell-de-Sant-Joan-1024x683.jpg 1024w, https:\/\/decouvrirensemble.com\/wp-content\/uploads\/2024\/07\/Castell-de-Sant-Joan-768x512.jpg 768w, https:\/\/decouvrirensemble.com\/wp-content\/uploads\/2024\/07\/Castell-de-Sant-Joan-1536x1024.jpg 1536w, https:\/\/decouvrirensemble.com\/wp-content\/uploads\/2024\/07\/Castell-de-Sant-Joan-600x400.jpg 600w\" sizes=\"(max-width: 1800px) 100vw, 1800px\" \/>\n<img decoding=\"async\" class=\"alignnone size-full wp-image-55599\" src=\"https:\/\/decouvrirensemble.com\/wp-content\/uploads\/2024\/07\/Castell-Sant-Joan.jpg\" alt=\"Castell de Sant Joan\" width=\"1800\" height=\"1200\" srcset=\"https:\/\/decouvrirensemble.com\/wp-content\/uploads\/2024\/07\/Castell-Sant-Joan.jpg 1800w, https:\/\/decouvrirensemble.com\/wp-content\/uploads\/2024\/07\/Castell-Sant-Joan-300x200.jpg 300w, https:\/\/decouvrirensemble.com\/wp-content\/uploads\/2024\/07\/Castell-Sant-Joan-1024x683.jpg 1024w, https:\/\/decouvrirensemble.com\/wp-content\/uploads\/2024\/07\/Castell-Sant-Joan-768x512.jpg 768w, https:\/\/decouvrirensemble.com\/wp-content\/uploads\/2024\/07\/Castell-Sant-Joan-1536x1024.jpg 1536w, https:\/\/decouvrirensemble.com\/wp-content\/uploads\/2024\/07\/Castell-Sant-Joan-600x400.jpg 600w\" sizes=\"(max-width: 1800px) 100vw, 1800px\" \/>\n<h3><span class=\"ez-toc-section\" id=\"3_Cala_Bona\"><\/span>3. Cala Bona<span class=\"ez-toc-section-end\"><\/span><\/h3>\n<p><a href=\"https:\/\/maps.app.goo.gl\/75eFzW6EGMF1zJ7H7\" rel=\"noopener\">Cala Bona<\/a> es una playa muy agradable de <strong>Blanes<\/strong>. Forma una bonita cala y el agua es de color turquesa. Tambi\u00e9n hay un <a href=\"https:\/\/maps.app.goo.gl\/oxmUNhFdqeQhWTpJ9\" rel=\"noopener\">restaurante de playa<\/a> donde se puede disfrutar de un bocado con los pies en la arena.<\/p>\n<p>Nuestro consejo: si desea ir a una cala aislada en las inmediaciones de Cala Bona, le recomendamos alquilar kayaks.<\/p>\n<p>Si sale de Cala Bona, pronto llegar\u00e1 a <a href=\"https:\/\/maps.app.goo.gl\/poBgwnL1527R5krX8\" rel=\"noopener\">Cala Sa Forcanera<\/a>. La playa es un para\u00edso, accesible s\u00f3lo por mar. En la playa suele haber poca gente, por no decir ninguna. Esto significa que puede disfrutar de la cala para usted solo.<\/p>\n<div id=\"attachment_55593\" style=\"width: 1810px\" class=\"wp-caption alignnone\"><img decoding=\"async\" aria-describedby=\"caption-attachment-55593\" class=\"size-full wp-image-55593\" src=\"https:\/\/decouvrirensemble.com\/wp-content\/uploads\/2024\/07\/cala-bona-blanes.jpg\" alt=\"Cala bona blanes\" width=\"1800\" height=\"1200\" srcset=\"https:\/\/decouvrirensemble.com\/wp-content\/uploads\/2024\/07\/cala-bona-blanes.jpg 1800w, https:\/\/decouvrirensemble.com\/wp-content\/uploads\/2024\/07\/cala-bona-blanes-300x200.jpg 300w, https:\/\/decouvrirensemble.com\/wp-content\/uploads\/2024\/07\/cala-bona-blanes-1024x683.jpg 1024w, https:\/\/decouvrirensemble.com\/wp-content\/uploads\/2024\/07\/cala-bona-blanes-768x512.jpg 768w, https:\/\/decouvrirensemble.com\/wp-content\/uploads\/2024\/07\/cala-bona-blanes-1536x1024.jpg 1536w, https:\/\/decouvrirensemble.com\/wp-content\/uploads\/2024\/07\/cala-bona-blanes-600x400.jpg 600w\" sizes=\"(max-width: 1800px) 100vw, 1800px\" \/><p id=\"caption-attachment-55593\" class=\"wp-caption-text\">Cala Sa Forcanera<\/p><\/div>\n<h3><span class=\"ez-toc-section\" id=\"4_La_Palomera\"><\/span>4. La Palomera<span class=\"ez-toc-section-end\"><\/span><\/h3>\n<p><a href=\"https:\/\/maps.app.goo.gl\/d4A3E3YS9AwZfuW26\" rel=\"noopener\">La Palomera<\/a> es la roca emblem\u00e1tica de <strong>Blanes<\/strong>. Es f\u00e1cil subir hasta all\u00ed y disfrutar de las vistas panor\u00e1micas sobre el pueblo.<\/p>\n<p>De hecho, esta roca marca oficialmente el inicio de la <strong>Costa Brava<\/strong>. Hay que subir 75 escalones para llegar a la cima.<\/p>\n<div id=\"attachment_55617\" style=\"width: 1810px\" class=\"wp-caption alignnone\"><img decoding=\"async\" aria-describedby=\"caption-attachment-55617\" class=\"size-full wp-image-55617\" src=\"https:\/\/decouvrirensemble.com\/wp-content\/uploads\/2024\/07\/La-Palomera-blanes-costa-brava.jpg\" alt=\"La Palomera\" width=\"1800\" height=\"1200\" srcset=\"https:\/\/decouvrirensemble.com\/wp-content\/uploads\/2024\/07\/La-Palomera-blanes-costa-brava.jpg 1800w, https:\/\/decouvrirensemble.com\/wp-content\/uploads\/2024\/07\/La-Palomera-blanes-costa-brava-300x200.jpg 300w, https:\/\/decouvrirensemble.com\/wp-content\/uploads\/2024\/07\/La-Palomera-blanes-costa-brava-1024x683.jpg 1024w, https:\/\/decouvrirensemble.com\/wp-content\/uploads\/2024\/07\/La-Palomera-blanes-costa-brava-768x512.jpg 768w, https:\/\/decouvrirensemble.com\/wp-content\/uploads\/2024\/07\/La-Palomera-blanes-costa-brava-1536x1024.jpg 1536w, https:\/\/decouvrirensemble.com\/wp-content\/uploads\/2024\/07\/La-Palomera-blanes-costa-brava-600x400.jpg 600w\" sizes=\"(max-width: 1800px) 100vw, 1800px\" \/><p id=\"caption-attachment-55617\" class=\"wp-caption-text\">La Palomera<\/p><\/div>\n<h3><span class=\"ez-toc-section\" id=\"5_El_paseo_por_la_playa\"><\/span>5. El paseo por la playa<span class=\"ez-toc-section-end\"><\/span><\/h3>\n<p>Una vez hayas pasado por <strong>La Palomera<\/strong>, te recomendamos que sigas descubriendo <strong>Blanes<\/strong> haciendo el paseo mar\u00edtimo que sale de la roca en direcci\u00f3n a <a href=\"https:\/\/maps.app.goo.gl\/KFi4ig44otKAAPnJ9\" rel=\"noopener\">la playa de s&#8217;Abanell<\/a>.<\/p>\n<p>Es un paseo muy chulo, y la playa de s&#8217;Abanell es una de las m\u00e1s grandes <strong>de Blanes<\/strong>.<\/p>\n<img decoding=\"async\" class=\"alignnone size-full wp-image-55584\" src=\"https:\/\/decouvrirensemble.com\/wp-content\/uploads\/2024\/07\/blanes-espagne-blog-voyage.jpg\" alt=\"blanes espagne blog\" width=\"1800\" height=\"1200\" srcset=\"https:\/\/decouvrirensemble.com\/wp-content\/uploads\/2024\/07\/blanes-espagne-blog-voyage.jpg 1800w, https:\/\/decouvrirensemble.com\/wp-content\/uploads\/2024\/07\/blanes-espagne-blog-voyage-300x200.jpg 300w, https:\/\/decouvrirensemble.com\/wp-content\/uploads\/2024\/07\/blanes-espagne-blog-voyage-1024x683.jpg 1024w, https:\/\/decouvrirensemble.com\/wp-content\/uploads\/2024\/07\/blanes-espagne-blog-voyage-768x512.jpg 768w, https:\/\/decouvrirensemble.com\/wp-content\/uploads\/2024\/07\/blanes-espagne-blog-voyage-1536x1024.jpg 1536w, https:\/\/decouvrirensemble.com\/wp-content\/uploads\/2024\/07\/blanes-espagne-blog-voyage-600x400.jpg 600w\" sizes=\"(max-width: 1800px) 100vw, 1800px\" \/>\n<img decoding=\"async\" class=\"alignnone size-full wp-image-55578\" src=\"https:\/\/decouvrirensemble.com\/wp-content\/uploads\/2024\/07\/blanes-costa-brava.jpg\" alt=\"blanes costa brava\" width=\"1800\" height=\"1200\" srcset=\"https:\/\/decouvrirensemble.com\/wp-content\/uploads\/2024\/07\/blanes-costa-brava.jpg 1800w, https:\/\/decouvrirensemble.com\/wp-content\/uploads\/2024\/07\/blanes-costa-brava-300x200.jpg 300w, https:\/\/decouvrirensemble.com\/wp-content\/uploads\/2024\/07\/blanes-costa-brava-1024x683.jpg 1024w, https:\/\/decouvrirensemble.com\/wp-content\/uploads\/2024\/07\/blanes-costa-brava-768x512.jpg 768w, https:\/\/decouvrirensemble.com\/wp-content\/uploads\/2024\/07\/blanes-costa-brava-1536x1024.jpg 1536w, https:\/\/decouvrirensemble.com\/wp-content\/uploads\/2024\/07\/blanes-costa-brava-600x400.jpg 600w\" sizes=\"(max-width: 1800px) 100vw, 1800px\" \/>\n<h2 id=\"dormir\"><span class=\"ez-toc-section\" id=\"Donde_alojarse_en_Blanes\"><\/span>D\u00f3nde alojarse en Blanes<span class=\"ez-toc-section-end\"><\/span><\/h2>\n<h3><span class=\"ez-toc-section\" id=\"Hotel_Casa_Indiana_Hotel_Boutique\"><\/span>Hotel Casa Indiana Hotel Boutique<span class=\"ez-toc-section-end\"><\/span><\/h3>\n<p>Si busca un buen <strong>hotel en Blanes<\/strong>, le recomendamos Casa Indiana. El hotel est\u00e1 muy bien decorado y tiene una gran ubicaci\u00f3n frente al mar.<\/p>\n    <div class=\"niceButton\"><a href=\"https:\/\/www.booking.com\/hotel\/es\/casa-indiano-blanes.fr.html?aid=1286053\" target=\"_blank\" class=\"emojiLink\">\n                    <span class=\"emojiLink__emoji\">\u2764\ufe0f<\/span>\n                <span class=\"emojiLink__title title title--big\">Ver disponibilidad<\/span>\n    <\/a><\/div>\n\n    \n<div id=\"attachment_55602\" style=\"width: 1810px\" class=\"wp-caption alignnone\"><img decoding=\"async\" aria-describedby=\"caption-attachment-55602\" class=\"size-full wp-image-55602\" src=\"https:\/\/decouvrirensemble.com\/wp-content\/uploads\/2024\/07\/hotel-blanes-espagne.jpg\" alt=\"Hotel blanes espagne\" width=\"1800\" height=\"1200\" srcset=\"https:\/\/decouvrirensemble.com\/wp-content\/uploads\/2024\/07\/hotel-blanes-espagne.jpg 1800w, https:\/\/decouvrirensemble.com\/wp-content\/uploads\/2024\/07\/hotel-blanes-espagne-300x200.jpg 300w, https:\/\/decouvrirensemble.com\/wp-content\/uploads\/2024\/07\/hotel-blanes-espagne-1024x683.jpg 1024w, https:\/\/decouvrirensemble.com\/wp-content\/uploads\/2024\/07\/hotel-blanes-espagne-768x512.jpg 768w, https:\/\/decouvrirensemble.com\/wp-content\/uploads\/2024\/07\/hotel-blanes-espagne-1536x1024.jpg 1536w, https:\/\/decouvrirensemble.com\/wp-content\/uploads\/2024\/07\/hotel-blanes-espagne-600x400.jpg 600w\" sizes=\"(max-width: 1800px) 100vw, 1800px\" \/><p id=\"caption-attachment-55602\" class=\"wp-caption-text\">Casa Indiana Hotel Boutique<\/p><\/div>\n<div id=\"attachment_55605\" style=\"width: 1810px\" class=\"wp-caption alignnone\"><img decoding=\"async\" aria-describedby=\"caption-attachment-55605\" class=\"size-full wp-image-55605\" src=\"https:\/\/decouvrirensemble.com\/wp-content\/uploads\/2024\/07\/hotel-blanes.jpg\" alt=\"hotel blanes\" width=\"1800\" height=\"1200\" srcset=\"https:\/\/decouvrirensemble.com\/wp-content\/uploads\/2024\/07\/hotel-blanes.jpg 1800w, https:\/\/decouvrirensemble.com\/wp-content\/uploads\/2024\/07\/hotel-blanes-300x200.jpg 300w, https:\/\/decouvrirensemble.com\/wp-content\/uploads\/2024\/07\/hotel-blanes-1024x683.jpg 1024w, https:\/\/decouvrirensemble.com\/wp-content\/uploads\/2024\/07\/hotel-blanes-768x512.jpg 768w, https:\/\/decouvrirensemble.com\/wp-content\/uploads\/2024\/07\/hotel-blanes-1536x1024.jpg 1536w, https:\/\/decouvrirensemble.com\/wp-content\/uploads\/2024\/07\/hotel-blanes-600x400.jpg 600w\" sizes=\"(max-width: 1800px) 100vw, 1800px\" \/><p id=\"caption-attachment-55605\" class=\"wp-caption-text\">Casa Indiana Hotel Boutique<\/p><\/div>\n<h2 id=\"manger\"><span class=\"ez-toc-section\" id=\"Donde_comer_en_Blanes\"><\/span>D\u00f3nde comer en Blanes<span class=\"ez-toc-section-end\"><\/span><\/h2>\n<h3><span class=\"ez-toc-section\" id=\"Restaurante_El_Balco_de_Calella\"><\/span>Restaurante El Balc\u00f3 de Calella<span class=\"ez-toc-section-end\"><\/span><\/h3>\n<p>Si est\u00e1s buscando una <strong>buena<\/strong> direcci\u00f3n de <strong>restaurante para tus vacaciones en Blanes<\/strong>, te recomendamos que reserves mesa en <a href=\"https:\/\/maps.app.goo.gl\/88vF15sdymgrRyfr5\" rel=\"noopener\">El Balc\u00f3 de Calella<\/a>. El restaurante est\u00e1 situado justo enfrente de la Palomera.<\/p>\n<p>La comida es muy buena y los camareros muy amables. En resumen, una excelente direcci\u00f3n que recomendamos.<\/p>\n<img decoding=\"async\" class=\"alignnone size-full wp-image-55623\" src=\"https:\/\/decouvrirensemble.com\/wp-content\/uploads\/2024\/07\/restaurant-blanes.jpg\" alt=\"Restaurant blanes\" width=\"1800\" height=\"1200\" srcset=\"https:\/\/decouvrirensemble.com\/wp-content\/uploads\/2024\/07\/restaurant-blanes.jpg 1800w, https:\/\/decouvrirensemble.com\/wp-content\/uploads\/2024\/07\/restaurant-blanes-300x200.jpg 300w, https:\/\/decouvrirensemble.com\/wp-content\/uploads\/2024\/07\/restaurant-blanes-1024x683.jpg 1024w, https:\/\/decouvrirensemble.com\/wp-content\/uploads\/2024\/07\/restaurant-blanes-768x512.jpg 768w, https:\/\/decouvrirensemble.com\/wp-content\/uploads\/2024\/07\/restaurant-blanes-1536x1024.jpg 1536w, https:\/\/decouvrirensemble.com\/wp-content\/uploads\/2024\/07\/restaurant-blanes-600x400.jpg 600w\" sizes=\"(max-width: 1800px) 100vw, 1800px\" \/>\n<h2 id=\"informations\"><span class=\"ez-toc-section\" id=\"Informacion_practica_para_visitar_Blanes\"><\/span>Informaci\u00f3n pr\u00e1ctica para visitar Blanes<span class=\"ez-toc-section-end\"><\/span><\/h2>\n<p>Para ayudarle a visitar <strong>Blanes en Espa\u00f1a<\/strong>, hemos incluido <a href=\"https:\/\/maps.app.goo.gl\/BuKACH1pTo5fxx7c7\" rel=\"noopener\">nuestro itinerario en Google Maps<\/a> de los puntos m\u00e1s importantes.<\/p>\n<p>Si viene en coche, le recomendamos dos aparcamientos. El aparcamiento <a href=\"https:\/\/maps.app.goo.gl\/FSF4ZfKkYSHRHLGj9\" rel=\"noopener\">El Pins<\/a>, gratuito pero a menudo abarrotado, o el aparcamiento subterr\u00e1neo de pago <a href=\"https:\/\/maps.app.goo.gl\/5kx4RQx9es26J1qm9\" rel=\"noopener\">Saba Passeig de Mar<\/a>.<\/p>\n<p>Ambos tienen una ubicaci\u00f3n ideal para <strong>explorar Blanes<\/strong>. Blanes est\u00e1 a s\u00f3lo 1 hora de <a href=\"https:\/\/decouvrirensemble.com\/es\/que-ver-en-barcelona-en-3-dias\" rel=\"noopener\">Barcelona<\/a> en coche y a 1 hora 40 en tren.<\/p>\n<p>[barcelona]<\/p>\n<div id=\"attachment_55620\" style=\"width: 1810px\" class=\"wp-caption alignnone\"><img decoding=\"async\" aria-describedby=\"caption-attachment-55620\" class=\"size-full wp-image-55620\" src=\"https:\/\/decouvrirensemble.com\/wp-content\/uploads\/2024\/07\/port-blanes.jpg\" alt=\"Port de Blanes\" width=\"1800\" height=\"1200\" srcset=\"https:\/\/decouvrirensemble.com\/wp-content\/uploads\/2024\/07\/port-blanes.jpg 1800w, https:\/\/decouvrirensemble.com\/wp-content\/uploads\/2024\/07\/port-blanes-300x200.jpg 300w, https:\/\/decouvrirensemble.com\/wp-content\/uploads\/2024\/07\/port-blanes-1024x683.jpg 1024w, https:\/\/decouvrirensemble.com\/wp-content\/uploads\/2024\/07\/port-blanes-768x512.jpg 768w, https:\/\/decouvrirensemble.com\/wp-content\/uploads\/2024\/07\/port-blanes-1536x1024.jpg 1536w, https:\/\/decouvrirensemble.com\/wp-content\/uploads\/2024\/07\/port-blanes-600x400.jpg 600w\" sizes=\"(max-width: 1800px) 100vw, 1800px\" \/><p id=\"caption-attachment-55620\" class=\"wp-caption-text\">Puerto de Blanes<\/p><\/div>\n<img decoding=\"async\" class=\"alignnone size-full wp-image-55647\" src=\"https:\/\/decouvrirensemble.com\/wp-content\/uploads\/2024\/07\/blanes-blog.jpg\" alt=\"blanes blog\" width=\"1800\" height=\"1200\" srcset=\"https:\/\/decouvrirensemble.com\/wp-content\/uploads\/2024\/07\/blanes-blog.jpg 1800w, https:\/\/decouvrirensemble.com\/wp-content\/uploads\/2024\/07\/blanes-blog-300x200.jpg 300w, https:\/\/decouvrirensemble.com\/wp-content\/uploads\/2024\/07\/blanes-blog-1024x683.jpg 1024w, https:\/\/decouvrirensemble.com\/wp-content\/uploads\/2024\/07\/blanes-blog-768x512.jpg 768w, https:\/\/decouvrirensemble.com\/wp-content\/uploads\/2024\/07\/blanes-blog-1536x1024.jpg 1536w, https:\/\/decouvrirensemble.com\/wp-content\/uploads\/2024\/07\/blanes-blog-600x400.jpg 600w\" sizes=\"(max-width: 1800px) 100vw, 1800px\" \/>\n<h2 id=\"alentours\"><span class=\"ez-toc-section\" id=\"Descubre_la_Costa_Brava\"><\/span>Descubre la Costa Brava<span class=\"ez-toc-section-end\"><\/span><\/h2>\n<h3><span class=\"ez-toc-section\" id=\"Cadaques_Cap_de_Creus_Begur%E2%80%A6\"><\/span>Cadaqu\u00e9s, Cap de Creus, Begur&#8230;<span class=\"ez-toc-section-end\"><\/span><\/h3>\n<p>S\u00f3lo <strong>la Costa Brava<\/strong> merecer\u00eda unas vacaciones de 2 semanas para descubrir todos sus pueblos y parques naturales. Nosotros pasamos all\u00ed varios d\u00edas para descubrir algunos de sus pueblos, y puede consultar nuestro <strong>itinerario completo<\/strong> y todos nuestros consejos en nuestro art\u00edculo dedicado.<\/p>\n<p>[costa-brava]<\/p>\n<div id=\"attachment_15447\" style=\"width: 1810px\" class=\"wp-caption alignnone\"><img decoding=\"async\" aria-describedby=\"caption-attachment-15447\" class=\"wp-image-15447 size-full\" src=\"https:\/\/decouvrirensemble.com\/wp-content\/uploads\/2021\/05\/la-costa-brava-vacances-cadaques.jpg\" alt=\"cadaques\" width=\"1800\" height=\"1200\" srcset=\"https:\/\/decouvrirensemble.com\/wp-content\/uploads\/2021\/05\/la-costa-brava-vacances-cadaques.jpg 1800w, https:\/\/decouvrirensemble.com\/wp-content\/uploads\/2021\/05\/la-costa-brava-vacances-cadaques-300x200.jpg 300w, https:\/\/decouvrirensemble.com\/wp-content\/uploads\/2021\/05\/la-costa-brava-vacances-cadaques-1024x683.jpg 1024w, https:\/\/decouvrirensemble.com\/wp-content\/uploads\/2021\/05\/la-costa-brava-vacances-cadaques-768x512.jpg 768w, https:\/\/decouvrirensemble.com\/wp-content\/uploads\/2021\/05\/la-costa-brava-vacances-cadaques-1536x1024.jpg 1536w\" sizes=\"(max-width: 1800px) 100vw, 1800px\" \/><p id=\"caption-attachment-15447\" class=\"wp-caption-text\">\u00a1Felices fiestas en la Costa Brava!<\/p><\/div>\n<p>[gracias]<\/p>\n\n\n<div class=\"kk-star-ratings kksr-auto kksr-align-left kksr-valign-bottom\"\n    data-payload='{&quot;align&quot;:&quot;left&quot;,&quot;id&quot;:&quot;57455&quot;,&quot;slug&quot;:&quot;default&quot;,&quot;valign&quot;:&quot;bottom&quot;,&quot;ignore&quot;:&quot;&quot;,&quot;reference&quot;:&quot;auto&quot;,&quot;class&quot;:&quot;&quot;,&quot;count&quot;:&quot;6&quot;,&quot;legendonly&quot;:&quot;&quot;,&quot;readonly&quot;:&quot;&quot;,&quot;score&quot;:&quot;5&quot;,&quot;starsonly&quot;:&quot;&quot;,&quot;best&quot;:&quot;5&quot;,&quot;gap&quot;:&quot;4&quot;,&quot;greet&quot;:&quot;Sea el primero en valorar esta entrada de blog.&quot;,&quot;legend&quot;:&quot;5\\\/5 - (6 votos)&quot;,&quot;size&quot;:&quot;21&quot;,&quot;title&quot;:&quot;Qu\u00e9 ver en Blanes: Los mejores lugares&quot;,&quot;width&quot;:&quot;123&quot;,&quot;_legend&quot;:&quot;{score}\\\/{best} - ({count} {votes})&quot;,&quot;font_factor&quot;:&quot;1.25&quot;}'>\n            \n<div class=\"kksr-stars\">\n    \n<div class=\"kksr-stars-inactive\">\n            <div class=\"kksr-star\" data-star=\"1\" style=\"padding-right: 4px\">\n            \n\n<div class=\"kksr-icon\" style=\"width: 21px; height: 21px;\"><\/div>\n        <\/div>\n            <div class=\"kksr-star\" data-star=\"2\" style=\"padding-right: 4px\">\n            \n\n<div class=\"kksr-icon\" style=\"width: 21px; height: 21px;\"><\/div>\n        <\/div>\n            <div class=\"kksr-star\" data-star=\"3\" style=\"padding-right: 4px\">\n            \n\n<div class=\"kksr-icon\" style=\"width: 21px; height: 21px;\"><\/div>\n        <\/div>\n            <div class=\"kksr-star\" data-star=\"4\" style=\"padding-right: 4px\">\n            \n\n<div class=\"kksr-icon\" style=\"width: 21px; height: 21px;\"><\/div>\n        <\/div>\n            <div class=\"kksr-star\" data-star=\"5\" style=\"padding-right: 4px\">\n            \n\n<div class=\"kksr-icon\" style=\"width: 21px; height: 21px;\"><\/div>\n        <\/div>\n    <\/div>\n    \n<div class=\"kksr-stars-active\" style=\"width: 123px;\">\n            <div class=\"kksr-star\" style=\"padding-right: 4px\">\n            \n\n<div class=\"kksr-icon\" style=\"width: 21px; height: 21px;\"><\/div>\n        <\/div>\n            <div class=\"kksr-star\" style=\"padding-right: 4px\">\n            \n\n<div class=\"kksr-icon\" style=\"width: 21px; height: 21px;\"><\/div>\n        <\/div>\n            <div class=\"kksr-star\" style=\"padding-right: 4px\">\n            \n\n<div class=\"kksr-icon\" style=\"width: 21px; height: 21px;\"><\/div>\n        <\/div>\n            <div class=\"kksr-star\" style=\"padding-right: 4px\">\n            \n\n<div class=\"kksr-icon\" style=\"width: 21px; height: 21px;\"><\/div>\n        <\/div>\n            <div class=\"kksr-star\" style=\"padding-right: 4px\">\n            \n\n<div class=\"kksr-icon\" style=\"width: 21px; height: 21px;\"><\/div>\n        <\/div>\n    <\/div>\n<\/div>\n                \n\n<div class=\"kksr-legend\" style=\"font-size: 16.8px;\">\n            5\/5 - (6 votos)    <\/div>\n    <\/div>\n","protected":false},"excerpt":{"rendered":"<p>A s\u00f3lo 2 horas de la frontera francesa y a 1 hora de Barcelona, Blanes marca el inicio de la Costa Brava desde la capital catalana.<\/p>\n","protected":false},"author":1,"featured_media":55589,"comment_status":"open","ping_status":"closed","sticky":false,"template":"","format":"standard","meta":{"_acf_changed":false,"_lmt_disableupdate":"no","_lmt_disable":"no","footnotes":""},"categories":[461,462],"tags":[],"class_list":["post-57455","post","type-post","status-publish","format-standard","has-post-thumbnail","hentry","category-espana","category-guias-de-viajes"],"acf":[],"yoast_head":"<!-- This site is optimized with the Yoast SEO plugin v27.4 - https:\/\/yoast.com\/product\/yoast-seo-wordpress\/ -->\n<title>Qu\u00e9 ver en Blanes: Los mejores lugares<\/title>\n<meta name=\"description\" content=\"\u00bfQu\u00e9 ver en Blanes? Consulte nuestro blog de viajes para conocer nuestras mejores direcciones: visitas obligadas, restaurantes y hoteles.\" \/>\n<meta name=\"robots\" content=\"index, follow, max-snippet:-1, max-image-preview:large, max-video-preview:-1\" \/>\n<link rel=\"canonical\" href=\"https:\/\/decouvrirensemble.com\/es\/que-ver-en-blanes\" \/>\n<meta property=\"og:locale\" content=\"es_ES\" \/>\n<meta property=\"og:type\" content=\"article\" \/>\n<meta property=\"og:title\" content=\"Qu\u00e9 ver en Blanes: Los mejores lugares\" \/>\n<meta property=\"og:description\" content=\"\u00bfQu\u00e9 ver en Blanes? Consulte nuestro blog de viajes para conocer nuestras mejores direcciones: visitas obligadas, restaurantes y hoteles.\" \/>\n<meta property=\"og:url\" content=\"https:\/\/decouvrirensemble.com\/es\/que-ver-en-blanes\" \/>\n<meta property=\"og:site_name\" content=\"Blog Voyage - D\u00e9couvrir Ensemble\" \/>\n<meta property=\"article:published_time\" content=\"2024-07-16T16:47:25+00:00\" \/>\n<meta property=\"article:modified_time\" content=\"2026-01-06T14:18:16+00:00\" \/>\n<meta property=\"og:image\" content=\"https:\/\/decouvrirensemble.com\/wp-content\/uploads\/2024\/07\/blanes-espagne-blog.jpg\" \/>\n\t<meta property=\"og:image:width\" content=\"1800\" \/>\n\t<meta property=\"og:image:height\" content=\"1200\" \/>\n\t<meta property=\"og:image:type\" content=\"image\/jpeg\" \/>\n<meta name=\"author\" content=\"Cl\u00e9mence &amp; Alexandre\" \/>\n<meta name=\"twitter:card\" content=\"summary_large_image\" \/>\n<meta name=\"twitter:creator\" content=\"@dcouvrirensmble\" \/>\n<meta name=\"twitter:site\" content=\"@dcouvrirensmble\" \/>\n<meta name=\"twitter:label1\" content=\"Escrito por\" \/>\n\t<meta name=\"twitter:data1\" content=\"Cl\u00e9mence &amp; Alexandre\" \/>\n\t<meta name=\"twitter:label2\" content=\"Tiempo de lectura\" \/>\n\t<meta name=\"twitter:data2\" content=\"8 minutos\" \/>\n<script type=\"application\/ld+json\" class=\"yoast-schema-graph\">{\"@context\":\"https:\\\/\\\/schema.org\",\"@graph\":[{\"@type\":\"Article\",\"@id\":\"https:\\\/\\\/decouvrirensemble.com\\\/es\\\/que-ver-en-blanes#article\",\"isPartOf\":{\"@id\":\"https:\\\/\\\/decouvrirensemble.com\\\/es\\\/que-ver-en-blanes\"},\"author\":{\"name\":\"Cl\u00e9mence &amp; Alexandre\",\"@id\":\"https:\\\/\\\/decouvrirensemble.com\\\/es#\\\/schema\\\/person\\\/a53efd44d02eb7f9ab90f96e84a9d2ba\"},\"headline\":\"Qu\u00e9 ver en Blanes: Los mejores lugares\",\"datePublished\":\"2024-07-16T16:47:25+00:00\",\"dateModified\":\"2026-01-06T14:18:16+00:00\",\"mainEntityOfPage\":{\"@id\":\"https:\\\/\\\/decouvrirensemble.com\\\/es\\\/que-ver-en-blanes\"},\"wordCount\":840,\"commentCount\":0,\"publisher\":{\"@id\":\"https:\\\/\\\/decouvrirensemble.com\\\/es#\\\/schema\\\/person\\\/a53efd44d02eb7f9ab90f96e84a9d2ba\"},\"image\":{\"@id\":\"https:\\\/\\\/decouvrirensemble.com\\\/es\\\/que-ver-en-blanes#primaryimage\"},\"thumbnailUrl\":\"https:\\\/\\\/decouvrirensemble.com\\\/wp-content\\\/uploads\\\/2024\\\/07\\\/blanes-espagne-blog.jpg\",\"articleSection\":[\"Espa\u00f1a\",\"Gu\u00edas de viajes\"],\"inLanguage\":\"es\",\"potentialAction\":[{\"@type\":\"CommentAction\",\"name\":\"Comment\",\"target\":[\"https:\\\/\\\/decouvrirensemble.com\\\/es\\\/que-ver-en-blanes#respond\"]}]},{\"@type\":\"WebPage\",\"@id\":\"https:\\\/\\\/decouvrirensemble.com\\\/es\\\/que-ver-en-blanes\",\"url\":\"https:\\\/\\\/decouvrirensemble.com\\\/es\\\/que-ver-en-blanes\",\"name\":\"Qu\u00e9 ver en Blanes: Los mejores lugares\",\"isPartOf\":{\"@id\":\"https:\\\/\\\/decouvrirensemble.com\\\/es#website\"},\"primaryImageOfPage\":{\"@id\":\"https:\\\/\\\/decouvrirensemble.com\\\/es\\\/que-ver-en-blanes#primaryimage\"},\"image\":{\"@id\":\"https:\\\/\\\/decouvrirensemble.com\\\/es\\\/que-ver-en-blanes#primaryimage\"},\"thumbnailUrl\":\"https:\\\/\\\/decouvrirensemble.com\\\/wp-content\\\/uploads\\\/2024\\\/07\\\/blanes-espagne-blog.jpg\",\"datePublished\":\"2024-07-16T16:47:25+00:00\",\"dateModified\":\"2026-01-06T14:18:16+00:00\",\"description\":\"\u00bfQu\u00e9 ver en Blanes? Consulte nuestro blog de viajes para conocer nuestras mejores direcciones: visitas obligadas, restaurantes y hoteles.\",\"breadcrumb\":{\"@id\":\"https:\\\/\\\/decouvrirensemble.com\\\/es\\\/que-ver-en-blanes#breadcrumb\"},\"inLanguage\":\"es\",\"potentialAction\":[{\"@type\":\"ReadAction\",\"target\":[\"https:\\\/\\\/decouvrirensemble.com\\\/es\\\/que-ver-en-blanes\"]}]},{\"@type\":\"ImageObject\",\"inLanguage\":\"es\",\"@id\":\"https:\\\/\\\/decouvrirensemble.com\\\/es\\\/que-ver-en-blanes#primaryimage\",\"url\":\"https:\\\/\\\/decouvrirensemble.com\\\/wp-content\\\/uploads\\\/2024\\\/07\\\/blanes-espagne-blog.jpg\",\"contentUrl\":\"https:\\\/\\\/decouvrirensemble.com\\\/wp-content\\\/uploads\\\/2024\\\/07\\\/blanes-espagne-blog.jpg\",\"width\":1800,\"height\":1200,\"caption\":\"blanes espagne\"},{\"@type\":\"BreadcrumbList\",\"@id\":\"https:\\\/\\\/decouvrirensemble.com\\\/es\\\/que-ver-en-blanes#breadcrumb\",\"itemListElement\":[{\"@type\":\"ListItem\",\"position\":1,\"name\":\"Accueil\",\"item\":\"https:\\\/\\\/decouvrirensemble.com\\\/es\"},{\"@type\":\"ListItem\",\"position\":2,\"name\":\"Gu\u00edas de viajes\",\"item\":\"https:\\\/\\\/decouvrirensemble.com\\\/es\\\/guias-de-viajes\"},{\"@type\":\"ListItem\",\"position\":3,\"name\":\"Qu\u00e9 ver en Blanes: Los mejores lugares\"}]},{\"@type\":\"WebSite\",\"@id\":\"https:\\\/\\\/decouvrirensemble.com\\\/es#website\",\"url\":\"https:\\\/\\\/decouvrirensemble.com\\\/es\",\"name\":\"Blog Voyage - D\u00e9couvrir Ensemble\",\"description\":\"Le Blog Voyage de Clem et Alex\",\"publisher\":{\"@id\":\"https:\\\/\\\/decouvrirensemble.com\\\/es#\\\/schema\\\/person\\\/a53efd44d02eb7f9ab90f96e84a9d2ba\"},\"potentialAction\":[{\"@type\":\"SearchAction\",\"target\":{\"@type\":\"EntryPoint\",\"urlTemplate\":\"https:\\\/\\\/decouvrirensemble.com\\\/es?s={search_term_string}\"},\"query-input\":{\"@type\":\"PropertyValueSpecification\",\"valueRequired\":true,\"valueName\":\"search_term_string\"}}],\"inLanguage\":\"es\"},{\"@type\":[\"Person\",\"Organization\"],\"@id\":\"https:\\\/\\\/decouvrirensemble.com\\\/es#\\\/schema\\\/person\\\/a53efd44d02eb7f9ab90f96e84a9d2ba\",\"name\":\"Cl\u00e9mence &amp; Alexandre\",\"image\":{\"@type\":\"ImageObject\",\"inLanguage\":\"es\",\"@id\":\"https:\\\/\\\/decouvrirensemble.com\\\/wp-content\\\/uploads\\\/2024\\\/04\\\/logo-decouvrir-ensemble-blog-voyage.jpg\",\"url\":\"https:\\\/\\\/decouvrirensemble.com\\\/wp-content\\\/uploads\\\/2024\\\/04\\\/logo-decouvrir-ensemble-blog-voyage.jpg\",\"contentUrl\":\"https:\\\/\\\/decouvrirensemble.com\\\/wp-content\\\/uploads\\\/2024\\\/04\\\/logo-decouvrir-ensemble-blog-voyage.jpg\",\"width\":1563,\"height\":529,\"caption\":\"Cl\u00e9mence &amp; Alexandre\"},\"logo\":{\"@id\":\"https:\\\/\\\/decouvrirensemble.com\\\/wp-content\\\/uploads\\\/2024\\\/04\\\/logo-decouvrir-ensemble-blog-voyage.jpg\"},\"sameAs\":[\"https:\\\/\\\/decouvrirensemble.com\\\/\"]}]}<\/script>\n<!-- \/ Yoast SEO plugin. -->","yoast_head_json":{"title":"Qu\u00e9 ver en Blanes: Los mejores lugares","description":"\u00bfQu\u00e9 ver en Blanes? Consulte nuestro blog de viajes para conocer nuestras mejores direcciones: visitas obligadas, restaurantes y hoteles.","robots":{"index":"index","follow":"follow","max-snippet":"max-snippet:-1","max-image-preview":"max-image-preview:large","max-video-preview":"max-video-preview:-1"},"canonical":"https:\/\/decouvrirensemble.com\/es\/que-ver-en-blanes","og_locale":"es_ES","og_type":"article","og_title":"Qu\u00e9 ver en Blanes: Los mejores lugares","og_description":"\u00bfQu\u00e9 ver en Blanes? Consulte nuestro blog de viajes para conocer nuestras mejores direcciones: visitas obligadas, restaurantes y hoteles.","og_url":"https:\/\/decouvrirensemble.com\/es\/que-ver-en-blanes","og_site_name":"Blog Voyage - D\u00e9couvrir Ensemble","article_published_time":"2024-07-16T16:47:25+00:00","article_modified_time":"2026-01-06T14:18:16+00:00","og_image":[{"width":1800,"height":1200,"url":"https:\/\/decouvrirensemble.com\/wp-content\/uploads\/2024\/07\/blanes-espagne-blog.jpg","type":"image\/jpeg"}],"author":"Cl\u00e9mence &amp; Alexandre","twitter_card":"summary_large_image","twitter_creator":"@dcouvrirensmble","twitter_site":"@dcouvrirensmble","twitter_misc":{"Escrito por":"Cl\u00e9mence &amp; Alexandre","Tiempo de lectura":"8 minutos"},"schema":{"@context":"https:\/\/schema.org","@graph":[{"@type":"Article","@id":"https:\/\/decouvrirensemble.com\/es\/que-ver-en-blanes#article","isPartOf":{"@id":"https:\/\/decouvrirensemble.com\/es\/que-ver-en-blanes"},"author":{"name":"Cl\u00e9mence &amp; Alexandre","@id":"https:\/\/decouvrirensemble.com\/es#\/schema\/person\/a53efd44d02eb7f9ab90f96e84a9d2ba"},"headline":"Qu\u00e9 ver en Blanes: Los mejores lugares","datePublished":"2024-07-16T16:47:25+00:00","dateModified":"2026-01-06T14:18:16+00:00","mainEntityOfPage":{"@id":"https:\/\/decouvrirensemble.com\/es\/que-ver-en-blanes"},"wordCount":840,"commentCount":0,"publisher":{"@id":"https:\/\/decouvrirensemble.com\/es#\/schema\/person\/a53efd44d02eb7f9ab90f96e84a9d2ba"},"image":{"@id":"https:\/\/decouvrirensemble.com\/es\/que-ver-en-blanes#primaryimage"},"thumbnailUrl":"https:\/\/decouvrirensemble.com\/wp-content\/uploads\/2024\/07\/blanes-espagne-blog.jpg","articleSection":["Espa\u00f1a","Gu\u00edas de viajes"],"inLanguage":"es","potentialAction":[{"@type":"CommentAction","name":"Comment","target":["https:\/\/decouvrirensemble.com\/es\/que-ver-en-blanes#respond"]}]},{"@type":"WebPage","@id":"https:\/\/decouvrirensemble.com\/es\/que-ver-en-blanes","url":"https:\/\/decouvrirensemble.com\/es\/que-ver-en-blanes","name":"Qu\u00e9 ver en Blanes: Los mejores lugares","isPartOf":{"@id":"https:\/\/decouvrirensemble.com\/es#website"},"primaryImageOfPage":{"@id":"https:\/\/decouvrirensemble.com\/es\/que-ver-en-blanes#primaryimage"},"image":{"@id":"https:\/\/decouvrirensemble.com\/es\/que-ver-en-blanes#primaryimage"},"thumbnailUrl":"https:\/\/decouvrirensemble.com\/wp-content\/uploads\/2024\/07\/blanes-espagne-blog.jpg","datePublished":"2024-07-16T16:47:25+00:00","dateModified":"2026-01-06T14:18:16+00:00","description":"\u00bfQu\u00e9 ver en Blanes? Consulte nuestro blog de viajes para conocer nuestras mejores direcciones: visitas obligadas, restaurantes y hoteles.","breadcrumb":{"@id":"https:\/\/decouvrirensemble.com\/es\/que-ver-en-blanes#breadcrumb"},"inLanguage":"es","potentialAction":[{"@type":"ReadAction","target":["https:\/\/decouvrirensemble.com\/es\/que-ver-en-blanes"]}]},{"@type":"ImageObject","inLanguage":"es","@id":"https:\/\/decouvrirensemble.com\/es\/que-ver-en-blanes#primaryimage","url":"https:\/\/decouvrirensemble.com\/wp-content\/uploads\/2024\/07\/blanes-espagne-blog.jpg","contentUrl":"https:\/\/decouvrirensemble.com\/wp-content\/uploads\/2024\/07\/blanes-espagne-blog.jpg","width":1800,"height":1200,"caption":"blanes espagne"},{"@type":"BreadcrumbList","@id":"https:\/\/decouvrirensemble.com\/es\/que-ver-en-blanes#breadcrumb","itemListElement":[{"@type":"ListItem","position":1,"name":"Accueil","item":"https:\/\/decouvrirensemble.com\/es"},{"@type":"ListItem","position":2,"name":"Gu\u00edas de viajes","item":"https:\/\/decouvrirensemble.com\/es\/guias-de-viajes"},{"@type":"ListItem","position":3,"name":"Qu\u00e9 ver en Blanes: Los mejores lugares"}]},{"@type":"WebSite","@id":"https:\/\/decouvrirensemble.com\/es#website","url":"https:\/\/decouvrirensemble.com\/es","name":"Blog Voyage - D\u00e9couvrir Ensemble","description":"Le Blog Voyage de Clem et Alex","publisher":{"@id":"https:\/\/decouvrirensemble.com\/es#\/schema\/person\/a53efd44d02eb7f9ab90f96e84a9d2ba"},"potentialAction":[{"@type":"SearchAction","target":{"@type":"EntryPoint","urlTemplate":"https:\/\/decouvrirensemble.com\/es?s={search_term_string}"},"query-input":{"@type":"PropertyValueSpecification","valueRequired":true,"valueName":"search_term_string"}}],"inLanguage":"es"},{"@type":["Person","Organization"],"@id":"https:\/\/decouvrirensemble.com\/es#\/schema\/person\/a53efd44d02eb7f9ab90f96e84a9d2ba","name":"Cl\u00e9mence &amp; Alexandre","image":{"@type":"ImageObject","inLanguage":"es","@id":"https:\/\/decouvrirensemble.com\/wp-content\/uploads\/2024\/04\/logo-decouvrir-ensemble-blog-voyage.jpg","url":"https:\/\/decouvrirensemble.com\/wp-content\/uploads\/2024\/04\/logo-decouvrir-ensemble-blog-voyage.jpg","contentUrl":"https:\/\/decouvrirensemble.com\/wp-content\/uploads\/2024\/04\/logo-decouvrir-ensemble-blog-voyage.jpg","width":1563,"height":529,"caption":"Cl\u00e9mence &amp; Alexandre"},"logo":{"@id":"https:\/\/decouvrirensemble.com\/wp-content\/uploads\/2024\/04\/logo-decouvrir-ensemble-blog-voyage.jpg"},"sameAs":["https:\/\/decouvrirensemble.com\/"]}]}},"modified_by":"Cl\u00e9mence &amp; Alexandre","_links":{"self":[{"href":"https:\/\/decouvrirensemble.com\/es\/wp-json\/wp\/v2\/posts\/57455","targetHints":{"allow":["GET"]}}],"collection":[{"href":"https:\/\/decouvrirensemble.com\/es\/wp-json\/wp\/v2\/posts"}],"about":[{"href":"https:\/\/decouvrirensemble.com\/es\/wp-json\/wp\/v2\/types\/post"}],"author":[{"embeddable":true,"href":"https:\/\/decouvrirensemble.com\/es\/wp-json\/wp\/v2\/users\/1"}],"replies":[{"embeddable":true,"href":"https:\/\/decouvrirensemble.com\/es\/wp-json\/wp\/v2\/comments?post=57455"}],"version-history":[{"count":1,"href":"https:\/\/decouvrirensemble.com\/es\/wp-json\/wp\/v2\/posts\/57455\/revisions"}],"predecessor-version":[{"id":63510,"href":"https:\/\/decouvrirensemble.com\/es\/wp-json\/wp\/v2\/posts\/57455\/revisions\/63510"}],"wp:featuredmedia":[{"embeddable":true,"href":"https:\/\/decouvrirensemble.com\/es\/wp-json\/wp\/v2\/media\/55589"}],"wp:attachment":[{"href":"https:\/\/decouvrirensemble.com\/es\/wp-json\/wp\/v2\/media?parent=57455"}],"wp:term":[{"taxonomy":"category","embeddable":true,"href":"https:\/\/decouvrirensemble.com\/es\/wp-json\/wp\/v2\/categories?post=57455"},{"taxonomy":"post_tag","embeddable":true,"href":"https:\/\/decouvrirensemble.com\/es\/wp-json\/wp\/v2\/tags?post=57455"}],"curies":[{"name":"wp","href":"https:\/\/api.w.org\/{rel}","templated":true}]}}