{"id":57498,"date":"2021-06-09T10:53:28","date_gmt":"2021-06-09T08:53:28","guid":{"rendered":"https:\/\/decouvrirensemble.com\/costa-brava-carte-itineraire"},"modified":"2026-04-14T15:35:18","modified_gmt":"2026-04-14T13:35:18","slug":"que-ver-en-la-costa-brava","status":"publish","type":"post","link":"https:\/\/decouvrirensemble.com\/es\/que-ver-en-la-costa-brava","title":{"rendered":"Qu\u00e9 ver en la Costa Brava: Nuestros imprescindibles"},"content":{"rendered":"<p>En nuestro <strong>blog de viajes<\/strong> podr\u00e1s leer todo sobre nuestro itinerario por los pueblos imprescindibles de la <strong>Costa Brava<\/strong>, as\u00ed como una lista de ideas de paseos <strong>por la Costa Brava<\/strong>, calas por descubrir y pueblos que nos han recomendado. Tambi\u00e9n hemos incluido <strong>un mapa de nuestro itinerario.<\/strong><\/p>\n<p>Siga nuestro art\u00edculo completo para planificar su escapada soleada a Espa\u00f1a a trav\u00e9s de las maravillas de <strong>la Costa Brava<\/strong>.<\/p>\n<h2><span class=\"ez-toc-section\" id=\"Mapa_de_nuestro_itinerario_por_la_Costa_Brava\"><\/span>Mapa de nuestro itinerario por la Costa Brava<span class=\"ez-toc-section-end\"><\/span><\/h2>\n<p>En esta entrada del blog, hemos enumerado <strong>nuestro itinerario por la Costa Brava<\/strong> desde <strong>Cadaqu\u00e9s<\/strong> hasta <strong>Blanes<\/strong>, a s\u00f3lo 1 hora de Barcelona. Aqu\u00ed compartimos <a href=\"https:\/\/maps.app.goo.gl\/QA94aNPTTGq1orHW6\" rel=\"noopener\">nuestro mapa de la Costa Brava<\/a> para ayudarte a planificar tu viaje.<\/p>\n<div class=\"block-width-lg mx-auto\"><div class=\"video-container\"><iframe style=\"border: 0;\" src=\"https:\/\/www.google.com\/maps\/embed?pb=!1m52!1m12!1m3!1d379605.36203896475!2d2.6963557103439624!3d41.98596120894656!2m3!1f0!2f0!3f0!3m2!1i1024!2i768!4f13.1!4m37!3e0!4m5!1s0x12ba6f3e36acd499%3A0x6c31794ebb29ec70!2zQ2FkYXF1w6lzLCBHw6lyb25l!3m2!1d42.2887571!2d3.2779723!4m5!1s0x12ba53d81794d96f%3A0x1fb9238b71186c25!2zQmVndXIsIDE3MjU1LCBHw6lyb25l!3m2!1d41.9535511!2d3.2025607999999997!4m5!1s0x12ba5691e086c919%3A0x9d7514227703b5f6!2sPals!3m2!1d41.985115799999996!2d3.1679257!4m5!1s0x12ba5344a739a717%3A0xa00fae29cc98f40!2sCalella%20de%20Palafrugell%2C%20G%C3%A9rone!3m2!1d41.8903804!2d3.1853925999999997!4m5!1s0x12bb170787077a59%3A0x9273ef3da6e68c78!2sLloret%20de%20Mar!3m2!1d41.699947099999996!2d2.8398821!4m5!1s0x12bb3df338248d43%3A0xd00e38b0f0638982!2sBlanes!3m2!1d41.6759103!2d2.7899933999999997!5e0!3m2!1sfr!2ses!4v1721213800438!5m2!1sfr!2ses\" width=\"600\" height=\"450\" allowfullscreen=\"allowfullscreen\"><\/iframe><\/div><\/div>\n<h2><span class=\"ez-toc-section\" id=\"Los_lugares_mas_bonitos_de_la_Costa_Brava\"><\/span>Los lugares m\u00e1s bonitos de la Costa Brava<span class=\"ez-toc-section-end\"><\/span><\/h2>\n<h3><span class=\"ez-toc-section\" id=\"1_Cadaques\"><\/span>1. Cadaqu\u00e9s<span class=\"ez-toc-section-end\"><\/span><\/h3>\n<p><a href=\"https:\/\/decouvrirensemble.com\/es\/que-ver-en-cadaques\" rel=\"noopener\">Cadaqu\u00e9s<\/a> es un peque\u00f1o pueblo pesquero de casas blancas y encantadoras calles empedradas que bien merece una visita. Dedique un d\u00eda a pasear por este bonito pueblo enclavado en el coraz\u00f3n del Parque Natural del Cap de Creus.<\/p>\n<p>Seguro que se enamorar\u00e1 de este pintoresco pueblo de arquitectura bien conservada, a pesar de la afluencia de turistas en verano. Le recomendamos encarecidamente que visite Cadaqu\u00e9s durante sus vacaciones en <strong>la Costa Brava<\/strong>.<\/p>\n<p>[cadaques]<\/p>\n<div id=\"attachment_15447\" style=\"width: 1810px\" class=\"wp-caption alignnone\"><img decoding=\"async\" aria-describedby=\"caption-attachment-15447\" class=\"wp-image-15447 size-full\" src=\"https:\/\/decouvrirensemble.com\/wp-content\/uploads\/2021\/05\/la-costa-brava-vacances-cadaques.jpg\" alt=\"cadaques costa brava\" width=\"1800\" height=\"1200\" srcset=\"https:\/\/decouvrirensemble.com\/wp-content\/uploads\/2021\/05\/la-costa-brava-vacances-cadaques.jpg 1800w, https:\/\/decouvrirensemble.com\/wp-content\/uploads\/2021\/05\/la-costa-brava-vacances-cadaques-300x200.jpg 300w, https:\/\/decouvrirensemble.com\/wp-content\/uploads\/2021\/05\/la-costa-brava-vacances-cadaques-1024x683.jpg 1024w, https:\/\/decouvrirensemble.com\/wp-content\/uploads\/2021\/05\/la-costa-brava-vacances-cadaques-768x512.jpg 768w, https:\/\/decouvrirensemble.com\/wp-content\/uploads\/2021\/05\/la-costa-brava-vacances-cadaques-1536x1024.jpg 1536w\" sizes=\"(max-width: 1800px) 100vw, 1800px\" \/><p id=\"caption-attachment-15447\" class=\"wp-caption-text\">Cadaques<\/p><\/div>\n<h3><span class=\"ez-toc-section\" id=\"2_Begur\"><\/span>2. Begur<span class=\"ez-toc-section-end\"><\/span><\/h3>\n<p>Cerca de Palafrugell, el pueblo de <a href=\"https:\/\/maps.app.goo.gl\/CLqqLsbxjrgQ3ixw7\" rel=\"noopener\">Begur<\/a> fue uno de nuestros favoritos. Un poco m\u00e1s hacia el interior, este pueblo de calles empedradas y arquitectura medieval est\u00e1 lleno de sorpresas. Avent\u00farese a subir a las alturas para disfrutar de las vistas.<\/p>\n<p>Tambi\u00e9n encontrar\u00e1 numerosos hoteles de dise\u00f1o y aut\u00e9nticos, as\u00ed como bonitos restaurantes con terraza. Este encantador pueblo es <strong>una visita obligada en la Costa Brava<\/strong>. Descubra m\u00e1s sobre <strong>Begur<\/strong> en nuestro art\u00edculo dedicado.<\/p>\n<p>[begur]<\/p>\n<img decoding=\"async\" class=\"wp-image-15452 size-full alignnone\" src=\"https:\/\/decouvrirensemble.com\/wp-content\/uploads\/2021\/05\/visiter-begur-espagne-hotel.jpg\" alt=\"begur costa brava\" width=\"1800\" height=\"1200\" srcset=\"https:\/\/decouvrirensemble.com\/wp-content\/uploads\/2021\/05\/visiter-begur-espagne-hotel.jpg 1800w, https:\/\/decouvrirensemble.com\/wp-content\/uploads\/2021\/05\/visiter-begur-espagne-hotel-300x200.jpg 300w, https:\/\/decouvrirensemble.com\/wp-content\/uploads\/2021\/05\/visiter-begur-espagne-hotel-1024x683.jpg 1024w, https:\/\/decouvrirensemble.com\/wp-content\/uploads\/2021\/05\/visiter-begur-espagne-hotel-768x512.jpg 768w, https:\/\/decouvrirensemble.com\/wp-content\/uploads\/2021\/05\/visiter-begur-espagne-hotel-1536x1024.jpg 1536w\" sizes=\"(max-width: 1800px) 100vw, 1800px\" \/>\n<h3><span class=\"ez-toc-section\" id=\"3_Pals\"><\/span>3. Pals<span class=\"ez-toc-section-end\"><\/span><\/h3>\n<p>El peque\u00f1o <a href=\"https:\/\/decouvrirensemble.com\/es\/que-ver-en-pals\" rel=\"noopener\">pueblo medieval de Pals<\/a> es otro de <strong>nuestros favoritos de la Costa Brava<\/strong>. Pasee por sus calles empedradas para descubrir peque\u00f1os artesanos y secretos del pasado, que siguen muy vivos en este pueblo. S\u00f3lo necesitar\u00e1 dos horas para completar el recorrido. \u00a1Pals es una visita obligada en <strong>sus vacaciones en Espa\u00f1a<\/strong>!<\/p>\n<p>[pals]<\/p>\n<img decoding=\"async\" class=\"size-full wp-image-15453 alignnone\" src=\"https:\/\/decouvrirensemble.com\/wp-content\/uploads\/2021\/05\/visiter-pals-espagne-la-costa-brava.jpg\" alt=\"visiter pals\" width=\"1800\" height=\"1200\" srcset=\"https:\/\/decouvrirensemble.com\/wp-content\/uploads\/2021\/05\/visiter-pals-espagne-la-costa-brava.jpg 1800w, https:\/\/decouvrirensemble.com\/wp-content\/uploads\/2021\/05\/visiter-pals-espagne-la-costa-brava-300x200.jpg 300w, https:\/\/decouvrirensemble.com\/wp-content\/uploads\/2021\/05\/visiter-pals-espagne-la-costa-brava-1024x683.jpg 1024w, https:\/\/decouvrirensemble.com\/wp-content\/uploads\/2021\/05\/visiter-pals-espagne-la-costa-brava-768x512.jpg 768w, https:\/\/decouvrirensemble.com\/wp-content\/uploads\/2021\/05\/visiter-pals-espagne-la-costa-brava-1536x1024.jpg 1536w\" sizes=\"(max-width: 1800px) 100vw, 1800px\" \/>\n<img decoding=\"async\" class=\"size-full wp-image-15455 alignnone\" src=\"https:\/\/decouvrirensemble.com\/wp-content\/uploads\/2021\/05\/pals-visiter-village-medieval-espagne.jpg\" alt=\"visiter pals\" width=\"1800\" height=\"1200\" srcset=\"https:\/\/decouvrirensemble.com\/wp-content\/uploads\/2021\/05\/pals-visiter-village-medieval-espagne.jpg 1800w, https:\/\/decouvrirensemble.com\/wp-content\/uploads\/2021\/05\/pals-visiter-village-medieval-espagne-300x200.jpg 300w, https:\/\/decouvrirensemble.com\/wp-content\/uploads\/2021\/05\/pals-visiter-village-medieval-espagne-1024x683.jpg 1024w, https:\/\/decouvrirensemble.com\/wp-content\/uploads\/2021\/05\/pals-visiter-village-medieval-espagne-768x512.jpg 768w, https:\/\/decouvrirensemble.com\/wp-content\/uploads\/2021\/05\/pals-visiter-village-medieval-espagne-1536x1024.jpg 1536w\" sizes=\"(max-width: 1800px) 100vw, 1800px\" \/>\n<h3><span class=\"ez-toc-section\" id=\"4_Calella_de_Palafrugell\"><\/span>4. Calella de Palafrugell<span class=\"ez-toc-section-end\"><\/span><\/h3>\n<p>El pueblo de <a href=\"https:\/\/decouvrirensemble.com\/es\/que-ver-en-calella-de-palafrugell\" rel=\"noopener\">Calella de Palafrugell<\/a> nos record\u00f3 mucho a Cadaqu\u00e9s en cuanto a ambiente y arquitectura.<\/p>\n<p>Este antiguo pueblo de pescadores tiene mucho encanto, y le seducir\u00e1n sus aguas turquesas, sus playas de arena blanca y sus numerosas terrazas de restaurantes.<\/p>\n<p>[calella]<\/p>\n<img decoding=\"async\" class=\"wp-image-15435 size-full alignnone\" src=\"https:\/\/decouvrirensemble.com\/wp-content\/uploads\/2021\/05\/calella-de-palafrugell-itineraire-la-costa-brava-quoi-faire.jpg\" alt=\"palafrugell costa brava\" width=\"1800\" height=\"1200\" srcset=\"https:\/\/decouvrirensemble.com\/wp-content\/uploads\/2021\/05\/calella-de-palafrugell-itineraire-la-costa-brava-quoi-faire.jpg 1800w, https:\/\/decouvrirensemble.com\/wp-content\/uploads\/2021\/05\/calella-de-palafrugell-itineraire-la-costa-brava-quoi-faire-300x200.jpg 300w, https:\/\/decouvrirensemble.com\/wp-content\/uploads\/2021\/05\/calella-de-palafrugell-itineraire-la-costa-brava-quoi-faire-1024x683.jpg 1024w, https:\/\/decouvrirensemble.com\/wp-content\/uploads\/2021\/05\/calella-de-palafrugell-itineraire-la-costa-brava-quoi-faire-768x512.jpg 768w, https:\/\/decouvrirensemble.com\/wp-content\/uploads\/2021\/05\/calella-de-palafrugell-itineraire-la-costa-brava-quoi-faire-1536x1024.jpg 1536w\" sizes=\"(max-width: 1800px) 100vw, 1800px\" \/>\n<h3><span class=\"ez-toc-section\" id=\"5_Lloret_del_Mar\"><\/span>5. Lloret del Mar<span class=\"ez-toc-section-end\"><\/span><\/h3>\n<p>Sabemos que muchos de vosotros viaj\u00e1is a <a href=\"https:\/\/maps.app.goo.gl\/M6fNWqjEgcEVnCWB6\">Lloret del Mar<\/a> cuando plane\u00e1is unas <strong>vacaciones en la Costa Brava<\/strong>. Si quieres descubrir sus magn\u00edficas playas mediterr\u00e1neas y su castillo medieval en las mejores condiciones, \u00a1te recomendamos que eches un vistazo a nuestro art\u00edculo sobre los mejores <a href=\"https:\/\/decouvrirensemble.com\/es\/hoteles-en-lloret-de-mar\" rel=\"noopener\">hoteles de Lloret del<\/a> Mar!<\/p>\n<p>[lloret]<\/p>\n<div id=\"attachment_20284\" style=\"width: 1810px\" class=\"wp-caption alignnone\"><img decoding=\"async\" aria-describedby=\"caption-attachment-20284\" class=\"wp-image-20284 size-full\" src=\"https:\/\/decouvrirensemble.com\/wp-content\/uploads\/2021\/06\/lloret-del-mar-costa-brava.jpg\" alt=\"lloret del mar\" width=\"1800\" height=\"1200\" srcset=\"https:\/\/decouvrirensemble.com\/wp-content\/uploads\/2021\/06\/lloret-del-mar-costa-brava.jpg 1800w, https:\/\/decouvrirensemble.com\/wp-content\/uploads\/2021\/06\/lloret-del-mar-costa-brava-300x200.jpg 300w, https:\/\/decouvrirensemble.com\/wp-content\/uploads\/2021\/06\/lloret-del-mar-costa-brava-1024x683.jpg 1024w, https:\/\/decouvrirensemble.com\/wp-content\/uploads\/2021\/06\/lloret-del-mar-costa-brava-768x512.jpg 768w, https:\/\/decouvrirensemble.com\/wp-content\/uploads\/2021\/06\/lloret-del-mar-costa-brava-1536x1024.jpg 1536w\" sizes=\"(max-width: 1800px) 100vw, 1800px\" \/><p id=\"caption-attachment-20284\" class=\"wp-caption-text\">Lloret del Mar<\/p><\/div>\n<h3><span class=\"ez-toc-section\" id=\"6_Blanes\"><\/span>6. Blanes<span class=\"ez-toc-section-end\"><\/span><\/h3>\n<p>A s\u00f3lo 1 hora en coche de <a href=\"https:\/\/decouvrirensemble.com\/es\/que-ver-en-barcelona-en-3-dias\" rel=\"noopener\">Barcelona<\/a>, la localidad de Blanes es un lugar estupendo para pasar el d\u00eda. <strong>Blanes<\/strong> marca oficialmente el inicio de la <strong>Costa Brava<\/strong>. Compartiremos con usted todas nuestras direcciones y lugares de visita obligada en nuestra entrada del blog dedicada a Blanes.<\/p>\n<p>[blanes]<\/p>\n<div id=\"attachment_55614\" style=\"width: 1810px\" class=\"wp-caption alignnone\"><img decoding=\"async\" aria-describedby=\"caption-attachment-55614\" class=\"wp-image-55614 size-full\" src=\"https:\/\/decouvrirensemble.com\/wp-content\/uploads\/2024\/07\/jardin-marimurtra-blanes.jpg\" alt=\"jardin botanique marimurtra\" width=\"1800\" height=\"1200\" srcset=\"https:\/\/decouvrirensemble.com\/wp-content\/uploads\/2024\/07\/jardin-marimurtra-blanes.jpg 1800w, https:\/\/decouvrirensemble.com\/wp-content\/uploads\/2024\/07\/jardin-marimurtra-blanes-300x200.jpg 300w, https:\/\/decouvrirensemble.com\/wp-content\/uploads\/2024\/07\/jardin-marimurtra-blanes-1024x683.jpg 1024w, https:\/\/decouvrirensemble.com\/wp-content\/uploads\/2024\/07\/jardin-marimurtra-blanes-768x512.jpg 768w, https:\/\/decouvrirensemble.com\/wp-content\/uploads\/2024\/07\/jardin-marimurtra-blanes-1536x1024.jpg 1536w, https:\/\/decouvrirensemble.com\/wp-content\/uploads\/2024\/07\/jardin-marimurtra-blanes-600x400.jpg 600w\" sizes=\"(max-width: 1800px) 100vw, 1800px\" \/><p id=\"caption-attachment-55614\" class=\"wp-caption-text\">blanes<\/p><\/div>\n<h3><span class=\"ez-toc-section\" id=\"7_Senderismo_y_Parques_Naturales_en_la_Costa_Brava\"><\/span>7. Senderismo y Parques Naturales en la Costa Brava<span class=\"ez-toc-section-end\"><\/span><\/h3>\n<ul>\n<li><a href=\"https:\/\/maps.app.goo.gl\/tbURzpdC28ee7AWJ7\" rel=\"noopener\">Parque Natural del Cap de Creus<\/a>: este enorme parque bien merece una visita. Tambi\u00e9n puede planear un paseo hasta el faro del Cap de Creus y comer en su excelente restaurante. Un d\u00eda al aire libre.<\/li>\n<li><a href=\"https:\/\/maps.app.goo.gl\/7uM4FXjMDay1kx5R8\" rel=\"noopener\">Paratge de Tudela <\/a>: aparca en el parking (lleva 5 \u20ac en met\u00e1lico para pagar el aparcamiento) y emprende un bonito paseo de 2 horas. Tendr\u00e1 acceso a preciosos senderos e incre\u00edbles calas.<\/li>\n<\/ul>\n<img decoding=\"async\" class=\"size-full wp-image-15510 alignnone\" src=\"https:\/\/decouvrirensemble.com\/wp-content\/uploads\/2021\/06\/Cap-Roig-costa-brava.jpg\" alt=\"Cap Roig\" width=\"1800\" height=\"1200\" srcset=\"https:\/\/decouvrirensemble.com\/wp-content\/uploads\/2021\/06\/Cap-Roig-costa-brava.jpg 1800w, https:\/\/decouvrirensemble.com\/wp-content\/uploads\/2021\/06\/Cap-Roig-costa-brava-300x200.jpg 300w, https:\/\/decouvrirensemble.com\/wp-content\/uploads\/2021\/06\/Cap-Roig-costa-brava-1024x683.jpg 1024w, https:\/\/decouvrirensemble.com\/wp-content\/uploads\/2021\/06\/Cap-Roig-costa-brava-768x512.jpg 768w, https:\/\/decouvrirensemble.com\/wp-content\/uploads\/2021\/06\/Cap-Roig-costa-brava-1536x1024.jpg 1536w\" sizes=\"(max-width: 1800px) 100vw, 1800px\" \/>\n<h2><span class=\"ez-toc-section\" id=\"Ideas_para_tu_viaje\"><\/span>Ideas para tu viaje<span class=\"ez-toc-section-end\"><\/span><\/h2>\n<p>&nbsp;<\/p>\n<div data-gyg-tour-ids=\"387631,24460,215928\" data-gyg-partner-id=\"QTAK8D9\" data-gyg-number-of-items=\"3\" data-gyg-widget=\"activities\" data-gyg-locale-code=\"es-ES\" data-gyg-href=\"https:\/\/widget.getyourguide.com\/default\/activities.frame\">&nbsp;<\/div>\n<p>&nbsp;<br \/>\n<img decoding=\"async\" class=\"size-full wp-image-15440 alignnone\" src=\"https:\/\/decouvrirensemble.com\/wp-content\/uploads\/2021\/05\/glace-glacier-cadaques-adresse-espagne.jpg\" alt=\"glace cadaques\" width=\"1800\" height=\"1200\" srcset=\"https:\/\/decouvrirensemble.com\/wp-content\/uploads\/2021\/05\/glace-glacier-cadaques-adresse-espagne.jpg 1800w, https:\/\/decouvrirensemble.com\/wp-content\/uploads\/2021\/05\/glace-glacier-cadaques-adresse-espagne-300x200.jpg 300w, https:\/\/decouvrirensemble.com\/wp-content\/uploads\/2021\/05\/glace-glacier-cadaques-adresse-espagne-1024x683.jpg 1024w, https:\/\/decouvrirensemble.com\/wp-content\/uploads\/2021\/05\/glace-glacier-cadaques-adresse-espagne-768x512.jpg 768w, https:\/\/decouvrirensemble.com\/wp-content\/uploads\/2021\/05\/glace-glacier-cadaques-adresse-espagne-1536x1024.jpg 1536w\" sizes=\"(max-width: 1800px) 100vw, 1800px\" \/><\/p>\n<p>[gracias]<\/p>\n\n\n<div class=\"kk-star-ratings kksr-auto kksr-align-left kksr-valign-bottom\"\n    data-payload='{&quot;align&quot;:&quot;left&quot;,&quot;id&quot;:&quot;57498&quot;,&quot;slug&quot;:&quot;default&quot;,&quot;valign&quot;:&quot;bottom&quot;,&quot;ignore&quot;:&quot;&quot;,&quot;reference&quot;:&quot;auto&quot;,&quot;class&quot;:&quot;&quot;,&quot;count&quot;:&quot;16&quot;,&quot;legendonly&quot;:&quot;&quot;,&quot;readonly&quot;:&quot;&quot;,&quot;score&quot;:&quot;4.8&quot;,&quot;starsonly&quot;:&quot;&quot;,&quot;best&quot;:&quot;5&quot;,&quot;gap&quot;:&quot;4&quot;,&quot;greet&quot;:&quot;Sea el primero en valorar esta entrada de blog.&quot;,&quot;legend&quot;:&quot;4.8\\\/5 - (16 votos)&quot;,&quot;size&quot;:&quot;21&quot;,&quot;title&quot;:&quot;Qu\u00e9 ver en la Costa Brava: Nuestros imprescindibles&quot;,&quot;width&quot;:&quot;118&quot;,&quot;_legend&quot;:&quot;{score}\\\/{best} - ({count} {votes})&quot;,&quot;font_factor&quot;:&quot;1.25&quot;}'>\n            \n<div class=\"kksr-stars\">\n    \n<div class=\"kksr-stars-inactive\">\n            <div class=\"kksr-star\" data-star=\"1\" style=\"padding-right: 4px\">\n            \n\n<div class=\"kksr-icon\" style=\"width: 21px; height: 21px;\"><\/div>\n        <\/div>\n            <div class=\"kksr-star\" data-star=\"2\" style=\"padding-right: 4px\">\n            \n\n<div class=\"kksr-icon\" style=\"width: 21px; height: 21px;\"><\/div>\n        <\/div>\n            <div class=\"kksr-star\" data-star=\"3\" style=\"padding-right: 4px\">\n            \n\n<div class=\"kksr-icon\" style=\"width: 21px; height: 21px;\"><\/div>\n        <\/div>\n            <div class=\"kksr-star\" data-star=\"4\" style=\"padding-right: 4px\">\n            \n\n<div class=\"kksr-icon\" style=\"width: 21px; height: 21px;\"><\/div>\n        <\/div>\n            <div class=\"kksr-star\" data-star=\"5\" style=\"padding-right: 4px\">\n            \n\n<div class=\"kksr-icon\" style=\"width: 21px; height: 21px;\"><\/div>\n        <\/div>\n    <\/div>\n    \n<div class=\"kksr-stars-active\" style=\"width: 118px;\">\n            <div class=\"kksr-star\" style=\"padding-right: 4px\">\n            \n\n<div class=\"kksr-icon\" style=\"width: 21px; height: 21px;\"><\/div>\n        <\/div>\n            <div class=\"kksr-star\" style=\"padding-right: 4px\">\n            \n\n<div class=\"kksr-icon\" style=\"width: 21px; height: 21px;\"><\/div>\n        <\/div>\n            <div class=\"kksr-star\" style=\"padding-right: 4px\">\n            \n\n<div class=\"kksr-icon\" style=\"width: 21px; height: 21px;\"><\/div>\n        <\/div>\n            <div class=\"kksr-star\" style=\"padding-right: 4px\">\n            \n\n<div class=\"kksr-icon\" style=\"width: 21px; height: 21px;\"><\/div>\n        <\/div>\n            <div class=\"kksr-star\" style=\"padding-right: 4px\">\n            \n\n<div class=\"kksr-icon\" style=\"width: 21px; height: 21px;\"><\/div>\n        <\/div>\n    <\/div>\n<\/div>\n                \n\n<div class=\"kksr-legend\" style=\"font-size: 16.8px;\">\n            4.8\/5 - (16 votos)    <\/div>\n    <\/div>\n","protected":false},"excerpt":{"rendered":"<p>\u00bfDesea pasar unas vacaciones en la Costa Brava y busca un itinerario para su estancia en Espa\u00f1a? Podemos darle todos los consejos que necesita sobre los pueblos de visita obligada.<\/p>\n","protected":false},"author":1,"featured_media":47943,"comment_status":"open","ping_status":"closed","sticky":false,"template":"","format":"standard","meta":{"_acf_changed":false,"_lmt_disableupdate":"no","_lmt_disable":"no","footnotes":""},"categories":[461,462],"tags":[],"class_list":["post-57498","post","type-post","status-publish","format-standard","has-post-thumbnail","hentry","category-espana","category-guias-de-viajes"],"acf":[],"yoast_head":"<!-- This site is optimized with the Yoast SEO plugin v27.4 - https:\/\/yoast.com\/product\/yoast-seo-wordpress\/ -->\n<title>Qu\u00e9 ver en la Costa Brava: Nuestros imprescindibles<\/title>\n<meta name=\"description\" content=\"Descubra nuestro itinerario por la Costa Brava en nuestro blog de viajes. Todo lo que necesitas saber sobre qu\u00e9 ver en la Costa Brava\" \/>\n<meta name=\"robots\" content=\"index, follow, max-snippet:-1, max-image-preview:large, max-video-preview:-1\" \/>\n<link rel=\"canonical\" href=\"https:\/\/decouvrirensemble.com\/es\/que-ver-en-la-costa-brava\" \/>\n<meta property=\"og:locale\" content=\"es_ES\" \/>\n<meta property=\"og:type\" content=\"article\" \/>\n<meta property=\"og:title\" content=\"Qu\u00e9 ver en la Costa Brava: Nuestros imprescindibles\" \/>\n<meta property=\"og:description\" content=\"Descubra nuestro itinerario por la Costa Brava en nuestro blog de viajes. Todo lo que necesitas saber sobre qu\u00e9 ver en la Costa Brava\" \/>\n<meta property=\"og:url\" content=\"https:\/\/decouvrirensemble.com\/es\/que-ver-en-la-costa-brava\" \/>\n<meta property=\"og:site_name\" content=\"Blog Voyage - D\u00e9couvrir Ensemble\" \/>\n<meta property=\"article:published_time\" content=\"2021-06-09T08:53:28+00:00\" \/>\n<meta property=\"article:modified_time\" content=\"2026-04-14T13:35:18+00:00\" \/>\n<meta property=\"og:image\" content=\"https:\/\/decouvrirensemble.com\/wp-content\/uploads\/2021\/06\/Costa-Brava-Espagne-blog-voyage.jpg\" \/>\n\t<meta property=\"og:image:width\" content=\"1800\" \/>\n\t<meta property=\"og:image:height\" content=\"1350\" \/>\n\t<meta property=\"og:image:type\" content=\"image\/jpeg\" \/>\n<meta name=\"author\" content=\"Cl\u00e9mence &amp; Alexandre\" \/>\n<meta name=\"twitter:card\" content=\"summary_large_image\" \/>\n<meta name=\"twitter:creator\" content=\"@dcouvrirensmble\" \/>\n<meta name=\"twitter:site\" content=\"@dcouvrirensmble\" \/>\n<meta name=\"twitter:label1\" content=\"Escrito por\" \/>\n\t<meta name=\"twitter:data1\" content=\"Cl\u00e9mence &amp; Alexandre\" \/>\n\t<meta name=\"twitter:label2\" content=\"Tiempo de lectura\" \/>\n\t<meta name=\"twitter:data2\" content=\"5 minutos\" \/>\n<script type=\"application\/ld+json\" class=\"yoast-schema-graph\">{\"@context\":\"https:\\\/\\\/schema.org\",\"@graph\":[{\"@type\":\"Article\",\"@id\":\"https:\\\/\\\/decouvrirensemble.com\\\/es\\\/que-ver-en-la-costa-brava#article\",\"isPartOf\":{\"@id\":\"https:\\\/\\\/decouvrirensemble.com\\\/es\\\/que-ver-en-la-costa-brava\"},\"author\":{\"name\":\"Cl\u00e9mence &amp; Alexandre\",\"@id\":\"https:\\\/\\\/decouvrirensemble.com\\\/es#\\\/schema\\\/person\\\/a53efd44d02eb7f9ab90f96e84a9d2ba\"},\"headline\":\"Qu\u00e9 ver en la Costa Brava: Nuestros imprescindibles\",\"datePublished\":\"2021-06-09T08:53:28+00:00\",\"dateModified\":\"2026-04-14T13:35:18+00:00\",\"mainEntityOfPage\":{\"@id\":\"https:\\\/\\\/decouvrirensemble.com\\\/es\\\/que-ver-en-la-costa-brava\"},\"wordCount\":629,\"commentCount\":0,\"publisher\":{\"@id\":\"https:\\\/\\\/decouvrirensemble.com\\\/es#\\\/schema\\\/person\\\/a53efd44d02eb7f9ab90f96e84a9d2ba\"},\"image\":{\"@id\":\"https:\\\/\\\/decouvrirensemble.com\\\/es\\\/que-ver-en-la-costa-brava#primaryimage\"},\"thumbnailUrl\":\"https:\\\/\\\/decouvrirensemble.com\\\/wp-content\\\/uploads\\\/2021\\\/06\\\/Costa-Brava-Espagne-blog-voyage.jpg\",\"articleSection\":[\"Espa\u00f1a\",\"Gu\u00edas de viajes\"],\"inLanguage\":\"es\",\"potentialAction\":[{\"@type\":\"CommentAction\",\"name\":\"Comment\",\"target\":[\"https:\\\/\\\/decouvrirensemble.com\\\/es\\\/que-ver-en-la-costa-brava#respond\"]}]},{\"@type\":\"WebPage\",\"@id\":\"https:\\\/\\\/decouvrirensemble.com\\\/es\\\/que-ver-en-la-costa-brava\",\"url\":\"https:\\\/\\\/decouvrirensemble.com\\\/es\\\/que-ver-en-la-costa-brava\",\"name\":\"Qu\u00e9 ver en la Costa Brava: Nuestros imprescindibles\",\"isPartOf\":{\"@id\":\"https:\\\/\\\/decouvrirensemble.com\\\/es#website\"},\"primaryImageOfPage\":{\"@id\":\"https:\\\/\\\/decouvrirensemble.com\\\/es\\\/que-ver-en-la-costa-brava#primaryimage\"},\"image\":{\"@id\":\"https:\\\/\\\/decouvrirensemble.com\\\/es\\\/que-ver-en-la-costa-brava#primaryimage\"},\"thumbnailUrl\":\"https:\\\/\\\/decouvrirensemble.com\\\/wp-content\\\/uploads\\\/2021\\\/06\\\/Costa-Brava-Espagne-blog-voyage.jpg\",\"datePublished\":\"2021-06-09T08:53:28+00:00\",\"dateModified\":\"2026-04-14T13:35:18+00:00\",\"description\":\"Descubra nuestro itinerario por la Costa Brava en nuestro blog de viajes. Todo lo que necesitas saber sobre qu\u00e9 ver en la Costa Brava\",\"breadcrumb\":{\"@id\":\"https:\\\/\\\/decouvrirensemble.com\\\/es\\\/que-ver-en-la-costa-brava#breadcrumb\"},\"inLanguage\":\"es\",\"potentialAction\":[{\"@type\":\"ReadAction\",\"target\":[\"https:\\\/\\\/decouvrirensemble.com\\\/es\\\/que-ver-en-la-costa-brava\"]}]},{\"@type\":\"ImageObject\",\"inLanguage\":\"es\",\"@id\":\"https:\\\/\\\/decouvrirensemble.com\\\/es\\\/que-ver-en-la-costa-brava#primaryimage\",\"url\":\"https:\\\/\\\/decouvrirensemble.com\\\/wp-content\\\/uploads\\\/2021\\\/06\\\/Costa-Brava-Espagne-blog-voyage.jpg\",\"contentUrl\":\"https:\\\/\\\/decouvrirensemble.com\\\/wp-content\\\/uploads\\\/2021\\\/06\\\/Costa-Brava-Espagne-blog-voyage.jpg\",\"width\":1800,\"height\":1350,\"caption\":\"Costa Brava Espagne\"},{\"@type\":\"BreadcrumbList\",\"@id\":\"https:\\\/\\\/decouvrirensemble.com\\\/es\\\/que-ver-en-la-costa-brava#breadcrumb\",\"itemListElement\":[{\"@type\":\"ListItem\",\"position\":1,\"name\":\"Accueil\",\"item\":\"https:\\\/\\\/decouvrirensemble.com\\\/es\"},{\"@type\":\"ListItem\",\"position\":2,\"name\":\"Gu\u00edas de viajes\",\"item\":\"https:\\\/\\\/decouvrirensemble.com\\\/es\\\/guias-de-viajes\"},{\"@type\":\"ListItem\",\"position\":3,\"name\":\"Qu\u00e9 ver en la Costa Brava: Nuestros imprescindibles\"}]},{\"@type\":\"WebSite\",\"@id\":\"https:\\\/\\\/decouvrirensemble.com\\\/es#website\",\"url\":\"https:\\\/\\\/decouvrirensemble.com\\\/es\",\"name\":\"Blog Voyage - D\u00e9couvrir Ensemble\",\"description\":\"Le Blog Voyage de Clem et Alex\",\"publisher\":{\"@id\":\"https:\\\/\\\/decouvrirensemble.com\\\/es#\\\/schema\\\/person\\\/a53efd44d02eb7f9ab90f96e84a9d2ba\"},\"potentialAction\":[{\"@type\":\"SearchAction\",\"target\":{\"@type\":\"EntryPoint\",\"urlTemplate\":\"https:\\\/\\\/decouvrirensemble.com\\\/es?s={search_term_string}\"},\"query-input\":{\"@type\":\"PropertyValueSpecification\",\"valueRequired\":true,\"valueName\":\"search_term_string\"}}],\"inLanguage\":\"es\"},{\"@type\":[\"Person\",\"Organization\"],\"@id\":\"https:\\\/\\\/decouvrirensemble.com\\\/es#\\\/schema\\\/person\\\/a53efd44d02eb7f9ab90f96e84a9d2ba\",\"name\":\"Cl\u00e9mence &amp; Alexandre\",\"image\":{\"@type\":\"ImageObject\",\"inLanguage\":\"es\",\"@id\":\"https:\\\/\\\/decouvrirensemble.com\\\/wp-content\\\/uploads\\\/2024\\\/04\\\/logo-decouvrir-ensemble-blog-voyage.jpg\",\"url\":\"https:\\\/\\\/decouvrirensemble.com\\\/wp-content\\\/uploads\\\/2024\\\/04\\\/logo-decouvrir-ensemble-blog-voyage.jpg\",\"contentUrl\":\"https:\\\/\\\/decouvrirensemble.com\\\/wp-content\\\/uploads\\\/2024\\\/04\\\/logo-decouvrir-ensemble-blog-voyage.jpg\",\"width\":1563,\"height\":529,\"caption\":\"Cl\u00e9mence &amp; Alexandre\"},\"logo\":{\"@id\":\"https:\\\/\\\/decouvrirensemble.com\\\/wp-content\\\/uploads\\\/2024\\\/04\\\/logo-decouvrir-ensemble-blog-voyage.jpg\"},\"sameAs\":[\"https:\\\/\\\/decouvrirensemble.com\\\/\"]}]}<\/script>\n<!-- \/ Yoast SEO plugin. -->","yoast_head_json":{"title":"Qu\u00e9 ver en la Costa Brava: Nuestros imprescindibles","description":"Descubra nuestro itinerario por la Costa Brava en nuestro blog de viajes. Todo lo que necesitas saber sobre qu\u00e9 ver en la Costa Brava","robots":{"index":"index","follow":"follow","max-snippet":"max-snippet:-1","max-image-preview":"max-image-preview:large","max-video-preview":"max-video-preview:-1"},"canonical":"https:\/\/decouvrirensemble.com\/es\/que-ver-en-la-costa-brava","og_locale":"es_ES","og_type":"article","og_title":"Qu\u00e9 ver en la Costa Brava: Nuestros imprescindibles","og_description":"Descubra nuestro itinerario por la Costa Brava en nuestro blog de viajes. Todo lo que necesitas saber sobre qu\u00e9 ver en la Costa Brava","og_url":"https:\/\/decouvrirensemble.com\/es\/que-ver-en-la-costa-brava","og_site_name":"Blog Voyage - D\u00e9couvrir Ensemble","article_published_time":"2021-06-09T08:53:28+00:00","article_modified_time":"2026-04-14T13:35:18+00:00","og_image":[{"width":1800,"height":1350,"url":"https:\/\/decouvrirensemble.com\/wp-content\/uploads\/2021\/06\/Costa-Brava-Espagne-blog-voyage.jpg","type":"image\/jpeg"}],"author":"Cl\u00e9mence &amp; Alexandre","twitter_card":"summary_large_image","twitter_creator":"@dcouvrirensmble","twitter_site":"@dcouvrirensmble","twitter_misc":{"Escrito por":"Cl\u00e9mence &amp; Alexandre","Tiempo de lectura":"5 minutos"},"schema":{"@context":"https:\/\/schema.org","@graph":[{"@type":"Article","@id":"https:\/\/decouvrirensemble.com\/es\/que-ver-en-la-costa-brava#article","isPartOf":{"@id":"https:\/\/decouvrirensemble.com\/es\/que-ver-en-la-costa-brava"},"author":{"name":"Cl\u00e9mence &amp; Alexandre","@id":"https:\/\/decouvrirensemble.com\/es#\/schema\/person\/a53efd44d02eb7f9ab90f96e84a9d2ba"},"headline":"Qu\u00e9 ver en la Costa Brava: Nuestros imprescindibles","datePublished":"2021-06-09T08:53:28+00:00","dateModified":"2026-04-14T13:35:18+00:00","mainEntityOfPage":{"@id":"https:\/\/decouvrirensemble.com\/es\/que-ver-en-la-costa-brava"},"wordCount":629,"commentCount":0,"publisher":{"@id":"https:\/\/decouvrirensemble.com\/es#\/schema\/person\/a53efd44d02eb7f9ab90f96e84a9d2ba"},"image":{"@id":"https:\/\/decouvrirensemble.com\/es\/que-ver-en-la-costa-brava#primaryimage"},"thumbnailUrl":"https:\/\/decouvrirensemble.com\/wp-content\/uploads\/2021\/06\/Costa-Brava-Espagne-blog-voyage.jpg","articleSection":["Espa\u00f1a","Gu\u00edas de viajes"],"inLanguage":"es","potentialAction":[{"@type":"CommentAction","name":"Comment","target":["https:\/\/decouvrirensemble.com\/es\/que-ver-en-la-costa-brava#respond"]}]},{"@type":"WebPage","@id":"https:\/\/decouvrirensemble.com\/es\/que-ver-en-la-costa-brava","url":"https:\/\/decouvrirensemble.com\/es\/que-ver-en-la-costa-brava","name":"Qu\u00e9 ver en la Costa Brava: Nuestros imprescindibles","isPartOf":{"@id":"https:\/\/decouvrirensemble.com\/es#website"},"primaryImageOfPage":{"@id":"https:\/\/decouvrirensemble.com\/es\/que-ver-en-la-costa-brava#primaryimage"},"image":{"@id":"https:\/\/decouvrirensemble.com\/es\/que-ver-en-la-costa-brava#primaryimage"},"thumbnailUrl":"https:\/\/decouvrirensemble.com\/wp-content\/uploads\/2021\/06\/Costa-Brava-Espagne-blog-voyage.jpg","datePublished":"2021-06-09T08:53:28+00:00","dateModified":"2026-04-14T13:35:18+00:00","description":"Descubra nuestro itinerario por la Costa Brava en nuestro blog de viajes. Todo lo que necesitas saber sobre qu\u00e9 ver en la Costa Brava","breadcrumb":{"@id":"https:\/\/decouvrirensemble.com\/es\/que-ver-en-la-costa-brava#breadcrumb"},"inLanguage":"es","potentialAction":[{"@type":"ReadAction","target":["https:\/\/decouvrirensemble.com\/es\/que-ver-en-la-costa-brava"]}]},{"@type":"ImageObject","inLanguage":"es","@id":"https:\/\/decouvrirensemble.com\/es\/que-ver-en-la-costa-brava#primaryimage","url":"https:\/\/decouvrirensemble.com\/wp-content\/uploads\/2021\/06\/Costa-Brava-Espagne-blog-voyage.jpg","contentUrl":"https:\/\/decouvrirensemble.com\/wp-content\/uploads\/2021\/06\/Costa-Brava-Espagne-blog-voyage.jpg","width":1800,"height":1350,"caption":"Costa Brava Espagne"},{"@type":"BreadcrumbList","@id":"https:\/\/decouvrirensemble.com\/es\/que-ver-en-la-costa-brava#breadcrumb","itemListElement":[{"@type":"ListItem","position":1,"name":"Accueil","item":"https:\/\/decouvrirensemble.com\/es"},{"@type":"ListItem","position":2,"name":"Gu\u00edas de viajes","item":"https:\/\/decouvrirensemble.com\/es\/guias-de-viajes"},{"@type":"ListItem","position":3,"name":"Qu\u00e9 ver en la Costa Brava: Nuestros imprescindibles"}]},{"@type":"WebSite","@id":"https:\/\/decouvrirensemble.com\/es#website","url":"https:\/\/decouvrirensemble.com\/es","name":"Blog Voyage - D\u00e9couvrir Ensemble","description":"Le Blog Voyage de Clem et Alex","publisher":{"@id":"https:\/\/decouvrirensemble.com\/es#\/schema\/person\/a53efd44d02eb7f9ab90f96e84a9d2ba"},"potentialAction":[{"@type":"SearchAction","target":{"@type":"EntryPoint","urlTemplate":"https:\/\/decouvrirensemble.com\/es?s={search_term_string}"},"query-input":{"@type":"PropertyValueSpecification","valueRequired":true,"valueName":"search_term_string"}}],"inLanguage":"es"},{"@type":["Person","Organization"],"@id":"https:\/\/decouvrirensemble.com\/es#\/schema\/person\/a53efd44d02eb7f9ab90f96e84a9d2ba","name":"Cl\u00e9mence &amp; Alexandre","image":{"@type":"ImageObject","inLanguage":"es","@id":"https:\/\/decouvrirensemble.com\/wp-content\/uploads\/2024\/04\/logo-decouvrir-ensemble-blog-voyage.jpg","url":"https:\/\/decouvrirensemble.com\/wp-content\/uploads\/2024\/04\/logo-decouvrir-ensemble-blog-voyage.jpg","contentUrl":"https:\/\/decouvrirensemble.com\/wp-content\/uploads\/2024\/04\/logo-decouvrir-ensemble-blog-voyage.jpg","width":1563,"height":529,"caption":"Cl\u00e9mence &amp; Alexandre"},"logo":{"@id":"https:\/\/decouvrirensemble.com\/wp-content\/uploads\/2024\/04\/logo-decouvrir-ensemble-blog-voyage.jpg"},"sameAs":["https:\/\/decouvrirensemble.com\/"]}]}},"modified_by":"Cl\u00e9mence &amp; Alexandre","_links":{"self":[{"href":"https:\/\/decouvrirensemble.com\/es\/wp-json\/wp\/v2\/posts\/57498","targetHints":{"allow":["GET"]}}],"collection":[{"href":"https:\/\/decouvrirensemble.com\/es\/wp-json\/wp\/v2\/posts"}],"about":[{"href":"https:\/\/decouvrirensemble.com\/es\/wp-json\/wp\/v2\/types\/post"}],"author":[{"embeddable":true,"href":"https:\/\/decouvrirensemble.com\/es\/wp-json\/wp\/v2\/users\/1"}],"replies":[{"embeddable":true,"href":"https:\/\/decouvrirensemble.com\/es\/wp-json\/wp\/v2\/comments?post=57498"}],"version-history":[{"count":2,"href":"https:\/\/decouvrirensemble.com\/es\/wp-json\/wp\/v2\/posts\/57498\/revisions"}],"predecessor-version":[{"id":65810,"href":"https:\/\/decouvrirensemble.com\/es\/wp-json\/wp\/v2\/posts\/57498\/revisions\/65810"}],"wp:featuredmedia":[{"embeddable":true,"href":"https:\/\/decouvrirensemble.com\/es\/wp-json\/wp\/v2\/media\/47943"}],"wp:attachment":[{"href":"https:\/\/decouvrirensemble.com\/es\/wp-json\/wp\/v2\/media?parent=57498"}],"wp:term":[{"taxonomy":"category","embeddable":true,"href":"https:\/\/decouvrirensemble.com\/es\/wp-json\/wp\/v2\/categories?post=57498"},{"taxonomy":"post_tag","embeddable":true,"href":"https:\/\/decouvrirensemble.com\/es\/wp-json\/wp\/v2\/tags?post=57498"}],"curies":[{"name":"wp","href":"https:\/\/api.w.org\/{rel}","templated":true}]}}