{"id":57515,"date":"2021-06-09T10:54:48","date_gmt":"2021-06-09T08:54:48","guid":{"rendered":"https:\/\/decouvrirensemble.com\/calella-de-palafrugell"},"modified":"2026-01-06T16:00:24","modified_gmt":"2026-01-06T15:00:24","slug":"que-ver-en-calella-de-palafrugell","status":"publish","type":"post","link":"https:\/\/decouvrirensemble.com\/es\/que-ver-en-calella-de-palafrugell","title":{"rendered":"Qu\u00e9 ver en Calella de Palafrugell: Los mejores lugares"},"content":{"rendered":"<p>Sus aguas turquesas y sus largas playas de arena blanca te enamorar\u00e1n. Hoy te llevamos a descubrirla a trav\u00e9s de nuestro <strong>blog de viajes<\/strong>, con este art\u00edculo sobre nuestro hotel, nuestros restaurantes favoritos y las cosas que no puedes dejar de ver cuando visites <strong>Calella de Palafrugell<\/strong>.<\/p>\n<h2 id=\"incontournables\"><span class=\"ez-toc-section\" id=\"%C2%BFQue_ver_en_Calella_de_Palafrugell\"><\/span>\u00bfQu\u00e9 ver en Calella de Palafrugell?<span class=\"ez-toc-section-end\"><\/span><\/h2>\n<p>El antiguo pueblo pesquero de Calella de Palafrugell tiene un ambiente aut\u00e9ntico y bohemio. Caer\u00e1s rendido a sus encantos mientras paseas por sus calles empedradas y sus casas blancas. Estas son algunas de las cosas que no puedes dejar de hacer durante tu estancia en Calella de Palafrugell.<\/p>\n<h3><span class=\"ez-toc-section\" id=\"1_El_barrio_del_puerto_Port_Bo_en_el_corazon_de_Calella_de_Palafrugell\"><\/span>1. El barrio del puerto: Port Bo en el coraz\u00f3n de Calella de Palafrugell<span class=\"ez-toc-section-end\"><\/span><\/h3>\n<p>Pasee por el barrio del puerto, \u00a1merece la pena visitarlo! Aqu\u00ed podr\u00e1 descubrir los bonitos arcos conocidos como \u00abLas Vueltas\u00bb. Es el lugar perfecto para almorzar en una de las muchas terrazas con vistas al mar. \ud83d\ude0d<\/p>\n<img decoding=\"async\" class=\"size-full wp-image-15450 alignnone\" src=\"https:\/\/decouvrirensemble.com\/wp-content\/uploads\/2021\/05\/port-bo-las-vueltas-calella-de-palafrugell-la-costa-brava.jpg\" alt=\"calella de palafrugell\" width=\"1800\" height=\"1200\" srcset=\"https:\/\/decouvrirensemble.com\/wp-content\/uploads\/2021\/05\/port-bo-las-vueltas-calella-de-palafrugell-la-costa-brava.jpg 1800w, https:\/\/decouvrirensemble.com\/wp-content\/uploads\/2021\/05\/port-bo-las-vueltas-calella-de-palafrugell-la-costa-brava-300x200.jpg 300w, https:\/\/decouvrirensemble.com\/wp-content\/uploads\/2021\/05\/port-bo-las-vueltas-calella-de-palafrugell-la-costa-brava-1024x683.jpg 1024w, https:\/\/decouvrirensemble.com\/wp-content\/uploads\/2021\/05\/port-bo-las-vueltas-calella-de-palafrugell-la-costa-brava-768x512.jpg 768w, https:\/\/decouvrirensemble.com\/wp-content\/uploads\/2021\/05\/port-bo-las-vueltas-calella-de-palafrugell-la-costa-brava-1536x1024.jpg 1536w\" sizes=\"(max-width: 1800px) 100vw, 1800px\" \/>\n<h3><span class=\"ez-toc-section\" id=\"2_Platja_Canadell_Playa_de_Els_Canyissos\"><\/span>2. Platja Canadell \/ Playa de Els Canyissos<span class=\"ez-toc-section-end\"><\/span><\/h3>\n<p><a href=\"https:\/\/maps.app.goo.gl\/UC1bQ43xTLQpboJ28\" rel=\"noopener\">Esta playa<\/a> est\u00e1 muy cerca del centro de Calella de Palafrugell. Nos encantaron las vistas desde la calle de Villaamil. \u00a1Es el lugar perfecto para pasear o ba\u00f1arse!<\/p>\n<img decoding=\"async\" class=\"size-full wp-image-15438 alignnone\" src=\"https:\/\/decouvrirensemble.com\/wp-content\/uploads\/2021\/05\/calella-de-palafrugell-plage-que-faire-espagne.jpg\" alt=\"plage palafrugell\" width=\"1800\" height=\"1200\" srcset=\"https:\/\/decouvrirensemble.com\/wp-content\/uploads\/2021\/05\/calella-de-palafrugell-plage-que-faire-espagne.jpg 1800w, https:\/\/decouvrirensemble.com\/wp-content\/uploads\/2021\/05\/calella-de-palafrugell-plage-que-faire-espagne-300x200.jpg 300w, https:\/\/decouvrirensemble.com\/wp-content\/uploads\/2021\/05\/calella-de-palafrugell-plage-que-faire-espagne-1024x683.jpg 1024w, https:\/\/decouvrirensemble.com\/wp-content\/uploads\/2021\/05\/calella-de-palafrugell-plage-que-faire-espagne-768x512.jpg 768w, https:\/\/decouvrirensemble.com\/wp-content\/uploads\/2021\/05\/calella-de-palafrugell-plage-que-faire-espagne-1536x1024.jpg 1536w\" sizes=\"(max-width: 1800px) 100vw, 1800px\" \/>\n<h3><span class=\"ez-toc-section\" id=\"3_Playa_del_Golfet\"><\/span>3. Playa del Golfet<span class=\"ez-toc-section-end\"><\/span><\/h3>\n<p><a href=\"https:\/\/maps.app.goo.gl\/6RedhSB56VocEohW6\" rel=\"noopener\">Esta playa<\/a> de 75 metros de longitud tiene un lado salvaje que la hace \u00fanica. Puedes llegar a pie a trav\u00e9s de la senda costera, de la que te hablaremos un poco m\u00e1s abajo en este art\u00edculo.<\/p>\n<img decoding=\"async\" class=\"size-full wp-image-15446 alignnone\" src=\"https:\/\/decouvrirensemble.com\/wp-content\/uploads\/2021\/05\/la-costa-brava-cadaques-quoi-voir-faire.jpg\" alt=\"la costa brava\" width=\"1800\" height=\"1200\" srcset=\"https:\/\/decouvrirensemble.com\/wp-content\/uploads\/2021\/05\/la-costa-brava-cadaques-quoi-voir-faire.jpg 1800w, https:\/\/decouvrirensemble.com\/wp-content\/uploads\/2021\/05\/la-costa-brava-cadaques-quoi-voir-faire-300x200.jpg 300w, https:\/\/decouvrirensemble.com\/wp-content\/uploads\/2021\/05\/la-costa-brava-cadaques-quoi-voir-faire-1024x683.jpg 1024w, https:\/\/decouvrirensemble.com\/wp-content\/uploads\/2021\/05\/la-costa-brava-cadaques-quoi-voir-faire-768x512.jpg 768w, https:\/\/decouvrirensemble.com\/wp-content\/uploads\/2021\/05\/la-costa-brava-cadaques-quoi-voir-faire-1536x1024.jpg 1536w\" sizes=\"(max-width: 1800px) 100vw, 1800px\" \/>\n<h3><span class=\"ez-toc-section\" id=\"4_Cala_de_Sant_Roc_nuestro_rincon_preferido_de_Calella_de_Palafrugell\"><\/span>4. Cala de Sant Roc, nuestro rinc\u00f3n preferido de Calella de Palafrugell<span class=\"ez-toc-section-end\"><\/span><\/h3>\n<p>Camine unos 15 minutos hacia la peque\u00f1a cala de <a href=\"https:\/\/maps.app.goo.gl\/v91qTQsiT2GVkT5G8\" rel=\"noopener\">Sant Roc<\/a>, o hacia el restaurante del hotel Sant Roc. Las vistas de Calella de Palafrugell te dejar\u00e1n sin aliento. Elegimos hacer un picnic en esta peque\u00f1a cala, donde pudimos relajarnos y disfrutar de la tranquilidad. Una oportunidad perfecta para admirar la vista del pueblo blanco contrastando con las aguas turquesas.<\/p>\n<img decoding=\"async\" class=\"size-full wp-image-15437 alignnone\" src=\"https:\/\/decouvrirensemble.com\/wp-content\/uploads\/2021\/05\/calella-de-palafrugell-plage-hotel-vacances-la-costa-brava.jpg\" alt=\"palafrugell plage\" width=\"1800\" height=\"1200\" srcset=\"https:\/\/decouvrirensemble.com\/wp-content\/uploads\/2021\/05\/calella-de-palafrugell-plage-hotel-vacances-la-costa-brava.jpg 1800w, https:\/\/decouvrirensemble.com\/wp-content\/uploads\/2021\/05\/calella-de-palafrugell-plage-hotel-vacances-la-costa-brava-300x200.jpg 300w, https:\/\/decouvrirensemble.com\/wp-content\/uploads\/2021\/05\/calella-de-palafrugell-plage-hotel-vacances-la-costa-brava-1024x683.jpg 1024w, https:\/\/decouvrirensemble.com\/wp-content\/uploads\/2021\/05\/calella-de-palafrugell-plage-hotel-vacances-la-costa-brava-768x512.jpg 768w, https:\/\/decouvrirensemble.com\/wp-content\/uploads\/2021\/05\/calella-de-palafrugell-plage-hotel-vacances-la-costa-brava-1536x1024.jpg 1536w\" sizes=\"(max-width: 1800px) 100vw, 1800px\" \/>\n<h3><span class=\"ez-toc-section\" id=\"5_Cami_de_Ronda_Palamos\"><\/span>5. Cami de Ronda Palam\u00f3s<span class=\"ez-toc-section-end\"><\/span><\/h3>\n<p><a href=\"https:\/\/maps.app.goo.gl\/y1T7uzVb4DNjDNEZA\" rel=\"noopener\">Este paseo<\/a> une el pueblo de Calella de Palafrugell con Llafranc. Ofrece magn\u00edficas vistas y acceso a bonitas calas escondidas. El sendero est\u00e1 en buen estado, es f\u00e1cil y apto para ni\u00f1os. \u00a1Aprov\u00e9chalo al m\u00e1ximo!<\/p>\n<h3><span class=\"ez-toc-section\" id=\"6_El_jardin_botanico_de_Cap_Roig\"><\/span>6. El jard\u00edn bot\u00e1nico de Cap Roig<span class=\"ez-toc-section-end\"><\/span><\/h3>\n<p><a href=\"https:\/\/maps.app.goo.gl\/5FQ4htBhPbJEQfn66\" rel=\"noopener\">Los jardines de Cap Roig<\/a> ocupan una superficie de 20 hect\u00e1reas, donde encontrar\u00e1 una gran diversidad natural, con 800 especies bot\u00e1nicas. Tambi\u00e9n es un lugar cargado de historia y arte. Tambi\u00e9n se puede asistir a varios festivales de m\u00fasica de renombre.<\/p>\n<img decoding=\"async\" class=\"size-full wp-image-15510 alignnone\" src=\"https:\/\/decouvrirensemble.com\/wp-content\/uploads\/2021\/06\/Cap-Roig-costa-brava.jpg\" alt=\"Cap Roig\" width=\"1800\" height=\"1200\" srcset=\"https:\/\/decouvrirensemble.com\/wp-content\/uploads\/2021\/06\/Cap-Roig-costa-brava.jpg 1800w, https:\/\/decouvrirensemble.com\/wp-content\/uploads\/2021\/06\/Cap-Roig-costa-brava-300x200.jpg 300w, https:\/\/decouvrirensemble.com\/wp-content\/uploads\/2021\/06\/Cap-Roig-costa-brava-1024x683.jpg 1024w, https:\/\/decouvrirensemble.com\/wp-content\/uploads\/2021\/06\/Cap-Roig-costa-brava-768x512.jpg 768w, https:\/\/decouvrirensemble.com\/wp-content\/uploads\/2021\/06\/Cap-Roig-costa-brava-1536x1024.jpg 1536w\" sizes=\"(max-width: 1800px) 100vw, 1800px\" \/>\n<h3><span class=\"ez-toc-section\" id=\"7_Alquilar_una_embarcacion_para_descubrir_la_ciudad_desde_el_mar\"><\/span>7. Alquilar una embarcaci\u00f3n para descubrir la ciudad desde el mar<span class=\"ez-toc-section-end\"><\/span><\/h3>\n<p>Cuando visite Calella de Palafrugell, le recomendamos alquilar una embarcaci\u00f3n (con o sin licencia) para descubrir la ciudad desde el mar y compartir un momento m\u00e1gico en las aguas cristalinas de la Costa Brava. Te recomendamos Nautal, la web de alquiler de embarcaciones que ofrece una amplia selecci\u00f3n de barcos (veleros, catamaranes, lanchas a motor).<\/p>\n<h2 id=\"dormir\"><span class=\"ez-toc-section\" id=\"%C2%BFDonde_alojarse_en_Calella_de_Palafrugell_en_la_Costa_Brava\"><\/span>\u00bfD\u00f3nde alojarse en Calella de Palafrugell, en la Costa Brava?<span class=\"ez-toc-section-end\"><\/span><\/h2>\n<h3><span class=\"ez-toc-section\" id=\"Hotel_Sant_Roc_Calella_de_Palafrugell\"><\/span>Hotel Sant Roc, Calella de Palafrugell<span class=\"ez-toc-section-end\"><\/span><\/h3>\n<p>Si buscas un lugar donde alojarte en la Costa Brava y visitar Calella de Palafrugell, te recomendamos el Hotel Sant Roc. Encaramado en una peque\u00f1a colina, domina el mar y ofrece unas incre\u00edbles vistas panor\u00e1micas. Todo ha sido pensado para la comodidad de los hu\u00e9spedes, con bonitos balcones y aire acondicionado en las habitaciones, amplias terrazas y un jard\u00edn privado. Estar\u00e1 a pocos metros del pueblo y del mar, una soluci\u00f3n perfecta para hacerlo todo a pie.<\/p>\n<p>El Hotel Sant Roc tambi\u00e9n cuenta con un gran restaurante panor\u00e1mico con un excelente men\u00fa. En nuestra opini\u00f3n, \u00a1es el lugar perfecto para alojarse durante sus vacaciones en la Costa Brava!<\/p>\n    <div class=\"niceButton\"><a href=\"https:\/\/www.booking.com\/hotel\/es\/sant-roc.fr.html?aid=1286053\" target=\"_blank\" class=\"emojiLink\">\n                    <span class=\"emojiLink__emoji\">\u2764\ufe0f<\/span>\n                <span class=\"emojiLink__title title title--big\">Ver disponibilidad<\/span>\n    <\/a><\/div>\n\n    \n<img decoding=\"async\" class=\"size-full wp-image-15435 alignnone\" src=\"https:\/\/decouvrirensemble.com\/wp-content\/uploads\/2021\/05\/calella-de-palafrugell-itineraire-la-costa-brava-quoi-faire.jpg\" alt=\"palafrugell\" width=\"1800\" height=\"1200\" srcset=\"https:\/\/decouvrirensemble.com\/wp-content\/uploads\/2021\/05\/calella-de-palafrugell-itineraire-la-costa-brava-quoi-faire.jpg 1800w, https:\/\/decouvrirensemble.com\/wp-content\/uploads\/2021\/05\/calella-de-palafrugell-itineraire-la-costa-brava-quoi-faire-300x200.jpg 300w, https:\/\/decouvrirensemble.com\/wp-content\/uploads\/2021\/05\/calella-de-palafrugell-itineraire-la-costa-brava-quoi-faire-1024x683.jpg 1024w, https:\/\/decouvrirensemble.com\/wp-content\/uploads\/2021\/05\/calella-de-palafrugell-itineraire-la-costa-brava-quoi-faire-768x512.jpg 768w, https:\/\/decouvrirensemble.com\/wp-content\/uploads\/2021\/05\/calella-de-palafrugell-itineraire-la-costa-brava-quoi-faire-1536x1024.jpg 1536w\" sizes=\"(max-width: 1800px) 100vw, 1800px\" \/>\n<h2 id=\"manger\"><span class=\"ez-toc-section\" id=\"%C2%BFDonde_comer_en_Calella_de_Palafrugell\"><\/span>\u00bfD\u00f3nde comer en Calella de Palafrugell?<span class=\"ez-toc-section-end\"><\/span><\/h2>\n<h3><span class=\"ez-toc-section\" id=\"Restaurante_El_Balco_de_Calella\"><\/span>Restaurante El Balco de Calella<span class=\"ez-toc-section-end\"><\/span><\/h3>\n<p><a href=\"https:\/\/maps.app.goo.gl\/7xKrK6mJ8UMMbhNE6\" rel=\"noopener\">Este restaurante<\/a> se encuentra en la misma planta que el Hotel Sant Roc mencionado anteriormente en este art\u00edculo. Su ubicaci\u00f3n lo convierte en un lugar excepcional para comer. Podr\u00e1s admirar las vistas del pueblo y del Mediterr\u00e1neo mientras disfrutas de tu almuerzo. Los precios de los platos son un poco elevados, pero tambi\u00e9n puede descubrir este lugar s\u00f3lo para tomar una copa o compartir unas tapas.<\/p>\n<img decoding=\"async\" class=\"size-full wp-image-15436 alignnone\" src=\"https:\/\/decouvrirensemble.com\/wp-content\/uploads\/2021\/05\/calella-de-palafrugell-la-costa-brava-vacances-espagne.jpg\" alt=\"calella de palafrugell\" width=\"1800\" height=\"1200\" srcset=\"https:\/\/decouvrirensemble.com\/wp-content\/uploads\/2021\/05\/calella-de-palafrugell-la-costa-brava-vacances-espagne.jpg 1800w, https:\/\/decouvrirensemble.com\/wp-content\/uploads\/2021\/05\/calella-de-palafrugell-la-costa-brava-vacances-espagne-300x200.jpg 300w, https:\/\/decouvrirensemble.com\/wp-content\/uploads\/2021\/05\/calella-de-palafrugell-la-costa-brava-vacances-espagne-1024x683.jpg 1024w, https:\/\/decouvrirensemble.com\/wp-content\/uploads\/2021\/05\/calella-de-palafrugell-la-costa-brava-vacances-espagne-768x512.jpg 768w, https:\/\/decouvrirensemble.com\/wp-content\/uploads\/2021\/05\/calella-de-palafrugell-la-costa-brava-vacances-espagne-1536x1024.jpg 1536w\" sizes=\"(max-width: 1800px) 100vw, 1800px\" \/>\n<h2 id=\"alentours\"><span class=\"ez-toc-section\" id=\"Descubrir_la_Costa_Brava\"><\/span>Descubrir la Costa Brava<span class=\"ez-toc-section-end\"><\/span><\/h2>\n<h3><span class=\"ez-toc-section\" id=\"Cadaques_Cap_de_Creus_Begur_y_Pals\"><\/span>Cadaqu\u00e9s, Cap de Creus, Begur y Pals<span class=\"ez-toc-section-end\"><\/span><\/h3>\n<p>S\u00f3lo la Costa Brava merecer\u00eda unas vacaciones de 2 semanas para descubrir todos sus pueblos y parques naturales. Nosotros pasamos all\u00ed varios d\u00edas para descubrir algunos pueblos. Puede leer nuestro itinerario completo y todos nuestros consejos en nuestro art\u00edculo principal.<\/p>\n<p>[relance]<\/p>\n<h3><span class=\"ez-toc-section\" id=\"Ideas_para_tu_viaje_a_la_Costa_Brava\"><\/span>Ideas para tu viaje a la Costa Brava<span class=\"ez-toc-section-end\"><\/span><\/h3>\n<p>&nbsp;<\/p>\n<div data-gyg-tour-ids=\"416349,387631,24460\" data-gyg-partner-id=\"QTAK8D9\" data-gyg-number-of-items=\"3\" data-gyg-widget=\"activities\" data-gyg-locale-code=\"es-ES\" data-gyg-href=\"https:\/\/widget.getyourguide.com\/default\/activities.frame\">&nbsp;<\/div>\n<p>&nbsp;<\/p>\n<img decoding=\"async\" class=\"size-full wp-image-15447 alignnone\" src=\"https:\/\/decouvrirensemble.com\/wp-content\/uploads\/2021\/05\/la-costa-brava-vacances-cadaques.jpg\" alt=\"cadaques\" width=\"1800\" height=\"1200\" srcset=\"https:\/\/decouvrirensemble.com\/wp-content\/uploads\/2021\/05\/la-costa-brava-vacances-cadaques.jpg 1800w, https:\/\/decouvrirensemble.com\/wp-content\/uploads\/2021\/05\/la-costa-brava-vacances-cadaques-300x200.jpg 300w, https:\/\/decouvrirensemble.com\/wp-content\/uploads\/2021\/05\/la-costa-brava-vacances-cadaques-1024x683.jpg 1024w, https:\/\/decouvrirensemble.com\/wp-content\/uploads\/2021\/05\/la-costa-brava-vacances-cadaques-768x512.jpg 768w, https:\/\/decouvrirensemble.com\/wp-content\/uploads\/2021\/05\/la-costa-brava-vacances-cadaques-1536x1024.jpg 1536w\" sizes=\"(max-width: 1800px) 100vw, 1800px\" \/>\n<p>[gracias]<\/p>\n\n\n<div class=\"kk-star-ratings kksr-auto kksr-align-left kksr-valign-bottom\"\n    data-payload='{&quot;align&quot;:&quot;left&quot;,&quot;id&quot;:&quot;57515&quot;,&quot;slug&quot;:&quot;default&quot;,&quot;valign&quot;:&quot;bottom&quot;,&quot;ignore&quot;:&quot;&quot;,&quot;reference&quot;:&quot;auto&quot;,&quot;class&quot;:&quot;&quot;,&quot;count&quot;:&quot;79&quot;,&quot;legendonly&quot;:&quot;&quot;,&quot;readonly&quot;:&quot;&quot;,&quot;score&quot;:&quot;4.8&quot;,&quot;starsonly&quot;:&quot;&quot;,&quot;best&quot;:&quot;5&quot;,&quot;gap&quot;:&quot;4&quot;,&quot;greet&quot;:&quot;Sea el primero en valorar esta entrada de blog.&quot;,&quot;legend&quot;:&quot;4.8\\\/5 - (79 votos)&quot;,&quot;size&quot;:&quot;21&quot;,&quot;title&quot;:&quot;Qu\u00e9 ver en Calella de Palafrugell: Los mejores lugares&quot;,&quot;width&quot;:&quot;118&quot;,&quot;_legend&quot;:&quot;{score}\\\/{best} - ({count} {votes})&quot;,&quot;font_factor&quot;:&quot;1.25&quot;}'>\n            \n<div class=\"kksr-stars\">\n    \n<div class=\"kksr-stars-inactive\">\n            <div class=\"kksr-star\" data-star=\"1\" style=\"padding-right: 4px\">\n            \n\n<div class=\"kksr-icon\" style=\"width: 21px; height: 21px;\"><\/div>\n        <\/div>\n            <div class=\"kksr-star\" data-star=\"2\" style=\"padding-right: 4px\">\n            \n\n<div class=\"kksr-icon\" style=\"width: 21px; height: 21px;\"><\/div>\n        <\/div>\n            <div class=\"kksr-star\" data-star=\"3\" style=\"padding-right: 4px\">\n            \n\n<div class=\"kksr-icon\" style=\"width: 21px; height: 21px;\"><\/div>\n        <\/div>\n            <div class=\"kksr-star\" data-star=\"4\" style=\"padding-right: 4px\">\n            \n\n<div class=\"kksr-icon\" style=\"width: 21px; height: 21px;\"><\/div>\n        <\/div>\n            <div class=\"kksr-star\" data-star=\"5\" style=\"padding-right: 4px\">\n            \n\n<div class=\"kksr-icon\" style=\"width: 21px; height: 21px;\"><\/div>\n        <\/div>\n    <\/div>\n    \n<div class=\"kksr-stars-active\" style=\"width: 118px;\">\n            <div class=\"kksr-star\" style=\"padding-right: 4px\">\n            \n\n<div class=\"kksr-icon\" style=\"width: 21px; height: 21px;\"><\/div>\n        <\/div>\n            <div class=\"kksr-star\" style=\"padding-right: 4px\">\n            \n\n<div class=\"kksr-icon\" style=\"width: 21px; height: 21px;\"><\/div>\n        <\/div>\n            <div class=\"kksr-star\" style=\"padding-right: 4px\">\n            \n\n<div class=\"kksr-icon\" style=\"width: 21px; height: 21px;\"><\/div>\n        <\/div>\n            <div class=\"kksr-star\" style=\"padding-right: 4px\">\n            \n\n<div class=\"kksr-icon\" style=\"width: 21px; height: 21px;\"><\/div>\n        <\/div>\n            <div class=\"kksr-star\" style=\"padding-right: 4px\">\n            \n\n<div class=\"kksr-icon\" style=\"width: 21px; height: 21px;\"><\/div>\n        <\/div>\n    <\/div>\n<\/div>\n                \n\n<div class=\"kksr-legend\" style=\"font-size: 16.8px;\">\n            4.8\/5 - (79 votos)    <\/div>\n    <\/div>\n","protected":false},"excerpt":{"rendered":"<p>El bonito pueblo de Calella de Palafrugell es una visita obligada en la Costa Brava. Sus calles empedradas, sus casas de fachada blanca, su puerto y sus barquitas de colores&#8230; Hay mucho que descubrir en este pintoresco pueblecito.<\/p>\n","protected":false},"author":1,"featured_media":47894,"comment_status":"open","ping_status":"closed","sticky":false,"template":"","format":"standard","meta":{"_acf_changed":false,"_lmt_disableupdate":"no","_lmt_disable":"no","footnotes":""},"categories":[461,462],"tags":[],"class_list":["post-57515","post","type-post","status-publish","format-standard","has-post-thumbnail","hentry","category-espana","category-guias-de-viajes"],"acf":[],"yoast_head":"<!-- This site is optimized with the Yoast SEO plugin v27.4 - https:\/\/yoast.com\/product\/yoast-seo-wordpress\/ -->\n<title>Qu\u00e9 ver en Calella de Palafrugell: Los mejores lugares<\/title>\n<meta name=\"description\" content=\"Calella de Palafrugell: consulte nuestro blog para conocer los mejores lugares que visitar en la Costa Brava espa\u00f1ola.\" \/>\n<meta name=\"robots\" content=\"index, follow, max-snippet:-1, max-image-preview:large, max-video-preview:-1\" \/>\n<link rel=\"canonical\" href=\"https:\/\/decouvrirensemble.com\/es\/que-ver-en-calella-de-palafrugell\" \/>\n<meta property=\"og:locale\" content=\"es_ES\" \/>\n<meta property=\"og:type\" content=\"article\" \/>\n<meta property=\"og:title\" content=\"Qu\u00e9 ver en Calella de Palafrugell: Los mejores lugares\" \/>\n<meta property=\"og:description\" content=\"Calella de Palafrugell: consulte nuestro blog para conocer los mejores lugares que visitar en la Costa Brava espa\u00f1ola.\" \/>\n<meta property=\"og:url\" content=\"https:\/\/decouvrirensemble.com\/es\/que-ver-en-calella-de-palafrugell\" \/>\n<meta property=\"og:site_name\" content=\"Blog Voyage - D\u00e9couvrir Ensemble\" \/>\n<meta property=\"article:published_time\" content=\"2021-06-09T08:54:48+00:00\" \/>\n<meta property=\"article:modified_time\" content=\"2026-01-06T15:00:24+00:00\" \/>\n<meta property=\"og:image\" content=\"https:\/\/decouvrirensemble.com\/wp-content\/uploads\/2021\/06\/Calella-de-Palafrugell-espagne-blog-voyage.jpg\" \/>\n\t<meta property=\"og:image:width\" content=\"1800\" \/>\n\t<meta property=\"og:image:height\" content=\"1350\" \/>\n\t<meta property=\"og:image:type\" content=\"image\/jpeg\" \/>\n<meta name=\"author\" content=\"Cl\u00e9mence &amp; Alexandre\" \/>\n<meta name=\"twitter:card\" content=\"summary_large_image\" \/>\n<meta name=\"twitter:creator\" content=\"@dcouvrirensmble\" \/>\n<meta name=\"twitter:site\" content=\"@dcouvrirensmble\" \/>\n<meta name=\"twitter:label1\" content=\"Escrito por\" \/>\n\t<meta name=\"twitter:data1\" content=\"Cl\u00e9mence &amp; Alexandre\" \/>\n\t<meta name=\"twitter:label2\" content=\"Tiempo de lectura\" \/>\n\t<meta name=\"twitter:data2\" content=\"6 minutos\" \/>\n<script type=\"application\/ld+json\" class=\"yoast-schema-graph\">{\"@context\":\"https:\\\/\\\/schema.org\",\"@graph\":[{\"@type\":\"Article\",\"@id\":\"https:\\\/\\\/decouvrirensemble.com\\\/es\\\/que-ver-en-calella-de-palafrugell#article\",\"isPartOf\":{\"@id\":\"https:\\\/\\\/decouvrirensemble.com\\\/es\\\/que-ver-en-calella-de-palafrugell\"},\"author\":{\"name\":\"Cl\u00e9mence &amp; Alexandre\",\"@id\":\"https:\\\/\\\/decouvrirensemble.com\\\/es#\\\/schema\\\/person\\\/a53efd44d02eb7f9ab90f96e84a9d2ba\"},\"headline\":\"Qu\u00e9 ver en Calella de Palafrugell: Los mejores lugares\",\"datePublished\":\"2021-06-09T08:54:48+00:00\",\"dateModified\":\"2026-01-06T15:00:24+00:00\",\"mainEntityOfPage\":{\"@id\":\"https:\\\/\\\/decouvrirensemble.com\\\/es\\\/que-ver-en-calella-de-palafrugell\"},\"wordCount\":785,\"commentCount\":0,\"publisher\":{\"@id\":\"https:\\\/\\\/decouvrirensemble.com\\\/es#\\\/schema\\\/person\\\/a53efd44d02eb7f9ab90f96e84a9d2ba\"},\"image\":{\"@id\":\"https:\\\/\\\/decouvrirensemble.com\\\/es\\\/que-ver-en-calella-de-palafrugell#primaryimage\"},\"thumbnailUrl\":\"https:\\\/\\\/decouvrirensemble.com\\\/wp-content\\\/uploads\\\/2021\\\/06\\\/Calella-de-Palafrugell-espagne-blog-voyage.jpg\",\"articleSection\":[\"Espa\u00f1a\",\"Gu\u00edas de viajes\"],\"inLanguage\":\"es\",\"potentialAction\":[{\"@type\":\"CommentAction\",\"name\":\"Comment\",\"target\":[\"https:\\\/\\\/decouvrirensemble.com\\\/es\\\/que-ver-en-calella-de-palafrugell#respond\"]}]},{\"@type\":\"WebPage\",\"@id\":\"https:\\\/\\\/decouvrirensemble.com\\\/es\\\/que-ver-en-calella-de-palafrugell\",\"url\":\"https:\\\/\\\/decouvrirensemble.com\\\/es\\\/que-ver-en-calella-de-palafrugell\",\"name\":\"Qu\u00e9 ver en Calella de Palafrugell: Los mejores lugares\",\"isPartOf\":{\"@id\":\"https:\\\/\\\/decouvrirensemble.com\\\/es#website\"},\"primaryImageOfPage\":{\"@id\":\"https:\\\/\\\/decouvrirensemble.com\\\/es\\\/que-ver-en-calella-de-palafrugell#primaryimage\"},\"image\":{\"@id\":\"https:\\\/\\\/decouvrirensemble.com\\\/es\\\/que-ver-en-calella-de-palafrugell#primaryimage\"},\"thumbnailUrl\":\"https:\\\/\\\/decouvrirensemble.com\\\/wp-content\\\/uploads\\\/2021\\\/06\\\/Calella-de-Palafrugell-espagne-blog-voyage.jpg\",\"datePublished\":\"2021-06-09T08:54:48+00:00\",\"dateModified\":\"2026-01-06T15:00:24+00:00\",\"description\":\"Calella de Palafrugell: consulte nuestro blog para conocer los mejores lugares que visitar en la Costa Brava espa\u00f1ola.\",\"breadcrumb\":{\"@id\":\"https:\\\/\\\/decouvrirensemble.com\\\/es\\\/que-ver-en-calella-de-palafrugell#breadcrumb\"},\"inLanguage\":\"es\",\"potentialAction\":[{\"@type\":\"ReadAction\",\"target\":[\"https:\\\/\\\/decouvrirensemble.com\\\/es\\\/que-ver-en-calella-de-palafrugell\"]}]},{\"@type\":\"ImageObject\",\"inLanguage\":\"es\",\"@id\":\"https:\\\/\\\/decouvrirensemble.com\\\/es\\\/que-ver-en-calella-de-palafrugell#primaryimage\",\"url\":\"https:\\\/\\\/decouvrirensemble.com\\\/wp-content\\\/uploads\\\/2021\\\/06\\\/Calella-de-Palafrugell-espagne-blog-voyage.jpg\",\"contentUrl\":\"https:\\\/\\\/decouvrirensemble.com\\\/wp-content\\\/uploads\\\/2021\\\/06\\\/Calella-de-Palafrugell-espagne-blog-voyage.jpg\",\"width\":1800,\"height\":1350,\"caption\":\"Calella de Palafrugell\"},{\"@type\":\"BreadcrumbList\",\"@id\":\"https:\\\/\\\/decouvrirensemble.com\\\/es\\\/que-ver-en-calella-de-palafrugell#breadcrumb\",\"itemListElement\":[{\"@type\":\"ListItem\",\"position\":1,\"name\":\"Accueil\",\"item\":\"https:\\\/\\\/decouvrirensemble.com\\\/es\"},{\"@type\":\"ListItem\",\"position\":2,\"name\":\"Destinos\",\"item\":\"https:\\\/\\\/decouvrirensemble.com\\\/es\\\/destinos\"},{\"@type\":\"ListItem\",\"position\":3,\"name\":\"Espa\u00f1a\",\"item\":\"https:\\\/\\\/decouvrirensemble.com\\\/es\\\/destinos\\\/espana\"},{\"@type\":\"ListItem\",\"position\":4,\"name\":\"Qu\u00e9 ver en Calella de Palafrugell: Los mejores lugares\"}]},{\"@type\":\"WebSite\",\"@id\":\"https:\\\/\\\/decouvrirensemble.com\\\/es#website\",\"url\":\"https:\\\/\\\/decouvrirensemble.com\\\/es\",\"name\":\"Blog Voyage - D\u00e9couvrir Ensemble\",\"description\":\"Le Blog Voyage de Clem et Alex\",\"publisher\":{\"@id\":\"https:\\\/\\\/decouvrirensemble.com\\\/es#\\\/schema\\\/person\\\/a53efd44d02eb7f9ab90f96e84a9d2ba\"},\"potentialAction\":[{\"@type\":\"SearchAction\",\"target\":{\"@type\":\"EntryPoint\",\"urlTemplate\":\"https:\\\/\\\/decouvrirensemble.com\\\/es?s={search_term_string}\"},\"query-input\":{\"@type\":\"PropertyValueSpecification\",\"valueRequired\":true,\"valueName\":\"search_term_string\"}}],\"inLanguage\":\"es\"},{\"@type\":[\"Person\",\"Organization\"],\"@id\":\"https:\\\/\\\/decouvrirensemble.com\\\/es#\\\/schema\\\/person\\\/a53efd44d02eb7f9ab90f96e84a9d2ba\",\"name\":\"Cl\u00e9mence &amp; Alexandre\",\"image\":{\"@type\":\"ImageObject\",\"inLanguage\":\"es\",\"@id\":\"https:\\\/\\\/decouvrirensemble.com\\\/wp-content\\\/uploads\\\/2024\\\/04\\\/logo-decouvrir-ensemble-blog-voyage.jpg\",\"url\":\"https:\\\/\\\/decouvrirensemble.com\\\/wp-content\\\/uploads\\\/2024\\\/04\\\/logo-decouvrir-ensemble-blog-voyage.jpg\",\"contentUrl\":\"https:\\\/\\\/decouvrirensemble.com\\\/wp-content\\\/uploads\\\/2024\\\/04\\\/logo-decouvrir-ensemble-blog-voyage.jpg\",\"width\":1563,\"height\":529,\"caption\":\"Cl\u00e9mence &amp; Alexandre\"},\"logo\":{\"@id\":\"https:\\\/\\\/decouvrirensemble.com\\\/wp-content\\\/uploads\\\/2024\\\/04\\\/logo-decouvrir-ensemble-blog-voyage.jpg\"},\"sameAs\":[\"https:\\\/\\\/decouvrirensemble.com\\\/\"]}]}<\/script>\n<!-- \/ Yoast SEO plugin. -->","yoast_head_json":{"title":"Qu\u00e9 ver en Calella de Palafrugell: Los mejores lugares","description":"Calella de Palafrugell: consulte nuestro blog para conocer los mejores lugares que visitar en la Costa Brava espa\u00f1ola.","robots":{"index":"index","follow":"follow","max-snippet":"max-snippet:-1","max-image-preview":"max-image-preview:large","max-video-preview":"max-video-preview:-1"},"canonical":"https:\/\/decouvrirensemble.com\/es\/que-ver-en-calella-de-palafrugell","og_locale":"es_ES","og_type":"article","og_title":"Qu\u00e9 ver en Calella de Palafrugell: Los mejores lugares","og_description":"Calella de Palafrugell: consulte nuestro blog para conocer los mejores lugares que visitar en la Costa Brava espa\u00f1ola.","og_url":"https:\/\/decouvrirensemble.com\/es\/que-ver-en-calella-de-palafrugell","og_site_name":"Blog Voyage - D\u00e9couvrir Ensemble","article_published_time":"2021-06-09T08:54:48+00:00","article_modified_time":"2026-01-06T15:00:24+00:00","og_image":[{"width":1800,"height":1350,"url":"https:\/\/decouvrirensemble.com\/wp-content\/uploads\/2021\/06\/Calella-de-Palafrugell-espagne-blog-voyage.jpg","type":"image\/jpeg"}],"author":"Cl\u00e9mence &amp; Alexandre","twitter_card":"summary_large_image","twitter_creator":"@dcouvrirensmble","twitter_site":"@dcouvrirensmble","twitter_misc":{"Escrito por":"Cl\u00e9mence &amp; Alexandre","Tiempo de lectura":"6 minutos"},"schema":{"@context":"https:\/\/schema.org","@graph":[{"@type":"Article","@id":"https:\/\/decouvrirensemble.com\/es\/que-ver-en-calella-de-palafrugell#article","isPartOf":{"@id":"https:\/\/decouvrirensemble.com\/es\/que-ver-en-calella-de-palafrugell"},"author":{"name":"Cl\u00e9mence &amp; Alexandre","@id":"https:\/\/decouvrirensemble.com\/es#\/schema\/person\/a53efd44d02eb7f9ab90f96e84a9d2ba"},"headline":"Qu\u00e9 ver en Calella de Palafrugell: Los mejores lugares","datePublished":"2021-06-09T08:54:48+00:00","dateModified":"2026-01-06T15:00:24+00:00","mainEntityOfPage":{"@id":"https:\/\/decouvrirensemble.com\/es\/que-ver-en-calella-de-palafrugell"},"wordCount":785,"commentCount":0,"publisher":{"@id":"https:\/\/decouvrirensemble.com\/es#\/schema\/person\/a53efd44d02eb7f9ab90f96e84a9d2ba"},"image":{"@id":"https:\/\/decouvrirensemble.com\/es\/que-ver-en-calella-de-palafrugell#primaryimage"},"thumbnailUrl":"https:\/\/decouvrirensemble.com\/wp-content\/uploads\/2021\/06\/Calella-de-Palafrugell-espagne-blog-voyage.jpg","articleSection":["Espa\u00f1a","Gu\u00edas de viajes"],"inLanguage":"es","potentialAction":[{"@type":"CommentAction","name":"Comment","target":["https:\/\/decouvrirensemble.com\/es\/que-ver-en-calella-de-palafrugell#respond"]}]},{"@type":"WebPage","@id":"https:\/\/decouvrirensemble.com\/es\/que-ver-en-calella-de-palafrugell","url":"https:\/\/decouvrirensemble.com\/es\/que-ver-en-calella-de-palafrugell","name":"Qu\u00e9 ver en Calella de Palafrugell: Los mejores lugares","isPartOf":{"@id":"https:\/\/decouvrirensemble.com\/es#website"},"primaryImageOfPage":{"@id":"https:\/\/decouvrirensemble.com\/es\/que-ver-en-calella-de-palafrugell#primaryimage"},"image":{"@id":"https:\/\/decouvrirensemble.com\/es\/que-ver-en-calella-de-palafrugell#primaryimage"},"thumbnailUrl":"https:\/\/decouvrirensemble.com\/wp-content\/uploads\/2021\/06\/Calella-de-Palafrugell-espagne-blog-voyage.jpg","datePublished":"2021-06-09T08:54:48+00:00","dateModified":"2026-01-06T15:00:24+00:00","description":"Calella de Palafrugell: consulte nuestro blog para conocer los mejores lugares que visitar en la Costa Brava espa\u00f1ola.","breadcrumb":{"@id":"https:\/\/decouvrirensemble.com\/es\/que-ver-en-calella-de-palafrugell#breadcrumb"},"inLanguage":"es","potentialAction":[{"@type":"ReadAction","target":["https:\/\/decouvrirensemble.com\/es\/que-ver-en-calella-de-palafrugell"]}]},{"@type":"ImageObject","inLanguage":"es","@id":"https:\/\/decouvrirensemble.com\/es\/que-ver-en-calella-de-palafrugell#primaryimage","url":"https:\/\/decouvrirensemble.com\/wp-content\/uploads\/2021\/06\/Calella-de-Palafrugell-espagne-blog-voyage.jpg","contentUrl":"https:\/\/decouvrirensemble.com\/wp-content\/uploads\/2021\/06\/Calella-de-Palafrugell-espagne-blog-voyage.jpg","width":1800,"height":1350,"caption":"Calella de Palafrugell"},{"@type":"BreadcrumbList","@id":"https:\/\/decouvrirensemble.com\/es\/que-ver-en-calella-de-palafrugell#breadcrumb","itemListElement":[{"@type":"ListItem","position":1,"name":"Accueil","item":"https:\/\/decouvrirensemble.com\/es"},{"@type":"ListItem","position":2,"name":"Destinos","item":"https:\/\/decouvrirensemble.com\/es\/destinos"},{"@type":"ListItem","position":3,"name":"Espa\u00f1a","item":"https:\/\/decouvrirensemble.com\/es\/destinos\/espana"},{"@type":"ListItem","position":4,"name":"Qu\u00e9 ver en Calella de Palafrugell: Los mejores lugares"}]},{"@type":"WebSite","@id":"https:\/\/decouvrirensemble.com\/es#website","url":"https:\/\/decouvrirensemble.com\/es","name":"Blog Voyage - D\u00e9couvrir Ensemble","description":"Le Blog Voyage de Clem et Alex","publisher":{"@id":"https:\/\/decouvrirensemble.com\/es#\/schema\/person\/a53efd44d02eb7f9ab90f96e84a9d2ba"},"potentialAction":[{"@type":"SearchAction","target":{"@type":"EntryPoint","urlTemplate":"https:\/\/decouvrirensemble.com\/es?s={search_term_string}"},"query-input":{"@type":"PropertyValueSpecification","valueRequired":true,"valueName":"search_term_string"}}],"inLanguage":"es"},{"@type":["Person","Organization"],"@id":"https:\/\/decouvrirensemble.com\/es#\/schema\/person\/a53efd44d02eb7f9ab90f96e84a9d2ba","name":"Cl\u00e9mence &amp; Alexandre","image":{"@type":"ImageObject","inLanguage":"es","@id":"https:\/\/decouvrirensemble.com\/wp-content\/uploads\/2024\/04\/logo-decouvrir-ensemble-blog-voyage.jpg","url":"https:\/\/decouvrirensemble.com\/wp-content\/uploads\/2024\/04\/logo-decouvrir-ensemble-blog-voyage.jpg","contentUrl":"https:\/\/decouvrirensemble.com\/wp-content\/uploads\/2024\/04\/logo-decouvrir-ensemble-blog-voyage.jpg","width":1563,"height":529,"caption":"Cl\u00e9mence &amp; Alexandre"},"logo":{"@id":"https:\/\/decouvrirensemble.com\/wp-content\/uploads\/2024\/04\/logo-decouvrir-ensemble-blog-voyage.jpg"},"sameAs":["https:\/\/decouvrirensemble.com\/"]}]}},"modified_by":"Cl\u00e9mence &amp; Alexandre","_links":{"self":[{"href":"https:\/\/decouvrirensemble.com\/es\/wp-json\/wp\/v2\/posts\/57515","targetHints":{"allow":["GET"]}}],"collection":[{"href":"https:\/\/decouvrirensemble.com\/es\/wp-json\/wp\/v2\/posts"}],"about":[{"href":"https:\/\/decouvrirensemble.com\/es\/wp-json\/wp\/v2\/types\/post"}],"author":[{"embeddable":true,"href":"https:\/\/decouvrirensemble.com\/es\/wp-json\/wp\/v2\/users\/1"}],"replies":[{"embeddable":true,"href":"https:\/\/decouvrirensemble.com\/es\/wp-json\/wp\/v2\/comments?post=57515"}],"version-history":[{"count":1,"href":"https:\/\/decouvrirensemble.com\/es\/wp-json\/wp\/v2\/posts\/57515\/revisions"}],"predecessor-version":[{"id":63588,"href":"https:\/\/decouvrirensemble.com\/es\/wp-json\/wp\/v2\/posts\/57515\/revisions\/63588"}],"wp:featuredmedia":[{"embeddable":true,"href":"https:\/\/decouvrirensemble.com\/es\/wp-json\/wp\/v2\/media\/47894"}],"wp:attachment":[{"href":"https:\/\/decouvrirensemble.com\/es\/wp-json\/wp\/v2\/media?parent=57515"}],"wp:term":[{"taxonomy":"category","embeddable":true,"href":"https:\/\/decouvrirensemble.com\/es\/wp-json\/wp\/v2\/categories?post=57515"},{"taxonomy":"post_tag","embeddable":true,"href":"https:\/\/decouvrirensemble.com\/es\/wp-json\/wp\/v2\/tags?post=57515"}],"curies":[{"name":"wp","href":"https:\/\/api.w.org\/{rel}","templated":true}]}}