{"id":57563,"date":"2018-10-26T15:12:08","date_gmt":"2018-10-26T13:12:08","guid":{"rendered":"https:\/\/decouvrirensemble.com\/valence-en-espagne"},"modified":"2026-01-06T16:22:14","modified_gmt":"2026-01-06T15:22:14","slug":"que-ver-en-valencia","status":"publish","type":"post","link":"https:\/\/decouvrirensemble.com\/es\/que-ver-en-valencia","title":{"rendered":"Qu\u00e9 ver en Valencia: Los mejores lugares"},"content":{"rendered":"<p>\u00bfEst\u00e1 planeando <strong>visitar Valencia<\/strong> pr\u00f3ximamente y busca <strong>qu\u00e9 ver y qu\u00e9 hacer<\/strong>? Nuestro art\u00edculo est\u00e1 aqu\u00ed para ayudarle. Hoy, en nuestro <strong>blog de viajes<\/strong>, compartimos todos nuestros consejos y buenas direcciones (restaurantes, hoteles, lugares de visita obligada) para ayudarte a disfrutar al m\u00e1ximo de esta hermosa ciudad que es Valencia, en Espa\u00f1a. \u00a1Disfrute de su visita!<\/p>\n<h2 id=\"incontournables\"><span class=\"ez-toc-section\" id=\"Que_ver_en_Valencia_Espana_Lo_que_hay_que_ver_en_nuestro_blog_de_viajes\"><\/span>Qu\u00e9 ver en Valencia, Espa\u00f1a Lo que hay que ver en nuestro blog de viajes<span class=\"ez-toc-section-end\"><\/span><\/h2>\n<p>Valencia es la ciudad perfecta para pasear por los caf\u00e9s y callejear como un espa\u00f1ol. Aparte de la gastronom\u00eda espa\u00f1ola, lo que m\u00e1s nos gust\u00f3 de Valencia fue la mezcla arquitect\u00f3nica de lo antiguo y lo moderno. Las peque\u00f1as calles hist\u00f3ricas del centro medieval son ultra coloridas y tranquilas&#8230; En el sur de la ciudad, las estructuras futuristas de la Ciudad de las Ciencias crean un ambiente totalmente intemporal y \u00fanico.<\/p>\n<h3><span class=\"ez-toc-section\" id=\"1_El_centro_historico_de_la_ciudad_vieja\"><\/span>1. El centro hist\u00f3rico de la ciudad vieja<span class=\"ez-toc-section-end\"><\/span><\/h3>\n<p>Nos encant\u00f3 pasear por las callejuelas del casco antiguo. El casco antiguo es aut\u00e9ntico, lleno de encanto y muy bien cuidado. Es bastante r\u00e1pido de recorrer, pero hay algunos edificios culturales que no hay que perderse.<\/p>\n<img decoding=\"async\" class=\"size-full wp-image-8954 alignnone\" src=\"https:\/\/decouvrirensemble.com\/wp-content\/uploads\/2018\/10\/Valence-en-espagne-centre-ville-historique-blog-voyage.jpg\" alt=\"Valence en Espagne\" width=\"1300\" height=\"566\" srcset=\"https:\/\/decouvrirensemble.com\/wp-content\/uploads\/2018\/10\/Valence-en-espagne-centre-ville-historique-blog-voyage.jpg 1300w, https:\/\/decouvrirensemble.com\/wp-content\/uploads\/2018\/10\/Valence-en-espagne-centre-ville-historique-blog-voyage-300x131.jpg 300w, https:\/\/decouvrirensemble.com\/wp-content\/uploads\/2018\/10\/Valence-en-espagne-centre-ville-historique-blog-voyage-768x334.jpg 768w, https:\/\/decouvrirensemble.com\/wp-content\/uploads\/2018\/10\/Valence-en-espagne-centre-ville-historique-blog-voyage-1024x446.jpg 1024w, https:\/\/decouvrirensemble.com\/wp-content\/uploads\/2018\/10\/Valence-en-espagne-centre-ville-historique-blog-voyage-705x307.jpg 705w\" sizes=\"(max-width: 1300px) 100vw, 1300px\" \/>\n<h4><span class=\"ez-toc-section\" id=\"La_Lonja\"><\/span>La Lonja<span class=\"ez-toc-section-end\"><\/span><\/h4>\n<p>Declarada Patrimonio de la Humanidad por la UNESCO, la Lonja de la Seda de Valencia puede visitarse por s\u00f3lo 2 euros. Su arquitectura g\u00f3tica del siglo XV la convierte en uno de los edificios m\u00e1s bellos del pa\u00eds.<br \/>\nAl entrar en el edificio, le encantar\u00e1 descubrir un patio repleto de decenas de naranjos. Rara vez llevamos audiogu\u00edas en nuestras visitas, pero aqu\u00ed hay muy pocos paneles explicativos. Probablemente entender\u00e1s mejor que nosotros la importancia del lugar si las coges&#8230;<\/p>\n<p>Visite la Lonja en aproximadamente una hora. Merecen la pena las distracciones, especialmente la Sala de Contrataci\u00f3n, con su b\u00f3veda estrellada y sus pilares de 17 metros de altura.<\/p>\n<ul>\n<li><span style=\"text-decoration: underline;\">Precio<\/span>: 2 \u20ac por adulto, 1 \u20ac por ni\u00f1o<\/li>\n<li><span style=\"text-decoration: underline;\">Horario<\/span>: de 9.30 a 19.00 h de lunes a s\u00e1bado. De 9.30 a 15.00 h los domingos.<\/li>\n<\/ul>\n<img decoding=\"async\" class=\"size-full wp-image-8957 alignnone\" src=\"https:\/\/decouvrirensemble.com\/wp-content\/uploads\/2018\/10\/Valence-en-espagne-la-lonja-blog-voyage-1.jpg\" alt=\"Valence en Espagne\" width=\"1300\" height=\"975\" srcset=\"https:\/\/decouvrirensemble.com\/wp-content\/uploads\/2018\/10\/Valence-en-espagne-la-lonja-blog-voyage-1.jpg 1300w, https:\/\/decouvrirensemble.com\/wp-content\/uploads\/2018\/10\/Valence-en-espagne-la-lonja-blog-voyage-1-300x225.jpg 300w, https:\/\/decouvrirensemble.com\/wp-content\/uploads\/2018\/10\/Valence-en-espagne-la-lonja-blog-voyage-1-768x576.jpg 768w, https:\/\/decouvrirensemble.com\/wp-content\/uploads\/2018\/10\/Valence-en-espagne-la-lonja-blog-voyage-1-1024x768.jpg 1024w, https:\/\/decouvrirensemble.com\/wp-content\/uploads\/2018\/10\/Valence-en-espagne-la-lonja-blog-voyage-1-705x529.jpg 705w, https:\/\/decouvrirensemble.com\/wp-content\/uploads\/2018\/10\/Valence-en-espagne-la-lonja-blog-voyage-1-987x740.jpg 987w\" sizes=\"(max-width: 1300px) 100vw, 1300px\" \/>\n<img decoding=\"async\" class=\"size-full wp-image-8960 alignnone\" src=\"https:\/\/decouvrirensemble.com\/wp-content\/uploads\/2018\/10\/Valence-en-espagne-la-lonja-blog-voyage-4.jpg\" alt=\"Valence en Espagne\" width=\"1300\" height=\"975\" srcset=\"https:\/\/decouvrirensemble.com\/wp-content\/uploads\/2018\/10\/Valence-en-espagne-la-lonja-blog-voyage-4.jpg 1300w, https:\/\/decouvrirensemble.com\/wp-content\/uploads\/2018\/10\/Valence-en-espagne-la-lonja-blog-voyage-4-300x225.jpg 300w, https:\/\/decouvrirensemble.com\/wp-content\/uploads\/2018\/10\/Valence-en-espagne-la-lonja-blog-voyage-4-768x576.jpg 768w, https:\/\/decouvrirensemble.com\/wp-content\/uploads\/2018\/10\/Valence-en-espagne-la-lonja-blog-voyage-4-1024x768.jpg 1024w, https:\/\/decouvrirensemble.com\/wp-content\/uploads\/2018\/10\/Valence-en-espagne-la-lonja-blog-voyage-4-705x529.jpg 705w, https:\/\/decouvrirensemble.com\/wp-content\/uploads\/2018\/10\/Valence-en-espagne-la-lonja-blog-voyage-4-987x740.jpg 987w\" sizes=\"(max-width: 1300px) 100vw, 1300px\" \/>\n<p>[info]<\/p>\n<h4><span class=\"ez-toc-section\" id=\"El_Mercado_Central\"><\/span>El Mercado Central<span class=\"ez-toc-section-end\"><\/span><\/h4>\n<p>La entrada al Mercado Central de Valencia es gratuita, y su imponente arquitectura puede contemplarse desde lejos. Este mercado cubierto se construy\u00f3 a principios del siglo XX. Es muy t\u00edpico y exactamente el tipo de mercado que nos encanta explorar en nuestros viajes. Entre y descubrir\u00e1 un enorme mercado lleno de tentadores productos locales. Los puestos de pescado, charcuter\u00eda, frutas y verduras son deliciosos y fotog\u00e9nicos.<\/p>\n<p>En nuestros viajes, solemos comprar algunos productos en los distintos puestos y comer algo r\u00e1pido (\u00bfuna paellita?). Es una forma agradable y econ\u00f3mica de descubrir la cultura valenciana. En el centro tambi\u00e9n encontrar\u00e1 un bar, ideal para disfrutar de unas tapas con una copa de vino.<\/p>\n<ul>\n<li><span style=\"text-decoration: underline;\">Horario<\/span>: de 7:30 a 15:00 horas de lunes a s\u00e1bado.<\/li>\n<\/ul>\n<img decoding=\"async\" class=\"wp-image-8975 size-full alignnone\" src=\"https:\/\/decouvrirensemble.com\/wp-content\/uploads\/2018\/10\/Valence-en-espagne-mecardo-central-blog-voyage-1.jpg\" alt=\"Mercado Central\" width=\"1300\" height=\"975\" srcset=\"https:\/\/decouvrirensemble.com\/wp-content\/uploads\/2018\/10\/Valence-en-espagne-mecardo-central-blog-voyage-1.jpg 1300w, https:\/\/decouvrirensemble.com\/wp-content\/uploads\/2018\/10\/Valence-en-espagne-mecardo-central-blog-voyage-1-300x225.jpg 300w, https:\/\/decouvrirensemble.com\/wp-content\/uploads\/2018\/10\/Valence-en-espagne-mecardo-central-blog-voyage-1-768x576.jpg 768w, https:\/\/decouvrirensemble.com\/wp-content\/uploads\/2018\/10\/Valence-en-espagne-mecardo-central-blog-voyage-1-1024x768.jpg 1024w, https:\/\/decouvrirensemble.com\/wp-content\/uploads\/2018\/10\/Valence-en-espagne-mecardo-central-blog-voyage-1-705x529.jpg 705w, https:\/\/decouvrirensemble.com\/wp-content\/uploads\/2018\/10\/Valence-en-espagne-mecardo-central-blog-voyage-1-987x740.jpg 987w\" sizes=\"(max-width: 1300px) 100vw, 1300px\" \/>\n<img decoding=\"async\" class=\"wp-image-8977 size-full alignnone\" src=\"https:\/\/decouvrirensemble.com\/wp-content\/uploads\/2018\/10\/Valence-en-espagne-mecardo-central-blog-voyage.jpg\" alt=\"Mercado Central\" width=\"1300\" height=\"975\" srcset=\"https:\/\/decouvrirensemble.com\/wp-content\/uploads\/2018\/10\/Valence-en-espagne-mecardo-central-blog-voyage.jpg 1300w, https:\/\/decouvrirensemble.com\/wp-content\/uploads\/2018\/10\/Valence-en-espagne-mecardo-central-blog-voyage-300x225.jpg 300w, https:\/\/decouvrirensemble.com\/wp-content\/uploads\/2018\/10\/Valence-en-espagne-mecardo-central-blog-voyage-768x576.jpg 768w, https:\/\/decouvrirensemble.com\/wp-content\/uploads\/2018\/10\/Valence-en-espagne-mecardo-central-blog-voyage-1024x768.jpg 1024w, https:\/\/decouvrirensemble.com\/wp-content\/uploads\/2018\/10\/Valence-en-espagne-mecardo-central-blog-voyage-705x529.jpg 705w, https:\/\/decouvrirensemble.com\/wp-content\/uploads\/2018\/10\/Valence-en-espagne-mecardo-central-blog-voyage-987x740.jpg 987w\" sizes=\"(max-width: 1300px) 100vw, 1300px\" \/>\n<h3><span class=\"ez-toc-section\" id=\"2_El_Barrio_Del_Carmen\"><\/span>2. El Barrio Del Carmen<span class=\"ez-toc-section-end\"><\/span><\/h3>\n<p>El Carmen es el barrio m\u00e1s antiguo de Valencia. Su ambiente animado y pintoresco se respira en sus calles peatonales y en sus numerosos bares y terrazas escondidas. Un ambiente 100% mediterr\u00e1neo. Merece la pena visitar el Barrio del Carmen dos veces: durante el d\u00eda para visitar sus museos y pasear por sus calles, y por la noche para descubrir la animada vida nocturna del barrio.<\/p>\n<img decoding=\"async\" class=\"size-full wp-image-8981 alignnone\" src=\"https:\/\/decouvrirensemble.com\/wp-content\/uploads\/2018\/10\/Valence-en-espagne-el-carmen-blog-voyage-3.jpg\" alt=\"Valence en Espagne\" width=\"1300\" height=\"975\" srcset=\"https:\/\/decouvrirensemble.com\/wp-content\/uploads\/2018\/10\/Valence-en-espagne-el-carmen-blog-voyage-3.jpg 1300w, https:\/\/decouvrirensemble.com\/wp-content\/uploads\/2018\/10\/Valence-en-espagne-el-carmen-blog-voyage-3-300x225.jpg 300w, https:\/\/decouvrirensemble.com\/wp-content\/uploads\/2018\/10\/Valence-en-espagne-el-carmen-blog-voyage-3-768x576.jpg 768w, https:\/\/decouvrirensemble.com\/wp-content\/uploads\/2018\/10\/Valence-en-espagne-el-carmen-blog-voyage-3-1024x768.jpg 1024w, https:\/\/decouvrirensemble.com\/wp-content\/uploads\/2018\/10\/Valence-en-espagne-el-carmen-blog-voyage-3-705x529.jpg 705w, https:\/\/decouvrirensemble.com\/wp-content\/uploads\/2018\/10\/Valence-en-espagne-el-carmen-blog-voyage-3-987x740.jpg 987w\" sizes=\"(max-width: 1300px) 100vw, 1300px\" \/>\n<h4><span class=\"ez-toc-section\" id=\"Torre_de_Quarts\"><\/span>Torre de Quarts<span class=\"ez-toc-section-end\"><\/span><\/h4>\n<p>Esta puerta de la ciudad representa la antigua muralla (del siglo XV) del casco antiguo. Si te fijas bien, en la parte superior de la Torre de Quart podr\u00e1s ver restos de balas de ca\u00f1\u00f3n de la invasi\u00f3n napole\u00f3nica. Se puede visitar por 2 euros por persona. Nosotros simplemente lo admiramos desde fuera.<\/p>\n<img decoding=\"async\" class=\"wp-image-9002 size-full alignnone\" src=\"https:\/\/decouvrirensemble.com\/wp-content\/uploads\/2018\/10\/Valence-en-espagne-torre-de-quarts-blog-voyage.jpg\" alt=\"Torre de Quarts\" width=\"1300\" height=\"975\" srcset=\"https:\/\/decouvrirensemble.com\/wp-content\/uploads\/2018\/10\/Valence-en-espagne-torre-de-quarts-blog-voyage.jpg 1300w, https:\/\/decouvrirensemble.com\/wp-content\/uploads\/2018\/10\/Valence-en-espagne-torre-de-quarts-blog-voyage-300x225.jpg 300w, https:\/\/decouvrirensemble.com\/wp-content\/uploads\/2018\/10\/Valence-en-espagne-torre-de-quarts-blog-voyage-768x576.jpg 768w, https:\/\/decouvrirensemble.com\/wp-content\/uploads\/2018\/10\/Valence-en-espagne-torre-de-quarts-blog-voyage-1024x768.jpg 1024w, https:\/\/decouvrirensemble.com\/wp-content\/uploads\/2018\/10\/Valence-en-espagne-torre-de-quarts-blog-voyage-705x529.jpg 705w, https:\/\/decouvrirensemble.com\/wp-content\/uploads\/2018\/10\/Valence-en-espagne-torre-de-quarts-blog-voyage-987x740.jpg 987w\" sizes=\"(max-width: 1300px) 100vw, 1300px\" \/>\n<h3><span class=\"ez-toc-section\" id=\"3_El_barrio_de_Russafa\"><\/span>3. El barrio de Russafa<span class=\"ez-toc-section-end\"><\/span><\/h3>\n<p>Este peque\u00f1o barrio es EL LUGAR QUE HAY QUE VISITAR. Su arquitectura nos record\u00f3 a las callejuelas de San Francisco. No hay grandes atracciones tur\u00edsticas que visitar en el barrio de Russafa. En su lugar, encontrar\u00e1s coloridas fachadas, tiendas vintage, peque\u00f1as galer\u00edas de arte y salones de tatuajes.<\/p>\n<p>Tambi\u00e9n es una de las mejores zonas de Valencia en Espa\u00f1a para tomar una copa o cenar. Los precios son mucho m\u00e1s bajos que en el centro de la ciudad y el ambiente es muy agradable. \u00a1An\u00edmate a descubrir todas estas plazas, calles y avenidas llenas de encanto!<\/p>\n<img decoding=\"async\" class=\"size-full wp-image-8982 alignnone\" src=\"https:\/\/decouvrirensemble.com\/wp-content\/uploads\/2018\/10\/Valence-en-espagne-rusafa-blog-voyage-1.jpg\" alt=\"Valence en Espagne\" width=\"1300\" height=\"975\" srcset=\"https:\/\/decouvrirensemble.com\/wp-content\/uploads\/2018\/10\/Valence-en-espagne-rusafa-blog-voyage-1.jpg 1300w, https:\/\/decouvrirensemble.com\/wp-content\/uploads\/2018\/10\/Valence-en-espagne-rusafa-blog-voyage-1-300x225.jpg 300w, https:\/\/decouvrirensemble.com\/wp-content\/uploads\/2018\/10\/Valence-en-espagne-rusafa-blog-voyage-1-768x576.jpg 768w, https:\/\/decouvrirensemble.com\/wp-content\/uploads\/2018\/10\/Valence-en-espagne-rusafa-blog-voyage-1-1024x768.jpg 1024w, https:\/\/decouvrirensemble.com\/wp-content\/uploads\/2018\/10\/Valence-en-espagne-rusafa-blog-voyage-1-705x529.jpg 705w, https:\/\/decouvrirensemble.com\/wp-content\/uploads\/2018\/10\/Valence-en-espagne-rusafa-blog-voyage-1-987x740.jpg 987w\" sizes=\"(max-width: 1300px) 100vw, 1300px\" \/>\n<img decoding=\"async\" class=\"size-full wp-image-8983 alignnone\" src=\"https:\/\/decouvrirensemble.com\/wp-content\/uploads\/2018\/10\/Valence-en-espagne-rusafa-blog-voyage.jpg\" alt=\"Valence en Espagne\" width=\"1300\" height=\"975\" srcset=\"https:\/\/decouvrirensemble.com\/wp-content\/uploads\/2018\/10\/Valence-en-espagne-rusafa-blog-voyage.jpg 1300w, https:\/\/decouvrirensemble.com\/wp-content\/uploads\/2018\/10\/Valence-en-espagne-rusafa-blog-voyage-300x225.jpg 300w, https:\/\/decouvrirensemble.com\/wp-content\/uploads\/2018\/10\/Valence-en-espagne-rusafa-blog-voyage-768x576.jpg 768w, https:\/\/decouvrirensemble.com\/wp-content\/uploads\/2018\/10\/Valence-en-espagne-rusafa-blog-voyage-1024x768.jpg 1024w, https:\/\/decouvrirensemble.com\/wp-content\/uploads\/2018\/10\/Valence-en-espagne-rusafa-blog-voyage-705x529.jpg 705w, https:\/\/decouvrirensemble.com\/wp-content\/uploads\/2018\/10\/Valence-en-espagne-rusafa-blog-voyage-987x740.jpg 987w\" sizes=\"(max-width: 1300px) 100vw, 1300px\" \/>\n<h3><span class=\"ez-toc-section\" id=\"4_La_Ciudad_de_las_Artes_y_las_Ciencias\"><\/span>4. La Ciudad de las Artes y las Ciencias<span class=\"ez-toc-section-end\"><\/span><\/h3>\n<p>Nos gust\u00f3 especialmente este barrio de Valencia, en Espa\u00f1a. Con su ambiente elegante y futurista, nos encant\u00f3 descubrir el Palacio de las Artes y las Ciencias de Valencia. La obra del arquitecto Santiago Calatrava ha sido muy criticada por sus elevados costes de dise\u00f1o y reparaci\u00f3n.<\/p>\n<p>El espacio es inmenso, con 350.000 m\u00b2 de zonas verdes. A pie, hay que prever al menos 2 \u00f3 3 horas para recorrerlo entero.<\/p>\n<p>Nuestro consejo para disfrutar al m\u00e1ximo del lugar: alquile bicicletas. La mayor\u00eda de los hoteles de Valencia alquilan bicicletas para un d\u00eda por 20 \u20ac (o medio d\u00eda por 10 \u20ac). As\u00ed que dimos una vuelta en bici por la Cit\u00e9 des Arts et des Sciences, e incluso con 35 grados de temperatura, fue genial.<\/p>\n<img decoding=\"async\" class=\"size-full wp-image-8986 alignnone\" src=\"https:\/\/decouvrirensemble.com\/wp-content\/uploads\/2018\/10\/Valence-en-espagne-cite-des-arts-blog-voyage-3.jpg\" alt=\"Valence en Espagne\" width=\"1300\" height=\"975\" srcset=\"https:\/\/decouvrirensemble.com\/wp-content\/uploads\/2018\/10\/Valence-en-espagne-cite-des-arts-blog-voyage-3.jpg 1300w, https:\/\/decouvrirensemble.com\/wp-content\/uploads\/2018\/10\/Valence-en-espagne-cite-des-arts-blog-voyage-3-300x225.jpg 300w, https:\/\/decouvrirensemble.com\/wp-content\/uploads\/2018\/10\/Valence-en-espagne-cite-des-arts-blog-voyage-3-768x576.jpg 768w, https:\/\/decouvrirensemble.com\/wp-content\/uploads\/2018\/10\/Valence-en-espagne-cite-des-arts-blog-voyage-3-1024x768.jpg 1024w, https:\/\/decouvrirensemble.com\/wp-content\/uploads\/2018\/10\/Valence-en-espagne-cite-des-arts-blog-voyage-3-705x529.jpg 705w, https:\/\/decouvrirensemble.com\/wp-content\/uploads\/2018\/10\/Valence-en-espagne-cite-des-arts-blog-voyage-3-987x740.jpg 987w\" sizes=\"(max-width: 1300px) 100vw, 1300px\" \/>\n<h4><span class=\"ez-toc-section\" id=\"Museo_de_las_Ciencias\"><\/span>Museo de las Ciencias<span class=\"ez-toc-section-end\"><\/span><\/h4>\n<p>Este museo, que desde fuera parece una gran ballena, es ultra interactivo (pantallas t\u00e1ctiles, objetos para ni\u00f1os de todas las edades), \u00a1una forma estupenda de aprender jugando! La entrada cuesta 8 euros por persona.<\/p>\n<img decoding=\"async\" class=\"size-full wp-image-8992 alignnone\" src=\"https:\/\/decouvrirensemble.com\/wp-content\/uploads\/2018\/10\/Valence-en-espagne-cite-des-arts-blog-voyage-4.jpg\" alt=\"Valence en Espagne\" width=\"1300\" height=\"975\" srcset=\"https:\/\/decouvrirensemble.com\/wp-content\/uploads\/2018\/10\/Valence-en-espagne-cite-des-arts-blog-voyage-4.jpg 1300w, https:\/\/decouvrirensemble.com\/wp-content\/uploads\/2018\/10\/Valence-en-espagne-cite-des-arts-blog-voyage-4-300x225.jpg 300w, https:\/\/decouvrirensemble.com\/wp-content\/uploads\/2018\/10\/Valence-en-espagne-cite-des-arts-blog-voyage-4-768x576.jpg 768w, https:\/\/decouvrirensemble.com\/wp-content\/uploads\/2018\/10\/Valence-en-espagne-cite-des-arts-blog-voyage-4-1024x768.jpg 1024w, https:\/\/decouvrirensemble.com\/wp-content\/uploads\/2018\/10\/Valence-en-espagne-cite-des-arts-blog-voyage-4-705x529.jpg 705w, https:\/\/decouvrirensemble.com\/wp-content\/uploads\/2018\/10\/Valence-en-espagne-cite-des-arts-blog-voyage-4-987x740.jpg 987w\" sizes=\"(max-width: 1300px) 100vw, 1300px\" \/>\n<img decoding=\"async\" class=\"size-full wp-image-8985 alignnone\" src=\"https:\/\/decouvrirensemble.com\/wp-content\/uploads\/2018\/10\/Valence-en-espagne-cite-des-arts-blog-voyage-2.jpg\" alt=\"Valence en Espagne\" width=\"1300\" height=\"975\" srcset=\"https:\/\/decouvrirensemble.com\/wp-content\/uploads\/2018\/10\/Valence-en-espagne-cite-des-arts-blog-voyage-2.jpg 1300w, https:\/\/decouvrirensemble.com\/wp-content\/uploads\/2018\/10\/Valence-en-espagne-cite-des-arts-blog-voyage-2-300x225.jpg 300w, https:\/\/decouvrirensemble.com\/wp-content\/uploads\/2018\/10\/Valence-en-espagne-cite-des-arts-blog-voyage-2-768x576.jpg 768w, https:\/\/decouvrirensemble.com\/wp-content\/uploads\/2018\/10\/Valence-en-espagne-cite-des-arts-blog-voyage-2-1024x768.jpg 1024w, https:\/\/decouvrirensemble.com\/wp-content\/uploads\/2018\/10\/Valence-en-espagne-cite-des-arts-blog-voyage-2-705x529.jpg 705w, https:\/\/decouvrirensemble.com\/wp-content\/uploads\/2018\/10\/Valence-en-espagne-cite-des-arts-blog-voyage-2-987x740.jpg 987w\" sizes=\"(max-width: 1300px) 100vw, 1300px\" \/>\n<h4><span class=\"ez-toc-section\" id=\"Oceanografic\"><\/span>Oc\u00e9anografic<span class=\"ez-toc-section-end\"><\/span><\/h4>\n<p>El acuario m\u00e1s famoso de Espa\u00f1a es impresionante. S\u00f3lo lo admiramos desde fuera, y ya es algo. Alberga algunas especies originales e impresionantes, como delfines y belugas. Creemos que el precio es un poco elevado (29 euros por persona), \u00a1pero sigue siendo una buena idea si quiere evitar el calor del verano!<\/p>\n<img decoding=\"async\" class=\"size-full wp-image-8991 alignnone\" src=\"https:\/\/decouvrirensemble.com\/wp-content\/uploads\/2018\/10\/Valence-en-espagne-oceanografic-blog-voyage.jpg\" alt=\"Valence en Espagne\" width=\"1300\" height=\"975\" srcset=\"https:\/\/decouvrirensemble.com\/wp-content\/uploads\/2018\/10\/Valence-en-espagne-oceanografic-blog-voyage.jpg 1300w, https:\/\/decouvrirensemble.com\/wp-content\/uploads\/2018\/10\/Valence-en-espagne-oceanografic-blog-voyage-300x225.jpg 300w, https:\/\/decouvrirensemble.com\/wp-content\/uploads\/2018\/10\/Valence-en-espagne-oceanografic-blog-voyage-768x576.jpg 768w, https:\/\/decouvrirensemble.com\/wp-content\/uploads\/2018\/10\/Valence-en-espagne-oceanografic-blog-voyage-1024x768.jpg 1024w, https:\/\/decouvrirensemble.com\/wp-content\/uploads\/2018\/10\/Valence-en-espagne-oceanografic-blog-voyage-705x529.jpg 705w, https:\/\/decouvrirensemble.com\/wp-content\/uploads\/2018\/10\/Valence-en-espagne-oceanografic-blog-voyage-987x740.jpg 987w\" sizes=\"(max-width: 1300px) 100vw, 1300px\" \/>\n<img decoding=\"async\" class=\"size-full wp-image-8990 alignnone\" src=\"https:\/\/decouvrirensemble.com\/wp-content\/uploads\/2018\/10\/Valence-en-espagne-oceanografic-blog-voyage-1.jpg\" alt=\"Valence en Espagne\" width=\"1300\" height=\"853\" srcset=\"https:\/\/decouvrirensemble.com\/wp-content\/uploads\/2018\/10\/Valence-en-espagne-oceanografic-blog-voyage-1.jpg 1300w, https:\/\/decouvrirensemble.com\/wp-content\/uploads\/2018\/10\/Valence-en-espagne-oceanografic-blog-voyage-1-300x197.jpg 300w, https:\/\/decouvrirensemble.com\/wp-content\/uploads\/2018\/10\/Valence-en-espagne-oceanografic-blog-voyage-1-768x504.jpg 768w, https:\/\/decouvrirensemble.com\/wp-content\/uploads\/2018\/10\/Valence-en-espagne-oceanografic-blog-voyage-1-1024x672.jpg 1024w, https:\/\/decouvrirensemble.com\/wp-content\/uploads\/2018\/10\/Valence-en-espagne-oceanografic-blog-voyage-1-705x463.jpg 705w\" sizes=\"(max-width: 1300px) 100vw, 1300px\" \/>\n<h4><span class=\"ez-toc-section\" id=\"Umbracle\"><\/span>Umbracle<span class=\"ez-toc-section-end\"><\/span><\/h4>\n<p>Nos encant\u00f3 este t\u00fanel de 320 metros de largo, con su techo met\u00e1lico (que recuerda a una pluma) y enormes jardines. En las noches de verano, alberga un bar temporal. Nos pareci\u00f3 estupendo encontrar lugares art\u00edsticos tan modernos por los que pasear en esta gran ciudad, \u00a1es un cambio agradable respecto a las catedrales y reliquias del centro! La Comunidad Valenciana no estaba tan entusiasmada como nosotros con la construcci\u00f3n de esta zona de \u00abbioparque\u00bb, al parecer&#8230;<\/p>\n<img decoding=\"async\" class=\"wp-image-8988 size-full alignnone\" src=\"https:\/\/decouvrirensemble.com\/wp-content\/uploads\/2018\/10\/Valence-en-espagne-umbracle-blog-voyage-3.jpg\" alt=\"Umbracle\" width=\"1300\" height=\"975\" srcset=\"https:\/\/decouvrirensemble.com\/wp-content\/uploads\/2018\/10\/Valence-en-espagne-umbracle-blog-voyage-3.jpg 1300w, https:\/\/decouvrirensemble.com\/wp-content\/uploads\/2018\/10\/Valence-en-espagne-umbracle-blog-voyage-3-300x225.jpg 300w, https:\/\/decouvrirensemble.com\/wp-content\/uploads\/2018\/10\/Valence-en-espagne-umbracle-blog-voyage-3-768x576.jpg 768w, https:\/\/decouvrirensemble.com\/wp-content\/uploads\/2018\/10\/Valence-en-espagne-umbracle-blog-voyage-3-1024x768.jpg 1024w, https:\/\/decouvrirensemble.com\/wp-content\/uploads\/2018\/10\/Valence-en-espagne-umbracle-blog-voyage-3-705x529.jpg 705w, https:\/\/decouvrirensemble.com\/wp-content\/uploads\/2018\/10\/Valence-en-espagne-umbracle-blog-voyage-3-987x740.jpg 987w\" sizes=\"(max-width: 1300px) 100vw, 1300px\" \/>\n<img decoding=\"async\" class=\"wp-image-8993 size-full alignnone\" src=\"https:\/\/decouvrirensemble.com\/wp-content\/uploads\/2018\/10\/Valence-en-espagne-umbracle-blog-voyage.jpg\" alt=\"Umbracle\" width=\"1300\" height=\"853\" srcset=\"https:\/\/decouvrirensemble.com\/wp-content\/uploads\/2018\/10\/Valence-en-espagne-umbracle-blog-voyage.jpg 1300w, https:\/\/decouvrirensemble.com\/wp-content\/uploads\/2018\/10\/Valence-en-espagne-umbracle-blog-voyage-300x197.jpg 300w, https:\/\/decouvrirensemble.com\/wp-content\/uploads\/2018\/10\/Valence-en-espagne-umbracle-blog-voyage-768x504.jpg 768w, https:\/\/decouvrirensemble.com\/wp-content\/uploads\/2018\/10\/Valence-en-espagne-umbracle-blog-voyage-1024x672.jpg 1024w, https:\/\/decouvrirensemble.com\/wp-content\/uploads\/2018\/10\/Valence-en-espagne-umbracle-blog-voyage-705x463.jpg 705w\" sizes=\"(max-width: 1300px) 100vw, 1300px\" \/>\n<h3><span class=\"ez-toc-section\" id=\"5_Las_playas_de_Valencia_en_Espana\"><\/span>5. Las playas de Valencia en Espa\u00f1a<span class=\"ez-toc-section-end\"><\/span><\/h3>\n<p>A s\u00f3lo 3 kil\u00f3metros del centro de la ciudad, las playas de Valencia merecen una visita. Tienen 4 kil\u00f3metros de longitud y se suceden de la siguiente manera: Playa de las Arenas, Playa de la Malvarrosa, Playa de la Patacona. Nuestro favorito: el Paseo Mar\u00edtimo, con todas sus terrazas de caf\u00e9s.<\/p>\n<p>C\u00f3mo llegar a las playas: \u00a1f\u00e1cil! Tome las l\u00edneas de tranv\u00eda 4 \u00f3 6 desde el centro de la ciudad. Tambi\u00e9n puede tomar las l\u00edneas de autob\u00fas 1, 2 \u00f3 23.<\/p>\n<p>Un buen restaurante en Valencia, Espa\u00f1a, cerca de las playas es Le Bar Cabanyal. Este restaurante sirve marisco local capturado por pescadores de la zona y cocinado con gusto. Nos encanta el ambiente alegre y la amabilidad del personal.<\/p>\n<h2 id=\"dormir\"><span class=\"ez-toc-section\" id=\"%C2%BFDonde_alojarse_en_Valencia_Espana\"><\/span>\u00bfD\u00f3nde alojarse en Valencia, Espa\u00f1a?<span class=\"ez-toc-section-end\"><\/span><\/h2>\n<h3><span class=\"ez-toc-section\" id=\"Hotel_Valencia_Malcom_y_Barret\"><\/span>Hotel Valencia Malcom y Barret<span class=\"ez-toc-section-end\"><\/span><\/h3>\n<p>Encontramos este hotel en Valencia en Booking, \u00a1y fue una sorpresa muy agradable! Est\u00e1 un poco alejado del centro de Valencia, lo que explica su precio imbatible: 55 \u20ac la noche, en pleno agosto, pero la decoraci\u00f3n es muy contempor\u00e1nea, la ropa de cama muy c\u00f3moda y la bienvenida encantadora. El hotel tambi\u00e9n ofrece alquiler de bicicletas. Tardar\u00e1 5\/10 minutos en llegar a la Cit\u00e9 des Arts et des Sciences y 15 minutos en llegar al coraz\u00f3n de la ciudad.<\/p>\n<p>Otro punto a favor de este hotel es el restaurante. Tanto para cenar como para desayunar, los platos son excelentes y muy asequibles. \u00a1El lugar ideal para relajarse despu\u00e9s de un d\u00eda por Valencia!<\/p>\n    <div class=\"niceButton\"><a href=\"https:\/\/www.booking.com\/hotel\/es\/hotelmalcomandbarret.fr.html?aid=1286053\" target=\"_blank\" class=\"emojiLink\">\n                    <span class=\"emojiLink__emoji\">\u2764\ufe0f<\/span>\n                <span class=\"emojiLink__title title title--big\">Ver disponibilidad<\/span>\n    <\/a><\/div>\n\n    \n<img decoding=\"async\" class=\"wp-image-9041 size-full alignnone\" src=\"https:\/\/decouvrirensemble.com\/wp-content\/uploads\/2018\/10\/Valence-en-espagne-hotel-valence-blog-voyage-1.jpg\" alt=\"Malcom and Barret\" width=\"1300\" height=\"975\" srcset=\"https:\/\/decouvrirensemble.com\/wp-content\/uploads\/2018\/10\/Valence-en-espagne-hotel-valence-blog-voyage-1.jpg 1300w, https:\/\/decouvrirensemble.com\/wp-content\/uploads\/2018\/10\/Valence-en-espagne-hotel-valence-blog-voyage-1-300x225.jpg 300w, https:\/\/decouvrirensemble.com\/wp-content\/uploads\/2018\/10\/Valence-en-espagne-hotel-valence-blog-voyage-1-768x576.jpg 768w, https:\/\/decouvrirensemble.com\/wp-content\/uploads\/2018\/10\/Valence-en-espagne-hotel-valence-blog-voyage-1-1024x768.jpg 1024w, https:\/\/decouvrirensemble.com\/wp-content\/uploads\/2018\/10\/Valence-en-espagne-hotel-valence-blog-voyage-1-705x529.jpg 705w, https:\/\/decouvrirensemble.com\/wp-content\/uploads\/2018\/10\/Valence-en-espagne-hotel-valence-blog-voyage-1-987x740.jpg 987w\" sizes=\"(max-width: 1300px) 100vw, 1300px\" \/>\n<h2 id=\"manger\"><span class=\"ez-toc-section\" id=\"%C2%BFDonde_comer_en_Valencia\"><\/span>\u00bfD\u00f3nde comer en Valencia?<span class=\"ez-toc-section-end\"><\/span><\/h2>\n<h3><span class=\"ez-toc-section\" id=\"El_Federal\"><\/span>El F\u00e9d\u00e9ral<span class=\"ez-toc-section-end\"><\/span><\/h3>\n<p><a href=\"https:\/\/maps.app.goo.gl\/NBE1yourYRSt3HoV8\" rel=\"noopener\">Este restaurante\/cafeter\u00eda<\/a> se encuentra en la planta baja de un magn\u00edfico edificio valenciano. El ambiente es moderno y est\u00e1 decorado con gusto. Los espacios est\u00e1n pensados para sentirse como en casa, con sof\u00e1s y mesas en la calle&#8230; La comida es muy contempor\u00e1nea (tostadas de aguacate, hamburguesas, etc.). Consejo: prueba el Frozen Caf\u00e9, est\u00e1 delicioso.<\/p>\n<h3><span class=\"ez-toc-section\" id=\"Dulce_de_Leche\"><\/span>Dulce de Leche<span class=\"ez-toc-section-end\"><\/span><\/h3>\n<p>Para un tentempi\u00e9 dulce y gourmet: \u00a1ve a <a href=\"https:\/\/maps.app.goo.gl\/rp9JBWkFwWmx6P16A\" rel=\"noopener\">Dulce de Leche<\/a>! Este caf\u00e9 ecol\u00f3gico con influencias argentinas puede parecer elegante, pero los precios son muy asequibles. Por ejemplo, ven a disfrutar de un brunch por 6 euros.<\/p>\n<h3><span class=\"ez-toc-section\" id=\"La_Tasqueta_Del_Mercat\"><\/span>La Tasqueta Del Mercat<span class=\"ez-toc-section-end\"><\/span><\/h3>\n<p>Para tapas con un toque diferente: el peque\u00f1o restaurante <a href=\"https:\/\/maps.app.goo.gl\/ACiJCtZK5F3ZPmWE7\" rel=\"noopener\">La Tasqueta Del Merc<\/a>at, alegre y animado, ofrece tapas originales con influencias asi\u00e1ticas, a la carta o en el men\u00fa degustaci\u00f3n.<\/p>\n<img decoding=\"async\" class=\"wp-image-9034 size-full alignnone\" src=\"https:\/\/decouvrirensemble.com\/wp-content\/uploads\/2018\/10\/Valence-en-espagne-restaurants-valence-ou-manger-blog-voyage.jpg\" alt=\"Restaurants Valence\" width=\"1300\" height=\"975\" srcset=\"https:\/\/decouvrirensemble.com\/wp-content\/uploads\/2018\/10\/Valence-en-espagne-restaurants-valence-ou-manger-blog-voyage.jpg 1300w, https:\/\/decouvrirensemble.com\/wp-content\/uploads\/2018\/10\/Valence-en-espagne-restaurants-valence-ou-manger-blog-voyage-300x225.jpg 300w, https:\/\/decouvrirensemble.com\/wp-content\/uploads\/2018\/10\/Valence-en-espagne-restaurants-valence-ou-manger-blog-voyage-768x576.jpg 768w, https:\/\/decouvrirensemble.com\/wp-content\/uploads\/2018\/10\/Valence-en-espagne-restaurants-valence-ou-manger-blog-voyage-1024x768.jpg 1024w, https:\/\/decouvrirensemble.com\/wp-content\/uploads\/2018\/10\/Valence-en-espagne-restaurants-valence-ou-manger-blog-voyage-705x529.jpg 705w, https:\/\/decouvrirensemble.com\/wp-content\/uploads\/2018\/10\/Valence-en-espagne-restaurants-valence-ou-manger-blog-voyage-987x740.jpg 987w\" sizes=\"(max-width: 1300px) 100vw, 1300px\" \/>\n<img decoding=\"async\" class=\"size-full wp-image-9032 alignnone\" src=\"https:\/\/decouvrirensemble.com\/wp-content\/uploads\/2018\/10\/Valence-en-espagne-el-federal-blog-voyage.jpg\" alt=\"Valence en Espagne\" width=\"1300\" height=\"975\" srcset=\"https:\/\/decouvrirensemble.com\/wp-content\/uploads\/2018\/10\/Valence-en-espagne-el-federal-blog-voyage.jpg 1300w, https:\/\/decouvrirensemble.com\/wp-content\/uploads\/2018\/10\/Valence-en-espagne-el-federal-blog-voyage-300x225.jpg 300w, https:\/\/decouvrirensemble.com\/wp-content\/uploads\/2018\/10\/Valence-en-espagne-el-federal-blog-voyage-768x576.jpg 768w, https:\/\/decouvrirensemble.com\/wp-content\/uploads\/2018\/10\/Valence-en-espagne-el-federal-blog-voyage-1024x768.jpg 1024w, https:\/\/decouvrirensemble.com\/wp-content\/uploads\/2018\/10\/Valence-en-espagne-el-federal-blog-voyage-705x529.jpg 705w, https:\/\/decouvrirensemble.com\/wp-content\/uploads\/2018\/10\/Valence-en-espagne-el-federal-blog-voyage-987x740.jpg 987w\" sizes=\"(max-width: 1300px) 100vw, 1300px\" \/>\n<h2><span class=\"ez-toc-section\" id=\"Ideas_de_visitas_cerca_de_Valencia_en_Espana\"><\/span>Ideas de visitas cerca de Valencia en Espa\u00f1a<span class=\"ez-toc-section-end\"><\/span><\/h2>\n<h3><span class=\"ez-toc-section\" id=\"1_Castillo_de_Xativa_en_Valencia_Espana\"><\/span>1. Castillo de X\u00e1tiva en Valencia, Espa\u00f1a<span class=\"ez-toc-section-end\"><\/span><\/h3>\n<p>Este castillo se encuentra a 40 minutos del centro de Valencia. Est\u00e1 encaramado en lo alto de una colina, lo que le confiere un impresionante aspecto hist\u00f3rico. Cuenta con murallas medievales, una torre del homenaje y una capilla del siglo XX. La Torre de la Fe ofrece unas vistas incre\u00edbles de la regi\u00f3n.<\/p>\n<ul>\n<li><span style=\"text-decoration: underline;\">Para llegar al Castillo de X\u00e1tiva<\/span>: tomar el tren C2 por 9 \u20ac ida y vuelta.<\/li>\n<\/ul>\n<img decoding=\"async\" class=\"wp-image-8996 size-full alignnone\" src=\"https:\/\/decouvrirensemble.com\/wp-content\/uploads\/2018\/10\/Valence-en-espagne-xativa-blog-voyage.jpg\" alt=\"Ch\u00e2teau de Xativa\" width=\"1300\" height=\"975\" srcset=\"https:\/\/decouvrirensemble.com\/wp-content\/uploads\/2018\/10\/Valence-en-espagne-xativa-blog-voyage.jpg 1300w, https:\/\/decouvrirensemble.com\/wp-content\/uploads\/2018\/10\/Valence-en-espagne-xativa-blog-voyage-300x225.jpg 300w, https:\/\/decouvrirensemble.com\/wp-content\/uploads\/2018\/10\/Valence-en-espagne-xativa-blog-voyage-768x576.jpg 768w, https:\/\/decouvrirensemble.com\/wp-content\/uploads\/2018\/10\/Valence-en-espagne-xativa-blog-voyage-1024x768.jpg 1024w, https:\/\/decouvrirensemble.com\/wp-content\/uploads\/2018\/10\/Valence-en-espagne-xativa-blog-voyage-705x529.jpg 705w, https:\/\/decouvrirensemble.com\/wp-content\/uploads\/2018\/10\/Valence-en-espagne-xativa-blog-voyage-987x740.jpg 987w\" sizes=\"(max-width: 1300px) 100vw, 1300px\" \/>\n<h3><span class=\"ez-toc-section\" id=\"2_La_Muralla_Roja_en_Calp\"><\/span>2. La Muralla Roja, en Calp<span class=\"ez-toc-section-end\"><\/span><\/h3>\n<p>\u00bfHas o\u00eddo hablar de La Muralla Roja? Un complejo de arquitectura 100% gr\u00e1fica, reconocible por sus rosas y azules pastel. Un sue\u00f1o para los amantes de la arquitectura.<\/p>\n<p>Situada en la localidad de Calp, cerca de Valencia (Espa\u00f1a), es obra de Ricardo Bofill, arquitecto espa\u00f1ol famoso por sus edificios at\u00edpicos. Para m\u00e1s informaci\u00f3n y fotos, consulte nuestro art\u00edculo dedicado a la Muralla Roja. De todas las ciudades de la costa mediterr\u00e1nea (Alicante, Sevilla, Zaragoza&#8230;), le recomendamos Valencia y sus alrededores.<\/p>\n<p>[relance]<\/p>\n<img decoding=\"async\" class=\"alignnone size-full wp-image-47929\" src=\"https:\/\/decouvrirensemble.com\/wp-content\/uploads\/2018\/09\/muralla-roja-espagne-calpe.jpg\" alt=\"Calpe Espagne\" width=\"1800\" height=\"1200\" srcset=\"https:\/\/decouvrirensemble.com\/wp-content\/uploads\/2018\/09\/muralla-roja-espagne-calpe.jpg 1800w, https:\/\/decouvrirensemble.com\/wp-content\/uploads\/2018\/09\/muralla-roja-espagne-calpe-300x200.jpg 300w, https:\/\/decouvrirensemble.com\/wp-content\/uploads\/2018\/09\/muralla-roja-espagne-calpe-1024x683.jpg 1024w, https:\/\/decouvrirensemble.com\/wp-content\/uploads\/2018\/09\/muralla-roja-espagne-calpe-768x512.jpg 768w, https:\/\/decouvrirensemble.com\/wp-content\/uploads\/2018\/09\/muralla-roja-espagne-calpe-1536x1024.jpg 1536w\" sizes=\"(max-width: 1800px) 100vw, 1800px\" \/>\n<h2 id=\"organiser\"><span class=\"ez-toc-section\" id=\"Informacion_practica_para_desplazarse_por_Valencia_Espana\"><\/span>Informaci\u00f3n pr\u00e1ctica para desplazarse por Valencia (Espa\u00f1a)<span class=\"ez-toc-section-end\"><\/span><\/h2>\n<ul>\n<li>En avi\u00f3n, Valencia est\u00e1 a 2 horas de Par\u00eds. Le aconsejamos que utilice un comparador de vuelos para encontrar el mejor precio. Generalmente utilizamos Vueling para nuestros viajes a Espa\u00f1a, ya que suele ser la compa\u00f1\u00eda a\u00e9rea (espa\u00f1ola) que ofrece la mejor relaci\u00f3n calidad-precio en este pa\u00eds.<\/li>\n<li>En tren, a s\u00f3lo 3h30 de Barcelona, encontrar\u00e1 tarifas muy asequibles en el sitio <a href=\"https:\/\/www.jdoqocy.com\/click-100603082-13394886\" rel=\"noopener noreferrer\">Omio<\/a>. Esta es la soluci\u00f3n que elegimos para nuestro viaje a Valencia, que nos cost\u00f3 un total de 60 \u20ac ida y vuelta por persona.<\/li>\n<li>Para moverse por Valencia, le recomendamos coger un taxi. R\u00e1pido y barato, puedes llegar a cualquier parte de Valencia con poco presupuesto. Si tienes un smartphone, te aconsejamos que utilices la aplicaci\u00f3n MyTaxi para que puedas pedir y pagar tu trayecto directamente desde la app, al igual que con Uber y Taxify, que actualmente no est\u00e1n disponibles en Espa\u00f1a.<\/li>\n<\/ul>\n<img decoding=\"async\" class=\"size-full wp-image-9035 alignnone\" src=\"https:\/\/decouvrirensemble.com\/wp-content\/uploads\/2018\/10\/Valence-en-espagne-restaurants-valence-ou-manger-bonnes-adresses-blog-voyage.jpg\" alt=\"Valence en Espagne\" width=\"1300\" height=\"975\" srcset=\"https:\/\/decouvrirensemble.com\/wp-content\/uploads\/2018\/10\/Valence-en-espagne-restaurants-valence-ou-manger-bonnes-adresses-blog-voyage.jpg 1300w, https:\/\/decouvrirensemble.com\/wp-content\/uploads\/2018\/10\/Valence-en-espagne-restaurants-valence-ou-manger-bonnes-adresses-blog-voyage-300x225.jpg 300w, https:\/\/decouvrirensemble.com\/wp-content\/uploads\/2018\/10\/Valence-en-espagne-restaurants-valence-ou-manger-bonnes-adresses-blog-voyage-768x576.jpg 768w, https:\/\/decouvrirensemble.com\/wp-content\/uploads\/2018\/10\/Valence-en-espagne-restaurants-valence-ou-manger-bonnes-adresses-blog-voyage-1024x768.jpg 1024w, https:\/\/decouvrirensemble.com\/wp-content\/uploads\/2018\/10\/Valence-en-espagne-restaurants-valence-ou-manger-bonnes-adresses-blog-voyage-705x529.jpg 705w, https:\/\/decouvrirensemble.com\/wp-content\/uploads\/2018\/10\/Valence-en-espagne-restaurants-valence-ou-manger-bonnes-adresses-blog-voyage-987x740.jpg 987w\" sizes=\"(max-width: 1300px) 100vw, 1300px\" \/>\n<p>[gracias]<\/p>\n\n\n<div class=\"kk-star-ratings kksr-auto kksr-align-left kksr-valign-bottom\"\n    data-payload='{&quot;align&quot;:&quot;left&quot;,&quot;id&quot;:&quot;57563&quot;,&quot;slug&quot;:&quot;default&quot;,&quot;valign&quot;:&quot;bottom&quot;,&quot;ignore&quot;:&quot;&quot;,&quot;reference&quot;:&quot;auto&quot;,&quot;class&quot;:&quot;&quot;,&quot;count&quot;:&quot;2&quot;,&quot;legendonly&quot;:&quot;&quot;,&quot;readonly&quot;:&quot;&quot;,&quot;score&quot;:&quot;5&quot;,&quot;starsonly&quot;:&quot;&quot;,&quot;best&quot;:&quot;5&quot;,&quot;gap&quot;:&quot;4&quot;,&quot;greet&quot;:&quot;Sea el primero en valorar esta entrada de blog.&quot;,&quot;legend&quot;:&quot;5\\\/5 - (2 votos)&quot;,&quot;size&quot;:&quot;21&quot;,&quot;title&quot;:&quot;Qu\u00e9 ver en Valencia: Los mejores lugares&quot;,&quot;width&quot;:&quot;123&quot;,&quot;_legend&quot;:&quot;{score}\\\/{best} - ({count} {votes})&quot;,&quot;font_factor&quot;:&quot;1.25&quot;}'>\n            \n<div class=\"kksr-stars\">\n    \n<div class=\"kksr-stars-inactive\">\n            <div class=\"kksr-star\" data-star=\"1\" style=\"padding-right: 4px\">\n            \n\n<div class=\"kksr-icon\" style=\"width: 21px; height: 21px;\"><\/div>\n        <\/div>\n            <div class=\"kksr-star\" data-star=\"2\" style=\"padding-right: 4px\">\n            \n\n<div class=\"kksr-icon\" style=\"width: 21px; height: 21px;\"><\/div>\n        <\/div>\n            <div class=\"kksr-star\" data-star=\"3\" style=\"padding-right: 4px\">\n            \n\n<div class=\"kksr-icon\" style=\"width: 21px; height: 21px;\"><\/div>\n        <\/div>\n            <div class=\"kksr-star\" data-star=\"4\" style=\"padding-right: 4px\">\n            \n\n<div class=\"kksr-icon\" style=\"width: 21px; height: 21px;\"><\/div>\n        <\/div>\n            <div class=\"kksr-star\" data-star=\"5\" style=\"padding-right: 4px\">\n            \n\n<div class=\"kksr-icon\" style=\"width: 21px; height: 21px;\"><\/div>\n        <\/div>\n    <\/div>\n    \n<div class=\"kksr-stars-active\" style=\"width: 123px;\">\n            <div class=\"kksr-star\" style=\"padding-right: 4px\">\n            \n\n<div class=\"kksr-icon\" style=\"width: 21px; height: 21px;\"><\/div>\n        <\/div>\n            <div class=\"kksr-star\" style=\"padding-right: 4px\">\n            \n\n<div class=\"kksr-icon\" style=\"width: 21px; height: 21px;\"><\/div>\n        <\/div>\n            <div class=\"kksr-star\" style=\"padding-right: 4px\">\n            \n\n<div class=\"kksr-icon\" style=\"width: 21px; height: 21px;\"><\/div>\n        <\/div>\n            <div class=\"kksr-star\" style=\"padding-right: 4px\">\n            \n\n<div class=\"kksr-icon\" style=\"width: 21px; height: 21px;\"><\/div>\n        <\/div>\n            <div class=\"kksr-star\" style=\"padding-right: 4px\">\n            \n\n<div class=\"kksr-icon\" style=\"width: 21px; height: 21px;\"><\/div>\n        <\/div>\n    <\/div>\n<\/div>\n                \n\n<div class=\"kksr-legend\" style=\"font-size: 16.8px;\">\n            5\/5 - (2 votos)    <\/div>\n    <\/div>\n","protected":false},"excerpt":{"rendered":"<p>Elegimos visitar Valencia en Espa\u00f1a a mediados de agosto porque est\u00e1bamos de vacaciones en la regi\u00f3n de Barcelona durante unas semanas. \u00a1Valencia tiene tanto que ofrecer y tanto encanto que nos enamoramos de la ciudad en s\u00f3lo 2 d\u00edas!<\/p>\n","protected":false},"author":1,"featured_media":47903,"comment_status":"open","ping_status":"closed","sticky":false,"template":"","format":"standard","meta":{"_acf_changed":false,"_lmt_disableupdate":"no","_lmt_disable":"no","footnotes":""},"categories":[461,462],"tags":[],"class_list":["post-57563","post","type-post","status-publish","format-standard","has-post-thumbnail","hentry","category-espana","category-guias-de-viajes"],"acf":[],"yoast_head":"<!-- This site is optimized with the Yoast SEO plugin v27.4 - https:\/\/yoast.com\/product\/yoast-seo-wordpress\/ -->\n<title>Qu\u00e9 ver en Valencia: Los mejores lugares<\/title>\n<meta name=\"description\" content=\"\u00bfEst\u00e1 planeando su pr\u00f3ximo viaje a Valencia? Descubra todos nuestros consejos y direcciones \u00fatiles en nuestro blog de viajes.\" \/>\n<meta name=\"robots\" content=\"index, follow, max-snippet:-1, max-image-preview:large, max-video-preview:-1\" \/>\n<link rel=\"canonical\" href=\"https:\/\/decouvrirensemble.com\/es\/que-ver-en-valencia\" \/>\n<meta property=\"og:locale\" content=\"es_ES\" \/>\n<meta property=\"og:type\" content=\"article\" \/>\n<meta property=\"og:title\" content=\"Qu\u00e9 ver en Valencia: Los mejores lugares\" \/>\n<meta property=\"og:description\" content=\"\u00bfEst\u00e1 planeando su pr\u00f3ximo viaje a Valencia? Descubra todos nuestros consejos y direcciones \u00fatiles en nuestro blog de viajes.\" \/>\n<meta property=\"og:url\" content=\"https:\/\/decouvrirensemble.com\/es\/que-ver-en-valencia\" \/>\n<meta property=\"og:site_name\" content=\"Blog Voyage - D\u00e9couvrir Ensemble\" \/>\n<meta property=\"article:published_time\" content=\"2018-10-26T13:12:08+00:00\" \/>\n<meta property=\"article:modified_time\" content=\"2026-01-06T15:22:14+00:00\" \/>\n<meta property=\"og:image\" content=\"https:\/\/decouvrirensemble.com\/wp-content\/uploads\/2018\/10\/Valence-en-espagne-blog-voyage-1.jpg\" \/>\n\t<meta property=\"og:image:width\" content=\"1800\" \/>\n\t<meta property=\"og:image:height\" content=\"1350\" \/>\n\t<meta property=\"og:image:type\" content=\"image\/jpeg\" \/>\n<meta name=\"author\" content=\"Cl\u00e9mence &amp; Alexandre\" \/>\n<meta name=\"twitter:card\" content=\"summary_large_image\" \/>\n<meta name=\"twitter:creator\" content=\"@dcouvrirensmble\" \/>\n<meta name=\"twitter:site\" content=\"@dcouvrirensmble\" \/>\n<meta name=\"twitter:label1\" content=\"Escrito por\" \/>\n\t<meta name=\"twitter:data1\" content=\"Cl\u00e9mence &amp; Alexandre\" \/>\n\t<meta name=\"twitter:label2\" content=\"Tiempo de lectura\" \/>\n\t<meta name=\"twitter:data2\" content=\"14 minutos\" \/>\n<script type=\"application\/ld+json\" class=\"yoast-schema-graph\">{\"@context\":\"https:\\\/\\\/schema.org\",\"@graph\":[{\"@type\":\"Article\",\"@id\":\"https:\\\/\\\/decouvrirensemble.com\\\/es\\\/que-ver-en-valencia#article\",\"isPartOf\":{\"@id\":\"https:\\\/\\\/decouvrirensemble.com\\\/es\\\/que-ver-en-valencia\"},\"author\":{\"name\":\"Cl\u00e9mence &amp; Alexandre\",\"@id\":\"https:\\\/\\\/decouvrirensemble.com\\\/es#\\\/schema\\\/person\\\/a53efd44d02eb7f9ab90f96e84a9d2ba\"},\"headline\":\"Qu\u00e9 ver en Valencia: Los mejores lugares\",\"datePublished\":\"2018-10-26T13:12:08+00:00\",\"dateModified\":\"2026-01-06T15:22:14+00:00\",\"mainEntityOfPage\":{\"@id\":\"https:\\\/\\\/decouvrirensemble.com\\\/es\\\/que-ver-en-valencia\"},\"wordCount\":1796,\"commentCount\":0,\"publisher\":{\"@id\":\"https:\\\/\\\/decouvrirensemble.com\\\/es#\\\/schema\\\/person\\\/a53efd44d02eb7f9ab90f96e84a9d2ba\"},\"image\":{\"@id\":\"https:\\\/\\\/decouvrirensemble.com\\\/es\\\/que-ver-en-valencia#primaryimage\"},\"thumbnailUrl\":\"https:\\\/\\\/decouvrirensemble.com\\\/wp-content\\\/uploads\\\/2018\\\/10\\\/Valence-en-espagne-blog-voyage-1.jpg\",\"articleSection\":[\"Espa\u00f1a\",\"Gu\u00edas de viajes\"],\"inLanguage\":\"es\",\"potentialAction\":[{\"@type\":\"CommentAction\",\"name\":\"Comment\",\"target\":[\"https:\\\/\\\/decouvrirensemble.com\\\/es\\\/que-ver-en-valencia#respond\"]}]},{\"@type\":\"WebPage\",\"@id\":\"https:\\\/\\\/decouvrirensemble.com\\\/es\\\/que-ver-en-valencia\",\"url\":\"https:\\\/\\\/decouvrirensemble.com\\\/es\\\/que-ver-en-valencia\",\"name\":\"Qu\u00e9 ver en Valencia: Los mejores lugares\",\"isPartOf\":{\"@id\":\"https:\\\/\\\/decouvrirensemble.com\\\/es#website\"},\"primaryImageOfPage\":{\"@id\":\"https:\\\/\\\/decouvrirensemble.com\\\/es\\\/que-ver-en-valencia#primaryimage\"},\"image\":{\"@id\":\"https:\\\/\\\/decouvrirensemble.com\\\/es\\\/que-ver-en-valencia#primaryimage\"},\"thumbnailUrl\":\"https:\\\/\\\/decouvrirensemble.com\\\/wp-content\\\/uploads\\\/2018\\\/10\\\/Valence-en-espagne-blog-voyage-1.jpg\",\"datePublished\":\"2018-10-26T13:12:08+00:00\",\"dateModified\":\"2026-01-06T15:22:14+00:00\",\"description\":\"\u00bfEst\u00e1 planeando su pr\u00f3ximo viaje a Valencia? Descubra todos nuestros consejos y direcciones \u00fatiles en nuestro blog de viajes.\",\"breadcrumb\":{\"@id\":\"https:\\\/\\\/decouvrirensemble.com\\\/es\\\/que-ver-en-valencia#breadcrumb\"},\"inLanguage\":\"es\",\"potentialAction\":[{\"@type\":\"ReadAction\",\"target\":[\"https:\\\/\\\/decouvrirensemble.com\\\/es\\\/que-ver-en-valencia\"]}]},{\"@type\":\"ImageObject\",\"inLanguage\":\"es\",\"@id\":\"https:\\\/\\\/decouvrirensemble.com\\\/es\\\/que-ver-en-valencia#primaryimage\",\"url\":\"https:\\\/\\\/decouvrirensemble.com\\\/wp-content\\\/uploads\\\/2018\\\/10\\\/Valence-en-espagne-blog-voyage-1.jpg\",\"contentUrl\":\"https:\\\/\\\/decouvrirensemble.com\\\/wp-content\\\/uploads\\\/2018\\\/10\\\/Valence-en-espagne-blog-voyage-1.jpg\",\"width\":1800,\"height\":1350,\"caption\":\"Valence en Espagne Blog voyage\"},{\"@type\":\"BreadcrumbList\",\"@id\":\"https:\\\/\\\/decouvrirensemble.com\\\/es\\\/que-ver-en-valencia#breadcrumb\",\"itemListElement\":[{\"@type\":\"ListItem\",\"position\":1,\"name\":\"Accueil\",\"item\":\"https:\\\/\\\/decouvrirensemble.com\\\/es\"},{\"@type\":\"ListItem\",\"position\":2,\"name\":\"Destinos\",\"item\":\"https:\\\/\\\/decouvrirensemble.com\\\/es\\\/destinos\"},{\"@type\":\"ListItem\",\"position\":3,\"name\":\"Espa\u00f1a\",\"item\":\"https:\\\/\\\/decouvrirensemble.com\\\/es\\\/destinos\\\/espana\"},{\"@type\":\"ListItem\",\"position\":4,\"name\":\"Qu\u00e9 ver en Valencia: Los mejores lugares\"}]},{\"@type\":\"WebSite\",\"@id\":\"https:\\\/\\\/decouvrirensemble.com\\\/es#website\",\"url\":\"https:\\\/\\\/decouvrirensemble.com\\\/es\",\"name\":\"Blog Voyage - D\u00e9couvrir Ensemble\",\"description\":\"Le Blog Voyage de Clem et Alex\",\"publisher\":{\"@id\":\"https:\\\/\\\/decouvrirensemble.com\\\/es#\\\/schema\\\/person\\\/a53efd44d02eb7f9ab90f96e84a9d2ba\"},\"potentialAction\":[{\"@type\":\"SearchAction\",\"target\":{\"@type\":\"EntryPoint\",\"urlTemplate\":\"https:\\\/\\\/decouvrirensemble.com\\\/es?s={search_term_string}\"},\"query-input\":{\"@type\":\"PropertyValueSpecification\",\"valueRequired\":true,\"valueName\":\"search_term_string\"}}],\"inLanguage\":\"es\"},{\"@type\":[\"Person\",\"Organization\"],\"@id\":\"https:\\\/\\\/decouvrirensemble.com\\\/es#\\\/schema\\\/person\\\/a53efd44d02eb7f9ab90f96e84a9d2ba\",\"name\":\"Cl\u00e9mence &amp; Alexandre\",\"image\":{\"@type\":\"ImageObject\",\"inLanguage\":\"es\",\"@id\":\"https:\\\/\\\/decouvrirensemble.com\\\/wp-content\\\/uploads\\\/2024\\\/04\\\/logo-decouvrir-ensemble-blog-voyage.jpg\",\"url\":\"https:\\\/\\\/decouvrirensemble.com\\\/wp-content\\\/uploads\\\/2024\\\/04\\\/logo-decouvrir-ensemble-blog-voyage.jpg\",\"contentUrl\":\"https:\\\/\\\/decouvrirensemble.com\\\/wp-content\\\/uploads\\\/2024\\\/04\\\/logo-decouvrir-ensemble-blog-voyage.jpg\",\"width\":1563,\"height\":529,\"caption\":\"Cl\u00e9mence &amp; Alexandre\"},\"logo\":{\"@id\":\"https:\\\/\\\/decouvrirensemble.com\\\/wp-content\\\/uploads\\\/2024\\\/04\\\/logo-decouvrir-ensemble-blog-voyage.jpg\"},\"sameAs\":[\"https:\\\/\\\/decouvrirensemble.com\\\/\"]}]}<\/script>\n<!-- \/ Yoast SEO plugin. -->","yoast_head_json":{"title":"Qu\u00e9 ver en Valencia: Los mejores lugares","description":"\u00bfEst\u00e1 planeando su pr\u00f3ximo viaje a Valencia? Descubra todos nuestros consejos y direcciones \u00fatiles en nuestro blog de viajes.","robots":{"index":"index","follow":"follow","max-snippet":"max-snippet:-1","max-image-preview":"max-image-preview:large","max-video-preview":"max-video-preview:-1"},"canonical":"https:\/\/decouvrirensemble.com\/es\/que-ver-en-valencia","og_locale":"es_ES","og_type":"article","og_title":"Qu\u00e9 ver en Valencia: Los mejores lugares","og_description":"\u00bfEst\u00e1 planeando su pr\u00f3ximo viaje a Valencia? Descubra todos nuestros consejos y direcciones \u00fatiles en nuestro blog de viajes.","og_url":"https:\/\/decouvrirensemble.com\/es\/que-ver-en-valencia","og_site_name":"Blog Voyage - D\u00e9couvrir Ensemble","article_published_time":"2018-10-26T13:12:08+00:00","article_modified_time":"2026-01-06T15:22:14+00:00","og_image":[{"width":1800,"height":1350,"url":"https:\/\/decouvrirensemble.com\/wp-content\/uploads\/2018\/10\/Valence-en-espagne-blog-voyage-1.jpg","type":"image\/jpeg"}],"author":"Cl\u00e9mence &amp; Alexandre","twitter_card":"summary_large_image","twitter_creator":"@dcouvrirensmble","twitter_site":"@dcouvrirensmble","twitter_misc":{"Escrito por":"Cl\u00e9mence &amp; Alexandre","Tiempo de lectura":"14 minutos"},"schema":{"@context":"https:\/\/schema.org","@graph":[{"@type":"Article","@id":"https:\/\/decouvrirensemble.com\/es\/que-ver-en-valencia#article","isPartOf":{"@id":"https:\/\/decouvrirensemble.com\/es\/que-ver-en-valencia"},"author":{"name":"Cl\u00e9mence &amp; Alexandre","@id":"https:\/\/decouvrirensemble.com\/es#\/schema\/person\/a53efd44d02eb7f9ab90f96e84a9d2ba"},"headline":"Qu\u00e9 ver en Valencia: Los mejores lugares","datePublished":"2018-10-26T13:12:08+00:00","dateModified":"2026-01-06T15:22:14+00:00","mainEntityOfPage":{"@id":"https:\/\/decouvrirensemble.com\/es\/que-ver-en-valencia"},"wordCount":1796,"commentCount":0,"publisher":{"@id":"https:\/\/decouvrirensemble.com\/es#\/schema\/person\/a53efd44d02eb7f9ab90f96e84a9d2ba"},"image":{"@id":"https:\/\/decouvrirensemble.com\/es\/que-ver-en-valencia#primaryimage"},"thumbnailUrl":"https:\/\/decouvrirensemble.com\/wp-content\/uploads\/2018\/10\/Valence-en-espagne-blog-voyage-1.jpg","articleSection":["Espa\u00f1a","Gu\u00edas de viajes"],"inLanguage":"es","potentialAction":[{"@type":"CommentAction","name":"Comment","target":["https:\/\/decouvrirensemble.com\/es\/que-ver-en-valencia#respond"]}]},{"@type":"WebPage","@id":"https:\/\/decouvrirensemble.com\/es\/que-ver-en-valencia","url":"https:\/\/decouvrirensemble.com\/es\/que-ver-en-valencia","name":"Qu\u00e9 ver en Valencia: Los mejores lugares","isPartOf":{"@id":"https:\/\/decouvrirensemble.com\/es#website"},"primaryImageOfPage":{"@id":"https:\/\/decouvrirensemble.com\/es\/que-ver-en-valencia#primaryimage"},"image":{"@id":"https:\/\/decouvrirensemble.com\/es\/que-ver-en-valencia#primaryimage"},"thumbnailUrl":"https:\/\/decouvrirensemble.com\/wp-content\/uploads\/2018\/10\/Valence-en-espagne-blog-voyage-1.jpg","datePublished":"2018-10-26T13:12:08+00:00","dateModified":"2026-01-06T15:22:14+00:00","description":"\u00bfEst\u00e1 planeando su pr\u00f3ximo viaje a Valencia? Descubra todos nuestros consejos y direcciones \u00fatiles en nuestro blog de viajes.","breadcrumb":{"@id":"https:\/\/decouvrirensemble.com\/es\/que-ver-en-valencia#breadcrumb"},"inLanguage":"es","potentialAction":[{"@type":"ReadAction","target":["https:\/\/decouvrirensemble.com\/es\/que-ver-en-valencia"]}]},{"@type":"ImageObject","inLanguage":"es","@id":"https:\/\/decouvrirensemble.com\/es\/que-ver-en-valencia#primaryimage","url":"https:\/\/decouvrirensemble.com\/wp-content\/uploads\/2018\/10\/Valence-en-espagne-blog-voyage-1.jpg","contentUrl":"https:\/\/decouvrirensemble.com\/wp-content\/uploads\/2018\/10\/Valence-en-espagne-blog-voyage-1.jpg","width":1800,"height":1350,"caption":"Valence en Espagne Blog voyage"},{"@type":"BreadcrumbList","@id":"https:\/\/decouvrirensemble.com\/es\/que-ver-en-valencia#breadcrumb","itemListElement":[{"@type":"ListItem","position":1,"name":"Accueil","item":"https:\/\/decouvrirensemble.com\/es"},{"@type":"ListItem","position":2,"name":"Destinos","item":"https:\/\/decouvrirensemble.com\/es\/destinos"},{"@type":"ListItem","position":3,"name":"Espa\u00f1a","item":"https:\/\/decouvrirensemble.com\/es\/destinos\/espana"},{"@type":"ListItem","position":4,"name":"Qu\u00e9 ver en Valencia: Los mejores lugares"}]},{"@type":"WebSite","@id":"https:\/\/decouvrirensemble.com\/es#website","url":"https:\/\/decouvrirensemble.com\/es","name":"Blog Voyage - D\u00e9couvrir Ensemble","description":"Le Blog Voyage de Clem et Alex","publisher":{"@id":"https:\/\/decouvrirensemble.com\/es#\/schema\/person\/a53efd44d02eb7f9ab90f96e84a9d2ba"},"potentialAction":[{"@type":"SearchAction","target":{"@type":"EntryPoint","urlTemplate":"https:\/\/decouvrirensemble.com\/es?s={search_term_string}"},"query-input":{"@type":"PropertyValueSpecification","valueRequired":true,"valueName":"search_term_string"}}],"inLanguage":"es"},{"@type":["Person","Organization"],"@id":"https:\/\/decouvrirensemble.com\/es#\/schema\/person\/a53efd44d02eb7f9ab90f96e84a9d2ba","name":"Cl\u00e9mence &amp; Alexandre","image":{"@type":"ImageObject","inLanguage":"es","@id":"https:\/\/decouvrirensemble.com\/wp-content\/uploads\/2024\/04\/logo-decouvrir-ensemble-blog-voyage.jpg","url":"https:\/\/decouvrirensemble.com\/wp-content\/uploads\/2024\/04\/logo-decouvrir-ensemble-blog-voyage.jpg","contentUrl":"https:\/\/decouvrirensemble.com\/wp-content\/uploads\/2024\/04\/logo-decouvrir-ensemble-blog-voyage.jpg","width":1563,"height":529,"caption":"Cl\u00e9mence &amp; Alexandre"},"logo":{"@id":"https:\/\/decouvrirensemble.com\/wp-content\/uploads\/2024\/04\/logo-decouvrir-ensemble-blog-voyage.jpg"},"sameAs":["https:\/\/decouvrirensemble.com\/"]}]}},"modified_by":"Cl\u00e9mence &amp; Alexandre","_links":{"self":[{"href":"https:\/\/decouvrirensemble.com\/es\/wp-json\/wp\/v2\/posts\/57563","targetHints":{"allow":["GET"]}}],"collection":[{"href":"https:\/\/decouvrirensemble.com\/es\/wp-json\/wp\/v2\/posts"}],"about":[{"href":"https:\/\/decouvrirensemble.com\/es\/wp-json\/wp\/v2\/types\/post"}],"author":[{"embeddable":true,"href":"https:\/\/decouvrirensemble.com\/es\/wp-json\/wp\/v2\/users\/1"}],"replies":[{"embeddable":true,"href":"https:\/\/decouvrirensemble.com\/es\/wp-json\/wp\/v2\/comments?post=57563"}],"version-history":[{"count":1,"href":"https:\/\/decouvrirensemble.com\/es\/wp-json\/wp\/v2\/posts\/57563\/revisions"}],"predecessor-version":[{"id":63621,"href":"https:\/\/decouvrirensemble.com\/es\/wp-json\/wp\/v2\/posts\/57563\/revisions\/63621"}],"wp:featuredmedia":[{"embeddable":true,"href":"https:\/\/decouvrirensemble.com\/es\/wp-json\/wp\/v2\/media\/47903"}],"wp:attachment":[{"href":"https:\/\/decouvrirensemble.com\/es\/wp-json\/wp\/v2\/media?parent=57563"}],"wp:term":[{"taxonomy":"category","embeddable":true,"href":"https:\/\/decouvrirensemble.com\/es\/wp-json\/wp\/v2\/categories?post=57563"},{"taxonomy":"post_tag","embeddable":true,"href":"https:\/\/decouvrirensemble.com\/es\/wp-json\/wp\/v2\/tags?post=57563"}],"curies":[{"name":"wp","href":"https:\/\/api.w.org\/{rel}","templated":true}]}}