{"id":57669,"date":"2019-05-19T22:01:16","date_gmt":"2019-05-19T20:01:16","guid":{"rendered":"https:\/\/decouvrirensemble.com\/visiter-colmar-que-faire"},"modified":"2026-01-06T16:15:37","modified_gmt":"2026-01-06T15:15:37","slug":"que-ver-en-colmar","status":"publish","type":"post","link":"https:\/\/decouvrirensemble.com\/es\/que-ver-en-colmar","title":{"rendered":"Qu\u00e9 ver en Colmar: Los mejores lugares"},"content":{"rendered":"<p>Si desea <strong>visitar Colmar, <\/strong>nuestro <strong>blog de<\/strong> viajes ha elaborado una gu\u00eda completa de esta ciudad, famosa en todo el mundo por su mercado navide\u00f1o. En ella encontrar\u00e1 nuestras <strong>mejores direcciones<\/strong> y lugares de visita obligada. Esperamos que nuestros comentarios le animen a descubrir este rinc\u00f3n del este de <a href=\"https:\/\/decouvrirensemble.com\/es\/destinos\/francia\" rel=\"noopener\">Francia <\/a>. <b><\/b><\/p>\n<h2 id=\"faire\"><span class=\"ez-toc-section\" id=\"%C2%BFQue_ver_en_Colmar\"><\/span>\u00bfQu\u00e9 ver en Colmar?<span class=\"ez-toc-section-end\"><\/span><\/h2>\n<p>Cuando llegue a Colmar, dir\u00edjase directamente al centro de la ciudad. Si viene en coche, puede aparcar en uno de los numerosos aparcamientos del centro de la ciudad. Si viene de la estaci\u00f3n de Colmar, puede que los alrededores no sean muy interesantes, por lo que le aconsejamos que se dirija al centro de Colmar.<\/p>\n<p>Una vez en el centro de Colmar, todo es f\u00e1cil: \u00a1est\u00e1 todo se\u00f1alizado! As\u00ed podr\u00e1 llegar a todos los lugares que visitar en Colmar durante sus desplazamientos. Spoiler: si le gusta la magia de la Navidad, en Colmar encontrar\u00e1 f\u00e1cilmente lo que busca.<\/p>\n<img decoding=\"async\" class=\"alignnone size-full wp-image-20363\" src=\"https:\/\/decouvrirensemble.com\/wp-content\/uploads\/2019\/05\/visiter-colmar-a-pied.jpg\" alt=\"Visiter Colmar\" width=\"1800\" height=\"1200\" srcset=\"https:\/\/decouvrirensemble.com\/wp-content\/uploads\/2019\/05\/visiter-colmar-a-pied.jpg 1800w, https:\/\/decouvrirensemble.com\/wp-content\/uploads\/2019\/05\/visiter-colmar-a-pied-300x200.jpg 300w, https:\/\/decouvrirensemble.com\/wp-content\/uploads\/2019\/05\/visiter-colmar-a-pied-1024x683.jpg 1024w, https:\/\/decouvrirensemble.com\/wp-content\/uploads\/2019\/05\/visiter-colmar-a-pied-768x512.jpg 768w, https:\/\/decouvrirensemble.com\/wp-content\/uploads\/2019\/05\/visiter-colmar-a-pied-1536x1024.jpg 1536w\" sizes=\"(max-width: 1800px) 100vw, 1800px\" \/>\n<h3><span class=\"ez-toc-section\" id=\"1_El_casco_antiguo_de_Colmar\"><\/span>1. El casco antiguo de Colmar<span class=\"ez-toc-section-end\"><\/span><\/h3>\n<p>Con sus casas de entramado de madera y sus mansiones burguesas, algunas de las cuales datan de la Edad Media, el centro hist\u00f3rico de Colmar es una peque\u00f1a joya de visita obligada. Si desea visitar Colmar a pie, le recomendamos que empiece por aqu\u00ed.<\/p>\n<p>Es nuestra parte favorita de la ciudad, junto con el barrio de la Petite Venise. Para visitar el centro hist\u00f3rico, no necesita mapa. Te recomendamos que simplemente pasees por sus calles para sentir al 100% el ambiente especial de este barrio.<\/p>\n<img decoding=\"async\" class=\"wp-image-11456 size-full alignnone\" src=\"https:\/\/decouvrirensemble.com\/wp-content\/uploads\/2019\/05\/visiter-colmar-week-end-vieux-colmar.jpg\" alt=\"\" width=\"1800\" height=\"783\" srcset=\"https:\/\/decouvrirensemble.com\/wp-content\/uploads\/2019\/05\/visiter-colmar-week-end-vieux-colmar.jpg 1800w, https:\/\/decouvrirensemble.com\/wp-content\/uploads\/2019\/05\/visiter-colmar-week-end-vieux-colmar-300x131.jpg 300w, https:\/\/decouvrirensemble.com\/wp-content\/uploads\/2019\/05\/visiter-colmar-week-end-vieux-colmar-768x334.jpg 768w, https:\/\/decouvrirensemble.com\/wp-content\/uploads\/2019\/05\/visiter-colmar-week-end-vieux-colmar-1024x445.jpg 1024w\" sizes=\"(max-width: 1800px) 100vw, 1800px\" \/>\n<img decoding=\"async\" class=\"alignnone wp-image-11457 size-full\" src=\"https:\/\/decouvrirensemble.com\/wp-content\/uploads\/2019\/05\/visiter-colmar-week-end-vieux-colmar-1.jpg\" alt=\"\" width=\"1800\" height=\"1350\" srcset=\"https:\/\/decouvrirensemble.com\/wp-content\/uploads\/2019\/05\/visiter-colmar-week-end-vieux-colmar-1.jpg 1800w, https:\/\/decouvrirensemble.com\/wp-content\/uploads\/2019\/05\/visiter-colmar-week-end-vieux-colmar-1-300x225.jpg 300w, https:\/\/decouvrirensemble.com\/wp-content\/uploads\/2019\/05\/visiter-colmar-week-end-vieux-colmar-1-768x576.jpg 768w, https:\/\/decouvrirensemble.com\/wp-content\/uploads\/2019\/05\/visiter-colmar-week-end-vieux-colmar-1-1024x768.jpg 1024w\" sizes=\"(max-width: 1800px) 100vw, 1800px\" \/>\n<h3><span class=\"ez-toc-section\" id=\"2_La_pequena_Venecia_de_Colmar\"><\/span>2. La peque\u00f1a Venecia de Colmar<span class=\"ez-toc-section-end\"><\/span><\/h3>\n<p>Esta parte de Colmar es realmente la m\u00e1s bonita y animada. Nos encant\u00f3 pasear por los muelles y fotografiar los reflejos de las casitas con entramado de madera. Puedes dejarte llevar por las callejuelas y te sentir\u00e1s un poco como en Disneylandia.<\/p>\n<p>La zona es peque\u00f1a, por lo que podr\u00e1 recorrerla entera en una hora, a no ser que sea un aficionado a la fotograf\u00eda como nosotros. Encontrar\u00e1s un mont\u00f3n de terracitas de restaurantes y tiendas para calentarte un rato. Este barrio tambi\u00e9n es muy popular entre los turistas chinos gracias a un programa de televisi\u00f3n emitido en China en 2018 en el que aparec\u00edan las estrellas de un reality show en un caf\u00e9 de la Peque\u00f1a Venecia de Colmar. \u00a1As\u00ed que no te sorprendas si oyes hablar chino en el distrito!<\/p>\n<img decoding=\"async\" class=\"alignnone size-full wp-image-20362\" src=\"https:\/\/decouvrirensemble.com\/wp-content\/uploads\/2019\/05\/petite-venise-colmar.jpg\" alt=\"petite venise colmar\" width=\"1800\" height=\"1200\" srcset=\"https:\/\/decouvrirensemble.com\/wp-content\/uploads\/2019\/05\/petite-venise-colmar.jpg 1800w, https:\/\/decouvrirensemble.com\/wp-content\/uploads\/2019\/05\/petite-venise-colmar-300x200.jpg 300w, https:\/\/decouvrirensemble.com\/wp-content\/uploads\/2019\/05\/petite-venise-colmar-1024x683.jpg 1024w, https:\/\/decouvrirensemble.com\/wp-content\/uploads\/2019\/05\/petite-venise-colmar-768x512.jpg 768w, https:\/\/decouvrirensemble.com\/wp-content\/uploads\/2019\/05\/petite-venise-colmar-1536x1024.jpg 1536w\" sizes=\"(max-width: 1800px) 100vw, 1800px\" \/>\n<img decoding=\"async\" class=\"size-full wp-image-11450 alignnone\" src=\"https:\/\/decouvrirensemble.com\/wp-content\/uploads\/2019\/05\/visiter-colmar-week-end-petite-venise.jpg\" alt=\"visiter colmar\" width=\"1800\" height=\"783\" srcset=\"https:\/\/decouvrirensemble.com\/wp-content\/uploads\/2019\/05\/visiter-colmar-week-end-petite-venise.jpg 1800w, https:\/\/decouvrirensemble.com\/wp-content\/uploads\/2019\/05\/visiter-colmar-week-end-petite-venise-300x131.jpg 300w, https:\/\/decouvrirensemble.com\/wp-content\/uploads\/2019\/05\/visiter-colmar-week-end-petite-venise-768x334.jpg 768w, https:\/\/decouvrirensemble.com\/wp-content\/uploads\/2019\/05\/visiter-colmar-week-end-petite-venise-1024x445.jpg 1024w\" sizes=\"(max-width: 1800px) 100vw, 1800px\" \/>\n<h3><span class=\"ez-toc-section\" id=\"3_El_mercado_de_Colmar\"><\/span>3. El mercado de Colmar<span class=\"ez-toc-section-end\"><\/span><\/h3>\n<p>El mercado de Colmar se encuentra muy cerca del barrio de la Petite Venise, y es imposible no verlo, \u00a1por lo imponente que resulta junto a las casitas de la zona! Nos encant\u00f3 este mercado cubierto, sobre todo su terracita con vistas al agua.<\/p>\n<p>Basta con pasear por el mercado, tomar un caf\u00e9 o una bebida y sentarse a disfrutar de las vistas. Una pausa muy apreciada, sobre todo si tiene la suerte de visitar Colmar en un d\u00eda soleado. El mercado de Colmar es tambi\u00e9n una buena ocasi\u00f3n para degustar los productos locales. Lo mejor es que tambi\u00e9n puede sentarse a comer en una de las mesas de las tiendas.<\/p>\n<img decoding=\"async\" class=\"alignnone wp-image-11451 size-full\" src=\"https:\/\/decouvrirensemble.com\/wp-content\/uploads\/2019\/05\/visiter-colmar-week-end-marche-colmar.jpg\" alt=\"Colmar blog\" width=\"1800\" height=\"1350\" srcset=\"https:\/\/decouvrirensemble.com\/wp-content\/uploads\/2019\/05\/visiter-colmar-week-end-marche-colmar.jpg 1800w, https:\/\/decouvrirensemble.com\/wp-content\/uploads\/2019\/05\/visiter-colmar-week-end-marche-colmar-300x225.jpg 300w, https:\/\/decouvrirensemble.com\/wp-content\/uploads\/2019\/05\/visiter-colmar-week-end-marche-colmar-768x576.jpg 768w, https:\/\/decouvrirensemble.com\/wp-content\/uploads\/2019\/05\/visiter-colmar-week-end-marche-colmar-1024x768.jpg 1024w\" sizes=\"(max-width: 1800px) 100vw, 1800px\" \/>\n<img decoding=\"async\" class=\"alignnone wp-image-20371 size-full\" src=\"https:\/\/decouvrirensemble.com\/wp-content\/uploads\/2019\/05\/visiter-colmar-marche.jpg\" alt=\"\" width=\"1800\" height=\"1200\" srcset=\"https:\/\/decouvrirensemble.com\/wp-content\/uploads\/2019\/05\/visiter-colmar-marche.jpg 1800w, https:\/\/decouvrirensemble.com\/wp-content\/uploads\/2019\/05\/visiter-colmar-marche-300x200.jpg 300w, https:\/\/decouvrirensemble.com\/wp-content\/uploads\/2019\/05\/visiter-colmar-marche-1024x683.jpg 1024w, https:\/\/decouvrirensemble.com\/wp-content\/uploads\/2019\/05\/visiter-colmar-marche-768x512.jpg 768w, https:\/\/decouvrirensemble.com\/wp-content\/uploads\/2019\/05\/visiter-colmar-marche-1536x1024.jpg 1536w\" sizes=\"(max-width: 1800px) 100vw, 1800px\" \/>\n<img decoding=\"async\" class=\"wp-image-11454 size-full alignnone\" src=\"https:\/\/decouvrirensemble.com\/wp-content\/uploads\/2019\/05\/visiter-colmar-week-end-marche-colmar-3.jpg\" alt=\"le marche de colmar\" width=\"1800\" height=\"1350\" srcset=\"https:\/\/decouvrirensemble.com\/wp-content\/uploads\/2019\/05\/visiter-colmar-week-end-marche-colmar-3.jpg 1800w, https:\/\/decouvrirensemble.com\/wp-content\/uploads\/2019\/05\/visiter-colmar-week-end-marche-colmar-3-300x225.jpg 300w, https:\/\/decouvrirensemble.com\/wp-content\/uploads\/2019\/05\/visiter-colmar-week-end-marche-colmar-3-768x576.jpg 768w, https:\/\/decouvrirensemble.com\/wp-content\/uploads\/2019\/05\/visiter-colmar-week-end-marche-colmar-3-1024x768.jpg 1024w\" sizes=\"(max-width: 1800px) 100vw, 1800px\" \/>\n<h2 id=\"dormir\"><span class=\"ez-toc-section\" id=\"%C2%BFDonde_alojarse_para_visitar_Colmar\"><\/span>\u00bfD\u00f3nde alojarse para visitar Colmar?<span class=\"ez-toc-section-end\"><\/span><\/h2>\n<h3><span class=\"ez-toc-section\" id=\"Hotel_48%C2%B0_Nord_Los_Originales_Relais\"><\/span>Hotel 48\u00b0 Nord, Los Originales Relais<span class=\"ez-toc-section-end\"><\/span><\/h3>\n<p>Situado en las alturas de Breitenbach, en el coraz\u00f3n de un lugar protegido Natura 2000, descubrir\u00e1 este concepto de hotel eco-responsable a s\u00f3lo 40 minutos en coche de Colmar. Si desea relajarse en un entorno excepcional y desconectar totalmente, \u00e9sta es su direcci\u00f3n. Tambi\u00e9n hay ba\u00f1era de hidromasaje y sauna, perfectas para relajarse tras un d\u00eda de turismo por Colmar y sus alrededores.<\/p>\n<p>Nos gust\u00f3 mucho la arquitectura del alojamiento, obra del arquitecto noruego Reiulf Ramstad, en la que reinterpreta la tradicional hytte escandinava. Todas las ma\u00f1anas se sirve un desayuno buf\u00e9, con excelentes productos ecol\u00f3gicos y 100% locales. Tambi\u00e9n puedes pedir que te lleven el desayuno a la habitaci\u00f3n sin coste adicional, como hicimos nosotros una de las ma\u00f1anas, \u00a1y nos encant\u00f3 tomarlo en la cama con vistas!<\/p>\n<p>Tambi\u00e9n encontrar\u00e1s un excelente restaurante gourmet dirigido por el chef Fr\u00e9d\u00e9ric Metzger, donde sirve cocina ecol\u00f3gica y 100% local en un radio de 150 km de Breitenbach, con las \u00fanicas excepciones del az\u00facar, el caf\u00e9 y el t\u00e9. Los productos son deliciosos y, al igual que en el desayuno, tendr\u00e1 la oportunidad de probar algunos productos excelentes.<\/p>\n<p>El personal tambi\u00e9n es muy atento durante toda nuestra estancia, y lo pasamos muy bien con ellos. El hotel forma parte de la cooperativa The Originals Hotels, que re\u00fane a m\u00e1s de 350 hoteleros independientes de Francia y Europa. Nos encanta reservar con ellos, porque todos se centran en lo local y lo experimentado. \u00a1Todo lo que nos encanta!<\/p>\n<p>Como puedes ver, nos enamoramos de este lugar y lo recomendamos encarecidamente.<\/p>\n    <div class=\"niceButton\"><a href=\"https:\/\/www.booking.com\/hotel\/fr\/48degnord.fr.html?aid=1286053\" target=\"_blank\" class=\"emojiLink\">\n                    <span class=\"emojiLink__emoji\">\u2764\ufe0f<\/span>\n                <span class=\"emojiLink__title title title--big\">Ver disponibilidad<\/span>\n    <\/a><\/div>\n\n    \n<img decoding=\"async\" class=\"alignnone size-full wp-image-20361\" src=\"https:\/\/decouvrirensemble.com\/wp-content\/uploads\/2019\/05\/hotel-48-nord.jpg\" alt=\"hotel 48 nord\" width=\"1800\" height=\"1200\" srcset=\"https:\/\/decouvrirensemble.com\/wp-content\/uploads\/2019\/05\/hotel-48-nord.jpg 1800w, https:\/\/decouvrirensemble.com\/wp-content\/uploads\/2019\/05\/hotel-48-nord-300x200.jpg 300w, https:\/\/decouvrirensemble.com\/wp-content\/uploads\/2019\/05\/hotel-48-nord-1024x683.jpg 1024w, https:\/\/decouvrirensemble.com\/wp-content\/uploads\/2019\/05\/hotel-48-nord-768x512.jpg 768w, https:\/\/decouvrirensemble.com\/wp-content\/uploads\/2019\/05\/hotel-48-nord-1536x1024.jpg 1536w\" sizes=\"(max-width: 1800px) 100vw, 1800px\" \/>\n<img decoding=\"async\" class=\"alignnone size-full wp-image-20360\" src=\"https:\/\/decouvrirensemble.com\/wp-content\/uploads\/2019\/05\/hotel-48-nord-colmar.jpg\" alt=\"hotel 48 nord\" width=\"1800\" height=\"1200\" srcset=\"https:\/\/decouvrirensemble.com\/wp-content\/uploads\/2019\/05\/hotel-48-nord-colmar.jpg 1800w, https:\/\/decouvrirensemble.com\/wp-content\/uploads\/2019\/05\/hotel-48-nord-colmar-300x200.jpg 300w, https:\/\/decouvrirensemble.com\/wp-content\/uploads\/2019\/05\/hotel-48-nord-colmar-1024x683.jpg 1024w, https:\/\/decouvrirensemble.com\/wp-content\/uploads\/2019\/05\/hotel-48-nord-colmar-768x512.jpg 768w, https:\/\/decouvrirensemble.com\/wp-content\/uploads\/2019\/05\/hotel-48-nord-colmar-1536x1024.jpg 1536w\" sizes=\"(max-width: 1800px) 100vw, 1800px\" \/>\n<h2 id=\"manger\"><span class=\"ez-toc-section\" id=\"%C2%BFDonde_comer_en_Colmar\"><\/span>\u00bfD\u00f3nde comer en Colmar?<span class=\"ez-toc-section-end\"><\/span><\/h2>\n<h3><span class=\"ez-toc-section\" id=\"Restaurante_Colmar_Fleur_de_Sel\"><\/span>Restaurante Colmar, Fleur de Sel<span class=\"ez-toc-section-end\"><\/span><\/h3>\n<p>Alex encontr\u00f3 este peque\u00f1o restaurante de Colmar por casualidad. Est\u00e1 situado en el coraz\u00f3n del barrio de la Petite Venise. Este peque\u00f1o restaurante de Colmar ofrece recetas tradicionales alsacianas, cocinadas con productos locales y servidas con una sonrisa.<\/p>\n<p>Nos gust\u00f3 especialmente la Tarte Flamb\u00e9e con queso Munster y el Bibalakase con patatas fritas. (S\u00ed, intentamos ser locales&#8230;). Sin duda, \u00a1vaya a comer al restaurante <a href=\"https:\/\/maps.app.goo.gl\/LsuUwMnPnDeRLdn57\" rel=\"noopener\">Fleur de Sel de Colmar<\/a>!<\/p>\n<img decoding=\"async\" class=\"alignnone size-full wp-image-20366\" src=\"https:\/\/decouvrirensemble.com\/wp-content\/uploads\/2019\/05\/restaurant-colmar.jpg\" alt=\"restaurant colmar\" width=\"1800\" height=\"1200\" srcset=\"https:\/\/decouvrirensemble.com\/wp-content\/uploads\/2019\/05\/restaurant-colmar.jpg 1800w, https:\/\/decouvrirensemble.com\/wp-content\/uploads\/2019\/05\/restaurant-colmar-300x200.jpg 300w, https:\/\/decouvrirensemble.com\/wp-content\/uploads\/2019\/05\/restaurant-colmar-1024x683.jpg 1024w, https:\/\/decouvrirensemble.com\/wp-content\/uploads\/2019\/05\/restaurant-colmar-768x512.jpg 768w, https:\/\/decouvrirensemble.com\/wp-content\/uploads\/2019\/05\/restaurant-colmar-1536x1024.jpg 1536w\" sizes=\"(max-width: 1800px) 100vw, 1800px\" \/>\n<h3><span class=\"ez-toc-section\" id=\"Restaurante_a_40_minutos_de_Colmar_48%C2%B0_Nord\"><\/span>Restaurante a 40 minutos de Colmar, 48\u00b0 Nord<span class=\"ez-toc-section-end\"><\/span><\/h3>\n<p>Como ya hemos mencionado anteriormente en este art\u00edculo, le recomendamos encarecidamente que venga a descubrir la cocina del hotel 48\u00b0 Nord. Si se aloja en el centro de la ciudad, o simplemente vive en la zona, puede descubrir el restaurante del hotel sin alojarse en \u00e9l.<\/p>\n<p>Es una gran oportunidad para descubrir este excelente <a href=\"https:\/\/maps.app.goo.gl\/7mvo9U9hrpSoZtdz9\" rel=\"noopener\">restaurante<\/a>, a s\u00f3lo 40 minutos en coche de Colmar. Este restaurante gastron\u00f3mico ofrece comidas de 4 o 6 platos. Disfrutamos de la comida de principio a fin, con productos 100% locales. Nos sorprendi\u00f3 gratamente la presentaci\u00f3n de todos los platos, \u00a1una aut\u00e9ntica delicia! Adem\u00e1s, el personal es adorable, as\u00ed que se lo pasar\u00e1 en grande.<\/p>\n<img decoding=\"async\" class=\"alignnone size-full wp-image-20365\" src=\"https:\/\/decouvrirensemble.com\/wp-content\/uploads\/2019\/05\/restaurant-colmar-48-nord.jpg\" alt=\"restaurant colmar\" width=\"1800\" height=\"1200\" srcset=\"https:\/\/decouvrirensemble.com\/wp-content\/uploads\/2019\/05\/restaurant-colmar-48-nord.jpg 1800w, https:\/\/decouvrirensemble.com\/wp-content\/uploads\/2019\/05\/restaurant-colmar-48-nord-300x200.jpg 300w, https:\/\/decouvrirensemble.com\/wp-content\/uploads\/2019\/05\/restaurant-colmar-48-nord-1024x683.jpg 1024w, https:\/\/decouvrirensemble.com\/wp-content\/uploads\/2019\/05\/restaurant-colmar-48-nord-768x512.jpg 768w, https:\/\/decouvrirensemble.com\/wp-content\/uploads\/2019\/05\/restaurant-colmar-48-nord-1536x1024.jpg 1536w\" sizes=\"(max-width: 1800px) 100vw, 1800px\" \/>\n<h2><span class=\"ez-toc-section\" id=\"De_visita_en_Colmar_%C2%BFcuales_son_las_especialidades_de_Alsacia\"><\/span>De visita en Colmar: \u00bfcu\u00e1les son las especialidades de Alsacia?<span class=\"ez-toc-section-end\"><\/span><\/h2>\n<p>Si, como a nosotros, le encanta degustar la gastronom\u00eda local, \u00a1esta secci\u00f3n es para usted! No puede visitar Colmar sin probar:<\/p>\n<ul>\n<li>Pretzels: dulces o salados, los encontrar\u00e1 en casi todas las tiendas del centro de la ciudad. Los mejores pretzels de Estrasburgo se encuentran en \u00abAu pain de mon grand-p\u00e8re\u00bb.<\/li>\n<li>Chucrut: encontrar\u00e1 chucrut alsaciano en todos los restaurantes tradicionales. El m\u00e1s sabroso se encuentra en el restaurante \u00abChez Yvonne\u00bb de Estrasburgo.<\/li>\n<li>Tarte Flamb\u00e9e o \u00abFlammekueche\u00bb: estamos acostumbrados a comerlas en casi todas partes, pero las que se prueban en Colmar y Estrasburgo no est\u00e1n al mismo nivel. Nos encant\u00f3 la que comimos en Colmar, en el restaurante \u00abFleur de Sel\u00bb.<\/li>\n<\/ul>\n<img decoding=\"async\" class=\"alignnone wp-image-20364 size-full\" src=\"https:\/\/decouvrirensemble.com\/wp-content\/uploads\/2019\/05\/visiter-colmar-blog.jpg\" alt=\"visiter colmar\" width=\"1800\" height=\"1200\" srcset=\"https:\/\/decouvrirensemble.com\/wp-content\/uploads\/2019\/05\/visiter-colmar-blog.jpg 1800w, https:\/\/decouvrirensemble.com\/wp-content\/uploads\/2019\/05\/visiter-colmar-blog-300x200.jpg 300w, https:\/\/decouvrirensemble.com\/wp-content\/uploads\/2019\/05\/visiter-colmar-blog-1024x683.jpg 1024w, https:\/\/decouvrirensemble.com\/wp-content\/uploads\/2019\/05\/visiter-colmar-blog-768x512.jpg 768w, https:\/\/decouvrirensemble.com\/wp-content\/uploads\/2019\/05\/visiter-colmar-blog-1536x1024.jpg 1536w\" sizes=\"(max-width: 1800px) 100vw, 1800px\" \/>\n<h2><span class=\"ez-toc-section\" id=\"Visitar_Colmar_en_Navidad\"><\/span>Visitar Colmar en Navidad<span class=\"ez-toc-section-end\"><\/span><\/h2>\n<p>La ciudad ya es magn\u00edfica el resto del a\u00f1o, pero es realmente en Navidad cuando revela todo su potencial. La ciudad se viste de luces con motivo de sus 6 mercados navide\u00f1os. Los escaparates de los comercios se transforman por completo, con guirnaldas de luces que trazan un recorrido m\u00e1gico por la ciudad.<\/p>\n<p>Es la ocasi\u00f3n de visitar Colmar en un ambiente incre\u00edble y contagiarse del esp\u00edritu navide\u00f1o.<\/p>\n<img decoding=\"async\" class=\"wp-image-11449 size-full alignnone\" src=\"https:\/\/decouvrirensemble.com\/wp-content\/uploads\/2019\/05\/visiter-colmar-week-end-marche-de-noel-colmar.jpg\" alt=\"marche de noel colmar\" width=\"1800\" height=\"783\" srcset=\"https:\/\/decouvrirensemble.com\/wp-content\/uploads\/2019\/05\/visiter-colmar-week-end-marche-de-noel-colmar.jpg 1800w, https:\/\/decouvrirensemble.com\/wp-content\/uploads\/2019\/05\/visiter-colmar-week-end-marche-de-noel-colmar-300x131.jpg 300w, https:\/\/decouvrirensemble.com\/wp-content\/uploads\/2019\/05\/visiter-colmar-week-end-marche-de-noel-colmar-768x334.jpg 768w, https:\/\/decouvrirensemble.com\/wp-content\/uploads\/2019\/05\/visiter-colmar-week-end-marche-de-noel-colmar-1024x445.jpg 1024w\" sizes=\"(max-width: 1800px) 100vw, 1800px\" \/>\n<h2><span class=\"ez-toc-section\" id=\"%C2%A1Visite_Colmar_sin_olvidar_Estrasburgo\"><\/span>\u00a1Visite Colmar sin olvidar Estrasburgo!<span class=\"ez-toc-section-end\"><\/span><\/h2>\n<p>La bella ciudad de Estrasburgo est\u00e1 a s\u00f3lo 30 minutos en tren de Colmar. As\u00ed que es imposible no <a href=\"https:\/\/decouvrirensemble.com\/es\/que-ver-en-estrasburgo\" rel=\"noopener noreferrer\">visitar Estrasburgo<\/a> durante su estancia en Colmar.<\/p>\n<p>Nosotros visitamos Estrasburgo y Colmar en el mismo viaje. Estrasburgo es mucho m\u00e1s grande y podr\u00e1s descubrir su incre\u00edble catedral, sus casas con entramado de madera, sus puentes y sus calles adoquinadas. Descubra todos nuestros consejos (hoteles, restaurantes, barrios imprescindibles) para pasarlo en grande en nuestro art\u00edculo dedicado a Estrasburgo.<\/p>\n<p>[estrasburgo]<\/p>\n<img decoding=\"async\" class=\"size-full wp-image-11467 alignnone\" src=\"https:\/\/decouvrirensemble.com\/wp-content\/uploads\/2019\/05\/visiter-strasbourg-week-end-hotel-restaurant.jpg\" alt=\"visiter strasbourg\" width=\"1800\" height=\"783\" srcset=\"https:\/\/decouvrirensemble.com\/wp-content\/uploads\/2019\/05\/visiter-strasbourg-week-end-hotel-restaurant.jpg 1800w, https:\/\/decouvrirensemble.com\/wp-content\/uploads\/2019\/05\/visiter-strasbourg-week-end-hotel-restaurant-300x131.jpg 300w, https:\/\/decouvrirensemble.com\/wp-content\/uploads\/2019\/05\/visiter-strasbourg-week-end-hotel-restaurant-768x334.jpg 768w, https:\/\/decouvrirensemble.com\/wp-content\/uploads\/2019\/05\/visiter-strasbourg-week-end-hotel-restaurant-1024x445.jpg 1024w\" sizes=\"(max-width: 1800px) 100vw, 1800px\" \/>\n<p>[gracias]<\/p>\n\n\n<div class=\"kk-star-ratings kksr-auto kksr-align-left kksr-valign-bottom\"\n    data-payload='{&quot;align&quot;:&quot;left&quot;,&quot;id&quot;:&quot;57669&quot;,&quot;slug&quot;:&quot;default&quot;,&quot;valign&quot;:&quot;bottom&quot;,&quot;ignore&quot;:&quot;&quot;,&quot;reference&quot;:&quot;auto&quot;,&quot;class&quot;:&quot;&quot;,&quot;count&quot;:&quot;56&quot;,&quot;legendonly&quot;:&quot;&quot;,&quot;readonly&quot;:&quot;&quot;,&quot;score&quot;:&quot;4.9&quot;,&quot;starsonly&quot;:&quot;&quot;,&quot;best&quot;:&quot;5&quot;,&quot;gap&quot;:&quot;4&quot;,&quot;greet&quot;:&quot;Sea el primero en valorar esta entrada de blog.&quot;,&quot;legend&quot;:&quot;4.9\\\/5 - (56 votos)&quot;,&quot;size&quot;:&quot;21&quot;,&quot;title&quot;:&quot;Qu\u00e9 ver en Colmar: Los mejores lugares&quot;,&quot;width&quot;:&quot;120.5&quot;,&quot;_legend&quot;:&quot;{score}\\\/{best} - ({count} {votes})&quot;,&quot;font_factor&quot;:&quot;1.25&quot;}'>\n            \n<div class=\"kksr-stars\">\n    \n<div class=\"kksr-stars-inactive\">\n            <div class=\"kksr-star\" data-star=\"1\" style=\"padding-right: 4px\">\n            \n\n<div class=\"kksr-icon\" style=\"width: 21px; height: 21px;\"><\/div>\n        <\/div>\n            <div class=\"kksr-star\" data-star=\"2\" style=\"padding-right: 4px\">\n            \n\n<div class=\"kksr-icon\" style=\"width: 21px; height: 21px;\"><\/div>\n        <\/div>\n            <div class=\"kksr-star\" data-star=\"3\" style=\"padding-right: 4px\">\n            \n\n<div class=\"kksr-icon\" style=\"width: 21px; height: 21px;\"><\/div>\n        <\/div>\n            <div class=\"kksr-star\" data-star=\"4\" style=\"padding-right: 4px\">\n            \n\n<div class=\"kksr-icon\" style=\"width: 21px; height: 21px;\"><\/div>\n        <\/div>\n            <div class=\"kksr-star\" data-star=\"5\" style=\"padding-right: 4px\">\n            \n\n<div class=\"kksr-icon\" style=\"width: 21px; height: 21px;\"><\/div>\n        <\/div>\n    <\/div>\n    \n<div class=\"kksr-stars-active\" style=\"width: 120.5px;\">\n            <div class=\"kksr-star\" style=\"padding-right: 4px\">\n            \n\n<div class=\"kksr-icon\" style=\"width: 21px; height: 21px;\"><\/div>\n        <\/div>\n            <div class=\"kksr-star\" style=\"padding-right: 4px\">\n            \n\n<div class=\"kksr-icon\" style=\"width: 21px; height: 21px;\"><\/div>\n        <\/div>\n            <div class=\"kksr-star\" style=\"padding-right: 4px\">\n            \n\n<div class=\"kksr-icon\" style=\"width: 21px; height: 21px;\"><\/div>\n        <\/div>\n            <div class=\"kksr-star\" style=\"padding-right: 4px\">\n            \n\n<div class=\"kksr-icon\" style=\"width: 21px; height: 21px;\"><\/div>\n        <\/div>\n            <div class=\"kksr-star\" style=\"padding-right: 4px\">\n            \n\n<div class=\"kksr-icon\" style=\"width: 21px; height: 21px;\"><\/div>\n        <\/div>\n    <\/div>\n<\/div>\n                \n\n<div class=\"kksr-legend\" style=\"font-size: 16.8px;\">\n            4.9\/5 - (56 votos)    <\/div>\n    <\/div>\n","protected":false},"excerpt":{"rendered":"<p>Llev\u00e1bamos mucho tiempo queriendo visitar Colmar, en Alsacia, durante un fin de semana, \u00a1y ya lo hemos conseguido! Si a usted tambi\u00e9n le apetece cambiar de aires durante un fin de semana o m\u00e1s y visitar una ciudad en la que oir\u00e1 tanto franc\u00e9s como alem\u00e1n, Colmar es su ciudad.<\/p>\n","protected":false},"author":1,"featured_media":48134,"comment_status":"open","ping_status":"closed","sticky":false,"template":"","format":"standard","meta":{"_acf_changed":false,"_lmt_disableupdate":"no","_lmt_disable":"no","footnotes":""},"categories":[502,462],"tags":[],"class_list":["post-57669","post","type-post","status-publish","format-standard","has-post-thumbnail","hentry","category-francia","category-guias-de-viajes"],"acf":[],"yoast_head":"<!-- This site is optimized with the Yoast SEO plugin v27.4 - https:\/\/yoast.com\/product\/yoast-seo-wordpress\/ -->\n<title>Qu\u00e9 ver en Colmar: Los mejores lugares<\/title>\n<meta name=\"description\" content=\"\u00bfQuiere visitar Colmar durante el fin de semana y busca alg\u00fan consejo? Descubre qu\u00e9 ver en Colmar en nuestro blog de viajes.\" \/>\n<meta name=\"robots\" content=\"index, follow, max-snippet:-1, max-image-preview:large, max-video-preview:-1\" \/>\n<link rel=\"canonical\" href=\"https:\/\/decouvrirensemble.com\/es\/que-ver-en-colmar\" \/>\n<meta property=\"og:locale\" content=\"es_ES\" \/>\n<meta property=\"og:type\" content=\"article\" \/>\n<meta property=\"og:title\" content=\"Qu\u00e9 ver en Colmar: Los mejores lugares\" \/>\n<meta property=\"og:description\" content=\"\u00bfQuiere visitar Colmar durante el fin de semana y busca alg\u00fan consejo? Descubre qu\u00e9 ver en Colmar en nuestro blog de viajes.\" \/>\n<meta property=\"og:url\" content=\"https:\/\/decouvrirensemble.com\/es\/que-ver-en-colmar\" \/>\n<meta property=\"og:site_name\" content=\"Blog Voyage - D\u00e9couvrir Ensemble\" \/>\n<meta property=\"article:published_time\" content=\"2019-05-19T20:01:16+00:00\" \/>\n<meta property=\"article:modified_time\" content=\"2026-01-06T15:15:37+00:00\" \/>\n<meta property=\"og:image\" content=\"https:\/\/decouvrirensemble.com\/wp-content\/uploads\/2019\/05\/colmar-blog-voyage.jpg\" \/>\n\t<meta property=\"og:image:width\" content=\"1800\" \/>\n\t<meta property=\"og:image:height\" content=\"1350\" \/>\n\t<meta property=\"og:image:type\" content=\"image\/jpeg\" \/>\n<meta name=\"author\" content=\"Cl\u00e9mence &amp; Alexandre\" \/>\n<meta name=\"twitter:card\" content=\"summary_large_image\" \/>\n<meta name=\"twitter:creator\" content=\"@dcouvrirensmble\" \/>\n<meta name=\"twitter:site\" content=\"@dcouvrirensmble\" \/>\n<meta name=\"twitter:label1\" content=\"Escrito por\" \/>\n\t<meta name=\"twitter:data1\" content=\"Cl\u00e9mence &amp; Alexandre\" \/>\n\t<meta name=\"twitter:label2\" content=\"Tiempo de lectura\" \/>\n\t<meta name=\"twitter:data2\" content=\"10 minutos\" \/>\n<script type=\"application\/ld+json\" class=\"yoast-schema-graph\">{\"@context\":\"https:\\\/\\\/schema.org\",\"@graph\":[{\"@type\":\"Article\",\"@id\":\"https:\\\/\\\/decouvrirensemble.com\\\/es\\\/que-ver-en-colmar#article\",\"isPartOf\":{\"@id\":\"https:\\\/\\\/decouvrirensemble.com\\\/es\\\/que-ver-en-colmar\"},\"author\":{\"name\":\"Cl\u00e9mence &amp; Alexandre\",\"@id\":\"https:\\\/\\\/decouvrirensemble.com\\\/es#\\\/schema\\\/person\\\/a53efd44d02eb7f9ab90f96e84a9d2ba\"},\"headline\":\"Qu\u00e9 ver en Colmar: Los mejores lugares\",\"datePublished\":\"2019-05-19T20:01:16+00:00\",\"dateModified\":\"2026-01-06T15:15:37+00:00\",\"mainEntityOfPage\":{\"@id\":\"https:\\\/\\\/decouvrirensemble.com\\\/es\\\/que-ver-en-colmar\"},\"wordCount\":1316,\"commentCount\":0,\"publisher\":{\"@id\":\"https:\\\/\\\/decouvrirensemble.com\\\/es#\\\/schema\\\/person\\\/a53efd44d02eb7f9ab90f96e84a9d2ba\"},\"image\":{\"@id\":\"https:\\\/\\\/decouvrirensemble.com\\\/es\\\/que-ver-en-colmar#primaryimage\"},\"thumbnailUrl\":\"https:\\\/\\\/decouvrirensemble.com\\\/wp-content\\\/uploads\\\/2019\\\/05\\\/colmar-blog-voyage.jpg\",\"articleSection\":[\"Francia\",\"Gu\u00edas de viajes\"],\"inLanguage\":\"es\",\"potentialAction\":[{\"@type\":\"CommentAction\",\"name\":\"Comment\",\"target\":[\"https:\\\/\\\/decouvrirensemble.com\\\/es\\\/que-ver-en-colmar#respond\"]}]},{\"@type\":\"WebPage\",\"@id\":\"https:\\\/\\\/decouvrirensemble.com\\\/es\\\/que-ver-en-colmar\",\"url\":\"https:\\\/\\\/decouvrirensemble.com\\\/es\\\/que-ver-en-colmar\",\"name\":\"Qu\u00e9 ver en Colmar: Los mejores lugares\",\"isPartOf\":{\"@id\":\"https:\\\/\\\/decouvrirensemble.com\\\/es#website\"},\"primaryImageOfPage\":{\"@id\":\"https:\\\/\\\/decouvrirensemble.com\\\/es\\\/que-ver-en-colmar#primaryimage\"},\"image\":{\"@id\":\"https:\\\/\\\/decouvrirensemble.com\\\/es\\\/que-ver-en-colmar#primaryimage\"},\"thumbnailUrl\":\"https:\\\/\\\/decouvrirensemble.com\\\/wp-content\\\/uploads\\\/2019\\\/05\\\/colmar-blog-voyage.jpg\",\"datePublished\":\"2019-05-19T20:01:16+00:00\",\"dateModified\":\"2026-01-06T15:15:37+00:00\",\"description\":\"\u00bfQuiere visitar Colmar durante el fin de semana y busca alg\u00fan consejo? Descubre qu\u00e9 ver en Colmar en nuestro blog de viajes.\",\"breadcrumb\":{\"@id\":\"https:\\\/\\\/decouvrirensemble.com\\\/es\\\/que-ver-en-colmar#breadcrumb\"},\"inLanguage\":\"es\",\"potentialAction\":[{\"@type\":\"ReadAction\",\"target\":[\"https:\\\/\\\/decouvrirensemble.com\\\/es\\\/que-ver-en-colmar\"]}]},{\"@type\":\"ImageObject\",\"inLanguage\":\"es\",\"@id\":\"https:\\\/\\\/decouvrirensemble.com\\\/es\\\/que-ver-en-colmar#primaryimage\",\"url\":\"https:\\\/\\\/decouvrirensemble.com\\\/wp-content\\\/uploads\\\/2019\\\/05\\\/colmar-blog-voyage.jpg\",\"contentUrl\":\"https:\\\/\\\/decouvrirensemble.com\\\/wp-content\\\/uploads\\\/2019\\\/05\\\/colmar-blog-voyage.jpg\",\"width\":1800,\"height\":1350,\"caption\":\"colmar blog voyage\"},{\"@type\":\"BreadcrumbList\",\"@id\":\"https:\\\/\\\/decouvrirensemble.com\\\/es\\\/que-ver-en-colmar#breadcrumb\",\"itemListElement\":[{\"@type\":\"ListItem\",\"position\":1,\"name\":\"Accueil\",\"item\":\"https:\\\/\\\/decouvrirensemble.com\\\/es\"},{\"@type\":\"ListItem\",\"position\":2,\"name\":\"Destinos\",\"item\":\"https:\\\/\\\/decouvrirensemble.com\\\/es\\\/destinos\"},{\"@type\":\"ListItem\",\"position\":3,\"name\":\"Francia\",\"item\":\"https:\\\/\\\/decouvrirensemble.com\\\/es\\\/destinos\\\/francia\"},{\"@type\":\"ListItem\",\"position\":4,\"name\":\"Qu\u00e9 ver en Colmar: Los mejores lugares\"}]},{\"@type\":\"WebSite\",\"@id\":\"https:\\\/\\\/decouvrirensemble.com\\\/es#website\",\"url\":\"https:\\\/\\\/decouvrirensemble.com\\\/es\",\"name\":\"Blog Voyage - D\u00e9couvrir Ensemble\",\"description\":\"Le Blog Voyage de Clem et Alex\",\"publisher\":{\"@id\":\"https:\\\/\\\/decouvrirensemble.com\\\/es#\\\/schema\\\/person\\\/a53efd44d02eb7f9ab90f96e84a9d2ba\"},\"potentialAction\":[{\"@type\":\"SearchAction\",\"target\":{\"@type\":\"EntryPoint\",\"urlTemplate\":\"https:\\\/\\\/decouvrirensemble.com\\\/es?s={search_term_string}\"},\"query-input\":{\"@type\":\"PropertyValueSpecification\",\"valueRequired\":true,\"valueName\":\"search_term_string\"}}],\"inLanguage\":\"es\"},{\"@type\":[\"Person\",\"Organization\"],\"@id\":\"https:\\\/\\\/decouvrirensemble.com\\\/es#\\\/schema\\\/person\\\/a53efd44d02eb7f9ab90f96e84a9d2ba\",\"name\":\"Cl\u00e9mence &amp; Alexandre\",\"image\":{\"@type\":\"ImageObject\",\"inLanguage\":\"es\",\"@id\":\"https:\\\/\\\/decouvrirensemble.com\\\/wp-content\\\/uploads\\\/2024\\\/04\\\/logo-decouvrir-ensemble-blog-voyage.jpg\",\"url\":\"https:\\\/\\\/decouvrirensemble.com\\\/wp-content\\\/uploads\\\/2024\\\/04\\\/logo-decouvrir-ensemble-blog-voyage.jpg\",\"contentUrl\":\"https:\\\/\\\/decouvrirensemble.com\\\/wp-content\\\/uploads\\\/2024\\\/04\\\/logo-decouvrir-ensemble-blog-voyage.jpg\",\"width\":1563,\"height\":529,\"caption\":\"Cl\u00e9mence &amp; Alexandre\"},\"logo\":{\"@id\":\"https:\\\/\\\/decouvrirensemble.com\\\/wp-content\\\/uploads\\\/2024\\\/04\\\/logo-decouvrir-ensemble-blog-voyage.jpg\"},\"sameAs\":[\"https:\\\/\\\/decouvrirensemble.com\\\/\"]}]}<\/script>\n<!-- \/ Yoast SEO plugin. -->","yoast_head_json":{"title":"Qu\u00e9 ver en Colmar: Los mejores lugares","description":"\u00bfQuiere visitar Colmar durante el fin de semana y busca alg\u00fan consejo? Descubre qu\u00e9 ver en Colmar en nuestro blog de viajes.","robots":{"index":"index","follow":"follow","max-snippet":"max-snippet:-1","max-image-preview":"max-image-preview:large","max-video-preview":"max-video-preview:-1"},"canonical":"https:\/\/decouvrirensemble.com\/es\/que-ver-en-colmar","og_locale":"es_ES","og_type":"article","og_title":"Qu\u00e9 ver en Colmar: Los mejores lugares","og_description":"\u00bfQuiere visitar Colmar durante el fin de semana y busca alg\u00fan consejo? Descubre qu\u00e9 ver en Colmar en nuestro blog de viajes.","og_url":"https:\/\/decouvrirensemble.com\/es\/que-ver-en-colmar","og_site_name":"Blog Voyage - D\u00e9couvrir Ensemble","article_published_time":"2019-05-19T20:01:16+00:00","article_modified_time":"2026-01-06T15:15:37+00:00","og_image":[{"width":1800,"height":1350,"url":"https:\/\/decouvrirensemble.com\/wp-content\/uploads\/2019\/05\/colmar-blog-voyage.jpg","type":"image\/jpeg"}],"author":"Cl\u00e9mence &amp; Alexandre","twitter_card":"summary_large_image","twitter_creator":"@dcouvrirensmble","twitter_site":"@dcouvrirensmble","twitter_misc":{"Escrito por":"Cl\u00e9mence &amp; Alexandre","Tiempo de lectura":"10 minutos"},"schema":{"@context":"https:\/\/schema.org","@graph":[{"@type":"Article","@id":"https:\/\/decouvrirensemble.com\/es\/que-ver-en-colmar#article","isPartOf":{"@id":"https:\/\/decouvrirensemble.com\/es\/que-ver-en-colmar"},"author":{"name":"Cl\u00e9mence &amp; Alexandre","@id":"https:\/\/decouvrirensemble.com\/es#\/schema\/person\/a53efd44d02eb7f9ab90f96e84a9d2ba"},"headline":"Qu\u00e9 ver en Colmar: Los mejores lugares","datePublished":"2019-05-19T20:01:16+00:00","dateModified":"2026-01-06T15:15:37+00:00","mainEntityOfPage":{"@id":"https:\/\/decouvrirensemble.com\/es\/que-ver-en-colmar"},"wordCount":1316,"commentCount":0,"publisher":{"@id":"https:\/\/decouvrirensemble.com\/es#\/schema\/person\/a53efd44d02eb7f9ab90f96e84a9d2ba"},"image":{"@id":"https:\/\/decouvrirensemble.com\/es\/que-ver-en-colmar#primaryimage"},"thumbnailUrl":"https:\/\/decouvrirensemble.com\/wp-content\/uploads\/2019\/05\/colmar-blog-voyage.jpg","articleSection":["Francia","Gu\u00edas de viajes"],"inLanguage":"es","potentialAction":[{"@type":"CommentAction","name":"Comment","target":["https:\/\/decouvrirensemble.com\/es\/que-ver-en-colmar#respond"]}]},{"@type":"WebPage","@id":"https:\/\/decouvrirensemble.com\/es\/que-ver-en-colmar","url":"https:\/\/decouvrirensemble.com\/es\/que-ver-en-colmar","name":"Qu\u00e9 ver en Colmar: Los mejores lugares","isPartOf":{"@id":"https:\/\/decouvrirensemble.com\/es#website"},"primaryImageOfPage":{"@id":"https:\/\/decouvrirensemble.com\/es\/que-ver-en-colmar#primaryimage"},"image":{"@id":"https:\/\/decouvrirensemble.com\/es\/que-ver-en-colmar#primaryimage"},"thumbnailUrl":"https:\/\/decouvrirensemble.com\/wp-content\/uploads\/2019\/05\/colmar-blog-voyage.jpg","datePublished":"2019-05-19T20:01:16+00:00","dateModified":"2026-01-06T15:15:37+00:00","description":"\u00bfQuiere visitar Colmar durante el fin de semana y busca alg\u00fan consejo? Descubre qu\u00e9 ver en Colmar en nuestro blog de viajes.","breadcrumb":{"@id":"https:\/\/decouvrirensemble.com\/es\/que-ver-en-colmar#breadcrumb"},"inLanguage":"es","potentialAction":[{"@type":"ReadAction","target":["https:\/\/decouvrirensemble.com\/es\/que-ver-en-colmar"]}]},{"@type":"ImageObject","inLanguage":"es","@id":"https:\/\/decouvrirensemble.com\/es\/que-ver-en-colmar#primaryimage","url":"https:\/\/decouvrirensemble.com\/wp-content\/uploads\/2019\/05\/colmar-blog-voyage.jpg","contentUrl":"https:\/\/decouvrirensemble.com\/wp-content\/uploads\/2019\/05\/colmar-blog-voyage.jpg","width":1800,"height":1350,"caption":"colmar blog voyage"},{"@type":"BreadcrumbList","@id":"https:\/\/decouvrirensemble.com\/es\/que-ver-en-colmar#breadcrumb","itemListElement":[{"@type":"ListItem","position":1,"name":"Accueil","item":"https:\/\/decouvrirensemble.com\/es"},{"@type":"ListItem","position":2,"name":"Destinos","item":"https:\/\/decouvrirensemble.com\/es\/destinos"},{"@type":"ListItem","position":3,"name":"Francia","item":"https:\/\/decouvrirensemble.com\/es\/destinos\/francia"},{"@type":"ListItem","position":4,"name":"Qu\u00e9 ver en Colmar: Los mejores lugares"}]},{"@type":"WebSite","@id":"https:\/\/decouvrirensemble.com\/es#website","url":"https:\/\/decouvrirensemble.com\/es","name":"Blog Voyage - D\u00e9couvrir Ensemble","description":"Le Blog Voyage de Clem et Alex","publisher":{"@id":"https:\/\/decouvrirensemble.com\/es#\/schema\/person\/a53efd44d02eb7f9ab90f96e84a9d2ba"},"potentialAction":[{"@type":"SearchAction","target":{"@type":"EntryPoint","urlTemplate":"https:\/\/decouvrirensemble.com\/es?s={search_term_string}"},"query-input":{"@type":"PropertyValueSpecification","valueRequired":true,"valueName":"search_term_string"}}],"inLanguage":"es"},{"@type":["Person","Organization"],"@id":"https:\/\/decouvrirensemble.com\/es#\/schema\/person\/a53efd44d02eb7f9ab90f96e84a9d2ba","name":"Cl\u00e9mence &amp; Alexandre","image":{"@type":"ImageObject","inLanguage":"es","@id":"https:\/\/decouvrirensemble.com\/wp-content\/uploads\/2024\/04\/logo-decouvrir-ensemble-blog-voyage.jpg","url":"https:\/\/decouvrirensemble.com\/wp-content\/uploads\/2024\/04\/logo-decouvrir-ensemble-blog-voyage.jpg","contentUrl":"https:\/\/decouvrirensemble.com\/wp-content\/uploads\/2024\/04\/logo-decouvrir-ensemble-blog-voyage.jpg","width":1563,"height":529,"caption":"Cl\u00e9mence &amp; Alexandre"},"logo":{"@id":"https:\/\/decouvrirensemble.com\/wp-content\/uploads\/2024\/04\/logo-decouvrir-ensemble-blog-voyage.jpg"},"sameAs":["https:\/\/decouvrirensemble.com\/"]}]}},"modified_by":"Cl\u00e9mence &amp; Alexandre","_links":{"self":[{"href":"https:\/\/decouvrirensemble.com\/es\/wp-json\/wp\/v2\/posts\/57669","targetHints":{"allow":["GET"]}}],"collection":[{"href":"https:\/\/decouvrirensemble.com\/es\/wp-json\/wp\/v2\/posts"}],"about":[{"href":"https:\/\/decouvrirensemble.com\/es\/wp-json\/wp\/v2\/types\/post"}],"author":[{"embeddable":true,"href":"https:\/\/decouvrirensemble.com\/es\/wp-json\/wp\/v2\/users\/1"}],"replies":[{"embeddable":true,"href":"https:\/\/decouvrirensemble.com\/es\/wp-json\/wp\/v2\/comments?post=57669"}],"version-history":[{"count":2,"href":"https:\/\/decouvrirensemble.com\/es\/wp-json\/wp\/v2\/posts\/57669\/revisions"}],"predecessor-version":[{"id":63607,"href":"https:\/\/decouvrirensemble.com\/es\/wp-json\/wp\/v2\/posts\/57669\/revisions\/63607"}],"wp:featuredmedia":[{"embeddable":true,"href":"https:\/\/decouvrirensemble.com\/es\/wp-json\/wp\/v2\/media\/48134"}],"wp:attachment":[{"href":"https:\/\/decouvrirensemble.com\/es\/wp-json\/wp\/v2\/media?parent=57669"}],"wp:term":[{"taxonomy":"category","embeddable":true,"href":"https:\/\/decouvrirensemble.com\/es\/wp-json\/wp\/v2\/categories?post=57669"},{"taxonomy":"post_tag","embeddable":true,"href":"https:\/\/decouvrirensemble.com\/es\/wp-json\/wp\/v2\/tags?post=57669"}],"curies":[{"name":"wp","href":"https:\/\/api.w.org\/{rel}","templated":true}]}}