{"id":57714,"date":"2024-09-26T13:40:15","date_gmt":"2024-09-26T11:40:15","guid":{"rendered":"https:\/\/decouvrirensemble.com\/visiter-matera-italie"},"modified":"2026-01-06T15:13:52","modified_gmt":"2026-01-06T14:13:52","slug":"que-ver-en-matera","status":"publish","type":"post","link":"https:\/\/decouvrirensemble.com\/es\/que-ver-en-matera","title":{"rendered":"Matera: \u00bfqu\u00e9 ver y hacer? Los mejores lugares"},"content":{"rendered":"<p>\u00bfLe gustar\u00eda <strong>visitar Matera, en Italia,<\/strong> y busca consejos para preparar su visita? Ha llegado al lugar adecuado. Hace poco tuvimos la oportunidad de <strong>visitar Matera<\/strong>, y hoy compartimos contigo todos nuestros consejos en nuestro <strong>blog de viajes<\/strong>. <strong>Matera<\/strong> es una de <strong>nuestras ciudades favoritas de Italia<\/strong>, \u00a1y estamos seguros de que a ti tampoco te dejar\u00e1 indiferente!<\/p>\n<p>Anta\u00f1o una de las ciudades m\u00e1s pobres, e incluso apodada \u00abla verg\u00fcenza de Italia\u00bb, <strong>Matera<\/strong> ha cambiado mucho en cincuenta a\u00f1os. Declarada <strong>Patrimonio de la Humanidad por la UNESCO en 1993<\/strong>, Matera es un destino de visita obligada.<\/p>\n<h2 id=\"faire\"><span class=\"ez-toc-section\" id=\"Que_ver_en_Matera_Nuestros_imprescindibles\"><\/span>Qu\u00e9 ver en Matera Nuestros imprescindibles<span class=\"ez-toc-section-end\"><\/span><\/h2>\n<p>Aunque la ciudad de Matera no se encuentra oficialmente en Apulia, le recomendamos encarecidamente que la visite durante su viaje a la regi\u00f3n. A s\u00f3lo 45 minutos en coche de Bari, <strong>Matera merece sin duda una visita<\/strong>. A continuaci\u00f3n enumeramos los lugares imprescindibles.<\/p>\n<h3><span class=\"ez-toc-section\" id=\"1_Los_Sassi_di_Matera\"><\/span>1. Los Sassi di Matera<span class=\"ez-toc-section-end\"><\/span><\/h3>\n<p><strong>El casco antiguo de Matera es un lugar estupendo para visitar a pie<\/strong>, aunque a veces pueda resultar bastante cuesta arriba. Cuidado con el calor si se visita en verano. <strong>La ciudad de Matera se divide en dos zonas principales<\/strong>: Sasso Caveoso y Sasso Barisano. Si se aloja en el mismo alojamiento que nosotros, le recomendamos que comience su exploraci\u00f3n en el mirador Emilio Colombo, situado justo al lado de la <a href=\"https:\/\/maps.app.goo.gl\/SYsEVj4PFf4MNRHs8\" rel=\"noopener\">iglesia del Convento de San Agostino<\/a>.<\/p>\n<p>Contin\u00fae su visita siguiendo la ruta tur\u00edstica hasta <a href=\"https:\/\/maps.app.goo.gl\/g3bnUai1Z5yXnXBL6\" rel=\"noopener\">la Piazza San Pietro C<\/a> aveoso y la iglesia Chiesa di San Pietro Caveoso. Desde aqu\u00ed, le recomendamos una visita al <a href=\"https:\/\/maps.app.goo.gl\/U8qgEtxoYjXkjEAi9\" rel=\"noopener\">Belvedere di Piazza Giovanni Pascoli<\/a>, donde podr\u00e1 disfrutar de una de las mejores vistas de <strong>los Sassi de Matera<\/strong>. Paseando por el centro de la ciudad, no se pierda la plaza y la<a href=\"https:\/\/maps.app.goo.gl\/8SS5sD4CxewmHukB6\" rel=\"noopener\">iglesia de San Francisco de As\u00eds<\/a>. Puede terminar su paseo en el <a href=\"https:\/\/maps.app.goo.gl\/ANKitcYYzKbJjgHE9\" rel=\"noopener\">mirador Luigi Guerricchio<\/a>, que tambi\u00e9n ofrece una vista impresionante de Matera.<\/p>\n<img decoding=\"async\" class=\"alignnone size-full wp-image-56698\" src=\"https:\/\/decouvrirensemble.com\/wp-content\/uploads\/2024\/09\/belvederes-matera.jpg\" alt=\"belvederes matera\" width=\"1800\" height=\"1200\" srcset=\"https:\/\/decouvrirensemble.com\/wp-content\/uploads\/2024\/09\/belvederes-matera.jpg 1800w, https:\/\/decouvrirensemble.com\/wp-content\/uploads\/2024\/09\/belvederes-matera-300x200.jpg 300w, https:\/\/decouvrirensemble.com\/wp-content\/uploads\/2024\/09\/belvederes-matera-1024x683.jpg 1024w, https:\/\/decouvrirensemble.com\/wp-content\/uploads\/2024\/09\/belvederes-matera-768x512.jpg 768w, https:\/\/decouvrirensemble.com\/wp-content\/uploads\/2024\/09\/belvederes-matera-1536x1024.jpg 1536w, https:\/\/decouvrirensemble.com\/wp-content\/uploads\/2024\/09\/belvederes-matera-600x400.jpg 600w\" sizes=\"(max-width: 1800px) 100vw, 1800px\" \/>\n<div id=\"attachment_56710\" style=\"width: 1810px\" class=\"wp-caption alignnone\"><img decoding=\"async\" aria-describedby=\"caption-attachment-56710\" class=\"wp-image-56710 size-full\" src=\"https:\/\/decouvrirensemble.com\/wp-content\/uploads\/2024\/09\/matera-italie.jpg\" alt=\"Matera Italie\" width=\"1800\" height=\"1200\" srcset=\"https:\/\/decouvrirensemble.com\/wp-content\/uploads\/2024\/09\/matera-italie.jpg 1800w, https:\/\/decouvrirensemble.com\/wp-content\/uploads\/2024\/09\/matera-italie-300x200.jpg 300w, https:\/\/decouvrirensemble.com\/wp-content\/uploads\/2024\/09\/matera-italie-1024x683.jpg 1024w, https:\/\/decouvrirensemble.com\/wp-content\/uploads\/2024\/09\/matera-italie-768x512.jpg 768w, https:\/\/decouvrirensemble.com\/wp-content\/uploads\/2024\/09\/matera-italie-1536x1024.jpg 1536w, https:\/\/decouvrirensemble.com\/wp-content\/uploads\/2024\/09\/matera-italie-600x400.jpg 600w\" sizes=\"(max-width: 1800px) 100vw, 1800px\" \/><p id=\"caption-attachment-56710\" class=\"wp-caption-text\">Plaza de San Pietro Caveoso<\/p><\/div>\n<h3><span class=\"ez-toc-section\" id=\"2_El_Belvedere_Murgia_Timone\"><\/span>2. El Belvedere Murgia Timone<span class=\"ez-toc-section-end\"><\/span><\/h3>\n<p>En nuestra opini\u00f3n, no se puede <strong>visitar Matera<\/strong> sin visitar el <a href=\"https:\/\/maps.app.goo.gl\/97KbpEahRZmfUH4i8\" rel=\"noopener\">Belvedere Murgia<\/a> Timone. Situado en las afueras de la ciudad, ofrece la mejor vista de Matera. Hay varias opciones para llegar al mirador:<\/p>\n<ul>\n<li>Opci\u00f3n 1: Se llega y se va en coche. Es la opci\u00f3n m\u00e1s f\u00e1cil, pero no tendr\u00e1s acceso a la excursi\u00f3n ni a las cuevas frente a Matera, lo cual es un poco una pena.<\/li>\n<li>Opci\u00f3n 2: Se coge un taxi y se vuelve andando a la ciudad.<\/li>\n<li>Opci\u00f3n 3: Se sube a pie hasta el mirador desde la plaza Santa Lucia alla Civita y se regresa en taxi o repitiendo el paseo en sentido contrario. Esta opci\u00f3n es preferible si est\u00e1 acostumbrado a caminar.<\/li>\n<\/ul>\n<div id=\"attachment_56695\" style=\"width: 1810px\" class=\"wp-caption alignnone\"><img decoding=\"async\" aria-describedby=\"caption-attachment-56695\" class=\"size-full wp-image-56695\" src=\"https:\/\/decouvrirensemble.com\/wp-content\/uploads\/2024\/09\/belvedere-Murgia-Timone.jpg\" alt=\"Belvedere Murgia Timone\" width=\"1800\" height=\"1200\" srcset=\"https:\/\/decouvrirensemble.com\/wp-content\/uploads\/2024\/09\/belvedere-Murgia-Timone.jpg 1800w, https:\/\/decouvrirensemble.com\/wp-content\/uploads\/2024\/09\/belvedere-Murgia-Timone-300x200.jpg 300w, https:\/\/decouvrirensemble.com\/wp-content\/uploads\/2024\/09\/belvedere-Murgia-Timone-1024x683.jpg 1024w, https:\/\/decouvrirensemble.com\/wp-content\/uploads\/2024\/09\/belvedere-Murgia-Timone-768x512.jpg 768w, https:\/\/decouvrirensemble.com\/wp-content\/uploads\/2024\/09\/belvedere-Murgia-Timone-1536x1024.jpg 1536w, https:\/\/decouvrirensemble.com\/wp-content\/uploads\/2024\/09\/belvedere-Murgia-Timone-600x400.jpg 600w\" sizes=\"(max-width: 1800px) 100vw, 1800px\" \/><p id=\"caption-attachment-56695\" class=\"wp-caption-text\">Belvedere Murgia Timone<\/p><\/div>\n<img decoding=\"async\" class=\"alignnone size-full wp-image-56692\" src=\"https:\/\/decouvrirensemble.com\/wp-content\/uploads\/2024\/09\/belvedere-Murgia-Timone-Matera.jpg\" alt=\"visiter Matera\" width=\"1800\" height=\"1200\" srcset=\"https:\/\/decouvrirensemble.com\/wp-content\/uploads\/2024\/09\/belvedere-Murgia-Timone-Matera.jpg 1800w, https:\/\/decouvrirensemble.com\/wp-content\/uploads\/2024\/09\/belvedere-Murgia-Timone-Matera-300x200.jpg 300w, https:\/\/decouvrirensemble.com\/wp-content\/uploads\/2024\/09\/belvedere-Murgia-Timone-Matera-1024x683.jpg 1024w, https:\/\/decouvrirensemble.com\/wp-content\/uploads\/2024\/09\/belvedere-Murgia-Timone-Matera-768x512.jpg 768w, https:\/\/decouvrirensemble.com\/wp-content\/uploads\/2024\/09\/belvedere-Murgia-Timone-Matera-1536x1024.jpg 1536w, https:\/\/decouvrirensemble.com\/wp-content\/uploads\/2024\/09\/belvedere-Murgia-Timone-Matera-600x400.jpg 600w\" sizes=\"(max-width: 1800px) 100vw, 1800px\" \/>\n<h3><span class=\"ez-toc-section\" id=\"3_Las_grutas_y_la_excursion_frente_a_Matera\"><\/span>3. Las grutas y la excursi\u00f3n frente a Matera<span class=\"ez-toc-section-end\"><\/span><\/h3>\n<p>En nuestra visita a Matera, elegimos la opci\u00f3n n\u00famero 2. Encontramos un taxi muy agradable que nos llev\u00f3 al mirador a primera hora de la ma\u00f1ana, para evitar el fuerte calor para la caminata. Si te interesa, puedes ponerte en contacto con nuestra taxista, No\u00e9mie, <a href=\"https:\/\/api.whatsapp.com\/message\/VRN7MTEBA5XOC1?autoload=1&amp;app_absent=0\" rel=\"noopener\">a trav\u00e9s de WhatsApp<\/a>. Esta es la opci\u00f3n que recomendamos, ya que tendr\u00e1s acceso a la excursi\u00f3n, a las cuevas y al magn\u00edfico <a href=\"https:\/\/maps.app.goo.gl\/t3fWxbCSyU12WqLX9\" rel=\"noopener\">puente tibetano<\/a>.<\/p>\n<p>Te aconsejamos que evites el calor en la medida de lo posible, y que lleves buen calzado y agua. Una vez de vuelta en la ciudad, aprovechamos para desayunar en la terraza del <a href=\"https:\/\/maps.app.goo.gl\/KqG3a2tRnGadWVX2A\" rel=\"noopener\">Caf\u00e9 Altieri<\/a>.<\/p>\n<div id=\"attachment_56701\" style=\"width: 1810px\" class=\"wp-caption alignnone\"><img decoding=\"async\" aria-describedby=\"caption-attachment-56701\" class=\"wp-image-56701 size-full\" src=\"https:\/\/decouvrirensemble.com\/wp-content\/uploads\/2024\/09\/grottes-matera-sassi.jpg\" alt=\"grottes matera\" width=\"1800\" height=\"1200\" srcset=\"https:\/\/decouvrirensemble.com\/wp-content\/uploads\/2024\/09\/grottes-matera-sassi.jpg 1800w, https:\/\/decouvrirensemble.com\/wp-content\/uploads\/2024\/09\/grottes-matera-sassi-300x200.jpg 300w, https:\/\/decouvrirensemble.com\/wp-content\/uploads\/2024\/09\/grottes-matera-sassi-1024x683.jpg 1024w, https:\/\/decouvrirensemble.com\/wp-content\/uploads\/2024\/09\/grottes-matera-sassi-768x512.jpg 768w, https:\/\/decouvrirensemble.com\/wp-content\/uploads\/2024\/09\/grottes-matera-sassi-1536x1024.jpg 1536w, https:\/\/decouvrirensemble.com\/wp-content\/uploads\/2024\/09\/grottes-matera-sassi-600x400.jpg 600w\" sizes=\"(max-width: 1800px) 100vw, 1800px\" \/><p id=\"caption-attachment-56701\" class=\"wp-caption-text\">Las grutas de Matera<\/p><\/div>\n<img decoding=\"async\" class=\"alignnone size-full wp-image-56704\" src=\"https:\/\/decouvrirensemble.com\/wp-content\/uploads\/2024\/09\/grottes-matera.jpg\" alt=\"grottes Matera\" width=\"1800\" height=\"1200\" srcset=\"https:\/\/decouvrirensemble.com\/wp-content\/uploads\/2024\/09\/grottes-matera.jpg 1800w, https:\/\/decouvrirensemble.com\/wp-content\/uploads\/2024\/09\/grottes-matera-300x200.jpg 300w, https:\/\/decouvrirensemble.com\/wp-content\/uploads\/2024\/09\/grottes-matera-1024x683.jpg 1024w, https:\/\/decouvrirensemble.com\/wp-content\/uploads\/2024\/09\/grottes-matera-768x512.jpg 768w, https:\/\/decouvrirensemble.com\/wp-content\/uploads\/2024\/09\/grottes-matera-1536x1024.jpg 1536w, https:\/\/decouvrirensemble.com\/wp-content\/uploads\/2024\/09\/grottes-matera-600x400.jpg 600w\" sizes=\"(max-width: 1800px) 100vw, 1800px\" \/>\n<div id=\"attachment_56719\" style=\"width: 1810px\" class=\"wp-caption alignnone\"><img decoding=\"async\" aria-describedby=\"caption-attachment-56719\" class=\"size-full wp-image-56719\" src=\"https:\/\/decouvrirensemble.com\/wp-content\/uploads\/2024\/09\/pont-tibetain-matera.jpg\" alt=\"pont tibetain Matera\" width=\"1800\" height=\"1200\" srcset=\"https:\/\/decouvrirensemble.com\/wp-content\/uploads\/2024\/09\/pont-tibetain-matera.jpg 1800w, https:\/\/decouvrirensemble.com\/wp-content\/uploads\/2024\/09\/pont-tibetain-matera-300x200.jpg 300w, https:\/\/decouvrirensemble.com\/wp-content\/uploads\/2024\/09\/pont-tibetain-matera-1024x683.jpg 1024w, https:\/\/decouvrirensemble.com\/wp-content\/uploads\/2024\/09\/pont-tibetain-matera-768x512.jpg 768w, https:\/\/decouvrirensemble.com\/wp-content\/uploads\/2024\/09\/pont-tibetain-matera-1536x1024.jpg 1536w, https:\/\/decouvrirensemble.com\/wp-content\/uploads\/2024\/09\/pont-tibetain-matera-600x400.jpg 600w\" sizes=\"(max-width: 1800px) 100vw, 1800px\" \/><p id=\"caption-attachment-56719\" class=\"wp-caption-text\">Puente Tibetano de la Gravina<\/p><\/div>\n<h3><span class=\"ez-toc-section\" id=\"4_Los_pueblos_imprescindibles_de_Apulia\"><\/span>4. Los pueblos imprescindibles de Apulia<span class=\"ez-toc-section-end\"><\/span><\/h3>\n<p><strong>Una visita a Matera<\/strong> es tambi\u00e9n una oportunidad para descubrir los <a href=\"https:\/\/decouvrirensemble.com\/es\/apulia-en-italia\">pueblos imprescindibles de Apulia<\/a>. Hemos elaborado una <strong>gu\u00eda completa en nuestro blog de viajes<\/strong>, que incluye nuestro itinerario y todas nuestras buenas direcciones. Te recomendamos que le eches un vistazo si quieres pasar una temporada en la regi\u00f3n.<\/p>\n<p>[pouilles]<\/p>\n<div id=\"attachment_56707\" style=\"width: 1810px\" class=\"wp-caption alignnone\"><img decoding=\"async\" aria-describedby=\"caption-attachment-56707\" class=\"size-full wp-image-56707\" src=\"https:\/\/decouvrirensemble.com\/wp-content\/uploads\/2024\/09\/les-pouilles-blog-voyage.jpg\" alt=\"les pouilles\" width=\"1800\" height=\"1200\" srcset=\"https:\/\/decouvrirensemble.com\/wp-content\/uploads\/2024\/09\/les-pouilles-blog-voyage.jpg 1800w, https:\/\/decouvrirensemble.com\/wp-content\/uploads\/2024\/09\/les-pouilles-blog-voyage-300x200.jpg 300w, https:\/\/decouvrirensemble.com\/wp-content\/uploads\/2024\/09\/les-pouilles-blog-voyage-1024x683.jpg 1024w, https:\/\/decouvrirensemble.com\/wp-content\/uploads\/2024\/09\/les-pouilles-blog-voyage-768x512.jpg 768w, https:\/\/decouvrirensemble.com\/wp-content\/uploads\/2024\/09\/les-pouilles-blog-voyage-1536x1024.jpg 1536w, https:\/\/decouvrirensemble.com\/wp-content\/uploads\/2024\/09\/les-pouilles-blog-voyage-600x400.jpg 600w\" sizes=\"(max-width: 1800px) 100vw, 1800px\" \/><p id=\"caption-attachment-56707\" class=\"wp-caption-text\">Lugares imprescindibles de Apulia<\/p><\/div>\n<h2 id=\"manger\"><span class=\"ez-toc-section\" id=\"Donde_comer_en_Matera_Nuestras_mejores_direcciones\"><\/span>D\u00f3nde comer en Matera Nuestras mejores direcciones<span class=\"ez-toc-section-end\"><\/span><\/h2>\n<ul>\n<li><a href=\"https:\/\/maps.app.goo.gl\/5DwsVikBN4RkR5jDA\" rel=\"noopener\">Terrazza Cavaliere<\/a>: \u00a1sin duda, <strong>una de las terrazas de bar m\u00e1s bonitas de Matera<\/strong>! Te recomendamos que vayas sobre las 18:00 para asegurarte un sitio. Desde aqu\u00ed tendr\u00e1s unas vistas impresionantes de la ciudad mientras se pone el sol. Los c\u00f3cteles son deliciosos y las tapas muy buenas. Menci\u00f3n especial merecen los helados de frutas, servidos directamente en lim\u00f3n o coco. En resumen, una direcci\u00f3n que no debe perderse si tiene previsto visitar Matera.<\/li>\n<li><a href=\"https:\/\/maps.app.goo.gl\/Kqwp9xc1NCbihygx8\" rel=\"noopener\">5 Leer Matera<\/a>: <strong>una muy buena pizzer\u00eda en Matera<\/strong>. Situada a dos pasos de la Terrazza Cavali\u00e8re, desde la terraza del restaurante tambi\u00e9n se puede disfrutar de una magn\u00edfica vista. Pero cuidado, \u00a1es muy peque\u00f1a y s\u00f3lo hay unos pocos asientos en la terraza!<\/li>\n<li><a href=\"https:\/\/maps.app.goo.gl\/GwPAGgsfzPgfWKzBA\" rel=\"noopener\">Gi\u00f9 a Sud<\/a>: nos encant\u00f3 este restaurante y lo recomendamos encarecidamente. La comida es realmente deliciosa y el personal es adorable. Vaya con los ojos cerrados.<\/li>\n<\/ul>\n<img decoding=\"async\" class=\"alignnone size-full wp-image-56713\" src=\"https:\/\/decouvrirensemble.com\/wp-content\/uploads\/2024\/09\/meilleurs-restaurants-matera.jpg\" alt=\"meilleurs restaurants Matera\" width=\"1800\" height=\"1200\" srcset=\"https:\/\/decouvrirensemble.com\/wp-content\/uploads\/2024\/09\/meilleurs-restaurants-matera.jpg 1800w, https:\/\/decouvrirensemble.com\/wp-content\/uploads\/2024\/09\/meilleurs-restaurants-matera-300x200.jpg 300w, https:\/\/decouvrirensemble.com\/wp-content\/uploads\/2024\/09\/meilleurs-restaurants-matera-1024x683.jpg 1024w, https:\/\/decouvrirensemble.com\/wp-content\/uploads\/2024\/09\/meilleurs-restaurants-matera-768x512.jpg 768w, https:\/\/decouvrirensemble.com\/wp-content\/uploads\/2024\/09\/meilleurs-restaurants-matera-1536x1024.jpg 1536w, https:\/\/decouvrirensemble.com\/wp-content\/uploads\/2024\/09\/meilleurs-restaurants-matera-600x400.jpg 600w\" sizes=\"(max-width: 1800px) 100vw, 1800px\" \/>\n<h2 id=\"dormir\"><span class=\"ez-toc-section\" id=\"%C2%BFDonde_alojarse_en_Matera\"><\/span>\u00bfD\u00f3nde alojarse en Matera?<span class=\"ez-toc-section-end\"><\/span><\/h2>\n<h3><span class=\"ez-toc-section\" id=\"Residencia_Hydria\"><\/span>Residencia Hydria<span class=\"ez-toc-section-end\"><\/span><\/h3>\n<p>Si est\u00e1s buscando un <strong>buen lugar para alojarte en Matera<\/strong>, te recomendamos que eches un vistazo al Hydria Residence. La habitaci\u00f3n que tuvimos era realmente bonita y estaba muy bien situada para visitar los Sassi de Matera a pie. El personal de recepci\u00f3n es encantador y hablan perfectamente franc\u00e9s. \u00a1No dudes en echar un vistazo!<\/p>\n    <div class=\"niceButton\"><a href=\"https:\/\/www.booking.com\/hotel\/it\/hydria-residence.fr.html?aid=1286053\" target=\"_blank\" class=\"emojiLink\">\n                    <span class=\"emojiLink__emoji\">\u2764\ufe0f<\/span>\n                <span class=\"emojiLink__title title title--big\">Ver disponibilidad<\/span>\n    <\/a><\/div>\n\n    \n<img decoding=\"async\" class=\"alignnone size-full wp-image-56716\" src=\"https:\/\/decouvrirensemble.com\/wp-content\/uploads\/2024\/09\/ou-dormir-matera.jpg\" alt=\"ou dormir Matera\" width=\"1800\" height=\"1200\" srcset=\"https:\/\/decouvrirensemble.com\/wp-content\/uploads\/2024\/09\/ou-dormir-matera.jpg 1800w, https:\/\/decouvrirensemble.com\/wp-content\/uploads\/2024\/09\/ou-dormir-matera-300x200.jpg 300w, https:\/\/decouvrirensemble.com\/wp-content\/uploads\/2024\/09\/ou-dormir-matera-1024x683.jpg 1024w, https:\/\/decouvrirensemble.com\/wp-content\/uploads\/2024\/09\/ou-dormir-matera-768x512.jpg 768w, https:\/\/decouvrirensemble.com\/wp-content\/uploads\/2024\/09\/ou-dormir-matera-1536x1024.jpg 1536w, https:\/\/decouvrirensemble.com\/wp-content\/uploads\/2024\/09\/ou-dormir-matera-600x400.jpg 600w\" sizes=\"(max-width: 1800px) 100vw, 1800px\" \/>\n<h2 id=\"organiser\"><span class=\"ez-toc-section\" id=\"%C2%BFInformacion_practica_para_visitar_Matera\"><\/span>\u00bfInformaci\u00f3n pr\u00e1ctica para visitar Matera?<span class=\"ez-toc-section-end\"><\/span><\/h2>\n<h3><span class=\"ez-toc-section\" id=\"%C2%BFComo_llegar_a_Matera_desde_Bari\"><\/span>\u00bfC\u00f3mo llegar a Matera desde Bari?<span class=\"ez-toc-section-end\"><\/span><\/h3>\n<ul>\n<li>En coche: se tarda menos de una hora en llegar a Matera en coche desde Bari. Una vez all\u00ed, le recomendamos que deje el coche en el <a href=\"https:\/\/maps.app.goo.gl\/Aondreq8id6jqkacA\" rel=\"noopener\">aparcamiento de Piazza Porta Postergola<\/a>.<\/li>\n<li>En autob\u00fas: el autob\u00fas es la opci\u00f3n ideal si no dispone de coche. \u00c9sta es la soluci\u00f3n que elegimos nosotros, con la compa\u00f1\u00eda Flixbus. El viaje de ida y vuelta cuesta menos de 30 euros por persona y se tarda menos de una hora en llegar a Matera desde la estaci\u00f3n central de Bari.<\/li>\n<\/ul>\n<h3><span class=\"ez-toc-section\" id=\"Cuando_venir_a_Matera\"><\/span>Cu\u00e1ndo venir a Matera<span class=\"ez-toc-section-end\"><\/span><\/h3>\n<p>Como es habitual cuando se <a href=\"https:\/\/decouvrirensemble.com\/es\/destinos\/italia\">viaja por Italia<\/a>, recomendamos evitar el verano. Si es posible, recomendamos mayo, junio, septiembre y octubre. Las temperaturas suelen ser m\u00e1s suaves y a\u00fan no hay demasiados turistas. Si no tiene m\u00e1s remedio que viajar en verano, intente planificar sus paseos y visitas por la ma\u00f1ana siempre que sea posible.<\/p>\n<img decoding=\"async\" class=\"alignnone size-full wp-image-56725\" src=\"https:\/\/decouvrirensemble.com\/wp-content\/uploads\/2024\/09\/visiter-matera-blog-voyage.jpg\" alt=\"Matera blog voyage\" width=\"1800\" height=\"1200\" srcset=\"https:\/\/decouvrirensemble.com\/wp-content\/uploads\/2024\/09\/visiter-matera-blog-voyage.jpg 1800w, https:\/\/decouvrirensemble.com\/wp-content\/uploads\/2024\/09\/visiter-matera-blog-voyage-300x200.jpg 300w, https:\/\/decouvrirensemble.com\/wp-content\/uploads\/2024\/09\/visiter-matera-blog-voyage-1024x683.jpg 1024w, https:\/\/decouvrirensemble.com\/wp-content\/uploads\/2024\/09\/visiter-matera-blog-voyage-768x512.jpg 768w, https:\/\/decouvrirensemble.com\/wp-content\/uploads\/2024\/09\/visiter-matera-blog-voyage-1536x1024.jpg 1536w, https:\/\/decouvrirensemble.com\/wp-content\/uploads\/2024\/09\/visiter-matera-blog-voyage-600x400.jpg 600w\" sizes=\"(max-width: 1800px) 100vw, 1800px\" \/>\n<div id=\"attachment_56722\" style=\"width: 1810px\" class=\"wp-caption alignnone\"><img decoding=\"async\" aria-describedby=\"caption-attachment-56722\" class=\"wp-image-56722 size-full\" src=\"https:\/\/decouvrirensemble.com\/wp-content\/uploads\/2024\/09\/que-faire-a-matera-blog.jpg\" alt=\"que faire \u00e0 Matera\" width=\"1800\" height=\"1200\" srcset=\"https:\/\/decouvrirensemble.com\/wp-content\/uploads\/2024\/09\/que-faire-a-matera-blog.jpg 1800w, https:\/\/decouvrirensemble.com\/wp-content\/uploads\/2024\/09\/que-faire-a-matera-blog-300x200.jpg 300w, https:\/\/decouvrirensemble.com\/wp-content\/uploads\/2024\/09\/que-faire-a-matera-blog-1024x683.jpg 1024w, https:\/\/decouvrirensemble.com\/wp-content\/uploads\/2024\/09\/que-faire-a-matera-blog-768x512.jpg 768w, https:\/\/decouvrirensemble.com\/wp-content\/uploads\/2024\/09\/que-faire-a-matera-blog-1536x1024.jpg 1536w, https:\/\/decouvrirensemble.com\/wp-content\/uploads\/2024\/09\/que-faire-a-matera-blog-600x400.jpg 600w\" sizes=\"(max-width: 1800px) 100vw, 1800px\" \/><p id=\"caption-attachment-56722\" class=\"wp-caption-text\">\u00a1Disfrute de su viaje a Matera!<\/p><\/div>\n<p>[gracias]<\/p>\n\n\n<div class=\"kk-star-ratings kksr-auto kksr-align-left kksr-valign-bottom\"\n    data-payload='{&quot;align&quot;:&quot;left&quot;,&quot;id&quot;:&quot;57714&quot;,&quot;slug&quot;:&quot;default&quot;,&quot;valign&quot;:&quot;bottom&quot;,&quot;ignore&quot;:&quot;&quot;,&quot;reference&quot;:&quot;auto&quot;,&quot;class&quot;:&quot;&quot;,&quot;count&quot;:&quot;4&quot;,&quot;legendonly&quot;:&quot;&quot;,&quot;readonly&quot;:&quot;&quot;,&quot;score&quot;:&quot;5&quot;,&quot;starsonly&quot;:&quot;&quot;,&quot;best&quot;:&quot;5&quot;,&quot;gap&quot;:&quot;4&quot;,&quot;greet&quot;:&quot;Sea el primero en valorar esta entrada de blog.&quot;,&quot;legend&quot;:&quot;5\\\/5 - (4 votos)&quot;,&quot;size&quot;:&quot;21&quot;,&quot;title&quot;:&quot;Matera: \u00bfqu\u00e9 ver y hacer? Los mejores lugares&quot;,&quot;width&quot;:&quot;123&quot;,&quot;_legend&quot;:&quot;{score}\\\/{best} - ({count} {votes})&quot;,&quot;font_factor&quot;:&quot;1.25&quot;}'>\n            \n<div class=\"kksr-stars\">\n    \n<div class=\"kksr-stars-inactive\">\n            <div class=\"kksr-star\" data-star=\"1\" style=\"padding-right: 4px\">\n            \n\n<div class=\"kksr-icon\" style=\"width: 21px; height: 21px;\"><\/div>\n        <\/div>\n            <div class=\"kksr-star\" data-star=\"2\" style=\"padding-right: 4px\">\n            \n\n<div class=\"kksr-icon\" style=\"width: 21px; height: 21px;\"><\/div>\n        <\/div>\n            <div class=\"kksr-star\" data-star=\"3\" style=\"padding-right: 4px\">\n            \n\n<div class=\"kksr-icon\" style=\"width: 21px; height: 21px;\"><\/div>\n        <\/div>\n            <div class=\"kksr-star\" data-star=\"4\" style=\"padding-right: 4px\">\n            \n\n<div class=\"kksr-icon\" style=\"width: 21px; height: 21px;\"><\/div>\n        <\/div>\n            <div class=\"kksr-star\" data-star=\"5\" style=\"padding-right: 4px\">\n            \n\n<div class=\"kksr-icon\" style=\"width: 21px; height: 21px;\"><\/div>\n        <\/div>\n    <\/div>\n    \n<div class=\"kksr-stars-active\" style=\"width: 123px;\">\n            <div class=\"kksr-star\" style=\"padding-right: 4px\">\n            \n\n<div class=\"kksr-icon\" style=\"width: 21px; height: 21px;\"><\/div>\n        <\/div>\n            <div class=\"kksr-star\" style=\"padding-right: 4px\">\n            \n\n<div class=\"kksr-icon\" style=\"width: 21px; height: 21px;\"><\/div>\n        <\/div>\n            <div class=\"kksr-star\" style=\"padding-right: 4px\">\n            \n\n<div class=\"kksr-icon\" style=\"width: 21px; height: 21px;\"><\/div>\n        <\/div>\n            <div class=\"kksr-star\" style=\"padding-right: 4px\">\n            \n\n<div class=\"kksr-icon\" style=\"width: 21px; height: 21px;\"><\/div>\n        <\/div>\n            <div class=\"kksr-star\" style=\"padding-right: 4px\">\n            \n\n<div class=\"kksr-icon\" style=\"width: 21px; height: 21px;\"><\/div>\n        <\/div>\n    <\/div>\n<\/div>\n                \n\n<div class=\"kksr-legend\" style=\"font-size: 16.8px;\">\n            5\/5 - (4 votos)    <\/div>\n    <\/div>\n","protected":false},"excerpt":{"rendered":"<p>\u00bfQu\u00e9 ver en Matera? Echa un vistazo a nuestros mejores consejos y lugares de visita obligada en esta entrada del blog. Todo lo que necesitas para visitar una de las ciudades m\u00e1s antiguas del mundo.<\/p>\n","protected":false},"author":1,"featured_media":56730,"comment_status":"open","ping_status":"closed","sticky":false,"template":"","format":"standard","meta":{"_acf_changed":false,"_lmt_disableupdate":"no","_lmt_disable":"no","footnotes":""},"categories":[462,508],"tags":[],"class_list":["post-57714","post","type-post","status-publish","format-standard","has-post-thumbnail","hentry","category-guias-de-viajes","category-italia"],"acf":[],"yoast_head":"<!-- This site is optimized with the Yoast SEO plugin v27.4 - https:\/\/yoast.com\/product\/yoast-seo-wordpress\/ -->\n<title>Matera: \u00bfqu\u00e9 ver y hacer? Los mejores lugares<\/title>\n<meta name=\"description\" content=\"\u00bfLe gustar\u00eda visitar Matera en Italia? \u00a1Echa un vistazo a nuestro blog de viajes para conocer todos nuestros consejos y direcciones \u00fatiles!\" \/>\n<meta name=\"robots\" content=\"index, follow, max-snippet:-1, max-image-preview:large, max-video-preview:-1\" \/>\n<link rel=\"canonical\" href=\"https:\/\/decouvrirensemble.com\/es\/que-ver-en-matera\" \/>\n<meta property=\"og:locale\" content=\"es_ES\" \/>\n<meta property=\"og:type\" content=\"article\" \/>\n<meta property=\"og:title\" content=\"Matera: \u00bfqu\u00e9 ver y hacer? Los mejores lugares\" \/>\n<meta property=\"og:description\" content=\"\u00bfLe gustar\u00eda visitar Matera en Italia? \u00a1Echa un vistazo a nuestro blog de viajes para conocer todos nuestros consejos y direcciones \u00fatiles!\" \/>\n<meta property=\"og:url\" content=\"https:\/\/decouvrirensemble.com\/es\/que-ver-en-matera\" \/>\n<meta property=\"og:site_name\" content=\"Blog Voyage - D\u00e9couvrir Ensemble\" \/>\n<meta property=\"article:published_time\" content=\"2024-09-26T11:40:15+00:00\" \/>\n<meta property=\"article:modified_time\" content=\"2026-01-06T14:13:52+00:00\" \/>\n<meta property=\"og:image\" content=\"https:\/\/decouvrirensemble.com\/wp-content\/uploads\/2024\/09\/visiter-matera-italie-blog-voyage.jpg\" \/>\n\t<meta property=\"og:image:width\" content=\"1800\" \/>\n\t<meta property=\"og:image:height\" content=\"1200\" \/>\n\t<meta property=\"og:image:type\" content=\"image\/jpeg\" \/>\n<meta name=\"author\" content=\"Cl\u00e9mence &amp; Alexandre\" \/>\n<meta name=\"twitter:card\" content=\"summary_large_image\" \/>\n<meta name=\"twitter:creator\" content=\"@dcouvrirensmble\" \/>\n<meta name=\"twitter:site\" content=\"@dcouvrirensmble\" \/>\n<meta name=\"twitter:label1\" content=\"Escrito por\" \/>\n\t<meta name=\"twitter:data1\" content=\"Cl\u00e9mence &amp; Alexandre\" \/>\n\t<meta name=\"twitter:label2\" content=\"Tiempo de lectura\" \/>\n\t<meta name=\"twitter:data2\" content=\"8 minutos\" \/>\n<script type=\"application\/ld+json\" class=\"yoast-schema-graph\">{\"@context\":\"https:\\\/\\\/schema.org\",\"@graph\":[{\"@type\":\"Article\",\"@id\":\"https:\\\/\\\/decouvrirensemble.com\\\/es\\\/que-ver-en-matera#article\",\"isPartOf\":{\"@id\":\"https:\\\/\\\/decouvrirensemble.com\\\/es\\\/que-ver-en-matera\"},\"author\":{\"name\":\"Cl\u00e9mence &amp; Alexandre\",\"@id\":\"https:\\\/\\\/decouvrirensemble.com\\\/es#\\\/schema\\\/person\\\/a53efd44d02eb7f9ab90f96e84a9d2ba\"},\"headline\":\"Matera: \u00bfqu\u00e9 ver y hacer? Los mejores lugares\",\"datePublished\":\"2024-09-26T11:40:15+00:00\",\"dateModified\":\"2026-01-06T14:13:52+00:00\",\"mainEntityOfPage\":{\"@id\":\"https:\\\/\\\/decouvrirensemble.com\\\/es\\\/que-ver-en-matera\"},\"wordCount\":1123,\"commentCount\":0,\"publisher\":{\"@id\":\"https:\\\/\\\/decouvrirensemble.com\\\/es#\\\/schema\\\/person\\\/a53efd44d02eb7f9ab90f96e84a9d2ba\"},\"image\":{\"@id\":\"https:\\\/\\\/decouvrirensemble.com\\\/es\\\/que-ver-en-matera#primaryimage\"},\"thumbnailUrl\":\"https:\\\/\\\/decouvrirensemble.com\\\/wp-content\\\/uploads\\\/2024\\\/09\\\/visiter-matera-italie-blog-voyage.jpg\",\"articleSection\":[\"Gu\u00edas de viajes\",\"Italia\"],\"inLanguage\":\"es\",\"potentialAction\":[{\"@type\":\"CommentAction\",\"name\":\"Comment\",\"target\":[\"https:\\\/\\\/decouvrirensemble.com\\\/es\\\/que-ver-en-matera#respond\"]}]},{\"@type\":\"WebPage\",\"@id\":\"https:\\\/\\\/decouvrirensemble.com\\\/es\\\/que-ver-en-matera\",\"url\":\"https:\\\/\\\/decouvrirensemble.com\\\/es\\\/que-ver-en-matera\",\"name\":\"Matera: \u00bfqu\u00e9 ver y hacer? Los mejores lugares\",\"isPartOf\":{\"@id\":\"https:\\\/\\\/decouvrirensemble.com\\\/es#website\"},\"primaryImageOfPage\":{\"@id\":\"https:\\\/\\\/decouvrirensemble.com\\\/es\\\/que-ver-en-matera#primaryimage\"},\"image\":{\"@id\":\"https:\\\/\\\/decouvrirensemble.com\\\/es\\\/que-ver-en-matera#primaryimage\"},\"thumbnailUrl\":\"https:\\\/\\\/decouvrirensemble.com\\\/wp-content\\\/uploads\\\/2024\\\/09\\\/visiter-matera-italie-blog-voyage.jpg\",\"datePublished\":\"2024-09-26T11:40:15+00:00\",\"dateModified\":\"2026-01-06T14:13:52+00:00\",\"description\":\"\u00bfLe gustar\u00eda visitar Matera en Italia? \u00a1Echa un vistazo a nuestro blog de viajes para conocer todos nuestros consejos y direcciones \u00fatiles!\",\"breadcrumb\":{\"@id\":\"https:\\\/\\\/decouvrirensemble.com\\\/es\\\/que-ver-en-matera#breadcrumb\"},\"inLanguage\":\"es\",\"potentialAction\":[{\"@type\":\"ReadAction\",\"target\":[\"https:\\\/\\\/decouvrirensemble.com\\\/es\\\/que-ver-en-matera\"]}]},{\"@type\":\"ImageObject\",\"inLanguage\":\"es\",\"@id\":\"https:\\\/\\\/decouvrirensemble.com\\\/es\\\/que-ver-en-matera#primaryimage\",\"url\":\"https:\\\/\\\/decouvrirensemble.com\\\/wp-content\\\/uploads\\\/2024\\\/09\\\/visiter-matera-italie-blog-voyage.jpg\",\"contentUrl\":\"https:\\\/\\\/decouvrirensemble.com\\\/wp-content\\\/uploads\\\/2024\\\/09\\\/visiter-matera-italie-blog-voyage.jpg\",\"width\":1800,\"height\":1200,\"caption\":\"visiter Matera\"},{\"@type\":\"BreadcrumbList\",\"@id\":\"https:\\\/\\\/decouvrirensemble.com\\\/es\\\/que-ver-en-matera#breadcrumb\",\"itemListElement\":[{\"@type\":\"ListItem\",\"position\":1,\"name\":\"Accueil\",\"item\":\"https:\\\/\\\/decouvrirensemble.com\\\/es\"},{\"@type\":\"ListItem\",\"position\":2,\"name\":\"Destinos\",\"item\":\"https:\\\/\\\/decouvrirensemble.com\\\/es\\\/destinos\"},{\"@type\":\"ListItem\",\"position\":3,\"name\":\"Italia\",\"item\":\"https:\\\/\\\/decouvrirensemble.com\\\/es\\\/destinos\\\/italia\"},{\"@type\":\"ListItem\",\"position\":4,\"name\":\"Matera: \u00bfqu\u00e9 ver y hacer? Los mejores lugares\"}]},{\"@type\":\"WebSite\",\"@id\":\"https:\\\/\\\/decouvrirensemble.com\\\/es#website\",\"url\":\"https:\\\/\\\/decouvrirensemble.com\\\/es\",\"name\":\"Blog Voyage - D\u00e9couvrir Ensemble\",\"description\":\"Le Blog Voyage de Clem et Alex\",\"publisher\":{\"@id\":\"https:\\\/\\\/decouvrirensemble.com\\\/es#\\\/schema\\\/person\\\/a53efd44d02eb7f9ab90f96e84a9d2ba\"},\"potentialAction\":[{\"@type\":\"SearchAction\",\"target\":{\"@type\":\"EntryPoint\",\"urlTemplate\":\"https:\\\/\\\/decouvrirensemble.com\\\/es?s={search_term_string}\"},\"query-input\":{\"@type\":\"PropertyValueSpecification\",\"valueRequired\":true,\"valueName\":\"search_term_string\"}}],\"inLanguage\":\"es\"},{\"@type\":[\"Person\",\"Organization\"],\"@id\":\"https:\\\/\\\/decouvrirensemble.com\\\/es#\\\/schema\\\/person\\\/a53efd44d02eb7f9ab90f96e84a9d2ba\",\"name\":\"Cl\u00e9mence &amp; Alexandre\",\"image\":{\"@type\":\"ImageObject\",\"inLanguage\":\"es\",\"@id\":\"https:\\\/\\\/decouvrirensemble.com\\\/wp-content\\\/uploads\\\/2024\\\/04\\\/logo-decouvrir-ensemble-blog-voyage.jpg\",\"url\":\"https:\\\/\\\/decouvrirensemble.com\\\/wp-content\\\/uploads\\\/2024\\\/04\\\/logo-decouvrir-ensemble-blog-voyage.jpg\",\"contentUrl\":\"https:\\\/\\\/decouvrirensemble.com\\\/wp-content\\\/uploads\\\/2024\\\/04\\\/logo-decouvrir-ensemble-blog-voyage.jpg\",\"width\":1563,\"height\":529,\"caption\":\"Cl\u00e9mence &amp; Alexandre\"},\"logo\":{\"@id\":\"https:\\\/\\\/decouvrirensemble.com\\\/wp-content\\\/uploads\\\/2024\\\/04\\\/logo-decouvrir-ensemble-blog-voyage.jpg\"},\"sameAs\":[\"https:\\\/\\\/decouvrirensemble.com\\\/\"]}]}<\/script>\n<!-- \/ Yoast SEO plugin. -->","yoast_head_json":{"title":"Matera: \u00bfqu\u00e9 ver y hacer? Los mejores lugares","description":"\u00bfLe gustar\u00eda visitar Matera en Italia? \u00a1Echa un vistazo a nuestro blog de viajes para conocer todos nuestros consejos y direcciones \u00fatiles!","robots":{"index":"index","follow":"follow","max-snippet":"max-snippet:-1","max-image-preview":"max-image-preview:large","max-video-preview":"max-video-preview:-1"},"canonical":"https:\/\/decouvrirensemble.com\/es\/que-ver-en-matera","og_locale":"es_ES","og_type":"article","og_title":"Matera: \u00bfqu\u00e9 ver y hacer? Los mejores lugares","og_description":"\u00bfLe gustar\u00eda visitar Matera en Italia? \u00a1Echa un vistazo a nuestro blog de viajes para conocer todos nuestros consejos y direcciones \u00fatiles!","og_url":"https:\/\/decouvrirensemble.com\/es\/que-ver-en-matera","og_site_name":"Blog Voyage - D\u00e9couvrir Ensemble","article_published_time":"2024-09-26T11:40:15+00:00","article_modified_time":"2026-01-06T14:13:52+00:00","og_image":[{"width":1800,"height":1200,"url":"https:\/\/decouvrirensemble.com\/wp-content\/uploads\/2024\/09\/visiter-matera-italie-blog-voyage.jpg","type":"image\/jpeg"}],"author":"Cl\u00e9mence &amp; Alexandre","twitter_card":"summary_large_image","twitter_creator":"@dcouvrirensmble","twitter_site":"@dcouvrirensmble","twitter_misc":{"Escrito por":"Cl\u00e9mence &amp; Alexandre","Tiempo de lectura":"8 minutos"},"schema":{"@context":"https:\/\/schema.org","@graph":[{"@type":"Article","@id":"https:\/\/decouvrirensemble.com\/es\/que-ver-en-matera#article","isPartOf":{"@id":"https:\/\/decouvrirensemble.com\/es\/que-ver-en-matera"},"author":{"name":"Cl\u00e9mence &amp; Alexandre","@id":"https:\/\/decouvrirensemble.com\/es#\/schema\/person\/a53efd44d02eb7f9ab90f96e84a9d2ba"},"headline":"Matera: \u00bfqu\u00e9 ver y hacer? Los mejores lugares","datePublished":"2024-09-26T11:40:15+00:00","dateModified":"2026-01-06T14:13:52+00:00","mainEntityOfPage":{"@id":"https:\/\/decouvrirensemble.com\/es\/que-ver-en-matera"},"wordCount":1123,"commentCount":0,"publisher":{"@id":"https:\/\/decouvrirensemble.com\/es#\/schema\/person\/a53efd44d02eb7f9ab90f96e84a9d2ba"},"image":{"@id":"https:\/\/decouvrirensemble.com\/es\/que-ver-en-matera#primaryimage"},"thumbnailUrl":"https:\/\/decouvrirensemble.com\/wp-content\/uploads\/2024\/09\/visiter-matera-italie-blog-voyage.jpg","articleSection":["Gu\u00edas de viajes","Italia"],"inLanguage":"es","potentialAction":[{"@type":"CommentAction","name":"Comment","target":["https:\/\/decouvrirensemble.com\/es\/que-ver-en-matera#respond"]}]},{"@type":"WebPage","@id":"https:\/\/decouvrirensemble.com\/es\/que-ver-en-matera","url":"https:\/\/decouvrirensemble.com\/es\/que-ver-en-matera","name":"Matera: \u00bfqu\u00e9 ver y hacer? Los mejores lugares","isPartOf":{"@id":"https:\/\/decouvrirensemble.com\/es#website"},"primaryImageOfPage":{"@id":"https:\/\/decouvrirensemble.com\/es\/que-ver-en-matera#primaryimage"},"image":{"@id":"https:\/\/decouvrirensemble.com\/es\/que-ver-en-matera#primaryimage"},"thumbnailUrl":"https:\/\/decouvrirensemble.com\/wp-content\/uploads\/2024\/09\/visiter-matera-italie-blog-voyage.jpg","datePublished":"2024-09-26T11:40:15+00:00","dateModified":"2026-01-06T14:13:52+00:00","description":"\u00bfLe gustar\u00eda visitar Matera en Italia? \u00a1Echa un vistazo a nuestro blog de viajes para conocer todos nuestros consejos y direcciones \u00fatiles!","breadcrumb":{"@id":"https:\/\/decouvrirensemble.com\/es\/que-ver-en-matera#breadcrumb"},"inLanguage":"es","potentialAction":[{"@type":"ReadAction","target":["https:\/\/decouvrirensemble.com\/es\/que-ver-en-matera"]}]},{"@type":"ImageObject","inLanguage":"es","@id":"https:\/\/decouvrirensemble.com\/es\/que-ver-en-matera#primaryimage","url":"https:\/\/decouvrirensemble.com\/wp-content\/uploads\/2024\/09\/visiter-matera-italie-blog-voyage.jpg","contentUrl":"https:\/\/decouvrirensemble.com\/wp-content\/uploads\/2024\/09\/visiter-matera-italie-blog-voyage.jpg","width":1800,"height":1200,"caption":"visiter Matera"},{"@type":"BreadcrumbList","@id":"https:\/\/decouvrirensemble.com\/es\/que-ver-en-matera#breadcrumb","itemListElement":[{"@type":"ListItem","position":1,"name":"Accueil","item":"https:\/\/decouvrirensemble.com\/es"},{"@type":"ListItem","position":2,"name":"Destinos","item":"https:\/\/decouvrirensemble.com\/es\/destinos"},{"@type":"ListItem","position":3,"name":"Italia","item":"https:\/\/decouvrirensemble.com\/es\/destinos\/italia"},{"@type":"ListItem","position":4,"name":"Matera: \u00bfqu\u00e9 ver y hacer? Los mejores lugares"}]},{"@type":"WebSite","@id":"https:\/\/decouvrirensemble.com\/es#website","url":"https:\/\/decouvrirensemble.com\/es","name":"Blog Voyage - D\u00e9couvrir Ensemble","description":"Le Blog Voyage de Clem et Alex","publisher":{"@id":"https:\/\/decouvrirensemble.com\/es#\/schema\/person\/a53efd44d02eb7f9ab90f96e84a9d2ba"},"potentialAction":[{"@type":"SearchAction","target":{"@type":"EntryPoint","urlTemplate":"https:\/\/decouvrirensemble.com\/es?s={search_term_string}"},"query-input":{"@type":"PropertyValueSpecification","valueRequired":true,"valueName":"search_term_string"}}],"inLanguage":"es"},{"@type":["Person","Organization"],"@id":"https:\/\/decouvrirensemble.com\/es#\/schema\/person\/a53efd44d02eb7f9ab90f96e84a9d2ba","name":"Cl\u00e9mence &amp; Alexandre","image":{"@type":"ImageObject","inLanguage":"es","@id":"https:\/\/decouvrirensemble.com\/wp-content\/uploads\/2024\/04\/logo-decouvrir-ensemble-blog-voyage.jpg","url":"https:\/\/decouvrirensemble.com\/wp-content\/uploads\/2024\/04\/logo-decouvrir-ensemble-blog-voyage.jpg","contentUrl":"https:\/\/decouvrirensemble.com\/wp-content\/uploads\/2024\/04\/logo-decouvrir-ensemble-blog-voyage.jpg","width":1563,"height":529,"caption":"Cl\u00e9mence &amp; Alexandre"},"logo":{"@id":"https:\/\/decouvrirensemble.com\/wp-content\/uploads\/2024\/04\/logo-decouvrir-ensemble-blog-voyage.jpg"},"sameAs":["https:\/\/decouvrirensemble.com\/"]}]}},"modified_by":"Cl\u00e9mence &amp; Alexandre","_links":{"self":[{"href":"https:\/\/decouvrirensemble.com\/es\/wp-json\/wp\/v2\/posts\/57714","targetHints":{"allow":["GET"]}}],"collection":[{"href":"https:\/\/decouvrirensemble.com\/es\/wp-json\/wp\/v2\/posts"}],"about":[{"href":"https:\/\/decouvrirensemble.com\/es\/wp-json\/wp\/v2\/types\/post"}],"author":[{"embeddable":true,"href":"https:\/\/decouvrirensemble.com\/es\/wp-json\/wp\/v2\/users\/1"}],"replies":[{"embeddable":true,"href":"https:\/\/decouvrirensemble.com\/es\/wp-json\/wp\/v2\/comments?post=57714"}],"version-history":[{"count":3,"href":"https:\/\/decouvrirensemble.com\/es\/wp-json\/wp\/v2\/posts\/57714\/revisions"}],"predecessor-version":[{"id":63501,"href":"https:\/\/decouvrirensemble.com\/es\/wp-json\/wp\/v2\/posts\/57714\/revisions\/63501"}],"wp:featuredmedia":[{"embeddable":true,"href":"https:\/\/decouvrirensemble.com\/es\/wp-json\/wp\/v2\/media\/56730"}],"wp:attachment":[{"href":"https:\/\/decouvrirensemble.com\/es\/wp-json\/wp\/v2\/media?parent=57714"}],"wp:term":[{"taxonomy":"category","embeddable":true,"href":"https:\/\/decouvrirensemble.com\/es\/wp-json\/wp\/v2\/categories?post=57714"},{"taxonomy":"post_tag","embeddable":true,"href":"https:\/\/decouvrirensemble.com\/es\/wp-json\/wp\/v2\/tags?post=57714"}],"curies":[{"name":"wp","href":"https:\/\/api.w.org\/{rel}","templated":true}]}}