{"id":57993,"date":"2022-03-28T14:26:07","date_gmt":"2022-03-28T12:26:07","guid":{"rendered":"https:\/\/decouvrirensemble.com\/que-ver-en-annecy-francia"},"modified":"2026-04-17T12:17:28","modified_gmt":"2026-04-17T10:17:28","slug":"que-ver-en-annecy-francia","status":"publish","type":"post","link":"https:\/\/decouvrirensemble.com\/es\/que-ver-en-annecy-francia","title":{"rendered":"Qu\u00e9 ver en Annecy, Francia: mejores lugares"},"content":{"rendered":"<p>Si busca informaci\u00f3n sobre <strong>qu\u00e9 ver en Annecy<\/strong>, \u00a1ha llegado al lugar adecuado! Desde paseos a direcciones gastron\u00f3micas, pasando por restaurantes y un hotel con unas vistas impresionantes&#8230; Le damos todos nuestros consejos para visitar Annecy y sus alrededores, incluidos Menthon Saint-Bernard, Talloires y el Col du Forclaz. Esperamos que este art\u00edculo de nuestro <strong>blog de viajes<\/strong> le ayude a <strong>visitar Annecy en Francia<\/strong>. \u00a1Rumbo a la Alta Saboya!<\/p>\n<h2 id=\"que-faire\"><span class=\"ez-toc-section\" id=\"%C2%BFQue_ver_en_Annecy_Francia_Nuestros_imprescindibles\"><\/span>\u00bfQu\u00e9 ver en Annecy, Francia? Nuestros imprescindibles<span class=\"ez-toc-section-end\"><\/span><\/h2>\n<h3><span class=\"ez-toc-section\" id=\"1_El_casco_antiguo_de_Annecy\"><\/span>1. El casco antiguo de Annecy<span class=\"ez-toc-section-end\"><\/span><\/h3>\n<p>\u00bfQu\u00e9 hacer en Annecy? No puede visitar Annecy sin conocer su casco antiguo medieval. Las callejuelas empedradas, los canales y las coloridas fachadas confieren a la ciudad un encanto muy especial, \u00a1nos encanta!<\/p>\n<img decoding=\"async\" class=\"alignnone wp-image-16708 size-full\" src=\"https:\/\/decouvrirensemble.com\/wp-content\/uploads\/2022\/03\/palais-de-l-ile-vieille-ville-d-annecy-visiter.jpg\" alt=\"visiter Annecy en 3 jours\" width=\"1800\" height=\"1200\" srcset=\"https:\/\/decouvrirensemble.com\/wp-content\/uploads\/2022\/03\/palais-de-l-ile-vieille-ville-d-annecy-visiter.jpg 1800w, https:\/\/decouvrirensemble.com\/wp-content\/uploads\/2022\/03\/palais-de-l-ile-vieille-ville-d-annecy-visiter-300x200.jpg 300w, https:\/\/decouvrirensemble.com\/wp-content\/uploads\/2022\/03\/palais-de-l-ile-vieille-ville-d-annecy-visiter-1024x683.jpg 1024w, https:\/\/decouvrirensemble.com\/wp-content\/uploads\/2022\/03\/palais-de-l-ile-vieille-ville-d-annecy-visiter-768x512.jpg 768w, https:\/\/decouvrirensemble.com\/wp-content\/uploads\/2022\/03\/palais-de-l-ile-vieille-ville-d-annecy-visiter-1536x1024.jpg 1536w\" sizes=\"(max-width: 1800px) 100vw, 1800px\" \/>\n<h4><span class=\"ez-toc-section\" id=\"Palacio_de_la_Isla\"><\/span>Palacio de la Isla<span class=\"ez-toc-section-end\"><\/span><\/h4>\n<p>Primera etapa: fotografiar el monumento m\u00e1s conocido de Annecy: el Palacio de l&#8217;Ile, declarado monumento hist\u00f3rico desde 1900. Y aunque lo hemos visto fotografiado tantas veces, \u00a1no nos cansamos de fotografiarlo nosotros mismos!<\/p>\n<img decoding=\"async\" class=\"alignnone wp-image-16709 size-full\" src=\"https:\/\/decouvrirensemble.com\/wp-content\/uploads\/2022\/03\/palais-de-l-ile-ville-ville-d-annecy.jpg\" alt=\"visiter Annecy en 3 jours\" width=\"1800\" height=\"1200\" srcset=\"https:\/\/decouvrirensemble.com\/wp-content\/uploads\/2022\/03\/palais-de-l-ile-ville-ville-d-annecy.jpg 1800w, https:\/\/decouvrirensemble.com\/wp-content\/uploads\/2022\/03\/palais-de-l-ile-ville-ville-d-annecy-300x200.jpg 300w, https:\/\/decouvrirensemble.com\/wp-content\/uploads\/2022\/03\/palais-de-l-ile-ville-ville-d-annecy-1024x683.jpg 1024w, https:\/\/decouvrirensemble.com\/wp-content\/uploads\/2022\/03\/palais-de-l-ile-ville-ville-d-annecy-768x512.jpg 768w, https:\/\/decouvrirensemble.com\/wp-content\/uploads\/2022\/03\/palais-de-l-ile-ville-ville-d-annecy-1536x1024.jpg 1536w\" sizes=\"(max-width: 1800px) 100vw, 1800px\" \/>\n<h4><span class=\"ez-toc-section\" id=\"El_Thiou_y_los_canales_de_Annecy\"><\/span>El Thiou y los canales de Annecy<span class=\"ez-toc-section-end\"><\/span><\/h4>\n<p>Pasear por los canales y contemplar el Thiou fluyendo entre las coloridas callejuelas es muy divertido. A lo largo del camino encontrar\u00e1 numerosos restaurantes, terrazas y tiendecitas.<\/p>\n<img decoding=\"async\" class=\"alignnone size-full wp-image-16716\" src=\"https:\/\/decouvrirensemble.com\/wp-content\/uploads\/2022\/03\/vieille-ville-annecy-palais-de-l-ile.jpg\" alt=\"visiter annecy\" width=\"1800\" height=\"1200\" srcset=\"https:\/\/decouvrirensemble.com\/wp-content\/uploads\/2022\/03\/vieille-ville-annecy-palais-de-l-ile.jpg 1800w, https:\/\/decouvrirensemble.com\/wp-content\/uploads\/2022\/03\/vieille-ville-annecy-palais-de-l-ile-300x200.jpg 300w, https:\/\/decouvrirensemble.com\/wp-content\/uploads\/2022\/03\/vieille-ville-annecy-palais-de-l-ile-1024x683.jpg 1024w, https:\/\/decouvrirensemble.com\/wp-content\/uploads\/2022\/03\/vieille-ville-annecy-palais-de-l-ile-768x512.jpg 768w, https:\/\/decouvrirensemble.com\/wp-content\/uploads\/2022\/03\/vieille-ville-annecy-palais-de-l-ile-1536x1024.jpg 1536w\" sizes=\"(max-width: 1800px) 100vw, 1800px\" \/>\n<h4><span class=\"ez-toc-section\" id=\"Puente_de_los_Amantes\"><\/span>Puente de los Amantes<span class=\"ez-toc-section-end\"><\/span><\/h4>\n<p>Uno de los s\u00edmbolos de la ciudad. Esta famosa pasarela ofrece una magn\u00edfica vista del lago y las cordilleras. Este es el lugar para hacerse una foto tur\u00edstica \ud83d\ude09 .<\/p>\n<img decoding=\"async\" class=\"alignnone wp-image-16725 size-full\" src=\"https:\/\/decouvrirensemble.com\/wp-content\/uploads\/2022\/03\/visiter-le-pont-des-amours-haute-savoie.jpg\" alt=\"visiter annecy\" width=\"1800\" height=\"1200\" srcset=\"https:\/\/decouvrirensemble.com\/wp-content\/uploads\/2022\/03\/visiter-le-pont-des-amours-haute-savoie.jpg 1800w, https:\/\/decouvrirensemble.com\/wp-content\/uploads\/2022\/03\/visiter-le-pont-des-amours-haute-savoie-300x200.jpg 300w, https:\/\/decouvrirensemble.com\/wp-content\/uploads\/2022\/03\/visiter-le-pont-des-amours-haute-savoie-1024x683.jpg 1024w, https:\/\/decouvrirensemble.com\/wp-content\/uploads\/2022\/03\/visiter-le-pont-des-amours-haute-savoie-768x512.jpg 768w, https:\/\/decouvrirensemble.com\/wp-content\/uploads\/2022\/03\/visiter-le-pont-des-amours-haute-savoie-1536x1024.jpg 1536w\" sizes=\"(max-width: 1800px) 100vw, 1800px\" \/>\n<img decoding=\"async\" class=\"alignnone size-full wp-image-16713\" src=\"https:\/\/decouvrirensemble.com\/wp-content\/uploads\/2022\/03\/que-faire-a-annecy-les-canaux.jpg\" alt=\"canaux annecy\" width=\"1800\" height=\"1200\" srcset=\"https:\/\/decouvrirensemble.com\/wp-content\/uploads\/2022\/03\/que-faire-a-annecy-les-canaux.jpg 1800w, https:\/\/decouvrirensemble.com\/wp-content\/uploads\/2022\/03\/que-faire-a-annecy-les-canaux-300x200.jpg 300w, https:\/\/decouvrirensemble.com\/wp-content\/uploads\/2022\/03\/que-faire-a-annecy-les-canaux-1024x683.jpg 1024w, https:\/\/decouvrirensemble.com\/wp-content\/uploads\/2022\/03\/que-faire-a-annecy-les-canaux-768x512.jpg 768w, https:\/\/decouvrirensemble.com\/wp-content\/uploads\/2022\/03\/que-faire-a-annecy-les-canaux-1536x1024.jpg 1536w\" sizes=\"(max-width: 1800px) 100vw, 1800px\" \/>\n<h3><span class=\"ez-toc-section\" id=\"2_En_bicicleta_por_el_lago_de_Annecy\"><\/span>2. En bicicleta por el lago de Annecy<span class=\"ez-toc-section-end\"><\/span><\/h3>\n<p>El lago de Annecy es el segundo lago m\u00e1s grande de Francia, despu\u00e9s de Le Bourget. Tiene una superficie de 27,59 km\u00b2. Rodeado de cadenas monta\u00f1osas, el panorama es incre\u00edble. Su agua es incluso una de las m\u00e1s puras de Europa. Para recorrer el lago de Annecy en bicicleta, hay que ser muy deportista, ya que son 40 km en total.<\/p>\n<p>Hay un carril bici a lo largo de todo el trayecto, que es ideal para pasear. Hay un tramo llano y f\u00e1cil de recorrer, como el que hicimos de S\u00e9vrier a Veyrier-du-Lac. Pero despu\u00e9s, algunas partes de la ruta son muy empinadas y la carretera est\u00e1 compartida con coches, por lo que hay que tener una buena condici\u00f3n f\u00edsica y estar atento al entorno.<\/p>\n<p>Es aconsejable recorrer la ruta en direcci\u00f3n Annecy &gt; Veyrier-du-Lac para que resulte m\u00e1s f\u00e1cil. Tenga cuidado tambi\u00e9n, ya que el sendero est\u00e1 muy transitado en verano. Una alternativa m\u00e1s c\u00f3moda es alquilar bicicletas el\u00e9ctricas, \u00a1que pueden hacer el paseo a\u00fan m\u00e1s agradable!<\/p>\n<img decoding=\"async\" class=\"alignnone size-full wp-image-16706\" src=\"https:\/\/decouvrirensemble.com\/wp-content\/uploads\/2022\/03\/faire-le-tour-du-lac-d-annecy-en-velo.jpg\" alt=\"tour du lac a velo\" width=\"1800\" height=\"1200\" srcset=\"https:\/\/decouvrirensemble.com\/wp-content\/uploads\/2022\/03\/faire-le-tour-du-lac-d-annecy-en-velo.jpg 1800w, https:\/\/decouvrirensemble.com\/wp-content\/uploads\/2022\/03\/faire-le-tour-du-lac-d-annecy-en-velo-300x200.jpg 300w, https:\/\/decouvrirensemble.com\/wp-content\/uploads\/2022\/03\/faire-le-tour-du-lac-d-annecy-en-velo-1024x683.jpg 1024w, https:\/\/decouvrirensemble.com\/wp-content\/uploads\/2022\/03\/faire-le-tour-du-lac-d-annecy-en-velo-768x512.jpg 768w, https:\/\/decouvrirensemble.com\/wp-content\/uploads\/2022\/03\/faire-le-tour-du-lac-d-annecy-en-velo-1536x1024.jpg 1536w\" sizes=\"(max-width: 1800px) 100vw, 1800px\" \/>\n<h3><span class=\"ez-toc-section\" id=\"3_Que_hacer_en_Annecy_a_orillas_del_lago_Algunas_ideas_de_actividades\"><\/span>3. Qu\u00e9 hacer en Annecy a orillas del lago Algunas ideas de actividades<span class=\"ez-toc-section-end\"><\/span><\/h3>\n<p>Para descubrir las maravillosas vistas del lago de Annecy, tiene varias opciones:<\/p>\n<ul>\n<li>Suba a bordo de uno de los barcos tur\u00edsticos, como el Libellule;<\/li>\n<li>Alquilar remos para un momento de deporte y contemplaci\u00f3n;<\/li>\n<li>Esqu\u00ed acu\u00e1tico y wakeboard;<\/li>\n<li>Alquilar una embarcaci\u00f3n, con o sin licencia, para disfrutar de un d\u00eda en el lago con la familia o los amigos.<\/li>\n<\/ul>\n<p><img decoding=\"async\" class=\"alignnone size-full wp-image-16723\" src=\"https:\/\/decouvrirensemble.com\/wp-content\/uploads\/2022\/03\/visiter-annecy-pont-des-amours-itineraires.jpg\" alt=\"pont des amours\" width=\"1800\" height=\"1200\" srcset=\"https:\/\/decouvrirensemble.com\/wp-content\/uploads\/2022\/03\/visiter-annecy-pont-des-amours-itineraires.jpg 1800w, https:\/\/decouvrirensemble.com\/wp-content\/uploads\/2022\/03\/visiter-annecy-pont-des-amours-itineraires-300x200.jpg 300w, https:\/\/decouvrirensemble.com\/wp-content\/uploads\/2022\/03\/visiter-annecy-pont-des-amours-itineraires-1024x683.jpg 1024w, https:\/\/decouvrirensemble.com\/wp-content\/uploads\/2022\/03\/visiter-annecy-pont-des-amours-itineraires-768x512.jpg 768w, https:\/\/decouvrirensemble.com\/wp-content\/uploads\/2022\/03\/visiter-annecy-pont-des-amours-itineraires-1536x1024.jpg 1536w\" sizes=\"(max-width: 1800px) 100vw, 1800px\" \/><br \/>\n&nbsp;<\/p>\n<div data-gyg-tour-ids=\"90555,17089,415124\" data-gyg-partner-id=\"QTAK8D9\" data-gyg-number-of-items=\"3\" data-gyg-widget=\"activities\" data-gyg-locale-code=\"es-ES\" data-gyg-href=\"https:\/\/widget.getyourguide.com\/default\/activities.frame\">&nbsp;<\/div>\n<h3><span class=\"ez-toc-section\" id=\"4_Admirar_la_puesta_de_sol_en_el_Col_de_la_Forclaz\"><\/span>4. Admirar la puesta de sol en el Col de la Forclaz<span class=\"ez-toc-section-end\"><\/span><\/h3>\n<p>Este es el lugar ideal para contemplar la puesta de sol cerca de Annecy. Coja el coche durante unos 30 minutos y prep\u00e1rese para subir hasta una altitud de 1.150 metros. El Col de la Forclaz se encuentra entre los pueblos de Montmin y Talloires (de los que hablaremos m\u00e1s adelante).<\/p>\n<p>Una vez arriba, podr\u00e1 contemplar a vista de p\u00e1jaro todo el lago de Annecy, una panor\u00e1mica que merece la pena. Tambi\u00e9n es el punto de partida de numerosos parapentes, lo que constituye todo un espect\u00e1culo. Hicimos nuestras fotos desde la pista de despegue de parapentes del hotel Edelweiss. \u00a1La vista era impresionante!<\/p>\n<img decoding=\"async\" class=\"alignnone size-full wp-image-16705\" src=\"https:\/\/decouvrirensemble.com\/wp-content\/uploads\/2022\/03\/col-de-la-forclaz-haute-savoie.jpg\" alt=\"col de la forclaz\" width=\"1800\" height=\"1200\" srcset=\"https:\/\/decouvrirensemble.com\/wp-content\/uploads\/2022\/03\/col-de-la-forclaz-haute-savoie.jpg 1800w, https:\/\/decouvrirensemble.com\/wp-content\/uploads\/2022\/03\/col-de-la-forclaz-haute-savoie-300x200.jpg 300w, https:\/\/decouvrirensemble.com\/wp-content\/uploads\/2022\/03\/col-de-la-forclaz-haute-savoie-1024x683.jpg 1024w, https:\/\/decouvrirensemble.com\/wp-content\/uploads\/2022\/03\/col-de-la-forclaz-haute-savoie-768x512.jpg 768w, https:\/\/decouvrirensemble.com\/wp-content\/uploads\/2022\/03\/col-de-la-forclaz-haute-savoie-1536x1024.jpg 1536w\" sizes=\"(max-width: 1800px) 100vw, 1800px\" \/>\n<img decoding=\"async\" class=\"alignnone size-full wp-image-16717\" src=\"https:\/\/decouvrirensemble.com\/wp-content\/uploads\/2022\/03\/visiter-annecy-col-de-la-forclaz-coucher-de-soleil.jpg\" alt=\"col de la forclaz\" width=\"1800\" height=\"1200\" srcset=\"https:\/\/decouvrirensemble.com\/wp-content\/uploads\/2022\/03\/visiter-annecy-col-de-la-forclaz-coucher-de-soleil.jpg 1800w, https:\/\/decouvrirensemble.com\/wp-content\/uploads\/2022\/03\/visiter-annecy-col-de-la-forclaz-coucher-de-soleil-300x200.jpg 300w, https:\/\/decouvrirensemble.com\/wp-content\/uploads\/2022\/03\/visiter-annecy-col-de-la-forclaz-coucher-de-soleil-1024x683.jpg 1024w, https:\/\/decouvrirensemble.com\/wp-content\/uploads\/2022\/03\/visiter-annecy-col-de-la-forclaz-coucher-de-soleil-768x512.jpg 768w, https:\/\/decouvrirensemble.com\/wp-content\/uploads\/2022\/03\/visiter-annecy-col-de-la-forclaz-coucher-de-soleil-1536x1024.jpg 1536w\" sizes=\"(max-width: 1800px) 100vw, 1800px\" \/>\n<h3><span class=\"ez-toc-section\" id=\"5_La_reserva_al_final_del_lago_de_Annecy\"><\/span>5. La reserva al final del lago de Annecy<span class=\"ez-toc-section-end\"><\/span><\/h3>\n<p>Esta gran reserva natural salvaje de casi 85 hect\u00e1reas es muy conocida en Alta Saboya. Esta zona virgen alrededor del lago bien merece una visita. Bosques, arroyos y praderas esperan su visita. La flora y la fauna son incre\u00edbles, y seguro que se topar\u00e1 con un gran n\u00famero de aves. La reserva dispone de aparcamiento y se puede explorar libremente. Una gran idea para pasear cuando se visita Annecy y sus alrededores.<\/p>\n<img decoding=\"async\" class=\"alignnone size-full wp-image-16714\" src=\"https:\/\/decouvrirensemble.com\/wp-content\/uploads\/2022\/03\/reserve-du-bout-du-lac-d-annecy.jpg\" alt=\"reserve du bout du lac\" width=\"1800\" height=\"1200\" srcset=\"https:\/\/decouvrirensemble.com\/wp-content\/uploads\/2022\/03\/reserve-du-bout-du-lac-d-annecy.jpg 1800w, https:\/\/decouvrirensemble.com\/wp-content\/uploads\/2022\/03\/reserve-du-bout-du-lac-d-annecy-300x200.jpg 300w, https:\/\/decouvrirensemble.com\/wp-content\/uploads\/2022\/03\/reserve-du-bout-du-lac-d-annecy-1024x683.jpg 1024w, https:\/\/decouvrirensemble.com\/wp-content\/uploads\/2022\/03\/reserve-du-bout-du-lac-d-annecy-768x512.jpg 768w, https:\/\/decouvrirensemble.com\/wp-content\/uploads\/2022\/03\/reserve-du-bout-du-lac-d-annecy-1536x1024.jpg 1536w\" sizes=\"(max-width: 1800px) 100vw, 1800px\" \/>\n<h3><span class=\"ez-toc-section\" id=\"6_Castillo_de_Menthon_Saint-Bernard\"><\/span>6. Castillo de Menthon Saint-Bernard<span class=\"ez-toc-section-end\"><\/span><\/h3>\n<p>Este es el castillo que inspir\u00f3 a Walt Disney para escribir La Bella Durmiente. Ocupado por la misma familia desde hace casi 1.000 a\u00f1os, el castillo es un monumento emblem\u00e1tico de Saboya. Se puede visitar de abril a mediados de noviembre, por 11 euros por adulto y 6 euros por ni\u00f1o. Cerrado en el momento de nuestra visita, nos conformamos con admirarlo desde fuera, \u00a1y ya val\u00eda la pena desviarse!<\/p>\n<p>Si quieres un buen punto de vista desde el que fotografiarlo, te recomendamos que te detengas en el aparcamiento que hay justo antes del Col de Bluffy.<\/p>\n<img decoding=\"async\" class=\"alignnone size-full wp-image-16732\" src=\"https:\/\/decouvrirensemble.com\/wp-content\/uploads\/2022\/03\/chateau-de-Menthon-Saint-Bernard.jpg\" alt=\"Chateau de Menthon Saint bernard\" width=\"1800\" height=\"1200\" srcset=\"https:\/\/decouvrirensemble.com\/wp-content\/uploads\/2022\/03\/chateau-de-Menthon-Saint-Bernard.jpg 1800w, https:\/\/decouvrirensemble.com\/wp-content\/uploads\/2022\/03\/chateau-de-Menthon-Saint-Bernard-300x200.jpg 300w, https:\/\/decouvrirensemble.com\/wp-content\/uploads\/2022\/03\/chateau-de-Menthon-Saint-Bernard-1024x683.jpg 1024w, https:\/\/decouvrirensemble.com\/wp-content\/uploads\/2022\/03\/chateau-de-Menthon-Saint-Bernard-768x512.jpg 768w, https:\/\/decouvrirensemble.com\/wp-content\/uploads\/2022\/03\/chateau-de-Menthon-Saint-Bernard-1536x1024.jpg 1536w\" sizes=\"(max-width: 1800px) 100vw, 1800px\" \/>\n<img decoding=\"async\" class=\"alignnone size-full wp-image-16731\" src=\"https:\/\/decouvrirensemble.com\/wp-content\/uploads\/2022\/03\/chateau-de-Menthon-Saint-Bernard-Annecy.jpg\" alt=\"Chateau de Menthon Saint bernard\" width=\"1800\" height=\"1200\" srcset=\"https:\/\/decouvrirensemble.com\/wp-content\/uploads\/2022\/03\/chateau-de-Menthon-Saint-Bernard-Annecy.jpg 1800w, https:\/\/decouvrirensemble.com\/wp-content\/uploads\/2022\/03\/chateau-de-Menthon-Saint-Bernard-Annecy-300x200.jpg 300w, https:\/\/decouvrirensemble.com\/wp-content\/uploads\/2022\/03\/chateau-de-Menthon-Saint-Bernard-Annecy-1024x683.jpg 1024w, https:\/\/decouvrirensemble.com\/wp-content\/uploads\/2022\/03\/chateau-de-Menthon-Saint-Bernard-Annecy-768x512.jpg 768w, https:\/\/decouvrirensemble.com\/wp-content\/uploads\/2022\/03\/chateau-de-Menthon-Saint-Bernard-Annecy-1536x1024.jpg 1536w\" sizes=\"(max-width: 1800px) 100vw, 1800px\" \/>\n<h3><span class=\"ez-toc-section\" id=\"7_Playa_de_Talloires\"><\/span>7. Playa de Talloires<span class=\"ez-toc-section-end\"><\/span><\/h3>\n<p>Situado en la orilla derecha de Annecy, el pueblo de Talloires recibe el sobrenombre de \u00abla perla del lago\u00bb. Nos encant\u00f3 descubrir su playa y su mirador, \u00a1todo un cambio de aires! Los famosos estaban, y siguen estando, como en casa en Talloires, en el Auberge du P\u00e8re Bise, un precioso establecimiento cerca del lago.<\/p>\n<img decoding=\"async\" class=\"alignnone size-full wp-image-16734\" src=\"https:\/\/decouvrirensemble.com\/wp-content\/uploads\/2022\/03\/plage-de-Talloires.jpg\" alt=\"Plage de Talloires\" width=\"1800\" height=\"1200\" srcset=\"https:\/\/decouvrirensemble.com\/wp-content\/uploads\/2022\/03\/plage-de-Talloires.jpg 1800w, https:\/\/decouvrirensemble.com\/wp-content\/uploads\/2022\/03\/plage-de-Talloires-300x200.jpg 300w, https:\/\/decouvrirensemble.com\/wp-content\/uploads\/2022\/03\/plage-de-Talloires-1024x683.jpg 1024w, https:\/\/decouvrirensemble.com\/wp-content\/uploads\/2022\/03\/plage-de-Talloires-768x512.jpg 768w, https:\/\/decouvrirensemble.com\/wp-content\/uploads\/2022\/03\/plage-de-Talloires-1536x1024.jpg 1536w\" sizes=\"(max-width: 1800px) 100vw, 1800px\" \/>\n<img decoding=\"async\" class=\"alignnone size-full wp-image-16733\" src=\"https:\/\/decouvrirensemble.com\/wp-content\/uploads\/2022\/03\/plage-de-Talloires-Annecy.jpg\" alt=\"plage de Talloires Annecy\" width=\"1800\" height=\"1200\" srcset=\"https:\/\/decouvrirensemble.com\/wp-content\/uploads\/2022\/03\/plage-de-Talloires-Annecy.jpg 1800w, https:\/\/decouvrirensemble.com\/wp-content\/uploads\/2022\/03\/plage-de-Talloires-Annecy-300x200.jpg 300w, https:\/\/decouvrirensemble.com\/wp-content\/uploads\/2022\/03\/plage-de-Talloires-Annecy-1024x683.jpg 1024w, https:\/\/decouvrirensemble.com\/wp-content\/uploads\/2022\/03\/plage-de-Talloires-Annecy-768x512.jpg 768w, https:\/\/decouvrirensemble.com\/wp-content\/uploads\/2022\/03\/plage-de-Talloires-Annecy-1536x1024.jpg 1536w\" sizes=\"(max-width: 1800px) 100vw, 1800px\" \/>\n<h3><span class=\"ez-toc-section\" id=\"8_La_cueva_de_los_Sarrasins\"><\/span>8. La cueva de los Sarrasins<span class=\"ez-toc-section-end\"><\/span><\/h3>\n<p>Si quiere visitar Annecy en 3 d\u00edas, tendr\u00e1 tiempo de descubrir un lugar secreto que ofrece una magn\u00edfica vista sobre el lago. La cueva de los Sarrasins se encuentra en la localidad de Veyrier-du-Lac. Para llegar, hay que seguir unas indicaciones precisas. Si quieres inspirarte con las preciosas fotos y saberlo todo sobre c\u00f3mo llegar, te recomendamos que leas el art\u00edculo completo <a href=\"https:\/\/unmondedeuxdindes.com\/2021\/03\/28\/le-secret-spot-du-lac-dannecy-la-grotte-des-sarrasins\/\" rel=\"noopener\">sobre la gruta<\/a> de <a href=\"https:\/\/unmondedeuxdindes.com\/2021\/03\/28\/le-secret-spot-du-lac-dannecy-la-grotte-des-sarrasins\/\" rel=\"noopener\">los sar<\/a> racenos de nuestros compa\u00f1eros blogueros, Un Monde, Deux Dindes.<\/p>\n<blockquote class=\"tiktok-embed\" style=\"max-width: 605px; min-width: 325px;\" cite=\"https:\/\/www.tiktok.com\/@2tetesenlair\/video\/7268954311873580293\" data-video-id=\"7268954311873580293\">\n<section><a title=\"@2tetesenlair\" href=\"https:\/\/www.tiktok.com\/@2tetesenlair?refer=embed\" rel=\"noopener\">@2tetesenlair<\/a> La rando de la grotte des sarrasins a Annecy <a title=\"grotte\" href=\"https:\/\/www.tiktok.com\/tag\/grotte?refer=embed\" rel=\"noopener\">#grotte<\/a> <a title=\"grottedessarrasins\" href=\"https:\/\/www.tiktok.com\/tag\/grottedessarrasins?refer=embed\" rel=\"noopener\">#grottedessarrasins<\/a> <a title=\"annecy\" href=\"https:\/\/www.tiktok.com\/tag\/annecy?refer=embed\" rel=\"noopener\">#annecy<\/a> <a title=\"france\" href=\"https:\/\/www.tiktok.com\/tag\/france?refer=embed\" rel=\"noopener\">#france<\/a> <a title=\"tiktoktravel\" href=\"https:\/\/www.tiktok.com\/tag\/tiktoktravel?refer=embed\" rel=\"noopener\">#tiktoktravel<\/a> <a title=\"coupletravel\" href=\"https:\/\/www.tiktok.com\/tag\/coupletravel?refer=embed\" rel=\"noopener\">#coupletravel<\/a> <a title=\"\u266c son original - Eva &amp; Mika\" href=\"https:\/\/www.tiktok.com\/music\/son-original-7268954320501328645?refer=embed\" rel=\"noopener\">\u266c sonido original &#8211; Eva &amp; Mika<\/a><\/section>\n<\/blockquote>\n<p><script async=\"\" src=\"https:\/\/www.tiktok.com\/embed.js\"><\/script><\/p>\n<h2 id=\"dormir\"><span class=\"ez-toc-section\" id=\"%C2%BFDonde_alojarse_para_visitar_Annecy_en_Francia\"><\/span>\u00bfD\u00f3nde alojarse para visitar Annecy en Francia?<span class=\"ez-toc-section-end\"><\/span><\/h2>\n<h3><span class=\"ez-toc-section\" id=\"Hotel_Beauregard_Annecy_Los_Originales\"><\/span>H\u00f4tel Beauregard Annecy Los Originales<span class=\"ez-toc-section-end\"><\/span><\/h3>\n<p>Durante toda nuestra estancia, nos alojamos en el H\u00f4tel Beauregard, que forma parte de <a href=\"https:\/\/www.theoriginalshotels.com\/hotels\/annecy-sud-beauregard\" rel=\"noopener\">la cooperativa The Originals<\/a>. Su mayor ventaja es su ubicaci\u00f3n. Frente al lago, la vista es simplemente incre\u00edble. Est\u00e1 situado en S\u00e9vrier, a pocos minutos en coche o en bicicleta del casco antiguo de Annecy, por lo que podr\u00e1 disfrutar de la tranquilidad sin dejar de estar muy cerca del centro de la ciudad.<\/p>\n<p>Las habitaciones son amplias y confortables, con balcones soleados. Tambi\u00e9n tiene la opci\u00f3n de reservar una sesi\u00f3n de una hora en el Spa N\u00f3rdico con jacuzzi exterior y sauna con vistas para un momento de relax.<\/p>\n<p>El hotel tambi\u00e9n proporciona bicicletas para disfrutar de los alrededores durante todo el fin de semana, \u00a1as\u00ed que no dude en pedirlas!<\/p>\n<p>Tambi\u00e9n hay un excelente restaurante, La Boussole, con un delicioso men\u00fa. Perfecto para comer con vistas al lago o cenar despu\u00e9s de un d\u00eda paseando por Annecy. En verano, se habilita una gran terraza, \u00a1as\u00ed que debe ser a\u00fan m\u00e1s m\u00e1gico!<\/p>\n    <div class=\"niceButton\"><a href=\"https:\/\/www.booking.com\/hotel\/fr\/inter-beauregard.fr.html?aid=1286053\" target=\"_blank\" class=\"emojiLink\">\n                    <span class=\"emojiLink__emoji\">\u2764\ufe0f<\/span>\n                <span class=\"emojiLink__title title title--big\">Ver disponibilidad<\/span>\n    <\/a><\/div>\n\n    \n<img decoding=\"async\" class=\"alignnone size-full wp-image-16738\" src=\"https:\/\/decouvrirensemble.com\/wp-content\/uploads\/2022\/03\/Hotel_Annecy_Beauregard_Sevrier.jpg\" alt=\"Hotel Annecy\" width=\"1800\" height=\"1200\" srcset=\"https:\/\/decouvrirensemble.com\/wp-content\/uploads\/2022\/03\/Hotel_Annecy_Beauregard_Sevrier.jpg 1800w, https:\/\/decouvrirensemble.com\/wp-content\/uploads\/2022\/03\/Hotel_Annecy_Beauregard_Sevrier-300x200.jpg 300w, https:\/\/decouvrirensemble.com\/wp-content\/uploads\/2022\/03\/Hotel_Annecy_Beauregard_Sevrier-1024x683.jpg 1024w, https:\/\/decouvrirensemble.com\/wp-content\/uploads\/2022\/03\/Hotel_Annecy_Beauregard_Sevrier-768x512.jpg 768w, https:\/\/decouvrirensemble.com\/wp-content\/uploads\/2022\/03\/Hotel_Annecy_Beauregard_Sevrier-1536x1024.jpg 1536w\" sizes=\"(max-width: 1800px) 100vw, 1800px\" \/>\n<img decoding=\"async\" class=\"alignnone wp-image-16726 size-full\" src=\"https:\/\/decouvrirensemble.com\/wp-content\/uploads\/2022\/03\/spa-hotel-beauregard-annecy-ou-dormir.jpg\" alt=\"visiter annecy\" width=\"1800\" height=\"1200\" srcset=\"https:\/\/decouvrirensemble.com\/wp-content\/uploads\/2022\/03\/spa-hotel-beauregard-annecy-ou-dormir.jpg 1800w, https:\/\/decouvrirensemble.com\/wp-content\/uploads\/2022\/03\/spa-hotel-beauregard-annecy-ou-dormir-300x200.jpg 300w, https:\/\/decouvrirensemble.com\/wp-content\/uploads\/2022\/03\/spa-hotel-beauregard-annecy-ou-dormir-1024x683.jpg 1024w, https:\/\/decouvrirensemble.com\/wp-content\/uploads\/2022\/03\/spa-hotel-beauregard-annecy-ou-dormir-768x512.jpg 768w, https:\/\/decouvrirensemble.com\/wp-content\/uploads\/2022\/03\/spa-hotel-beauregard-annecy-ou-dormir-1536x1024.jpg 1536w\" sizes=\"(max-width: 1800px) 100vw, 1800px\" \/>\n<img decoding=\"async\" class=\"alignnone size-full wp-image-16721\" src=\"https:\/\/decouvrirensemble.com\/wp-content\/uploads\/2022\/03\/visiter-annecy-ou-dormir-hotel-beauregard-annecy-the-originals.jpg\" alt=\"spa annecy\" width=\"1800\" height=\"1200\" srcset=\"https:\/\/decouvrirensemble.com\/wp-content\/uploads\/2022\/03\/visiter-annecy-ou-dormir-hotel-beauregard-annecy-the-originals.jpg 1800w, https:\/\/decouvrirensemble.com\/wp-content\/uploads\/2022\/03\/visiter-annecy-ou-dormir-hotel-beauregard-annecy-the-originals-300x200.jpg 300w, https:\/\/decouvrirensemble.com\/wp-content\/uploads\/2022\/03\/visiter-annecy-ou-dormir-hotel-beauregard-annecy-the-originals-1024x683.jpg 1024w, https:\/\/decouvrirensemble.com\/wp-content\/uploads\/2022\/03\/visiter-annecy-ou-dormir-hotel-beauregard-annecy-the-originals-768x512.jpg 768w, https:\/\/decouvrirensemble.com\/wp-content\/uploads\/2022\/03\/visiter-annecy-ou-dormir-hotel-beauregard-annecy-the-originals-1536x1024.jpg 1536w\" sizes=\"(max-width: 1800px) 100vw, 1800px\" \/>\n<h2 id=\"manger\"><span class=\"ez-toc-section\" id=\"%C2%BFDonde_comer_en_Annecy_Francia\"><\/span>\u00bfD\u00f3nde comer en Annecy (Francia)?<span class=\"ez-toc-section-end\"><\/span><\/h2>\n<h3><span class=\"ez-toc-section\" id=\"1_Restaurante_la_Boussole_Annecy\"><\/span>1. Restaurante la Boussole Annecy<span class=\"ez-toc-section-end\"><\/span><\/h3>\n<p>Como hemos mencionado antes en el art\u00edculo, <a href=\"https:\/\/maps.app.goo.gl\/9vUkJhquPYonbMiw6\">el restaurante La Boussole<\/a> se encuentra en el hotel Beauregard, pero se puede comer o cenar all\u00ed sin alojarse en el hotel. El restaurante ofrece una vista panor\u00e1mica del lago. Todos los platos y entrantes nos parecieron deliciosos, con productos de temporada cocinados con delicadeza. \u00a1Se puede ir con los ojos cerrados!<\/p>\n<img decoding=\"async\" class=\"alignnone size-full wp-image-16707\" src=\"https:\/\/decouvrirensemble.com\/wp-content\/uploads\/2022\/03\/ou-manger-a-annecy-hotel-beauregard-restaurant-la-boussole.jpg\" alt=\"restaurant la boussole\" width=\"1800\" height=\"1200\" srcset=\"https:\/\/decouvrirensemble.com\/wp-content\/uploads\/2022\/03\/ou-manger-a-annecy-hotel-beauregard-restaurant-la-boussole.jpg 1800w, https:\/\/decouvrirensemble.com\/wp-content\/uploads\/2022\/03\/ou-manger-a-annecy-hotel-beauregard-restaurant-la-boussole-300x200.jpg 300w, https:\/\/decouvrirensemble.com\/wp-content\/uploads\/2022\/03\/ou-manger-a-annecy-hotel-beauregard-restaurant-la-boussole-1024x683.jpg 1024w, https:\/\/decouvrirensemble.com\/wp-content\/uploads\/2022\/03\/ou-manger-a-annecy-hotel-beauregard-restaurant-la-boussole-768x512.jpg 768w, https:\/\/decouvrirensemble.com\/wp-content\/uploads\/2022\/03\/ou-manger-a-annecy-hotel-beauregard-restaurant-la-boussole-1536x1024.jpg 1536w\" sizes=\"(max-width: 1800px) 100vw, 1800px\" \/>\n<h3><span class=\"ez-toc-section\" id=\"2_Boulangerie_Rouge_en_Annecy\"><\/span>2. Boulangerie Rouge en Annecy<span class=\"ez-toc-section-end\"><\/span><\/h3>\n<p>Una <a href=\"https:\/\/maps.app.goo.gl\/XX3LaPZTNaA8pjaM6\" rel=\"noopener\">deliciosa panader\u00eda<\/a> con un brioche de pralin\u00e9 que bien merece una visita. Hicimos un picnic all\u00ed y lo disfrutamos a orillas del lago durante nuestro paseo en bicicleta.<\/p>\n<img decoding=\"async\" class=\"alignnone size-full wp-image-16719\" src=\"https:\/\/decouvrirensemble.com\/wp-content\/uploads\/2022\/03\/visiter-annecy-en-3-jours-ou-manger-boulangerie-rouge.jpg\" alt=\"lac annecy\" width=\"1800\" height=\"1200\" srcset=\"https:\/\/decouvrirensemble.com\/wp-content\/uploads\/2022\/03\/visiter-annecy-en-3-jours-ou-manger-boulangerie-rouge.jpg 1800w, https:\/\/decouvrirensemble.com\/wp-content\/uploads\/2022\/03\/visiter-annecy-en-3-jours-ou-manger-boulangerie-rouge-300x200.jpg 300w, https:\/\/decouvrirensemble.com\/wp-content\/uploads\/2022\/03\/visiter-annecy-en-3-jours-ou-manger-boulangerie-rouge-1024x683.jpg 1024w, https:\/\/decouvrirensemble.com\/wp-content\/uploads\/2022\/03\/visiter-annecy-en-3-jours-ou-manger-boulangerie-rouge-768x512.jpg 768w, https:\/\/decouvrirensemble.com\/wp-content\/uploads\/2022\/03\/visiter-annecy-en-3-jours-ou-manger-boulangerie-rouge-1536x1024.jpg 1536w\" sizes=\"(max-width: 1800px) 100vw, 1800px\" \/>\n<h3><span class=\"ez-toc-section\" id=\"Otras_buenas_direcciones_de_restaurantes\"><\/span>Otras buenas direcciones de restaurantes<span class=\"ez-toc-section-end\"><\/span><\/h3>\n<p>Aqu\u00ed tiene varias direcciones de restaurantes que nos recomendaron en Annecy pero que no tuvimos tiempo de probar. Las tendremos en cuenta para nuestra pr\u00f3xima visita.<\/p>\n<ul>\n<li><a href=\"https:\/\/maps.app.goo.gl\/mVvkk7KBqkxtjd9U6\" rel=\"noopener\">Le chalet<\/a>: el lugar ideal para tomar una raclette o una fondue.<\/li>\n<li><a href=\"https:\/\/maps.app.goo.gl\/mTnSAXu7RAaLbH1DA\" rel=\"noopener\">Bon pain bon vin<\/a>: un bar de vinos muy acogedor.<\/li>\n<li><a href=\"https:\/\/maps.app.goo.gl\/ys6qRPygxqrEXe33A\" rel=\"noopener\">Le petit paradis<\/a>: restaurante a orillas del lago.<\/li>\n<li><a href=\"https:\/\/maps.app.goo.gl\/L7y2cxDvfkXwwD5QA\" rel=\"noopener\">Chez ingalls<\/a>: una encantadora brasserie en Annecy.<\/li>\n<\/ul>\n<p>Direcciones de brunch y cafeter\u00eda :<\/p>\n<ul>\n<li class=\"p1\"><a href=\"https:\/\/maps.app.goo.gl\/UuzWHRXQau3bhHCKA\" rel=\"noopener\">Kia ora<\/a><\/li>\n<li class=\"p1\"><a href=\"https:\/\/maps.app.goo.gl\/xHvUrom6Y34RkXNp7\" rel=\"noopener\">Haven<\/a><\/li>\n<li class=\"p1\"><a href=\"https:\/\/maps.app.goo.gl\/7nP2zMyEq8XoE2s36\" rel=\"noopener\">La bicicleta rosa<\/a><\/li>\n<li class=\"p1\"><a href=\"https:\/\/maps.app.goo.gl\/MzhDS8ExUYV4fezG7\" rel=\"noopener\">Caf\u00e9 de t\u00e9 con leche<\/a><\/li>\n<\/ul>\n<img decoding=\"async\" class=\"alignnone size-full wp-image-16712\" src=\"https:\/\/decouvrirensemble.com\/wp-content\/uploads\/2022\/03\/que-faire-a-annecy-lac-itineraire.jpg\" alt=\"itineraire annecy\" width=\"1800\" height=\"1200\" srcset=\"https:\/\/decouvrirensemble.com\/wp-content\/uploads\/2022\/03\/que-faire-a-annecy-lac-itineraire.jpg 1800w, https:\/\/decouvrirensemble.com\/wp-content\/uploads\/2022\/03\/que-faire-a-annecy-lac-itineraire-300x200.jpg 300w, https:\/\/decouvrirensemble.com\/wp-content\/uploads\/2022\/03\/que-faire-a-annecy-lac-itineraire-1024x683.jpg 1024w, https:\/\/decouvrirensemble.com\/wp-content\/uploads\/2022\/03\/que-faire-a-annecy-lac-itineraire-768x512.jpg 768w, https:\/\/decouvrirensemble.com\/wp-content\/uploads\/2022\/03\/que-faire-a-annecy-lac-itineraire-1536x1024.jpg 1536w\" sizes=\"(max-width: 1800px) 100vw, 1800px\" \/>\n<img decoding=\"async\" class=\"alignnone wp-image-16711 size-full\" src=\"https:\/\/decouvrirensemble.com\/wp-content\/uploads\/2022\/03\/que-faire-a-annecy-et-ses-alentours-le-col-de-la-forclaz.jpg\" alt=\"visiter Annecy en 3 jours\" width=\"1800\" height=\"1200\" srcset=\"https:\/\/decouvrirensemble.com\/wp-content\/uploads\/2022\/03\/que-faire-a-annecy-et-ses-alentours-le-col-de-la-forclaz.jpg 1800w, https:\/\/decouvrirensemble.com\/wp-content\/uploads\/2022\/03\/que-faire-a-annecy-et-ses-alentours-le-col-de-la-forclaz-300x200.jpg 300w, https:\/\/decouvrirensemble.com\/wp-content\/uploads\/2022\/03\/que-faire-a-annecy-et-ses-alentours-le-col-de-la-forclaz-1024x683.jpg 1024w, https:\/\/decouvrirensemble.com\/wp-content\/uploads\/2022\/03\/que-faire-a-annecy-et-ses-alentours-le-col-de-la-forclaz-768x512.jpg 768w, https:\/\/decouvrirensemble.com\/wp-content\/uploads\/2022\/03\/que-faire-a-annecy-et-ses-alentours-le-col-de-la-forclaz-1536x1024.jpg 1536w\" sizes=\"(max-width: 1800px) 100vw, 1800px\" \/>\n<p>[merci]<\/p>\n\n\n<div class=\"kk-star-ratings kksr-auto kksr-align-left kksr-valign-bottom\"\n    data-payload='{&quot;align&quot;:&quot;left&quot;,&quot;id&quot;:&quot;57993&quot;,&quot;slug&quot;:&quot;default&quot;,&quot;valign&quot;:&quot;bottom&quot;,&quot;ignore&quot;:&quot;&quot;,&quot;reference&quot;:&quot;auto&quot;,&quot;class&quot;:&quot;&quot;,&quot;count&quot;:&quot;36&quot;,&quot;legendonly&quot;:&quot;&quot;,&quot;readonly&quot;:&quot;&quot;,&quot;score&quot;:&quot;4.6&quot;,&quot;starsonly&quot;:&quot;&quot;,&quot;best&quot;:&quot;5&quot;,&quot;gap&quot;:&quot;4&quot;,&quot;greet&quot;:&quot;Sea el primero en valorar esta entrada de blog.&quot;,&quot;legend&quot;:&quot;4.6\\\/5 - (36 votos)&quot;,&quot;size&quot;:&quot;21&quot;,&quot;title&quot;:&quot;Qu\u00e9 ver en Annecy, Francia: mejores lugares&quot;,&quot;width&quot;:&quot;113&quot;,&quot;_legend&quot;:&quot;{score}\\\/{best} - ({count} {votes})&quot;,&quot;font_factor&quot;:&quot;1.25&quot;}'>\n            \n<div class=\"kksr-stars\">\n    \n<div class=\"kksr-stars-inactive\">\n            <div class=\"kksr-star\" data-star=\"1\" style=\"padding-right: 4px\">\n            \n\n<div class=\"kksr-icon\" style=\"width: 21px; height: 21px;\"><\/div>\n        <\/div>\n            <div class=\"kksr-star\" data-star=\"2\" style=\"padding-right: 4px\">\n            \n\n<div class=\"kksr-icon\" style=\"width: 21px; height: 21px;\"><\/div>\n        <\/div>\n            <div class=\"kksr-star\" data-star=\"3\" style=\"padding-right: 4px\">\n            \n\n<div class=\"kksr-icon\" style=\"width: 21px; height: 21px;\"><\/div>\n        <\/div>\n            <div class=\"kksr-star\" data-star=\"4\" style=\"padding-right: 4px\">\n            \n\n<div class=\"kksr-icon\" style=\"width: 21px; height: 21px;\"><\/div>\n        <\/div>\n            <div class=\"kksr-star\" data-star=\"5\" style=\"padding-right: 4px\">\n            \n\n<div class=\"kksr-icon\" style=\"width: 21px; height: 21px;\"><\/div>\n        <\/div>\n    <\/div>\n    \n<div class=\"kksr-stars-active\" style=\"width: 113px;\">\n            <div class=\"kksr-star\" style=\"padding-right: 4px\">\n            \n\n<div class=\"kksr-icon\" style=\"width: 21px; height: 21px;\"><\/div>\n        <\/div>\n            <div class=\"kksr-star\" style=\"padding-right: 4px\">\n            \n\n<div class=\"kksr-icon\" style=\"width: 21px; height: 21px;\"><\/div>\n        <\/div>\n            <div class=\"kksr-star\" style=\"padding-right: 4px\">\n            \n\n<div class=\"kksr-icon\" style=\"width: 21px; height: 21px;\"><\/div>\n        <\/div>\n            <div class=\"kksr-star\" style=\"padding-right: 4px\">\n            \n\n<div class=\"kksr-icon\" style=\"width: 21px; height: 21px;\"><\/div>\n        <\/div>\n            <div class=\"kksr-star\" style=\"padding-right: 4px\">\n            \n\n<div class=\"kksr-icon\" style=\"width: 21px; height: 21px;\"><\/div>\n        <\/div>\n    <\/div>\n<\/div>\n                \n\n<div class=\"kksr-legend\" style=\"font-size: 16.8px;\">\n            4.6\/5 - (36 votos)    <\/div>\n    <\/div>\n","protected":false},"excerpt":{"rendered":"<p>\u00bfQu\u00e9 tal una visita de 3 d\u00edas a Annecy para respirar el aire puro de la monta\u00f1a y admirar su famoso lago? Descubrimos este bello destino en marzo y enseguida ca\u00edmos rendidos a sus encantos. Entre la belleza del paisaje y el casco antiguo de Annecy, \u00a1es dif\u00edcil no enamorarse! <\/p>\n","protected":false},"author":1,"featured_media":47796,"comment_status":"open","ping_status":"closed","sticky":false,"template":"","format":"standard","meta":{"_acf_changed":false,"_lmt_disableupdate":"no","_lmt_disable":"no","footnotes":""},"categories":[502,462],"tags":[],"class_list":["post-57993","post","type-post","status-publish","format-standard","has-post-thumbnail","hentry","category-francia","category-guias-de-viajes"],"acf":[],"yoast_head":"<!-- This site is optimized with the Yoast SEO plugin v27.4 - https:\/\/yoast.com\/product\/yoast-seo-wordpress\/ -->\n<title>Qu\u00e9 ver en Annecy, Francia: mejores lugares - Blog voyage<\/title>\n<meta name=\"description\" content=\"Annecy en Francia: descubra los lugares imprescindibles. \u00bfQu\u00e9 ver en Annecy y sus alrededores? Desc\u00fabralo en nuestro blog de viajes.\" \/>\n<meta name=\"robots\" content=\"index, follow, max-snippet:-1, max-image-preview:large, max-video-preview:-1\" \/>\n<link rel=\"canonical\" href=\"https:\/\/decouvrirensemble.com\/es\/que-ver-en-annecy-francia\" \/>\n<meta property=\"og:locale\" content=\"es_ES\" \/>\n<meta property=\"og:type\" content=\"article\" \/>\n<meta property=\"og:title\" content=\"Qu\u00e9 ver en Annecy, Francia: mejores lugares - Blog voyage\" \/>\n<meta property=\"og:description\" content=\"Annecy en Francia: descubra los lugares imprescindibles. \u00bfQu\u00e9 ver en Annecy y sus alrededores? Desc\u00fabralo en nuestro blog de viajes.\" \/>\n<meta property=\"og:url\" content=\"https:\/\/decouvrirensemble.com\/es\/que-ver-en-annecy-francia\" \/>\n<meta property=\"og:site_name\" content=\"Blog Voyage - D\u00e9couvrir Ensemble\" \/>\n<meta property=\"article:published_time\" content=\"2022-03-28T12:26:07+00:00\" \/>\n<meta property=\"article:modified_time\" content=\"2026-04-17T10:17:28+00:00\" \/>\n<meta property=\"og:image\" content=\"https:\/\/decouvrirensemble.com\/wp-content\/uploads\/2022\/03\/visiter-annecy-en-3-jours-blog-voyage.jpg\" \/>\n\t<meta property=\"og:image:width\" content=\"1800\" \/>\n\t<meta property=\"og:image:height\" content=\"1350\" \/>\n\t<meta property=\"og:image:type\" content=\"image\/jpeg\" \/>\n<meta name=\"author\" content=\"Cl\u00e9mence &amp; Alexandre\" \/>\n<meta name=\"twitter:card\" content=\"summary_large_image\" \/>\n<meta name=\"twitter:creator\" content=\"@dcouvrirensmble\" \/>\n<meta name=\"twitter:site\" content=\"@dcouvrirensmble\" \/>\n<meta name=\"twitter:label1\" content=\"Escrito por\" \/>\n\t<meta name=\"twitter:data1\" content=\"Cl\u00e9mence &amp; Alexandre\" \/>\n\t<meta name=\"twitter:label2\" content=\"Tiempo de lectura\" \/>\n\t<meta name=\"twitter:data2\" content=\"11 minutos\" \/>\n<script type=\"application\/ld+json\" class=\"yoast-schema-graph\">{\"@context\":\"https:\\\/\\\/schema.org\",\"@graph\":[{\"@type\":\"Article\",\"@id\":\"https:\\\/\\\/decouvrirensemble.com\\\/es\\\/que-ver-en-annecy-francia#article\",\"isPartOf\":{\"@id\":\"https:\\\/\\\/decouvrirensemble.com\\\/es\\\/que-ver-en-annecy-francia\"},\"author\":{\"name\":\"Cl\u00e9mence &amp; Alexandre\",\"@id\":\"https:\\\/\\\/decouvrirensemble.com\\\/es#\\\/schema\\\/person\\\/a53efd44d02eb7f9ab90f96e84a9d2ba\"},\"headline\":\"Qu\u00e9 ver en Annecy, Francia: mejores lugares\",\"datePublished\":\"2022-03-28T12:26:07+00:00\",\"dateModified\":\"2026-04-17T10:17:28+00:00\",\"mainEntityOfPage\":{\"@id\":\"https:\\\/\\\/decouvrirensemble.com\\\/es\\\/que-ver-en-annecy-francia\"},\"wordCount\":1375,\"commentCount\":0,\"publisher\":{\"@id\":\"https:\\\/\\\/decouvrirensemble.com\\\/es#\\\/schema\\\/person\\\/a53efd44d02eb7f9ab90f96e84a9d2ba\"},\"image\":{\"@id\":\"https:\\\/\\\/decouvrirensemble.com\\\/es\\\/que-ver-en-annecy-francia#primaryimage\"},\"thumbnailUrl\":\"https:\\\/\\\/decouvrirensemble.com\\\/wp-content\\\/uploads\\\/2022\\\/03\\\/visiter-annecy-en-3-jours-blog-voyage.jpg\",\"articleSection\":[\"Francia\",\"Gu\u00edas de viajes\"],\"inLanguage\":\"es\",\"potentialAction\":[{\"@type\":\"CommentAction\",\"name\":\"Comment\",\"target\":[\"https:\\\/\\\/decouvrirensemble.com\\\/es\\\/que-ver-en-annecy-francia#respond\"]}]},{\"@type\":\"WebPage\",\"@id\":\"https:\\\/\\\/decouvrirensemble.com\\\/es\\\/que-ver-en-annecy-francia\",\"url\":\"https:\\\/\\\/decouvrirensemble.com\\\/es\\\/que-ver-en-annecy-francia\",\"name\":\"Qu\u00e9 ver en Annecy, Francia: mejores lugares - Blog voyage\",\"isPartOf\":{\"@id\":\"https:\\\/\\\/decouvrirensemble.com\\\/es#website\"},\"primaryImageOfPage\":{\"@id\":\"https:\\\/\\\/decouvrirensemble.com\\\/es\\\/que-ver-en-annecy-francia#primaryimage\"},\"image\":{\"@id\":\"https:\\\/\\\/decouvrirensemble.com\\\/es\\\/que-ver-en-annecy-francia#primaryimage\"},\"thumbnailUrl\":\"https:\\\/\\\/decouvrirensemble.com\\\/wp-content\\\/uploads\\\/2022\\\/03\\\/visiter-annecy-en-3-jours-blog-voyage.jpg\",\"datePublished\":\"2022-03-28T12:26:07+00:00\",\"dateModified\":\"2026-04-17T10:17:28+00:00\",\"description\":\"Annecy en Francia: descubra los lugares imprescindibles. \u00bfQu\u00e9 ver en Annecy y sus alrededores? Desc\u00fabralo en nuestro blog de viajes.\",\"breadcrumb\":{\"@id\":\"https:\\\/\\\/decouvrirensemble.com\\\/es\\\/que-ver-en-annecy-francia#breadcrumb\"},\"inLanguage\":\"es\",\"potentialAction\":[{\"@type\":\"ReadAction\",\"target\":[\"https:\\\/\\\/decouvrirensemble.com\\\/es\\\/que-ver-en-annecy-francia\"]}]},{\"@type\":\"ImageObject\",\"inLanguage\":\"es\",\"@id\":\"https:\\\/\\\/decouvrirensemble.com\\\/es\\\/que-ver-en-annecy-francia#primaryimage\",\"url\":\"https:\\\/\\\/decouvrirensemble.com\\\/wp-content\\\/uploads\\\/2022\\\/03\\\/visiter-annecy-en-3-jours-blog-voyage.jpg\",\"contentUrl\":\"https:\\\/\\\/decouvrirensemble.com\\\/wp-content\\\/uploads\\\/2022\\\/03\\\/visiter-annecy-en-3-jours-blog-voyage.jpg\",\"width\":1800,\"height\":1350,\"caption\":\"visiter annecy en 3 jours\"},{\"@type\":\"BreadcrumbList\",\"@id\":\"https:\\\/\\\/decouvrirensemble.com\\\/es\\\/que-ver-en-annecy-francia#breadcrumb\",\"itemListElement\":[{\"@type\":\"ListItem\",\"position\":1,\"name\":\"Accueil\",\"item\":\"https:\\\/\\\/decouvrirensemble.com\\\/es\"},{\"@type\":\"ListItem\",\"position\":2,\"name\":\"Gu\u00edas de viajes\",\"item\":\"https:\\\/\\\/decouvrirensemble.com\\\/es\\\/guias-de-viajes\"},{\"@type\":\"ListItem\",\"position\":3,\"name\":\"Qu\u00e9 ver en Annecy, Francia: mejores lugares\"}]},{\"@type\":\"WebSite\",\"@id\":\"https:\\\/\\\/decouvrirensemble.com\\\/es#website\",\"url\":\"https:\\\/\\\/decouvrirensemble.com\\\/es\",\"name\":\"Blog Voyage - D\u00e9couvrir Ensemble\",\"description\":\"Le Blog Voyage de Clem et Alex\",\"publisher\":{\"@id\":\"https:\\\/\\\/decouvrirensemble.com\\\/es#\\\/schema\\\/person\\\/a53efd44d02eb7f9ab90f96e84a9d2ba\"},\"potentialAction\":[{\"@type\":\"SearchAction\",\"target\":{\"@type\":\"EntryPoint\",\"urlTemplate\":\"https:\\\/\\\/decouvrirensemble.com\\\/es?s={search_term_string}\"},\"query-input\":{\"@type\":\"PropertyValueSpecification\",\"valueRequired\":true,\"valueName\":\"search_term_string\"}}],\"inLanguage\":\"es\"},{\"@type\":[\"Person\",\"Organization\"],\"@id\":\"https:\\\/\\\/decouvrirensemble.com\\\/es#\\\/schema\\\/person\\\/a53efd44d02eb7f9ab90f96e84a9d2ba\",\"name\":\"Cl\u00e9mence &amp; Alexandre\",\"image\":{\"@type\":\"ImageObject\",\"inLanguage\":\"es\",\"@id\":\"https:\\\/\\\/decouvrirensemble.com\\\/wp-content\\\/uploads\\\/2024\\\/04\\\/logo-decouvrir-ensemble-blog-voyage.jpg\",\"url\":\"https:\\\/\\\/decouvrirensemble.com\\\/wp-content\\\/uploads\\\/2024\\\/04\\\/logo-decouvrir-ensemble-blog-voyage.jpg\",\"contentUrl\":\"https:\\\/\\\/decouvrirensemble.com\\\/wp-content\\\/uploads\\\/2024\\\/04\\\/logo-decouvrir-ensemble-blog-voyage.jpg\",\"width\":1563,\"height\":529,\"caption\":\"Cl\u00e9mence &amp; Alexandre\"},\"logo\":{\"@id\":\"https:\\\/\\\/decouvrirensemble.com\\\/wp-content\\\/uploads\\\/2024\\\/04\\\/logo-decouvrir-ensemble-blog-voyage.jpg\"},\"sameAs\":[\"https:\\\/\\\/decouvrirensemble.com\\\/\"]}]}<\/script>\n<!-- \/ Yoast SEO plugin. -->","yoast_head_json":{"title":"Qu\u00e9 ver en Annecy, Francia: mejores lugares - Blog voyage","description":"Annecy en Francia: descubra los lugares imprescindibles. \u00bfQu\u00e9 ver en Annecy y sus alrededores? Desc\u00fabralo en nuestro blog de viajes.","robots":{"index":"index","follow":"follow","max-snippet":"max-snippet:-1","max-image-preview":"max-image-preview:large","max-video-preview":"max-video-preview:-1"},"canonical":"https:\/\/decouvrirensemble.com\/es\/que-ver-en-annecy-francia","og_locale":"es_ES","og_type":"article","og_title":"Qu\u00e9 ver en Annecy, Francia: mejores lugares - Blog voyage","og_description":"Annecy en Francia: descubra los lugares imprescindibles. \u00bfQu\u00e9 ver en Annecy y sus alrededores? Desc\u00fabralo en nuestro blog de viajes.","og_url":"https:\/\/decouvrirensemble.com\/es\/que-ver-en-annecy-francia","og_site_name":"Blog Voyage - D\u00e9couvrir Ensemble","article_published_time":"2022-03-28T12:26:07+00:00","article_modified_time":"2026-04-17T10:17:28+00:00","og_image":[{"width":1800,"height":1350,"url":"https:\/\/decouvrirensemble.com\/wp-content\/uploads\/2022\/03\/visiter-annecy-en-3-jours-blog-voyage.jpg","type":"image\/jpeg"}],"author":"Cl\u00e9mence &amp; Alexandre","twitter_card":"summary_large_image","twitter_creator":"@dcouvrirensmble","twitter_site":"@dcouvrirensmble","twitter_misc":{"Escrito por":"Cl\u00e9mence &amp; Alexandre","Tiempo de lectura":"11 minutos"},"schema":{"@context":"https:\/\/schema.org","@graph":[{"@type":"Article","@id":"https:\/\/decouvrirensemble.com\/es\/que-ver-en-annecy-francia#article","isPartOf":{"@id":"https:\/\/decouvrirensemble.com\/es\/que-ver-en-annecy-francia"},"author":{"name":"Cl\u00e9mence &amp; Alexandre","@id":"https:\/\/decouvrirensemble.com\/es#\/schema\/person\/a53efd44d02eb7f9ab90f96e84a9d2ba"},"headline":"Qu\u00e9 ver en Annecy, Francia: mejores lugares","datePublished":"2022-03-28T12:26:07+00:00","dateModified":"2026-04-17T10:17:28+00:00","mainEntityOfPage":{"@id":"https:\/\/decouvrirensemble.com\/es\/que-ver-en-annecy-francia"},"wordCount":1375,"commentCount":0,"publisher":{"@id":"https:\/\/decouvrirensemble.com\/es#\/schema\/person\/a53efd44d02eb7f9ab90f96e84a9d2ba"},"image":{"@id":"https:\/\/decouvrirensemble.com\/es\/que-ver-en-annecy-francia#primaryimage"},"thumbnailUrl":"https:\/\/decouvrirensemble.com\/wp-content\/uploads\/2022\/03\/visiter-annecy-en-3-jours-blog-voyage.jpg","articleSection":["Francia","Gu\u00edas de viajes"],"inLanguage":"es","potentialAction":[{"@type":"CommentAction","name":"Comment","target":["https:\/\/decouvrirensemble.com\/es\/que-ver-en-annecy-francia#respond"]}]},{"@type":"WebPage","@id":"https:\/\/decouvrirensemble.com\/es\/que-ver-en-annecy-francia","url":"https:\/\/decouvrirensemble.com\/es\/que-ver-en-annecy-francia","name":"Qu\u00e9 ver en Annecy, Francia: mejores lugares - Blog voyage","isPartOf":{"@id":"https:\/\/decouvrirensemble.com\/es#website"},"primaryImageOfPage":{"@id":"https:\/\/decouvrirensemble.com\/es\/que-ver-en-annecy-francia#primaryimage"},"image":{"@id":"https:\/\/decouvrirensemble.com\/es\/que-ver-en-annecy-francia#primaryimage"},"thumbnailUrl":"https:\/\/decouvrirensemble.com\/wp-content\/uploads\/2022\/03\/visiter-annecy-en-3-jours-blog-voyage.jpg","datePublished":"2022-03-28T12:26:07+00:00","dateModified":"2026-04-17T10:17:28+00:00","description":"Annecy en Francia: descubra los lugares imprescindibles. \u00bfQu\u00e9 ver en Annecy y sus alrededores? Desc\u00fabralo en nuestro blog de viajes.","breadcrumb":{"@id":"https:\/\/decouvrirensemble.com\/es\/que-ver-en-annecy-francia#breadcrumb"},"inLanguage":"es","potentialAction":[{"@type":"ReadAction","target":["https:\/\/decouvrirensemble.com\/es\/que-ver-en-annecy-francia"]}]},{"@type":"ImageObject","inLanguage":"es","@id":"https:\/\/decouvrirensemble.com\/es\/que-ver-en-annecy-francia#primaryimage","url":"https:\/\/decouvrirensemble.com\/wp-content\/uploads\/2022\/03\/visiter-annecy-en-3-jours-blog-voyage.jpg","contentUrl":"https:\/\/decouvrirensemble.com\/wp-content\/uploads\/2022\/03\/visiter-annecy-en-3-jours-blog-voyage.jpg","width":1800,"height":1350,"caption":"visiter annecy en 3 jours"},{"@type":"BreadcrumbList","@id":"https:\/\/decouvrirensemble.com\/es\/que-ver-en-annecy-francia#breadcrumb","itemListElement":[{"@type":"ListItem","position":1,"name":"Accueil","item":"https:\/\/decouvrirensemble.com\/es"},{"@type":"ListItem","position":2,"name":"Gu\u00edas de viajes","item":"https:\/\/decouvrirensemble.com\/es\/guias-de-viajes"},{"@type":"ListItem","position":3,"name":"Qu\u00e9 ver en Annecy, Francia: mejores lugares"}]},{"@type":"WebSite","@id":"https:\/\/decouvrirensemble.com\/es#website","url":"https:\/\/decouvrirensemble.com\/es","name":"Blog Voyage - D\u00e9couvrir Ensemble","description":"Le Blog Voyage de Clem et Alex","publisher":{"@id":"https:\/\/decouvrirensemble.com\/es#\/schema\/person\/a53efd44d02eb7f9ab90f96e84a9d2ba"},"potentialAction":[{"@type":"SearchAction","target":{"@type":"EntryPoint","urlTemplate":"https:\/\/decouvrirensemble.com\/es?s={search_term_string}"},"query-input":{"@type":"PropertyValueSpecification","valueRequired":true,"valueName":"search_term_string"}}],"inLanguage":"es"},{"@type":["Person","Organization"],"@id":"https:\/\/decouvrirensemble.com\/es#\/schema\/person\/a53efd44d02eb7f9ab90f96e84a9d2ba","name":"Cl\u00e9mence &amp; Alexandre","image":{"@type":"ImageObject","inLanguage":"es","@id":"https:\/\/decouvrirensemble.com\/wp-content\/uploads\/2024\/04\/logo-decouvrir-ensemble-blog-voyage.jpg","url":"https:\/\/decouvrirensemble.com\/wp-content\/uploads\/2024\/04\/logo-decouvrir-ensemble-blog-voyage.jpg","contentUrl":"https:\/\/decouvrirensemble.com\/wp-content\/uploads\/2024\/04\/logo-decouvrir-ensemble-blog-voyage.jpg","width":1563,"height":529,"caption":"Cl\u00e9mence &amp; Alexandre"},"logo":{"@id":"https:\/\/decouvrirensemble.com\/wp-content\/uploads\/2024\/04\/logo-decouvrir-ensemble-blog-voyage.jpg"},"sameAs":["https:\/\/decouvrirensemble.com\/"]}]}},"modified_by":"Cl\u00e9mence &amp; Alexandre","_links":{"self":[{"href":"https:\/\/decouvrirensemble.com\/es\/wp-json\/wp\/v2\/posts\/57993","targetHints":{"allow":["GET"]}}],"collection":[{"href":"https:\/\/decouvrirensemble.com\/es\/wp-json\/wp\/v2\/posts"}],"about":[{"href":"https:\/\/decouvrirensemble.com\/es\/wp-json\/wp\/v2\/types\/post"}],"author":[{"embeddable":true,"href":"https:\/\/decouvrirensemble.com\/es\/wp-json\/wp\/v2\/users\/1"}],"replies":[{"embeddable":true,"href":"https:\/\/decouvrirensemble.com\/es\/wp-json\/wp\/v2\/comments?post=57993"}],"version-history":[{"count":3,"href":"https:\/\/decouvrirensemble.com\/es\/wp-json\/wp\/v2\/posts\/57993\/revisions"}],"predecessor-version":[{"id":65897,"href":"https:\/\/decouvrirensemble.com\/es\/wp-json\/wp\/v2\/posts\/57993\/revisions\/65897"}],"wp:featuredmedia":[{"embeddable":true,"href":"https:\/\/decouvrirensemble.com\/es\/wp-json\/wp\/v2\/media\/47796"}],"wp:attachment":[{"href":"https:\/\/decouvrirensemble.com\/es\/wp-json\/wp\/v2\/media?parent=57993"}],"wp:term":[{"taxonomy":"category","embeddable":true,"href":"https:\/\/decouvrirensemble.com\/es\/wp-json\/wp\/v2\/categories?post=57993"},{"taxonomy":"post_tag","embeddable":true,"href":"https:\/\/decouvrirensemble.com\/es\/wp-json\/wp\/v2\/tags?post=57993"}],"curies":[{"name":"wp","href":"https:\/\/api.w.org\/{rel}","templated":true}]}}