{"id":58478,"date":"2024-09-01T17:11:10","date_gmt":"2024-09-01T15:11:10","guid":{"rendered":"https:\/\/decouvrirensemble.com\/?p=58478"},"modified":"2026-01-06T15:15:08","modified_gmt":"2026-01-06T14:15:08","slug":"mercadillos-navidenos-alemania","status":"publish","type":"post","link":"https:\/\/decouvrirensemble.com\/es\/mercadillos-navidenos-alemania","title":{"rendered":"Los 8 mercadillos navide\u00f1os m\u00e1s bonitos de Alemania en 2025"},"content":{"rendered":"<p>Si, como a nosotros, le gusta el ambiente navide\u00f1o, esta selecci\u00f3n de los <strong>mercadillos navide\u00f1os m\u00e1s bonitos de<\/strong> Alemania deber\u00eda interesarle. La Navidad es la \u00e9poca perfecta para ir a Alemania, ya que las ciudades se vuelcan con las fiestas.<\/p>\n<p>Tendr\u00e1 la oportunidad de descubrir ciudades transformadas y decoradas con gran esmero. As\u00ed que es una \u00e9poca estupenda para descubrir este pa\u00eds. <strong>Los mercados navide\u00f1os de Alemania<\/strong> son de los <strong>m\u00e1s bonitos del mundo<\/strong>, as\u00ed que no se los pierda. Disfrute de su visita.<\/p>\n<h2><span class=\"ez-toc-section\" id=\"1_El_mercado_navideno_de_Nuremberg\"><\/span>1. El mercado navide\u00f1o de N\u00faremberg<span class=\"ez-toc-section-end\"><\/span><\/h2>\n<p>Comenzamos nuestro recorrido por los <strong>mercadillos navide\u00f1os m\u00e1s bonitos de Alemania<\/strong> con uno de los m\u00e1s grandes y antiguos, <strong>el de N\u00faremberg<\/strong>. En general, el mercado abarca todo el centro de la ciudad, tanto el hist\u00f3rico como el moderno. Es uno de los mercados imprescindibles de <a href=\"https:\/\/decouvrirensemble.com\/es\/destinos\/alemania\" rel=\"noopener\">Alemania<\/a>, por lo que recomendamos encarecidamente su visita. El tama\u00f1o del mercado lo hace a\u00fan m\u00e1s m\u00e1gico.<\/p>\n<p>Fechas para 2024: el mercado de N\u00faremberg se celebrar\u00e1 del 29 de noviembre al 24 de diciembre de 2024.<\/p>\n<p>Fechas para 2025: a\u00fan no se han anunciado las fechas.<\/p>\n<div id=\"attachment_56212\" style=\"width: 1810px\" class=\"wp-caption alignnone\"><img decoding=\"async\" aria-describedby=\"caption-attachment-56212\" class=\"size-full wp-image-56212\" src=\"https:\/\/decouvrirensemble.com\/wp-content\/uploads\/2024\/08\/marche-de-noel-nuremberg.jpg\" alt=\"march\u00e9 de noel nuremberg\" width=\"1800\" height=\"1200\" srcset=\"https:\/\/decouvrirensemble.com\/wp-content\/uploads\/2024\/08\/marche-de-noel-nuremberg.jpg 1800w, https:\/\/decouvrirensemble.com\/wp-content\/uploads\/2024\/08\/marche-de-noel-nuremberg-300x200.jpg 300w, https:\/\/decouvrirensemble.com\/wp-content\/uploads\/2024\/08\/marche-de-noel-nuremberg-1024x683.jpg 1024w, https:\/\/decouvrirensemble.com\/wp-content\/uploads\/2024\/08\/marche-de-noel-nuremberg-768x512.jpg 768w, https:\/\/decouvrirensemble.com\/wp-content\/uploads\/2024\/08\/marche-de-noel-nuremberg-1536x1024.jpg 1536w, https:\/\/decouvrirensemble.com\/wp-content\/uploads\/2024\/08\/marche-de-noel-nuremberg-600x400.jpg 600w\" sizes=\"(max-width: 1800px) 100vw, 1800px\" \/><p id=\"caption-attachment-56212\" class=\"wp-caption-text\">mercado de navidad de nuremberg<\/p><\/div>\n<h2><span class=\"ez-toc-section\" id=\"2_Mercado_de_Navidad_Francfort\"><\/span>2. Mercado de Navidad Fr\u00e1ncfort<span class=\"ez-toc-section-end\"><\/span><\/h2>\n<p>Continuamos nuestra selecci\u00f3n con el <strong>Mercado de Navidad<\/strong> de <strong>Fr\u00e1ncfort<\/strong>. Cuenta con dos magn\u00edficos carruseles, un enorme \u00e1rbol de Navidad y 200 chalets. De hecho, es el <strong>mercado navide\u00f1o m\u00e1s antiguo de Alemania<\/strong>, <strong>\u00a1inaugurado en 1393<\/strong>! Las casas con entramado de madera de la plaza R\u00f6merberg, que rodean el mercado, lo hacen a\u00fan m\u00e1s encantador. En resumen, le recomendamos Fr\u00e1ncfort si quiere descubrir <strong>uno de los mercados m\u00e1s bonitos de Alemania.<\/strong><\/p>\n<p>Fechas de 2024: el mercado de Fr\u00e1ncfort se celebrar\u00e1 del 25 de noviembre al 22 de diciembre de 2024.<\/p>\n<p>Fechas para 2025: a\u00fan no se han anunciado las fechas.<\/p>\n<div id=\"attachment_56188\" style=\"width: 1810px\" class=\"wp-caption alignnone\"><img decoding=\"async\" aria-describedby=\"caption-attachment-56188\" class=\"size-full wp-image-56188\" src=\"https:\/\/decouvrirensemble.com\/wp-content\/uploads\/2024\/08\/francfort-marche-de-noel.jpg\" alt=\"francfort march\u00e9 de noel\" width=\"1800\" height=\"1200\" srcset=\"https:\/\/decouvrirensemble.com\/wp-content\/uploads\/2024\/08\/francfort-marche-de-noel.jpg 1800w, https:\/\/decouvrirensemble.com\/wp-content\/uploads\/2024\/08\/francfort-marche-de-noel-300x200.jpg 300w, https:\/\/decouvrirensemble.com\/wp-content\/uploads\/2024\/08\/francfort-marche-de-noel-1024x683.jpg 1024w, https:\/\/decouvrirensemble.com\/wp-content\/uploads\/2024\/08\/francfort-marche-de-noel-768x512.jpg 768w, https:\/\/decouvrirensemble.com\/wp-content\/uploads\/2024\/08\/francfort-marche-de-noel-1536x1024.jpg 1536w, https:\/\/decouvrirensemble.com\/wp-content\/uploads\/2024\/08\/francfort-marche-de-noel-600x400.jpg 600w\" sizes=\"(max-width: 1800px) 100vw, 1800px\" \/><p id=\"caption-attachment-56188\" class=\"wp-caption-text\">mercado de navidad de frankfurt<\/p><\/div>\n<h2><span class=\"ez-toc-section\" id=\"3_El_mercado_navideno_de_Colonia\"><\/span>3. El mercado navide\u00f1o de Colonia<span class=\"ez-toc-section-end\"><\/span><\/h2>\n<p>El <strong>mercado navide\u00f1o de Colonia<\/strong> es uno de los <strong>m\u00e1s bonitos de Alemania<\/strong>, y su magn\u00edfica catedral es, sin duda, gran parte de su atractivo. En Colonia hay 7 mercadillos diferentes, incluido el que se encuentra a los pies de la catedral. Siempre que sea posible, le recomendamos que vaya entre semana, ya que los fines de semana suele estar hasta los topes. El ambiente en esta \u00e9poca del a\u00f1o es realmente m\u00e1gico en la ciudad de Colonia.<\/p>\n<p>Fechas del Mercado de Navidad de Colonia 2024: el mercado abrir\u00e1 el 18 de noviembre y cerrar\u00e1 el 23 de diciembre de 2024.<\/p>\n<p>Fechas de la edici\u00f3n de 2025: a\u00fan no se han anunciado las fechas.<\/p>\n<div id=\"attachment_56194\" style=\"width: 1810px\" class=\"wp-caption alignnone\"><img decoding=\"async\" aria-describedby=\"caption-attachment-56194\" class=\"size-full wp-image-56194\" src=\"https:\/\/decouvrirensemble.com\/wp-content\/uploads\/2024\/08\/marche-de-noel-allemagne-cologne.jpg\" alt=\"march\u00e9 de noel cologne\" width=\"1800\" height=\"1200\" srcset=\"https:\/\/decouvrirensemble.com\/wp-content\/uploads\/2024\/08\/marche-de-noel-allemagne-cologne.jpg 1800w, https:\/\/decouvrirensemble.com\/wp-content\/uploads\/2024\/08\/marche-de-noel-allemagne-cologne-300x200.jpg 300w, https:\/\/decouvrirensemble.com\/wp-content\/uploads\/2024\/08\/marche-de-noel-allemagne-cologne-1024x683.jpg 1024w, https:\/\/decouvrirensemble.com\/wp-content\/uploads\/2024\/08\/marche-de-noel-allemagne-cologne-768x512.jpg 768w, https:\/\/decouvrirensemble.com\/wp-content\/uploads\/2024\/08\/marche-de-noel-allemagne-cologne-1536x1024.jpg 1536w, https:\/\/decouvrirensemble.com\/wp-content\/uploads\/2024\/08\/marche-de-noel-allemagne-cologne-600x400.jpg 600w\" sizes=\"(max-width: 1800px) 100vw, 1800px\" \/><p id=\"caption-attachment-56194\" class=\"wp-caption-text\">mercado navide\u00f1o de colonia<\/p><\/div>\n<h2><span class=\"ez-toc-section\" id=\"4_El_mercado_navideno_del_desfiladero_de_Ravena\"><\/span>4 El mercado navide\u00f1o del desfiladero de R\u00e1vena<span class=\"ez-toc-section-end\"><\/span><\/h2>\n<p>Quiz\u00e1 sea el <strong>mercado navide\u00f1o m\u00e1s ins\u00f3lito de Alemania<\/strong>. Este mercado s\u00f3lo se celebra los fines de semana en el desfiladero de R\u00e1vena. No es ni el m\u00e1s grande ni el m\u00e1s bonito de Alemania, pero su situaci\u00f3n geogr\u00e1fica lo convierte en un mercado muy interesante. Le haremos descubrir el ambiente \u00fanico de este mercado en el v\u00eddeo que encontrar\u00e1 a continuaci\u00f3n.<\/p>\n<p>Fechas para 2024: el Mercado de las Gargantas de R\u00e1vena se celebrar\u00e1 todos los viernes, s\u00e1bados y domingos del 22 de noviembre al 15 de diciembre de 2024.<\/p>\n<p>Fechas para la edici\u00f3n de 2025: a\u00fan no se han anunciado las fechas.<\/p>\n<blockquote class=\"instagram-media\" style=\"background: #FFF; border: 0; border-radius: 3px; box-shadow: 0 0 1px 0 rgba(0,0,0,0.5),0 1px 10px 0 rgba(0,0,0,0.15); margin: 1px; max-width: 540px; min-width: 326px; padding: 0; width: calc(100% - 2px);\" data-instgrm-version=\"14\" data-instgrm-permalink=\"https:\/\/www.instagram.com\/reel\/C0JH2dns2AN\/?utm_source=ig_embed&amp;utm_campaign=loading\">\n<div style=\"padding: 16px;\">\n<p>&nbsp;<\/p>\n<div style=\"display: flex; flex-direction: row; align-items: center;\">\n<div style=\"background-color: #f4f4f4; border-radius: 50%; flex-grow: 0; height: 40px; margin-right: 14px; width: 40px;\">&nbsp;<\/div>\n<div style=\"display: flex; flex-direction: column; flex-grow: 1; justify-content: center;\">\n<div style=\"background-color: #f4f4f4; border-radius: 4px; flex-grow: 0; height: 14px; margin-bottom: 6px; width: 100px;\">&nbsp;<\/div>\n<div style=\"background-color: #f4f4f4; border-radius: 4px; flex-grow: 0; height: 14px; width: 60px;\">&nbsp;<\/div>\n<\/div>\n<\/div>\n<div style=\"padding: 19% 0;\">&nbsp;<\/div>\n<div style=\"display: block; height: 50px; margin: 0 auto 12px; width: 50px;\">&nbsp;<\/div>\n<div style=\"padding-top: 8px;\">\n<div style=\"color: #3897f0; font-family: Arial,sans-serif; font-size: 14px; font-style: normal; font-weight: 550; line-height: 18px;\">Ver esta publicaci\u00f3n en Instagram<\/div>\n<\/div>\n<div style=\"padding: 12.5% 0;\">&nbsp;<\/div>\n<div style=\"display: flex; flex-direction: row; margin-bottom: 14px; align-items: center;\">\n<div>\n<div style=\"background-color: #f4f4f4; border-radius: 50%; height: 12.5px; width: 12.5px; transform: translateX(0px) translateY(7px);\">&nbsp;<\/div>\n<div style=\"background-color: #f4f4f4; height: 12.5px; transform: rotate(-45deg) translateX(3px) translateY(1px); width: 12.5px; flex-grow: 0; margin-right: 14px; margin-left: 2px;\">&nbsp;<\/div>\n<div style=\"background-color: #f4f4f4; border-radius: 50%; height: 12.5px; width: 12.5px; transform: translateX(9px) translateY(-18px);\">&nbsp;<\/div>\n<\/div>\n<div style=\"margin-left: 8px;\">\n<div style=\"background-color: #f4f4f4; border-radius: 50%; flex-grow: 0; height: 20px; width: 20px;\">&nbsp;<\/div>\n<div style=\"width: 0; height: 0; border-top: 2px solid transparent; border-left: 6px solid #f4f4f4; border-bottom: 2px solid transparent; transform: translateX(16px) translateY(-4px) rotate(30deg);\">&nbsp;<\/div>\n<\/div>\n<div style=\"margin-left: auto;\">\n<div style=\"width: 0px; border-top: 8px solid #F4F4F4; border-right: 8px solid transparent; transform: translateY(16px);\">&nbsp;<\/div>\n<div style=\"background-color: #f4f4f4; flex-grow: 0; height: 12px; width: 16px; transform: translateY(-4px);\">&nbsp;<\/div>\n<div style=\"width: 0; height: 0; border-top: 8px solid #F4F4F4; border-left: 8px solid transparent; transform: translateY(-4px) translateX(8px);\">&nbsp;<\/div>\n<\/div>\n<\/div>\n<div style=\"display: flex; flex-direction: column; flex-grow: 1; justify-content: center; margin-bottom: 24px;\">\n<div style=\"background-color: #f4f4f4; border-radius: 4px; flex-grow: 0; height: 14px; margin-bottom: 6px; width: 224px;\">&nbsp;<\/div>\n<div style=\"background-color: #f4f4f4; border-radius: 4px; flex-grow: 0; height: 14px; width: 144px;\">&nbsp;<\/div>\n<\/div>\n<p>&nbsp;<\/p>\n<p style=\"color: #c9c8cd; font-family: Arial,sans-serif; font-size: 14px; line-height: 17px; margin-bottom: 0; margin-top: 8px; overflow: hidden; padding: 8px 0 7px; text-align: center; text-overflow: ellipsis; white-space: nowrap;\"><a style=\"color: #c9c8cd; font-family: Arial,sans-serif; font-size: 14px; font-style: normal; font-weight: normal; line-height: 17px; text-decoration: none;\" href=\"https:\/\/www.instagram.com\/reel\/C0JH2dns2AN\/?utm_source=ig_embed&amp;utm_campaign=loading\" rel=\"noopener\">Una publicaci\u00f3n compartida por Escapadeur \ud83e\udd68\ud83d\ude88\ud83c\uddea\ud83c\uddfa (@escapadeur.eu)<\/a><\/p>\n<\/div>\n<\/blockquote>\n<p><script async=\"\" src=\"\/\/www.instagram.com\/embed.js\"><\/script><\/p>\n<h2><span class=\"ez-toc-section\" id=\"5_El_mercado_navideno_de_Dresde\"><\/span>5. El mercado navide\u00f1o de Dresde<span class=\"ez-toc-section-end\"><\/span><\/h2>\n<p>A menudo considerado como uno de los <strong>mejores mercados navide\u00f1os de Alemania<\/strong>, <strong>el de Dresde<\/strong> es de visita obligada. El ambiente es incre\u00edble, y tanto los puestos como la comida que se ofrece son de excelente calidad. Si tuviera que elegir s\u00f3lo uno durante su viaje a Alemania, no dude en elegir el de Dresde.<\/p>\n<p>Fechas de 2024: el mercado de Dresde se celebrar\u00e1 del 30 de noviembre al 31 de diciembre de 2024.<\/p>\n<p>Fechas para 2025: a\u00fan no se han anunciado las fechas.<\/p>\n<div id=\"attachment_56197\" style=\"width: 1810px\" class=\"wp-caption alignnone\"><img decoding=\"async\" aria-describedby=\"caption-attachment-56197\" class=\"size-full wp-image-56197\" src=\"https:\/\/decouvrirensemble.com\/wp-content\/uploads\/2024\/08\/marche-de-noel-allemagne-dresde.jpg\" alt=\"marche de noel allemagne\" width=\"1800\" height=\"1200\" srcset=\"https:\/\/decouvrirensemble.com\/wp-content\/uploads\/2024\/08\/marche-de-noel-allemagne-dresde.jpg 1800w, https:\/\/decouvrirensemble.com\/wp-content\/uploads\/2024\/08\/marche-de-noel-allemagne-dresde-300x200.jpg 300w, https:\/\/decouvrirensemble.com\/wp-content\/uploads\/2024\/08\/marche-de-noel-allemagne-dresde-1024x683.jpg 1024w, https:\/\/decouvrirensemble.com\/wp-content\/uploads\/2024\/08\/marche-de-noel-allemagne-dresde-768x512.jpg 768w, https:\/\/decouvrirensemble.com\/wp-content\/uploads\/2024\/08\/marche-de-noel-allemagne-dresde-1536x1024.jpg 1536w, https:\/\/decouvrirensemble.com\/wp-content\/uploads\/2024\/08\/marche-de-noel-allemagne-dresde-600x400.jpg 600w\" sizes=\"(max-width: 1800px) 100vw, 1800px\" \/><p id=\"caption-attachment-56197\" class=\"wp-caption-text\">Mercado de Navidad de Dresde<\/p><\/div>\n<h2><span class=\"ez-toc-section\" id=\"6_El_mercado_de_Navidad_de_Stuttgart\"><\/span>6. El mercado de Navidad de Stuttgart<span class=\"ez-toc-section-end\"><\/span><\/h2>\n<p>Tuvimos la oportunidad de visitar el <strong>mercado navide\u00f1o<\/strong> de <strong>Stuttgart<\/strong> en 2023 y nos pareci\u00f3 estupendo. El ambiente es muy agradable y el mercado est\u00e1 muy bien situado en el centro de la ciudad. Los chal\u00e9s est\u00e1n muy bien decorados, lo que contribuye a la sensaci\u00f3n de estar lejos de todo. Si quiere visitar la ciudad, eche un vistazo a <a href=\"https:\/\/decouvrirensemble.com\/es\/que-ver-en-stuttgart-alemania\">nuestra gu\u00eda completa de Stuttgart<\/a>.<\/p>\n<p>Fechas de 2024: el mercado de Stuttgart se celebrar\u00e1 del 27 de noviembre al 23 de diciembre de 2024.<\/p>\n<p>Fechas de la edici\u00f3n de 2025: a\u00fan no se han anunciado las fechas.<\/p>\n<p>[sttutgart]<\/p>\n<p>&nbsp;<\/p>\n<div id=\"attachment_56206\" style=\"width: 1810px\" class=\"wp-caption alignnone\"><img decoding=\"async\" aria-describedby=\"caption-attachment-56206\" class=\"size-full wp-image-56206\" src=\"https:\/\/decouvrirensemble.com\/wp-content\/uploads\/2024\/08\/marche-de-noel-allemagne-stuttgart.jpg\" alt=\"march\u00e9 de noel de stuttgart\" width=\"1800\" height=\"1200\" srcset=\"https:\/\/decouvrirensemble.com\/wp-content\/uploads\/2024\/08\/marche-de-noel-allemagne-stuttgart.jpg 1800w, https:\/\/decouvrirensemble.com\/wp-content\/uploads\/2024\/08\/marche-de-noel-allemagne-stuttgart-300x200.jpg 300w, https:\/\/decouvrirensemble.com\/wp-content\/uploads\/2024\/08\/marche-de-noel-allemagne-stuttgart-1024x683.jpg 1024w, https:\/\/decouvrirensemble.com\/wp-content\/uploads\/2024\/08\/marche-de-noel-allemagne-stuttgart-768x512.jpg 768w, https:\/\/decouvrirensemble.com\/wp-content\/uploads\/2024\/08\/marche-de-noel-allemagne-stuttgart-1536x1024.jpg 1536w, https:\/\/decouvrirensemble.com\/wp-content\/uploads\/2024\/08\/marche-de-noel-allemagne-stuttgart-600x400.jpg 600w\" sizes=\"(max-width: 1800px) 100vw, 1800px\" \/><p id=\"caption-attachment-56206\" class=\"wp-caption-text\">Mercado de Navidad Stuttgart<\/p><\/div>\n<h2><span class=\"ez-toc-section\" id=\"7_El_mercado_navideno_de_Berlin\"><\/span>7. El mercado navide\u00f1o de Berl\u00edn<span class=\"ez-toc-section-end\"><\/span><\/h2>\n<p>Lo que hace tan especial al <strong>Mercado de Navidad<\/strong> de <strong>Berl\u00edn<\/strong> es que est\u00e1 dividido en varios mercados m\u00e1s peque\u00f1os repartidos por toda la ciudad. As\u00ed que tendr\u00e1 la oportunidad de descubrir varios de ellos mientras pasea por Berl\u00edn. Los mejores mercados navide\u00f1os de la capital alemana son, sin duda, el de Gendarmenmarkt y el del Palacio de Charlottenburg.<\/p>\n<p>Fechas para 2024: el mercado de Berl\u00edn se celebrar\u00e1 del 25 de octubre al 1 de enero de 2025.<\/p>\n<p>Fechas para 2025: a\u00fan no se han anunciado las fechas.<\/p>\n<div id=\"attachment_56191\" style=\"width: 1810px\" class=\"wp-caption alignnone\"><img decoding=\"async\" aria-describedby=\"caption-attachment-56191\" class=\"size-full wp-image-56191\" src=\"https:\/\/decouvrirensemble.com\/wp-content\/uploads\/2024\/08\/marche-de-noel-allemagne-berlin.jpg\" alt=\"march\u00e9 de noel de berlin\" width=\"1800\" height=\"1200\" srcset=\"https:\/\/decouvrirensemble.com\/wp-content\/uploads\/2024\/08\/marche-de-noel-allemagne-berlin.jpg 1800w, https:\/\/decouvrirensemble.com\/wp-content\/uploads\/2024\/08\/marche-de-noel-allemagne-berlin-300x200.jpg 300w, https:\/\/decouvrirensemble.com\/wp-content\/uploads\/2024\/08\/marche-de-noel-allemagne-berlin-1024x683.jpg 1024w, https:\/\/decouvrirensemble.com\/wp-content\/uploads\/2024\/08\/marche-de-noel-allemagne-berlin-768x512.jpg 768w, https:\/\/decouvrirensemble.com\/wp-content\/uploads\/2024\/08\/marche-de-noel-allemagne-berlin-1536x1024.jpg 1536w, https:\/\/decouvrirensemble.com\/wp-content\/uploads\/2024\/08\/marche-de-noel-allemagne-berlin-600x400.jpg 600w\" sizes=\"(max-width: 1800px) 100vw, 1800px\" \/><p id=\"caption-attachment-56191\" class=\"wp-caption-text\">Mercado de Navidad de Berl\u00edn<\/p><\/div>\n<h2><span class=\"ez-toc-section\" id=\"8_El_mercado_navideno_de_Erfurt\"><\/span>8. El mercado navide\u00f1o de Erfurt<span class=\"ez-toc-section-end\"><\/span><\/h2>\n<p>Nuestra selecci\u00f3n de los <strong>mercados navide\u00f1os m\u00e1s bonitos de Alemania<\/strong> termina con el de Erfurt. Este mercado es muy bonito y tiene la ventaja de estar situado a los pies de la magn\u00edfica catedral de Erfurt. Nos gusta mucho este mercado porque lo encontramos muy tradicional. Pero cuidado con las aglomeraciones los fines de semana. Esperamos que nuestra selecci\u00f3n le ayude a vivir <strong>la magia de la Navidad en Alemania, y<\/strong> le deseamos lo mejor para estas fiestas.<\/p>\n<p>Fechas del Mercado de Navidad de \u00c9rfurt 2024: el mercado se celebrar\u00e1 del 5 de noviembre al 22 de diciembre de 2024.<\/p>\n<p>Fechas de la edici\u00f3n de 2025: a\u00fan no se han anunciado las fechas.<\/p>\n<p>[marches-france]<\/p>\n<div id=\"attachment_56200\" style=\"width: 1810px\" class=\"wp-caption alignnone\"><img decoding=\"async\" aria-describedby=\"caption-attachment-56200\" class=\"size-full wp-image-56200\" src=\"https:\/\/decouvrirensemble.com\/wp-content\/uploads\/2024\/08\/marche-de-noel-allemagne-erfurt.jpg\" alt=\"march\u00e9 de noel allemagne\" width=\"1800\" height=\"1200\" srcset=\"https:\/\/decouvrirensemble.com\/wp-content\/uploads\/2024\/08\/marche-de-noel-allemagne-erfurt.jpg 1800w, https:\/\/decouvrirensemble.com\/wp-content\/uploads\/2024\/08\/marche-de-noel-allemagne-erfurt-300x200.jpg 300w, https:\/\/decouvrirensemble.com\/wp-content\/uploads\/2024\/08\/marche-de-noel-allemagne-erfurt-1024x683.jpg 1024w, https:\/\/decouvrirensemble.com\/wp-content\/uploads\/2024\/08\/marche-de-noel-allemagne-erfurt-768x512.jpg 768w, https:\/\/decouvrirensemble.com\/wp-content\/uploads\/2024\/08\/marche-de-noel-allemagne-erfurt-1536x1024.jpg 1536w, https:\/\/decouvrirensemble.com\/wp-content\/uploads\/2024\/08\/marche-de-noel-allemagne-erfurt-600x400.jpg 600w\" sizes=\"(max-width: 1800px) 100vw, 1800px\" \/><p id=\"caption-attachment-56200\" class=\"wp-caption-text\">Mercado de Navidad Erfurt<\/p><\/div>\n<img decoding=\"async\" class=\"alignnone size-full wp-image-56215\" src=\"https:\/\/decouvrirensemble.com\/wp-content\/uploads\/2024\/08\/noel-en-allemagne.jpg\" alt=\"noel en allemagne\" width=\"1800\" height=\"1200\" srcset=\"https:\/\/decouvrirensemble.com\/wp-content\/uploads\/2024\/08\/noel-en-allemagne.jpg 1800w, https:\/\/decouvrirensemble.com\/wp-content\/uploads\/2024\/08\/noel-en-allemagne-300x200.jpg 300w, https:\/\/decouvrirensemble.com\/wp-content\/uploads\/2024\/08\/noel-en-allemagne-1024x683.jpg 1024w, https:\/\/decouvrirensemble.com\/wp-content\/uploads\/2024\/08\/noel-en-allemagne-768x512.jpg 768w, https:\/\/decouvrirensemble.com\/wp-content\/uploads\/2024\/08\/noel-en-allemagne-1536x1024.jpg 1536w, https:\/\/decouvrirensemble.com\/wp-content\/uploads\/2024\/08\/noel-en-allemagne-600x400.jpg 600w\" sizes=\"(max-width: 1800px) 100vw, 1800px\" \/>\n<p>[gracias]<\/p>\n\n\n<div class=\"kk-star-ratings kksr-auto kksr-align-left kksr-valign-bottom\"\n    data-payload='{&quot;align&quot;:&quot;left&quot;,&quot;id&quot;:&quot;58478&quot;,&quot;slug&quot;:&quot;default&quot;,&quot;valign&quot;:&quot;bottom&quot;,&quot;ignore&quot;:&quot;&quot;,&quot;reference&quot;:&quot;auto&quot;,&quot;class&quot;:&quot;&quot;,&quot;count&quot;:&quot;0&quot;,&quot;legendonly&quot;:&quot;&quot;,&quot;readonly&quot;:&quot;&quot;,&quot;score&quot;:&quot;0&quot;,&quot;starsonly&quot;:&quot;&quot;,&quot;best&quot;:&quot;5&quot;,&quot;gap&quot;:&quot;4&quot;,&quot;greet&quot;:&quot;Sea el primero en valorar esta entrada de blog.&quot;,&quot;legend&quot;:&quot;0\\\/5 - (0 votos)&quot;,&quot;size&quot;:&quot;21&quot;,&quot;title&quot;:&quot;Los 8 mercadillos navide\u00f1os m\u00e1s bonitos de Alemania en 2025&quot;,&quot;width&quot;:&quot;0&quot;,&quot;_legend&quot;:&quot;{score}\\\/{best} - ({count} {votes})&quot;,&quot;font_factor&quot;:&quot;1.25&quot;}'>\n            \n<div class=\"kksr-stars\">\n    \n<div class=\"kksr-stars-inactive\">\n            <div class=\"kksr-star\" data-star=\"1\" style=\"padding-right: 4px\">\n            \n\n<div class=\"kksr-icon\" style=\"width: 21px; height: 21px;\"><\/div>\n        <\/div>\n            <div class=\"kksr-star\" data-star=\"2\" style=\"padding-right: 4px\">\n            \n\n<div class=\"kksr-icon\" style=\"width: 21px; height: 21px;\"><\/div>\n        <\/div>\n            <div class=\"kksr-star\" data-star=\"3\" style=\"padding-right: 4px\">\n            \n\n<div class=\"kksr-icon\" style=\"width: 21px; height: 21px;\"><\/div>\n        <\/div>\n            <div class=\"kksr-star\" data-star=\"4\" style=\"padding-right: 4px\">\n            \n\n<div class=\"kksr-icon\" style=\"width: 21px; height: 21px;\"><\/div>\n        <\/div>\n            <div class=\"kksr-star\" data-star=\"5\" style=\"padding-right: 4px\">\n            \n\n<div class=\"kksr-icon\" style=\"width: 21px; height: 21px;\"><\/div>\n        <\/div>\n    <\/div>\n    \n<div class=\"kksr-stars-active\" style=\"width: 0px;\">\n            <div class=\"kksr-star\" style=\"padding-right: 4px\">\n            \n\n<div class=\"kksr-icon\" style=\"width: 21px; height: 21px;\"><\/div>\n        <\/div>\n            <div class=\"kksr-star\" style=\"padding-right: 4px\">\n            \n\n<div class=\"kksr-icon\" style=\"width: 21px; height: 21px;\"><\/div>\n        <\/div>\n            <div class=\"kksr-star\" style=\"padding-right: 4px\">\n            \n\n<div class=\"kksr-icon\" style=\"width: 21px; height: 21px;\"><\/div>\n        <\/div>\n            <div class=\"kksr-star\" style=\"padding-right: 4px\">\n            \n\n<div class=\"kksr-icon\" style=\"width: 21px; height: 21px;\"><\/div>\n        <\/div>\n            <div class=\"kksr-star\" style=\"padding-right: 4px\">\n            \n\n<div class=\"kksr-icon\" style=\"width: 21px; height: 21px;\"><\/div>\n        <\/div>\n    <\/div>\n<\/div>\n                \n\n<div class=\"kksr-legend\" style=\"font-size: 16.8px;\">\n            <span class=\"kksr-muted\">Sea el primero en valorar esta entrada de blog.<\/span>\n    <\/div>\n    <\/div>\n","protected":false},"excerpt":{"rendered":"<p>\u00a1Ir a Alemania en Navidad es una gran idea! Hoy compartimos nuestra selecci\u00f3n de los mercadillos navide\u00f1os alemanes m\u00e1s bonitos para 2025.<\/p>\n","protected":false},"author":1,"featured_media":56211,"comment_status":"open","ping_status":"closed","sticky":false,"template":"","format":"standard","meta":{"_acf_changed":false,"_lmt_disableupdate":"no","_lmt_disable":"no","footnotes":""},"categories":[487,520],"tags":[],"class_list":["post-58478","post","type-post","status-publish","format-standard","has-post-thumbnail","hentry","category-alemania","category-tops-es"],"acf":[],"yoast_head":"<!-- This site is optimized with the Yoast SEO plugin v27.4 - https:\/\/yoast.com\/product\/yoast-seo-wordpress\/ -->\n<title>Los 8 mercadillos navide\u00f1os m\u00e1s bonitos de Alemania en 2025<\/title>\n<meta name=\"description\" content=\"\u00bfBusca los mejores mercados navide\u00f1os de Alemania en 2025? Descubra nuestra recomendaci\u00f3n de los mejores mercados alemanes.\" \/>\n<meta name=\"robots\" content=\"index, follow, max-snippet:-1, max-image-preview:large, max-video-preview:-1\" \/>\n<link rel=\"canonical\" href=\"https:\/\/decouvrirensemble.com\/es\/mercadillos-navidenos-alemania\" \/>\n<meta property=\"og:locale\" content=\"es_ES\" \/>\n<meta property=\"og:type\" content=\"article\" \/>\n<meta property=\"og:title\" content=\"Los 8 mercadillos navide\u00f1os m\u00e1s bonitos de Alemania en 2025\" \/>\n<meta property=\"og:description\" content=\"\u00bfBusca los mejores mercados navide\u00f1os de Alemania en 2025? Descubra nuestra recomendaci\u00f3n de los mejores mercados alemanes.\" \/>\n<meta property=\"og:url\" content=\"https:\/\/decouvrirensemble.com\/es\/mercadillos-navidenos-alemania\" \/>\n<meta property=\"og:site_name\" content=\"Blog Voyage - D\u00e9couvrir Ensemble\" \/>\n<meta property=\"article:published_time\" content=\"2024-09-01T15:11:10+00:00\" \/>\n<meta property=\"article:modified_time\" content=\"2026-01-06T14:15:08+00:00\" \/>\n<meta property=\"og:image\" content=\"https:\/\/decouvrirensemble.com\/wp-content\/uploads\/2024\/08\/marche-de-noel-allemagne.jpg\" \/>\n\t<meta property=\"og:image:width\" content=\"1800\" \/>\n\t<meta property=\"og:image:height\" content=\"1200\" \/>\n\t<meta property=\"og:image:type\" content=\"image\/jpeg\" \/>\n<meta name=\"author\" content=\"Cl\u00e9mence &amp; Alexandre\" \/>\n<meta name=\"twitter:card\" content=\"summary_large_image\" \/>\n<meta name=\"twitter:creator\" content=\"@dcouvrirensmble\" \/>\n<meta name=\"twitter:site\" content=\"@dcouvrirensmble\" \/>\n<meta name=\"twitter:label1\" content=\"Escrito por\" \/>\n\t<meta name=\"twitter:data1\" content=\"Cl\u00e9mence &amp; Alexandre\" \/>\n\t<meta name=\"twitter:label2\" content=\"Tiempo de lectura\" \/>\n\t<meta name=\"twitter:data2\" content=\"7 minutos\" \/>\n<script type=\"application\/ld+json\" class=\"yoast-schema-graph\">{\"@context\":\"https:\\\/\\\/schema.org\",\"@graph\":[{\"@type\":\"Article\",\"@id\":\"https:\\\/\\\/decouvrirensemble.com\\\/es\\\/mercadillos-navidenos-alemania#article\",\"isPartOf\":{\"@id\":\"https:\\\/\\\/decouvrirensemble.com\\\/es\\\/mercadillos-navidenos-alemania\"},\"author\":{\"name\":\"Cl\u00e9mence &amp; Alexandre\",\"@id\":\"https:\\\/\\\/decouvrirensemble.com\\\/es#\\\/schema\\\/person\\\/a53efd44d02eb7f9ab90f96e84a9d2ba\"},\"headline\":\"Los 8 mercadillos navide\u00f1os m\u00e1s bonitos de Alemania en 2025\",\"datePublished\":\"2024-09-01T15:11:10+00:00\",\"dateModified\":\"2026-01-06T14:15:08+00:00\",\"mainEntityOfPage\":{\"@id\":\"https:\\\/\\\/decouvrirensemble.com\\\/es\\\/mercadillos-navidenos-alemania\"},\"wordCount\":1090,\"commentCount\":0,\"publisher\":{\"@id\":\"https:\\\/\\\/decouvrirensemble.com\\\/es#\\\/schema\\\/person\\\/a53efd44d02eb7f9ab90f96e84a9d2ba\"},\"image\":{\"@id\":\"https:\\\/\\\/decouvrirensemble.com\\\/es\\\/mercadillos-navidenos-alemania#primaryimage\"},\"thumbnailUrl\":\"https:\\\/\\\/decouvrirensemble.com\\\/wp-content\\\/uploads\\\/2024\\\/08\\\/marche-de-noel-allemagne.jpg\",\"articleSection\":[\"Alemania\",\"Tops\"],\"inLanguage\":\"es\",\"potentialAction\":[{\"@type\":\"CommentAction\",\"name\":\"Comment\",\"target\":[\"https:\\\/\\\/decouvrirensemble.com\\\/es\\\/mercadillos-navidenos-alemania#respond\"]}]},{\"@type\":\"WebPage\",\"@id\":\"https:\\\/\\\/decouvrirensemble.com\\\/es\\\/mercadillos-navidenos-alemania\",\"url\":\"https:\\\/\\\/decouvrirensemble.com\\\/es\\\/mercadillos-navidenos-alemania\",\"name\":\"Los 8 mercadillos navide\u00f1os m\u00e1s bonitos de Alemania en 2025\",\"isPartOf\":{\"@id\":\"https:\\\/\\\/decouvrirensemble.com\\\/es#website\"},\"primaryImageOfPage\":{\"@id\":\"https:\\\/\\\/decouvrirensemble.com\\\/es\\\/mercadillos-navidenos-alemania#primaryimage\"},\"image\":{\"@id\":\"https:\\\/\\\/decouvrirensemble.com\\\/es\\\/mercadillos-navidenos-alemania#primaryimage\"},\"thumbnailUrl\":\"https:\\\/\\\/decouvrirensemble.com\\\/wp-content\\\/uploads\\\/2024\\\/08\\\/marche-de-noel-allemagne.jpg\",\"datePublished\":\"2024-09-01T15:11:10+00:00\",\"dateModified\":\"2026-01-06T14:15:08+00:00\",\"description\":\"\u00bfBusca los mejores mercados navide\u00f1os de Alemania en 2025? Descubra nuestra recomendaci\u00f3n de los mejores mercados alemanes.\",\"breadcrumb\":{\"@id\":\"https:\\\/\\\/decouvrirensemble.com\\\/es\\\/mercadillos-navidenos-alemania#breadcrumb\"},\"inLanguage\":\"es\",\"potentialAction\":[{\"@type\":\"ReadAction\",\"target\":[\"https:\\\/\\\/decouvrirensemble.com\\\/es\\\/mercadillos-navidenos-alemania\"]}]},{\"@type\":\"ImageObject\",\"inLanguage\":\"es\",\"@id\":\"https:\\\/\\\/decouvrirensemble.com\\\/es\\\/mercadillos-navidenos-alemania#primaryimage\",\"url\":\"https:\\\/\\\/decouvrirensemble.com\\\/wp-content\\\/uploads\\\/2024\\\/08\\\/marche-de-noel-allemagne.jpg\",\"contentUrl\":\"https:\\\/\\\/decouvrirensemble.com\\\/wp-content\\\/uploads\\\/2024\\\/08\\\/marche-de-noel-allemagne.jpg\",\"width\":1800,\"height\":1200,\"caption\":\"marche de noel allemagne\"},{\"@type\":\"BreadcrumbList\",\"@id\":\"https:\\\/\\\/decouvrirensemble.com\\\/es\\\/mercadillos-navidenos-alemania#breadcrumb\",\"itemListElement\":[{\"@type\":\"ListItem\",\"position\":1,\"name\":\"Accueil\",\"item\":\"https:\\\/\\\/decouvrirensemble.com\\\/es\"},{\"@type\":\"ListItem\",\"position\":2,\"name\":\"Tops\",\"item\":\"https:\\\/\\\/decouvrirensemble.com\\\/es\\\/tops-es\"},{\"@type\":\"ListItem\",\"position\":3,\"name\":\"Los 8 mercadillos navide\u00f1os m\u00e1s bonitos de Alemania en 2025\"}]},{\"@type\":\"WebSite\",\"@id\":\"https:\\\/\\\/decouvrirensemble.com\\\/es#website\",\"url\":\"https:\\\/\\\/decouvrirensemble.com\\\/es\",\"name\":\"Blog Voyage - D\u00e9couvrir Ensemble\",\"description\":\"Le Blog Voyage de Clem et Alex\",\"publisher\":{\"@id\":\"https:\\\/\\\/decouvrirensemble.com\\\/es#\\\/schema\\\/person\\\/a53efd44d02eb7f9ab90f96e84a9d2ba\"},\"potentialAction\":[{\"@type\":\"SearchAction\",\"target\":{\"@type\":\"EntryPoint\",\"urlTemplate\":\"https:\\\/\\\/decouvrirensemble.com\\\/es?s={search_term_string}\"},\"query-input\":{\"@type\":\"PropertyValueSpecification\",\"valueRequired\":true,\"valueName\":\"search_term_string\"}}],\"inLanguage\":\"es\"},{\"@type\":[\"Person\",\"Organization\"],\"@id\":\"https:\\\/\\\/decouvrirensemble.com\\\/es#\\\/schema\\\/person\\\/a53efd44d02eb7f9ab90f96e84a9d2ba\",\"name\":\"Cl\u00e9mence &amp; Alexandre\",\"image\":{\"@type\":\"ImageObject\",\"inLanguage\":\"es\",\"@id\":\"https:\\\/\\\/decouvrirensemble.com\\\/wp-content\\\/uploads\\\/2024\\\/04\\\/logo-decouvrir-ensemble-blog-voyage.jpg\",\"url\":\"https:\\\/\\\/decouvrirensemble.com\\\/wp-content\\\/uploads\\\/2024\\\/04\\\/logo-decouvrir-ensemble-blog-voyage.jpg\",\"contentUrl\":\"https:\\\/\\\/decouvrirensemble.com\\\/wp-content\\\/uploads\\\/2024\\\/04\\\/logo-decouvrir-ensemble-blog-voyage.jpg\",\"width\":1563,\"height\":529,\"caption\":\"Cl\u00e9mence &amp; Alexandre\"},\"logo\":{\"@id\":\"https:\\\/\\\/decouvrirensemble.com\\\/wp-content\\\/uploads\\\/2024\\\/04\\\/logo-decouvrir-ensemble-blog-voyage.jpg\"},\"sameAs\":[\"https:\\\/\\\/decouvrirensemble.com\\\/\"]}]}<\/script>\n<!-- \/ Yoast SEO plugin. -->","yoast_head_json":{"title":"Los 8 mercadillos navide\u00f1os m\u00e1s bonitos de Alemania en 2025","description":"\u00bfBusca los mejores mercados navide\u00f1os de Alemania en 2025? Descubra nuestra recomendaci\u00f3n de los mejores mercados alemanes.","robots":{"index":"index","follow":"follow","max-snippet":"max-snippet:-1","max-image-preview":"max-image-preview:large","max-video-preview":"max-video-preview:-1"},"canonical":"https:\/\/decouvrirensemble.com\/es\/mercadillos-navidenos-alemania","og_locale":"es_ES","og_type":"article","og_title":"Los 8 mercadillos navide\u00f1os m\u00e1s bonitos de Alemania en 2025","og_description":"\u00bfBusca los mejores mercados navide\u00f1os de Alemania en 2025? Descubra nuestra recomendaci\u00f3n de los mejores mercados alemanes.","og_url":"https:\/\/decouvrirensemble.com\/es\/mercadillos-navidenos-alemania","og_site_name":"Blog Voyage - D\u00e9couvrir Ensemble","article_published_time":"2024-09-01T15:11:10+00:00","article_modified_time":"2026-01-06T14:15:08+00:00","og_image":[{"width":1800,"height":1200,"url":"https:\/\/decouvrirensemble.com\/wp-content\/uploads\/2024\/08\/marche-de-noel-allemagne.jpg","type":"image\/jpeg"}],"author":"Cl\u00e9mence &amp; Alexandre","twitter_card":"summary_large_image","twitter_creator":"@dcouvrirensmble","twitter_site":"@dcouvrirensmble","twitter_misc":{"Escrito por":"Cl\u00e9mence &amp; Alexandre","Tiempo de lectura":"7 minutos"},"schema":{"@context":"https:\/\/schema.org","@graph":[{"@type":"Article","@id":"https:\/\/decouvrirensemble.com\/es\/mercadillos-navidenos-alemania#article","isPartOf":{"@id":"https:\/\/decouvrirensemble.com\/es\/mercadillos-navidenos-alemania"},"author":{"name":"Cl\u00e9mence &amp; Alexandre","@id":"https:\/\/decouvrirensemble.com\/es#\/schema\/person\/a53efd44d02eb7f9ab90f96e84a9d2ba"},"headline":"Los 8 mercadillos navide\u00f1os m\u00e1s bonitos de Alemania en 2025","datePublished":"2024-09-01T15:11:10+00:00","dateModified":"2026-01-06T14:15:08+00:00","mainEntityOfPage":{"@id":"https:\/\/decouvrirensemble.com\/es\/mercadillos-navidenos-alemania"},"wordCount":1090,"commentCount":0,"publisher":{"@id":"https:\/\/decouvrirensemble.com\/es#\/schema\/person\/a53efd44d02eb7f9ab90f96e84a9d2ba"},"image":{"@id":"https:\/\/decouvrirensemble.com\/es\/mercadillos-navidenos-alemania#primaryimage"},"thumbnailUrl":"https:\/\/decouvrirensemble.com\/wp-content\/uploads\/2024\/08\/marche-de-noel-allemagne.jpg","articleSection":["Alemania","Tops"],"inLanguage":"es","potentialAction":[{"@type":"CommentAction","name":"Comment","target":["https:\/\/decouvrirensemble.com\/es\/mercadillos-navidenos-alemania#respond"]}]},{"@type":"WebPage","@id":"https:\/\/decouvrirensemble.com\/es\/mercadillos-navidenos-alemania","url":"https:\/\/decouvrirensemble.com\/es\/mercadillos-navidenos-alemania","name":"Los 8 mercadillos navide\u00f1os m\u00e1s bonitos de Alemania en 2025","isPartOf":{"@id":"https:\/\/decouvrirensemble.com\/es#website"},"primaryImageOfPage":{"@id":"https:\/\/decouvrirensemble.com\/es\/mercadillos-navidenos-alemania#primaryimage"},"image":{"@id":"https:\/\/decouvrirensemble.com\/es\/mercadillos-navidenos-alemania#primaryimage"},"thumbnailUrl":"https:\/\/decouvrirensemble.com\/wp-content\/uploads\/2024\/08\/marche-de-noel-allemagne.jpg","datePublished":"2024-09-01T15:11:10+00:00","dateModified":"2026-01-06T14:15:08+00:00","description":"\u00bfBusca los mejores mercados navide\u00f1os de Alemania en 2025? Descubra nuestra recomendaci\u00f3n de los mejores mercados alemanes.","breadcrumb":{"@id":"https:\/\/decouvrirensemble.com\/es\/mercadillos-navidenos-alemania#breadcrumb"},"inLanguage":"es","potentialAction":[{"@type":"ReadAction","target":["https:\/\/decouvrirensemble.com\/es\/mercadillos-navidenos-alemania"]}]},{"@type":"ImageObject","inLanguage":"es","@id":"https:\/\/decouvrirensemble.com\/es\/mercadillos-navidenos-alemania#primaryimage","url":"https:\/\/decouvrirensemble.com\/wp-content\/uploads\/2024\/08\/marche-de-noel-allemagne.jpg","contentUrl":"https:\/\/decouvrirensemble.com\/wp-content\/uploads\/2024\/08\/marche-de-noel-allemagne.jpg","width":1800,"height":1200,"caption":"marche de noel allemagne"},{"@type":"BreadcrumbList","@id":"https:\/\/decouvrirensemble.com\/es\/mercadillos-navidenos-alemania#breadcrumb","itemListElement":[{"@type":"ListItem","position":1,"name":"Accueil","item":"https:\/\/decouvrirensemble.com\/es"},{"@type":"ListItem","position":2,"name":"Tops","item":"https:\/\/decouvrirensemble.com\/es\/tops-es"},{"@type":"ListItem","position":3,"name":"Los 8 mercadillos navide\u00f1os m\u00e1s bonitos de Alemania en 2025"}]},{"@type":"WebSite","@id":"https:\/\/decouvrirensemble.com\/es#website","url":"https:\/\/decouvrirensemble.com\/es","name":"Blog Voyage - D\u00e9couvrir Ensemble","description":"Le Blog Voyage de Clem et Alex","publisher":{"@id":"https:\/\/decouvrirensemble.com\/es#\/schema\/person\/a53efd44d02eb7f9ab90f96e84a9d2ba"},"potentialAction":[{"@type":"SearchAction","target":{"@type":"EntryPoint","urlTemplate":"https:\/\/decouvrirensemble.com\/es?s={search_term_string}"},"query-input":{"@type":"PropertyValueSpecification","valueRequired":true,"valueName":"search_term_string"}}],"inLanguage":"es"},{"@type":["Person","Organization"],"@id":"https:\/\/decouvrirensemble.com\/es#\/schema\/person\/a53efd44d02eb7f9ab90f96e84a9d2ba","name":"Cl\u00e9mence &amp; Alexandre","image":{"@type":"ImageObject","inLanguage":"es","@id":"https:\/\/decouvrirensemble.com\/wp-content\/uploads\/2024\/04\/logo-decouvrir-ensemble-blog-voyage.jpg","url":"https:\/\/decouvrirensemble.com\/wp-content\/uploads\/2024\/04\/logo-decouvrir-ensemble-blog-voyage.jpg","contentUrl":"https:\/\/decouvrirensemble.com\/wp-content\/uploads\/2024\/04\/logo-decouvrir-ensemble-blog-voyage.jpg","width":1563,"height":529,"caption":"Cl\u00e9mence &amp; Alexandre"},"logo":{"@id":"https:\/\/decouvrirensemble.com\/wp-content\/uploads\/2024\/04\/logo-decouvrir-ensemble-blog-voyage.jpg"},"sameAs":["https:\/\/decouvrirensemble.com\/"]}]}},"modified_by":"Cl\u00e9mence &amp; Alexandre","_links":{"self":[{"href":"https:\/\/decouvrirensemble.com\/es\/wp-json\/wp\/v2\/posts\/58478","targetHints":{"allow":["GET"]}}],"collection":[{"href":"https:\/\/decouvrirensemble.com\/es\/wp-json\/wp\/v2\/posts"}],"about":[{"href":"https:\/\/decouvrirensemble.com\/es\/wp-json\/wp\/v2\/types\/post"}],"author":[{"embeddable":true,"href":"https:\/\/decouvrirensemble.com\/es\/wp-json\/wp\/v2\/users\/1"}],"replies":[{"embeddable":true,"href":"https:\/\/decouvrirensemble.com\/es\/wp-json\/wp\/v2\/comments?post=58478"}],"version-history":[{"count":1,"href":"https:\/\/decouvrirensemble.com\/es\/wp-json\/wp\/v2\/posts\/58478\/revisions"}],"predecessor-version":[{"id":63503,"href":"https:\/\/decouvrirensemble.com\/es\/wp-json\/wp\/v2\/posts\/58478\/revisions\/63503"}],"wp:featuredmedia":[{"embeddable":true,"href":"https:\/\/decouvrirensemble.com\/es\/wp-json\/wp\/v2\/media\/56211"}],"wp:attachment":[{"href":"https:\/\/decouvrirensemble.com\/es\/wp-json\/wp\/v2\/media?parent=58478"}],"wp:term":[{"taxonomy":"category","embeddable":true,"href":"https:\/\/decouvrirensemble.com\/es\/wp-json\/wp\/v2\/categories?post=58478"},{"taxonomy":"post_tag","embeddable":true,"href":"https:\/\/decouvrirensemble.com\/es\/wp-json\/wp\/v2\/tags?post=58478"}],"curies":[{"name":"wp","href":"https:\/\/api.w.org\/{rel}","templated":true}]}}