{"id":59910,"date":"2025-05-08T11:43:59","date_gmt":"2025-05-08T09:43:59","guid":{"rendered":"https:\/\/decouvrirensemble.com\/suisse-italienne-tessin"},"modified":"2025-12-22T18:45:14","modified_gmt":"2025-12-22T17:45:14","slug":"suiza-italiana-tesino","status":"publish","type":"post","link":"https:\/\/decouvrirensemble.com\/es\/suiza-italiana-tesino","title":{"rendered":"Suiza italiana: \u00bfqu\u00e9 ver en el cant\u00f3n del Tesino?"},"content":{"rendered":"<p>Enclavada entre monta\u00f1as y lagos, <strong>la Suiza italiana<\/strong> combina el encanto mediterr\u00e1neo con la naturaleza salvaje. Nos enamoramos de la regi\u00f3n durante nuestra estancia de 4 d\u00edas en el cant\u00f3n del Tesino, \u00a1y pronto te dar\u00e1s cuenta cuando leas nuestro art\u00edculo!<\/p>\n<p>Es la regi\u00f3n m\u00e1s soleada de Suiza, y se nota en todas partes: en el ambiente de las ciudades y pueblos y en los paisajes.<\/p>\n<p>Hoy compartimos en nuestro <strong>blog de viajes<\/strong> nuestra <strong>gu\u00eda<\/strong> para descubrir o redescubrir la dolce vita italiana directamente desde Suiza.<\/p>\n<h2 id=\"que-ver\"><span class=\"ez-toc-section\" id=\"%C2%BFQue_ver_en_la_Suiza_italiana_Lugares_imprescindibles_del_Tesino\"><\/span>\u00bfQu\u00e9 ver en la Suiza italiana ? Lugares imprescindibles del Tesino<span class=\"ez-toc-section-end\"><\/span><\/h2>\n<h3><span class=\"ez-toc-section\" id=\"1_Locarno_la_vida_apacible_a_orillas_del_Lago_Mayor\"><\/span>1. Locarno, la vida apacible a orillas del Lago Mayor<span class=\"ez-toc-section-end\"><\/span><\/h3>\n<p>Nos alojamos en <strong>Locarno<\/strong> durante 4 d\u00edas en el Tesino, y es lo que recomendamos si tiene previsto <strong>descubrir la parte italoparlante de Suiza<\/strong>. La ubicaci\u00f3n de la ciudad la convierte en un punto de partida ideal para explorar los alrededores, ya sea el lago o las monta\u00f1as. De hecho, Locarno est\u00e1 muy cerca de otras atracciones imprescindibles del destino, ya sea en autob\u00fas, tren o barco. M\u00e1s adelante hablaremos de ello.<\/p>\n<p>Esta peque\u00f1a ciudad a orillas <strong>del lago Mayor<\/strong> nos encant\u00f3 desde el primer momento. Su ambiente tranquilo, sus coloridas callejuelas y sus numerosas terrazas invitan a descubrirla y relajarse.<\/p>\n<p>Mientras pasea por la ciudad, no se pierda <strong>el casco antiguo de Locarno<\/strong> y <strong>la Piazza Grande<\/strong>, el animado coraz\u00f3n de Locarno.<\/p>\n<div id=\"attachment_59784\" style=\"width: 1810px\" class=\"wp-caption alignnone\"><img decoding=\"async\" aria-describedby=\"caption-attachment-59784\" class=\"size-full wp-image-59784\" src=\"https:\/\/decouvrirensemble.com\/wp-content\/uploads\/2025\/05\/suisse-italienne-locarno.jpg\" alt=\"Locarno\" width=\"1800\" height=\"1200\" srcset=\"https:\/\/decouvrirensemble.com\/wp-content\/uploads\/2025\/05\/suisse-italienne-locarno.jpg 1800w, https:\/\/decouvrirensemble.com\/wp-content\/uploads\/2025\/05\/suisse-italienne-locarno-300x200.jpg 300w, https:\/\/decouvrirensemble.com\/wp-content\/uploads\/2025\/05\/suisse-italienne-locarno-1024x683.jpg 1024w, https:\/\/decouvrirensemble.com\/wp-content\/uploads\/2025\/05\/suisse-italienne-locarno-768x512.jpg 768w, https:\/\/decouvrirensemble.com\/wp-content\/uploads\/2025\/05\/suisse-italienne-locarno-1536x1024.jpg 1536w, https:\/\/decouvrirensemble.com\/wp-content\/uploads\/2025\/05\/suisse-italienne-locarno-600x400.jpg 600w\" sizes=\"(max-width: 1800px) 100vw, 1800px\" \/><p id=\"caption-attachment-59784\" class=\"wp-caption-text\">Locarno<\/p><\/div>\n<img decoding=\"async\" class=\"alignnone size-full wp-image-59733\" src=\"https:\/\/decouvrirensemble.com\/wp-content\/uploads\/2025\/05\/locarno-suisse.jpg\" alt=\"locarno suisse\" width=\"1800\" height=\"1200\" srcset=\"https:\/\/decouvrirensemble.com\/wp-content\/uploads\/2025\/05\/locarno-suisse.jpg 1800w, https:\/\/decouvrirensemble.com\/wp-content\/uploads\/2025\/05\/locarno-suisse-300x200.jpg 300w, https:\/\/decouvrirensemble.com\/wp-content\/uploads\/2025\/05\/locarno-suisse-1024x683.jpg 1024w, https:\/\/decouvrirensemble.com\/wp-content\/uploads\/2025\/05\/locarno-suisse-768x512.jpg 768w, https:\/\/decouvrirensemble.com\/wp-content\/uploads\/2025\/05\/locarno-suisse-1536x1024.jpg 1536w, https:\/\/decouvrirensemble.com\/wp-content\/uploads\/2025\/05\/locarno-suisse-600x400.jpg 600w\" sizes=\"(max-width: 1800px) 100vw, 1800px\" \/>\n<p>[info]<\/p>\n<p>Para disfrutar de una vista impresionante del lago, suba en funicular hasta la <strong>Madonna del Sasso<\/strong>. Tambi\u00e9n puede descubrir algunas hermosas rutas de senderismo tomando el telef\u00e9rico que sube directamente al monte Carcada.<\/p>\n<div id=\"attachment_59742\" style=\"width: 1810px\" class=\"wp-caption alignnone\"><img decoding=\"async\" aria-describedby=\"caption-attachment-59742\" class=\"size-full wp-image-59742\" src=\"https:\/\/decouvrirensemble.com\/wp-content\/uploads\/2025\/05\/Madonna-del-Sasso.jpg\" alt=\"Madonna del Sasso\" width=\"1800\" height=\"1200\" srcset=\"https:\/\/decouvrirensemble.com\/wp-content\/uploads\/2025\/05\/Madonna-del-Sasso.jpg 1800w, https:\/\/decouvrirensemble.com\/wp-content\/uploads\/2025\/05\/Madonna-del-Sasso-300x200.jpg 300w, https:\/\/decouvrirensemble.com\/wp-content\/uploads\/2025\/05\/Madonna-del-Sasso-1024x683.jpg 1024w, https:\/\/decouvrirensemble.com\/wp-content\/uploads\/2025\/05\/Madonna-del-Sasso-768x512.jpg 768w, https:\/\/decouvrirensemble.com\/wp-content\/uploads\/2025\/05\/Madonna-del-Sasso-1536x1024.jpg 1536w, https:\/\/decouvrirensemble.com\/wp-content\/uploads\/2025\/05\/Madonna-del-Sasso-600x400.jpg 600w\" sizes=\"(max-width: 1800px) 100vw, 1800px\" \/><p id=\"caption-attachment-59742\" class=\"wp-caption-text\">Madonna del Sasso<\/p><\/div>\n<img decoding=\"async\" class=\"alignnone size-full wp-image-59739\" src=\"https:\/\/decouvrirensemble.com\/wp-content\/uploads\/2025\/05\/Madonna-del-Sasso-Locarno.jpg\" alt=\"Madonna del Sasso\" width=\"1800\" height=\"1200\" srcset=\"https:\/\/decouvrirensemble.com\/wp-content\/uploads\/2025\/05\/Madonna-del-Sasso-Locarno.jpg 1800w, https:\/\/decouvrirensemble.com\/wp-content\/uploads\/2025\/05\/Madonna-del-Sasso-Locarno-300x200.jpg 300w, https:\/\/decouvrirensemble.com\/wp-content\/uploads\/2025\/05\/Madonna-del-Sasso-Locarno-1024x683.jpg 1024w, https:\/\/decouvrirensemble.com\/wp-content\/uploads\/2025\/05\/Madonna-del-Sasso-Locarno-768x512.jpg 768w, https:\/\/decouvrirensemble.com\/wp-content\/uploads\/2025\/05\/Madonna-del-Sasso-Locarno-1536x1024.jpg 1536w, https:\/\/decouvrirensemble.com\/wp-content\/uploads\/2025\/05\/Madonna-del-Sasso-Locarno-600x400.jpg 600w\" sizes=\"(max-width: 1800px) 100vw, 1800px\" \/>\n<img decoding=\"async\" class=\"alignnone size-full wp-image-59703\" src=\"https:\/\/decouvrirensemble.com\/wp-content\/uploads\/2025\/05\/Carcada-Locarno.jpg\" alt=\"carcada locarno\" width=\"1800\" height=\"1200\" srcset=\"https:\/\/decouvrirensemble.com\/wp-content\/uploads\/2025\/05\/Carcada-Locarno.jpg 1800w, https:\/\/decouvrirensemble.com\/wp-content\/uploads\/2025\/05\/Carcada-Locarno-300x200.jpg 300w, https:\/\/decouvrirensemble.com\/wp-content\/uploads\/2025\/05\/Carcada-Locarno-1024x683.jpg 1024w, https:\/\/decouvrirensemble.com\/wp-content\/uploads\/2025\/05\/Carcada-Locarno-768x512.jpg 768w, https:\/\/decouvrirensemble.com\/wp-content\/uploads\/2025\/05\/Carcada-Locarno-1536x1024.jpg 1536w, https:\/\/decouvrirensemble.com\/wp-content\/uploads\/2025\/05\/Carcada-Locarno-600x400.jpg 600w\" sizes=\"(max-width: 1800px) 100vw, 1800px\" \/>\n<h3><span class=\"ez-toc-section\" id=\"2_Las_islas_de_Brissago\"><\/span>2. Las islas de Brissago<span class=\"ez-toc-section-end\"><\/span><\/h3>\n<p>\u00bfLe encanta el ambiente que se respira en torno <a href=\"https:\/\/decouvrirensemble.com\/es\/que-ver-en-lago-di-como-italia\">al lago de Como<\/a>? Encontrar\u00e1 el mismo ambiente cuando coja el barco desde Locarno. <strong>Las islas de<\/strong> <strong>Brissago<\/strong> son f\u00e1cilmente accesibles en barco, y la traves\u00eda permite descubrir magn\u00edficos pueblos ribere\u00f1os como <strong>Vira, Ascona y Brissago<\/strong>.<\/p>\n<p>Estas dos peque\u00f1as islas albergan un impresionante jard\u00edn bot\u00e1nico, donde crecen libremente palmeras y plantas ex\u00f3ticas. Es un lugar ex\u00f3tico, entre el cielo y el agua, \u00a1que recomendamos encarecidamente! Nos encant\u00f3 nuestra estancia en la isla y el viaje en barco desde Locarno. Tambi\u00e9n se puede comer en el \u00fanico hotel de la isla, el <a href=\"https:\/\/maps.app.goo.gl\/SdaTshp8L5YsxKCd6\" rel=\"noopener\">Ristorante Isole di Brissago<\/a>. Tambi\u00e9n es un lugar ideal para un picnic con impresionantes vistas del lago Mayor.<\/p>\n<p>La entrada al jard\u00edn bot\u00e1nico cuesta 10 CHF por adulto. Los menores de 16 a\u00f1os entran gratis, lo que conviene saber si se viaja en familia.<\/p>\n<img decoding=\"async\" class=\"alignnone size-full wp-image-59724\" src=\"https:\/\/decouvrirensemble.com\/wp-content\/uploads\/2025\/05\/iles-de-brissago.jpg\" alt=\"\" width=\"1800\" height=\"1200\" srcset=\"https:\/\/decouvrirensemble.com\/wp-content\/uploads\/2025\/05\/iles-de-brissago.jpg 1800w, https:\/\/decouvrirensemble.com\/wp-content\/uploads\/2025\/05\/iles-de-brissago-300x200.jpg 300w, https:\/\/decouvrirensemble.com\/wp-content\/uploads\/2025\/05\/iles-de-brissago-1024x683.jpg 1024w, https:\/\/decouvrirensemble.com\/wp-content\/uploads\/2025\/05\/iles-de-brissago-768x512.jpg 768w, https:\/\/decouvrirensemble.com\/wp-content\/uploads\/2025\/05\/iles-de-brissago-1536x1024.jpg 1536w, https:\/\/decouvrirensemble.com\/wp-content\/uploads\/2025\/05\/iles-de-brissago-600x400.jpg 600w\" sizes=\"(max-width: 1800px) 100vw, 1800px\" \/>\n<img decoding=\"async\" class=\"alignnone size-full wp-image-59721\" src=\"https:\/\/decouvrirensemble.com\/wp-content\/uploads\/2025\/05\/iles-de-brissago-tessin.jpg\" alt=\"\u00eeles de Brissago\" width=\"1800\" height=\"1200\" srcset=\"https:\/\/decouvrirensemble.com\/wp-content\/uploads\/2025\/05\/iles-de-brissago-tessin.jpg 1800w, https:\/\/decouvrirensemble.com\/wp-content\/uploads\/2025\/05\/iles-de-brissago-tessin-300x200.jpg 300w, https:\/\/decouvrirensemble.com\/wp-content\/uploads\/2025\/05\/iles-de-brissago-tessin-1024x683.jpg 1024w, https:\/\/decouvrirensemble.com\/wp-content\/uploads\/2025\/05\/iles-de-brissago-tessin-768x512.jpg 768w, https:\/\/decouvrirensemble.com\/wp-content\/uploads\/2025\/05\/iles-de-brissago-tessin-1536x1024.jpg 1536w, https:\/\/decouvrirensemble.com\/wp-content\/uploads\/2025\/05\/iles-de-brissago-tessin-600x400.jpg 600w\" sizes=\"(max-width: 1800px) 100vw, 1800px\" \/>\n<img decoding=\"async\" class=\"alignnone size-full wp-image-59748\" src=\"https:\/\/decouvrirensemble.com\/wp-content\/uploads\/2025\/05\/parc-botanique-du-Tessin.jpg\" alt=\"parc botanique du tessin\" width=\"1800\" height=\"1200\" srcset=\"https:\/\/decouvrirensemble.com\/wp-content\/uploads\/2025\/05\/parc-botanique-du-Tessin.jpg 1800w, https:\/\/decouvrirensemble.com\/wp-content\/uploads\/2025\/05\/parc-botanique-du-Tessin-300x200.jpg 300w, https:\/\/decouvrirensemble.com\/wp-content\/uploads\/2025\/05\/parc-botanique-du-Tessin-1024x683.jpg 1024w, https:\/\/decouvrirensemble.com\/wp-content\/uploads\/2025\/05\/parc-botanique-du-Tessin-768x512.jpg 768w, https:\/\/decouvrirensemble.com\/wp-content\/uploads\/2025\/05\/parc-botanique-du-Tessin-1536x1024.jpg 1536w, https:\/\/decouvrirensemble.com\/wp-content\/uploads\/2025\/05\/parc-botanique-du-Tessin-600x400.jpg 600w\" sizes=\"(max-width: 1800px) 100vw, 1800px\" \/>\n<h3><span class=\"ez-toc-section\" id=\"3_Brissago_y_Ascona_pueblos_tipicos_del_Lago_Mayor\"><\/span>3. Brissago y Ascona, pueblos t\u00edpicos del Lago Mayor<span class=\"ez-toc-section-end\"><\/span><\/h3>\n<h4><span class=\"ez-toc-section\" id=\"Brissago\"><\/span>Brissago<span class=\"ez-toc-section-end\"><\/span><\/h4>\n<p>De vuelta a tierra firme, t\u00f3mese su tiempo para pasear por el pueblo de <strong>Brissago<\/strong>. Menos tur\u00edstico que Ascona, conserva un ambiente aut\u00e9ntico con sus estrechas calles floreadas y sus fachadas de colores pastel. Se tarda 10 minutos en barco en llegar al pueblo desde las islas Brissago.<\/p>\n<p>Nosotros, personalmente, aprovechamos para almorzar a orillas del agua en el <a href=\"https:\/\/maps.app.goo.gl\/MvueZeHDhaoL2D578\" rel=\"noopener\">restaurante Kalea<\/a>. Una vez terminado nuestro paseo por Brissago, cogimos el autob\u00fas a Ascona. Tambi\u00e9n se puede llegar a Ascona en barco.<\/p>\n<img decoding=\"async\" class=\"alignnone size-full wp-image-59700\" src=\"https:\/\/decouvrirensemble.com\/wp-content\/uploads\/2025\/05\/brissago-suisse-italienne.jpg\" alt=\"Brissago suisse italienne\" width=\"1800\" height=\"1200\" srcset=\"https:\/\/decouvrirensemble.com\/wp-content\/uploads\/2025\/05\/brissago-suisse-italienne.jpg 1800w, https:\/\/decouvrirensemble.com\/wp-content\/uploads\/2025\/05\/brissago-suisse-italienne-300x200.jpg 300w, https:\/\/decouvrirensemble.com\/wp-content\/uploads\/2025\/05\/brissago-suisse-italienne-1024x683.jpg 1024w, https:\/\/decouvrirensemble.com\/wp-content\/uploads\/2025\/05\/brissago-suisse-italienne-768x512.jpg 768w, https:\/\/decouvrirensemble.com\/wp-content\/uploads\/2025\/05\/brissago-suisse-italienne-1536x1024.jpg 1536w, https:\/\/decouvrirensemble.com\/wp-content\/uploads\/2025\/05\/brissago-suisse-italienne-600x400.jpg 600w\" sizes=\"(max-width: 1800px) 100vw, 1800px\" \/>\n<h4><span class=\"ez-toc-section\" id=\"Ascona\"><\/span>Ascona<span class=\"ez-toc-section-end\"><\/span><\/h4>\n<p><strong>Ascona<\/strong> es sin duda uno de <strong>los pueblos m\u00e1s bonitos del Tesino<\/strong>. Su bonito paseo junto al lago, bordeado de palmeras y animadas terrazas, invita a bajar el ritmo y disfrutar al m\u00e1ximo de las vacaciones a orillas del lago.<\/p>\n<p>Es una de nuestras ciudades favoritas del Lago Mayor: nos encant\u00f3 su ambiente apacible y sus encantadoras y coloridas calles. Un aut\u00e9ntico sabor a Italia en el coraz\u00f3n de <a href=\"https:\/\/decouvrirensemble.com\/es\/destinos\/suiza\">Suiza<\/a>. En resumen, una visita obligada en cualquier <strong>viaje al Tesino<\/strong>.<\/p>\n<div id=\"attachment_59775\" style=\"width: 1810px\" class=\"wp-caption alignnone\"><img decoding=\"async\" aria-describedby=\"caption-attachment-59775\" class=\"size-full wp-image-59775\" src=\"https:\/\/decouvrirensemble.com\/wp-content\/uploads\/2025\/05\/suisse-italienne-ascona.jpg\" alt=\"suisse italienne\" width=\"1800\" height=\"1200\" srcset=\"https:\/\/decouvrirensemble.com\/wp-content\/uploads\/2025\/05\/suisse-italienne-ascona.jpg 1800w, https:\/\/decouvrirensemble.com\/wp-content\/uploads\/2025\/05\/suisse-italienne-ascona-300x200.jpg 300w, https:\/\/decouvrirensemble.com\/wp-content\/uploads\/2025\/05\/suisse-italienne-ascona-1024x683.jpg 1024w, https:\/\/decouvrirensemble.com\/wp-content\/uploads\/2025\/05\/suisse-italienne-ascona-768x512.jpg 768w, https:\/\/decouvrirensemble.com\/wp-content\/uploads\/2025\/05\/suisse-italienne-ascona-1536x1024.jpg 1536w, https:\/\/decouvrirensemble.com\/wp-content\/uploads\/2025\/05\/suisse-italienne-ascona-600x400.jpg 600w\" sizes=\"(max-width: 1800px) 100vw, 1800px\" \/><p id=\"caption-attachment-59775\" class=\"wp-caption-text\">Ascona<\/p><\/div>\n<img decoding=\"async\" class=\"alignnone size-full wp-image-59685\" src=\"https:\/\/decouvrirensemble.com\/wp-content\/uploads\/2025\/05\/ascona-suisse.jpg\" alt=\"Ascona Suisse\" width=\"1800\" height=\"1200\" srcset=\"https:\/\/decouvrirensemble.com\/wp-content\/uploads\/2025\/05\/ascona-suisse.jpg 1800w, https:\/\/decouvrirensemble.com\/wp-content\/uploads\/2025\/05\/ascona-suisse-300x200.jpg 300w, https:\/\/decouvrirensemble.com\/wp-content\/uploads\/2025\/05\/ascona-suisse-1024x683.jpg 1024w, https:\/\/decouvrirensemble.com\/wp-content\/uploads\/2025\/05\/ascona-suisse-768x512.jpg 768w, https:\/\/decouvrirensemble.com\/wp-content\/uploads\/2025\/05\/ascona-suisse-1536x1024.jpg 1536w, https:\/\/decouvrirensemble.com\/wp-content\/uploads\/2025\/05\/ascona-suisse-600x400.jpg 600w\" sizes=\"(max-width: 1800px) 100vw, 1800px\" \/>\n<img decoding=\"async\" class=\"alignnone size-full wp-image-59688\" src=\"https:\/\/decouvrirensemble.com\/wp-content\/uploads\/2025\/05\/ascona-tessin.jpg\" alt=\"Ascona Tessin\" width=\"1800\" height=\"1200\" srcset=\"https:\/\/decouvrirensemble.com\/wp-content\/uploads\/2025\/05\/ascona-tessin.jpg 1800w, https:\/\/decouvrirensemble.com\/wp-content\/uploads\/2025\/05\/ascona-tessin-300x200.jpg 300w, https:\/\/decouvrirensemble.com\/wp-content\/uploads\/2025\/05\/ascona-tessin-1024x683.jpg 1024w, https:\/\/decouvrirensemble.com\/wp-content\/uploads\/2025\/05\/ascona-tessin-768x512.jpg 768w, https:\/\/decouvrirensemble.com\/wp-content\/uploads\/2025\/05\/ascona-tessin-1536x1024.jpg 1536w, https:\/\/decouvrirensemble.com\/wp-content\/uploads\/2025\/05\/ascona-tessin-600x400.jpg 600w\" sizes=\"(max-width: 1800px) 100vw, 1800px\" \/>\n<h3><span class=\"ez-toc-section\" id=\"4_El_pueblo_de_Foroglio_y_las_cascadas_mas_bellas_del_Tesino\"><\/span>4. El pueblo de Foroglio y las cascadas m\u00e1s bellas del Tesino<span class=\"ez-toc-section-end\"><\/span><\/h3>\n<h4><span class=\"ez-toc-section\" id=\"Foroglio_y_su_cascada\"><\/span>Foroglio y su cascada<span class=\"ez-toc-section-end\"><\/span><\/h4>\n<p>El <strong>pueblo de Foroglio<\/strong>, enclavado <strong>en Val Bavona<\/strong>, es todo un cambio de aires. Aqu\u00ed, apenas hay energ\u00eda el\u00e9ctrica, s\u00f3lo una naturaleza espectacular y virgen, dominada por una impresionante cascada de 80 metros (\u00a1nada menos!). Las casas de piedra, los tejados de pizarra y el torrente de la cascada dan a este lugar un aire de cuento de hadas. Es sin duda <strong>uno de los lugares m\u00e1s incre\u00edbles<\/strong> que tuvimos la suerte de descubrir en <strong>nuestro viaje al Tesino<\/strong>. \u00a1Lo recomendamos al 100%!<\/p>\n<div id=\"attachment_59715\" style=\"width: 1810px\" class=\"wp-caption alignnone\"><img decoding=\"async\" aria-describedby=\"caption-attachment-59715\" class=\"size-full wp-image-59715\" src=\"https:\/\/decouvrirensemble.com\/wp-content\/uploads\/2025\/05\/foroglio-suisse.jpg\" alt=\"Foroglio Suisse\" width=\"1800\" height=\"1200\" srcset=\"https:\/\/decouvrirensemble.com\/wp-content\/uploads\/2025\/05\/foroglio-suisse.jpg 1800w, https:\/\/decouvrirensemble.com\/wp-content\/uploads\/2025\/05\/foroglio-suisse-300x200.jpg 300w, https:\/\/decouvrirensemble.com\/wp-content\/uploads\/2025\/05\/foroglio-suisse-1024x683.jpg 1024w, https:\/\/decouvrirensemble.com\/wp-content\/uploads\/2025\/05\/foroglio-suisse-768x512.jpg 768w, https:\/\/decouvrirensemble.com\/wp-content\/uploads\/2025\/05\/foroglio-suisse-1536x1024.jpg 1536w, https:\/\/decouvrirensemble.com\/wp-content\/uploads\/2025\/05\/foroglio-suisse-600x400.jpg 600w\" sizes=\"(max-width: 1800px) 100vw, 1800px\" \/><p id=\"caption-attachment-59715\" class=\"wp-caption-text\">Foroglio<\/p><\/div>\n<img decoding=\"async\" class=\"alignnone size-full wp-image-59781\" src=\"https:\/\/decouvrirensemble.com\/wp-content\/uploads\/2025\/05\/suisse-italienne-foroglio.jpg\" alt=\"suisse italienne\" width=\"1800\" height=\"1200\" srcset=\"https:\/\/decouvrirensemble.com\/wp-content\/uploads\/2025\/05\/suisse-italienne-foroglio.jpg 1800w, https:\/\/decouvrirensemble.com\/wp-content\/uploads\/2025\/05\/suisse-italienne-foroglio-300x200.jpg 300w, https:\/\/decouvrirensemble.com\/wp-content\/uploads\/2025\/05\/suisse-italienne-foroglio-1024x683.jpg 1024w, https:\/\/decouvrirensemble.com\/wp-content\/uploads\/2025\/05\/suisse-italienne-foroglio-768x512.jpg 768w, https:\/\/decouvrirensemble.com\/wp-content\/uploads\/2025\/05\/suisse-italienne-foroglio-1536x1024.jpg 1536w, https:\/\/decouvrirensemble.com\/wp-content\/uploads\/2025\/05\/suisse-italienne-foroglio-600x400.jpg 600w\" sizes=\"(max-width: 1800px) 100vw, 1800px\" \/>\n<p>Durante nuestra visita, tambi\u00e9n tuvimos la oportunidad de descubrir una iglesia de arquitectura asombrosa, <a href=\"https:\/\/maps.app.goo.gl\/Cubvt9S2qpnzv4AL7\" rel=\"noopener\">la Chiesa di San Giovanni Battista<\/a>. Se la recomendamos si dispone de tiempo y es aficionado a la arquitectura.<\/p>\n<img decoding=\"async\" class=\"alignnone size-full wp-image-59712\" src=\"https:\/\/decouvrirensemble.com\/wp-content\/uploads\/2025\/05\/Eglise-de-San-Giovanni-Battista.jpg\" alt=\"Eglise de San Giovanni Battista\" width=\"1800\" height=\"1200\" srcset=\"https:\/\/decouvrirensemble.com\/wp-content\/uploads\/2025\/05\/Eglise-de-San-Giovanni-Battista.jpg 1800w, https:\/\/decouvrirensemble.com\/wp-content\/uploads\/2025\/05\/Eglise-de-San-Giovanni-Battista-300x200.jpg 300w, https:\/\/decouvrirensemble.com\/wp-content\/uploads\/2025\/05\/Eglise-de-San-Giovanni-Battista-1024x683.jpg 1024w, https:\/\/decouvrirensemble.com\/wp-content\/uploads\/2025\/05\/Eglise-de-San-Giovanni-Battista-768x512.jpg 768w, https:\/\/decouvrirensemble.com\/wp-content\/uploads\/2025\/05\/Eglise-de-San-Giovanni-Battista-1536x1024.jpg 1536w, https:\/\/decouvrirensemble.com\/wp-content\/uploads\/2025\/05\/Eglise-de-San-Giovanni-Battista-600x400.jpg 600w\" sizes=\"(max-width: 1800px) 100vw, 1800px\" \/>\n<p>Si est\u00e1s por la zona, tambi\u00e9n te recomendamos parar a comer algo en <a href=\"https:\/\/maps.app.goo.gl\/zi7ZXmeUq6CxYzzG8\" rel=\"noopener\">Grotto Pozzasc<\/a>, en Peccia. Este restaurante, situado al borde de una cascada, es una aut\u00e9ntica joya. Aqu\u00ed encontrar\u00e1 algunos platos excelentes, incluida una de las mejores polentas que hemos probado.<\/p>\n<img decoding=\"async\" class=\"alignnone size-full wp-image-59763\" src=\"https:\/\/decouvrirensemble.com\/wp-content\/uploads\/2025\/05\/restaurants-grotto-pozzasc.jpg\" alt=\"grotto pozzasc\" width=\"1800\" height=\"1200\" srcset=\"https:\/\/decouvrirensemble.com\/wp-content\/uploads\/2025\/05\/restaurants-grotto-pozzasc.jpg 1800w, https:\/\/decouvrirensemble.com\/wp-content\/uploads\/2025\/05\/restaurants-grotto-pozzasc-300x200.jpg 300w, https:\/\/decouvrirensemble.com\/wp-content\/uploads\/2025\/05\/restaurants-grotto-pozzasc-1024x683.jpg 1024w, https:\/\/decouvrirensemble.com\/wp-content\/uploads\/2025\/05\/restaurants-grotto-pozzasc-768x512.jpg 768w, https:\/\/decouvrirensemble.com\/wp-content\/uploads\/2025\/05\/restaurants-grotto-pozzasc-1536x1024.jpg 1536w, https:\/\/decouvrirensemble.com\/wp-content\/uploads\/2025\/05\/restaurants-grotto-pozzasc-600x400.jpg 600w\" sizes=\"(max-width: 1800px) 100vw, 1800px\" \/>\n<h4><span class=\"ez-toc-section\" id=\"Cascada_del_Salto\"><\/span>Cascada del Salto<span class=\"ez-toc-section-end\"><\/span><\/h4>\n<p>De regreso a Locarno, si a\u00fan le queda algo de tiempo, no dude en detenerse en Maggia para admirar su magn\u00edfica cascada, <a href=\"https:\/\/maps.app.goo.gl\/Mm1LeRspWfaoYP1h7\" rel=\"noopener\">la cascada del Salto<\/a>. La cascada es realmente m\u00e1gica, \u00a1ya lo ver\u00e1! Es un lugar popular para ba\u00f1arse en la regi\u00f3n, as\u00ed que no olvide traer su ba\u00f1ador si el tiempo lo permite. \u00a1Tambi\u00e9n es una gran oportunidad para admirar <a href=\"https:\/\/maps.app.goo.gl\/eYFsTHHvWsdocdrc8\" rel=\"noopener\">la iglesia Chiesa di San Maurizio<\/a>, justo al lado!<\/p>\n<img decoding=\"async\" class=\"alignnone size-full wp-image-59706\" src=\"https:\/\/decouvrirensemble.com\/wp-content\/uploads\/2025\/05\/cascade-de-salto.jpg\" alt=\"cascade de salto\" width=\"1800\" height=\"1200\" srcset=\"https:\/\/decouvrirensemble.com\/wp-content\/uploads\/2025\/05\/cascade-de-salto.jpg 1800w, https:\/\/decouvrirensemble.com\/wp-content\/uploads\/2025\/05\/cascade-de-salto-300x200.jpg 300w, https:\/\/decouvrirensemble.com\/wp-content\/uploads\/2025\/05\/cascade-de-salto-1024x683.jpg 1024w, https:\/\/decouvrirensemble.com\/wp-content\/uploads\/2025\/05\/cascade-de-salto-768x512.jpg 768w, https:\/\/decouvrirensemble.com\/wp-content\/uploads\/2025\/05\/cascade-de-salto-1536x1024.jpg 1536w, https:\/\/decouvrirensemble.com\/wp-content\/uploads\/2025\/05\/cascade-de-salto-600x400.jpg 600w\" sizes=\"(max-width: 1800px) 100vw, 1800px\" \/>\n<h3><span class=\"ez-toc-section\" id=\"5_Sonogno_y_el_Ponte_dei_Salti_joyas_del_Valle_Verzasca\"><\/span>5. Sonogno y el Ponte dei Salti, joyas del Valle Verzasca<span class=\"ez-toc-section-end\"><\/span><\/h3>\n<h4><span class=\"ez-toc-section\" id=\"Sonogno\"><\/span>Sonogno<span class=\"ez-toc-section-end\"><\/span><\/h4>\n<p><strong>La Val Verzasca<\/strong> es una zona de visita obligada de la Suiza italiana. Empiece en el pueblo de Sonogno, una pintoresca aldea rodeada de monta\u00f1as, ideal para pasear en plena naturaleza. Se tarda aproximadamente 1 hora en autob\u00fas desde la estaci\u00f3n de Locarno.<\/p>\n<p>Le recomendamos que se tome su tiempo para explorar el pueblo, que le resultar\u00e1 encantador. Despu\u00e9s, dir\u00edgete a <a href=\"https:\/\/maps.app.goo.gl\/fU6jB2Qyab3qigAt9\" rel=\"noopener\">la cascada de Froda<\/a>, que es realmente impresionante. Para comer, recomendamos <a href=\"https:\/\/maps.app.goo.gl\/cyUsfHtDWirzJog98\" rel=\"noopener\">el restaurante Enoteca<\/a>. \u00a1Los due\u00f1os son muy atentos y la comida est\u00e1 deliciosa! Tuvimos la suerte de disfrutar de su terraza y lo pasamos genial.<\/p>\n<div id=\"attachment_59769\" style=\"width: 1810px\" class=\"wp-caption alignnone\"><img decoding=\"async\" aria-describedby=\"caption-attachment-59769\" class=\"size-full wp-image-59769\" src=\"https:\/\/decouvrirensemble.com\/wp-content\/uploads\/2025\/05\/sonogno-suisse.jpg\" alt=\"sonogno suisse\" width=\"1800\" height=\"1200\" srcset=\"https:\/\/decouvrirensemble.com\/wp-content\/uploads\/2025\/05\/sonogno-suisse.jpg 1800w, https:\/\/decouvrirensemble.com\/wp-content\/uploads\/2025\/05\/sonogno-suisse-300x200.jpg 300w, https:\/\/decouvrirensemble.com\/wp-content\/uploads\/2025\/05\/sonogno-suisse-1024x683.jpg 1024w, https:\/\/decouvrirensemble.com\/wp-content\/uploads\/2025\/05\/sonogno-suisse-768x512.jpg 768w, https:\/\/decouvrirensemble.com\/wp-content\/uploads\/2025\/05\/sonogno-suisse-1536x1024.jpg 1536w, https:\/\/decouvrirensemble.com\/wp-content\/uploads\/2025\/05\/sonogno-suisse-600x400.jpg 600w\" sizes=\"(max-width: 1800px) 100vw, 1800px\" \/><p id=\"caption-attachment-59769\" class=\"wp-caption-text\">sonogno<\/p><\/div>\n<img decoding=\"async\" class=\"alignnone size-full wp-image-59772\" src=\"https:\/\/decouvrirensemble.com\/wp-content\/uploads\/2025\/05\/sonogno.jpg\" alt=\"sonogno\" width=\"1800\" height=\"1200\" srcset=\"https:\/\/decouvrirensemble.com\/wp-content\/uploads\/2025\/05\/sonogno.jpg 1800w, https:\/\/decouvrirensemble.com\/wp-content\/uploads\/2025\/05\/sonogno-300x200.jpg 300w, https:\/\/decouvrirensemble.com\/wp-content\/uploads\/2025\/05\/sonogno-1024x683.jpg 1024w, https:\/\/decouvrirensemble.com\/wp-content\/uploads\/2025\/05\/sonogno-768x512.jpg 768w, https:\/\/decouvrirensemble.com\/wp-content\/uploads\/2025\/05\/sonogno-1536x1024.jpg 1536w, https:\/\/decouvrirensemble.com\/wp-content\/uploads\/2025\/05\/sonogno-600x400.jpg 600w\" sizes=\"(max-width: 1800px) 100vw, 1800px\" \/>\n<img decoding=\"async\" class=\"alignnone size-full wp-image-59709\" src=\"https:\/\/decouvrirensemble.com\/wp-content\/uploads\/2025\/05\/cascade-sonogno.jpg\" alt=\"cascade sonogno\" width=\"1800\" height=\"1200\" srcset=\"https:\/\/decouvrirensemble.com\/wp-content\/uploads\/2025\/05\/cascade-sonogno.jpg 1800w, https:\/\/decouvrirensemble.com\/wp-content\/uploads\/2025\/05\/cascade-sonogno-300x200.jpg 300w, https:\/\/decouvrirensemble.com\/wp-content\/uploads\/2025\/05\/cascade-sonogno-1024x683.jpg 1024w, https:\/\/decouvrirensemble.com\/wp-content\/uploads\/2025\/05\/cascade-sonogno-768x512.jpg 768w, https:\/\/decouvrirensemble.com\/wp-content\/uploads\/2025\/05\/cascade-sonogno-1536x1024.jpg 1536w, https:\/\/decouvrirensemble.com\/wp-content\/uploads\/2025\/05\/cascade-sonogno-600x400.jpg 600w\" sizes=\"(max-width: 1800px) 100vw, 1800px\" \/>\n<p>[note1]<\/p>\n<div class=\"block-width-lg mx-auto\"><div class=\"video-container\"><iframe title=\"YouTube video player\" src=\"https:\/\/www.youtube.com\/embed\/Yzd5SCALbE0?si=jsdSZLLlXLYRRxiN\" width=\"560\" height=\"315\" frameborder=\"0\" allowfullscreen=\"allowfullscreen\"><\/iframe><\/div><\/div>\n<h4><span class=\"ez-toc-section\" id=\"Puente_de_los_Saltos\"><\/span>Puente de los Saltos<span class=\"ez-toc-section-end\"><\/span><\/h4>\n<p>A continuaci\u00f3n, dir\u00edjase a <strong>Lavertezzo<\/strong> para admirar el famoso <strong>Ponte dei Salti<\/strong>, un puente de piedra que data del siglo XVII. En verano, las aguas turquesas del Verzasca invitan al ba\u00f1o y son muy populares entre los lugare\u00f1os y los turistas. Una visita obligada en el Tesino.<\/p>\n<div id=\"attachment_59757\" style=\"width: 1810px\" class=\"wp-caption alignnone\"><img decoding=\"async\" aria-describedby=\"caption-attachment-59757\" class=\"size-full wp-image-59757\" src=\"https:\/\/decouvrirensemble.com\/wp-content\/uploads\/2025\/05\/ponte-dei-salti.jpg\" alt=\"Ponte dei Salti\" width=\"1800\" height=\"1200\" srcset=\"https:\/\/decouvrirensemble.com\/wp-content\/uploads\/2025\/05\/ponte-dei-salti.jpg 1800w, https:\/\/decouvrirensemble.com\/wp-content\/uploads\/2025\/05\/ponte-dei-salti-300x200.jpg 300w, https:\/\/decouvrirensemble.com\/wp-content\/uploads\/2025\/05\/ponte-dei-salti-1024x683.jpg 1024w, https:\/\/decouvrirensemble.com\/wp-content\/uploads\/2025\/05\/ponte-dei-salti-768x512.jpg 768w, https:\/\/decouvrirensemble.com\/wp-content\/uploads\/2025\/05\/ponte-dei-salti-1536x1024.jpg 1536w, https:\/\/decouvrirensemble.com\/wp-content\/uploads\/2025\/05\/ponte-dei-salti-600x400.jpg 600w\" sizes=\"(max-width: 1800px) 100vw, 1800px\" \/><p id=\"caption-attachment-59757\" class=\"wp-caption-text\">Ponte dei Salti<\/p><\/div>\n<img decoding=\"async\" class=\"alignnone size-full wp-image-59754\" src=\"https:\/\/decouvrirensemble.com\/wp-content\/uploads\/2025\/05\/ponte-dei-salti-lavertezzo.jpg\" alt=\"Ponte dei Salti\" width=\"1800\" height=\"1200\" srcset=\"https:\/\/decouvrirensemble.com\/wp-content\/uploads\/2025\/05\/ponte-dei-salti-lavertezzo.jpg 1800w, https:\/\/decouvrirensemble.com\/wp-content\/uploads\/2025\/05\/ponte-dei-salti-lavertezzo-300x200.jpg 300w, https:\/\/decouvrirensemble.com\/wp-content\/uploads\/2025\/05\/ponte-dei-salti-lavertezzo-1024x683.jpg 1024w, https:\/\/decouvrirensemble.com\/wp-content\/uploads\/2025\/05\/ponte-dei-salti-lavertezzo-768x512.jpg 768w, https:\/\/decouvrirensemble.com\/wp-content\/uploads\/2025\/05\/ponte-dei-salti-lavertezzo-1536x1024.jpg 1536w, https:\/\/decouvrirensemble.com\/wp-content\/uploads\/2025\/05\/ponte-dei-salti-lavertezzo-600x400.jpg 600w\" sizes=\"(max-width: 1800px) 100vw, 1800px\" \/>\n<img decoding=\"async\" class=\"alignnone size-full wp-image-59751\" src=\"https:\/\/decouvrirensemble.com\/wp-content\/uploads\/2025\/05\/ponte-dei-salti-lavertezzo-suisse.jpg\" alt=\"lavertezzo suisse\" width=\"1800\" height=\"1200\" srcset=\"https:\/\/decouvrirensemble.com\/wp-content\/uploads\/2025\/05\/ponte-dei-salti-lavertezzo-suisse.jpg 1800w, https:\/\/decouvrirensemble.com\/wp-content\/uploads\/2025\/05\/ponte-dei-salti-lavertezzo-suisse-300x200.jpg 300w, https:\/\/decouvrirensemble.com\/wp-content\/uploads\/2025\/05\/ponte-dei-salti-lavertezzo-suisse-1024x683.jpg 1024w, https:\/\/decouvrirensemble.com\/wp-content\/uploads\/2025\/05\/ponte-dei-salti-lavertezzo-suisse-768x512.jpg 768w, https:\/\/decouvrirensemble.com\/wp-content\/uploads\/2025\/05\/ponte-dei-salti-lavertezzo-suisse-1536x1024.jpg 1536w, https:\/\/decouvrirensemble.com\/wp-content\/uploads\/2025\/05\/ponte-dei-salti-lavertezzo-suisse-600x400.jpg 600w\" sizes=\"(max-width: 1800px) 100vw, 1800px\" \/>\n<h2 id=\"donde-comer\"><span class=\"ez-toc-section\" id=\"%C2%BFDonde_comer_en_su_viaje_a_la_Suiza_italiana\"><\/span>\u00bfD\u00f3nde comer en su viaje a la Suiza italiana?<span class=\"ez-toc-section-end\"><\/span><\/h2>\n<h3><span class=\"ez-toc-section\" id=\"En_Locarno\"><\/span>En Locarno<span class=\"ez-toc-section-end\"><\/span><\/h3>\n<ul>\n<li><a href=\"https:\/\/maps.app.goo.gl\/dUYrLMWw3AHdSKaf8\" rel=\"noopener\">El restaurante del Hotel Belvedere<\/a>: un restaurante delicioso en uno de los hoteles m\u00e1s bonitos de la ciudad. El personal es encantador y la comida deliciosa. Vaya con los ojos cerrados.<\/li>\n<li><a href=\"https:\/\/maps.app.goo.gl\/XYjaDX83Msm7LcSZ6\" rel=\"noopener\">Ristorante Fiorentina<\/a>: un excelente restaurante en el casco antiguo de Locarno. El servicio fue impecable y la comida muy buena. Perfecto para una comida al final del d\u00eda.<\/li>\n<li><a href=\"https:\/\/maps.app.goo.gl\/vZhyYLwcojsSS3yW8\" rel=\"noopener\">Spaghetti store<\/a>: \u00a1el restaurante perfecto si quieres una buena pizza o pasta! Al igual que en las otras direcciones mencionadas, \u00a1los camareros son adorables y la comida deliciosa!<\/li>\n<li><a href=\"https:\/\/maps.app.goo.gl\/LbmH4CHumWcEjziz8\" rel=\"noopener\">Restaurante Blu<\/a>: un restaurante lounge realmente agradable con unas vistas impresionantes del lago Maggiore. Imprescindible.<\/li>\n<li><a href=\"https:\/\/maps.app.goo.gl\/bEucicehRVdycgzt9\" rel=\"noopener\">Glacier la Dolcevita<\/a>: una de las mejores helader\u00edas de la regi\u00f3n. Por desgracia, no tuvimos tiempo de probarlo, \u00a1pero nos lo recomendaron mucho!<\/li>\n<\/ul>\n<img decoding=\"async\" class=\"alignnone size-full wp-image-59766\" src=\"https:\/\/decouvrirensemble.com\/wp-content\/uploads\/2025\/05\/restaurants-locarno.jpg\" alt=\"restaurants locarno\" width=\"1800\" height=\"1200\" srcset=\"https:\/\/decouvrirensemble.com\/wp-content\/uploads\/2025\/05\/restaurants-locarno.jpg 1800w, https:\/\/decouvrirensemble.com\/wp-content\/uploads\/2025\/05\/restaurants-locarno-300x200.jpg 300w, https:\/\/decouvrirensemble.com\/wp-content\/uploads\/2025\/05\/restaurants-locarno-1024x683.jpg 1024w, https:\/\/decouvrirensemble.com\/wp-content\/uploads\/2025\/05\/restaurants-locarno-768x512.jpg 768w, https:\/\/decouvrirensemble.com\/wp-content\/uploads\/2025\/05\/restaurants-locarno-1536x1024.jpg 1536w, https:\/\/decouvrirensemble.com\/wp-content\/uploads\/2025\/05\/restaurants-locarno-600x400.jpg 600w\" sizes=\"(max-width: 1800px) 100vw, 1800px\" \/>\n<img decoding=\"async\" class=\"alignnone size-full wp-image-59697\" src=\"https:\/\/decouvrirensemble.com\/wp-content\/uploads\/2025\/05\/blu-locarno.jpg\" alt=\"blu locarno\" width=\"1800\" height=\"1200\" srcset=\"https:\/\/decouvrirensemble.com\/wp-content\/uploads\/2025\/05\/blu-locarno.jpg 1800w, https:\/\/decouvrirensemble.com\/wp-content\/uploads\/2025\/05\/blu-locarno-300x200.jpg 300w, https:\/\/decouvrirensemble.com\/wp-content\/uploads\/2025\/05\/blu-locarno-1024x683.jpg 1024w, https:\/\/decouvrirensemble.com\/wp-content\/uploads\/2025\/05\/blu-locarno-768x512.jpg 768w, https:\/\/decouvrirensemble.com\/wp-content\/uploads\/2025\/05\/blu-locarno-1536x1024.jpg 1536w, https:\/\/decouvrirensemble.com\/wp-content\/uploads\/2025\/05\/blu-locarno-600x400.jpg 600w\" sizes=\"(max-width: 1800px) 100vw, 1800px\" \/>\n<h3><span class=\"ez-toc-section\" id=\"En_Brissago_y_Ascona\"><\/span>En Brissago y Ascona<span class=\"ez-toc-section-end\"><\/span><\/h3>\n<ul>\n<li><a href=\"https:\/\/maps.app.goo.gl\/MvueZeHDhaoL2D578\" rel=\"noopener\">Restaurante Kalea<\/a>: un buen restaurante de pescado en el lago Mayor, en Brissago. Imprescindible tras una visita a las islas de Brissago.<\/li>\n<li><a href=\"https:\/\/maps.app.goo.gl\/ZbXpYh84newv7dgh9\" rel=\"noopener\">Osteria Nostrana<\/a>: un bonito restaurante en Ascona con una terraza que ofrece una vista impresionante de las orillas del lago Mayor.<\/li>\n<\/ul>\n<img decoding=\"async\" class=\"alignnone size-full wp-image-59760\" src=\"https:\/\/decouvrirensemble.com\/wp-content\/uploads\/2025\/05\/restaurants-brissago-ascona.jpg\" alt=\"restaurants ascona\" width=\"1800\" height=\"1200\" srcset=\"https:\/\/decouvrirensemble.com\/wp-content\/uploads\/2025\/05\/restaurants-brissago-ascona.jpg 1800w, https:\/\/decouvrirensemble.com\/wp-content\/uploads\/2025\/05\/restaurants-brissago-ascona-300x200.jpg 300w, https:\/\/decouvrirensemble.com\/wp-content\/uploads\/2025\/05\/restaurants-brissago-ascona-1024x683.jpg 1024w, https:\/\/decouvrirensemble.com\/wp-content\/uploads\/2025\/05\/restaurants-brissago-ascona-768x512.jpg 768w, https:\/\/decouvrirensemble.com\/wp-content\/uploads\/2025\/05\/restaurants-brissago-ascona-1536x1024.jpg 1536w, https:\/\/decouvrirensemble.com\/wp-content\/uploads\/2025\/05\/restaurants-brissago-ascona-600x400.jpg 600w\" sizes=\"(max-width: 1800px) 100vw, 1800px\" \/>\n<h3><span class=\"ez-toc-section\" id=\"En_Val_Bavona_y_Val_Verzasca\"><\/span>En Val Bavona y Val Verzasca<span class=\"ez-toc-section-end\"><\/span><\/h3>\n<ul>\n<li><a href=\"https:\/\/maps.app.goo.gl\/cyUsfHtDWirzJog98\" rel=\"noopener\">Restaurante Enoteca<\/a>: un restaurante t\u00edpico y acogedor en Sonogno. Tambi\u00e9n ofrecen degustaciones de vinos locales. No dude en hacer un alto en el camino para descubrir la zona.<\/li>\n<li><a href=\"https:\/\/maps.app.goo.gl\/zi7ZXmeUq6CxYzzG8\" rel=\"noopener\">Grotto Pozzasc<\/a>: otro restaurante t\u00edpico al borde de una cascada. El entorno es m\u00e1gico y las polentas deliciosas. Una visita obligada.<\/li>\n<\/ul>\n<img decoding=\"async\" class=\"alignnone size-full wp-image-59797\" src=\"https:\/\/decouvrirensemble.com\/wp-content\/uploads\/2025\/05\/restaurants-val-bonna-val-verzasca.jpg\" alt=\"\" width=\"1800\" height=\"1200\" srcset=\"https:\/\/decouvrirensemble.com\/wp-content\/uploads\/2025\/05\/restaurants-val-bonna-val-verzasca.jpg 1800w, https:\/\/decouvrirensemble.com\/wp-content\/uploads\/2025\/05\/restaurants-val-bonna-val-verzasca-300x200.jpg 300w, https:\/\/decouvrirensemble.com\/wp-content\/uploads\/2025\/05\/restaurants-val-bonna-val-verzasca-1024x683.jpg 1024w, https:\/\/decouvrirensemble.com\/wp-content\/uploads\/2025\/05\/restaurants-val-bonna-val-verzasca-768x512.jpg 768w, https:\/\/decouvrirensemble.com\/wp-content\/uploads\/2025\/05\/restaurants-val-bonna-val-verzasca-1536x1024.jpg 1536w, https:\/\/decouvrirensemble.com\/wp-content\/uploads\/2025\/05\/restaurants-val-bonna-val-verzasca-600x400.jpg 600w\" sizes=\"(max-width: 1800px) 100vw, 1800px\" \/>\n<h2 id=\"donde-dormir\"><span class=\"ez-toc-section\" id=\"%C2%BFDonde_dormir_en_su_viaje_a_la_Suiza_italiana\"><\/span>\u00bfD\u00f3nde dormir en su viaje a la Suiza italiana?<span class=\"ez-toc-section-end\"><\/span><\/h2>\n<h3><span class=\"ez-toc-section\" id=\"Hotel_Muralto_Locarno\"><\/span>Hotel Muralto Locarno<span class=\"ez-toc-section-end\"><\/span><\/h3>\n<p>Elegimos alojarnos en <strong>Locarno<\/strong> en el muy agradable <a href=\"https:\/\/www.hotelmuralto.ch\/?lang=fr\" rel=\"noopener\">Hotel Muralto Locarno<\/a>. Muy bien situado, a dos pasos del centro y de la estaci\u00f3n, ofrece una excelente relaci\u00f3n calidad-precio. La acogida fue calurosa y la vista desde nuestra habitaci\u00f3n, en la 5\u00aa planta, \u00a1ofrec\u00eda una vista impresionante del lago! Recomendamos esta direcci\u00f3n para una estancia memorable en Locarno, \u00a1nos encant\u00f3!<\/p>\n<p>No te olvides de pedir tu billete gratuito <a href=\"https:\/\/www.ticino.ch\/fr\/ticket.html\" rel=\"noopener\">Ticino Ticket<\/a> cuando te registres si quieres aprovechar el transporte p\u00fablico gratuito durante tu estancia.<\/p>\n    <div class=\"niceButton\"><a href=\"https:\/\/www.hotelmuralto.ch\/?lang=fr\" target=\"_blank\" class=\"emojiLink\">\n                    <span class=\"emojiLink__emoji\">\u2764\ufe0f<\/span>\n                <span class=\"emojiLink__title title title--big\">Ver disponibilidad<\/span>\n    <\/a><\/div>\n\n    \n<div id=\"attachment_59745\" style=\"width: 1810px\" class=\"wp-caption alignnone\"><img decoding=\"async\" aria-describedby=\"caption-attachment-59745\" class=\"size-full wp-image-59745\" src=\"https:\/\/decouvrirensemble.com\/wp-content\/uploads\/2025\/05\/ou-dormir-locarno.jpg\" alt=\"ou dormir locarno\" width=\"1800\" height=\"1200\" srcset=\"https:\/\/decouvrirensemble.com\/wp-content\/uploads\/2025\/05\/ou-dormir-locarno.jpg 1800w, https:\/\/decouvrirensemble.com\/wp-content\/uploads\/2025\/05\/ou-dormir-locarno-300x200.jpg 300w, https:\/\/decouvrirensemble.com\/wp-content\/uploads\/2025\/05\/ou-dormir-locarno-1024x683.jpg 1024w, https:\/\/decouvrirensemble.com\/wp-content\/uploads\/2025\/05\/ou-dormir-locarno-768x512.jpg 768w, https:\/\/decouvrirensemble.com\/wp-content\/uploads\/2025\/05\/ou-dormir-locarno-1536x1024.jpg 1536w, https:\/\/decouvrirensemble.com\/wp-content\/uploads\/2025\/05\/ou-dormir-locarno-600x400.jpg 600w\" sizes=\"(max-width: 1800px) 100vw, 1800px\" \/><p id=\"caption-attachment-59745\" class=\"wp-caption-text\">Vista del Lago Mayor<\/p><\/div>\n<img decoding=\"async\" class=\"alignnone size-full wp-image-59718\" src=\"https:\/\/decouvrirensemble.com\/wp-content\/uploads\/2025\/05\/hotel-locarno.jpg\" alt=\"hotel locarno\" width=\"1800\" height=\"1200\" srcset=\"https:\/\/decouvrirensemble.com\/wp-content\/uploads\/2025\/05\/hotel-locarno.jpg 1800w, https:\/\/decouvrirensemble.com\/wp-content\/uploads\/2025\/05\/hotel-locarno-300x200.jpg 300w, https:\/\/decouvrirensemble.com\/wp-content\/uploads\/2025\/05\/hotel-locarno-1024x683.jpg 1024w, https:\/\/decouvrirensemble.com\/wp-content\/uploads\/2025\/05\/hotel-locarno-768x512.jpg 768w, https:\/\/decouvrirensemble.com\/wp-content\/uploads\/2025\/05\/hotel-locarno-1536x1024.jpg 1536w, https:\/\/decouvrirensemble.com\/wp-content\/uploads\/2025\/05\/hotel-locarno-600x400.jpg 600w\" sizes=\"(max-width: 1800px) 100vw, 1800px\" \/>\n<h2 id=\"informacion\"><span class=\"ez-toc-section\" id=\"Informacion_practica_para_visitar_el_Tesino\"><\/span>Informaci\u00f3n pr\u00e1ctica para visitar el Tesino<span class=\"ez-toc-section-end\"><\/span><\/h2>\n<h3><span class=\"ez-toc-section\" id=\"%C2%BFComo_llegar_al_Tesino\"><\/span>\u00bfC\u00f3mo llegar al Tesino?<span class=\"ez-toc-section-end\"><\/span><\/h3>\n<ul>\n<li><strong>En tren<\/strong>: Suiza tiene excelentes conexiones desde Par\u00eds. Nosotros tomamos el TGV Lyria desde la estaci\u00f3n de Lyon hasta Z\u00farich, y luego un tren interurbano hasta Locarno. El trayecto dura unas 7 horas de puerta a puerta. Es una opci\u00f3n c\u00f3moda, sostenible y pr\u00e1ctica si quiere viajar sin coche.<\/li>\n<li><strong>En coche<\/strong>: Es perfectamente posible venir en coche, sobre todo si quieres explorar valles como Val Verzasca o Val Bavona a tu ritmo. Sin embargo, el transporte p\u00fablico es especialmente eficaz en la regi\u00f3n, con autobuses que llegan incluso a los pueblos m\u00e1s remotos, por lo que puede prescindir de \u00e9l. As\u00ed que podr\u00e1 prescindir f\u00e1cilmente de \u00e9l cuando llegue.<br \/>\nDesde Francia, prevea unas 4 horas de viaje desde Ginebra y 5 horas desde Lyon.<\/li>\n<\/ul>\n<img decoding=\"async\" class=\"alignnone size-full wp-image-59793\" src=\"https:\/\/decouvrirensemble.com\/wp-content\/uploads\/2025\/05\/train-paris-locarno.jpg\" alt=\"trains paris locarno\" width=\"1800\" height=\"1200\" srcset=\"https:\/\/decouvrirensemble.com\/wp-content\/uploads\/2025\/05\/train-paris-locarno.jpg 1800w, https:\/\/decouvrirensemble.com\/wp-content\/uploads\/2025\/05\/train-paris-locarno-300x200.jpg 300w, https:\/\/decouvrirensemble.com\/wp-content\/uploads\/2025\/05\/train-paris-locarno-1024x683.jpg 1024w, https:\/\/decouvrirensemble.com\/wp-content\/uploads\/2025\/05\/train-paris-locarno-768x512.jpg 768w, https:\/\/decouvrirensemble.com\/wp-content\/uploads\/2025\/05\/train-paris-locarno-1536x1024.jpg 1536w, https:\/\/decouvrirensemble.com\/wp-content\/uploads\/2025\/05\/train-paris-locarno-600x400.jpg 600w\" sizes=\"(max-width: 1800px) 100vw, 1800px\" \/>\n<h4><span class=\"ez-toc-section\" id=\"El_Swiss_Travel_Pass_%C2%A1practico_para_explorar_la_region\"><\/span>El Swiss Travel Pass: \u00a1pr\u00e1ctico para explorar la regi\u00f3n!<span class=\"ez-toc-section-end\"><\/span><\/h4>\n<p>Para este viaje al Tesino, utilizamos el <a href=\"https:\/\/www.myswitzerland.com\/fr-fr\/planification\/transports-sejour\/billets\/swiss-travel-pass-promotion-23\/\" rel=\"noopener\"><strong>Swiss Travel Pass<\/strong><\/a>. Este pase nos permiti\u00f3 hacer el viaje de vuelta de Z\u00farich a Locarno en tren, disfrutando del confort y la puntualidad suizos. In situ, tambi\u00e9n fue muy \u00fatil para llegar a las islas Brissago en barco desde Locarno, sin coste adicional.<\/p>\n<p>El Swiss Travel Pass da acceso ilimitado a trenes, autobuses y barcos en toda Suiza, incluida la regi\u00f3n del Tesino. Tambi\u00e9n incluye numerosos funiculares y telef\u00e9ricos, y la entrada gratuita a m\u00e1s de 500 museos. Disponible para 3, 4, 6, 8 o 15 d\u00edas consecutivos, es una opci\u00f3n a tener en cuenta si piensas moverte a diario como nosotros.<\/p>\n    <div class=\"niceButton\"><a href=\"https:\/\/www.myswitzerland.com\/fr-fr\/planification\/transports-sejour\/billets\/swiss-travel-pass\/\" target=\"_blank\" class=\"emojiLink\">\n                    <span class=\"emojiLink__emoji\">\u263a\ufe0f<\/span>\n                <span class=\"emojiLink__title title title--big\">Informaci\u00f3n y precios<\/span>\n    <\/a><\/div>\n\n    \n<img decoding=\"async\" class=\"alignnone size-full wp-image-59727\" src=\"https:\/\/decouvrirensemble.com\/wp-content\/uploads\/2025\/05\/informations-pratiques-voyage-suisse-italienne.jpg\" alt=\"suisse italienne\" width=\"1800\" height=\"1200\" srcset=\"https:\/\/decouvrirensemble.com\/wp-content\/uploads\/2025\/05\/informations-pratiques-voyage-suisse-italienne.jpg 1800w, https:\/\/decouvrirensemble.com\/wp-content\/uploads\/2025\/05\/informations-pratiques-voyage-suisse-italienne-300x200.jpg 300w, https:\/\/decouvrirensemble.com\/wp-content\/uploads\/2025\/05\/informations-pratiques-voyage-suisse-italienne-1024x683.jpg 1024w, https:\/\/decouvrirensemble.com\/wp-content\/uploads\/2025\/05\/informations-pratiques-voyage-suisse-italienne-768x512.jpg 768w, https:\/\/decouvrirensemble.com\/wp-content\/uploads\/2025\/05\/informations-pratiques-voyage-suisse-italienne-1536x1024.jpg 1536w, https:\/\/decouvrirensemble.com\/wp-content\/uploads\/2025\/05\/informations-pratiques-voyage-suisse-italienne-600x400.jpg 600w\" sizes=\"(max-width: 1800px) 100vw, 1800px\" \/>\n<h3><span class=\"ez-toc-section\" id=\"%C2%BFComo_moverse_en_transporte_publico\"><\/span>\u00bfC\u00f3mo moverse en transporte p\u00fablico?<span class=\"ez-toc-section-end\"><\/span><\/h3>\n<p>El Tesino cuenta con una excelente red de <strong>transporte p\u00fablico<\/strong>, por lo que resulta f\u00e1cil explorar la regi\u00f3n sin coche. Los trenes enlazan r\u00e1pidamente con las ciudades m\u00e1s grandes (Locarno, Lugano, Bellinzona), mientras que <strong>los autobuses ofrecen un excelente servicio a los valles<\/strong> y peque\u00f1os pueblos como Sonogno o Foroglio.<\/p>\n<p><strong>Conviene saber<\/strong>: si se aloja en un hotel de la regi\u00f3n, recibir\u00e1 autom\u00e1ticamente un Ticino Ticket, que le da <strong>acceso gratuito a los autobuses y trenes regionales<\/strong> durante toda su estancia. \u00a1Es una forma estupenda de descubrir la parte italoparlante de Suiza con un presupuesto ajustado!<\/p>\n<h3><span class=\"ez-toc-section\" id=\"%C2%BFCual_es_la_mejor_epoca_para_visitar_la_Suiza_italiana\"><\/span>\u00bfCu\u00e1l es la mejor \u00e9poca para visitar la Suiza italiana?<span class=\"ez-toc-section-end\"><\/span><\/h3>\n<p>La primavera (mayo-junio) y el principio del oto\u00f1o (septiembre) son las mejores \u00e9pocas: el tiempo es suave, el campo es verde y hay menos gente que en verano. El verano tambi\u00e9n es muy agradable, sobre todo cuando refresca en los valles, pero est\u00e1 m\u00e1s concurrido.<\/p>\n<img decoding=\"async\" class=\"alignnone size-full wp-image-59787\" src=\"https:\/\/decouvrirensemble.com\/wp-content\/uploads\/2025\/05\/suisse-italienne-que-visiter.jpg\" alt=\"suisse italienne que visiter\" width=\"1800\" height=\"1200\" srcset=\"https:\/\/decouvrirensemble.com\/wp-content\/uploads\/2025\/05\/suisse-italienne-que-visiter.jpg 1800w, https:\/\/decouvrirensemble.com\/wp-content\/uploads\/2025\/05\/suisse-italienne-que-visiter-300x200.jpg 300w, https:\/\/decouvrirensemble.com\/wp-content\/uploads\/2025\/05\/suisse-italienne-que-visiter-1024x683.jpg 1024w, https:\/\/decouvrirensemble.com\/wp-content\/uploads\/2025\/05\/suisse-italienne-que-visiter-768x512.jpg 768w, https:\/\/decouvrirensemble.com\/wp-content\/uploads\/2025\/05\/suisse-italienne-que-visiter-1536x1024.jpg 1536w, https:\/\/decouvrirensemble.com\/wp-content\/uploads\/2025\/05\/suisse-italienne-que-visiter-600x400.jpg 600w\" sizes=\"(max-width: 1800px) 100vw, 1800px\" \/>\n<h3><span class=\"ez-toc-section\" id=\"%C2%BFNecesito_hablar_italiano_para_visitar_el_Tesino\"><\/span>\u00bfNecesito hablar italiano para visitar el Tesino?<span class=\"ez-toc-section-end\"><\/span><\/h3>\n<p>El italiano es la lengua oficial del Tesino, pero el alem\u00e1n, el franc\u00e9s y el ingl\u00e9s tambi\u00e9n se entienden bien, sobre todo en las zonas tur\u00edsticas. Que no cunda el p\u00e1nico.<\/p>\n<img decoding=\"async\" class=\"alignnone size-full wp-image-59730\" src=\"https:\/\/decouvrirensemble.com\/wp-content\/uploads\/2025\/05\/itineraire-suisse-italienne.jpg\" alt=\"itin\u00e9raire suisse italienne\" width=\"1800\" height=\"1200\" srcset=\"https:\/\/decouvrirensemble.com\/wp-content\/uploads\/2025\/05\/itineraire-suisse-italienne.jpg 1800w, https:\/\/decouvrirensemble.com\/wp-content\/uploads\/2025\/05\/itineraire-suisse-italienne-300x200.jpg 300w, https:\/\/decouvrirensemble.com\/wp-content\/uploads\/2025\/05\/itineraire-suisse-italienne-1024x683.jpg 1024w, https:\/\/decouvrirensemble.com\/wp-content\/uploads\/2025\/05\/itineraire-suisse-italienne-768x512.jpg 768w, https:\/\/decouvrirensemble.com\/wp-content\/uploads\/2025\/05\/itineraire-suisse-italienne-1536x1024.jpg 1536w, https:\/\/decouvrirensemble.com\/wp-content\/uploads\/2025\/05\/itineraire-suisse-italienne-600x400.jpg 600w\" sizes=\"(max-width: 1800px) 100vw, 1800px\" \/>\n<h2><span class=\"ez-toc-section\" id=\"Nuestro_itinerario_de_4_dias_en_la_Suiza_italiana\"><\/span>Nuestro itinerario de 4 d\u00edas en la Suiza italiana<span class=\"ez-toc-section-end\"><\/span><\/h2>\n<p>Para ayudarle a planificar su viaje al Tesino, aqu\u00ed tiene un desglose d\u00eda a d\u00eda de nuestro itinerario:<\/p>\n<ul>\n<li><strong>D\u00eda 1 &#8211; Llegada y descubrimiento de Locarno<\/strong><br \/>\n&#8211; Llegada el d\u00eda anterior en tren a Locarno<br \/>\n&#8211; Check-in en el Hotel Muralto Locarno<br \/>\n&#8211; Paseo por el casco antiguo y la Piazza Grande<br \/>\n&#8211; Vista panor\u00e1mica desde la Madonna del Sasso<\/li>\n<li><strong>D\u00eda 2 &#8211; Excursi\u00f3n por el Lago Mayor<\/strong><br \/>\n&#8211; Excursi\u00f3n en barco a las islas de Brissago<br \/>\n&#8211; Visita al jard\u00edn bot\u00e1nico<br \/>\n&#8211; Descubrimiento del pueblo de Brissago<br \/>\n&#8211; Descubrimiento del pueblo de Ascona<\/li>\n<li><strong>D\u00eda 3 &#8211; Pueblos t\u00edpicos, ba\u00f1o y monta\u00f1a<\/strong><br \/>\n&#8211; Salida hacia Sonogno, paseo por el pueblo y los alrededores<br \/>\n&#8211; Parada en el Ponte dei Salti de Lavertezzo<br \/>\n&#8211; Regreso a Locarno al final del d\u00eda<\/li>\n<li><strong>D\u00eda 4 &#8211; Inmersi\u00f3n en la naturaleza de los valles alpinos<\/strong><br \/>\n&#8211; Salida hacia Foroglio y su cascada<br \/>\n&#8211; Descubrimiento de la iglesia de San Giovanni Battista<br \/>\n&#8211; Descubrimiento de la cascada del Salto<br \/>\n&#8211; \u00daltima noche en Locarno y salida al d\u00eda siguiente<\/li>\n<\/ul>\n<img decoding=\"async\" class=\"alignnone size-full wp-image-59682\" src=\"https:\/\/decouvrirensemble.com\/wp-content\/uploads\/2025\/05\/ascona-suisse-tessin.jpg\" alt=\"ascona suisse tessin\" width=\"1800\" height=\"1200\" srcset=\"https:\/\/decouvrirensemble.com\/wp-content\/uploads\/2025\/05\/ascona-suisse-tessin.jpg 1800w, https:\/\/decouvrirensemble.com\/wp-content\/uploads\/2025\/05\/ascona-suisse-tessin-300x200.jpg 300w, https:\/\/decouvrirensemble.com\/wp-content\/uploads\/2025\/05\/ascona-suisse-tessin-1024x683.jpg 1024w, https:\/\/decouvrirensemble.com\/wp-content\/uploads\/2025\/05\/ascona-suisse-tessin-768x512.jpg 768w, https:\/\/decouvrirensemble.com\/wp-content\/uploads\/2025\/05\/ascona-suisse-tessin-1536x1024.jpg 1536w, https:\/\/decouvrirensemble.com\/wp-content\/uploads\/2025\/05\/ascona-suisse-tessin-600x400.jpg 600w\" sizes=\"(max-width: 1800px) 100vw, 1800px\" \/>\n<img decoding=\"async\" class=\"size-full wp-image-59691\" src=\"https:\/\/decouvrirensemble.com\/wp-content\/uploads\/2025\/05\/avis-suisse-italienne-tessin.jpg\" alt=\"avis suisse italienne\" width=\"1800\" height=\"1200\" srcset=\"https:\/\/decouvrirensemble.com\/wp-content\/uploads\/2025\/05\/avis-suisse-italienne-tessin.jpg 1800w, https:\/\/decouvrirensemble.com\/wp-content\/uploads\/2025\/05\/avis-suisse-italienne-tessin-300x200.jpg 300w, https:\/\/decouvrirensemble.com\/wp-content\/uploads\/2025\/05\/avis-suisse-italienne-tessin-1024x683.jpg 1024w, https:\/\/decouvrirensemble.com\/wp-content\/uploads\/2025\/05\/avis-suisse-italienne-tessin-768x512.jpg 768w, https:\/\/decouvrirensemble.com\/wp-content\/uploads\/2025\/05\/avis-suisse-italienne-tessin-1536x1024.jpg 1536w, https:\/\/decouvrirensemble.com\/wp-content\/uploads\/2025\/05\/avis-suisse-italienne-tessin-600x400.jpg 600w\" sizes=\"(max-width: 1800px) 100vw, 1800px\" \/>\n<h2><span class=\"ez-toc-section\" id=\"Nuestra_opinion_del_Tesino\"><\/span>Nuestra opini\u00f3n del Tesino<span class=\"ez-toc-section-end\"><\/span><\/h2>\n<p>Como puedes imaginar, nos enamoramos de <strong>la parte de habla italiana de Suiza<\/strong>. <strong>El Tesino<\/strong> tiene tanto que ofrecer que ya estamos deseando volver para disfrutar de su apacible estilo de vida y sus impresionantes paisajes.<\/p>\n<p>Para ser sinceros, no sab\u00edamos casi nada de esta regi\u00f3n antes de planear este viaje&#8230; y nos conquist\u00f3 con creces. Si tiene la oportunidad, descubra el Tesino: \u00a1seguro que le encantar\u00e1 tanto como a nosotros!<\/p>\n<img decoding=\"async\" class=\"alignnone size-full wp-image-59694\" src=\"https:\/\/decouvrirensemble.com\/wp-content\/uploads\/2025\/05\/blog-suisse-italienne.jpg\" alt=\"blog suisse italienne\" width=\"1800\" height=\"1200\" srcset=\"https:\/\/decouvrirensemble.com\/wp-content\/uploads\/2025\/05\/blog-suisse-italienne.jpg 1800w, https:\/\/decouvrirensemble.com\/wp-content\/uploads\/2025\/05\/blog-suisse-italienne-300x200.jpg 300w, https:\/\/decouvrirensemble.com\/wp-content\/uploads\/2025\/05\/blog-suisse-italienne-1024x683.jpg 1024w, https:\/\/decouvrirensemble.com\/wp-content\/uploads\/2025\/05\/blog-suisse-italienne-768x512.jpg 768w, https:\/\/decouvrirensemble.com\/wp-content\/uploads\/2025\/05\/blog-suisse-italienne-1536x1024.jpg 1536w, https:\/\/decouvrirensemble.com\/wp-content\/uploads\/2025\/05\/blog-suisse-italienne-600x400.jpg 600w\" sizes=\"(max-width: 1800px) 100vw, 1800px\" \/>\n<div id=\"attachment_59778\" style=\"width: 1810px\" class=\"wp-caption alignnone\"><img decoding=\"async\" aria-describedby=\"caption-attachment-59778\" class=\"wp-image-59778 size-full\" src=\"https:\/\/decouvrirensemble.com\/wp-content\/uploads\/2025\/05\/suisse-italienne-blog-voyage.jpg\" alt=\"suisse italienne\" width=\"1800\" height=\"1200\" srcset=\"https:\/\/decouvrirensemble.com\/wp-content\/uploads\/2025\/05\/suisse-italienne-blog-voyage.jpg 1800w, https:\/\/decouvrirensemble.com\/wp-content\/uploads\/2025\/05\/suisse-italienne-blog-voyage-300x200.jpg 300w, https:\/\/decouvrirensemble.com\/wp-content\/uploads\/2025\/05\/suisse-italienne-blog-voyage-1024x683.jpg 1024w, https:\/\/decouvrirensemble.com\/wp-content\/uploads\/2025\/05\/suisse-italienne-blog-voyage-768x512.jpg 768w, https:\/\/decouvrirensemble.com\/wp-content\/uploads\/2025\/05\/suisse-italienne-blog-voyage-1536x1024.jpg 1536w, https:\/\/decouvrirensemble.com\/wp-content\/uploads\/2025\/05\/suisse-italienne-blog-voyage-600x400.jpg 600w\" sizes=\"(max-width: 1800px) 100vw, 1800px\" \/><p id=\"caption-attachment-59778\" class=\"wp-caption-text\">Disfrute de su viaje al Tesino.<\/p><\/div>\n<p>[gracias]<\/p>\n\n\n<div class=\"kk-star-ratings kksr-auto kksr-align-left kksr-valign-bottom\"\n    data-payload='{&quot;align&quot;:&quot;left&quot;,&quot;id&quot;:&quot;59910&quot;,&quot;slug&quot;:&quot;default&quot;,&quot;valign&quot;:&quot;bottom&quot;,&quot;ignore&quot;:&quot;&quot;,&quot;reference&quot;:&quot;auto&quot;,&quot;class&quot;:&quot;&quot;,&quot;count&quot;:&quot;1&quot;,&quot;legendonly&quot;:&quot;&quot;,&quot;readonly&quot;:&quot;&quot;,&quot;score&quot;:&quot;5&quot;,&quot;starsonly&quot;:&quot;&quot;,&quot;best&quot;:&quot;5&quot;,&quot;gap&quot;:&quot;4&quot;,&quot;greet&quot;:&quot;Sea el primero en valorar esta entrada de blog.&quot;,&quot;legend&quot;:&quot;5\\\/5 - (1 voto)&quot;,&quot;size&quot;:&quot;21&quot;,&quot;title&quot;:&quot;Suiza italiana: \u00bfqu\u00e9 ver en el cant\u00f3n del Tesino?&quot;,&quot;width&quot;:&quot;123&quot;,&quot;_legend&quot;:&quot;{score}\\\/{best} - ({count} {votes})&quot;,&quot;font_factor&quot;:&quot;1.25&quot;}'>\n            \n<div class=\"kksr-stars\">\n    \n<div class=\"kksr-stars-inactive\">\n            <div class=\"kksr-star\" data-star=\"1\" style=\"padding-right: 4px\">\n            \n\n<div class=\"kksr-icon\" style=\"width: 21px; height: 21px;\"><\/div>\n        <\/div>\n            <div class=\"kksr-star\" data-star=\"2\" style=\"padding-right: 4px\">\n            \n\n<div class=\"kksr-icon\" style=\"width: 21px; height: 21px;\"><\/div>\n        <\/div>\n            <div class=\"kksr-star\" data-star=\"3\" style=\"padding-right: 4px\">\n            \n\n<div class=\"kksr-icon\" style=\"width: 21px; height: 21px;\"><\/div>\n        <\/div>\n            <div class=\"kksr-star\" data-star=\"4\" style=\"padding-right: 4px\">\n            \n\n<div class=\"kksr-icon\" style=\"width: 21px; height: 21px;\"><\/div>\n        <\/div>\n            <div class=\"kksr-star\" data-star=\"5\" style=\"padding-right: 4px\">\n            \n\n<div class=\"kksr-icon\" style=\"width: 21px; height: 21px;\"><\/div>\n        <\/div>\n    <\/div>\n    \n<div class=\"kksr-stars-active\" style=\"width: 123px;\">\n            <div class=\"kksr-star\" style=\"padding-right: 4px\">\n            \n\n<div class=\"kksr-icon\" style=\"width: 21px; height: 21px;\"><\/div>\n        <\/div>\n            <div class=\"kksr-star\" style=\"padding-right: 4px\">\n            \n\n<div class=\"kksr-icon\" style=\"width: 21px; height: 21px;\"><\/div>\n        <\/div>\n            <div class=\"kksr-star\" style=\"padding-right: 4px\">\n            \n\n<div class=\"kksr-icon\" style=\"width: 21px; height: 21px;\"><\/div>\n        <\/div>\n            <div class=\"kksr-star\" style=\"padding-right: 4px\">\n            \n\n<div class=\"kksr-icon\" style=\"width: 21px; height: 21px;\"><\/div>\n        <\/div>\n            <div class=\"kksr-star\" style=\"padding-right: 4px\">\n            \n\n<div class=\"kksr-icon\" style=\"width: 21px; height: 21px;\"><\/div>\n        <\/div>\n    <\/div>\n<\/div>\n                \n\n<div class=\"kksr-legend\" style=\"font-size: 16.8px;\">\n            5\/5 - (1 voto)    <\/div>\n    <\/div>\n","protected":false},"excerpt":{"rendered":"<p>Situado no muy lejos del lago de Como, el Tesino nos ha seducido tanto como este, si no m\u00e1s. Le invitamos a descubrir con nosotros esta magn\u00edfica regi\u00f3n de la Suiza italiana.<\/p>\n","protected":false},"author":1,"featured_media":59792,"comment_status":"open","ping_status":"closed","sticky":false,"template":"","format":"standard","meta":{"_acf_changed":false,"_lmt_disableupdate":"no","_lmt_disable":"no","footnotes":""},"categories":[462,332,322,511],"tags":[],"class_list":["post-59910","post","type-post","status-publish","format-standard","has-post-thumbnail","hentry","category-guias-de-viajes","category-guides","category-suisse","category-suiza"],"acf":[],"yoast_head":"<!-- This site is optimized with the Yoast SEO plugin v27.4 - https:\/\/yoast.com\/product\/yoast-seo-wordpress\/ -->\n<title>Suiza italiana: \u00bfqu\u00e9 ver en el cant\u00f3n del Tesino?<\/title>\n<meta name=\"description\" content=\"Descubra todos nuestros consejos para descubrir la Suiza italiana y organizar sus pr\u00f3ximas vacaciones en el Tesino.\" \/>\n<meta name=\"robots\" content=\"index, follow, max-snippet:-1, max-image-preview:large, max-video-preview:-1\" \/>\n<link rel=\"canonical\" href=\"https:\/\/decouvrirensemble.com\/es\/suiza-italiana-tesino\" \/>\n<meta property=\"og:locale\" content=\"es_ES\" \/>\n<meta property=\"og:type\" content=\"article\" \/>\n<meta property=\"og:title\" content=\"Suiza italiana: \u00bfqu\u00e9 ver en el cant\u00f3n del Tesino?\" \/>\n<meta property=\"og:description\" content=\"Descubra todos nuestros consejos para descubrir la Suiza italiana y organizar sus pr\u00f3ximas vacaciones en el Tesino.\" \/>\n<meta property=\"og:url\" content=\"https:\/\/decouvrirensemble.com\/es\/suiza-italiana-tesino\" \/>\n<meta property=\"og:site_name\" content=\"Blog Voyage - D\u00e9couvrir Ensemble\" \/>\n<meta property=\"article:published_time\" content=\"2025-05-08T09:43:59+00:00\" \/>\n<meta property=\"article:modified_time\" content=\"2025-12-22T17:45:14+00:00\" \/>\n<meta property=\"og:image\" content=\"https:\/\/decouvrirensemble.com\/wp-content\/uploads\/2025\/05\/suisse-italienne.jpg\" \/>\n\t<meta property=\"og:image:width\" content=\"1800\" \/>\n\t<meta property=\"og:image:height\" content=\"1200\" \/>\n\t<meta property=\"og:image:type\" content=\"image\/jpeg\" \/>\n<meta name=\"author\" content=\"Cl\u00e9mence &amp; Alexandre\" \/>\n<meta name=\"twitter:card\" content=\"summary_large_image\" \/>\n<meta name=\"twitter:creator\" content=\"@dcouvrirensmble\" \/>\n<meta name=\"twitter:site\" content=\"@dcouvrirensmble\" \/>\n<meta name=\"twitter:label1\" content=\"Escrito por\" \/>\n\t<meta name=\"twitter:data1\" content=\"Cl\u00e9mence &amp; Alexandre\" \/>\n\t<meta name=\"twitter:label2\" content=\"Tiempo de lectura\" \/>\n\t<meta name=\"twitter:data2\" content=\"19 minutos\" \/>\n<script type=\"application\/ld+json\" class=\"yoast-schema-graph\">{\"@context\":\"https:\\\/\\\/schema.org\",\"@graph\":[{\"@type\":\"Article\",\"@id\":\"https:\\\/\\\/decouvrirensemble.com\\\/es\\\/suiza-italiana-tesino#article\",\"isPartOf\":{\"@id\":\"https:\\\/\\\/decouvrirensemble.com\\\/es\\\/suiza-italiana-tesino\"},\"author\":{\"name\":\"Cl\u00e9mence &amp; Alexandre\",\"@id\":\"https:\\\/\\\/decouvrirensemble.com\\\/es#\\\/schema\\\/person\\\/a53efd44d02eb7f9ab90f96e84a9d2ba\"},\"headline\":\"Suiza italiana: \u00bfqu\u00e9 ver en el cant\u00f3n del Tesino?\",\"datePublished\":\"2025-05-08T09:43:59+00:00\",\"dateModified\":\"2025-12-22T17:45:14+00:00\",\"mainEntityOfPage\":{\"@id\":\"https:\\\/\\\/decouvrirensemble.com\\\/es\\\/suiza-italiana-tesino\"},\"wordCount\":2274,\"commentCount\":0,\"publisher\":{\"@id\":\"https:\\\/\\\/decouvrirensemble.com\\\/es#\\\/schema\\\/person\\\/a53efd44d02eb7f9ab90f96e84a9d2ba\"},\"image\":{\"@id\":\"https:\\\/\\\/decouvrirensemble.com\\\/es\\\/suiza-italiana-tesino#primaryimage\"},\"thumbnailUrl\":\"https:\\\/\\\/decouvrirensemble.com\\\/wp-content\\\/uploads\\\/2025\\\/05\\\/suisse-italienne.jpg\",\"articleSection\":[\"Gu\u00edas de viajes\",\"Guides\",\"Suisse\",\"Suiza\"],\"inLanguage\":\"es\",\"potentialAction\":[{\"@type\":\"CommentAction\",\"name\":\"Comment\",\"target\":[\"https:\\\/\\\/decouvrirensemble.com\\\/es\\\/suiza-italiana-tesino#respond\"]}]},{\"@type\":\"WebPage\",\"@id\":\"https:\\\/\\\/decouvrirensemble.com\\\/es\\\/suiza-italiana-tesino\",\"url\":\"https:\\\/\\\/decouvrirensemble.com\\\/es\\\/suiza-italiana-tesino\",\"name\":\"Suiza italiana: \u00bfqu\u00e9 ver en el cant\u00f3n del Tesino?\",\"isPartOf\":{\"@id\":\"https:\\\/\\\/decouvrirensemble.com\\\/es#website\"},\"primaryImageOfPage\":{\"@id\":\"https:\\\/\\\/decouvrirensemble.com\\\/es\\\/suiza-italiana-tesino#primaryimage\"},\"image\":{\"@id\":\"https:\\\/\\\/decouvrirensemble.com\\\/es\\\/suiza-italiana-tesino#primaryimage\"},\"thumbnailUrl\":\"https:\\\/\\\/decouvrirensemble.com\\\/wp-content\\\/uploads\\\/2025\\\/05\\\/suisse-italienne.jpg\",\"datePublished\":\"2025-05-08T09:43:59+00:00\",\"dateModified\":\"2025-12-22T17:45:14+00:00\",\"description\":\"Descubra todos nuestros consejos para descubrir la Suiza italiana y organizar sus pr\u00f3ximas vacaciones en el Tesino.\",\"breadcrumb\":{\"@id\":\"https:\\\/\\\/decouvrirensemble.com\\\/es\\\/suiza-italiana-tesino#breadcrumb\"},\"inLanguage\":\"es\",\"potentialAction\":[{\"@type\":\"ReadAction\",\"target\":[\"https:\\\/\\\/decouvrirensemble.com\\\/es\\\/suiza-italiana-tesino\"]}]},{\"@type\":\"ImageObject\",\"inLanguage\":\"es\",\"@id\":\"https:\\\/\\\/decouvrirensemble.com\\\/es\\\/suiza-italiana-tesino#primaryimage\",\"url\":\"https:\\\/\\\/decouvrirensemble.com\\\/wp-content\\\/uploads\\\/2025\\\/05\\\/suisse-italienne.jpg\",\"contentUrl\":\"https:\\\/\\\/decouvrirensemble.com\\\/wp-content\\\/uploads\\\/2025\\\/05\\\/suisse-italienne.jpg\",\"width\":1800,\"height\":1200,\"caption\":\"suisse italienne\"},{\"@type\":\"BreadcrumbList\",\"@id\":\"https:\\\/\\\/decouvrirensemble.com\\\/es\\\/suiza-italiana-tesino#breadcrumb\",\"itemListElement\":[{\"@type\":\"ListItem\",\"position\":1,\"name\":\"Accueil\",\"item\":\"https:\\\/\\\/decouvrirensemble.com\\\/es\"},{\"@type\":\"ListItem\",\"position\":2,\"name\":\"Gu\u00edas de viajes\",\"item\":\"https:\\\/\\\/decouvrirensemble.com\\\/es\\\/guias-de-viajes\"},{\"@type\":\"ListItem\",\"position\":3,\"name\":\"Suiza italiana: \u00bfqu\u00e9 ver en el cant\u00f3n del Tesino?\"}]},{\"@type\":\"WebSite\",\"@id\":\"https:\\\/\\\/decouvrirensemble.com\\\/es#website\",\"url\":\"https:\\\/\\\/decouvrirensemble.com\\\/es\",\"name\":\"Blog Voyage - D\u00e9couvrir Ensemble\",\"description\":\"Le Blog Voyage de Clem et Alex\",\"publisher\":{\"@id\":\"https:\\\/\\\/decouvrirensemble.com\\\/es#\\\/schema\\\/person\\\/a53efd44d02eb7f9ab90f96e84a9d2ba\"},\"potentialAction\":[{\"@type\":\"SearchAction\",\"target\":{\"@type\":\"EntryPoint\",\"urlTemplate\":\"https:\\\/\\\/decouvrirensemble.com\\\/es?s={search_term_string}\"},\"query-input\":{\"@type\":\"PropertyValueSpecification\",\"valueRequired\":true,\"valueName\":\"search_term_string\"}}],\"inLanguage\":\"es\"},{\"@type\":[\"Person\",\"Organization\"],\"@id\":\"https:\\\/\\\/decouvrirensemble.com\\\/es#\\\/schema\\\/person\\\/a53efd44d02eb7f9ab90f96e84a9d2ba\",\"name\":\"Cl\u00e9mence &amp; Alexandre\",\"image\":{\"@type\":\"ImageObject\",\"inLanguage\":\"es\",\"@id\":\"https:\\\/\\\/decouvrirensemble.com\\\/wp-content\\\/uploads\\\/2024\\\/04\\\/logo-decouvrir-ensemble-blog-voyage.jpg\",\"url\":\"https:\\\/\\\/decouvrirensemble.com\\\/wp-content\\\/uploads\\\/2024\\\/04\\\/logo-decouvrir-ensemble-blog-voyage.jpg\",\"contentUrl\":\"https:\\\/\\\/decouvrirensemble.com\\\/wp-content\\\/uploads\\\/2024\\\/04\\\/logo-decouvrir-ensemble-blog-voyage.jpg\",\"width\":1563,\"height\":529,\"caption\":\"Cl\u00e9mence &amp; Alexandre\"},\"logo\":{\"@id\":\"https:\\\/\\\/decouvrirensemble.com\\\/wp-content\\\/uploads\\\/2024\\\/04\\\/logo-decouvrir-ensemble-blog-voyage.jpg\"},\"sameAs\":[\"https:\\\/\\\/decouvrirensemble.com\\\/\"]}]}<\/script>\n<!-- \/ Yoast SEO plugin. -->","yoast_head_json":{"title":"Suiza italiana: \u00bfqu\u00e9 ver en el cant\u00f3n del Tesino?","description":"Descubra todos nuestros consejos para descubrir la Suiza italiana y organizar sus pr\u00f3ximas vacaciones en el Tesino.","robots":{"index":"index","follow":"follow","max-snippet":"max-snippet:-1","max-image-preview":"max-image-preview:large","max-video-preview":"max-video-preview:-1"},"canonical":"https:\/\/decouvrirensemble.com\/es\/suiza-italiana-tesino","og_locale":"es_ES","og_type":"article","og_title":"Suiza italiana: \u00bfqu\u00e9 ver en el cant\u00f3n del Tesino?","og_description":"Descubra todos nuestros consejos para descubrir la Suiza italiana y organizar sus pr\u00f3ximas vacaciones en el Tesino.","og_url":"https:\/\/decouvrirensemble.com\/es\/suiza-italiana-tesino","og_site_name":"Blog Voyage - D\u00e9couvrir Ensemble","article_published_time":"2025-05-08T09:43:59+00:00","article_modified_time":"2025-12-22T17:45:14+00:00","og_image":[{"width":1800,"height":1200,"url":"https:\/\/decouvrirensemble.com\/wp-content\/uploads\/2025\/05\/suisse-italienne.jpg","type":"image\/jpeg"}],"author":"Cl\u00e9mence &amp; Alexandre","twitter_card":"summary_large_image","twitter_creator":"@dcouvrirensmble","twitter_site":"@dcouvrirensmble","twitter_misc":{"Escrito por":"Cl\u00e9mence &amp; Alexandre","Tiempo de lectura":"19 minutos"},"schema":{"@context":"https:\/\/schema.org","@graph":[{"@type":"Article","@id":"https:\/\/decouvrirensemble.com\/es\/suiza-italiana-tesino#article","isPartOf":{"@id":"https:\/\/decouvrirensemble.com\/es\/suiza-italiana-tesino"},"author":{"name":"Cl\u00e9mence &amp; Alexandre","@id":"https:\/\/decouvrirensemble.com\/es#\/schema\/person\/a53efd44d02eb7f9ab90f96e84a9d2ba"},"headline":"Suiza italiana: \u00bfqu\u00e9 ver en el cant\u00f3n del Tesino?","datePublished":"2025-05-08T09:43:59+00:00","dateModified":"2025-12-22T17:45:14+00:00","mainEntityOfPage":{"@id":"https:\/\/decouvrirensemble.com\/es\/suiza-italiana-tesino"},"wordCount":2274,"commentCount":0,"publisher":{"@id":"https:\/\/decouvrirensemble.com\/es#\/schema\/person\/a53efd44d02eb7f9ab90f96e84a9d2ba"},"image":{"@id":"https:\/\/decouvrirensemble.com\/es\/suiza-italiana-tesino#primaryimage"},"thumbnailUrl":"https:\/\/decouvrirensemble.com\/wp-content\/uploads\/2025\/05\/suisse-italienne.jpg","articleSection":["Gu\u00edas de viajes","Guides","Suisse","Suiza"],"inLanguage":"es","potentialAction":[{"@type":"CommentAction","name":"Comment","target":["https:\/\/decouvrirensemble.com\/es\/suiza-italiana-tesino#respond"]}]},{"@type":"WebPage","@id":"https:\/\/decouvrirensemble.com\/es\/suiza-italiana-tesino","url":"https:\/\/decouvrirensemble.com\/es\/suiza-italiana-tesino","name":"Suiza italiana: \u00bfqu\u00e9 ver en el cant\u00f3n del Tesino?","isPartOf":{"@id":"https:\/\/decouvrirensemble.com\/es#website"},"primaryImageOfPage":{"@id":"https:\/\/decouvrirensemble.com\/es\/suiza-italiana-tesino#primaryimage"},"image":{"@id":"https:\/\/decouvrirensemble.com\/es\/suiza-italiana-tesino#primaryimage"},"thumbnailUrl":"https:\/\/decouvrirensemble.com\/wp-content\/uploads\/2025\/05\/suisse-italienne.jpg","datePublished":"2025-05-08T09:43:59+00:00","dateModified":"2025-12-22T17:45:14+00:00","description":"Descubra todos nuestros consejos para descubrir la Suiza italiana y organizar sus pr\u00f3ximas vacaciones en el Tesino.","breadcrumb":{"@id":"https:\/\/decouvrirensemble.com\/es\/suiza-italiana-tesino#breadcrumb"},"inLanguage":"es","potentialAction":[{"@type":"ReadAction","target":["https:\/\/decouvrirensemble.com\/es\/suiza-italiana-tesino"]}]},{"@type":"ImageObject","inLanguage":"es","@id":"https:\/\/decouvrirensemble.com\/es\/suiza-italiana-tesino#primaryimage","url":"https:\/\/decouvrirensemble.com\/wp-content\/uploads\/2025\/05\/suisse-italienne.jpg","contentUrl":"https:\/\/decouvrirensemble.com\/wp-content\/uploads\/2025\/05\/suisse-italienne.jpg","width":1800,"height":1200,"caption":"suisse italienne"},{"@type":"BreadcrumbList","@id":"https:\/\/decouvrirensemble.com\/es\/suiza-italiana-tesino#breadcrumb","itemListElement":[{"@type":"ListItem","position":1,"name":"Accueil","item":"https:\/\/decouvrirensemble.com\/es"},{"@type":"ListItem","position":2,"name":"Gu\u00edas de viajes","item":"https:\/\/decouvrirensemble.com\/es\/guias-de-viajes"},{"@type":"ListItem","position":3,"name":"Suiza italiana: \u00bfqu\u00e9 ver en el cant\u00f3n del Tesino?"}]},{"@type":"WebSite","@id":"https:\/\/decouvrirensemble.com\/es#website","url":"https:\/\/decouvrirensemble.com\/es","name":"Blog Voyage - D\u00e9couvrir Ensemble","description":"Le Blog Voyage de Clem et Alex","publisher":{"@id":"https:\/\/decouvrirensemble.com\/es#\/schema\/person\/a53efd44d02eb7f9ab90f96e84a9d2ba"},"potentialAction":[{"@type":"SearchAction","target":{"@type":"EntryPoint","urlTemplate":"https:\/\/decouvrirensemble.com\/es?s={search_term_string}"},"query-input":{"@type":"PropertyValueSpecification","valueRequired":true,"valueName":"search_term_string"}}],"inLanguage":"es"},{"@type":["Person","Organization"],"@id":"https:\/\/decouvrirensemble.com\/es#\/schema\/person\/a53efd44d02eb7f9ab90f96e84a9d2ba","name":"Cl\u00e9mence &amp; Alexandre","image":{"@type":"ImageObject","inLanguage":"es","@id":"https:\/\/decouvrirensemble.com\/wp-content\/uploads\/2024\/04\/logo-decouvrir-ensemble-blog-voyage.jpg","url":"https:\/\/decouvrirensemble.com\/wp-content\/uploads\/2024\/04\/logo-decouvrir-ensemble-blog-voyage.jpg","contentUrl":"https:\/\/decouvrirensemble.com\/wp-content\/uploads\/2024\/04\/logo-decouvrir-ensemble-blog-voyage.jpg","width":1563,"height":529,"caption":"Cl\u00e9mence &amp; Alexandre"},"logo":{"@id":"https:\/\/decouvrirensemble.com\/wp-content\/uploads\/2024\/04\/logo-decouvrir-ensemble-blog-voyage.jpg"},"sameAs":["https:\/\/decouvrirensemble.com\/"]}]}},"modified_by":"Cl\u00e9mence &amp; Alexandre","_links":{"self":[{"href":"https:\/\/decouvrirensemble.com\/es\/wp-json\/wp\/v2\/posts\/59910","targetHints":{"allow":["GET"]}}],"collection":[{"href":"https:\/\/decouvrirensemble.com\/es\/wp-json\/wp\/v2\/posts"}],"about":[{"href":"https:\/\/decouvrirensemble.com\/es\/wp-json\/wp\/v2\/types\/post"}],"author":[{"embeddable":true,"href":"https:\/\/decouvrirensemble.com\/es\/wp-json\/wp\/v2\/users\/1"}],"replies":[{"embeddable":true,"href":"https:\/\/decouvrirensemble.com\/es\/wp-json\/wp\/v2\/comments?post=59910"}],"version-history":[{"count":1,"href":"https:\/\/decouvrirensemble.com\/es\/wp-json\/wp\/v2\/posts\/59910\/revisions"}],"predecessor-version":[{"id":62735,"href":"https:\/\/decouvrirensemble.com\/es\/wp-json\/wp\/v2\/posts\/59910\/revisions\/62735"}],"wp:featuredmedia":[{"embeddable":true,"href":"https:\/\/decouvrirensemble.com\/es\/wp-json\/wp\/v2\/media\/59792"}],"wp:attachment":[{"href":"https:\/\/decouvrirensemble.com\/es\/wp-json\/wp\/v2\/media?parent=59910"}],"wp:term":[{"taxonomy":"category","embeddable":true,"href":"https:\/\/decouvrirensemble.com\/es\/wp-json\/wp\/v2\/categories?post=59910"},{"taxonomy":"post_tag","embeddable":true,"href":"https:\/\/decouvrirensemble.com\/es\/wp-json\/wp\/v2\/tags?post=59910"}],"curies":[{"name":"wp","href":"https:\/\/api.w.org\/{rel}","templated":true}]}}