{"id":61645,"date":"2025-06-17T14:57:46","date_gmt":"2025-06-17T12:57:46","guid":{"rendered":"https:\/\/decouvrirensemble.com\/murailles-de-finestras"},"modified":"2026-01-06T14:58:38","modified_gmt":"2026-01-06T13:58:38","slug":"murallas-de-finestras","status":"publish","type":"post","link":"https:\/\/decouvrirensemble.com\/es\/murallas-de-finestras","title":{"rendered":"Las Murallas de Finestras en 2025: consejos e itinerario"},"content":{"rendered":"<p>Situadas en <strong>Espa\u00f1a<\/strong>, en la provincia de Huesca, en Arag\u00f3n, las <strong>Murallas de Finestras<\/strong> (o \u00abMurallas de Finestras\u00bb en espa\u00f1ol) son una maravilla geol\u00f3gica a\u00fan desconocida para el gran p\u00fablico. Este paraje natural, espectacular y salvaje a la vez, est\u00e1 formado por impresionantes formaciones rocosas que parecen murallas esculpidas por la naturaleza. Imag\u00ednese acantilados de roca alineados, como una muralla natural, en medio de un paisaje virgen, entre monta\u00f1as y un lago.<\/p>\n<p>Es un lugar fuera del tiempo, perfecto para una escapada lejos de las multitudes de turistas en Espa\u00f1a. Descubra en nuestro <strong>blog<\/strong> todos <strong>nuestros consejos<\/strong> para preparar mejor su visita.&nbsp;<\/p>\n<h2><span class=\"ez-toc-section\" id=\"%C2%BFPor_que_visitar_las_Murallas_de_Finestras\"><\/span>\u00bfPor qu\u00e9 visitar las Murallas de Finestras?<span class=\"ez-toc-section-end\"><\/span><\/h2>\n<p>Las <strong>Murallas de Finestras<\/strong> son conocidas en ocasiones como la \u00ab<strong>Muralla China espa\u00f1ola<\/strong>\u00bb. Pronto ver\u00e1 que este sobrenombre no es exagerado. Esta formaci\u00f3n geol\u00f3gica \u00fanica, compuesta por estratos rocosos verticales en forma de crestas, se extiende a lo largo de varios cientos de metros. El conjunto crea una ilusi\u00f3n \u00f3ptica impresionante, sobre todo cuando la luz del atardecer resalta los relieves. \u00a1El lugar es tan hermoso que parece el escenario de una pel\u00edcula!<\/p>\n<p>A\u00fan poco conocidas por los turistas, las <strong>Murallas de Finestras<\/strong> ofrecen un ambiente tranquilo, ideal para los amantes de la naturaleza, la fotograf\u00eda y el senderismo. Lejos del bullicio de las grandes ciudades espa\u00f1olas, es el lugar perfecto para recargar las pilas y deleitarse con las vistas. El lugar a\u00fan est\u00e1 preservado del turismo de masas, lo que lo convierte en una joya poco conocida que no te puedes perder si te gusta salir de los caminos trillados.<\/p>\n<img decoding=\"async\" class=\"alignnone size-full wp-image-61005\" src=\"https:\/\/decouvrirensemble.com\/wp-content\/uploads\/2025\/06\/murailles-de-finestras-espagne-aragon.jpg\" alt=\"murailles de finestras espagne aragon\" width=\"1800\" height=\"1200\" srcset=\"https:\/\/decouvrirensemble.com\/wp-content\/uploads\/2025\/06\/murailles-de-finestras-espagne-aragon.jpg 1800w, https:\/\/decouvrirensemble.com\/wp-content\/uploads\/2025\/06\/murailles-de-finestras-espagne-aragon-300x200.jpg 300w, https:\/\/decouvrirensemble.com\/wp-content\/uploads\/2025\/06\/murailles-de-finestras-espagne-aragon-1024x683.jpg 1024w, https:\/\/decouvrirensemble.com\/wp-content\/uploads\/2025\/06\/murailles-de-finestras-espagne-aragon-768x512.jpg 768w, https:\/\/decouvrirensemble.com\/wp-content\/uploads\/2025\/06\/murailles-de-finestras-espagne-aragon-1536x1024.jpg 1536w, https:\/\/decouvrirensemble.com\/wp-content\/uploads\/2025\/06\/murailles-de-finestras-espagne-aragon-600x400.jpg 600w\" sizes=\"(max-width: 1800px) 100vw, 1800px\" \/>\n<h2><span class=\"ez-toc-section\" id=\"%C2%BFComo_llegar_a_las_Murallas_de_Finestras\"><\/span>\u00bfC\u00f3mo llegar a las Murallas de Finestras?<span class=\"ez-toc-section-end\"><\/span><\/h2>\n<p>El yacimiento de las <strong>Murallas de Finestras<\/strong> se encuentra a unas dos horas y media en coche desde <a href=\"https:\/\/decouvrirensemble.com\/es\/que-ver-en-barcelona-en-3-dias\"><strong>Barcelona<\/strong><\/a> o <a href=\"https:\/\/decouvrirensemble.com\/es\/que-ver-en-zaragoza\"><strong>Zaragoza<\/strong><\/a> y a una hora y media desde <strong>L\u00e9rida (Lleida)<\/strong>. Para llegar, hay que conducir hasta el min\u00fasculo <strong>pueblo de Finestras<\/strong>, una aldea abandonada situada al final de una carretera sinuosa pero preciosa. Desde este pueblo, se accede a las murallas a pie por un sendero corto pero muy rocoso. Hay varias opciones para llegar al lugar:<\/p>\n<ul>\n<li><strong>Si dispone de un 4&#215;4<\/strong>: es la opci\u00f3n m\u00e1s sencilla y r\u00e1pida, ya que podr\u00e1 llegar sin problemas al pueblo de Finestras. <a href=\"https:\/\/maps.app.goo.gl\/FQpkVXnbSEerkDXv6\" rel=\"noopener\">Aparque aqu\u00ed<\/a> y siga en direcci\u00f3n a la Ermita de San Marcos.<\/li>\n<li><strong>Si tiene un coche urbano<\/strong>: tendr\u00e1 que aparcar a una hora a pie del pueblo de Finestras. La carretera no es accesible con un coche normal, por lo que le recomendamos que <a href=\"https:\/\/maps.app.goo.gl\/zQ68JiSuYYE7mS6a9\" rel=\"noopener\">aparcara aqu\u00ed<\/a> y siguiera el sendero hasta el pueblo abandonado de Finestras.<\/li>\n<\/ul>\n<p>[note]<\/p>\n<div class=\"block-width-lg mx-auto\"><div class=\"video-container\"><iframe style=\"border: 0;\" src=\"https:\/\/www.google.com\/maps\/embed?pb=!1m40!1m12!1m3!1d4728.931899673556!2d0.6180239271850279!3d42.00562210741889!2m3!1f0!2f0!3f0!3m2!1i1024!2i768!4f13.1!4m25!3e2!4m5!1s0x12a6534ea04997e9%3A0x7aa686c04fdd2c7f!2sFinestras%2C%2022585%2C%20Huesca%2C%20Espagne!3m2!1d42.0067649!2d0.6173573!4m5!1s0x12a6535da5c119af%3A0x7dc0e0d6badc79ca!2sErmita%20de%20San%20Marcos%2C%2022585%2C%20Huesca%2C%20Espagne!3m2!1d42.0043351!2d0.618732!4m5!1s0x12a6536656088ea1%3A0x43362873349c47f3!2sMuralla%20de%20Finestres%20(Huesca)%2C%2022585%2C%20Huesca%2C%20Espagne!3m2!1d42.005908!2d0.6228045999999999!4m5!1s0x12a653ed7dc7f231%3A0xefa809c976e01fd1!2sErmita%20de%20San%20Vicente%20(ruinas)%2C%202J4F%2B7M%2C%2022585%20Fet%2C%20Huesca%2C%20Espagne!3m2!1d42.0057401!2d0.6241745!5e1!3m2!1sfr!2sfr!4v1750157373423!5m2!1sfr!2sfr\" width=\"600\" height=\"450\" allowfullscreen=\"allowfullscreen\" data-mce-fragment=\"1\"><\/iframe><\/div><\/div>\n<h2><span class=\"ez-toc-section\" id=\"%C2%BFQue_ver_en_los_alrededores_de_las_Murallas_de_Finestras\"><\/span>\u00bfQu\u00e9 ver en los alrededores de las Murallas de Finestras?<span class=\"ez-toc-section-end\"><\/span><\/h2>\n<p>La regi\u00f3n de las <strong>Murallas de Finestras<\/strong> es tan bonita como el propio lugar. Est\u00e1 repleta de rincones secretos que explorar para disfrutar al m\u00e1ximo de la visita. Estos son nuestros lugares imprescindibles:<\/p>\n<ul>\n<li><strong>La ermita de San Marcos <\/strong>: una peque\u00f1a capilla troglodita literalmente colgada del acantilado, justo enfrente de las murallas. El lugar desprende un ambiente m\u00edstico y espiritual. Es el mirador principal y de m\u00e1s f\u00e1cil acceso a las <strong>Murallas de Finestras<\/strong>.<\/li>\n<li><strong>Ermita de San Vicente <\/strong>: es uno de los puntos m\u00e1s bajos de las <strong>Murallas de Finestras<\/strong>. \u00a1Desde aqu\u00ed podr\u00e1s admirar las murallas desde muy cerca!<\/li>\n<li><strong>El lago de Canelles <\/strong>: gran embalse que bordea la regi\u00f3n, ideal para hacer un p\u00edcnic o incluso dar un paseo en kayak si se dispone del equipo necesario.<\/li>\n<li><strong>La carretera de acceso a Finestras<\/strong>: tambi\u00e9n ofrece unas vistas panor\u00e1micas impresionantes. T\u00f3mese su tiempo para hacer paradas y disfrutar de las vistas del valle y los relieves circundantes.<\/li>\n<li><strong>Las pasarelas de Montfalco<\/strong>: si tiene tiempo, le recomendamos que vaya a Montfalco y d\u00e9 un paseo por las pasarelas hasta llegar al puente colgante. La ruta no es dif\u00edcil (\u00a1a menos que tenga v\u00e9rtigo!). Para hacer este paseo, puede <a href=\"https:\/\/maps.app.goo.gl\/n1fxY8jgw8ndx2ij8\" rel=\"noopener\">aparcar aqu\u00ed<\/a> y seguir las indicaciones.<\/li>\n<\/ul>\n<div id=\"attachment_61017\" style=\"width: 1810px\" class=\"wp-caption alignnone\"><img decoding=\"async\" aria-describedby=\"caption-attachment-61017\" class=\"size-full wp-image-61017\" src=\"https:\/\/decouvrirensemble.com\/wp-content\/uploads\/2025\/06\/passerelles-de-Montfalco.jpg\" alt=\"passerelles de Montfalco\" width=\"1800\" height=\"1200\" srcset=\"https:\/\/decouvrirensemble.com\/wp-content\/uploads\/2025\/06\/passerelles-de-Montfalco.jpg 1800w, https:\/\/decouvrirensemble.com\/wp-content\/uploads\/2025\/06\/passerelles-de-Montfalco-300x200.jpg 300w, https:\/\/decouvrirensemble.com\/wp-content\/uploads\/2025\/06\/passerelles-de-Montfalco-1024x683.jpg 1024w, https:\/\/decouvrirensemble.com\/wp-content\/uploads\/2025\/06\/passerelles-de-Montfalco-768x512.jpg 768w, https:\/\/decouvrirensemble.com\/wp-content\/uploads\/2025\/06\/passerelles-de-Montfalco-1536x1024.jpg 1536w, https:\/\/decouvrirensemble.com\/wp-content\/uploads\/2025\/06\/passerelles-de-Montfalco-600x400.jpg 600w\" sizes=\"(max-width: 1800px) 100vw, 1800px\" \/><p id=\"caption-attachment-61017\" class=\"wp-caption-text\">Las pasarelas de Montfalco<\/p><\/div>\n<img decoding=\"async\" class=\"alignnone size-full wp-image-61014\" src=\"https:\/\/decouvrirensemble.com\/wp-content\/uploads\/2025\/06\/passerelles-de-Montfalco-espagne.jpg\" alt=\"passerelles de Montfalco\" width=\"1800\" height=\"1200\" srcset=\"https:\/\/decouvrirensemble.com\/wp-content\/uploads\/2025\/06\/passerelles-de-Montfalco-espagne.jpg 1800w, https:\/\/decouvrirensemble.com\/wp-content\/uploads\/2025\/06\/passerelles-de-Montfalco-espagne-300x200.jpg 300w, https:\/\/decouvrirensemble.com\/wp-content\/uploads\/2025\/06\/passerelles-de-Montfalco-espagne-1024x683.jpg 1024w, https:\/\/decouvrirensemble.com\/wp-content\/uploads\/2025\/06\/passerelles-de-Montfalco-espagne-768x512.jpg 768w, https:\/\/decouvrirensemble.com\/wp-content\/uploads\/2025\/06\/passerelles-de-Montfalco-espagne-1536x1024.jpg 1536w, https:\/\/decouvrirensemble.com\/wp-content\/uploads\/2025\/06\/passerelles-de-Montfalco-espagne-600x400.jpg 600w\" sizes=\"(max-width: 1800px) 100vw, 1800px\" \/>\n<h2><span class=\"ez-toc-section\" id=\"Las_mejores_vistas_de_las_Murallas_de_Finestras\"><\/span>Las mejores vistas de las Murallas de Finestras<span class=\"ez-toc-section-end\"><\/span><\/h2>\n<p>Para admirar plenamente las <strong>Murallas de Finestras<\/strong> y tomar las fotos m\u00e1s bonitas, hay varios miradores que merecen una visita:<\/p>\n<ul>\n<li><strong>El mirador principal frente a la muralla<\/strong>: es el lugar cl\u00e1sico, accesible tras una breve caminata desde el pueblo. Ofrece una vista frontal espectacular de la formaci\u00f3n rocosa, con la ermita de San Marcos al fondo. Perfecto para fotos al atardecer, cuando la roca adquiere tonos dorados.<\/li>\n<li><strong>El sendero que sube hacia la ermita<\/strong>: subiendo ligeramente por encima del punto principal, obtendr\u00e1 una vista panor\u00e1mica de las murallas y el ca\u00f1\u00f3n. El \u00e1ngulo es ideal para comprender mejor la alineaci\u00f3n natural de las rocas y disfrutar de una panor\u00e1mica m\u00e1s amplia.<\/li>\n<li><strong>La Ermita de San Vicente<\/strong>: para admirar las murallas de Finestras desde el agua.<\/li>\n<li><strong>Vista desde el lago de Canelles<\/strong>: si dispone de kayak o embarcaci\u00f3n, puede acercarse a las murallas desde el lago. La vista desde abajo da una dimensi\u00f3n totalmente diferente a esta muralla natural, impresionante desde el agua.<\/li>\n<\/ul>\n<div id=\"attachment_60999\" style=\"width: 1810px\" class=\"wp-caption alignnone\"><img decoding=\"async\" aria-describedby=\"caption-attachment-60999\" class=\"size-full wp-image-60999\" src=\"https:\/\/decouvrirensemble.com\/wp-content\/uploads\/2025\/06\/Ermita-de-San-Vicente.jpg\" alt=\"Ermita de San Vicente\" width=\"1800\" height=\"1200\" srcset=\"https:\/\/decouvrirensemble.com\/wp-content\/uploads\/2025\/06\/Ermita-de-San-Vicente.jpg 1800w, https:\/\/decouvrirensemble.com\/wp-content\/uploads\/2025\/06\/Ermita-de-San-Vicente-300x200.jpg 300w, https:\/\/decouvrirensemble.com\/wp-content\/uploads\/2025\/06\/Ermita-de-San-Vicente-1024x683.jpg 1024w, https:\/\/decouvrirensemble.com\/wp-content\/uploads\/2025\/06\/Ermita-de-San-Vicente-768x512.jpg 768w, https:\/\/decouvrirensemble.com\/wp-content\/uploads\/2025\/06\/Ermita-de-San-Vicente-1536x1024.jpg 1536w, https:\/\/decouvrirensemble.com\/wp-content\/uploads\/2025\/06\/Ermita-de-San-Vicente-600x400.jpg 600w\" sizes=\"(max-width: 1800px) 100vw, 1800px\" \/><p id=\"caption-attachment-60999\" class=\"wp-caption-text\">Ermita de San Vicente<\/p><\/div>\n<h2><span class=\"ez-toc-section\" id=\"%C2%BFCual_es_la_mejor_epoca_para_visitar_las_Murallas_de_Finestas\"><\/span>\u00bfCu\u00e1l es la mejor \u00e9poca para visitar las Murallas de Finestas?<span class=\"ez-toc-section-end\"><\/span><\/h2>\n<p>La primavera (de abril a junio) y el oto\u00f1o (de septiembre a noviembre) son las estaciones m\u00e1s agradables para visitar las <strong>Murallas de Finestras<\/strong>. El clima es suave y los senderos est\u00e1n poco transitados.<\/p>\n<p>En verano, las temperaturas pueden subir mucho, lo que dificulta el senderismo. Si visita la zona en verano, es mejor hacerlo por la ma\u00f1ana temprano y llevar gorra, crema solar y mucha agua.<\/p>\n<div id=\"attachment_61002\" style=\"width: 1810px\" class=\"wp-caption alignnone\"><img decoding=\"async\" aria-describedby=\"caption-attachment-61002\" class=\"wp-image-61002 size-full\" src=\"https:\/\/decouvrirensemble.com\/wp-content\/uploads\/2025\/06\/ermitage-de-San-Marcos.jpg\" alt=\"ermitage de San Marcos\" width=\"1800\" height=\"1200\" srcset=\"https:\/\/decouvrirensemble.com\/wp-content\/uploads\/2025\/06\/ermitage-de-San-Marcos.jpg 1800w, https:\/\/decouvrirensemble.com\/wp-content\/uploads\/2025\/06\/ermitage-de-San-Marcos-300x200.jpg 300w, https:\/\/decouvrirensemble.com\/wp-content\/uploads\/2025\/06\/ermitage-de-San-Marcos-1024x683.jpg 1024w, https:\/\/decouvrirensemble.com\/wp-content\/uploads\/2025\/06\/ermitage-de-San-Marcos-768x512.jpg 768w, https:\/\/decouvrirensemble.com\/wp-content\/uploads\/2025\/06\/ermitage-de-San-Marcos-1536x1024.jpg 1536w, https:\/\/decouvrirensemble.com\/wp-content\/uploads\/2025\/06\/ermitage-de-San-Marcos-600x400.jpg 600w\" sizes=\"(max-width: 1800px) 100vw, 1800px\" \/><p id=\"caption-attachment-61002\" class=\"wp-caption-text\">ermita de San Marcos<\/p><\/div>\n<h2><span class=\"ez-toc-section\" id=\"Nuestros_consejos_practicos_para_visitar_las_Murallas_de_Finestras\"><\/span>Nuestros consejos pr\u00e1cticos para visitar las Murallas de Finestras<span class=\"ez-toc-section-end\"><\/span><\/h2>\n<ul>\n<li><strong>Sin red<\/strong>: es muy probable que no haya cobertura en ese lugar. Recomendamos descargar el itinerario con antelaci\u00f3n o utilizar un GPS sin conexi\u00f3n.<\/li>\n<li><strong>Sin restauraci\u00f3n<\/strong>: no hay comercios, cafeter\u00edas ni restaurantes en Finestras. Preve todo lo que puedas necesitar antes de salir: agua, comida, protecci\u00f3n solar, etc.<\/li>\n<li><strong>Seguridad<\/strong>: el borde de las murallas es escarpado y no est\u00e1 protegido. Tenga cuidado, especialmente si va con ni\u00f1os o si se acerca para hacer fotos.<\/li>\n<\/ul>\n<h3><span class=\"ez-toc-section\" id=\"%C2%BFEs_este_un_sitio_web_accesible_para_todos\"><\/span>\u00bfEs este un sitio web accesible para todos?<span class=\"ez-toc-section-end\"><\/span><\/h3>\n<p>El sitio es accesible para excursionistas de todos los niveles, siempre que se encuentre en buena forma f\u00edsica. Lamentablemente, no es apto para cochecitos ni sillas de ruedas. Los ni\u00f1os pueden realizar la excursi\u00f3n sin problema si llevan calzado adecuado y est\u00e1n supervisados por sus padres.<\/p>\n<h3><span class=\"ez-toc-section\" id=\"Un_lugar_aun_desconocido\"><\/span>Un lugar a\u00fan desconocido<span class=\"ez-toc-section-end\"><\/span><\/h3>\n<p>Lo que hace tan especiales a las <strong>Murallas de Finestras<\/strong> es su car\u00e1cter rec\u00f3ndito. Estamos muy lejos de los lugares tur\u00edsticos m\u00e1s concurridos de <a href=\"https:\/\/decouvrirensemble.com\/es\/destinos\/espana\">Espa\u00f1a<\/a>. Aqu\u00ed no hay multitudes ni tiendas de recuerdos. Solo t\u00fa, la naturaleza y esta impresionante pared rocosa. Es un lugar que merece la pena conocer, pero que por ahora sigue siendo un secreto bien guardado entre los amantes de la naturaleza y los paisajes grandiosos.<\/p>\n<div class=\"block-width-lg mx-auto\"><div class=\"video-container\"><iframe title=\"YouTube video player\" src=\"https:\/\/www.youtube.com\/embed\/jpzqIcMi3O4?si=fsklYWtkwx3_QHwk&amp;start=4\" width=\"560\" height=\"315\" frameborder=\"0\" allowfullscreen=\"allowfullscreen\"><\/iframe><\/div><\/div>\n<h2><span class=\"ez-toc-section\" id=\"%C2%BFDonde_dormir_para_visitar_las_Murallas_de_Finestras\"><\/span>\u00bfD\u00f3nde dormir para visitar las Murallas de Finestras?<span class=\"ez-toc-section-end\"><\/span><\/h2>\n<p>Dado que el sitio de las <strong>Murallas de Finestras<\/strong> se encuentra en una zona rural y aislada, no hay alojamientos directamente en Finestras. La mejor opci\u00f3n es dormir en El Pont de Suert, una peque\u00f1a localidad situada a unos 45 minutos en coche del inicio de la ruta hacia las murallas. Es el punto de partida ideal para descubrir la regi\u00f3n y disfrutar de servicios pr\u00e1cticos como restaurantes, hoteles o comercios.<\/p>\n<p>El Pont de Suert tambi\u00e9n est\u00e1 bien situado si desea explorar otros rincones naturales de los alrededores o prolongar su estancia en los Pirineos aragoneses. A continuaci\u00f3n le recomendamos algunos <strong>lugares donde alojarse<\/strong> en la regi\u00f3n.<\/p>\n<p>[hotels]<\/p>\n<h2><span class=\"ez-toc-section\" id=\"Nuestra_opinion_sobre_las_Murallas_de_Finestras\"><\/span>Nuestra opini\u00f3n sobre las Murallas de Finestras<span class=\"ez-toc-section-end\"><\/span><\/h2>\n<p>Nos quedamos literalmente maravillados con este lugar tan extraordinario. La llegada frente a las murallas es impresionante, y la panor\u00e1mica desde la cima permanecer\u00e1 grabada en nuestra memoria.<\/p>\n<p>Lejos de los circuitos tradicionales, es el tipo de lugar que recomendamos a todos aquellos que disfrutan de las escapadas ins\u00f3litas y los paisajes agrestes. Si busca una experiencia aut\u00e9ntica en el noreste de Espa\u00f1a, no se pierda las <strong>Murallas de Finestras<\/strong>.<\/p>\n<p>[barcelone]<\/p>\n<h2><span class=\"ez-toc-section\" id=\"En_resumen_%C2%BFpor_que_visitar_las_Murallas_de_Finestras\"><\/span>En resumen: \u00bfpor qu\u00e9 visitar las Murallas de Finestras?<span class=\"ez-toc-section-end\"><\/span><\/h2>\n<ul>\n<li>Un lugar natural \u00fanico, a\u00fan muy poco conocido.<\/li>\n<li>Espectaculares formaciones geol\u00f3gicas con forma de muralla.<\/li>\n<li>Varias rutas de senderismo accesibles y que te transportar\u00e1n a otro mundo.<\/li>\n<li>Un lugar tranquilo, ideal para recargar las pilas.<\/li>\n<li>Perfecto para los amantes de los paisajes, la naturaleza y la fotograf\u00eda.<\/li>\n<\/ul>\n<div id=\"attachment_61008\" style=\"width: 1810px\" class=\"wp-caption alignnone\"><img decoding=\"async\" aria-describedby=\"caption-attachment-61008\" class=\"wp-image-61008 size-full\" src=\"https:\/\/decouvrirensemble.com\/wp-content\/uploads\/2025\/06\/murailles-de-finestras-espagne.jpg\" alt=\"murailles de finestras espagne\" width=\"1800\" height=\"1200\" srcset=\"https:\/\/decouvrirensemble.com\/wp-content\/uploads\/2025\/06\/murailles-de-finestras-espagne.jpg 1800w, https:\/\/decouvrirensemble.com\/wp-content\/uploads\/2025\/06\/murailles-de-finestras-espagne-300x200.jpg 300w, https:\/\/decouvrirensemble.com\/wp-content\/uploads\/2025\/06\/murailles-de-finestras-espagne-1024x683.jpg 1024w, https:\/\/decouvrirensemble.com\/wp-content\/uploads\/2025\/06\/murailles-de-finestras-espagne-768x512.jpg 768w, https:\/\/decouvrirensemble.com\/wp-content\/uploads\/2025\/06\/murailles-de-finestras-espagne-1536x1024.jpg 1536w, https:\/\/decouvrirensemble.com\/wp-content\/uploads\/2025\/06\/murailles-de-finestras-espagne-600x400.jpg 600w\" sizes=\"(max-width: 1800px) 100vw, 1800px\" \/><p id=\"caption-attachment-61008\" class=\"wp-caption-text\">\u00a1Que lo disfrutes!<\/p><\/div>\n<p>[merci]<\/p>\n\n\n<div class=\"kk-star-ratings kksr-auto kksr-align-left kksr-valign-bottom\"\n    data-payload='{&quot;align&quot;:&quot;left&quot;,&quot;id&quot;:&quot;61645&quot;,&quot;slug&quot;:&quot;default&quot;,&quot;valign&quot;:&quot;bottom&quot;,&quot;ignore&quot;:&quot;&quot;,&quot;reference&quot;:&quot;auto&quot;,&quot;class&quot;:&quot;&quot;,&quot;count&quot;:&quot;1&quot;,&quot;legendonly&quot;:&quot;&quot;,&quot;readonly&quot;:&quot;&quot;,&quot;score&quot;:&quot;5&quot;,&quot;starsonly&quot;:&quot;&quot;,&quot;best&quot;:&quot;5&quot;,&quot;gap&quot;:&quot;4&quot;,&quot;greet&quot;:&quot;Sea el primero en valorar esta entrada de blog.&quot;,&quot;legend&quot;:&quot;5\\\/5 - (1 voto)&quot;,&quot;size&quot;:&quot;21&quot;,&quot;title&quot;:&quot;Las Murallas de Finestras en 2025: consejos e itinerario&quot;,&quot;width&quot;:&quot;123&quot;,&quot;_legend&quot;:&quot;{score}\\\/{best} - ({count} {votes})&quot;,&quot;font_factor&quot;:&quot;1.25&quot;}'>\n            \n<div class=\"kksr-stars\">\n    \n<div class=\"kksr-stars-inactive\">\n            <div class=\"kksr-star\" data-star=\"1\" style=\"padding-right: 4px\">\n            \n\n<div class=\"kksr-icon\" style=\"width: 21px; height: 21px;\"><\/div>\n        <\/div>\n            <div class=\"kksr-star\" data-star=\"2\" style=\"padding-right: 4px\">\n            \n\n<div class=\"kksr-icon\" style=\"width: 21px; height: 21px;\"><\/div>\n        <\/div>\n            <div class=\"kksr-star\" data-star=\"3\" style=\"padding-right: 4px\">\n            \n\n<div class=\"kksr-icon\" style=\"width: 21px; height: 21px;\"><\/div>\n        <\/div>\n            <div class=\"kksr-star\" data-star=\"4\" style=\"padding-right: 4px\">\n            \n\n<div class=\"kksr-icon\" style=\"width: 21px; height: 21px;\"><\/div>\n        <\/div>\n            <div class=\"kksr-star\" data-star=\"5\" style=\"padding-right: 4px\">\n            \n\n<div class=\"kksr-icon\" style=\"width: 21px; height: 21px;\"><\/div>\n        <\/div>\n    <\/div>\n    \n<div class=\"kksr-stars-active\" style=\"width: 123px;\">\n            <div class=\"kksr-star\" style=\"padding-right: 4px\">\n            \n\n<div class=\"kksr-icon\" style=\"width: 21px; height: 21px;\"><\/div>\n        <\/div>\n            <div class=\"kksr-star\" style=\"padding-right: 4px\">\n            \n\n<div class=\"kksr-icon\" style=\"width: 21px; height: 21px;\"><\/div>\n        <\/div>\n            <div class=\"kksr-star\" style=\"padding-right: 4px\">\n            \n\n<div class=\"kksr-icon\" style=\"width: 21px; height: 21px;\"><\/div>\n        <\/div>\n            <div class=\"kksr-star\" style=\"padding-right: 4px\">\n            \n\n<div class=\"kksr-icon\" style=\"width: 21px; height: 21px;\"><\/div>\n        <\/div>\n            <div class=\"kksr-star\" style=\"padding-right: 4px\">\n            \n\n<div class=\"kksr-icon\" style=\"width: 21px; height: 21px;\"><\/div>\n        <\/div>\n    <\/div>\n<\/div>\n                \n\n<div class=\"kksr-legend\" style=\"font-size: 16.8px;\">\n            5\/5 - (1 voto)    <\/div>\n    <\/div>\n","protected":false},"excerpt":{"rendered":"<p>Las Murallas de Finestras son sin duda uno de los tesoros ocultos de Espa\u00f1a. Un lugar m\u00e1gico, a\u00fan preservado, que hay que descubrir urgentemente antes de que se haga demasiado conocido. \u00a1No lo dude y a\u00f1\u00e1dalo a su itinerario si viaja al norte de Espa\u00f1a!<\/p>\n","protected":false},"author":1,"featured_media":61013,"comment_status":"open","ping_status":"closed","sticky":false,"template":"","format":"standard","meta":{"_acf_changed":false,"_lmt_disableupdate":"no","_lmt_disable":"no","footnotes":""},"categories":[461,462],"tags":[],"class_list":["post-61645","post","type-post","status-publish","format-standard","has-post-thumbnail","hentry","category-espana","category-guias-de-viajes"],"acf":[],"yoast_head":"<!-- This site is optimized with the Yoast SEO plugin v27.4 - https:\/\/yoast.com\/product\/yoast-seo-wordpress\/ -->\n<title>Las Murallas de Finestras en 2025: consejos e itinerario<\/title>\n<meta name=\"description\" content=\"D\u00e9couvrez tous nos conseils et itin\u00e9raire pour d\u00e9couvrir les Murailles de Finestras, ce joyau naturel encore m\u00e9connu du grand public.\" \/>\n<meta name=\"robots\" content=\"index, follow, max-snippet:-1, max-image-preview:large, max-video-preview:-1\" \/>\n<link rel=\"canonical\" href=\"https:\/\/decouvrirensemble.com\/es\/murallas-de-finestras\" \/>\n<meta property=\"og:locale\" content=\"es_ES\" \/>\n<meta property=\"og:type\" content=\"article\" \/>\n<meta property=\"og:title\" content=\"Las Murallas de Finestras en 2025: consejos e itinerario\" \/>\n<meta property=\"og:description\" content=\"D\u00e9couvrez tous nos conseils et itin\u00e9raire pour d\u00e9couvrir les Murailles de Finestras, ce joyau naturel encore m\u00e9connu du grand public.\" \/>\n<meta property=\"og:url\" content=\"https:\/\/decouvrirensemble.com\/es\/murallas-de-finestras\" \/>\n<meta property=\"og:site_name\" content=\"Blog Voyage - D\u00e9couvrir Ensemble\" \/>\n<meta property=\"article:published_time\" content=\"2025-06-17T12:57:46+00:00\" \/>\n<meta property=\"article:modified_time\" content=\"2026-01-06T13:58:38+00:00\" \/>\n<meta property=\"og:image\" content=\"https:\/\/decouvrirensemble.com\/wp-content\/uploads\/2025\/06\/murailles-de-finestras.jpg\" \/>\n\t<meta property=\"og:image:width\" content=\"1800\" \/>\n\t<meta property=\"og:image:height\" content=\"1200\" \/>\n\t<meta property=\"og:image:type\" content=\"image\/jpeg\" \/>\n<meta name=\"author\" content=\"Cl\u00e9mence &amp; Alexandre\" \/>\n<meta name=\"twitter:card\" content=\"summary_large_image\" \/>\n<meta name=\"twitter:creator\" content=\"@dcouvrirensmble\" \/>\n<meta name=\"twitter:site\" content=\"@dcouvrirensmble\" \/>\n<meta name=\"twitter:label1\" content=\"Escrito por\" \/>\n\t<meta name=\"twitter:data1\" content=\"Cl\u00e9mence &amp; Alexandre\" \/>\n\t<meta name=\"twitter:label2\" content=\"Tiempo de lectura\" \/>\n\t<meta name=\"twitter:data2\" content=\"9 minutos\" \/>\n<script type=\"application\/ld+json\" class=\"yoast-schema-graph\">{\"@context\":\"https:\\\/\\\/schema.org\",\"@graph\":[{\"@type\":\"Article\",\"@id\":\"https:\\\/\\\/decouvrirensemble.com\\\/es\\\/murallas-de-finestras#article\",\"isPartOf\":{\"@id\":\"https:\\\/\\\/decouvrirensemble.com\\\/es\\\/murallas-de-finestras\"},\"author\":{\"name\":\"Cl\u00e9mence &amp; Alexandre\",\"@id\":\"https:\\\/\\\/decouvrirensemble.com\\\/es#\\\/schema\\\/person\\\/a53efd44d02eb7f9ab90f96e84a9d2ba\"},\"headline\":\"Las Murallas de Finestras en 2025: consejos e itinerario\",\"datePublished\":\"2025-06-17T12:57:46+00:00\",\"dateModified\":\"2026-01-06T13:58:38+00:00\",\"mainEntityOfPage\":{\"@id\":\"https:\\\/\\\/decouvrirensemble.com\\\/es\\\/murallas-de-finestras\"},\"wordCount\":1488,\"commentCount\":0,\"publisher\":{\"@id\":\"https:\\\/\\\/decouvrirensemble.com\\\/es#\\\/schema\\\/person\\\/a53efd44d02eb7f9ab90f96e84a9d2ba\"},\"image\":{\"@id\":\"https:\\\/\\\/decouvrirensemble.com\\\/es\\\/murallas-de-finestras#primaryimage\"},\"thumbnailUrl\":\"https:\\\/\\\/decouvrirensemble.com\\\/wp-content\\\/uploads\\\/2025\\\/06\\\/murailles-de-finestras.jpg\",\"articleSection\":[\"Espa\u00f1a\",\"Gu\u00edas de viajes\"],\"inLanguage\":\"es\",\"potentialAction\":[{\"@type\":\"CommentAction\",\"name\":\"Comment\",\"target\":[\"https:\\\/\\\/decouvrirensemble.com\\\/es\\\/murallas-de-finestras#respond\"]}]},{\"@type\":\"WebPage\",\"@id\":\"https:\\\/\\\/decouvrirensemble.com\\\/es\\\/murallas-de-finestras\",\"url\":\"https:\\\/\\\/decouvrirensemble.com\\\/es\\\/murallas-de-finestras\",\"name\":\"Las Murallas de Finestras en 2025: consejos e itinerario\",\"isPartOf\":{\"@id\":\"https:\\\/\\\/decouvrirensemble.com\\\/es#website\"},\"primaryImageOfPage\":{\"@id\":\"https:\\\/\\\/decouvrirensemble.com\\\/es\\\/murallas-de-finestras#primaryimage\"},\"image\":{\"@id\":\"https:\\\/\\\/decouvrirensemble.com\\\/es\\\/murallas-de-finestras#primaryimage\"},\"thumbnailUrl\":\"https:\\\/\\\/decouvrirensemble.com\\\/wp-content\\\/uploads\\\/2025\\\/06\\\/murailles-de-finestras.jpg\",\"datePublished\":\"2025-06-17T12:57:46+00:00\",\"dateModified\":\"2026-01-06T13:58:38+00:00\",\"description\":\"D\u00e9couvrez tous nos conseils et itin\u00e9raire pour d\u00e9couvrir les Murailles de Finestras, ce joyau naturel encore m\u00e9connu du grand public.\",\"breadcrumb\":{\"@id\":\"https:\\\/\\\/decouvrirensemble.com\\\/es\\\/murallas-de-finestras#breadcrumb\"},\"inLanguage\":\"es\",\"potentialAction\":[{\"@type\":\"ReadAction\",\"target\":[\"https:\\\/\\\/decouvrirensemble.com\\\/es\\\/murallas-de-finestras\"]}]},{\"@type\":\"ImageObject\",\"inLanguage\":\"es\",\"@id\":\"https:\\\/\\\/decouvrirensemble.com\\\/es\\\/murallas-de-finestras#primaryimage\",\"url\":\"https:\\\/\\\/decouvrirensemble.com\\\/wp-content\\\/uploads\\\/2025\\\/06\\\/murailles-de-finestras.jpg\",\"contentUrl\":\"https:\\\/\\\/decouvrirensemble.com\\\/wp-content\\\/uploads\\\/2025\\\/06\\\/murailles-de-finestras.jpg\",\"width\":1800,\"height\":1200,\"caption\":\"murailles de finestras\"},{\"@type\":\"BreadcrumbList\",\"@id\":\"https:\\\/\\\/decouvrirensemble.com\\\/es\\\/murallas-de-finestras#breadcrumb\",\"itemListElement\":[{\"@type\":\"ListItem\",\"position\":1,\"name\":\"Accueil\",\"item\":\"https:\\\/\\\/decouvrirensemble.com\\\/es\"},{\"@type\":\"ListItem\",\"position\":2,\"name\":\"Gu\u00edas de viajes\",\"item\":\"https:\\\/\\\/decouvrirensemble.com\\\/es\\\/guias-de-viajes\"},{\"@type\":\"ListItem\",\"position\":3,\"name\":\"Las Murallas de Finestras en 2025: consejos e itinerario\"}]},{\"@type\":\"WebSite\",\"@id\":\"https:\\\/\\\/decouvrirensemble.com\\\/es#website\",\"url\":\"https:\\\/\\\/decouvrirensemble.com\\\/es\",\"name\":\"Blog Voyage - D\u00e9couvrir Ensemble\",\"description\":\"Le Blog Voyage de Clem et Alex\",\"publisher\":{\"@id\":\"https:\\\/\\\/decouvrirensemble.com\\\/es#\\\/schema\\\/person\\\/a53efd44d02eb7f9ab90f96e84a9d2ba\"},\"potentialAction\":[{\"@type\":\"SearchAction\",\"target\":{\"@type\":\"EntryPoint\",\"urlTemplate\":\"https:\\\/\\\/decouvrirensemble.com\\\/es?s={search_term_string}\"},\"query-input\":{\"@type\":\"PropertyValueSpecification\",\"valueRequired\":true,\"valueName\":\"search_term_string\"}}],\"inLanguage\":\"es\"},{\"@type\":[\"Person\",\"Organization\"],\"@id\":\"https:\\\/\\\/decouvrirensemble.com\\\/es#\\\/schema\\\/person\\\/a53efd44d02eb7f9ab90f96e84a9d2ba\",\"name\":\"Cl\u00e9mence &amp; Alexandre\",\"image\":{\"@type\":\"ImageObject\",\"inLanguage\":\"es\",\"@id\":\"https:\\\/\\\/decouvrirensemble.com\\\/wp-content\\\/uploads\\\/2024\\\/04\\\/logo-decouvrir-ensemble-blog-voyage.jpg\",\"url\":\"https:\\\/\\\/decouvrirensemble.com\\\/wp-content\\\/uploads\\\/2024\\\/04\\\/logo-decouvrir-ensemble-blog-voyage.jpg\",\"contentUrl\":\"https:\\\/\\\/decouvrirensemble.com\\\/wp-content\\\/uploads\\\/2024\\\/04\\\/logo-decouvrir-ensemble-blog-voyage.jpg\",\"width\":1563,\"height\":529,\"caption\":\"Cl\u00e9mence &amp; Alexandre\"},\"logo\":{\"@id\":\"https:\\\/\\\/decouvrirensemble.com\\\/wp-content\\\/uploads\\\/2024\\\/04\\\/logo-decouvrir-ensemble-blog-voyage.jpg\"},\"sameAs\":[\"https:\\\/\\\/decouvrirensemble.com\\\/\"]}]}<\/script>\n<!-- \/ Yoast SEO plugin. -->","yoast_head_json":{"title":"Las Murallas de Finestras en 2025: consejos e itinerario","description":"D\u00e9couvrez tous nos conseils et itin\u00e9raire pour d\u00e9couvrir les Murailles de Finestras, ce joyau naturel encore m\u00e9connu du grand public.","robots":{"index":"index","follow":"follow","max-snippet":"max-snippet:-1","max-image-preview":"max-image-preview:large","max-video-preview":"max-video-preview:-1"},"canonical":"https:\/\/decouvrirensemble.com\/es\/murallas-de-finestras","og_locale":"es_ES","og_type":"article","og_title":"Las Murallas de Finestras en 2025: consejos e itinerario","og_description":"D\u00e9couvrez tous nos conseils et itin\u00e9raire pour d\u00e9couvrir les Murailles de Finestras, ce joyau naturel encore m\u00e9connu du grand public.","og_url":"https:\/\/decouvrirensemble.com\/es\/murallas-de-finestras","og_site_name":"Blog Voyage - D\u00e9couvrir Ensemble","article_published_time":"2025-06-17T12:57:46+00:00","article_modified_time":"2026-01-06T13:58:38+00:00","og_image":[{"width":1800,"height":1200,"url":"https:\/\/decouvrirensemble.com\/wp-content\/uploads\/2025\/06\/murailles-de-finestras.jpg","type":"image\/jpeg"}],"author":"Cl\u00e9mence &amp; Alexandre","twitter_card":"summary_large_image","twitter_creator":"@dcouvrirensmble","twitter_site":"@dcouvrirensmble","twitter_misc":{"Escrito por":"Cl\u00e9mence &amp; Alexandre","Tiempo de lectura":"9 minutos"},"schema":{"@context":"https:\/\/schema.org","@graph":[{"@type":"Article","@id":"https:\/\/decouvrirensemble.com\/es\/murallas-de-finestras#article","isPartOf":{"@id":"https:\/\/decouvrirensemble.com\/es\/murallas-de-finestras"},"author":{"name":"Cl\u00e9mence &amp; Alexandre","@id":"https:\/\/decouvrirensemble.com\/es#\/schema\/person\/a53efd44d02eb7f9ab90f96e84a9d2ba"},"headline":"Las Murallas de Finestras en 2025: consejos e itinerario","datePublished":"2025-06-17T12:57:46+00:00","dateModified":"2026-01-06T13:58:38+00:00","mainEntityOfPage":{"@id":"https:\/\/decouvrirensemble.com\/es\/murallas-de-finestras"},"wordCount":1488,"commentCount":0,"publisher":{"@id":"https:\/\/decouvrirensemble.com\/es#\/schema\/person\/a53efd44d02eb7f9ab90f96e84a9d2ba"},"image":{"@id":"https:\/\/decouvrirensemble.com\/es\/murallas-de-finestras#primaryimage"},"thumbnailUrl":"https:\/\/decouvrirensemble.com\/wp-content\/uploads\/2025\/06\/murailles-de-finestras.jpg","articleSection":["Espa\u00f1a","Gu\u00edas de viajes"],"inLanguage":"es","potentialAction":[{"@type":"CommentAction","name":"Comment","target":["https:\/\/decouvrirensemble.com\/es\/murallas-de-finestras#respond"]}]},{"@type":"WebPage","@id":"https:\/\/decouvrirensemble.com\/es\/murallas-de-finestras","url":"https:\/\/decouvrirensemble.com\/es\/murallas-de-finestras","name":"Las Murallas de Finestras en 2025: consejos e itinerario","isPartOf":{"@id":"https:\/\/decouvrirensemble.com\/es#website"},"primaryImageOfPage":{"@id":"https:\/\/decouvrirensemble.com\/es\/murallas-de-finestras#primaryimage"},"image":{"@id":"https:\/\/decouvrirensemble.com\/es\/murallas-de-finestras#primaryimage"},"thumbnailUrl":"https:\/\/decouvrirensemble.com\/wp-content\/uploads\/2025\/06\/murailles-de-finestras.jpg","datePublished":"2025-06-17T12:57:46+00:00","dateModified":"2026-01-06T13:58:38+00:00","description":"D\u00e9couvrez tous nos conseils et itin\u00e9raire pour d\u00e9couvrir les Murailles de Finestras, ce joyau naturel encore m\u00e9connu du grand public.","breadcrumb":{"@id":"https:\/\/decouvrirensemble.com\/es\/murallas-de-finestras#breadcrumb"},"inLanguage":"es","potentialAction":[{"@type":"ReadAction","target":["https:\/\/decouvrirensemble.com\/es\/murallas-de-finestras"]}]},{"@type":"ImageObject","inLanguage":"es","@id":"https:\/\/decouvrirensemble.com\/es\/murallas-de-finestras#primaryimage","url":"https:\/\/decouvrirensemble.com\/wp-content\/uploads\/2025\/06\/murailles-de-finestras.jpg","contentUrl":"https:\/\/decouvrirensemble.com\/wp-content\/uploads\/2025\/06\/murailles-de-finestras.jpg","width":1800,"height":1200,"caption":"murailles de finestras"},{"@type":"BreadcrumbList","@id":"https:\/\/decouvrirensemble.com\/es\/murallas-de-finestras#breadcrumb","itemListElement":[{"@type":"ListItem","position":1,"name":"Accueil","item":"https:\/\/decouvrirensemble.com\/es"},{"@type":"ListItem","position":2,"name":"Gu\u00edas de viajes","item":"https:\/\/decouvrirensemble.com\/es\/guias-de-viajes"},{"@type":"ListItem","position":3,"name":"Las Murallas de Finestras en 2025: consejos e itinerario"}]},{"@type":"WebSite","@id":"https:\/\/decouvrirensemble.com\/es#website","url":"https:\/\/decouvrirensemble.com\/es","name":"Blog Voyage - D\u00e9couvrir Ensemble","description":"Le Blog Voyage de Clem et Alex","publisher":{"@id":"https:\/\/decouvrirensemble.com\/es#\/schema\/person\/a53efd44d02eb7f9ab90f96e84a9d2ba"},"potentialAction":[{"@type":"SearchAction","target":{"@type":"EntryPoint","urlTemplate":"https:\/\/decouvrirensemble.com\/es?s={search_term_string}"},"query-input":{"@type":"PropertyValueSpecification","valueRequired":true,"valueName":"search_term_string"}}],"inLanguage":"es"},{"@type":["Person","Organization"],"@id":"https:\/\/decouvrirensemble.com\/es#\/schema\/person\/a53efd44d02eb7f9ab90f96e84a9d2ba","name":"Cl\u00e9mence &amp; Alexandre","image":{"@type":"ImageObject","inLanguage":"es","@id":"https:\/\/decouvrirensemble.com\/wp-content\/uploads\/2024\/04\/logo-decouvrir-ensemble-blog-voyage.jpg","url":"https:\/\/decouvrirensemble.com\/wp-content\/uploads\/2024\/04\/logo-decouvrir-ensemble-blog-voyage.jpg","contentUrl":"https:\/\/decouvrirensemble.com\/wp-content\/uploads\/2024\/04\/logo-decouvrir-ensemble-blog-voyage.jpg","width":1563,"height":529,"caption":"Cl\u00e9mence &amp; Alexandre"},"logo":{"@id":"https:\/\/decouvrirensemble.com\/wp-content\/uploads\/2024\/04\/logo-decouvrir-ensemble-blog-voyage.jpg"},"sameAs":["https:\/\/decouvrirensemble.com\/"]}]}},"modified_by":"Cl\u00e9mence &amp; Alexandre","_links":{"self":[{"href":"https:\/\/decouvrirensemble.com\/es\/wp-json\/wp\/v2\/posts\/61645","targetHints":{"allow":["GET"]}}],"collection":[{"href":"https:\/\/decouvrirensemble.com\/es\/wp-json\/wp\/v2\/posts"}],"about":[{"href":"https:\/\/decouvrirensemble.com\/es\/wp-json\/wp\/v2\/types\/post"}],"author":[{"embeddable":true,"href":"https:\/\/decouvrirensemble.com\/es\/wp-json\/wp\/v2\/users\/1"}],"replies":[{"embeddable":true,"href":"https:\/\/decouvrirensemble.com\/es\/wp-json\/wp\/v2\/comments?post=61645"}],"version-history":[{"count":4,"href":"https:\/\/decouvrirensemble.com\/es\/wp-json\/wp\/v2\/posts\/61645\/revisions"}],"predecessor-version":[{"id":63487,"href":"https:\/\/decouvrirensemble.com\/es\/wp-json\/wp\/v2\/posts\/61645\/revisions\/63487"}],"wp:featuredmedia":[{"embeddable":true,"href":"https:\/\/decouvrirensemble.com\/es\/wp-json\/wp\/v2\/media\/61013"}],"wp:attachment":[{"href":"https:\/\/decouvrirensemble.com\/es\/wp-json\/wp\/v2\/media?parent=61645"}],"wp:term":[{"taxonomy":"category","embeddable":true,"href":"https:\/\/decouvrirensemble.com\/es\/wp-json\/wp\/v2\/categories?post=61645"},{"taxonomy":"post_tag","embeddable":true,"href":"https:\/\/decouvrirensemble.com\/es\/wp-json\/wp\/v2\/tags?post=61645"}],"curies":[{"name":"wp","href":"https:\/\/api.w.org\/{rel}","templated":true}]}}