{"id":61676,"date":"2024-07-21T01:09:46","date_gmt":"2024-07-20T23:09:46","guid":{"rendered":"https:\/\/decouvrirensemble.com\/plats-portugais-specialite-du-portugal"},"modified":"2026-01-06T15:17:24","modified_gmt":"2026-01-06T14:17:24","slug":"platos-portugueses","status":"publish","type":"post","link":"https:\/\/decouvrirensemble.com\/es\/platos-portugueses","title":{"rendered":"\u00a110 platos portugueses que no te puedes perder!"},"content":{"rendered":"<p>Portugal es un pa\u00eds que nos encanta por muchas razones. Una de ellas es, sin duda, <strong>las especialidades portuguesas<\/strong>. \u00a1Qu\u00e9 placer viajar por un pa\u00eds y disfrutar de una buena gastronom\u00eda! Como Alex es portugu\u00e9s, tenemos la suerte de comer muy a menudo <strong>platos portugueses<\/strong> en casa de su familia.<\/p>\n<p>Por eso, hoy te ofrecemos en este art\u00edculo del blog una selecci\u00f3n de los 10 <strong>platos portugueses m\u00e1s t\u00edpicos<\/strong> del pa\u00eds, \u00a1para que <a href=\"https:\/\/decouvrirensemble.com\/es\/destinos\/portugal\">viajes a Portugal<\/a> desde tu plato!<\/p>\n<h2><span class=\"ez-toc-section\" id=\"1_El_bacalao\"><\/span>1. El bacalao<span class=\"ez-toc-section-end\"><\/span><\/h2>\n<p><strong>El Bacalhau \u00e0 Br\u00e1s<\/strong> es un plato imprescindible de la cocina portuguesa. Se elabora con bacalao salado desmenuzado, mezclado con patatas fritas en tiras finas, huevos revueltos, cebolla y aceitunas negras.<\/p>\n<p>Aromatizado con perejil y, en ocasiones, con un toque de ajo, este <strong>plato portugu\u00e9s<\/strong> es sin duda <strong>uno de los m\u00e1s t\u00edpicos de Portugal.<\/strong><\/p>\n<div id=\"attachment_55866\" style=\"width: 1810px\" class=\"wp-caption alignnone\"><img decoding=\"async\" aria-describedby=\"caption-attachment-55866\" class=\"size-full wp-image-55866\" src=\"https:\/\/decouvrirensemble.com\/wp-content\/uploads\/2024\/07\/plats-portugais-bacalhau.jpg\" alt=\"plats portugais\" width=\"1800\" height=\"1200\" srcset=\"https:\/\/decouvrirensemble.com\/wp-content\/uploads\/2024\/07\/plats-portugais-bacalhau.jpg 1800w, https:\/\/decouvrirensemble.com\/wp-content\/uploads\/2024\/07\/plats-portugais-bacalhau-300x200.jpg 300w, https:\/\/decouvrirensemble.com\/wp-content\/uploads\/2024\/07\/plats-portugais-bacalhau-1024x683.jpg 1024w, https:\/\/decouvrirensemble.com\/wp-content\/uploads\/2024\/07\/plats-portugais-bacalhau-768x512.jpg 768w, https:\/\/decouvrirensemble.com\/wp-content\/uploads\/2024\/07\/plats-portugais-bacalhau-1536x1024.jpg 1536w, https:\/\/decouvrirensemble.com\/wp-content\/uploads\/2024\/07\/plats-portugais-bacalhau-600x400.jpg 600w\" sizes=\"(max-width: 1800px) 100vw, 1800px\" \/><p id=\"caption-attachment-55866\" class=\"wp-caption-text\">bacalao<\/p><\/div>\n<h2><span class=\"ez-toc-section\" id=\"2_El_Caldo_Verde\"><\/span>2. El Caldo Verde<span class=\"ez-toc-section-end\"><\/span><\/h2>\n<p><strong>El Caldo Verde<\/strong> es una sopa tradicional y emblem\u00e1tica de Portugal. Se elabora con col verde finamente picada, patatas, cebollas y ajo, y a menudo se le a\u00f1aden trozos de chouri\u00e7o (salchicha portuguesa).<\/p>\n<p>Esta sopa es sencilla pero muy nutritiva y se suele servir en diferentes fiestas populares. Si quieres probarla en casa, no dudes en seguir <a href=\"https:\/\/www.youtube.com\/watch?v=83xo5tqjduU\" rel=\"noopener\">esta receta<\/a>.<\/p>\n<h2><span class=\"ez-toc-section\" id=\"3_Las_sardinas_asadas\"><\/span>3. Las sardinas asadas<span class=\"ez-toc-section-end\"><\/span><\/h2>\n<p>Las sardinas a la brasa, o <strong>Sardinhas Assadas<\/strong>, son otro plato emblem\u00e1tico de Portugal, especialmente apreciado durante los meses de verano. Las sardinas se asan enteras y se sirven con pan, patatas y verduras. \u00a1Su sabor intenso y ahumado es irresistible!<\/p>\n<p>Disfrutamos mucho de este plato portugu\u00e9s durante nuestro \u00faltimo <a href=\"https:\/\/decouvrirensemble.com\/es\/que-ver-en-el-algarve\">viaje por carretera al Algarve<\/a>. Si alguna vez has estado de vacaciones en Portugal, \u00a1sabr\u00e1s de lo que hablamos!<\/p>\n<p>[algarve]<\/p>\n<div id=\"attachment_15113\" style=\"width: 1810px\" class=\"wp-caption alignnone\"><img decoding=\"async\" aria-describedby=\"caption-attachment-15113\" class=\"wp-image-15113 size-full\" src=\"https:\/\/decouvrirensemble.com\/wp-content\/uploads\/2021\/01\/restaurante-raposo-sagres-algarve-portugal.jpg\" alt=\"plats portugais\" width=\"1800\" height=\"1200\" srcset=\"https:\/\/decouvrirensemble.com\/wp-content\/uploads\/2021\/01\/restaurante-raposo-sagres-algarve-portugal.jpg 1800w, https:\/\/decouvrirensemble.com\/wp-content\/uploads\/2021\/01\/restaurante-raposo-sagres-algarve-portugal-300x200.jpg 300w, https:\/\/decouvrirensemble.com\/wp-content\/uploads\/2021\/01\/restaurante-raposo-sagres-algarve-portugal-1024x683.jpg 1024w, https:\/\/decouvrirensemble.com\/wp-content\/uploads\/2021\/01\/restaurante-raposo-sagres-algarve-portugal-768x512.jpg 768w, https:\/\/decouvrirensemble.com\/wp-content\/uploads\/2021\/01\/restaurante-raposo-sagres-algarve-portugal-1536x1024.jpg 1536w\" sizes=\"(max-width: 1800px) 100vw, 1800px\" \/><p id=\"caption-attachment-15113\" class=\"wp-caption-text\">Sardinas asadas<\/p><\/div>\n<h2><span class=\"ez-toc-section\" id=\"4_El_Cozido_a_la_Portuguesa\"><\/span>4. El Cozido a la Portuguesa<span class=\"ez-toc-section-end\"><\/span><\/h2>\n<p><strong>El Cozido a Portuguesa<\/strong> es un plato abundante y tradicional que combina diferentes tipos de carne (cerdo, ternera y pollo) y verduras (zanahorias, patatas y col).<\/p>\n<p>Todo se cocina lentamente en una olla, lo que permite que los sabores se mezclen y creen una comida sabrosa y reconfortante. El Cozido \u00e0 Portuguesa es sin duda uno de los <strong>platos portugueses m\u00e1s tradicionales<\/strong> del pa\u00eds.<\/p>\n<h2><span class=\"ez-toc-section\" id=\"5_Los_Pasteis_de_Nata\"><\/span>5. Los Past\u00e9is de Nata<span class=\"ez-toc-section-end\"><\/span><\/h2>\n<p>No se puede viajar a Portugal sin probar los famosos Past\u00e9is de Nata. Estas peque\u00f1as tartaletas de crema pastelera se sirven calientes, espolvoreadas con canela y az\u00facar glas.<\/p>\n<p>Originarias de Bel\u00e9m, cerca de <a href=\"https:\/\/decouvrirensemble.com\/es\/que-ver-en-lisboa-en-4-dias\">Lisboa<\/a>, se han convertido en un s\u00edmbolo nacional y en un manjar para los m\u00e1s golosos.<\/p>\n<p>[lisbonne]<\/p>\n<div id=\"attachment_55857\" style=\"width: 1810px\" class=\"wp-caption alignnone\"><img decoding=\"async\" aria-describedby=\"caption-attachment-55857\" class=\"size-full wp-image-55857\" src=\"https:\/\/decouvrirensemble.com\/wp-content\/uploads\/2024\/07\/specialite-du-portugal-pasteis-de-nata.jpg\" alt=\"sp\u00e9cialit\u00e9 du portugal\" width=\"1800\" height=\"1200\" srcset=\"https:\/\/decouvrirensemble.com\/wp-content\/uploads\/2024\/07\/specialite-du-portugal-pasteis-de-nata.jpg 1800w, https:\/\/decouvrirensemble.com\/wp-content\/uploads\/2024\/07\/specialite-du-portugal-pasteis-de-nata-300x200.jpg 300w, https:\/\/decouvrirensemble.com\/wp-content\/uploads\/2024\/07\/specialite-du-portugal-pasteis-de-nata-1024x683.jpg 1024w, https:\/\/decouvrirensemble.com\/wp-content\/uploads\/2024\/07\/specialite-du-portugal-pasteis-de-nata-768x512.jpg 768w, https:\/\/decouvrirensemble.com\/wp-content\/uploads\/2024\/07\/specialite-du-portugal-pasteis-de-nata-1536x1024.jpg 1536w, https:\/\/decouvrirensemble.com\/wp-content\/uploads\/2024\/07\/specialite-du-portugal-pasteis-de-nata-600x400.jpg 600w\" sizes=\"(max-width: 1800px) 100vw, 1800px\" \/><p id=\"caption-attachment-55857\" class=\"wp-caption-text\">Pasteles de nata<\/p><\/div>\n<h2><span class=\"ez-toc-section\" id=\"6_La_Feijoada\"><\/span>6. La Feijoada<span class=\"ez-toc-section-end\"><\/span><\/h2>\n<p><strong>La feijoada<\/strong> es un guiso de alubias negras (o blancas) con trozos de cerdo, ternera y, en ocasiones, salchicha. Este plato se asocia a menudo con la cocina brasile\u00f1a, pero tambi\u00e9n es muy popular en Portugal. Se sirve con arroz, es muy sabroso y nutritivo.<\/p>\n<div id=\"attachment_55860\" style=\"width: 1810px\" class=\"wp-caption alignnone\"><img decoding=\"async\" aria-describedby=\"caption-attachment-55860\" class=\"wp-image-55860 size-full\" src=\"https:\/\/decouvrirensemble.com\/wp-content\/uploads\/2024\/07\/repas-portugais-feijoada.jpg\" alt=\"repas portugais\" width=\"1800\" height=\"1200\" srcset=\"https:\/\/decouvrirensemble.com\/wp-content\/uploads\/2024\/07\/repas-portugais-feijoada.jpg 1800w, https:\/\/decouvrirensemble.com\/wp-content\/uploads\/2024\/07\/repas-portugais-feijoada-300x200.jpg 300w, https:\/\/decouvrirensemble.com\/wp-content\/uploads\/2024\/07\/repas-portugais-feijoada-1024x683.jpg 1024w, https:\/\/decouvrirensemble.com\/wp-content\/uploads\/2024\/07\/repas-portugais-feijoada-768x512.jpg 768w, https:\/\/decouvrirensemble.com\/wp-content\/uploads\/2024\/07\/repas-portugais-feijoada-1536x1024.jpg 1536w, https:\/\/decouvrirensemble.com\/wp-content\/uploads\/2024\/07\/repas-portugais-feijoada-600x400.jpg 600w\" sizes=\"(max-width: 1800px) 100vw, 1800px\" \/><p id=\"caption-attachment-55860\" class=\"wp-caption-text\">Feijoada<\/p><\/div>\n<h2><span class=\"ez-toc-section\" id=\"7_El_arroz_con_marisco\"><\/span>7. El arroz con marisco<span class=\"ez-toc-section-end\"><\/span><\/h2>\n<p><strong>El Arroz de Marisco<\/strong> es un plato de arroz con marisco que a menudo se compara con la paella espa\u00f1ola. Este plato combina diferentes mariscos como gambas, mejillones, cangrejos y calamares, cocinados en un arroz arom\u00e1tico con tomates, pimientos, ajo y hierbas frescas.<\/p>\n<h2><span class=\"ez-toc-section\" id=\"8_La_Alheira_de_Mirandela\"><\/span>8. La Alheira de Mirandela<span class=\"ez-toc-section-end\"><\/span><\/h2>\n<p><strong>La alheira<\/strong> es una salchicha \u00fanica originaria de la regi\u00f3n de <a href=\"https:\/\/maps.app.goo.gl\/eGr8QP7uHaNkCoRbA\" rel=\"noopener\">Mirandela<\/a>. Elaborada tradicionalmente con pan y carne (pollo o cerdo), este <strong>plato portugu\u00e9s<\/strong> tiene un ligero sabor ahumado y se suele servir a la parrilla con verduras y patatas.<\/p>\n<h2><span class=\"ez-toc-section\" id=\"9_El_Polvo_a_Lagareiro\"><\/span>9. El Polvo a Lagareiro<span class=\"ez-toc-section-end\"><\/span><\/h2>\n<p><strong>El Polvo a Lagareiro<\/strong> es un <strong>plato t\u00edpico portugu\u00e9s<\/strong>. Es delicioso, elaborado con pulpo asado al horno con patatas, mucho ajo y rociado generosamente con aceite de oliva.<\/p>\n<p>El pulpo se cuece hasta que queda tierno y las patatas quedan crujientes por fuera y tiernas por dentro, creando una combinaci\u00f3n perfecta.<\/p>\n<div id=\"attachment_55854\" style=\"width: 1810px\" class=\"wp-caption alignnone\"><img decoding=\"async\" aria-describedby=\"caption-attachment-55854\" class=\"size-full wp-image-55854\" src=\"https:\/\/decouvrirensemble.com\/wp-content\/uploads\/2024\/07\/specialites-du-portugal-polvo-a-Lagareiro.jpg\" alt=\"specialites du portugal\" width=\"1800\" height=\"1200\" srcset=\"https:\/\/decouvrirensemble.com\/wp-content\/uploads\/2024\/07\/specialites-du-portugal-polvo-a-Lagareiro.jpg 1800w, https:\/\/decouvrirensemble.com\/wp-content\/uploads\/2024\/07\/specialites-du-portugal-polvo-a-Lagareiro-300x200.jpg 300w, https:\/\/decouvrirensemble.com\/wp-content\/uploads\/2024\/07\/specialites-du-portugal-polvo-a-Lagareiro-1024x683.jpg 1024w, https:\/\/decouvrirensemble.com\/wp-content\/uploads\/2024\/07\/specialites-du-portugal-polvo-a-Lagareiro-768x512.jpg 768w, https:\/\/decouvrirensemble.com\/wp-content\/uploads\/2024\/07\/specialites-du-portugal-polvo-a-Lagareiro-1536x1024.jpg 1536w, https:\/\/decouvrirensemble.com\/wp-content\/uploads\/2024\/07\/specialites-du-portugal-polvo-a-Lagareiro-600x400.jpg 600w\" sizes=\"(max-width: 1800px) 100vw, 1800px\" \/><p id=\"caption-attachment-55854\" class=\"wp-caption-text\">Pulpo a la Lagareiro<\/p><\/div>\n<h2><span class=\"ez-toc-section\" id=\"10_La_Bifana\"><\/span>10. La Bifana<span class=\"ez-toc-section-end\"><\/span><\/h2>\n<p><strong>La Bifana<\/strong> es un bocadillo sencillo pero delicioso. Se compone de finas lonchas de cerdo marinadas en ajo, vino blanco y especias, que luego se asan a la parrilla y se sirven en un pan crujiente. A menudo acompa\u00f1ada de mostaza o piri-piri (salsa picante), la bifana es uno de los platos favoritos de los portugueses para comer sobre la marcha.<\/p>\n<p>Esperamos que todas estas <strong>especialidades culinarias portuguesas<\/strong> te hayan hecho la boca agua y te den ideas para tus futuras <strong>comidas portuguesas<\/strong>!<\/p>\n<p>[porto]<\/p>\n<div id=\"attachment_15104\" style=\"width: 1810px\" class=\"wp-caption alignnone\"><img decoding=\"async\" aria-describedby=\"caption-attachment-15104\" class=\"wp-image-15104 size-full\" src=\"https:\/\/decouvrirensemble.com\/wp-content\/uploads\/2021\/01\/praia-do-camilo-lagos-algarve-portugal-acces.jpg\" alt=\"portugal\" width=\"1800\" height=\"1200\" srcset=\"https:\/\/decouvrirensemble.com\/wp-content\/uploads\/2021\/01\/praia-do-camilo-lagos-algarve-portugal-acces.jpg 1800w, https:\/\/decouvrirensemble.com\/wp-content\/uploads\/2021\/01\/praia-do-camilo-lagos-algarve-portugal-acces-300x200.jpg 300w, https:\/\/decouvrirensemble.com\/wp-content\/uploads\/2021\/01\/praia-do-camilo-lagos-algarve-portugal-acces-1024x683.jpg 1024w, https:\/\/decouvrirensemble.com\/wp-content\/uploads\/2021\/01\/praia-do-camilo-lagos-algarve-portugal-acces-768x512.jpg 768w, https:\/\/decouvrirensemble.com\/wp-content\/uploads\/2021\/01\/praia-do-camilo-lagos-algarve-portugal-acces-1536x1024.jpg 1536w\" sizes=\"(max-width: 1800px) 100vw, 1800px\" \/><p id=\"caption-attachment-15104\" class=\"wp-caption-text\">playa de Camilo &#8211; Algarve<\/p><\/div>\n<img decoding=\"async\" class=\"alignnone size-full wp-image-15105\" src=\"https:\/\/decouvrirensemble.com\/wp-content\/uploads\/2021\/01\/praia-do-tonel-portugal-sagres-surf-algarve.jpg\" alt=\"praia do tonel sagres\" width=\"1800\" height=\"1200\" srcset=\"https:\/\/decouvrirensemble.com\/wp-content\/uploads\/2021\/01\/praia-do-tonel-portugal-sagres-surf-algarve.jpg 1800w, https:\/\/decouvrirensemble.com\/wp-content\/uploads\/2021\/01\/praia-do-tonel-portugal-sagres-surf-algarve-300x200.jpg 300w, https:\/\/decouvrirensemble.com\/wp-content\/uploads\/2021\/01\/praia-do-tonel-portugal-sagres-surf-algarve-1024x683.jpg 1024w, https:\/\/decouvrirensemble.com\/wp-content\/uploads\/2021\/01\/praia-do-tonel-portugal-sagres-surf-algarve-768x512.jpg 768w, https:\/\/decouvrirensemble.com\/wp-content\/uploads\/2021\/01\/praia-do-tonel-portugal-sagres-surf-algarve-1536x1024.jpg 1536w\" sizes=\"(max-width: 1800px) 100vw, 1800px\" \/>\n<p>[merci]<\/p>\n\n\n<div class=\"kk-star-ratings kksr-auto kksr-align-left kksr-valign-bottom\"\n    data-payload='{&quot;align&quot;:&quot;left&quot;,&quot;id&quot;:&quot;61676&quot;,&quot;slug&quot;:&quot;default&quot;,&quot;valign&quot;:&quot;bottom&quot;,&quot;ignore&quot;:&quot;&quot;,&quot;reference&quot;:&quot;auto&quot;,&quot;class&quot;:&quot;&quot;,&quot;count&quot;:&quot;1&quot;,&quot;legendonly&quot;:&quot;&quot;,&quot;readonly&quot;:&quot;&quot;,&quot;score&quot;:&quot;5&quot;,&quot;starsonly&quot;:&quot;&quot;,&quot;best&quot;:&quot;5&quot;,&quot;gap&quot;:&quot;4&quot;,&quot;greet&quot;:&quot;Sea el primero en valorar esta entrada de blog.&quot;,&quot;legend&quot;:&quot;5\\\/5 - (1 voto)&quot;,&quot;size&quot;:&quot;21&quot;,&quot;title&quot;:&quot;\u00a110 platos portugueses que no te puedes perder!&quot;,&quot;width&quot;:&quot;123&quot;,&quot;_legend&quot;:&quot;{score}\\\/{best} - ({count} {votes})&quot;,&quot;font_factor&quot;:&quot;1.25&quot;}'>\n            \n<div class=\"kksr-stars\">\n    \n<div class=\"kksr-stars-inactive\">\n            <div class=\"kksr-star\" data-star=\"1\" style=\"padding-right: 4px\">\n            \n\n<div class=\"kksr-icon\" style=\"width: 21px; height: 21px;\"><\/div>\n        <\/div>\n            <div class=\"kksr-star\" data-star=\"2\" style=\"padding-right: 4px\">\n            \n\n<div class=\"kksr-icon\" style=\"width: 21px; height: 21px;\"><\/div>\n        <\/div>\n            <div class=\"kksr-star\" data-star=\"3\" style=\"padding-right: 4px\">\n            \n\n<div class=\"kksr-icon\" style=\"width: 21px; height: 21px;\"><\/div>\n        <\/div>\n            <div class=\"kksr-star\" data-star=\"4\" style=\"padding-right: 4px\">\n            \n\n<div class=\"kksr-icon\" style=\"width: 21px; height: 21px;\"><\/div>\n        <\/div>\n            <div class=\"kksr-star\" data-star=\"5\" style=\"padding-right: 4px\">\n            \n\n<div class=\"kksr-icon\" style=\"width: 21px; height: 21px;\"><\/div>\n        <\/div>\n    <\/div>\n    \n<div class=\"kksr-stars-active\" style=\"width: 123px;\">\n            <div class=\"kksr-star\" style=\"padding-right: 4px\">\n            \n\n<div class=\"kksr-icon\" style=\"width: 21px; height: 21px;\"><\/div>\n        <\/div>\n            <div class=\"kksr-star\" style=\"padding-right: 4px\">\n            \n\n<div class=\"kksr-icon\" style=\"width: 21px; height: 21px;\"><\/div>\n        <\/div>\n            <div class=\"kksr-star\" style=\"padding-right: 4px\">\n            \n\n<div class=\"kksr-icon\" style=\"width: 21px; height: 21px;\"><\/div>\n        <\/div>\n            <div class=\"kksr-star\" style=\"padding-right: 4px\">\n            \n\n<div class=\"kksr-icon\" style=\"width: 21px; height: 21px;\"><\/div>\n        <\/div>\n            <div class=\"kksr-star\" style=\"padding-right: 4px\">\n            \n\n<div class=\"kksr-icon\" style=\"width: 21px; height: 21px;\"><\/div>\n        <\/div>\n    <\/div>\n<\/div>\n                \n\n<div class=\"kksr-legend\" style=\"font-size: 16.8px;\">\n            5\/5 - (1 voto)    <\/div>\n    <\/div>\n","protected":false},"excerpt":{"rendered":"<p>Descubra nuestra selecci\u00f3n de los mejores platos portugueses en nuestro blog de viajes. \u00a1Buen provecho!<\/p>\n","protected":false},"author":1,"featured_media":55865,"comment_status":"open","ping_status":"closed","sticky":false,"template":"","format":"standard","meta":{"_acf_changed":false,"_lmt_disableupdate":"no","_lmt_disable":"no","footnotes":""},"categories":[526],"tags":[],"class_list":["post-61676","post","type-post","status-publish","format-standard","has-post-thumbnail","hentry","category-cocina-del-mundo"],"acf":[],"yoast_head":"<!-- This site is optimized with the Yoast SEO plugin v27.4 - https:\/\/yoast.com\/product\/yoast-seo-wordpress\/ -->\n<title>\u00a110 platos portugueses que no te puedes perder!<\/title>\n<meta name=\"description\" content=\"Te compartimos nuestra selecci\u00f3n de nuestros 10 platos portugueses favoritos. \u00a1Para que conozcas las especialidades culinarias portuguesas!\" \/>\n<meta name=\"robots\" content=\"index, follow, max-snippet:-1, max-image-preview:large, max-video-preview:-1\" \/>\n<link rel=\"canonical\" href=\"https:\/\/decouvrirensemble.com\/es\/platos-portugueses\" \/>\n<meta property=\"og:locale\" content=\"es_ES\" \/>\n<meta property=\"og:type\" content=\"article\" \/>\n<meta property=\"og:title\" content=\"\u00a110 platos portugueses que no te puedes perder!\" \/>\n<meta property=\"og:description\" content=\"Te compartimos nuestra selecci\u00f3n de nuestros 10 platos portugueses favoritos. \u00a1Para que conozcas las especialidades culinarias portuguesas!\" \/>\n<meta property=\"og:url\" content=\"https:\/\/decouvrirensemble.com\/es\/platos-portugueses\" \/>\n<meta property=\"og:site_name\" content=\"Blog Voyage - D\u00e9couvrir Ensemble\" \/>\n<meta property=\"article:published_time\" content=\"2024-07-20T23:09:46+00:00\" \/>\n<meta property=\"article:modified_time\" content=\"2026-01-06T14:17:24+00:00\" \/>\n<meta property=\"og:image\" content=\"https:\/\/decouvrirensemble.com\/wp-content\/uploads\/2024\/07\/plats-portugais-specialite-du-portugal.jpg\" \/>\n\t<meta property=\"og:image:width\" content=\"1800\" \/>\n\t<meta property=\"og:image:height\" content=\"1200\" \/>\n\t<meta property=\"og:image:type\" content=\"image\/jpeg\" \/>\n<meta name=\"author\" content=\"Cl\u00e9mence &amp; Alexandre\" \/>\n<meta name=\"twitter:card\" content=\"summary_large_image\" \/>\n<meta name=\"twitter:creator\" content=\"@dcouvrirensmble\" \/>\n<meta name=\"twitter:site\" content=\"@dcouvrirensmble\" \/>\n<meta name=\"twitter:label1\" content=\"Escrito por\" \/>\n\t<meta name=\"twitter:data1\" content=\"Cl\u00e9mence &amp; Alexandre\" \/>\n\t<meta name=\"twitter:label2\" content=\"Tiempo de lectura\" \/>\n\t<meta name=\"twitter:data2\" content=\"6 minutos\" \/>\n<script type=\"application\/ld+json\" class=\"yoast-schema-graph\">{\"@context\":\"https:\\\/\\\/schema.org\",\"@graph\":[{\"@type\":\"Article\",\"@id\":\"https:\\\/\\\/decouvrirensemble.com\\\/es\\\/platos-portugueses#article\",\"isPartOf\":{\"@id\":\"https:\\\/\\\/decouvrirensemble.com\\\/es\\\/platos-portugueses\"},\"author\":{\"name\":\"Cl\u00e9mence &amp; Alexandre\",\"@id\":\"https:\\\/\\\/decouvrirensemble.com\\\/es#\\\/schema\\\/person\\\/a53efd44d02eb7f9ab90f96e84a9d2ba\"},\"headline\":\"\u00a110 platos portugueses que no te puedes perder!\",\"datePublished\":\"2024-07-20T23:09:46+00:00\",\"dateModified\":\"2026-01-06T14:17:24+00:00\",\"mainEntityOfPage\":{\"@id\":\"https:\\\/\\\/decouvrirensemble.com\\\/es\\\/platos-portugueses\"},\"wordCount\":774,\"commentCount\":0,\"publisher\":{\"@id\":\"https:\\\/\\\/decouvrirensemble.com\\\/es#\\\/schema\\\/person\\\/a53efd44d02eb7f9ab90f96e84a9d2ba\"},\"image\":{\"@id\":\"https:\\\/\\\/decouvrirensemble.com\\\/es\\\/platos-portugueses#primaryimage\"},\"thumbnailUrl\":\"https:\\\/\\\/decouvrirensemble.com\\\/wp-content\\\/uploads\\\/2024\\\/07\\\/plats-portugais-specialite-du-portugal.jpg\",\"articleSection\":[\"Cocina del mundo\"],\"inLanguage\":\"es\",\"potentialAction\":[{\"@type\":\"CommentAction\",\"name\":\"Comment\",\"target\":[\"https:\\\/\\\/decouvrirensemble.com\\\/es\\\/platos-portugueses#respond\"]}]},{\"@type\":\"WebPage\",\"@id\":\"https:\\\/\\\/decouvrirensemble.com\\\/es\\\/platos-portugueses\",\"url\":\"https:\\\/\\\/decouvrirensemble.com\\\/es\\\/platos-portugueses\",\"name\":\"\u00a110 platos portugueses que no te puedes perder!\",\"isPartOf\":{\"@id\":\"https:\\\/\\\/decouvrirensemble.com\\\/es#website\"},\"primaryImageOfPage\":{\"@id\":\"https:\\\/\\\/decouvrirensemble.com\\\/es\\\/platos-portugueses#primaryimage\"},\"image\":{\"@id\":\"https:\\\/\\\/decouvrirensemble.com\\\/es\\\/platos-portugueses#primaryimage\"},\"thumbnailUrl\":\"https:\\\/\\\/decouvrirensemble.com\\\/wp-content\\\/uploads\\\/2024\\\/07\\\/plats-portugais-specialite-du-portugal.jpg\",\"datePublished\":\"2024-07-20T23:09:46+00:00\",\"dateModified\":\"2026-01-06T14:17:24+00:00\",\"description\":\"Te compartimos nuestra selecci\u00f3n de nuestros 10 platos portugueses favoritos. \u00a1Para que conozcas las especialidades culinarias portuguesas!\",\"breadcrumb\":{\"@id\":\"https:\\\/\\\/decouvrirensemble.com\\\/es\\\/platos-portugueses#breadcrumb\"},\"inLanguage\":\"es\",\"potentialAction\":[{\"@type\":\"ReadAction\",\"target\":[\"https:\\\/\\\/decouvrirensemble.com\\\/es\\\/platos-portugueses\"]}]},{\"@type\":\"ImageObject\",\"inLanguage\":\"es\",\"@id\":\"https:\\\/\\\/decouvrirensemble.com\\\/es\\\/platos-portugueses#primaryimage\",\"url\":\"https:\\\/\\\/decouvrirensemble.com\\\/wp-content\\\/uploads\\\/2024\\\/07\\\/plats-portugais-specialite-du-portugal.jpg\",\"contentUrl\":\"https:\\\/\\\/decouvrirensemble.com\\\/wp-content\\\/uploads\\\/2024\\\/07\\\/plats-portugais-specialite-du-portugal.jpg\",\"width\":1800,\"height\":1200,\"caption\":\"plats portugais\"},{\"@type\":\"BreadcrumbList\",\"@id\":\"https:\\\/\\\/decouvrirensemble.com\\\/es\\\/platos-portugueses#breadcrumb\",\"itemListElement\":[{\"@type\":\"ListItem\",\"position\":1,\"name\":\"Accueil\",\"item\":\"https:\\\/\\\/decouvrirensemble.com\\\/es\"},{\"@type\":\"ListItem\",\"position\":2,\"name\":\"Cocina del mundo\",\"item\":\"https:\\\/\\\/decouvrirensemble.com\\\/es\\\/cocina-del-mundo\"},{\"@type\":\"ListItem\",\"position\":3,\"name\":\"\u00a110 platos portugueses que no te puedes perder!\"}]},{\"@type\":\"WebSite\",\"@id\":\"https:\\\/\\\/decouvrirensemble.com\\\/es#website\",\"url\":\"https:\\\/\\\/decouvrirensemble.com\\\/es\",\"name\":\"Blog Voyage - D\u00e9couvrir Ensemble\",\"description\":\"Le Blog Voyage de Clem et Alex\",\"publisher\":{\"@id\":\"https:\\\/\\\/decouvrirensemble.com\\\/es#\\\/schema\\\/person\\\/a53efd44d02eb7f9ab90f96e84a9d2ba\"},\"potentialAction\":[{\"@type\":\"SearchAction\",\"target\":{\"@type\":\"EntryPoint\",\"urlTemplate\":\"https:\\\/\\\/decouvrirensemble.com\\\/es?s={search_term_string}\"},\"query-input\":{\"@type\":\"PropertyValueSpecification\",\"valueRequired\":true,\"valueName\":\"search_term_string\"}}],\"inLanguage\":\"es\"},{\"@type\":[\"Person\",\"Organization\"],\"@id\":\"https:\\\/\\\/decouvrirensemble.com\\\/es#\\\/schema\\\/person\\\/a53efd44d02eb7f9ab90f96e84a9d2ba\",\"name\":\"Cl\u00e9mence &amp; Alexandre\",\"image\":{\"@type\":\"ImageObject\",\"inLanguage\":\"es\",\"@id\":\"https:\\\/\\\/decouvrirensemble.com\\\/wp-content\\\/uploads\\\/2024\\\/04\\\/logo-decouvrir-ensemble-blog-voyage.jpg\",\"url\":\"https:\\\/\\\/decouvrirensemble.com\\\/wp-content\\\/uploads\\\/2024\\\/04\\\/logo-decouvrir-ensemble-blog-voyage.jpg\",\"contentUrl\":\"https:\\\/\\\/decouvrirensemble.com\\\/wp-content\\\/uploads\\\/2024\\\/04\\\/logo-decouvrir-ensemble-blog-voyage.jpg\",\"width\":1563,\"height\":529,\"caption\":\"Cl\u00e9mence &amp; Alexandre\"},\"logo\":{\"@id\":\"https:\\\/\\\/decouvrirensemble.com\\\/wp-content\\\/uploads\\\/2024\\\/04\\\/logo-decouvrir-ensemble-blog-voyage.jpg\"},\"sameAs\":[\"https:\\\/\\\/decouvrirensemble.com\\\/\"]}]}<\/script>\n<!-- \/ Yoast SEO plugin. -->","yoast_head_json":{"title":"\u00a110 platos portugueses que no te puedes perder!","description":"Te compartimos nuestra selecci\u00f3n de nuestros 10 platos portugueses favoritos. \u00a1Para que conozcas las especialidades culinarias portuguesas!","robots":{"index":"index","follow":"follow","max-snippet":"max-snippet:-1","max-image-preview":"max-image-preview:large","max-video-preview":"max-video-preview:-1"},"canonical":"https:\/\/decouvrirensemble.com\/es\/platos-portugueses","og_locale":"es_ES","og_type":"article","og_title":"\u00a110 platos portugueses que no te puedes perder!","og_description":"Te compartimos nuestra selecci\u00f3n de nuestros 10 platos portugueses favoritos. \u00a1Para que conozcas las especialidades culinarias portuguesas!","og_url":"https:\/\/decouvrirensemble.com\/es\/platos-portugueses","og_site_name":"Blog Voyage - D\u00e9couvrir Ensemble","article_published_time":"2024-07-20T23:09:46+00:00","article_modified_time":"2026-01-06T14:17:24+00:00","og_image":[{"width":1800,"height":1200,"url":"https:\/\/decouvrirensemble.com\/wp-content\/uploads\/2024\/07\/plats-portugais-specialite-du-portugal.jpg","type":"image\/jpeg"}],"author":"Cl\u00e9mence &amp; Alexandre","twitter_card":"summary_large_image","twitter_creator":"@dcouvrirensmble","twitter_site":"@dcouvrirensmble","twitter_misc":{"Escrito por":"Cl\u00e9mence &amp; Alexandre","Tiempo de lectura":"6 minutos"},"schema":{"@context":"https:\/\/schema.org","@graph":[{"@type":"Article","@id":"https:\/\/decouvrirensemble.com\/es\/platos-portugueses#article","isPartOf":{"@id":"https:\/\/decouvrirensemble.com\/es\/platos-portugueses"},"author":{"name":"Cl\u00e9mence &amp; Alexandre","@id":"https:\/\/decouvrirensemble.com\/es#\/schema\/person\/a53efd44d02eb7f9ab90f96e84a9d2ba"},"headline":"\u00a110 platos portugueses que no te puedes perder!","datePublished":"2024-07-20T23:09:46+00:00","dateModified":"2026-01-06T14:17:24+00:00","mainEntityOfPage":{"@id":"https:\/\/decouvrirensemble.com\/es\/platos-portugueses"},"wordCount":774,"commentCount":0,"publisher":{"@id":"https:\/\/decouvrirensemble.com\/es#\/schema\/person\/a53efd44d02eb7f9ab90f96e84a9d2ba"},"image":{"@id":"https:\/\/decouvrirensemble.com\/es\/platos-portugueses#primaryimage"},"thumbnailUrl":"https:\/\/decouvrirensemble.com\/wp-content\/uploads\/2024\/07\/plats-portugais-specialite-du-portugal.jpg","articleSection":["Cocina del mundo"],"inLanguage":"es","potentialAction":[{"@type":"CommentAction","name":"Comment","target":["https:\/\/decouvrirensemble.com\/es\/platos-portugueses#respond"]}]},{"@type":"WebPage","@id":"https:\/\/decouvrirensemble.com\/es\/platos-portugueses","url":"https:\/\/decouvrirensemble.com\/es\/platos-portugueses","name":"\u00a110 platos portugueses que no te puedes perder!","isPartOf":{"@id":"https:\/\/decouvrirensemble.com\/es#website"},"primaryImageOfPage":{"@id":"https:\/\/decouvrirensemble.com\/es\/platos-portugueses#primaryimage"},"image":{"@id":"https:\/\/decouvrirensemble.com\/es\/platos-portugueses#primaryimage"},"thumbnailUrl":"https:\/\/decouvrirensemble.com\/wp-content\/uploads\/2024\/07\/plats-portugais-specialite-du-portugal.jpg","datePublished":"2024-07-20T23:09:46+00:00","dateModified":"2026-01-06T14:17:24+00:00","description":"Te compartimos nuestra selecci\u00f3n de nuestros 10 platos portugueses favoritos. \u00a1Para que conozcas las especialidades culinarias portuguesas!","breadcrumb":{"@id":"https:\/\/decouvrirensemble.com\/es\/platos-portugueses#breadcrumb"},"inLanguage":"es","potentialAction":[{"@type":"ReadAction","target":["https:\/\/decouvrirensemble.com\/es\/platos-portugueses"]}]},{"@type":"ImageObject","inLanguage":"es","@id":"https:\/\/decouvrirensemble.com\/es\/platos-portugueses#primaryimage","url":"https:\/\/decouvrirensemble.com\/wp-content\/uploads\/2024\/07\/plats-portugais-specialite-du-portugal.jpg","contentUrl":"https:\/\/decouvrirensemble.com\/wp-content\/uploads\/2024\/07\/plats-portugais-specialite-du-portugal.jpg","width":1800,"height":1200,"caption":"plats portugais"},{"@type":"BreadcrumbList","@id":"https:\/\/decouvrirensemble.com\/es\/platos-portugueses#breadcrumb","itemListElement":[{"@type":"ListItem","position":1,"name":"Accueil","item":"https:\/\/decouvrirensemble.com\/es"},{"@type":"ListItem","position":2,"name":"Cocina del mundo","item":"https:\/\/decouvrirensemble.com\/es\/cocina-del-mundo"},{"@type":"ListItem","position":3,"name":"\u00a110 platos portugueses que no te puedes perder!"}]},{"@type":"WebSite","@id":"https:\/\/decouvrirensemble.com\/es#website","url":"https:\/\/decouvrirensemble.com\/es","name":"Blog Voyage - D\u00e9couvrir Ensemble","description":"Le Blog Voyage de Clem et Alex","publisher":{"@id":"https:\/\/decouvrirensemble.com\/es#\/schema\/person\/a53efd44d02eb7f9ab90f96e84a9d2ba"},"potentialAction":[{"@type":"SearchAction","target":{"@type":"EntryPoint","urlTemplate":"https:\/\/decouvrirensemble.com\/es?s={search_term_string}"},"query-input":{"@type":"PropertyValueSpecification","valueRequired":true,"valueName":"search_term_string"}}],"inLanguage":"es"},{"@type":["Person","Organization"],"@id":"https:\/\/decouvrirensemble.com\/es#\/schema\/person\/a53efd44d02eb7f9ab90f96e84a9d2ba","name":"Cl\u00e9mence &amp; Alexandre","image":{"@type":"ImageObject","inLanguage":"es","@id":"https:\/\/decouvrirensemble.com\/wp-content\/uploads\/2024\/04\/logo-decouvrir-ensemble-blog-voyage.jpg","url":"https:\/\/decouvrirensemble.com\/wp-content\/uploads\/2024\/04\/logo-decouvrir-ensemble-blog-voyage.jpg","contentUrl":"https:\/\/decouvrirensemble.com\/wp-content\/uploads\/2024\/04\/logo-decouvrir-ensemble-blog-voyage.jpg","width":1563,"height":529,"caption":"Cl\u00e9mence &amp; Alexandre"},"logo":{"@id":"https:\/\/decouvrirensemble.com\/wp-content\/uploads\/2024\/04\/logo-decouvrir-ensemble-blog-voyage.jpg"},"sameAs":["https:\/\/decouvrirensemble.com\/"]}]}},"modified_by":"Cl\u00e9mence &amp; Alexandre","_links":{"self":[{"href":"https:\/\/decouvrirensemble.com\/es\/wp-json\/wp\/v2\/posts\/61676","targetHints":{"allow":["GET"]}}],"collection":[{"href":"https:\/\/decouvrirensemble.com\/es\/wp-json\/wp\/v2\/posts"}],"about":[{"href":"https:\/\/decouvrirensemble.com\/es\/wp-json\/wp\/v2\/types\/post"}],"author":[{"embeddable":true,"href":"https:\/\/decouvrirensemble.com\/es\/wp-json\/wp\/v2\/users\/1"}],"replies":[{"embeddable":true,"href":"https:\/\/decouvrirensemble.com\/es\/wp-json\/wp\/v2\/comments?post=61676"}],"version-history":[{"count":3,"href":"https:\/\/decouvrirensemble.com\/es\/wp-json\/wp\/v2\/posts\/61676\/revisions"}],"predecessor-version":[{"id":63508,"href":"https:\/\/decouvrirensemble.com\/es\/wp-json\/wp\/v2\/posts\/61676\/revisions\/63508"}],"wp:featuredmedia":[{"embeddable":true,"href":"https:\/\/decouvrirensemble.com\/es\/wp-json\/wp\/v2\/media\/55865"}],"wp:attachment":[{"href":"https:\/\/decouvrirensemble.com\/es\/wp-json\/wp\/v2\/media?parent=61676"}],"wp:term":[{"taxonomy":"category","embeddable":true,"href":"https:\/\/decouvrirensemble.com\/es\/wp-json\/wp\/v2\/categories?post=61676"},{"taxonomy":"post_tag","embeddable":true,"href":"https:\/\/decouvrirensemble.com\/es\/wp-json\/wp\/v2\/tags?post=61676"}],"curies":[{"name":"wp","href":"https:\/\/api.w.org\/{rel}","templated":true}]}}