{"id":65624,"date":"2025-10-13T22:38:06","date_gmt":"2025-10-13T20:38:06","guid":{"rendered":"https:\/\/decouvrirensemble.com\/les-asturies-espagne"},"modified":"2026-04-13T12:59:02","modified_gmt":"2026-04-13T10:59:02","slug":"que-ver-en-asturias","status":"publish","type":"post","link":"https:\/\/decouvrirensemble.com\/es\/que-ver-en-asturias","title":{"rendered":"Qu\u00e9 ver en Asturias: los mejores lugares"},"content":{"rendered":"<p>A finales de septiembre pasamos cuatro d\u00edas en <strong>Asturias<\/strong> y nos encant\u00f3. Esta regi\u00f3n del norte de Espa\u00f1a combina playas v\u00edrgenes, pueblos pesqueros de lo m\u00e1s pintorescos y una cultura local muy viva.<\/p>\n<p>En este art\u00edculo compartimos nuestro itinerario y, sobre todo, todos nuestros consejos para preparar tu estancia en Asturias: qu\u00e9 ver, cu\u00e1ndo ir, nuestros lugares favoritos y por qu\u00e9 Asturias merece sin duda estar en tu lista. \u00a1Que disfrutes de la lectura!<\/p>\n<h2 id=\"que-faire\"><span class=\"ez-toc-section\" id=\"%C2%BFQue_ver_en_Asturias_Espana_Nuestra_ruta\"><\/span>\u00bfQu\u00e9 ver en Asturias, Espa\u00f1a? Nuestra ruta<span class=\"ez-toc-section-end\"><\/span><\/h2>\n<p><strong>Asturias<\/strong> es la versi\u00f3n natural de <a href=\"https:\/\/decouvrirensemble.com\/es\/destinos\/espana\">Espa\u00f1a<\/a>: acantilados cubiertos de vegetaci\u00f3n, playas v\u00edrgenes, coloridos pueblos pesqueros y sidrer\u00edas donde se vive al ritmo local.<\/p>\n<p>Esta regi\u00f3n nos ha encantado y hoy queremos compartir con vosotros nuestro itinerario completo para pasar cuatro d\u00edas o m\u00e1s en Asturias.<\/p>\n<h3><span class=\"ez-toc-section\" id=\"Nuestro_itinerario_por_Asturias_en_pocas_palabras\"><\/span>Nuestro itinerario por Asturias en pocas palabras<span class=\"ez-toc-section-end\"><\/span><\/h3>\n<ul>\n<li><strong>D\u00eda 1<\/strong>: Visita a Llanes y a las playas m\u00e1s bonitas de Asturias<\/li>\n<li><strong>D\u00eda 2<\/strong>: Visita a Lastres y Gij\u00f3n<\/li>\n<li><strong>D\u00eda 3<\/strong>: Visita a Oviedo y Avil\u00e9s<\/li>\n<li><strong>D\u00eda 4<\/strong>: Visita a Cudillero y a la playa del Silencio<\/li>\n<\/ul>\n<div class=\"block-width-lg mx-auto\"><div class=\"video-container\"><iframe style=\"border: 0;\" src=\"https:\/\/www.google.com\/maps\/embed?pb=!1m70!1m12!1m3!1d492082.0675765461!2d-6.107805499189175!3d43.57505268985511!2m3!1f0!2f0!3f0!3m2!1i1024!2i768!4f13.1!4m55!3e0!4m5!1s0xd49eae3140a6429%3A0x50b0567bd4b9b8ef!2sLlanes%2C%20Asturias%2C%20Espagne!3m2!1d43.4211483!2d-4.7562159!4m5!1s0xd4997e211a0d089%3A0xf5b674bab5a48340!2sLa%20Franca%20Beach%2C%20Espagne!3m2!1d43.393952899999995!2d-4.5750169!4m5!1s0xd49953e6ddb17a9%3A0x70d348cae6307889!2sPlaya%20de%20Andrin%2C%20Llanes%2C%20Asturias%2C%20Espagne!3m2!1d43.4103883!2d-4.7086431!4m5!1s0xd3611d5b3480d9d%3A0x31516d57eab7f1ff!2sLastres%2C%2033330%20Colunga%2C%20Asturias%2C%20Espagne!3m2!1d43.513920399999996!2d-5.27055!4m5!1s0xd367c66cbf494bf%3A0xbd06d207048d3536!2sGij%C3%B3n%2C%20Asturias%2C%20Espagne!3m2!1d43.5322493!2d-5.660973299999999!4m5!1s0xd368c9a60ac1c67%3A0x3134440ecc5e6224!2sOviedo%2C%20Asturias%2C%20Espagne!3m2!1d43.3622522!2d-5.8485461!4m5!1s0xd36a151c3473fe1%3A0x677ebf3e1f34a27f!2sCudillero%2C%20Asturias%2C%20Espagne!3m2!1d43.5629162!2d-6.1452648!4m5!1s0xd36a9b171e42003%3A0xd4f5a650e21fd94b!2sPlaya%20del%20Silencio%2C%2033157%20Cudillero%2C%20Asturias%2C%20Espagne!3m2!1d43.5670314!2d-6.2949853!4m5!1s0xd369f2c3c3b0a1b%3A0x7bd91d14f2f85da!2sAeroport%20d'Ast%C3%BAries%20(OVD)%2C%20AI-82%2C%20Santiago%20del%20Monte%2C%20Castrill%C3%B3n%2C%20Espagne!3m2!1d43.5623825!2d-6.0334978!5e1!3m2!1sfr!2sfr!4v1760363782033!5m2!1sfr!2sfr\" width=\"600\" height=\"450\" allowfullscreen=\"allowfullscreen\"><\/iframe><\/div><\/div>\n<h2><span class=\"ez-toc-section\" id=\"Dia_1_Visita_a_Llanes_y_a_las_playas_mas_bonitas_de_Asturias\"><\/span>D\u00eda 1: Visita a Llanes y a las playas m\u00e1s bonitas de Asturias<span class=\"ez-toc-section-end\"><\/span><\/h2>\n<h3><span class=\"ez-toc-section\" id=\"Llanuras\"><\/span>Llanuras<span class=\"ez-toc-section-end\"><\/span><\/h3>\n<p><strong>Llanes<\/strong> es una encantadora localidad costera situada a solo una hora en coche del centro de Gij\u00f3n. Es muy pintoresca y, sin duda, merece la pena visitarla.<\/p>\n<p>Nos encant\u00f3 pasear por sus callejuelas durante unas horas. Llanes tambi\u00e9n es famosa por sus playas v\u00edrgenes, de las que os hablaremos a continuaci\u00f3n. Es ideal para descubrirla en un d\u00eda.<\/p>\n<div id=\"attachment_62149\" style=\"width: 1810px\" class=\"wp-caption alignnone\"><img decoding=\"async\" aria-describedby=\"caption-attachment-62149\" class=\"size-full wp-image-62149\" src=\"https:\/\/decouvrirensemble.com\/wp-content\/uploads\/2025\/10\/Llanes-asturies-espagne.jpg\" alt=\"Llanes\" width=\"1800\" height=\"1200\" srcset=\"https:\/\/decouvrirensemble.com\/wp-content\/uploads\/2025\/10\/Llanes-asturies-espagne.jpg 1800w, https:\/\/decouvrirensemble.com\/wp-content\/uploads\/2025\/10\/Llanes-asturies-espagne-300x200.jpg 300w, https:\/\/decouvrirensemble.com\/wp-content\/uploads\/2025\/10\/Llanes-asturies-espagne-1024x683.jpg 1024w, https:\/\/decouvrirensemble.com\/wp-content\/uploads\/2025\/10\/Llanes-asturies-espagne-768x512.jpg 768w, https:\/\/decouvrirensemble.com\/wp-content\/uploads\/2025\/10\/Llanes-asturies-espagne-1536x1024.jpg 1536w, https:\/\/decouvrirensemble.com\/wp-content\/uploads\/2025\/10\/Llanes-asturies-espagne-600x400.jpg 600w\" sizes=\"(max-width: 1800px) 100vw, 1800px\" \/><p id=\"caption-attachment-62149\" class=\"wp-caption-text\">Llanuras<\/p><\/div>\n<img decoding=\"async\" class=\"alignnone size-full wp-image-62151\" src=\"https:\/\/decouvrirensemble.com\/wp-content\/uploads\/2025\/10\/llanes.jpg\" alt=\"Llanes\" width=\"1800\" height=\"1200\" srcset=\"https:\/\/decouvrirensemble.com\/wp-content\/uploads\/2025\/10\/llanes.jpg 1800w, https:\/\/decouvrirensemble.com\/wp-content\/uploads\/2025\/10\/llanes-300x200.jpg 300w, https:\/\/decouvrirensemble.com\/wp-content\/uploads\/2025\/10\/llanes-1024x683.jpg 1024w, https:\/\/decouvrirensemble.com\/wp-content\/uploads\/2025\/10\/llanes-768x512.jpg 768w, https:\/\/decouvrirensemble.com\/wp-content\/uploads\/2025\/10\/llanes-1536x1024.jpg 1536w, https:\/\/decouvrirensemble.com\/wp-content\/uploads\/2025\/10\/llanes-600x400.jpg 600w\" sizes=\"(max-width: 1800px) 100vw, 1800px\" \/>\n<h3><span class=\"ez-toc-section\" id=\"La_playa_francesa\"><\/span>La playa francesa<span class=\"ez-toc-section-end\"><\/span><\/h3>\n<p><strong>La playa de La Franca<\/strong> fue la primera playa que tuvimos la oportunidad de descubrir durante nuestra estancia en Asturias. La playa es realmente incre\u00edble, as\u00ed que os recomendamos que os acerqu\u00e9is a dar un paseo.<\/p>\n<p>La playa de La Franca fue nuestra primera parada tras recoger nuestro coche de alquiler en el aeropuerto de Asturias. Os recomendamos que vay\u00e1is all\u00ed primero y que luego hag\u00e1is una parada para comer en Llanes.<\/p>\n<div id=\"attachment_62125\" style=\"width: 1810px\" class=\"wp-caption alignnone\"><img decoding=\"async\" aria-describedby=\"caption-attachment-62125\" class=\"size-full wp-image-62125\" src=\"https:\/\/decouvrirensemble.com\/wp-content\/uploads\/2025\/10\/asturies-espagne-franca-beach.jpg\" alt=\"asturies espagne\" width=\"1800\" height=\"1200\" srcset=\"https:\/\/decouvrirensemble.com\/wp-content\/uploads\/2025\/10\/asturies-espagne-franca-beach.jpg 1800w, https:\/\/decouvrirensemble.com\/wp-content\/uploads\/2025\/10\/asturies-espagne-franca-beach-300x200.jpg 300w, https:\/\/decouvrirensemble.com\/wp-content\/uploads\/2025\/10\/asturies-espagne-franca-beach-1024x683.jpg 1024w, https:\/\/decouvrirensemble.com\/wp-content\/uploads\/2025\/10\/asturies-espagne-franca-beach-768x512.jpg 768w, https:\/\/decouvrirensemble.com\/wp-content\/uploads\/2025\/10\/asturies-espagne-franca-beach-1536x1024.jpg 1536w, https:\/\/decouvrirensemble.com\/wp-content\/uploads\/2025\/10\/asturies-espagne-franca-beach-600x400.jpg 600w\" sizes=\"(max-width: 1800px) 100vw, 1800px\" \/><p id=\"caption-attachment-62125\" class=\"wp-caption-text\">Playa Francesa<\/p><\/div>\n<img decoding=\"async\" class=\"alignnone size-full wp-image-62137\" src=\"https:\/\/decouvrirensemble.com\/wp-content\/uploads\/2025\/10\/franca-beach.jpg\" alt=\"franca beach\" width=\"1800\" height=\"1200\" srcset=\"https:\/\/decouvrirensemble.com\/wp-content\/uploads\/2025\/10\/franca-beach.jpg 1800w, https:\/\/decouvrirensemble.com\/wp-content\/uploads\/2025\/10\/franca-beach-300x200.jpg 300w, https:\/\/decouvrirensemble.com\/wp-content\/uploads\/2025\/10\/franca-beach-1024x683.jpg 1024w, https:\/\/decouvrirensemble.com\/wp-content\/uploads\/2025\/10\/franca-beach-768x512.jpg 768w, https:\/\/decouvrirensemble.com\/wp-content\/uploads\/2025\/10\/franca-beach-1536x1024.jpg 1536w, https:\/\/decouvrirensemble.com\/wp-content\/uploads\/2025\/10\/franca-beach-600x400.jpg 600w\" sizes=\"(max-width: 1800px) 100vw, 1800px\" \/>\n<h3><span class=\"ez-toc-section\" id=\"Playa_de_Andrin\"><\/span>Playa de Andr\u00edn<span class=\"ez-toc-section-end\"><\/span><\/h3>\n<p>Una vez que hayas descubierto la playa de Franca y Llanes, te recomendamos que te detengas en la playa de Andr\u00edn. Es uno de nuestros lugares favoritos de este viaje por las Asturias espa\u00f1olas y te recomendamos que no te pierdas <strong>la playa de Andr\u00edn<\/strong>. Su paisaje es digno de las postales m\u00e1s bonitas.<\/p>\n<p>Se encuentra a solo 10 minutos en coche de Llanes. En nuestra opini\u00f3n, es una de las playas m\u00e1s bonitas de Asturias. Despu\u00e9s nos dirigimos a Villaviciosa para dejar las maletas en la Casona de Amandi. Os hablamos de nuestros alojamientos un poco m\u00e1s abajo en el art\u00edculo.<\/p>\n<div id=\"attachment_62127\" style=\"width: 1810px\" class=\"wp-caption alignnone\"><img decoding=\"async\" aria-describedby=\"caption-attachment-62127\" class=\"size-full wp-image-62127\" src=\"https:\/\/decouvrirensemble.com\/wp-content\/uploads\/2025\/10\/asturies-espagne-plage-de-andrin.jpg\" alt=\"asturies espagne\" width=\"1800\" height=\"1200\" srcset=\"https:\/\/decouvrirensemble.com\/wp-content\/uploads\/2025\/10\/asturies-espagne-plage-de-andrin.jpg 1800w, https:\/\/decouvrirensemble.com\/wp-content\/uploads\/2025\/10\/asturies-espagne-plage-de-andrin-300x200.jpg 300w, https:\/\/decouvrirensemble.com\/wp-content\/uploads\/2025\/10\/asturies-espagne-plage-de-andrin-1024x683.jpg 1024w, https:\/\/decouvrirensemble.com\/wp-content\/uploads\/2025\/10\/asturies-espagne-plage-de-andrin-768x512.jpg 768w, https:\/\/decouvrirensemble.com\/wp-content\/uploads\/2025\/10\/asturies-espagne-plage-de-andrin-1536x1024.jpg 1536w, https:\/\/decouvrirensemble.com\/wp-content\/uploads\/2025\/10\/asturies-espagne-plage-de-andrin-600x400.jpg 600w\" sizes=\"(max-width: 1800px) 100vw, 1800px\" \/><p id=\"caption-attachment-62127\" class=\"wp-caption-text\">Playa de Andr\u00edn<\/p><\/div>\n<img decoding=\"async\" class=\"alignnone size-full wp-image-62159\" src=\"https:\/\/decouvrirensemble.com\/wp-content\/uploads\/2025\/10\/plage-de-andrin.jpg\" alt=\"Plage de Andr\u00edn\" width=\"1800\" height=\"1200\" srcset=\"https:\/\/decouvrirensemble.com\/wp-content\/uploads\/2025\/10\/plage-de-andrin.jpg 1800w, https:\/\/decouvrirensemble.com\/wp-content\/uploads\/2025\/10\/plage-de-andrin-300x200.jpg 300w, https:\/\/decouvrirensemble.com\/wp-content\/uploads\/2025\/10\/plage-de-andrin-1024x683.jpg 1024w, https:\/\/decouvrirensemble.com\/wp-content\/uploads\/2025\/10\/plage-de-andrin-768x512.jpg 768w, https:\/\/decouvrirensemble.com\/wp-content\/uploads\/2025\/10\/plage-de-andrin-1536x1024.jpg 1536w, https:\/\/decouvrirensemble.com\/wp-content\/uploads\/2025\/10\/plage-de-andrin-600x400.jpg 600w\" sizes=\"(max-width: 1800px) 100vw, 1800px\" \/>\n<h2><span class=\"ez-toc-section\" id=\"Dia_2_Visita_a_Lastres_y_Gijon\"><\/span>D\u00eda 2: Visita a Lastres y Gij\u00f3n<span class=\"ez-toc-section-end\"><\/span><\/h2>\n<h3><span class=\"ez-toc-section\" id=\"Anclas\"><\/span>Anclas<span class=\"ez-toc-section-end\"><\/span><\/h3>\n<p>Comenzamos nuestro segundo d\u00eda en Asturias, Espa\u00f1a, descubriendo uno de los \u00ab<strong>Pueblos m\u00e1s bonitos de Espa\u00f1a<\/strong>\u00bb. <strong>Lastres<\/strong> es un laberinto de callejuelas empinadas, peque\u00f1as plazas pintorescas y casas de piedra con balcones llenos de flores.<\/p>\n<p>Lastres es, ante todo, un pueblo de pescadores. Aqu\u00ed uno se toma su tiempo para disfrutar de la vida, observa c\u00f3mo los barcos regresan al puerto y degusta deliciosos platos t\u00edpicos de Asturias.<\/p>\n<p>Si buscas un pueblecito con encanto, digno de las postales m\u00e1s bonitas, \u00a1Lastres te encantar\u00e1! Durante tu visita al pueblo, no te pierdas el <a href=\"https:\/\/maps.app.goo.gl\/m86eviHJfPP4gKhY8\" target=\"_blank\" rel=\"noopener\">Mirador de San Roque<\/a>, que ofrece una de las vistas m\u00e1s bonitas del pueblo.<\/p>\n<div id=\"attachment_59074\" style=\"width: 1810px\" class=\"wp-caption alignnone\"><img decoding=\"async\" aria-describedby=\"caption-attachment-59074\" class=\"size-full wp-image-59074\" src=\"https:\/\/decouvrirensemble.com\/wp-content\/uploads\/2025\/03\/Lastres.jpg\" alt=\"Lastres\" width=\"1800\" height=\"1200\" srcset=\"https:\/\/decouvrirensemble.com\/wp-content\/uploads\/2025\/03\/Lastres.jpg 1800w, https:\/\/decouvrirensemble.com\/wp-content\/uploads\/2025\/03\/Lastres-300x200.jpg 300w, https:\/\/decouvrirensemble.com\/wp-content\/uploads\/2025\/03\/Lastres-1024x683.jpg 1024w, https:\/\/decouvrirensemble.com\/wp-content\/uploads\/2025\/03\/Lastres-768x512.jpg 768w, https:\/\/decouvrirensemble.com\/wp-content\/uploads\/2025\/03\/Lastres-1536x1024.jpg 1536w, https:\/\/decouvrirensemble.com\/wp-content\/uploads\/2025\/03\/Lastres-600x400.jpg 600w\" sizes=\"(max-width: 1800px) 100vw, 1800px\" \/><p id=\"caption-attachment-59074\" class=\"wp-caption-text\">Anclas<\/p><\/div>\n<img decoding=\"async\" class=\"alignnone size-full wp-image-62143\" src=\"https:\/\/decouvrirensemble.com\/wp-content\/uploads\/2025\/10\/lastres-asturies-espagne.jpg\" alt=\"Lastres\" width=\"1800\" height=\"1200\" srcset=\"https:\/\/decouvrirensemble.com\/wp-content\/uploads\/2025\/10\/lastres-asturies-espagne.jpg 1800w, https:\/\/decouvrirensemble.com\/wp-content\/uploads\/2025\/10\/lastres-asturies-espagne-300x200.jpg 300w, https:\/\/decouvrirensemble.com\/wp-content\/uploads\/2025\/10\/lastres-asturies-espagne-1024x683.jpg 1024w, https:\/\/decouvrirensemble.com\/wp-content\/uploads\/2025\/10\/lastres-asturies-espagne-768x512.jpg 768w, https:\/\/decouvrirensemble.com\/wp-content\/uploads\/2025\/10\/lastres-asturies-espagne-1536x1024.jpg 1536w, https:\/\/decouvrirensemble.com\/wp-content\/uploads\/2025\/10\/lastres-asturies-espagne-600x400.jpg 600w\" sizes=\"(max-width: 1800px) 100vw, 1800px\" \/>\n<h3><span class=\"ez-toc-section\" id=\"Gijon\"><\/span>Gij\u00f3n<span class=\"ez-toc-section-end\"><\/span><\/h3>\n<p>Gij\u00f3n es el aliento atl\u00e1ntico de Asturias: una animada ciudad costera donde se pasa del casco antiguo de <strong>Cimavilla<\/strong> a la gran <strong>Playa de San Lorenzo<\/strong>, entre el surf, el paseo mar\u00edtimo y las animadas sidrer\u00edas.<\/p>\n<p>Nos encanta pasear por el <strong>puerto deportivo<\/strong>, subir hasta el <strong>Elogio del Horizonte<\/strong> para disfrutar de las vistas al mar y luego perdernos por las coloridas callejuelas en busca de arte callejero y lugares interesantes. Urbana pero acogedora, Gij\u00f3n combina cultura, costa y buen vivir. Te recomendamos nuestra gu\u00eda especializada si quieres descubrir <a href=\"https:\/\/decouvrirensemble.com\/es\/que-ver-en-gijon\">nuestros lugares favoritos en Gij\u00f3n<\/a>.<\/p>\n<p>[gijon]<\/p>\n<div id=\"attachment_62139\" style=\"width: 1810px\" class=\"wp-caption alignnone\"><img decoding=\"async\" aria-describedby=\"caption-attachment-62139\" class=\"size-full wp-image-62139\" src=\"https:\/\/decouvrirensemble.com\/wp-content\/uploads\/2025\/10\/gijon-espagne-asturies.jpg\" alt=\"Gij\u00f3n\" width=\"1800\" height=\"1200\" srcset=\"https:\/\/decouvrirensemble.com\/wp-content\/uploads\/2025\/10\/gijon-espagne-asturies.jpg 1800w, https:\/\/decouvrirensemble.com\/wp-content\/uploads\/2025\/10\/gijon-espagne-asturies-300x200.jpg 300w, https:\/\/decouvrirensemble.com\/wp-content\/uploads\/2025\/10\/gijon-espagne-asturies-1024x683.jpg 1024w, https:\/\/decouvrirensemble.com\/wp-content\/uploads\/2025\/10\/gijon-espagne-asturies-768x512.jpg 768w, https:\/\/decouvrirensemble.com\/wp-content\/uploads\/2025\/10\/gijon-espagne-asturies-1536x1024.jpg 1536w, https:\/\/decouvrirensemble.com\/wp-content\/uploads\/2025\/10\/gijon-espagne-asturies-600x400.jpg 600w\" sizes=\"(max-width: 1800px) 100vw, 1800px\" \/><p id=\"caption-attachment-62139\" class=\"wp-caption-text\">Gij\u00f3n<\/p><\/div>\n<img decoding=\"async\" class=\"alignnone size-full wp-image-62141\" src=\"https:\/\/decouvrirensemble.com\/wp-content\/uploads\/2025\/10\/gijon.jpg\" alt=\"Gij\u00f3n\" width=\"1800\" height=\"1200\" srcset=\"https:\/\/decouvrirensemble.com\/wp-content\/uploads\/2025\/10\/gijon.jpg 1800w, https:\/\/decouvrirensemble.com\/wp-content\/uploads\/2025\/10\/gijon-300x200.jpg 300w, https:\/\/decouvrirensemble.com\/wp-content\/uploads\/2025\/10\/gijon-1024x683.jpg 1024w, https:\/\/decouvrirensemble.com\/wp-content\/uploads\/2025\/10\/gijon-768x512.jpg 768w, https:\/\/decouvrirensemble.com\/wp-content\/uploads\/2025\/10\/gijon-1536x1024.jpg 1536w, https:\/\/decouvrirensemble.com\/wp-content\/uploads\/2025\/10\/gijon-600x400.jpg 600w\" sizes=\"(max-width: 1800px) 100vw, 1800px\" \/>\n<h2><span class=\"ez-toc-section\" id=\"Dia_3_Visita_a_Oviedo_y_Aviles\"><\/span>D\u00eda 3: Visita a Oviedo y Avil\u00e9s<span class=\"ez-toc-section-end\"><\/span><\/h2>\n<h3><span class=\"ez-toc-section\" id=\"Oviedo_y_Aviles\"><\/span>Oviedo y Avil\u00e9s<span class=\"ez-toc-section-end\"><\/span><\/h3>\n<p>Oviedo, capital de Asturias, nos cautiv\u00f3 con su casco antiguo peatonal en torno a la <strong>catedral de San Salvador<\/strong>, sus <strong>plazuelas con arcadas<\/strong>, sus <strong>esculturas<\/strong> repartidas por las calles y el pulm\u00f3n verde del <strong>parque del Campo de San Francisco<\/strong>.<\/p>\n<p>Nos encanta degustar la gastronom\u00eda local en las sidrer\u00edas, pasear entre fachadas de colores y museos: una escapada urbana perfecta entre dos calas salvajes. Si quieres explorar la ciudad, te recomendamos <a href=\"https:\/\/www.turismoasturias.es\/fr\/-\/blogs\/las-10-mejores-cosas-que-ver-y-hacer-en-oviedo\" target=\"_blank\" rel=\"noopener\">la gu\u00eda pr\u00e1ctica de la oficina de turismo<\/a>.<\/p>\n<p>Por su parte, Avil\u00e9s combina un <strong>casco antiguo bien conservado<\/strong> con la modernidad del <strong>Centro Niemeyer<\/strong>, situado a orillas del estuario: ideal para una parada cultural con tapas antes de retomar el camino.<\/p>\n<img decoding=\"async\" class=\"alignnone size-full wp-image-62157\" src=\"https:\/\/decouvrirensemble.com\/wp-content\/uploads\/2025\/10\/oviedo.jpg\" alt=\"Oviedo\" width=\"1800\" height=\"1200\" srcset=\"https:\/\/decouvrirensemble.com\/wp-content\/uploads\/2025\/10\/oviedo.jpg 1800w, https:\/\/decouvrirensemble.com\/wp-content\/uploads\/2025\/10\/oviedo-300x200.jpg 300w, https:\/\/decouvrirensemble.com\/wp-content\/uploads\/2025\/10\/oviedo-1024x683.jpg 1024w, https:\/\/decouvrirensemble.com\/wp-content\/uploads\/2025\/10\/oviedo-768x512.jpg 768w, https:\/\/decouvrirensemble.com\/wp-content\/uploads\/2025\/10\/oviedo-1536x1024.jpg 1536w, https:\/\/decouvrirensemble.com\/wp-content\/uploads\/2025\/10\/oviedo-600x400.jpg 600w\" sizes=\"(max-width: 1800px) 100vw, 1800px\" \/>\n<h2><span class=\"ez-toc-section\" id=\"Dia_4_Visita_a_Cudillero_y_a_la_playa_del_Silencio\"><\/span>D\u00eda 4: Visita a Cudillero y a la playa del Silencio<span class=\"ez-toc-section-end\"><\/span><\/h2>\n<h3><span class=\"ez-toc-section\" id=\"Cudillero\"><\/span>Cudillero<span class=\"ez-toc-section-end\"><\/span><\/h3>\n<p>Si buscas un pueblo pesquero lleno de encanto, donde las casas de colores parecen apilarse en una colina frente al mar, \u00a1entonces <strong>Cudillero<\/strong> es el lugar ideal para ti!<\/p>\n<p>Esta joya de Asturias suele considerarse el pueblo costero m\u00e1s bonito de la regi\u00f3n. Situado a 40 minutos del centro de Gij\u00f3n, este peque\u00f1o pueblo es una visita obligada en Asturias.<\/p>\n<div id=\"attachment_62147\" style=\"width: 1810px\" class=\"wp-caption alignnone\"><img decoding=\"async\" aria-describedby=\"caption-attachment-62147\" class=\"size-full wp-image-62147\" src=\"https:\/\/decouvrirensemble.com\/wp-content\/uploads\/2025\/10\/Les-asturies.jpg\" alt=\"Les asturies\" width=\"1800\" height=\"1200\" srcset=\"https:\/\/decouvrirensemble.com\/wp-content\/uploads\/2025\/10\/Les-asturies.jpg 1800w, https:\/\/decouvrirensemble.com\/wp-content\/uploads\/2025\/10\/Les-asturies-300x200.jpg 300w, https:\/\/decouvrirensemble.com\/wp-content\/uploads\/2025\/10\/Les-asturies-1024x683.jpg 1024w, https:\/\/decouvrirensemble.com\/wp-content\/uploads\/2025\/10\/Les-asturies-768x512.jpg 768w, https:\/\/decouvrirensemble.com\/wp-content\/uploads\/2025\/10\/Les-asturies-1536x1024.jpg 1536w, https:\/\/decouvrirensemble.com\/wp-content\/uploads\/2025\/10\/Les-asturies-600x400.jpg 600w\" sizes=\"(max-width: 1800px) 100vw, 1800px\" \/><p id=\"caption-attachment-62147\" class=\"wp-caption-text\">Cudillero<\/p><\/div>\n<img decoding=\"async\" class=\"alignnone size-full wp-image-62133\" src=\"https:\/\/decouvrirensemble.com\/wp-content\/uploads\/2025\/10\/cudillero-asturies.jpg\" alt=\"Cudillero\" width=\"1800\" height=\"1200\" srcset=\"https:\/\/decouvrirensemble.com\/wp-content\/uploads\/2025\/10\/cudillero-asturies.jpg 1800w, https:\/\/decouvrirensemble.com\/wp-content\/uploads\/2025\/10\/cudillero-asturies-300x200.jpg 300w, https:\/\/decouvrirensemble.com\/wp-content\/uploads\/2025\/10\/cudillero-asturies-1024x683.jpg 1024w, https:\/\/decouvrirensemble.com\/wp-content\/uploads\/2025\/10\/cudillero-asturies-768x512.jpg 768w, https:\/\/decouvrirensemble.com\/wp-content\/uploads\/2025\/10\/cudillero-asturies-1536x1024.jpg 1536w, https:\/\/decouvrirensemble.com\/wp-content\/uploads\/2025\/10\/cudillero-asturies-600x400.jpg 600w\" sizes=\"(max-width: 1800px) 100vw, 1800px\" \/>\n<h3><span class=\"ez-toc-section\" id=\"La_Plage_de_Silencio\"><\/span>La Plage de Silencio<span class=\"ez-toc-section-end\"><\/span><\/h3>\n<p><b>La playa de Silencio <\/b>es una aut\u00e9ntica joya de Asturias. All\u00ed encontrar\u00e1s una cala en forma de arco, rodeada de acantilados escarpados y con aguas turquesas casi en calma cuando amaina el viento. Pasamos all\u00ed <strong>la tarde<\/strong>, despu\u00e9s de un <strong>picnic en la playa de guijarros, <\/strong>un momento sencillo y perfecto.<\/p>\n<p>Se accede por un sendero (lleva calzado adecuado) y no hay <strong>ning\u00fan servicio<\/strong> en el lugar: ll\u00e9vate agua y algo para recoger tus residuos. \u00a1Al atardecer, la luz dorada sobre las rocas es m\u00e1gica!<\/p>\n<div id=\"attachment_62161\" style=\"width: 1810px\" class=\"wp-caption alignnone\"><img decoding=\"async\" aria-describedby=\"caption-attachment-62161\" class=\"size-full wp-image-62161\" src=\"https:\/\/decouvrirensemble.com\/wp-content\/uploads\/2025\/10\/Plage-de-Silencio.jpg\" alt=\"Plage de Silencio\" width=\"1800\" height=\"1200\" srcset=\"https:\/\/decouvrirensemble.com\/wp-content\/uploads\/2025\/10\/Plage-de-Silencio.jpg 1800w, https:\/\/decouvrirensemble.com\/wp-content\/uploads\/2025\/10\/Plage-de-Silencio-300x200.jpg 300w, https:\/\/decouvrirensemble.com\/wp-content\/uploads\/2025\/10\/Plage-de-Silencio-1024x683.jpg 1024w, https:\/\/decouvrirensemble.com\/wp-content\/uploads\/2025\/10\/Plage-de-Silencio-768x512.jpg 768w, https:\/\/decouvrirensemble.com\/wp-content\/uploads\/2025\/10\/Plage-de-Silencio-1536x1024.jpg 1536w, https:\/\/decouvrirensemble.com\/wp-content\/uploads\/2025\/10\/Plage-de-Silencio-600x400.jpg 600w\" sizes=\"(max-width: 1800px) 100vw, 1800px\" \/><p id=\"caption-attachment-62161\" class=\"wp-caption-text\">Plage de Silencio<\/p><\/div>\n<img decoding=\"async\" class=\"alignnone size-full wp-image-62163\" src=\"https:\/\/decouvrirensemble.com\/wp-content\/uploads\/2025\/10\/Silence-beach-cudillero.jpg\" alt=\"Silence beach cudillero\" width=\"1800\" height=\"1200\" srcset=\"https:\/\/decouvrirensemble.com\/wp-content\/uploads\/2025\/10\/Silence-beach-cudillero.jpg 1800w, https:\/\/decouvrirensemble.com\/wp-content\/uploads\/2025\/10\/Silence-beach-cudillero-300x200.jpg 300w, https:\/\/decouvrirensemble.com\/wp-content\/uploads\/2025\/10\/Silence-beach-cudillero-1024x683.jpg 1024w, https:\/\/decouvrirensemble.com\/wp-content\/uploads\/2025\/10\/Silence-beach-cudillero-768x512.jpg 768w, https:\/\/decouvrirensemble.com\/wp-content\/uploads\/2025\/10\/Silence-beach-cudillero-1536x1024.jpg 1536w, https:\/\/decouvrirensemble.com\/wp-content\/uploads\/2025\/10\/Silence-beach-cudillero-600x400.jpg 600w\" sizes=\"(max-width: 1800px) 100vw, 1800px\" \/>\n<h2><span class=\"ez-toc-section\" id=\"Extra_Los_lagos_de_Covadonga\"><\/span>Extra: Los lagos de Covadonga<span class=\"ez-toc-section-end\"><\/span><\/h2>\n<p><strong>Los lagos de Covadonga<\/strong> son una visita imprescindible en Asturias. Si tienes pensado pasar algo m\u00e1s de tiempo en Asturias, te recomendamos la ruta circular de los lagos Ercina y Enol, de unos 6 kil\u00f3metros.<\/p>\n<p>Ya ver\u00e1s, el sendero no es muy dif\u00edcil. \u00a1Calcula entre dos y tres horas para completar el recorrido!<\/p>\n<p>[covadonga]<\/p>\n<div id=\"attachment_59113\" style=\"width: 1810px\" class=\"wp-caption alignnone\"><img decoding=\"async\" aria-describedby=\"caption-attachment-59113\" class=\"size-full wp-image-59113\" src=\"https:\/\/decouvrirensemble.com\/wp-content\/uploads\/2025\/03\/lacs-de-Covadonga.jpg\" alt=\"Lacs de Covadonga\" width=\"1800\" height=\"1200\" srcset=\"https:\/\/decouvrirensemble.com\/wp-content\/uploads\/2025\/03\/lacs-de-Covadonga.jpg 1800w, https:\/\/decouvrirensemble.com\/wp-content\/uploads\/2025\/03\/lacs-de-Covadonga-300x200.jpg 300w, https:\/\/decouvrirensemble.com\/wp-content\/uploads\/2025\/03\/lacs-de-Covadonga-1024x683.jpg 1024w, https:\/\/decouvrirensemble.com\/wp-content\/uploads\/2025\/03\/lacs-de-Covadonga-768x512.jpg 768w, https:\/\/decouvrirensemble.com\/wp-content\/uploads\/2025\/03\/lacs-de-Covadonga-1536x1024.jpg 1536w, https:\/\/decouvrirensemble.com\/wp-content\/uploads\/2025\/03\/lacs-de-Covadonga-600x400.jpg 600w\" sizes=\"(max-width: 1800px) 100vw, 1800px\" \/><p id=\"caption-attachment-59113\" class=\"wp-caption-text\">Lagos de Covadonga<\/p><\/div>\n<h2 id=\"ou-manger\"><span class=\"ez-toc-section\" id=\"%C2%BFDonde_comer_en_Asturias_Nuestras_mejores_recomendaciones\"><\/span>\u00bfD\u00f3nde comer en Asturias? Nuestras mejores recomendaciones<span class=\"ez-toc-section-end\"><\/span><\/h2>\n<ul>\n<li><a href=\"https:\/\/maps.app.goo.gl\/JRV9BFubMrr7KErH6\" target=\"_blank\" rel=\"noopener\">Restaurante La Rebotica<\/a> (Llanes): un restaurante delicioso en Llanes. \u00a1Las hamburguesas con queso asturiano nos encantaron!<\/li>\n<li><a href=\"https:\/\/maps.app.goo.gl\/S3QeS15jrjaMSGRVA\" target=\"_blank\" rel=\"noopener\">Asturiano La Galana<\/a> (Gij\u00f3n): un restaurante t\u00edpico asturiano situado en la Plaza Mayor de Gij\u00f3n. \u00a1Nos ha encantado este sitio, os lo recomendamos sin dudarlo!<\/li>\n<li><a href=\"https:\/\/maps.app.goo.gl\/U47LsZnNh3nKwxHD8\" target=\"_blank\" rel=\"noopener\">RawCoco Green Bar<\/a> (Gij\u00f3n): un restaurante de brunch como a nosotros nos gusta. \u00a1Las gofres est\u00e1n para chuparse los dedos!<\/li>\n<li><a href=\"https:\/\/maps.app.goo.gl\/GEXGVSboqSGgmFSdA\" target=\"_blank\" rel=\"noopener\">Ramon\u00e9 Taberna<\/a> (San Esteban): una taberna t\u00edpica de Asturias. Las tapas estaban deliciosas; os la recomendamos si os aloj\u00e1is en San Esteban.<\/li>\n<\/ul>\n<img decoding=\"async\" src=\"https:\/\/decouvrirensemble.com\/wp-content\/uploads\/2025\/03\/restaurants-gijon.jpg\" alt=\"restaurants gijon\">\n<img decoding=\"async\" class=\"alignnone size-full wp-image-62155\" src=\"https:\/\/decouvrirensemble.com\/wp-content\/uploads\/2025\/10\/ou-manger-asturies.jpg\" alt=\"o\u00f9 manger Asturies\" width=\"1800\" height=\"1200\" srcset=\"https:\/\/decouvrirensemble.com\/wp-content\/uploads\/2025\/10\/ou-manger-asturies.jpg 1800w, https:\/\/decouvrirensemble.com\/wp-content\/uploads\/2025\/10\/ou-manger-asturies-300x200.jpg 300w, https:\/\/decouvrirensemble.com\/wp-content\/uploads\/2025\/10\/ou-manger-asturies-1024x683.jpg 1024w, https:\/\/decouvrirensemble.com\/wp-content\/uploads\/2025\/10\/ou-manger-asturies-768x512.jpg 768w, https:\/\/decouvrirensemble.com\/wp-content\/uploads\/2025\/10\/ou-manger-asturies-1536x1024.jpg 1536w, https:\/\/decouvrirensemble.com\/wp-content\/uploads\/2025\/10\/ou-manger-asturies-600x400.jpg 600w\" sizes=\"(max-width: 1800px) 100vw, 1800px\" \/>\n<h2 id=\"ou-dormir\"><span class=\"ez-toc-section\" id=\"%C2%BFDonde_dormir_en_Asturias_Nuestras_mejores_recomendaciones\"><\/span>\u00bfD\u00f3nde dormir en Asturias? Nuestras mejores recomendaciones<span class=\"ez-toc-section-end\"><\/span><\/h2>\n<p>Durante nuestro viaje a Asturias, probamos varios alojamientos. Estos son nuestros tres favoritos<\/p>\n<ul>\n<li><a href=\"https:\/\/lacasonadeamandi.com\/casa-indiana-en-asturias\/\" target=\"_blank\" rel=\"noopener\">La Casona de Amandi<\/a>: Una magn\u00edfica casa de hu\u00e9spedes situada en Villaviciosa. La decoraci\u00f3n del lugar es incre\u00edble y el desayuno es para chuparse los dedos (ver foto m\u00e1s abajo). Os recomendamos este sitio sin dudarlo.<\/li>\n<li><a href=\"https:\/\/www.booking.com\/hotel\/es\/gran-brillante-asturias1.fr.html?aid=1286053\" target=\"_blank\" rel=\"noopener\">Gran Hotel Brillante<\/a>: Un hotel con un dise\u00f1o muy cuidado y bastante bien situado para descubrir Cudillero. El desayuno tambi\u00e9n es de excelente calidad.<\/li>\n<li><a href=\"https:\/\/www.booking.com\/hotel\/es\/numa-boutique.fr.html?aid=1286053\" target=\"_blank\" rel=\"noopener\">Munna Hotel Boutique<\/a>: un hotel que nos encant\u00f3 en Gij\u00f3n. No lo dud\u00e9is y reservad all\u00ed.<\/li>\n<\/ul>\n<img decoding=\"async\" class=\"alignnone size-full wp-image-62153\" src=\"https:\/\/decouvrirensemble.com\/wp-content\/uploads\/2025\/10\/ou-dormir-asturies.jpg\" alt=\"o\u00f9 dormir asturies\" width=\"1800\" height=\"1200\" srcset=\"https:\/\/decouvrirensemble.com\/wp-content\/uploads\/2025\/10\/ou-dormir-asturies.jpg 1800w, https:\/\/decouvrirensemble.com\/wp-content\/uploads\/2025\/10\/ou-dormir-asturies-300x200.jpg 300w, https:\/\/decouvrirensemble.com\/wp-content\/uploads\/2025\/10\/ou-dormir-asturies-1024x683.jpg 1024w, https:\/\/decouvrirensemble.com\/wp-content\/uploads\/2025\/10\/ou-dormir-asturies-768x512.jpg 768w, https:\/\/decouvrirensemble.com\/wp-content\/uploads\/2025\/10\/ou-dormir-asturies-1536x1024.jpg 1536w, https:\/\/decouvrirensemble.com\/wp-content\/uploads\/2025\/10\/ou-dormir-asturies-600x400.jpg 600w\" sizes=\"(max-width: 1800px) 100vw, 1800px\" \/>\n<h2 id=\"infos-pratiques\"><span class=\"ez-toc-section\" id=\"Informacion_practica_para_descubrir_Asturias_en_Espana\"><\/span>Informaci\u00f3n pr\u00e1ctica para descubrir Asturias en Espa\u00f1a<span class=\"ez-toc-section-end\"><\/span><\/h2>\n<h3><span class=\"ez-toc-section\" id=\"%C2%BFCual_es_la_mejor_epoca_para_visitar_Asturias\"><\/span>\u00bfCu\u00e1l es la mejor \u00e9poca para visitar Asturias?<span class=\"ez-toc-section-end\"><\/span><\/h3>\n<p>Viajamos <strong>a finales de septiembre a Asturias<\/strong> y, en nuestra opini\u00f3n, es <strong>ideal<\/strong>: el clima sigue siendo suave, el agua est\u00e1 a una temperatura agradable, hay mucha menos gente que en pleno verano, los precios son m\u00e1s asequibles y la luz es perfecta para hacer fotos. Junio y principios de octubre tambi\u00e9n son excelentes opciones.<\/p>\n<h3 id=\"venir-asturies\"><span class=\"ez-toc-section\" id=\"%C2%BFComo_llegar_a_Asturias\"><\/span>\u00bfC\u00f3mo llegar a Asturias?<span class=\"ez-toc-section-end\"><\/span><\/h3>\n<h4><span class=\"ez-toc-section\" id=\"Desde_Paris\"><\/span>Desde Par\u00eds<span class=\"ez-toc-section-end\"><\/span><\/h4>\n<p>La forma m\u00e1s f\u00e1cil de llegar desde Par\u00eds es en avi\u00f3n. El vuelo Par\u00eds-Orly \/ Oviedo-Asturias dura unas dos horas y media.<\/p>\n<h4><span class=\"ez-toc-section\" id=\"Desde_Barcelona\"><\/span>Desde Barcelona<span class=\"ez-toc-section-end\"><\/span><\/h4>\n<ul>\n<li><strong>Vuelo directo<\/strong> a <strong>Oviedo (OVD)<\/strong> (frecuencias variables seg\u00fan la temporada).<\/li>\n<li><strong>Tren<\/strong>: hay conexiones posibles v\u00eda Le\u00f3n\/Oviedo (el trayecto es m\u00e1s largo, pero resulta pr\u00e1ctico si lo combinas con una estancia en <a href=\"https:\/\/decouvrirensemble.com\/es\/que-hacer-en-sitges\">Catalu\u00f1a<\/a>).<\/li>\n<\/ul>\n<p>[barcelone]<\/p>\n<h4><span class=\"ez-toc-section\" id=\"Desde_Madrid\"><\/span>Desde Madrid<span class=\"ez-toc-section-end\"><\/span><\/h4>\n<ul>\n<li><strong>Tren de alta velocidad (AVE\/ALVIA)<\/strong> hacia <strong>Oviedo\/Gij\u00f3n<\/strong> (un trayecto r\u00e1pido y muy agradable a trav\u00e9s de la Cordillera Cant\u00e1brica).<\/li>\n<li><strong>Vuelo nacional<\/strong> Madrid \u2192 <strong>OVD<\/strong> (aproximadamente 1 h).<\/li>\n<\/ul>\n<p>Consejo sobre la mejor \u00e9poca: finales de septiembre es el momento ideal: clima agradable, menos gente y precios m\u00e1s asequibles.<\/p>\n<p>[madrid]<\/p>\n<img decoding=\"async\" class=\"alignnone size-full wp-image-62129\" src=\"https:\/\/decouvrirensemble.com\/wp-content\/uploads\/2025\/10\/asturies-espagne.jpg\" alt=\"asturies espagne\" width=\"1800\" height=\"1200\" srcset=\"https:\/\/decouvrirensemble.com\/wp-content\/uploads\/2025\/10\/asturies-espagne.jpg 1800w, https:\/\/decouvrirensemble.com\/wp-content\/uploads\/2025\/10\/asturies-espagne-300x200.jpg 300w, https:\/\/decouvrirensemble.com\/wp-content\/uploads\/2025\/10\/asturies-espagne-1024x683.jpg 1024w, https:\/\/decouvrirensemble.com\/wp-content\/uploads\/2025\/10\/asturies-espagne-768x512.jpg 768w, https:\/\/decouvrirensemble.com\/wp-content\/uploads\/2025\/10\/asturies-espagne-1536x1024.jpg 1536w, https:\/\/decouvrirensemble.com\/wp-content\/uploads\/2025\/10\/asturies-espagne-600x400.jpg 600w\" sizes=\"(max-width: 1800px) 100vw, 1800px\" \/>\n<h3><span class=\"ez-toc-section\" id=\"%C2%BFComo_se_alquila_un_vehiculo_alli\"><\/span>\u00bfC\u00f3mo se alquila un veh\u00edculo all\u00ed?<span class=\"ez-toc-section-end\"><\/span><\/h3>\n<p>Si quieres descubrir los tesoros que ofrecen las Asturias, te recomendamos encarecidamente que alquiles un coche nada m\u00e1s llegar al aeropuerto de Oviedo. Nosotros solemos utilizar <a href=\"https:\/\/www.sunnycars.fr\/location-de-voiture\/oviedo\/\" target=\"_blank\" rel=\"noopener\">Sunny Cars<\/a> para nuestras reservas de veh\u00edculos y es una plataforma que te recomendamos sin dudarlo.<\/p>\n<p>Adem\u00e1s de ofrecerte los mejores precios para tu alquiler, Sunny Cars solo propone paquetes \u00abtodo incluido\u00bb con cobertura total y sin franquicia. \u00a1Esto te garantiza una transparencia total sobre el precio que pagas! En resumen, con ellos se acabaron los gastos ocultos al recoger el veh\u00edculo.<\/p>\n    <div class=\"niceButton\"><a href=\"https:\/\/www.sunnycars.fr\/location-de-voiture\/oviedo\/\" target=\"_blank\" class=\"emojiLink\">\n                    <span class=\"emojiLink__emoji\">\ud83d\ude97<\/span>\n                <span class=\"emojiLink__title title title--big\">Ver ofertas para Asturias<\/span>\n    <\/a><\/div>\n\n    \n<img decoding=\"async\" class=\"alignnone size-full wp-image-62165\" src=\"https:\/\/decouvrirensemble.com\/wp-content\/uploads\/2025\/10\/sunny-cars-asturies.jpg\" alt=\"sunny cars\" width=\"1800\" height=\"1200\" srcset=\"https:\/\/decouvrirensemble.com\/wp-content\/uploads\/2025\/10\/sunny-cars-asturies.jpg 1800w, https:\/\/decouvrirensemble.com\/wp-content\/uploads\/2025\/10\/sunny-cars-asturies-300x200.jpg 300w, https:\/\/decouvrirensemble.com\/wp-content\/uploads\/2025\/10\/sunny-cars-asturies-1024x683.jpg 1024w, https:\/\/decouvrirensemble.com\/wp-content\/uploads\/2025\/10\/sunny-cars-asturies-768x512.jpg 768w, https:\/\/decouvrirensemble.com\/wp-content\/uploads\/2025\/10\/sunny-cars-asturies-1536x1024.jpg 1536w, https:\/\/decouvrirensemble.com\/wp-content\/uploads\/2025\/10\/sunny-cars-asturies-600x400.jpg 600w\" sizes=\"(max-width: 1800px) 100vw, 1800px\" \/>\n<h3><span class=\"ez-toc-section\" id=\"%C2%BFCual_es_el_lugar_mas_bonito_de_Asturias_en_Espana\"><\/span>\u00bfCu\u00e1l es el lugar m\u00e1s bonito de Asturias, en Espa\u00f1a?<span class=\"ez-toc-section-end\"><\/span><\/h3>\n<p>Para nosotros, hay dos playas que destacan claramente sobre el resto:<\/p>\n<ul>\n<li><strong>Playa de Andrin<\/strong>: \u00a1una playa digna de los mejores escenarios cinematogr\u00e1ficos! No te la puedes perder durante tu visita a Asturias.<\/li>\n<li><strong>Playa del Silencio<\/strong>: una bah\u00eda espectacular rodeada de acantilados escarpados, m\u00e1gica a cualquier hora del d\u00eda. Te recomendamos que hagas un p\u00edcnic all\u00ed si tienes ocasi\u00f3n; ver\u00e1s que es m\u00e1gico.<\/li>\n<\/ul>\n<img decoding=\"async\" class=\"alignnone size-full wp-image-62123\" src=\"https:\/\/decouvrirensemble.com\/wp-content\/uploads\/2025\/10\/Asturies-blog-voyage.jpg\" alt=\"Asturies blog voyage\" width=\"1800\" height=\"1200\" srcset=\"https:\/\/decouvrirensemble.com\/wp-content\/uploads\/2025\/10\/Asturies-blog-voyage.jpg 1800w, https:\/\/decouvrirensemble.com\/wp-content\/uploads\/2025\/10\/Asturies-blog-voyage-300x200.jpg 300w, https:\/\/decouvrirensemble.com\/wp-content\/uploads\/2025\/10\/Asturies-blog-voyage-1024x683.jpg 1024w, https:\/\/decouvrirensemble.com\/wp-content\/uploads\/2025\/10\/Asturies-blog-voyage-768x512.jpg 768w, https:\/\/decouvrirensemble.com\/wp-content\/uploads\/2025\/10\/Asturies-blog-voyage-1536x1024.jpg 1536w, https:\/\/decouvrirensemble.com\/wp-content\/uploads\/2025\/10\/Asturies-blog-voyage-600x400.jpg 600w\" sizes=\"(max-width: 1800px) 100vw, 1800px\" \/>\n<h3><span class=\"ez-toc-section\" id=\"%C2%BFCual_es_el_pueblo_mas_bonito_de_Asturias\"><\/span>\u00bfCu\u00e1l es el pueblo m\u00e1s bonito de Asturias?<span class=\"ez-toc-section-end\"><\/span><\/h3>\n<p><strong>Cudillero<\/strong>, sin duda alguna. Un anfiteatro de casas de colores que descienden hacia el peque\u00f1o puerto, callejuelas en forma de escalera y miradores de f\u00e1cil acceso: un aut\u00e9ntico paisaje de postal.<\/p>\n<img decoding=\"async\" class=\"alignnone size-full wp-image-62135\" src=\"https:\/\/decouvrirensemble.com\/wp-content\/uploads\/2025\/10\/cudillero.jpg\" alt=\"Cudillero\" width=\"1800\" height=\"1200\" srcset=\"https:\/\/decouvrirensemble.com\/wp-content\/uploads\/2025\/10\/cudillero.jpg 1800w, https:\/\/decouvrirensemble.com\/wp-content\/uploads\/2025\/10\/cudillero-300x200.jpg 300w, https:\/\/decouvrirensemble.com\/wp-content\/uploads\/2025\/10\/cudillero-1024x683.jpg 1024w, https:\/\/decouvrirensemble.com\/wp-content\/uploads\/2025\/10\/cudillero-768x512.jpg 768w, https:\/\/decouvrirensemble.com\/wp-content\/uploads\/2025\/10\/cudillero-1536x1024.jpg 1536w, https:\/\/decouvrirensemble.com\/wp-content\/uploads\/2025\/10\/cudillero-600x400.jpg 600w\" sizes=\"(max-width: 1800px) 100vw, 1800px\" \/>\n<h3><span class=\"ez-toc-section\" id=\"%C2%BFPor_que_visitar_Asturias_en_Espana\"><\/span>\u00bfPor qu\u00e9 visitar Asturias en Espa\u00f1a?<span class=\"ez-toc-section-end\"><\/span><\/h3>\n<p>Por la <strong>diversidad de sus paisajes<\/strong> (acantilados, praderas, playas v\u00edrgenes, colinas, pueblos costeros) y por sus <strong>tradiciones aut\u00e9nticas<\/strong>: cocina a base de sidra, productos del mar, fiestas locales y una aut\u00e9ntica hospitalidad.<\/p>\n<h3><span class=\"ez-toc-section\" id=\"%C2%BFMerece_la_pena_visitar_Asturias\"><\/span>\u00bfMerece la pena visitar Asturias?<span class=\"ez-toc-section-end\"><\/span><\/h3>\n<p><strong>S\u00ed, mil veces s\u00ed.<\/strong> Una regi\u00f3n f\u00e1cil de recorrer en unos pocos d\u00edas, repleta de vistas impresionantes y llena de lugares sencillos y deliciosos. Si te gusta la naturaleza, la fotograf\u00eda y el ambiente costero, te enamorar\u00e1s de ella&#8230; Como nosotros.<\/p>\n<div id=\"attachment_62131\" style=\"width: 1810px\" class=\"wp-caption alignnone\"><img decoding=\"async\" aria-describedby=\"caption-attachment-62131\" class=\"size-full wp-image-62131\" src=\"https:\/\/decouvrirensemble.com\/wp-content\/uploads\/2025\/10\/asturies-que-faire.jpg\" alt=\"asturies que faire\" width=\"1800\" height=\"1200\" srcset=\"https:\/\/decouvrirensemble.com\/wp-content\/uploads\/2025\/10\/asturies-que-faire.jpg 1800w, https:\/\/decouvrirensemble.com\/wp-content\/uploads\/2025\/10\/asturies-que-faire-300x200.jpg 300w, https:\/\/decouvrirensemble.com\/wp-content\/uploads\/2025\/10\/asturies-que-faire-1024x683.jpg 1024w, https:\/\/decouvrirensemble.com\/wp-content\/uploads\/2025\/10\/asturies-que-faire-768x512.jpg 768w, https:\/\/decouvrirensemble.com\/wp-content\/uploads\/2025\/10\/asturies-que-faire-1536x1024.jpg 1536w, https:\/\/decouvrirensemble.com\/wp-content\/uploads\/2025\/10\/asturies-que-faire-600x400.jpg 600w\" sizes=\"(max-width: 1800px) 100vw, 1800px\" \/><p id=\"caption-attachment-62131\" class=\"wp-caption-text\">\u00a1Que disfrutes de tus vacaciones en Asturias!<\/p><\/div>\n<p>[merci]<\/p>\n\n\n<div class=\"kk-star-ratings kksr-auto kksr-align-left kksr-valign-bottom\"\n    data-payload='{&quot;align&quot;:&quot;left&quot;,&quot;id&quot;:&quot;65624&quot;,&quot;slug&quot;:&quot;default&quot;,&quot;valign&quot;:&quot;bottom&quot;,&quot;ignore&quot;:&quot;&quot;,&quot;reference&quot;:&quot;auto&quot;,&quot;class&quot;:&quot;&quot;,&quot;count&quot;:&quot;0&quot;,&quot;legendonly&quot;:&quot;&quot;,&quot;readonly&quot;:&quot;&quot;,&quot;score&quot;:&quot;0&quot;,&quot;starsonly&quot;:&quot;&quot;,&quot;best&quot;:&quot;5&quot;,&quot;gap&quot;:&quot;4&quot;,&quot;greet&quot;:&quot;Sea el primero en valorar esta entrada de blog.&quot;,&quot;legend&quot;:&quot;0\\\/5 - (0 votos)&quot;,&quot;size&quot;:&quot;21&quot;,&quot;title&quot;:&quot;Qu\u00e9 ver en Asturias: los mejores lugares&quot;,&quot;width&quot;:&quot;0&quot;,&quot;_legend&quot;:&quot;{score}\\\/{best} - ({count} {votes})&quot;,&quot;font_factor&quot;:&quot;1.25&quot;}'>\n            \n<div class=\"kksr-stars\">\n    \n<div class=\"kksr-stars-inactive\">\n            <div class=\"kksr-star\" data-star=\"1\" style=\"padding-right: 4px\">\n            \n\n<div class=\"kksr-icon\" style=\"width: 21px; height: 21px;\"><\/div>\n        <\/div>\n            <div class=\"kksr-star\" data-star=\"2\" style=\"padding-right: 4px\">\n            \n\n<div class=\"kksr-icon\" style=\"width: 21px; height: 21px;\"><\/div>\n        <\/div>\n            <div class=\"kksr-star\" data-star=\"3\" style=\"padding-right: 4px\">\n            \n\n<div class=\"kksr-icon\" style=\"width: 21px; height: 21px;\"><\/div>\n        <\/div>\n            <div class=\"kksr-star\" data-star=\"4\" style=\"padding-right: 4px\">\n            \n\n<div class=\"kksr-icon\" style=\"width: 21px; height: 21px;\"><\/div>\n        <\/div>\n            <div class=\"kksr-star\" data-star=\"5\" style=\"padding-right: 4px\">\n            \n\n<div class=\"kksr-icon\" style=\"width: 21px; height: 21px;\"><\/div>\n        <\/div>\n    <\/div>\n    \n<div class=\"kksr-stars-active\" style=\"width: 0px;\">\n            <div class=\"kksr-star\" style=\"padding-right: 4px\">\n            \n\n<div class=\"kksr-icon\" style=\"width: 21px; height: 21px;\"><\/div>\n        <\/div>\n            <div class=\"kksr-star\" style=\"padding-right: 4px\">\n            \n\n<div class=\"kksr-icon\" style=\"width: 21px; height: 21px;\"><\/div>\n        <\/div>\n            <div class=\"kksr-star\" style=\"padding-right: 4px\">\n            \n\n<div class=\"kksr-icon\" style=\"width: 21px; height: 21px;\"><\/div>\n        <\/div>\n            <div class=\"kksr-star\" style=\"padding-right: 4px\">\n            \n\n<div class=\"kksr-icon\" style=\"width: 21px; height: 21px;\"><\/div>\n        <\/div>\n            <div class=\"kksr-star\" style=\"padding-right: 4px\">\n            \n\n<div class=\"kksr-icon\" style=\"width: 21px; height: 21px;\"><\/div>\n        <\/div>\n    <\/div>\n<\/div>\n                \n\n<div class=\"kksr-legend\" style=\"font-size: 16.8px;\">\n            <span class=\"kksr-muted\">Sea el primero en valorar esta entrada de blog.<\/span>\n    <\/div>\n    <\/div>\n","protected":false},"excerpt":{"rendered":"<p>Entre el oc\u00e9ano, pueblos pintorescos y acantilados vertiginosos, \u00a1te llevamos a explorar Asturias, una de las regiones m\u00e1s bellas de Espa\u00f1a!<\/p>\n","protected":false},"author":1,"featured_media":62146,"comment_status":"open","ping_status":"closed","sticky":false,"template":"","format":"standard","meta":{"_acf_changed":false,"_lmt_disableupdate":"no","_lmt_disable":"no","footnotes":""},"categories":[461,462],"tags":[],"class_list":["post-65624","post","type-post","status-publish","format-standard","has-post-thumbnail","hentry","category-espana","category-guias-de-viajes"],"acf":[],"yoast_head":"<!-- This site is optimized with the Yoast SEO plugin v27.4 - https:\/\/yoast.com\/product\/yoast-seo-wordpress\/ -->\n<title>Qu\u00e9 ver en Asturias: los mejores lugares<\/title>\n<meta name=\"description\" content=\"Descubre nuestra ruta para visitar Asturias, en Espa\u00f1a. \u00bfQu\u00e9 hacer, qu\u00e9 ver? Todos nuestros consejos y recomendaciones en nuestro blog.\" \/>\n<meta name=\"robots\" content=\"index, follow, max-snippet:-1, max-image-preview:large, max-video-preview:-1\" \/>\n<link rel=\"canonical\" href=\"https:\/\/decouvrirensemble.com\/es\/que-ver-en-asturias\" \/>\n<meta property=\"og:locale\" content=\"es_ES\" \/>\n<meta property=\"og:type\" content=\"article\" \/>\n<meta property=\"og:title\" content=\"Qu\u00e9 ver en Asturias: los mejores lugares\" \/>\n<meta property=\"og:description\" content=\"Descubre nuestra ruta para visitar Asturias, en Espa\u00f1a. \u00bfQu\u00e9 hacer, qu\u00e9 ver? Todos nuestros consejos y recomendaciones en nuestro blog.\" \/>\n<meta property=\"og:url\" content=\"https:\/\/decouvrirensemble.com\/es\/que-ver-en-asturias\" \/>\n<meta property=\"og:site_name\" content=\"Blog Voyage - D\u00e9couvrir Ensemble\" \/>\n<meta property=\"article:published_time\" content=\"2025-10-13T20:38:06+00:00\" \/>\n<meta property=\"article:modified_time\" content=\"2026-04-13T10:59:02+00:00\" \/>\n<meta property=\"og:image\" content=\"https:\/\/decouvrirensemble.com\/wp-content\/uploads\/2025\/10\/les-asturies-espagne.jpg\" \/>\n\t<meta property=\"og:image:width\" content=\"1800\" \/>\n\t<meta property=\"og:image:height\" content=\"1200\" \/>\n\t<meta property=\"og:image:type\" content=\"image\/jpeg\" \/>\n<meta name=\"author\" content=\"Cl\u00e9mence &amp; Alexandre\" \/>\n<meta name=\"twitter:card\" content=\"summary_large_image\" \/>\n<meta name=\"twitter:creator\" content=\"@dcouvrirensmble\" \/>\n<meta name=\"twitter:site\" content=\"@dcouvrirensmble\" \/>\n<meta name=\"twitter:label1\" content=\"Escrito por\" \/>\n\t<meta name=\"twitter:data1\" content=\"Cl\u00e9mence &amp; Alexandre\" \/>\n\t<meta name=\"twitter:label2\" content=\"Tiempo de lectura\" \/>\n\t<meta name=\"twitter:data2\" content=\"14 minutos\" \/>\n<script type=\"application\/ld+json\" class=\"yoast-schema-graph\">{\"@context\":\"https:\\\/\\\/schema.org\",\"@graph\":[{\"@type\":\"Article\",\"@id\":\"https:\\\/\\\/decouvrirensemble.com\\\/es\\\/que-ver-en-asturias#article\",\"isPartOf\":{\"@id\":\"https:\\\/\\\/decouvrirensemble.com\\\/es\\\/que-ver-en-asturias\"},\"author\":{\"name\":\"Cl\u00e9mence &amp; Alexandre\",\"@id\":\"https:\\\/\\\/decouvrirensemble.com\\\/es#\\\/schema\\\/person\\\/a53efd44d02eb7f9ab90f96e84a9d2ba\"},\"headline\":\"Qu\u00e9 ver en Asturias: los mejores lugares\",\"datePublished\":\"2025-10-13T20:38:06+00:00\",\"dateModified\":\"2026-04-13T10:59:02+00:00\",\"mainEntityOfPage\":{\"@id\":\"https:\\\/\\\/decouvrirensemble.com\\\/es\\\/que-ver-en-asturias\"},\"wordCount\":1896,\"commentCount\":0,\"publisher\":{\"@id\":\"https:\\\/\\\/decouvrirensemble.com\\\/es#\\\/schema\\\/person\\\/a53efd44d02eb7f9ab90f96e84a9d2ba\"},\"image\":{\"@id\":\"https:\\\/\\\/decouvrirensemble.com\\\/es\\\/que-ver-en-asturias#primaryimage\"},\"thumbnailUrl\":\"https:\\\/\\\/decouvrirensemble.com\\\/wp-content\\\/uploads\\\/2025\\\/10\\\/les-asturies-espagne.jpg\",\"articleSection\":[\"Espa\u00f1a\",\"Gu\u00edas de viajes\"],\"inLanguage\":\"es\",\"potentialAction\":[{\"@type\":\"CommentAction\",\"name\":\"Comment\",\"target\":[\"https:\\\/\\\/decouvrirensemble.com\\\/es\\\/que-ver-en-asturias#respond\"]}]},{\"@type\":\"WebPage\",\"@id\":\"https:\\\/\\\/decouvrirensemble.com\\\/es\\\/que-ver-en-asturias\",\"url\":\"https:\\\/\\\/decouvrirensemble.com\\\/es\\\/que-ver-en-asturias\",\"name\":\"Qu\u00e9 ver en Asturias: los mejores lugares\",\"isPartOf\":{\"@id\":\"https:\\\/\\\/decouvrirensemble.com\\\/es#website\"},\"primaryImageOfPage\":{\"@id\":\"https:\\\/\\\/decouvrirensemble.com\\\/es\\\/que-ver-en-asturias#primaryimage\"},\"image\":{\"@id\":\"https:\\\/\\\/decouvrirensemble.com\\\/es\\\/que-ver-en-asturias#primaryimage\"},\"thumbnailUrl\":\"https:\\\/\\\/decouvrirensemble.com\\\/wp-content\\\/uploads\\\/2025\\\/10\\\/les-asturies-espagne.jpg\",\"datePublished\":\"2025-10-13T20:38:06+00:00\",\"dateModified\":\"2026-04-13T10:59:02+00:00\",\"description\":\"Descubre nuestra ruta para visitar Asturias, en Espa\u00f1a. \u00bfQu\u00e9 hacer, qu\u00e9 ver? Todos nuestros consejos y recomendaciones en nuestro blog.\",\"breadcrumb\":{\"@id\":\"https:\\\/\\\/decouvrirensemble.com\\\/es\\\/que-ver-en-asturias#breadcrumb\"},\"inLanguage\":\"es\",\"potentialAction\":[{\"@type\":\"ReadAction\",\"target\":[\"https:\\\/\\\/decouvrirensemble.com\\\/es\\\/que-ver-en-asturias\"]}]},{\"@type\":\"ImageObject\",\"inLanguage\":\"es\",\"@id\":\"https:\\\/\\\/decouvrirensemble.com\\\/es\\\/que-ver-en-asturias#primaryimage\",\"url\":\"https:\\\/\\\/decouvrirensemble.com\\\/wp-content\\\/uploads\\\/2025\\\/10\\\/les-asturies-espagne.jpg\",\"contentUrl\":\"https:\\\/\\\/decouvrirensemble.com\\\/wp-content\\\/uploads\\\/2025\\\/10\\\/les-asturies-espagne.jpg\",\"width\":1800,\"height\":1200,\"caption\":\"les asturies espagne\"},{\"@type\":\"BreadcrumbList\",\"@id\":\"https:\\\/\\\/decouvrirensemble.com\\\/es\\\/que-ver-en-asturias#breadcrumb\",\"itemListElement\":[{\"@type\":\"ListItem\",\"position\":1,\"name\":\"Accueil\",\"item\":\"https:\\\/\\\/decouvrirensemble.com\\\/es\"},{\"@type\":\"ListItem\",\"position\":2,\"name\":\"Gu\u00edas de viajes\",\"item\":\"https:\\\/\\\/decouvrirensemble.com\\\/es\\\/guias-de-viajes\"},{\"@type\":\"ListItem\",\"position\":3,\"name\":\"Qu\u00e9 ver en Asturias: los mejores lugares\"}]},{\"@type\":\"WebSite\",\"@id\":\"https:\\\/\\\/decouvrirensemble.com\\\/es#website\",\"url\":\"https:\\\/\\\/decouvrirensemble.com\\\/es\",\"name\":\"Blog Voyage - D\u00e9couvrir Ensemble\",\"description\":\"Le Blog Voyage de Clem et Alex\",\"publisher\":{\"@id\":\"https:\\\/\\\/decouvrirensemble.com\\\/es#\\\/schema\\\/person\\\/a53efd44d02eb7f9ab90f96e84a9d2ba\"},\"potentialAction\":[{\"@type\":\"SearchAction\",\"target\":{\"@type\":\"EntryPoint\",\"urlTemplate\":\"https:\\\/\\\/decouvrirensemble.com\\\/es?s={search_term_string}\"},\"query-input\":{\"@type\":\"PropertyValueSpecification\",\"valueRequired\":true,\"valueName\":\"search_term_string\"}}],\"inLanguage\":\"es\"},{\"@type\":[\"Person\",\"Organization\"],\"@id\":\"https:\\\/\\\/decouvrirensemble.com\\\/es#\\\/schema\\\/person\\\/a53efd44d02eb7f9ab90f96e84a9d2ba\",\"name\":\"Cl\u00e9mence &amp; Alexandre\",\"image\":{\"@type\":\"ImageObject\",\"inLanguage\":\"es\",\"@id\":\"https:\\\/\\\/decouvrirensemble.com\\\/wp-content\\\/uploads\\\/2024\\\/04\\\/logo-decouvrir-ensemble-blog-voyage.jpg\",\"url\":\"https:\\\/\\\/decouvrirensemble.com\\\/wp-content\\\/uploads\\\/2024\\\/04\\\/logo-decouvrir-ensemble-blog-voyage.jpg\",\"contentUrl\":\"https:\\\/\\\/decouvrirensemble.com\\\/wp-content\\\/uploads\\\/2024\\\/04\\\/logo-decouvrir-ensemble-blog-voyage.jpg\",\"width\":1563,\"height\":529,\"caption\":\"Cl\u00e9mence &amp; Alexandre\"},\"logo\":{\"@id\":\"https:\\\/\\\/decouvrirensemble.com\\\/wp-content\\\/uploads\\\/2024\\\/04\\\/logo-decouvrir-ensemble-blog-voyage.jpg\"},\"sameAs\":[\"https:\\\/\\\/decouvrirensemble.com\\\/\"]}]}<\/script>\n<!-- \/ Yoast SEO plugin. -->","yoast_head_json":{"title":"Qu\u00e9 ver en Asturias: los mejores lugares","description":"Descubre nuestra ruta para visitar Asturias, en Espa\u00f1a. \u00bfQu\u00e9 hacer, qu\u00e9 ver? Todos nuestros consejos y recomendaciones en nuestro blog.","robots":{"index":"index","follow":"follow","max-snippet":"max-snippet:-1","max-image-preview":"max-image-preview:large","max-video-preview":"max-video-preview:-1"},"canonical":"https:\/\/decouvrirensemble.com\/es\/que-ver-en-asturias","og_locale":"es_ES","og_type":"article","og_title":"Qu\u00e9 ver en Asturias: los mejores lugares","og_description":"Descubre nuestra ruta para visitar Asturias, en Espa\u00f1a. \u00bfQu\u00e9 hacer, qu\u00e9 ver? Todos nuestros consejos y recomendaciones en nuestro blog.","og_url":"https:\/\/decouvrirensemble.com\/es\/que-ver-en-asturias","og_site_name":"Blog Voyage - D\u00e9couvrir Ensemble","article_published_time":"2025-10-13T20:38:06+00:00","article_modified_time":"2026-04-13T10:59:02+00:00","og_image":[{"width":1800,"height":1200,"url":"https:\/\/decouvrirensemble.com\/wp-content\/uploads\/2025\/10\/les-asturies-espagne.jpg","type":"image\/jpeg"}],"author":"Cl\u00e9mence &amp; Alexandre","twitter_card":"summary_large_image","twitter_creator":"@dcouvrirensmble","twitter_site":"@dcouvrirensmble","twitter_misc":{"Escrito por":"Cl\u00e9mence &amp; Alexandre","Tiempo de lectura":"14 minutos"},"schema":{"@context":"https:\/\/schema.org","@graph":[{"@type":"Article","@id":"https:\/\/decouvrirensemble.com\/es\/que-ver-en-asturias#article","isPartOf":{"@id":"https:\/\/decouvrirensemble.com\/es\/que-ver-en-asturias"},"author":{"name":"Cl\u00e9mence &amp; Alexandre","@id":"https:\/\/decouvrirensemble.com\/es#\/schema\/person\/a53efd44d02eb7f9ab90f96e84a9d2ba"},"headline":"Qu\u00e9 ver en Asturias: los mejores lugares","datePublished":"2025-10-13T20:38:06+00:00","dateModified":"2026-04-13T10:59:02+00:00","mainEntityOfPage":{"@id":"https:\/\/decouvrirensemble.com\/es\/que-ver-en-asturias"},"wordCount":1896,"commentCount":0,"publisher":{"@id":"https:\/\/decouvrirensemble.com\/es#\/schema\/person\/a53efd44d02eb7f9ab90f96e84a9d2ba"},"image":{"@id":"https:\/\/decouvrirensemble.com\/es\/que-ver-en-asturias#primaryimage"},"thumbnailUrl":"https:\/\/decouvrirensemble.com\/wp-content\/uploads\/2025\/10\/les-asturies-espagne.jpg","articleSection":["Espa\u00f1a","Gu\u00edas de viajes"],"inLanguage":"es","potentialAction":[{"@type":"CommentAction","name":"Comment","target":["https:\/\/decouvrirensemble.com\/es\/que-ver-en-asturias#respond"]}]},{"@type":"WebPage","@id":"https:\/\/decouvrirensemble.com\/es\/que-ver-en-asturias","url":"https:\/\/decouvrirensemble.com\/es\/que-ver-en-asturias","name":"Qu\u00e9 ver en Asturias: los mejores lugares","isPartOf":{"@id":"https:\/\/decouvrirensemble.com\/es#website"},"primaryImageOfPage":{"@id":"https:\/\/decouvrirensemble.com\/es\/que-ver-en-asturias#primaryimage"},"image":{"@id":"https:\/\/decouvrirensemble.com\/es\/que-ver-en-asturias#primaryimage"},"thumbnailUrl":"https:\/\/decouvrirensemble.com\/wp-content\/uploads\/2025\/10\/les-asturies-espagne.jpg","datePublished":"2025-10-13T20:38:06+00:00","dateModified":"2026-04-13T10:59:02+00:00","description":"Descubre nuestra ruta para visitar Asturias, en Espa\u00f1a. \u00bfQu\u00e9 hacer, qu\u00e9 ver? Todos nuestros consejos y recomendaciones en nuestro blog.","breadcrumb":{"@id":"https:\/\/decouvrirensemble.com\/es\/que-ver-en-asturias#breadcrumb"},"inLanguage":"es","potentialAction":[{"@type":"ReadAction","target":["https:\/\/decouvrirensemble.com\/es\/que-ver-en-asturias"]}]},{"@type":"ImageObject","inLanguage":"es","@id":"https:\/\/decouvrirensemble.com\/es\/que-ver-en-asturias#primaryimage","url":"https:\/\/decouvrirensemble.com\/wp-content\/uploads\/2025\/10\/les-asturies-espagne.jpg","contentUrl":"https:\/\/decouvrirensemble.com\/wp-content\/uploads\/2025\/10\/les-asturies-espagne.jpg","width":1800,"height":1200,"caption":"les asturies espagne"},{"@type":"BreadcrumbList","@id":"https:\/\/decouvrirensemble.com\/es\/que-ver-en-asturias#breadcrumb","itemListElement":[{"@type":"ListItem","position":1,"name":"Accueil","item":"https:\/\/decouvrirensemble.com\/es"},{"@type":"ListItem","position":2,"name":"Gu\u00edas de viajes","item":"https:\/\/decouvrirensemble.com\/es\/guias-de-viajes"},{"@type":"ListItem","position":3,"name":"Qu\u00e9 ver en Asturias: los mejores lugares"}]},{"@type":"WebSite","@id":"https:\/\/decouvrirensemble.com\/es#website","url":"https:\/\/decouvrirensemble.com\/es","name":"Blog Voyage - D\u00e9couvrir Ensemble","description":"Le Blog Voyage de Clem et Alex","publisher":{"@id":"https:\/\/decouvrirensemble.com\/es#\/schema\/person\/a53efd44d02eb7f9ab90f96e84a9d2ba"},"potentialAction":[{"@type":"SearchAction","target":{"@type":"EntryPoint","urlTemplate":"https:\/\/decouvrirensemble.com\/es?s={search_term_string}"},"query-input":{"@type":"PropertyValueSpecification","valueRequired":true,"valueName":"search_term_string"}}],"inLanguage":"es"},{"@type":["Person","Organization"],"@id":"https:\/\/decouvrirensemble.com\/es#\/schema\/person\/a53efd44d02eb7f9ab90f96e84a9d2ba","name":"Cl\u00e9mence &amp; Alexandre","image":{"@type":"ImageObject","inLanguage":"es","@id":"https:\/\/decouvrirensemble.com\/wp-content\/uploads\/2024\/04\/logo-decouvrir-ensemble-blog-voyage.jpg","url":"https:\/\/decouvrirensemble.com\/wp-content\/uploads\/2024\/04\/logo-decouvrir-ensemble-blog-voyage.jpg","contentUrl":"https:\/\/decouvrirensemble.com\/wp-content\/uploads\/2024\/04\/logo-decouvrir-ensemble-blog-voyage.jpg","width":1563,"height":529,"caption":"Cl\u00e9mence &amp; Alexandre"},"logo":{"@id":"https:\/\/decouvrirensemble.com\/wp-content\/uploads\/2024\/04\/logo-decouvrir-ensemble-blog-voyage.jpg"},"sameAs":["https:\/\/decouvrirensemble.com\/"]}]}},"modified_by":"Cl\u00e9mence &amp; Alexandre","_links":{"self":[{"href":"https:\/\/decouvrirensemble.com\/es\/wp-json\/wp\/v2\/posts\/65624","targetHints":{"allow":["GET"]}}],"collection":[{"href":"https:\/\/decouvrirensemble.com\/es\/wp-json\/wp\/v2\/posts"}],"about":[{"href":"https:\/\/decouvrirensemble.com\/es\/wp-json\/wp\/v2\/types\/post"}],"author":[{"embeddable":true,"href":"https:\/\/decouvrirensemble.com\/es\/wp-json\/wp\/v2\/users\/1"}],"replies":[{"embeddable":true,"href":"https:\/\/decouvrirensemble.com\/es\/wp-json\/wp\/v2\/comments?post=65624"}],"version-history":[{"count":3,"href":"https:\/\/decouvrirensemble.com\/es\/wp-json\/wp\/v2\/posts\/65624\/revisions"}],"predecessor-version":[{"id":65627,"href":"https:\/\/decouvrirensemble.com\/es\/wp-json\/wp\/v2\/posts\/65624\/revisions\/65627"}],"wp:featuredmedia":[{"embeddable":true,"href":"https:\/\/decouvrirensemble.com\/es\/wp-json\/wp\/v2\/media\/62146"}],"wp:attachment":[{"href":"https:\/\/decouvrirensemble.com\/es\/wp-json\/wp\/v2\/media?parent=65624"}],"wp:term":[{"taxonomy":"category","embeddable":true,"href":"https:\/\/decouvrirensemble.com\/es\/wp-json\/wp\/v2\/categories?post=65624"},{"taxonomy":"post_tag","embeddable":true,"href":"https:\/\/decouvrirensemble.com\/es\/wp-json\/wp\/v2\/tags?post=65624"}],"curies":[{"name":"wp","href":"https:\/\/api.w.org\/{rel}","templated":true}]}}