{"id":65656,"date":"2024-05-18T11:50:35","date_gmt":"2024-05-18T09:50:35","guid":{"rendered":"https:\/\/decouvrirensemble.com\/que-faire-dans-les-landes"},"modified":"2026-04-13T14:40:30","modified_gmt":"2026-04-13T12:40:30","slug":"que-ver-en-las-landas","status":"publish","type":"post","link":"https:\/\/decouvrirensemble.com\/es\/que-ver-en-las-landas","title":{"rendered":"Qu\u00e9 ver en las Landas: los mejores lugares"},"content":{"rendered":"<p>Tuvimos la oportunidad de <strong>descubrir las Landas durante un fin de semana de cuatro d\u00edas<\/strong> y hoy os contamos en nuestro <strong>blog de viajes<\/strong> los lugares y actividades que m\u00e1s nos gustaron.<\/p>\n<p>Si te est\u00e1s preguntando <strong>qu\u00e9 ver en las Landas<\/strong>, sigue los consejos y recomendaciones de nuestro art\u00edculo del blog. Solo nos queda desearte una buena lectura y unas felices <a href=\"https:\/\/decouvrirensemble.com\/es\/destinos\/francia\" rel=\"noopener\">vacaciones en Francia<\/a>. \u00a1En marcha!<\/p>\n<h2 id=\"faire\"><span class=\"ez-toc-section\" id=\"%C2%BFQue_ver_en_las_Landas_Nuestros_mejores_lugares\"><\/span>\u00bfQu\u00e9 ver en las Landas? Nuestros mejores lugares<span class=\"ez-toc-section-end\"><\/span><\/h2>\n<h3><span class=\"ez-toc-section\" id=\"1_Hossegor\"><\/span>1. Hossegor<span class=\"ez-toc-section-end\"><\/span><\/h3>\n<p>Empezamos este art\u00edculo poniendo rumbo a la bonita ciudad de Hossegor. Nos hemos quedado prendados del ambiente de la ciudad, de sus peque\u00f1as tiendas y del paseo junto a la playa.<\/p>\n<p>Lo que m\u00e1s nos gust\u00f3: el recorrido por las obras de arte urbano. Echa un vistazo a nuestro art\u00edculo dedicado a este tema para descubrir las obras imprescindibles y todas nuestras recomendaciones en Hossegor.<\/p>\n<p>[article-hossegor]<\/p>\n<div id=\"attachment_53163\" style=\"width: 1810px\" class=\"wp-caption alignnone\"><img decoding=\"async\" aria-describedby=\"caption-attachment-53163\" class=\"wp-image-53163 size-full\" src=\"https:\/\/decouvrirensemble.com\/wp-content\/uploads\/2024\/05\/que-faire-dans-les-landes-blog-voyage.jpg\" alt=\"que faire dans les landes\" width=\"1800\" height=\"1200\" srcset=\"https:\/\/decouvrirensemble.com\/wp-content\/uploads\/2024\/05\/que-faire-dans-les-landes-blog-voyage.jpg 1800w, https:\/\/decouvrirensemble.com\/wp-content\/uploads\/2024\/05\/que-faire-dans-les-landes-blog-voyage-300x200.jpg 300w, https:\/\/decouvrirensemble.com\/wp-content\/uploads\/2024\/05\/que-faire-dans-les-landes-blog-voyage-1024x683.jpg 1024w, https:\/\/decouvrirensemble.com\/wp-content\/uploads\/2024\/05\/que-faire-dans-les-landes-blog-voyage-768x512.jpg 768w, https:\/\/decouvrirensemble.com\/wp-content\/uploads\/2024\/05\/que-faire-dans-les-landes-blog-voyage-1536x1024.jpg 1536w, https:\/\/decouvrirensemble.com\/wp-content\/uploads\/2024\/05\/que-faire-dans-les-landes-blog-voyage-600x400.jpg 600w\" sizes=\"(max-width: 1800px) 100vw, 1800px\" \/><p id=\"caption-attachment-53163\" class=\"wp-caption-text\">\u00a1Me encanta Hossegor!<\/p><\/div>\n<img decoding=\"async\" class=\"alignnone size-full wp-image-53227\" src=\"https:\/\/decouvrirensemble.com\/wp-content\/uploads\/2024\/05\/Soorts-Hossegor-les-landes.jpg\" alt=\"soorts hossegor\" width=\"1800\" height=\"1200\" srcset=\"https:\/\/decouvrirensemble.com\/wp-content\/uploads\/2024\/05\/Soorts-Hossegor-les-landes.jpg 1800w, https:\/\/decouvrirensemble.com\/wp-content\/uploads\/2024\/05\/Soorts-Hossegor-les-landes-300x200.jpg 300w, https:\/\/decouvrirensemble.com\/wp-content\/uploads\/2024\/05\/Soorts-Hossegor-les-landes-1024x683.jpg 1024w, https:\/\/decouvrirensemble.com\/wp-content\/uploads\/2024\/05\/Soorts-Hossegor-les-landes-768x512.jpg 768w, https:\/\/decouvrirensemble.com\/wp-content\/uploads\/2024\/05\/Soorts-Hossegor-les-landes-1536x1024.jpg 1536w, https:\/\/decouvrirensemble.com\/wp-content\/uploads\/2024\/05\/Soorts-Hossegor-les-landes-600x400.jpg 600w\" sizes=\"(max-width: 1800px) 100vw, 1800px\" \/>\n<img decoding=\"async\" class=\"alignnone size-full wp-image-53182\" src=\"https:\/\/decouvrirensemble.com\/wp-content\/uploads\/2024\/05\/hossegor-les-landes.jpg\" alt=\"hossegor\" width=\"1800\" height=\"1200\" srcset=\"https:\/\/decouvrirensemble.com\/wp-content\/uploads\/2024\/05\/hossegor-les-landes.jpg 1800w, https:\/\/decouvrirensemble.com\/wp-content\/uploads\/2024\/05\/hossegor-les-landes-300x200.jpg 300w, https:\/\/decouvrirensemble.com\/wp-content\/uploads\/2024\/05\/hossegor-les-landes-1024x683.jpg 1024w, https:\/\/decouvrirensemble.com\/wp-content\/uploads\/2024\/05\/hossegor-les-landes-768x512.jpg 768w, https:\/\/decouvrirensemble.com\/wp-content\/uploads\/2024\/05\/hossegor-les-landes-1536x1024.jpg 1536w, https:\/\/decouvrirensemble.com\/wp-content\/uploads\/2024\/05\/hossegor-les-landes-600x400.jpg 600w\" sizes=\"(max-width: 1800px) 100vw, 1800px\" \/>\n<h3><span class=\"ez-toc-section\" id=\"2_La_Capilla_de_Santa_Teresa\"><\/span>2. La Capilla de Santa Teresa<span class=\"ez-toc-section-end\"><\/span><\/h3>\n<p><a href=\"https:\/\/maps.app.goo.gl\/h3tyPb1ZifGCVYug8\" target=\"_blank\" rel=\"noopener\">Esta bonita capilla<\/a> se alza en medio de las dunas de Labenne-Oc\u00e9an desde 1932. Fue renovada recientemente, en 2018. Aunque no est\u00e1 abierta al p\u00fablico, nos encant\u00f3 contemplarla; su entorno es \u00fanico y singular, \u00a1os la recomendamos!&nbsp;<\/p>\n<div id=\"attachment_53185\" style=\"width: 1810px\" class=\"wp-caption alignnone\"><img decoding=\"async\" aria-describedby=\"caption-attachment-53185\" class=\"wp-image-53185 size-full\" src=\"https:\/\/decouvrirensemble.com\/wp-content\/uploads\/2024\/05\/La-Chapelle-Sainte-Therese.jpg\" alt=\"chapelle sainte therese\" width=\"1800\" height=\"1200\" srcset=\"https:\/\/decouvrirensemble.com\/wp-content\/uploads\/2024\/05\/La-Chapelle-Sainte-Therese.jpg 1800w, https:\/\/decouvrirensemble.com\/wp-content\/uploads\/2024\/05\/La-Chapelle-Sainte-Therese-300x200.jpg 300w, https:\/\/decouvrirensemble.com\/wp-content\/uploads\/2024\/05\/La-Chapelle-Sainte-Therese-1024x683.jpg 1024w, https:\/\/decouvrirensemble.com\/wp-content\/uploads\/2024\/05\/La-Chapelle-Sainte-Therese-768x512.jpg 768w, https:\/\/decouvrirensemble.com\/wp-content\/uploads\/2024\/05\/La-Chapelle-Sainte-Therese-1536x1024.jpg 1536w, https:\/\/decouvrirensemble.com\/wp-content\/uploads\/2024\/05\/La-Chapelle-Sainte-Therese-600x400.jpg 600w\" sizes=\"(max-width: 1800px) 100vw, 1800px\" \/><p id=\"caption-attachment-53185\" class=\"wp-caption-text\">Capilla de Santa Teresa<\/p><\/div>\n<img decoding=\"async\" class=\"alignnone size-full wp-image-53167\" src=\"https:\/\/decouvrirensemble.com\/wp-content\/uploads\/2024\/05\/Chapelle-Sainte-Therese.jpg\" alt=\"chapelle sainte therese\" width=\"1800\" height=\"1200\" srcset=\"https:\/\/decouvrirensemble.com\/wp-content\/uploads\/2024\/05\/Chapelle-Sainte-Therese.jpg 1800w, https:\/\/decouvrirensemble.com\/wp-content\/uploads\/2024\/05\/Chapelle-Sainte-Therese-300x200.jpg 300w, https:\/\/decouvrirensemble.com\/wp-content\/uploads\/2024\/05\/Chapelle-Sainte-Therese-1024x683.jpg 1024w, https:\/\/decouvrirensemble.com\/wp-content\/uploads\/2024\/05\/Chapelle-Sainte-Therese-768x512.jpg 768w, https:\/\/decouvrirensemble.com\/wp-content\/uploads\/2024\/05\/Chapelle-Sainte-Therese-1536x1024.jpg 1536w, https:\/\/decouvrirensemble.com\/wp-content\/uploads\/2024\/05\/Chapelle-Sainte-Therese-600x400.jpg 600w\" sizes=\"(max-width: 1800px) 100vw, 1800px\" \/>\n<h3><span class=\"ez-toc-section\" id=\"3_El_Courant_dHuchet\"><\/span>3. El Courant d&#8217;Huchet<span class=\"ez-toc-section-end\"><\/span><\/h3>\n<p>Esta corriente conecta el lago de L\u00e9on con el oc\u00e9ano Atl\u00e1ntico, y el espect\u00e1culo que ofrece merece una visita. Te recomendamos que te acerques a <a href=\"https:\/\/maps.app.goo.gl\/Jfhvczfgtu4PUt4r7\" target=\"_blank\" rel=\"noopener\">la playa de Moliets<\/a> para contemplarla. \u00a1Al atardecer es a\u00fan m\u00e1s bonito! Seguramente tambi\u00e9n tendr\u00e1s la oportunidad de ver a algunos surfistas, como regalo adicional.<\/p>\n<div id=\"attachment_53221\" style=\"width: 1810px\" class=\"wp-caption alignnone\"><img decoding=\"async\" aria-describedby=\"caption-attachment-53221\" class=\"wp-image-53221 size-full\" src=\"https:\/\/decouvrirensemble.com\/wp-content\/uploads\/2024\/05\/que-faire-les-landes-huchet.jpg\" alt=\"que faire dans les landes\" width=\"1800\" height=\"1200\" srcset=\"https:\/\/decouvrirensemble.com\/wp-content\/uploads\/2024\/05\/que-faire-les-landes-huchet.jpg 1800w, https:\/\/decouvrirensemble.com\/wp-content\/uploads\/2024\/05\/que-faire-les-landes-huchet-300x200.jpg 300w, https:\/\/decouvrirensemble.com\/wp-content\/uploads\/2024\/05\/que-faire-les-landes-huchet-1024x683.jpg 1024w, https:\/\/decouvrirensemble.com\/wp-content\/uploads\/2024\/05\/que-faire-les-landes-huchet-768x512.jpg 768w, https:\/\/decouvrirensemble.com\/wp-content\/uploads\/2024\/05\/que-faire-les-landes-huchet-1536x1024.jpg 1536w, https:\/\/decouvrirensemble.com\/wp-content\/uploads\/2024\/05\/que-faire-les-landes-huchet-600x400.jpg 600w\" sizes=\"(max-width: 1800px) 100vw, 1800px\" \/><p id=\"caption-attachment-53221\" class=\"wp-caption-text\">El Courant d&#8217;Huchet<\/p><\/div>\n<img decoding=\"async\" class=\"alignnone size-full wp-image-53231\" src=\"https:\/\/decouvrirensemble.com\/wp-content\/uploads\/2024\/05\/Le-Courant-d-Huchet-landes.jpg\" alt=\"Le Courant d'Huchet\" width=\"1800\" height=\"1200\" srcset=\"https:\/\/decouvrirensemble.com\/wp-content\/uploads\/2024\/05\/Le-Courant-d-Huchet-landes.jpg 1800w, https:\/\/decouvrirensemble.com\/wp-content\/uploads\/2024\/05\/Le-Courant-d-Huchet-landes-300x200.jpg 300w, https:\/\/decouvrirensemble.com\/wp-content\/uploads\/2024\/05\/Le-Courant-d-Huchet-landes-1024x683.jpg 1024w, https:\/\/decouvrirensemble.com\/wp-content\/uploads\/2024\/05\/Le-Courant-d-Huchet-landes-768x512.jpg 768w, https:\/\/decouvrirensemble.com\/wp-content\/uploads\/2024\/05\/Le-Courant-d-Huchet-landes-1536x1024.jpg 1536w, https:\/\/decouvrirensemble.com\/wp-content\/uploads\/2024\/05\/Le-Courant-d-Huchet-landes-600x400.jpg 600w\" sizes=\"(max-width: 1800px) 100vw, 1800px\" \/>\n<h3><span class=\"ez-toc-section\" id=\"4_El_faro_de_Contis\"><\/span>4. El faro de Contis<span class=\"ez-toc-section-end\"><\/span><\/h3>\n<p><strong>\u00bfQu\u00e9 ver en las Landas?<\/strong> \u00bfQu\u00e9 tal si te diriges a la localidad de Contis para visitar <a href=\"https:\/\/maps.app.goo.gl\/LpU2AeBfSpNCjS21A\" target=\"_blank\" rel=\"noopener\">su faro<\/a>, de una arquitectura muy bonita, y su torre de 38 metros? Podr\u00e1s subir los 184 escalones para admirar las vistas desde lo alto del faro y disfrutar del entorno, entre el bosque y el oc\u00e9ano.<\/p>\n<p>[horaires]<\/p>\n<div id=\"attachment_53209\" style=\"width: 1810px\" class=\"wp-caption alignnone\"><img decoding=\"async\" aria-describedby=\"caption-attachment-53209\" class=\"wp-image-53209 size-full\" src=\"https:\/\/decouvrirensemble.com\/wp-content\/uploads\/2024\/05\/Phare-de-Contis.jpg\" alt=\"Phare de Contis\" width=\"1800\" height=\"1200\" srcset=\"https:\/\/decouvrirensemble.com\/wp-content\/uploads\/2024\/05\/Phare-de-Contis.jpg 1800w, https:\/\/decouvrirensemble.com\/wp-content\/uploads\/2024\/05\/Phare-de-Contis-300x200.jpg 300w, https:\/\/decouvrirensemble.com\/wp-content\/uploads\/2024\/05\/Phare-de-Contis-1024x683.jpg 1024w, https:\/\/decouvrirensemble.com\/wp-content\/uploads\/2024\/05\/Phare-de-Contis-768x512.jpg 768w, https:\/\/decouvrirensemble.com\/wp-content\/uploads\/2024\/05\/Phare-de-Contis-1536x1024.jpg 1536w, https:\/\/decouvrirensemble.com\/wp-content\/uploads\/2024\/05\/Phare-de-Contis-600x400.jpg 600w\" sizes=\"(max-width: 1800px) 100vw, 1800px\" \/><p id=\"caption-attachment-53209\" class=\"wp-caption-text\">El faro de Contis<\/p><\/div>\n<img decoding=\"async\" class=\"alignnone size-full wp-image-53206\" src=\"https:\/\/decouvrirensemble.com\/wp-content\/uploads\/2024\/05\/Phare-de-Contis-interieur.jpg\" alt=\"Phare de Contis\" width=\"1800\" height=\"1200\" srcset=\"https:\/\/decouvrirensemble.com\/wp-content\/uploads\/2024\/05\/Phare-de-Contis-interieur.jpg 1800w, https:\/\/decouvrirensemble.com\/wp-content\/uploads\/2024\/05\/Phare-de-Contis-interieur-300x200.jpg 300w, https:\/\/decouvrirensemble.com\/wp-content\/uploads\/2024\/05\/Phare-de-Contis-interieur-1024x683.jpg 1024w, https:\/\/decouvrirensemble.com\/wp-content\/uploads\/2024\/05\/Phare-de-Contis-interieur-768x512.jpg 768w, https:\/\/decouvrirensemble.com\/wp-content\/uploads\/2024\/05\/Phare-de-Contis-interieur-1536x1024.jpg 1536w, https:\/\/decouvrirensemble.com\/wp-content\/uploads\/2024\/05\/Phare-de-Contis-interieur-600x400.jpg 600w\" sizes=\"(max-width: 1800px) 100vw, 1800px\" \/>\n<h3><span class=\"ez-toc-section\" id=\"5_El_sendero_interpretativo_del_estanque_de_la_Mailloueyre\"><\/span>5. El sendero interpretativo del estanque de la Mailloueyre<span class=\"ez-toc-section-end\"><\/span><\/h3>\n<p>Si tienes pensado dar un paseo por Mimizan y Mimizan-Plage, te recomendamos que sigas <a href=\"https:\/\/maps.app.goo.gl\/nCdYqzehDVExFSXVA\" target=\"_blank\" rel=\"noopener\">el sendero del Estanque de la Mailloueyre<\/a>. Te espera un bonito paseo de aproximadamente una hora, en pleno bosque de las Landas y, a continuaci\u00f3n, entre dunas de arena que se extienden hasta donde alcanza la vista. Nos pareci\u00f3 un paseo muy agradable y de f\u00e1cil acceso.<\/p>\n<p>Puede hacer una parada por el camino en el mirador del estanque, o en el que se encuentra en lo alto de las dunas, para admirar este paisaje \u00fanico.<\/p>\n<img decoding=\"async\" class=\"alignnone size-full wp-image-53170\" src=\"https:\/\/decouvrirensemble.com\/wp-content\/uploads\/2024\/05\/etang-mailloueyre.jpg\" alt=\"Etang de la Mailloueyre\" width=\"1800\" height=\"1200\" srcset=\"https:\/\/decouvrirensemble.com\/wp-content\/uploads\/2024\/05\/etang-mailloueyre.jpg 1800w, https:\/\/decouvrirensemble.com\/wp-content\/uploads\/2024\/05\/etang-mailloueyre-300x200.jpg 300w, https:\/\/decouvrirensemble.com\/wp-content\/uploads\/2024\/05\/etang-mailloueyre-1024x683.jpg 1024w, https:\/\/decouvrirensemble.com\/wp-content\/uploads\/2024\/05\/etang-mailloueyre-768x512.jpg 768w, https:\/\/decouvrirensemble.com\/wp-content\/uploads\/2024\/05\/etang-mailloueyre-1536x1024.jpg 1536w, https:\/\/decouvrirensemble.com\/wp-content\/uploads\/2024\/05\/etang-mailloueyre-600x400.jpg 600w\" sizes=\"(max-width: 1800px) 100vw, 1800px\" \/>\n<img decoding=\"async\" class=\"alignnone size-full wp-image-53224\" src=\"https:\/\/decouvrirensemble.com\/wp-content\/uploads\/2024\/05\/sentier-de-la-mailloueyre.jpg\" alt=\"Etang de la Mailloueyre\" width=\"1800\" height=\"1200\" srcset=\"https:\/\/decouvrirensemble.com\/wp-content\/uploads\/2024\/05\/sentier-de-la-mailloueyre.jpg 1800w, https:\/\/decouvrirensemble.com\/wp-content\/uploads\/2024\/05\/sentier-de-la-mailloueyre-300x200.jpg 300w, https:\/\/decouvrirensemble.com\/wp-content\/uploads\/2024\/05\/sentier-de-la-mailloueyre-1024x683.jpg 1024w, https:\/\/decouvrirensemble.com\/wp-content\/uploads\/2024\/05\/sentier-de-la-mailloueyre-768x512.jpg 768w, https:\/\/decouvrirensemble.com\/wp-content\/uploads\/2024\/05\/sentier-de-la-mailloueyre-1536x1024.jpg 1536w, https:\/\/decouvrirensemble.com\/wp-content\/uploads\/2024\/05\/sentier-de-la-mailloueyre-600x400.jpg 600w\" sizes=\"(max-width: 1800px) 100vw, 1800px\" \/>\n<h3><span class=\"ez-toc-section\" id=\"6_El_carril_bici_del_Cap_de_lHomy\"><\/span>6. El carril bici del Cap de l\u2019Homy<span class=\"ez-toc-section-end\"><\/span><\/h3>\n<p><strong>Una actividad imprescindible en las Landas<\/strong>: alquilar una bicicleta y salir a descubrir esta magn\u00edfica regi\u00f3n. Por desgracia, no pudimos hacerlo debido al mal tiempo, pero os compartimos la ruta que ten\u00edamos previsto recorrer. Nos dirigimos a los pueblos de Uza, L\u00e9vignacq y Lesperon para descubrir la arquitectura de las Landas y su tranquilo estilo de vida.<\/p>\n<p>El recorrido de ida y vuelta es de 24 km y pasa por el Cap de l&#8217;Homy. Hab\u00edamos pensado alquilar las bicicletas <a href=\"https:\/\/maps.app.goo.gl\/6gMuzvxUFodv9X3U6\" target=\"_blank\" rel=\"noopener\">en esta tienda,<\/a> por si acaso est\u00e1s buscando alguna. Sigue la ruta que se indica a continuaci\u00f3n en la p\u00e1gina web de la Oficina de Turismo.<\/p>\n    <div class=\"niceButton\"><a href=\"https:\/\/es.cotelandesnaturetourisme.com\/ofertas\/piste-cyclable-du-cap-de-lhomy-piste-cyclable-du-vignac-lit-et-mixe-es-2426587\/\" target=\"_blank\" class=\"emojiLink\">\n                    <span class=\"emojiLink__emoji\">\ud83d\udeb2<\/span>\n                <span class=\"emojiLink__title title title--big\">M\u00e1s informaci\u00f3n<\/span>\n    <\/a><\/div>\n\n    \n<h3><span class=\"ez-toc-section\" id=\"7_La_ruta_del_Bas_Rouge_en_Saint-Michel-Escalus\"><\/span>7. La ruta del Bas Rouge en Saint-Michel-Escalus<span class=\"ez-toc-section-end\"><\/span><\/h3>\n<p>\u00bfHay alg\u00fan amante de la naturaleza por aqu\u00ed? \u00bfQu\u00e9 tal si te sumerges en un bosque de pinos t\u00edpico de la regi\u00f3n? Los bosques de las Landas te prometen hermosos paseos. Podr\u00e1s admirar la inmensidad del bosque y la naturaleza que lo rodea, entre el murmullo del r\u00edo Palu y las diversas plantas que encontrar\u00e1s por el camino.<\/p>\n<p>Te espera un sendero llano de 7 kil\u00f3metros. Ten en cuenta que la Oficina de Turismo organiza visitas guiadas durante la temporada; no dudes en llamar con antelaci\u00f3n para preguntar por las fechas.<\/p>\n    <div class=\"niceButton\"><a href=\"https:\/\/www.tourismelandes.com\/itineraire\/a-saint-michel-escalus-circuit-du-bas-rouge-itiaqu040v50q251\/\" target=\"_blank\" class=\"emojiLink\">\n                    <span class=\"emojiLink__emoji\">\ud83c\udf33<\/span>\n                <span class=\"emojiLink__title title title--big\">Ver el itinerario<\/span>\n    <\/a><\/div>\n\n    \n<img decoding=\"async\" class=\"alignnone size-full wp-image-53176\" src=\"https:\/\/decouvrirensemble.com\/wp-content\/uploads\/2024\/05\/foret-pins-les-landes.jpg\" alt=\"foret des landes\" width=\"1800\" height=\"1200\" srcset=\"https:\/\/decouvrirensemble.com\/wp-content\/uploads\/2024\/05\/foret-pins-les-landes.jpg 1800w, https:\/\/decouvrirensemble.com\/wp-content\/uploads\/2024\/05\/foret-pins-les-landes-300x200.jpg 300w, https:\/\/decouvrirensemble.com\/wp-content\/uploads\/2024\/05\/foret-pins-les-landes-1024x683.jpg 1024w, https:\/\/decouvrirensemble.com\/wp-content\/uploads\/2024\/05\/foret-pins-les-landes-768x512.jpg 768w, https:\/\/decouvrirensemble.com\/wp-content\/uploads\/2024\/05\/foret-pins-les-landes-1536x1024.jpg 1536w, https:\/\/decouvrirensemble.com\/wp-content\/uploads\/2024\/05\/foret-pins-les-landes-600x400.jpg 600w\" sizes=\"(max-width: 1800px) 100vw, 1800px\" \/>\n<img decoding=\"async\" class=\"alignnone size-full wp-image-53173\" src=\"https:\/\/decouvrirensemble.com\/wp-content\/uploads\/2024\/05\/foret-des-landes.jpg\" alt=\"foret des landes\" width=\"1800\" height=\"1200\" srcset=\"https:\/\/decouvrirensemble.com\/wp-content\/uploads\/2024\/05\/foret-des-landes.jpg 1800w, https:\/\/decouvrirensemble.com\/wp-content\/uploads\/2024\/05\/foret-des-landes-300x200.jpg 300w, https:\/\/decouvrirensemble.com\/wp-content\/uploads\/2024\/05\/foret-des-landes-1024x683.jpg 1024w, https:\/\/decouvrirensemble.com\/wp-content\/uploads\/2024\/05\/foret-des-landes-768x512.jpg 768w, https:\/\/decouvrirensemble.com\/wp-content\/uploads\/2024\/05\/foret-des-landes-1536x1024.jpg 1536w, https:\/\/decouvrirensemble.com\/wp-content\/uploads\/2024\/05\/foret-des-landes-600x400.jpg 600w\" sizes=\"(max-width: 1800px) 100vw, 1800px\" \/>\n<h2 id=\"manger\"><span class=\"ez-toc-section\" id=\"%C2%BFDonde_comer_en_las_Landas_Nuestras_mejores_recomendaciones\"><\/span>\u00bfD\u00f3nde comer en las Landas? Nuestras mejores recomendaciones<span class=\"ez-toc-section-end\"><\/span><\/h2>\n<ul>\n<li><a href=\"https:\/\/maps.app.goo.gl\/hU6iHLSQYpjS6KQTA\" target=\"_blank\" rel=\"noopener\">Frangins Frangines<\/a>: \u00a1uno de nuestros lugares favoritos! Este local animado y colorido, creado por unos j\u00f3venes hermanos apasionados, ofrece un ambiente relajado, una programaci\u00f3n de conciertos con artistas locales y food trucks invitados, especializados en la \u00abcocina del mundo\u00bb. \u00a1Unas veladas que dan ganas de ir! Uno de los fundadores del local es tambi\u00e9n pastelero y ofrece deliciosas creaciones a la venta en el mismo local.<\/li>\n<\/ul>\n<div id=\"attachment_53179\" style=\"width: 1810px\" class=\"wp-caption alignnone\"><img decoding=\"async\" aria-describedby=\"caption-attachment-53179\" class=\"size-full wp-image-53179\" src=\"https:\/\/decouvrirensemble.com\/wp-content\/uploads\/2024\/05\/frangins-frangines-Vielle-Saint-Girons.jpg\" alt=\"restaurants landes\" width=\"1800\" height=\"1200\" srcset=\"https:\/\/decouvrirensemble.com\/wp-content\/uploads\/2024\/05\/frangins-frangines-Vielle-Saint-Girons.jpg 1800w, https:\/\/decouvrirensemble.com\/wp-content\/uploads\/2024\/05\/frangins-frangines-Vielle-Saint-Girons-300x200.jpg 300w, https:\/\/decouvrirensemble.com\/wp-content\/uploads\/2024\/05\/frangins-frangines-Vielle-Saint-Girons-1024x683.jpg 1024w, https:\/\/decouvrirensemble.com\/wp-content\/uploads\/2024\/05\/frangins-frangines-Vielle-Saint-Girons-768x512.jpg 768w, https:\/\/decouvrirensemble.com\/wp-content\/uploads\/2024\/05\/frangins-frangines-Vielle-Saint-Girons-1536x1024.jpg 1536w, https:\/\/decouvrirensemble.com\/wp-content\/uploads\/2024\/05\/frangins-frangines-Vielle-Saint-Girons-600x400.jpg 600w\" sizes=\"(max-width: 1800px) 100vw, 1800px\" \/><p id=\"caption-attachment-53179\" class=\"wp-caption-text\">Hermanos y hermanas<\/p><\/div>\n<p>&nbsp;<\/p>\n<ul>\n<li><a href=\"https:\/\/maps.app.goo.gl\/rdjtLWxpQNK8SJP37\" target=\"_blank\" rel=\"noopener\">Le jardin d&#8217;AVA<\/a>: este local ofrece a la vez servicio de restaurante, catering, sal\u00f3n de t\u00e9 y tienda de alimentaci\u00f3n, con una cocina vegetariana, ecol\u00f3gica y vegana. Lo que m\u00e1s nos gust\u00f3 de su oferta: \u00a1todos sus platos son deliciosos y tienen una presentaci\u00f3n impecable! Los desayunos (que nos tra\u00edan a nuestro alojamiento) eran magn\u00edficos. Tambi\u00e9n tuvimos la oportunidad de probar sus platos salados y fueron una delicia. El local cuenta con una bonita terraza; no dud\u00e9is en ir a comer all\u00ed, \u00a1no os decepcionar\u00e1!<\/li>\n<\/ul>\n<div id=\"attachment_53194\" style=\"width: 1810px\" class=\"wp-caption alignnone\"><img decoding=\"async\" aria-describedby=\"caption-attachment-53194\" class=\"wp-image-53194 size-full\" src=\"https:\/\/decouvrirensemble.com\/wp-content\/uploads\/2024\/05\/Le-Jardin-d-Ava.jpg\" alt=\"Le jardin d'AVA\" width=\"1800\" height=\"1200\" srcset=\"https:\/\/decouvrirensemble.com\/wp-content\/uploads\/2024\/05\/Le-Jardin-d-Ava.jpg 1800w, https:\/\/decouvrirensemble.com\/wp-content\/uploads\/2024\/05\/Le-Jardin-d-Ava-300x200.jpg 300w, https:\/\/decouvrirensemble.com\/wp-content\/uploads\/2024\/05\/Le-Jardin-d-Ava-1024x683.jpg 1024w, https:\/\/decouvrirensemble.com\/wp-content\/uploads\/2024\/05\/Le-Jardin-d-Ava-768x512.jpg 768w, https:\/\/decouvrirensemble.com\/wp-content\/uploads\/2024\/05\/Le-Jardin-d-Ava-1536x1024.jpg 1536w, https:\/\/decouvrirensemble.com\/wp-content\/uploads\/2024\/05\/Le-Jardin-d-Ava-600x400.jpg 600w\" sizes=\"(max-width: 1800px) 100vw, 1800px\" \/><p id=\"caption-attachment-53194\" class=\"wp-caption-text\">El jard\u00edn de AVA<\/p><\/div>\n<p>&nbsp;<\/p>\n<ul>\n<li><a href=\"https:\/\/maps.app.goo.gl\/xz9ZtHy2DJoXARAw9\" target=\"_blank\" rel=\"noopener\">La Forge<\/a>: \u00a1este restaurante a orillas del estanque de Uza es una apuesta segura! Ya sea en la terraza con vistas al estanque o en uno de sus acogedores comedores interiores, te recibir\u00e1n con una sonrisa y te costar\u00e1 elegir entre los platos que ofrecen. Nos encant\u00f3 su risotto y, por desgracia, ya no nos quedaba sitio para sus pasteles, que ten\u00edan una pinta deliciosa. \u00a1Lo recomendamos!<\/li>\n<\/ul>\n<div id=\"attachment_53188\" style=\"width: 1810px\" class=\"wp-caption alignnone\"><img decoding=\"async\" aria-describedby=\"caption-attachment-53188\" class=\"wp-image-53188 size-full\" src=\"https:\/\/decouvrirensemble.com\/wp-content\/uploads\/2024\/05\/la-forge-uza.jpg\" alt=\"la forge uza\" width=\"1800\" height=\"1200\" srcset=\"https:\/\/decouvrirensemble.com\/wp-content\/uploads\/2024\/05\/la-forge-uza.jpg 1800w, https:\/\/decouvrirensemble.com\/wp-content\/uploads\/2024\/05\/la-forge-uza-300x200.jpg 300w, https:\/\/decouvrirensemble.com\/wp-content\/uploads\/2024\/05\/la-forge-uza-1024x683.jpg 1024w, https:\/\/decouvrirensemble.com\/wp-content\/uploads\/2024\/05\/la-forge-uza-768x512.jpg 768w, https:\/\/decouvrirensemble.com\/wp-content\/uploads\/2024\/05\/la-forge-uza-1536x1024.jpg 1536w, https:\/\/decouvrirensemble.com\/wp-content\/uploads\/2024\/05\/la-forge-uza-600x400.jpg 600w\" sizes=\"(max-width: 1800px) 100vw, 1800px\" \/><p id=\"caption-attachment-53188\" class=\"wp-caption-text\">La Forja Uza<\/p><\/div>\n<p>Si buscas buenos restaurantes en Hossegor, \u00a1te invitamos a descubrir nuestro art\u00edculo dedicado a este tema!<\/p>\n<p>[article-hossegor]<\/p>\n<h2 id=\"dormir\"><span class=\"ez-toc-section\" id=\"%C2%BFDonde_dormir_durante_una_estancia_en_las_Landas\"><\/span>\u00bfD\u00f3nde dormir durante una estancia en las Landas?<span class=\"ez-toc-section-end\"><\/span><\/h2>\n<h3><span class=\"ez-toc-section\" id=\"Las_casas_Huraia\"><\/span>Las casas Huraia<span class=\"ez-toc-section-end\"><\/span><\/h3>\n<p>Nos alojamos en la caba\u00f1a de pescadores de Maisons Huraia y nos encant\u00f3 la tranquilidad y la comodidad del entorno. La caba\u00f1a cuenta con un dormitorio con cama de matrimonio y otro con literas, lo que la convierte en el lugar ideal para unas vacaciones en familia o con amigos.<\/p>\n<p>Tambi\u00e9n tendr\u00e1s acceso a un amplio sal\u00f3n, una bonita terraza con mesa de comedor y muebles de exterior, as\u00ed como a un gran jard\u00edn con piscina. La decoraci\u00f3n est\u00e1 elegida con mucho gusto; nos sentimos como en casa durante nuestra estancia. \u00a1Te recomendamos este lugar al 100 %!<\/p>\n    <div class=\"niceButton\"><a href=\"https:\/\/www.les-maisons-huraia.com\/\" target=\"_blank\" class=\"emojiLink\">\n                    <span class=\"emojiLink__emoji\">\u2764\ufe0f<\/span>\n                <span class=\"emojiLink__title title title--big\">Ver disponibilidad<\/span>\n    <\/a><\/div>\n\n    \n<img decoding=\"async\" class=\"alignnone size-full wp-image-53203\" src=\"https:\/\/decouvrirensemble.com\/wp-content\/uploads\/2024\/05\/ou-dormir-les-landes.jpg\" alt=\"o\u00f9 dormir les landes\" width=\"1800\" height=\"1200\" srcset=\"https:\/\/decouvrirensemble.com\/wp-content\/uploads\/2024\/05\/ou-dormir-les-landes.jpg 1800w, https:\/\/decouvrirensemble.com\/wp-content\/uploads\/2024\/05\/ou-dormir-les-landes-300x200.jpg 300w, https:\/\/decouvrirensemble.com\/wp-content\/uploads\/2024\/05\/ou-dormir-les-landes-1024x683.jpg 1024w, https:\/\/decouvrirensemble.com\/wp-content\/uploads\/2024\/05\/ou-dormir-les-landes-768x512.jpg 768w, https:\/\/decouvrirensemble.com\/wp-content\/uploads\/2024\/05\/ou-dormir-les-landes-1536x1024.jpg 1536w, https:\/\/decouvrirensemble.com\/wp-content\/uploads\/2024\/05\/ou-dormir-les-landes-600x400.jpg 600w\" sizes=\"(max-width: 1800px) 100vw, 1800px\" \/>\n<img decoding=\"async\" class=\"alignnone size-full wp-image-53200\" src=\"https:\/\/decouvrirensemble.com\/wp-content\/uploads\/2024\/05\/Les-Maisons-Huraia.jpg\" alt=\"les maisons huraia\" width=\"1800\" height=\"1200\" srcset=\"https:\/\/decouvrirensemble.com\/wp-content\/uploads\/2024\/05\/Les-Maisons-Huraia.jpg 1800w, https:\/\/decouvrirensemble.com\/wp-content\/uploads\/2024\/05\/Les-Maisons-Huraia-300x200.jpg 300w, https:\/\/decouvrirensemble.com\/wp-content\/uploads\/2024\/05\/Les-Maisons-Huraia-1024x683.jpg 1024w, https:\/\/decouvrirensemble.com\/wp-content\/uploads\/2024\/05\/Les-Maisons-Huraia-768x512.jpg 768w, https:\/\/decouvrirensemble.com\/wp-content\/uploads\/2024\/05\/Les-Maisons-Huraia-1536x1024.jpg 1536w, https:\/\/decouvrirensemble.com\/wp-content\/uploads\/2024\/05\/Les-Maisons-Huraia-600x400.jpg 600w\" sizes=\"(max-width: 1800px) 100vw, 1800px\" \/>\n<img decoding=\"async\" class=\"alignnone size-full wp-image-53197\" src=\"https:\/\/decouvrirensemble.com\/wp-content\/uploads\/2024\/05\/Les-Maisons-Huraia-landes.jpg\" alt=\"les maisons huraia landes\" width=\"1800\" height=\"1200\" srcset=\"https:\/\/decouvrirensemble.com\/wp-content\/uploads\/2024\/05\/Les-Maisons-Huraia-landes.jpg 1800w, https:\/\/decouvrirensemble.com\/wp-content\/uploads\/2024\/05\/Les-Maisons-Huraia-landes-300x200.jpg 300w, https:\/\/decouvrirensemble.com\/wp-content\/uploads\/2024\/05\/Les-Maisons-Huraia-landes-1024x683.jpg 1024w, https:\/\/decouvrirensemble.com\/wp-content\/uploads\/2024\/05\/Les-Maisons-Huraia-landes-768x512.jpg 768w, https:\/\/decouvrirensemble.com\/wp-content\/uploads\/2024\/05\/Les-Maisons-Huraia-landes-1536x1024.jpg 1536w, https:\/\/decouvrirensemble.com\/wp-content\/uploads\/2024\/05\/Les-Maisons-Huraia-landes-600x400.jpg 600w\" sizes=\"(max-width: 1800px) 100vw, 1800px\" \/>\n<h2 id=\"organiser\"><span class=\"ez-toc-section\" id=\"%C2%BFComo_organizar_bien_un_viaje_a_las_Landas\"><\/span>\u00bfC\u00f3mo organizar bien un viaje a las Landas?<span class=\"ez-toc-section-end\"><\/span><\/h2>\n<h3><span class=\"ez-toc-section\" id=\"%C2%BFComo_llegar_a_las_Landas\"><\/span>\u00bfC\u00f3mo llegar a las Landas?<span class=\"ez-toc-section-end\"><\/span><\/h3>\n<p>Para encontrar la mejor opci\u00f3n de transporte para <strong>visitar las Landas<\/strong>, te recomendamos que consultes siempre el comparador OMIO. Este te permitir\u00e1 ver todas las opciones de transporte disponibles. As\u00ed podr\u00e1s comparar precios muy f\u00e1cilmente.<\/p>\n<p>Por nuestra parte, fuimos a las Landas pasando por Dax desde Par\u00eds en tren. El trayecto dura algo m\u00e1s de tres horas y media; es muy r\u00e1pido y pr\u00e1ctico. Despu\u00e9s alquilamos un coche en la estaci\u00f3n para poder movernos por la regi\u00f3n con total libertad.&nbsp;<\/p>\n    <div class=\"niceButton\"><a href=\"https:\/\/www.omio.es\/?cjdata=MXxZfDB8WXww&#038;utm_source=affiliate_CJ&#038;utm_medium=cpc&#038;utm_term=100603082_13394886&#038;%20amp;cjevent=587f293bfd3811f08328022b0a18ba73&#038;CID=1550979&#038;TYPE=426669&#038;utm_campaign=affiliate_PRSP_FR_WEB_S_General_CPO\" target=\"_blank\" class=\"emojiLink\">\n                    <span class=\"emojiLink__emoji\">\ud83d\ude80<\/span>\n                <span class=\"emojiLink__title title title--big\">M\u00e1s informaci\u00f3n<\/span>\n    <\/a><\/div>\n\n    \n<h3><span class=\"ez-toc-section\" id=\"%C2%BFComo_alquilar_un_coche_al_mejor_precio\"><\/span>\u00bfC\u00f3mo alquilar un coche al mejor precio?<span class=\"ez-toc-section-end\"><\/span><\/h3>\n<p>Si desea alquilar un coche durante sus vacaciones en las Landas, le recomendamos que consulte la p\u00e1gina web de RentalCars. All\u00ed encontrar\u00e1 los mejores precios y condiciones para su alquiler. Por nuestra parte, alquilamos un veh\u00edculo en AVIS, situada justo en el aparcamiento de la estaci\u00f3n de TGV de Dax.&nbsp;<\/p>\n    <div class=\"niceButton\"><a href=\"https:\/\/www.rentalcars.com\/es\/?adplat=100603082&#038;adcamp=&#038;adco=13881394&#038;affiliateCode=cjemea&#038;click_id=1bf2b216b08611ed804090d20a18b8fa\" target=\"_blank\" class=\"emojiLink\">\n                    <span class=\"emojiLink__emoji\">\ud83d\ude97<\/span>\n                <span class=\"emojiLink__title title title--big\">M\u00e1s informaci\u00f3n<\/span>\n    <\/a><\/div>\n\n    \n<img decoding=\"async\" class=\"alignnone size-full wp-image-53215\" src=\"https:\/\/decouvrirensemble.com\/wp-content\/uploads\/2024\/05\/que-faire-dans-les-landes-week-end.jpg\" alt=\"que faire dans les landes\" width=\"1800\" height=\"1200\" srcset=\"https:\/\/decouvrirensemble.com\/wp-content\/uploads\/2024\/05\/que-faire-dans-les-landes-week-end.jpg 1800w, https:\/\/decouvrirensemble.com\/wp-content\/uploads\/2024\/05\/que-faire-dans-les-landes-week-end-300x200.jpg 300w, https:\/\/decouvrirensemble.com\/wp-content\/uploads\/2024\/05\/que-faire-dans-les-landes-week-end-1024x683.jpg 1024w, https:\/\/decouvrirensemble.com\/wp-content\/uploads\/2024\/05\/que-faire-dans-les-landes-week-end-768x512.jpg 768w, https:\/\/decouvrirensemble.com\/wp-content\/uploads\/2024\/05\/que-faire-dans-les-landes-week-end-1536x1024.jpg 1536w, https:\/\/decouvrirensemble.com\/wp-content\/uploads\/2024\/05\/que-faire-dans-les-landes-week-end-600x400.jpg 600w\" sizes=\"(max-width: 1800px) 100vw, 1800px\" \/>\n<h2 id=\"avis\"><span class=\"ez-toc-section\" id=\"Nuestra_opinion_sobre_las_Landas\"><\/span>Nuestra opini\u00f3n sobre las Landas<span class=\"ez-toc-section-end\"><\/span><\/h2>\n<p>Durante nuestra estancia en las Landas, pudimos conocer esta regi\u00f3n tranquila y acogedora. Tanto si te gusta la naturaleza, los pueblecitos con encanto o las grandes playas y los deportes acu\u00e1ticos, seguro que encontrar\u00e1s lo que buscas en las Landas.<\/p>\n<p>Por nuestra parte, nos encant\u00f3 la acogida y el ambiente, la belleza de los bosques de pinos, la inmensidad de las playas y las vistas al oc\u00e9ano, as\u00ed como la ciudad de Hossegor, que fue una agradable sorpresa. Esperamos que os guste <strong>nuestra lista de cosas que no os pod\u00e9is perder en las Landas<\/strong>, y estamos deseando ampliarla con nuestros pr\u00f3ximos descubrimientos por all\u00ed.<\/p>\n<div id=\"attachment_53212\" style=\"width: 1810px\" class=\"wp-caption alignnone\"><img decoding=\"async\" aria-describedby=\"caption-attachment-53212\" class=\"wp-image-53212 size-full\" src=\"https:\/\/decouvrirensemble.com\/wp-content\/uploads\/2024\/05\/que-faire-dans-les-landes-blog.jpg\" alt=\"que faire dans les landes\" width=\"1800\" height=\"1200\" srcset=\"https:\/\/decouvrirensemble.com\/wp-content\/uploads\/2024\/05\/que-faire-dans-les-landes-blog.jpg 1800w, https:\/\/decouvrirensemble.com\/wp-content\/uploads\/2024\/05\/que-faire-dans-les-landes-blog-300x200.jpg 300w, https:\/\/decouvrirensemble.com\/wp-content\/uploads\/2024\/05\/que-faire-dans-les-landes-blog-1024x683.jpg 1024w, https:\/\/decouvrirensemble.com\/wp-content\/uploads\/2024\/05\/que-faire-dans-les-landes-blog-768x512.jpg 768w, https:\/\/decouvrirensemble.com\/wp-content\/uploads\/2024\/05\/que-faire-dans-les-landes-blog-1536x1024.jpg 1536w, https:\/\/decouvrirensemble.com\/wp-content\/uploads\/2024\/05\/que-faire-dans-les-landes-blog-600x400.jpg 600w\" sizes=\"(max-width: 1800px) 100vw, 1800px\" \/><p id=\"caption-attachment-53212\" class=\"wp-caption-text\">\u00a1Que pases unas buenas vacaciones en las Landas!<\/p><\/div>\n<p>[merci]<\/p>\n\n\n<div class=\"kk-star-ratings kksr-auto kksr-align-left kksr-valign-bottom\"\n    data-payload='{&quot;align&quot;:&quot;left&quot;,&quot;id&quot;:&quot;65656&quot;,&quot;slug&quot;:&quot;default&quot;,&quot;valign&quot;:&quot;bottom&quot;,&quot;ignore&quot;:&quot;&quot;,&quot;reference&quot;:&quot;auto&quot;,&quot;class&quot;:&quot;&quot;,&quot;count&quot;:&quot;2&quot;,&quot;legendonly&quot;:&quot;&quot;,&quot;readonly&quot;:&quot;&quot;,&quot;score&quot;:&quot;5&quot;,&quot;starsonly&quot;:&quot;&quot;,&quot;best&quot;:&quot;5&quot;,&quot;gap&quot;:&quot;4&quot;,&quot;greet&quot;:&quot;Sea el primero en valorar esta entrada de blog.&quot;,&quot;legend&quot;:&quot;5\\\/5 - (2 votos)&quot;,&quot;size&quot;:&quot;21&quot;,&quot;title&quot;:&quot;Qu\u00e9 ver en las Landas: los mejores lugares&quot;,&quot;width&quot;:&quot;123&quot;,&quot;_legend&quot;:&quot;{score}\\\/{best} - ({count} {votes})&quot;,&quot;font_factor&quot;:&quot;1.25&quot;}'>\n            \n<div class=\"kksr-stars\">\n    \n<div class=\"kksr-stars-inactive\">\n            <div class=\"kksr-star\" data-star=\"1\" style=\"padding-right: 4px\">\n            \n\n<div class=\"kksr-icon\" style=\"width: 21px; height: 21px;\"><\/div>\n        <\/div>\n            <div class=\"kksr-star\" data-star=\"2\" style=\"padding-right: 4px\">\n            \n\n<div class=\"kksr-icon\" style=\"width: 21px; height: 21px;\"><\/div>\n        <\/div>\n            <div class=\"kksr-star\" data-star=\"3\" style=\"padding-right: 4px\">\n            \n\n<div class=\"kksr-icon\" style=\"width: 21px; height: 21px;\"><\/div>\n        <\/div>\n            <div class=\"kksr-star\" data-star=\"4\" style=\"padding-right: 4px\">\n            \n\n<div class=\"kksr-icon\" style=\"width: 21px; height: 21px;\"><\/div>\n        <\/div>\n            <div class=\"kksr-star\" data-star=\"5\" style=\"padding-right: 4px\">\n            \n\n<div class=\"kksr-icon\" style=\"width: 21px; height: 21px;\"><\/div>\n        <\/div>\n    <\/div>\n    \n<div class=\"kksr-stars-active\" style=\"width: 123px;\">\n            <div class=\"kksr-star\" style=\"padding-right: 4px\">\n            \n\n<div class=\"kksr-icon\" style=\"width: 21px; height: 21px;\"><\/div>\n        <\/div>\n            <div class=\"kksr-star\" style=\"padding-right: 4px\">\n            \n\n<div class=\"kksr-icon\" style=\"width: 21px; height: 21px;\"><\/div>\n        <\/div>\n            <div class=\"kksr-star\" style=\"padding-right: 4px\">\n            \n\n<div class=\"kksr-icon\" style=\"width: 21px; height: 21px;\"><\/div>\n        <\/div>\n            <div class=\"kksr-star\" style=\"padding-right: 4px\">\n            \n\n<div class=\"kksr-icon\" style=\"width: 21px; height: 21px;\"><\/div>\n        <\/div>\n            <div class=\"kksr-star\" style=\"padding-right: 4px\">\n            \n\n<div class=\"kksr-icon\" style=\"width: 21px; height: 21px;\"><\/div>\n        <\/div>\n    <\/div>\n<\/div>\n                \n\n<div class=\"kksr-legend\" style=\"font-size: 16.8px;\">\n            5\/5 - (2 votos)    <\/div>\n    <\/div>\n","protected":false},"excerpt":{"rendered":"<p>\u00bfBuscas ideas sobre qu\u00e9 ver en las Landas para tus pr\u00f3ximas vacaciones en Francia? \u00a1Est\u00e1s en el blog de viajes adecuado! Hoy te ofrecemos una lista de actividades que no te puedes perder durante tus vacaciones en las Landas.<\/p>\n","protected":false},"author":1,"featured_media":53220,"comment_status":"open","ping_status":"closed","sticky":false,"template":"","format":"standard","meta":{"_acf_changed":false,"_lmt_disableupdate":"no","_lmt_disable":"no","footnotes":""},"categories":[502,462],"tags":[],"class_list":["post-65656","post","type-post","status-publish","format-standard","has-post-thumbnail","hentry","category-francia","category-guias-de-viajes"],"acf":[],"yoast_head":"<!-- This site is optimized with the Yoast SEO plugin v27.4 - https:\/\/yoast.com\/product\/yoast-seo-wordpress\/ -->\n<title>Qu\u00e9 ver en las Landas: los mejores lugares<\/title>\n<meta name=\"description\" content=\"\u00bfBuscas ideas sobre qu\u00e9 ver en las Landas durante tus vacaciones? Descubre nuestras sugerencias de actividades y lugares recomendados.\" \/>\n<meta name=\"robots\" content=\"index, follow, max-snippet:-1, max-image-preview:large, max-video-preview:-1\" \/>\n<link rel=\"canonical\" href=\"https:\/\/decouvrirensemble.com\/es\/que-ver-en-las-landas\" \/>\n<meta property=\"og:locale\" content=\"es_ES\" \/>\n<meta property=\"og:type\" content=\"article\" \/>\n<meta property=\"og:title\" content=\"Qu\u00e9 ver en las Landas: los mejores lugares\" \/>\n<meta property=\"og:description\" content=\"\u00bfBuscas ideas sobre qu\u00e9 ver en las Landas durante tus vacaciones? Descubre nuestras sugerencias de actividades y lugares recomendados.\" \/>\n<meta property=\"og:url\" content=\"https:\/\/decouvrirensemble.com\/es\/que-ver-en-las-landas\" \/>\n<meta property=\"og:site_name\" content=\"Blog Voyage - D\u00e9couvrir Ensemble\" \/>\n<meta property=\"article:published_time\" content=\"2024-05-18T09:50:35+00:00\" \/>\n<meta property=\"article:modified_time\" content=\"2026-04-13T12:40:30+00:00\" \/>\n<meta property=\"og:image\" content=\"https:\/\/decouvrirensemble.com\/wp-content\/uploads\/2024\/05\/que-faire-dans-les-landes.jpg\" \/>\n\t<meta property=\"og:image:width\" content=\"1800\" \/>\n\t<meta property=\"og:image:height\" content=\"1200\" \/>\n\t<meta property=\"og:image:type\" content=\"image\/jpeg\" \/>\n<meta name=\"author\" content=\"Cl\u00e9mence &amp; Alexandre\" \/>\n<meta name=\"twitter:card\" content=\"summary_large_image\" \/>\n<meta name=\"twitter:creator\" content=\"@dcouvrirensmble\" \/>\n<meta name=\"twitter:site\" content=\"@dcouvrirensmble\" \/>\n<meta name=\"twitter:label1\" content=\"Escrito por\" \/>\n\t<meta name=\"twitter:data1\" content=\"Cl\u00e9mence &amp; Alexandre\" \/>\n\t<meta name=\"twitter:label2\" content=\"Tiempo de lectura\" \/>\n\t<meta name=\"twitter:data2\" content=\"12 minutos\" \/>\n<script type=\"application\/ld+json\" class=\"yoast-schema-graph\">{\"@context\":\"https:\\\/\\\/schema.org\",\"@graph\":[{\"@type\":\"Article\",\"@id\":\"https:\\\/\\\/decouvrirensemble.com\\\/es\\\/que-ver-en-las-landas#article\",\"isPartOf\":{\"@id\":\"https:\\\/\\\/decouvrirensemble.com\\\/es\\\/que-ver-en-las-landas\"},\"author\":{\"name\":\"Cl\u00e9mence &amp; Alexandre\",\"@id\":\"https:\\\/\\\/decouvrirensemble.com\\\/es#\\\/schema\\\/person\\\/a53efd44d02eb7f9ab90f96e84a9d2ba\"},\"headline\":\"Qu\u00e9 ver en las Landas: los mejores lugares\",\"datePublished\":\"2024-05-18T09:50:35+00:00\",\"dateModified\":\"2026-04-13T12:40:30+00:00\",\"mainEntityOfPage\":{\"@id\":\"https:\\\/\\\/decouvrirensemble.com\\\/es\\\/que-ver-en-las-landas\"},\"wordCount\":1525,\"commentCount\":0,\"publisher\":{\"@id\":\"https:\\\/\\\/decouvrirensemble.com\\\/es#\\\/schema\\\/person\\\/a53efd44d02eb7f9ab90f96e84a9d2ba\"},\"image\":{\"@id\":\"https:\\\/\\\/decouvrirensemble.com\\\/es\\\/que-ver-en-las-landas#primaryimage\"},\"thumbnailUrl\":\"https:\\\/\\\/decouvrirensemble.com\\\/wp-content\\\/uploads\\\/2024\\\/05\\\/que-faire-dans-les-landes.jpg\",\"articleSection\":[\"Francia\",\"Gu\u00edas de viajes\"],\"inLanguage\":\"es\",\"potentialAction\":[{\"@type\":\"CommentAction\",\"name\":\"Comment\",\"target\":[\"https:\\\/\\\/decouvrirensemble.com\\\/es\\\/que-ver-en-las-landas#respond\"]}]},{\"@type\":\"WebPage\",\"@id\":\"https:\\\/\\\/decouvrirensemble.com\\\/es\\\/que-ver-en-las-landas\",\"url\":\"https:\\\/\\\/decouvrirensemble.com\\\/es\\\/que-ver-en-las-landas\",\"name\":\"Qu\u00e9 ver en las Landas: los mejores lugares\",\"isPartOf\":{\"@id\":\"https:\\\/\\\/decouvrirensemble.com\\\/es#website\"},\"primaryImageOfPage\":{\"@id\":\"https:\\\/\\\/decouvrirensemble.com\\\/es\\\/que-ver-en-las-landas#primaryimage\"},\"image\":{\"@id\":\"https:\\\/\\\/decouvrirensemble.com\\\/es\\\/que-ver-en-las-landas#primaryimage\"},\"thumbnailUrl\":\"https:\\\/\\\/decouvrirensemble.com\\\/wp-content\\\/uploads\\\/2024\\\/05\\\/que-faire-dans-les-landes.jpg\",\"datePublished\":\"2024-05-18T09:50:35+00:00\",\"dateModified\":\"2026-04-13T12:40:30+00:00\",\"description\":\"\u00bfBuscas ideas sobre qu\u00e9 ver en las Landas durante tus vacaciones? Descubre nuestras sugerencias de actividades y lugares recomendados.\",\"breadcrumb\":{\"@id\":\"https:\\\/\\\/decouvrirensemble.com\\\/es\\\/que-ver-en-las-landas#breadcrumb\"},\"inLanguage\":\"es\",\"potentialAction\":[{\"@type\":\"ReadAction\",\"target\":[\"https:\\\/\\\/decouvrirensemble.com\\\/es\\\/que-ver-en-las-landas\"]}]},{\"@type\":\"ImageObject\",\"inLanguage\":\"es\",\"@id\":\"https:\\\/\\\/decouvrirensemble.com\\\/es\\\/que-ver-en-las-landas#primaryimage\",\"url\":\"https:\\\/\\\/decouvrirensemble.com\\\/wp-content\\\/uploads\\\/2024\\\/05\\\/que-faire-dans-les-landes.jpg\",\"contentUrl\":\"https:\\\/\\\/decouvrirensemble.com\\\/wp-content\\\/uploads\\\/2024\\\/05\\\/que-faire-dans-les-landes.jpg\",\"width\":1800,\"height\":1200,\"caption\":\"que faire dans les landes\"},{\"@type\":\"BreadcrumbList\",\"@id\":\"https:\\\/\\\/decouvrirensemble.com\\\/es\\\/que-ver-en-las-landas#breadcrumb\",\"itemListElement\":[{\"@type\":\"ListItem\",\"position\":1,\"name\":\"Accueil\",\"item\":\"https:\\\/\\\/decouvrirensemble.com\\\/es\"},{\"@type\":\"ListItem\",\"position\":2,\"name\":\"Gu\u00edas de viajes\",\"item\":\"https:\\\/\\\/decouvrirensemble.com\\\/es\\\/guias-de-viajes\"},{\"@type\":\"ListItem\",\"position\":3,\"name\":\"Qu\u00e9 ver en las Landas: los mejores lugares\"}]},{\"@type\":\"WebSite\",\"@id\":\"https:\\\/\\\/decouvrirensemble.com\\\/es#website\",\"url\":\"https:\\\/\\\/decouvrirensemble.com\\\/es\",\"name\":\"Blog Voyage - D\u00e9couvrir Ensemble\",\"description\":\"Le Blog Voyage de Clem et Alex\",\"publisher\":{\"@id\":\"https:\\\/\\\/decouvrirensemble.com\\\/es#\\\/schema\\\/person\\\/a53efd44d02eb7f9ab90f96e84a9d2ba\"},\"potentialAction\":[{\"@type\":\"SearchAction\",\"target\":{\"@type\":\"EntryPoint\",\"urlTemplate\":\"https:\\\/\\\/decouvrirensemble.com\\\/es?s={search_term_string}\"},\"query-input\":{\"@type\":\"PropertyValueSpecification\",\"valueRequired\":true,\"valueName\":\"search_term_string\"}}],\"inLanguage\":\"es\"},{\"@type\":[\"Person\",\"Organization\"],\"@id\":\"https:\\\/\\\/decouvrirensemble.com\\\/es#\\\/schema\\\/person\\\/a53efd44d02eb7f9ab90f96e84a9d2ba\",\"name\":\"Cl\u00e9mence &amp; Alexandre\",\"image\":{\"@type\":\"ImageObject\",\"inLanguage\":\"es\",\"@id\":\"https:\\\/\\\/decouvrirensemble.com\\\/wp-content\\\/uploads\\\/2024\\\/04\\\/logo-decouvrir-ensemble-blog-voyage.jpg\",\"url\":\"https:\\\/\\\/decouvrirensemble.com\\\/wp-content\\\/uploads\\\/2024\\\/04\\\/logo-decouvrir-ensemble-blog-voyage.jpg\",\"contentUrl\":\"https:\\\/\\\/decouvrirensemble.com\\\/wp-content\\\/uploads\\\/2024\\\/04\\\/logo-decouvrir-ensemble-blog-voyage.jpg\",\"width\":1563,\"height\":529,\"caption\":\"Cl\u00e9mence &amp; Alexandre\"},\"logo\":{\"@id\":\"https:\\\/\\\/decouvrirensemble.com\\\/wp-content\\\/uploads\\\/2024\\\/04\\\/logo-decouvrir-ensemble-blog-voyage.jpg\"},\"sameAs\":[\"https:\\\/\\\/decouvrirensemble.com\\\/\"]}]}<\/script>\n<!-- \/ Yoast SEO plugin. -->","yoast_head_json":{"title":"Qu\u00e9 ver en las Landas: los mejores lugares","description":"\u00bfBuscas ideas sobre qu\u00e9 ver en las Landas durante tus vacaciones? Descubre nuestras sugerencias de actividades y lugares recomendados.","robots":{"index":"index","follow":"follow","max-snippet":"max-snippet:-1","max-image-preview":"max-image-preview:large","max-video-preview":"max-video-preview:-1"},"canonical":"https:\/\/decouvrirensemble.com\/es\/que-ver-en-las-landas","og_locale":"es_ES","og_type":"article","og_title":"Qu\u00e9 ver en las Landas: los mejores lugares","og_description":"\u00bfBuscas ideas sobre qu\u00e9 ver en las Landas durante tus vacaciones? Descubre nuestras sugerencias de actividades y lugares recomendados.","og_url":"https:\/\/decouvrirensemble.com\/es\/que-ver-en-las-landas","og_site_name":"Blog Voyage - D\u00e9couvrir Ensemble","article_published_time":"2024-05-18T09:50:35+00:00","article_modified_time":"2026-04-13T12:40:30+00:00","og_image":[{"width":1800,"height":1200,"url":"https:\/\/decouvrirensemble.com\/wp-content\/uploads\/2024\/05\/que-faire-dans-les-landes.jpg","type":"image\/jpeg"}],"author":"Cl\u00e9mence &amp; Alexandre","twitter_card":"summary_large_image","twitter_creator":"@dcouvrirensmble","twitter_site":"@dcouvrirensmble","twitter_misc":{"Escrito por":"Cl\u00e9mence &amp; Alexandre","Tiempo de lectura":"12 minutos"},"schema":{"@context":"https:\/\/schema.org","@graph":[{"@type":"Article","@id":"https:\/\/decouvrirensemble.com\/es\/que-ver-en-las-landas#article","isPartOf":{"@id":"https:\/\/decouvrirensemble.com\/es\/que-ver-en-las-landas"},"author":{"name":"Cl\u00e9mence &amp; Alexandre","@id":"https:\/\/decouvrirensemble.com\/es#\/schema\/person\/a53efd44d02eb7f9ab90f96e84a9d2ba"},"headline":"Qu\u00e9 ver en las Landas: los mejores lugares","datePublished":"2024-05-18T09:50:35+00:00","dateModified":"2026-04-13T12:40:30+00:00","mainEntityOfPage":{"@id":"https:\/\/decouvrirensemble.com\/es\/que-ver-en-las-landas"},"wordCount":1525,"commentCount":0,"publisher":{"@id":"https:\/\/decouvrirensemble.com\/es#\/schema\/person\/a53efd44d02eb7f9ab90f96e84a9d2ba"},"image":{"@id":"https:\/\/decouvrirensemble.com\/es\/que-ver-en-las-landas#primaryimage"},"thumbnailUrl":"https:\/\/decouvrirensemble.com\/wp-content\/uploads\/2024\/05\/que-faire-dans-les-landes.jpg","articleSection":["Francia","Gu\u00edas de viajes"],"inLanguage":"es","potentialAction":[{"@type":"CommentAction","name":"Comment","target":["https:\/\/decouvrirensemble.com\/es\/que-ver-en-las-landas#respond"]}]},{"@type":"WebPage","@id":"https:\/\/decouvrirensemble.com\/es\/que-ver-en-las-landas","url":"https:\/\/decouvrirensemble.com\/es\/que-ver-en-las-landas","name":"Qu\u00e9 ver en las Landas: los mejores lugares","isPartOf":{"@id":"https:\/\/decouvrirensemble.com\/es#website"},"primaryImageOfPage":{"@id":"https:\/\/decouvrirensemble.com\/es\/que-ver-en-las-landas#primaryimage"},"image":{"@id":"https:\/\/decouvrirensemble.com\/es\/que-ver-en-las-landas#primaryimage"},"thumbnailUrl":"https:\/\/decouvrirensemble.com\/wp-content\/uploads\/2024\/05\/que-faire-dans-les-landes.jpg","datePublished":"2024-05-18T09:50:35+00:00","dateModified":"2026-04-13T12:40:30+00:00","description":"\u00bfBuscas ideas sobre qu\u00e9 ver en las Landas durante tus vacaciones? Descubre nuestras sugerencias de actividades y lugares recomendados.","breadcrumb":{"@id":"https:\/\/decouvrirensemble.com\/es\/que-ver-en-las-landas#breadcrumb"},"inLanguage":"es","potentialAction":[{"@type":"ReadAction","target":["https:\/\/decouvrirensemble.com\/es\/que-ver-en-las-landas"]}]},{"@type":"ImageObject","inLanguage":"es","@id":"https:\/\/decouvrirensemble.com\/es\/que-ver-en-las-landas#primaryimage","url":"https:\/\/decouvrirensemble.com\/wp-content\/uploads\/2024\/05\/que-faire-dans-les-landes.jpg","contentUrl":"https:\/\/decouvrirensemble.com\/wp-content\/uploads\/2024\/05\/que-faire-dans-les-landes.jpg","width":1800,"height":1200,"caption":"que faire dans les landes"},{"@type":"BreadcrumbList","@id":"https:\/\/decouvrirensemble.com\/es\/que-ver-en-las-landas#breadcrumb","itemListElement":[{"@type":"ListItem","position":1,"name":"Accueil","item":"https:\/\/decouvrirensemble.com\/es"},{"@type":"ListItem","position":2,"name":"Gu\u00edas de viajes","item":"https:\/\/decouvrirensemble.com\/es\/guias-de-viajes"},{"@type":"ListItem","position":3,"name":"Qu\u00e9 ver en las Landas: los mejores lugares"}]},{"@type":"WebSite","@id":"https:\/\/decouvrirensemble.com\/es#website","url":"https:\/\/decouvrirensemble.com\/es","name":"Blog Voyage - D\u00e9couvrir Ensemble","description":"Le Blog Voyage de Clem et Alex","publisher":{"@id":"https:\/\/decouvrirensemble.com\/es#\/schema\/person\/a53efd44d02eb7f9ab90f96e84a9d2ba"},"potentialAction":[{"@type":"SearchAction","target":{"@type":"EntryPoint","urlTemplate":"https:\/\/decouvrirensemble.com\/es?s={search_term_string}"},"query-input":{"@type":"PropertyValueSpecification","valueRequired":true,"valueName":"search_term_string"}}],"inLanguage":"es"},{"@type":["Person","Organization"],"@id":"https:\/\/decouvrirensemble.com\/es#\/schema\/person\/a53efd44d02eb7f9ab90f96e84a9d2ba","name":"Cl\u00e9mence &amp; Alexandre","image":{"@type":"ImageObject","inLanguage":"es","@id":"https:\/\/decouvrirensemble.com\/wp-content\/uploads\/2024\/04\/logo-decouvrir-ensemble-blog-voyage.jpg","url":"https:\/\/decouvrirensemble.com\/wp-content\/uploads\/2024\/04\/logo-decouvrir-ensemble-blog-voyage.jpg","contentUrl":"https:\/\/decouvrirensemble.com\/wp-content\/uploads\/2024\/04\/logo-decouvrir-ensemble-blog-voyage.jpg","width":1563,"height":529,"caption":"Cl\u00e9mence &amp; Alexandre"},"logo":{"@id":"https:\/\/decouvrirensemble.com\/wp-content\/uploads\/2024\/04\/logo-decouvrir-ensemble-blog-voyage.jpg"},"sameAs":["https:\/\/decouvrirensemble.com\/"]}]}},"modified_by":"Cl\u00e9mence &amp; Alexandre","_links":{"self":[{"href":"https:\/\/decouvrirensemble.com\/es\/wp-json\/wp\/v2\/posts\/65656","targetHints":{"allow":["GET"]}}],"collection":[{"href":"https:\/\/decouvrirensemble.com\/es\/wp-json\/wp\/v2\/posts"}],"about":[{"href":"https:\/\/decouvrirensemble.com\/es\/wp-json\/wp\/v2\/types\/post"}],"author":[{"embeddable":true,"href":"https:\/\/decouvrirensemble.com\/es\/wp-json\/wp\/v2\/users\/1"}],"replies":[{"embeddable":true,"href":"https:\/\/decouvrirensemble.com\/es\/wp-json\/wp\/v2\/comments?post=65656"}],"version-history":[{"count":4,"href":"https:\/\/decouvrirensemble.com\/es\/wp-json\/wp\/v2\/posts\/65656\/revisions"}],"predecessor-version":[{"id":65660,"href":"https:\/\/decouvrirensemble.com\/es\/wp-json\/wp\/v2\/posts\/65656\/revisions\/65660"}],"wp:featuredmedia":[{"embeddable":true,"href":"https:\/\/decouvrirensemble.com\/es\/wp-json\/wp\/v2\/media\/53220"}],"wp:attachment":[{"href":"https:\/\/decouvrirensemble.com\/es\/wp-json\/wp\/v2\/media?parent=65656"}],"wp:term":[{"taxonomy":"category","embeddable":true,"href":"https:\/\/decouvrirensemble.com\/es\/wp-json\/wp\/v2\/categories?post=65656"},{"taxonomy":"post_tag","embeddable":true,"href":"https:\/\/decouvrirensemble.com\/es\/wp-json\/wp\/v2\/tags?post=65656"}],"curies":[{"name":"wp","href":"https:\/\/api.w.org\/{rel}","templated":true}]}}