{"id":65805,"date":"2026-04-14T15:28:14","date_gmt":"2026-04-14T13:28:14","guid":{"rendered":"https:\/\/decouvrirensemble.com\/pals-costa-brava-espagne"},"modified":"2026-04-16T14:41:32","modified_gmt":"2026-04-16T12:41:32","slug":"que-ver-en-pals","status":"publish","type":"post","link":"https:\/\/decouvrirensemble.com\/es\/que-ver-en-pals","title":{"rendered":"Qu\u00e9 ver en Pals, en la Costa Brava : Gu\u00eda completa"},"content":{"rendered":"<p><!-- Extrait (\u00e0 afficher avant l'intro) --><\/p>\n<p>Entre un pueblo medieval perfectamente conservado, unas vistas panor\u00e1micas y una gran playa a solo unos minutos, <strong>Pals<\/strong> re\u00fane todo lo que nos gusta de la <strong>Costa Brava<\/strong>.<\/p>\n<p>En esta gu\u00eda, te recomendamos lo que no te puedes perder, nuestros lugares favoritos y toda la informaci\u00f3n pr\u00e1ctica para organizar tu visita a <strong>Pals, en la Costa Brava<\/strong>.<\/p>\n<h2 id=\"que-faire\"><span class=\"ez-toc-section\" id=\"%C2%BFQue_ver_en_Pals_Nuestras_visitas_imprescindibles\"><\/span>\u00bfQu\u00e9 ver en Pals? Nuestras visitas imprescindibles<span class=\"ez-toc-section-end\"><\/span><\/h2>\n<h3><span class=\"ez-toc-section\" id=\"1_Pasear_por_el_centro_medieval\"><\/span>1. Pasear por el centro medieval<span class=\"ez-toc-section-end\"><\/span><\/h3>\n<p>Es imposible descubrir Pals sin perderse por su <strong>casco antiguo<\/strong>. Las callejuelas empedradas, las casas de piedra rubia y los balcones llenos de flores conforman un paisaje de postal. Es el lugar que m\u00e1s nos gust\u00f3 descubrir durante nuestra estancia en Pals.<\/p>\n<p>T\u00f3mate tu tiempo para contemplar los detalles arquitect\u00f3nicos, los arcos y las puertas antiguas: Pals es uno de los pueblos medievales mejor conservados de Catalu\u00f1a y uno de los m\u00e1s bellos de Espa\u00f1a.<\/p>\n<p>[costa-brava]<\/p>\n<div id=\"attachment_65797\" style=\"width: 1810px\" class=\"wp-caption alignnone\"><img decoding=\"async\" aria-describedby=\"caption-attachment-65797\" class=\"wp-image-65797 size-full\" src=\"https:\/\/decouvrirensemble.com\/wp-content\/uploads\/2026\/04\/pals-1.jpg\" alt=\"Pals costa brava espagne\" width=\"1800\" height=\"1200\" srcset=\"https:\/\/decouvrirensemble.com\/wp-content\/uploads\/2026\/04\/pals-1.jpg 1800w, https:\/\/decouvrirensemble.com\/wp-content\/uploads\/2026\/04\/pals-1-300x200.jpg 300w, https:\/\/decouvrirensemble.com\/wp-content\/uploads\/2026\/04\/pals-1-1024x683.jpg 1024w, https:\/\/decouvrirensemble.com\/wp-content\/uploads\/2026\/04\/pals-1-768x512.jpg 768w, https:\/\/decouvrirensemble.com\/wp-content\/uploads\/2026\/04\/pals-1-1536x1024.jpg 1536w, https:\/\/decouvrirensemble.com\/wp-content\/uploads\/2026\/04\/pals-1-600x400.jpg 600w\" sizes=\"(max-width: 1800px) 100vw, 1800px\" \/><p id=\"caption-attachment-65797\" class=\"wp-caption-text\">casco antiguo de Pals<\/p><\/div>\n<img decoding=\"async\" class=\"alignnone size-full wp-image-65793\" src=\"https:\/\/decouvrirensemble.com\/wp-content\/uploads\/2026\/04\/pals-3.jpg\" alt=\"\" width=\"1800\" height=\"1200\" srcset=\"https:\/\/decouvrirensemble.com\/wp-content\/uploads\/2026\/04\/pals-3.jpg 1800w, https:\/\/decouvrirensemble.com\/wp-content\/uploads\/2026\/04\/pals-3-300x200.jpg 300w, https:\/\/decouvrirensemble.com\/wp-content\/uploads\/2026\/04\/pals-3-1024x683.jpg 1024w, https:\/\/decouvrirensemble.com\/wp-content\/uploads\/2026\/04\/pals-3-768x512.jpg 768w, https:\/\/decouvrirensemble.com\/wp-content\/uploads\/2026\/04\/pals-3-1536x1024.jpg 1536w, https:\/\/decouvrirensemble.com\/wp-content\/uploads\/2026\/04\/pals-3-600x400.jpg 600w\" sizes=\"(max-width: 1800px) 100vw, 1800px\" \/>\n<h3><span class=\"ez-toc-section\" id=\"2_Subir_a_la_Torre_de_las_Horas\"><\/span>2. Subir a la Torre de las Horas<span class=\"ez-toc-section-end\"><\/span><\/h3>\n<p>La <strong>Torre de las Horas<\/strong> (siglo XI), s\u00edmbolo del pueblo, domina Pals. Desde lo alto, la vista abarca los tejados del pueblo, la llanura del Empord\u00e0, los arrozales y, en d\u00edas claros, el Mediterr\u00e1neo.<\/p>\n<p>Es uno de los miradores m\u00e1s bonitos para hacer fotos al amanecer o al atardecer.<\/p>\n<p>[peratallada]<\/p>\n<div id=\"attachment_65791\" style=\"width: 1810px\" class=\"wp-caption alignnone\"><img decoding=\"async\" aria-describedby=\"caption-attachment-65791\" class=\"size-full wp-image-65791\" src=\"https:\/\/decouvrirensemble.com\/wp-content\/uploads\/2026\/04\/pals-4.jpg\" alt=\"\" width=\"1800\" height=\"1200\" srcset=\"https:\/\/decouvrirensemble.com\/wp-content\/uploads\/2026\/04\/pals-4.jpg 1800w, https:\/\/decouvrirensemble.com\/wp-content\/uploads\/2026\/04\/pals-4-300x200.jpg 300w, https:\/\/decouvrirensemble.com\/wp-content\/uploads\/2026\/04\/pals-4-1024x683.jpg 1024w, https:\/\/decouvrirensemble.com\/wp-content\/uploads\/2026\/04\/pals-4-768x512.jpg 768w, https:\/\/decouvrirensemble.com\/wp-content\/uploads\/2026\/04\/pals-4-1536x1024.jpg 1536w, https:\/\/decouvrirensemble.com\/wp-content\/uploads\/2026\/04\/pals-4-600x400.jpg 600w\" sizes=\"(max-width: 1800px) 100vw, 1800px\" \/><p id=\"caption-attachment-65791\" class=\"wp-caption-text\">Torre de las Horas<\/p><\/div>\n<h3><span class=\"ez-toc-section\" id=\"3_Recorrer_las_murallas_y_los_miradores\"><\/span>3. Recorrer las murallas y los miradores<span class=\"ez-toc-section-end\"><\/span><\/h3>\n<p>Las antiguas <strong>murallas<\/strong> a\u00fan rodean parte del centro. Al recorrerlas, nos encontramos con varios <strong>miradores<\/strong> con vistas panor\u00e1micas del campo y las monta\u00f1as.<\/p>\n<p>\u00a1La luz del atardecer realza realmente los paisajes!<\/p>\n<img decoding=\"async\" class=\"alignnone size-full wp-image-65789\" src=\"https:\/\/decouvrirensemble.com\/wp-content\/uploads\/2026\/04\/pals-5.jpg\" alt=\"\" width=\"1800\" height=\"1200\" srcset=\"https:\/\/decouvrirensemble.com\/wp-content\/uploads\/2026\/04\/pals-5.jpg 1800w, https:\/\/decouvrirensemble.com\/wp-content\/uploads\/2026\/04\/pals-5-300x200.jpg 300w, https:\/\/decouvrirensemble.com\/wp-content\/uploads\/2026\/04\/pals-5-1024x683.jpg 1024w, https:\/\/decouvrirensemble.com\/wp-content\/uploads\/2026\/04\/pals-5-768x512.jpg 768w, https:\/\/decouvrirensemble.com\/wp-content\/uploads\/2026\/04\/pals-5-1536x1024.jpg 1536w, https:\/\/decouvrirensemble.com\/wp-content\/uploads\/2026\/04\/pals-5-600x400.jpg 600w\" sizes=\"(max-width: 1800px) 100vw, 1800px\" \/>\n<img decoding=\"async\" class=\"alignnone size-full wp-image-65787\" src=\"https:\/\/decouvrirensemble.com\/wp-content\/uploads\/2026\/04\/pals-6.jpg\" alt=\"\" width=\"1800\" height=\"1200\" srcset=\"https:\/\/decouvrirensemble.com\/wp-content\/uploads\/2026\/04\/pals-6.jpg 1800w, https:\/\/decouvrirensemble.com\/wp-content\/uploads\/2026\/04\/pals-6-300x200.jpg 300w, https:\/\/decouvrirensemble.com\/wp-content\/uploads\/2026\/04\/pals-6-1024x683.jpg 1024w, https:\/\/decouvrirensemble.com\/wp-content\/uploads\/2026\/04\/pals-6-768x512.jpg 768w, https:\/\/decouvrirensemble.com\/wp-content\/uploads\/2026\/04\/pals-6-1536x1024.jpg 1536w, https:\/\/decouvrirensemble.com\/wp-content\/uploads\/2026\/04\/pals-6-600x400.jpg 600w\" sizes=\"(max-width: 1800px) 100vw, 1800px\" \/>\n<h3><span class=\"ez-toc-section\" id=\"4_Visitar_la_iglesia_de_San_Pedro_Sant_Pere\"><\/span>4. Visitar la iglesia de San Pedro (Sant Pere)<span class=\"ez-toc-section-end\"><\/span><\/h3>\n<p>En el centro del pueblo, la <strong>iglesia de San Pedro<\/strong> refleja la historia de Pals. Su sobria fachada esconde un interior luminoso con elegantes capillas laterales.<\/p>\n<p>La plaza ofrece una bonita vista de las callejuelas empedradas, un lugar tranquilo para hacer fotos por la ma\u00f1ana.<\/p>\n<div id=\"attachment_65785\" style=\"width: 1810px\" class=\"wp-caption alignnone\"><img decoding=\"async\" aria-describedby=\"caption-attachment-65785\" class=\"size-full wp-image-65785\" src=\"https:\/\/decouvrirensemble.com\/wp-content\/uploads\/2026\/04\/pals-7.jpg\" alt=\"pals costa brava\" width=\"1800\" height=\"1200\" srcset=\"https:\/\/decouvrirensemble.com\/wp-content\/uploads\/2026\/04\/pals-7.jpg 1800w, https:\/\/decouvrirensemble.com\/wp-content\/uploads\/2026\/04\/pals-7-300x200.jpg 300w, https:\/\/decouvrirensemble.com\/wp-content\/uploads\/2026\/04\/pals-7-1024x683.jpg 1024w, https:\/\/decouvrirensemble.com\/wp-content\/uploads\/2026\/04\/pals-7-768x512.jpg 768w, https:\/\/decouvrirensemble.com\/wp-content\/uploads\/2026\/04\/pals-7-1536x1024.jpg 1536w, https:\/\/decouvrirensemble.com\/wp-content\/uploads\/2026\/04\/pals-7-600x400.jpg 600w\" sizes=\"(max-width: 1800px) 100vw, 1800px\" \/><p id=\"caption-attachment-65785\" class=\"wp-caption-text\">Iglesia de San Pedro<\/p><\/div>\n<img decoding=\"async\" class=\"alignnone size-full wp-image-65783\" src=\"https:\/\/decouvrirensemble.com\/wp-content\/uploads\/2026\/04\/pals-8.jpg\" alt=\"\" width=\"1800\" height=\"1200\" srcset=\"https:\/\/decouvrirensemble.com\/wp-content\/uploads\/2026\/04\/pals-8.jpg 1800w, https:\/\/decouvrirensemble.com\/wp-content\/uploads\/2026\/04\/pals-8-300x200.jpg 300w, https:\/\/decouvrirensemble.com\/wp-content\/uploads\/2026\/04\/pals-8-1024x683.jpg 1024w, https:\/\/decouvrirensemble.com\/wp-content\/uploads\/2026\/04\/pals-8-768x512.jpg 768w, https:\/\/decouvrirensemble.com\/wp-content\/uploads\/2026\/04\/pals-8-1536x1024.jpg 1536w, https:\/\/decouvrirensemble.com\/wp-content\/uploads\/2026\/04\/pals-8-600x400.jpg 600w\" sizes=\"(max-width: 1800px) 100vw, 1800px\" \/>\n<h3><span class=\"ez-toc-section\" id=\"5_Disfrutar_de_la_gran_playa_de_Pals\"><\/span>5. Disfrutar de la gran playa de Pals<span class=\"ez-toc-section-end\"><\/span><\/h3>\n<p>A 10 minutos en coche del centro, la <strong>Platja de Pals<\/strong> se extiende como una larga franja de arena frente a las islas Medes. Por la ma\u00f1ana, el agua est\u00e1 m\u00e1s tranquila para ba\u00f1arse; por la tarde, el viento crea las condiciones ideales para practicar deportes acu\u00e1ticos.<\/p>\n<ul>\n<li>Acceso y aparcamientos: hay varios aparcamientos (a menudo de pago en verano) a lo largo de la costa, con accesos se\u00f1alizados.<\/li>\n<li>Deportes acu\u00e1ticos: paddle surf, windsurf, kitesurf (zonas espec\u00edficas seg\u00fan las condiciones meteorol\u00f3gicas).<\/li>\n<li>Para las familias: playa amplia, duchas y restaurantes, dependiendo de la zona.<\/li>\n<\/ul>\n<p>[calella]<\/p>\n<div id=\"attachment_65777\" style=\"width: 1810px\" class=\"wp-caption alignnone\"><img decoding=\"async\" aria-describedby=\"caption-attachment-65777\" class=\"size-full wp-image-65777\" src=\"https:\/\/decouvrirensemble.com\/wp-content\/uploads\/2026\/04\/pals-12.jpg\" alt=\"\" width=\"1800\" height=\"1200\" srcset=\"https:\/\/decouvrirensemble.com\/wp-content\/uploads\/2026\/04\/pals-12.jpg 1800w, https:\/\/decouvrirensemble.com\/wp-content\/uploads\/2026\/04\/pals-12-300x200.jpg 300w, https:\/\/decouvrirensemble.com\/wp-content\/uploads\/2026\/04\/pals-12-1024x683.jpg 1024w, https:\/\/decouvrirensemble.com\/wp-content\/uploads\/2026\/04\/pals-12-768x512.jpg 768w, https:\/\/decouvrirensemble.com\/wp-content\/uploads\/2026\/04\/pals-12-1536x1024.jpg 1536w, https:\/\/decouvrirensemble.com\/wp-content\/uploads\/2026\/04\/pals-12-600x400.jpg 600w\" sizes=\"(max-width: 1800px) 100vw, 1800px\" \/><p id=\"caption-attachment-65777\" class=\"wp-caption-text\">Playa de Pals<\/p><\/div>\n<h3><span class=\"ez-toc-section\" id=\"6_Naturaleza_y_senderismo_Parque_Natural_del_Montgri_las_Islas_Medes_y_el_Baix_Ter\"><\/span>6. Naturaleza y senderismo: Parque Natural del Montgr\u00ed, las Islas Medes y el Baix Ter<span class=\"ez-toc-section-end\"><\/span><\/h3>\n<p>A pocos kil\u00f3metros de Pals, el <strong>Parque Natural del Montgr\u00ed<\/strong> ofrece senderos costeros, pinares perfumados y miradores con vistas al mar. La subida al <strong>castillo de Montgr\u00ed<\/strong> te recompensa con una vista de 360\u00b0 del Empord\u00e0 y la costa.<\/p>\n<ul>\n<li>Ruta recomendada: <a href=\"https:\/\/www.alltrails.com\/fr\/randonnee\/spain\/girona\/castell-del-montgri\" target=\"_blank\" rel=\"noopener\">castillo de Montgr\u00ed<\/a> (ida y vuelta: 1 h 30 min\u20132 h, desnivel moderado, poca sombra).<\/li>\n<li>Equipo: calzado cerrado, gorra, agua.<\/li>\n<\/ul>\n<div id=\"attachment_65773\" style=\"width: 1810px\" class=\"wp-caption alignnone\"><img decoding=\"async\" aria-describedby=\"caption-attachment-65773\" class=\"size-full wp-image-65773\" src=\"https:\/\/decouvrirensemble.com\/wp-content\/uploads\/2026\/04\/pals-14.jpg\" alt=\"\" width=\"1800\" height=\"1200\" srcset=\"https:\/\/decouvrirensemble.com\/wp-content\/uploads\/2026\/04\/pals-14.jpg 1800w, https:\/\/decouvrirensemble.com\/wp-content\/uploads\/2026\/04\/pals-14-300x200.jpg 300w, https:\/\/decouvrirensemble.com\/wp-content\/uploads\/2026\/04\/pals-14-1024x683.jpg 1024w, https:\/\/decouvrirensemble.com\/wp-content\/uploads\/2026\/04\/pals-14-768x512.jpg 768w, https:\/\/decouvrirensemble.com\/wp-content\/uploads\/2026\/04\/pals-14-1536x1024.jpg 1536w, https:\/\/decouvrirensemble.com\/wp-content\/uploads\/2026\/04\/pals-14-600x400.jpg 600w\" sizes=\"(max-width: 1800px) 100vw, 1800px\" \/><p id=\"caption-attachment-65773\" class=\"wp-caption-text\">Parque Natural del Montgr\u00ed<\/p><\/div>\n<h3><span class=\"ez-toc-section\" id=\"7_Excursion_por_el_mar_las_islas_Medes\"><\/span>7. Excursi\u00f3n por el mar: las islas Medes<span class=\"ez-toc-section-end\"><\/span><\/h3>\n<p>Las <strong>islas Medes<\/strong>, una reserva marina emblem\u00e1tica de la Costa Brava, se pueden descubrir en barco, haciendo snorkel o buceando desde L&#8217;Estartit. Una idea perfecta para completar un d\u00eda de playa en Pals con una experiencia 100 % marina.<\/p>\n<p>Si no tienes tiempo, tambi\u00e9n puedes contemplar las islas desde el <a href=\"https:\/\/maps.app.goo.gl\/ZdowJ2mK1cbKsdr96\" target=\"_blank\" rel=\"noopener\"><strong>Mirador del cabo de la Barra<\/strong><\/a>.<\/p>\n<ul>\n<li>Actividades: excursi\u00f3n en barco de medio d\u00eda, bautismo de buceo, snorkel.<\/li>\n<li>Es importante saberlo: zonas protegidas y fondeaderos regulados: recurre a operadores autorizados.<\/li>\n<\/ul>\n<p>&nbsp;<\/p>\n<div data-gyg-href=\"https:\/\/widget.getyourguide.com\/default\/activities.frame\" data-gyg-locale-code=\"es-ES\" data-gyg-widget=\"activities\" data-gyg-number-of-items=\"3\" data-gyg-partner-id=\"QTAK8D9\" data-gyg-tour-ids=\"714181,723041,220695\">Desarrollado por <a href=\"https:\/\/www.getyourguide.com\/l-estartit-l91403\/\" rel=\"noopener sponsored\">GetYourGuide<\/a><\/div>\n<h3><span class=\"ez-toc-section\" id=\"8_Descubrir_la_Costa_Brava_desde_Pals\"><\/span>8. Descubrir la Costa Brava desde Pals<span class=\"ez-toc-section-end\"><\/span><\/h3>\n<p>Pals es un punto de partida ideal para explorar los alrededores: las calas de aguas turquesas de <a href=\"https:\/\/decouvrirensemble.com\/es\/que-ver-en-begur\" rel=\"noopener\">Begur<\/a>, los paseos por la costa entre <a href=\"https:\/\/decouvrirensemble.com\/es\/que-ver-en-calella-de-palafrugell\" rel=\"noopener\">Calella de Palafrugell<\/a> y Llafranc, pueblos medievales como Peratallada y los paisajes salvajes hacia el cabo de Creus y <a href=\"https:\/\/decouvrirensemble.com\/es\/que-ver-en-cadaques\" rel=\"noopener\">Cadaqu\u00e9s<\/a>.<\/p>\n<p>Para planificar tu itinerario, consulta nuestras gu\u00edas detalladas de la Costa Brava.<\/p>\n<p>[costa-brava]<\/p>\n<div id=\"attachment_47941\" style=\"width: 1810px\" class=\"wp-caption alignnone\"><img decoding=\"async\" aria-describedby=\"caption-attachment-47941\" class=\"wp-image-47941 size-full\" src=\"https:\/\/decouvrirensemble.com\/wp-content\/uploads\/2021\/06\/Costa-Brava-Espagne-blog-voyage.jpg\" alt=\"Costa Brava\" width=\"1800\" height=\"1350\" srcset=\"https:\/\/decouvrirensemble.com\/wp-content\/uploads\/2021\/06\/Costa-Brava-Espagne-blog-voyage.jpg 1800w, https:\/\/decouvrirensemble.com\/wp-content\/uploads\/2021\/06\/Costa-Brava-Espagne-blog-voyage-300x225.jpg 300w, https:\/\/decouvrirensemble.com\/wp-content\/uploads\/2021\/06\/Costa-Brava-Espagne-blog-voyage-1024x768.jpg 1024w, https:\/\/decouvrirensemble.com\/wp-content\/uploads\/2021\/06\/Costa-Brava-Espagne-blog-voyage-768x576.jpg 768w, https:\/\/decouvrirensemble.com\/wp-content\/uploads\/2021\/06\/Costa-Brava-Espagne-blog-voyage-1536x1152.jpg 1536w\" sizes=\"(max-width: 1800px) 100vw, 1800px\" \/><p id=\"caption-attachment-47941\" class=\"wp-caption-text\">Costa Brava<\/p><\/div>\n<h2 id=\"ou-dormir\"><span class=\"ez-toc-section\" id=\"%C2%BFDonde_dormir_en_Pals\"><\/span>\u00bfD\u00f3nde dormir en Pals?<span class=\"ez-toc-section-end\"><\/span><\/h2>\n<p>Pasar la noche en Pals permite disfrutar de la tranquilidad una vez que se han marchado los visitantes y saborear el ambiente medieval a primera hora de la ma\u00f1ana.<\/p>\n<p>[hotels]<\/p>\n<h2 id=\"ou-manger\"><span class=\"ez-toc-section\" id=\"%C2%BFDonde_comer_en_Pals\"><\/span>\u00bfD\u00f3nde comer en Pals?<span class=\"ez-toc-section-end\"><\/span><\/h2>\n<p>Pals es un destino gastron\u00f3mico, sobre todo gracias a su arroz. Hay varios locales que ofrecen recetas locales elaboradas con productos del mar y del campo.<\/p>\n<ul>\n<li><a href=\"https:\/\/maps.app.goo.gl\/nkZTUiGMu3z7mMpy7\" target=\"_blank\" rel=\"noopener\">Restaurante El Pedr\u00f3<\/a>: Un restaurante con una ubicaci\u00f3n ideal en pleno centro del pueblo medieval de Pals. La cocina es excelente; puedes ir con los ojos cerrados.<\/li>\n<li><a href=\"https:\/\/maps.app.goo.gl\/NQKWAEbyt1tudu8i9\" target=\"_blank\" rel=\"noopener\">Malapascua<\/a>: Un restaurante de tapas muy bueno que te recomendamos si te alojas en Pals.<\/li>\n<li><a href=\"https:\/\/maps.app.goo.gl\/PCJpybAVsNgjq5Tf6\" target=\"_blank\" rel=\"noopener\">Restaurante Vicus<\/a>: cocina catalana contempor\u00e1nea, productos locales.<\/li>\n<li><a href=\"https:\/\/maps.app.goo.gl\/7MT3m6NQUs37YLcy5\" target=\"_blank\" rel=\"noopener\">Tot Ric Pals<\/a>: \u00a1empanadas reci\u00e9n hechas para llevar!<\/li>\n<\/ul>\n<h2 id=\"infos\"><span class=\"ez-toc-section\" id=\"Preguntas_frecuentes_e_informacion_practica\"><\/span>Preguntas frecuentes e informaci\u00f3n pr\u00e1ctica<span class=\"ez-toc-section-end\"><\/span><\/h2>\n<h3><span class=\"ez-toc-section\" id=\"%C2%BFComo_llegar_a_Pals\"><\/span>\u00bfC\u00f3mo llegar a Pals?<span class=\"ez-toc-section-end\"><\/span><\/h3>\n<p>Pals se encuentra a aproximadamente 1 hora y 15 minutos de <a href=\"https:\/\/decouvrirensemble.com\/es\/que-ver-en-girona-en-un-dia\">Girona<\/a> y a 1 hora y 45 minutos de <a href=\"https:\/\/decouvrirensemble.com\/es\/que-ver-en-barcelona-en-3-dias\">Barcelona<\/a>. El coche es la forma m\u00e1s sencilla de llegar al pueblo y explorar los alrededores.<\/p>\n<p>[barcelone]<\/p>\n<img decoding=\"async\" class=\"alignnone size-full wp-image-60804\" src=\"https:\/\/decouvrirensemble.com\/wp-content\/uploads\/2025\/06\/circuit-oeuvre-gaudi-barcelone.jpg\" alt=\"\" width=\"1800\" height=\"1200\" srcset=\"https:\/\/decouvrirensemble.com\/wp-content\/uploads\/2025\/06\/circuit-oeuvre-gaudi-barcelone.jpg 1800w, https:\/\/decouvrirensemble.com\/wp-content\/uploads\/2025\/06\/circuit-oeuvre-gaudi-barcelone-300x200.jpg 300w, https:\/\/decouvrirensemble.com\/wp-content\/uploads\/2025\/06\/circuit-oeuvre-gaudi-barcelone-1024x683.jpg 1024w, https:\/\/decouvrirensemble.com\/wp-content\/uploads\/2025\/06\/circuit-oeuvre-gaudi-barcelone-768x512.jpg 768w, https:\/\/decouvrirensemble.com\/wp-content\/uploads\/2025\/06\/circuit-oeuvre-gaudi-barcelone-1536x1024.jpg 1536w, https:\/\/decouvrirensemble.com\/wp-content\/uploads\/2025\/06\/circuit-oeuvre-gaudi-barcelone-600x400.jpg 600w\" sizes=\"(max-width: 1800px) 100vw, 1800px\" \/>\n<h3><span class=\"ez-toc-section\" id=\"%C2%BFCuando_ir_a_Pals\"><\/span>\u00bfCu\u00e1ndo ir a Pals?<span class=\"ez-toc-section-end\"><\/span><\/h3>\n<p>La primavera y el oto\u00f1o, por su tranquilidad y su clima templado. El verano, por su animado ambiente y la playa (hay m\u00e1s gente). El invierno sigue siendo encantador, pero algunos locales pueden cerrar.<\/p>\n<img decoding=\"async\" class=\"alignnone size-full wp-image-65781\" src=\"https:\/\/decouvrirensemble.com\/wp-content\/uploads\/2026\/04\/pals-9.jpg\" alt=\"pals espagne\" width=\"1800\" height=\"1200\" srcset=\"https:\/\/decouvrirensemble.com\/wp-content\/uploads\/2026\/04\/pals-9.jpg 1800w, https:\/\/decouvrirensemble.com\/wp-content\/uploads\/2026\/04\/pals-9-300x200.jpg 300w, https:\/\/decouvrirensemble.com\/wp-content\/uploads\/2026\/04\/pals-9-1024x683.jpg 1024w, https:\/\/decouvrirensemble.com\/wp-content\/uploads\/2026\/04\/pals-9-768x512.jpg 768w, https:\/\/decouvrirensemble.com\/wp-content\/uploads\/2026\/04\/pals-9-1536x1024.jpg 1536w, https:\/\/decouvrirensemble.com\/wp-content\/uploads\/2026\/04\/pals-9-600x400.jpg 600w\" sizes=\"(max-width: 1800px) 100vw, 1800px\" \/>\n<h3><span class=\"ez-toc-section\" id=\"%C2%BFCuanto_tiempo_hay_que_calcular\"><\/span>\u00bfCu\u00e1nto tiempo hay que calcular?<span class=\"ez-toc-section-end\"><\/span><\/h3>\n<p>Reserva medio d\u00eda para visitar el casco medieval; un d\u00eda si quieres incluir los arrozales o la playa; y dos o tres d\u00edas para hacer excursiones a Montgr\u00ed, Begur, M\u00e9des, Calella o Llafranc.<\/p>\n<img decoding=\"async\" class=\"size-full wp-image-15455 alignnone\" src=\"https:\/\/decouvrirensemble.com\/wp-content\/uploads\/2021\/05\/pals-visiter-village-medieval-espagne.jpg\" alt=\"visiter pals\" width=\"1800\" height=\"1200\" srcset=\"https:\/\/decouvrirensemble.com\/wp-content\/uploads\/2021\/05\/pals-visiter-village-medieval-espagne.jpg 1800w, https:\/\/decouvrirensemble.com\/wp-content\/uploads\/2021\/05\/pals-visiter-village-medieval-espagne-300x200.jpg 300w, https:\/\/decouvrirensemble.com\/wp-content\/uploads\/2021\/05\/pals-visiter-village-medieval-espagne-1024x683.jpg 1024w, https:\/\/decouvrirensemble.com\/wp-content\/uploads\/2021\/05\/pals-visiter-village-medieval-espagne-768x512.jpg 768w, https:\/\/decouvrirensemble.com\/wp-content\/uploads\/2021\/05\/pals-visiter-village-medieval-espagne-1536x1024.jpg 1536w\" sizes=\"(max-width: 1800px) 100vw, 1800px\" \/>\n<h3><span class=\"ez-toc-section\" id=\"%C2%BFQue_presupuesto_hay_que_prever\"><\/span>\u00bfQu\u00e9 presupuesto hay que prever?<span class=\"ez-toc-section-end\"><\/span><\/h3>\n<p>La visita al pueblo es gratuita. En cuanto al alojamiento, calcula entre 70 y 150 \u20ac por noche, dependiendo de la temporada. Para las comidas, calcula entre 20 y 30 \u20ac por persona en un buen restaurante.<\/p>\n<img decoding=\"async\" class=\"alignnone size-full wp-image-65779\" src=\"https:\/\/decouvrirensemble.com\/wp-content\/uploads\/2026\/04\/pals-10.jpg\" alt=\"pals\" width=\"1800\" height=\"1200\" srcset=\"https:\/\/decouvrirensemble.com\/wp-content\/uploads\/2026\/04\/pals-10.jpg 1800w, https:\/\/decouvrirensemble.com\/wp-content\/uploads\/2026\/04\/pals-10-300x200.jpg 300w, https:\/\/decouvrirensemble.com\/wp-content\/uploads\/2026\/04\/pals-10-1024x683.jpg 1024w, https:\/\/decouvrirensemble.com\/wp-content\/uploads\/2026\/04\/pals-10-768x512.jpg 768w, https:\/\/decouvrirensemble.com\/wp-content\/uploads\/2026\/04\/pals-10-1536x1024.jpg 1536w, https:\/\/decouvrirensemble.com\/wp-content\/uploads\/2026\/04\/pals-10-600x400.jpg 600w\" sizes=\"(max-width: 1800px) 100vw, 1800px\" \/>\n<h3><span class=\"ez-toc-section\" id=\"%C2%BFCuales_son_los_pueblos_mas_bonitos_de_los_alrededores_de_Pals\"><\/span>\u00bfCu\u00e1les son los pueblos m\u00e1s bonitos de los alrededores de Pals?<span class=\"ez-toc-section-end\"><\/span><\/h3>\n<ul>\n<li><strong><a href=\"https:\/\/decouvrirensemble.com\/es\/que-ver-en-peratallada\">Peratallada<\/a>:<\/strong> uno de los pueblos medievales m\u00e1s bonitos de Catalu\u00f1a (a 10 minutos).<\/li>\n<li><strong><a href=\"https:\/\/decouvrirensemble.com\/es\/que-ver-en-begur\" rel=\"noopener\">Begur<\/a>:<\/strong> castillo y calas (Aiguablava, Sa Tuna, Platja Fonda).<\/li>\n<li><strong><a href=\"https:\/\/decouvrirensemble.com\/es\/que-ver-en-calella-de-palafrugell\" rel=\"noopener\">Calella de Palafrugell<\/a> y Llafranc:<\/strong> pueblos costeros unidos por el <em>Cam\u00ed de Ronda<\/em>.<\/li>\n<li><strong><a href=\"https:\/\/decouvrirensemble.com\/es\/que-ver-en-cadaques\" rel=\"noopener\">Cadaqu\u00e9s<\/a>:<\/strong> una de las joyas de la Costa Brava.<\/li>\n<\/ul>\n<p>[cadaques]<\/p>\n<h3><span class=\"ez-toc-section\" id=\"%C2%BFDonde_aparcar_en_Pals\"><\/span>\u00bfD\u00f3nde aparcar en Pals?<span class=\"ez-toc-section-end\"><\/span><\/h3>\n<p>Hay aparcamientos se\u00f1alizados alrededor del centro (a menudo de pago o con plazas limitadas en verano). Es mejor llegar temprano por la ma\u00f1ana o a \u00faltima hora de la tarde para evitar las aglomeraciones.<\/p>\n<h2><span class=\"ez-toc-section\" id=\"%C2%BFMerece_la_pena_Pals\"><\/span>\u00bfMerece la pena Pals?<span class=\"ez-toc-section-end\"><\/span><\/h2>\n<p>Por supuesto. Pals re\u00fane lo mejor de la Costa Brava: un patrimonio medieval magn\u00edficamente conservado, paisajes rurales singulares y el mar a un paso.<\/p>\n<p>Nos encanta recorrer callejuelas, torres y murallas antes de dirigirnos a la playa o dar un paseo por la naturaleza. Si eliges Pals como base, podr\u00e1s acceder en un santiam\u00e9n a los lugares m\u00e1s bonitos de los alrededores (Montgr\u00ed, Begur, M\u00e9des, Calella\/Llafranc), lo que lo convierte en el destino ideal para un fin de semana largo o como parada clave en un viaje por carretera por Espa\u00f1a a lo largo de la Costa Brava.<\/p>\n<blockquote class=\"tiktok-embed\" style=\"max-width: 605px; min-width: 325px;\" cite=\"https:\/\/www.tiktok.com\/@svadore\/video\/7536789692604271927\" data-video-id=\"7536789692604271927\">\n<section><a title=\"@svadore\" href=\"https:\/\/www.tiktok.com\/@svadore?refer=embed\" rel=\"noopener\">@svadore<\/a> En lugar de ir a la abarrotada Costa Brava, ven aqu\u00ed: un pueblo medieval con restaurantes de la Gu\u00eda Michelin y las mejores tostadas francesas que jam\u00e1s hayas probado. <a title=\"travelspain\" href=\"https:\/\/www.tiktok.com\/tag\/travelspain?refer=embed\" rel=\"noopener\">#viajespan<\/a> <a title=\"costabrava\" href=\"https:\/\/www.tiktok.com\/tag\/costabrava?refer=embed\" rel=\"noopener\">#CostaBrava<\/a> <a title=\"pals\" href=\"https:\/\/www.tiktok.com\/tag\/pals?refer=embed\" rel=\"noopener\">#pals<\/a> <a title=\"palsspain\" href=\"https:\/\/www.tiktok.com\/tag\/palsspain?refer=embed\" rel=\"noopener\">#palsespa\u00f1a<\/a> <a title=\"catalonia\" href=\"https:\/\/www.tiktok.com\/tag\/catalonia?refer=embed\" rel=\"noopener\">#catalunya<\/a> <a title=\"\u266c Catalunha - Studio Pro Sound\" href=\"https:\/\/www.tiktok.com\/music\/Catalunha-7433510980589963265?refer=embed\" rel=\"noopener\">\u266c Catalunha &#8211; Studio Pro Sound<\/a><\/section>\n<\/blockquote>\n<p><script async=\"\" src=\"https:\/\/www.tiktok.com\/embed.js\"><\/script>&nbsp;<\/p>\n<p>[merci]<\/p>\n\n\n<div class=\"kk-star-ratings kksr-auto kksr-align-left kksr-valign-bottom\"\n    data-payload='{&quot;align&quot;:&quot;left&quot;,&quot;id&quot;:&quot;65805&quot;,&quot;slug&quot;:&quot;default&quot;,&quot;valign&quot;:&quot;bottom&quot;,&quot;ignore&quot;:&quot;&quot;,&quot;reference&quot;:&quot;auto&quot;,&quot;class&quot;:&quot;&quot;,&quot;count&quot;:&quot;0&quot;,&quot;legendonly&quot;:&quot;&quot;,&quot;readonly&quot;:&quot;&quot;,&quot;score&quot;:&quot;0&quot;,&quot;starsonly&quot;:&quot;&quot;,&quot;best&quot;:&quot;5&quot;,&quot;gap&quot;:&quot;4&quot;,&quot;greet&quot;:&quot;Sea el primero en valorar esta entrada de blog.&quot;,&quot;legend&quot;:&quot;0\\\/5 - (0 votos)&quot;,&quot;size&quot;:&quot;21&quot;,&quot;title&quot;:&quot;Qu\u00e9 ver en Pals, en la Costa Brava : Gu\u00eda completa&quot;,&quot;width&quot;:&quot;0&quot;,&quot;_legend&quot;:&quot;{score}\\\/{best} - ({count} {votes})&quot;,&quot;font_factor&quot;:&quot;1.25&quot;}'>\n            \n<div class=\"kksr-stars\">\n    \n<div class=\"kksr-stars-inactive\">\n            <div class=\"kksr-star\" data-star=\"1\" style=\"padding-right: 4px\">\n            \n\n<div class=\"kksr-icon\" style=\"width: 21px; height: 21px;\"><\/div>\n        <\/div>\n            <div class=\"kksr-star\" data-star=\"2\" style=\"padding-right: 4px\">\n            \n\n<div class=\"kksr-icon\" style=\"width: 21px; height: 21px;\"><\/div>\n        <\/div>\n            <div class=\"kksr-star\" data-star=\"3\" style=\"padding-right: 4px\">\n            \n\n<div class=\"kksr-icon\" style=\"width: 21px; height: 21px;\"><\/div>\n        <\/div>\n            <div class=\"kksr-star\" data-star=\"4\" style=\"padding-right: 4px\">\n            \n\n<div class=\"kksr-icon\" style=\"width: 21px; height: 21px;\"><\/div>\n        <\/div>\n            <div class=\"kksr-star\" data-star=\"5\" style=\"padding-right: 4px\">\n            \n\n<div class=\"kksr-icon\" style=\"width: 21px; height: 21px;\"><\/div>\n        <\/div>\n    <\/div>\n    \n<div class=\"kksr-stars-active\" style=\"width: 0px;\">\n            <div class=\"kksr-star\" style=\"padding-right: 4px\">\n            \n\n<div class=\"kksr-icon\" style=\"width: 21px; height: 21px;\"><\/div>\n        <\/div>\n            <div class=\"kksr-star\" style=\"padding-right: 4px\">\n            \n\n<div class=\"kksr-icon\" style=\"width: 21px; height: 21px;\"><\/div>\n        <\/div>\n            <div class=\"kksr-star\" style=\"padding-right: 4px\">\n            \n\n<div class=\"kksr-icon\" style=\"width: 21px; height: 21px;\"><\/div>\n        <\/div>\n            <div class=\"kksr-star\" style=\"padding-right: 4px\">\n            \n\n<div class=\"kksr-icon\" style=\"width: 21px; height: 21px;\"><\/div>\n        <\/div>\n            <div class=\"kksr-star\" style=\"padding-right: 4px\">\n            \n\n<div class=\"kksr-icon\" style=\"width: 21px; height: 21px;\"><\/div>\n        <\/div>\n    <\/div>\n<\/div>\n                \n\n<div class=\"kksr-legend\" style=\"font-size: 16.8px;\">\n            <span class=\"kksr-muted\">Sea el primero en valorar esta entrada de blog.<\/span>\n    <\/div>\n    <\/div>\n","protected":false},"excerpt":{"rendered":"<p>Callejuelas medievales, verdes arrozales y playas a un paso: descubre todo lo que hay que hacer en Pals y sus alrededores, en la Costa Brava.<\/p>\n","protected":false},"author":1,"featured_media":65796,"comment_status":"open","ping_status":"closed","sticky":false,"template":"","format":"standard","meta":{"_acf_changed":false,"_lmt_disableupdate":"no","_lmt_disable":"no","footnotes":""},"categories":[461,462],"tags":[],"class_list":["post-65805","post","type-post","status-publish","format-standard","has-post-thumbnail","hentry","category-espana","category-guias-de-viajes"],"acf":[],"yoast_head":"<!-- This site is optimized with the Yoast SEO plugin v27.4 - https:\/\/yoast.com\/product\/yoast-seo-wordpress\/ -->\n<title>Qu\u00e9 ver en Pals, en la Costa Brava \u2b50\ufe0f Gu\u00eda completa<\/title>\n<meta name=\"description\" content=\"Visita Pals, en la Costa Brava: entre callejuelas medievales, playas y lugares de inter\u00e9s, descubre este pueblo imprescindible de Espa\u00f1a.\" \/>\n<meta name=\"robots\" content=\"index, follow, max-snippet:-1, max-image-preview:large, max-video-preview:-1\" \/>\n<link rel=\"canonical\" href=\"https:\/\/decouvrirensemble.com\/es\/que-ver-en-pals\" \/>\n<meta property=\"og:locale\" content=\"es_ES\" \/>\n<meta property=\"og:type\" content=\"article\" \/>\n<meta property=\"og:title\" content=\"Qu\u00e9 ver en Pals, en la Costa Brava \u2b50\ufe0f Gu\u00eda completa\" \/>\n<meta property=\"og:description\" content=\"Visita Pals, en la Costa Brava: entre callejuelas medievales, playas y lugares de inter\u00e9s, descubre este pueblo imprescindible de Espa\u00f1a.\" \/>\n<meta property=\"og:url\" content=\"https:\/\/decouvrirensemble.com\/es\/que-ver-en-pals\" \/>\n<meta property=\"og:site_name\" content=\"Blog Voyage - D\u00e9couvrir Ensemble\" \/>\n<meta property=\"article:published_time\" content=\"2026-04-14T13:28:14+00:00\" \/>\n<meta property=\"article:modified_time\" content=\"2026-04-16T12:41:32+00:00\" \/>\n<meta property=\"og:image\" content=\"https:\/\/decouvrirensemble.com\/wp-content\/uploads\/2026\/04\/pals-2.jpg\" \/>\n\t<meta property=\"og:image:width\" content=\"1800\" \/>\n\t<meta property=\"og:image:height\" content=\"1200\" \/>\n\t<meta property=\"og:image:type\" content=\"image\/jpeg\" \/>\n<meta name=\"author\" content=\"Cl\u00e9mence &amp; Alexandre\" \/>\n<meta name=\"twitter:card\" content=\"summary_large_image\" \/>\n<meta name=\"twitter:creator\" content=\"@dcouvrirensmble\" \/>\n<meta name=\"twitter:site\" content=\"@dcouvrirensmble\" \/>\n<meta name=\"twitter:label1\" content=\"Escrito por\" \/>\n\t<meta name=\"twitter:data1\" content=\"Cl\u00e9mence &amp; Alexandre\" \/>\n\t<meta name=\"twitter:label2\" content=\"Tiempo de lectura\" \/>\n\t<meta name=\"twitter:data2\" content=\"9 minutos\" \/>\n<script type=\"application\/ld+json\" class=\"yoast-schema-graph\">{\"@context\":\"https:\\\/\\\/schema.org\",\"@graph\":[{\"@type\":\"Article\",\"@id\":\"https:\\\/\\\/decouvrirensemble.com\\\/es\\\/que-ver-en-pals#article\",\"isPartOf\":{\"@id\":\"https:\\\/\\\/decouvrirensemble.com\\\/es\\\/que-ver-en-pals\"},\"author\":{\"name\":\"Cl\u00e9mence &amp; Alexandre\",\"@id\":\"https:\\\/\\\/decouvrirensemble.com\\\/es#\\\/schema\\\/person\\\/a53efd44d02eb7f9ab90f96e84a9d2ba\"},\"headline\":\"Qu\u00e9 ver en Pals, en la Costa Brava : Gu\u00eda completa\",\"datePublished\":\"2026-04-14T13:28:14+00:00\",\"dateModified\":\"2026-04-16T12:41:32+00:00\",\"mainEntityOfPage\":{\"@id\":\"https:\\\/\\\/decouvrirensemble.com\\\/es\\\/que-ver-en-pals\"},\"wordCount\":1276,\"commentCount\":0,\"publisher\":{\"@id\":\"https:\\\/\\\/decouvrirensemble.com\\\/es#\\\/schema\\\/person\\\/a53efd44d02eb7f9ab90f96e84a9d2ba\"},\"image\":{\"@id\":\"https:\\\/\\\/decouvrirensemble.com\\\/es\\\/que-ver-en-pals#primaryimage\"},\"thumbnailUrl\":\"https:\\\/\\\/decouvrirensemble.com\\\/wp-content\\\/uploads\\\/2026\\\/04\\\/pals-2.jpg\",\"articleSection\":[\"Espa\u00f1a\",\"Gu\u00edas de viajes\"],\"inLanguage\":\"es\",\"potentialAction\":[{\"@type\":\"CommentAction\",\"name\":\"Comment\",\"target\":[\"https:\\\/\\\/decouvrirensemble.com\\\/es\\\/que-ver-en-pals#respond\"]}]},{\"@type\":\"WebPage\",\"@id\":\"https:\\\/\\\/decouvrirensemble.com\\\/es\\\/que-ver-en-pals\",\"url\":\"https:\\\/\\\/decouvrirensemble.com\\\/es\\\/que-ver-en-pals\",\"name\":\"Qu\u00e9 ver en Pals, en la Costa Brava \u2b50\ufe0f Gu\u00eda completa\",\"isPartOf\":{\"@id\":\"https:\\\/\\\/decouvrirensemble.com\\\/es#website\"},\"primaryImageOfPage\":{\"@id\":\"https:\\\/\\\/decouvrirensemble.com\\\/es\\\/que-ver-en-pals#primaryimage\"},\"image\":{\"@id\":\"https:\\\/\\\/decouvrirensemble.com\\\/es\\\/que-ver-en-pals#primaryimage\"},\"thumbnailUrl\":\"https:\\\/\\\/decouvrirensemble.com\\\/wp-content\\\/uploads\\\/2026\\\/04\\\/pals-2.jpg\",\"datePublished\":\"2026-04-14T13:28:14+00:00\",\"dateModified\":\"2026-04-16T12:41:32+00:00\",\"description\":\"Visita Pals, en la Costa Brava: entre callejuelas medievales, playas y lugares de inter\u00e9s, descubre este pueblo imprescindible de Espa\u00f1a.\",\"breadcrumb\":{\"@id\":\"https:\\\/\\\/decouvrirensemble.com\\\/es\\\/que-ver-en-pals#breadcrumb\"},\"inLanguage\":\"es\",\"potentialAction\":[{\"@type\":\"ReadAction\",\"target\":[\"https:\\\/\\\/decouvrirensemble.com\\\/es\\\/que-ver-en-pals\"]}]},{\"@type\":\"ImageObject\",\"inLanguage\":\"es\",\"@id\":\"https:\\\/\\\/decouvrirensemble.com\\\/es\\\/que-ver-en-pals#primaryimage\",\"url\":\"https:\\\/\\\/decouvrirensemble.com\\\/wp-content\\\/uploads\\\/2026\\\/04\\\/pals-2.jpg\",\"contentUrl\":\"https:\\\/\\\/decouvrirensemble.com\\\/wp-content\\\/uploads\\\/2026\\\/04\\\/pals-2.jpg\",\"width\":1800,\"height\":1200,\"caption\":\"Pals costa brava espagne\"},{\"@type\":\"BreadcrumbList\",\"@id\":\"https:\\\/\\\/decouvrirensemble.com\\\/es\\\/que-ver-en-pals#breadcrumb\",\"itemListElement\":[{\"@type\":\"ListItem\",\"position\":1,\"name\":\"Accueil\",\"item\":\"https:\\\/\\\/decouvrirensemble.com\\\/es\"},{\"@type\":\"ListItem\",\"position\":2,\"name\":\"Gu\u00edas de viajes\",\"item\":\"https:\\\/\\\/decouvrirensemble.com\\\/es\\\/guias-de-viajes\"},{\"@type\":\"ListItem\",\"position\":3,\"name\":\"Qu\u00e9 ver en Pals, en la Costa Brava : Gu\u00eda completa\"}]},{\"@type\":\"WebSite\",\"@id\":\"https:\\\/\\\/decouvrirensemble.com\\\/es#website\",\"url\":\"https:\\\/\\\/decouvrirensemble.com\\\/es\",\"name\":\"Blog Voyage - D\u00e9couvrir Ensemble\",\"description\":\"Le Blog Voyage de Clem et Alex\",\"publisher\":{\"@id\":\"https:\\\/\\\/decouvrirensemble.com\\\/es#\\\/schema\\\/person\\\/a53efd44d02eb7f9ab90f96e84a9d2ba\"},\"potentialAction\":[{\"@type\":\"SearchAction\",\"target\":{\"@type\":\"EntryPoint\",\"urlTemplate\":\"https:\\\/\\\/decouvrirensemble.com\\\/es?s={search_term_string}\"},\"query-input\":{\"@type\":\"PropertyValueSpecification\",\"valueRequired\":true,\"valueName\":\"search_term_string\"}}],\"inLanguage\":\"es\"},{\"@type\":[\"Person\",\"Organization\"],\"@id\":\"https:\\\/\\\/decouvrirensemble.com\\\/es#\\\/schema\\\/person\\\/a53efd44d02eb7f9ab90f96e84a9d2ba\",\"name\":\"Cl\u00e9mence &amp; Alexandre\",\"image\":{\"@type\":\"ImageObject\",\"inLanguage\":\"es\",\"@id\":\"https:\\\/\\\/decouvrirensemble.com\\\/wp-content\\\/uploads\\\/2024\\\/04\\\/logo-decouvrir-ensemble-blog-voyage.jpg\",\"url\":\"https:\\\/\\\/decouvrirensemble.com\\\/wp-content\\\/uploads\\\/2024\\\/04\\\/logo-decouvrir-ensemble-blog-voyage.jpg\",\"contentUrl\":\"https:\\\/\\\/decouvrirensemble.com\\\/wp-content\\\/uploads\\\/2024\\\/04\\\/logo-decouvrir-ensemble-blog-voyage.jpg\",\"width\":1563,\"height\":529,\"caption\":\"Cl\u00e9mence &amp; Alexandre\"},\"logo\":{\"@id\":\"https:\\\/\\\/decouvrirensemble.com\\\/wp-content\\\/uploads\\\/2024\\\/04\\\/logo-decouvrir-ensemble-blog-voyage.jpg\"},\"sameAs\":[\"https:\\\/\\\/decouvrirensemble.com\\\/\"]}]}<\/script>\n<!-- \/ Yoast SEO plugin. -->","yoast_head_json":{"title":"Qu\u00e9 ver en Pals, en la Costa Brava \u2b50\ufe0f Gu\u00eda completa","description":"Visita Pals, en la Costa Brava: entre callejuelas medievales, playas y lugares de inter\u00e9s, descubre este pueblo imprescindible de Espa\u00f1a.","robots":{"index":"index","follow":"follow","max-snippet":"max-snippet:-1","max-image-preview":"max-image-preview:large","max-video-preview":"max-video-preview:-1"},"canonical":"https:\/\/decouvrirensemble.com\/es\/que-ver-en-pals","og_locale":"es_ES","og_type":"article","og_title":"Qu\u00e9 ver en Pals, en la Costa Brava \u2b50\ufe0f Gu\u00eda completa","og_description":"Visita Pals, en la Costa Brava: entre callejuelas medievales, playas y lugares de inter\u00e9s, descubre este pueblo imprescindible de Espa\u00f1a.","og_url":"https:\/\/decouvrirensemble.com\/es\/que-ver-en-pals","og_site_name":"Blog Voyage - D\u00e9couvrir Ensemble","article_published_time":"2026-04-14T13:28:14+00:00","article_modified_time":"2026-04-16T12:41:32+00:00","og_image":[{"width":1800,"height":1200,"url":"https:\/\/decouvrirensemble.com\/wp-content\/uploads\/2026\/04\/pals-2.jpg","type":"image\/jpeg"}],"author":"Cl\u00e9mence &amp; Alexandre","twitter_card":"summary_large_image","twitter_creator":"@dcouvrirensmble","twitter_site":"@dcouvrirensmble","twitter_misc":{"Escrito por":"Cl\u00e9mence &amp; Alexandre","Tiempo de lectura":"9 minutos"},"schema":{"@context":"https:\/\/schema.org","@graph":[{"@type":"Article","@id":"https:\/\/decouvrirensemble.com\/es\/que-ver-en-pals#article","isPartOf":{"@id":"https:\/\/decouvrirensemble.com\/es\/que-ver-en-pals"},"author":{"name":"Cl\u00e9mence &amp; Alexandre","@id":"https:\/\/decouvrirensemble.com\/es#\/schema\/person\/a53efd44d02eb7f9ab90f96e84a9d2ba"},"headline":"Qu\u00e9 ver en Pals, en la Costa Brava : Gu\u00eda completa","datePublished":"2026-04-14T13:28:14+00:00","dateModified":"2026-04-16T12:41:32+00:00","mainEntityOfPage":{"@id":"https:\/\/decouvrirensemble.com\/es\/que-ver-en-pals"},"wordCount":1276,"commentCount":0,"publisher":{"@id":"https:\/\/decouvrirensemble.com\/es#\/schema\/person\/a53efd44d02eb7f9ab90f96e84a9d2ba"},"image":{"@id":"https:\/\/decouvrirensemble.com\/es\/que-ver-en-pals#primaryimage"},"thumbnailUrl":"https:\/\/decouvrirensemble.com\/wp-content\/uploads\/2026\/04\/pals-2.jpg","articleSection":["Espa\u00f1a","Gu\u00edas de viajes"],"inLanguage":"es","potentialAction":[{"@type":"CommentAction","name":"Comment","target":["https:\/\/decouvrirensemble.com\/es\/que-ver-en-pals#respond"]}]},{"@type":"WebPage","@id":"https:\/\/decouvrirensemble.com\/es\/que-ver-en-pals","url":"https:\/\/decouvrirensemble.com\/es\/que-ver-en-pals","name":"Qu\u00e9 ver en Pals, en la Costa Brava \u2b50\ufe0f Gu\u00eda completa","isPartOf":{"@id":"https:\/\/decouvrirensemble.com\/es#website"},"primaryImageOfPage":{"@id":"https:\/\/decouvrirensemble.com\/es\/que-ver-en-pals#primaryimage"},"image":{"@id":"https:\/\/decouvrirensemble.com\/es\/que-ver-en-pals#primaryimage"},"thumbnailUrl":"https:\/\/decouvrirensemble.com\/wp-content\/uploads\/2026\/04\/pals-2.jpg","datePublished":"2026-04-14T13:28:14+00:00","dateModified":"2026-04-16T12:41:32+00:00","description":"Visita Pals, en la Costa Brava: entre callejuelas medievales, playas y lugares de inter\u00e9s, descubre este pueblo imprescindible de Espa\u00f1a.","breadcrumb":{"@id":"https:\/\/decouvrirensemble.com\/es\/que-ver-en-pals#breadcrumb"},"inLanguage":"es","potentialAction":[{"@type":"ReadAction","target":["https:\/\/decouvrirensemble.com\/es\/que-ver-en-pals"]}]},{"@type":"ImageObject","inLanguage":"es","@id":"https:\/\/decouvrirensemble.com\/es\/que-ver-en-pals#primaryimage","url":"https:\/\/decouvrirensemble.com\/wp-content\/uploads\/2026\/04\/pals-2.jpg","contentUrl":"https:\/\/decouvrirensemble.com\/wp-content\/uploads\/2026\/04\/pals-2.jpg","width":1800,"height":1200,"caption":"Pals costa brava espagne"},{"@type":"BreadcrumbList","@id":"https:\/\/decouvrirensemble.com\/es\/que-ver-en-pals#breadcrumb","itemListElement":[{"@type":"ListItem","position":1,"name":"Accueil","item":"https:\/\/decouvrirensemble.com\/es"},{"@type":"ListItem","position":2,"name":"Gu\u00edas de viajes","item":"https:\/\/decouvrirensemble.com\/es\/guias-de-viajes"},{"@type":"ListItem","position":3,"name":"Qu\u00e9 ver en Pals, en la Costa Brava : Gu\u00eda completa"}]},{"@type":"WebSite","@id":"https:\/\/decouvrirensemble.com\/es#website","url":"https:\/\/decouvrirensemble.com\/es","name":"Blog Voyage - D\u00e9couvrir Ensemble","description":"Le Blog Voyage de Clem et Alex","publisher":{"@id":"https:\/\/decouvrirensemble.com\/es#\/schema\/person\/a53efd44d02eb7f9ab90f96e84a9d2ba"},"potentialAction":[{"@type":"SearchAction","target":{"@type":"EntryPoint","urlTemplate":"https:\/\/decouvrirensemble.com\/es?s={search_term_string}"},"query-input":{"@type":"PropertyValueSpecification","valueRequired":true,"valueName":"search_term_string"}}],"inLanguage":"es"},{"@type":["Person","Organization"],"@id":"https:\/\/decouvrirensemble.com\/es#\/schema\/person\/a53efd44d02eb7f9ab90f96e84a9d2ba","name":"Cl\u00e9mence &amp; Alexandre","image":{"@type":"ImageObject","inLanguage":"es","@id":"https:\/\/decouvrirensemble.com\/wp-content\/uploads\/2024\/04\/logo-decouvrir-ensemble-blog-voyage.jpg","url":"https:\/\/decouvrirensemble.com\/wp-content\/uploads\/2024\/04\/logo-decouvrir-ensemble-blog-voyage.jpg","contentUrl":"https:\/\/decouvrirensemble.com\/wp-content\/uploads\/2024\/04\/logo-decouvrir-ensemble-blog-voyage.jpg","width":1563,"height":529,"caption":"Cl\u00e9mence &amp; Alexandre"},"logo":{"@id":"https:\/\/decouvrirensemble.com\/wp-content\/uploads\/2024\/04\/logo-decouvrir-ensemble-blog-voyage.jpg"},"sameAs":["https:\/\/decouvrirensemble.com\/"]}]}},"modified_by":"Cl\u00e9mence &amp; Alexandre","_links":{"self":[{"href":"https:\/\/decouvrirensemble.com\/es\/wp-json\/wp\/v2\/posts\/65805","targetHints":{"allow":["GET"]}}],"collection":[{"href":"https:\/\/decouvrirensemble.com\/es\/wp-json\/wp\/v2\/posts"}],"about":[{"href":"https:\/\/decouvrirensemble.com\/es\/wp-json\/wp\/v2\/types\/post"}],"author":[{"embeddable":true,"href":"https:\/\/decouvrirensemble.com\/es\/wp-json\/wp\/v2\/users\/1"}],"replies":[{"embeddable":true,"href":"https:\/\/decouvrirensemble.com\/es\/wp-json\/wp\/v2\/comments?post=65805"}],"version-history":[{"count":4,"href":"https:\/\/decouvrirensemble.com\/es\/wp-json\/wp\/v2\/posts\/65805\/revisions"}],"predecessor-version":[{"id":65871,"href":"https:\/\/decouvrirensemble.com\/es\/wp-json\/wp\/v2\/posts\/65805\/revisions\/65871"}],"wp:featuredmedia":[{"embeddable":true,"href":"https:\/\/decouvrirensemble.com\/es\/wp-json\/wp\/v2\/media\/65796"}],"wp:attachment":[{"href":"https:\/\/decouvrirensemble.com\/es\/wp-json\/wp\/v2\/media?parent=65805"}],"wp:term":[{"taxonomy":"category","embeddable":true,"href":"https:\/\/decouvrirensemble.com\/es\/wp-json\/wp\/v2\/categories?post=65805"},{"taxonomy":"post_tag","embeddable":true,"href":"https:\/\/decouvrirensemble.com\/es\/wp-json\/wp\/v2\/tags?post=65805"}],"curies":[{"name":"wp","href":"https:\/\/api.w.org\/{rel}","templated":true}]}}